{"id":176046,"date":"2016-05-19T00:14:29","date_gmt":"2016-05-19T00:14:29","guid":{"rendered":"https:\/\/www.meydan.tv\/article\/qarabag-nizamlanmasinda-vyana-konstruktivliyi\/"},"modified":"2016-05-19T00:14:29","modified_gmt":"2016-05-19T00:14:29","slug":"qarabag-nizamlanmasinda-vyana-konstruktivliyi","status":"publish","type":"post","link":"https:\/\/www.meydan.tv\/az\/article\/qarabag-nizamlanmasinda-vyana-konstruktivliyi\/","title":{"rendered":"Qaraba\u011f nizamlanmas\u0131nda Vyana konstruktivliyi"},"content":{"rendered":"<figure class=\"wp-block-image size-large\">\n  <img decoding=\"async\" src=\"https:\/\/www.meydan.tv\/az\/58058\/\" alt=\"\" class=\"wp-image-58058\"\/><figcaption><\/figcaption><\/figure>\n<p>\n  <i><br \/>\n    Va\u015finqtonun may\u0131n 16-da Vyanada prezidentl\u0259rin g\u00f6r\u00fc\u015f\u00fcn\u00fcn ke\u00e7irilm\u0259si haqq\u0131nda haz\u0131rki t\u0259\u015f\u0259bb\u00fcs\u00fc, \u00e7\u0259tin ki, Erm\u0259nistan-Az\u0259rbaycan qar\u015f\u0131durmas\u0131 g\u00fcnd\u0259liyin\u0259 d\u0259yi\u015fiklikl\u0259r etsin&#8230;<br \/>\n  <\/i>\n<\/p>\n<p>\n  Az\u0259rbaycan v\u0259 Erm\u0259nistan prezidentl\u0259rinin AB\u015e, Rusiya v\u0259 Fransa xarici i\u015fl\u0259r nazirl\u0259rinin vasit\u0259\u00e7iliyi il\u0259 ke\u00e7iril\u0259n Vyana dan\u0131\u015f\u0131qlar\u0131n\u0131n yekunla\u015fmas\u0131n\u0131 iki d\u00fc\u015fm\u0259n Qafqaz \u00f6lk\u0259sinin silahl\u0131 q\u00fcvv\u0259l\u0259ri top v\u0259 yayl\u0131m at\u0259\u015fi il\u0259 qar\u015f\u0131layaraq, h\u0259r bir t\u0259r\u0259fd\u0259n bir \u0259sg\u0259ri qurban veribl\u0259r.\n<\/p>\n<p>\n  \u201cMay\u0131n 17-d\u0259 qo\u015funlar\u0131n t\u0259mas x\u0259ttind\u0259 Erm\u0259nistan\u0131n at\u0259\u015fk\u0259s rejimini pozmas\u0131 n\u0259tic\u0259sind\u0259 Az\u0259rbaycan SQ-nin h\u0259rbi qulluq\u00e7usu, \u0259sg\u0259r Natiq Tahirli h\u0259lak olub\u201d, dey\u0259 AR M\u00fcdafi\u0259 Nazirliyinin b\u0259yanat\u0131nda bildirilir. \u201cSaat 0:50 (Moskva vaxt\u0131 il\u0259 23:50) rad\u0259l\u0259rind\u0259 c\u0259nub istiqam\u0259tind\u0259 d\u00fc\u015fm\u0259nin a\u00e7d\u0131\u011f\u0131 at\u0259\u015f n\u0259tic\u0259sind\u0259 Da\u011fl\u0131q Qaraba\u011f\u0131n M\u00fcdafi\u0259 Ordusunun m\u00fcqavil\u0259 \u0259sas\u0131nda xidm\u0259t ed\u0259n h\u0259rbi qulluq\u00e7u \u00f6l\u00fcmc\u00fcl yaralan\u0131b\u201d, dey\u0259 Erm\u0259nistan MN m\u0259lumat yay\u0131b.\n<\/p>\n<p>\n  Qaraba\u011fda Az\u0259rbaycan v\u0259 Erm\u0259nistan silahl\u0131 q\u00fcvv\u0259l\u0259rinin t\u0259mas x\u0259ttind\u0259 h\u0259rbi\u00e7il\u0259rin bu reaksiyas\u0131 Vyanada at\u0259\u015fk\u0259si davam etdirm\u0259k haqq\u0131nda v\u0259dl\u0259rin\u0259 baxmayaraq, Bak\u0131da v\u0259 Yerevanda yuxar\u0131lar\u0131n AT\u018fT Minsk Qrupu h\u0259ms\u0259drl\u0259rinin yekun b\u0259yanat\u0131nda b\u0259hsi ke\u00e7\u0259n s\u00fclh dan\u0131\u015f\u0131qlar\u0131n\u0131 davam etdirm\u0259y\u0259 haz\u0131r olmad\u0131qlar\u0131 haqq\u0131nda fikir yarad\u0131r.\n<\/p>\n<p>\n  Vyanada dan\u0131\u015f\u0131qlar bazar g\u00fcn\u00fc ax\u015fam ba\u015flay\u0131b v\u0259 iki saat davam edib, ictimaiyy\u0259t\u0259 Az\u0259rbaycan v\u0259 Erm\u0259nistan liderl\u0259rinin Da\u011fl\u0131q Qaraba\u011f probleminin h\u0259rt\u0259r\u0259fli h\u0259lli haqq\u0131nda dan\u0131\u015f\u0131qlar\u0131n b\u0259rpa edilm\u0259si m\u0259qs\u0259dil\u0259 iyunda birlikd\u0259 raz\u0131la\u015fd\u0131racaqlar\u0131 yerd\u0259 dan\u0131\u015f\u0131qlar\u0131n n\u00f6vb\u0259ti raundunun ke\u00e7irilm\u0259si bar\u0259d\u0259 raz\u0131l\u0131q \u0259ld\u0259 etdikl\u0259ri \u00e7atd\u0131r\u0131l\u0131b.\n<\/p>\n<p>\n  \u018fvv\u0259lki kimi, 1994 v\u0259 1995-ci ill\u0259rin at\u0259\u015fk\u0259s haqq\u0131nda sazi\u015fl\u0259rin\u0259 riay\u0259t edilm\u0259si bu g\u00fcn d\u0259 \u0259sas m\u0259s\u0259l\u0259 olaraq qal\u0131r. \u201cZorak\u0131l\u0131\u011f\u0131n davam etdirilm\u0259si riskini azaltmaq \u00fc\u00e7\u00fcn onlar (t\u0259r\u0259fl\u0259r \u2013 red.) \u0259n q\u0131sa zamanda AT\u018fT-d\u0259 ara\u015fd\u0131rma apar\u0131lmas\u0131 mexanizmini yekunla\u015fd\u0131rmaq raz\u0131l\u0131\u011f\u0131na g\u0259libl\u0259r. Prezidentl\u0259r h\u0259m\u00e7inin AT\u018fT-in haz\u0131rki s\u0259drinin \u015f\u0259xsi n\u00fcmay\u0259nd\u0259si idar\u0259sinin m\u00f6vcud mandat\u0131n\u0131n geni\u015fl\u0259ndirilm\u0259si bar\u0259d\u0259 raz\u0131l\u0131q \u0259ld\u0259 edibl\u0259r. V\u0259 n\u0259hay\u0259t, onlar 2014-c\u00fc ilin oktyabr\u0131nda Paris sammitind\u0259 prezidentl\u0259rin q\u0259rara g\u0259ldikl\u0259ri BQXK-nin himay\u0259si alt\u0131nda itkin d\u00fc\u015fm\u00fc\u015fl\u0259r haqq\u0131nda m\u0259lumat m\u00fcbadil\u0259sini davam etdirm\u0259k bar\u0259d\u0259 raz\u0131l\u0131\u011fa g\u0259libl\u0259r.\n<\/p>\n<p>\n  Xat\u0131rlamaq olar ki, aprelin \u0259vv\u0259ll\u0259rind\u0259 lokal qanl\u0131 d\u00f6y\u00fc\u015fl\u0259rd\u0259n sonra da t\u0259r\u0259fl\u0259r h\u0259ms\u0259dr \u00f6lk\u0259l\u0259rin vasit\u0259\u00e7iliyi il\u0259 at\u0259\u015fk\u0259s\u0259 sadiq olduqlar\u0131n\u0131 b\u0259yan edirdil\u0259r, amma h\u0259r iki t\u0259r\u0259fin yayd\u0131\u011f\u0131 m\u0259lumatlar at\u0259\u015fk\u0259s rejimin\u0259 bir d\u0259f\u0259 d\u0259 olsun riay\u0259t olunmad\u0131\u011f\u0131n\u0131 g\u00f6st\u0259rir. Odur ki, iyun g\u00f6r\u00fc\u015f\u00fcn\u0259 q\u0259d\u0259r \u2013 bel\u0259 g\u00f6r\u00fc\u015f\u00a0ke\u00e7iril\u0259rs\u0259 &#8211; at\u0259\u015fk\u0259s rejimin\u0259, \u00e7\u0259tin ki, riay\u0259t olunsun.\n<\/p>\n<p>\n  \u0130yun g\u00f6r\u00fc\u015f\u00fcn\u00fcn \u00f6z\u00fcn\u0259 g\u0259linc\u0259, onun ideyalar\u0131n\u0131n h\u0259yata ke\u00e7irilm\u0259si \u015f\u00fcbh\u0259li olaraq qal\u0131r, bel\u0259 ki, 31 mart-16 may tarixl\u0259ri aras\u0131nda t\u0259r\u0259fl\u0259rin b\u0259yanatlar\u0131 h\u0259l\u0259ki Qaraba\u011f nizamlanmas\u0131n\u0131n h\u0259rbi kartlar\u0131 il\u0259 oynayan strateql\u0259rin a\u011fl\u0131nda s\u00fclh prosesinin yeti\u015fdiyinin \u0259lam\u0259tini bel\u0259 g\u00f6st\u0259rmir. Qaraba\u011fda f\u0259al h\u0259rbi \u0259m\u0259liyyatlar\u0131n prezidentl\u0259r \u018fliyev v\u0259 Sarkisyan\u0131n Va\u015finqton s\u0259f\u0259rind\u0259n v\u0259 orada da at\u0259\u015fk\u0259s rejimin\u0259 riay\u0259t olunmas\u0131 haqq\u0131nda 1994-c\u00fc il sazi\u015fin\u0259 riay\u0259t olunmas\u0131 haqq\u0131nda v\u0259dl\u0259r verm\u0259sind\u0259n d\u0259rhal sonra ba\u015flamas\u0131 da iyunda s\u00fclh g\u00f6r\u00fc\u015f\u00fc il\u0259 ba\u011fl\u0131 \u00fcmidl\u0259rin z\u0259if oldu\u011funu g\u00f6st\u0259rir.\n<\/p>\n<p>\n  Va\u015finqtonun may\u0131n 16-da Vyanada prezidentl\u0259rin g\u00f6r\u00fc\u015f\u00fcn\u00fcn ke\u00e7irilm\u0259si haqq\u0131nda haz\u0131rki t\u0259\u015f\u0259bb\u00fcs\u00fc, \u00e7\u0259tin ki, Erm\u0259nistan-Az\u0259rbaycan qar\u015f\u0131durmas\u0131 g\u00fcnd\u0259liyin\u0259 d\u0259yi\u015fiklikl\u0259r etsin, \u0259sas\u0259n ona g\u00f6r\u0259 ki, d\u00fc\u015fm\u0259n t\u0259r\u0259fl\u0259r g\u00f6r\u00fc\u015fd\u0259 yana\u015fmalar\u0131 yax\u0131nla\u015fd\u0131ra bilm\u0259yibl\u0259r. Az\u0259rbaycan\u0131n q\u0131sam\u00fcdd\u0259tli aprel q\u0259l\u0259b\u0259si il\u0259 \u0259laq\u0259dar g\u00fccl\u0259n\u0259n yana\u015fmas\u0131 m\u00fc\u0259yy\u0259n d\u0259r\u0259c\u0259d\u0259 ayd\u0131nd\u0131r \u2013 Da\u011fl\u0131q Qaraba\u011fa y\u00fcks\u0259k muxtariyy\u0259t statusu m\u00fcqabilind\u0259 s\u00fclh. Hans\u0131 d\u0259yi\u015fiklikl\u0259r\u0259 m\u0259ruz qald\u0131\u011f\u0131 \u00e7ox da ayd\u0131n olmayan Erm\u0259nistan versiyas\u0131 &#8211; Qaraba\u011f erm\u0259nil\u0259rinin m\u00fcst\u0259qilliyi m\u00fcqabilind\u0259 s\u00fclh. Amma Serj Sarkisyan g\u00f6r\u00fc\u015fd\u0259n sonra deyib ki, o v\u0259 h\u0259mkarlar\u0131 n\u0259tic\u0259l\u0259rd\u0259n m\u0259mnundurlar v\u0259 m\u00fcnaqi\u015f\u0259nin h\u0259rbi yolla h\u0259llind\u0259n daha \u00e7ox s\u00fclh yolu il\u0259 h\u0259llini h\u0259d\u0259f\u0259 al\u0131blar.\n<\/p>\n<p>\n  \u201cBiz konstruktiv t\u0259klif etdik. S\u00f6hb\u0259t AT\u018fT Minsk Qrupu h\u0259ms\u0259drl\u0259rinin at\u0259\u015fk\u0259s rejiminin qorunub saxlanmas\u0131 istiqam\u0259tind\u0259 monitorinqinin t\u0259sdiq edilm\u0259sind\u0259n getdiyi \u00fc\u00e7\u00fcn biz t\u0259klif etdik ki, monitorinq bizim g\u00f6r\u00fc\u015f\u00fcm\u00fcz\u0259 q\u0259d\u0259r t\u0259sdiq edilsin. Bu, t\u0259r\u0259fl\u0259rin n\u00fcmayi\u015f etdirdiyi konstruktiv yana\u015fma olacaq\u201d, dey\u0259 Sarkisyan bildirib.\n<\/p>\n<p>\n  Aprelin \u0259vv\u0259ll\u0259rind\u0259 Az\u0259rbaycan ordusunun sars\u0131d\u0131c\u0131 \u0259ks h\u00fccumundan sonra Erm\u0259nistan siyasi dair\u0259l\u0259rind\u0259 v\u0259 diasporas\u0131nda ged\u0259n intensiv m\u0259sl\u0259h\u0259tl\u0259\u015fm\u0259l\u0259rl\u0259 \u0259laq\u0259dar prezident Sarkisyan ba\u015fqa \u201ckonstruktiv t\u0259klif\u201d d\u0259 ver\u0259 bil\u0259rdi. Bu, \u0259srin \u0259vv\u0259ll\u0259rind\u0259n etibar\u0259n Qaraba\u011f m\u00f6vzusunda Erm\u0259nistandaxili ilk m\u0259sl\u0259h\u0259tl\u0259\u015fm\u0259l\u0259r idi. Amma g\u00f6r\u00fcn\u00fcr, onlar \u018fliyev\u0259 \u00e7ox da toxunmay\u0131b. May\u0131n 17-d\u0259 g\u00fcnorta Az\u0259rbaycan prezidenti h\u0259l\u0259 d\u0259 dan\u0131\u015f\u0131qlar\u0131n n\u0259tic\u0259l\u0259rin\u0259 m\u00fcnasib\u0259tini bildirm\u0259yib. Bu is\u0259 o dem\u0259k ola bil\u0259r ki, o, Sarkisyan\u0131n t\u0259\u015f\u0259bb\u00fcsl\u0259ri il\u0259 ba\u011fl\u0131 \u015f\u00fcbh\u0259 i\u00e7ind\u0259dir v\u0259 Va\u015finqtonun iki vasit\u0259\u00e7ilik s\u0259yi aras\u0131ndak\u0131 m\u00fcdd\u0259td\u0259 \u0259ld\u0259 etdiyi strateji t\u0259\u015f\u0259bb\u00fcs\u00fc \u0259ld\u0259n verm\u0259k niyy\u0259tind\u0259 deyil.<\/p>\n","protected":false},"excerpt":{"rendered":"<p>Va\u015finqtonun may\u0131n 16-da Vyanada prezidentl\u0259rin g\u00f6r\u00fc\u015f\u00fcn\u00fcn ke\u00e7irilm\u0259si haqq\u0131nda haz\u0131rki t\u0259\u015f\u0259bb\u00fcs\u00fc, \u00e7\u0259tin ki, Erm\u0259nistan-Az\u0259rbaycan qar\u015f\u0131durmas\u0131 g\u00fcnd\u0259liyin\u0259 d\u0259yi\u015fiklikl\u0259r etsin&#8230;<\/p>\n","protected":false},"author":11,"featured_media":58058,"comment_status":"closed","ping_status":"open","sticky":false,"template":"","format":"standard","meta":{"_acf_changed":false,"_sitemap_exclude":false,"_sitemap_priority":"","_sitemap_frequency":"","footnotes":""},"categories":[51],"tags":[],"class_list":["post-176046","post","type-post","status-publish","format-standard","has-post-thumbnail","hentry","category-analitika","infinite-scroll-item","generate-columns","tablet-grid-50","mobile-grid-100","grid-parent","grid-33","no-featured-image-padding"],"acf":[],"yoast_head":"<!-- This site is optimized with the Yoast SEO plugin v27.5 - https:\/\/yoast.com\/product\/yoast-seo-wordpress\/ -->\n<title>Qaraba\u011f nizamlanmas\u0131nda Vyana konstruktivliyi - MEYDAN.TV<\/title>\n<meta name=\"robots\" content=\"index, follow, max-snippet:-1, max-image-preview:large, max-video-preview:-1\" \/>\n<link rel=\"canonical\" href=\"https:\/\/www.meydan.tv\/az\/article\/qarabag-nizamlanmasinda-vyana-konstruktivliyi\/\" \/>\n<meta property=\"og:locale\" content=\"az_AZ\" \/>\n<meta property=\"og:type\" content=\"article\" \/>\n<meta property=\"og:title\" content=\"Qaraba\u011f nizamlanmas\u0131nda Vyana konstruktivliyi - MEYDAN.TV\" \/>\n<meta property=\"og:description\" content=\"Va\u015finqtonun may\u0131n 16-da Vyanada prezidentl\u0259rin g\u00f6r\u00fc\u015f\u00fcn\u00fcn ke\u00e7irilm\u0259si haqq\u0131nda haz\u0131rki t\u0259\u015f\u0259bb\u00fcs\u00fc, \u00e7\u0259tin ki, Erm\u0259nistan-Az\u0259rbaycan qar\u015f\u0131durmas\u0131 g\u00fcnd\u0259liyin\u0259 d\u0259yi\u015fiklikl\u0259r etsin...\" \/>\n<meta property=\"og:url\" content=\"https:\/\/www.meydan.tv\/az\/article\/qarabag-nizamlanmasinda-vyana-konstruktivliyi\/\" \/>\n<meta property=\"og:site_name\" content=\"MEYDAN.TV\" \/>\n<meta property=\"article:published_time\" content=\"2016-05-19T00:14:29+00:00\" \/>\n<meta property=\"og:image\" content=\"https:\/\/www.meydan.tv\/wp-content\/uploads\/22003.jpg\" \/>\n\t<meta property=\"og:image:width\" content=\"768\" \/>\n\t<meta property=\"og:image:height\" content=\"432\" \/>\n\t<meta property=\"og:image:type\" content=\"image\/jpeg\" \/>\n<meta name=\"author\" content=\"user-manager\" \/>\n<meta name=\"twitter:card\" content=\"summary_large_image\" \/>\n<script type=\"application\/ld+json\" class=\"yoast-schema-graph\">{\"@context\":\"https:\\\/\\\/schema.org\",\"@graph\":[{\"@type\":\"Article\",\"@id\":\"https:\\\/\\\/www.meydan.tv\\\/az\\\/article\\\/qarabag-nizamlanmasinda-vyana-konstruktivliyi\\\/#article\",\"isPartOf\":{\"@id\":\"https:\\\/\\\/www.meydan.tv\\\/az\\\/article\\\/qarabag-nizamlanmasinda-vyana-konstruktivliyi\\\/\"},\"author\":{\"name\":\"user-manager\",\"@id\":\"https:\\\/\\\/www.meydan.tv\\\/az\\\/#\\\/schema\\\/person\\\/10d11eccf6da3662cf5fdab9806ea91a\"},\"headline\":\"Qaraba\u011f nizamlanmas\u0131nda Vyana konstruktivliyi\",\"datePublished\":\"2016-05-19T00:14:29+00:00\",\"mainEntityOfPage\":{\"@id\":\"https:\\\/\\\/www.meydan.tv\\\/az\\\/article\\\/qarabag-nizamlanmasinda-vyana-konstruktivliyi\\\/\"},\"wordCount\":1125,\"publisher\":{\"@id\":\"https:\\\/\\\/www.meydan.tv\\\/az\\\/#organization\"},\"image\":{\"@id\":\"https:\\\/\\\/www.meydan.tv\\\/az\\\/article\\\/qarabag-nizamlanmasinda-vyana-konstruktivliyi\\\/#primaryimage\"},\"thumbnailUrl\":\"https:\\\/\\\/www.meydan.tv\\\/wp-content\\\/uploads\\\/22003.jpg\",\"articleSection\":[\"Analitika\"],\"inLanguage\":\"az\"},{\"@type\":\"WebPage\",\"@id\":\"https:\\\/\\\/www.meydan.tv\\\/az\\\/article\\\/qarabag-nizamlanmasinda-vyana-konstruktivliyi\\\/\",\"url\":\"https:\\\/\\\/www.meydan.tv\\\/az\\\/article\\\/qarabag-nizamlanmasinda-vyana-konstruktivliyi\\\/\",\"name\":\"Qaraba\u011f nizamlanmas\u0131nda Vyana konstruktivliyi - MEYDAN.TV\",\"isPartOf\":{\"@id\":\"https:\\\/\\\/www.meydan.tv\\\/az\\\/#website\"},\"primaryImageOfPage\":{\"@id\":\"https:\\\/\\\/www.meydan.tv\\\/az\\\/article\\\/qarabag-nizamlanmasinda-vyana-konstruktivliyi\\\/#primaryimage\"},\"image\":{\"@id\":\"https:\\\/\\\/www.meydan.tv\\\/az\\\/article\\\/qarabag-nizamlanmasinda-vyana-konstruktivliyi\\\/#primaryimage\"},\"thumbnailUrl\":\"https:\\\/\\\/www.meydan.tv\\\/wp-content\\\/uploads\\\/22003.jpg\",\"datePublished\":\"2016-05-19T00:14:29+00:00\",\"breadcrumb\":{\"@id\":\"https:\\\/\\\/www.meydan.tv\\\/az\\\/article\\\/qarabag-nizamlanmasinda-vyana-konstruktivliyi\\\/#breadcrumb\"},\"inLanguage\":\"az\",\"potentialAction\":[{\"@type\":\"ReadAction\",\"target\":[\"https:\\\/\\\/www.meydan.tv\\\/az\\\/article\\\/qarabag-nizamlanmasinda-vyana-konstruktivliyi\\\/\"]}]},{\"@type\":\"ImageObject\",\"inLanguage\":\"az\",\"@id\":\"https:\\\/\\\/www.meydan.tv\\\/az\\\/article\\\/qarabag-nizamlanmasinda-vyana-konstruktivliyi\\\/#primaryimage\",\"url\":\"https:\\\/\\\/www.meydan.tv\\\/wp-content\\\/uploads\\\/22003.jpg\",\"contentUrl\":\"https:\\\/\\\/www.meydan.tv\\\/wp-content\\\/uploads\\\/22003.jpg\",\"width\":768,\"height\":432,\"caption\":\"Source:\"},{\"@type\":\"BreadcrumbList\",\"@id\":\"https:\\\/\\\/www.meydan.tv\\\/az\\\/article\\\/qarabag-nizamlanmasinda-vyana-konstruktivliyi\\\/#breadcrumb\",\"itemListElement\":[{\"@type\":\"ListItem\",\"position\":1,\"name\":\"Ana s\u0259hif\u0259\",\"item\":\"https:\\\/\\\/www.meydan.tv\\\/az\\\/\"},{\"@type\":\"ListItem\",\"position\":2,\"name\":\"Analitika\",\"item\":\"https:\\\/\\\/www.meydan.tv\\\/az\\\/section\\\/analitika\\\/\"},{\"@type\":\"ListItem\",\"position\":3,\"name\":\"Qaraba\u011f nizamlanmas\u0131nda Vyana konstruktivliyi\"}]},{\"@type\":\"WebSite\",\"@id\":\"https:\\\/\\\/www.meydan.tv\\\/az\\\/#website\",\"url\":\"https:\\\/\\\/www.meydan.tv\\\/az\\\/\",\"name\":\"MEYDAN.TV\",\"description\":\"Meydan TV Az\u0259rbaycan\u0131n media m\u0259kan\u0131ndak\u0131 alternativ s\u0259sidir\",\"publisher\":{\"@id\":\"https:\\\/\\\/www.meydan.tv\\\/az\\\/#organization\"},\"potentialAction\":[{\"@type\":\"SearchAction\",\"target\":{\"@type\":\"EntryPoint\",\"urlTemplate\":\"https:\\\/\\\/www.meydan.tv\\\/az\\\/?s={search_term_string}\"},\"query-input\":{\"@type\":\"PropertyValueSpecification\",\"valueRequired\":true,\"valueName\":\"search_term_string\"}}],\"inLanguage\":\"az\"},{\"@type\":\"Organization\",\"@id\":\"https:\\\/\\\/www.meydan.tv\\\/az\\\/#organization\",\"name\":\"Meydan TV\",\"url\":\"https:\\\/\\\/www.meydan.tv\\\/az\\\/\",\"logo\":{\"@type\":\"ImageObject\",\"inLanguage\":\"az\",\"@id\":\"https:\\\/\\\/www.meydan.tv\\\/az\\\/#\\\/schema\\\/logo\\\/image\\\/\",\"url\":\"https:\\\/\\\/www.meydan.tv\\\/wp-content\\\/uploads\\\/2021\\\/07\\\/meydan-logo.svg\",\"contentUrl\":\"https:\\\/\\\/www.meydan.tv\\\/wp-content\\\/uploads\\\/2021\\\/07\\\/meydan-logo.svg\",\"width\":195,\"height\":46,\"caption\":\"Meydan TV\"},\"image\":{\"@id\":\"https:\\\/\\\/www.meydan.tv\\\/az\\\/#\\\/schema\\\/logo\\\/image\\\/\"}},{\"@type\":\"Person\",\"@id\":\"https:\\\/\\\/www.meydan.tv\\\/az\\\/#\\\/schema\\\/person\\\/10d11eccf6da3662cf5fdab9806ea91a\",\"name\":\"user-manager\"}]}<\/script>\n<!-- \/ Yoast SEO plugin. -->","yoast_head_json":{"title":"Qaraba\u011f nizamlanmas\u0131nda Vyana konstruktivliyi - MEYDAN.TV","robots":{"index":"index","follow":"follow","max-snippet":"max-snippet:-1","max-image-preview":"max-image-preview:large","max-video-preview":"max-video-preview:-1"},"canonical":"https:\/\/www.meydan.tv\/az\/article\/qarabag-nizamlanmasinda-vyana-konstruktivliyi\/","og_locale":"az_AZ","og_type":"article","og_title":"Qaraba\u011f nizamlanmas\u0131nda Vyana konstruktivliyi - MEYDAN.TV","og_description":"Va\u015finqtonun may\u0131n 16-da Vyanada prezidentl\u0259rin g\u00f6r\u00fc\u015f\u00fcn\u00fcn ke\u00e7irilm\u0259si haqq\u0131nda haz\u0131rki t\u0259\u015f\u0259bb\u00fcs\u00fc, \u00e7\u0259tin ki, Erm\u0259nistan-Az\u0259rbaycan qar\u015f\u0131durmas\u0131 g\u00fcnd\u0259liyin\u0259 d\u0259yi\u015fiklikl\u0259r etsin...","og_url":"https:\/\/www.meydan.tv\/az\/article\/qarabag-nizamlanmasinda-vyana-konstruktivliyi\/","og_site_name":"MEYDAN.TV","article_published_time":"2016-05-19T00:14:29+00:00","og_image":[{"width":768,"height":432,"url":"https:\/\/www.meydan.tv\/wp-content\/uploads\/22003.jpg","type":"image\/jpeg"}],"author":"user-manager","twitter_card":"summary_large_image","schema":{"@context":"https:\/\/schema.org","@graph":[{"@type":"Article","@id":"https:\/\/www.meydan.tv\/az\/article\/qarabag-nizamlanmasinda-vyana-konstruktivliyi\/#article","isPartOf":{"@id":"https:\/\/www.meydan.tv\/az\/article\/qarabag-nizamlanmasinda-vyana-konstruktivliyi\/"},"author":{"name":"user-manager","@id":"https:\/\/www.meydan.tv\/az\/#\/schema\/person\/10d11eccf6da3662cf5fdab9806ea91a"},"headline":"Qaraba\u011f nizamlanmas\u0131nda Vyana konstruktivliyi","datePublished":"2016-05-19T00:14:29+00:00","mainEntityOfPage":{"@id":"https:\/\/www.meydan.tv\/az\/article\/qarabag-nizamlanmasinda-vyana-konstruktivliyi\/"},"wordCount":1125,"publisher":{"@id":"https:\/\/www.meydan.tv\/az\/#organization"},"image":{"@id":"https:\/\/www.meydan.tv\/az\/article\/qarabag-nizamlanmasinda-vyana-konstruktivliyi\/#primaryimage"},"thumbnailUrl":"https:\/\/www.meydan.tv\/wp-content\/uploads\/22003.jpg","articleSection":["Analitika"],"inLanguage":"az"},{"@type":"WebPage","@id":"https:\/\/www.meydan.tv\/az\/article\/qarabag-nizamlanmasinda-vyana-konstruktivliyi\/","url":"https:\/\/www.meydan.tv\/az\/article\/qarabag-nizamlanmasinda-vyana-konstruktivliyi\/","name":"Qaraba\u011f nizamlanmas\u0131nda Vyana konstruktivliyi - MEYDAN.TV","isPartOf":{"@id":"https:\/\/www.meydan.tv\/az\/#website"},"primaryImageOfPage":{"@id":"https:\/\/www.meydan.tv\/az\/article\/qarabag-nizamlanmasinda-vyana-konstruktivliyi\/#primaryimage"},"image":{"@id":"https:\/\/www.meydan.tv\/az\/article\/qarabag-nizamlanmasinda-vyana-konstruktivliyi\/#primaryimage"},"thumbnailUrl":"https:\/\/www.meydan.tv\/wp-content\/uploads\/22003.jpg","datePublished":"2016-05-19T00:14:29+00:00","breadcrumb":{"@id":"https:\/\/www.meydan.tv\/az\/article\/qarabag-nizamlanmasinda-vyana-konstruktivliyi\/#breadcrumb"},"inLanguage":"az","potentialAction":[{"@type":"ReadAction","target":["https:\/\/www.meydan.tv\/az\/article\/qarabag-nizamlanmasinda-vyana-konstruktivliyi\/"]}]},{"@type":"ImageObject","inLanguage":"az","@id":"https:\/\/www.meydan.tv\/az\/article\/qarabag-nizamlanmasinda-vyana-konstruktivliyi\/#primaryimage","url":"https:\/\/www.meydan.tv\/wp-content\/uploads\/22003.jpg","contentUrl":"https:\/\/www.meydan.tv\/wp-content\/uploads\/22003.jpg","width":768,"height":432,"caption":"Source:"},{"@type":"BreadcrumbList","@id":"https:\/\/www.meydan.tv\/az\/article\/qarabag-nizamlanmasinda-vyana-konstruktivliyi\/#breadcrumb","itemListElement":[{"@type":"ListItem","position":1,"name":"Ana s\u0259hif\u0259","item":"https:\/\/www.meydan.tv\/az\/"},{"@type":"ListItem","position":2,"name":"Analitika","item":"https:\/\/www.meydan.tv\/az\/section\/analitika\/"},{"@type":"ListItem","position":3,"name":"Qaraba\u011f nizamlanmas\u0131nda Vyana konstruktivliyi"}]},{"@type":"WebSite","@id":"https:\/\/www.meydan.tv\/az\/#website","url":"https:\/\/www.meydan.tv\/az\/","name":"MEYDAN.TV","description":"Meydan TV Az\u0259rbaycan\u0131n media m\u0259kan\u0131ndak\u0131 alternativ s\u0259sidir","publisher":{"@id":"https:\/\/www.meydan.tv\/az\/#organization"},"potentialAction":[{"@type":"SearchAction","target":{"@type":"EntryPoint","urlTemplate":"https:\/\/www.meydan.tv\/az\/?s={search_term_string}"},"query-input":{"@type":"PropertyValueSpecification","valueRequired":true,"valueName":"search_term_string"}}],"inLanguage":"az"},{"@type":"Organization","@id":"https:\/\/www.meydan.tv\/az\/#organization","name":"Meydan TV","url":"https:\/\/www.meydan.tv\/az\/","logo":{"@type":"ImageObject","inLanguage":"az","@id":"https:\/\/www.meydan.tv\/az\/#\/schema\/logo\/image\/","url":"https:\/\/www.meydan.tv\/wp-content\/uploads\/2021\/07\/meydan-logo.svg","contentUrl":"https:\/\/www.meydan.tv\/wp-content\/uploads\/2021\/07\/meydan-logo.svg","width":195,"height":46,"caption":"Meydan TV"},"image":{"@id":"https:\/\/www.meydan.tv\/az\/#\/schema\/logo\/image\/"}},{"@type":"Person","@id":"https:\/\/www.meydan.tv\/az\/#\/schema\/person\/10d11eccf6da3662cf5fdab9806ea91a","name":"user-manager"}]}},"_links":{"self":[{"href":"https:\/\/www.meydan.tv\/az\/wp-json\/wp\/v2\/posts\/176046","targetHints":{"allow":["GET"]}}],"collection":[{"href":"https:\/\/www.meydan.tv\/az\/wp-json\/wp\/v2\/posts"}],"about":[{"href":"https:\/\/www.meydan.tv\/az\/wp-json\/wp\/v2\/types\/post"}],"author":[{"embeddable":true,"href":"https:\/\/www.meydan.tv\/az\/wp-json\/wp\/v2\/users\/11"}],"replies":[{"embeddable":true,"href":"https:\/\/www.meydan.tv\/az\/wp-json\/wp\/v2\/comments?post=176046"}],"version-history":[{"count":0,"href":"https:\/\/www.meydan.tv\/az\/wp-json\/wp\/v2\/posts\/176046\/revisions"}],"wp:featuredmedia":[{"embeddable":true,"href":"https:\/\/www.meydan.tv\/az\/wp-json\/wp\/v2\/media\/58058"}],"wp:attachment":[{"href":"https:\/\/www.meydan.tv\/az\/wp-json\/wp\/v2\/media?parent=176046"}],"wp:term":[{"taxonomy":"category","embeddable":true,"href":"https:\/\/www.meydan.tv\/az\/wp-json\/wp\/v2\/categories?post=176046"},{"taxonomy":"post_tag","embeddable":true,"href":"https:\/\/www.meydan.tv\/az\/wp-json\/wp\/v2\/tags?post=176046"}],"curies":[{"name":"wp","href":"https:\/\/api.w.org\/{rel}","templated":true}]}}