{"id":176033,"date":"2016-05-18T17:23:41","date_gmt":"2016-05-18T17:23:41","guid":{"rendered":"https:\/\/www.meydan.tv\/article\/o-boyda-isgenceden-sonra-qalxan-eller\/"},"modified":"2016-05-18T17:23:41","modified_gmt":"2016-05-18T17:23:41","slug":"o-boyda-isgenceden-sonra-qalxan-eller","status":"publish","type":"post","link":"https:\/\/www.meydan.tv\/az\/article\/o-boyda-isgenceden-sonra-qalxan-eller\/","title":{"rendered":"&#8221;O boyda i\u015fg\u0259nc\u0259d\u0259n sonra qalxan \u0259ll\u0259r\u2026&#8221;"},"content":{"rendered":"<figure class=\"wp-block-image size-large\">\n  <img decoding=\"async\" src=\"https:\/\/www.meydan.tv\/az\/sahveled-cobanoglu-3\/\" alt=\"\u015eahv\u0259l\u0259d \u00c7obano\u011flu\" class=\"wp-image-58025\"\/><figcaption>\n    \u015eahv\u0259l\u0259d \u00c7obano\u011flu<br \/>\n  <\/figcaption><\/figure>\n<p>\n  \u201cD\u0259h\u015f\u0259tli olan bilirsinizmi n\u0259dir? O boyda i\u015fg\u0259nc\u0259d\u0259n sonra qalxan bu \u0259ll\u0259r, bu \u0259ll\u0259ri qald\u0131ran \u00fcr\u0259k\u2026 Bu iqtidar\u0131 d\u0259li ed\u0259n d\u0259 \u00fcr\u0259yi \u00f6z\u00fc boyda olan bu adamlard\u0131r\u201d. Yenic\u0259 h\u0259bsd\u0259n \u00e7\u0131xm\u0131\u015f vicdan m\u0259hbusu d\u0259y\u0259rli R\u0259\u015fad\u0259t Axundov bu s\u00f6zl\u0259ri Bayram M\u0259mm\u0259dov haqda s\u00f6yl\u0259yib. Bayram\u0131n polis idar\u0259sind\u0259 d\u0259h\u015f\u0259tli i\u015fg\u0259nc\u0259l\u0259r\u0259 m\u0259ruz qalmas\u0131 bar\u0259d\u0259 v\u0259kilin\u0259 \u00e7atd\u0131ra bildiyi m\u00fcraci\u0259td\u0259n sonra\u2026\n<\/p>\n<p>\n  <b><br \/>\n    O \u0259ll\u0259r r\u0259mzdir art\u0131q!<br \/>\n  <\/b>\n<\/p>\n<p>\n  Bayrama qar\u015f\u0131 edil\u0259nl\u0259ri m\u0259n\u0259vi kriteriya il\u0259 \u015f\u0259rh etm\u0259k azd\u0131r \u2013 bu, el\u0259 bir cinay\u0259tdir ki, onu ed\u0259nl\u0259r g\u0259l\u0259c\u0259kd\u0259 \u0259dal\u0259t m\u0259hk\u0259m\u0259si qar\u015f\u0131s\u0131nda durub cavab ver\u0259c\u0259kl\u0259r. H\u0259m d\u0259 bir v\u0259t\u0259nda\u015fa g\u00f6r\u0259 etdikl\u0259ri amans\u0131zl\u0131\u011fa g\u00f6r\u0259 yox. Xalqa qar\u015f\u0131 edil\u0259n su\u00e7lara qar\u015f\u0131. \u00c7\u00fcnki o i\u015fg\u0259nc\u0259l\u0259r t\u0259kc\u0259 Bayrama qar\u015f\u0131 t\u00f6r\u0259dil\u0259n cinay\u0259t deyil, bir xalq\u0131n mal\u0131na v\u0259 can\u0131na, indisin\u0259 v\u0259 g\u0259l\u0259c\u0259yin\u0259 olan q\u0259sdin \u015f\u0259rikliyidir. Ola bilsin kiml\u0259rs\u0259 \u00fcmid edir ki, bu g\u00fcn el\u0259dikl\u0259rin\u0259 g\u00f6r\u0259 yaln\u0131z \u0259mr ver\u0259nl\u0259r cavab ver\u0259c\u0259kl\u0259r, yan\u0131l\u0131rlar. Ikinci D\u00fcnya m\u00fcharib\u0259sind\u0259n sonra SS-\u0259 qulluq etmi\u015f b\u0259\u015f\u0259ri canil\u0259rin \u00e7oxu iddia edirdi ki, onlar sad\u0259c\u0259 \u0259mrl\u0259ri yerin\u0259 yetiribl\u0259r, g\u00fcnahs\u0131zd\u0131rlar. Amma m\u0259hk\u0259m\u0259 ayr\u0131ca q\u0259rar verdi: qanunsuz \u0259mrl\u0259ri yerin\u0259 yetirm\u0259k d\u0259 qanunsuz \u0259m\u0259ldir.\n<\/p>\n<figure class=\"wp-block-image size-large\">\n  <img decoding=\"async\" src=\"https:\/\/www.meydan.tv\/az\/58046\/\" alt=\"\" class=\"wp-image-58046\"\/><figcaption><\/figcaption><\/figure>\n<p>\n  <b><br \/>\n    Bayram\u0131n m\u0259ktubundan sonra h\u0259r k\u0259si i\u015fg\u0259nc\u0259nin s\u0259rtliyi, amans\u0131zl\u0131\u011f\u0131 t\u0259\u0259cc\u00fcbl\u0259ndirir: bu amans\u0131zl\u0131\u011f\u0131n s\u0259b\u0259bin n\u0259dir?<br \/>\n  <\/b>\n<\/p>\n<p>\n  H\u0259r zaman yazm\u0131\u015fam, b\u0259z\u0259n bu ovqata g\u00f6r\u0259 q\u0131nan\u0131lm\u0131\u015fam. \u201cIqtidar bizi bitirdi\u201d dey\u0259 bir \u015fey yoxdur. O\u011frular, canil\u0259r azadl\u0131q ist\u0259yini bitir\u0259 bilm\u0259zl\u0259r. Bu g\u00fcn rejimi \u201cd\u0259li ed\u0259n\u201d d\u0259 budur. H\u0259r yola \u0259l at\u0131blar, \u0259n b\u00f6y\u00fck amans\u0131zl\u0131qlara \u0259l at\u0131blar, \u0259n iyr\u0259nc \u00fcsullar\u0131, b\u00f6htanlar\u0131 istifad\u0259 edibl\u0259r,\u00a0 h\u0259dsiz d\u0259r\u0259c\u0259d\u0259 \u00e7ox pullar x\u0259rcl\u0259yibl\u0259r, bunlar\u0131n yalan\u0131na yax\u0131nla\u015fmaq \u00fc\u00e7\u00fcn \u00e7oxlu b\u0259han\u0259l\u0259r, d\u0259lil\u0259r istehsal edibl\u0259r, parklar sal\u0131blar, abadl\u0131qlar apar\u0131blar, idman t\u0259dbirl\u0259ri, v\u0259t\u0259np\u0259rv\u0259rlik olaylar\u0131 yarad\u0131blar, Az\u0259rbaycan\u0131n ad\u0131n\u0131 qald\u0131r\u0131blar, adamlar\u0131n\u0131 al\u00e7ald\u0131blar, onlar\u0131 sat\u0131n al\u0131blar, fiziki olaraq s\u0131radan \u00e7\u0131xar\u0131blar, ara vurmaq, \u015f\u00fcbh\u0259 salmaq \u00fc\u00e7\u00fcn \u015f\u0259b\u0259k\u0259l\u0259r qurublar\u2026 El\u0259m\u0259dikl\u0259ri pislik, \u00e7\u0131xmad\u0131qlar\u0131 oyun yoxdur. Amma azadl\u0131q arzu v\u0259 \u0259m\u0259l kimi bitm\u0259yib.\n<\/p>\n<p>\n  G\u00f6zl\u0259m\u0259diyimiz halda s\u00f6z dem\u0259y\u0259 R\u0259\u015fad\u0259t \u00e7\u0131x\u0131r, \u0130lkin v\u0259 ba\u015fqalar\u0131 \u00e7\u0131x\u0131r.\n<\/p>\n<p>\n  G\u00f6zl\u0259m\u0259diyimiz yerd\u0259 Intiqam \u018fliyev kimi m\u0259n\u0259viyyat\u0131 saf\u00a0 bir ictimai xadim, Anar M\u0259mm\u0259dli kimi demokratik d\u0259y\u0259rl\u0259rin m\u00fcdafi\u0259\u00e7isi parlay\u0131r.\n<\/p>\n<p>\n  G\u00f6zl\u0259m\u0259diyimiz yerd\u0259 X\u0259dic\u0259 Ismay\u0131l b\u00fct\u00fcn d\u00fcnya m\u0259tbuat\u0131n\u0131n g\u00f6rm\u0259diyi if\u015falar v\u0259 dir\u0259ni\u015f yarad\u0131r. Seymur H\u0259zi \u00f6rn\u0259yi yaran\u0131r.\n<\/p>\n<p>\n  G\u00f6zl\u0259m\u0259diyimiz yerd\u0259 C\u0259mil H\u0259s\u0259nli kimi ziyal\u0131 xalq\u0131n s\u00f6z\u00fcn\u00fc dey\u0259 bil\u0259n lider\u0259 \u00e7evrilir.\n<\/p>\n<p>\n  G\u00f6zl\u0259m\u0259dyimiz yerd\u0259 \u0130lqar M\u0259mm\u0259dov kimi sanball\u0131 siyasi liderin dir\u0259ni\u015fini v\u0259 \u0259zmini izl\u0259yirik.\n<\/p>\n<p>\n  G\u00f6zl\u0259m\u0259diyimiz yerd\u0259 \u018fli K\u0259rimli ona qar\u015f\u0131 total m\u00fcharib\u0259ni yara bilir v\u0259 m\u00fcxalif siyasi partiyan\u0131 qoruya bilir.\n<\/p>\n<p>\n  G\u00f6zl\u0259m\u0259diyimiz halda \u015f\u0259xsi v\u0259 ictimai a\u011f\u0131rlar\u0131 \u00f6z d\u0259y\u0259rl\u0259ri il\u0259 qar\u015f\u0131layan Tofiq Yaqublu kimi vicdan sahibi ortaya \u00e7\u0131x\u0131r.\n<\/p>\n<p>\n  G\u00f6zl\u0259m\u0259diyimiz halda h\u00f6kum\u0259tin yazarlar sistemini r\u0259dd ed\u0259n Rasim Qaraca, Seymur Baycan, Sevinc Elsev\u0259r v\u0259 tam bir yeni n\u0259sil azad yarad\u0131c\u0131 adamlar\u0131 oxuyuruq. Xaliq Bahad\u0131r, Zamin Hac\u0131, Elnur Astanb\u0259yli, R\u00f6v\u015f\u0259n Hac\u0131yev, S\u0259ad\u0259t Cahangir, Natiq Cavadl\u0131, Mehman \u018fliyev, \u018fv\u0259z Zeynall\u0131 v\u0259 ba\u015fqalar\u0131 da \u00f6z yerind\u0259dir!\n<\/p>\n<p>\n  G\u00f6zl\u0259m\u0259diyin halda internet\u0259 girib azad fikrin a\u011f\u0131r toplar\u0131n\u0131, d\u0259rin \u00e7aylar\u0131n\u0131 g\u00f6r\u00fcrs\u0259n \u2013 Altay m\u00fc\u0259llim G\u00f6y\u00fc\u015fovu, Hikm\u0259t b\u0259y Hac\u0131zad\u0259ni, Alisa Cabbarovu, R\u00f6v\u015f\u0259n A\u011fayevi, Nail Zeynalovu, Ruslan K\u00f6\u00e7\u0259rlini, Yal\u00e7\u0131n Islamzad\u0259ni, Co\u015fqun Eldaro\u011flunu v\u0259 s.\n<\/p>\n<p>\n  N\u0259 q\u0259d\u0259r n\u00fcmun\u0259l\u0259r, n\u0259 q\u0259d\u0259r adlar \u00e7\u0259k\u0259 bil\u0259r\u0259m \u2013 bundan qat-qat \u00e7ox. V\u0259 Bayram\u0131n v\u0259 Qiyas\u0131n daxil oldu\u011fu g\u0259nclik var. Hakimiyy\u0259t d\u0259 m\u00fc\u0259mma i\u00e7ind\u0259dir, \u201cd\u0259li\u201d olur ki, niy\u0259 bu insanlar rejim\u0259 t\u0259b\u0259ss\u00fcm edib rahat v\u0259 yax\u015f\u0131 ya\u015famaq yolunu se\u00e7mir? Hakimiyy\u0259t etiraz ed\u0259nl\u0259rin haradan g\u00fcc ald\u0131\u011f\u0131na izah tapm\u0131r. M\u0259\u015fhur ziyal\u0131lar\u0131, akademikl\u0259ri, s\u0259n\u0259t v\u0259 s\u00f6z adamlar\u0131na m\u0259dhiyy\u0259 oxuda bilirl\u0259r, amma \u00e7\u0259limsiz g\u0259ncl\u0259rin etiraz c\u0259sar\u0259tini anlaya ba\u015fa d\u00fc\u015fm\u00fcrl\u0259r. Bilmirl\u0259r ki, azadl\u0131q ist\u0259yini bo\u011fa bilm\u0259k onlara qism\u0259t olmayacaq.\n<\/p>\n<p>\n  Bir d\u0259 m\u0259n \u201cg\u00f6zl\u0259m\u0259diyimiz\u201d s\u00f6z\u00fcn\u0259 g\u00f6r\u0259 \u00fczr ist\u0259yir\u0259m, m\u0259n h\u0259mi\u015f\u0259 g\u00f6zl\u0259mi\u015f\u0259m!\n<\/p>\n<\/p>\n<p>\n  M\u0259nb\u0259: Azadl\u0131q q\u0259zeti<\/p>\n","protected":false},"excerpt":{"rendered":"<p>\u201cD\u0259h\u015f\u0259tli olan bilirsinizmi n\u0259dir? O boyda i\u015fg\u0259nc\u0259d\u0259n sonra qalxan bu \u0259ll\u0259r, bu \u0259ll\u0259ri qald\u0131ran \u00fcr\u0259k\u2026 Bu iqtidar\u0131 d\u0259li ed\u0259n d\u0259 \u00fcr\u0259yi \u00f6z\u00fc boyda olan bu adamlard\u0131r\u201d.<\/p>\n","protected":false},"author":11,"featured_media":58025,"comment_status":"closed","ping_status":"open","sticky":false,"template":"","format":"standard","meta":{"_acf_changed":false,"_sitemap_exclude":false,"_sitemap_priority":"","_sitemap_frequency":"","footnotes":""},"categories":[57],"tags":[],"class_list":["post-176033","post","type-post","status-publish","format-standard","has-post-thumbnail","hentry","category-menim-fikrimce","infinite-scroll-item","generate-columns","tablet-grid-50","mobile-grid-100","grid-parent","grid-33","no-featured-image-padding"],"acf":[],"yoast_head":"<!-- This site is optimized with the Yoast SEO plugin v27.5 - https:\/\/yoast.com\/product\/yoast-seo-wordpress\/ -->\n<title>&#039;&#039;O boyda i\u015fg\u0259nc\u0259d\u0259n sonra qalxan \u0259ll\u0259r\u2026&#039;&#039; - MEYDAN.TV<\/title>\n<meta name=\"robots\" content=\"index, follow, max-snippet:-1, max-image-preview:large, max-video-preview:-1\" \/>\n<link rel=\"canonical\" href=\"https:\/\/www.meydan.tv\/az\/article\/o-boyda-isgenceden-sonra-qalxan-eller\/\" \/>\n<meta property=\"og:locale\" content=\"az_AZ\" \/>\n<meta property=\"og:type\" content=\"article\" \/>\n<meta property=\"og:title\" content=\"&#039;&#039;O boyda i\u015fg\u0259nc\u0259d\u0259n sonra qalxan \u0259ll\u0259r\u2026&#039;&#039; - MEYDAN.TV\" \/>\n<meta property=\"og:description\" content=\"\u201cD\u0259h\u015f\u0259tli olan bilirsinizmi n\u0259dir? O boyda i\u015fg\u0259nc\u0259d\u0259n sonra qalxan bu \u0259ll\u0259r, bu \u0259ll\u0259ri qald\u0131ran \u00fcr\u0259k\u2026 Bu iqtidar\u0131 d\u0259li ed\u0259n d\u0259 \u00fcr\u0259yi \u00f6z\u00fc boyda olan bu adamlard\u0131r\u201d.\" \/>\n<meta property=\"og:url\" content=\"https:\/\/www.meydan.tv\/az\/article\/o-boyda-isgenceden-sonra-qalxan-eller\/\" \/>\n<meta property=\"og:site_name\" content=\"MEYDAN.TV\" \/>\n<meta property=\"article:published_time\" content=\"2016-05-18T17:23:41+00:00\" \/>\n<meta property=\"og:image\" content=\"https:\/\/www.meydan.tv\/wp-content\/uploads\/21986.png\" \/>\n\t<meta property=\"og:image:width\" content=\"810\" \/>\n\t<meta property=\"og:image:height\" content=\"450\" \/>\n\t<meta property=\"og:image:type\" content=\"image\/png\" \/>\n<meta name=\"author\" content=\"user-manager\" \/>\n<meta name=\"twitter:card\" content=\"summary_large_image\" \/>\n<script type=\"application\/ld+json\" class=\"yoast-schema-graph\">{\"@context\":\"https:\\\/\\\/schema.org\",\"@graph\":[{\"@type\":\"Article\",\"@id\":\"https:\\\/\\\/www.meydan.tv\\\/az\\\/article\\\/o-boyda-isgenceden-sonra-qalxan-eller\\\/#article\",\"isPartOf\":{\"@id\":\"https:\\\/\\\/www.meydan.tv\\\/az\\\/article\\\/o-boyda-isgenceden-sonra-qalxan-eller\\\/\"},\"author\":{\"name\":\"user-manager\",\"@id\":\"https:\\\/\\\/www.meydan.tv\\\/az\\\/#\\\/schema\\\/person\\\/10d11eccf6da3662cf5fdab9806ea91a\"},\"headline\":\"&#8221;O boyda i\u015fg\u0259nc\u0259d\u0259n sonra qalxan \u0259ll\u0259r\u2026&#8221;\",\"datePublished\":\"2016-05-18T17:23:41+00:00\",\"mainEntityOfPage\":{\"@id\":\"https:\\\/\\\/www.meydan.tv\\\/az\\\/article\\\/o-boyda-isgenceden-sonra-qalxan-eller\\\/\"},\"wordCount\":957,\"publisher\":{\"@id\":\"https:\\\/\\\/www.meydan.tv\\\/az\\\/#organization\"},\"image\":{\"@id\":\"https:\\\/\\\/www.meydan.tv\\\/az\\\/article\\\/o-boyda-isgenceden-sonra-qalxan-eller\\\/#primaryimage\"},\"thumbnailUrl\":\"https:\\\/\\\/www.meydan.tv\\\/wp-content\\\/uploads\\\/21986.png\",\"articleSection\":[\"M\u0259nim Fikrimc\u0259\"],\"inLanguage\":\"az\"},{\"@type\":\"WebPage\",\"@id\":\"https:\\\/\\\/www.meydan.tv\\\/az\\\/article\\\/o-boyda-isgenceden-sonra-qalxan-eller\\\/\",\"url\":\"https:\\\/\\\/www.meydan.tv\\\/az\\\/article\\\/o-boyda-isgenceden-sonra-qalxan-eller\\\/\",\"name\":\"''O boyda i\u015fg\u0259nc\u0259d\u0259n sonra qalxan \u0259ll\u0259r\u2026'' - MEYDAN.TV\",\"isPartOf\":{\"@id\":\"https:\\\/\\\/www.meydan.tv\\\/az\\\/#website\"},\"primaryImageOfPage\":{\"@id\":\"https:\\\/\\\/www.meydan.tv\\\/az\\\/article\\\/o-boyda-isgenceden-sonra-qalxan-eller\\\/#primaryimage\"},\"image\":{\"@id\":\"https:\\\/\\\/www.meydan.tv\\\/az\\\/article\\\/o-boyda-isgenceden-sonra-qalxan-eller\\\/#primaryimage\"},\"thumbnailUrl\":\"https:\\\/\\\/www.meydan.tv\\\/wp-content\\\/uploads\\\/21986.png\",\"datePublished\":\"2016-05-18T17:23:41+00:00\",\"breadcrumb\":{\"@id\":\"https:\\\/\\\/www.meydan.tv\\\/az\\\/article\\\/o-boyda-isgenceden-sonra-qalxan-eller\\\/#breadcrumb\"},\"inLanguage\":\"az\",\"potentialAction\":[{\"@type\":\"ReadAction\",\"target\":[\"https:\\\/\\\/www.meydan.tv\\\/az\\\/article\\\/o-boyda-isgenceden-sonra-qalxan-eller\\\/\"]}]},{\"@type\":\"ImageObject\",\"inLanguage\":\"az\",\"@id\":\"https:\\\/\\\/www.meydan.tv\\\/az\\\/article\\\/o-boyda-isgenceden-sonra-qalxan-eller\\\/#primaryimage\",\"url\":\"https:\\\/\\\/www.meydan.tv\\\/wp-content\\\/uploads\\\/21986.png\",\"contentUrl\":\"https:\\\/\\\/www.meydan.tv\\\/wp-content\\\/uploads\\\/21986.png\",\"width\":810,\"height\":450,\"caption\":\"Source:\"},{\"@type\":\"BreadcrumbList\",\"@id\":\"https:\\\/\\\/www.meydan.tv\\\/az\\\/article\\\/o-boyda-isgenceden-sonra-qalxan-eller\\\/#breadcrumb\",\"itemListElement\":[{\"@type\":\"ListItem\",\"position\":1,\"name\":\"Ana s\u0259hif\u0259\",\"item\":\"https:\\\/\\\/www.meydan.tv\\\/az\\\/\"},{\"@type\":\"ListItem\",\"position\":2,\"name\":\"M\u0259nim Fikrimc\u0259\",\"item\":\"https:\\\/\\\/www.meydan.tv\\\/az\\\/section\\\/menim-fikrimce\\\/\"},{\"@type\":\"ListItem\",\"position\":3,\"name\":\"&#8221;O boyda i\u015fg\u0259nc\u0259d\u0259n sonra qalxan \u0259ll\u0259r\u2026&#8221;\"}]},{\"@type\":\"WebSite\",\"@id\":\"https:\\\/\\\/www.meydan.tv\\\/az\\\/#website\",\"url\":\"https:\\\/\\\/www.meydan.tv\\\/az\\\/\",\"name\":\"MEYDAN.TV\",\"description\":\"Meydan TV Az\u0259rbaycan\u0131n media m\u0259kan\u0131ndak\u0131 alternativ s\u0259sidir\",\"publisher\":{\"@id\":\"https:\\\/\\\/www.meydan.tv\\\/az\\\/#organization\"},\"potentialAction\":[{\"@type\":\"SearchAction\",\"target\":{\"@type\":\"EntryPoint\",\"urlTemplate\":\"https:\\\/\\\/www.meydan.tv\\\/az\\\/?s={search_term_string}\"},\"query-input\":{\"@type\":\"PropertyValueSpecification\",\"valueRequired\":true,\"valueName\":\"search_term_string\"}}],\"inLanguage\":\"az\"},{\"@type\":\"Organization\",\"@id\":\"https:\\\/\\\/www.meydan.tv\\\/az\\\/#organization\",\"name\":\"Meydan TV\",\"url\":\"https:\\\/\\\/www.meydan.tv\\\/az\\\/\",\"logo\":{\"@type\":\"ImageObject\",\"inLanguage\":\"az\",\"@id\":\"https:\\\/\\\/www.meydan.tv\\\/az\\\/#\\\/schema\\\/logo\\\/image\\\/\",\"url\":\"https:\\\/\\\/www.meydan.tv\\\/wp-content\\\/uploads\\\/2021\\\/07\\\/meydan-logo.svg\",\"contentUrl\":\"https:\\\/\\\/www.meydan.tv\\\/wp-content\\\/uploads\\\/2021\\\/07\\\/meydan-logo.svg\",\"width\":195,\"height\":46,\"caption\":\"Meydan TV\"},\"image\":{\"@id\":\"https:\\\/\\\/www.meydan.tv\\\/az\\\/#\\\/schema\\\/logo\\\/image\\\/\"}},{\"@type\":\"Person\",\"@id\":\"https:\\\/\\\/www.meydan.tv\\\/az\\\/#\\\/schema\\\/person\\\/10d11eccf6da3662cf5fdab9806ea91a\",\"name\":\"user-manager\"}]}<\/script>\n<!-- \/ Yoast SEO plugin. -->","yoast_head_json":{"title":"''O boyda i\u015fg\u0259nc\u0259d\u0259n sonra qalxan \u0259ll\u0259r\u2026'' - MEYDAN.TV","robots":{"index":"index","follow":"follow","max-snippet":"max-snippet:-1","max-image-preview":"max-image-preview:large","max-video-preview":"max-video-preview:-1"},"canonical":"https:\/\/www.meydan.tv\/az\/article\/o-boyda-isgenceden-sonra-qalxan-eller\/","og_locale":"az_AZ","og_type":"article","og_title":"''O boyda i\u015fg\u0259nc\u0259d\u0259n sonra qalxan \u0259ll\u0259r\u2026'' - MEYDAN.TV","og_description":"\u201cD\u0259h\u015f\u0259tli olan bilirsinizmi n\u0259dir? O boyda i\u015fg\u0259nc\u0259d\u0259n sonra qalxan bu \u0259ll\u0259r, bu \u0259ll\u0259ri qald\u0131ran \u00fcr\u0259k\u2026 Bu iqtidar\u0131 d\u0259li ed\u0259n d\u0259 \u00fcr\u0259yi \u00f6z\u00fc boyda olan bu adamlard\u0131r\u201d.","og_url":"https:\/\/www.meydan.tv\/az\/article\/o-boyda-isgenceden-sonra-qalxan-eller\/","og_site_name":"MEYDAN.TV","article_published_time":"2016-05-18T17:23:41+00:00","og_image":[{"width":810,"height":450,"url":"https:\/\/www.meydan.tv\/wp-content\/uploads\/21986.png","type":"image\/png"}],"author":"user-manager","twitter_card":"summary_large_image","schema":{"@context":"https:\/\/schema.org","@graph":[{"@type":"Article","@id":"https:\/\/www.meydan.tv\/az\/article\/o-boyda-isgenceden-sonra-qalxan-eller\/#article","isPartOf":{"@id":"https:\/\/www.meydan.tv\/az\/article\/o-boyda-isgenceden-sonra-qalxan-eller\/"},"author":{"name":"user-manager","@id":"https:\/\/www.meydan.tv\/az\/#\/schema\/person\/10d11eccf6da3662cf5fdab9806ea91a"},"headline":"&#8221;O boyda i\u015fg\u0259nc\u0259d\u0259n sonra qalxan \u0259ll\u0259r\u2026&#8221;","datePublished":"2016-05-18T17:23:41+00:00","mainEntityOfPage":{"@id":"https:\/\/www.meydan.tv\/az\/article\/o-boyda-isgenceden-sonra-qalxan-eller\/"},"wordCount":957,"publisher":{"@id":"https:\/\/www.meydan.tv\/az\/#organization"},"image":{"@id":"https:\/\/www.meydan.tv\/az\/article\/o-boyda-isgenceden-sonra-qalxan-eller\/#primaryimage"},"thumbnailUrl":"https:\/\/www.meydan.tv\/wp-content\/uploads\/21986.png","articleSection":["M\u0259nim Fikrimc\u0259"],"inLanguage":"az"},{"@type":"WebPage","@id":"https:\/\/www.meydan.tv\/az\/article\/o-boyda-isgenceden-sonra-qalxan-eller\/","url":"https:\/\/www.meydan.tv\/az\/article\/o-boyda-isgenceden-sonra-qalxan-eller\/","name":"''O boyda i\u015fg\u0259nc\u0259d\u0259n sonra qalxan \u0259ll\u0259r\u2026'' - MEYDAN.TV","isPartOf":{"@id":"https:\/\/www.meydan.tv\/az\/#website"},"primaryImageOfPage":{"@id":"https:\/\/www.meydan.tv\/az\/article\/o-boyda-isgenceden-sonra-qalxan-eller\/#primaryimage"},"image":{"@id":"https:\/\/www.meydan.tv\/az\/article\/o-boyda-isgenceden-sonra-qalxan-eller\/#primaryimage"},"thumbnailUrl":"https:\/\/www.meydan.tv\/wp-content\/uploads\/21986.png","datePublished":"2016-05-18T17:23:41+00:00","breadcrumb":{"@id":"https:\/\/www.meydan.tv\/az\/article\/o-boyda-isgenceden-sonra-qalxan-eller\/#breadcrumb"},"inLanguage":"az","potentialAction":[{"@type":"ReadAction","target":["https:\/\/www.meydan.tv\/az\/article\/o-boyda-isgenceden-sonra-qalxan-eller\/"]}]},{"@type":"ImageObject","inLanguage":"az","@id":"https:\/\/www.meydan.tv\/az\/article\/o-boyda-isgenceden-sonra-qalxan-eller\/#primaryimage","url":"https:\/\/www.meydan.tv\/wp-content\/uploads\/21986.png","contentUrl":"https:\/\/www.meydan.tv\/wp-content\/uploads\/21986.png","width":810,"height":450,"caption":"Source:"},{"@type":"BreadcrumbList","@id":"https:\/\/www.meydan.tv\/az\/article\/o-boyda-isgenceden-sonra-qalxan-eller\/#breadcrumb","itemListElement":[{"@type":"ListItem","position":1,"name":"Ana s\u0259hif\u0259","item":"https:\/\/www.meydan.tv\/az\/"},{"@type":"ListItem","position":2,"name":"M\u0259nim Fikrimc\u0259","item":"https:\/\/www.meydan.tv\/az\/section\/menim-fikrimce\/"},{"@type":"ListItem","position":3,"name":"&#8221;O boyda i\u015fg\u0259nc\u0259d\u0259n sonra qalxan \u0259ll\u0259r\u2026&#8221;"}]},{"@type":"WebSite","@id":"https:\/\/www.meydan.tv\/az\/#website","url":"https:\/\/www.meydan.tv\/az\/","name":"MEYDAN.TV","description":"Meydan TV Az\u0259rbaycan\u0131n media m\u0259kan\u0131ndak\u0131 alternativ s\u0259sidir","publisher":{"@id":"https:\/\/www.meydan.tv\/az\/#organization"},"potentialAction":[{"@type":"SearchAction","target":{"@type":"EntryPoint","urlTemplate":"https:\/\/www.meydan.tv\/az\/?s={search_term_string}"},"query-input":{"@type":"PropertyValueSpecification","valueRequired":true,"valueName":"search_term_string"}}],"inLanguage":"az"},{"@type":"Organization","@id":"https:\/\/www.meydan.tv\/az\/#organization","name":"Meydan TV","url":"https:\/\/www.meydan.tv\/az\/","logo":{"@type":"ImageObject","inLanguage":"az","@id":"https:\/\/www.meydan.tv\/az\/#\/schema\/logo\/image\/","url":"https:\/\/www.meydan.tv\/wp-content\/uploads\/2021\/07\/meydan-logo.svg","contentUrl":"https:\/\/www.meydan.tv\/wp-content\/uploads\/2021\/07\/meydan-logo.svg","width":195,"height":46,"caption":"Meydan TV"},"image":{"@id":"https:\/\/www.meydan.tv\/az\/#\/schema\/logo\/image\/"}},{"@type":"Person","@id":"https:\/\/www.meydan.tv\/az\/#\/schema\/person\/10d11eccf6da3662cf5fdab9806ea91a","name":"user-manager"}]}},"_links":{"self":[{"href":"https:\/\/www.meydan.tv\/az\/wp-json\/wp\/v2\/posts\/176033","targetHints":{"allow":["GET"]}}],"collection":[{"href":"https:\/\/www.meydan.tv\/az\/wp-json\/wp\/v2\/posts"}],"about":[{"href":"https:\/\/www.meydan.tv\/az\/wp-json\/wp\/v2\/types\/post"}],"author":[{"embeddable":true,"href":"https:\/\/www.meydan.tv\/az\/wp-json\/wp\/v2\/users\/11"}],"replies":[{"embeddable":true,"href":"https:\/\/www.meydan.tv\/az\/wp-json\/wp\/v2\/comments?post=176033"}],"version-history":[{"count":0,"href":"https:\/\/www.meydan.tv\/az\/wp-json\/wp\/v2\/posts\/176033\/revisions"}],"wp:featuredmedia":[{"embeddable":true,"href":"https:\/\/www.meydan.tv\/az\/wp-json\/wp\/v2\/media\/58025"}],"wp:attachment":[{"href":"https:\/\/www.meydan.tv\/az\/wp-json\/wp\/v2\/media?parent=176033"}],"wp:term":[{"taxonomy":"category","embeddable":true,"href":"https:\/\/www.meydan.tv\/az\/wp-json\/wp\/v2\/categories?post=176033"},{"taxonomy":"post_tag","embeddable":true,"href":"https:\/\/www.meydan.tv\/az\/wp-json\/wp\/v2\/tags?post=176033"}],"curies":[{"name":"wp","href":"https:\/\/api.w.org\/{rel}","templated":true}]}}