{"id":176001,"date":"2016-05-17T15:53:29","date_gmt":"2016-05-17T15:53:29","guid":{"rendered":"https:\/\/www.meydan.tv\/article\/vyana-gorusundeki-yeni-detallar\/"},"modified":"2016-05-17T15:53:29","modified_gmt":"2016-05-17T15:53:29","slug":"vyana-gorusundeki-yeni-detallar","status":"publish","type":"post","link":"https:\/\/www.meydan.tv\/az\/article\/vyana-gorusundeki-yeni-detallar\/","title":{"rendered":"Vyana g\u00f6r\u00fc\u015f\u00fcnd\u0259ki yeni detallar"},"content":{"rendered":"<figure class=\"wp-block-image size-large\">\n  <img decoding=\"async\" src=\"https:\/\/www.meydan.tv\/az\/57881\/\" alt=\"\" class=\"wp-image-57881\"\/><figcaption><\/figcaption><\/figure>\n<p>\n  <i><br \/>\n    H\u0259ms\u0259drl\u0259rin b\u0259yanat\u0131ndan \u00e7ox Rusiyan\u0131n xarici i\u015fl\u0259r naziri Sergey Lavrovun a\u00e7\u0131qlamas\u0131nda bir c\u00fcml\u0259 diqq\u0259t \u00e7\u0259kdi<br \/>\n  <\/i><\/p>\n<p>\n  Avstriyan\u0131n paytaxt\u0131 Vyanada Az\u0259rbaycan prezidenti \u0130lham \u018fliyev v\u0259 Erm\u0259nistan prezidenti Serj Sarkisyan aras\u0131nda g\u00f6r\u00fc\u015f ba\u015fa \u00e7at\u0131b.\n<\/p>\n<p>\n  Rusiya medias\u0131 g\u00f6r\u00fc\u015fd\u0259 Rusiya xarici i\u015fl\u0259r naziri Sergey Lavrovun, AB\u015e d\u00f6vl\u0259t katibi Con Kerrinin v\u0259 Fransa xarici i\u015fl\u0259r naziri Jan-Marj Ayraultun i\u015ftirak etdiyini yaz\u0131r.\n<\/p>\n<p>\n  <br \/>\n  <i><br \/>\n    <b><br \/>\n      At\u0259\u015fk\u0259s rejimin\u0259 riay\u0259t olunacaq<br \/>\n    <\/b><br \/>\n  <\/i><\/p>\n<p>  Sergey Lavrov dan\u0131\u015f\u0131qlardan sonra bildirib ki, h\u0259r iki t\u0259r\u0259f at\u0259\u015fk\u0259s rejimin\u0259 riay\u0259t edilm\u0259si bar\u0259d\u0259 raz\u0131l\u0131\u011fa g\u0259lib. X\u0130N r\u0259hb\u0259ri at\u0259\u015fk\u0259s rejimin\u0259 nec\u0259 \u0259m\u0259l edil\u0259c\u0259yi bar\u0259d\u0259 suala cavab verib ki, \u0259ld\u0259 olunan raz\u0131l\u0131q bar\u0259d\u0259 birg\u0259 yekun b\u0259yanatda m\u0259lumat veril\u0259c\u0259k. At\u0259\u015fin dayand\u0131r\u0131lmas\u0131na, at\u0259\u015fk\u0259s\u0259 1994 v\u0259 1995-ci ill\u0259rd\u0259 raz\u0131la\u015fd\u0131r\u0131lm\u0131\u015f \u015f\u0259kild\u0259 nail olma\u011fa \u00e7al\u0131\u015f\u0131l\u0131r.\n<\/p>\n<p>\n  Nazir g\u00fcz\u0259\u015ftl\u0259rd\u0259n d\u0259 dan\u0131\u015f\u0131b: &#8220;Qaraba\u011fa dair kompromis m\u00fcmk\u00fcnd\u00fcr, lakin h\u0259ll m\u0259rh\u0259l\u0259li olmal\u0131d\u0131r. \u018fg\u0259r bel\u0259 bir kompromis imkan\u0131 olmasayd\u0131, Rusiya, AB\u015e v\u0259 Fransa bu i\u015fl\u0259 m\u0259\u015f\u011ful olma\u011f\u0131 dayand\u0131rard\u0131lar\u201d.\n<\/p>\n<p>\n  &#8220;T\u0259nziml\u0259m\u0259nin birinci m\u0259rh\u0259l\u0259sinin parametrl\u0259rinin raz\u0131la\u015fd\u0131r\u0131lmas\u0131 imkanlar\u0131 var. Bu imkanlar h\u0259ms\u0259drl\u0259rin \u00fcmumi yana\u015fmas\u0131 axar\u0131nda olan Rusiyan\u0131n vasit\u0259\u00e7iliyi \u00e7\u0259r\u00e7iv\u0259sind\u0259 formulla\u015fd\u0131r\u0131l\u0131b v\u0259 bizim frans\u0131z v\u0259 amerikan partnyorlar\u0131m\u0131z\u0131n d\u0259st\u0259yini al\u0131b\u201d \u2013 Lavrov bel\u0259 deyib.\n<\/p>\n<p>\n  <i><br \/>\n    <b><br \/>\n      &#8220;G\u00f6r\u00fc\u015f he\u00e7 n\u0259 il\u0259 n\u0259tic\u0259l\u0259nm\u0259di&#8221;<br \/>\n    <\/b><br \/>\n  <\/i>\n<\/p>\n<p>\n  Siyasi \u015f\u0259rh\u00e7i Elxan \u015eahino\u011flu Vyana g\u00f6r\u00fc\u015f\u00fcn\u00fcn g\u00f6zl\u0259diyi kimi n\u0259tic\u0259l\u0259ndiyini d\u00fc\u015f\u00fcn\u00fcr: &#8220;Y\u0259ni he\u00e7 n\u0259 il\u0259 n\u0259tic\u0259l\u0259nm\u0259di&#8221;.\n<\/p>\n<p>\n  O, bu bar\u0259d\u0259 \u00f6z Facebook s\u0259hif\u0259sind\u0259 yaz\u0131b.\n<\/p>\n<p>\n  AT\u018fT-in Minsk Qrupunun b\u0259yanat\u0131n\u0131 \u015f\u0259rh ed\u0259rk\u0259n \u015eahino\u011flu bildirib ki, ortaq b\u0259yanat m\u00fcnaqi\u015f\u0259nin h\u0259lli il\u0259 ba\u011fl\u0131 \u0259sas m\u0259s\u0259l\u0259nin mahiyy\u0259tind\u0259n \u00e7ox yen\u0259 detallarla boldur: &#8220;\u015eeytan is\u0259 bildiyiniz kimi detallarda gizl\u0259nib. Bu detallar indiki halda bizim \u0259leyhimiz\u0259dir. Birinci detal: M\u00fcnaqi\u015f\u0259 h\u0259rbi yolla h\u0259ll edil\u0259 bilm\u0259z\u201d. Bal kimi d\u0259 h\u0259ll edil\u0259 bil\u0259r. Erm\u0259nistan dan\u0131\u015f\u0131qlar\u0131 \u0259vv\u0259lkit\u0259k uzadacaqsa, Az\u0259rbaycan\u0131n qar\u015f\u0131 t\u0259r\u0259f\u0259 apreld\u0259 oldu\u011fu kimi g\u00fcc\u00fcn\u00fc g\u00f6st\u0259rm\u0259kd\u0259n ba\u015fqa alternativ yolu qalmayacaq. \u0130kinci detal: T\u0259r\u0259fl\u0259r t\u0259mas x\u0259ttind\u0259 g\u0259rginliyi azaltmaq \u00fc\u00e7\u00fcn q\u0131sa m\u00fcdd\u0259t \u0259rzind\u0259 AT\u018fT-in ara\u015fd\u0131r\u0131c\u0131 mexanizml\u0259ri \u00fcz\u0259rind\u0259 i\u015fi ba\u015fa \u00e7atd\u0131rmaq bar\u0259d\u0259, h\u0259m\u00e7inin AT\u018fT-in f\u0259aliyy\u0259td\u0259 olan s\u0259drinin \u015f\u0259xsi n\u00fcmay\u0259nd\u0259sinin m\u00f6vcud \u0130dar\u0259sinin s\u0259lahiyy\u0259tl\u0259rinin geni\u015fl\u0259ndirm\u0259si bar\u0259d\u0259 raz\u0131l\u0131\u011fa g\u0259libl\u0259r. Ba\u015fqa s\u00f6zl\u0259, vasit\u0259\u00e7il\u0259r insidentl\u0259ri ara\u015fd\u0131rmaq ist\u0259yirl\u0259r. Bu Erm\u0259nistan\u0131n \u00e7oxdank\u0131 ist\u0259yidir. \u00c7\u00fcnki insidentl\u0259rin ara\u015fd\u0131r\u0131lmas\u0131 Erm\u0259nistan\u0131n status-kvonu uzatmaq siyas\u0259tin\u0259 uy\u011fundur. Biz i\u015f\u011fal\u00e7\u0131 Erm\u0259nistan ordusunu A\u011fdam, F\u00fczuli v\u0259 dig\u0259r istiqam\u0259tl\u0259rd\u0259 daima t\u0259zyiq alt\u0131nda saxlamasaq, \u0130r\u0259van \u00f6z xo\u015fu il\u0259 i\u015f\u011fal alt\u0131ndak\u0131 torpaqlar\u0131 bo\u015faldarm\u0131? Bo\u015faltsayd\u0131, bunu 22 ild\u0259 ed\u0259rdi. Ona g\u00f6r\u0259 d\u0259 Erm\u0259nistan hakimiyy\u0259ti Da\u011fl\u0131q Qaraba\u011f \u0259traf\u0131ndak\u0131 rayonlar\u0131 bo\u015faltmayana q\u0259d\u0259r insidentl\u0259rin ara\u015fd\u0131r\u0131lmas\u0131na raz\u0131la\u015fmaq olmaz. Nec\u0259 ki, i\u015f\u011fal ortadan qald\u0131r\u0131lmayana q\u0259d\u0259r snayperl\u0259ri v\u0259 a\u011f\u0131r h\u0259rbi texnikan\u0131 da t\u0259mas x\u0259ttind\u0259n geri \u00e7\u0259k\u0259 bilm\u0259rik. AT\u018fT-in b\u0259yanat\u0131 imzalanan s\u0259n\u0259d deyil, \u00fcz\u0259rimiz\u0259 m\u0259suliyy\u0259t qoymur, ona g\u00f6r\u0259 d\u0259 b\u0259yanata riay\u0259t etm\u0259k kimi \u00f6hd\u0259liyimiz yoxdur&#8221;.\n<\/p>\n<figure class=\"wp-block-image size-large\">\n  <img decoding=\"async\" src=\"https:\/\/www.meydan.tv\/az\/elxan-sahinoglu-8\/\" alt=\"Elxan \u015eahino\u011flu\" class=\"wp-image-57878\"\/><figcaption>\n    Elxan \u015eahino\u011flu<br \/>\n  <\/figcaption><\/figure>\n<p>\n  Elxan \u015eahino\u011flu Rusiyan\u0131n xarici i\u015fl\u0259r naziri Sergey Lavrovun \u201c\u00c7ox g\u00fcman ki, t\u0259r\u0259fl\u0259r aras\u0131nda v\u0259ziyy\u0259tin kifay\u0259t q\u0259d\u0259r g\u0259rgin oldu\u011funu n\u0259z\u0259r\u0259 alaraq, m\u00fcnaqi\u015f\u0259nin nizanlanmas\u0131n\u0131 m\u0259rh\u0259l\u0259li \u015f\u0259kild\u0259 etm\u0259k laz\u0131m olacaq\u201d a\u00e7\u0131qlamas\u0131n\u0131 da \u015f\u0259rh edib: &#8220;Bu c\u00fcml\u0259 o dem\u0259kdirmi ki, vasit\u0259\u00e7il\u0259r Erm\u0259nistan\u0131 status m\u0259s\u0259l\u0259sini qabartmadan Da\u011fl\u0131q Qaraba\u011f \u0259traf\u0131ndak\u0131 5 rayonun azad olunmas\u0131na raz\u0131 sala bil\u0259rl\u0259r? Yax\u0131n iki ayda bu c\u00fcml\u0259nin arxas\u0131ndak\u0131 m\u0259ntiqi g\u00f6rm\u0259liyik. \u018fg\u0259r \u0259vv\u0259lkit\u0259k Erm\u0259nistan hakimiyy\u0259ti 5 rayonun bo\u015fald\u0131lmas\u0131n\u0131 Da\u011fl\u0131q Qaraba\u011f\u0131n statusunu m\u00fc\u0259yy\u0259nl\u0259\u015fdir\u0259c\u0259k referendum tarixin\u0259 b\u0259rab\u0259r tutacaqsa, Lavrovun s\u00f6zl\u0259rinin \u0259h\u0259miyy\u0259ti olmayacaq, dan\u0131\u015f\u0131qlar apreld\u0259n \u0259vv\u0259lki v\u0259ziyy\u0259tin\u0259 qay\u0131dacaq&#8221;.\n<\/p>\n<p>\n  Bununla bel\u0259, siyasi \u015f\u0259rh\u00e7i b\u00fct\u00fcn hallarda Vyana g\u00f6r\u00fc\u015f\u00fcn\u00fcn biz\u0259 laz\u0131m oldu\u011funu d\u00fc\u015f\u00fcn\u00fcr: &#8220;\u00c7\u00fcnki bu c\u0259bh\u0259 b\u00f6lg\u0259sind\u0259 aprel u\u011furumuzdan sonra prezidentl\u0259rin vasit\u0259\u00e7il\u0259rin i\u015ftirak\u0131 il\u0259 ilk g\u00f6r\u00fc\u015f\u00fc idi. B\u00fct\u00fcn d\u00fcnya g\u00f6rd\u00fc ki, Az\u0259rbaycan \u0259b\u0259diyy\u0259t\u0259 q\u0259d\u0259r n\u0259tic\u0259siz dan\u0131\u015f\u0131qlardan bezib v\u0259 i\u015f\u011fal alt\u0131ndak\u0131 torpaqlar\u0131 bo\u015faltmaq \u0259zmind\u0259dir. Vyana bu \u0259hval-ruhiyy\u0259nin da\u015f\u0131y\u0131c\u0131s\u0131na \u00e7evrilm\u0259li idi. Ancaq \u0259g\u0259r Vyanadan sonrak\u0131 m\u00fcdd\u0259td\u0259 Erm\u0259nistan he\u00e7 bir add\u0131m atmazsa, n\u00f6vb\u0259ti g\u00f6r\u00fc\u015fl\u0259r bizim \u0259leyhimiz\u0259 i\u015fl\u0259y\u0259 bil\u0259r. \u00c7\u00fcnki m\u00fcnaqi\u015f\u0259nin h\u0259llind\u0259 konkret add\u0131mlar at\u0131lmadan g\u00f6r\u00fc\u015fl\u0259rin davam\u0131 d\u00f6vl\u0259t ba\u015f\u00e7\u0131s\u0131 \u0130lham \u018fliyevin dediyi kimi imitasiya xarakteri da\u015f\u0131yacaq. \u0130mitasiya is\u0259 status-kvonun davam\u0131 dem\u0259kdir. Ona g\u00f6r\u0259 d\u0259 s\u0259ng\u0259rd\u0259ki h\u0259rb\u00e7imiz silah\u0131 \u0259lind\u0259 apreld\u0259 oldu\u011fu kimi m\u00f6hk\u0259m tutmal\u0131d\u0131r&#8221;.\n<\/p>\n<p>\n  O, &#8220;Associated Press&#8221; agentliyinin g\u00f6r\u00fc\u015fd\u0259 t\u0259r\u0259fl\u0259r\u0259 t\u0259mas x\u0259tti boyunca kameralar\u0131n yerl\u0259\u015fdirilm\u0259si v\u0259 at\u0259\u015fk\u0259sin pozulmas\u0131 hallar\u0131n\u0131n qed\u0259 al\u0131nmas\u0131 v\u0259 m\u00fc\u015fahid\u0259\u00e7il\u0259rin art\u0131r\u0131lmas\u0131 t\u0259klifi bar\u0259d\u0259 x\u0259b\u0259rini bel\u0259 \u015f\u0259rh edib: &#8220;Erm\u0259nistan i\u015f\u011fal\u0131 uzatmaq \u00fc\u00e7\u00fcn b\u00fct\u00fcn vasit\u0259l\u0259r\u0259 \u0259l at\u0131r. \u018fg\u0259r kameralar qura\u015fd\u0131r\u0131lacaqsa, bu, Az\u0259rbaycan-Erm\u0259nistan, \u00fcst\u0259g\u0259l Nax\u00e7\u0131van-Erm\u0259nistan s\u0259rh\u0259di boyu qura\u015fd\u0131r\u0131lmal\u0131d\u0131r. Yoxsa bizi \u00f6z torpaqlar\u0131m\u0131zdan ay\u0131ran i\u015f\u011fal alt\u0131ndak\u0131 \u0259razil\u0259rd\u0259 hans\u0131 kamera qura\u015fd\u0131r\u0131la bil\u0259r ki? Torpaqlar\u0131m\u0131z\u0131 i\u015f\u011fal ed\u0259n d\u00f6vl\u0259ti \u00f6z \u0259razimizd\u0259n qova bilm\u0259y\u0259c\u0259yik ki, n\u0259di, n\u0259di c\u0259bh\u0259d\u0259 kamera qura\u015fd\u0131r\u0131l\u0131b? \u0130\u015f\u011fal\u00e7\u0131 d\u00fcn\u0259n yen\u0259 d\u0259 h\u0259rb\u00e7imizi q\u0259tl\u0259 yetirib. \u0130ndi biz cavab verm\u0259y\u0259k ki, kamera at\u0259\u015fimizi qeyd\u0259 alacaq?&#8221;\n<\/p>\n<\/p>\n<p>\n  <i><br \/>\n    <b><br \/>\n      &#8220;\u00dcst\u00fcnl\u00fck Az\u0259rbaycan t\u0259r\u0259fd\u0259dir&#8221;<br \/>\n    <\/b><br \/>\n  <\/i>\n<\/p>\n<figure class=\"wp-block-image size-large\">\n  <img decoding=\"async\" src=\"https:\/\/www.meydan.tv\/az\/rasim-agayev-3\/\" alt=\"Rasim A\u011fayev\" class=\"wp-image-57884\"\/><figcaption>\n    Rasim A\u011fayev<br \/>\n  <\/figcaption><\/figure>\n<p>\n  Ancaq siyasi \u015f\u0259rh\u00e7i Rasim A\u011fayev hesab edir ki, Vyana g\u00f6r\u00fc\u015f\u00fcnd\u0259n sonra dan\u0131\u015f\u0131qlarda \u00fcst\u00fcnl\u00fck Az\u0259rbaycan\u0131n t\u0259r\u0259find\u0259dir: &#8220;Erm\u0259nistan g\u00f6zl\u0259yirdi ki, 1-5 aprel hadis\u0259l\u0259rind\u0259n sonra Az\u0259rbaycan beyn\u0259lxalq ictimaiyy\u0259tin q\u0131naq obyektin\u0259 \u00e7evril\u0259c\u0259k, amma bel\u0259 olmad\u0131. \u018fksin\u0259, at\u0259\u015fk\u0259si Erm\u0259nistan\u0131n pozdu\u011funu v\u0259 i\u015f\u011fal etdiyi \u0259razil\u0259ri qaytarmaq ist\u0259m\u0259m\u0259si d\u00fcnya ictimaiyy\u0259tin\u0259 bir daha ayd\u0131n oldu. \u00dc\u00e7\u00fcnc\u00fc, Serj Sarkisyan\u0131n son h\u0259r\u0259k\u0259tl\u0259ri onun revan\u015fa haz\u0131rla\u015fd\u0131\u011f\u0131n\u0131 g\u00f6st\u0259rirdi, ancaq Minsk Qrupunun b\u0259yanat\u0131 t\u0259r\u0259fl\u0259rin dan\u0131\u015f\u0131qlara haz\u0131r oldu\u011funu ortaya qoydu. T\u0259klifl\u0259r\u0259 g\u0259linc\u0259, bu, m\u0259rh\u0259l\u0259li pland\u0131r. Birinci i\u015f\u011fal alt\u0131ndak\u0131 rayonlar qaytar\u0131l\u0131r, sonra status m\u00fczakir\u0259l\u0259ri ba\u015flan\u0131l\u0131r, \u015f\u0259rtl\u0259r qoyulmadan. \u00dcmumiyy\u0259tl\u0259, m\u00fcnaqi\u015f\u0259nin h\u0259lli Q\u0259rb v\u0259 Rusiyan\u0131n maraqlar\u0131na ba\u011fl\u0131d\u0131r. Bu, onu g\u00f6st\u0259rir ki, Erm\u0259nistan\u0131n siyas\u0259ti region \u00fc\u00e7\u00fcn t\u0259hl\u00fck\u0259 yarad\u0131r v\u0259 Sarkisyan dan\u0131\u015f\u0131qlara m\u0259cbur\u0259n gedir. Ola bilsin, m\u0259nim dedikl\u0259rim \u00e7ox nikbin g\u00f6r\u00fcn\u00fcr, amma ilk d\u0259f\u0259dir Az\u0259rbaycan\u0131n Erm\u0259nistanla dan\u0131\u015f\u0131qlarda m\u00f6vqeyi m\u00f6hk\u0259m g\u00f6r\u00fcn\u00fcr. Hesab edir\u0259m ki, iyun g\u00f6r\u00fc\u015f\u00fcnd\u0259n sonra hans\u0131sa ir\u0259lil\u0259yi\u015f ola bil\u0259r&#8221;.\n<\/p>\n<p>\n  O, t\u0259mas x\u0259ttind\u0259 kameralar\u0131n qura\u015fd\u0131r\u0131lmas\u0131 t\u0259klifin\u0259 t\u0259bii yana\u015f\u0131n: &#8220;\u018fg\u0259r m\u00fcharib\u0259 ist\u0259miriks\u0259, bu, bel\u0259 d\u0259 olmal\u0131d\u0131r&#8221;.\n<\/p>\n<\/p>\n<p>\n  <b><br \/>\n    <i><br \/>\n      &#8220;He\u00e7 kim \u00f6z m\u00f6vqeyind\u0259n geri \u00e7\u0259kilmir&#8221;<br \/>\n    <\/i><br \/>\n  <\/b>\n<\/p>\n<p>\n  Siyasi \u015f\u0259rh\u00e7i Rauf Mirq\u0259dirov is\u0259 Meydan TV-y\u0259 deyib ki, Vyana g\u00f6r\u00fc\u015f\u00fcn\u00fc n\u0259 q\u0259l\u0259b\u0259, n\u0259 d\u0259 m\u0259\u011flubiyy\u0259t hesab edir.\n<\/p>\n<figure class=\"wp-block-image size-large\">\n  <img decoding=\"async\" src=\"https:\/\/www.meydan.tv\/az\/57890\/\" alt=\"\" class=\"wp-image-57890\"\/><figcaption>\n    Rauf Mirq\u0259dirov<br \/>\n  <\/figcaption><\/figure>\n<p>\n  Onun fikrinc\u0259, AT\u018fT-nin Minsk Qrupunun b\u0259yanat\u0131ndan m\u0259lum olur ki, n\u0259 Erm\u0259nistan, n\u0259 d\u0259 Az\u0259rbaycan \u00f6z m\u00f6vqel\u0259rind\u0259n geri \u00e7\u0259kilmir: &#8220;Minsk Qrupunun b\u0259yanat\u0131nda at\u0259\u015fk\u0259sin pozulmas\u0131na, qo\u015funlar\u0131n t\u0259mas x\u0259ttind\u0259 ba\u015f ver\u0259nl\u0259r\u0259 \u00fcmumi toxunulub, q\u0259rar q\u0259bul olunmay\u0131b. Amma Az\u0259rbaycan\u0131n \u0259sas diqq\u0259ti m\u00fcnaqi\u015f\u0259nin h\u0259llin\u0259 y\u00f6n\u0259ldilm\u0259si t\u0259klifi b\u0259yanatda \u00f6z \u0259ksini tap\u0131b, y\u0259ni iyunda g\u00f6r\u00fc\u015f n\u0259z\u0259rd\u0259 tutulub v\u0259 t\u0259r\u0259fl\u0259r m\u00fcnaqi\u015f\u0259nin h\u0259lli il\u0259 ba\u011fl\u0131 m\u0259s\u0259l\u0259ni m\u00fczakir\u0259 etm\u0259lidir. Lavrovun b\u0259yanat\u0131ndak\u0131 m\u0259rh\u0259l\u0259li h\u0259ll is\u0259 m\u0259rh\u0259l\u0259li plan\u0131n oldu\u011funu g\u00f6st\u0259rir. Plan Rusiya t\u0259r\u0259find\u0259n haz\u0131rlan\u0131b v\u0259 dig\u0259r h\u0259ms\u0259drl\u0259r d\u0259 q\u0259bul edib&#8221;.\n<\/p>\n<p>\n  R.Mirq\u0259dirov &#8220;bundan sonra n\u0259 g\u00f6zl\u0259yirsiniz&#8221; sual\u0131na bel\u0259 cavab verib: &#8220;R\u0259smi Bak\u0131 m\u00f6vqeyini bir daha d\u0259qiql\u0259\u015fdirm\u0259lidir, ilk n\u00f6vb\u0259d\u0259, s\u00fclh dan\u0131\u015f\u0131qlar\u0131n\u0131n vaxt s\u0259rh\u0259dl\u0259ri m\u00fc\u0259yy\u0259nl\u0259\u015fm\u0259lidir. Art\u0131q 22 ildir s\u00fclh dan\u0131\u015f\u0131qlar\u0131 davam edir v\u0259 daha 22 il davam etm\u0259si qeyri-m\u00fcmk\u00fcnd\u00fcr. Az\u0259rbaycan d\u0259f\u0259l\u0259rl\u0259 bunu vur\u011fulay\u0131b v\u0259 real n\u0259tic\u0259l\u0259r g\u00f6zl\u0259diyini b\u0259yan edib. Amma bunu b\u0259yan etm\u0259k azd\u0131r, m\u00fc\u0259yy\u0259n vaxt m\u0259hdudiyy\u0259tinin qoyulmas\u0131n\u0131n v\u0259 q\u0259rar\u0131n q\u0259bulunun zaman\u0131d\u0131r. \u018fg\u0259r h\u0259ms\u0259drl\u0259r bu formatda m\u0259s\u0259l\u0259nin h\u0259llin\u0259 nail ola bilmirl\u0259rs\u0259, dan\u0131\u015f\u0131qlar\u0131 BMT T\u0259hl\u00fck\u0259sizlik \u015euras\u0131na (T\u015e) qaytarmaq laz\u0131md\u0131r. BMT T\u015e-nin 4 q\u0259tnam\u0259si var v\u0259 Madrid Prinsipl\u0259rind\u0259 bu q\u0259tnam\u0259l\u0259r \u0259ks olunub, yaln\u0131z statusun m\u00fc\u0259yy\u0259nl\u0259\u015fm\u0259si \u00fc\u00e7\u00fcn referendum \u0259lav\u0259 m\u00fcdd\u0259a olaraq sal\u0131n\u0131b. 1993-c\u00fc ilin pay\u0131z\u0131nda q\u0259bul olunan d\u00f6rd\u00fcnc\u00fc q\u0259tnam\u0259d\u0259 deyilib ki, T\u015e yax\u0131n vaxtlarda m\u0259s\u0259l\u0259nin m\u00fczakir\u0259sin\u0259 qay\u0131dacaq. Art\u0131q 22 ild\u0259n \u00e7ox zaman ke\u00e7ir, amma ortada he\u00e7 n\u0259 yoxdur&#8221;.<\/p>\n","protected":false},"excerpt":{"rendered":"<p>H\u0259ms\u0259drl\u0259rin b\u0259yanat\u0131ndan \u00e7ox Rusiyan\u0131n xarici i\u015fl\u0259r naziri Sergey Lavrovun a\u00e7\u0131qlamas\u0131nda bir c\u00fcml\u0259 diqq\u0259t \u00e7\u0259kdi<\/p>\n","protected":false},"author":11,"featured_media":57881,"comment_status":"closed","ping_status":"open","sticky":false,"template":"","format":"standard","meta":{"_acf_changed":false,"_sitemap_exclude":false,"_sitemap_priority":"","_sitemap_frequency":"","footnotes":""},"categories":[51],"tags":[],"class_list":["post-176001","post","type-post","status-publish","format-standard","has-post-thumbnail","hentry","category-analitika","infinite-scroll-item","generate-columns","tablet-grid-50","mobile-grid-100","grid-parent","grid-33","no-featured-image-padding"],"acf":[],"yoast_head":"<!-- This site is optimized with the Yoast SEO plugin v27.5 - https:\/\/yoast.com\/product\/yoast-seo-wordpress\/ -->\n<title>Vyana g\u00f6r\u00fc\u015f\u00fcnd\u0259ki yeni detallar - MEYDAN.TV<\/title>\n<meta name=\"robots\" content=\"index, follow, max-snippet:-1, max-image-preview:large, max-video-preview:-1\" \/>\n<link rel=\"canonical\" href=\"https:\/\/www.meydan.tv\/az\/article\/vyana-gorusundeki-yeni-detallar\/\" \/>\n<meta property=\"og:locale\" content=\"az_AZ\" \/>\n<meta property=\"og:type\" content=\"article\" \/>\n<meta property=\"og:title\" content=\"Vyana g\u00f6r\u00fc\u015f\u00fcnd\u0259ki yeni detallar - MEYDAN.TV\" \/>\n<meta property=\"og:description\" content=\"H\u0259ms\u0259drl\u0259rin b\u0259yanat\u0131ndan \u00e7ox Rusiyan\u0131n xarici i\u015fl\u0259r naziri Sergey Lavrovun a\u00e7\u0131qlamas\u0131nda bir c\u00fcml\u0259 diqq\u0259t \u00e7\u0259kdi\" \/>\n<meta property=\"og:url\" content=\"https:\/\/www.meydan.tv\/az\/article\/vyana-gorusundeki-yeni-detallar\/\" \/>\n<meta property=\"og:site_name\" content=\"MEYDAN.TV\" \/>\n<meta property=\"article:published_time\" content=\"2016-05-17T15:53:29+00:00\" \/>\n<meta property=\"og:image\" content=\"https:\/\/www.meydan.tv\/wp-content\/uploads\/21930.jpg\" \/>\n\t<meta property=\"og:image:width\" content=\"750\" \/>\n\t<meta property=\"og:image:height\" content=\"438\" \/>\n\t<meta property=\"og:image:type\" content=\"image\/jpeg\" \/>\n<meta name=\"author\" content=\"user-manager\" \/>\n<meta name=\"twitter:card\" content=\"summary_large_image\" \/>\n<script type=\"application\/ld+json\" class=\"yoast-schema-graph\">{\"@context\":\"https:\\\/\\\/schema.org\",\"@graph\":[{\"@type\":\"Article\",\"@id\":\"https:\\\/\\\/www.meydan.tv\\\/az\\\/article\\\/vyana-gorusundeki-yeni-detallar\\\/#article\",\"isPartOf\":{\"@id\":\"https:\\\/\\\/www.meydan.tv\\\/az\\\/article\\\/vyana-gorusundeki-yeni-detallar\\\/\"},\"author\":{\"name\":\"user-manager\",\"@id\":\"https:\\\/\\\/www.meydan.tv\\\/az\\\/#\\\/schema\\\/person\\\/10d11eccf6da3662cf5fdab9806ea91a\"},\"headline\":\"Vyana g\u00f6r\u00fc\u015f\u00fcnd\u0259ki yeni detallar\",\"datePublished\":\"2016-05-17T15:53:29+00:00\",\"mainEntityOfPage\":{\"@id\":\"https:\\\/\\\/www.meydan.tv\\\/az\\\/article\\\/vyana-gorusundeki-yeni-detallar\\\/\"},\"wordCount\":1905,\"publisher\":{\"@id\":\"https:\\\/\\\/www.meydan.tv\\\/az\\\/#organization\"},\"image\":{\"@id\":\"https:\\\/\\\/www.meydan.tv\\\/az\\\/article\\\/vyana-gorusundeki-yeni-detallar\\\/#primaryimage\"},\"thumbnailUrl\":\"https:\\\/\\\/www.meydan.tv\\\/wp-content\\\/uploads\\\/21930.jpg\",\"articleSection\":[\"Analitika\"],\"inLanguage\":\"az\"},{\"@type\":\"WebPage\",\"@id\":\"https:\\\/\\\/www.meydan.tv\\\/az\\\/article\\\/vyana-gorusundeki-yeni-detallar\\\/\",\"url\":\"https:\\\/\\\/www.meydan.tv\\\/az\\\/article\\\/vyana-gorusundeki-yeni-detallar\\\/\",\"name\":\"Vyana g\u00f6r\u00fc\u015f\u00fcnd\u0259ki yeni detallar - MEYDAN.TV\",\"isPartOf\":{\"@id\":\"https:\\\/\\\/www.meydan.tv\\\/az\\\/#website\"},\"primaryImageOfPage\":{\"@id\":\"https:\\\/\\\/www.meydan.tv\\\/az\\\/article\\\/vyana-gorusundeki-yeni-detallar\\\/#primaryimage\"},\"image\":{\"@id\":\"https:\\\/\\\/www.meydan.tv\\\/az\\\/article\\\/vyana-gorusundeki-yeni-detallar\\\/#primaryimage\"},\"thumbnailUrl\":\"https:\\\/\\\/www.meydan.tv\\\/wp-content\\\/uploads\\\/21930.jpg\",\"datePublished\":\"2016-05-17T15:53:29+00:00\",\"breadcrumb\":{\"@id\":\"https:\\\/\\\/www.meydan.tv\\\/az\\\/article\\\/vyana-gorusundeki-yeni-detallar\\\/#breadcrumb\"},\"inLanguage\":\"az\",\"potentialAction\":[{\"@type\":\"ReadAction\",\"target\":[\"https:\\\/\\\/www.meydan.tv\\\/az\\\/article\\\/vyana-gorusundeki-yeni-detallar\\\/\"]}]},{\"@type\":\"ImageObject\",\"inLanguage\":\"az\",\"@id\":\"https:\\\/\\\/www.meydan.tv\\\/az\\\/article\\\/vyana-gorusundeki-yeni-detallar\\\/#primaryimage\",\"url\":\"https:\\\/\\\/www.meydan.tv\\\/wp-content\\\/uploads\\\/21930.jpg\",\"contentUrl\":\"https:\\\/\\\/www.meydan.tv\\\/wp-content\\\/uploads\\\/21930.jpg\",\"width\":750,\"height\":438,\"caption\":\"Source:\"},{\"@type\":\"BreadcrumbList\",\"@id\":\"https:\\\/\\\/www.meydan.tv\\\/az\\\/article\\\/vyana-gorusundeki-yeni-detallar\\\/#breadcrumb\",\"itemListElement\":[{\"@type\":\"ListItem\",\"position\":1,\"name\":\"Ana s\u0259hif\u0259\",\"item\":\"https:\\\/\\\/www.meydan.tv\\\/az\\\/\"},{\"@type\":\"ListItem\",\"position\":2,\"name\":\"Analitika\",\"item\":\"https:\\\/\\\/www.meydan.tv\\\/az\\\/section\\\/analitika\\\/\"},{\"@type\":\"ListItem\",\"position\":3,\"name\":\"Vyana g\u00f6r\u00fc\u015f\u00fcnd\u0259ki yeni detallar\"}]},{\"@type\":\"WebSite\",\"@id\":\"https:\\\/\\\/www.meydan.tv\\\/az\\\/#website\",\"url\":\"https:\\\/\\\/www.meydan.tv\\\/az\\\/\",\"name\":\"MEYDAN.TV\",\"description\":\"Meydan TV Az\u0259rbaycan\u0131n media m\u0259kan\u0131ndak\u0131 alternativ s\u0259sidir\",\"publisher\":{\"@id\":\"https:\\\/\\\/www.meydan.tv\\\/az\\\/#organization\"},\"potentialAction\":[{\"@type\":\"SearchAction\",\"target\":{\"@type\":\"EntryPoint\",\"urlTemplate\":\"https:\\\/\\\/www.meydan.tv\\\/az\\\/?s={search_term_string}\"},\"query-input\":{\"@type\":\"PropertyValueSpecification\",\"valueRequired\":true,\"valueName\":\"search_term_string\"}}],\"inLanguage\":\"az\"},{\"@type\":\"Organization\",\"@id\":\"https:\\\/\\\/www.meydan.tv\\\/az\\\/#organization\",\"name\":\"Meydan TV\",\"url\":\"https:\\\/\\\/www.meydan.tv\\\/az\\\/\",\"logo\":{\"@type\":\"ImageObject\",\"inLanguage\":\"az\",\"@id\":\"https:\\\/\\\/www.meydan.tv\\\/az\\\/#\\\/schema\\\/logo\\\/image\\\/\",\"url\":\"https:\\\/\\\/www.meydan.tv\\\/wp-content\\\/uploads\\\/2021\\\/07\\\/meydan-logo.svg\",\"contentUrl\":\"https:\\\/\\\/www.meydan.tv\\\/wp-content\\\/uploads\\\/2021\\\/07\\\/meydan-logo.svg\",\"width\":195,\"height\":46,\"caption\":\"Meydan TV\"},\"image\":{\"@id\":\"https:\\\/\\\/www.meydan.tv\\\/az\\\/#\\\/schema\\\/logo\\\/image\\\/\"}},{\"@type\":\"Person\",\"@id\":\"https:\\\/\\\/www.meydan.tv\\\/az\\\/#\\\/schema\\\/person\\\/10d11eccf6da3662cf5fdab9806ea91a\",\"name\":\"user-manager\"}]}<\/script>\n<!-- \/ Yoast SEO plugin. -->","yoast_head_json":{"title":"Vyana g\u00f6r\u00fc\u015f\u00fcnd\u0259ki yeni detallar - MEYDAN.TV","robots":{"index":"index","follow":"follow","max-snippet":"max-snippet:-1","max-image-preview":"max-image-preview:large","max-video-preview":"max-video-preview:-1"},"canonical":"https:\/\/www.meydan.tv\/az\/article\/vyana-gorusundeki-yeni-detallar\/","og_locale":"az_AZ","og_type":"article","og_title":"Vyana g\u00f6r\u00fc\u015f\u00fcnd\u0259ki yeni detallar - MEYDAN.TV","og_description":"H\u0259ms\u0259drl\u0259rin b\u0259yanat\u0131ndan \u00e7ox Rusiyan\u0131n xarici i\u015fl\u0259r naziri Sergey Lavrovun a\u00e7\u0131qlamas\u0131nda bir c\u00fcml\u0259 diqq\u0259t \u00e7\u0259kdi","og_url":"https:\/\/www.meydan.tv\/az\/article\/vyana-gorusundeki-yeni-detallar\/","og_site_name":"MEYDAN.TV","article_published_time":"2016-05-17T15:53:29+00:00","og_image":[{"width":750,"height":438,"url":"https:\/\/www.meydan.tv\/wp-content\/uploads\/21930.jpg","type":"image\/jpeg"}],"author":"user-manager","twitter_card":"summary_large_image","schema":{"@context":"https:\/\/schema.org","@graph":[{"@type":"Article","@id":"https:\/\/www.meydan.tv\/az\/article\/vyana-gorusundeki-yeni-detallar\/#article","isPartOf":{"@id":"https:\/\/www.meydan.tv\/az\/article\/vyana-gorusundeki-yeni-detallar\/"},"author":{"name":"user-manager","@id":"https:\/\/www.meydan.tv\/az\/#\/schema\/person\/10d11eccf6da3662cf5fdab9806ea91a"},"headline":"Vyana g\u00f6r\u00fc\u015f\u00fcnd\u0259ki yeni detallar","datePublished":"2016-05-17T15:53:29+00:00","mainEntityOfPage":{"@id":"https:\/\/www.meydan.tv\/az\/article\/vyana-gorusundeki-yeni-detallar\/"},"wordCount":1905,"publisher":{"@id":"https:\/\/www.meydan.tv\/az\/#organization"},"image":{"@id":"https:\/\/www.meydan.tv\/az\/article\/vyana-gorusundeki-yeni-detallar\/#primaryimage"},"thumbnailUrl":"https:\/\/www.meydan.tv\/wp-content\/uploads\/21930.jpg","articleSection":["Analitika"],"inLanguage":"az"},{"@type":"WebPage","@id":"https:\/\/www.meydan.tv\/az\/article\/vyana-gorusundeki-yeni-detallar\/","url":"https:\/\/www.meydan.tv\/az\/article\/vyana-gorusundeki-yeni-detallar\/","name":"Vyana g\u00f6r\u00fc\u015f\u00fcnd\u0259ki yeni detallar - MEYDAN.TV","isPartOf":{"@id":"https:\/\/www.meydan.tv\/az\/#website"},"primaryImageOfPage":{"@id":"https:\/\/www.meydan.tv\/az\/article\/vyana-gorusundeki-yeni-detallar\/#primaryimage"},"image":{"@id":"https:\/\/www.meydan.tv\/az\/article\/vyana-gorusundeki-yeni-detallar\/#primaryimage"},"thumbnailUrl":"https:\/\/www.meydan.tv\/wp-content\/uploads\/21930.jpg","datePublished":"2016-05-17T15:53:29+00:00","breadcrumb":{"@id":"https:\/\/www.meydan.tv\/az\/article\/vyana-gorusundeki-yeni-detallar\/#breadcrumb"},"inLanguage":"az","potentialAction":[{"@type":"ReadAction","target":["https:\/\/www.meydan.tv\/az\/article\/vyana-gorusundeki-yeni-detallar\/"]}]},{"@type":"ImageObject","inLanguage":"az","@id":"https:\/\/www.meydan.tv\/az\/article\/vyana-gorusundeki-yeni-detallar\/#primaryimage","url":"https:\/\/www.meydan.tv\/wp-content\/uploads\/21930.jpg","contentUrl":"https:\/\/www.meydan.tv\/wp-content\/uploads\/21930.jpg","width":750,"height":438,"caption":"Source:"},{"@type":"BreadcrumbList","@id":"https:\/\/www.meydan.tv\/az\/article\/vyana-gorusundeki-yeni-detallar\/#breadcrumb","itemListElement":[{"@type":"ListItem","position":1,"name":"Ana s\u0259hif\u0259","item":"https:\/\/www.meydan.tv\/az\/"},{"@type":"ListItem","position":2,"name":"Analitika","item":"https:\/\/www.meydan.tv\/az\/section\/analitika\/"},{"@type":"ListItem","position":3,"name":"Vyana g\u00f6r\u00fc\u015f\u00fcnd\u0259ki yeni detallar"}]},{"@type":"WebSite","@id":"https:\/\/www.meydan.tv\/az\/#website","url":"https:\/\/www.meydan.tv\/az\/","name":"MEYDAN.TV","description":"Meydan TV Az\u0259rbaycan\u0131n media m\u0259kan\u0131ndak\u0131 alternativ s\u0259sidir","publisher":{"@id":"https:\/\/www.meydan.tv\/az\/#organization"},"potentialAction":[{"@type":"SearchAction","target":{"@type":"EntryPoint","urlTemplate":"https:\/\/www.meydan.tv\/az\/?s={search_term_string}"},"query-input":{"@type":"PropertyValueSpecification","valueRequired":true,"valueName":"search_term_string"}}],"inLanguage":"az"},{"@type":"Organization","@id":"https:\/\/www.meydan.tv\/az\/#organization","name":"Meydan TV","url":"https:\/\/www.meydan.tv\/az\/","logo":{"@type":"ImageObject","inLanguage":"az","@id":"https:\/\/www.meydan.tv\/az\/#\/schema\/logo\/image\/","url":"https:\/\/www.meydan.tv\/wp-content\/uploads\/2021\/07\/meydan-logo.svg","contentUrl":"https:\/\/www.meydan.tv\/wp-content\/uploads\/2021\/07\/meydan-logo.svg","width":195,"height":46,"caption":"Meydan TV"},"image":{"@id":"https:\/\/www.meydan.tv\/az\/#\/schema\/logo\/image\/"}},{"@type":"Person","@id":"https:\/\/www.meydan.tv\/az\/#\/schema\/person\/10d11eccf6da3662cf5fdab9806ea91a","name":"user-manager"}]}},"_links":{"self":[{"href":"https:\/\/www.meydan.tv\/az\/wp-json\/wp\/v2\/posts\/176001","targetHints":{"allow":["GET"]}}],"collection":[{"href":"https:\/\/www.meydan.tv\/az\/wp-json\/wp\/v2\/posts"}],"about":[{"href":"https:\/\/www.meydan.tv\/az\/wp-json\/wp\/v2\/types\/post"}],"author":[{"embeddable":true,"href":"https:\/\/www.meydan.tv\/az\/wp-json\/wp\/v2\/users\/11"}],"replies":[{"embeddable":true,"href":"https:\/\/www.meydan.tv\/az\/wp-json\/wp\/v2\/comments?post=176001"}],"version-history":[{"count":0,"href":"https:\/\/www.meydan.tv\/az\/wp-json\/wp\/v2\/posts\/176001\/revisions"}],"wp:featuredmedia":[{"embeddable":true,"href":"https:\/\/www.meydan.tv\/az\/wp-json\/wp\/v2\/media\/57881"}],"wp:attachment":[{"href":"https:\/\/www.meydan.tv\/az\/wp-json\/wp\/v2\/media?parent=176001"}],"wp:term":[{"taxonomy":"category","embeddable":true,"href":"https:\/\/www.meydan.tv\/az\/wp-json\/wp\/v2\/categories?post=176001"},{"taxonomy":"post_tag","embeddable":true,"href":"https:\/\/www.meydan.tv\/az\/wp-json\/wp\/v2\/tags?post=176001"}],"curies":[{"name":"wp","href":"https:\/\/api.w.org\/{rel}","templated":true}]}}