{"id":175948,"date":"2016-05-14T21:20:11","date_gmt":"2016-05-14T21:20:11","guid":{"rendered":"https:\/\/www.meydan.tv\/article\/totalitar-ve-repressiv-rejimler\/"},"modified":"2016-05-14T21:20:11","modified_gmt":"2016-05-14T21:20:11","slug":"totalitar-ve-repressiv-rejimler","status":"publish","type":"post","link":"https:\/\/www.meydan.tv\/az\/article\/totalitar-ve-repressiv-rejimler\/","title":{"rendered":"Totalitar v\u0259 repressiv rejiml\u0259r"},"content":{"rendered":"<figure class=\"wp-block-image size-large\">\n  <img decoding=\"async\" src=\"https:\/\/www.meydan.tv\/az\/57620\/\" alt=\"\" class=\"wp-image-57620\"\/><figcaption><\/figcaption><\/figure>\n<p>\n  \u00d6lk\u0259mizd\u0259n d\u0259 yan ke\u00e7m\u0259y\u0259n ideologiyas\u0131ndan v\u0259 metodlar\u0131ndan as\u0131l\u0131 olmayaraq, totalitar sistemin \u0259sas \u201cantropoloji\u201d m\u0259qs\u0259di insan t\u0259bi\u0259tinin d\u0259yi\u015fdirilm\u0259si, manqurtla\u015fd\u0131r\u0131lmas\u0131, insan qan\u0131nda olan \u201cazadl\u0131q toxumunun\u201d pu\u00e7 v\u0259 repressiv ideologiya il\u0259 doldurulmas\u0131d\u0131r. D\u00fc\u015f\u00fcn\u00fcr\u0259m, \u00e7oxumuz el\u0259 g\u00fcnd\u0259lik h\u0259yat\u0131m\u0131zda homo totalitaricus sinfin\u0259 aid insanlarla \u00fczl\u0259\u015fmi\u015fik. Onlar\u0131n \u015f\u0259xsiyy\u0259ti o q\u0259d\u0259r transformasiyaya m\u0259ruz qal\u0131b ki, art\u0131q totalitar rejim \u00fc\u00e7\u00fcn onlar ideala \u00e7evirilibl\u0259r. M\u00fcxalif h\u0259r-hans\u0131 bir fikir onlar\u0131n \u00fcz\u00fcnd\u0259 qorxu v\u0259 dig\u0259r neqativ emosiyalara s\u0259b\u0259b olur.\n<\/p>\n<p>\n  Sovet totalitar rejiminin nasist totalitar rejimi \u00fcz\u0259rind\u0259 q\u0259l\u0259b\u0259si bu g\u00fcnl\u0259rd\u0259 qeyd edildi. Stalinizm v\u0259 nasiszmin d\u0259h\u015f\u0259tl\u0259rini \u00f6z v\u0259 yax\u0131nlar\u0131n\u0131n \u00fcz\u0259rind\u0259 g\u00f6rm\u00fc\u015f y\u0259hudi \u0259silli sovet yaz\u0131\u00e7\u0131s\u0131 Vasiliy Qrossman\u0131n \u201cH\u0259yat v\u0259 tale\u201d roman\u0131n\u0131 bu g\u00fcnl\u0259rd\u0259 oxumaq yerin\u0259 d\u00fc\u015fd\u00fc. Kitabda onlarla insan taleyi t\u0259sfir olunur, totalitar rejiml\u0259rin insanlar\u0131 fiziki v\u0259 m\u0259n\u0259vi m\u0259hv edilm\u0259si a\u00e7\u0131qca g\u00f6st\u0259rilir. T\u0259bii ki, Sovet rejimi kitab\u0131 uzun ill\u0259r boyunca qada\u011fan edir, m\u00f6c\u00fcz\u0259 n\u0259tic\u0259sind\u0259 it-bat olmayan kitab\u0131n \u0259lyazmas\u0131 ilk d\u0259f\u0259 m\u00fc\u0259llifin \u00f6l\u00fcm\u00fcnd\u0259n sonra \u0130sve\u00e7r\u0259d\u0259 1980-ci ild\u0259, daha sonra &#8220;perestroyka&#8221; vaxt\u0131 Sovetl\u0259r Birliyind\u0259 \u00e7apdan \u00e7\u0131x\u0131r. Bu \u00e7aplarda bel\u0259 bir ne\u00e7\u0259 \u201ct\u0259hl\u00fck\u0259li\u201d, post-Stalin d\u00f6vr\u00fcn\u00fcn t\u0259nqidi olan hiss\u0259l\u0259r y\u0131\u011f\u0131\u015ft\u0131r\u0131l\u0131r&#8230;\n<\/p>\n<p>\n  V. Qrossman\u0131n kitab\u0131 n\u0259h\u0259ngdir, buna baxmayaraq \u0259sas fikir, d\u00fc\u015f\u00fcn\u00fcr\u0259m ki, roman\u0131n birinci hiss\u0259sinin 50-ci f\u0259slind\u0259 verilib. Totalitarizmin insanlar\u0131 n\u0259 g\u00fcn\u0259 sald\u0131\u011f\u0131na bir bax\u0131n:\n<\/p>\n<p>\n  \u201cBu zamanlar ortaya \u00e7\u0131xan \u0259n q\u0259rib\u0259 hallardan biri d\u0259 insan t\u0259bi\u0259tinin ita\u0259ti oldu. B\u0259z\u0259n el\u0259 hallar olurdu ki, edam yerin\u0259 uzun n\u00f6vb\u0259l\u0259r yaran\u0131rd\u0131, qurbanlar \u00f6zl\u0259ri bu n\u00f6vb\u0259l\u0259ri t\u0259nziml\u0259yirdil\u0259r. B\u0259z\u0259n el\u0259 hallar olurdu ki, edam\u0131 s\u0259h\u0259rd\u0259n gec\u0259y\u0259 kimi, q\u0131zmar g\u00fcn\u0259\u015f alt\u0131nda g\u00f6zl\u0259m\u0259k g\u0259r\u0259kirdi, bunu bil\u0259n analar \u0259vv\u0259lc\u0259d\u0259n \u00f6zl\u0259ri il\u0259 u\u015faqlar\u0131 \u00fc\u00e7\u00fcn su, \u00e7\u00f6r\u0259k g\u0259tirirdil\u0259r. Milyonlarla g\u00fcnahs\u0131z h\u0259bsin yax\u0131nl\u0131\u011f\u0131n\u0131 hiss ed\u0259r\u0259k \u0259vv\u0259lc\u0259d\u0259n a\u011f paltar, d\u0259smal haz\u0131rlay\u0131rd\u0131lar, \u0259vv\u0259lc\u0259d\u0259n yax\u0131nlar\u0131 il\u0259 vidala\u015f\u0131rd\u0131lar. Milyonlar \u00f6zl\u0259rinin tikdiyi v\u0259 h\u0259tta qorudu\u011fu n\u0259h\u0259ng lagerl\u0259rd\u0259 ya\u015fay\u0131rd\u0131lar.\n<\/p>\n<p>\n  Art\u0131q on minl\u0259r v\u0259 on milyonlar yox, n\u0259h\u0259ng k\u00fctl\u0259 g\u00fcnahs\u0131zlar\u0131n m\u0259hvinin \u015fahidi olurdu. Ancaq t\u0259kc\u0259 \u015fahid yox: \u0259mr g\u0259l\u0259nd\u0259, s\u0259s verirdil\u0259r, k\u00fctl\u0259vi q\u0259tll\u0259r\u0259 \u00f6z birm\u0259nal\u0131 raz\u0131l\u0131qlar\u0131n\u0131 bildirirdil\u0259r. \u0130nsanlar\u0131n bu t\u0259v\u0259kk\u00fcl\u00fcnd\u0259 g\u00f6zl\u0259nilm\u0259z bir \u015fey a\u015fkar edildi.\n<\/p>\n<p>\n  T\u0259bii ki, dir\u0259ni\u015f var idi, m\u0259\u011flubiyy\u0259t\u0259 d\u00fc\u00e7ar olmu\u015flar\u0131n q\u0259hr\u0259manl\u0131\u011f\u0131 var idi, \u00fcsyanlar olmu\u015fdu&#8230; Ancaq yen\u0259 d\u0259 \u0259sas\u0259n insanlar\u0131n k\u00fctl\u0259vi ita\u0259ti m\u00fc\u015fahid\u0259 olundu.\n<\/p>\n<p>\n  Bu n\u0259d\u0259n x\u0259b\u0259r verir? \u0130nsanda bird\u0259n-bir\u0259 \u0259m\u0259l\u0259 g\u0259lmi\u015f yeni x\u00fcsusiyy\u0259t? Xeyr \u2013 bu ita\u0259t insanlara t\u0259sir ed\u0259n yeni d\u0259h\u015f\u0259tli q\u00fcvv\u0259d\u0259n x\u0259b\u0259r verir. Totalitar sosial sisteml\u0259rin \u015f\u0259xsiyy\u0259t\u0259 olan \u00fcst t\u0259cav\u00fcz\u00fc kontinentl\u0259r seviyy\u0259sind\u0259 insan ruhunu parali\u00e7 s\u0259viyy\u0259sin\u0259 sala bildi\u201d.\n<\/p>\n<p>\n  Buradan n\u0259tic\u0259 \u00e7\u0131xa bil\u0259r ki, insan t\u0259bi\u0259ti totalitar diktaturan\u0131n repressiya ma\u015f\u0131n\u0131 insanlar\u0131n beynini yuyur, t\u0259bi\u0259tini transformasiyaya m\u0259ruz qoyur&#8230; Bu totalitarizmin q\u0259l\u0259b\u0259si m\u0259nas\u0131na g\u0259tirir mi? Tarixd\u0259n v\u0259 g\u00fcn\u00fcm\u00fczd\u0259n misallar \u0259ksini g\u00f6st\u0259rir \u2013 \u0259r\u0259b bahar\u0131 insan t\u0259bi\u0259tinin totalitarizm\u0259 zidd oldu\u011funu g\u00f6st\u0259rdi. H\u0259r n\u0259 q\u0259d\u0259r rejim insanlara basq\u0131 g\u00f6st\u0259rs\u0259, bir g\u00fcn bu t\u0259sir \u0259ks n\u0259tic\u0259 do\u011furur.\n<\/p>\n<p>\n  \u201cVar\u015fava gettosunda, Treblik v\u0259 Sobiborda b\u00f6y\u00fck \u00fcsyanlar, partizan h\u0259r\u0259katlar\u0131, Hitlerin i\u015f\u011fal etdiyi \u0259razil\u0259rd\u0259 ba\u015f ver\u0259nl\u0259r, poststalin d\u00f6vr\u00fcnd\u0259 1953-c\u00fc il Berlin v\u0259 1956-c\u0131 il Macar\u0131stan \u00fcsyan\u0131, sibir v\u0259 uzaq \u015f\u0259rqd\u0259 Stalinin \u00f6l\u00fcm\u00fcnd\u0259n sonra d\u00fc\u015f\u0259rg\u0259l\u0259rd\u0259 \u00fcsyanlar, Pol\u015fada azadl\u0131q h\u0259r\u0259kat\u0131, zavodlarda aksiyalar g\u00f6st\u0259rdi ki, insan t\u0259bi\u0259ti h\u0259r zaman azadl\u0131\u011fa y\u00f6n\u0259lib. O, yat\u0131r\u0131lm\u0131\u015fd\u0131, amma varl\u0131\u011f\u0131 m\u0259hv edilm\u0259mi\u015fdi. \u0130nsan qul taleyi ya\u015faya bil\u0259r, amma t\u0259bi\u0259tc\u0259 qul ola bilm\u0259z.\n<\/p>\n<p>\n  Totalitarizm zorak\u0131l\u0131qdan imtina ed\u0259 bilm\u0259z. Zorak\u0131l\u0131qdan imtina, totalitarizmin sona dem\u0259k olar. \u018fb\u0259di, birba\u015fa v\u0259 ya gizli davam ed\u0259n zorak\u0131l\u0131q totalitarizmin \u0259sas\u0131d\u0131r. \u00c7\u00fcnki insan k\u00f6n\u00fcll\u00fc azadl\u0131qdan imtina ed\u0259 bilm\u0259z. Bu n\u0259tic\u0259 bizim indimiz\u0259 v\u0259 g\u0259l\u0259c\u0259yimiz\u0259 i\u015f\u0131qd\u0131r\u201d.\n<\/p>\n<p>\n  Totalitarizmin m\u0259qs\u0259di insan, c\u0259miyy\u0259t, d\u00f6vl\u0259t, partiya, ictimai h\u0259yat\u0131n b\u00fct\u00fcn strukturlar\u0131n\u0131n birliyin\u0259 nail olmaqd\u0131r. El\u0259 birlik ki, orada ancaq bir fikir var v\u0259 \u0259ks fikir cinay\u0259t kimi qar\u015f\u0131lan\u0131r. D\u00f6vl\u0259t insanlar \u00fc\u00e7\u00fcn m\u00f6vcud deyil, \u0259ksin\u0259 insanlar d\u00f6vl\u0259t \u00fc\u00e7\u00fcn m\u00f6vcud oldu\u011fundan, f\u0259rd v\u0259t\u0259nda\u015f\u0131n, v\u0259t\u0259nda\u015f \u00f6z n\u00f6vb\u0259sind\u0259 ba\u015f \u0259y\u0259n bir siman\u0131n qurban\u0131na \u00e7evrilib. F\u0259rdl\u0259r zorak\u0131 d\u00f6vl\u0259t aparat\u0131 qar\u015f\u0131s\u0131nda t\u0259k qal\u0131r. Bu, \u0259lb\u0259tt\u0259, sosial q\u00fcvv\u0259l\u0259ri paraliz\u0259 edir. Konformizm, \u201cpalaza b\u00fcr\u00fcn, eln\u0259n s\u00fcr\u00fcn\u201d prinsipi insanlar\u0131 kor k\u00fctl\u0259y\u0259 \u00e7evirir. Totalitarizmin \u0259sas m\u0259qs\u0259di d\u0259 budur.\n<\/p>\n<p>\n  Ancaq nec\u0259 olur ki, bu zorak\u0131 sistem gec-tez \u00e7\u00f6k\u00fcr?\n<\/p>\n<p>\n  Ard\u0131 var\n<\/p>\n<p>\n  <b><br \/>\n    M\u0259qal\u0259 m\u00fc\u0259llifin facebook s\u0259hif\u0259sind\u0259n g\u00f6t\u00fcr\u00fcl\u00fcb v\u0259 Meydan.Tv-nin m\u00f6vqeyi il\u0259 \u00fcst-\u00fcst\u0259 d\u00fc\u015fm\u0259y\u0259 bil\u0259r.<br \/>\n  <\/b><\/p>\n","protected":false},"excerpt":{"rendered":"<p>\u0130nsan t\u0259bi\u0259tin\u0259 v\u0259 l\u0259yaq\u0259tin\u0259 zidd&#8230;<\/p>\n","protected":false},"author":11,"featured_media":57620,"comment_status":"closed","ping_status":"open","sticky":false,"template":"","format":"standard","meta":{"_acf_changed":false,"_sitemap_exclude":false,"_sitemap_priority":"","_sitemap_frequency":"","footnotes":""},"categories":[57],"tags":[],"class_list":["post-175948","post","type-post","status-publish","format-standard","has-post-thumbnail","hentry","category-menim-fikrimce","infinite-scroll-item","generate-columns","tablet-grid-50","mobile-grid-100","grid-parent","grid-33","no-featured-image-padding"],"acf":[],"yoast_head":"<!-- This site is optimized with the Yoast SEO plugin v27.5 - https:\/\/yoast.com\/product\/yoast-seo-wordpress\/ -->\n<title>Totalitar v\u0259 repressiv rejiml\u0259r - MEYDAN.TV<\/title>\n<meta name=\"robots\" content=\"index, follow, max-snippet:-1, max-image-preview:large, max-video-preview:-1\" \/>\n<link rel=\"canonical\" href=\"https:\/\/www.meydan.tv\/az\/article\/totalitar-ve-repressiv-rejimler\/\" \/>\n<meta property=\"og:locale\" content=\"az_AZ\" \/>\n<meta property=\"og:type\" content=\"article\" \/>\n<meta property=\"og:title\" content=\"Totalitar v\u0259 repressiv rejiml\u0259r - MEYDAN.TV\" \/>\n<meta property=\"og:description\" content=\"\u0130nsan t\u0259bi\u0259tin\u0259 v\u0259 l\u0259yaq\u0259tin\u0259 zidd...\" \/>\n<meta property=\"og:url\" content=\"https:\/\/www.meydan.tv\/az\/article\/totalitar-ve-repressiv-rejimler\/\" \/>\n<meta property=\"og:site_name\" content=\"MEYDAN.TV\" \/>\n<meta property=\"article:published_time\" content=\"2016-05-14T21:20:11+00:00\" \/>\n<meta property=\"og:image\" content=\"https:\/\/www.meydan.tv\/wp-content\/uploads\/21825.jpg\" \/>\n\t<meta property=\"og:image:width\" content=\"1080\" \/>\n\t<meta property=\"og:image:height\" content=\"1077\" \/>\n\t<meta property=\"og:image:type\" content=\"image\/jpeg\" \/>\n<meta name=\"author\" content=\"user-manager\" \/>\n<meta name=\"twitter:card\" content=\"summary_large_image\" \/>\n<script type=\"application\/ld+json\" class=\"yoast-schema-graph\">{\"@context\":\"https:\\\/\\\/schema.org\",\"@graph\":[{\"@type\":\"Article\",\"@id\":\"https:\\\/\\\/www.meydan.tv\\\/az\\\/article\\\/totalitar-ve-repressiv-rejimler\\\/#article\",\"isPartOf\":{\"@id\":\"https:\\\/\\\/www.meydan.tv\\\/az\\\/article\\\/totalitar-ve-repressiv-rejimler\\\/\"},\"author\":{\"name\":\"user-manager\",\"@id\":\"https:\\\/\\\/www.meydan.tv\\\/az\\\/#\\\/schema\\\/person\\\/10d11eccf6da3662cf5fdab9806ea91a\"},\"headline\":\"Totalitar v\u0259 repressiv rejiml\u0259r\",\"datePublished\":\"2016-05-14T21:20:11+00:00\",\"mainEntityOfPage\":{\"@id\":\"https:\\\/\\\/www.meydan.tv\\\/az\\\/article\\\/totalitar-ve-repressiv-rejimler\\\/\"},\"wordCount\":1049,\"publisher\":{\"@id\":\"https:\\\/\\\/www.meydan.tv\\\/az\\\/#organization\"},\"image\":{\"@id\":\"https:\\\/\\\/www.meydan.tv\\\/az\\\/article\\\/totalitar-ve-repressiv-rejimler\\\/#primaryimage\"},\"thumbnailUrl\":\"https:\\\/\\\/www.meydan.tv\\\/wp-content\\\/uploads\\\/21825.jpg\",\"articleSection\":[\"M\u0259nim Fikrimc\u0259\"],\"inLanguage\":\"az\"},{\"@type\":\"WebPage\",\"@id\":\"https:\\\/\\\/www.meydan.tv\\\/az\\\/article\\\/totalitar-ve-repressiv-rejimler\\\/\",\"url\":\"https:\\\/\\\/www.meydan.tv\\\/az\\\/article\\\/totalitar-ve-repressiv-rejimler\\\/\",\"name\":\"Totalitar v\u0259 repressiv rejiml\u0259r - MEYDAN.TV\",\"isPartOf\":{\"@id\":\"https:\\\/\\\/www.meydan.tv\\\/az\\\/#website\"},\"primaryImageOfPage\":{\"@id\":\"https:\\\/\\\/www.meydan.tv\\\/az\\\/article\\\/totalitar-ve-repressiv-rejimler\\\/#primaryimage\"},\"image\":{\"@id\":\"https:\\\/\\\/www.meydan.tv\\\/az\\\/article\\\/totalitar-ve-repressiv-rejimler\\\/#primaryimage\"},\"thumbnailUrl\":\"https:\\\/\\\/www.meydan.tv\\\/wp-content\\\/uploads\\\/21825.jpg\",\"datePublished\":\"2016-05-14T21:20:11+00:00\",\"breadcrumb\":{\"@id\":\"https:\\\/\\\/www.meydan.tv\\\/az\\\/article\\\/totalitar-ve-repressiv-rejimler\\\/#breadcrumb\"},\"inLanguage\":\"az\",\"potentialAction\":[{\"@type\":\"ReadAction\",\"target\":[\"https:\\\/\\\/www.meydan.tv\\\/az\\\/article\\\/totalitar-ve-repressiv-rejimler\\\/\"]}]},{\"@type\":\"ImageObject\",\"inLanguage\":\"az\",\"@id\":\"https:\\\/\\\/www.meydan.tv\\\/az\\\/article\\\/totalitar-ve-repressiv-rejimler\\\/#primaryimage\",\"url\":\"https:\\\/\\\/www.meydan.tv\\\/wp-content\\\/uploads\\\/21825.jpg\",\"contentUrl\":\"https:\\\/\\\/www.meydan.tv\\\/wp-content\\\/uploads\\\/21825.jpg\",\"width\":1080,\"height\":1077,\"caption\":\"Source:\"},{\"@type\":\"BreadcrumbList\",\"@id\":\"https:\\\/\\\/www.meydan.tv\\\/az\\\/article\\\/totalitar-ve-repressiv-rejimler\\\/#breadcrumb\",\"itemListElement\":[{\"@type\":\"ListItem\",\"position\":1,\"name\":\"Ana s\u0259hif\u0259\",\"item\":\"https:\\\/\\\/www.meydan.tv\\\/az\\\/\"},{\"@type\":\"ListItem\",\"position\":2,\"name\":\"M\u0259nim Fikrimc\u0259\",\"item\":\"https:\\\/\\\/www.meydan.tv\\\/az\\\/section\\\/menim-fikrimce\\\/\"},{\"@type\":\"ListItem\",\"position\":3,\"name\":\"Totalitar v\u0259 repressiv rejiml\u0259r\"}]},{\"@type\":\"WebSite\",\"@id\":\"https:\\\/\\\/www.meydan.tv\\\/az\\\/#website\",\"url\":\"https:\\\/\\\/www.meydan.tv\\\/az\\\/\",\"name\":\"MEYDAN.TV\",\"description\":\"Meydan TV Az\u0259rbaycan\u0131n media m\u0259kan\u0131ndak\u0131 alternativ s\u0259sidir\",\"publisher\":{\"@id\":\"https:\\\/\\\/www.meydan.tv\\\/az\\\/#organization\"},\"potentialAction\":[{\"@type\":\"SearchAction\",\"target\":{\"@type\":\"EntryPoint\",\"urlTemplate\":\"https:\\\/\\\/www.meydan.tv\\\/az\\\/?s={search_term_string}\"},\"query-input\":{\"@type\":\"PropertyValueSpecification\",\"valueRequired\":true,\"valueName\":\"search_term_string\"}}],\"inLanguage\":\"az\"},{\"@type\":\"Organization\",\"@id\":\"https:\\\/\\\/www.meydan.tv\\\/az\\\/#organization\",\"name\":\"Meydan TV\",\"url\":\"https:\\\/\\\/www.meydan.tv\\\/az\\\/\",\"logo\":{\"@type\":\"ImageObject\",\"inLanguage\":\"az\",\"@id\":\"https:\\\/\\\/www.meydan.tv\\\/az\\\/#\\\/schema\\\/logo\\\/image\\\/\",\"url\":\"https:\\\/\\\/www.meydan.tv\\\/wp-content\\\/uploads\\\/2021\\\/07\\\/meydan-logo.svg\",\"contentUrl\":\"https:\\\/\\\/www.meydan.tv\\\/wp-content\\\/uploads\\\/2021\\\/07\\\/meydan-logo.svg\",\"width\":195,\"height\":46,\"caption\":\"Meydan TV\"},\"image\":{\"@id\":\"https:\\\/\\\/www.meydan.tv\\\/az\\\/#\\\/schema\\\/logo\\\/image\\\/\"}},{\"@type\":\"Person\",\"@id\":\"https:\\\/\\\/www.meydan.tv\\\/az\\\/#\\\/schema\\\/person\\\/10d11eccf6da3662cf5fdab9806ea91a\",\"name\":\"user-manager\"}]}<\/script>\n<!-- \/ Yoast SEO plugin. -->","yoast_head_json":{"title":"Totalitar v\u0259 repressiv rejiml\u0259r - MEYDAN.TV","robots":{"index":"index","follow":"follow","max-snippet":"max-snippet:-1","max-image-preview":"max-image-preview:large","max-video-preview":"max-video-preview:-1"},"canonical":"https:\/\/www.meydan.tv\/az\/article\/totalitar-ve-repressiv-rejimler\/","og_locale":"az_AZ","og_type":"article","og_title":"Totalitar v\u0259 repressiv rejiml\u0259r - MEYDAN.TV","og_description":"\u0130nsan t\u0259bi\u0259tin\u0259 v\u0259 l\u0259yaq\u0259tin\u0259 zidd...","og_url":"https:\/\/www.meydan.tv\/az\/article\/totalitar-ve-repressiv-rejimler\/","og_site_name":"MEYDAN.TV","article_published_time":"2016-05-14T21:20:11+00:00","og_image":[{"width":1080,"height":1077,"url":"https:\/\/www.meydan.tv\/wp-content\/uploads\/21825.jpg","type":"image\/jpeg"}],"author":"user-manager","twitter_card":"summary_large_image","schema":{"@context":"https:\/\/schema.org","@graph":[{"@type":"Article","@id":"https:\/\/www.meydan.tv\/az\/article\/totalitar-ve-repressiv-rejimler\/#article","isPartOf":{"@id":"https:\/\/www.meydan.tv\/az\/article\/totalitar-ve-repressiv-rejimler\/"},"author":{"name":"user-manager","@id":"https:\/\/www.meydan.tv\/az\/#\/schema\/person\/10d11eccf6da3662cf5fdab9806ea91a"},"headline":"Totalitar v\u0259 repressiv rejiml\u0259r","datePublished":"2016-05-14T21:20:11+00:00","mainEntityOfPage":{"@id":"https:\/\/www.meydan.tv\/az\/article\/totalitar-ve-repressiv-rejimler\/"},"wordCount":1049,"publisher":{"@id":"https:\/\/www.meydan.tv\/az\/#organization"},"image":{"@id":"https:\/\/www.meydan.tv\/az\/article\/totalitar-ve-repressiv-rejimler\/#primaryimage"},"thumbnailUrl":"https:\/\/www.meydan.tv\/wp-content\/uploads\/21825.jpg","articleSection":["M\u0259nim Fikrimc\u0259"],"inLanguage":"az"},{"@type":"WebPage","@id":"https:\/\/www.meydan.tv\/az\/article\/totalitar-ve-repressiv-rejimler\/","url":"https:\/\/www.meydan.tv\/az\/article\/totalitar-ve-repressiv-rejimler\/","name":"Totalitar v\u0259 repressiv rejiml\u0259r - MEYDAN.TV","isPartOf":{"@id":"https:\/\/www.meydan.tv\/az\/#website"},"primaryImageOfPage":{"@id":"https:\/\/www.meydan.tv\/az\/article\/totalitar-ve-repressiv-rejimler\/#primaryimage"},"image":{"@id":"https:\/\/www.meydan.tv\/az\/article\/totalitar-ve-repressiv-rejimler\/#primaryimage"},"thumbnailUrl":"https:\/\/www.meydan.tv\/wp-content\/uploads\/21825.jpg","datePublished":"2016-05-14T21:20:11+00:00","breadcrumb":{"@id":"https:\/\/www.meydan.tv\/az\/article\/totalitar-ve-repressiv-rejimler\/#breadcrumb"},"inLanguage":"az","potentialAction":[{"@type":"ReadAction","target":["https:\/\/www.meydan.tv\/az\/article\/totalitar-ve-repressiv-rejimler\/"]}]},{"@type":"ImageObject","inLanguage":"az","@id":"https:\/\/www.meydan.tv\/az\/article\/totalitar-ve-repressiv-rejimler\/#primaryimage","url":"https:\/\/www.meydan.tv\/wp-content\/uploads\/21825.jpg","contentUrl":"https:\/\/www.meydan.tv\/wp-content\/uploads\/21825.jpg","width":1080,"height":1077,"caption":"Source:"},{"@type":"BreadcrumbList","@id":"https:\/\/www.meydan.tv\/az\/article\/totalitar-ve-repressiv-rejimler\/#breadcrumb","itemListElement":[{"@type":"ListItem","position":1,"name":"Ana s\u0259hif\u0259","item":"https:\/\/www.meydan.tv\/az\/"},{"@type":"ListItem","position":2,"name":"M\u0259nim Fikrimc\u0259","item":"https:\/\/www.meydan.tv\/az\/section\/menim-fikrimce\/"},{"@type":"ListItem","position":3,"name":"Totalitar v\u0259 repressiv rejiml\u0259r"}]},{"@type":"WebSite","@id":"https:\/\/www.meydan.tv\/az\/#website","url":"https:\/\/www.meydan.tv\/az\/","name":"MEYDAN.TV","description":"Meydan TV Az\u0259rbaycan\u0131n media m\u0259kan\u0131ndak\u0131 alternativ s\u0259sidir","publisher":{"@id":"https:\/\/www.meydan.tv\/az\/#organization"},"potentialAction":[{"@type":"SearchAction","target":{"@type":"EntryPoint","urlTemplate":"https:\/\/www.meydan.tv\/az\/?s={search_term_string}"},"query-input":{"@type":"PropertyValueSpecification","valueRequired":true,"valueName":"search_term_string"}}],"inLanguage":"az"},{"@type":"Organization","@id":"https:\/\/www.meydan.tv\/az\/#organization","name":"Meydan TV","url":"https:\/\/www.meydan.tv\/az\/","logo":{"@type":"ImageObject","inLanguage":"az","@id":"https:\/\/www.meydan.tv\/az\/#\/schema\/logo\/image\/","url":"https:\/\/www.meydan.tv\/wp-content\/uploads\/2021\/07\/meydan-logo.svg","contentUrl":"https:\/\/www.meydan.tv\/wp-content\/uploads\/2021\/07\/meydan-logo.svg","width":195,"height":46,"caption":"Meydan TV"},"image":{"@id":"https:\/\/www.meydan.tv\/az\/#\/schema\/logo\/image\/"}},{"@type":"Person","@id":"https:\/\/www.meydan.tv\/az\/#\/schema\/person\/10d11eccf6da3662cf5fdab9806ea91a","name":"user-manager"}]}},"_links":{"self":[{"href":"https:\/\/www.meydan.tv\/az\/wp-json\/wp\/v2\/posts\/175948","targetHints":{"allow":["GET"]}}],"collection":[{"href":"https:\/\/www.meydan.tv\/az\/wp-json\/wp\/v2\/posts"}],"about":[{"href":"https:\/\/www.meydan.tv\/az\/wp-json\/wp\/v2\/types\/post"}],"author":[{"embeddable":true,"href":"https:\/\/www.meydan.tv\/az\/wp-json\/wp\/v2\/users\/11"}],"replies":[{"embeddable":true,"href":"https:\/\/www.meydan.tv\/az\/wp-json\/wp\/v2\/comments?post=175948"}],"version-history":[{"count":0,"href":"https:\/\/www.meydan.tv\/az\/wp-json\/wp\/v2\/posts\/175948\/revisions"}],"wp:featuredmedia":[{"embeddable":true,"href":"https:\/\/www.meydan.tv\/az\/wp-json\/wp\/v2\/media\/57620"}],"wp:attachment":[{"href":"https:\/\/www.meydan.tv\/az\/wp-json\/wp\/v2\/media?parent=175948"}],"wp:term":[{"taxonomy":"category","embeddable":true,"href":"https:\/\/www.meydan.tv\/az\/wp-json\/wp\/v2\/categories?post=175948"},{"taxonomy":"post_tag","embeddable":true,"href":"https:\/\/www.meydan.tv\/az\/wp-json\/wp\/v2\/tags?post=175948"}],"curies":[{"name":"wp","href":"https:\/\/api.w.org\/{rel}","templated":true}]}}