{"id":175928,"date":"2016-05-13T20:29:23","date_gmt":"2016-05-13T20:29:23","guid":{"rendered":"https:\/\/www.meydan.tv\/article\/azerbaycan-qapali-kecmis-ve-aciq-gelecek-arasinda\/"},"modified":"2016-05-13T20:29:23","modified_gmt":"2016-05-13T20:29:23","slug":"azerbaycan-qapali-kecmis-ve-aciq-gelecek-arasinda","status":"publish","type":"post","link":"https:\/\/www.meydan.tv\/az\/article\/azerbaycan-qapali-kecmis-ve-aciq-gelecek-arasinda\/","title":{"rendered":"Az\u0259rbaycan: &#8221;qapal\u0131&#8221; ke\u00e7mi\u015f v\u0259 &#8221;a\u00e7\u0131q&#8221; g\u0259l\u0259c\u0259k aras\u0131nda"},"content":{"rendered":"<figure class=\"wp-block-image size-large\">\n  <img decoding=\"async\" src=\"https:\/\/www.meydan.tv\/az\/hillari-klinton-ve-ilham-eliyev\/\" alt=\"Hillari Klinton v\u0259 \u0130lham \u018fliyev\" class=\"wp-image-55077\"\/><figcaption>\n    Hillari Klinton v\u0259 \u0130lham \u018fliyev<br \/>\n  <\/figcaption><\/figure>\n<p>\n  <i><br \/>\n    Az\u0259rbaycan h\u00f6kum\u0259ti, prinsipc\u0259, bu yax\u0131nlarda b\u00f6hran \u0259r\u0259f\u0259sind\u0259 oldu\u011fu kimi, Q\u0259rbl\u0259 qar\u015f\u0131durma yoluna qay\u0131da bil\u0259r, amma bu, \u00e7\u0259tin ki, \u0259n yax\u015f\u0131 q\u0259rar olsun, h\u0259m d\u0259 rejimin resurs ehtiyatlar\u0131 xeyli azal\u0131b v\u0259 K\u00f6hn\u0259 v\u0259 Yeni D\u00fcnyan\u0131n ikinci t\u0259zyiq dal\u011fas\u0131na davam g\u0259tirm\u0259y\u0259 bil\u0259r<br \/>\n  <\/i>\n<\/p>\n<p>\n  Beyn\u0259lxalq maliyy\u0259 institutlar\u0131n\u0131n Az\u0259rbaycana maliyy\u0259 yard\u0131m\u0131 m\u00f6vzusu \u0259traf\u0131nda son f\u0259all\u0131q Bak\u0131da h\u00f6kum\u0259tin \u201cqapal\u0131\u201d ke\u00e7mi\u015f v\u0259 \u201ca\u00e7\u0131q\u201d g\u0259l\u0259c\u0259k aras\u0131nda se\u00e7im ed\u0259 bilm\u0259diyi fikrini getdikc\u0259 daha \u00e7ox d\u0259rinl\u0259\u015fdirir.\n<\/p>\n<p>\n  Neft qiym\u0259tl\u0259rinin d\u00fc\u015fm\u0259si v\u0259 milli valyutan\u0131n devalvasiyas\u0131n\u0131n vurdu\u011fu ard\u0131c\u0131l z\u0259rb\u0259l\u0259rd\u0259n nokdauna d\u00fc\u015f\u0259n Az\u0259rbaycan k\u00f6m\u0259k \u00fc\u00e7\u00fcn D\u00fcnya Bank\u0131, BVF, A\u0130B, AY\u0130B-\u0259, h\u0259m\u00e7inin Yax\u0131n \u015e\u0259rqin z\u0259ngin elitalar\u0131na m\u00fcraci\u0259t edib. S\u00f6hb\u0259t on milyardlarla dollar m\u0259bl\u0259\u011fd\u0259n gedir. Bu add\u0131mlar z\u0259rur\u0259td\u0259n ir\u0259li g\u0259lib, amma \u0259m\u0259kda\u015fl\u0131\u011fa, x\u00fcsus\u0259n d\u0259 islahatlar sah\u0259sind\u0259 \u0259m\u0259kda\u015fl\u0131\u011fa a\u00e7\u0131q olan t\u0259\u015fkilatlarla \u0259m\u0259kda\u015fl\u0131q etm\u0259k ist\u0259yi il\u0259 he\u00e7 c\u00fcr\u0259 ba\u011fl\u0131 deyil.\n<\/p>\n<p>\n  H\u00f6kum\u0259tin \u0259m\u0259ll\u0259rinin ziddiyy\u0259tli oldu\u011fu \u00f6lk\u0259nin iki beyn\u0259lxalq t\u0259\u015fkilat \u2013 \u201cM\u0259d\u0259n S\u0259nayesind\u0259 \u015e\u0259ffafl\u0131q T\u0259\u015f\u0259bb\u00fcs\u00fc\u201d (E\u0130T\u0130) v\u0259 \u201cBeyn\u0259lxalq \u201cA\u00e7\u0131q H\u00f6kum\u0259t\u201d T\u0259r\u0259fda\u015fl\u0131\u011f\u0131\u201d (OGR) il\u0259 m\u00fcnasib\u0259tl\u0259rind\u0259 hiss olunur. Son vaxtlar h\u00f6kum\u0259t q\u0131z\u011f\u0131n sur\u0259td\u0259 beyn\u0259lxalq oyun\u00e7ular\u0131 h\u0259r iki t\u0259\u015f\u0259bb\u00fcs\u00fcn meyarlar\u0131na uy\u011funla\u015fmaq ist\u0259yin\u0259 inand\u0131rma\u011fa c\u0259hd edib v\u0259 E\u0130T\u0130-y\u0259 daxil olan bir s\u0131ra QHT-nin hesablar\u0131na qoyulmu\u015f h\u0259bsl\u0259rin g\u00f6t\u00fcr\u00fclm\u0259si v\u0259 onlar\u0131n h\u0259r\u0259k\u0259t azadl\u0131\u011f\u0131n\u0131n t\u0259min edilm\u0259si \u00fczr\u0259 kosmetik add\u0131mlar at\u0131b, habel\u0259 b\u00f6y\u00fck gecikm\u0259 il\u0259 olsa da, aprelin sonlar\u0131nda \u201c2016-2018-ci ill\u0259r \u00fc\u00e7\u00fcn a\u00e7\u0131q h\u00f6kum\u0259tin t\u0259\u015ffiqi \u00fczr\u0259 Milli F\u0259aliyy\u0259t Plan\u0131\u201dn\u0131 q\u0259bul edib.\n<\/p>\n<p>\n  Lakin OGR-in Keyptaunda q\u0259bul etdiyi Az\u0259rbaycan\u0131n statusunun \u00fczvl\u00fckd\u0259n qeyri-f\u0259al \u00fczvl\u00fcy\u0259 q\u0259d\u0259r endirilm\u0259si, s\u0259s h\u00fcququndan m\u0259hrum edilm\u0259si haqq\u0131nda son q\u0259rar\u0131 g\u00f6st\u0259rir ki, Va\u015finqton kosmetik add\u0131mlar\u0131 q\u0259bul etmir v\u0259 s\u00fcr\u0259tl\u0259ndirilmi\u015f rejimd\u0259 real islahatlara nail olmaq niyy\u0259tind\u0259dir.\n<\/p>\n<p>\n  OGR 2011-ci ild\u0259 AB\u015e prezidenti t\u0259r\u0259find\u0259n ir\u0259li s\u00fcr\u00fcl\u00fcb v\u0259 h\u0259min vaxtki d\u00f6vl\u0259t katibi Hillari Klintonun 2012-ci ilin iyununda Bak\u0131ya s\u0259f\u0259ri zaman\u0131 f\u0259al \u015f\u0259kild\u0259 t\u0259\u015fviq olunub. H\u0259min vaxt Klinton b\u0259lli edib ki, AB\u015e-\u0131n dig\u0259r \u00f6lk\u0259l\u0259rl\u0259 m\u00fcnasib\u0259tl\u0259ri d\u00f6vl\u0259tl\u0259rin a\u00e7\u0131ql\u0131q v\u0259 ya qapal\u0131l\u0131q d\u0259r\u0259c\u0259si il\u0259 m\u00fc\u0259yy\u0259n olunacaq: \u201cAB\u015e \u0259mindir ki, 21-ci \u0259srd\u0259 \u00f6lk\u0259l\u0259r aras\u0131nda \u0259n b\u00f6y\u00fck f\u0259rql\u0259rd\u0259n biri \u015eimal v\u0259 C\u0259nub, \u015e\u0259rq v\u0259 Q\u0259rb aras\u0131nda b\u00f6lg\u00fc, dini etiqad v\u0259 ya ist\u0259nil\u0259n dig\u0259r kateqoriya deyil, daha \u00e7ox onlar\u0131n a\u00e7\u0131q v\u0259 ya qapal\u0131 c\u0259miyy\u0259t olmas\u0131 olacaq\u201d.\n<\/p>\n<p>\n  Klinton C\u0259nubi Qafqaz regionunda demokratiya autsayderi olan Az\u0259rbaycana xo\u015f m\u0259ram add\u0131m\u0131 kimi jurnalistl\u0259ri, etiraz n\u00fcmayi\u015fl\u0259rinin i\u015ftirak\u00e7\u0131lar\u0131n\u0131 azad etm\u0259yi v\u0259 \u201cA\u00e7\u0131q h\u00f6kum\u0259t\u201d t\u0259\u015f\u0259bb\u00fcs\u00fc \u00e7\u0259r\u00e7iv\u0259sind\u0259 v\u0259t\u0259nda\u015f c\u0259miyy\u0259ti il\u0259 dialoqa ba\u015flama\u011f\u0131 t\u0259klif edib.\u00a0Lakin Az\u0259rbaycanda sonrak\u0131 s\u00f6z azadl\u0131\u011f\u0131n\u0131n\u00a0pozulmas\u0131 da hadis\u0259l\u0259rinin g\u00f6st\u0259rdiyi kimi bu \u00e7a\u011f\u0131r\u0131\u015f e\u015fidilm\u0259yib, baxmayaraq ki, d\u00f6vl\u0259t katibi Bak\u0131n\u0131 kursun d\u0259yi\u015fdirildiyi bar\u0259d\u0259 v\u0259dl\u0259rl\u0259 t\u0259rk edib. G\u00f6r\u00fcnd\u00fcy\u00fc kimi, burada \u0259min idil\u0259r ki, pay\u0131zda prezident se\u00e7kil\u0259rind\u0259 Oval kabinet\u0259 n\u00fcmay\u0259nd\u0259l\u0259ri Bak\u0131 rejimini himay\u0259 etm\u0259si il\u0259 m\u0259\u015fhur olan Respublika\u00e7\u0131lar Partiyas\u0131n\u0131n ir\u0259li s\u00fcrdy\u00fc namiz\u0259d daxil olacaq.\n<\/p>\n<p>\n  OGR-d\u0259 apreld\u0259 q\u0259bul edilmi\u015f q\u0259rar iyunun 1-2-d\u0259 Var\u015favada iclas\u0131 ke\u00e7iril\u0259c\u0259k E\u0130T\u0130-d\u0259 d\u0259 Az\u0259rbaycan\u0131 yax\u015f\u0131 he\u00e7 n\u0259 g\u00f6zl\u0259m\u0259diyini d\u00fc\u015f\u00fcnm\u0259k \u00fc\u00e7\u00fcn \u0259sas verir. Bak\u0131 t\u0259\u015fkilat\u0131n sammitind\u0259 tamh\u00fcquqlu \u00fczvl\u00fck statusunu b\u0259rpa etm\u0259y\u0259 \u00fcmid edir, amma Keyptaun u\u011fursuzlu\u011fundan sonra E\u0130T\u0130 il\u0259 m\u00fcnasib\u0259tl\u0259rin d\u00fcz\u0259ldilm\u0259si \u015fans\u0131 da azal\u0131r. Bu is\u0259 b\u00fct\u00fcnl\u00fckd\u0259 o dem\u0259kdir ki, t\u0259\u015f\u0259bb\u00fcsl\u0259rin m\u00fc\u0259llifl\u0259ri kimi AB\u015e v\u0259 Britaniya habel\u0259 Avropadak\u0131 m\u00fctt\u0259fiql\u0259ri Az\u0259rbaycanda demokratik islahatlarla ba\u011fl\u0131 prinsipial m\u0259s\u0259l\u0259l\u0259rd\u0259 m\u00f6vqeyi yum\u015faltmaq niyy\u0259tind\u0259 deyill\u0259r. Bu halda is\u0259 beyn\u0259lxalq maliyy\u0259 institutlar\u0131ndan v\u0259 h\u0259tta AB\u015e-la s\u0131x \u0259laq\u0259d\u0259 olan Yax\u0131n \u015e\u0259rq monarxiyalar\u0131ndan k\u00f6m\u0259k g\u00f6zl\u0259m\u0259y\u0259 d\u0259ym\u0259z.\n<\/p>\n<p>\n  Az\u0259rbaycan h\u00f6kum\u0259ti, prinsipc\u0259, bu yax\u0131nlarda b\u00f6hran \u0259r\u0259f\u0259sind\u0259 oldu\u011fu kimi, Q\u0259rbl\u0259 qar\u015f\u0131durma yoluna qay\u0131da bil\u0259r, amma bu, \u00e7\u0259tin ki, \u0259n yax\u015f\u0131 q\u0259rar olsun, h\u0259m d\u0259 rejimin resurs ehtiyatlar\u0131 xeyli azal\u0131b v\u0259 K\u00f6hn\u0259 v\u0259 Yeni D\u00fcnyan\u0131n ikinci t\u0259zyiq dal\u011fas\u0131na davam g\u0259tirm\u0259y\u0259 bil\u0259r. AB\u015e prezidentliyin\u0259 namiz\u0259dl\u0259rin se\u00e7kiqaba\u011f\u0131 meydanlar\u0131ndan son x\u0259b\u0259rl\u0259r d\u0259 Az\u0259rbaycanda islahatlara m\u00fcqavim\u0259t x\u0259ttinin t\u0259r\u0259fdarlar\u0131na yax\u015f\u0131 he\u00e7 n\u0259 v\u0259d etmir. Hillari Klinton bir az da ekssentrik respublika\u00e7\u0131 Doland Tramp\u0131n say\u0259sind\u0259 getdikc\u0259 daha \u00e7ox AB\u015e-\u0131n g\u0259l\u0259c\u0259k prezidenti \u0259lam\u0259tl\u0259rini qazan\u0131r.\n<\/p>\n<p>\n  Klintonun xarici siyas\u0259t strategiyas\u0131 h\u0259l\u0259lik laz\u0131mi \u015f\u0259klini almasa da, onun Rusiya v\u0259 \u015eimali Koreya kimi avtoritar rejiml\u0259r\u0259 qar\u015f\u0131 qar\u015f\u0131durma n\u0259z\u0259rd\u0259 tutan xarici aksenti g\u00f6st\u0259rir ki, 2012-ci ild\u0259 dedikl\u0259ri strateji prioritet olaraq qal\u0131r. Klintonun daxili siyas\u0259tl\u0259 ba\u011fl\u0131 b\u0259yanatlar\u0131 da dolay\u0131s\u0131yla bunu g\u00f6st\u0259rir, bu siyas\u0259t\u0259 xarici siyas\u0259tin x\u0259b\u0259r\u00e7isi kimi baxmaq olar, \u00e7\u00fcnki AB\u015e-\u0131n rifah\u0131 v\u0259 inki\u015faf\u0131 \u0259ks\u0259r\u0259n kontinental Amerikan\u0131n h\u00fcdudlar\u0131ndan k\u0259nardak\u0131 manevrl\u0259rl\u0259 m\u00fc\u0259yy\u0259n olunur.\n<\/p>\n<p>\n  Klinton ilk se\u00e7kiqaba\u011f\u0131 nitqini 2015-ci il iyunun 13-d\u0259 beyn\u0259lxalq Franklin Delano Ruzvelt park\u0131nda elan edib v\u0259 ard-arda g\u0259l\u0259n \u00fc\u00e7 demokrat prezidentd\u0259n \u2013 Ruzvelt, Bil Klinton v\u0259 Obamadan sitat g\u0259tir\u0259r\u0259k, o, onlar\u0131n bax\u0131\u015flar\u0131n\u0131 a\u015fa\u011f\u0131dak\u0131 ifad\u0259 il\u0259 yekunla\u015fd\u0131r\u0131b: \u201cBu g\u00fcn v\u0259 ard\u0131c\u0131l \u00e7i\u00e7\u0259kl\u0259nm\u0259 ham\u0131 t\u0259r\u0259find\u0259n qurulmal\u0131 v\u0259 ham\u0131 \u00fc\u00e7\u00fcn ortaq olmal\u0131d\u0131r\u201d. Bu, o dem\u0259kdir ki, AB\u015e-da v\u0259 a\u00e7\u0131q \u00f6lk\u0259l\u0259rd\u0259 demokratiyan\u0131n inki\u015faf\u0131 v\u0259 qapal\u0131 \u00f6lk\u0259l\u0259rd\u0259 onun b\u0259rq\u0259rar olmas\u0131 AB\u015e-\u0131n ilk qad\u0131n prezidentinin prioriteti olacaq. Bunu n\u0259z\u0259r\u0259 almamaq olmaz.\n<\/p><\/p>\n","protected":false},"excerpt":{"rendered":"<p>Az\u0259rbaycan h\u00f6kum\u0259ti, prinsipc\u0259, bu yax\u0131nlarda b\u00f6hran \u0259r\u0259f\u0259sind\u0259 oldu\u011fu kimi, Q\u0259rbl\u0259 qar\u015f\u0131durma yoluna qay\u0131da bil\u0259r, amma bu, \u00e7\u0259tin ki, \u0259n yax\u015f\u0131 q\u0259rar olsun, h\u0259m d\u0259 rejimin resurs ehtiyatlar\u0131 xeyli azal\u0131b v\u0259 K\u00f6hn\u0259 v\u0259 Yeni D\u00fcnyan\u0131n ikinci t\u0259zyiq dal\u011fas\u0131na davam g\u0259tirm\u0259y\u0259 bil\u0259r<\/p>\n","protected":false},"author":11,"featured_media":55077,"comment_status":"closed","ping_status":"open","sticky":false,"template":"","format":"standard","meta":{"_acf_changed":false,"_sitemap_exclude":false,"_sitemap_priority":"","_sitemap_frequency":"","footnotes":""},"categories":[51],"tags":[],"class_list":["post-175928","post","type-post","status-publish","format-standard","has-post-thumbnail","hentry","category-analitika","infinite-scroll-item","generate-columns","tablet-grid-50","mobile-grid-100","grid-parent","grid-33","no-featured-image-padding"],"acf":[],"yoast_head":"<!-- This site is optimized with the Yoast SEO plugin v27.5 - https:\/\/yoast.com\/product\/yoast-seo-wordpress\/ -->\n<title>Az\u0259rbaycan: &#039;&#039;qapal\u0131&#039;&#039; ke\u00e7mi\u015f v\u0259 &#039;&#039;a\u00e7\u0131q&#039;&#039; g\u0259l\u0259c\u0259k aras\u0131nda - MEYDAN.TV<\/title>\n<meta name=\"robots\" content=\"index, follow, max-snippet:-1, max-image-preview:large, max-video-preview:-1\" \/>\n<link rel=\"canonical\" href=\"https:\/\/www.meydan.tv\/az\/article\/azerbaycan-qapali-kecmis-ve-aciq-gelecek-arasinda\/\" \/>\n<meta property=\"og:locale\" content=\"az_AZ\" \/>\n<meta property=\"og:type\" content=\"article\" \/>\n<meta property=\"og:title\" content=\"Az\u0259rbaycan: &#039;&#039;qapal\u0131&#039;&#039; ke\u00e7mi\u015f v\u0259 &#039;&#039;a\u00e7\u0131q&#039;&#039; g\u0259l\u0259c\u0259k aras\u0131nda - MEYDAN.TV\" \/>\n<meta property=\"og:description\" content=\"Az\u0259rbaycan h\u00f6kum\u0259ti, prinsipc\u0259, bu yax\u0131nlarda b\u00f6hran \u0259r\u0259f\u0259sind\u0259 oldu\u011fu kimi, Q\u0259rbl\u0259 qar\u015f\u0131durma yoluna qay\u0131da bil\u0259r, amma bu, \u00e7\u0259tin ki, \u0259n yax\u015f\u0131 q\u0259rar olsun, h\u0259m d\u0259 rejimin resurs ehtiyatlar\u0131 xeyli azal\u0131b v\u0259 K\u00f6hn\u0259 v\u0259 Yeni D\u00fcnyan\u0131n ikinci t\u0259zyiq dal\u011fas\u0131na davam g\u0259tirm\u0259y\u0259 bil\u0259r\" \/>\n<meta property=\"og:url\" content=\"https:\/\/www.meydan.tv\/az\/article\/azerbaycan-qapali-kecmis-ve-aciq-gelecek-arasinda\/\" \/>\n<meta property=\"og:site_name\" content=\"MEYDAN.TV\" \/>\n<meta property=\"article:published_time\" content=\"2016-05-13T20:29:23+00:00\" \/>\n<meta property=\"og:image\" content=\"https:\/\/www.meydan.tv\/wp-content\/uploads\/21794.jpg\" \/>\n\t<meta property=\"og:image:width\" content=\"900\" \/>\n\t<meta property=\"og:image:height\" content=\"506\" \/>\n\t<meta property=\"og:image:type\" content=\"image\/jpeg\" \/>\n<meta name=\"author\" content=\"user-manager\" \/>\n<meta name=\"twitter:card\" content=\"summary_large_image\" \/>\n<script type=\"application\/ld+json\" class=\"yoast-schema-graph\">{\"@context\":\"https:\\\/\\\/schema.org\",\"@graph\":[{\"@type\":\"Article\",\"@id\":\"https:\\\/\\\/www.meydan.tv\\\/az\\\/article\\\/azerbaycan-qapali-kecmis-ve-aciq-gelecek-arasinda\\\/#article\",\"isPartOf\":{\"@id\":\"https:\\\/\\\/www.meydan.tv\\\/az\\\/article\\\/azerbaycan-qapali-kecmis-ve-aciq-gelecek-arasinda\\\/\"},\"author\":{\"name\":\"user-manager\",\"@id\":\"https:\\\/\\\/www.meydan.tv\\\/az\\\/#\\\/schema\\\/person\\\/10d11eccf6da3662cf5fdab9806ea91a\"},\"headline\":\"Az\u0259rbaycan: &#8221;qapal\u0131&#8221; ke\u00e7mi\u015f v\u0259 &#8221;a\u00e7\u0131q&#8221; g\u0259l\u0259c\u0259k aras\u0131nda\",\"datePublished\":\"2016-05-13T20:29:23+00:00\",\"mainEntityOfPage\":{\"@id\":\"https:\\\/\\\/www.meydan.tv\\\/az\\\/article\\\/azerbaycan-qapali-kecmis-ve-aciq-gelecek-arasinda\\\/\"},\"wordCount\":1234,\"publisher\":{\"@id\":\"https:\\\/\\\/www.meydan.tv\\\/az\\\/#organization\"},\"image\":{\"@id\":\"https:\\\/\\\/www.meydan.tv\\\/az\\\/article\\\/azerbaycan-qapali-kecmis-ve-aciq-gelecek-arasinda\\\/#primaryimage\"},\"thumbnailUrl\":\"https:\\\/\\\/www.meydan.tv\\\/wp-content\\\/uploads\\\/21794.jpg\",\"articleSection\":[\"Analitika\"],\"inLanguage\":\"az\"},{\"@type\":\"WebPage\",\"@id\":\"https:\\\/\\\/www.meydan.tv\\\/az\\\/article\\\/azerbaycan-qapali-kecmis-ve-aciq-gelecek-arasinda\\\/\",\"url\":\"https:\\\/\\\/www.meydan.tv\\\/az\\\/article\\\/azerbaycan-qapali-kecmis-ve-aciq-gelecek-arasinda\\\/\",\"name\":\"Az\u0259rbaycan: ''qapal\u0131'' ke\u00e7mi\u015f v\u0259 ''a\u00e7\u0131q'' g\u0259l\u0259c\u0259k aras\u0131nda - MEYDAN.TV\",\"isPartOf\":{\"@id\":\"https:\\\/\\\/www.meydan.tv\\\/az\\\/#website\"},\"primaryImageOfPage\":{\"@id\":\"https:\\\/\\\/www.meydan.tv\\\/az\\\/article\\\/azerbaycan-qapali-kecmis-ve-aciq-gelecek-arasinda\\\/#primaryimage\"},\"image\":{\"@id\":\"https:\\\/\\\/www.meydan.tv\\\/az\\\/article\\\/azerbaycan-qapali-kecmis-ve-aciq-gelecek-arasinda\\\/#primaryimage\"},\"thumbnailUrl\":\"https:\\\/\\\/www.meydan.tv\\\/wp-content\\\/uploads\\\/21794.jpg\",\"datePublished\":\"2016-05-13T20:29:23+00:00\",\"breadcrumb\":{\"@id\":\"https:\\\/\\\/www.meydan.tv\\\/az\\\/article\\\/azerbaycan-qapali-kecmis-ve-aciq-gelecek-arasinda\\\/#breadcrumb\"},\"inLanguage\":\"az\",\"potentialAction\":[{\"@type\":\"ReadAction\",\"target\":[\"https:\\\/\\\/www.meydan.tv\\\/az\\\/article\\\/azerbaycan-qapali-kecmis-ve-aciq-gelecek-arasinda\\\/\"]}]},{\"@type\":\"ImageObject\",\"inLanguage\":\"az\",\"@id\":\"https:\\\/\\\/www.meydan.tv\\\/az\\\/article\\\/azerbaycan-qapali-kecmis-ve-aciq-gelecek-arasinda\\\/#primaryimage\",\"url\":\"https:\\\/\\\/www.meydan.tv\\\/wp-content\\\/uploads\\\/21794.jpg\",\"contentUrl\":\"https:\\\/\\\/www.meydan.tv\\\/wp-content\\\/uploads\\\/21794.jpg\",\"width\":900,\"height\":506,\"caption\":\"Source:\"},{\"@type\":\"BreadcrumbList\",\"@id\":\"https:\\\/\\\/www.meydan.tv\\\/az\\\/article\\\/azerbaycan-qapali-kecmis-ve-aciq-gelecek-arasinda\\\/#breadcrumb\",\"itemListElement\":[{\"@type\":\"ListItem\",\"position\":1,\"name\":\"Ana s\u0259hif\u0259\",\"item\":\"https:\\\/\\\/www.meydan.tv\\\/az\\\/\"},{\"@type\":\"ListItem\",\"position\":2,\"name\":\"Analitika\",\"item\":\"https:\\\/\\\/www.meydan.tv\\\/az\\\/section\\\/analitika\\\/\"},{\"@type\":\"ListItem\",\"position\":3,\"name\":\"Az\u0259rbaycan: &#8221;qapal\u0131&#8221; ke\u00e7mi\u015f v\u0259 &#8221;a\u00e7\u0131q&#8221; g\u0259l\u0259c\u0259k aras\u0131nda\"}]},{\"@type\":\"WebSite\",\"@id\":\"https:\\\/\\\/www.meydan.tv\\\/az\\\/#website\",\"url\":\"https:\\\/\\\/www.meydan.tv\\\/az\\\/\",\"name\":\"MEYDAN.TV\",\"description\":\"Meydan TV Az\u0259rbaycan\u0131n media m\u0259kan\u0131ndak\u0131 alternativ s\u0259sidir\",\"publisher\":{\"@id\":\"https:\\\/\\\/www.meydan.tv\\\/az\\\/#organization\"},\"potentialAction\":[{\"@type\":\"SearchAction\",\"target\":{\"@type\":\"EntryPoint\",\"urlTemplate\":\"https:\\\/\\\/www.meydan.tv\\\/az\\\/?s={search_term_string}\"},\"query-input\":{\"@type\":\"PropertyValueSpecification\",\"valueRequired\":true,\"valueName\":\"search_term_string\"}}],\"inLanguage\":\"az\"},{\"@type\":\"Organization\",\"@id\":\"https:\\\/\\\/www.meydan.tv\\\/az\\\/#organization\",\"name\":\"Meydan TV\",\"url\":\"https:\\\/\\\/www.meydan.tv\\\/az\\\/\",\"logo\":{\"@type\":\"ImageObject\",\"inLanguage\":\"az\",\"@id\":\"https:\\\/\\\/www.meydan.tv\\\/az\\\/#\\\/schema\\\/logo\\\/image\\\/\",\"url\":\"https:\\\/\\\/www.meydan.tv\\\/wp-content\\\/uploads\\\/2021\\\/07\\\/meydan-logo.svg\",\"contentUrl\":\"https:\\\/\\\/www.meydan.tv\\\/wp-content\\\/uploads\\\/2021\\\/07\\\/meydan-logo.svg\",\"width\":195,\"height\":46,\"caption\":\"Meydan TV\"},\"image\":{\"@id\":\"https:\\\/\\\/www.meydan.tv\\\/az\\\/#\\\/schema\\\/logo\\\/image\\\/\"}},{\"@type\":\"Person\",\"@id\":\"https:\\\/\\\/www.meydan.tv\\\/az\\\/#\\\/schema\\\/person\\\/10d11eccf6da3662cf5fdab9806ea91a\",\"name\":\"user-manager\"}]}<\/script>\n<!-- \/ Yoast SEO plugin. -->","yoast_head_json":{"title":"Az\u0259rbaycan: ''qapal\u0131'' ke\u00e7mi\u015f v\u0259 ''a\u00e7\u0131q'' g\u0259l\u0259c\u0259k aras\u0131nda - MEYDAN.TV","robots":{"index":"index","follow":"follow","max-snippet":"max-snippet:-1","max-image-preview":"max-image-preview:large","max-video-preview":"max-video-preview:-1"},"canonical":"https:\/\/www.meydan.tv\/az\/article\/azerbaycan-qapali-kecmis-ve-aciq-gelecek-arasinda\/","og_locale":"az_AZ","og_type":"article","og_title":"Az\u0259rbaycan: ''qapal\u0131'' ke\u00e7mi\u015f v\u0259 ''a\u00e7\u0131q'' g\u0259l\u0259c\u0259k aras\u0131nda - MEYDAN.TV","og_description":"Az\u0259rbaycan h\u00f6kum\u0259ti, prinsipc\u0259, bu yax\u0131nlarda b\u00f6hran \u0259r\u0259f\u0259sind\u0259 oldu\u011fu kimi, Q\u0259rbl\u0259 qar\u015f\u0131durma yoluna qay\u0131da bil\u0259r, amma bu, \u00e7\u0259tin ki, \u0259n yax\u015f\u0131 q\u0259rar olsun, h\u0259m d\u0259 rejimin resurs ehtiyatlar\u0131 xeyli azal\u0131b v\u0259 K\u00f6hn\u0259 v\u0259 Yeni D\u00fcnyan\u0131n ikinci t\u0259zyiq dal\u011fas\u0131na davam g\u0259tirm\u0259y\u0259 bil\u0259r","og_url":"https:\/\/www.meydan.tv\/az\/article\/azerbaycan-qapali-kecmis-ve-aciq-gelecek-arasinda\/","og_site_name":"MEYDAN.TV","article_published_time":"2016-05-13T20:29:23+00:00","og_image":[{"width":900,"height":506,"url":"https:\/\/www.meydan.tv\/wp-content\/uploads\/21794.jpg","type":"image\/jpeg"}],"author":"user-manager","twitter_card":"summary_large_image","schema":{"@context":"https:\/\/schema.org","@graph":[{"@type":"Article","@id":"https:\/\/www.meydan.tv\/az\/article\/azerbaycan-qapali-kecmis-ve-aciq-gelecek-arasinda\/#article","isPartOf":{"@id":"https:\/\/www.meydan.tv\/az\/article\/azerbaycan-qapali-kecmis-ve-aciq-gelecek-arasinda\/"},"author":{"name":"user-manager","@id":"https:\/\/www.meydan.tv\/az\/#\/schema\/person\/10d11eccf6da3662cf5fdab9806ea91a"},"headline":"Az\u0259rbaycan: &#8221;qapal\u0131&#8221; ke\u00e7mi\u015f v\u0259 &#8221;a\u00e7\u0131q&#8221; g\u0259l\u0259c\u0259k aras\u0131nda","datePublished":"2016-05-13T20:29:23+00:00","mainEntityOfPage":{"@id":"https:\/\/www.meydan.tv\/az\/article\/azerbaycan-qapali-kecmis-ve-aciq-gelecek-arasinda\/"},"wordCount":1234,"publisher":{"@id":"https:\/\/www.meydan.tv\/az\/#organization"},"image":{"@id":"https:\/\/www.meydan.tv\/az\/article\/azerbaycan-qapali-kecmis-ve-aciq-gelecek-arasinda\/#primaryimage"},"thumbnailUrl":"https:\/\/www.meydan.tv\/wp-content\/uploads\/21794.jpg","articleSection":["Analitika"],"inLanguage":"az"},{"@type":"WebPage","@id":"https:\/\/www.meydan.tv\/az\/article\/azerbaycan-qapali-kecmis-ve-aciq-gelecek-arasinda\/","url":"https:\/\/www.meydan.tv\/az\/article\/azerbaycan-qapali-kecmis-ve-aciq-gelecek-arasinda\/","name":"Az\u0259rbaycan: ''qapal\u0131'' ke\u00e7mi\u015f v\u0259 ''a\u00e7\u0131q'' g\u0259l\u0259c\u0259k aras\u0131nda - MEYDAN.TV","isPartOf":{"@id":"https:\/\/www.meydan.tv\/az\/#website"},"primaryImageOfPage":{"@id":"https:\/\/www.meydan.tv\/az\/article\/azerbaycan-qapali-kecmis-ve-aciq-gelecek-arasinda\/#primaryimage"},"image":{"@id":"https:\/\/www.meydan.tv\/az\/article\/azerbaycan-qapali-kecmis-ve-aciq-gelecek-arasinda\/#primaryimage"},"thumbnailUrl":"https:\/\/www.meydan.tv\/wp-content\/uploads\/21794.jpg","datePublished":"2016-05-13T20:29:23+00:00","breadcrumb":{"@id":"https:\/\/www.meydan.tv\/az\/article\/azerbaycan-qapali-kecmis-ve-aciq-gelecek-arasinda\/#breadcrumb"},"inLanguage":"az","potentialAction":[{"@type":"ReadAction","target":["https:\/\/www.meydan.tv\/az\/article\/azerbaycan-qapali-kecmis-ve-aciq-gelecek-arasinda\/"]}]},{"@type":"ImageObject","inLanguage":"az","@id":"https:\/\/www.meydan.tv\/az\/article\/azerbaycan-qapali-kecmis-ve-aciq-gelecek-arasinda\/#primaryimage","url":"https:\/\/www.meydan.tv\/wp-content\/uploads\/21794.jpg","contentUrl":"https:\/\/www.meydan.tv\/wp-content\/uploads\/21794.jpg","width":900,"height":506,"caption":"Source:"},{"@type":"BreadcrumbList","@id":"https:\/\/www.meydan.tv\/az\/article\/azerbaycan-qapali-kecmis-ve-aciq-gelecek-arasinda\/#breadcrumb","itemListElement":[{"@type":"ListItem","position":1,"name":"Ana s\u0259hif\u0259","item":"https:\/\/www.meydan.tv\/az\/"},{"@type":"ListItem","position":2,"name":"Analitika","item":"https:\/\/www.meydan.tv\/az\/section\/analitika\/"},{"@type":"ListItem","position":3,"name":"Az\u0259rbaycan: &#8221;qapal\u0131&#8221; ke\u00e7mi\u015f v\u0259 &#8221;a\u00e7\u0131q&#8221; g\u0259l\u0259c\u0259k aras\u0131nda"}]},{"@type":"WebSite","@id":"https:\/\/www.meydan.tv\/az\/#website","url":"https:\/\/www.meydan.tv\/az\/","name":"MEYDAN.TV","description":"Meydan TV Az\u0259rbaycan\u0131n media m\u0259kan\u0131ndak\u0131 alternativ s\u0259sidir","publisher":{"@id":"https:\/\/www.meydan.tv\/az\/#organization"},"potentialAction":[{"@type":"SearchAction","target":{"@type":"EntryPoint","urlTemplate":"https:\/\/www.meydan.tv\/az\/?s={search_term_string}"},"query-input":{"@type":"PropertyValueSpecification","valueRequired":true,"valueName":"search_term_string"}}],"inLanguage":"az"},{"@type":"Organization","@id":"https:\/\/www.meydan.tv\/az\/#organization","name":"Meydan TV","url":"https:\/\/www.meydan.tv\/az\/","logo":{"@type":"ImageObject","inLanguage":"az","@id":"https:\/\/www.meydan.tv\/az\/#\/schema\/logo\/image\/","url":"https:\/\/www.meydan.tv\/wp-content\/uploads\/2021\/07\/meydan-logo.svg","contentUrl":"https:\/\/www.meydan.tv\/wp-content\/uploads\/2021\/07\/meydan-logo.svg","width":195,"height":46,"caption":"Meydan TV"},"image":{"@id":"https:\/\/www.meydan.tv\/az\/#\/schema\/logo\/image\/"}},{"@type":"Person","@id":"https:\/\/www.meydan.tv\/az\/#\/schema\/person\/10d11eccf6da3662cf5fdab9806ea91a","name":"user-manager"}]}},"_links":{"self":[{"href":"https:\/\/www.meydan.tv\/az\/wp-json\/wp\/v2\/posts\/175928","targetHints":{"allow":["GET"]}}],"collection":[{"href":"https:\/\/www.meydan.tv\/az\/wp-json\/wp\/v2\/posts"}],"about":[{"href":"https:\/\/www.meydan.tv\/az\/wp-json\/wp\/v2\/types\/post"}],"author":[{"embeddable":true,"href":"https:\/\/www.meydan.tv\/az\/wp-json\/wp\/v2\/users\/11"}],"replies":[{"embeddable":true,"href":"https:\/\/www.meydan.tv\/az\/wp-json\/wp\/v2\/comments?post=175928"}],"version-history":[{"count":0,"href":"https:\/\/www.meydan.tv\/az\/wp-json\/wp\/v2\/posts\/175928\/revisions"}],"wp:featuredmedia":[{"embeddable":true,"href":"https:\/\/www.meydan.tv\/az\/wp-json\/wp\/v2\/media\/55077"}],"wp:attachment":[{"href":"https:\/\/www.meydan.tv\/az\/wp-json\/wp\/v2\/media?parent=175928"}],"wp:term":[{"taxonomy":"category","embeddable":true,"href":"https:\/\/www.meydan.tv\/az\/wp-json\/wp\/v2\/categories?post=175928"},{"taxonomy":"post_tag","embeddable":true,"href":"https:\/\/www.meydan.tv\/az\/wp-json\/wp\/v2\/tags?post=175928"}],"curies":[{"name":"wp","href":"https:\/\/api.w.org\/{rel}","templated":true}]}}