{"id":175926,"date":"2016-05-13T19:39:57","date_gmt":"2016-05-13T19:39:57","guid":{"rendered":"https:\/\/www.meydan.tv\/article\/vergi-vermeliyikmi-3-cu-yazi\/"},"modified":"2016-05-13T19:39:57","modified_gmt":"2016-05-13T19:39:57","slug":"vergi-vermeliyikmi-3-cu-yazi","status":"publish","type":"post","link":"https:\/\/www.meydan.tv\/az\/article\/vergi-vermeliyikmi-3-cu-yazi\/","title":{"rendered":"Vergi verm\u0259liyikmi? (3-c\u00fc yaz\u0131)"},"content":{"rendered":"<figure class=\"wp-block-image size-large\">\n  <img decoding=\"async\" src=\"https:\/\/www.meydan.tv\/az\/57554\/\" alt=\"\" class=\"wp-image-57554\"\/><figcaption><\/figcaption><\/figure>\n<figure class=\"wp-block-image size-large\">\n  <img decoding=\"async\" src=\"https:\/\/www.meydan.tv\/az\/57557\/\" alt=\"\" class=\"wp-image-57557\"\/><figcaption><\/figcaption><\/figure>\n<p>\n  <i><br \/>\n    Birinci yaz\u0131n\u0131<br \/>\n    <a href=\"\/az\/article\/vergi-vermeliyikmi\/\" target=\"_blank\" rel=\"noopener\"><br \/>\n      burda<br \/>\n    <\/a><br \/>\n    oxu<br \/>\n  <\/i><br \/>\n  <br \/>\n  <i><br \/>\n    \u0130kinci yaz\u0131n\u0131<br \/>\n    <a href=\"\/az\/article\/vergi-vermeliyikmi-2-ci-hisse\/\" target=\"_blank\" rel=\"noopener\"><br \/>\n      burda<br \/>\n    <\/a><br \/>\n    oxu<br \/>\n  <\/i>\n<\/p>\n<p>\n  T\u0259hsil v\u0259 s\u0259hiyy\u0259:\n<\/p>\n<p>\n  Az\u0259rbaycan d\u00f6vl\u0259tinin y\u00fcr\u00fctd\u00fcy\u00fc siyas\u0259t sol meyillidir. D\u00f6vl\u0259tin n\u0259zdind\u0259 olan t\u0259hsil m\u00fc\u0259sis\u0259l\u0259ri (qism\u0259n) v\u0259 s\u0259hiyy\u0259 is\u0259 tam pulsuzdur. Amma Az\u0259rbaycanda el\u0259 bir insan yoxdur ki, t\u0259hsild\u0259 v\u0259 s\u0259hiyy\u0259d\u0259 r\u00fc\u015fv\u0259t v\u0259 korrupsiya il\u0259 qar\u015f\u0131la\u015fmas\u0131n. \u0130\u015f o yer\u0259 \u00e7at\u0131b ki, biz bunu \u00e7ox t\u0259bii qar\u015f\u0131lay\u0131r, etiraz etm\u0259yi bel\u0259 a\u011f\u0131l\u0131m\u0131zdan ke\u00e7irtmirik.\n<\/p>\n<p>\n  M\u0259s\u0259l\u0259 oras\u0131ndad\u0131r ki, t\u0259hsil v\u0259 s\u0259hiyy\u0259, il ke\u00e7dikd\u0259 \u00f6z keyfiyy\u0259t g\u00f6st\u0259ricisini daha da itirir. \u0130nsanlar\u0131m\u0131z t\u0259hsil v\u0259 s\u0259hiyy\u0259 xidm\u0259tind\u0259n istifad\u0259 \u00fc\u00e7\u00fcn daha yax\u015f\u0131 keyfiyy\u0259t xidm\u0259ti t\u0259klif ed\u0259n xarici \u00f6lk\u0259l\u0259r\u0259 \u00fcz tutur. D\u00f6vl\u0259t \u00f6z boynuna g\u00f6t\u00fcrd\u00fcy\u00fc \u00f6hd\u0259liyi icra etmir, \u0259v\u0259zind\u0259, insanlardan bu m\u00fc\u0259sis\u0259l\u0259ri saxlamaq \u00fc\u00e7\u00fcn vergi al\u0131r. Ald\u0131\u011f\u0131 verginin qar\u015f\u0131l\u0131\u011f\u0131n\u0131 vermir, \u00e7\u00fcnki bizim verdiyimiz vergil\u0259r t\u0259hsil v\u0259 s\u0259hiyy\u0259 m\u00fc\u0259ssis\u0259l\u0259rin\u0259 r\u0259hb\u0259rlik ed\u0259n insanlar\u0131n \u015f\u0259xsi hesablar\u0131na ax\u0131r. O zaman, v\u0259t\u0259nda\u015f kimi sual edir\u0259m: M\u0259n vergini niy\u0259 verir\u0259m?\n<\/p>\n<p>\n  \u0130\u015f ondad\u0131r ki, b\u00fct\u00fcn bunlar yaln\u0131z t\u0259hsil v\u0259 s\u0259hiyy\u0259 il\u0259 d\u0259 m\u0259hdudla\u015fm\u0131r. D\u00f6vl\u0259tin sahibliyind\u0259 olan ist\u0259nil\u0259n sah\u0259 bu v\u0259ziyy\u0259td\u0259dir. M\u0259s\u0259l\u0259n, b\u00fct\u00fcn az\u0259rbaycanl\u0131lar\u0131 \u015fikay\u0259t etdiyi, onun h\u0259yat v\u0259 sa\u011flaml\u0131\u011f\u0131na daima t\u0259hl\u00fck\u0259 yaradan, rahatdan uzaq n\u0259qliyyat sistemi: D\u00f6vl\u0259t s\u00f6z vermi\u015fdi ki, n\u0259qliyyatda intellektual sistem quracaq v\u0259 ham\u0131 \u015fad-x\u00fcrr\u0259m i\u015fin\u0259-g\u00fcc\u00fcn\u0259 gedib g\u0259l\u0259c\u0259k. Amma 2012-ci ild\u0259 tamamlanmal\u0131 v\u0259 istifad\u0259y\u0259 verilm\u0259li olan sistem h\u0259l\u0259 d\u0259 i\u015fl\u0259mir. Bu layih\u0259y\u0259 bizim vergimiz il\u0259 formala\u015fan 77 milyon pul<br \/>\n  <a href=\"http:\/\/www.azadliq.org\/content\/article\/2243262.html\"><br \/>\n    x\u0259rcl\u0259ndi<br \/>\n  <\/a><br \/>\n  . Bu layih\u0259nin icras\u0131 kim\u0259 verildi? N\u0259qliyyat naziri v\u0259 onun o\u011fluna m\u0259xsus oldu\u011fu<br \/>\n  <a href=\"http:\/\/www.azadliq.org\/content\/article\/1896083.html\"><br \/>\n    s\u0259n\u0259dl\u0259rl\u0259<br \/>\n  <\/a><br \/>\n  s\u00fcbut olunan \u201cZQAN\u201d Holdinq\u0259.\n<\/p>\n<p>\n  \u0130ndi h\u0259r bir v\u0259t\u0259nda\u015f sual verm\u0259lidir: \u0259g\u0259r bir \u00f6lk\u0259d\u0259 ki, istifad\u0259 etdiyin n\u0259qlliyat s\u0259nin n\u0259ynki rahatl\u0131\u011f\u0131n\u0131, he\u00e7 sa\u011flaml\u0131\u011f\u0131n\u0131 da vecin\u0259 alm\u0131rsa, verdiyinin vergil\u0259r nazir v\u0259 o\u011flunun cibin\u0259 ax\u0131rsa, o zaman bu i\u015fi s\u0259nin pulun il\u0259 t\u0259\u015fkil ed\u0259n d\u00f6vl\u0259t\u0259 vergi verm\u0259lis\u0259nmi?\n<\/p>\n<p>\n  S\u00f6z azadl\u0131\u011f\u0131nda durum n\u0259 yerd\u0259dir?\n<\/p>\n<p>\n  Az\u0259rbaycanda b\u00fct\u00fcn \u0259n\u0259n\u0259vi v\u0259 son zamanlarda internet medias\u0131 da d\u00f6vl\u0259tin n\u0259zar\u0259tind\u0259dir. \u0130nsanlar xarici v\u0259 daxili senzuran\u0131n \u0259ziyy\u0259tini \u00e7\u0259kir. \u00d6lk\u0259d\u0259 s\u0259sin \u00e7\u0131xar\u0131lmas\u0131 d\u0259rhal h\u0259d\u0259 v\u0259 h\u0259bsl\u0259 t\u0259hdid olunur. S\u00f6z bat\u0131b Az\u0259rbaycanda. Bu haqda \u00e7ox yazma\u011fa ehtiyac yoxdur. AB\u015e-da yerl\u0259\u015f\u0259n \u00abFreedom House\u00bb t\u0259\u015fkilat\u0131n\u0131n aprelin 27-d\u0259 a\u00e7\u0131qlad\u0131\u011f\u0131 \u00abM\u0259tbuat Azadl\u0131\u011f\u0131 2016\u00bb hesabat\u0131nda Az\u0259rbaycan 199 \u00f6lk\u0259 aras\u0131nda<br \/>\n  <a href=\"https:\/\/freedomhouse.org\/report\/freedom-world\/freedom-world-2016\"><br \/>\n    189-cu yer<br \/>\n  <\/a><br \/>\n  tutaraq, \u201cqeyri-azad\u201d \u00f6lk\u0259 s\u0131ras\u0131nda yer al\u0131b.\n<\/p>\n<p>\n  \u201cSelektiv vergi siyas\u0259ti?\u201d\n<\/p>\n<p>\n  \u0130ndi is\u0259 g\u0259l\u0259k, d\u00f6vl\u0259ti idar\u0259 ed\u0259nl\u0259rin, xalq\u0131n ad\u0131ndan onu t\u0259msil ed\u0259nl\u0259rin vergi m\u0259s\u0259l\u0259sind\u0259 \u00f6zl\u0259rinin etdikl\u0259rin\u0259. Bu g\u00fcn\u0259 kimi X\u0259dic\u0259 \u0130smay\u0131l v\u0259 dig\u0259r ara\u015fd\u0131rma\u00e7\u0131 jurnalistl\u0259rimiz prezidentin v\u0259 onun ail\u0259sinin, el\u0259c\u0259 d\u0259, bir \u00e7ox nazirl\u0259rin v\u0259 dig\u0259r d\u00f6vl\u0259t r\u0259smil\u0259rinin milyonluq mal-m\u00fclkl\u0259rini \u00fcz\u0259 \u00e7\u0131xardan \u00e7oxsayl\u0131 ara\u015fd\u0131rmalar \u00e7ap edibl\u0259r. Bu yax\u0131nlarda is\u0259 \u201cPanama S\u0259n\u0259dl\u0259ri\u201d adl\u0131<br \/>\n  <a href=\"http:\/\/www.bbc.com\/azeri\/azerbaijan\/2016\/04\/160408_panama_uf_foundation\"><br \/>\n    d\u00fcnya miqyasl\u0131 ara\u015fd\u0131rmada<br \/>\n  <\/a><br \/>\n  , d\u00f6vl\u0259ti idar\u0259 ed\u0259nl\u0259rin bilm\u0259diyimiz dig\u0259r m\u00fclkl\u0259ri \u00fcz\u0259 \u00e7\u0131xd\u0131.\n<\/p>\n<p>\n  Bilm\u0259y\u0259nl\u0259r \u00fc\u00e7\u00fcn deyim ki, \u201cPanama S\u0259n\u0259dl\u0259ri\u201d vergid\u0259n yay\u0131nmaq \u00fc\u00e7\u00fcn pullar\u0131n\u0131 of\u015forlara k\u00f6\u00e7\u00fcrd\u0259n biznes insanlar\u0131n\u0131n, siyas\u0259t\u00e7il\u0259rin, idman\u00e7\u0131lar\u0131n v\u0259 bir s\u00f6zl\u0259, vergi verm\u0259k ist\u0259m\u0259y\u0259n t\u0259rbiy\u0259siz, o\u011fru insanlar\u0131n m\u00fclk\u00fcn\u00fc \u00fcz\u0259 \u00e7\u0131xartmaq \u00fc\u00e7\u00fcn ara\u015fd\u0131rma idi. Bu pullara ad\u0259t\u0259n \u201c\u00e7irkli pullar\u201d deyirl\u0259r. Y\u0259ni ki, \u0259m\u0259k v\u0259 l\u0259yaq\u0259tl\u0259 qazan\u0131lmam\u0131\u015f pullard\u0131r bunlar. Q\u0131sas\u0131, \u201cPanama S\u0259n\u0259dl\u0259ri\u201dnd\u0259 ad\u0131 ke\u00e7\u0259n adamlar \u00f6z \u00f6lk\u0259sind\u0259 vergid\u0259n yay\u0131nan v\u0259 ya korrupsiya il\u0259 pul qazanan insanlard\u0131r.\n<\/p>\n<p>\n  \u018fg\u0259r bizim d\u00f6vl\u0259t n\u00fcmay\u0259nd\u0259l\u0259ri d\u0259 of\u015forda milyonlar saxlay\u0131rsa, o zaman bir sual ortaya \u00e7\u0131x\u0131r: bu pullar\u0131 nec\u0259 qazan\u0131blar?<br \/>\n  <br \/>\n  H\u0259r halda, \u201catas\u0131ndan q\u0131z\u0131l k\u00fcp\u0259 qalm\u0131\u015fd\u0131, onu \u00e7oxald\u0131b\u201d kimi na\u011f\u0131llara inanacaq s\u0259viyy\u0259d\u0259 sad\u0259l\u00f6v deyilik. Dem\u0259k ki, \u0259ks\u0259riyy\u0259ti t\u0259\u015fkil ed\u0259n sad\u0259 insanlar\u0131n vergisi, insanlara xidm\u0259t etm\u0259li olan d\u00f6vl\u0259t adamlar\u0131n\u0131n \u015f\u0259xsi hesablar\u0131na gedir. O zaman, ax\u0131 niy\u0259 vergi veririk?\n<\/p>\n<p>\n  Z\u0259ruri yekun qeyd: Dey\u0259 bil\u0259rsiniz ki, Az\u0259rbaycan d\u00f6vl\u0259ti insanlar\u0131n vergisi hesab\u0131na ya\u015fam\u0131r, neft v\u0259 qazdan qazand\u0131\u011f\u0131 pullara bel ba\u011flay\u0131r. Ona g\u00f6r\u0259 d\u0259, v\u0259t\u0259nda\u015f\u0131 saya alm\u0131r v\u0259 v\u0259t\u0259nda\u015f da pulun \u0259sas\u0131 hiss\u0259sinin ondan yox, \u201cqara q\u0131z\u0131ldan\u201d qazan\u0131ld\u0131\u011f\u0131n\u0131 bildiyi \u00fc\u00e7\u00fcn s\u0259sini \u00e7\u0131xartm\u0131r. O zaman sual edir\u0259m: m\u0259g\u0259r neft v\u0259 qaz xalqa m\u0259xsus deyil? \u018flb\u04d9tt\u0259 xalqa m\u0259xsusdur. Amma ba\u015fa d\u00fc\u015f\u00fcr\u0259m ki, xalq bunu hiss ed\u0259 bilmir, orada onun \u0259m\u0259yi olmad\u0131\u011f\u0131 \u00fc\u00e7\u00fcn neft v\u0259 qaz\u0131 \u00f6z\u00fcn\u00fcnk\u00fc saya bilmir.\n<\/p>\n<p>\n  Bunun da mexanizmi var, sa\u011f olsun, yax\u015f\u0131 d\u00f6vl\u0259tl\u0259r buna da \u00e7ar\u0259 tap\u0131blar. El\u0259 etm\u0259k olard\u0131 ki, m\u0259s\u0259l\u0259n, Norve\u00e7in misal\u0131nda, neft v\u0259 qazdan g\u0259l\u0259n g\u0259lirl\u0259ri xalqa verib, daha sonra onu \u201cikili vergiy\u0259\u201d c\u0259lb ed\u0259r\u0259k, neft v\u0259 qaz\u0131n xalqa m\u0259xsus oldu\u011fu hissini yarada bil\u0259rdi. Xalq ondan al\u0131nan pulun, ona m\u0259xsus oldu\u011funu anlayard\u0131.\n<\/p>\n<p>\n  Qeyd: Normal d\u00f6vl\u0259t\u0259 vergi verm\u0259k laz\u0131md\u0131r v\u0259 vacibdir. \u00c7\u00fcnki d\u00f6vl\u0259t insanlar\u0131nd\u0131r. D\u00f6vl\u0259t insanlara xidm\u0259t etm\u0259k, onun ehtiyaclar\u0131n\u0131 qar\u015f\u0131lamaq \u00fc\u00e7\u00fcn m\u00f6vcuddur. D\u00f6vl\u0259t prezident, nazir, deputat, icra ba\u015f\u00e7\u0131s\u0131 deyil, d\u00f6vl\u0259t bizik.\n<\/p>\n<p>\n  D\u00f6vl\u0259timiz\u0259 sahib \u00e7\u0131xaq.\n<\/p>\n<div>\n<p>\n      <b><br \/>\n        Yaz\u0131 m\u00fc\u0259llifin \u015f\u0259xsi m\u00f6vqeyini \u0259ks etdirir. M\u00fc\u0259llifin m\u00f6vqeyi Meydan.Tv-nin m\u00f6vqeyi il\u0259 \u00fcst-\u00fcst\u0259 d\u00fc\u015fm\u0259y\u0259 bil\u0259r.<br \/>\n      <\/b>\n    <\/p>\n<div><\/div>\n<\/p><\/div><\/p>\n","protected":false},"excerpt":{"rendered":"<p>D\u00f6vl\u0259timiz\u0259 sahib \u00e7\u0131xaq<\/p>\n","protected":false},"author":11,"featured_media":57554,"comment_status":"closed","ping_status":"open","sticky":false,"template":"","format":"standard","meta":{"_acf_changed":false,"_sitemap_exclude":false,"_sitemap_priority":"","_sitemap_frequency":"","footnotes":""},"categories":[57],"tags":[],"class_list":["post-175926","post","type-post","status-publish","format-standard","has-post-thumbnail","hentry","category-menim-fikrimce","infinite-scroll-item","generate-columns","tablet-grid-50","mobile-grid-100","grid-parent","grid-33","no-featured-image-padding"],"acf":[],"yoast_head":"<!-- This site is optimized with the Yoast SEO plugin v27.5 - https:\/\/yoast.com\/product\/yoast-seo-wordpress\/ -->\n<title>Vergi verm\u0259liyikmi? (3-c\u00fc yaz\u0131) - MEYDAN.TV<\/title>\n<meta name=\"robots\" content=\"index, follow, max-snippet:-1, max-image-preview:large, max-video-preview:-1\" \/>\n<link rel=\"canonical\" href=\"https:\/\/www.meydan.tv\/az\/article\/vergi-vermeliyikmi-3-cu-yazi\/\" \/>\n<meta property=\"og:locale\" content=\"az_AZ\" \/>\n<meta property=\"og:type\" content=\"article\" \/>\n<meta property=\"og:title\" content=\"Vergi verm\u0259liyikmi? (3-c\u00fc yaz\u0131) - MEYDAN.TV\" \/>\n<meta property=\"og:description\" content=\"D\u00f6vl\u0259timiz\u0259 sahib \u00e7\u0131xaq\" \/>\n<meta property=\"og:url\" content=\"https:\/\/www.meydan.tv\/az\/article\/vergi-vermeliyikmi-3-cu-yazi\/\" \/>\n<meta property=\"og:site_name\" content=\"MEYDAN.TV\" \/>\n<meta property=\"article:published_time\" content=\"2016-05-13T19:39:57+00:00\" \/>\n<meta property=\"og:image\" content=\"https:\/\/www.meydan.tv\/wp-content\/uploads\/21789.jpg\" \/>\n\t<meta property=\"og:image:width\" content=\"500\" \/>\n\t<meta property=\"og:image:height\" content=\"500\" \/>\n\t<meta property=\"og:image:type\" content=\"image\/jpeg\" \/>\n<meta name=\"author\" content=\"user-manager\" \/>\n<meta name=\"twitter:card\" content=\"summary_large_image\" \/>\n<script type=\"application\/ld+json\" class=\"yoast-schema-graph\">{\"@context\":\"https:\\\/\\\/schema.org\",\"@graph\":[{\"@type\":\"Article\",\"@id\":\"https:\\\/\\\/www.meydan.tv\\\/az\\\/article\\\/vergi-vermeliyikmi-3-cu-yazi\\\/#article\",\"isPartOf\":{\"@id\":\"https:\\\/\\\/www.meydan.tv\\\/az\\\/article\\\/vergi-vermeliyikmi-3-cu-yazi\\\/\"},\"author\":{\"name\":\"user-manager\",\"@id\":\"https:\\\/\\\/www.meydan.tv\\\/az\\\/#\\\/schema\\\/person\\\/10d11eccf6da3662cf5fdab9806ea91a\"},\"headline\":\"Vergi verm\u0259liyikmi? (3-c\u00fc yaz\u0131)\",\"datePublished\":\"2016-05-13T19:39:57+00:00\",\"mainEntityOfPage\":{\"@id\":\"https:\\\/\\\/www.meydan.tv\\\/az\\\/article\\\/vergi-vermeliyikmi-3-cu-yazi\\\/\"},\"wordCount\":1124,\"publisher\":{\"@id\":\"https:\\\/\\\/www.meydan.tv\\\/az\\\/#organization\"},\"image\":{\"@id\":\"https:\\\/\\\/www.meydan.tv\\\/az\\\/article\\\/vergi-vermeliyikmi-3-cu-yazi\\\/#primaryimage\"},\"thumbnailUrl\":\"https:\\\/\\\/www.meydan.tv\\\/wp-content\\\/uploads\\\/21789.jpg\",\"articleSection\":[\"M\u0259nim Fikrimc\u0259\"],\"inLanguage\":\"az\"},{\"@type\":\"WebPage\",\"@id\":\"https:\\\/\\\/www.meydan.tv\\\/az\\\/article\\\/vergi-vermeliyikmi-3-cu-yazi\\\/\",\"url\":\"https:\\\/\\\/www.meydan.tv\\\/az\\\/article\\\/vergi-vermeliyikmi-3-cu-yazi\\\/\",\"name\":\"Vergi verm\u0259liyikmi? (3-c\u00fc yaz\u0131) - MEYDAN.TV\",\"isPartOf\":{\"@id\":\"https:\\\/\\\/www.meydan.tv\\\/az\\\/#website\"},\"primaryImageOfPage\":{\"@id\":\"https:\\\/\\\/www.meydan.tv\\\/az\\\/article\\\/vergi-vermeliyikmi-3-cu-yazi\\\/#primaryimage\"},\"image\":{\"@id\":\"https:\\\/\\\/www.meydan.tv\\\/az\\\/article\\\/vergi-vermeliyikmi-3-cu-yazi\\\/#primaryimage\"},\"thumbnailUrl\":\"https:\\\/\\\/www.meydan.tv\\\/wp-content\\\/uploads\\\/21789.jpg\",\"datePublished\":\"2016-05-13T19:39:57+00:00\",\"breadcrumb\":{\"@id\":\"https:\\\/\\\/www.meydan.tv\\\/az\\\/article\\\/vergi-vermeliyikmi-3-cu-yazi\\\/#breadcrumb\"},\"inLanguage\":\"az\",\"potentialAction\":[{\"@type\":\"ReadAction\",\"target\":[\"https:\\\/\\\/www.meydan.tv\\\/az\\\/article\\\/vergi-vermeliyikmi-3-cu-yazi\\\/\"]}]},{\"@type\":\"ImageObject\",\"inLanguage\":\"az\",\"@id\":\"https:\\\/\\\/www.meydan.tv\\\/az\\\/article\\\/vergi-vermeliyikmi-3-cu-yazi\\\/#primaryimage\",\"url\":\"https:\\\/\\\/www.meydan.tv\\\/wp-content\\\/uploads\\\/21789.jpg\",\"contentUrl\":\"https:\\\/\\\/www.meydan.tv\\\/wp-content\\\/uploads\\\/21789.jpg\",\"width\":500,\"height\":500,\"caption\":\"Source:\"},{\"@type\":\"BreadcrumbList\",\"@id\":\"https:\\\/\\\/www.meydan.tv\\\/az\\\/article\\\/vergi-vermeliyikmi-3-cu-yazi\\\/#breadcrumb\",\"itemListElement\":[{\"@type\":\"ListItem\",\"position\":1,\"name\":\"Ana s\u0259hif\u0259\",\"item\":\"https:\\\/\\\/www.meydan.tv\\\/az\\\/\"},{\"@type\":\"ListItem\",\"position\":2,\"name\":\"M\u0259nim Fikrimc\u0259\",\"item\":\"https:\\\/\\\/www.meydan.tv\\\/az\\\/section\\\/menim-fikrimce\\\/\"},{\"@type\":\"ListItem\",\"position\":3,\"name\":\"Vergi verm\u0259liyikmi? (3-c\u00fc yaz\u0131)\"}]},{\"@type\":\"WebSite\",\"@id\":\"https:\\\/\\\/www.meydan.tv\\\/az\\\/#website\",\"url\":\"https:\\\/\\\/www.meydan.tv\\\/az\\\/\",\"name\":\"MEYDAN.TV\",\"description\":\"Meydan TV Az\u0259rbaycan\u0131n media m\u0259kan\u0131ndak\u0131 alternativ s\u0259sidir\",\"publisher\":{\"@id\":\"https:\\\/\\\/www.meydan.tv\\\/az\\\/#organization\"},\"potentialAction\":[{\"@type\":\"SearchAction\",\"target\":{\"@type\":\"EntryPoint\",\"urlTemplate\":\"https:\\\/\\\/www.meydan.tv\\\/az\\\/?s={search_term_string}\"},\"query-input\":{\"@type\":\"PropertyValueSpecification\",\"valueRequired\":true,\"valueName\":\"search_term_string\"}}],\"inLanguage\":\"az\"},{\"@type\":\"Organization\",\"@id\":\"https:\\\/\\\/www.meydan.tv\\\/az\\\/#organization\",\"name\":\"Meydan TV\",\"url\":\"https:\\\/\\\/www.meydan.tv\\\/az\\\/\",\"logo\":{\"@type\":\"ImageObject\",\"inLanguage\":\"az\",\"@id\":\"https:\\\/\\\/www.meydan.tv\\\/az\\\/#\\\/schema\\\/logo\\\/image\\\/\",\"url\":\"https:\\\/\\\/www.meydan.tv\\\/wp-content\\\/uploads\\\/2021\\\/07\\\/meydan-logo.svg\",\"contentUrl\":\"https:\\\/\\\/www.meydan.tv\\\/wp-content\\\/uploads\\\/2021\\\/07\\\/meydan-logo.svg\",\"width\":195,\"height\":46,\"caption\":\"Meydan TV\"},\"image\":{\"@id\":\"https:\\\/\\\/www.meydan.tv\\\/az\\\/#\\\/schema\\\/logo\\\/image\\\/\"}},{\"@type\":\"Person\",\"@id\":\"https:\\\/\\\/www.meydan.tv\\\/az\\\/#\\\/schema\\\/person\\\/10d11eccf6da3662cf5fdab9806ea91a\",\"name\":\"user-manager\"}]}<\/script>\n<!-- \/ Yoast SEO plugin. -->","yoast_head_json":{"title":"Vergi verm\u0259liyikmi? (3-c\u00fc yaz\u0131) - MEYDAN.TV","robots":{"index":"index","follow":"follow","max-snippet":"max-snippet:-1","max-image-preview":"max-image-preview:large","max-video-preview":"max-video-preview:-1"},"canonical":"https:\/\/www.meydan.tv\/az\/article\/vergi-vermeliyikmi-3-cu-yazi\/","og_locale":"az_AZ","og_type":"article","og_title":"Vergi verm\u0259liyikmi? (3-c\u00fc yaz\u0131) - MEYDAN.TV","og_description":"D\u00f6vl\u0259timiz\u0259 sahib \u00e7\u0131xaq","og_url":"https:\/\/www.meydan.tv\/az\/article\/vergi-vermeliyikmi-3-cu-yazi\/","og_site_name":"MEYDAN.TV","article_published_time":"2016-05-13T19:39:57+00:00","og_image":[{"width":500,"height":500,"url":"https:\/\/www.meydan.tv\/wp-content\/uploads\/21789.jpg","type":"image\/jpeg"}],"author":"user-manager","twitter_card":"summary_large_image","schema":{"@context":"https:\/\/schema.org","@graph":[{"@type":"Article","@id":"https:\/\/www.meydan.tv\/az\/article\/vergi-vermeliyikmi-3-cu-yazi\/#article","isPartOf":{"@id":"https:\/\/www.meydan.tv\/az\/article\/vergi-vermeliyikmi-3-cu-yazi\/"},"author":{"name":"user-manager","@id":"https:\/\/www.meydan.tv\/az\/#\/schema\/person\/10d11eccf6da3662cf5fdab9806ea91a"},"headline":"Vergi verm\u0259liyikmi? (3-c\u00fc yaz\u0131)","datePublished":"2016-05-13T19:39:57+00:00","mainEntityOfPage":{"@id":"https:\/\/www.meydan.tv\/az\/article\/vergi-vermeliyikmi-3-cu-yazi\/"},"wordCount":1124,"publisher":{"@id":"https:\/\/www.meydan.tv\/az\/#organization"},"image":{"@id":"https:\/\/www.meydan.tv\/az\/article\/vergi-vermeliyikmi-3-cu-yazi\/#primaryimage"},"thumbnailUrl":"https:\/\/www.meydan.tv\/wp-content\/uploads\/21789.jpg","articleSection":["M\u0259nim Fikrimc\u0259"],"inLanguage":"az"},{"@type":"WebPage","@id":"https:\/\/www.meydan.tv\/az\/article\/vergi-vermeliyikmi-3-cu-yazi\/","url":"https:\/\/www.meydan.tv\/az\/article\/vergi-vermeliyikmi-3-cu-yazi\/","name":"Vergi verm\u0259liyikmi? (3-c\u00fc yaz\u0131) - MEYDAN.TV","isPartOf":{"@id":"https:\/\/www.meydan.tv\/az\/#website"},"primaryImageOfPage":{"@id":"https:\/\/www.meydan.tv\/az\/article\/vergi-vermeliyikmi-3-cu-yazi\/#primaryimage"},"image":{"@id":"https:\/\/www.meydan.tv\/az\/article\/vergi-vermeliyikmi-3-cu-yazi\/#primaryimage"},"thumbnailUrl":"https:\/\/www.meydan.tv\/wp-content\/uploads\/21789.jpg","datePublished":"2016-05-13T19:39:57+00:00","breadcrumb":{"@id":"https:\/\/www.meydan.tv\/az\/article\/vergi-vermeliyikmi-3-cu-yazi\/#breadcrumb"},"inLanguage":"az","potentialAction":[{"@type":"ReadAction","target":["https:\/\/www.meydan.tv\/az\/article\/vergi-vermeliyikmi-3-cu-yazi\/"]}]},{"@type":"ImageObject","inLanguage":"az","@id":"https:\/\/www.meydan.tv\/az\/article\/vergi-vermeliyikmi-3-cu-yazi\/#primaryimage","url":"https:\/\/www.meydan.tv\/wp-content\/uploads\/21789.jpg","contentUrl":"https:\/\/www.meydan.tv\/wp-content\/uploads\/21789.jpg","width":500,"height":500,"caption":"Source:"},{"@type":"BreadcrumbList","@id":"https:\/\/www.meydan.tv\/az\/article\/vergi-vermeliyikmi-3-cu-yazi\/#breadcrumb","itemListElement":[{"@type":"ListItem","position":1,"name":"Ana s\u0259hif\u0259","item":"https:\/\/www.meydan.tv\/az\/"},{"@type":"ListItem","position":2,"name":"M\u0259nim Fikrimc\u0259","item":"https:\/\/www.meydan.tv\/az\/section\/menim-fikrimce\/"},{"@type":"ListItem","position":3,"name":"Vergi verm\u0259liyikmi? (3-c\u00fc yaz\u0131)"}]},{"@type":"WebSite","@id":"https:\/\/www.meydan.tv\/az\/#website","url":"https:\/\/www.meydan.tv\/az\/","name":"MEYDAN.TV","description":"Meydan TV Az\u0259rbaycan\u0131n media m\u0259kan\u0131ndak\u0131 alternativ s\u0259sidir","publisher":{"@id":"https:\/\/www.meydan.tv\/az\/#organization"},"potentialAction":[{"@type":"SearchAction","target":{"@type":"EntryPoint","urlTemplate":"https:\/\/www.meydan.tv\/az\/?s={search_term_string}"},"query-input":{"@type":"PropertyValueSpecification","valueRequired":true,"valueName":"search_term_string"}}],"inLanguage":"az"},{"@type":"Organization","@id":"https:\/\/www.meydan.tv\/az\/#organization","name":"Meydan TV","url":"https:\/\/www.meydan.tv\/az\/","logo":{"@type":"ImageObject","inLanguage":"az","@id":"https:\/\/www.meydan.tv\/az\/#\/schema\/logo\/image\/","url":"https:\/\/www.meydan.tv\/wp-content\/uploads\/2021\/07\/meydan-logo.svg","contentUrl":"https:\/\/www.meydan.tv\/wp-content\/uploads\/2021\/07\/meydan-logo.svg","width":195,"height":46,"caption":"Meydan TV"},"image":{"@id":"https:\/\/www.meydan.tv\/az\/#\/schema\/logo\/image\/"}},{"@type":"Person","@id":"https:\/\/www.meydan.tv\/az\/#\/schema\/person\/10d11eccf6da3662cf5fdab9806ea91a","name":"user-manager"}]}},"_links":{"self":[{"href":"https:\/\/www.meydan.tv\/az\/wp-json\/wp\/v2\/posts\/175926","targetHints":{"allow":["GET"]}}],"collection":[{"href":"https:\/\/www.meydan.tv\/az\/wp-json\/wp\/v2\/posts"}],"about":[{"href":"https:\/\/www.meydan.tv\/az\/wp-json\/wp\/v2\/types\/post"}],"author":[{"embeddable":true,"href":"https:\/\/www.meydan.tv\/az\/wp-json\/wp\/v2\/users\/11"}],"replies":[{"embeddable":true,"href":"https:\/\/www.meydan.tv\/az\/wp-json\/wp\/v2\/comments?post=175926"}],"version-history":[{"count":0,"href":"https:\/\/www.meydan.tv\/az\/wp-json\/wp\/v2\/posts\/175926\/revisions"}],"wp:featuredmedia":[{"embeddable":true,"href":"https:\/\/www.meydan.tv\/az\/wp-json\/wp\/v2\/media\/57554"}],"wp:attachment":[{"href":"https:\/\/www.meydan.tv\/az\/wp-json\/wp\/v2\/media?parent=175926"}],"wp:term":[{"taxonomy":"category","embeddable":true,"href":"https:\/\/www.meydan.tv\/az\/wp-json\/wp\/v2\/categories?post=175926"},{"taxonomy":"post_tag","embeddable":true,"href":"https:\/\/www.meydan.tv\/az\/wp-json\/wp\/v2\/tags?post=175926"}],"curies":[{"name":"wp","href":"https:\/\/api.w.org\/{rel}","templated":true}]}}