{"id":175843,"date":"2016-05-10T23:35:07","date_gmt":"2016-05-10T23:35:07","guid":{"rendered":"https:\/\/www.meydan.tv\/article\/vergi-vermeliyikmi-2-ci-hisse\/"},"modified":"2016-05-10T23:35:07","modified_gmt":"2016-05-10T23:35:07","slug":"vergi-vermeliyikmi-2-ci-hisse","status":"publish","type":"post","link":"https:\/\/www.meydan.tv\/az\/article\/vergi-vermeliyikmi-2-ci-hisse\/","title":{"rendered":"Vergi verm\u0259liyikmi? (2-ci hiss\u0259)"},"content":{"rendered":"<figure class=\"wp-block-image size-large\">\n  <img decoding=\"async\" src=\"https:\/\/www.meydan.tv\/az\/56902\/\" alt=\"\" class=\"wp-image-56902\"\/><figcaption><\/figcaption><\/figure>\n<figure class=\"wp-block-image size-large\">\n  <img decoding=\"async\" src=\"https:\/\/www.meydan.tv\/az\/56899\/\" alt=\"\" class=\"wp-image-56899\"\/><figcaption><\/figcaption><\/figure>\n<p>\n  <i><br \/>\n    Birinci yaz\u0131n\u0131<br \/>\n    <a href=\"\/az\/article\/vergi-vermeliyikmi\/\" target=\"_blank\" rel=\"noopener\"><br \/>\n      burda<br \/>\n    <\/a><br \/>\n    oxu<br \/>\n  <\/i>\n<\/p>\n<p>\n  Bu hiss\u0259d\u04d9 d\u0259rind\u0259n n\u0259f\u0259s al\u0131b, d\u00fc\u015f\u00fcn\u00fcr\u0259m ki, siyah\u0131n\u0131 uzad\u0131m ya yox? N\u0259f\u0259simin hara q\u0259d\u0259r gedib \u00e7\u0131xa bil\u0259c\u0259yini bildiyimd\u0259n, s\u0259rh\u0259dl\u0259rimi c\u0131z\u0131ram v\u0259 dayan\u0131ram. \u00c7\u00fcnki bu m\u0259sl\u0259l\u0259l\u0259r haqda m\u0259nd\u0259n min d\u0259f\u0259 \u00e7ox v\u0259 daha yax\u015f\u0131 d\u00fc\u015f\u00fcn\u0259n insanlar \u00e7oxsayl\u0131 kitablar v\u0259 m\u0259qal\u0259l\u0259r yaz\u0131b. O fikir adamlar\u0131ndan utan\u0131ram, amma h\u0259m d\u0259, bunu bilm\u0259y\u0259n, daha d\u0259qiq, bilm\u0259k ist\u0259m\u0259y\u0259n insanlar\u0131m\u0131zdan da utan\u0131ram. \u0130kinci utanmaq hissi daha a\u011f\u0131r g\u0259ldiyind\u0259n, bu yaz\u0131n\u0131 yaz\u0131ram, yoxsa, q\u0131zarmaq kimin xo\u015funa g\u0259lir ki?!\n<\/p>\n<p>\n  \u0130ndi sual budur ki, start\u0131 niy\u0259 bel\u0259 uzaqdan g\u00f6t\u00fcrd\u00fcm? Birinci paraqrafla ikinci paraqraf aras\u0131nda \u0259laq\u0259 n\u0259dir ki? Bu i\u015fd\u0259 m\u0259n\u0259 indi yazacaqlar\u0131m k\u00f6m\u0259k ed\u0259c\u0259k dey\u0259 d\u00fc\u015f\u00fcn\u00fcr\u0259m.\n<\/p>\n<p>\n  Dem\u0259k, d\u00f6vl\u0259tin yuxar\u0131da sadalad\u0131\u011f\u0131m v\u0259 n\u0259f\u0259sim k\u0259sildiyind\u0259n sadalaya bilm\u0259diyim bir \u00e7ox \u00f6hd\u0259\u00e7ilikl\u0259rini normal icra etm\u0259si \u00fc\u00e7\u00fcn onun maddi imkanlar\u0131 olmal\u0131d\u0131r. Normal \u00f6lk\u0259l\u0259rd\u0259, d\u00f6vl\u0259t insanlardan vergi y\u0131\u011fmaqla bunu edir. Dem\u0259k ki, d\u00f6vl\u0259t insanlar\u0131n h\u0259yat\u0131n\u0131 qorumaq, \u0259dal\u0259tli qanunlar yaratmaq, o qanunlar\u0131n icras\u0131na n\u0259zar\u0259ti t\u0259min etm\u0259k, \u00f6lk\u0259d\u0259 \u0259dal\u0259t ruhunu yaratmaq v\u0259 \u0259dal\u0259t ke\u015fik\u00e7il\u0259rinin qorxusuz \u015f\u0259kild\u0259 i\u015fl\u0259rini g\u00f6rm\u0259sini t\u0259min etm\u0259k, insanlar\u0131n orta v\u0259 ali t\u0259hsil almas\u0131na \u00e7al\u0131\u015fmaq, onlar\u0131n sa\u011flaml\u0131\u011f\u0131n\u0131n qay\u011f\u0131s\u0131na qalmaq \u00fc\u00e7\u00fcn m\u00f6vcudur. B\u00fct\u00fcn bu a\u011f\u0131r amma \u015f\u0259r\u0259fli \u00f6hd\u0259\u00e7ilikl\u0259ri icra etm\u0259si \u00fc\u00e7\u00fcn is\u0259 onun pula, dem\u0259k, v\u0259t\u0259nda\u015f\u0131n\u0131n vergisin\u0259 ehtiyac\u0131 var. V\u0259t\u0259nda\u015f\u0131n vergisi is\u0259 o dem\u0259kdir ki, o bu verginin qar\u015f\u0131l\u0131\u011f\u0131nda d\u00f6vl\u0259td\u0259n yuxar\u0131da sadalanlar\u0131 t\u0259l\u0259b ed\u0259 bil\u0259r v\u0259 etm\u0259lidir d\u0259.\n<\/p>\n<p>\n  <i><br \/>\n    <b><br \/>\n      B\u0259s \u0259g\u0259r, d\u00f6vl\u0259t v\u0259t\u0259nda\u015fdan vergi al\u0131b, amma yuxar\u0131da sadalananlar\u0131 he\u00e7 birini icra etmirs\u0259 v\u0259 ya pis v\u0259 \u00e7ox pis icra edirs\u0259? O zaman haql\u0131 sual ortaya \u00e7\u0131x\u0131r: V\u0259t\u0259nda\u015f bel\u0259 d\u00f6vl\u0259t\u0259 vergi verm\u0259lidirmi?<br \/>\n    <\/b><br \/>\n  <\/i>\n<\/p>\n<p>\n  Sizi bilmir\u0259m, m\u0259n d\u00fc\u015f\u00fcn\u00fcr\u0259m ki, q\u0259tiyy\u0259n vergi verm\u0259m\u0259lidir.\n<\/p>\n<p>\n  Sual\u0131m\u0131za v\u0259 ona cavaba \u00f6z \u00f6lk\u0259mizin, y\u0259ni, Az\u0259rbaycan\u0131n misal\u0131nda (h\u0259m d\u0259 d\u00f6vl\u0259tin sadalad\u0131\u011f\u0131m elementar \u00f6hd\u0259\u00e7ilikl\u0259ri fonunda) cavab axtaraq.\n<\/p>\n<p>\n  Az\u0259rbaycan d\u00f6vl\u0259ti v\u0259t\u0259nda\u015f\u0131n\u0131n sa\u011f-salamat ya\u015famaq h\u00fcququnu t\u0259min ed\u0259 bilirmi? Cavab\u0131m: xarici t\u0259hl\u00fck\u0259y\u0259 qar\u015f\u0131 \u00e7ox pis t\u0259min edir, daxild\u0259n g\u0259l\u0259n t\u0259hl\u00fck\u0259y\u0259 qar\u015f\u0131 is\u0259 n\u0259yinki t\u0259min edir, h\u0259tta \u00f6z\u00fc terrora \u00e7evrilib.\n<\/p>\n<p>\n  He\u00e7 kim\u0259 sirr deyil ki, Az\u0259rbaycan ordusunda qulluq ed\u0259n \u0259sg\u0259rl\u0259rin maddi t\u0259minat\u0131n\u0131 v\u0259t\u0259nda\u015f\u0131n verdiyi vergi il\u0259 t\u0259min etm\u0259li olan d\u00f6vl\u0259t, bunu \u00e7ox pis formada edir. Az\u0259rbaycan \u0259sg\u0259rini, u\u015fa\u011f\u0131n\u0131 \u0259sg\u0259rliy\u0259 g\u00f6nd\u0259r\u0259n (\u0259slind\u0259, imkanlar\u0131 olsa, he\u00e7 g\u00f6nd\u0259rm\u0259zl\u0259r ki, bu da v\u0259t\u0259nda\u015f\u0131n sa\u011flam d\u00fc\u015f\u00fcnd\u00fcy\u00fcn\u00fc g\u00f6st\u0259rir) v\u0259 onun yax\u015f\u0131 qidalanmas\u0131 v\u0259 gigiyenas\u0131n\u0131n qay\u011f\u0131s\u0131na qalan Az\u0259rbaycan ail\u0259l\u0259ridir.\n<\/p>\n<p>\n  M\u0259n\u0259 inanm\u0131rs\u0131n\u0131zsa, \u00f6z\u00fcn\u00fcz\u00fcn m\u0259\u015f\u0259qq\u0259tli \u0259sg\u0259rliyinizi xat\u0131rlay\u0131n. Qulluq etdiyim h\u0259rbi hiss\u0259d\u0259 biz\u0259 \u00e7atmal\u0131 olan kalorili qidalar\u0131n he\u00e7 birini \u015f\u0259xs\u0259n m\u0259n he\u00e7 zaman dada bilm\u0259mi\u015f\u0259m. Amma \u0259v\u0259zind\u0259, ki\u00e7ik iyn\u0259 yaras\u0131ndan barmaqlar\u0131, ayaqlar\u0131 \u00e7irkl\u0259rl\u0259 \u0259hat\u0259 olunmu\u015f \u00e7oxsayl\u0131 \u0259sg\u0259r g\u00f6rm\u00fc\u015f\u0259m. \u018fv\u0259zind\u0259, yax\u015f\u0131 qidalana bilm\u0259diyi \u00fc\u00e7\u00fcn r\u0259ngi a\u011f ka\u011f\u0131za b\u0259nz\u0259y\u0259n \u00e7oxlu \u0259sg\u0259r g\u00f6rm\u00fc\u015f\u0259m. \u018fv\u0259zind\u0259, ayda bir-iki d\u0259f\u0259 yan\u0131na g\u0259l\u0259n ail\u0259sinin g\u0259tirdiyi qidadan dadan, bir az toxdam\u0131\u015f \u0259sg\u0259rl\u0259r v\u0259 onlara q\u0131raqdan baxan r\u0259ngi saralm\u0131\u015f \u0259sg\u0259rl\u0259r g\u00f6rm\u00fc\u015f\u0259m.\n<\/p>\n<p>\n  H\u0259min \u0259sg\u0259rl\u0259r\u0259 \u00e7atmal\u0131 olan qidalar\u0131 yeyib-da\u011f\u0131dan v\u0259 satan h\u0259rbi hiss\u0259 komandirinin, ev yem\u0259kl\u0259rin\u0259 q\u0131raqdan baxan \u0259sg\u0259rl\u0259ri \u201cs\u00fcms\u00fck it\u201d adland\u0131rd\u0131\u011f\u0131n\u0131 g\u00f6rm\u00fc\u015f\u0259m, e\u015fitmi\u015f\u0259m. V\u0259 h\u0259min anda v\u0259 indi d\u0259 d\u00fc\u015f\u00fcnm\u00fc\u015f\u0259m ki, biz kimi kimd\u0259n qoruyuruq? Kas\u0131b\u0131n u\u015fa\u011f\u0131 \u00f6n c\u0259bh\u0259y\u0259 \u00f6l\u00fcm\u0259 g\u00f6nd\u0259rilir, onlar\u0131 g\u00f6nd\u0259r\u0259nl\u0259rin u\u015faqlar\u0131 is\u0259 Londonda kef edir.\n<\/p>\n<p>\n  O zaman, bu d\u00f6vl\u0259tin \u00e7oxluq t\u0259\u015fkil ed\u0259n v\u0259t\u0259nda\u015flar\u0131 papaqlar\u0131n\u0131 v\u0259 yayl\u0131qlar\u0131n\u0131 qar\u015f\u0131lar\u0131na qoyub d\u00fc\u015f\u00fcnm\u0259lidir: biz kimi kimd\u0259n qorumaq \u00fc\u00e7\u00fcn vergi veririk? Ona g\u00f6r\u0259mi ki, bizim vergimizi sorub, milyon\u00e7u olan d\u00f6vl\u0259t t\u0259msil\u00e7il\u0259rinin u\u015faqlar\u0131 Londonda g\u0259zsin, \u00f6z u\u015faqlar\u0131n\u0131z is\u0259 c\u0259bh\u0259d\u0259 h\u0259lak olsun?\n<\/p>\n<p>\n  Ke\u00e7\u0259k asayi\u015fin v\u0259 insanlar\u0131n sa\u011f-salamat ya\u015famas\u0131n\u0131n ke\u015fiyind\u0259 durmal\u0131 olan polis b\u00f6lm\u0259l\u0259rin\u0259. Y\u0259qin, he\u00e7 kim\u0259 art\u0131q sirr deyil ki, Az\u0259rbaycan d\u00f6vl\u0259tinin polisi v\u0259t\u0259nda\u015f\u0131n sa\u011f-salamat qalmas\u0131n\u0131n d\u0259rdini v\u0259 qay\u011f\u0131s\u0131n\u0131 yox, \u00f6z\u00fcn\u00fcn sa\u011f-salamat v\u0259 \u015fad-x\u00fcrr\u0259m ya\u015famas\u0131n\u0131n qay\u011f\u0131s\u0131na qal\u0131r. \u00d6z\u00fcn\u00fcn bu z\u0259ruri v\u0259 l\u00fcks ehtiyaclar\u0131n\u0131 \u00f6d\u0259m\u0259k \u00fc\u00e7\u00fcn polis, v\u0259t\u0259nda\u015f\u0131 terrora m\u0259ruz qoyur, ist\u0259dikd\u0259 onun cibin\u0259 \u201cn\u0259\u015f\u0259\u201d at\u0131r, ist\u0259dikd\u0259 \u201cxuliqanl\u0131q\u201d etdiyini \u0259sas tutaraq h\u0259bs\u0259 at\u0131r, \u0259ll\u0259rind\u0259n pullar\u0131n\u0131 al\u0131r.\n<\/p>\n<p>\n  M\u0259s\u0259l\u0259, he\u00e7 ictimai tan\u0131nm\u0131\u015f insanlara qar\u015f\u0131 qald\u0131r\u0131lan saxta cinay\u0259t i\u015fl\u0259rind\u0259 deyil. Polis adi v\u0259t\u0259nda\u015flara qar\u015f\u0131 daha \u00e7ox q\u0259ddard\u0131r. M\u0259n\u0259 inanm\u0131rs\u0131n\u0131zsa, v\u0259kil v\u0259 h\u00fcquq\u015funaslardan soru\u015fa bil\u0259rsiz. Onlar\u0131n tonlarla bel\u0259 i\u015fl\u0259ri olub. K\u00fc\u00e7\u0259d\u0259 d\u00f6y\u00fcl\u0259n, \u00f6ld\u00fcr\u00fcl\u0259n insanlar\u0131 g\u00f6r\u0259n insanlar\u0131m\u0131z\u0131n hadis\u0259nin yan\u0131ndan bigan\u0259 v\u0259 ya qorxaraq ke\u00e7m\u0259si v\u0259 he\u00e7 bir k\u00f6m\u0259klik etm\u0259m\u0259si il\u0259 ba\u011fl\u0131 \u00e7oxsayl\u0131 hekay\u0259l\u0259ri ham\u0131n\u0131z e\u015fidib.\n<\/p>\n<p>\n  Ham\u0131m\u0131z o insanlar\u0131 da\u015f \u00fcr\u0259klikd\u0259 ittiham etmi\u015fik. Amma ham\u0131m\u0131z \u00f6z\u00fcm\u00fcz\u00fc \u201cbigan\u0259l\u0259rin\u201d yerin\u0259 qoyanda hiss etmi\u015fik ki, \u0259slind\u0259, m\u0259s\u0259l\u0259 da\u015f \u00fcr\u0259klilikd\u0259 deyil, m\u0259s\u0259l\u0259 hadis\u0259y\u0259 m\u00fcdaxil\u0259 edib sonradan \u00f6z\u00fcn\u00fcn polis t\u0259r\u0259find\u0259n \u015f\u0259rl\u0259nm\u0259nin \u00e7ox y\u00fcks\u0259k ehtimal olmas\u0131ndad\u0131r. \u201cBoynuma y\u0131xarlar, n\u0259yim\u0259 laz\u0131md\u0131r?\u201d deyib v\u0259h\u015filiy\u0259 g\u00f6z yumma\u011fa<br \/>\n  <a href=\"http:\/\/www.azadliq.info\/133098.html\"><br \/>\n    m\u0259cbur edilmi\u015fik.<br \/>\n  <\/a>\n<\/p>\n<\/p>\n<p>\n  V\u0259 bunu g\u00f6r\u0259n sad\u0259 v\u0259t\u0259nda\u015f d\u00fc\u015f\u00fcn\u00fcr, d\u00fc\u015f\u00fcnm\u00fcrs\u0259, d\u00fc\u015f\u00fcnm\u0259ldir: \u018fc\u0259ba, m\u0259n bu d\u00f6vl\u0259t\u0259 niy\u0259 vergi verir\u0259m? Ona g\u00f6r\u0259mi ki, m\u0259nim vergimd\u0259n evin\u0259 yem\u0259k aparan polis, g\u0259lib m\u0259ni etm\u0259diyim cinay\u0259t hadis\u0259sind\u0259 ittiham edib, dama bass\u0131n? Pul verm\u0259diyim, ver\u0259 bilm\u0259diyim \u00fc\u00e7\u00fcn m\u0259ni d\u00f6y\u00fcb \u00f6ld\u00fcrs\u00fcn?\n<\/p>\n<p>\n  <i><br \/>\n    Az\u0259rbaycanda qanunlar nec\u0259 yarad\u0131l\u0131r v\u0259 icra edilir? \u018fdal\u0259ti t\u0259min etm\u0259li olan m\u0259hk\u0259m\u0259l\u0259r nec\u0259 i\u015fl\u0259yir?<br \/>\n  <\/i>\n<\/p>\n<blockquote><p>\n  Selektiv qanunlar, selektiv \u0259dal\u0259t\n<\/p><\/blockquote>\n<p>\n  Art\u0131q he\u00e7 kim\u0259 sirr deyil ki, Az\u0259rbaycanda Qanunverici orqan olan Milli M\u0259clis q\u0259bul etdiyi qanunlar\u0131n \u0259dal\u0259tli olub-olmamas\u0131, onun icra edilib-edilm\u0259m\u04d9si il\u0259 q\u0259tiyy\u0259n maraqlanm\u0131r. Bunun \u0259n sad\u0259 s\u0259b\u0259bi, qanunverici orqana se\u00e7ilm\u0259li deputatlar\u0131n xalq t\u0259r\u0259find\u0259n<br \/>\n  <a href=\"http:\/\/www.osce.org\/odihr\/elections\/azerbaijan\/179216?download=true\"><br \/>\n    se\u00e7ilm\u0259m\u0259sidir.<br \/>\n  <\/a><br \/>\n  \u00a0Xalq t\u0259r\u0259find\u0259n se\u00e7ilm\u0259dikl\u0259ri \u00fc\u00e7\u00fcnd\u00fcr ki, qanunverici orqan q\u0259tiyy\u0259n \u0259dal\u0259tli qanun q\u0259bul etm\u0259y\u0259, qanunlara \u0259dal\u0259t prinsipin r\u0259hb\u0259r tutaraq, d\u0259yi\u015fiklik v\u0259 d\u00fcz\u0259li\u015fl\u0259r etm\u0259y\u0259 n\u0259 maraql\u0131d\u0131r, n\u0259 d\u0259 buna savadlar\u0131 \u00e7at\u0131r. H\u0259r bir normal \u00f6lk\u0259nin \u00fc\u00e7 \u0259sas hakimiyy\u0259tind\u0259n biri olan qanunverici hakimiyy\u0259tin \u00f6lk\u0259mizd\u0259 xalq\u0131 yox, ovuc boyda insanlar\u0131n biznesl\u0259rin v\u0259 siyasi maraqlar\u0131n t\u0259min etm\u0259y\u0259 \u00e7al\u0131\u015fmas\u0131 onu xalq\u0131n g\u00f6z\u00fcnd\u0259 tamamil\u0259 etibars\u0131zla\u015fd\u0131r\u0131b v\u0259 h\u00f6rm\u0259td\u0259n sal\u0131b.\n<\/p>\n<p>\n  Milli M\u0259clisin legitimliyi itirm\u0259si, h\u0259r bir v\u0259t\u0259nda\u015f\u0131 d\u00fc\u015f\u00fcnd\u00fcrm\u0259lidir: M\u0259n vergi ona g\u00f6r\u0259 verir\u0259m ki, c\u0259miyy\u0259tin maraqlar\u0131n\u0131 qorumal\u0131 olan qurum, onun maraqlar\u0131na zidd olan \u0259dal\u0259tsiz qanunlar q\u0259bul etsin? M\u0259n vergi ona g\u00f6r\u0259 verir\u0259m ki, m\u0259nim dilim olub dan\u0131\u015fmal\u0131 olan xalq t\u0259msil\u00e7il\u0259ri, hans\u0131sa maraq qruplar\u0131n\u0131n k\u00f6l\u0259sin\u0259 \u00e7evrilsin? Ax\u0131 onlar m\u0259nim vergim il\u0259 ayl\u0131q maa\u015f al\u0131r, xidm\u0259ti ma\u015f\u0131nlardan istifad\u0259 edir, adi insanlar\u0131n sahib olmad\u0131\u011f\u0131 imtiyazlardan istifad\u0259 edir. B\u0259li, bel\u0259 qanunvericisi olan \u00f6lk\u0259d\u0259 vergi verm\u0259m\u0259yin \u00f6z\u00fc \u0259sl v\u0259t\u0259nda\u015f m\u00f6vqeyi say\u0131lmal\u0131d\u0131r.\n<\/p>\n<p>\n  Ya m\u0259hk\u0259m\u0259l\u0259r? M\u0259hk\u0259m\u0259l\u0259rimizin hans\u0131 durumda oldu\u011funu, ora yolu d\u00fc\u015f\u0259n h\u0259r bir v\u0259t\u0259nda\u015f\u0131m\u0131z \u00e7ox yax\u015f\u0131 bilir. M\u0259hk\u0259m\u0259l\u0259r h\u00f6k\u00fcm\u0259tin siyasi mara\u011f\u0131nda olan i\u015fl\u0259rl\u0259 ba\u011fl\u0131 birm\u0259nal\u0131 olaraq v\u0259t\u0259nda\u015f\u0131 d\u00f6vl\u0259tin repressiya ma\u015f\u0131n\u0131n qaba\u011f\u0131na verib, \u0259zi\u015fdirilm\u0259sin\u0259 s\u0259b\u0259b olur. \u0130nanm\u0131rs\u0131n\u0131zsa, \u0130ntiqam \u018fliyev, Leyla Yunus v\u0259 Arif Yunus, Anar M\u0259mm\u0259dli, N\u0130DA-\u00e7\u0131lar\u0131n m\u0259hk\u0259m\u0259l\u0259rini (siyah\u0131n\u0131 100-d\u0259n \u00e7ox uzatmaq olar) yaz\u0131b \u201cgoogle\u201d ed\u0259 bil\u0259rsiniz. Qar\u015f\u0131n\u0131za m\u0259hk\u0259m\u0259l\u0259r v\u0259 onlar\u0131n hakiml\u0259rinin icra hakimiyy\u0259ti qar\u015f\u0131s\u0131nda nec\u0259 al\u00e7ald\u0131\u011f\u0131 il\u0259 ba\u011fl\u0131 \u00e7oxsayl\u0131 m\u0259lumatlar \u00e7\u0131xacaq.\n<\/p>\n<p>\n  Az\u0259rbaycan m\u0259hk\u0259m\u0259l\u0259ri v\u0259 onun hakiml\u0259rinin \u201ch\u0259yat v\u0259 yarad\u0131c\u0131l\u0131qlar\u0131nda\u201d \u0259dal\u0259tli q\u0259rarlar\u0131n say\u0131, y\u00fcz\u00fcn ona nisb\u0259tind\u0259 ola, ya olmaya. M\u0259s\u0259l\u0259 t\u0259kc\u0259 ictimai \u015f\u0259xsl\u0259rin m\u0259hk\u0259m\u0259l\u0259ri il\u0259 m\u0259hdudla\u015fsayd\u0131, b\u0259lk\u0259 d\u0259, m\u0259hk\u0259m\u0259l\u0259rimizd\u0259 bir balaca \u0259dal\u0259tin q\u0131\u011f\u0131lc\u0131m\u0131 oldu\u011funu q\u0259bul ed\u0259rdim. Amma ax\u0131, d\u00f6vl\u0259tin ist\u0259nil\u0259n qurumu il\u0259 m\u00fcbahis\u0259si d\u00fc\u015f\u0259n v\u0259 haql\u0131 olan v\u0259t\u0259nda\u015f, m\u0259hk\u0259m\u0259d\u0259 \u0259dal\u0259ti b\u0259rpa ed\u0259 bilmir. Az\u0259rbaycanda ist\u0259nil\u0259n varl\u0131 v\u0259 \u201cyuxar\u0131larla \u0259laq\u0259l\u0259ri\u201d olan \u015f\u0259xs, kas\u0131b v\u0259 \u201cyuxar\u0131lara \u0259li \u00e7atmayan\u201d \u015f\u0259xsl\u0259ri asanl\u0131qla m\u0259hk\u0259m\u0259l\u0259rd\u0259 \u201cudur\u201d. \u018fdal\u0259t yuvas\u0131 \u015f\u0259r yuvas\u0131na \u00e7evrilib. Az\u0259rbaycan insan\u0131n\u0131n m\u0259hk\u0259m\u0259l\u0259r il\u0259 m\u00fcnasib\u0259tl\u0259ri Kafkan\u0131n \u201cM\u0259hk\u0259m\u0259\u201d-sind\u0259 t\u0259svir etdiyi absurdlu\u011fu ya\u015fay\u0131r. Kim n\u0259 \u00fc\u00e7\u00fcn m\u00fchakim\u0259 olundu\u011funu he\u00e7 zaman bilmir.\n<\/p>\n<p>\n  V\u0259t\u0259nda\u015f bu yerd\u0259 sual etm\u0259lidir: M\u0259hk\u0259m\u0259 binalar\u0131n bizim vergil\u0259rl\u0259 tikirl\u0259r, binalarda oturub \u0259dal\u0259tli qorumal\u0131 hakiml\u0259r v\u0259 onlar\u0131n k\u00f6m\u0259k\u00e7il\u0259rinin maa\u015flar\u0131n\u0131 bizim vergil\u0259r il\u0259 al\u0131rlar. B\u0259sit formada ifad\u0259 ets\u0259k, m\u0259hk\u0259m\u0259nin v\u0259 onun t\u0259msil\u00e7il\u0259rinin \u0259sas i\u015fi c\u0259miyy\u0259td\u0259 haql\u0131n\u0131 haqs\u0131zdan m\u00fcdafi\u0259 etm\u0259k, insanlar\u0131n \u0259dal\u0259tl\u0259 \u00e7at\u0131ml\u0131l\u0131q h\u00fcququnu t\u0259min etm\u0259kdir. G\u00f6rd\u00fcy\u00fcn\u00fcz kimi h\u0259r \u015fey \u00e7ox sad\u0259dir, el\u0259c\u0259 d\u04d9, bizim sual da bu sad\u0259liy\u0259 uy\u011fun olaraq bel\u0259 olmal\u0131d\u0131r:\n<\/p>\n<p>\n  Bizi haqs\u0131zl\u0131qdan qorumayan, \u0259dal\u0259t axtar\u0131\u015f\u0131m\u0131za qap\u0131lar\u0131n\u0131 ba\u011flayan, bizi g\u00fccl\u00fcl\u0259rin, qolu zorlular\u0131n qurban\u0131 ed\u0259n m\u0259hk\u0259m\u0259l\u0259rin saxlan\u0131lmas\u0131na, al\u0131n t\u0259ri il\u0259 qazand\u0131\u011f\u0131m\u0131z pulu vergi \u015f\u0259klind\u0259 verm\u0259liyikmi?\n<\/p>\n<p>\n  <i><br \/>\n    \u00dc\u00e7\u00fcnc\u00fc yaz\u0131n\u0131<br \/>\n    <a href=\"\/az\/article\/vergi-vermeliyikmi-3-cu-yazi\/\" target=\"_blank\" rel=\"noopener\"><br \/>\n      burda<br \/>\n    <\/a><br \/>\n    oxu<br \/>\n  <\/i>\n<\/p>\n<p>\n  <b><br \/>\n    Yaz\u0131 m\u00fc\u0259llifin \u015f\u0259xsi m\u00f6vqeyini \u0259ks etdirir. M\u00fc\u0259llifin m\u00f6vqeyi Meydan.Tv-nin m\u00f6vqeyi il\u0259 \u00fcst-\u00fcst\u0259 d\u00fc\u015fm\u0259y\u0259 bil\u0259r.<br \/>\n  <\/b><\/p>\n","protected":false},"excerpt":{"rendered":"<p>Haql\u0131 sual ortaya \u00e7\u0131x\u0131r: V\u0259t\u0259nda\u015f bel\u0259 d\u00f6vl\u0259t\u0259 vergi verm\u0259lidirmi?<\/p>\n","protected":false},"author":11,"featured_media":56902,"comment_status":"closed","ping_status":"open","sticky":false,"template":"","format":"standard","meta":{"_acf_changed":false,"_sitemap_exclude":false,"_sitemap_priority":"","_sitemap_frequency":"","footnotes":""},"categories":[57],"tags":[],"class_list":["post-175843","post","type-post","status-publish","format-standard","has-post-thumbnail","hentry","category-menim-fikrimce","infinite-scroll-item","generate-columns","tablet-grid-50","mobile-grid-100","grid-parent","grid-33","no-featured-image-padding"],"acf":[],"yoast_head":"<!-- This site is optimized with the Yoast SEO plugin v27.5 - https:\/\/yoast.com\/product\/yoast-seo-wordpress\/ -->\n<title>Vergi verm\u0259liyikmi? (2-ci hiss\u0259) - MEYDAN.TV<\/title>\n<meta name=\"robots\" content=\"index, follow, max-snippet:-1, max-image-preview:large, max-video-preview:-1\" \/>\n<link rel=\"canonical\" href=\"https:\/\/www.meydan.tv\/az\/article\/vergi-vermeliyikmi-2-ci-hisse\/\" \/>\n<meta property=\"og:locale\" content=\"az_AZ\" \/>\n<meta property=\"og:type\" content=\"article\" \/>\n<meta property=\"og:title\" content=\"Vergi verm\u0259liyikmi? (2-ci hiss\u0259) - MEYDAN.TV\" \/>\n<meta property=\"og:description\" content=\"Haql\u0131 sual ortaya \u00e7\u0131x\u0131r: V\u0259t\u0259nda\u015f bel\u0259 d\u00f6vl\u0259t\u0259 vergi verm\u0259lidirmi?\" \/>\n<meta property=\"og:url\" content=\"https:\/\/www.meydan.tv\/az\/article\/vergi-vermeliyikmi-2-ci-hisse\/\" \/>\n<meta property=\"og:site_name\" content=\"MEYDAN.TV\" \/>\n<meta property=\"article:published_time\" content=\"2016-05-10T23:35:07+00:00\" \/>\n<meta property=\"og:image\" content=\"https:\/\/www.meydan.tv\/wp-content\/uploads\/21519.jpg\" \/>\n\t<meta property=\"og:image:width\" content=\"500\" \/>\n\t<meta property=\"og:image:height\" content=\"500\" \/>\n\t<meta property=\"og:image:type\" content=\"image\/jpeg\" \/>\n<meta name=\"author\" content=\"user-manager\" \/>\n<meta name=\"twitter:card\" content=\"summary_large_image\" \/>\n<script type=\"application\/ld+json\" class=\"yoast-schema-graph\">{\"@context\":\"https:\\\/\\\/schema.org\",\"@graph\":[{\"@type\":\"Article\",\"@id\":\"https:\\\/\\\/www.meydan.tv\\\/az\\\/article\\\/vergi-vermeliyikmi-2-ci-hisse\\\/#article\",\"isPartOf\":{\"@id\":\"https:\\\/\\\/www.meydan.tv\\\/az\\\/article\\\/vergi-vermeliyikmi-2-ci-hisse\\\/\"},\"author\":{\"name\":\"user-manager\",\"@id\":\"https:\\\/\\\/www.meydan.tv\\\/az\\\/#\\\/schema\\\/person\\\/10d11eccf6da3662cf5fdab9806ea91a\"},\"headline\":\"Vergi verm\u0259liyikmi? (2-ci hiss\u0259)\",\"datePublished\":\"2016-05-10T23:35:07+00:00\",\"mainEntityOfPage\":{\"@id\":\"https:\\\/\\\/www.meydan.tv\\\/az\\\/article\\\/vergi-vermeliyikmi-2-ci-hisse\\\/\"},\"wordCount\":2086,\"publisher\":{\"@id\":\"https:\\\/\\\/www.meydan.tv\\\/az\\\/#organization\"},\"image\":{\"@id\":\"https:\\\/\\\/www.meydan.tv\\\/az\\\/article\\\/vergi-vermeliyikmi-2-ci-hisse\\\/#primaryimage\"},\"thumbnailUrl\":\"https:\\\/\\\/www.meydan.tv\\\/wp-content\\\/uploads\\\/21519.jpg\",\"articleSection\":[\"M\u0259nim Fikrimc\u0259\"],\"inLanguage\":\"az\"},{\"@type\":\"WebPage\",\"@id\":\"https:\\\/\\\/www.meydan.tv\\\/az\\\/article\\\/vergi-vermeliyikmi-2-ci-hisse\\\/\",\"url\":\"https:\\\/\\\/www.meydan.tv\\\/az\\\/article\\\/vergi-vermeliyikmi-2-ci-hisse\\\/\",\"name\":\"Vergi verm\u0259liyikmi? (2-ci hiss\u0259) - MEYDAN.TV\",\"isPartOf\":{\"@id\":\"https:\\\/\\\/www.meydan.tv\\\/az\\\/#website\"},\"primaryImageOfPage\":{\"@id\":\"https:\\\/\\\/www.meydan.tv\\\/az\\\/article\\\/vergi-vermeliyikmi-2-ci-hisse\\\/#primaryimage\"},\"image\":{\"@id\":\"https:\\\/\\\/www.meydan.tv\\\/az\\\/article\\\/vergi-vermeliyikmi-2-ci-hisse\\\/#primaryimage\"},\"thumbnailUrl\":\"https:\\\/\\\/www.meydan.tv\\\/wp-content\\\/uploads\\\/21519.jpg\",\"datePublished\":\"2016-05-10T23:35:07+00:00\",\"breadcrumb\":{\"@id\":\"https:\\\/\\\/www.meydan.tv\\\/az\\\/article\\\/vergi-vermeliyikmi-2-ci-hisse\\\/#breadcrumb\"},\"inLanguage\":\"az\",\"potentialAction\":[{\"@type\":\"ReadAction\",\"target\":[\"https:\\\/\\\/www.meydan.tv\\\/az\\\/article\\\/vergi-vermeliyikmi-2-ci-hisse\\\/\"]}]},{\"@type\":\"ImageObject\",\"inLanguage\":\"az\",\"@id\":\"https:\\\/\\\/www.meydan.tv\\\/az\\\/article\\\/vergi-vermeliyikmi-2-ci-hisse\\\/#primaryimage\",\"url\":\"https:\\\/\\\/www.meydan.tv\\\/wp-content\\\/uploads\\\/21519.jpg\",\"contentUrl\":\"https:\\\/\\\/www.meydan.tv\\\/wp-content\\\/uploads\\\/21519.jpg\",\"width\":500,\"height\":500,\"caption\":\"Source:\"},{\"@type\":\"BreadcrumbList\",\"@id\":\"https:\\\/\\\/www.meydan.tv\\\/az\\\/article\\\/vergi-vermeliyikmi-2-ci-hisse\\\/#breadcrumb\",\"itemListElement\":[{\"@type\":\"ListItem\",\"position\":1,\"name\":\"Ana s\u0259hif\u0259\",\"item\":\"https:\\\/\\\/www.meydan.tv\\\/az\\\/\"},{\"@type\":\"ListItem\",\"position\":2,\"name\":\"M\u0259nim Fikrimc\u0259\",\"item\":\"https:\\\/\\\/www.meydan.tv\\\/az\\\/section\\\/menim-fikrimce\\\/\"},{\"@type\":\"ListItem\",\"position\":3,\"name\":\"Vergi verm\u0259liyikmi? (2-ci hiss\u0259)\"}]},{\"@type\":\"WebSite\",\"@id\":\"https:\\\/\\\/www.meydan.tv\\\/az\\\/#website\",\"url\":\"https:\\\/\\\/www.meydan.tv\\\/az\\\/\",\"name\":\"MEYDAN.TV\",\"description\":\"Meydan TV Az\u0259rbaycan\u0131n media m\u0259kan\u0131ndak\u0131 alternativ s\u0259sidir\",\"publisher\":{\"@id\":\"https:\\\/\\\/www.meydan.tv\\\/az\\\/#organization\"},\"potentialAction\":[{\"@type\":\"SearchAction\",\"target\":{\"@type\":\"EntryPoint\",\"urlTemplate\":\"https:\\\/\\\/www.meydan.tv\\\/az\\\/?s={search_term_string}\"},\"query-input\":{\"@type\":\"PropertyValueSpecification\",\"valueRequired\":true,\"valueName\":\"search_term_string\"}}],\"inLanguage\":\"az\"},{\"@type\":\"Organization\",\"@id\":\"https:\\\/\\\/www.meydan.tv\\\/az\\\/#organization\",\"name\":\"Meydan TV\",\"url\":\"https:\\\/\\\/www.meydan.tv\\\/az\\\/\",\"logo\":{\"@type\":\"ImageObject\",\"inLanguage\":\"az\",\"@id\":\"https:\\\/\\\/www.meydan.tv\\\/az\\\/#\\\/schema\\\/logo\\\/image\\\/\",\"url\":\"https:\\\/\\\/www.meydan.tv\\\/wp-content\\\/uploads\\\/2021\\\/07\\\/meydan-logo.svg\",\"contentUrl\":\"https:\\\/\\\/www.meydan.tv\\\/wp-content\\\/uploads\\\/2021\\\/07\\\/meydan-logo.svg\",\"width\":195,\"height\":46,\"caption\":\"Meydan TV\"},\"image\":{\"@id\":\"https:\\\/\\\/www.meydan.tv\\\/az\\\/#\\\/schema\\\/logo\\\/image\\\/\"}},{\"@type\":\"Person\",\"@id\":\"https:\\\/\\\/www.meydan.tv\\\/az\\\/#\\\/schema\\\/person\\\/10d11eccf6da3662cf5fdab9806ea91a\",\"name\":\"user-manager\"}]}<\/script>\n<!-- \/ Yoast SEO plugin. -->","yoast_head_json":{"title":"Vergi verm\u0259liyikmi? (2-ci hiss\u0259) - MEYDAN.TV","robots":{"index":"index","follow":"follow","max-snippet":"max-snippet:-1","max-image-preview":"max-image-preview:large","max-video-preview":"max-video-preview:-1"},"canonical":"https:\/\/www.meydan.tv\/az\/article\/vergi-vermeliyikmi-2-ci-hisse\/","og_locale":"az_AZ","og_type":"article","og_title":"Vergi verm\u0259liyikmi? (2-ci hiss\u0259) - MEYDAN.TV","og_description":"Haql\u0131 sual ortaya \u00e7\u0131x\u0131r: V\u0259t\u0259nda\u015f bel\u0259 d\u00f6vl\u0259t\u0259 vergi verm\u0259lidirmi?","og_url":"https:\/\/www.meydan.tv\/az\/article\/vergi-vermeliyikmi-2-ci-hisse\/","og_site_name":"MEYDAN.TV","article_published_time":"2016-05-10T23:35:07+00:00","og_image":[{"width":500,"height":500,"url":"https:\/\/www.meydan.tv\/wp-content\/uploads\/21519.jpg","type":"image\/jpeg"}],"author":"user-manager","twitter_card":"summary_large_image","schema":{"@context":"https:\/\/schema.org","@graph":[{"@type":"Article","@id":"https:\/\/www.meydan.tv\/az\/article\/vergi-vermeliyikmi-2-ci-hisse\/#article","isPartOf":{"@id":"https:\/\/www.meydan.tv\/az\/article\/vergi-vermeliyikmi-2-ci-hisse\/"},"author":{"name":"user-manager","@id":"https:\/\/www.meydan.tv\/az\/#\/schema\/person\/10d11eccf6da3662cf5fdab9806ea91a"},"headline":"Vergi verm\u0259liyikmi? (2-ci hiss\u0259)","datePublished":"2016-05-10T23:35:07+00:00","mainEntityOfPage":{"@id":"https:\/\/www.meydan.tv\/az\/article\/vergi-vermeliyikmi-2-ci-hisse\/"},"wordCount":2086,"publisher":{"@id":"https:\/\/www.meydan.tv\/az\/#organization"},"image":{"@id":"https:\/\/www.meydan.tv\/az\/article\/vergi-vermeliyikmi-2-ci-hisse\/#primaryimage"},"thumbnailUrl":"https:\/\/www.meydan.tv\/wp-content\/uploads\/21519.jpg","articleSection":["M\u0259nim Fikrimc\u0259"],"inLanguage":"az"},{"@type":"WebPage","@id":"https:\/\/www.meydan.tv\/az\/article\/vergi-vermeliyikmi-2-ci-hisse\/","url":"https:\/\/www.meydan.tv\/az\/article\/vergi-vermeliyikmi-2-ci-hisse\/","name":"Vergi verm\u0259liyikmi? (2-ci hiss\u0259) - MEYDAN.TV","isPartOf":{"@id":"https:\/\/www.meydan.tv\/az\/#website"},"primaryImageOfPage":{"@id":"https:\/\/www.meydan.tv\/az\/article\/vergi-vermeliyikmi-2-ci-hisse\/#primaryimage"},"image":{"@id":"https:\/\/www.meydan.tv\/az\/article\/vergi-vermeliyikmi-2-ci-hisse\/#primaryimage"},"thumbnailUrl":"https:\/\/www.meydan.tv\/wp-content\/uploads\/21519.jpg","datePublished":"2016-05-10T23:35:07+00:00","breadcrumb":{"@id":"https:\/\/www.meydan.tv\/az\/article\/vergi-vermeliyikmi-2-ci-hisse\/#breadcrumb"},"inLanguage":"az","potentialAction":[{"@type":"ReadAction","target":["https:\/\/www.meydan.tv\/az\/article\/vergi-vermeliyikmi-2-ci-hisse\/"]}]},{"@type":"ImageObject","inLanguage":"az","@id":"https:\/\/www.meydan.tv\/az\/article\/vergi-vermeliyikmi-2-ci-hisse\/#primaryimage","url":"https:\/\/www.meydan.tv\/wp-content\/uploads\/21519.jpg","contentUrl":"https:\/\/www.meydan.tv\/wp-content\/uploads\/21519.jpg","width":500,"height":500,"caption":"Source:"},{"@type":"BreadcrumbList","@id":"https:\/\/www.meydan.tv\/az\/article\/vergi-vermeliyikmi-2-ci-hisse\/#breadcrumb","itemListElement":[{"@type":"ListItem","position":1,"name":"Ana s\u0259hif\u0259","item":"https:\/\/www.meydan.tv\/az\/"},{"@type":"ListItem","position":2,"name":"M\u0259nim Fikrimc\u0259","item":"https:\/\/www.meydan.tv\/az\/section\/menim-fikrimce\/"},{"@type":"ListItem","position":3,"name":"Vergi verm\u0259liyikmi? (2-ci hiss\u0259)"}]},{"@type":"WebSite","@id":"https:\/\/www.meydan.tv\/az\/#website","url":"https:\/\/www.meydan.tv\/az\/","name":"MEYDAN.TV","description":"Meydan TV Az\u0259rbaycan\u0131n media m\u0259kan\u0131ndak\u0131 alternativ s\u0259sidir","publisher":{"@id":"https:\/\/www.meydan.tv\/az\/#organization"},"potentialAction":[{"@type":"SearchAction","target":{"@type":"EntryPoint","urlTemplate":"https:\/\/www.meydan.tv\/az\/?s={search_term_string}"},"query-input":{"@type":"PropertyValueSpecification","valueRequired":true,"valueName":"search_term_string"}}],"inLanguage":"az"},{"@type":"Organization","@id":"https:\/\/www.meydan.tv\/az\/#organization","name":"Meydan TV","url":"https:\/\/www.meydan.tv\/az\/","logo":{"@type":"ImageObject","inLanguage":"az","@id":"https:\/\/www.meydan.tv\/az\/#\/schema\/logo\/image\/","url":"https:\/\/www.meydan.tv\/wp-content\/uploads\/2021\/07\/meydan-logo.svg","contentUrl":"https:\/\/www.meydan.tv\/wp-content\/uploads\/2021\/07\/meydan-logo.svg","width":195,"height":46,"caption":"Meydan TV"},"image":{"@id":"https:\/\/www.meydan.tv\/az\/#\/schema\/logo\/image\/"}},{"@type":"Person","@id":"https:\/\/www.meydan.tv\/az\/#\/schema\/person\/10d11eccf6da3662cf5fdab9806ea91a","name":"user-manager"}]}},"_links":{"self":[{"href":"https:\/\/www.meydan.tv\/az\/wp-json\/wp\/v2\/posts\/175843","targetHints":{"allow":["GET"]}}],"collection":[{"href":"https:\/\/www.meydan.tv\/az\/wp-json\/wp\/v2\/posts"}],"about":[{"href":"https:\/\/www.meydan.tv\/az\/wp-json\/wp\/v2\/types\/post"}],"author":[{"embeddable":true,"href":"https:\/\/www.meydan.tv\/az\/wp-json\/wp\/v2\/users\/11"}],"replies":[{"embeddable":true,"href":"https:\/\/www.meydan.tv\/az\/wp-json\/wp\/v2\/comments?post=175843"}],"version-history":[{"count":0,"href":"https:\/\/www.meydan.tv\/az\/wp-json\/wp\/v2\/posts\/175843\/revisions"}],"wp:featuredmedia":[{"embeddable":true,"href":"https:\/\/www.meydan.tv\/az\/wp-json\/wp\/v2\/media\/56902"}],"wp:attachment":[{"href":"https:\/\/www.meydan.tv\/az\/wp-json\/wp\/v2\/media?parent=175843"}],"wp:term":[{"taxonomy":"category","embeddable":true,"href":"https:\/\/www.meydan.tv\/az\/wp-json\/wp\/v2\/categories?post=175843"},{"taxonomy":"post_tag","embeddable":true,"href":"https:\/\/www.meydan.tv\/az\/wp-json\/wp\/v2\/tags?post=175843"}],"curies":[{"name":"wp","href":"https:\/\/api.w.org\/{rel}","templated":true}]}}