{"id":175806,"date":"2016-05-09T17:51:31","date_gmt":"2016-05-09T17:51:31","guid":{"rendered":"https:\/\/www.meydan.tv\/article\/tekfircilikden-herbi-xuntaya-dogru\/"},"modified":"2016-05-09T17:51:31","modified_gmt":"2016-05-09T17:51:31","slug":"tekfircilikden-herbi-xuntaya-dogru","status":"publish","type":"post","link":"https:\/\/www.meydan.tv\/az\/article\/tekfircilikden-herbi-xuntaya-dogru\/","title":{"rendered":"T\u0259kfir\u00e7ilikd\u0259n h\u0259rbi xuntaya do\u011fru"},"content":{"rendered":"<figure class=\"wp-block-image size-large\">\n  <img decoding=\"async\" src=\"https:\/\/www.meydan.tv\/az\/56490\/\" alt=\"\" class=\"wp-image-56490\"\/><figcaption><\/figcaption><\/figure>\n<figure class=\"wp-block-image size-large\">\n  <img decoding=\"async\" src=\"https:\/\/www.meydan.tv\/az\/56499\/\" alt=\"\" class=\"wp-image-56499\"\/><figcaption><\/figcaption><\/figure>\n<p>\n  Demokratik m\u00fcxalif\u0259ti m\u0259hv ed\u0259nl\u0259r siyasi m\u00fcst\u0259vinin \u0259sas elementi kimi fanatizmi yeti\u015fdirdil\u0259r\n<\/p>\n<p>\n  \u00d6lk\u0259d\u0259 siyasi sistem iflic v\u0259ziyy\u0259tind\u0259dir. Maraql\u0131d\u0131r ki, Az\u0259rbaycan siyas\u0259tind\u0259 haz\u0131rda marginalla\u015fma prosesi diqq\u0259ti daha \u00e7ox c\u0259lb edir. \u0130qtidar c\u0259miyy\u0259tl\u0259 dan\u0131\u015f\u0131qlarda maraql\u0131 deyil. N\u0259 demokratik m\u00fcxalif\u0259t, n\u0259 v\u0259t\u0259nda\u015f c\u0259miyy\u0259ti institutlar\u0131, n\u0259 d\u0259 ki m\u0259tbuat prosesl\u0259r\u0259 \u00f6n\u0259mli t\u0259sir ed\u0259 bilmir. G\u00f6r\u00fcn\u0259n budur ki, demokratik m\u00fcbariz\u0259, &#8220;m\u0259xm\u0259ri&#8221; v\u0259 &#8220;r\u0259ngli inqilab&#8221;lar sezonu ba\u015fa \u00e7at\u0131r. D\u0259yi\u015f\u0259n d\u00fcnyada Az\u0259rbaycan d\u0259yi\u015fmir. Lakin insanlar cans\u0131x\u0131c\u0131, yekcins m\u00fcst\u0259vid\u0259n t\u0259ng\u0259 g\u0259lm\u0259y\u0259 ba\u015flay\u0131rlar.\n<\/p>\n<p>\n  Bu is\u0259 alternativ axtar\u0131\u015f\u0131 il\u0259 sonuclan\u0131r. \u015e\u0259rqi Avropa, MDB m\u0259kan\u0131, Yax\u0131n \u015e\u0259rqd\u0259ki prosesl\u0259r d\u00f6n\u0259-d\u00f6n\u0259 t\u0259hlil edilir v\u0259 siyasi labirintd\u0259 oldu\u011fumuz bir daha \u00fcz\u0259 \u00e7\u0131x\u0131r. H\u0259l\u0259 ki, ba\u015f ver\u0259nl\u0259rin fonunda siyasi \u0130slam modeli \u00f6z\u00fcn\u00fc daha qabar\u0131q b\u00fcruz\u0259 verir. Sekulyarl\u0131q, siyasi \u0130slam v\u0259 sosial \u0259dal\u0259tsizlik \u00fc\u00e7buca\u011f\u0131nda \u00e7abalayan Yax\u0131n \u015e\u0259rq n\u00fcmun\u0259si get-ged\u0259 Az\u0259rbaycan \u00fc\u00e7\u00fcn d\u0259 bir \u00f6rn\u0259y\u0259 \u00e7evrilir. Bu bax\u0131mdan, m\u00fcxalif\u0259tin &#8220;demokratik se\u00e7ki&#8221; \u015f\u00fcar\u0131 geni\u015f t\u0259b\u0259q\u0259 \u00fc\u00e7\u00fcn c\u0259lbedici deyil. Y\u00fcz minl\u0259rl\u0259 insan demokratik d\u0259yi\u015fiklik perspektivin\u0259 art\u0131q inanm\u0131r.\n<\/p>\n<p>\n  Yax\u0131n \u015e\u0259rqd\u0259 d\u0259 bel\u0259 olmu\u015fdu, demokratiya \u00e7a\u011f\u0131r\u0131\u015flar\u0131 bo\u011fulmu\u015fdu v\u0259 meydana &#8220;\u015f\u0259had\u0259t iftixar\u0131m\u0131zd\u0131r&#8221; \u015f\u00fcar\u0131 s\u0259sl\u0259ndir\u0259n islam\u00e7\u0131lar \u00e7\u0131x\u0131b siyasi liderl\u0259ri devirmi\u015fdil\u0259r. Bel\u0259 gets\u0259, Az\u0259rbaycanda da \u0259sas \u015f\u00fcar kimi &#8220;Allahu \u018fkb\u0259r&#8221; \u00e7a\u011f\u0131r\u0131\u015flar\u0131n\u0131n s\u0259sl\u0259n\u0259 bil\u0259c\u0259yini art\u0131q \u00e7oxu ehtimal edir. &#8220;Allahu \u018fkb\u0259r&#8221; \u015f\u00fcar\u0131na qar\u015f\u0131 m\u00fcbariz\u0259nin s\u0259m\u0259r\u0259sizliyi Yax\u0131n \u015e\u0259rqd\u0259 bir daha s\u00fcbuta yetirildi. \u018fn maraql\u0131 m\u0259qam ondan ibar\u0259tdir ki, \u00f6lk\u0259nin tan\u0131nm\u0131\u015f ruhanil\u0259ri art\u0131q hakimiyy\u0259tin t\u0259sir agentl\u0259ri kimi q\u0259bul edilirl\u0259r. Bu amil marginal dini qruplar\u0131n meydana \u00e7\u0131xa bil\u0259c\u0259yi ehtimal\u0131n\u0131 art\u0131r\u0131r.\n<\/p>\n<p>\n  \u00d6lk\u0259d\u0259 dini probleml\u0259r kimi son d\u0259r\u0259c\u0259 h\u0259ssas olan m\u0259s\u0259l\u0259y\u0259 hakimiyy\u0259tin qada\u011falar yolu il\u0259 yana\u015fmas\u0131 da radikalla\u015fmaya yol a\u00e7\u0131r. Marginal qruplar\u0131n \u00f6z\u00fcn\u00fc t\u0259sdiq c\u0259hdl\u0259ri, b\u00fct\u00f6vl\u00fckd\u0259 Az\u0259rbaycan c\u0259miyy\u0259tind\u0259 oldu\u011fu kimi, dini \u00e7evr\u0259l\u0259rd\u0259 d\u0259 t\u0259kfir\u00e7ilik v\u0259 inkar\u00e7\u0131l\u0131\u011f\u0131n \u0259sas meyar kimi d\u0259y\u0259rl\u0259ndirilm\u0259si g\u0259l\u0259c\u0259k t\u0259lat\u00fcml\u0259rd\u0259n x\u0259b\u0259r verir.\n<\/p>\n<p>\n  C\u0259miyy\u0259td\u0259 m\u0259hdudiyy\u0259tl\u0259r o d\u0259r\u0259c\u0259d\u0259 art\u0131b ki, art\u0131q ham\u0131n\u0131 v\u0259 h\u0259r \u015feyi inkar etm\u0259kd\u0259n, ham\u0131da d\u00fc\u015fm\u0259n g\u00f6rm\u0259kd\u0259n ba\u015fqa yol qalmay\u0131b. Bel\u0259 qruplar azsayl\u0131 olduqda is\u0259 onlar\u0131n marginall\u0131\u011f\u0131 art\u0131r. \u018fg\u0259r probleml\u0259r m\u00f6vcuddursa v\u0259 meydan bo\u015fdursa, \u00f6z\u00fcn\u00fct\u0259sdiq \u00fc\u00e7\u00fcn \u015f\u0259rait yaran\u0131r, lakin bunu realiz\u0259 etm\u0259y\u0259 resurslar kifay\u0259t etm\u0259diyind\u0259n, radikal aksiyalarla diqq\u0259ti c\u0259lb etm\u0259k laz\u0131m g\u0259lir.\n<\/p>\n<p>\n  Bir s\u00f6zl\u0259, T\u0259hrir meydan\u0131nda oldu\u011fu kimi, Bak\u0131da da b\u0259nz\u0259r prosesl\u0259r ya\u015fana bil\u0259r. Demokratik m\u00fcxalif\u0259ti m\u0259hv ed\u0259nl\u0259r siyasi m\u00fcst\u0259vinin \u0259sas elementi kimi fanatizmi yeti\u015fdirdil\u0259r. Bunun sonu nec\u0259 olacaq? Da\u011f\u0131d\u0131lm\u0131\u015f siyasi m\u00fcst\u0259vi, qanl\u0131 v\u0259t\u0259nda\u015f v\u0259 m\u0259zh\u0259b qar\u015f\u0131durmas\u0131 perspektivi son n\u0259tic\u0259d\u0259 h\u0259rbi xuntan\u0131n g\u0259li\u015fini qa\u00e7\u0131lmaz edir. Bu bax\u0131mdan, demokratik d\u0259y\u0259rl\u0259ri b\u0259rq\u0259rar etm\u0259k siyasi g\u00fcc m\u0259rk\u0259zl\u0259rinin \u0259sas ist\u0259yin\u0259 \u00e7evrilm\u0259lidir. \u018fks t\u0259qdird\u0259, \u00f6lk\u0259nin par\u00e7alanmas\u0131 qa\u00e7\u0131lmaz olacaq&#8230;<\/p>\n","protected":false},"excerpt":{"rendered":"<p>Demokratik m\u00fcxalif\u0259ti m\u0259hv ed\u0259nl\u0259r siyasi m\u00fcst\u0259vinin \u0259sas elementi kimi fanatizmi yeti\u015fdirdil\u0259r<\/p>\n","protected":false},"author":11,"featured_media":56490,"comment_status":"closed","ping_status":"open","sticky":false,"template":"","format":"standard","meta":{"_acf_changed":false,"_sitemap_exclude":false,"_sitemap_priority":"","_sitemap_frequency":"","footnotes":""},"categories":[51],"tags":[],"class_list":["post-175806","post","type-post","status-publish","format-standard","has-post-thumbnail","hentry","category-analitika","infinite-scroll-item","generate-columns","tablet-grid-50","mobile-grid-100","grid-parent","grid-33","no-featured-image-padding"],"acf":[],"yoast_head":"<!-- This site is optimized with the Yoast SEO plugin v27.5 - https:\/\/yoast.com\/product\/yoast-seo-wordpress\/ -->\n<title>T\u0259kfir\u00e7ilikd\u0259n h\u0259rbi xuntaya do\u011fru - MEYDAN.TV<\/title>\n<meta name=\"robots\" content=\"index, follow, max-snippet:-1, max-image-preview:large, max-video-preview:-1\" \/>\n<link rel=\"canonical\" href=\"https:\/\/www.meydan.tv\/az\/article\/tekfircilikden-herbi-xuntaya-dogru\/\" \/>\n<meta property=\"og:locale\" content=\"az_AZ\" \/>\n<meta property=\"og:type\" content=\"article\" \/>\n<meta property=\"og:title\" content=\"T\u0259kfir\u00e7ilikd\u0259n h\u0259rbi xuntaya do\u011fru - MEYDAN.TV\" \/>\n<meta property=\"og:description\" content=\"Demokratik m\u00fcxalif\u0259ti m\u0259hv ed\u0259nl\u0259r siyasi m\u00fcst\u0259vinin \u0259sas elementi kimi fanatizmi yeti\u015fdirdil\u0259r\" \/>\n<meta property=\"og:url\" content=\"https:\/\/www.meydan.tv\/az\/article\/tekfircilikden-herbi-xuntaya-dogru\/\" \/>\n<meta property=\"og:site_name\" content=\"MEYDAN.TV\" \/>\n<meta property=\"article:published_time\" content=\"2016-05-09T17:51:31+00:00\" \/>\n<meta property=\"og:image\" content=\"https:\/\/www.meydan.tv\/wp-content\/uploads\/21367.jpg\" \/>\n\t<meta property=\"og:image:width\" content=\"500\" \/>\n\t<meta property=\"og:image:height\" content=\"304\" \/>\n\t<meta property=\"og:image:type\" content=\"image\/jpeg\" \/>\n<meta name=\"author\" content=\"user-manager\" \/>\n<meta name=\"twitter:card\" content=\"summary_large_image\" \/>\n<script type=\"application\/ld+json\" class=\"yoast-schema-graph\">{\"@context\":\"https:\\\/\\\/schema.org\",\"@graph\":[{\"@type\":\"Article\",\"@id\":\"https:\\\/\\\/www.meydan.tv\\\/az\\\/article\\\/tekfircilikden-herbi-xuntaya-dogru\\\/#article\",\"isPartOf\":{\"@id\":\"https:\\\/\\\/www.meydan.tv\\\/az\\\/article\\\/tekfircilikden-herbi-xuntaya-dogru\\\/\"},\"author\":{\"name\":\"user-manager\",\"@id\":\"https:\\\/\\\/www.meydan.tv\\\/az\\\/#\\\/schema\\\/person\\\/10d11eccf6da3662cf5fdab9806ea91a\"},\"headline\":\"T\u0259kfir\u00e7ilikd\u0259n h\u0259rbi xuntaya do\u011fru\",\"datePublished\":\"2016-05-09T17:51:31+00:00\",\"mainEntityOfPage\":{\"@id\":\"https:\\\/\\\/www.meydan.tv\\\/az\\\/article\\\/tekfircilikden-herbi-xuntaya-dogru\\\/\"},\"wordCount\":673,\"publisher\":{\"@id\":\"https:\\\/\\\/www.meydan.tv\\\/az\\\/#organization\"},\"image\":{\"@id\":\"https:\\\/\\\/www.meydan.tv\\\/az\\\/article\\\/tekfircilikden-herbi-xuntaya-dogru\\\/#primaryimage\"},\"thumbnailUrl\":\"https:\\\/\\\/www.meydan.tv\\\/wp-content\\\/uploads\\\/21367.jpg\",\"articleSection\":[\"Analitika\"],\"inLanguage\":\"az\"},{\"@type\":\"WebPage\",\"@id\":\"https:\\\/\\\/www.meydan.tv\\\/az\\\/article\\\/tekfircilikden-herbi-xuntaya-dogru\\\/\",\"url\":\"https:\\\/\\\/www.meydan.tv\\\/az\\\/article\\\/tekfircilikden-herbi-xuntaya-dogru\\\/\",\"name\":\"T\u0259kfir\u00e7ilikd\u0259n h\u0259rbi xuntaya do\u011fru - MEYDAN.TV\",\"isPartOf\":{\"@id\":\"https:\\\/\\\/www.meydan.tv\\\/az\\\/#website\"},\"primaryImageOfPage\":{\"@id\":\"https:\\\/\\\/www.meydan.tv\\\/az\\\/article\\\/tekfircilikden-herbi-xuntaya-dogru\\\/#primaryimage\"},\"image\":{\"@id\":\"https:\\\/\\\/www.meydan.tv\\\/az\\\/article\\\/tekfircilikden-herbi-xuntaya-dogru\\\/#primaryimage\"},\"thumbnailUrl\":\"https:\\\/\\\/www.meydan.tv\\\/wp-content\\\/uploads\\\/21367.jpg\",\"datePublished\":\"2016-05-09T17:51:31+00:00\",\"breadcrumb\":{\"@id\":\"https:\\\/\\\/www.meydan.tv\\\/az\\\/article\\\/tekfircilikden-herbi-xuntaya-dogru\\\/#breadcrumb\"},\"inLanguage\":\"az\",\"potentialAction\":[{\"@type\":\"ReadAction\",\"target\":[\"https:\\\/\\\/www.meydan.tv\\\/az\\\/article\\\/tekfircilikden-herbi-xuntaya-dogru\\\/\"]}]},{\"@type\":\"ImageObject\",\"inLanguage\":\"az\",\"@id\":\"https:\\\/\\\/www.meydan.tv\\\/az\\\/article\\\/tekfircilikden-herbi-xuntaya-dogru\\\/#primaryimage\",\"url\":\"https:\\\/\\\/www.meydan.tv\\\/wp-content\\\/uploads\\\/21367.jpg\",\"contentUrl\":\"https:\\\/\\\/www.meydan.tv\\\/wp-content\\\/uploads\\\/21367.jpg\",\"width\":500,\"height\":304,\"caption\":\"Source:\"},{\"@type\":\"BreadcrumbList\",\"@id\":\"https:\\\/\\\/www.meydan.tv\\\/az\\\/article\\\/tekfircilikden-herbi-xuntaya-dogru\\\/#breadcrumb\",\"itemListElement\":[{\"@type\":\"ListItem\",\"position\":1,\"name\":\"Ana s\u0259hif\u0259\",\"item\":\"https:\\\/\\\/www.meydan.tv\\\/az\\\/\"},{\"@type\":\"ListItem\",\"position\":2,\"name\":\"Analitika\",\"item\":\"https:\\\/\\\/www.meydan.tv\\\/az\\\/section\\\/analitika\\\/\"},{\"@type\":\"ListItem\",\"position\":3,\"name\":\"T\u0259kfir\u00e7ilikd\u0259n h\u0259rbi xuntaya do\u011fru\"}]},{\"@type\":\"WebSite\",\"@id\":\"https:\\\/\\\/www.meydan.tv\\\/az\\\/#website\",\"url\":\"https:\\\/\\\/www.meydan.tv\\\/az\\\/\",\"name\":\"MEYDAN.TV\",\"description\":\"Meydan TV Az\u0259rbaycan\u0131n media m\u0259kan\u0131ndak\u0131 alternativ s\u0259sidir\",\"publisher\":{\"@id\":\"https:\\\/\\\/www.meydan.tv\\\/az\\\/#organization\"},\"potentialAction\":[{\"@type\":\"SearchAction\",\"target\":{\"@type\":\"EntryPoint\",\"urlTemplate\":\"https:\\\/\\\/www.meydan.tv\\\/az\\\/?s={search_term_string}\"},\"query-input\":{\"@type\":\"PropertyValueSpecification\",\"valueRequired\":true,\"valueName\":\"search_term_string\"}}],\"inLanguage\":\"az\"},{\"@type\":\"Organization\",\"@id\":\"https:\\\/\\\/www.meydan.tv\\\/az\\\/#organization\",\"name\":\"Meydan TV\",\"url\":\"https:\\\/\\\/www.meydan.tv\\\/az\\\/\",\"logo\":{\"@type\":\"ImageObject\",\"inLanguage\":\"az\",\"@id\":\"https:\\\/\\\/www.meydan.tv\\\/az\\\/#\\\/schema\\\/logo\\\/image\\\/\",\"url\":\"https:\\\/\\\/www.meydan.tv\\\/wp-content\\\/uploads\\\/2021\\\/07\\\/meydan-logo.svg\",\"contentUrl\":\"https:\\\/\\\/www.meydan.tv\\\/wp-content\\\/uploads\\\/2021\\\/07\\\/meydan-logo.svg\",\"width\":195,\"height\":46,\"caption\":\"Meydan TV\"},\"image\":{\"@id\":\"https:\\\/\\\/www.meydan.tv\\\/az\\\/#\\\/schema\\\/logo\\\/image\\\/\"}},{\"@type\":\"Person\",\"@id\":\"https:\\\/\\\/www.meydan.tv\\\/az\\\/#\\\/schema\\\/person\\\/10d11eccf6da3662cf5fdab9806ea91a\",\"name\":\"user-manager\"}]}<\/script>\n<!-- \/ Yoast SEO plugin. -->","yoast_head_json":{"title":"T\u0259kfir\u00e7ilikd\u0259n h\u0259rbi xuntaya do\u011fru - MEYDAN.TV","robots":{"index":"index","follow":"follow","max-snippet":"max-snippet:-1","max-image-preview":"max-image-preview:large","max-video-preview":"max-video-preview:-1"},"canonical":"https:\/\/www.meydan.tv\/az\/article\/tekfircilikden-herbi-xuntaya-dogru\/","og_locale":"az_AZ","og_type":"article","og_title":"T\u0259kfir\u00e7ilikd\u0259n h\u0259rbi xuntaya do\u011fru - MEYDAN.TV","og_description":"Demokratik m\u00fcxalif\u0259ti m\u0259hv ed\u0259nl\u0259r siyasi m\u00fcst\u0259vinin \u0259sas elementi kimi fanatizmi yeti\u015fdirdil\u0259r","og_url":"https:\/\/www.meydan.tv\/az\/article\/tekfircilikden-herbi-xuntaya-dogru\/","og_site_name":"MEYDAN.TV","article_published_time":"2016-05-09T17:51:31+00:00","og_image":[{"width":500,"height":304,"url":"https:\/\/www.meydan.tv\/wp-content\/uploads\/21367.jpg","type":"image\/jpeg"}],"author":"user-manager","twitter_card":"summary_large_image","schema":{"@context":"https:\/\/schema.org","@graph":[{"@type":"Article","@id":"https:\/\/www.meydan.tv\/az\/article\/tekfircilikden-herbi-xuntaya-dogru\/#article","isPartOf":{"@id":"https:\/\/www.meydan.tv\/az\/article\/tekfircilikden-herbi-xuntaya-dogru\/"},"author":{"name":"user-manager","@id":"https:\/\/www.meydan.tv\/az\/#\/schema\/person\/10d11eccf6da3662cf5fdab9806ea91a"},"headline":"T\u0259kfir\u00e7ilikd\u0259n h\u0259rbi xuntaya do\u011fru","datePublished":"2016-05-09T17:51:31+00:00","mainEntityOfPage":{"@id":"https:\/\/www.meydan.tv\/az\/article\/tekfircilikden-herbi-xuntaya-dogru\/"},"wordCount":673,"publisher":{"@id":"https:\/\/www.meydan.tv\/az\/#organization"},"image":{"@id":"https:\/\/www.meydan.tv\/az\/article\/tekfircilikden-herbi-xuntaya-dogru\/#primaryimage"},"thumbnailUrl":"https:\/\/www.meydan.tv\/wp-content\/uploads\/21367.jpg","articleSection":["Analitika"],"inLanguage":"az"},{"@type":"WebPage","@id":"https:\/\/www.meydan.tv\/az\/article\/tekfircilikden-herbi-xuntaya-dogru\/","url":"https:\/\/www.meydan.tv\/az\/article\/tekfircilikden-herbi-xuntaya-dogru\/","name":"T\u0259kfir\u00e7ilikd\u0259n h\u0259rbi xuntaya do\u011fru - MEYDAN.TV","isPartOf":{"@id":"https:\/\/www.meydan.tv\/az\/#website"},"primaryImageOfPage":{"@id":"https:\/\/www.meydan.tv\/az\/article\/tekfircilikden-herbi-xuntaya-dogru\/#primaryimage"},"image":{"@id":"https:\/\/www.meydan.tv\/az\/article\/tekfircilikden-herbi-xuntaya-dogru\/#primaryimage"},"thumbnailUrl":"https:\/\/www.meydan.tv\/wp-content\/uploads\/21367.jpg","datePublished":"2016-05-09T17:51:31+00:00","breadcrumb":{"@id":"https:\/\/www.meydan.tv\/az\/article\/tekfircilikden-herbi-xuntaya-dogru\/#breadcrumb"},"inLanguage":"az","potentialAction":[{"@type":"ReadAction","target":["https:\/\/www.meydan.tv\/az\/article\/tekfircilikden-herbi-xuntaya-dogru\/"]}]},{"@type":"ImageObject","inLanguage":"az","@id":"https:\/\/www.meydan.tv\/az\/article\/tekfircilikden-herbi-xuntaya-dogru\/#primaryimage","url":"https:\/\/www.meydan.tv\/wp-content\/uploads\/21367.jpg","contentUrl":"https:\/\/www.meydan.tv\/wp-content\/uploads\/21367.jpg","width":500,"height":304,"caption":"Source:"},{"@type":"BreadcrumbList","@id":"https:\/\/www.meydan.tv\/az\/article\/tekfircilikden-herbi-xuntaya-dogru\/#breadcrumb","itemListElement":[{"@type":"ListItem","position":1,"name":"Ana s\u0259hif\u0259","item":"https:\/\/www.meydan.tv\/az\/"},{"@type":"ListItem","position":2,"name":"Analitika","item":"https:\/\/www.meydan.tv\/az\/section\/analitika\/"},{"@type":"ListItem","position":3,"name":"T\u0259kfir\u00e7ilikd\u0259n h\u0259rbi xuntaya do\u011fru"}]},{"@type":"WebSite","@id":"https:\/\/www.meydan.tv\/az\/#website","url":"https:\/\/www.meydan.tv\/az\/","name":"MEYDAN.TV","description":"Meydan TV Az\u0259rbaycan\u0131n media m\u0259kan\u0131ndak\u0131 alternativ s\u0259sidir","publisher":{"@id":"https:\/\/www.meydan.tv\/az\/#organization"},"potentialAction":[{"@type":"SearchAction","target":{"@type":"EntryPoint","urlTemplate":"https:\/\/www.meydan.tv\/az\/?s={search_term_string}"},"query-input":{"@type":"PropertyValueSpecification","valueRequired":true,"valueName":"search_term_string"}}],"inLanguage":"az"},{"@type":"Organization","@id":"https:\/\/www.meydan.tv\/az\/#organization","name":"Meydan TV","url":"https:\/\/www.meydan.tv\/az\/","logo":{"@type":"ImageObject","inLanguage":"az","@id":"https:\/\/www.meydan.tv\/az\/#\/schema\/logo\/image\/","url":"https:\/\/www.meydan.tv\/wp-content\/uploads\/2021\/07\/meydan-logo.svg","contentUrl":"https:\/\/www.meydan.tv\/wp-content\/uploads\/2021\/07\/meydan-logo.svg","width":195,"height":46,"caption":"Meydan TV"},"image":{"@id":"https:\/\/www.meydan.tv\/az\/#\/schema\/logo\/image\/"}},{"@type":"Person","@id":"https:\/\/www.meydan.tv\/az\/#\/schema\/person\/10d11eccf6da3662cf5fdab9806ea91a","name":"user-manager"}]}},"_links":{"self":[{"href":"https:\/\/www.meydan.tv\/az\/wp-json\/wp\/v2\/posts\/175806","targetHints":{"allow":["GET"]}}],"collection":[{"href":"https:\/\/www.meydan.tv\/az\/wp-json\/wp\/v2\/posts"}],"about":[{"href":"https:\/\/www.meydan.tv\/az\/wp-json\/wp\/v2\/types\/post"}],"author":[{"embeddable":true,"href":"https:\/\/www.meydan.tv\/az\/wp-json\/wp\/v2\/users\/11"}],"replies":[{"embeddable":true,"href":"https:\/\/www.meydan.tv\/az\/wp-json\/wp\/v2\/comments?post=175806"}],"version-history":[{"count":0,"href":"https:\/\/www.meydan.tv\/az\/wp-json\/wp\/v2\/posts\/175806\/revisions"}],"wp:featuredmedia":[{"embeddable":true,"href":"https:\/\/www.meydan.tv\/az\/wp-json\/wp\/v2\/media\/56490"}],"wp:attachment":[{"href":"https:\/\/www.meydan.tv\/az\/wp-json\/wp\/v2\/media?parent=175806"}],"wp:term":[{"taxonomy":"category","embeddable":true,"href":"https:\/\/www.meydan.tv\/az\/wp-json\/wp\/v2\/categories?post=175806"},{"taxonomy":"post_tag","embeddable":true,"href":"https:\/\/www.meydan.tv\/az\/wp-json\/wp\/v2\/tags?post=175806"}],"curies":[{"name":"wp","href":"https:\/\/api.w.org\/{rel}","templated":true}]}}