{"id":175801,"date":"2016-05-09T16:16:17","date_gmt":"2016-05-09T16:16:17","guid":{"rendered":"https:\/\/www.meydan.tv\/article\/ii-dunya-muharibesi-fotolarda\/"},"modified":"2021-10-29T15:52:24","modified_gmt":"2021-10-29T11:52:24","slug":"ii-dunya-muharibesi-fotolarda","status":"publish","type":"post","link":"https:\/\/www.meydan.tv\/az\/article\/ii-dunya-muharibesi-fotolarda\/","title":{"rendered":"II D\u00fcnya M\u00fcharib\u0259si fotolarda"},"content":{"rendered":"<figure class=\"wp-block-image size-large\">\n  <img decoding=\"async\" src=\"https:\/\/www.meydan.tv\/az\/sovet-herbcileri-meliton-kantariya-ve-mixail-yeqorov-diger-iki-herbci-ebdulkerim-ismayilov-ve-leonid-qorcayev-reyxstaq-binasina-ssri-nin-bayragini-sancirlar-berlin-2-may-1945-yevgeni-xalde\/\" alt=\"Sovet h\u0259rb\u00e7il\u0259ri Meliton Kantariya v\u0259 Mixail Yeqorov (dig\u0259r iki h\u0259rb\u00e7i: \u018fbd\u00fclk\u0259rim \u0130smay\u0131lov v\u0259 Leonid Qor\u00e7ayev) Reyxstaq binas\u0131na SSR\u0130-nin bayra\u011f\u0131n\u0131 sanc\u0131rlar. Berlin, 2 may 1945 \u00a9 Yevgeni Xaldey\" class=\"wp-image-57088\"\/><figcaption>\n    Sovet h\u0259rb\u00e7il\u0259ri Meliton Kantariya v\u0259 Mixail Yeqorov (dig\u0259r iki h\u0259rb\u00e7i: \u018fbd\u00fclk\u0259rim \u0130smay\u0131lov v\u0259 Leonid Qor\u00e7ayev) Reyxstaq binas\u0131na SSR\u0130-nin bayra\u011f\u0131n\u0131 sanc\u0131rlar. Berlin, 2 may 1945 \u00a9 Yevgeni Xaldey<br \/>\n  <\/figcaption><\/figure>\n<p>\n  Nasist Almaniyas\u0131n\u0131n 1939-cu ilin sentyabr\u0131nda Pol\u015fan\u0131 i\u015f\u011fal etm\u0259sil\u0259 ba\u015flanan v\u0259 1945-ci ilin avqustuna q\u0259d\u0259r davam ed\u0259n \u0130kinci D\u00fcnya M\u00fcharib\u0259si b\u0259\u015f\u0259r tarixind\u0259 ba\u015f vermi\u015f \u0259n d\u0259h\u015f\u0259tli m\u00fcharib\u0259dir. On minl\u0259rl\u0259 insan\u0131n \u00f6l\u00fcm\u00fcn\u0259 s\u0259b\u0259b olan d\u00f6y\u00fc\u015fl\u0259rd\u0259 kimy\u0259vi silahlardan, atom bombalar\u0131ndan da istifad\u0259 olunub. Bu 6 illik m\u00fcharib\u0259nin 1941-1945-ci ill\u0259rind\u0259 SSR\u0130 d\u0259 fa\u015fizm\u0259 qar\u015f\u0131 m\u00fcbariz\u0259 apar\u0131b. Sovetl\u0259rin apard\u0131\u011f\u0131 bu m\u00fcbariz\u0259 \u201cB\u00f6y\u00fck V\u0259t\u0259n m\u00fcharib\u0259si\u201d adlan\u0131r. 1945-ci ilin bu g\u00fcn\u00fc \u2013 may\u0131n 9-da sovet \u0259sg\u0259rl\u0259rinin SSR\u0130 bayra\u011f\u0131n\u0131 reyxstaq binas\u0131na sancmas\u0131 il\u0259 \u201cB\u00f6y\u00fck V\u0259t\u0259n m\u00fcharib\u0259si\u201d sona \u00e7atd\u0131. Az\u0259rbaycan da, t\u0259bii olaraq, SSR\u0130-nin t\u0259rkibind\u0259 bu d\u00f6y\u00fc\u015fl\u0259rd\u0259 i\u015ftirak edib.\n<\/p>\n<p>\n  D\u00fcnya sava\u015f\u0131 m\u00fcharib\u0259 fotoqraflar\u0131, fotojurnalistl\u0259r \u00fc\u00e7\u00fcn d\u0259 \u00f6z \u015fah \u0259s\u0259rl\u0259rini yaratma imkan\u0131 vermi\u015fdi. \u018fg\u0259r fotoqraflar olmasayd\u0131, yaxud fotoqraflar qorxaq, hadis\u0259d\u0259n qa\u00e7an olsayd\u0131lar, bizim bu m\u00fcharib\u0259d\u0259n t\u0259s\u0259vv\u00fcr\u00fcm\u00fcz yaln\u0131z adlardan, r\u0259q\u0259ml\u0259rd\u0259n, x\u0259rit\u0259l\u0259rd\u0259n ibar\u0259t olacaqd\u0131. Ancaq fotoqraflar\u0131n \u00e7\u0259kdiyi fotolardan sonra m\u00fcharib\u0259nin insan h\u0259yat\u0131n\u0131 nec\u0259 m\u0259hv etdiyinin \u015fahidi ola bilirik.\n<\/p>\n<p>\n  Bu yaz\u0131da \u0130kinci D\u00fcnya m\u00fcharib\u0259si zaman\u0131 \u00e7\u0259kilmi\u015f, m\u00fcharib\u0259 dey\u0259rk\u0259n a\u011f\u0131la ilk g\u0259l\u0259n fotolar\u0131 g\u00f6st\u0259r\u0259c\u0259k v\u0259 h\u0259min fotolar\u0131n tarix\u00e7\u0259l\u0259ri haqq\u0131nda dan\u0131\u015fma\u011fa \u00e7al\u0131\u015faca\u011fam.\n<\/p>\n<\/p>\n<p>\n  M\u0259nb\u0259: C\u0131rc\u0131rama bloq\n<\/p>\n<p>\n  M\u00fc\u0259llif: Nurlan Babazad\u0259<\/p>\n","protected":false},"excerpt":{"rendered":"<p>Bu yaz\u0131da \u0130kinci D\u00fcnya m\u00fcharib\u0259si zaman\u0131 \u00e7\u0259kilmi\u015f, m\u00fcharib\u0259 dey\u0259rk\u0259n a\u011f\u0131la ilk g\u0259l\u0259n fotolar\u0131 g\u00f6st\u0259r\u0259c\u0259k v\u0259 h\u0259min fotolar\u0131n tarix\u00e7\u0259l\u0259ri haqq\u0131nda dan\u0131\u015fma\u011fa \u00e7al\u0131\u015faca\u011fam.<\/p>\n","protected":false},"author":11,"featured_media":57088,"comment_status":"closed","ping_status":"open","sticky":false,"template":"","format":"standard","meta":{"_acf_changed":false,"_sitemap_exclude":false,"_sitemap_priority":"","_sitemap_frequency":"","footnotes":""},"categories":[58],"tags":[],"class_list":["post-175801","post","type-post","status-publish","format-standard","has-post-thumbnail","hentry","category-fotoreportaj","infinite-scroll-item","generate-columns","tablet-grid-50","mobile-grid-100","grid-parent","grid-33","no-featured-image-padding"],"acf":[],"yoast_head":"<!-- This site is optimized with the Yoast SEO plugin v27.4 - https:\/\/yoast.com\/product\/yoast-seo-wordpress\/ -->\n<title>II D\u00fcnya M\u00fcharib\u0259si fotolarda - MEYDAN.TV<\/title>\n<meta name=\"robots\" content=\"index, follow, max-snippet:-1, max-image-preview:large, max-video-preview:-1\" \/>\n<link rel=\"canonical\" href=\"https:\/\/www.meydan.tv\/az\/article\/ii-dunya-muharibesi-fotolarda\/\" \/>\n<meta property=\"og:locale\" content=\"az_AZ\" \/>\n<meta property=\"og:type\" content=\"article\" \/>\n<meta property=\"og:title\" content=\"II D\u00fcnya M\u00fcharib\u0259si fotolarda - MEYDAN.TV\" \/>\n<meta property=\"og:description\" content=\"Bu yaz\u0131da \u0130kinci D\u00fcnya m\u00fcharib\u0259si zaman\u0131 \u00e7\u0259kilmi\u015f, m\u00fcharib\u0259 dey\u0259rk\u0259n a\u011f\u0131la ilk g\u0259l\u0259n fotolar\u0131 g\u00f6st\u0259r\u0259c\u0259k v\u0259 h\u0259min fotolar\u0131n tarix\u00e7\u0259l\u0259ri haqq\u0131nda dan\u0131\u015fma\u011fa \u00e7al\u0131\u015faca\u011fam.\" \/>\n<meta property=\"og:url\" content=\"https:\/\/www.meydan.tv\/az\/article\/ii-dunya-muharibesi-fotolarda\/\" \/>\n<meta property=\"og:site_name\" content=\"MEYDAN.TV\" \/>\n<meta property=\"article:published_time\" content=\"2016-05-09T16:16:17+00:00\" \/>\n<meta property=\"article:modified_time\" content=\"2021-10-29T11:52:24+00:00\" \/>\n<meta property=\"og:image\" content=\"https:\/\/www.meydan.tv\/wp-content\/uploads\/21609.jpg\" \/>\n\t<meta property=\"og:image:width\" content=\"1247\" \/>\n\t<meta property=\"og:image:height\" content=\"882\" \/>\n\t<meta property=\"og:image:type\" content=\"image\/jpeg\" \/>\n<meta name=\"author\" content=\"user-manager\" \/>\n<meta name=\"twitter:card\" content=\"summary_large_image\" \/>\n<script type=\"application\/ld+json\" class=\"yoast-schema-graph\">{\"@context\":\"https:\\\/\\\/schema.org\",\"@graph\":[{\"@type\":\"Article\",\"@id\":\"https:\\\/\\\/www.meydan.tv\\\/az\\\/article\\\/ii-dunya-muharibesi-fotolarda\\\/#article\",\"isPartOf\":{\"@id\":\"https:\\\/\\\/www.meydan.tv\\\/az\\\/article\\\/ii-dunya-muharibesi-fotolarda\\\/\"},\"author\":{\"name\":\"user-manager\",\"@id\":\"https:\\\/\\\/www.meydan.tv\\\/az\\\/#\\\/schema\\\/person\\\/10d11eccf6da3662cf5fdab9806ea91a\"},\"headline\":\"II D\u00fcnya M\u00fcharib\u0259si fotolarda\",\"datePublished\":\"2016-05-09T16:16:17+00:00\",\"dateModified\":\"2021-10-29T11:52:24+00:00\",\"mainEntityOfPage\":{\"@id\":\"https:\\\/\\\/www.meydan.tv\\\/az\\\/article\\\/ii-dunya-muharibesi-fotolarda\\\/\"},\"wordCount\":333,\"publisher\":{\"@id\":\"https:\\\/\\\/www.meydan.tv\\\/az\\\/#organization\"},\"image\":{\"@id\":\"https:\\\/\\\/www.meydan.tv\\\/az\\\/article\\\/ii-dunya-muharibesi-fotolarda\\\/#primaryimage\"},\"thumbnailUrl\":\"https:\\\/\\\/www.meydan.tv\\\/wp-content\\\/uploads\\\/21609.jpg\",\"articleSection\":[\"Fotoreportaj\"],\"inLanguage\":\"az\"},{\"@type\":\"WebPage\",\"@id\":\"https:\\\/\\\/www.meydan.tv\\\/az\\\/article\\\/ii-dunya-muharibesi-fotolarda\\\/\",\"url\":\"https:\\\/\\\/www.meydan.tv\\\/az\\\/article\\\/ii-dunya-muharibesi-fotolarda\\\/\",\"name\":\"II D\u00fcnya M\u00fcharib\u0259si fotolarda - MEYDAN.TV\",\"isPartOf\":{\"@id\":\"https:\\\/\\\/www.meydan.tv\\\/az\\\/#website\"},\"primaryImageOfPage\":{\"@id\":\"https:\\\/\\\/www.meydan.tv\\\/az\\\/article\\\/ii-dunya-muharibesi-fotolarda\\\/#primaryimage\"},\"image\":{\"@id\":\"https:\\\/\\\/www.meydan.tv\\\/az\\\/article\\\/ii-dunya-muharibesi-fotolarda\\\/#primaryimage\"},\"thumbnailUrl\":\"https:\\\/\\\/www.meydan.tv\\\/wp-content\\\/uploads\\\/21609.jpg\",\"datePublished\":\"2016-05-09T16:16:17+00:00\",\"dateModified\":\"2021-10-29T11:52:24+00:00\",\"breadcrumb\":{\"@id\":\"https:\\\/\\\/www.meydan.tv\\\/az\\\/article\\\/ii-dunya-muharibesi-fotolarda\\\/#breadcrumb\"},\"inLanguage\":\"az\",\"potentialAction\":[{\"@type\":\"ReadAction\",\"target\":[\"https:\\\/\\\/www.meydan.tv\\\/az\\\/article\\\/ii-dunya-muharibesi-fotolarda\\\/\"]}]},{\"@type\":\"ImageObject\",\"inLanguage\":\"az\",\"@id\":\"https:\\\/\\\/www.meydan.tv\\\/az\\\/article\\\/ii-dunya-muharibesi-fotolarda\\\/#primaryimage\",\"url\":\"https:\\\/\\\/www.meydan.tv\\\/wp-content\\\/uploads\\\/21609.jpg\",\"contentUrl\":\"https:\\\/\\\/www.meydan.tv\\\/wp-content\\\/uploads\\\/21609.jpg\",\"width\":1247,\"height\":882,\"caption\":\"Source:\"},{\"@type\":\"BreadcrumbList\",\"@id\":\"https:\\\/\\\/www.meydan.tv\\\/az\\\/article\\\/ii-dunya-muharibesi-fotolarda\\\/#breadcrumb\",\"itemListElement\":[{\"@type\":\"ListItem\",\"position\":1,\"name\":\"Ana s\u0259hif\u0259\",\"item\":\"https:\\\/\\\/www.meydan.tv\\\/az\\\/\"},{\"@type\":\"ListItem\",\"position\":2,\"name\":\"Fotoreportaj\",\"item\":\"https:\\\/\\\/www.meydan.tv\\\/az\\\/section\\\/fotoreportaj\\\/\"},{\"@type\":\"ListItem\",\"position\":3,\"name\":\"II D\u00fcnya M\u00fcharib\u0259si fotolarda\"}]},{\"@type\":\"WebSite\",\"@id\":\"https:\\\/\\\/www.meydan.tv\\\/az\\\/#website\",\"url\":\"https:\\\/\\\/www.meydan.tv\\\/az\\\/\",\"name\":\"MEYDAN.TV\",\"description\":\"Meydan TV Az\u0259rbaycan\u0131n media m\u0259kan\u0131ndak\u0131 alternativ s\u0259sidir\",\"publisher\":{\"@id\":\"https:\\\/\\\/www.meydan.tv\\\/az\\\/#organization\"},\"potentialAction\":[{\"@type\":\"SearchAction\",\"target\":{\"@type\":\"EntryPoint\",\"urlTemplate\":\"https:\\\/\\\/www.meydan.tv\\\/az\\\/?s={search_term_string}\"},\"query-input\":{\"@type\":\"PropertyValueSpecification\",\"valueRequired\":true,\"valueName\":\"search_term_string\"}}],\"inLanguage\":\"az\"},{\"@type\":\"Organization\",\"@id\":\"https:\\\/\\\/www.meydan.tv\\\/az\\\/#organization\",\"name\":\"Meydan TV\",\"url\":\"https:\\\/\\\/www.meydan.tv\\\/az\\\/\",\"logo\":{\"@type\":\"ImageObject\",\"inLanguage\":\"az\",\"@id\":\"https:\\\/\\\/www.meydan.tv\\\/az\\\/#\\\/schema\\\/logo\\\/image\\\/\",\"url\":\"https:\\\/\\\/www.meydan.tv\\\/wp-content\\\/uploads\\\/2021\\\/07\\\/meydan-logo.svg\",\"contentUrl\":\"https:\\\/\\\/www.meydan.tv\\\/wp-content\\\/uploads\\\/2021\\\/07\\\/meydan-logo.svg\",\"width\":195,\"height\":46,\"caption\":\"Meydan TV\"},\"image\":{\"@id\":\"https:\\\/\\\/www.meydan.tv\\\/az\\\/#\\\/schema\\\/logo\\\/image\\\/\"}},{\"@type\":\"Person\",\"@id\":\"https:\\\/\\\/www.meydan.tv\\\/az\\\/#\\\/schema\\\/person\\\/10d11eccf6da3662cf5fdab9806ea91a\",\"name\":\"user-manager\"}]}<\/script>\n<!-- \/ Yoast SEO plugin. -->","yoast_head_json":{"title":"II D\u00fcnya M\u00fcharib\u0259si fotolarda - MEYDAN.TV","robots":{"index":"index","follow":"follow","max-snippet":"max-snippet:-1","max-image-preview":"max-image-preview:large","max-video-preview":"max-video-preview:-1"},"canonical":"https:\/\/www.meydan.tv\/az\/article\/ii-dunya-muharibesi-fotolarda\/","og_locale":"az_AZ","og_type":"article","og_title":"II D\u00fcnya M\u00fcharib\u0259si fotolarda - MEYDAN.TV","og_description":"Bu yaz\u0131da \u0130kinci D\u00fcnya m\u00fcharib\u0259si zaman\u0131 \u00e7\u0259kilmi\u015f, m\u00fcharib\u0259 dey\u0259rk\u0259n a\u011f\u0131la ilk g\u0259l\u0259n fotolar\u0131 g\u00f6st\u0259r\u0259c\u0259k v\u0259 h\u0259min fotolar\u0131n tarix\u00e7\u0259l\u0259ri haqq\u0131nda dan\u0131\u015fma\u011fa \u00e7al\u0131\u015faca\u011fam.","og_url":"https:\/\/www.meydan.tv\/az\/article\/ii-dunya-muharibesi-fotolarda\/","og_site_name":"MEYDAN.TV","article_published_time":"2016-05-09T16:16:17+00:00","article_modified_time":"2021-10-29T11:52:24+00:00","og_image":[{"width":1247,"height":882,"url":"https:\/\/www.meydan.tv\/wp-content\/uploads\/21609.jpg","type":"image\/jpeg"}],"author":"user-manager","twitter_card":"summary_large_image","schema":{"@context":"https:\/\/schema.org","@graph":[{"@type":"Article","@id":"https:\/\/www.meydan.tv\/az\/article\/ii-dunya-muharibesi-fotolarda\/#article","isPartOf":{"@id":"https:\/\/www.meydan.tv\/az\/article\/ii-dunya-muharibesi-fotolarda\/"},"author":{"name":"user-manager","@id":"https:\/\/www.meydan.tv\/az\/#\/schema\/person\/10d11eccf6da3662cf5fdab9806ea91a"},"headline":"II D\u00fcnya M\u00fcharib\u0259si fotolarda","datePublished":"2016-05-09T16:16:17+00:00","dateModified":"2021-10-29T11:52:24+00:00","mainEntityOfPage":{"@id":"https:\/\/www.meydan.tv\/az\/article\/ii-dunya-muharibesi-fotolarda\/"},"wordCount":333,"publisher":{"@id":"https:\/\/www.meydan.tv\/az\/#organization"},"image":{"@id":"https:\/\/www.meydan.tv\/az\/article\/ii-dunya-muharibesi-fotolarda\/#primaryimage"},"thumbnailUrl":"https:\/\/www.meydan.tv\/wp-content\/uploads\/21609.jpg","articleSection":["Fotoreportaj"],"inLanguage":"az"},{"@type":"WebPage","@id":"https:\/\/www.meydan.tv\/az\/article\/ii-dunya-muharibesi-fotolarda\/","url":"https:\/\/www.meydan.tv\/az\/article\/ii-dunya-muharibesi-fotolarda\/","name":"II D\u00fcnya M\u00fcharib\u0259si fotolarda - MEYDAN.TV","isPartOf":{"@id":"https:\/\/www.meydan.tv\/az\/#website"},"primaryImageOfPage":{"@id":"https:\/\/www.meydan.tv\/az\/article\/ii-dunya-muharibesi-fotolarda\/#primaryimage"},"image":{"@id":"https:\/\/www.meydan.tv\/az\/article\/ii-dunya-muharibesi-fotolarda\/#primaryimage"},"thumbnailUrl":"https:\/\/www.meydan.tv\/wp-content\/uploads\/21609.jpg","datePublished":"2016-05-09T16:16:17+00:00","dateModified":"2021-10-29T11:52:24+00:00","breadcrumb":{"@id":"https:\/\/www.meydan.tv\/az\/article\/ii-dunya-muharibesi-fotolarda\/#breadcrumb"},"inLanguage":"az","potentialAction":[{"@type":"ReadAction","target":["https:\/\/www.meydan.tv\/az\/article\/ii-dunya-muharibesi-fotolarda\/"]}]},{"@type":"ImageObject","inLanguage":"az","@id":"https:\/\/www.meydan.tv\/az\/article\/ii-dunya-muharibesi-fotolarda\/#primaryimage","url":"https:\/\/www.meydan.tv\/wp-content\/uploads\/21609.jpg","contentUrl":"https:\/\/www.meydan.tv\/wp-content\/uploads\/21609.jpg","width":1247,"height":882,"caption":"Source:"},{"@type":"BreadcrumbList","@id":"https:\/\/www.meydan.tv\/az\/article\/ii-dunya-muharibesi-fotolarda\/#breadcrumb","itemListElement":[{"@type":"ListItem","position":1,"name":"Ana s\u0259hif\u0259","item":"https:\/\/www.meydan.tv\/az\/"},{"@type":"ListItem","position":2,"name":"Fotoreportaj","item":"https:\/\/www.meydan.tv\/az\/section\/fotoreportaj\/"},{"@type":"ListItem","position":3,"name":"II D\u00fcnya M\u00fcharib\u0259si fotolarda"}]},{"@type":"WebSite","@id":"https:\/\/www.meydan.tv\/az\/#website","url":"https:\/\/www.meydan.tv\/az\/","name":"MEYDAN.TV","description":"Meydan TV Az\u0259rbaycan\u0131n media m\u0259kan\u0131ndak\u0131 alternativ s\u0259sidir","publisher":{"@id":"https:\/\/www.meydan.tv\/az\/#organization"},"potentialAction":[{"@type":"SearchAction","target":{"@type":"EntryPoint","urlTemplate":"https:\/\/www.meydan.tv\/az\/?s={search_term_string}"},"query-input":{"@type":"PropertyValueSpecification","valueRequired":true,"valueName":"search_term_string"}}],"inLanguage":"az"},{"@type":"Organization","@id":"https:\/\/www.meydan.tv\/az\/#organization","name":"Meydan TV","url":"https:\/\/www.meydan.tv\/az\/","logo":{"@type":"ImageObject","inLanguage":"az","@id":"https:\/\/www.meydan.tv\/az\/#\/schema\/logo\/image\/","url":"https:\/\/www.meydan.tv\/wp-content\/uploads\/2021\/07\/meydan-logo.svg","contentUrl":"https:\/\/www.meydan.tv\/wp-content\/uploads\/2021\/07\/meydan-logo.svg","width":195,"height":46,"caption":"Meydan TV"},"image":{"@id":"https:\/\/www.meydan.tv\/az\/#\/schema\/logo\/image\/"}},{"@type":"Person","@id":"https:\/\/www.meydan.tv\/az\/#\/schema\/person\/10d11eccf6da3662cf5fdab9806ea91a","name":"user-manager"}]}},"_links":{"self":[{"href":"https:\/\/www.meydan.tv\/az\/wp-json\/wp\/v2\/posts\/175801","targetHints":{"allow":["GET"]}}],"collection":[{"href":"https:\/\/www.meydan.tv\/az\/wp-json\/wp\/v2\/posts"}],"about":[{"href":"https:\/\/www.meydan.tv\/az\/wp-json\/wp\/v2\/types\/post"}],"author":[{"embeddable":true,"href":"https:\/\/www.meydan.tv\/az\/wp-json\/wp\/v2\/users\/11"}],"replies":[{"embeddable":true,"href":"https:\/\/www.meydan.tv\/az\/wp-json\/wp\/v2\/comments?post=175801"}],"version-history":[{"count":1,"href":"https:\/\/www.meydan.tv\/az\/wp-json\/wp\/v2\/posts\/175801\/revisions"}],"predecessor-version":[{"id":216283,"href":"https:\/\/www.meydan.tv\/az\/wp-json\/wp\/v2\/posts\/175801\/revisions\/216283"}],"wp:featuredmedia":[{"embeddable":true,"href":"https:\/\/www.meydan.tv\/az\/wp-json\/wp\/v2\/media\/57088"}],"wp:attachment":[{"href":"https:\/\/www.meydan.tv\/az\/wp-json\/wp\/v2\/media?parent=175801"}],"wp:term":[{"taxonomy":"category","embeddable":true,"href":"https:\/\/www.meydan.tv\/az\/wp-json\/wp\/v2\/categories?post=175801"},{"taxonomy":"post_tag","embeddable":true,"href":"https:\/\/www.meydan.tv\/az\/wp-json\/wp\/v2\/tags?post=175801"}],"curies":[{"name":"wp","href":"https:\/\/api.w.org\/{rel}","templated":true}]}}