{"id":175792,"date":"2016-05-09T01:22:09","date_gmt":"2016-05-09T01:22:09","guid":{"rendered":"https:\/\/www.meydan.tv\/article\/daha-iki-herbcimiz-sehid-olub\/"},"modified":"2016-05-09T01:22:09","modified_gmt":"2016-05-09T01:22:09","slug":"daha-iki-herbcimiz-sehid-olub","status":"publish","type":"post","link":"https:\/\/www.meydan.tv\/az\/article\/daha-iki-herbcimiz-sehid-olub\/","title":{"rendered":"Daha iki h\u0259rb\u00e7imiz \u015f\u0259hid olub"},"content":{"rendered":"<figure class=\"wp-block-image size-large\">\n  <img decoding=\"async\" src=\"https:\/\/www.meydan.tv\/az\/arxiv-3\/\" alt=\"Arxiv\" class=\"wp-image-57037\"\/><figcaption>\n    Arxiv<br \/>\n  <\/figcaption><\/figure>\n<figure class=\"wp-block-image size-large\">\n  <img decoding=\"async\" src=\"https:\/\/www.meydan.tv\/az\/arxiv-3\/\" alt=\"Arxiv\" class=\"wp-image-57037\"\/><figcaption>\n    Arxiv<br \/>\n  <\/figcaption><\/figure>\n<p>\n  <i><br \/>\n    Bu g\u00fcn iki h\u0259rb\u00e7imiz \u015f\u0259hid olub<br \/>\n  <\/i>\n<\/p>\n<p>\n  ANS Press M\u00fcdafi\u0259 Nazirliyinin m\u0259tbuat xidm\u0259tin\u0259 istinad\u0259n bildirir ki, may\u0131n 8-d\u0259 qo\u015funlar\u0131n t\u0259mas x\u0259ttind\u0259 d\u00fc\u015fm\u0259nl\u0259 at\u0131\u015fmada Az\u0259rbaycan Silahl\u0131 Q\u00fcvv\u0259l\u0259rinin h\u0259rbi qulluq\u00e7usu \u0259sg\u0259r \u018fli \u0130ntiqam o\u011flu Heyd\u0259rov\u00a0\u015f\u0259hid olub.\n<\/p>\n<p>\n  \u018fli \u0130ntiqam o\u011flu Heyd\u0259rov\u00a0Bak\u0131n\u0131n Qobu q\u0259s\u0259b\u0259sind\u0259n h\u0259rbi qullu\u011fa \u00e7a\u011fr\u0131l\u0131b. Yax\u0131nlar\u0131n\u0131n ANS PRESS-\u0259 verdiyi m\u0259lumata g\u00f6r\u0259, may\u0131n 10-da onun ad g\u00fcn\u00fc olmal\u0131 idi.\n<\/p>\n<figure class=\"wp-block-image size-large\">\n  <img decoding=\"async\" src=\"https:\/\/www.meydan.tv\/az\/57040\/\" alt=\"\" class=\"wp-image-57040\"\/><figcaption><\/figcaption><\/figure>\n<p>\n  H\u0259rbi qulluq\u00e7u\u00a0\u018f.Heyd\u0259rov c\u0259bh\u0259nin T\u0259rt\u0259r istiqam\u0259tind\u0259\u00a0q\u0259hr\u0259mancas\u0131na \u015f\u0259hid olub. \u015e\u0259hidin c\u0259naz\u0259si bir az \u00f6nc\u0259\u00a0Qobu q\u0259s\u0259b\u0259sin\u0259 g\u0259tirilib.\n<\/p>\n<p>\n  \u015e\u0259hidl\u0259 vida m\u0259rasimi sabah\u00a0ke\u00e7iril\u0259c\u0259k v\u0259 o, Qobu q\u0259s\u0259b\u0259 q\u0259biristanl\u0131\u011f\u0131nda d\u0259fn\u00a0olunacaq.\n<\/p>\n<p>\n  \u018f.Heyd\u0259rovun iki qarda\u015f\u0131 v\u0259 bir bac\u0131s\u0131 var.\n<\/p>\n<p>\n  Dig\u0259r bir h\u0259rbi qulluq\u00e7umuz, aprelin 2-d\u0259 T\u0259r-t\u0259r istiqam\u0259tind\u0259 ke\u00e7iril\u0259n d\u00f6y\u00fc\u015f \u0259m\u0259liyyatlar\u0131nda a\u011f\u0131r yaralanm\u0131\u015f kapitan \u00a0N\u0259cm\u0259ddin Alif o\u011flu Savalanov\u00a0bu g\u00fcn Bak\u0131 H\u0259rbi Hospital\u0131nda d\u00fcnyas\u0131n\u0131 d\u0259yi\u015fib. \u015e\u0259hid N\u0259cm\u0259ddin Savalanov\u00a0sabah \u0130mi\u015fli rayonunda torpa\u011fa tab\u015f\u0131r\u0131lacaq.\n<\/p>\n<figure class=\"wp-block-image size-large\">\n  <img decoding=\"async\" src=\"https:\/\/www.meydan.tv\/az\/savalanov-necmeddin-akif-oglu\/\" alt=\"Savalanov N\u0259cm\u0259ddin Akif o\u011flu\" class=\"wp-image-57046\"\/><figcaption>\n    Savalanov N\u0259cm\u0259ddin Akif o\u011flu<br \/>\n  <\/figcaption><\/figure>\n","protected":false},"excerpt":{"rendered":"<p>Bu g\u00fcn iki h\u0259rb\u00e7imiz \u015f\u0259hid olub<\/p>\n","protected":false},"author":11,"featured_media":57037,"comment_status":"closed","ping_status":"open","sticky":false,"template":"","format":"standard","meta":{"_acf_changed":false,"_sitemap_exclude":false,"_sitemap_priority":"","_sitemap_frequency":"","footnotes":""},"categories":[51],"tags":[],"class_list":["post-175792","post","type-post","status-publish","format-standard","has-post-thumbnail","hentry","category-analitika","infinite-scroll-item","generate-columns","tablet-grid-50","mobile-grid-100","grid-parent","grid-33","no-featured-image-padding"],"acf":[],"yoast_head":"<!-- This site is optimized with the Yoast SEO plugin v27.5 - https:\/\/yoast.com\/product\/yoast-seo-wordpress\/ -->\n<title>Daha iki h\u0259rb\u00e7imiz \u015f\u0259hid olub - MEYDAN.TV<\/title>\n<meta name=\"robots\" content=\"index, follow, max-snippet:-1, max-image-preview:large, max-video-preview:-1\" \/>\n<link rel=\"canonical\" href=\"https:\/\/www.meydan.tv\/az\/article\/daha-iki-herbcimiz-sehid-olub\/\" \/>\n<meta property=\"og:locale\" content=\"az_AZ\" \/>\n<meta property=\"og:type\" content=\"article\" \/>\n<meta property=\"og:title\" content=\"Daha iki h\u0259rb\u00e7imiz \u015f\u0259hid olub - MEYDAN.TV\" \/>\n<meta property=\"og:description\" content=\"Bu g\u00fcn iki h\u0259rb\u00e7imiz \u015f\u0259hid olub\" \/>\n<meta property=\"og:url\" content=\"https:\/\/www.meydan.tv\/az\/article\/daha-iki-herbcimiz-sehid-olub\/\" \/>\n<meta property=\"og:site_name\" content=\"MEYDAN.TV\" \/>\n<meta property=\"article:published_time\" content=\"2016-05-09T01:22:09+00:00\" \/>\n<meta property=\"og:image\" content=\"https:\/\/www.meydan.tv\/wp-content\/uploads\/21583.jpg\" \/>\n\t<meta property=\"og:image:width\" content=\"460\" \/>\n\t<meta property=\"og:image:height\" content=\"309\" \/>\n\t<meta property=\"og:image:type\" content=\"image\/jpeg\" \/>\n<meta name=\"author\" content=\"user-manager\" \/>\n<meta name=\"twitter:card\" content=\"summary_large_image\" \/>\n<script type=\"application\/ld+json\" class=\"yoast-schema-graph\">{\"@context\":\"https:\\\/\\\/schema.org\",\"@graph\":[{\"@type\":\"Article\",\"@id\":\"https:\\\/\\\/www.meydan.tv\\\/az\\\/article\\\/daha-iki-herbcimiz-sehid-olub\\\/#article\",\"isPartOf\":{\"@id\":\"https:\\\/\\\/www.meydan.tv\\\/az\\\/article\\\/daha-iki-herbcimiz-sehid-olub\\\/\"},\"author\":{\"name\":\"user-manager\",\"@id\":\"https:\\\/\\\/www.meydan.tv\\\/az\\\/#\\\/schema\\\/person\\\/10d11eccf6da3662cf5fdab9806ea91a\"},\"headline\":\"Daha iki h\u0259rb\u00e7imiz \u015f\u0259hid olub\",\"datePublished\":\"2016-05-09T01:22:09+00:00\",\"mainEntityOfPage\":{\"@id\":\"https:\\\/\\\/www.meydan.tv\\\/az\\\/article\\\/daha-iki-herbcimiz-sehid-olub\\\/\"},\"wordCount\":242,\"publisher\":{\"@id\":\"https:\\\/\\\/www.meydan.tv\\\/az\\\/#organization\"},\"image\":{\"@id\":\"https:\\\/\\\/www.meydan.tv\\\/az\\\/article\\\/daha-iki-herbcimiz-sehid-olub\\\/#primaryimage\"},\"thumbnailUrl\":\"https:\\\/\\\/www.meydan.tv\\\/wp-content\\\/uploads\\\/21583.jpg\",\"articleSection\":[\"Analitika\"],\"inLanguage\":\"az\"},{\"@type\":\"WebPage\",\"@id\":\"https:\\\/\\\/www.meydan.tv\\\/az\\\/article\\\/daha-iki-herbcimiz-sehid-olub\\\/\",\"url\":\"https:\\\/\\\/www.meydan.tv\\\/az\\\/article\\\/daha-iki-herbcimiz-sehid-olub\\\/\",\"name\":\"Daha iki h\u0259rb\u00e7imiz \u015f\u0259hid olub - MEYDAN.TV\",\"isPartOf\":{\"@id\":\"https:\\\/\\\/www.meydan.tv\\\/az\\\/#website\"},\"primaryImageOfPage\":{\"@id\":\"https:\\\/\\\/www.meydan.tv\\\/az\\\/article\\\/daha-iki-herbcimiz-sehid-olub\\\/#primaryimage\"},\"image\":{\"@id\":\"https:\\\/\\\/www.meydan.tv\\\/az\\\/article\\\/daha-iki-herbcimiz-sehid-olub\\\/#primaryimage\"},\"thumbnailUrl\":\"https:\\\/\\\/www.meydan.tv\\\/wp-content\\\/uploads\\\/21583.jpg\",\"datePublished\":\"2016-05-09T01:22:09+00:00\",\"breadcrumb\":{\"@id\":\"https:\\\/\\\/www.meydan.tv\\\/az\\\/article\\\/daha-iki-herbcimiz-sehid-olub\\\/#breadcrumb\"},\"inLanguage\":\"az\",\"potentialAction\":[{\"@type\":\"ReadAction\",\"target\":[\"https:\\\/\\\/www.meydan.tv\\\/az\\\/article\\\/daha-iki-herbcimiz-sehid-olub\\\/\"]}]},{\"@type\":\"ImageObject\",\"inLanguage\":\"az\",\"@id\":\"https:\\\/\\\/www.meydan.tv\\\/az\\\/article\\\/daha-iki-herbcimiz-sehid-olub\\\/#primaryimage\",\"url\":\"https:\\\/\\\/www.meydan.tv\\\/wp-content\\\/uploads\\\/21583.jpg\",\"contentUrl\":\"https:\\\/\\\/www.meydan.tv\\\/wp-content\\\/uploads\\\/21583.jpg\",\"width\":460,\"height\":309,\"caption\":\"Source:\"},{\"@type\":\"BreadcrumbList\",\"@id\":\"https:\\\/\\\/www.meydan.tv\\\/az\\\/article\\\/daha-iki-herbcimiz-sehid-olub\\\/#breadcrumb\",\"itemListElement\":[{\"@type\":\"ListItem\",\"position\":1,\"name\":\"Ana s\u0259hif\u0259\",\"item\":\"https:\\\/\\\/www.meydan.tv\\\/az\\\/\"},{\"@type\":\"ListItem\",\"position\":2,\"name\":\"Analitika\",\"item\":\"https:\\\/\\\/www.meydan.tv\\\/az\\\/section\\\/analitika\\\/\"},{\"@type\":\"ListItem\",\"position\":3,\"name\":\"Daha iki h\u0259rb\u00e7imiz \u015f\u0259hid olub\"}]},{\"@type\":\"WebSite\",\"@id\":\"https:\\\/\\\/www.meydan.tv\\\/az\\\/#website\",\"url\":\"https:\\\/\\\/www.meydan.tv\\\/az\\\/\",\"name\":\"MEYDAN.TV\",\"description\":\"Meydan TV Az\u0259rbaycan\u0131n media m\u0259kan\u0131ndak\u0131 alternativ s\u0259sidir\",\"publisher\":{\"@id\":\"https:\\\/\\\/www.meydan.tv\\\/az\\\/#organization\"},\"potentialAction\":[{\"@type\":\"SearchAction\",\"target\":{\"@type\":\"EntryPoint\",\"urlTemplate\":\"https:\\\/\\\/www.meydan.tv\\\/az\\\/?s={search_term_string}\"},\"query-input\":{\"@type\":\"PropertyValueSpecification\",\"valueRequired\":true,\"valueName\":\"search_term_string\"}}],\"inLanguage\":\"az\"},{\"@type\":\"Organization\",\"@id\":\"https:\\\/\\\/www.meydan.tv\\\/az\\\/#organization\",\"name\":\"Meydan TV\",\"url\":\"https:\\\/\\\/www.meydan.tv\\\/az\\\/\",\"logo\":{\"@type\":\"ImageObject\",\"inLanguage\":\"az\",\"@id\":\"https:\\\/\\\/www.meydan.tv\\\/az\\\/#\\\/schema\\\/logo\\\/image\\\/\",\"url\":\"https:\\\/\\\/www.meydan.tv\\\/wp-content\\\/uploads\\\/2021\\\/07\\\/meydan-logo.svg\",\"contentUrl\":\"https:\\\/\\\/www.meydan.tv\\\/wp-content\\\/uploads\\\/2021\\\/07\\\/meydan-logo.svg\",\"width\":195,\"height\":46,\"caption\":\"Meydan TV\"},\"image\":{\"@id\":\"https:\\\/\\\/www.meydan.tv\\\/az\\\/#\\\/schema\\\/logo\\\/image\\\/\"}},{\"@type\":\"Person\",\"@id\":\"https:\\\/\\\/www.meydan.tv\\\/az\\\/#\\\/schema\\\/person\\\/10d11eccf6da3662cf5fdab9806ea91a\",\"name\":\"user-manager\"}]}<\/script>\n<!-- \/ Yoast SEO plugin. -->","yoast_head_json":{"title":"Daha iki h\u0259rb\u00e7imiz \u015f\u0259hid olub - MEYDAN.TV","robots":{"index":"index","follow":"follow","max-snippet":"max-snippet:-1","max-image-preview":"max-image-preview:large","max-video-preview":"max-video-preview:-1"},"canonical":"https:\/\/www.meydan.tv\/az\/article\/daha-iki-herbcimiz-sehid-olub\/","og_locale":"az_AZ","og_type":"article","og_title":"Daha iki h\u0259rb\u00e7imiz \u015f\u0259hid olub - MEYDAN.TV","og_description":"Bu g\u00fcn iki h\u0259rb\u00e7imiz \u015f\u0259hid olub","og_url":"https:\/\/www.meydan.tv\/az\/article\/daha-iki-herbcimiz-sehid-olub\/","og_site_name":"MEYDAN.TV","article_published_time":"2016-05-09T01:22:09+00:00","og_image":[{"width":460,"height":309,"url":"https:\/\/www.meydan.tv\/wp-content\/uploads\/21583.jpg","type":"image\/jpeg"}],"author":"user-manager","twitter_card":"summary_large_image","schema":{"@context":"https:\/\/schema.org","@graph":[{"@type":"Article","@id":"https:\/\/www.meydan.tv\/az\/article\/daha-iki-herbcimiz-sehid-olub\/#article","isPartOf":{"@id":"https:\/\/www.meydan.tv\/az\/article\/daha-iki-herbcimiz-sehid-olub\/"},"author":{"name":"user-manager","@id":"https:\/\/www.meydan.tv\/az\/#\/schema\/person\/10d11eccf6da3662cf5fdab9806ea91a"},"headline":"Daha iki h\u0259rb\u00e7imiz \u015f\u0259hid olub","datePublished":"2016-05-09T01:22:09+00:00","mainEntityOfPage":{"@id":"https:\/\/www.meydan.tv\/az\/article\/daha-iki-herbcimiz-sehid-olub\/"},"wordCount":242,"publisher":{"@id":"https:\/\/www.meydan.tv\/az\/#organization"},"image":{"@id":"https:\/\/www.meydan.tv\/az\/article\/daha-iki-herbcimiz-sehid-olub\/#primaryimage"},"thumbnailUrl":"https:\/\/www.meydan.tv\/wp-content\/uploads\/21583.jpg","articleSection":["Analitika"],"inLanguage":"az"},{"@type":"WebPage","@id":"https:\/\/www.meydan.tv\/az\/article\/daha-iki-herbcimiz-sehid-olub\/","url":"https:\/\/www.meydan.tv\/az\/article\/daha-iki-herbcimiz-sehid-olub\/","name":"Daha iki h\u0259rb\u00e7imiz \u015f\u0259hid olub - MEYDAN.TV","isPartOf":{"@id":"https:\/\/www.meydan.tv\/az\/#website"},"primaryImageOfPage":{"@id":"https:\/\/www.meydan.tv\/az\/article\/daha-iki-herbcimiz-sehid-olub\/#primaryimage"},"image":{"@id":"https:\/\/www.meydan.tv\/az\/article\/daha-iki-herbcimiz-sehid-olub\/#primaryimage"},"thumbnailUrl":"https:\/\/www.meydan.tv\/wp-content\/uploads\/21583.jpg","datePublished":"2016-05-09T01:22:09+00:00","breadcrumb":{"@id":"https:\/\/www.meydan.tv\/az\/article\/daha-iki-herbcimiz-sehid-olub\/#breadcrumb"},"inLanguage":"az","potentialAction":[{"@type":"ReadAction","target":["https:\/\/www.meydan.tv\/az\/article\/daha-iki-herbcimiz-sehid-olub\/"]}]},{"@type":"ImageObject","inLanguage":"az","@id":"https:\/\/www.meydan.tv\/az\/article\/daha-iki-herbcimiz-sehid-olub\/#primaryimage","url":"https:\/\/www.meydan.tv\/wp-content\/uploads\/21583.jpg","contentUrl":"https:\/\/www.meydan.tv\/wp-content\/uploads\/21583.jpg","width":460,"height":309,"caption":"Source:"},{"@type":"BreadcrumbList","@id":"https:\/\/www.meydan.tv\/az\/article\/daha-iki-herbcimiz-sehid-olub\/#breadcrumb","itemListElement":[{"@type":"ListItem","position":1,"name":"Ana s\u0259hif\u0259","item":"https:\/\/www.meydan.tv\/az\/"},{"@type":"ListItem","position":2,"name":"Analitika","item":"https:\/\/www.meydan.tv\/az\/section\/analitika\/"},{"@type":"ListItem","position":3,"name":"Daha iki h\u0259rb\u00e7imiz \u015f\u0259hid olub"}]},{"@type":"WebSite","@id":"https:\/\/www.meydan.tv\/az\/#website","url":"https:\/\/www.meydan.tv\/az\/","name":"MEYDAN.TV","description":"Meydan TV Az\u0259rbaycan\u0131n media m\u0259kan\u0131ndak\u0131 alternativ s\u0259sidir","publisher":{"@id":"https:\/\/www.meydan.tv\/az\/#organization"},"potentialAction":[{"@type":"SearchAction","target":{"@type":"EntryPoint","urlTemplate":"https:\/\/www.meydan.tv\/az\/?s={search_term_string}"},"query-input":{"@type":"PropertyValueSpecification","valueRequired":true,"valueName":"search_term_string"}}],"inLanguage":"az"},{"@type":"Organization","@id":"https:\/\/www.meydan.tv\/az\/#organization","name":"Meydan TV","url":"https:\/\/www.meydan.tv\/az\/","logo":{"@type":"ImageObject","inLanguage":"az","@id":"https:\/\/www.meydan.tv\/az\/#\/schema\/logo\/image\/","url":"https:\/\/www.meydan.tv\/wp-content\/uploads\/2021\/07\/meydan-logo.svg","contentUrl":"https:\/\/www.meydan.tv\/wp-content\/uploads\/2021\/07\/meydan-logo.svg","width":195,"height":46,"caption":"Meydan TV"},"image":{"@id":"https:\/\/www.meydan.tv\/az\/#\/schema\/logo\/image\/"}},{"@type":"Person","@id":"https:\/\/www.meydan.tv\/az\/#\/schema\/person\/10d11eccf6da3662cf5fdab9806ea91a","name":"user-manager"}]}},"_links":{"self":[{"href":"https:\/\/www.meydan.tv\/az\/wp-json\/wp\/v2\/posts\/175792","targetHints":{"allow":["GET"]}}],"collection":[{"href":"https:\/\/www.meydan.tv\/az\/wp-json\/wp\/v2\/posts"}],"about":[{"href":"https:\/\/www.meydan.tv\/az\/wp-json\/wp\/v2\/types\/post"}],"author":[{"embeddable":true,"href":"https:\/\/www.meydan.tv\/az\/wp-json\/wp\/v2\/users\/11"}],"replies":[{"embeddable":true,"href":"https:\/\/www.meydan.tv\/az\/wp-json\/wp\/v2\/comments?post=175792"}],"version-history":[{"count":0,"href":"https:\/\/www.meydan.tv\/az\/wp-json\/wp\/v2\/posts\/175792\/revisions"}],"wp:featuredmedia":[{"embeddable":true,"href":"https:\/\/www.meydan.tv\/az\/wp-json\/wp\/v2\/media\/57037"}],"wp:attachment":[{"href":"https:\/\/www.meydan.tv\/az\/wp-json\/wp\/v2\/media?parent=175792"}],"wp:term":[{"taxonomy":"category","embeddable":true,"href":"https:\/\/www.meydan.tv\/az\/wp-json\/wp\/v2\/categories?post=175792"},{"taxonomy":"post_tag","embeddable":true,"href":"https:\/\/www.meydan.tv\/az\/wp-json\/wp\/v2\/tags?post=175792"}],"curies":[{"name":"wp","href":"https:\/\/api.w.org\/{rel}","templated":true}]}}