{"id":175783,"date":"2016-05-07T19:53:53","date_gmt":"2016-05-07T19:53:53","guid":{"rendered":"https:\/\/www.meydan.tv\/article\/qarabagdan-ermenistana-koc-baslayib-video\/"},"modified":"2016-05-07T19:53:53","modified_gmt":"2016-05-07T19:53:53","slug":"qarabagdan-ermenistana-koc-baslayib-video","status":"publish","type":"post","link":"https:\/\/www.meydan.tv\/az\/article\/qarabagdan-ermenistana-koc-baslayib-video\/","title":{"rendered":"Qaraba\u011fdan Erm\u0259nistana k\u00f6\u00e7 ba\u015flay\u0131b (V\u0130DEO)"},"content":{"rendered":"<figure class=\"wp-block-embed is-type-video is-provider-youtube wp-block-embed-youtube wp-embed-aspect-16-9 wp-has-aspect-ratio\">\n<div class=\"wp-block-embed__wrapper\">\n    <iframe\ttitle=\"\" width=\"1200\" height=\"675\" data-src=\"https:\/\/www.youtube.com\/embed\/GJhvwPz9TII\"\tframeborder=\"0\"\tallow=\"accelerometer; autoplay; clipboard-write; encrypted-media; gyroscope; picture-in-picture\" allowfullscreen src=\"data:image\/svg+xml;base64,PHN2ZyB3aWR0aD0iMSIgaGVpZ2h0PSIxIiB4bWxucz0iaHR0cDovL3d3dy53My5vcmcvMjAwMC9zdmciPjwvc3ZnPg==\" class=\"lazyload\" data-load-mode=\"1\"><\/iframe>\n  <\/div><figcaption><\/figcaption><\/figure>\n<p>\n  <i><br \/>\n    <b><br \/>\n      Video aprel 2-5 d\u00f6y\u00fc\u015fl\u0259rind\u0259n bir ne\u00e7\u0259 g\u00fcn sonra \u00e7\u0259kilib (arxiv)<br \/>\n    <\/b><br \/>\n  <\/i>\n<\/p>\n<p>\n  Azatutyun x\u0259b\u0259r verir ki, \u201cDa\u011fl\u0131q Qaraba\u011fda aprelin 2-d\u0259 t\u0259mas x\u0259tti boyunca ged\u0259n q\u0131z\u011f\u0131n d\u00f6y\u00fc\u015fl\u0259r zaman\u0131 evl\u0259rind\u0259n qa\u00e7ma\u011fa m\u0259cbur olan m\u00fclkil\u0259r yenid\u0259n m\u0259skunla\u015fd\u0131r\u0131l\u0131r\u201d.\n<\/p>\n<p>\n  Bu adamlar\u0131n \u0259ks\u0259riyy\u0259tinin a\u011f\u0131r h\u0259rbil\u0259\u015fdirilmi\u015f c\u0259bh\u0259 x\u0259ttinin yax\u0131nl\u0131\u011f\u0131nda yerl\u0259\u015f\u0259n Tal\u0131\u015f v\u0259 Madagiz k\u0259ndl\u0259rind\u0259n oldu\u011fu x\u0259b\u0259r verilir.\n<\/p>\n<p>\n  Bildirilir ki, 1994-c\u00fc ild\u0259n b\u0259ri t\u0259r\u0259fl\u0259r aras\u0131nda ba\u015f vermis \u0259n a\u011f\u0131r d\u00f6y\u00fc\u015fl\u0259r zaman\u0131 bu k\u0259ndl\u0259r Az\u0259rbaycan ordusunun h\u00fccumuna m\u0259ruz qal\u0131b.\n<\/p>\n<p>\n  <b><br \/>\n    A\u011fd\u0259r\u0259d\u0259n d\u0259 k\u00f6\u00e7\u00fcbl\u0259r<br \/>\n  <\/b>\n<\/p>\n<p>\n  \u00a0Azatutyunun m\u0259lumat\u0131na g\u00f6r\u0259 erm\u0259nil\u0259rin n\u0259zar\u0259tind\u0259 olan bu iki k\u0259ndin sakinl\u0259ri bu g\u00fcn\u0259d\u0259k did\u0259rgindirl\u0259r v\u0259 evl\u0259rin\u0259 qay\u0131da bilmirl\u0259r.\n<\/p>\n<p>\n  Eyni s\u00f6zl\u0259ri c\u0259bh\u0259 x\u0259ttin\u0259 yax\u0131n olan A\u011fd\u0259r\u0259 \u015f\u0259h\u0259rinin erm\u0259ni sakinl\u0259ri haqq\u0131nda da dem\u0259k olar.\n<\/p>\n<p>\n  X\u0259b\u0259r verilir ki, Tal\u0131\u015f k\u0259ndi art\u0131q 1991-1994-c\u00fc ill\u0259rd\u0259 ba\u015f vermis d\u00f6y\u00fc\u015fl\u0259r zaman\u0131 a\u011f\u0131r da\u011f\u0131nt\u0131lara m\u0259ruz qalm\u0131\u015fd\u0131. Bu k\u0259ndin 550-d\u0259k sakini Erm\u0259nistana s\u0131\u011f\u0131n\u0131b.\n<\/p>\n<p>\n  \u018fks\u0259riyy\u0259ti u\u015faqlar, qad\u0131nlar v\u0259 ya\u015fl\u0131lar olan 130 sakin haz\u0131rda Erm\u0259nistan\u0131n \u00c7arentsavan \u015f\u0259h\u0259rind\u0259ki qohumlar\u0131n\u0131n evl\u0259rind\u0259 ya\u015fay\u0131rlar. Pul kasadl\u0131\u011f\u0131 ke\u00e7ir\u0259n yerli r\u0259hb\u0259rlik h\u0259r ail\u0259y\u0259 yaln\u0131z 20 min dram(42 dollar) v\u0259sait ay\u0131ra bilib.\n<\/p>\n<p>\n  Azatutyun yaz\u0131r ki, 26 ya\u015fl\u0131 Ruzanna Sargisyan yenic\u0259 do\u011fulmu\u015f k\u00f6rp\u0259si il\u0259 Tal\u0131\u015f\u0131 t\u0259rk edib, lakin onun \u201cQaraba\u011f ordusunda\u201d xidm\u0259t ed\u0259n \u0259ri v\u0259 qarda\u015f\u0131 Qaraba\u011fda qal\u0131blar.\n<\/p>\n<p>\n  \u201cM\u0259n \u00fcmid edir\u0259m ki, onlar sa\u011f qals\u0131nlar, &#8211; deyib g\u00f6z\u00fcya\u015fl\u0131 qad\u0131n, &#8211; M\u0259n yenid\u0259n Qaraba\u011fda ya\u015famaq ist\u0259yir\u0259m. K\u0259ndd\u0259 olmasa da, he\u00e7 olmasa Stepanakertd\u0259\u201d.\n<\/p>\n<p>\n  <b><br \/>\n    Qay\u0131tma\u011fa t\u0259l\u0259smirl\u0259r<br \/>\n  <\/b>\n<\/p>\n<p>\n  Azatutyunun m\u0259qal\u0259sind\u0259 deyilir ki, m\u00fcnaqi\u015f\u0259nin yenid\u0259n q\u0131z\u0131\u015faca\u011f\u0131ndan ehtiyat ed\u0259n \u201cQaraba\u011f h\u00f6kum\u0259ti Ruzanna kimi insanlar\u0131 t\u0259hl\u00fck\u0259siz yerl\u0259r\u0259 k\u00f6\u00e7\u00fcr\u00fcr\u201d. \u201cQaraba\u011f r\u0259smil\u0259ri\u201d tez-tez Erm\u0259nistana ba\u015f \u00e7\u0259kir v\u0259 Qaraba\u011f qa\u00e7q\u0131nlar\u0131 il\u0259 g\u00f6r\u00fc\u015f\u00fcrl\u0259r.\n<\/p>\n<p>\n  \u201cBiz \u015eu\u015fada m\u00fcv\u0259qq\u0259ti s\u0131\u011f\u0131nacaq a\u00e7m\u0131\u015f\u0131q v\u0259 v\u0259t\u0259nda\u015flara orada yerl\u0259\u015fm\u0259yi t\u0259klif etmi\u015fik\u201d \u2013\u00a0&#8220;Da\u011fl\u0131q Qaraba\u011f Respublikas\u0131n\u0131n ba\u015f nazirinin m\u00fcavini&#8221; Artur A\u011fabekyan Azadl\u0131q Radiosunun erm\u0259ni xidm\u0259tin\u0259 bel\u0259 deyib\n<\/p>\n<p>\n  Lakin bel\u0259 g\u00f6r\u00fcn\u00fcr ki, adamlar bu t\u0259klifd\u0259n istifad\u0259 etmirl\u0259r, \u00e7\u00fcnki Azatutyunun yazd\u0131\u011f\u0131na g\u00f6r\u0259 onlar haz\u0131rda Erm\u0259nistan\u0131n \u00c7arentsavan \u015f\u0259h\u0259rind\u0259 ya\u015fay\u0131rlar v\u0259 \u201cqay\u0131tma\u011fa t\u0259l\u0259smirl\u0259r\u201d.\n<\/p>\n<p>\n  \u201cBiz Tal\u0131\u015f tam t\u0259hl\u00fck\u0259siz olduqdan sonra, ora ya\u015famaq \u00fc\u00e7\u00fcn qay\u0131daca\u011f\u0131q, &#8211; deyib Qayane Abramyan, &#8211; Bizim ba\u015fqa k\u0259ndd\u0259 ya\u015famaq fikrimiz yoxdur\u201d.\n<\/p>\n<p>\n  Tal\u0131\u015fdan olan ba\u015fqa bir sakin, Armen Hayrapetyan \u2013 \u201cStepanakertd\u0259n g\u0259l\u0259n r\u0259smil\u0259r\u0259\u201d deyib ki, bir g\u00fcn Tal\u0131\u015fa qay\u0131d\u0131b u\u00e7mu\u015f evini tik\u0259c\u0259k.\n<\/p>\n<p>\n  Lakin 33 ya\u015fl\u0131 Hayrapetyan bunu da \u0259lav\u0259 edib ki, k\u00f6rp\u0259 u\u015faqlar\u0131n\u0131n t\u0259hl\u00fck\u0259sizliyin\u0259 g\u00f6r\u0259 ora qay\u0131da bilmir.\n<\/p>\n<p>\n  A\u011fabekian da etiraf edib ki, haz\u0131rda Tal\u0131\u015f v\u0259 ya Madagizd\u0259n \u00e7\u0131xanlar\u0131n oralara qay\u0131tmas\u0131 t\u0259hl\u00fck\u0259lidir.\n<\/p>\n<p>\n  \u201cBiz onlar\u0131n h\u0259yat\u0131n\u0131 xilas etm\u0259liyik\u201d \u2013 deyib A\u011fabekyan.\n<\/p>\n<p>\n  O deyib ki, \u201ch\u0259mv\u0259t\u0259nl\u0259rinin qay\u0131tmas\u0131 \u00fc\u00e7\u00fcn\u201d \u0259ll\u0259rind\u0259n g\u0259l\u0259ni ed\u0259c\u0259kl\u0259r.\n<\/p>\n<p>\n  M\u0259nb\u0259: Azadl\u0131q radiosu<\/p>\n","protected":false},"excerpt":{"rendered":"<p>Bu adamlar\u0131n \u0259ks\u0259riyy\u0259tinin a\u011f\u0131r h\u0259rbil\u0259\u015fdirilmi\u015f c\u0259bh\u0259 x\u0259ttinin yax\u0131nl\u0131\u011f\u0131nda yerl\u0259\u015f\u0259n Tal\u0131\u015f v\u0259 Madagiz k\u0259ndl\u0259rind\u0259n oldu\u011fu x\u0259b\u0259r verilir.<\/p>\n","protected":false},"author":11,"featured_media":56995,"comment_status":"closed","ping_status":"open","sticky":false,"template":"","format":"standard","meta":{"_acf_changed":false,"_sitemap_exclude":false,"_sitemap_priority":"","_sitemap_frequency":"","footnotes":""},"categories":[51],"tags":[],"class_list":["post-175783","post","type-post","status-publish","format-standard","has-post-thumbnail","hentry","category-analitika","infinite-scroll-item","generate-columns","tablet-grid-50","mobile-grid-100","grid-parent","grid-33","no-featured-image-padding"],"acf":[],"yoast_head":"<!-- This site is optimized with the Yoast SEO plugin v27.5 - https:\/\/yoast.com\/product\/yoast-seo-wordpress\/ -->\n<title>Qaraba\u011fdan Erm\u0259nistana k\u00f6\u00e7 ba\u015flay\u0131b (V\u0130DEO) - MEYDAN.TV<\/title>\n<meta name=\"robots\" content=\"index, follow, max-snippet:-1, max-image-preview:large, max-video-preview:-1\" \/>\n<link rel=\"canonical\" href=\"https:\/\/www.meydan.tv\/az\/article\/qarabagdan-ermenistana-koc-baslayib-video\/\" \/>\n<meta property=\"og:locale\" content=\"az_AZ\" \/>\n<meta property=\"og:type\" content=\"article\" \/>\n<meta property=\"og:title\" content=\"Qaraba\u011fdan Erm\u0259nistana k\u00f6\u00e7 ba\u015flay\u0131b (V\u0130DEO) - MEYDAN.TV\" \/>\n<meta property=\"og:description\" content=\"Bu adamlar\u0131n \u0259ks\u0259riyy\u0259tinin a\u011f\u0131r h\u0259rbil\u0259\u015fdirilmi\u015f c\u0259bh\u0259 x\u0259ttinin yax\u0131nl\u0131\u011f\u0131nda yerl\u0259\u015f\u0259n Tal\u0131\u015f v\u0259 Madagiz k\u0259ndl\u0259rind\u0259n oldu\u011fu x\u0259b\u0259r verilir.\" \/>\n<meta property=\"og:url\" content=\"https:\/\/www.meydan.tv\/az\/article\/qarabagdan-ermenistana-koc-baslayib-video\/\" \/>\n<meta property=\"og:site_name\" content=\"MEYDAN.TV\" \/>\n<meta property=\"article:published_time\" content=\"2016-05-07T19:53:53+00:00\" \/>\n<meta property=\"og:image\" content=\"https:\/\/www.meydan.tv\/wp-content\/uploads\/21564.jpg\" \/>\n\t<meta property=\"og:image:width\" content=\"640\" \/>\n\t<meta property=\"og:image:height\" content=\"360\" \/>\n\t<meta property=\"og:image:type\" content=\"image\/jpeg\" \/>\n<meta name=\"author\" content=\"user-manager\" \/>\n<meta name=\"twitter:card\" content=\"summary_large_image\" \/>\n<script type=\"application\/ld+json\" class=\"yoast-schema-graph\">{\"@context\":\"https:\\\/\\\/schema.org\",\"@graph\":[{\"@type\":\"Article\",\"@id\":\"https:\\\/\\\/www.meydan.tv\\\/az\\\/article\\\/qarabagdan-ermenistana-koc-baslayib-video\\\/#article\",\"isPartOf\":{\"@id\":\"https:\\\/\\\/www.meydan.tv\\\/az\\\/article\\\/qarabagdan-ermenistana-koc-baslayib-video\\\/\"},\"author\":{\"name\":\"user-manager\",\"@id\":\"https:\\\/\\\/www.meydan.tv\\\/az\\\/#\\\/schema\\\/person\\\/10d11eccf6da3662cf5fdab9806ea91a\"},\"headline\":\"Qaraba\u011fdan Erm\u0259nistana k\u00f6\u00e7 ba\u015flay\u0131b (V\u0130DEO)\",\"datePublished\":\"2016-05-07T19:53:53+00:00\",\"mainEntityOfPage\":{\"@id\":\"https:\\\/\\\/www.meydan.tv\\\/az\\\/article\\\/qarabagdan-ermenistana-koc-baslayib-video\\\/\"},\"wordCount\":673,\"publisher\":{\"@id\":\"https:\\\/\\\/www.meydan.tv\\\/az\\\/#organization\"},\"image\":{\"@id\":\"https:\\\/\\\/www.meydan.tv\\\/az\\\/article\\\/qarabagdan-ermenistana-koc-baslayib-video\\\/#primaryimage\"},\"thumbnailUrl\":\"https:\\\/\\\/www.meydan.tv\\\/wp-content\\\/uploads\\\/21564.jpg\",\"articleSection\":[\"Analitika\"],\"inLanguage\":\"az\"},{\"@type\":\"WebPage\",\"@id\":\"https:\\\/\\\/www.meydan.tv\\\/az\\\/article\\\/qarabagdan-ermenistana-koc-baslayib-video\\\/\",\"url\":\"https:\\\/\\\/www.meydan.tv\\\/az\\\/article\\\/qarabagdan-ermenistana-koc-baslayib-video\\\/\",\"name\":\"Qaraba\u011fdan Erm\u0259nistana k\u00f6\u00e7 ba\u015flay\u0131b (V\u0130DEO) - MEYDAN.TV\",\"isPartOf\":{\"@id\":\"https:\\\/\\\/www.meydan.tv\\\/az\\\/#website\"},\"primaryImageOfPage\":{\"@id\":\"https:\\\/\\\/www.meydan.tv\\\/az\\\/article\\\/qarabagdan-ermenistana-koc-baslayib-video\\\/#primaryimage\"},\"image\":{\"@id\":\"https:\\\/\\\/www.meydan.tv\\\/az\\\/article\\\/qarabagdan-ermenistana-koc-baslayib-video\\\/#primaryimage\"},\"thumbnailUrl\":\"https:\\\/\\\/www.meydan.tv\\\/wp-content\\\/uploads\\\/21564.jpg\",\"datePublished\":\"2016-05-07T19:53:53+00:00\",\"breadcrumb\":{\"@id\":\"https:\\\/\\\/www.meydan.tv\\\/az\\\/article\\\/qarabagdan-ermenistana-koc-baslayib-video\\\/#breadcrumb\"},\"inLanguage\":\"az\",\"potentialAction\":[{\"@type\":\"ReadAction\",\"target\":[\"https:\\\/\\\/www.meydan.tv\\\/az\\\/article\\\/qarabagdan-ermenistana-koc-baslayib-video\\\/\"]}]},{\"@type\":\"ImageObject\",\"inLanguage\":\"az\",\"@id\":\"https:\\\/\\\/www.meydan.tv\\\/az\\\/article\\\/qarabagdan-ermenistana-koc-baslayib-video\\\/#primaryimage\",\"url\":\"https:\\\/\\\/www.meydan.tv\\\/wp-content\\\/uploads\\\/21564.jpg\",\"contentUrl\":\"https:\\\/\\\/www.meydan.tv\\\/wp-content\\\/uploads\\\/21564.jpg\",\"width\":640,\"height\":360,\"caption\":\"Source:\"},{\"@type\":\"BreadcrumbList\",\"@id\":\"https:\\\/\\\/www.meydan.tv\\\/az\\\/article\\\/qarabagdan-ermenistana-koc-baslayib-video\\\/#breadcrumb\",\"itemListElement\":[{\"@type\":\"ListItem\",\"position\":1,\"name\":\"Ana s\u0259hif\u0259\",\"item\":\"https:\\\/\\\/www.meydan.tv\\\/az\\\/\"},{\"@type\":\"ListItem\",\"position\":2,\"name\":\"Analitika\",\"item\":\"https:\\\/\\\/www.meydan.tv\\\/az\\\/section\\\/analitika\\\/\"},{\"@type\":\"ListItem\",\"position\":3,\"name\":\"Qaraba\u011fdan Erm\u0259nistana k\u00f6\u00e7 ba\u015flay\u0131b (V\u0130DEO)\"}]},{\"@type\":\"WebSite\",\"@id\":\"https:\\\/\\\/www.meydan.tv\\\/az\\\/#website\",\"url\":\"https:\\\/\\\/www.meydan.tv\\\/az\\\/\",\"name\":\"MEYDAN.TV\",\"description\":\"Meydan TV Az\u0259rbaycan\u0131n media m\u0259kan\u0131ndak\u0131 alternativ s\u0259sidir\",\"publisher\":{\"@id\":\"https:\\\/\\\/www.meydan.tv\\\/az\\\/#organization\"},\"potentialAction\":[{\"@type\":\"SearchAction\",\"target\":{\"@type\":\"EntryPoint\",\"urlTemplate\":\"https:\\\/\\\/www.meydan.tv\\\/az\\\/?s={search_term_string}\"},\"query-input\":{\"@type\":\"PropertyValueSpecification\",\"valueRequired\":true,\"valueName\":\"search_term_string\"}}],\"inLanguage\":\"az\"},{\"@type\":\"Organization\",\"@id\":\"https:\\\/\\\/www.meydan.tv\\\/az\\\/#organization\",\"name\":\"Meydan TV\",\"url\":\"https:\\\/\\\/www.meydan.tv\\\/az\\\/\",\"logo\":{\"@type\":\"ImageObject\",\"inLanguage\":\"az\",\"@id\":\"https:\\\/\\\/www.meydan.tv\\\/az\\\/#\\\/schema\\\/logo\\\/image\\\/\",\"url\":\"https:\\\/\\\/www.meydan.tv\\\/wp-content\\\/uploads\\\/2021\\\/07\\\/meydan-logo.svg\",\"contentUrl\":\"https:\\\/\\\/www.meydan.tv\\\/wp-content\\\/uploads\\\/2021\\\/07\\\/meydan-logo.svg\",\"width\":195,\"height\":46,\"caption\":\"Meydan TV\"},\"image\":{\"@id\":\"https:\\\/\\\/www.meydan.tv\\\/az\\\/#\\\/schema\\\/logo\\\/image\\\/\"}},{\"@type\":\"Person\",\"@id\":\"https:\\\/\\\/www.meydan.tv\\\/az\\\/#\\\/schema\\\/person\\\/10d11eccf6da3662cf5fdab9806ea91a\",\"name\":\"user-manager\"}]}<\/script>\n<!-- \/ Yoast SEO plugin. -->","yoast_head_json":{"title":"Qaraba\u011fdan Erm\u0259nistana k\u00f6\u00e7 ba\u015flay\u0131b (V\u0130DEO) - MEYDAN.TV","robots":{"index":"index","follow":"follow","max-snippet":"max-snippet:-1","max-image-preview":"max-image-preview:large","max-video-preview":"max-video-preview:-1"},"canonical":"https:\/\/www.meydan.tv\/az\/article\/qarabagdan-ermenistana-koc-baslayib-video\/","og_locale":"az_AZ","og_type":"article","og_title":"Qaraba\u011fdan Erm\u0259nistana k\u00f6\u00e7 ba\u015flay\u0131b (V\u0130DEO) - MEYDAN.TV","og_description":"Bu adamlar\u0131n \u0259ks\u0259riyy\u0259tinin a\u011f\u0131r h\u0259rbil\u0259\u015fdirilmi\u015f c\u0259bh\u0259 x\u0259ttinin yax\u0131nl\u0131\u011f\u0131nda yerl\u0259\u015f\u0259n Tal\u0131\u015f v\u0259 Madagiz k\u0259ndl\u0259rind\u0259n oldu\u011fu x\u0259b\u0259r verilir.","og_url":"https:\/\/www.meydan.tv\/az\/article\/qarabagdan-ermenistana-koc-baslayib-video\/","og_site_name":"MEYDAN.TV","article_published_time":"2016-05-07T19:53:53+00:00","og_image":[{"width":640,"height":360,"url":"https:\/\/www.meydan.tv\/wp-content\/uploads\/21564.jpg","type":"image\/jpeg"}],"author":"user-manager","twitter_card":"summary_large_image","schema":{"@context":"https:\/\/schema.org","@graph":[{"@type":"Article","@id":"https:\/\/www.meydan.tv\/az\/article\/qarabagdan-ermenistana-koc-baslayib-video\/#article","isPartOf":{"@id":"https:\/\/www.meydan.tv\/az\/article\/qarabagdan-ermenistana-koc-baslayib-video\/"},"author":{"name":"user-manager","@id":"https:\/\/www.meydan.tv\/az\/#\/schema\/person\/10d11eccf6da3662cf5fdab9806ea91a"},"headline":"Qaraba\u011fdan Erm\u0259nistana k\u00f6\u00e7 ba\u015flay\u0131b (V\u0130DEO)","datePublished":"2016-05-07T19:53:53+00:00","mainEntityOfPage":{"@id":"https:\/\/www.meydan.tv\/az\/article\/qarabagdan-ermenistana-koc-baslayib-video\/"},"wordCount":673,"publisher":{"@id":"https:\/\/www.meydan.tv\/az\/#organization"},"image":{"@id":"https:\/\/www.meydan.tv\/az\/article\/qarabagdan-ermenistana-koc-baslayib-video\/#primaryimage"},"thumbnailUrl":"https:\/\/www.meydan.tv\/wp-content\/uploads\/21564.jpg","articleSection":["Analitika"],"inLanguage":"az"},{"@type":"WebPage","@id":"https:\/\/www.meydan.tv\/az\/article\/qarabagdan-ermenistana-koc-baslayib-video\/","url":"https:\/\/www.meydan.tv\/az\/article\/qarabagdan-ermenistana-koc-baslayib-video\/","name":"Qaraba\u011fdan Erm\u0259nistana k\u00f6\u00e7 ba\u015flay\u0131b (V\u0130DEO) - MEYDAN.TV","isPartOf":{"@id":"https:\/\/www.meydan.tv\/az\/#website"},"primaryImageOfPage":{"@id":"https:\/\/www.meydan.tv\/az\/article\/qarabagdan-ermenistana-koc-baslayib-video\/#primaryimage"},"image":{"@id":"https:\/\/www.meydan.tv\/az\/article\/qarabagdan-ermenistana-koc-baslayib-video\/#primaryimage"},"thumbnailUrl":"https:\/\/www.meydan.tv\/wp-content\/uploads\/21564.jpg","datePublished":"2016-05-07T19:53:53+00:00","breadcrumb":{"@id":"https:\/\/www.meydan.tv\/az\/article\/qarabagdan-ermenistana-koc-baslayib-video\/#breadcrumb"},"inLanguage":"az","potentialAction":[{"@type":"ReadAction","target":["https:\/\/www.meydan.tv\/az\/article\/qarabagdan-ermenistana-koc-baslayib-video\/"]}]},{"@type":"ImageObject","inLanguage":"az","@id":"https:\/\/www.meydan.tv\/az\/article\/qarabagdan-ermenistana-koc-baslayib-video\/#primaryimage","url":"https:\/\/www.meydan.tv\/wp-content\/uploads\/21564.jpg","contentUrl":"https:\/\/www.meydan.tv\/wp-content\/uploads\/21564.jpg","width":640,"height":360,"caption":"Source:"},{"@type":"BreadcrumbList","@id":"https:\/\/www.meydan.tv\/az\/article\/qarabagdan-ermenistana-koc-baslayib-video\/#breadcrumb","itemListElement":[{"@type":"ListItem","position":1,"name":"Ana s\u0259hif\u0259","item":"https:\/\/www.meydan.tv\/az\/"},{"@type":"ListItem","position":2,"name":"Analitika","item":"https:\/\/www.meydan.tv\/az\/section\/analitika\/"},{"@type":"ListItem","position":3,"name":"Qaraba\u011fdan Erm\u0259nistana k\u00f6\u00e7 ba\u015flay\u0131b (V\u0130DEO)"}]},{"@type":"WebSite","@id":"https:\/\/www.meydan.tv\/az\/#website","url":"https:\/\/www.meydan.tv\/az\/","name":"MEYDAN.TV","description":"Meydan TV Az\u0259rbaycan\u0131n media m\u0259kan\u0131ndak\u0131 alternativ s\u0259sidir","publisher":{"@id":"https:\/\/www.meydan.tv\/az\/#organization"},"potentialAction":[{"@type":"SearchAction","target":{"@type":"EntryPoint","urlTemplate":"https:\/\/www.meydan.tv\/az\/?s={search_term_string}"},"query-input":{"@type":"PropertyValueSpecification","valueRequired":true,"valueName":"search_term_string"}}],"inLanguage":"az"},{"@type":"Organization","@id":"https:\/\/www.meydan.tv\/az\/#organization","name":"Meydan TV","url":"https:\/\/www.meydan.tv\/az\/","logo":{"@type":"ImageObject","inLanguage":"az","@id":"https:\/\/www.meydan.tv\/az\/#\/schema\/logo\/image\/","url":"https:\/\/www.meydan.tv\/wp-content\/uploads\/2021\/07\/meydan-logo.svg","contentUrl":"https:\/\/www.meydan.tv\/wp-content\/uploads\/2021\/07\/meydan-logo.svg","width":195,"height":46,"caption":"Meydan TV"},"image":{"@id":"https:\/\/www.meydan.tv\/az\/#\/schema\/logo\/image\/"}},{"@type":"Person","@id":"https:\/\/www.meydan.tv\/az\/#\/schema\/person\/10d11eccf6da3662cf5fdab9806ea91a","name":"user-manager"}]}},"_links":{"self":[{"href":"https:\/\/www.meydan.tv\/az\/wp-json\/wp\/v2\/posts\/175783","targetHints":{"allow":["GET"]}}],"collection":[{"href":"https:\/\/www.meydan.tv\/az\/wp-json\/wp\/v2\/posts"}],"about":[{"href":"https:\/\/www.meydan.tv\/az\/wp-json\/wp\/v2\/types\/post"}],"author":[{"embeddable":true,"href":"https:\/\/www.meydan.tv\/az\/wp-json\/wp\/v2\/users\/11"}],"replies":[{"embeddable":true,"href":"https:\/\/www.meydan.tv\/az\/wp-json\/wp\/v2\/comments?post=175783"}],"version-history":[{"count":0,"href":"https:\/\/www.meydan.tv\/az\/wp-json\/wp\/v2\/posts\/175783\/revisions"}],"wp:featuredmedia":[{"embeddable":true,"href":"https:\/\/www.meydan.tv\/az\/wp-json\/wp\/v2\/media\/56995"}],"wp:attachment":[{"href":"https:\/\/www.meydan.tv\/az\/wp-json\/wp\/v2\/media?parent=175783"}],"wp:term":[{"taxonomy":"category","embeddable":true,"href":"https:\/\/www.meydan.tv\/az\/wp-json\/wp\/v2\/categories?post=175783"},{"taxonomy":"post_tag","embeddable":true,"href":"https:\/\/www.meydan.tv\/az\/wp-json\/wp\/v2\/tags?post=175783"}],"curies":[{"name":"wp","href":"https:\/\/api.w.org\/{rel}","templated":true}]}}