{"id":175763,"date":"2016-05-06T20:59:17","date_gmt":"2016-05-06T20:59:17","guid":{"rendered":"https:\/\/www.meydan.tv\/article\/vergi-vermeliyikmi\/"},"modified":"2016-05-06T20:59:17","modified_gmt":"2016-05-06T20:59:17","slug":"vergi-vermeliyikmi","status":"publish","type":"post","link":"https:\/\/www.meydan.tv\/az\/article\/vergi-vermeliyikmi\/","title":{"rendered":"Vergi verm\u0259liyikmi?"},"content":{"rendered":"<figure class=\"wp-block-image size-large\">\n  <img decoding=\"async\" src=\"https:\/\/www.meydan.tv\/az\/56902\/\" alt=\"\" class=\"wp-image-56902\"\/><figcaption><\/figcaption><\/figure>\n<figure class=\"wp-block-image size-large\">\n  <img decoding=\"async\" src=\"https:\/\/www.meydan.tv\/az\/56899\/\" alt=\"\" class=\"wp-image-56899\"\/><figcaption><\/figcaption><\/figure>\n<p>\n  Art\u0131q bir ne\u00e7\u0259 il idi ki, Az\u0259rbaycan d\u00f6vl\u0259ti v\u0259t\u0259nda\u015f c\u0259miyy\u0259tin\u0259 qar\u015f\u0131 m\u00fcxt\u0259lif adlar alt\u0131nda repressiya apar\u0131r. V\u0259t\u0259nda\u015f c\u0259miyy\u0259ti Cinay\u0259t M\u0259c\u0259lll\u0259sinin m\u00fcxt\u0259lif madd\u0259l\u0259ri ad\u0131 alt\u0131nda istintaqa c\u0259lb edilir,<br \/>\n  <a href=\"http:\/\/www.bbc.com\/azeri\/azerbaijan\/2014\/08\/140808_intiqam_aliyev_arrest\" target=\"_blank\" rel=\"noopener\"><br \/>\n    onun r\u0259hb\u0259rl\u0259ri v\u0259 i\u015f\u00e7il\u0259ri h\u0259bs edilir<br \/>\n  <\/a><br \/>\n  .\n<\/p>\n<p>\n  Qald\u0131r\u0131lan cinay\u0259t i\u015fl\u0259ri yaln\u0131z v\u0259t\u0259nda\u015f c\u0259miyy\u0259ti v\u0259 onun t\u0259msil\u00e7il\u0259rini \u0259hat\u0259 etmir. Bel\u0259 ki,<br \/>\n  <a href=\"http:\/\/www.bbc.com\/azeri\/azerbaijan\/2015\/09\/150901_khadija_verdict\" target=\"_blank\" rel=\"noopener\"><br \/>\n    Az\u0259rbaycan d\u00f6vl\u0259tind\u0259n azad \u015f\u0259kild\u0259 f\u0259aliyy\u0259t g\u00f6st\u0259r\u0259n media qurumlar\u0131n\u0131 v\u0259 onlar\u0131n n\u00fcmay\u0259ndl\u0259rini d\u0259 \u0259hat\u0259 edir.<br \/>\n  <\/a>\n<\/p>\n<p>\n  Son g\u00fcnl\u0259rd\u0259 is\u0259<br \/>\n  <a href=\"http:\/\/www.amerikaninsesi.org\/a\/media\/3295198.html\" target=\"_blank\" rel=\"noopener\"><br \/>\n    MeydanTV-y\u0259 qar\u015f\u0131 qald\u0131r\u0131lan cinay\u0259t i\u015fi bu q\u0259bild\u0259n idi<br \/>\n  <\/a><br \/>\n  .\n<\/p>\n<p>\n  Az\u0259rbaycan d\u00f6vl\u0259tini t\u0259msil ed\u0259n prokurorluq orqanlar\u0131n\u0131n v\u0259t\u0259nda\u015f c\u0259miyy\u0259ti v\u0259 azad m\u0259tbuata qar\u015f\u0131 qald\u0131rd\u0131\u011f\u0131 bu cinay\u0259t i\u015fl\u0259rind\u0259 \u0259sas x\u0259ttl\u0259rd\u0259n biri vergi cinay\u0259tl\u0259ri il\u0259 ba\u011fl\u0131 idi. Cinay\u0259t i\u015fl\u0259rinin tamamil\u0259 siyasi sifari\u015f oldu\u011fu, m\u0259qs\u0259dinin v\u0259t\u0259nda\u015f c\u0259miyy\u0259ti v\u0259 d\u00f6vl\u0259td\u0259n as\u0131l\u0131 olmayan media qurumlar\u0131n\u0131 s\u0131radan \u00e7\u0131xartmaq m\u0259qs\u0259di da\u015f\u0131d\u0131\u011f\u0131 he\u00e7 kim\u0259 sirr deyil. Amma yaz\u0131da m\u0259qs\u0259dim bu \u201ci\u015fl\u0259rin\u201d h\u00fcquqi \u0259saslar\u0131n\u0131 ara\u015fd\u0131rmaq deyil. M\u0259ni d\u00fc\u015f\u00fcnd\u00fcr\u0259n \u201cd\u00f6vl\u0259t-v\u0259t\u0259nda\u015f-vergi\u201d problemidir.\n<\/p>\n<p>\n  D\u00f6vl\u0259t n\u0259dir? V\u0259 ya, daha do\u011fru v\u0259 praktik sual: d\u00f6vl\u0259tin \u00f6hd\u0259\u00e7iliyi n\u0259l\u0259r olmal\u0131d\u0131r?\n<\/p>\n<p>\n  Karl Popper \u201cA\u00e7\u0131q C\u0259miyy\u0259t v\u0259 Onun D\u00fc\u015fm\u0259nl\u0259ri\u201d \u0259s\u0259rind\u0259 yaz\u0131r ki, d\u00f6vl\u0259t n\u0259dir sual\u0131 kimi he\u00e7 bir praktik \u0259h\u0259miyy\u0259ti olmayan sual\u0131 verm\u0259kd\u0259ns\u0259, d\u00f6vl\u0259tin g\u00f6rm\u0259li oldu\u011fu i\u015fl\u0259rd\u0259n, \u00f6hd\u0259\u00e7ilikl\u0259rind\u0259n dan\u0131\u015fmaq daha do\u011frudur. Biz d\u0259, 20-ci \u0259srin \u0259n b\u00f6y\u00fck fikir adamlar\u0131ndan olan K.Popperin d\u00fc\u015f\u00fcnc\u0259sind\u0259n yola \u00e7\u0131xaraq, d\u00f6vl\u0259tin c\u0259miyy\u0259t, v\u0259t\u0259nda\u015f\u0131 qar\u015f\u0131s\u0131nda \u00f6hd\u0259\u00e7iliyi n\u0259l\u0259r olmal\u0131d\u0131r sual\u0131n\u0131 \u00f6z\u00fcm\u00fcz\u0259 ver\u0259k.\n<\/p>\n<p>\n  Bu suala minimal amma \u0259h\u0259miyy\u0259ti \u00e7ox b\u00f6y\u00fck olan cavab\u0131 verm\u0259k \u00fc\u00e7\u00fcn x\u00fcsusi bilik v\u0259 m\u0259lumata sahib olma\u011fa ehtiyac yoxdur. H\u0259r bir insan \u0259traf\u0131na v\u0259 ya\u015fay\u0131\u015f\u0131na, el\u0259c\u0259 d\u0259 polisin\u0259, m\u0259hk\u0259m\u0259sin\u0259, ordusuna, s\u0259hiyy\u0259sin\u0259, t\u0259hsilin\u0259 v\u0259 s. baxaraq v\u0259 daxilind\u0259 da\u015f\u0131d\u0131\u011f\u0131 \u0259dal\u0259t duy\u011fusu il\u0259 \u00f6lk\u0259d\u0259 ba\u015f ver\u0259nl\u0259ri \u00e7\u0259k-\u00e7evir ed\u0259r\u0259k, bu suala cavab ver\u0259 bil\u0259r. \u018fmin\u0259m ki, b\u00f6y\u00fck \u0259ks\u0259riyy\u0259tin ver\u0259c\u0259yi cavablar bir-biri il\u0259 \u00fcst-\u00fcst\u0259 d\u00fc\u015f\u0259c\u0259k.\n<\/p>\n<p>\n  Dem\u0259k ist\u0259dikl\u0259rimd\u0259n uzaqla\u015fsam da, fikrim bu istiqam\u0259td\u0259 dart\u0131n\u0131b uzanmaq ist\u0259yir, ona g\u00f6r\u0259 d\u0259 fikrimin bu uzant\u0131 arzusuna azadl\u0131q verm\u0259k \u00fc\u00e7\u00fcn bir iki qeyd edim: \u00e7ox ciddi tarixi, sosial, siyasi, iqtisadi, m\u0259d\u0259ni s\u0259b\u0259bl\u0259rd\u0259n (b\u00fct\u00fcn s\u0259b\u0259bl\u0259r bir yerd\u0259 topla\u015faraq) az\u0259rbaycanl\u0131da d\u00f6vl\u0259t haqq\u0131nda m\u00fcc\u0259rr\u0259d fikirl\u0259r, \u00f6nyar\u011f\u0131lar formala\u015fd\u0131r\u0131b.\n<\/p>\n<p>\n  D\u00f6vl\u0259t dey\u0259nd\u0259, az\u0259rbaycanl\u0131 insan\u0131n\u0131 el\u0259 m\u0259\u015fhum qorxu-h\u00fcrk\u00fc b\u00fcr\u00fcy\u00fcr, a\u011fl\u0131na o q\u0259d\u0259r zadlar g\u0259lir ki, az\u0259rbaycanl\u0131 bu a\u011f\u0131r simvolikalar\u0131n (bayraq, prezident aparat\u0131, prezidentin v\u0259 nazirl\u0259rin yol ke\u00e7idl\u0259ri v\u0259 s.) v\u0259 qorxudan do\u011fan fikirl\u0259rin qar\u015fs\u0131nda \u0259zilir, d\u00f6vl\u0259t v\u0259 onun haqq\u0131nda sad\u0259 \u015f\u0259kild\u0259 d\u00fc\u015f\u00fcn\u0259 v\u0259 q\u0259rar ver\u0259 bilmir. \u018fll\u0259ri na\u00e7ar yanlar\u0131na sallan\u0131r, d\u00fc\u015f\u00fcnc\u0259d\u0259n soyuyur, yuma\u011fa d\u00f6n\u00fcr. Amma ki, \u0259slind\u0259, bel\u0259 olmamal\u0131 idi.\n<\/p>\n<p>\n  \u0130ndi is\u0259 icaz\u0259nizl\u0259, m\u0259n \u0259n minimal s\u0259viyy\u0259d\u0259 &#8211; d\u00fcnyada, d\u00f6vl\u0259tin rolu il\u0259 ba\u011fl\u0131 \u00fcmumi q\u0259bul edilmi\u015f \u00e7\u0259r\u00e7iv\u0259d\u0259 \u2013 d\u00f6vl\u0259tin \u0259sas \u00f6hd\u0259\u00e7ilikl\u0259rini sadalay\u0131m (xat\u0131rlad\u0131m ki, \u00f6hd\u0259\u00e7ilikl\u0259ri vacibliyi \u0259sas\u0131nda birinci v\u0259 ya sonuncu kimi sinifl\u0259ndirmir\u0259m, m\u0259ram\u0131m ba\u015fqad\u0131r):\n<\/p>\n<p>\n  1) Birinci \u00f6hd\u0259\u00e7ilik: d\u00f6vl\u0259t onun s\u0259rh\u0259dl\u0259ri kimi q\u0259bul edilmi\u015f \u0259razid\u0259 ya\u015fayan insanlar\u0131n \u0259n t\u0259bii ehtiyac\u0131 olan ya\u015famaq h\u00fcququnu t\u0259min etm\u0259lidir. A\u00e7mas\u0131: Birincisi, y\u0259ni ki, d\u00f6vl\u0259t orduya (profesional v\u0259 ya k\u00f6n\u00fcll\u00fc) sahib olmal\u0131d\u0131r ki, onun \u0259razisind\u0259 ya\u015fayan insanlar\u0131n ya\u015famaq h\u00fcququna ziyan vura bil\u0259c\u0259k xarici q\u00fcvv\u0259l\u0259rin h\u00fccumunu d\u0259f etsin (Az\u0259rbaycan\u0131n indiki yerl\u0259\u015fdiyi co\u011frafiyada d\u00fc\u015fm\u0259nl\u0259ri \u00e7ox oldu\u011fu \u00fc\u00e7\u00fcn bunu yazd\u0131m. Avropan\u0131n g\u00f6b\u0259yind\u0259 olsayd\u0131q v\u0259 ya Kanadada ya\u015fasayd\u0131q, bu orduya ehtiyac olmayacaqd\u0131).\n<\/p>\n<p>\n  \u0130kincisi, d\u00f6vl\u0259t daxild\u0259 ola bil\u0259c\u0259k m\u00fcmk\u00fcn terroru, cinay\u0259t t\u00f6r\u0259d\u0259r\u0259k bir ba\u015fqa v\u0259t\u0259nda\u015f\u0131n ya\u015famaq h\u00fcququnu pozmu\u015f \u015f\u0259xsl\u0259ri z\u0259r\u0259rsil\u0259\u015fdirm\u0259k \u00fc\u00e7\u00fcn daxild\u0259 t\u0259hl\u00fck\u0259sizlik q\u00fcvv\u0259l\u0259rin\u0259 &#8211; y\u0259ni, indi d\u00fcnyada tan\u0131nm\u0131\u015f ad\u0131 il\u04d9 &#8211; polis\u0259 sahib olmal\u0131d\u0131r. Bu polisin \u0259n \u00fcmd\u0259 v\u0259zif\u0259si insanlar\u0131n evd\u0259, k\u00fc\u00e7\u0259d\u0259, gec\u0259nin bir alemind\u0259 qorxmadan, \u00fcr\u0259yi \u00e7\u0131rp\u0131nmadan, sa\u011f-salamat ya\u015famas\u0131n\u0131n\u0131 t\u0259min etm\u0259kdir.\n<\/p>\n<p>\n  2) \u0130kinci \u00f6hd\u0259\u00e7ilik: d\u00f6vl\u0259t \u0259dal\u0259ti t\u0259min etm\u0259kdir. Y\u0259ni ki, d\u00f6vl\u0259t \u0259dal\u0259tsizlikl\u0259 \u00fczl\u0259\u015fmi\u015f insanlar\u0131n h\u00fcquq v\u0259 haqlar\u0131n\u0131 b\u0259rpa etm\u0259li, m\u00fcmk\u00fcn \u0259dal\u0259tsizliyin qar\u015f\u0131s\u0131n\u0131 almaq \u00fc\u00e7\u00fcn m\u00fcxt\u0259lif \u2013 yumu\u015faq v\u0259 s\u0259rt \u2013 \u00f6n qoruyucu t\u0259dbirl\u0259r g\u00f6rm\u0259lidir.\n<\/p>\n<p>\n  Bunu t\u0259min etm\u0259k \u00fc\u00e7\u00fcn, birincisi, d\u00f6vl\u0259t \u0259dal\u0259tli qanunlar q\u0259bul etm\u0259li, o qanunlar qar\u015f\u0131s\u0131nda \u00f6lk\u0259d\u0259 olan b\u00fct\u00fcn insanlar\u0131n b\u0259rab\u0259r oldu\u011funu diqq\u0259tl\u0259 izl\u0259yib, t\u0259min etm\u0259li, o qanunlar\u0131 pozanlar\u0131 is\u0259 c\u0259zaland\u0131rmal\u0131d\u0131r. Qanunlar\u0131n \u0259dal\u0259tli olmas\u0131 \u00fc\u00e7\u00fcn onu q\u0259bul ed\u0259n qanunverici orqan, qanunlar\u0131 q\u0259bul ed\u0259rk\u0259n, y\u00fcz d\u00fc\u015f\u00fcn\u00fcb, min da\u015f\u0131nmal\u0131d\u0131r. \u00d6lk\u0259nin fikir m\u0259rk\u0259zl\u0259ri, siyasi partiyalar\u0131, v\u0259t\u0259nda\u015f c\u0259miyy\u0259ti, media vasit\u0259si il\u0259 qanunlar\u0131n icitimai m\u00fczakir\u0259sin ke\u00e7irtm\u0259li, ham\u0131n\u0131n \u00fcz\u00fcn\u00fc g\u00fcld\u00fcr\u0259c\u0259k qanun(lar) q\u0259bul etm\u0259li v\u0259 ya m\u00f6vcud olan, amma k\u00f6hn\u0259lmi\u015f qanunlar\u0131 d\u0259yi\u015fdirm\u0259li, d\u00fcz\u0259li\u015fl\u0259r etm\u0259lidir.\n<\/p>\n<p>\n  \u0130kincisi, qanunlar\u0131 pozan, daha d\u0259qiq, qanunlarda ifad\u0259 olunmu\u015f \u0259dal\u0259t ruhunu pozan, insanlar\u0131n c\u0259zaland\u0131r\u0131lmas\u0131 v\u0259 el\u0259c\u0259 d\u0259 bu pozuntundan z\u0259r\u0259r \u00e7\u0259kmi\u015f insanlar\u0131n h\u00fcquq v\u0259 haqlar\u0131n\u0131 b\u0259rpa etm\u0259k \u00fc\u00e7\u00fcn azad, \u0259dal\u0259tli, r\u00fc\u015fv\u0259tsiz, korrupsiyas\u0131z, q\u0259r\u0259zsiz m\u0259hk\u0259m\u0259l\u0259rin olmas\u0131n\u0131, onlar\u0131n yan neqativ t\u0259sirl\u0259r\u0259 m\u0259ruz qalmadan i\u015fl\u0259m\u0259sini t\u0259min etm\u0259lidir.\n<\/p>\n<p>\n  3) \u00dc\u00e7\u00fcnc\u00fc \u00f6hd\u0259\u00e7ilik: Burda bir az sola meyill\u0259nib deyir\u0259m ki, d\u00f6vl\u0259t h\u0259r bir v\u0259t\u0259nda\u015f\u0131n\u0131n yax\u015f\u0131 t\u0259hsil almas\u0131n\u0131 t\u0259min etm\u0259lidir. T\u0259hsilin m\u0259qs\u0259di, \u0259n b\u0259sit formada ifad\u0259 ets\u0259k: m\u0259lumatl\u0131, d\u00fc\u015f\u00fcn\u0259n, ba\u015f ver\u0259n b\u00fct\u00fcn ictimai \u0259h\u0259miyy\u0259tli hadis\u0259l\u0259ri sor\u011fulayan, haqq\u0131n\u0131 v\u0259 h\u00fcququnu t\u0259l\u0259b etm\u0259k bacar\u0131qlar\u0131na sahib\u0259nmi\u015f v\u0259t\u0259nda\u015f yeti\u015fdirm\u0259kdir. Bunun \u00fc\u00e7\u00fcn d\u00f6vl\u0259t ibtidai v\u0259 orta icbari t\u0259hsil m\u0259kt\u0259bl\u0259ri a\u00e7mal\u0131, onlar\u0131 maddi-texniki baza, keyfiyy\u0259tli insan resurslar\u0131 \u2013 m\u00fc\u0259llim, psixoloq v\u0259 s. il\u0259 t\u0259min olunmas\u0131na maksimum \u00e7al\u0131\u015fmal\u0131d\u0131r. Dahas\u0131, insanlar\u0131n\u0131n daha yax\u015f\u0131 ya\u015fay\u0131\u015fa \u00e7atmas\u0131 \u00fc\u00e7\u00fcn d\u00f6vl\u0259t \u00e7al\u0131\u015fmal\u0131d\u0131r ki, onlar\u0131 ali t\u0259hsill\u0259 t\u0259min etsin. Ali t\u0259hsilli, bacar\u0131ql\u0131 insanlar\u0131 yeti\u015fdirm\u0259k \u00fc\u00e7\u00fcn d\u00f6vl\u0259t maddi v\u0259 m\u0259n\u0259vi (h\u0259v\u0259sl\u0259ndirici) t\u0259dbirl\u0259r g\u00f6rm\u0259lidir. Bu hiss\u0259ni \u00e7ox uzatmadan deyim ki, t\u0259hsil mill\u0259tin indisi v\u0259 g\u0259l\u0259c\u0259yidir.\n<\/p>\n<p>\n  4) D\u00f6rd\u00fcnc\u00fc \u00f6hd\u0259\u00e7ilik: sol meylimi davam etdirib, \u0259lav\u0259 edim ki, d\u00f6vl\u0259t insanlar\u0131n yaln\u0131z fiziki m\u00f6vcudlu\u011funu m\u00fcmk\u00fcn \u015fidd\u0259td\u0259n qorumamal\u0131 &#8211; z\u0259hm\u0259t olmasa, yuxar\u0131 hiss\u0259y\u0259 bax\u0131n \u2013 h\u0259m d\u0259, ruhun sa\u011flam olmas\u0131 \u00fc\u00e7\u00fcn sa\u011flam b\u0259d\u0259nin qay\u011f\u0131s\u0131na qalmal\u0131d\u0131r. Bunun \u00fc\u00e7\u00fcn d\u00f6vl\u0259t s\u0259hiyy\u0259 sistemini \u0259n m\u00fcmk\u00fcn avadanl\u0131qlar, yax\u015f\u0131 t\u0259hsil alm\u0131\u015f tibb i\u015f\u00e7il\u0259ri il\u0259 t\u0259min etm\u0259li, \u00f6z\u0259l s\u0259hiyy\u0259 sisteml\u0259rinin yarad\u0131lmas\u0131 \u00fc\u00e7\u00fcn h\u0259v\u0259sl\u0259ndirici \u00e7oxsayl\u0131 i\u015fl\u0259r g\u00f6rm\u0259lidir.\n<\/p>\n<p>\n  5) Be\u015finci \u00f6hd\u0259\u00e7ilik: d\u00f6vl\u0259t, insanlar\u0131n azad d\u00fc\u015f\u00fcn\u0259-da\u015f\u0131na, ya\u015fad\u0131qlar\u0131 c\u0259miyy\u0259td\u0259 ba\u015f ver\u0259nl\u0259r\u0259 bigan\u0259 qalmayan, bir s\u00f6zl\u0259, aktiv v\u0259t\u0259nda\u015f yeti\u015fdirm\u0259si \u00fc\u00e7\u00fcn d\u0259 \u00e7al\u0131\u015fmal\u0131d\u0131r. Bunun \u00fc\u00e7\u00fcn d\u00f6vl\u0259tin daha \u00e7ox neqativ v\u0259 bir azda pozitiv \u00f6hd\u0259\u00e7iliyi var. A\u00e7mas\u0131: Neqativ \u00f6h\u0259\u00e7ilik budur ki, d\u00f6vl\u0259t, v\u0259t\u0259nda\u015f\u0131n d\u00fc\u015f\u00fcnm\u0259sin\u0259, sor\u011fulamas\u0131na, sual etm\u0259sin\u0259, cavablar axtarmas\u0131na, t\u0259l\u0259b etm\u0259sin\u0259 qar\u015f\u0131mamal\u0131d\u0131r.\n<\/p>\n<p>\n  Pozitiv \u00f6hd\u0259\u00e7iliyi budur ki, d\u00f6vl\u0259t sor\u011fu ed\u0259n, sual ed\u0259n, t\u0259l\u0259b ed\u0259n v\u0259t\u0259nda\u015f\u0131n bu h\u0259r\u0259k\u0259tl\u0259rini he\u00e7 kimd\u0259n v\u0259 he\u00e7 n\u0259d\u0259n qorxmadan, c\u0259zaland\u0131rma h\u00fcrk\u00fcs\u00fc olmadan etm\u0259si \u00fc\u00e7\u00fcn b\u00fct\u00fcn m\u00fcnbit \u015f\u0259raiti yaratmal\u0131d\u0131r. D\u00f6vl\u0259t v\u0259t\u0259nda\u015f\u0131n d\u00fc\u015f\u00fcnm\u0259kd\u0259n qorxmas\u0131na s\u0259b\u0259b olan b\u00fct\u00fcn \u201cqara q\u00fcvv\u0259l\u0259ri\u201d z\u0259r\u0259rsil\u0259\u015fdirm\u0259lidir. D\u00f6vl\u0259t onun h\u0259r\u0259ktl\u0259rini sual ed\u0259n v\u0259t\u0259nda\u015fa sahib olmaq \u00fc\u00e7\u00fcn can-ba\u015fla \u00e7al\u0131\u015fmal\u0131d\u0131r.\n<\/p>\n<p>\n  Bunun \u00fc\u00e7\u00fcn d\u00f6vl\u0259t ilk olaraq, median\u0131n azad olmas\u0131na \u015f\u0259rait yaratmal\u0131d\u0131r. Media vasit\u0259si il\u0259 g\u0259l\u0259n suallara cavab verm\u0259li, qald\u0131r\u0131lan probleml\u0259r\u0259 d\u0259rhal m\u00fcnasib\u0259t bildirm\u0259li, probleml\u0259ri \u0259lind\u0259 olan b\u00fct\u00fcn m\u00fcmk\u00fcn imkanlar\u0131 il\u0259 h\u0259ll etm\u0259lidir. Q\u0131sas\u0131, s\u0259si y\u00fcks\u0259kd\u0259n g\u0259l\u0259n h\u0259r bir v\u0259d\u0259nda\u015f d\u00f6vl\u0259t \u00fc\u00e7\u00fcn x\u0259zin\u0259dir.\n<\/p>\n<p>\n  <i><br \/>\n    \u0130kinci yaz\u0131n\u0131<br \/>\n    <a href=\"\/az\/article\/vergi-vermeliyikmi-2-ci-hisse\/\" target=\"_blank\" rel=\"noopener\"><br \/>\n      burda<br \/>\n    <\/a><br \/>\n    oxu<br \/>\n  <\/i>\n<\/p>\n<p>\n  <i><br \/>\n    \u00dc\u00e7\u00fcnc\u00fc yaz\u0131n\u0131<br \/>\n    <a href=\"\/az\/article\/vergi-vermeliyikmi-3-cu-yazi\/\" target=\"_blank\" rel=\"noopener\"><br \/>\n      burda<br \/>\n    <\/a><br \/>\n  <\/i><br \/>\n  oxu\n<\/p>\n<p>\n  <b><br \/>\n    Yaz\u0131 m\u00fc\u0259llifin \u015f\u0259xsi m\u00f6vqeyini \u0259ks etdirir. M\u00fc\u0259llifin m\u00f6vqeyi Meydan.Tv-nin m\u00f6vqeyi il\u0259 \u00fcst-\u00fcst\u0259 d\u00fc\u015fm\u0259y\u0259 bil\u0259r.<br \/>\n  <\/b><\/p>\n","protected":false},"excerpt":{"rendered":"<p>H\u0259r bir v\u0259t\u0259nda\u015f d\u00f6vl\u0259t \u00fc\u00e7\u00fcn x\u0259zin\u0259dir\u2026<\/p>\n","protected":false},"author":11,"featured_media":56902,"comment_status":"closed","ping_status":"open","sticky":false,"template":"","format":"standard","meta":{"_acf_changed":false,"_sitemap_exclude":false,"_sitemap_priority":"","_sitemap_frequency":"","footnotes":""},"categories":[57],"tags":[],"class_list":["post-175763","post","type-post","status-publish","format-standard","has-post-thumbnail","hentry","category-menim-fikrimce","infinite-scroll-item","generate-columns","tablet-grid-50","mobile-grid-100","grid-parent","grid-33","no-featured-image-padding"],"acf":[],"yoast_head":"<!-- This site is optimized with the Yoast SEO plugin v27.5 - https:\/\/yoast.com\/product\/yoast-seo-wordpress\/ -->\n<title>Vergi verm\u0259liyikmi? - MEYDAN.TV<\/title>\n<meta name=\"robots\" content=\"index, follow, max-snippet:-1, max-image-preview:large, max-video-preview:-1\" \/>\n<link rel=\"canonical\" href=\"https:\/\/www.meydan.tv\/az\/article\/vergi-vermeliyikmi\/\" \/>\n<meta property=\"og:locale\" content=\"az_AZ\" \/>\n<meta property=\"og:type\" content=\"article\" \/>\n<meta property=\"og:title\" content=\"Vergi verm\u0259liyikmi? - MEYDAN.TV\" \/>\n<meta property=\"og:description\" content=\"H\u0259r bir v\u0259t\u0259nda\u015f d\u00f6vl\u0259t \u00fc\u00e7\u00fcn x\u0259zin\u0259dir\u2026\" \/>\n<meta property=\"og:url\" content=\"https:\/\/www.meydan.tv\/az\/article\/vergi-vermeliyikmi\/\" \/>\n<meta property=\"og:site_name\" content=\"MEYDAN.TV\" \/>\n<meta property=\"article:published_time\" content=\"2016-05-06T20:59:17+00:00\" \/>\n<meta property=\"og:image\" content=\"https:\/\/www.meydan.tv\/wp-content\/uploads\/21519.jpg\" \/>\n\t<meta property=\"og:image:width\" content=\"500\" \/>\n\t<meta property=\"og:image:height\" content=\"500\" \/>\n\t<meta property=\"og:image:type\" content=\"image\/jpeg\" \/>\n<meta name=\"author\" content=\"user-manager\" \/>\n<meta name=\"twitter:card\" content=\"summary_large_image\" \/>\n<script type=\"application\/ld+json\" class=\"yoast-schema-graph\">{\"@context\":\"https:\\\/\\\/schema.org\",\"@graph\":[{\"@type\":\"Article\",\"@id\":\"https:\\\/\\\/www.meydan.tv\\\/az\\\/article\\\/vergi-vermeliyikmi\\\/#article\",\"isPartOf\":{\"@id\":\"https:\\\/\\\/www.meydan.tv\\\/az\\\/article\\\/vergi-vermeliyikmi\\\/\"},\"author\":{\"name\":\"user-manager\",\"@id\":\"https:\\\/\\\/www.meydan.tv\\\/az\\\/#\\\/schema\\\/person\\\/10d11eccf6da3662cf5fdab9806ea91a\"},\"headline\":\"Vergi verm\u0259liyikmi?\",\"datePublished\":\"2016-05-06T20:59:17+00:00\",\"mainEntityOfPage\":{\"@id\":\"https:\\\/\\\/www.meydan.tv\\\/az\\\/article\\\/vergi-vermeliyikmi\\\/\"},\"wordCount\":1840,\"publisher\":{\"@id\":\"https:\\\/\\\/www.meydan.tv\\\/az\\\/#organization\"},\"image\":{\"@id\":\"https:\\\/\\\/www.meydan.tv\\\/az\\\/article\\\/vergi-vermeliyikmi\\\/#primaryimage\"},\"thumbnailUrl\":\"https:\\\/\\\/www.meydan.tv\\\/wp-content\\\/uploads\\\/21519.jpg\",\"articleSection\":[\"M\u0259nim Fikrimc\u0259\"],\"inLanguage\":\"az\"},{\"@type\":\"WebPage\",\"@id\":\"https:\\\/\\\/www.meydan.tv\\\/az\\\/article\\\/vergi-vermeliyikmi\\\/\",\"url\":\"https:\\\/\\\/www.meydan.tv\\\/az\\\/article\\\/vergi-vermeliyikmi\\\/\",\"name\":\"Vergi verm\u0259liyikmi? - MEYDAN.TV\",\"isPartOf\":{\"@id\":\"https:\\\/\\\/www.meydan.tv\\\/az\\\/#website\"},\"primaryImageOfPage\":{\"@id\":\"https:\\\/\\\/www.meydan.tv\\\/az\\\/article\\\/vergi-vermeliyikmi\\\/#primaryimage\"},\"image\":{\"@id\":\"https:\\\/\\\/www.meydan.tv\\\/az\\\/article\\\/vergi-vermeliyikmi\\\/#primaryimage\"},\"thumbnailUrl\":\"https:\\\/\\\/www.meydan.tv\\\/wp-content\\\/uploads\\\/21519.jpg\",\"datePublished\":\"2016-05-06T20:59:17+00:00\",\"breadcrumb\":{\"@id\":\"https:\\\/\\\/www.meydan.tv\\\/az\\\/article\\\/vergi-vermeliyikmi\\\/#breadcrumb\"},\"inLanguage\":\"az\",\"potentialAction\":[{\"@type\":\"ReadAction\",\"target\":[\"https:\\\/\\\/www.meydan.tv\\\/az\\\/article\\\/vergi-vermeliyikmi\\\/\"]}]},{\"@type\":\"ImageObject\",\"inLanguage\":\"az\",\"@id\":\"https:\\\/\\\/www.meydan.tv\\\/az\\\/article\\\/vergi-vermeliyikmi\\\/#primaryimage\",\"url\":\"https:\\\/\\\/www.meydan.tv\\\/wp-content\\\/uploads\\\/21519.jpg\",\"contentUrl\":\"https:\\\/\\\/www.meydan.tv\\\/wp-content\\\/uploads\\\/21519.jpg\",\"width\":500,\"height\":500,\"caption\":\"Source:\"},{\"@type\":\"BreadcrumbList\",\"@id\":\"https:\\\/\\\/www.meydan.tv\\\/az\\\/article\\\/vergi-vermeliyikmi\\\/#breadcrumb\",\"itemListElement\":[{\"@type\":\"ListItem\",\"position\":1,\"name\":\"Ana s\u0259hif\u0259\",\"item\":\"https:\\\/\\\/www.meydan.tv\\\/az\\\/\"},{\"@type\":\"ListItem\",\"position\":2,\"name\":\"M\u0259nim Fikrimc\u0259\",\"item\":\"https:\\\/\\\/www.meydan.tv\\\/az\\\/section\\\/menim-fikrimce\\\/\"},{\"@type\":\"ListItem\",\"position\":3,\"name\":\"Vergi verm\u0259liyikmi?\"}]},{\"@type\":\"WebSite\",\"@id\":\"https:\\\/\\\/www.meydan.tv\\\/az\\\/#website\",\"url\":\"https:\\\/\\\/www.meydan.tv\\\/az\\\/\",\"name\":\"MEYDAN.TV\",\"description\":\"Meydan TV Az\u0259rbaycan\u0131n media m\u0259kan\u0131ndak\u0131 alternativ s\u0259sidir\",\"publisher\":{\"@id\":\"https:\\\/\\\/www.meydan.tv\\\/az\\\/#organization\"},\"potentialAction\":[{\"@type\":\"SearchAction\",\"target\":{\"@type\":\"EntryPoint\",\"urlTemplate\":\"https:\\\/\\\/www.meydan.tv\\\/az\\\/?s={search_term_string}\"},\"query-input\":{\"@type\":\"PropertyValueSpecification\",\"valueRequired\":true,\"valueName\":\"search_term_string\"}}],\"inLanguage\":\"az\"},{\"@type\":\"Organization\",\"@id\":\"https:\\\/\\\/www.meydan.tv\\\/az\\\/#organization\",\"name\":\"Meydan TV\",\"url\":\"https:\\\/\\\/www.meydan.tv\\\/az\\\/\",\"logo\":{\"@type\":\"ImageObject\",\"inLanguage\":\"az\",\"@id\":\"https:\\\/\\\/www.meydan.tv\\\/az\\\/#\\\/schema\\\/logo\\\/image\\\/\",\"url\":\"https:\\\/\\\/www.meydan.tv\\\/wp-content\\\/uploads\\\/2021\\\/07\\\/meydan-logo.svg\",\"contentUrl\":\"https:\\\/\\\/www.meydan.tv\\\/wp-content\\\/uploads\\\/2021\\\/07\\\/meydan-logo.svg\",\"width\":195,\"height\":46,\"caption\":\"Meydan TV\"},\"image\":{\"@id\":\"https:\\\/\\\/www.meydan.tv\\\/az\\\/#\\\/schema\\\/logo\\\/image\\\/\"}},{\"@type\":\"Person\",\"@id\":\"https:\\\/\\\/www.meydan.tv\\\/az\\\/#\\\/schema\\\/person\\\/10d11eccf6da3662cf5fdab9806ea91a\",\"name\":\"user-manager\"}]}<\/script>\n<!-- \/ Yoast SEO plugin. -->","yoast_head_json":{"title":"Vergi verm\u0259liyikmi? - MEYDAN.TV","robots":{"index":"index","follow":"follow","max-snippet":"max-snippet:-1","max-image-preview":"max-image-preview:large","max-video-preview":"max-video-preview:-1"},"canonical":"https:\/\/www.meydan.tv\/az\/article\/vergi-vermeliyikmi\/","og_locale":"az_AZ","og_type":"article","og_title":"Vergi verm\u0259liyikmi? - MEYDAN.TV","og_description":"H\u0259r bir v\u0259t\u0259nda\u015f d\u00f6vl\u0259t \u00fc\u00e7\u00fcn x\u0259zin\u0259dir\u2026","og_url":"https:\/\/www.meydan.tv\/az\/article\/vergi-vermeliyikmi\/","og_site_name":"MEYDAN.TV","article_published_time":"2016-05-06T20:59:17+00:00","og_image":[{"width":500,"height":500,"url":"https:\/\/www.meydan.tv\/wp-content\/uploads\/21519.jpg","type":"image\/jpeg"}],"author":"user-manager","twitter_card":"summary_large_image","schema":{"@context":"https:\/\/schema.org","@graph":[{"@type":"Article","@id":"https:\/\/www.meydan.tv\/az\/article\/vergi-vermeliyikmi\/#article","isPartOf":{"@id":"https:\/\/www.meydan.tv\/az\/article\/vergi-vermeliyikmi\/"},"author":{"name":"user-manager","@id":"https:\/\/www.meydan.tv\/az\/#\/schema\/person\/10d11eccf6da3662cf5fdab9806ea91a"},"headline":"Vergi verm\u0259liyikmi?","datePublished":"2016-05-06T20:59:17+00:00","mainEntityOfPage":{"@id":"https:\/\/www.meydan.tv\/az\/article\/vergi-vermeliyikmi\/"},"wordCount":1840,"publisher":{"@id":"https:\/\/www.meydan.tv\/az\/#organization"},"image":{"@id":"https:\/\/www.meydan.tv\/az\/article\/vergi-vermeliyikmi\/#primaryimage"},"thumbnailUrl":"https:\/\/www.meydan.tv\/wp-content\/uploads\/21519.jpg","articleSection":["M\u0259nim Fikrimc\u0259"],"inLanguage":"az"},{"@type":"WebPage","@id":"https:\/\/www.meydan.tv\/az\/article\/vergi-vermeliyikmi\/","url":"https:\/\/www.meydan.tv\/az\/article\/vergi-vermeliyikmi\/","name":"Vergi verm\u0259liyikmi? - MEYDAN.TV","isPartOf":{"@id":"https:\/\/www.meydan.tv\/az\/#website"},"primaryImageOfPage":{"@id":"https:\/\/www.meydan.tv\/az\/article\/vergi-vermeliyikmi\/#primaryimage"},"image":{"@id":"https:\/\/www.meydan.tv\/az\/article\/vergi-vermeliyikmi\/#primaryimage"},"thumbnailUrl":"https:\/\/www.meydan.tv\/wp-content\/uploads\/21519.jpg","datePublished":"2016-05-06T20:59:17+00:00","breadcrumb":{"@id":"https:\/\/www.meydan.tv\/az\/article\/vergi-vermeliyikmi\/#breadcrumb"},"inLanguage":"az","potentialAction":[{"@type":"ReadAction","target":["https:\/\/www.meydan.tv\/az\/article\/vergi-vermeliyikmi\/"]}]},{"@type":"ImageObject","inLanguage":"az","@id":"https:\/\/www.meydan.tv\/az\/article\/vergi-vermeliyikmi\/#primaryimage","url":"https:\/\/www.meydan.tv\/wp-content\/uploads\/21519.jpg","contentUrl":"https:\/\/www.meydan.tv\/wp-content\/uploads\/21519.jpg","width":500,"height":500,"caption":"Source:"},{"@type":"BreadcrumbList","@id":"https:\/\/www.meydan.tv\/az\/article\/vergi-vermeliyikmi\/#breadcrumb","itemListElement":[{"@type":"ListItem","position":1,"name":"Ana s\u0259hif\u0259","item":"https:\/\/www.meydan.tv\/az\/"},{"@type":"ListItem","position":2,"name":"M\u0259nim Fikrimc\u0259","item":"https:\/\/www.meydan.tv\/az\/section\/menim-fikrimce\/"},{"@type":"ListItem","position":3,"name":"Vergi verm\u0259liyikmi?"}]},{"@type":"WebSite","@id":"https:\/\/www.meydan.tv\/az\/#website","url":"https:\/\/www.meydan.tv\/az\/","name":"MEYDAN.TV","description":"Meydan TV Az\u0259rbaycan\u0131n media m\u0259kan\u0131ndak\u0131 alternativ s\u0259sidir","publisher":{"@id":"https:\/\/www.meydan.tv\/az\/#organization"},"potentialAction":[{"@type":"SearchAction","target":{"@type":"EntryPoint","urlTemplate":"https:\/\/www.meydan.tv\/az\/?s={search_term_string}"},"query-input":{"@type":"PropertyValueSpecification","valueRequired":true,"valueName":"search_term_string"}}],"inLanguage":"az"},{"@type":"Organization","@id":"https:\/\/www.meydan.tv\/az\/#organization","name":"Meydan TV","url":"https:\/\/www.meydan.tv\/az\/","logo":{"@type":"ImageObject","inLanguage":"az","@id":"https:\/\/www.meydan.tv\/az\/#\/schema\/logo\/image\/","url":"https:\/\/www.meydan.tv\/wp-content\/uploads\/2021\/07\/meydan-logo.svg","contentUrl":"https:\/\/www.meydan.tv\/wp-content\/uploads\/2021\/07\/meydan-logo.svg","width":195,"height":46,"caption":"Meydan TV"},"image":{"@id":"https:\/\/www.meydan.tv\/az\/#\/schema\/logo\/image\/"}},{"@type":"Person","@id":"https:\/\/www.meydan.tv\/az\/#\/schema\/person\/10d11eccf6da3662cf5fdab9806ea91a","name":"user-manager"}]}},"_links":{"self":[{"href":"https:\/\/www.meydan.tv\/az\/wp-json\/wp\/v2\/posts\/175763","targetHints":{"allow":["GET"]}}],"collection":[{"href":"https:\/\/www.meydan.tv\/az\/wp-json\/wp\/v2\/posts"}],"about":[{"href":"https:\/\/www.meydan.tv\/az\/wp-json\/wp\/v2\/types\/post"}],"author":[{"embeddable":true,"href":"https:\/\/www.meydan.tv\/az\/wp-json\/wp\/v2\/users\/11"}],"replies":[{"embeddable":true,"href":"https:\/\/www.meydan.tv\/az\/wp-json\/wp\/v2\/comments?post=175763"}],"version-history":[{"count":0,"href":"https:\/\/www.meydan.tv\/az\/wp-json\/wp\/v2\/posts\/175763\/revisions"}],"wp:featuredmedia":[{"embeddable":true,"href":"https:\/\/www.meydan.tv\/az\/wp-json\/wp\/v2\/media\/56902"}],"wp:attachment":[{"href":"https:\/\/www.meydan.tv\/az\/wp-json\/wp\/v2\/media?parent=175763"}],"wp:term":[{"taxonomy":"category","embeddable":true,"href":"https:\/\/www.meydan.tv\/az\/wp-json\/wp\/v2\/categories?post=175763"},{"taxonomy":"post_tag","embeddable":true,"href":"https:\/\/www.meydan.tv\/az\/wp-json\/wp\/v2\/tags?post=175763"}],"curies":[{"name":"wp","href":"https:\/\/api.w.org\/{rel}","templated":true}]}}