{"id":175756,"date":"2016-05-06T18:51:00","date_gmt":"2016-05-06T18:51:00","guid":{"rendered":"https:\/\/www.meydan.tv\/article\/3801-nefer-dagliq-qarabag-munaqisesi-neticesinde-itkin-dusmus-kimi-qeydiyyatdadir\/"},"modified":"2016-05-06T18:51:00","modified_gmt":"2016-05-06T18:51:00","slug":"3801-nefer-dagliq-qarabag-munaqisesi-neticesinde-itkin-dusmus-kimi-qeydiyyatdadir","status":"publish","type":"post","link":"https:\/\/www.meydan.tv\/az\/article\/3801-nefer-dagliq-qarabag-munaqisesi-neticesinde-itkin-dusmus-kimi-qeydiyyatdadir\/","title":{"rendered":"3801 n\u0259f\u0259r Da\u011fl\u0131q Qaraba\u011f m\u00fcnaqi\u015f\u0259si n\u0259tic\u0259sind\u0259 itkin d\u00fc\u015fm\u00fc\u015f kimi qeydiyyatdad\u0131r"},"content":{"rendered":"<figure class=\"wp-block-image size-large\">\n  <img decoding=\"async\" src=\"https:\/\/www.meydan.tv\/az\/eldar-semedov\/\" alt=\"Eldar S\u0259m\u0259dov\" class=\"wp-image-56887\"\/><figcaption>\n    Eldar S\u0259m\u0259dov<br \/>\n  <\/figcaption><\/figure>\n<p>\n  <i><br \/>\n    &#8221;69 n\u0259f\u0259r Az\u0259rbaycan v\u0259t\u0259nda\u015f\u0131 b\u00f6y\u00fck miqdarda pul \u00f6d\u0259nilm\u0259kl\u0259 \u0259sir v\u0259 girovluqdan azad edilib&#8221;<br \/>\n  <\/i>\n<\/p>\n<p>\n  Erm\u0259nistan-Az\u0259rbaycan, Da\u011fl\u0131q Qaraba\u011f m\u00fcnaqi\u015f\u0259si zaman\u0131 6 mind\u0259n \u00e7ox Az\u0259rbaycan v\u0259t\u0259nda\u015f\u0131n\u0131n itkin d\u00fc\u015fd\u00fcy\u00fc, \u0259sir v\u0259 girov g\u00f6t\u00fcr\u00fcld\u00fcy\u00fc m\u00fc\u0259yy\u0259n olunub\u201d.<\/p>\n<p>  APA-n\u0131n x\u0259b\u0259rin\u0259 g\u00f6r\u0259, bunu \u018fsir v\u0259 itkin d\u00fc\u015fm\u00fc\u015f, girov g\u00f6t\u00fcr\u00fclm\u00fc\u015f v\u0259t\u0259nda\u015flarla \u0259laq\u0259dar D\u00f6vl\u0259t Komissiyas\u0131n\u0131n i\u015f\u00e7i qrupunun r\u0259hb\u0259rinin m\u00fcavini Eldar S\u0259m\u0259dov Prezident yan\u0131nda D\u00f6vl\u0259t \u0130dar\u0259\u00e7ilik Akademiyas\u0131nda ke\u00e7iril\u0259n \u201cErm\u0259nistan-Az\u0259rbaycan, Da\u011fl\u0131q Qaraba\u011f m\u00fcnaqi\u015f\u0259si beyn\u0259lxalq humanitar h\u00fcquq m\u00fcst\u0259visind\u0259\u201d adl\u0131 konfransda \u00e7\u0131x\u0131\u015f\u0131 zaman\u0131 deyib. O bildirib ki, 1435 n\u0259f\u0259r Az\u0259rbaycan v\u0259t\u0259nda\u015f\u0131n\u0131 \u0259sir v\u0259 girovluqdan azad etm\u0259k m\u00fcmk\u00fcn olub.<\/p>\n<p>  E. S\u0259m\u0259dov qeyd edib ki, haz\u0131rda d\u00f6vl\u0259t komissiyas\u0131nda 3801 n\u0259f\u0259r itkin d\u00fc\u015fm\u00fc\u015f \u015f\u0259xs kimi qeydiyyatdad\u0131r: \u201cBunlardan 3094 n\u0259f\u0259ri h\u0259rb\u00e7i, 707 n\u0259f\u0259ri is\u0259 m\u00fclki \u015f\u0259xsdir. M\u00fclki \u015f\u0259xsl\u0259rd\u0259n 61 n\u0259f\u0259ri itkin d\u00fc\u015f\u0259rk\u0259n yetkinlik ya\u015f\u0131na \u00e7atmayan u\u015faqlar olub\u201d.<\/p>\n<p>  E. S\u0259m\u0259dov \u0259lav\u0259 edib ki, Erm\u0259nistan t\u0259r\u0259find\u0259n \u0259sir v\u0259 girov g\u00f6t\u00fcr\u00fcl\u0259n Az\u0259rbaycan v\u0259t\u0259nda\u015flar\u0131 alver predmetin\u0259 \u00e7evrilib: \u201c69 n\u0259f\u0259r Az\u0259rbaycan v\u0259t\u0259nda\u015f\u0131 b\u00f6y\u00fck miqdarda pul \u00f6d\u0259nilm\u0259kl\u0259 \u0259sir v\u0259 girovluqdan azad edilib. Eyni zamanda, 107 n\u0259f\u0259r \u0259sirlikd\u0259 olark\u0259n m\u0259xfi \u0259m\u0259kda\u015fl\u0131\u011fa c\u0259lb olunub\u201d.<\/p>\n","protected":false},"excerpt":{"rendered":"<p>&#8221;69 n\u0259f\u0259r Az\u0259rbaycan v\u0259t\u0259nda\u015f\u0131 b\u00f6y\u00fck miqdarda pul \u00f6d\u0259nilm\u0259kl\u0259 \u0259sir v\u0259 girovluqdan azad edilib&#8221;<\/p>\n","protected":false},"author":11,"featured_media":56887,"comment_status":"closed","ping_status":"open","sticky":false,"template":"","format":"standard","meta":{"_acf_changed":false,"_sitemap_exclude":false,"_sitemap_priority":"","_sitemap_frequency":"","footnotes":""},"categories":[51],"tags":[],"class_list":["post-175756","post","type-post","status-publish","format-standard","has-post-thumbnail","hentry","category-analitika","infinite-scroll-item","generate-columns","tablet-grid-50","mobile-grid-100","grid-parent","grid-33","no-featured-image-padding"],"acf":[],"yoast_head":"<!-- This site is optimized with the Yoast SEO plugin v27.5 - https:\/\/yoast.com\/product\/yoast-seo-wordpress\/ -->\n<title>3801 n\u0259f\u0259r Da\u011fl\u0131q Qaraba\u011f m\u00fcnaqi\u015f\u0259si n\u0259tic\u0259sind\u0259 itkin d\u00fc\u015fm\u00fc\u015f kimi qeydiyyatdad\u0131r - MEYDAN.TV<\/title>\n<meta name=\"robots\" content=\"index, follow, max-snippet:-1, max-image-preview:large, max-video-preview:-1\" \/>\n<link rel=\"canonical\" href=\"https:\/\/www.meydan.tv\/az\/article\/3801-nefer-dagliq-qarabag-munaqisesi-neticesinde-itkin-dusmus-kimi-qeydiyyatdadir\/\" \/>\n<meta property=\"og:locale\" content=\"az_AZ\" \/>\n<meta property=\"og:type\" content=\"article\" \/>\n<meta property=\"og:title\" content=\"3801 n\u0259f\u0259r Da\u011fl\u0131q Qaraba\u011f m\u00fcnaqi\u015f\u0259si n\u0259tic\u0259sind\u0259 itkin d\u00fc\u015fm\u00fc\u015f kimi qeydiyyatdad\u0131r - MEYDAN.TV\" \/>\n<meta property=\"og:description\" content=\"&#039;&#039;69 n\u0259f\u0259r Az\u0259rbaycan v\u0259t\u0259nda\u015f\u0131 b\u00f6y\u00fck miqdarda pul \u00f6d\u0259nilm\u0259kl\u0259 \u0259sir v\u0259 girovluqdan azad edilib&#039;&#039;\" \/>\n<meta property=\"og:url\" content=\"https:\/\/www.meydan.tv\/az\/article\/3801-nefer-dagliq-qarabag-munaqisesi-neticesinde-itkin-dusmus-kimi-qeydiyyatdadir\/\" \/>\n<meta property=\"og:site_name\" content=\"MEYDAN.TV\" \/>\n<meta property=\"article:published_time\" content=\"2016-05-06T18:51:00+00:00\" \/>\n<meta property=\"og:image\" content=\"https:\/\/www.meydan.tv\/wp-content\/uploads\/21512.jpg\" \/>\n\t<meta property=\"og:image:width\" content=\"750\" \/>\n\t<meta property=\"og:image:height\" content=\"500\" \/>\n\t<meta property=\"og:image:type\" content=\"image\/jpeg\" \/>\n<meta name=\"author\" content=\"user-manager\" \/>\n<meta name=\"twitter:card\" content=\"summary_large_image\" \/>\n<script type=\"application\/ld+json\" class=\"yoast-schema-graph\">{\"@context\":\"https:\\\/\\\/schema.org\",\"@graph\":[{\"@type\":\"Article\",\"@id\":\"https:\\\/\\\/www.meydan.tv\\\/az\\\/article\\\/3801-nefer-dagliq-qarabag-munaqisesi-neticesinde-itkin-dusmus-kimi-qeydiyyatdadir\\\/#article\",\"isPartOf\":{\"@id\":\"https:\\\/\\\/www.meydan.tv\\\/az\\\/article\\\/3801-nefer-dagliq-qarabag-munaqisesi-neticesinde-itkin-dusmus-kimi-qeydiyyatdadir\\\/\"},\"author\":{\"name\":\"user-manager\",\"@id\":\"https:\\\/\\\/www.meydan.tv\\\/az\\\/#\\\/schema\\\/person\\\/10d11eccf6da3662cf5fdab9806ea91a\"},\"headline\":\"3801 n\u0259f\u0259r Da\u011fl\u0131q Qaraba\u011f m\u00fcnaqi\u015f\u0259si n\u0259tic\u0259sind\u0259 itkin d\u00fc\u015fm\u00fc\u015f kimi qeydiyyatdad\u0131r\",\"datePublished\":\"2016-05-06T18:51:00+00:00\",\"mainEntityOfPage\":{\"@id\":\"https:\\\/\\\/www.meydan.tv\\\/az\\\/article\\\/3801-nefer-dagliq-qarabag-munaqisesi-neticesinde-itkin-dusmus-kimi-qeydiyyatdadir\\\/\"},\"wordCount\":306,\"publisher\":{\"@id\":\"https:\\\/\\\/www.meydan.tv\\\/az\\\/#organization\"},\"image\":{\"@id\":\"https:\\\/\\\/www.meydan.tv\\\/az\\\/article\\\/3801-nefer-dagliq-qarabag-munaqisesi-neticesinde-itkin-dusmus-kimi-qeydiyyatdadir\\\/#primaryimage\"},\"thumbnailUrl\":\"https:\\\/\\\/www.meydan.tv\\\/wp-content\\\/uploads\\\/21512.jpg\",\"articleSection\":[\"Analitika\"],\"inLanguage\":\"az\"},{\"@type\":\"WebPage\",\"@id\":\"https:\\\/\\\/www.meydan.tv\\\/az\\\/article\\\/3801-nefer-dagliq-qarabag-munaqisesi-neticesinde-itkin-dusmus-kimi-qeydiyyatdadir\\\/\",\"url\":\"https:\\\/\\\/www.meydan.tv\\\/az\\\/article\\\/3801-nefer-dagliq-qarabag-munaqisesi-neticesinde-itkin-dusmus-kimi-qeydiyyatdadir\\\/\",\"name\":\"3801 n\u0259f\u0259r Da\u011fl\u0131q Qaraba\u011f m\u00fcnaqi\u015f\u0259si n\u0259tic\u0259sind\u0259 itkin d\u00fc\u015fm\u00fc\u015f kimi qeydiyyatdad\u0131r - MEYDAN.TV\",\"isPartOf\":{\"@id\":\"https:\\\/\\\/www.meydan.tv\\\/az\\\/#website\"},\"primaryImageOfPage\":{\"@id\":\"https:\\\/\\\/www.meydan.tv\\\/az\\\/article\\\/3801-nefer-dagliq-qarabag-munaqisesi-neticesinde-itkin-dusmus-kimi-qeydiyyatdadir\\\/#primaryimage\"},\"image\":{\"@id\":\"https:\\\/\\\/www.meydan.tv\\\/az\\\/article\\\/3801-nefer-dagliq-qarabag-munaqisesi-neticesinde-itkin-dusmus-kimi-qeydiyyatdadir\\\/#primaryimage\"},\"thumbnailUrl\":\"https:\\\/\\\/www.meydan.tv\\\/wp-content\\\/uploads\\\/21512.jpg\",\"datePublished\":\"2016-05-06T18:51:00+00:00\",\"breadcrumb\":{\"@id\":\"https:\\\/\\\/www.meydan.tv\\\/az\\\/article\\\/3801-nefer-dagliq-qarabag-munaqisesi-neticesinde-itkin-dusmus-kimi-qeydiyyatdadir\\\/#breadcrumb\"},\"inLanguage\":\"az\",\"potentialAction\":[{\"@type\":\"ReadAction\",\"target\":[\"https:\\\/\\\/www.meydan.tv\\\/az\\\/article\\\/3801-nefer-dagliq-qarabag-munaqisesi-neticesinde-itkin-dusmus-kimi-qeydiyyatdadir\\\/\"]}]},{\"@type\":\"ImageObject\",\"inLanguage\":\"az\",\"@id\":\"https:\\\/\\\/www.meydan.tv\\\/az\\\/article\\\/3801-nefer-dagliq-qarabag-munaqisesi-neticesinde-itkin-dusmus-kimi-qeydiyyatdadir\\\/#primaryimage\",\"url\":\"https:\\\/\\\/www.meydan.tv\\\/wp-content\\\/uploads\\\/21512.jpg\",\"contentUrl\":\"https:\\\/\\\/www.meydan.tv\\\/wp-content\\\/uploads\\\/21512.jpg\",\"width\":750,\"height\":500,\"caption\":\"Source:\"},{\"@type\":\"BreadcrumbList\",\"@id\":\"https:\\\/\\\/www.meydan.tv\\\/az\\\/article\\\/3801-nefer-dagliq-qarabag-munaqisesi-neticesinde-itkin-dusmus-kimi-qeydiyyatdadir\\\/#breadcrumb\",\"itemListElement\":[{\"@type\":\"ListItem\",\"position\":1,\"name\":\"Ana s\u0259hif\u0259\",\"item\":\"https:\\\/\\\/www.meydan.tv\\\/az\\\/\"},{\"@type\":\"ListItem\",\"position\":2,\"name\":\"Analitika\",\"item\":\"https:\\\/\\\/www.meydan.tv\\\/az\\\/section\\\/analitika\\\/\"},{\"@type\":\"ListItem\",\"position\":3,\"name\":\"3801 n\u0259f\u0259r Da\u011fl\u0131q Qaraba\u011f m\u00fcnaqi\u015f\u0259si n\u0259tic\u0259sind\u0259 itkin d\u00fc\u015fm\u00fc\u015f kimi qeydiyyatdad\u0131r\"}]},{\"@type\":\"WebSite\",\"@id\":\"https:\\\/\\\/www.meydan.tv\\\/az\\\/#website\",\"url\":\"https:\\\/\\\/www.meydan.tv\\\/az\\\/\",\"name\":\"MEYDAN.TV\",\"description\":\"Meydan TV Az\u0259rbaycan\u0131n media m\u0259kan\u0131ndak\u0131 alternativ s\u0259sidir\",\"publisher\":{\"@id\":\"https:\\\/\\\/www.meydan.tv\\\/az\\\/#organization\"},\"potentialAction\":[{\"@type\":\"SearchAction\",\"target\":{\"@type\":\"EntryPoint\",\"urlTemplate\":\"https:\\\/\\\/www.meydan.tv\\\/az\\\/?s={search_term_string}\"},\"query-input\":{\"@type\":\"PropertyValueSpecification\",\"valueRequired\":true,\"valueName\":\"search_term_string\"}}],\"inLanguage\":\"az\"},{\"@type\":\"Organization\",\"@id\":\"https:\\\/\\\/www.meydan.tv\\\/az\\\/#organization\",\"name\":\"Meydan TV\",\"url\":\"https:\\\/\\\/www.meydan.tv\\\/az\\\/\",\"logo\":{\"@type\":\"ImageObject\",\"inLanguage\":\"az\",\"@id\":\"https:\\\/\\\/www.meydan.tv\\\/az\\\/#\\\/schema\\\/logo\\\/image\\\/\",\"url\":\"https:\\\/\\\/www.meydan.tv\\\/wp-content\\\/uploads\\\/2021\\\/07\\\/meydan-logo.svg\",\"contentUrl\":\"https:\\\/\\\/www.meydan.tv\\\/wp-content\\\/uploads\\\/2021\\\/07\\\/meydan-logo.svg\",\"width\":195,\"height\":46,\"caption\":\"Meydan TV\"},\"image\":{\"@id\":\"https:\\\/\\\/www.meydan.tv\\\/az\\\/#\\\/schema\\\/logo\\\/image\\\/\"}},{\"@type\":\"Person\",\"@id\":\"https:\\\/\\\/www.meydan.tv\\\/az\\\/#\\\/schema\\\/person\\\/10d11eccf6da3662cf5fdab9806ea91a\",\"name\":\"user-manager\"}]}<\/script>\n<!-- \/ Yoast SEO plugin. -->","yoast_head_json":{"title":"3801 n\u0259f\u0259r Da\u011fl\u0131q Qaraba\u011f m\u00fcnaqi\u015f\u0259si n\u0259tic\u0259sind\u0259 itkin d\u00fc\u015fm\u00fc\u015f kimi qeydiyyatdad\u0131r - MEYDAN.TV","robots":{"index":"index","follow":"follow","max-snippet":"max-snippet:-1","max-image-preview":"max-image-preview:large","max-video-preview":"max-video-preview:-1"},"canonical":"https:\/\/www.meydan.tv\/az\/article\/3801-nefer-dagliq-qarabag-munaqisesi-neticesinde-itkin-dusmus-kimi-qeydiyyatdadir\/","og_locale":"az_AZ","og_type":"article","og_title":"3801 n\u0259f\u0259r Da\u011fl\u0131q Qaraba\u011f m\u00fcnaqi\u015f\u0259si n\u0259tic\u0259sind\u0259 itkin d\u00fc\u015fm\u00fc\u015f kimi qeydiyyatdad\u0131r - MEYDAN.TV","og_description":"''69 n\u0259f\u0259r Az\u0259rbaycan v\u0259t\u0259nda\u015f\u0131 b\u00f6y\u00fck miqdarda pul \u00f6d\u0259nilm\u0259kl\u0259 \u0259sir v\u0259 girovluqdan azad edilib''","og_url":"https:\/\/www.meydan.tv\/az\/article\/3801-nefer-dagliq-qarabag-munaqisesi-neticesinde-itkin-dusmus-kimi-qeydiyyatdadir\/","og_site_name":"MEYDAN.TV","article_published_time":"2016-05-06T18:51:00+00:00","og_image":[{"width":750,"height":500,"url":"https:\/\/www.meydan.tv\/wp-content\/uploads\/21512.jpg","type":"image\/jpeg"}],"author":"user-manager","twitter_card":"summary_large_image","schema":{"@context":"https:\/\/schema.org","@graph":[{"@type":"Article","@id":"https:\/\/www.meydan.tv\/az\/article\/3801-nefer-dagliq-qarabag-munaqisesi-neticesinde-itkin-dusmus-kimi-qeydiyyatdadir\/#article","isPartOf":{"@id":"https:\/\/www.meydan.tv\/az\/article\/3801-nefer-dagliq-qarabag-munaqisesi-neticesinde-itkin-dusmus-kimi-qeydiyyatdadir\/"},"author":{"name":"user-manager","@id":"https:\/\/www.meydan.tv\/az\/#\/schema\/person\/10d11eccf6da3662cf5fdab9806ea91a"},"headline":"3801 n\u0259f\u0259r Da\u011fl\u0131q Qaraba\u011f m\u00fcnaqi\u015f\u0259si n\u0259tic\u0259sind\u0259 itkin d\u00fc\u015fm\u00fc\u015f kimi qeydiyyatdad\u0131r","datePublished":"2016-05-06T18:51:00+00:00","mainEntityOfPage":{"@id":"https:\/\/www.meydan.tv\/az\/article\/3801-nefer-dagliq-qarabag-munaqisesi-neticesinde-itkin-dusmus-kimi-qeydiyyatdadir\/"},"wordCount":306,"publisher":{"@id":"https:\/\/www.meydan.tv\/az\/#organization"},"image":{"@id":"https:\/\/www.meydan.tv\/az\/article\/3801-nefer-dagliq-qarabag-munaqisesi-neticesinde-itkin-dusmus-kimi-qeydiyyatdadir\/#primaryimage"},"thumbnailUrl":"https:\/\/www.meydan.tv\/wp-content\/uploads\/21512.jpg","articleSection":["Analitika"],"inLanguage":"az"},{"@type":"WebPage","@id":"https:\/\/www.meydan.tv\/az\/article\/3801-nefer-dagliq-qarabag-munaqisesi-neticesinde-itkin-dusmus-kimi-qeydiyyatdadir\/","url":"https:\/\/www.meydan.tv\/az\/article\/3801-nefer-dagliq-qarabag-munaqisesi-neticesinde-itkin-dusmus-kimi-qeydiyyatdadir\/","name":"3801 n\u0259f\u0259r Da\u011fl\u0131q Qaraba\u011f m\u00fcnaqi\u015f\u0259si n\u0259tic\u0259sind\u0259 itkin d\u00fc\u015fm\u00fc\u015f kimi qeydiyyatdad\u0131r - MEYDAN.TV","isPartOf":{"@id":"https:\/\/www.meydan.tv\/az\/#website"},"primaryImageOfPage":{"@id":"https:\/\/www.meydan.tv\/az\/article\/3801-nefer-dagliq-qarabag-munaqisesi-neticesinde-itkin-dusmus-kimi-qeydiyyatdadir\/#primaryimage"},"image":{"@id":"https:\/\/www.meydan.tv\/az\/article\/3801-nefer-dagliq-qarabag-munaqisesi-neticesinde-itkin-dusmus-kimi-qeydiyyatdadir\/#primaryimage"},"thumbnailUrl":"https:\/\/www.meydan.tv\/wp-content\/uploads\/21512.jpg","datePublished":"2016-05-06T18:51:00+00:00","breadcrumb":{"@id":"https:\/\/www.meydan.tv\/az\/article\/3801-nefer-dagliq-qarabag-munaqisesi-neticesinde-itkin-dusmus-kimi-qeydiyyatdadir\/#breadcrumb"},"inLanguage":"az","potentialAction":[{"@type":"ReadAction","target":["https:\/\/www.meydan.tv\/az\/article\/3801-nefer-dagliq-qarabag-munaqisesi-neticesinde-itkin-dusmus-kimi-qeydiyyatdadir\/"]}]},{"@type":"ImageObject","inLanguage":"az","@id":"https:\/\/www.meydan.tv\/az\/article\/3801-nefer-dagliq-qarabag-munaqisesi-neticesinde-itkin-dusmus-kimi-qeydiyyatdadir\/#primaryimage","url":"https:\/\/www.meydan.tv\/wp-content\/uploads\/21512.jpg","contentUrl":"https:\/\/www.meydan.tv\/wp-content\/uploads\/21512.jpg","width":750,"height":500,"caption":"Source:"},{"@type":"BreadcrumbList","@id":"https:\/\/www.meydan.tv\/az\/article\/3801-nefer-dagliq-qarabag-munaqisesi-neticesinde-itkin-dusmus-kimi-qeydiyyatdadir\/#breadcrumb","itemListElement":[{"@type":"ListItem","position":1,"name":"Ana s\u0259hif\u0259","item":"https:\/\/www.meydan.tv\/az\/"},{"@type":"ListItem","position":2,"name":"Analitika","item":"https:\/\/www.meydan.tv\/az\/section\/analitika\/"},{"@type":"ListItem","position":3,"name":"3801 n\u0259f\u0259r Da\u011fl\u0131q Qaraba\u011f m\u00fcnaqi\u015f\u0259si n\u0259tic\u0259sind\u0259 itkin d\u00fc\u015fm\u00fc\u015f kimi qeydiyyatdad\u0131r"}]},{"@type":"WebSite","@id":"https:\/\/www.meydan.tv\/az\/#website","url":"https:\/\/www.meydan.tv\/az\/","name":"MEYDAN.TV","description":"Meydan TV Az\u0259rbaycan\u0131n media m\u0259kan\u0131ndak\u0131 alternativ s\u0259sidir","publisher":{"@id":"https:\/\/www.meydan.tv\/az\/#organization"},"potentialAction":[{"@type":"SearchAction","target":{"@type":"EntryPoint","urlTemplate":"https:\/\/www.meydan.tv\/az\/?s={search_term_string}"},"query-input":{"@type":"PropertyValueSpecification","valueRequired":true,"valueName":"search_term_string"}}],"inLanguage":"az"},{"@type":"Organization","@id":"https:\/\/www.meydan.tv\/az\/#organization","name":"Meydan TV","url":"https:\/\/www.meydan.tv\/az\/","logo":{"@type":"ImageObject","inLanguage":"az","@id":"https:\/\/www.meydan.tv\/az\/#\/schema\/logo\/image\/","url":"https:\/\/www.meydan.tv\/wp-content\/uploads\/2021\/07\/meydan-logo.svg","contentUrl":"https:\/\/www.meydan.tv\/wp-content\/uploads\/2021\/07\/meydan-logo.svg","width":195,"height":46,"caption":"Meydan TV"},"image":{"@id":"https:\/\/www.meydan.tv\/az\/#\/schema\/logo\/image\/"}},{"@type":"Person","@id":"https:\/\/www.meydan.tv\/az\/#\/schema\/person\/10d11eccf6da3662cf5fdab9806ea91a","name":"user-manager"}]}},"_links":{"self":[{"href":"https:\/\/www.meydan.tv\/az\/wp-json\/wp\/v2\/posts\/175756","targetHints":{"allow":["GET"]}}],"collection":[{"href":"https:\/\/www.meydan.tv\/az\/wp-json\/wp\/v2\/posts"}],"about":[{"href":"https:\/\/www.meydan.tv\/az\/wp-json\/wp\/v2\/types\/post"}],"author":[{"embeddable":true,"href":"https:\/\/www.meydan.tv\/az\/wp-json\/wp\/v2\/users\/11"}],"replies":[{"embeddable":true,"href":"https:\/\/www.meydan.tv\/az\/wp-json\/wp\/v2\/comments?post=175756"}],"version-history":[{"count":0,"href":"https:\/\/www.meydan.tv\/az\/wp-json\/wp\/v2\/posts\/175756\/revisions"}],"wp:featuredmedia":[{"embeddable":true,"href":"https:\/\/www.meydan.tv\/az\/wp-json\/wp\/v2\/media\/56887"}],"wp:attachment":[{"href":"https:\/\/www.meydan.tv\/az\/wp-json\/wp\/v2\/media?parent=175756"}],"wp:term":[{"taxonomy":"category","embeddable":true,"href":"https:\/\/www.meydan.tv\/az\/wp-json\/wp\/v2\/categories?post=175756"},{"taxonomy":"post_tag","embeddable":true,"href":"https:\/\/www.meydan.tv\/az\/wp-json\/wp\/v2\/tags?post=175756"}],"curies":[{"name":"wp","href":"https:\/\/api.w.org\/{rel}","templated":true}]}}