{"id":175755,"date":"2016-05-06T18:25:20","date_gmt":"2016-05-06T18:25:20","guid":{"rendered":"https:\/\/www.meydan.tv\/article\/mariya-zaxarovanin-dedikleri-cefengiyyatdir\/"},"modified":"2016-05-06T18:25:20","modified_gmt":"2016-05-06T18:25:20","slug":"mariya-zaxarovanin-dedikleri-cefengiyyatdir","status":"publish","type":"post","link":"https:\/\/www.meydan.tv\/az\/article\/mariya-zaxarovanin-dedikleri-cefengiyyatdir\/","title":{"rendered":"&#8221;Mariya Zaxarovan\u0131n dedikl\u0259ri c\u0259f\u0259ngiyyatd\u0131r&#8221;"},"content":{"rendered":"<figure class=\"wp-block-image size-large\">\n  <img decoding=\"async\" src=\"https:\/\/www.meydan.tv\/az\/56821\/\" alt=\"\" class=\"wp-image-56821\"\/><figcaption><\/figcaption><\/figure>\n<p>\n  <i><br \/>\n    \u0130lqar V\u0259lizad\u0259: &#8221;Referenfum ke\u00e7iril\u0259c\u0259ks\u0259, b\u00f6lg\u0259nin Az\u0259rbaycan icmas\u0131 da o prosesd\u0259 i\u015ftirak etm\u0259lidir&#8221;<br \/>\n  <\/i>\n<\/p>\n<p>\n  \u201cBiz d\u0259f\u0259l\u0259rl\u0259 b\u0259yan etmi\u015fik ki, Da\u011fl\u0131q Qaraba\u011f m\u0259s\u0259l\u0259si istisnas\u0131z olaraq dan\u0131\u015f\u0131qlar yolu il\u0259 h\u0259ll olunmal\u0131d\u0131r\u201d.<\/p>\n<p>  Bunu Rusiya Xarici \u0130\u015fl\u0259r Nazirliyinin x\u00fcsusi n\u00fcmay\u0259nd\u0259si Mariya Zaxarova ke\u00e7irdiyi \u0259n\u0259n\u0259vi brifinqd\u0259 deyib.<\/p>\n<p>  O bildirib ki, problem siyasi-diplomatik yolla h\u0259llini tapmal\u0131d\u0131r: \u201cBir daha xat\u0131rlatmaq ist\u0259yir\u0259m ki, Da\u011fl\u0131q Qaraba\u011f m\u00fcnaqi\u015f\u0259sinin nizamlanmas\u0131 prinsipl\u0259ri aras\u0131nda Az\u0259rbaycan, Erm\u0259nistan v\u0259 Rusiya prezidentl\u0259rinin 2009-2013-c\u00fc ill\u0259r \u0259rzind\u0259 q\u0259bul etdikl\u0259ri b\u0259yanatlar\u0131 da var ki, h\u0259min b\u0259yanatlarda Da\u011fl\u0131q Qaraba\u011f\u0131n statusunun h\u00fcquqi bax\u0131mdan m\u0259cburi olan \u00f6z irad\u0259sini ifad\u0259etm\u0259 (referendum \u2013 APA.) \u0259sas\u0131nda m\u00fc\u0259yy\u0259nl\u0259\u015fdirilm\u0259si \u00f6z \u0259ksini tap\u0131b. Biz \u00f6z t\u0259r\u0259fimizd\u0259n vasit\u0259\u00e7i kimi dig\u0259r h\u0259ms\u0259dr \u00f6lk\u0259l\u0259rl\u0259 birlikd\u0259 t\u0259r\u0259fl\u0259r\u0259 bu m\u0259qs\u0259di h\u0259yata ke\u00e7irm\u0259k \u00fc\u00e7\u00fcn b\u00fct\u00fcn laz\u0131m\u0131 k\u00f6m\u0259yi ed\u0259c\u0259yimiz\u0259 haz\u0131r oldu\u011fumuzu t\u0259sdiq edirik\u201d.<\/p>\n<p>  M. Zaxarova onu da \u0259lav\u0259 edib ki, Da\u011fl\u0131q Qaraba\u011f m\u00fcnaqi\u015f\u0259sinin nizamlanmas\u0131 m\u0259s\u0259l\u0259si daim Rusiya Xarici \u0130\u015fl\u0259r Nazirliyinin g\u00fcnd\u0259liyind\u0259 dayan\u0131r.<\/p>\n<p>  M.Zaxarovan\u0131n fikirl\u0259rini Meydan TV-y\u0259 \u015f\u0259rh ed\u0259n siyasi \u015f\u0259rh\u00e7i Nicat M\u0259likov deyil\u0259nl\u0259ri siyasi c\u0259f\u0259ngiyyat hesab edib. Onun fikrinc\u0259, Da\u011fl\u0131q Qaraba\u011f probleminin diplomatik h\u0259ll yolu yoxdur: &#8220;Az\u0259rbaycan \u0259razi b\u00fct\u00f6vl\u00fcy\u00fcn\u00fc b\u0259rpa etm\u0259lidir. Biz Rusiya X\u0130N-nin m\u0259tbuat katibinin h\u0259r hans\u0131 c\u0259f\u0259ng a\u00e7\u0131qlamalar\u0131na diqq\u0259t etm\u0259k mara\u011f\u0131nda olmamal\u0131y\u0131q&#8221;.<\/p>\n<p>  Onun h\u0259mkar\u0131 \u0130lqar V\u0259lizad\u0259 is\u0259 d\u00fc\u015f\u00fcn\u00fcr ki, Rusiya Xarici \u0130\u015fl\u0259r Nazirliyi bu a\u00e7\u0131qlamayla referendumu n\u0259z\u0259rd\u0259 tutur: &#8220;Az\u0259rbaycan t\u0259r\u0259fi bu bar\u0259d\u0259 dan\u0131\u015fmasa da, Madrid Prinsipl\u0259rind\u0259 bu bar\u0259d\u0259 b\u0259nd var. Sad\u0259c\u0259, Rusiya v\u0259 Erm\u0259nistan prinsipl\u0259rin be\u015finci m\u0259s\u0259l\u0259sini indi m\u00fczakir\u0259 etm\u0259k ist\u0259yirl\u0259r. Bu is\u0259 m\u00fcmk\u00fcn deyil. Birinci odur ki, Erm\u0259nistan qo\u015funu \u0259razil\u0259rd\u0259n \u00e7\u0131xar\u0131lmal\u0131, m\u0259cburi k\u00f6\u00e7k\u00fcnl\u0259r yurdlar\u0131na qay\u0131tmal\u0131, bundan sonra o m\u0259s\u0259l\u0259y\u0259 g\u0259lm\u0259k olar. N\u0259hay\u0259t, referenfum ke\u00e7iril\u0259c\u0259ks\u0259, b\u00f6lg\u0259nin Az\u0259rbaycan icmas\u0131 da o prosesd\u0259 i\u015ftirak etm\u0259lidir. B\u00fct\u00fcn hallarda referendumun m\u00fcxt\u0259lif \u015f\u0259rtl\u0259ri ola bil\u0259r. \u00dcmumi say\u0131n 40 faizini az\u0259rbaycanl\u0131lar t\u0259\u015fkil edirs\u0259, onlar\u0131n m\u00fcnasib\u0259ti m\u00fctl\u0259q n\u0259z\u0259r\u0259 al\u0131nmal\u0131d\u0131r&#8221;.<\/p>\n","protected":false},"excerpt":{"rendered":"<p>\u0130lqar V\u0259lizad\u0259: &#8221;Referenfum ke\u00e7iril\u0259c\u0259ks\u0259, b\u00f6lg\u0259nin Az\u0259rbaycan icmas\u0131 da o prosesd\u0259 i\u015ftirak etm\u0259lidir&#8221;<\/p>\n","protected":false},"author":11,"featured_media":56821,"comment_status":"closed","ping_status":"open","sticky":false,"template":"","format":"standard","meta":{"_acf_changed":false,"_sitemap_exclude":false,"_sitemap_priority":"","_sitemap_frequency":"","footnotes":""},"categories":[51],"tags":[],"class_list":["post-175755","post","type-post","status-publish","format-standard","has-post-thumbnail","hentry","category-analitika","infinite-scroll-item","generate-columns","tablet-grid-50","mobile-grid-100","grid-parent","grid-33","no-featured-image-padding"],"acf":[],"yoast_head":"<!-- This site is optimized with the Yoast SEO plugin v27.5 - https:\/\/yoast.com\/product\/yoast-seo-wordpress\/ -->\n<title>&#039;&#039;Mariya Zaxarovan\u0131n dedikl\u0259ri c\u0259f\u0259ngiyyatd\u0131r&#039;&#039; - MEYDAN.TV<\/title>\n<meta name=\"robots\" content=\"index, follow, max-snippet:-1, max-image-preview:large, max-video-preview:-1\" \/>\n<link rel=\"canonical\" href=\"https:\/\/www.meydan.tv\/az\/article\/mariya-zaxarovanin-dedikleri-cefengiyyatdir\/\" \/>\n<meta property=\"og:locale\" content=\"az_AZ\" \/>\n<meta property=\"og:type\" content=\"article\" \/>\n<meta property=\"og:title\" content=\"&#039;&#039;Mariya Zaxarovan\u0131n dedikl\u0259ri c\u0259f\u0259ngiyyatd\u0131r&#039;&#039; - MEYDAN.TV\" \/>\n<meta property=\"og:description\" content=\"\u0130lqar V\u0259lizad\u0259: &#039;&#039;Referenfum ke\u00e7iril\u0259c\u0259ks\u0259, b\u00f6lg\u0259nin Az\u0259rbaycan icmas\u0131 da o prosesd\u0259 i\u015ftirak etm\u0259lidir&#039;&#039;\" \/>\n<meta property=\"og:url\" content=\"https:\/\/www.meydan.tv\/az\/article\/mariya-zaxarovanin-dedikleri-cefengiyyatdir\/\" \/>\n<meta property=\"og:site_name\" content=\"MEYDAN.TV\" \/>\n<meta property=\"article:published_time\" content=\"2016-05-06T18:25:20+00:00\" \/>\n<meta property=\"og:image\" content=\"https:\/\/www.meydan.tv\/wp-content\/uploads\/21510.jpg\" \/>\n\t<meta property=\"og:image:width\" content=\"768\" \/>\n\t<meta property=\"og:image:height\" content=\"451\" \/>\n\t<meta property=\"og:image:type\" content=\"image\/jpeg\" \/>\n<meta name=\"author\" content=\"user-manager\" \/>\n<meta name=\"twitter:card\" content=\"summary_large_image\" \/>\n<script type=\"application\/ld+json\" class=\"yoast-schema-graph\">{\"@context\":\"https:\\\/\\\/schema.org\",\"@graph\":[{\"@type\":\"Article\",\"@id\":\"https:\\\/\\\/www.meydan.tv\\\/az\\\/article\\\/mariya-zaxarovanin-dedikleri-cefengiyyatdir\\\/#article\",\"isPartOf\":{\"@id\":\"https:\\\/\\\/www.meydan.tv\\\/az\\\/article\\\/mariya-zaxarovanin-dedikleri-cefengiyyatdir\\\/\"},\"author\":{\"name\":\"user-manager\",\"@id\":\"https:\\\/\\\/www.meydan.tv\\\/az\\\/#\\\/schema\\\/person\\\/10d11eccf6da3662cf5fdab9806ea91a\"},\"headline\":\"&#8221;Mariya Zaxarovan\u0131n dedikl\u0259ri c\u0259f\u0259ngiyyatd\u0131r&#8221;\",\"datePublished\":\"2016-05-06T18:25:20+00:00\",\"mainEntityOfPage\":{\"@id\":\"https:\\\/\\\/www.meydan.tv\\\/az\\\/article\\\/mariya-zaxarovanin-dedikleri-cefengiyyatdir\\\/\"},\"wordCount\":487,\"publisher\":{\"@id\":\"https:\\\/\\\/www.meydan.tv\\\/az\\\/#organization\"},\"image\":{\"@id\":\"https:\\\/\\\/www.meydan.tv\\\/az\\\/article\\\/mariya-zaxarovanin-dedikleri-cefengiyyatdir\\\/#primaryimage\"},\"thumbnailUrl\":\"https:\\\/\\\/www.meydan.tv\\\/wp-content\\\/uploads\\\/21510.jpg\",\"articleSection\":[\"Analitika\"],\"inLanguage\":\"az\"},{\"@type\":\"WebPage\",\"@id\":\"https:\\\/\\\/www.meydan.tv\\\/az\\\/article\\\/mariya-zaxarovanin-dedikleri-cefengiyyatdir\\\/\",\"url\":\"https:\\\/\\\/www.meydan.tv\\\/az\\\/article\\\/mariya-zaxarovanin-dedikleri-cefengiyyatdir\\\/\",\"name\":\"''Mariya Zaxarovan\u0131n dedikl\u0259ri c\u0259f\u0259ngiyyatd\u0131r'' - MEYDAN.TV\",\"isPartOf\":{\"@id\":\"https:\\\/\\\/www.meydan.tv\\\/az\\\/#website\"},\"primaryImageOfPage\":{\"@id\":\"https:\\\/\\\/www.meydan.tv\\\/az\\\/article\\\/mariya-zaxarovanin-dedikleri-cefengiyyatdir\\\/#primaryimage\"},\"image\":{\"@id\":\"https:\\\/\\\/www.meydan.tv\\\/az\\\/article\\\/mariya-zaxarovanin-dedikleri-cefengiyyatdir\\\/#primaryimage\"},\"thumbnailUrl\":\"https:\\\/\\\/www.meydan.tv\\\/wp-content\\\/uploads\\\/21510.jpg\",\"datePublished\":\"2016-05-06T18:25:20+00:00\",\"breadcrumb\":{\"@id\":\"https:\\\/\\\/www.meydan.tv\\\/az\\\/article\\\/mariya-zaxarovanin-dedikleri-cefengiyyatdir\\\/#breadcrumb\"},\"inLanguage\":\"az\",\"potentialAction\":[{\"@type\":\"ReadAction\",\"target\":[\"https:\\\/\\\/www.meydan.tv\\\/az\\\/article\\\/mariya-zaxarovanin-dedikleri-cefengiyyatdir\\\/\"]}]},{\"@type\":\"ImageObject\",\"inLanguage\":\"az\",\"@id\":\"https:\\\/\\\/www.meydan.tv\\\/az\\\/article\\\/mariya-zaxarovanin-dedikleri-cefengiyyatdir\\\/#primaryimage\",\"url\":\"https:\\\/\\\/www.meydan.tv\\\/wp-content\\\/uploads\\\/21510.jpg\",\"contentUrl\":\"https:\\\/\\\/www.meydan.tv\\\/wp-content\\\/uploads\\\/21510.jpg\",\"width\":768,\"height\":451,\"caption\":\"Source:\"},{\"@type\":\"BreadcrumbList\",\"@id\":\"https:\\\/\\\/www.meydan.tv\\\/az\\\/article\\\/mariya-zaxarovanin-dedikleri-cefengiyyatdir\\\/#breadcrumb\",\"itemListElement\":[{\"@type\":\"ListItem\",\"position\":1,\"name\":\"Ana s\u0259hif\u0259\",\"item\":\"https:\\\/\\\/www.meydan.tv\\\/az\\\/\"},{\"@type\":\"ListItem\",\"position\":2,\"name\":\"Analitika\",\"item\":\"https:\\\/\\\/www.meydan.tv\\\/az\\\/section\\\/analitika\\\/\"},{\"@type\":\"ListItem\",\"position\":3,\"name\":\"&#8221;Mariya Zaxarovan\u0131n dedikl\u0259ri c\u0259f\u0259ngiyyatd\u0131r&#8221;\"}]},{\"@type\":\"WebSite\",\"@id\":\"https:\\\/\\\/www.meydan.tv\\\/az\\\/#website\",\"url\":\"https:\\\/\\\/www.meydan.tv\\\/az\\\/\",\"name\":\"MEYDAN.TV\",\"description\":\"Meydan TV Az\u0259rbaycan\u0131n media m\u0259kan\u0131ndak\u0131 alternativ s\u0259sidir\",\"publisher\":{\"@id\":\"https:\\\/\\\/www.meydan.tv\\\/az\\\/#organization\"},\"potentialAction\":[{\"@type\":\"SearchAction\",\"target\":{\"@type\":\"EntryPoint\",\"urlTemplate\":\"https:\\\/\\\/www.meydan.tv\\\/az\\\/?s={search_term_string}\"},\"query-input\":{\"@type\":\"PropertyValueSpecification\",\"valueRequired\":true,\"valueName\":\"search_term_string\"}}],\"inLanguage\":\"az\"},{\"@type\":\"Organization\",\"@id\":\"https:\\\/\\\/www.meydan.tv\\\/az\\\/#organization\",\"name\":\"Meydan TV\",\"url\":\"https:\\\/\\\/www.meydan.tv\\\/az\\\/\",\"logo\":{\"@type\":\"ImageObject\",\"inLanguage\":\"az\",\"@id\":\"https:\\\/\\\/www.meydan.tv\\\/az\\\/#\\\/schema\\\/logo\\\/image\\\/\",\"url\":\"https:\\\/\\\/www.meydan.tv\\\/wp-content\\\/uploads\\\/2021\\\/07\\\/meydan-logo.svg\",\"contentUrl\":\"https:\\\/\\\/www.meydan.tv\\\/wp-content\\\/uploads\\\/2021\\\/07\\\/meydan-logo.svg\",\"width\":195,\"height\":46,\"caption\":\"Meydan TV\"},\"image\":{\"@id\":\"https:\\\/\\\/www.meydan.tv\\\/az\\\/#\\\/schema\\\/logo\\\/image\\\/\"}},{\"@type\":\"Person\",\"@id\":\"https:\\\/\\\/www.meydan.tv\\\/az\\\/#\\\/schema\\\/person\\\/10d11eccf6da3662cf5fdab9806ea91a\",\"name\":\"user-manager\"}]}<\/script>\n<!-- \/ Yoast SEO plugin. -->","yoast_head_json":{"title":"''Mariya Zaxarovan\u0131n dedikl\u0259ri c\u0259f\u0259ngiyyatd\u0131r'' - MEYDAN.TV","robots":{"index":"index","follow":"follow","max-snippet":"max-snippet:-1","max-image-preview":"max-image-preview:large","max-video-preview":"max-video-preview:-1"},"canonical":"https:\/\/www.meydan.tv\/az\/article\/mariya-zaxarovanin-dedikleri-cefengiyyatdir\/","og_locale":"az_AZ","og_type":"article","og_title":"''Mariya Zaxarovan\u0131n dedikl\u0259ri c\u0259f\u0259ngiyyatd\u0131r'' - MEYDAN.TV","og_description":"\u0130lqar V\u0259lizad\u0259: ''Referenfum ke\u00e7iril\u0259c\u0259ks\u0259, b\u00f6lg\u0259nin Az\u0259rbaycan icmas\u0131 da o prosesd\u0259 i\u015ftirak etm\u0259lidir''","og_url":"https:\/\/www.meydan.tv\/az\/article\/mariya-zaxarovanin-dedikleri-cefengiyyatdir\/","og_site_name":"MEYDAN.TV","article_published_time":"2016-05-06T18:25:20+00:00","og_image":[{"width":768,"height":451,"url":"https:\/\/www.meydan.tv\/wp-content\/uploads\/21510.jpg","type":"image\/jpeg"}],"author":"user-manager","twitter_card":"summary_large_image","schema":{"@context":"https:\/\/schema.org","@graph":[{"@type":"Article","@id":"https:\/\/www.meydan.tv\/az\/article\/mariya-zaxarovanin-dedikleri-cefengiyyatdir\/#article","isPartOf":{"@id":"https:\/\/www.meydan.tv\/az\/article\/mariya-zaxarovanin-dedikleri-cefengiyyatdir\/"},"author":{"name":"user-manager","@id":"https:\/\/www.meydan.tv\/az\/#\/schema\/person\/10d11eccf6da3662cf5fdab9806ea91a"},"headline":"&#8221;Mariya Zaxarovan\u0131n dedikl\u0259ri c\u0259f\u0259ngiyyatd\u0131r&#8221;","datePublished":"2016-05-06T18:25:20+00:00","mainEntityOfPage":{"@id":"https:\/\/www.meydan.tv\/az\/article\/mariya-zaxarovanin-dedikleri-cefengiyyatdir\/"},"wordCount":487,"publisher":{"@id":"https:\/\/www.meydan.tv\/az\/#organization"},"image":{"@id":"https:\/\/www.meydan.tv\/az\/article\/mariya-zaxarovanin-dedikleri-cefengiyyatdir\/#primaryimage"},"thumbnailUrl":"https:\/\/www.meydan.tv\/wp-content\/uploads\/21510.jpg","articleSection":["Analitika"],"inLanguage":"az"},{"@type":"WebPage","@id":"https:\/\/www.meydan.tv\/az\/article\/mariya-zaxarovanin-dedikleri-cefengiyyatdir\/","url":"https:\/\/www.meydan.tv\/az\/article\/mariya-zaxarovanin-dedikleri-cefengiyyatdir\/","name":"''Mariya Zaxarovan\u0131n dedikl\u0259ri c\u0259f\u0259ngiyyatd\u0131r'' - MEYDAN.TV","isPartOf":{"@id":"https:\/\/www.meydan.tv\/az\/#website"},"primaryImageOfPage":{"@id":"https:\/\/www.meydan.tv\/az\/article\/mariya-zaxarovanin-dedikleri-cefengiyyatdir\/#primaryimage"},"image":{"@id":"https:\/\/www.meydan.tv\/az\/article\/mariya-zaxarovanin-dedikleri-cefengiyyatdir\/#primaryimage"},"thumbnailUrl":"https:\/\/www.meydan.tv\/wp-content\/uploads\/21510.jpg","datePublished":"2016-05-06T18:25:20+00:00","breadcrumb":{"@id":"https:\/\/www.meydan.tv\/az\/article\/mariya-zaxarovanin-dedikleri-cefengiyyatdir\/#breadcrumb"},"inLanguage":"az","potentialAction":[{"@type":"ReadAction","target":["https:\/\/www.meydan.tv\/az\/article\/mariya-zaxarovanin-dedikleri-cefengiyyatdir\/"]}]},{"@type":"ImageObject","inLanguage":"az","@id":"https:\/\/www.meydan.tv\/az\/article\/mariya-zaxarovanin-dedikleri-cefengiyyatdir\/#primaryimage","url":"https:\/\/www.meydan.tv\/wp-content\/uploads\/21510.jpg","contentUrl":"https:\/\/www.meydan.tv\/wp-content\/uploads\/21510.jpg","width":768,"height":451,"caption":"Source:"},{"@type":"BreadcrumbList","@id":"https:\/\/www.meydan.tv\/az\/article\/mariya-zaxarovanin-dedikleri-cefengiyyatdir\/#breadcrumb","itemListElement":[{"@type":"ListItem","position":1,"name":"Ana s\u0259hif\u0259","item":"https:\/\/www.meydan.tv\/az\/"},{"@type":"ListItem","position":2,"name":"Analitika","item":"https:\/\/www.meydan.tv\/az\/section\/analitika\/"},{"@type":"ListItem","position":3,"name":"&#8221;Mariya Zaxarovan\u0131n dedikl\u0259ri c\u0259f\u0259ngiyyatd\u0131r&#8221;"}]},{"@type":"WebSite","@id":"https:\/\/www.meydan.tv\/az\/#website","url":"https:\/\/www.meydan.tv\/az\/","name":"MEYDAN.TV","description":"Meydan TV Az\u0259rbaycan\u0131n media m\u0259kan\u0131ndak\u0131 alternativ s\u0259sidir","publisher":{"@id":"https:\/\/www.meydan.tv\/az\/#organization"},"potentialAction":[{"@type":"SearchAction","target":{"@type":"EntryPoint","urlTemplate":"https:\/\/www.meydan.tv\/az\/?s={search_term_string}"},"query-input":{"@type":"PropertyValueSpecification","valueRequired":true,"valueName":"search_term_string"}}],"inLanguage":"az"},{"@type":"Organization","@id":"https:\/\/www.meydan.tv\/az\/#organization","name":"Meydan TV","url":"https:\/\/www.meydan.tv\/az\/","logo":{"@type":"ImageObject","inLanguage":"az","@id":"https:\/\/www.meydan.tv\/az\/#\/schema\/logo\/image\/","url":"https:\/\/www.meydan.tv\/wp-content\/uploads\/2021\/07\/meydan-logo.svg","contentUrl":"https:\/\/www.meydan.tv\/wp-content\/uploads\/2021\/07\/meydan-logo.svg","width":195,"height":46,"caption":"Meydan TV"},"image":{"@id":"https:\/\/www.meydan.tv\/az\/#\/schema\/logo\/image\/"}},{"@type":"Person","@id":"https:\/\/www.meydan.tv\/az\/#\/schema\/person\/10d11eccf6da3662cf5fdab9806ea91a","name":"user-manager"}]}},"_links":{"self":[{"href":"https:\/\/www.meydan.tv\/az\/wp-json\/wp\/v2\/posts\/175755","targetHints":{"allow":["GET"]}}],"collection":[{"href":"https:\/\/www.meydan.tv\/az\/wp-json\/wp\/v2\/posts"}],"about":[{"href":"https:\/\/www.meydan.tv\/az\/wp-json\/wp\/v2\/types\/post"}],"author":[{"embeddable":true,"href":"https:\/\/www.meydan.tv\/az\/wp-json\/wp\/v2\/users\/11"}],"replies":[{"embeddable":true,"href":"https:\/\/www.meydan.tv\/az\/wp-json\/wp\/v2\/comments?post=175755"}],"version-history":[{"count":0,"href":"https:\/\/www.meydan.tv\/az\/wp-json\/wp\/v2\/posts\/175755\/revisions"}],"wp:featuredmedia":[{"embeddable":true,"href":"https:\/\/www.meydan.tv\/az\/wp-json\/wp\/v2\/media\/56821"}],"wp:attachment":[{"href":"https:\/\/www.meydan.tv\/az\/wp-json\/wp\/v2\/media?parent=175755"}],"wp:term":[{"taxonomy":"category","embeddable":true,"href":"https:\/\/www.meydan.tv\/az\/wp-json\/wp\/v2\/categories?post=175755"},{"taxonomy":"post_tag","embeddable":true,"href":"https:\/\/www.meydan.tv\/az\/wp-json\/wp\/v2\/tags?post=175755"}],"curies":[{"name":"wp","href":"https:\/\/api.w.org\/{rel}","templated":true}]}}