{"id":175753,"date":"2016-05-06T17:39:15","date_gmt":"2016-05-06T17:39:15","guid":{"rendered":"https:\/\/www.meydan.tv\/article\/ebdul-ve-ilkine-mektub\/"},"modified":"2016-05-06T17:39:15","modified_gmt":"2016-05-06T17:39:15","slug":"ebdul-ve-ilkine-mektub","status":"publish","type":"post","link":"https:\/\/www.meydan.tv\/az\/article\/ebdul-ve-ilkine-mektub\/","title":{"rendered":"\u018fbd\u00fcl v\u0259 \u0130lkin\u0259 m\u0259ktub"},"content":{"rendered":"<figure class=\"wp-block-image size-large\">\n  <img decoding=\"async\" src=\"https:\/\/www.meydan.tv\/az\/56830\/\" alt=\"\" class=\"wp-image-56830\"\/><figcaption><\/figcaption><\/figure>\n<figure class=\"wp-block-image size-large\">\n  <img decoding=\"async\" src=\"https:\/\/www.meydan.tv\/az\/56836\/\" alt=\"\" class=\"wp-image-56836\"\/><figcaption><\/figcaption><\/figure>\n<p>\n  Bir ne\u00e7\u0259 ay bundan \u0259vv\u0259l h\u0259bsd\u0259 olan siyasi m\u0259hbuslar \u00fc\u00e7\u00fcn m\u0259ktub kampaniyas\u0131 ba\u015flam\u0131\u015fd\u0131. Ondan \u0259vv\u0259l d\u0259 bel\u0259 i\u015fl\u0259r g\u00f6r\u00fcl\u00fcb. \u018fvv\u0259l h\u0259bsd\u0259n \u00e7\u0131xan dostlar da h\u0259r k\u0259s\u0259 m\u0259sl\u0259h\u0259t g\u00f6r\u00fcrd\u00fc ki, h\u0259bsd\u0259ki dostlar\u0131m\u0131za m\u0259ktub yazmaq vacibdir. Son \u0259fvd\u0259n sonra is\u0259 h\u0259bsd\u0259n \u00e7\u0131xan dostlar bunu daha \u015fidd\u0259tli t\u00f6vsiy\u0259 etdil\u0259r.\n<\/p>\n<p>\n  Uzun zaman \u0259traf\u0131mdak\u0131 insanlar t\u0259r\u0259find\u0259n h\u0259bsd\u0259ki dostlardan he\u00e7 kim\u0259 m\u0259ktub yazmamaqda q\u0131nand\u0131m. Onlara \u201cYaza bilmir\u0259m, s\u00f6z tapm\u0131ram&#8230;\u201d dem\u0259k \u015fans\u0131m da yoxdur. H\u0259min an b\u0259han\u0259 etdiyimi d\u00fc\u015f\u00fcn\u00fcrl\u0259r v\u0259 bel\u0259c\u0259, daha b\u00f6y\u00fck q\u0131naqlar ya\u011fd\u0131r\u0131l\u0131r. Bu q\u0259d\u0259r yaz\u0131 yaz\u0131b, h\u0259bsd\u0259 olan dostlar\u0131na m\u0259ktub yazmamaq ya da m\u0259nim diliml\u0259 des\u0259k, yaza bilm\u0259m\u0259k d\u0259, g\u00f6r\u00fcn\u00fcr, bir d\u0259rddir.\n<\/p>\n<p>\n  \u018fbd\u00fcl, \u0130lkin, siz h\u0259bs\u0259 d\u00fc\u015f\u0259nd\u0259n sonra b\u0259lk\u0259 d\u0259 ed\u0259 bildiyim \u0259n b\u00f6y\u00fck i\u015f ya da \u0259n \u00e7ox etdiyim i\u015f \u015f\u0259kill\u0259rinizi sosial \u015f\u0259b\u0259k\u0259l\u0259rd\u0259 payla\u015fma\u011f\u0131m, haqq\u0131n\u0131zda insanlara daha \u00e7ox m\u0259lumatlar \u00e7atd\u0131rma\u011f\u0131m olub.\n<\/p>\n<p>\n  B\u0259z\u0259n olur, kim\u0259s\u0259 sizd\u0259n dan\u0131\u015f\u0131r\u0131q v\u0259 o adam sizi tan\u0131mad\u0131\u011f\u0131n\u0131 deyir. Bu zaman biz \u00e7ox q\u0259z\u0259bl\u0259nirik, b\u0259z\u0259n he\u00e7 yer\u0259-g\u00f6y\u0259 s\u0131\u011fm\u0131r\u0131q, \u00fcr\u0259yimiz s\u0131zlay\u0131r, i\u00e7imiz g\u00f6yn\u0259yir. Ax\u0131 nec\u0259 olur ki, sizin kimi g\u0259ncl\u0259ri bu \u00f6lk\u0259d\u0259 tan\u0131m\u0131rlar, \u201cax\u0131 niy\u0259 sizin kimi g\u0259ncl\u0259ri olan bir \u00f6lk\u0259 bu g\u00fcnd\u0259dir?\u201d yox, m\u0259hz sizi tan\u0131mamaqlar\u0131 daha a\u011fr\u0131l\u0131 olur biz\u0259. Amma biz b\u0259z\u0259n \u00f6z\u00fcm\u00fcz\u00fc, \u00f6z \u0259traf\u0131m\u0131z\u0131 unuduruq.\n<\/p>\n<p>\n  M\u0259g\u0259r biz sizi \u00e7oxmu yax\u015f\u0131 tan\u0131y\u0131r\u0131q?! M\u0259mm\u0259d \u018fzizov h\u0259bsd\u0259n \u00e7\u0131xanda \u0259trafda olan biri ona bel\u0259 bir sual vermi\u015fdi: \u201cO s\u00f6hb\u0259tl\u0259r do\u011fru idi?\u201d Y\u0259ni bu insanlar bel\u0259 sizi tan\u0131m\u0131r, yoxsa ki, biz m\u00fc\u0259llimind\u0259n qeyb\u0259ti, alimind\u0259n ail\u0259 qurma\u011f\u0131n sirrl\u0259rini, ziyal\u0131s\u0131ndan yaltaql\u0131\u011f\u0131, ail\u0259sind\u0259n yalan\u0131, c\u0259miyy\u0259td\u0259n cinay\u0259ti, sistemd\u0259n saxtakarl\u0131\u011f\u0131 \u00f6yr\u0259n\u0259n g\u0259ncl\u0259rd\u0259n sizi tan\u0131ma\u011f\u0131, s\u0259h\u0259rd\u0259n ax\u015fama q\u0259d\u0259r h\u0259r c\u00fcr z\u00fclm\u0259 qatlanan, saatlarla be\u015f q\u0259pik arxas\u0131nca ged\u0259n, he\u00e7 bir informasiya ala bilm\u0259y\u0259n, bir kitab \u00fcz\u00fc a\u00e7a bilm\u0259y\u0259n insanlardan sizi tan\u0131ma\u011f\u0131, sizin q\u0259drinizi bilm\u0259yi g\u00f6zl\u0259yirik.\n<\/p>\n<p>\n  Sizc\u0259, bu n\u0259 q\u0259d\u0259r m\u00fcmk\u00fcnd\u00fcr?!\n<\/p>\n<p>\n  Bununla bel\u0259 siz\u0259 qiym\u0259t ver\u0259n, sizi daha yax\u015f\u0131 tan\u0131yan v\u0259 tan\u0131tma\u011fa \u00e7al\u0131\u015fan, g\u00f6rd\u00fcy\u00fcn\u00fcz i\u015fl\u0259rin n\u0259 q\u0259d\u0259r d\u0259y\u0259rli oldu\u011funu d\u0259rk ed\u0259n insanlar\u0131n olmas\u0131, b\u0259z\u0259n g\u00f6zl\u0259m\u0259diyimiz an g\u00f6zl\u0259m\u0259diyimiz insanlardan sizin haqq\u0131n\u0131zda s\u00f6zl\u0259r e\u015fitm\u0259yimiz biz\u0259 az da olsa, t\u0259s\u0259lli olur.\n<\/p>\n<p>\n  Dostlar h\u0259bsd\u0259n \u00e7\u0131xandan b\u0259lk\u0259 d\u0259 saatlarla onlara h\u0259bsd\u0259ki h\u0259yatlar\u0131 haqq\u0131nda suallar verir\u0259m. Durmadan, dayanmadan bizim ya\u015fad\u0131qlar\u0131m\u0131zla sizin ya\u015fad\u0131qlar\u0131n\u0131z aras\u0131ndak\u0131 f\u0259rqi hesablay\u0131ram. B\u0259z\u0259n beynimd\u0259 d\u00fcz\u00fcb-qo\u015fub he\u00e7 bir f\u0259rqi olmad\u0131\u011f\u0131n\u0131, h\u0259r \u015feyin bel\u0259 d\u0259 yolunda oldu\u011funu qura\u015fd\u0131r\u0131ram. Amma yox, he\u00e7 biri d\u00fcz g\u0259lmir.\n<\/p>\n<p>\n  N\u0259 sizin ya\u015fad\u0131\u011f\u0131n\u0131z h\u0259yat\u0131 d\u0259rk edir\u0259m, n\u0259 d\u0259 beynimd\u0259 sizin rahatl\u0131\u011f\u0131n\u0131z\u0131 t\u0259svir ed\u0259 bilir\u0259m. Bilirsiniz, \u00e7ar\u0259siz olmaq, \u0259lind\u0259n daha \u00e7ox i\u015f g\u0259lm\u0259m\u0259k d\u0259 bir d\u0259rddir. Onda da adam m\u0259cbur qal\u0131b, bel\u0259 \u015feyl\u0259r d\u00fc\u015f\u00fcn\u00fcr. M\u0259n bilmir\u0259m, sizin \u00fc\u00e7\u00fcn n\u0259 ed\u0259 bil\u0259r\u0259m, sizin h\u0259bsd\u0259n \u00e7\u0131xma\u011f\u0131n\u0131z \u00fc\u00e7\u00fcn hans\u0131 i\u015fl\u0259r z\u0259ruridir? B\u00fct\u00fcn bu ill\u0259r \u0259rzind\u0259 m\u0259s\u0259l\u0259nin k\u0259d\u0259rli, a\u011fr\u0131l\u0131, a\u011flamal\u0131 hiss\u0259l\u0259ri \u00e7ox yaz\u0131l\u0131b, \u00e7ox deyilib.\n<\/p>\n<p>\n  Amma h\u0259mi\u015f\u0259 oldu\u011fu kimi, b\u0259dbinlik Az\u0259rbaycan\u0131n he\u00e7 bir i\u015fin\u0259 yaramay\u0131b. Bu \u00f6lk\u0259 d\u0259 bildiyiniz kimi ba\u015fdan aya\u011fa problemlidir. Bu q\u0259d\u0259r problemin i\u00e7ind\u0259 s\u0259simizi duyan, s\u0259simizi e\u015fid\u0259n v\u0259 ya e\u015fitm\u0259k ist\u0259y\u0259n yoxdur. D\u00fcnyan\u0131n haras\u0131nda olursan ol, hans\u0131 problemind\u0259n dan\u0131\u015f\u0131rsan dan\u0131\u015f, yen\u0259 d\u0259 deyirl\u0259r sizd\u0259n d\u0259 pis g\u00fcnd\u0259 olan yerl\u0259r var.\n<\/p>\n<p>\n  T\u0259s\u0259lli \u00fc\u00e7\u00fcn yazm\u0131ram, amma bir \u0259hvalat\u0131m var, uzun zamand\u0131r m\u0259ni \u00e7ox narahat edir. \u201c\u018fsk\u0259r \u00f6l\u00fcml\u0259rin\u0259 son\u201d aksiyalar\u0131n\u0131n birind\u0259 qa\u00e7ark\u0259n aya\u011f\u0131m d\u0259mir zibilqab\u0131lar\u0131n birin\u0259 ili\u015fib, b\u0259rk z\u0259d\u0259 alm\u0131\u015fd\u0131. &#8220;Tarqov\u0131&#8221;dan \u0259mimgilin evin\u0259 birt\u0259h\u0259r axsaya-axsaya gedib \u00e7\u0131xm\u0131\u015fd\u0131m. Ev\u0259 \u00e7atan kimi ilk suallar\u0131 aya\u011f\u0131ma n\u0259 oldu\u011funu soru\u015fmaq olmu\u015fdu. M\u0259n d\u0259 hadis\u0259ni ba\u015fdan-aya\u011fa dan\u0131\u015fm\u0131\u015fd\u0131m. S\u00f6hb\u0259ti bil\u0259nd\u0259n sonra \u0259mim birba\u015fa \u00fcz\u00fcm\u0259 demi\u015fdi: \u201cS\u0259n n\u0259 \u0259claf adam oldun!\u201d\n<\/p>\n<p>\n  Aksiyada i\u015ftrak etdiyim \u00fc\u00e7\u00fcn demi\u015fdi. O insan\u0131n o\u011flu o s\u00f6z\u00fc m\u0259n\u0259 dem\u0259mi\u015fd\u0259n iki g\u00fcn \u0259vv\u0259l \u0259sg\u0259rlikd\u0259 d\u00f6y\u00fcl\u00fcb. O\u011flu a\u011f\u0131r v\u0259ziyy\u0259td\u0259 x\u0259st\u0259xanaya yerl\u0259\u015fdirilmi\u015fdi. H\u0259l\u0259 d\u0259 belind\u0259 problem var. Bax\u0131n, m\u0259ni birc\u0259 k\u0259lm\u0259 s\u00f6z nec\u0259 incidibs\u0259, h\u0259l\u0259 d\u0259 \u0259miml\u0259 normal dan\u0131\u015fa bilmir\u0259m, h\u0259l\u0259 d\u0259 o insana qar\u015f\u0131 i\u00e7imd\u0259 olan \u0259s\u0259bi soyuda bilmir\u0259m.\n<\/p>\n<p>\n  Bu \u00f6lk\u0259 \u00fc\u00e7\u00fcn, bu q\u0259d\u0259r insan \u00fc\u00e7\u00fcn bu q\u0259d\u0259r i\u015f g\u00f6rm\u00fcs\u00fcn\u00fcz. Azadl\u0131\u011f\u0131n\u0131z \u0259linizd\u0259n gedib. Biri yox, b\u0259lk\u0259 d\u0259 bir milyonu \u00e7\u0131x\u0131b siz\u0259 a\u011fz\u0131na g\u0259l\u0259ni dey\u0259 bil\u0259r. Bunu y\u0259qin ki, \u00f6z\u00fcn\u00fcz d\u0259 bilirsiniz. B\u0259s, d\u0259y\u0259rmi bu insanlar \u00fc\u00e7\u00fcn n\u0259s\u0259 etm\u0259y\u0259? B\u0259li, m\u0259nc\u0259 d\u0259y\u0259r, el\u0259 sizin d\u0259y\u0259riniz d\u0259 bu sual\u0131 d\u00fc\u015f\u00fcnm\u0259m\u0259k olub. He\u00e7 bir siyasi iddias\u0131 olmayan, he\u00e7 bir v\u0259zif\u0259 ist\u0259m\u0259y\u0259n, g\u00f6rd\u00fcy\u00fc i\u015fd\u0259n pul qazanmayan insanlars\u0131n\u0131z. Sizin \u0259n b\u00f6y\u00fck g\u00fcc\u00fcn\u00fcz d\u0259 el\u0259 budur.\n<\/p>\n<p>\n  Bu yaz\u0131da b\u0259zi s\u00f6zl\u0259r i\u015fl\u0259tdim, amma bu m\u0259nim haql\u0131 oldu\u011fumu bildirmir. B\u0259lk\u0259 d\u0259 sizin \u00fc\u00e7\u00fcn daha \u00e7ox \u015fey ed\u0259 bil\u0259rdim. M\u0259nim haql\u0131 olan bir t\u0259r\u0259fim var: Sizin azadl\u0131qda olma\u011f\u0131n\u0131z\u0131 ist\u0259yir\u0259m. G\u00fcn\u00fcn iyirmi d\u00f6rd saat\u0131n\u0131, ay\u0131n otuz g\u00fcn\u00fcn\u00fc sizi d\u00fc\u015f\u00fcnm\u0259kl\u0259 ya\u015fam\u0131ram, amma b\u00fct\u00fcn zamanlarda d\u0259yi\u015fm\u0259y\u0259n bir h\u0259qiq\u0259t var, m\u0259n \u0259min\u0259m ki, o h\u0259qiq\u0259ti he\u00e7 vaxt unutmam\u0131\u015fam v\u0259 unutmayaca\u011fam.\n<\/p>\n<p>\n  Bu m\u0259ktubu \u015f\u0259rl\u0259n\u0259r\u0259k h\u0259bs\u0259 d\u00fc\u015fm\u00fc\u015f \u0130lkin R\u00fcst\u0259mzad\u0259 v\u0259 \u018fbd\u00fcl \u018fbilov \u00fc\u00e7\u00fcn yazm\u0131\u015fam. Bu g\u0259ncl\u0259r \u00f6lk\u0259mizd\u0259 demokratiyan\u0131n b\u0259rq\u0259rar olunmas\u0131, insan haqlar\u0131n\u0131n, insan h\u00fcquqlar\u0131n\u0131n tan\u0131nmas\u0131 u\u011frunda, azad s\u00f6z, azad se\u00e7kinin olmas\u0131, azadl\u0131q u\u011frunda m\u00fcbariz\u0259 apard\u0131qlar\u0131 \u00fc\u00e7\u00fcn hakimiyy\u0259t t\u0259r\u0259find\u0259n \u015f\u0259rl\u0259n\u0259r\u0259k h\u0259bs olunub. Bu insanlar haqq\u0131nda kifay\u0259t q\u0259d\u0259r geni\u015f m\u0259lumat yaza bil\u0259r\u0259m, amma d\u00fc\u015f\u00fcn\u00fcr\u0259m ki, bu g\u00fcn\u0259 q\u0259d\u0259r yaz\u0131lanlar\u0131, bu yaz\u0131n\u0131 bura q\u0259d\u0259r oxuyan vicdanl\u0131 insanlar tap\u0131b oxuyar.\n<\/p>\n<p>\n  Azadl\u0131qda g\u00f6r\u00fc\u015fm\u0259k arzusu il\u0259&#8230;\n<\/p>\n<p>\n  <b><br \/>\n    Yaz\u0131 m\u00fc\u0259llifin \u015f\u0259xsi m\u00f6vqeyini \u0259ks etdirir. M\u00fc\u0259llifin m\u00f6vqeyi Meydan.Tv-nin m\u00f6vqeyi il\u0259 \u00fcst-\u00fcst\u0259 d\u00fc\u015fm\u0259y\u0259 bil\u0259r.<br \/>\n  <\/b><\/p>\n","protected":false},"excerpt":{"rendered":"<p>Siz bu sual\u0131 d\u00fc\u015f\u00fcnm\u00fcrs\u00fcn\u00fcz&#8230;<\/p>\n","protected":false},"author":11,"featured_media":56830,"comment_status":"closed","ping_status":"open","sticky":false,"template":"","format":"standard","meta":{"_acf_changed":false,"_sitemap_exclude":false,"_sitemap_priority":"","_sitemap_frequency":"","footnotes":""},"categories":[57],"tags":[],"class_list":["post-175753","post","type-post","status-publish","format-standard","has-post-thumbnail","hentry","category-menim-fikrimce","infinite-scroll-item","generate-columns","tablet-grid-50","mobile-grid-100","grid-parent","grid-33","no-featured-image-padding"],"acf":[],"yoast_head":"<!-- This site is optimized with the Yoast SEO plugin v27.5 - https:\/\/yoast.com\/product\/yoast-seo-wordpress\/ -->\n<title>\u018fbd\u00fcl v\u0259 \u0130lkin\u0259 m\u0259ktub - MEYDAN.TV<\/title>\n<meta name=\"robots\" content=\"index, follow, max-snippet:-1, max-image-preview:large, max-video-preview:-1\" \/>\n<link rel=\"canonical\" href=\"https:\/\/www.meydan.tv\/az\/article\/ebdul-ve-ilkine-mektub\/\" \/>\n<meta property=\"og:locale\" content=\"az_AZ\" \/>\n<meta property=\"og:type\" content=\"article\" \/>\n<meta property=\"og:title\" content=\"\u018fbd\u00fcl v\u0259 \u0130lkin\u0259 m\u0259ktub - MEYDAN.TV\" \/>\n<meta property=\"og:description\" content=\"Siz bu sual\u0131 d\u00fc\u015f\u00fcnm\u00fcrs\u00fcn\u00fcz...\" \/>\n<meta property=\"og:url\" content=\"https:\/\/www.meydan.tv\/az\/article\/ebdul-ve-ilkine-mektub\/\" \/>\n<meta property=\"og:site_name\" content=\"MEYDAN.TV\" \/>\n<meta property=\"article:published_time\" content=\"2016-05-06T17:39:15+00:00\" \/>\n<meta property=\"og:image\" content=\"https:\/\/www.meydan.tv\/wp-content\/uploads\/21504.jpg\" \/>\n\t<meta property=\"og:image:width\" content=\"500\" \/>\n\t<meta property=\"og:image:height\" content=\"500\" \/>\n\t<meta property=\"og:image:type\" content=\"image\/jpeg\" \/>\n<meta name=\"author\" content=\"user-manager\" \/>\n<meta name=\"twitter:card\" content=\"summary_large_image\" \/>\n<script type=\"application\/ld+json\" class=\"yoast-schema-graph\">{\"@context\":\"https:\\\/\\\/schema.org\",\"@graph\":[{\"@type\":\"Article\",\"@id\":\"https:\\\/\\\/www.meydan.tv\\\/az\\\/article\\\/ebdul-ve-ilkine-mektub\\\/#article\",\"isPartOf\":{\"@id\":\"https:\\\/\\\/www.meydan.tv\\\/az\\\/article\\\/ebdul-ve-ilkine-mektub\\\/\"},\"author\":{\"name\":\"user-manager\",\"@id\":\"https:\\\/\\\/www.meydan.tv\\\/az\\\/#\\\/schema\\\/person\\\/10d11eccf6da3662cf5fdab9806ea91a\"},\"headline\":\"\u018fbd\u00fcl v\u0259 \u0130lkin\u0259 m\u0259ktub\",\"datePublished\":\"2016-05-06T17:39:15+00:00\",\"mainEntityOfPage\":{\"@id\":\"https:\\\/\\\/www.meydan.tv\\\/az\\\/article\\\/ebdul-ve-ilkine-mektub\\\/\"},\"wordCount\":1371,\"publisher\":{\"@id\":\"https:\\\/\\\/www.meydan.tv\\\/az\\\/#organization\"},\"image\":{\"@id\":\"https:\\\/\\\/www.meydan.tv\\\/az\\\/article\\\/ebdul-ve-ilkine-mektub\\\/#primaryimage\"},\"thumbnailUrl\":\"https:\\\/\\\/www.meydan.tv\\\/wp-content\\\/uploads\\\/21504.jpg\",\"articleSection\":[\"M\u0259nim Fikrimc\u0259\"],\"inLanguage\":\"az\"},{\"@type\":\"WebPage\",\"@id\":\"https:\\\/\\\/www.meydan.tv\\\/az\\\/article\\\/ebdul-ve-ilkine-mektub\\\/\",\"url\":\"https:\\\/\\\/www.meydan.tv\\\/az\\\/article\\\/ebdul-ve-ilkine-mektub\\\/\",\"name\":\"\u018fbd\u00fcl v\u0259 \u0130lkin\u0259 m\u0259ktub - MEYDAN.TV\",\"isPartOf\":{\"@id\":\"https:\\\/\\\/www.meydan.tv\\\/az\\\/#website\"},\"primaryImageOfPage\":{\"@id\":\"https:\\\/\\\/www.meydan.tv\\\/az\\\/article\\\/ebdul-ve-ilkine-mektub\\\/#primaryimage\"},\"image\":{\"@id\":\"https:\\\/\\\/www.meydan.tv\\\/az\\\/article\\\/ebdul-ve-ilkine-mektub\\\/#primaryimage\"},\"thumbnailUrl\":\"https:\\\/\\\/www.meydan.tv\\\/wp-content\\\/uploads\\\/21504.jpg\",\"datePublished\":\"2016-05-06T17:39:15+00:00\",\"breadcrumb\":{\"@id\":\"https:\\\/\\\/www.meydan.tv\\\/az\\\/article\\\/ebdul-ve-ilkine-mektub\\\/#breadcrumb\"},\"inLanguage\":\"az\",\"potentialAction\":[{\"@type\":\"ReadAction\",\"target\":[\"https:\\\/\\\/www.meydan.tv\\\/az\\\/article\\\/ebdul-ve-ilkine-mektub\\\/\"]}]},{\"@type\":\"ImageObject\",\"inLanguage\":\"az\",\"@id\":\"https:\\\/\\\/www.meydan.tv\\\/az\\\/article\\\/ebdul-ve-ilkine-mektub\\\/#primaryimage\",\"url\":\"https:\\\/\\\/www.meydan.tv\\\/wp-content\\\/uploads\\\/21504.jpg\",\"contentUrl\":\"https:\\\/\\\/www.meydan.tv\\\/wp-content\\\/uploads\\\/21504.jpg\",\"width\":500,\"height\":500,\"caption\":\"Source:\"},{\"@type\":\"BreadcrumbList\",\"@id\":\"https:\\\/\\\/www.meydan.tv\\\/az\\\/article\\\/ebdul-ve-ilkine-mektub\\\/#breadcrumb\",\"itemListElement\":[{\"@type\":\"ListItem\",\"position\":1,\"name\":\"Ana s\u0259hif\u0259\",\"item\":\"https:\\\/\\\/www.meydan.tv\\\/az\\\/\"},{\"@type\":\"ListItem\",\"position\":2,\"name\":\"M\u0259nim Fikrimc\u0259\",\"item\":\"https:\\\/\\\/www.meydan.tv\\\/az\\\/section\\\/menim-fikrimce\\\/\"},{\"@type\":\"ListItem\",\"position\":3,\"name\":\"\u018fbd\u00fcl v\u0259 \u0130lkin\u0259 m\u0259ktub\"}]},{\"@type\":\"WebSite\",\"@id\":\"https:\\\/\\\/www.meydan.tv\\\/az\\\/#website\",\"url\":\"https:\\\/\\\/www.meydan.tv\\\/az\\\/\",\"name\":\"MEYDAN.TV\",\"description\":\"Meydan TV Az\u0259rbaycan\u0131n media m\u0259kan\u0131ndak\u0131 alternativ s\u0259sidir\",\"publisher\":{\"@id\":\"https:\\\/\\\/www.meydan.tv\\\/az\\\/#organization\"},\"potentialAction\":[{\"@type\":\"SearchAction\",\"target\":{\"@type\":\"EntryPoint\",\"urlTemplate\":\"https:\\\/\\\/www.meydan.tv\\\/az\\\/?s={search_term_string}\"},\"query-input\":{\"@type\":\"PropertyValueSpecification\",\"valueRequired\":true,\"valueName\":\"search_term_string\"}}],\"inLanguage\":\"az\"},{\"@type\":\"Organization\",\"@id\":\"https:\\\/\\\/www.meydan.tv\\\/az\\\/#organization\",\"name\":\"Meydan TV\",\"url\":\"https:\\\/\\\/www.meydan.tv\\\/az\\\/\",\"logo\":{\"@type\":\"ImageObject\",\"inLanguage\":\"az\",\"@id\":\"https:\\\/\\\/www.meydan.tv\\\/az\\\/#\\\/schema\\\/logo\\\/image\\\/\",\"url\":\"https:\\\/\\\/www.meydan.tv\\\/wp-content\\\/uploads\\\/2021\\\/07\\\/meydan-logo.svg\",\"contentUrl\":\"https:\\\/\\\/www.meydan.tv\\\/wp-content\\\/uploads\\\/2021\\\/07\\\/meydan-logo.svg\",\"width\":195,\"height\":46,\"caption\":\"Meydan TV\"},\"image\":{\"@id\":\"https:\\\/\\\/www.meydan.tv\\\/az\\\/#\\\/schema\\\/logo\\\/image\\\/\"}},{\"@type\":\"Person\",\"@id\":\"https:\\\/\\\/www.meydan.tv\\\/az\\\/#\\\/schema\\\/person\\\/10d11eccf6da3662cf5fdab9806ea91a\",\"name\":\"user-manager\"}]}<\/script>\n<!-- \/ Yoast SEO plugin. -->","yoast_head_json":{"title":"\u018fbd\u00fcl v\u0259 \u0130lkin\u0259 m\u0259ktub - MEYDAN.TV","robots":{"index":"index","follow":"follow","max-snippet":"max-snippet:-1","max-image-preview":"max-image-preview:large","max-video-preview":"max-video-preview:-1"},"canonical":"https:\/\/www.meydan.tv\/az\/article\/ebdul-ve-ilkine-mektub\/","og_locale":"az_AZ","og_type":"article","og_title":"\u018fbd\u00fcl v\u0259 \u0130lkin\u0259 m\u0259ktub - MEYDAN.TV","og_description":"Siz bu sual\u0131 d\u00fc\u015f\u00fcnm\u00fcrs\u00fcn\u00fcz...","og_url":"https:\/\/www.meydan.tv\/az\/article\/ebdul-ve-ilkine-mektub\/","og_site_name":"MEYDAN.TV","article_published_time":"2016-05-06T17:39:15+00:00","og_image":[{"width":500,"height":500,"url":"https:\/\/www.meydan.tv\/wp-content\/uploads\/21504.jpg","type":"image\/jpeg"}],"author":"user-manager","twitter_card":"summary_large_image","schema":{"@context":"https:\/\/schema.org","@graph":[{"@type":"Article","@id":"https:\/\/www.meydan.tv\/az\/article\/ebdul-ve-ilkine-mektub\/#article","isPartOf":{"@id":"https:\/\/www.meydan.tv\/az\/article\/ebdul-ve-ilkine-mektub\/"},"author":{"name":"user-manager","@id":"https:\/\/www.meydan.tv\/az\/#\/schema\/person\/10d11eccf6da3662cf5fdab9806ea91a"},"headline":"\u018fbd\u00fcl v\u0259 \u0130lkin\u0259 m\u0259ktub","datePublished":"2016-05-06T17:39:15+00:00","mainEntityOfPage":{"@id":"https:\/\/www.meydan.tv\/az\/article\/ebdul-ve-ilkine-mektub\/"},"wordCount":1371,"publisher":{"@id":"https:\/\/www.meydan.tv\/az\/#organization"},"image":{"@id":"https:\/\/www.meydan.tv\/az\/article\/ebdul-ve-ilkine-mektub\/#primaryimage"},"thumbnailUrl":"https:\/\/www.meydan.tv\/wp-content\/uploads\/21504.jpg","articleSection":["M\u0259nim Fikrimc\u0259"],"inLanguage":"az"},{"@type":"WebPage","@id":"https:\/\/www.meydan.tv\/az\/article\/ebdul-ve-ilkine-mektub\/","url":"https:\/\/www.meydan.tv\/az\/article\/ebdul-ve-ilkine-mektub\/","name":"\u018fbd\u00fcl v\u0259 \u0130lkin\u0259 m\u0259ktub - MEYDAN.TV","isPartOf":{"@id":"https:\/\/www.meydan.tv\/az\/#website"},"primaryImageOfPage":{"@id":"https:\/\/www.meydan.tv\/az\/article\/ebdul-ve-ilkine-mektub\/#primaryimage"},"image":{"@id":"https:\/\/www.meydan.tv\/az\/article\/ebdul-ve-ilkine-mektub\/#primaryimage"},"thumbnailUrl":"https:\/\/www.meydan.tv\/wp-content\/uploads\/21504.jpg","datePublished":"2016-05-06T17:39:15+00:00","breadcrumb":{"@id":"https:\/\/www.meydan.tv\/az\/article\/ebdul-ve-ilkine-mektub\/#breadcrumb"},"inLanguage":"az","potentialAction":[{"@type":"ReadAction","target":["https:\/\/www.meydan.tv\/az\/article\/ebdul-ve-ilkine-mektub\/"]}]},{"@type":"ImageObject","inLanguage":"az","@id":"https:\/\/www.meydan.tv\/az\/article\/ebdul-ve-ilkine-mektub\/#primaryimage","url":"https:\/\/www.meydan.tv\/wp-content\/uploads\/21504.jpg","contentUrl":"https:\/\/www.meydan.tv\/wp-content\/uploads\/21504.jpg","width":500,"height":500,"caption":"Source:"},{"@type":"BreadcrumbList","@id":"https:\/\/www.meydan.tv\/az\/article\/ebdul-ve-ilkine-mektub\/#breadcrumb","itemListElement":[{"@type":"ListItem","position":1,"name":"Ana s\u0259hif\u0259","item":"https:\/\/www.meydan.tv\/az\/"},{"@type":"ListItem","position":2,"name":"M\u0259nim Fikrimc\u0259","item":"https:\/\/www.meydan.tv\/az\/section\/menim-fikrimce\/"},{"@type":"ListItem","position":3,"name":"\u018fbd\u00fcl v\u0259 \u0130lkin\u0259 m\u0259ktub"}]},{"@type":"WebSite","@id":"https:\/\/www.meydan.tv\/az\/#website","url":"https:\/\/www.meydan.tv\/az\/","name":"MEYDAN.TV","description":"Meydan TV Az\u0259rbaycan\u0131n media m\u0259kan\u0131ndak\u0131 alternativ s\u0259sidir","publisher":{"@id":"https:\/\/www.meydan.tv\/az\/#organization"},"potentialAction":[{"@type":"SearchAction","target":{"@type":"EntryPoint","urlTemplate":"https:\/\/www.meydan.tv\/az\/?s={search_term_string}"},"query-input":{"@type":"PropertyValueSpecification","valueRequired":true,"valueName":"search_term_string"}}],"inLanguage":"az"},{"@type":"Organization","@id":"https:\/\/www.meydan.tv\/az\/#organization","name":"Meydan TV","url":"https:\/\/www.meydan.tv\/az\/","logo":{"@type":"ImageObject","inLanguage":"az","@id":"https:\/\/www.meydan.tv\/az\/#\/schema\/logo\/image\/","url":"https:\/\/www.meydan.tv\/wp-content\/uploads\/2021\/07\/meydan-logo.svg","contentUrl":"https:\/\/www.meydan.tv\/wp-content\/uploads\/2021\/07\/meydan-logo.svg","width":195,"height":46,"caption":"Meydan TV"},"image":{"@id":"https:\/\/www.meydan.tv\/az\/#\/schema\/logo\/image\/"}},{"@type":"Person","@id":"https:\/\/www.meydan.tv\/az\/#\/schema\/person\/10d11eccf6da3662cf5fdab9806ea91a","name":"user-manager"}]}},"_links":{"self":[{"href":"https:\/\/www.meydan.tv\/az\/wp-json\/wp\/v2\/posts\/175753","targetHints":{"allow":["GET"]}}],"collection":[{"href":"https:\/\/www.meydan.tv\/az\/wp-json\/wp\/v2\/posts"}],"about":[{"href":"https:\/\/www.meydan.tv\/az\/wp-json\/wp\/v2\/types\/post"}],"author":[{"embeddable":true,"href":"https:\/\/www.meydan.tv\/az\/wp-json\/wp\/v2\/users\/11"}],"replies":[{"embeddable":true,"href":"https:\/\/www.meydan.tv\/az\/wp-json\/wp\/v2\/comments?post=175753"}],"version-history":[{"count":0,"href":"https:\/\/www.meydan.tv\/az\/wp-json\/wp\/v2\/posts\/175753\/revisions"}],"wp:featuredmedia":[{"embeddable":true,"href":"https:\/\/www.meydan.tv\/az\/wp-json\/wp\/v2\/media\/56830"}],"wp:attachment":[{"href":"https:\/\/www.meydan.tv\/az\/wp-json\/wp\/v2\/media?parent=175753"}],"wp:term":[{"taxonomy":"category","embeddable":true,"href":"https:\/\/www.meydan.tv\/az\/wp-json\/wp\/v2\/categories?post=175753"},{"taxonomy":"post_tag","embeddable":true,"href":"https:\/\/www.meydan.tv\/az\/wp-json\/wp\/v2\/tags?post=175753"}],"curies":[{"name":"wp","href":"https:\/\/api.w.org\/{rel}","templated":true}]}}