{"id":175728,"date":"2016-05-05T17:41:33","date_gmt":"2016-05-05T17:41:33","guid":{"rendered":"https:\/\/www.meydan.tv\/article\/rusiyanin-xeyir-duasi-olmadan-ermenistan-dagliq-qarabagi-musteqil-dovlet-kimi-tanimaz\/"},"modified":"2016-05-05T17:41:33","modified_gmt":"2016-05-05T17:41:33","slug":"rusiyanin-xeyir-duasi-olmadan-ermenistan-dagliq-qarabagi-musteqil-dovlet-kimi-tanimaz","status":"publish","type":"post","link":"https:\/\/www.meydan.tv\/az\/article\/rusiyanin-xeyir-duasi-olmadan-ermenistan-dagliq-qarabagi-musteqil-dovlet-kimi-tanimaz\/","title":{"rendered":"&#8221;Rusiyan\u0131n xeyir-duas\u0131 olmadan Erm\u0259nistan Da\u011fl\u0131q Qaraba\u011f\u0131 m\u00fcst\u0259qil d\u00f6vl\u0259t kimi tan\u0131maz&#8221;"},"content":{"rendered":"<figure class=\"wp-block-image size-large\">\n  <img decoding=\"async\" src=\"https:\/\/www.meydan.tv\/az\/zerdust-elizade-9\/\" alt=\"Z\u0259rd\u00fc\u015ft \u018flizad\u0259\" class=\"wp-image-56775\"\/><figcaption>\n    Z\u0259rd\u00fc\u015ft \u018flizad\u0259<br \/>\n  <\/figcaption><\/figure>\n<p>\n  <i><br \/>\n    &#8221;Bu m\u00fcnaqi\u015f\u0259d\u0259 z\u0259if yerimiz b\u0259rbad idar\u0259etm\u0259y\u0259 malik olma\u011f\u0131m\u0131zd\u0131r&#8221;<br \/>\n  <\/i>\n<\/p>\n<p>\n  &#8220;Erm\u0259nistan h\u00f6kum\u0259tinin \u201cDa\u011fl\u0131q Qaraba\u011f Respublikas\u0131n\u0131n tan\u0131nmas\u0131\u201d haqq\u0131nda qanun layih\u0259sini d\u0259st\u0259kl\u0259m\u0259si siyasi \u015fantaj v\u0259 \u00f6z xalq\u0131n\u0131 aldatmaqd\u0131r. Hesab edir\u0259m ki, Erm\u0259nistan parlamenti Da\u011fl\u0131q Qaraba\u011f\u0131 m\u00fcst\u0259qil d\u00f6vl\u0259t kimi tan\u0131mayacaq. \u018fslind\u0259, Erm\u0259nistan\u0131n Az\u0259rbaycana \u0259razi iddialar\u0131 sovet d\u00f6vr\u00fcnd\u0259 qanunsuz oldu\u011fu \u00fc\u00e7\u00fcn son 20 ild\u0259 etdikl\u0259ri d\u0259 beyn\u0259lxalq h\u00fcquqa ziddir. H\u0259tta SSR\u0130 Ali Soveti R\u0259yas\u0259t Hey\u0259ti o zaman Erm\u0259nistan\u0131n \u0259razi iddialar\u0131n\u0131n qanunsuzlu\u011funu t\u0259sdiql\u0259y\u0259n q\u0259rar q\u0259bul etmi\u015fdi. SSR\u0130 da\u011f\u0131landan sonra BMT T\u015e v\u0259 AT\u018fT-nin q\u0259rar v\u0259 q\u0259tnam\u0259l\u0259ri Da\u011fl\u0131q Qaraba\u011f\u0131n m\u00fcst\u0259qil d\u00f6vl\u0259t olaraq beyn\u0259lxalq al\u0259m t\u0259r\u0259find\u0259n tan\u0131nmad\u0131\u011f\u0131n\u0131, Erm\u0259nistan\u0131n b\u00fcyn\u0259lxalq h\u00fcquqa qar\u015f\u0131 getdiyini t\u0259sdiql\u0259yir&#8221;.\n<\/p>\n<p>\n  Bu fikirl\u0259ri Meydan TV-y\u0259 siyasi \u015f\u0259rh\u00e7i Z\u0259rd\u00fc\u015ft \u018flizad\u0259 deyib.\n<\/p>\n<p>\n  O, bildirib ki, b\u00f6y\u00fck d\u00f6vl\u0259tl\u0259r m\u00fcnaqi\u015f\u0259d\u0259 fayda g\u00f6rd\u00fckl\u0259ri \u00fc\u00e7\u00fcn q\u0259ti fikir demirl\u0259r. T\u0259cav\u00fcz\u0259 m\u0259ruz qalana deyirl\u0259r ki, t\u0259cav\u00fczkarla dil tap. Bel\u0259 \u015f\u0259raitd\u0259 Erm\u0259nistan siyasi v\u0259 qeyri-siyasi, qanuni v\u0259 qanunsuz amill\u0259rd\u0259n istifad\u0259 etm\u0259y\u0259 \u00e7al\u0131\u015f\u0131r. O, c\u00fcml\u0259d\u0259n Az\u0259rbaycan\u0131 diplomatik h\u0259d\u0259yl\u0259 h\u0259d\u0259f kimi saxlay\u0131r. H\u0259r d\u0259f\u0259 c\u0259bh\u0259 b\u00f6lg\u0259sind\u0259 v\u0259ziyy\u0259t g\u0259rginl\u0259\u015f\u0259nd\u0259 Erm\u0259nistan parlamentind\u0259 Da\u011fl\u0131q Qaraba\u011f\u0131 m\u00fcst\u0259qil d\u00f6vl\u0259t kimi tan\u0131maqla ba\u011fl\u0131 m\u00fczakir\u0259l\u0259r a\u00e7\u0131l\u0131r. Ancaq Erm\u0259nistan\u0131n hakim z\u00fcmr\u0259si Rusiyan\u0131n agenturas\u0131 oldu\u011fundan m\u00fcst\u0259qil h\u0259r\u0259k\u0259t etm\u0259k imkan\u0131ndan m\u0259hrumdurlar. \u00c7\u00fcnki Erm\u0259nistan diplomatiyas\u0131n\u0131n istiqam\u0259tl\u0259rini Rusiyan\u0131n Xarici \u0130\u015fl\u0259r Nazirliyinin hans\u0131sa bir \u015f\u00f6b\u0259si m\u00fc\u0259yy\u0259nl\u0259\u015fdirir. Kreml d\u0259 v\u0259ziyy\u0259tin g\u0259rginl\u0259\u015fm\u0259sind\u0259 maraql\u0131 deyil, onsuz da indiki formatla h\u0259r iki respublikan\u0131 ita\u0259tind\u0259 saxlay\u0131r. Bu bax\u0131mdan Rusiya prezidentinin xeyir-duas\u0131 olmadan Erm\u0259nistan he\u00e7 vaxt Da\u011fl\u0131q Qaraba\u011f\u0131 m\u00fcst\u0259qil d\u00f6vl\u0259t kimi tan\u0131maz&#8221;.\n<\/p>\n<p>\n  Siyasi \u015f\u0259rh\u00e7i Erm\u0259nistan m\u0259tbuat\u0131n\u0131n layih\u0259ni bayram kimi qeyd etm\u0259sini onlar\u0131n s\u0259viyy\u0259sizliyiyl\u0259 \u0259laq\u0259l\u0259ndirdi. Erm\u0259nistanda 2-3 m\u00fcst\u0259qil siyasi \u015f\u0259rh\u00e7i var, qalanlar\u0131 hakim z\u00fcmr\u0259y\u0259 qulluq ed\u0259-ed\u0259 erm\u0259ni xalq\u0131n\u0131 b\u0259db\u0259xt edibl\u0259r. Az\u0259rbaycanda bir az f\u0259rqli situasiyad\u0131r, he\u00e7 olmasa 10 n\u0259f\u0259r siyas\u0259t\u015f\u00fcnas d\u00fcnyadak\u0131 geopolitik oyunlar\u0131 anlayan var: &#8220;T\u0259s\u0259vv\u00fcr edin ki, Rusiyan\u0131n d\u0259st\u0259yiyl\u0259 \u0259razil\u0259rimizi i\u015f\u011fal ed\u0259n Erm\u0259nistan hakim elitas\u0131 cani v\u0259 inhisar\u00e7\u0131 rejim yarad\u0131b, \u00f6z cinay\u0259tl\u0259rini uydurma soyq\u0131r\u0131m v\u0259 B\u00f6y\u00fck Erm\u0259nistan yalanlar\u0131yla \u00f6rt-basd\u0131r edib xalq\u0131 x\u0259st\u0259l\u0259ndiribl\u0259r. \u00c7ox t\u0259\u0259ss\u00fcf ki, m\u00fcxalifl\u0259ri d\u0259 eyni d\u00fc\u015f\u00fcnc\u0259d\u0259dirl\u0259r&#8221;.\n<\/p>\n<p>\n  &#8220;F\u0259rz ed\u0259k ki, tan\u0131d\u0131lar, ard\u0131nca da t\u0259mtaraqla Stepanakertd\u0259 Erm\u0259nistan\u0131n s\u0259firliyini a\u00e7d\u0131lar, sonra n\u0259 olacaq? Hans\u0131 d\u00f6vl\u0259t Da\u011fl\u0131q Qaraba\u011f\u0131 tan\u0131yacaq? He\u00e7 bir d\u00f6vl\u0259t tan\u0131mayacaq v\u0259 Minsk Qrupu f\u0259aliyy\u0259tini dayand\u0131racaq. \u0130kinci, h\u0259min layih\u0259nin q\u0259buluna g\u00f6r\u0259 Erm\u0259nistana hans\u0131sa d\u00f6vl\u0259t maliyy\u0259 yard\u0131m\u0131 ed\u0259c\u0259k, yaxud yat\u0131r\u0131m qoyacaq? Bu \u00f6lk\u0259nin iqtisadi v\u0259ziyy\u0259ti pis oldu\u011fundan milyardlarla dollara ehtiyaclar\u0131 var. Rusiya ist\u0259nil\u0259n s\u0259viyy\u0259d\u0259 maliyy\u0259 d\u0259st\u0259yi verm\u0259y\u0259c\u0259k, \u00e7\u00fcnki \u00f6z\u00fc b\u00f6hrandad\u0131r. \u00dc\u00e7\u00fcnc\u00fc, Rusiyan\u0131n vasit\u0259\u00e7ilik funksiyas\u0131 var, Moskva Az\u0259rbaycan\u0131n \u0259razi b\u00fct\u00f6vl\u00fcy\u00fcn\u00fc tan\u0131d\u0131\u011f\u0131n\u0131, beyn\u0259lxalq h\u00fcquqa h\u00f6rm\u0259t etdiyini deyir. Sual yaran\u0131r, Rusiya Qaraba\u011f separat\u00e7\u0131lar\u0131n\u0131 m\u00fcst\u0259qil d\u00f6vl\u0259t kimi tan\u0131yandan sonra Bak\u0131-Moskva m\u00fcnasib\u0259tl\u0259ri nec\u0259 olacaq? Dem\u0259li, Rusiya vasit\u0259\u00e7i yox, m\u00fcnaqi\u015f\u0259 t\u0259r\u0259fi olacaq. Bel\u0259 olanda, Az\u0259rbaycan T\u00fcrkiy\u0259 v\u0259 NATO-dan z\u0259man\u0259t al\u0131r ki, \u0259razisini i\u015f\u011fal ed\u0259nl\u0259r\u0259 qar\u015f\u0131 anti-terror \u0259m\u0259liyyat\u0131 ke\u00e7irir. T\u0259bii ki, Rusiyaya g\u00fccl\u00fc t\u0259zyiql\u0259r olacaq v\u0259 d\u00f6y\u00fc\u015f meydan\u0131nda atom silah\u0131 i\u015fl\u0259dilmir. Amma eyni zamanda diplomatik oyun gedir. Erm\u0259nistan-Az\u0259rbaycan m\u00fcnaqi\u015f\u0259si Rusiya \u00fc\u00e7\u00fcn h\u0259m d\u0259 Q\u0259rbl\u0259 \u0259m\u0259kda\u015fl\u0131q dem\u0259kdir. Ona g\u00f6r\u0259 Kreml Erm\u0259nistan\u0131n h\u0259min layih\u0259ni q\u0259bul etm\u0259y\u0259 imkan verm\u0259z&#8221;,-dey\u0259 \u018flizad\u0259 bildirib.\n<\/p>\n<p>\n  O, bu m\u00fcnaqi\u015f\u0259d\u0259 Az\u0259rbaycan\u0131n z\u0259if yerinin b\u0259rbad idar\u0259etm\u0259 oldu\u011funu d\u00fc\u015f\u00fcn\u00fcr: &#8220;Bu idar\u0259etm\u0259yl\u0259 Erm\u0259nistana h\u0259r g\u00fcn bir h\u0259diy\u0259 veririk. M\u0259s\u0259l\u0259n, bir g\u00fcn \u0259vv\u0259l A\u00e7\u0131q H\u00f6kum\u0259t T\u0259r\u0259fda\u015fl\u0131\u011f\u0131n\u0131n \u0130dar\u0259etm\u0259 Komit\u0259si Az\u0259rbaycan\u0131n bu layih\u0259d\u0259 i\u015ftirak\u0131n\u0131 &#8220;qeyri-aktiv&#8221; edib, bir il \u0259vv\u0259l is\u0259 Beyn\u0259lxalq \u015e\u0259ffafl\u0131q Koalisiyas\u0131nda \u00fczvl\u00fcy\u00fcm\u00fcz\u00fc dondurmu\u015fdular. Yaxud \u00f6lk\u0259d\u0259 f\u0259rqli d\u00fc\u015f\u00fcn\u0259n n\u0259 q\u0259d\u0259r insan\u0131 h\u0259bs edirl\u0259r, dem\u0259k ist\u0259yir\u0259m ki, Az\u0259rbaycan\u0131n ad\u0131n\u0131n &#8220;qara siyah\u0131&#8221;larda olmas\u0131 Erm\u0259nistana b\u00f6y\u00fck xidm\u0259tdir. Y\u0259ni Az\u0259rbaycan \u0130lham \u018fliyev v\u0259 Ramiz Mehdiyevin say\u0259sind\u0259 normal insan\u0131n ya\u015faya bilm\u0259diyi avtoritar d\u00f6vl\u0259t statusu qazan\u0131r. Erm\u0259nistan da bundan \u00f6z xeyrin\u0259 istifad\u0259 edir&#8221;.<\/p>\n","protected":false},"excerpt":{"rendered":"<p>&#8221;Bu m\u00fcnaqi\u015f\u0259d\u0259 z\u0259if yerimiz b\u0259rbad idar\u0259etm\u0259y\u0259 malik olma\u011f\u0131m\u0131zd\u0131r&#8221;<\/p>\n","protected":false},"author":11,"featured_media":56775,"comment_status":"closed","ping_status":"open","sticky":false,"template":"","format":"standard","meta":{"_acf_changed":false,"_sitemap_exclude":false,"_sitemap_priority":"","_sitemap_frequency":"","footnotes":""},"categories":[51],"tags":[],"class_list":["post-175728","post","type-post","status-publish","format-standard","has-post-thumbnail","hentry","category-analitika","infinite-scroll-item","generate-columns","tablet-grid-50","mobile-grid-100","grid-parent","grid-33","no-featured-image-padding"],"acf":[],"yoast_head":"<!-- This site is optimized with the Yoast SEO plugin v27.5 - https:\/\/yoast.com\/product\/yoast-seo-wordpress\/ -->\n<title>&#039;&#039;Rusiyan\u0131n xeyir-duas\u0131 olmadan Erm\u0259nistan Da\u011fl\u0131q Qaraba\u011f\u0131 m\u00fcst\u0259qil d\u00f6vl\u0259t kimi tan\u0131maz&#039;&#039; - MEYDAN.TV<\/title>\n<meta name=\"robots\" content=\"index, follow, max-snippet:-1, max-image-preview:large, max-video-preview:-1\" \/>\n<link rel=\"canonical\" href=\"https:\/\/www.meydan.tv\/az\/article\/rusiyanin-xeyir-duasi-olmadan-ermenistan-dagliq-qarabagi-musteqil-dovlet-kimi-tanimaz\/\" \/>\n<meta property=\"og:locale\" content=\"az_AZ\" \/>\n<meta property=\"og:type\" content=\"article\" \/>\n<meta property=\"og:title\" content=\"&#039;&#039;Rusiyan\u0131n xeyir-duas\u0131 olmadan Erm\u0259nistan Da\u011fl\u0131q Qaraba\u011f\u0131 m\u00fcst\u0259qil d\u00f6vl\u0259t kimi tan\u0131maz&#039;&#039; - MEYDAN.TV\" \/>\n<meta property=\"og:description\" content=\"&#039;&#039;Bu m\u00fcnaqi\u015f\u0259d\u0259 z\u0259if yerimiz b\u0259rbad idar\u0259etm\u0259y\u0259 malik olma\u011f\u0131m\u0131zd\u0131r&#039;&#039;\" \/>\n<meta property=\"og:url\" content=\"https:\/\/www.meydan.tv\/az\/article\/rusiyanin-xeyir-duasi-olmadan-ermenistan-dagliq-qarabagi-musteqil-dovlet-kimi-tanimaz\/\" \/>\n<meta property=\"og:site_name\" content=\"MEYDAN.TV\" \/>\n<meta property=\"article:published_time\" content=\"2016-05-05T17:41:33+00:00\" \/>\n<meta property=\"og:image\" content=\"https:\/\/www.meydan.tv\/wp-content\/uploads\/21477.jpg\" \/>\n\t<meta property=\"og:image:width\" content=\"750\" \/>\n\t<meta property=\"og:image:height\" content=\"500\" \/>\n\t<meta property=\"og:image:type\" content=\"image\/jpeg\" \/>\n<meta name=\"author\" content=\"user-manager\" \/>\n<meta name=\"twitter:card\" content=\"summary_large_image\" \/>\n<script type=\"application\/ld+json\" class=\"yoast-schema-graph\">{\"@context\":\"https:\\\/\\\/schema.org\",\"@graph\":[{\"@type\":\"Article\",\"@id\":\"https:\\\/\\\/www.meydan.tv\\\/az\\\/article\\\/rusiyanin-xeyir-duasi-olmadan-ermenistan-dagliq-qarabagi-musteqil-dovlet-kimi-tanimaz\\\/#article\",\"isPartOf\":{\"@id\":\"https:\\\/\\\/www.meydan.tv\\\/az\\\/article\\\/rusiyanin-xeyir-duasi-olmadan-ermenistan-dagliq-qarabagi-musteqil-dovlet-kimi-tanimaz\\\/\"},\"author\":{\"name\":\"user-manager\",\"@id\":\"https:\\\/\\\/www.meydan.tv\\\/az\\\/#\\\/schema\\\/person\\\/10d11eccf6da3662cf5fdab9806ea91a\"},\"headline\":\"&#8221;Rusiyan\u0131n xeyir-duas\u0131 olmadan Erm\u0259nistan Da\u011fl\u0131q Qaraba\u011f\u0131 m\u00fcst\u0259qil d\u00f6vl\u0259t kimi tan\u0131maz&#8221;\",\"datePublished\":\"2016-05-05T17:41:33+00:00\",\"mainEntityOfPage\":{\"@id\":\"https:\\\/\\\/www.meydan.tv\\\/az\\\/article\\\/rusiyanin-xeyir-duasi-olmadan-ermenistan-dagliq-qarabagi-musteqil-dovlet-kimi-tanimaz\\\/\"},\"wordCount\":993,\"publisher\":{\"@id\":\"https:\\\/\\\/www.meydan.tv\\\/az\\\/#organization\"},\"image\":{\"@id\":\"https:\\\/\\\/www.meydan.tv\\\/az\\\/article\\\/rusiyanin-xeyir-duasi-olmadan-ermenistan-dagliq-qarabagi-musteqil-dovlet-kimi-tanimaz\\\/#primaryimage\"},\"thumbnailUrl\":\"https:\\\/\\\/www.meydan.tv\\\/wp-content\\\/uploads\\\/21477.jpg\",\"articleSection\":[\"Analitika\"],\"inLanguage\":\"az\"},{\"@type\":\"WebPage\",\"@id\":\"https:\\\/\\\/www.meydan.tv\\\/az\\\/article\\\/rusiyanin-xeyir-duasi-olmadan-ermenistan-dagliq-qarabagi-musteqil-dovlet-kimi-tanimaz\\\/\",\"url\":\"https:\\\/\\\/www.meydan.tv\\\/az\\\/article\\\/rusiyanin-xeyir-duasi-olmadan-ermenistan-dagliq-qarabagi-musteqil-dovlet-kimi-tanimaz\\\/\",\"name\":\"''Rusiyan\u0131n xeyir-duas\u0131 olmadan Erm\u0259nistan Da\u011fl\u0131q Qaraba\u011f\u0131 m\u00fcst\u0259qil d\u00f6vl\u0259t kimi tan\u0131maz'' - MEYDAN.TV\",\"isPartOf\":{\"@id\":\"https:\\\/\\\/www.meydan.tv\\\/az\\\/#website\"},\"primaryImageOfPage\":{\"@id\":\"https:\\\/\\\/www.meydan.tv\\\/az\\\/article\\\/rusiyanin-xeyir-duasi-olmadan-ermenistan-dagliq-qarabagi-musteqil-dovlet-kimi-tanimaz\\\/#primaryimage\"},\"image\":{\"@id\":\"https:\\\/\\\/www.meydan.tv\\\/az\\\/article\\\/rusiyanin-xeyir-duasi-olmadan-ermenistan-dagliq-qarabagi-musteqil-dovlet-kimi-tanimaz\\\/#primaryimage\"},\"thumbnailUrl\":\"https:\\\/\\\/www.meydan.tv\\\/wp-content\\\/uploads\\\/21477.jpg\",\"datePublished\":\"2016-05-05T17:41:33+00:00\",\"breadcrumb\":{\"@id\":\"https:\\\/\\\/www.meydan.tv\\\/az\\\/article\\\/rusiyanin-xeyir-duasi-olmadan-ermenistan-dagliq-qarabagi-musteqil-dovlet-kimi-tanimaz\\\/#breadcrumb\"},\"inLanguage\":\"az\",\"potentialAction\":[{\"@type\":\"ReadAction\",\"target\":[\"https:\\\/\\\/www.meydan.tv\\\/az\\\/article\\\/rusiyanin-xeyir-duasi-olmadan-ermenistan-dagliq-qarabagi-musteqil-dovlet-kimi-tanimaz\\\/\"]}]},{\"@type\":\"ImageObject\",\"inLanguage\":\"az\",\"@id\":\"https:\\\/\\\/www.meydan.tv\\\/az\\\/article\\\/rusiyanin-xeyir-duasi-olmadan-ermenistan-dagliq-qarabagi-musteqil-dovlet-kimi-tanimaz\\\/#primaryimage\",\"url\":\"https:\\\/\\\/www.meydan.tv\\\/wp-content\\\/uploads\\\/21477.jpg\",\"contentUrl\":\"https:\\\/\\\/www.meydan.tv\\\/wp-content\\\/uploads\\\/21477.jpg\",\"width\":750,\"height\":500,\"caption\":\"M\u0259nb\u0259: AFU\"},{\"@type\":\"BreadcrumbList\",\"@id\":\"https:\\\/\\\/www.meydan.tv\\\/az\\\/article\\\/rusiyanin-xeyir-duasi-olmadan-ermenistan-dagliq-qarabagi-musteqil-dovlet-kimi-tanimaz\\\/#breadcrumb\",\"itemListElement\":[{\"@type\":\"ListItem\",\"position\":1,\"name\":\"Ana s\u0259hif\u0259\",\"item\":\"https:\\\/\\\/www.meydan.tv\\\/az\\\/\"},{\"@type\":\"ListItem\",\"position\":2,\"name\":\"Analitika\",\"item\":\"https:\\\/\\\/www.meydan.tv\\\/az\\\/section\\\/analitika\\\/\"},{\"@type\":\"ListItem\",\"position\":3,\"name\":\"&#8221;Rusiyan\u0131n xeyir-duas\u0131 olmadan Erm\u0259nistan Da\u011fl\u0131q Qaraba\u011f\u0131 m\u00fcst\u0259qil d\u00f6vl\u0259t kimi tan\u0131maz&#8221;\"}]},{\"@type\":\"WebSite\",\"@id\":\"https:\\\/\\\/www.meydan.tv\\\/az\\\/#website\",\"url\":\"https:\\\/\\\/www.meydan.tv\\\/az\\\/\",\"name\":\"MEYDAN.TV\",\"description\":\"Meydan TV Az\u0259rbaycan\u0131n media m\u0259kan\u0131ndak\u0131 alternativ s\u0259sidir\",\"publisher\":{\"@id\":\"https:\\\/\\\/www.meydan.tv\\\/az\\\/#organization\"},\"potentialAction\":[{\"@type\":\"SearchAction\",\"target\":{\"@type\":\"EntryPoint\",\"urlTemplate\":\"https:\\\/\\\/www.meydan.tv\\\/az\\\/?s={search_term_string}\"},\"query-input\":{\"@type\":\"PropertyValueSpecification\",\"valueRequired\":true,\"valueName\":\"search_term_string\"}}],\"inLanguage\":\"az\"},{\"@type\":\"Organization\",\"@id\":\"https:\\\/\\\/www.meydan.tv\\\/az\\\/#organization\",\"name\":\"Meydan TV\",\"url\":\"https:\\\/\\\/www.meydan.tv\\\/az\\\/\",\"logo\":{\"@type\":\"ImageObject\",\"inLanguage\":\"az\",\"@id\":\"https:\\\/\\\/www.meydan.tv\\\/az\\\/#\\\/schema\\\/logo\\\/image\\\/\",\"url\":\"https:\\\/\\\/www.meydan.tv\\\/wp-content\\\/uploads\\\/2021\\\/07\\\/meydan-logo.svg\",\"contentUrl\":\"https:\\\/\\\/www.meydan.tv\\\/wp-content\\\/uploads\\\/2021\\\/07\\\/meydan-logo.svg\",\"width\":195,\"height\":46,\"caption\":\"Meydan TV\"},\"image\":{\"@id\":\"https:\\\/\\\/www.meydan.tv\\\/az\\\/#\\\/schema\\\/logo\\\/image\\\/\"}},{\"@type\":\"Person\",\"@id\":\"https:\\\/\\\/www.meydan.tv\\\/az\\\/#\\\/schema\\\/person\\\/10d11eccf6da3662cf5fdab9806ea91a\",\"name\":\"user-manager\"}]}<\/script>\n<!-- \/ Yoast SEO plugin. -->","yoast_head_json":{"title":"''Rusiyan\u0131n xeyir-duas\u0131 olmadan Erm\u0259nistan Da\u011fl\u0131q Qaraba\u011f\u0131 m\u00fcst\u0259qil d\u00f6vl\u0259t kimi tan\u0131maz'' - MEYDAN.TV","robots":{"index":"index","follow":"follow","max-snippet":"max-snippet:-1","max-image-preview":"max-image-preview:large","max-video-preview":"max-video-preview:-1"},"canonical":"https:\/\/www.meydan.tv\/az\/article\/rusiyanin-xeyir-duasi-olmadan-ermenistan-dagliq-qarabagi-musteqil-dovlet-kimi-tanimaz\/","og_locale":"az_AZ","og_type":"article","og_title":"''Rusiyan\u0131n xeyir-duas\u0131 olmadan Erm\u0259nistan Da\u011fl\u0131q Qaraba\u011f\u0131 m\u00fcst\u0259qil d\u00f6vl\u0259t kimi tan\u0131maz'' - MEYDAN.TV","og_description":"''Bu m\u00fcnaqi\u015f\u0259d\u0259 z\u0259if yerimiz b\u0259rbad idar\u0259etm\u0259y\u0259 malik olma\u011f\u0131m\u0131zd\u0131r''","og_url":"https:\/\/www.meydan.tv\/az\/article\/rusiyanin-xeyir-duasi-olmadan-ermenistan-dagliq-qarabagi-musteqil-dovlet-kimi-tanimaz\/","og_site_name":"MEYDAN.TV","article_published_time":"2016-05-05T17:41:33+00:00","og_image":[{"width":750,"height":500,"url":"https:\/\/www.meydan.tv\/wp-content\/uploads\/21477.jpg","type":"image\/jpeg"}],"author":"user-manager","twitter_card":"summary_large_image","schema":{"@context":"https:\/\/schema.org","@graph":[{"@type":"Article","@id":"https:\/\/www.meydan.tv\/az\/article\/rusiyanin-xeyir-duasi-olmadan-ermenistan-dagliq-qarabagi-musteqil-dovlet-kimi-tanimaz\/#article","isPartOf":{"@id":"https:\/\/www.meydan.tv\/az\/article\/rusiyanin-xeyir-duasi-olmadan-ermenistan-dagliq-qarabagi-musteqil-dovlet-kimi-tanimaz\/"},"author":{"name":"user-manager","@id":"https:\/\/www.meydan.tv\/az\/#\/schema\/person\/10d11eccf6da3662cf5fdab9806ea91a"},"headline":"&#8221;Rusiyan\u0131n xeyir-duas\u0131 olmadan Erm\u0259nistan Da\u011fl\u0131q Qaraba\u011f\u0131 m\u00fcst\u0259qil d\u00f6vl\u0259t kimi tan\u0131maz&#8221;","datePublished":"2016-05-05T17:41:33+00:00","mainEntityOfPage":{"@id":"https:\/\/www.meydan.tv\/az\/article\/rusiyanin-xeyir-duasi-olmadan-ermenistan-dagliq-qarabagi-musteqil-dovlet-kimi-tanimaz\/"},"wordCount":993,"publisher":{"@id":"https:\/\/www.meydan.tv\/az\/#organization"},"image":{"@id":"https:\/\/www.meydan.tv\/az\/article\/rusiyanin-xeyir-duasi-olmadan-ermenistan-dagliq-qarabagi-musteqil-dovlet-kimi-tanimaz\/#primaryimage"},"thumbnailUrl":"https:\/\/www.meydan.tv\/wp-content\/uploads\/21477.jpg","articleSection":["Analitika"],"inLanguage":"az"},{"@type":"WebPage","@id":"https:\/\/www.meydan.tv\/az\/article\/rusiyanin-xeyir-duasi-olmadan-ermenistan-dagliq-qarabagi-musteqil-dovlet-kimi-tanimaz\/","url":"https:\/\/www.meydan.tv\/az\/article\/rusiyanin-xeyir-duasi-olmadan-ermenistan-dagliq-qarabagi-musteqil-dovlet-kimi-tanimaz\/","name":"''Rusiyan\u0131n xeyir-duas\u0131 olmadan Erm\u0259nistan Da\u011fl\u0131q Qaraba\u011f\u0131 m\u00fcst\u0259qil d\u00f6vl\u0259t kimi tan\u0131maz'' - MEYDAN.TV","isPartOf":{"@id":"https:\/\/www.meydan.tv\/az\/#website"},"primaryImageOfPage":{"@id":"https:\/\/www.meydan.tv\/az\/article\/rusiyanin-xeyir-duasi-olmadan-ermenistan-dagliq-qarabagi-musteqil-dovlet-kimi-tanimaz\/#primaryimage"},"image":{"@id":"https:\/\/www.meydan.tv\/az\/article\/rusiyanin-xeyir-duasi-olmadan-ermenistan-dagliq-qarabagi-musteqil-dovlet-kimi-tanimaz\/#primaryimage"},"thumbnailUrl":"https:\/\/www.meydan.tv\/wp-content\/uploads\/21477.jpg","datePublished":"2016-05-05T17:41:33+00:00","breadcrumb":{"@id":"https:\/\/www.meydan.tv\/az\/article\/rusiyanin-xeyir-duasi-olmadan-ermenistan-dagliq-qarabagi-musteqil-dovlet-kimi-tanimaz\/#breadcrumb"},"inLanguage":"az","potentialAction":[{"@type":"ReadAction","target":["https:\/\/www.meydan.tv\/az\/article\/rusiyanin-xeyir-duasi-olmadan-ermenistan-dagliq-qarabagi-musteqil-dovlet-kimi-tanimaz\/"]}]},{"@type":"ImageObject","inLanguage":"az","@id":"https:\/\/www.meydan.tv\/az\/article\/rusiyanin-xeyir-duasi-olmadan-ermenistan-dagliq-qarabagi-musteqil-dovlet-kimi-tanimaz\/#primaryimage","url":"https:\/\/www.meydan.tv\/wp-content\/uploads\/21477.jpg","contentUrl":"https:\/\/www.meydan.tv\/wp-content\/uploads\/21477.jpg","width":750,"height":500,"caption":"M\u0259nb\u0259: AFU"},{"@type":"BreadcrumbList","@id":"https:\/\/www.meydan.tv\/az\/article\/rusiyanin-xeyir-duasi-olmadan-ermenistan-dagliq-qarabagi-musteqil-dovlet-kimi-tanimaz\/#breadcrumb","itemListElement":[{"@type":"ListItem","position":1,"name":"Ana s\u0259hif\u0259","item":"https:\/\/www.meydan.tv\/az\/"},{"@type":"ListItem","position":2,"name":"Analitika","item":"https:\/\/www.meydan.tv\/az\/section\/analitika\/"},{"@type":"ListItem","position":3,"name":"&#8221;Rusiyan\u0131n xeyir-duas\u0131 olmadan Erm\u0259nistan Da\u011fl\u0131q Qaraba\u011f\u0131 m\u00fcst\u0259qil d\u00f6vl\u0259t kimi tan\u0131maz&#8221;"}]},{"@type":"WebSite","@id":"https:\/\/www.meydan.tv\/az\/#website","url":"https:\/\/www.meydan.tv\/az\/","name":"MEYDAN.TV","description":"Meydan TV Az\u0259rbaycan\u0131n media m\u0259kan\u0131ndak\u0131 alternativ s\u0259sidir","publisher":{"@id":"https:\/\/www.meydan.tv\/az\/#organization"},"potentialAction":[{"@type":"SearchAction","target":{"@type":"EntryPoint","urlTemplate":"https:\/\/www.meydan.tv\/az\/?s={search_term_string}"},"query-input":{"@type":"PropertyValueSpecification","valueRequired":true,"valueName":"search_term_string"}}],"inLanguage":"az"},{"@type":"Organization","@id":"https:\/\/www.meydan.tv\/az\/#organization","name":"Meydan TV","url":"https:\/\/www.meydan.tv\/az\/","logo":{"@type":"ImageObject","inLanguage":"az","@id":"https:\/\/www.meydan.tv\/az\/#\/schema\/logo\/image\/","url":"https:\/\/www.meydan.tv\/wp-content\/uploads\/2021\/07\/meydan-logo.svg","contentUrl":"https:\/\/www.meydan.tv\/wp-content\/uploads\/2021\/07\/meydan-logo.svg","width":195,"height":46,"caption":"Meydan TV"},"image":{"@id":"https:\/\/www.meydan.tv\/az\/#\/schema\/logo\/image\/"}},{"@type":"Person","@id":"https:\/\/www.meydan.tv\/az\/#\/schema\/person\/10d11eccf6da3662cf5fdab9806ea91a","name":"user-manager"}]}},"_links":{"self":[{"href":"https:\/\/www.meydan.tv\/az\/wp-json\/wp\/v2\/posts\/175728","targetHints":{"allow":["GET"]}}],"collection":[{"href":"https:\/\/www.meydan.tv\/az\/wp-json\/wp\/v2\/posts"}],"about":[{"href":"https:\/\/www.meydan.tv\/az\/wp-json\/wp\/v2\/types\/post"}],"author":[{"embeddable":true,"href":"https:\/\/www.meydan.tv\/az\/wp-json\/wp\/v2\/users\/11"}],"replies":[{"embeddable":true,"href":"https:\/\/www.meydan.tv\/az\/wp-json\/wp\/v2\/comments?post=175728"}],"version-history":[{"count":0,"href":"https:\/\/www.meydan.tv\/az\/wp-json\/wp\/v2\/posts\/175728\/revisions"}],"wp:featuredmedia":[{"embeddable":true,"href":"https:\/\/www.meydan.tv\/az\/wp-json\/wp\/v2\/media\/56775"}],"wp:attachment":[{"href":"https:\/\/www.meydan.tv\/az\/wp-json\/wp\/v2\/media?parent=175728"}],"wp:term":[{"taxonomy":"category","embeddable":true,"href":"https:\/\/www.meydan.tv\/az\/wp-json\/wp\/v2\/categories?post=175728"},{"taxonomy":"post_tag","embeddable":true,"href":"https:\/\/www.meydan.tv\/az\/wp-json\/wp\/v2\/tags?post=175728"}],"curies":[{"name":"wp","href":"https:\/\/api.w.org\/{rel}","templated":true}]}}