{"id":175711,"date":"2016-05-05T00:34:17","date_gmt":"2016-05-05T00:34:17","guid":{"rendered":"https:\/\/www.meydan.tv\/article\/birlikde-alinan-netice-kollektiv-irade-formalasdirir\/"},"modified":"2016-05-05T00:34:17","modified_gmt":"2016-05-05T00:34:17","slug":"birlikde-alinan-netice-kollektiv-irade-formalasdirir","status":"publish","type":"post","link":"https:\/\/www.meydan.tv\/az\/article\/birlikde-alinan-netice-kollektiv-irade-formalasdirir\/","title":{"rendered":"Birlikd\u0259 al\u0131nan n\u0259tic\u0259 kollektiv irad\u0259 formala\u015fd\u0131r\u0131r"},"content":{"rendered":"<figure class=\"wp-block-image size-large\">\n  <img decoding=\"async\" src=\"https:\/\/www.meydan.tv\/az\/nesimi-memmedli-2\/\" alt=\"N\u0259simi M\u0259mm\u0259dli\" class=\"wp-image-56733\"\/><figcaption>\n    N\u0259simi M\u0259mm\u0259dli<br \/>\n  <\/figcaption><\/figure>\n<p>\n  \u0130stisnas\u0131z olaraq b\u00fct\u00fcn anti-demokratik rejiml\u0259rin yuxusunu \u0259r\u015f\u0259 \u00e7\u0259k\u0259n fenomen toplumun kollektiv ruhuna v\u0259 irad\u0259sin\u0259 sahib olmas\u0131d\u0131r<\/p>\n<p>  Ke\u00e7\u0259n yaz\u0131m\u0131zda erm\u0259nil\u0259ri bizd\u0259n g\u00fccl\u00fc ed\u0259n, zaman-zaman torpaqlar\u0131m\u0131za g\u00f6z dikm\u0259y\u0259 \u015firnikl\u0259ndir\u0259n s\u0259b\u0259bl\u0259r\u0259 diqq\u0259t \u00e7\u0259kmi\u015fdik. Bu m\u0259s\u0259l\u0259l\u0259r s\u0131ras\u0131nda \u0259n vacib m\u0259qamlardan biri kimi onlar\u0131n milli \u00f6z\u00fcn\u00fcd\u0259rki, vahid milli ideoloji konsepsiyaya sahib olmas\u0131, kollektiv maraqlara sadiqlikl\u0259rini izah etm\u0259y\u0259 \u00e7al\u0131\u015fm\u0131\u015fd\u0131q. \u018fn bar\u0131\u015fmaz erm\u0259ni m\u00fcxalif\u0259ti il\u0259 iqtidar\u0131 bir anda vahid m\u00f6vqe ifad\u0259 ed\u0259 bil\u0259c\u0259k milli v\u0259 kollektiv irad\u0259y\u0259 sahibdir. Bizim onlardan geri qald\u0131\u011f\u0131m\u0131z bu m\u0259s\u0259l\u0259l\u0259r b\u00fct\u00f6vl\u00fckd\u0259 onlar\u0131n qalibiyy\u0259t d\u00fcsturunun \u0259sas\u0131n\u0131 t\u0259\u015fkil edir.<\/p>\n<p>  <b><br \/>\n    Kollektiv irad\u0259 kim\u0259 qorxu yarad\u0131r?<br \/>\n  <\/b><\/p>\n<p>  H\u00fcquq v\u0259 azadl\u0131qlar\u0131n t\u0259min olundu\u011fu ist\u0259nil\u0259n \u00f6lk\u0259ni g\u00f6t\u00fcr\u00fcb analiz ets\u0259k g\u00f6r\u0259rik ki, bu toplumlarda f\u0259rdi azadl\u0131qlardan do\u011fan kollektiv irad\u0259 \u00e7ox g\u00fccl\u00fcd\u00fcr. \u0130ctimai-siyasi birlikl\u0259r, assosisasiyalar, h\u0259mkarlar ittifaqlar\u0131, icma koalisiyalar\u0131 d\u00f6vl\u0259t \u00fcz\u0259rind\u0259 b\u00f6y\u00fck t\u0259sir g\u00fcc\u00fcn\u0259 v\u0259 ictimai n\u00fcfuza malikdir.<\/p>\n<p>  Q\u0259tiyy\u0259tl\u0259 dey\u0259 bil\u0259rik ki, kollektiv ruhun z\u0259if oldu\u011fu he\u00e7 bir m\u0259kanda toplumun maraqlar\u0131na xidm\u0259t ed\u0259n g\u00fccl\u00fc d\u00f6vl\u0259t yoxdur v\u0259 ola bilm\u0259z. G\u00fccl\u00fc d\u00f6vl\u0259tin olmad\u0131\u011f\u0131 h\u0259r yerd\u0259 v\u0259t\u0259nda\u015f\u0131 il\u0259 zor dilind\u0259 dan\u0131\u015fan h\u00f6kum\u0259t, \u0259halinin maraqlar\u0131n\u0131 he\u00e7\u0259 sayan qanunlar, insanlar\u0131 \u0259zm\u0259kd\u0259n v\u0259 h\u00fcquqlar\u0131n\u0131 pozmaqdan h\u0259zz alan \u0259dal\u0259tsiz idar\u0259\u00e7il\u0259r\u0259 meydan sulama\u011fa \u015f\u0259rait yaradan zorak\u0131 hakimiyy\u0259tl\u0259r m\u00f6vcuddur.<\/p>\n<p>  Sosioloji ara\u015fd\u0131rmalar s\u00fcbut edir ki, avtoritar rejiml\u0259rin \u0259n \u00e7ox qorxdu\u011fu v\u0259 yaranmas\u0131n\u0131 \u0259ng\u0259ll\u0259m\u0259y\u0259 \u00e7al\u0131\u015fd\u0131\u011f\u0131 fenomen kollektiv irad\u0259dir. \u00c7\u00fcnki kollektiv irad\u0259nin oldu\u011fu he\u00e7 bir m\u0259kanda toplumu ita\u0259t\u0259 m\u0259hkum etm\u0259k m\u00fcmk\u00fcn deyil. H\u00fcquqlar\u0131 he\u00e7\u0259 say\u0131lan, \u0259zil\u0259n toplumlar\u0131n is\u0259 yegan\u0259 nicat\u0131 kollektiv irad\u0259ni formala\u015fd\u0131rmaqd\u0131r. H\u0259r bir vicdanl\u0131 v\u0259t\u0259nda\u015f bu irad\u0259nin formala\u015fd\u0131r\u0131lmas\u0131 prosesind\u0259 f\u0259al i\u015ftirak\u00e7\u0131 olmal\u0131d\u0131r.<\/p>\n<p>  <b><br \/>\n    Kollektiv irad\u0259si s\u0131radan \u00e7\u0131xan toplum t\u0259n\u0259zz\u00fcl\u0259 u\u011fray\u0131r<br \/>\n  <\/b><\/p>\n<p>  Kollektiv irad\u0259nin formala\u015fmas\u0131na yarad\u0131lan s\u00fcni \u0259ng\u0259ll\u0259r idar\u0259etm\u0259nin s\u0259feh xarakterind\u0259n qaynaqlan\u0131r. Azad birl\u0259\u015fm\u0259k v\u0259 birlikd\u0259 n\u0259tic\u0259 almaq m\u00fcmk\u00fcn olmad\u0131qca, ibtidai \u015f\u00fcurun do\u011furdu\u011fu sosial m\u00fchit yaran\u0131r. Bu m\u00fchitd\u0259, ilk n\u00f6vb\u0259d\u0259, d\u00f6vl\u0259tin \u0259sas m\u00fcxalif\u0259ti, bar\u0131\u015fmaz r\u0259qibi \u00f6z v\u0259t\u0259nda\u015flar\u0131d\u0131r. Orta \u0259sr monarxiya t\u0259f\u0259kk\u00fcr\u00fcn\u0259 en\u0259n bel\u0259 toplumlarda ail\u0259 v\u0259 tayfa ba\u011flar\u0131ndan do\u011fan m\u00fcnasib\u0259tl\u0259r, d\u00f6vl\u0259t-v\u0259t\u0259nda\u015f m\u00fcnasib\u0259tl\u0259rind\u0259n daha \u00fcst\u00fcn t\u0259sir\u0259 malik olur.<\/p>\n<p>  Kollektiv irad\u0259ni m\u0259hv etm\u0259y\u0259 y\u00f6n\u0259lik sistemli t\u0259dbirl\u0259r plan\u0131 olmasa bel\u0259, ail\u0259 v\u0259 tayfa ba\u011fl\u0131l\u0131\u011f\u0131n\u0131n ibtidai mahiyy\u0259ti yoluxucudur v\u0259 idar\u0259etm\u0259y\u0259 yay\u0131lmas\u0131nda ciddi problem olmur.<br \/>\n  <br \/>\n  Kollektiv h\u0259yata ke\u00e7irilm\u0259li olan b\u00fct\u00fcn f\u0259aliyy\u0259tl\u0259r v\u0259 c\u0259miyy\u0259ti\u00e7i m\u00fcnasib\u0259tl\u0259r, ail\u0259 ba\u011flar\u0131ndan do\u011fan mexanizml\u0259rl\u0259 \u0259v\u0259z olunur. \u0130dar\u0259etm\u0259nin b\u00fct\u00fcn pill\u0259l\u0259rind\u0259 ail\u0259 maraqlar\u0131ndan ba\u015fqa he\u00e7 bir maraq \u00f6nc\u0259lik t\u0259\u015fkil etmir. Sad\u0259 v\u0259t\u0259nda\u015flarda da ictimai olan h\u0259r \u015fey\u0259 qar\u015f\u0131 laqeydlik, bigan\u0259lik h\u00f6km s\u00fcrm\u0259y\u0259 ba\u015flay\u0131r. \u018fks\u0259r insanlar yaln\u0131z \u00f6zl\u0259rini v\u0259 ail\u0259 \u00fczvl\u0259rini d\u00fc\u015f\u00fcn\u0259r\u0259k ya\u015fama\u011fa \u00fcst\u00fcnl\u00fck verirl\u0259r.<\/p>\n<p>  H\u0259tta \u0259n t\u0259sirli ideoloji-siyasi birlikl\u0259rin yerini d\u0259 daha ibtidai ki\u00e7ik ail\u0259 v\u0259 tayfa ittifaq\u0131 al\u0131r. Bununla da, toplumda \u00fcmumi maraqlara xidm\u0259t etm\u0259k, insanlar\u0131n rifah\u0131 namin\u0259 birg\u0259 add\u0131mlamaq t\u0259\u015f\u0259bb\u00fcsl\u0259ri istehza il\u0259 qar\u015f\u0131lan\u0131r. Kollektiv ruhunun topluma qazand\u0131rd\u0131\u011f\u0131 yard\u0131mla\u015fmaq, payla\u015fmaq, xeyriyy\u0259\u00e7ilik v\u0259 t\u0259\u0259ss\u00fcbke\u015flik t\u0259dric\u0259n s\u0131radan \u00e7\u0131x\u0131r. \u0130nsanl\u0131\u011fa xidm\u0259t etm\u0259y\u0259n m\u00fcnasib\u0259tl\u0259r sistemi formala\u015f\u0131r. \u00d6z ail\u0259sind\u0259n k\u0259narda ba\u015f ver\u0259n he\u00e7 bir sosial-ictimai m\u0259s\u0259l\u0259 il\u0259 maraqlanmayan v\u0259t\u0259nda\u015f, \u0259slind\u0259 \u00f6z\u00fc d\u0259 bilm\u0259d\u0259n d\u00f6vl\u0259tin gizli d\u00fc\u015fm\u0259nin\u0259, avtoritarizmin dostuna \u00e7evrilir. \u00dcmummilli t\u0259\u0259ss\u00fcbke\u015flik, v\u0259t\u0259n u\u011frunda f\u0259dakarl\u0131q arxa plana ke\u00e7ir v\u0259 milli m\u0259n\u0259vi d\u0259y\u0259rl\u0259rin, sosial-ictimai m\u00fcnasib\u0259tl\u0259rin da\u011f\u0131d\u0131lmas\u0131 \u00f6n planda olur.<\/p>\n<p>  <b><br \/>\n    Kollektiv ruhunu yaradan v\u0259 z\u0259ifl\u0259d\u0259n amill\u0259r n\u0259d\u0259n qaynaqlan\u0131r?<br \/>\n  <\/b><\/p>\n<p>  Demokratik qanunlar\u0131n h\u00f6km etdiyi toplumlarda azad insanlar\u0131n k\u00f6n\u00fcll\u00fc olaraq birlikd\u0259 h\u0259yata ke\u00e7irdikl\u0259ri v\u0259 \u00fcmumi maraqlara xidm\u0259t ed\u0259n a\u00e7\u0131q f\u0259aliyy\u0259tl\u0259r kollektiv ruhunu formala\u015fd\u0131r\u0131r. Toplumun b\u00fct\u00f6vl\u00fcy\u00fc, h\u0259mr\u0259yliyi v\u0259 g\u00fcc\u00fc kollektiv f\u0259aliyy\u0259td\u0259n do\u011fan n\u0259tic\u0259l\u0259rl\u0259 formala\u015fd\u0131\u011f\u0131 kimi, insanlar\u0131n da ictimai \u0259xlaq\u0131, bir-birin\u0259 g\u00fcv\u0259ni, inam\u0131, h\u00f6rm\u0259ti m\u0259hz kollektiv irad\u0259nin \u00fcz\u0259 \u00e7\u0131xard\u0131\u011f\u0131 d\u00fc\u015f\u00fcnc\u0259d\u0259n do\u011fulur. \u0130ctimai maraqlar u\u011frunda k\u00f6n\u00fcll\u00fc olaraq ba\u015fqalar\u0131 il\u0259 birlikd\u0259 \u00e7al\u0131\u015fmaq, n\u0259tic\u0259 almaq, qorunmaq imkan\u0131 h\u00fczurlu v\u0259 g\u00fcv\u0259nli ortam yarad\u0131r. F\u0259rdi h\u00fcquqlar\u0131n k\u00f6n\u00fcll\u00fc olaraq \u0259n etibarl\u0131 v\u0259 qal\u0131c\u0131 ictimai \u00e7\u0259r\u00e7iv\u0259si yaran\u0131r.<\/p>\n<p>  \u0130stisnas\u0131z olaraq b\u00fct\u00fcn anti-demokratik rejiml\u0259rin yuxusunu \u0259r\u015f\u0259 \u00e7\u0259k\u0259n fenomen toplumun kollektiv ruhuna v\u0259 irad\u0259sin\u0259 sahib olmas\u0131d\u0131r. Demokratik toplumlarda istedadl\u0131, bacar\u0131ql\u0131, savadl\u0131 insanlar\u0131n \u0259l-qolu a\u00e7\u0131q oldu\u011fu kimi, antidemokratik m\u00fchitd\u0259 d\u0259 bunun tam \u0259ksi ya\u015fan\u0131r. Avtoritar rejiml\u0259rin \u0259sas \u201cm\u00fctt\u0259fiql\u0259ri\u201d savads\u0131z, bilgisiz, bigan\u0259 v\u0259 t\u0259\u015fkilatlanmadan qa\u00e7an v\u0259t\u0259nda\u015flard\u0131r. Onlar\u0131 daha rahatl\u0131qla avtoritar irad\u0259y\u0259 tabe etdirm\u0259k m\u00fcmk\u00fcnd\u00fcr.<\/p>\n<p>  <b><br \/>\n    Topluma f\u0259rdi azadl\u0131q, yoxsa kollektiv irad\u0259 \u00f6n\u0259mlidir.<br \/>\n  <\/b><\/p>\n<p>  Avtoritar rejiml\u0259rd\u0259 bu paradiqmalar\u0131n qar\u015f\u0131-qar\u015f\u0131ya qoyulmas\u0131 tamamil\u0259 yersizdir. H\u00fcquq anlay\u0131\u015f\u0131n\u0131n b\u00fct\u00f6vl\u00fckd\u0259 b\u00f6hran ke\u00e7irdiyi m\u00fchitd\u0259, onun f\u0259rdi v\u0259 ya kollektiv pozulmas\u0131n\u0131n n\u0259 \u00f6n\u0259mi ola bil\u0259r ki? H\u00fcquq olan yerd\u0259 h\u0259r iki paradiqma bir-birini do\u011furur v\u0259 qoruyur.<\/p>\n<p>  T\u0259cr\u00fcb\u0259l\u0259r g\u00f6st\u0259rir ki, kollektiv ruhunu, irad\u0259sini s\u0131radan \u00e7\u0131xarmadan anti-demokratik idar\u0259\u00e7iliyi m\u00f6hk\u0259ml\u0259ndirm\u0259k m\u00fcmk\u00fcn deyil. Kollektiv m\u00fcqavim\u0259t daha etibarl\u0131 zirehdir v\u0259 onu asanl\u0131qla a\u015fmaq m\u00fcmk\u00fcn olmur.<\/p>\n<p>  Kollektiv ruhu olmayan milyonlar\u0131 \u0259n ki\u00e7ik m\u00fct\u0259\u015f\u0259kkil qruplar da \u00e7ox asanl\u0131qla uzun ill\u0259r istismar ed\u0259 v\u0259 \u0259z\u0259 bilir. Uzun zaman m\u00fcst\u0259ml\u0259k\u0259 siyas\u0259tinin t\u0259sirind\u0259 olan, d\u0259rin d\u00f6vl\u0259t\u00e7ilik \u0259n\u0259n\u0259l\u0259ri olmayan v\u0259 demokratik idar\u0259\u00e7iliyi m\u0259nims\u0259m\u0259y\u0259n toplumlar\u0131n kollektiv irad\u0259sini daha asanl\u0131qla q\u0131rmaq m\u00fcmk\u00fcn olur.<\/p>\n<p>  Kollektiv f\u0259aliyy\u0259td\u0259n n\u0259tic\u0259 almaq imkanlar\u0131 m\u0259hdudla\u015fd\u0131qca, v\u0259t\u0259nda\u015flar t\u0259dric\u0259n f\u0259rdi f\u0259aliyy\u0259t\u0259 meyl edir. Bu hal t\u0259kc\u0259 d\u00f6vl\u0259t v\u0259t\u0259nda\u015f\u00a0 m\u00fcnasib\u0259tl\u0259rin\u0259 deyil, kollektiv irad\u0259 il\u0259 formala\u015fan b\u00fct\u00fcn qurumlara t\u0259sir g\u00f6st\u0259rir. Antidemokratik rejiml\u0259rin h\u00f6km s\u00fcrd\u00fcy\u00fc c\u0259miyy\u0259tl\u0259rd\u0259 b\u0259z\u0259n siyasi partiyalar, ictimai birlikl\u0259r, h\u0259mkarlar ittifaqlar\u0131 v\u0259 h\u0259tta \u0259n ki\u00e7ik icmalar da \u00f6z \u00fczvl\u0259rinin kollektiv irad\u0259sind\u0259n m\u0259mnun qalm\u0131r. H\u0259tta b\u0259z\u0259n o irad\u0259ni q\u0131rma\u011fa \u00e7al\u0131\u015f\u0131rlar. M\u00fctl\u0259q hakimiyy\u0259t arzusu yuxar\u0131dan a\u015fa\u011f\u0131ya yolxucudur. S\u0259lahiyy\u0259t sahibl\u0259ri, inhisar\u00e7\u0131 qruplar, m\u00fct\u0259\u015f\u0259kkil tayfa ittifaqlar\u0131 bel\u0259 v\u0259ziyy\u0259td\u0259n m\u0259mnumdur v\u0259 \u00f6zl\u0259rini bu m\u00fchitd\u0259 rahat hiss edirl\u0259r.<\/p>\n<p>  Lakin unutmaq laz\u0131m deyil ki, bu, normal hal deyil v\u0259 m\u00fctl\u0259q \u00e7oxlu\u011fun irad\u0259sini s\u00fcni \u015f\u0259kild\u0259 uzun m\u00fcdd\u0259t istiqam\u0259tl\u0259ndirm\u0259k m\u00fcmk\u00fcn olmur. M\u00fcasir d\u00fcnya standartlar\u0131n\u0131n konyukturas\u0131na da ziddir v\u0259 toplumu m\u0259hv\u0259 s\u00fcr\u00fckl\u0259yir.<br \/>\n  <br \/>\n  Sosioloji ara\u015fd\u0131rmalar g\u00f6st\u0259rir ki, toplumun bu v\u0259ziyy\u0259td\u0259 idar\u0259 olunmas\u0131 bir m\u00fcdd\u0259t sonra da\u011f\u0131d\u0131c\u0131 sosial f\u0259lak\u0259t haz\u0131rlay\u0131r. 100 il, 50 il \u00f6nc\u0259 bu idar\u0259etm\u0259 u\u011furlu ola bil\u0259rdi, amma indi tamamil\u0259 sosial t\u0259hl\u00fck\u0259 m\u0259nb\u0259yidir.<\/p>\n<p>  T\u0259\u0259ss\u00fcf ki, \u00f6lk\u0259mizd\u0259 d\u0259 ard\u0131c\u0131l olaraq xanl\u0131qlar d\u00f6vr\u00fcn\u00fcn, \u00e7ar Rusiyas\u0131n\u0131n, sovet totalitar idar\u0259etm\u0259 rejiminin m\u00f6hk\u0259m t\u0259siri olub v\u0259 haz\u0131rda da avtoritar idar\u0259etm\u0259 h\u00f6km s\u00fcr\u00fcr. Toplumun daha asanl\u0131qla avtoritar t\u0259sirl\u0259r\u0259 boyun \u0259ym\u0259si v\u0259 kollektiv irad\u0259y\u0259 can atmamas\u0131 son ill\u0259r daha qabar\u0131q m\u00fc\u015fahid\u0259 edilir. Hakimiyy\u0259tin total basq\u0131lar\u0131na baxmayaraq, \u00f6lk\u0259d\u0259 \u00e7ox m\u0259hdud sayda ictimai-siyasi qurum kollektiv irad\u0259sini qoruyub saxlama\u011fa m\u00fcv\u0259ff\u0259q olub. Bu sindromdan qurtulman\u0131n ictimai d\u00fcsturlar\u0131 var v\u0259 n\u00f6vb\u0259ti yaz\u0131lar\u0131m\u0131zda bu istiqam\u0259td\u0259 fikirl\u0259rimizi b\u00f6l\u00fc\u015f\u0259c\u0259yik.<\/p>\n","protected":false},"excerpt":{"rendered":"<p>Ke\u00e7\u0259n yaz\u0131m\u0131zda erm\u0259nil\u0259ri bizd\u0259n g\u00fccl\u00fc ed\u0259n, zaman-zaman torpaqlar\u0131m\u0131za g\u00f6z dikm\u0259y\u0259 \u015firnikl\u0259ndir\u0259n s\u0259b\u0259bl\u0259r\u0259 diqq\u0259t \u00e7\u0259kmi\u015fdik. Bu m\u0259s\u0259l\u0259l\u0259r s\u0131ras\u0131nda \u0259n vacib m\u0259qamlardan biri kimi onlar\u0131n milli \u00f6z\u00fcn\u00fcd\u0259rki, vahid milli ideoloji konsepsiyaya sahib olmas\u0131, kollektiv maraqlara sadiqlikl\u0259rini izah etm\u0259y\u0259 \u00e7al\u0131\u015fm\u0131\u015fd\u0131q. \u018fn bar\u0131\u015fmaz erm\u0259ni m\u00fcxalif\u0259ti il\u0259 iqtidar\u0131 bir anda vahid m\u00f6vqe ifad\u0259 ed\u0259 bil\u0259c\u0259k milli v\u0259 kollektiv irad\u0259y\u0259 sahibdir. Bizim onlardan geri qald\u0131\u011f\u0131m\u0131z bu m\u0259s\u0259l\u0259l\u0259r b\u00fct\u00f6vl\u00fckd\u0259 onlar\u0131n qalibiyy\u0259t d\u00fcsturunun \u0259sas\u0131n\u0131 t\u0259\u015fkil edir.<\/p>\n","protected":false},"author":11,"featured_media":56733,"comment_status":"closed","ping_status":"open","sticky":false,"template":"","format":"standard","meta":{"_acf_changed":false,"_sitemap_exclude":false,"_sitemap_priority":"","_sitemap_frequency":"","footnotes":""},"categories":[51],"tags":[],"class_list":["post-175711","post","type-post","status-publish","format-standard","has-post-thumbnail","hentry","category-analitika","infinite-scroll-item","generate-columns","tablet-grid-50","mobile-grid-100","grid-parent","grid-33","no-featured-image-padding"],"acf":[],"yoast_head":"<!-- This site is optimized with the Yoast SEO plugin v27.5 - https:\/\/yoast.com\/product\/yoast-seo-wordpress\/ -->\n<title>Birlikd\u0259 al\u0131nan n\u0259tic\u0259 kollektiv irad\u0259 formala\u015fd\u0131r\u0131r - MEYDAN.TV<\/title>\n<meta name=\"robots\" content=\"index, follow, max-snippet:-1, max-image-preview:large, max-video-preview:-1\" \/>\n<link rel=\"canonical\" href=\"https:\/\/www.meydan.tv\/az\/article\/birlikde-alinan-netice-kollektiv-irade-formalasdirir\/\" \/>\n<meta property=\"og:locale\" content=\"az_AZ\" \/>\n<meta property=\"og:type\" content=\"article\" \/>\n<meta property=\"og:title\" content=\"Birlikd\u0259 al\u0131nan n\u0259tic\u0259 kollektiv irad\u0259 formala\u015fd\u0131r\u0131r - MEYDAN.TV\" \/>\n<meta property=\"og:description\" content=\"Ke\u00e7\u0259n yaz\u0131m\u0131zda erm\u0259nil\u0259ri bizd\u0259n g\u00fccl\u00fc ed\u0259n, zaman-zaman torpaqlar\u0131m\u0131za g\u00f6z dikm\u0259y\u0259 \u015firnikl\u0259ndir\u0259n s\u0259b\u0259bl\u0259r\u0259 diqq\u0259t \u00e7\u0259kmi\u015fdik. Bu m\u0259s\u0259l\u0259l\u0259r s\u0131ras\u0131nda \u0259n vacib m\u0259qamlardan biri kimi onlar\u0131n milli \u00f6z\u00fcn\u00fcd\u0259rki, vahid milli ideoloji konsepsiyaya sahib olmas\u0131, kollektiv maraqlara sadiqlikl\u0259rini izah etm\u0259y\u0259 \u00e7al\u0131\u015fm\u0131\u015fd\u0131q. \u018fn bar\u0131\u015fmaz erm\u0259ni m\u00fcxalif\u0259ti il\u0259 iqtidar\u0131 bir anda vahid m\u00f6vqe ifad\u0259 ed\u0259 bil\u0259c\u0259k milli v\u0259 kollektiv irad\u0259y\u0259 sahibdir. Bizim onlardan geri qald\u0131\u011f\u0131m\u0131z bu m\u0259s\u0259l\u0259l\u0259r b\u00fct\u00f6vl\u00fckd\u0259 onlar\u0131n qalibiyy\u0259t d\u00fcsturunun \u0259sas\u0131n\u0131 t\u0259\u015fkil edir.\" \/>\n<meta property=\"og:url\" content=\"https:\/\/www.meydan.tv\/az\/article\/birlikde-alinan-netice-kollektiv-irade-formalasdirir\/\" \/>\n<meta property=\"og:site_name\" content=\"MEYDAN.TV\" \/>\n<meta property=\"article:published_time\" content=\"2016-05-05T00:34:17+00:00\" \/>\n<meta property=\"og:image\" content=\"https:\/\/www.meydan.tv\/wp-content\/uploads\/20869.jpg\" \/>\n\t<meta property=\"og:image:width\" content=\"700\" \/>\n\t<meta property=\"og:image:height\" content=\"425\" \/>\n\t<meta property=\"og:image:type\" content=\"image\/jpeg\" \/>\n<meta name=\"author\" content=\"user-manager\" \/>\n<meta name=\"twitter:card\" content=\"summary_large_image\" \/>\n<script type=\"application\/ld+json\" class=\"yoast-schema-graph\">{\"@context\":\"https:\\\/\\\/schema.org\",\"@graph\":[{\"@type\":\"Article\",\"@id\":\"https:\\\/\\\/www.meydan.tv\\\/az\\\/article\\\/birlikde-alinan-netice-kollektiv-irade-formalasdirir\\\/#article\",\"isPartOf\":{\"@id\":\"https:\\\/\\\/www.meydan.tv\\\/az\\\/article\\\/birlikde-alinan-netice-kollektiv-irade-formalasdirir\\\/\"},\"author\":{\"name\":\"user-manager\",\"@id\":\"https:\\\/\\\/www.meydan.tv\\\/az\\\/#\\\/schema\\\/person\\\/10d11eccf6da3662cf5fdab9806ea91a\"},\"headline\":\"Birlikd\u0259 al\u0131nan n\u0259tic\u0259 kollektiv irad\u0259 formala\u015fd\u0131r\u0131r\",\"datePublished\":\"2016-05-05T00:34:17+00:00\",\"mainEntityOfPage\":{\"@id\":\"https:\\\/\\\/www.meydan.tv\\\/az\\\/article\\\/birlikde-alinan-netice-kollektiv-irade-formalasdirir\\\/\"},\"wordCount\":1632,\"publisher\":{\"@id\":\"https:\\\/\\\/www.meydan.tv\\\/az\\\/#organization\"},\"image\":{\"@id\":\"https:\\\/\\\/www.meydan.tv\\\/az\\\/article\\\/birlikde-alinan-netice-kollektiv-irade-formalasdirir\\\/#primaryimage\"},\"thumbnailUrl\":\"https:\\\/\\\/www.meydan.tv\\\/wp-content\\\/uploads\\\/20869.jpg\",\"articleSection\":[\"Analitika\"],\"inLanguage\":\"az\"},{\"@type\":\"WebPage\",\"@id\":\"https:\\\/\\\/www.meydan.tv\\\/az\\\/article\\\/birlikde-alinan-netice-kollektiv-irade-formalasdirir\\\/\",\"url\":\"https:\\\/\\\/www.meydan.tv\\\/az\\\/article\\\/birlikde-alinan-netice-kollektiv-irade-formalasdirir\\\/\",\"name\":\"Birlikd\u0259 al\u0131nan n\u0259tic\u0259 kollektiv irad\u0259 formala\u015fd\u0131r\u0131r - MEYDAN.TV\",\"isPartOf\":{\"@id\":\"https:\\\/\\\/www.meydan.tv\\\/az\\\/#website\"},\"primaryImageOfPage\":{\"@id\":\"https:\\\/\\\/www.meydan.tv\\\/az\\\/article\\\/birlikde-alinan-netice-kollektiv-irade-formalasdirir\\\/#primaryimage\"},\"image\":{\"@id\":\"https:\\\/\\\/www.meydan.tv\\\/az\\\/article\\\/birlikde-alinan-netice-kollektiv-irade-formalasdirir\\\/#primaryimage\"},\"thumbnailUrl\":\"https:\\\/\\\/www.meydan.tv\\\/wp-content\\\/uploads\\\/20869.jpg\",\"datePublished\":\"2016-05-05T00:34:17+00:00\",\"breadcrumb\":{\"@id\":\"https:\\\/\\\/www.meydan.tv\\\/az\\\/article\\\/birlikde-alinan-netice-kollektiv-irade-formalasdirir\\\/#breadcrumb\"},\"inLanguage\":\"az\",\"potentialAction\":[{\"@type\":\"ReadAction\",\"target\":[\"https:\\\/\\\/www.meydan.tv\\\/az\\\/article\\\/birlikde-alinan-netice-kollektiv-irade-formalasdirir\\\/\"]}]},{\"@type\":\"ImageObject\",\"inLanguage\":\"az\",\"@id\":\"https:\\\/\\\/www.meydan.tv\\\/az\\\/article\\\/birlikde-alinan-netice-kollektiv-irade-formalasdirir\\\/#primaryimage\",\"url\":\"https:\\\/\\\/www.meydan.tv\\\/wp-content\\\/uploads\\\/20869.jpg\",\"contentUrl\":\"https:\\\/\\\/www.meydan.tv\\\/wp-content\\\/uploads\\\/20869.jpg\",\"width\":700,\"height\":425,\"caption\":\"Source:\"},{\"@type\":\"BreadcrumbList\",\"@id\":\"https:\\\/\\\/www.meydan.tv\\\/az\\\/article\\\/birlikde-alinan-netice-kollektiv-irade-formalasdirir\\\/#breadcrumb\",\"itemListElement\":[{\"@type\":\"ListItem\",\"position\":1,\"name\":\"Ana s\u0259hif\u0259\",\"item\":\"https:\\\/\\\/www.meydan.tv\\\/az\\\/\"},{\"@type\":\"ListItem\",\"position\":2,\"name\":\"Analitika\",\"item\":\"https:\\\/\\\/www.meydan.tv\\\/az\\\/section\\\/analitika\\\/\"},{\"@type\":\"ListItem\",\"position\":3,\"name\":\"Birlikd\u0259 al\u0131nan n\u0259tic\u0259 kollektiv irad\u0259 formala\u015fd\u0131r\u0131r\"}]},{\"@type\":\"WebSite\",\"@id\":\"https:\\\/\\\/www.meydan.tv\\\/az\\\/#website\",\"url\":\"https:\\\/\\\/www.meydan.tv\\\/az\\\/\",\"name\":\"MEYDAN.TV\",\"description\":\"Meydan TV Az\u0259rbaycan\u0131n media m\u0259kan\u0131ndak\u0131 alternativ s\u0259sidir\",\"publisher\":{\"@id\":\"https:\\\/\\\/www.meydan.tv\\\/az\\\/#organization\"},\"potentialAction\":[{\"@type\":\"SearchAction\",\"target\":{\"@type\":\"EntryPoint\",\"urlTemplate\":\"https:\\\/\\\/www.meydan.tv\\\/az\\\/?s={search_term_string}\"},\"query-input\":{\"@type\":\"PropertyValueSpecification\",\"valueRequired\":true,\"valueName\":\"search_term_string\"}}],\"inLanguage\":\"az\"},{\"@type\":\"Organization\",\"@id\":\"https:\\\/\\\/www.meydan.tv\\\/az\\\/#organization\",\"name\":\"Meydan TV\",\"url\":\"https:\\\/\\\/www.meydan.tv\\\/az\\\/\",\"logo\":{\"@type\":\"ImageObject\",\"inLanguage\":\"az\",\"@id\":\"https:\\\/\\\/www.meydan.tv\\\/az\\\/#\\\/schema\\\/logo\\\/image\\\/\",\"url\":\"https:\\\/\\\/www.meydan.tv\\\/wp-content\\\/uploads\\\/2021\\\/07\\\/meydan-logo.svg\",\"contentUrl\":\"https:\\\/\\\/www.meydan.tv\\\/wp-content\\\/uploads\\\/2021\\\/07\\\/meydan-logo.svg\",\"width\":195,\"height\":46,\"caption\":\"Meydan TV\"},\"image\":{\"@id\":\"https:\\\/\\\/www.meydan.tv\\\/az\\\/#\\\/schema\\\/logo\\\/image\\\/\"}},{\"@type\":\"Person\",\"@id\":\"https:\\\/\\\/www.meydan.tv\\\/az\\\/#\\\/schema\\\/person\\\/10d11eccf6da3662cf5fdab9806ea91a\",\"name\":\"user-manager\"}]}<\/script>\n<!-- \/ Yoast SEO plugin. -->","yoast_head_json":{"title":"Birlikd\u0259 al\u0131nan n\u0259tic\u0259 kollektiv irad\u0259 formala\u015fd\u0131r\u0131r - MEYDAN.TV","robots":{"index":"index","follow":"follow","max-snippet":"max-snippet:-1","max-image-preview":"max-image-preview:large","max-video-preview":"max-video-preview:-1"},"canonical":"https:\/\/www.meydan.tv\/az\/article\/birlikde-alinan-netice-kollektiv-irade-formalasdirir\/","og_locale":"az_AZ","og_type":"article","og_title":"Birlikd\u0259 al\u0131nan n\u0259tic\u0259 kollektiv irad\u0259 formala\u015fd\u0131r\u0131r - MEYDAN.TV","og_description":"Ke\u00e7\u0259n yaz\u0131m\u0131zda erm\u0259nil\u0259ri bizd\u0259n g\u00fccl\u00fc ed\u0259n, zaman-zaman torpaqlar\u0131m\u0131za g\u00f6z dikm\u0259y\u0259 \u015firnikl\u0259ndir\u0259n s\u0259b\u0259bl\u0259r\u0259 diqq\u0259t \u00e7\u0259kmi\u015fdik. Bu m\u0259s\u0259l\u0259l\u0259r s\u0131ras\u0131nda \u0259n vacib m\u0259qamlardan biri kimi onlar\u0131n milli \u00f6z\u00fcn\u00fcd\u0259rki, vahid milli ideoloji konsepsiyaya sahib olmas\u0131, kollektiv maraqlara sadiqlikl\u0259rini izah etm\u0259y\u0259 \u00e7al\u0131\u015fm\u0131\u015fd\u0131q. \u018fn bar\u0131\u015fmaz erm\u0259ni m\u00fcxalif\u0259ti il\u0259 iqtidar\u0131 bir anda vahid m\u00f6vqe ifad\u0259 ed\u0259 bil\u0259c\u0259k milli v\u0259 kollektiv irad\u0259y\u0259 sahibdir. Bizim onlardan geri qald\u0131\u011f\u0131m\u0131z bu m\u0259s\u0259l\u0259l\u0259r b\u00fct\u00f6vl\u00fckd\u0259 onlar\u0131n qalibiyy\u0259t d\u00fcsturunun \u0259sas\u0131n\u0131 t\u0259\u015fkil edir.","og_url":"https:\/\/www.meydan.tv\/az\/article\/birlikde-alinan-netice-kollektiv-irade-formalasdirir\/","og_site_name":"MEYDAN.TV","article_published_time":"2016-05-05T00:34:17+00:00","og_image":[{"width":700,"height":425,"url":"https:\/\/www.meydan.tv\/wp-content\/uploads\/20869.jpg","type":"image\/jpeg"}],"author":"user-manager","twitter_card":"summary_large_image","schema":{"@context":"https:\/\/schema.org","@graph":[{"@type":"Article","@id":"https:\/\/www.meydan.tv\/az\/article\/birlikde-alinan-netice-kollektiv-irade-formalasdirir\/#article","isPartOf":{"@id":"https:\/\/www.meydan.tv\/az\/article\/birlikde-alinan-netice-kollektiv-irade-formalasdirir\/"},"author":{"name":"user-manager","@id":"https:\/\/www.meydan.tv\/az\/#\/schema\/person\/10d11eccf6da3662cf5fdab9806ea91a"},"headline":"Birlikd\u0259 al\u0131nan n\u0259tic\u0259 kollektiv irad\u0259 formala\u015fd\u0131r\u0131r","datePublished":"2016-05-05T00:34:17+00:00","mainEntityOfPage":{"@id":"https:\/\/www.meydan.tv\/az\/article\/birlikde-alinan-netice-kollektiv-irade-formalasdirir\/"},"wordCount":1632,"publisher":{"@id":"https:\/\/www.meydan.tv\/az\/#organization"},"image":{"@id":"https:\/\/www.meydan.tv\/az\/article\/birlikde-alinan-netice-kollektiv-irade-formalasdirir\/#primaryimage"},"thumbnailUrl":"https:\/\/www.meydan.tv\/wp-content\/uploads\/20869.jpg","articleSection":["Analitika"],"inLanguage":"az"},{"@type":"WebPage","@id":"https:\/\/www.meydan.tv\/az\/article\/birlikde-alinan-netice-kollektiv-irade-formalasdirir\/","url":"https:\/\/www.meydan.tv\/az\/article\/birlikde-alinan-netice-kollektiv-irade-formalasdirir\/","name":"Birlikd\u0259 al\u0131nan n\u0259tic\u0259 kollektiv irad\u0259 formala\u015fd\u0131r\u0131r - MEYDAN.TV","isPartOf":{"@id":"https:\/\/www.meydan.tv\/az\/#website"},"primaryImageOfPage":{"@id":"https:\/\/www.meydan.tv\/az\/article\/birlikde-alinan-netice-kollektiv-irade-formalasdirir\/#primaryimage"},"image":{"@id":"https:\/\/www.meydan.tv\/az\/article\/birlikde-alinan-netice-kollektiv-irade-formalasdirir\/#primaryimage"},"thumbnailUrl":"https:\/\/www.meydan.tv\/wp-content\/uploads\/20869.jpg","datePublished":"2016-05-05T00:34:17+00:00","breadcrumb":{"@id":"https:\/\/www.meydan.tv\/az\/article\/birlikde-alinan-netice-kollektiv-irade-formalasdirir\/#breadcrumb"},"inLanguage":"az","potentialAction":[{"@type":"ReadAction","target":["https:\/\/www.meydan.tv\/az\/article\/birlikde-alinan-netice-kollektiv-irade-formalasdirir\/"]}]},{"@type":"ImageObject","inLanguage":"az","@id":"https:\/\/www.meydan.tv\/az\/article\/birlikde-alinan-netice-kollektiv-irade-formalasdirir\/#primaryimage","url":"https:\/\/www.meydan.tv\/wp-content\/uploads\/20869.jpg","contentUrl":"https:\/\/www.meydan.tv\/wp-content\/uploads\/20869.jpg","width":700,"height":425,"caption":"Source:"},{"@type":"BreadcrumbList","@id":"https:\/\/www.meydan.tv\/az\/article\/birlikde-alinan-netice-kollektiv-irade-formalasdirir\/#breadcrumb","itemListElement":[{"@type":"ListItem","position":1,"name":"Ana s\u0259hif\u0259","item":"https:\/\/www.meydan.tv\/az\/"},{"@type":"ListItem","position":2,"name":"Analitika","item":"https:\/\/www.meydan.tv\/az\/section\/analitika\/"},{"@type":"ListItem","position":3,"name":"Birlikd\u0259 al\u0131nan n\u0259tic\u0259 kollektiv irad\u0259 formala\u015fd\u0131r\u0131r"}]},{"@type":"WebSite","@id":"https:\/\/www.meydan.tv\/az\/#website","url":"https:\/\/www.meydan.tv\/az\/","name":"MEYDAN.TV","description":"Meydan TV Az\u0259rbaycan\u0131n media m\u0259kan\u0131ndak\u0131 alternativ s\u0259sidir","publisher":{"@id":"https:\/\/www.meydan.tv\/az\/#organization"},"potentialAction":[{"@type":"SearchAction","target":{"@type":"EntryPoint","urlTemplate":"https:\/\/www.meydan.tv\/az\/?s={search_term_string}"},"query-input":{"@type":"PropertyValueSpecification","valueRequired":true,"valueName":"search_term_string"}}],"inLanguage":"az"},{"@type":"Organization","@id":"https:\/\/www.meydan.tv\/az\/#organization","name":"Meydan TV","url":"https:\/\/www.meydan.tv\/az\/","logo":{"@type":"ImageObject","inLanguage":"az","@id":"https:\/\/www.meydan.tv\/az\/#\/schema\/logo\/image\/","url":"https:\/\/www.meydan.tv\/wp-content\/uploads\/2021\/07\/meydan-logo.svg","contentUrl":"https:\/\/www.meydan.tv\/wp-content\/uploads\/2021\/07\/meydan-logo.svg","width":195,"height":46,"caption":"Meydan TV"},"image":{"@id":"https:\/\/www.meydan.tv\/az\/#\/schema\/logo\/image\/"}},{"@type":"Person","@id":"https:\/\/www.meydan.tv\/az\/#\/schema\/person\/10d11eccf6da3662cf5fdab9806ea91a","name":"user-manager"}]}},"_links":{"self":[{"href":"https:\/\/www.meydan.tv\/az\/wp-json\/wp\/v2\/posts\/175711","targetHints":{"allow":["GET"]}}],"collection":[{"href":"https:\/\/www.meydan.tv\/az\/wp-json\/wp\/v2\/posts"}],"about":[{"href":"https:\/\/www.meydan.tv\/az\/wp-json\/wp\/v2\/types\/post"}],"author":[{"embeddable":true,"href":"https:\/\/www.meydan.tv\/az\/wp-json\/wp\/v2\/users\/11"}],"replies":[{"embeddable":true,"href":"https:\/\/www.meydan.tv\/az\/wp-json\/wp\/v2\/comments?post=175711"}],"version-history":[{"count":0,"href":"https:\/\/www.meydan.tv\/az\/wp-json\/wp\/v2\/posts\/175711\/revisions"}],"wp:featuredmedia":[{"embeddable":true,"href":"https:\/\/www.meydan.tv\/az\/wp-json\/wp\/v2\/media\/56733"}],"wp:attachment":[{"href":"https:\/\/www.meydan.tv\/az\/wp-json\/wp\/v2\/media?parent=175711"}],"wp:term":[{"taxonomy":"category","embeddable":true,"href":"https:\/\/www.meydan.tv\/az\/wp-json\/wp\/v2\/categories?post=175711"},{"taxonomy":"post_tag","embeddable":true,"href":"https:\/\/www.meydan.tv\/az\/wp-json\/wp\/v2\/tags?post=175711"}],"curies":[{"name":"wp","href":"https:\/\/api.w.org\/{rel}","templated":true}]}}