{"id":175709,"date":"2016-05-04T23:47:22","date_gmt":"2016-05-04T23:47:22","guid":{"rendered":"https:\/\/www.meydan.tv\/article\/sergey-lavrov-ermenistan-bu-meseleni-muzakire-etmir\/"},"modified":"2016-05-04T23:47:22","modified_gmt":"2016-05-04T23:47:22","slug":"sergey-lavrov-ermenistan-bu-meseleni-muzakire-etmir","status":"publish","type":"post","link":"https:\/\/www.meydan.tv\/az\/article\/sergey-lavrov-ermenistan-bu-meseleni-muzakire-etmir\/","title":{"rendered":"Sergey Lavrov: &#8221;Erm\u0259nistan bu m\u0259s\u0259l\u0259ni m\u00fczakir\u0259 etmir&#8221;"},"content":{"rendered":"<figure class=\"wp-block-image size-large\">\n  <img decoding=\"async\" src=\"https:\/\/www.meydan.tv\/az\/sergey-lavrov-2\/\" alt=\"Sergey Lavrov\" class=\"wp-image-56703\"\/><figcaption>\n    Sergey Lavrov<br \/>\n  <\/figcaption><\/figure>\n<p>\n  <i><br \/>\n    &#8221;Erm\u0259nistan h\u00f6kum\u0259ti d\u0259 \u00f6z qanunlar\u0131na \u0259sas\u0259n bu qanun layih\u0259si \u00fc\u00e7\u00fcn yekun r\u0259y haz\u0131rlamal\u0131d\u0131r&#8221;<br \/>\n  <\/i>\n<\/p>\n<p>\n  \u201cErm\u0259nistan parlamentinin Da\u011fl\u0131q Qaraba\u011f\u0131n m\u00fcst\u0259qilliyini tan\u0131maqla ba\u011fl\u0131 m\u00fczakir\u0259 aparaca\u011f\u0131 il\u0259 ba\u011fl\u0131 x\u0259b\u0259rl\u0259rd\u0259n t\u0259la\u015f ke\u00e7irm\u0259y\u0259 s\u0259b\u0259b yoxdur, \u00e7\u00fcnki Erm\u0259nistan b\u0259yan edir ki, regionun statusu birt\u0259r\u0259fli qaydada m\u00fc\u0259yy\u0259n edilm\u0259y\u0259c\u0259k\u201d.<\/p>\n<p>  Bu s\u00f6zl\u0259ri Rusiyan\u0131n xarici i\u015fl\u0259r naziri Sergey Lavrov \u201cR\u0130A Novosti\u201dy\u0259 m\u00fcsahib\u0259sind\u0259 deyib.<\/p>\n<p>  Nazir bildirib ki, Erm\u0259nistan bu m\u0259s\u0259l\u0259ni m\u00fczakir\u0259 etmir: \u201cBu, parlamentin 2 \u00fczv\u00fcn\u00fcn t\u0259klifidir. Erm\u0259nistan h\u00f6kum\u0259ti d\u0259 \u00f6z qanunlar\u0131na \u0259sas\u0259n bu qanun layih\u0259si \u00fc\u00e7\u00fcn yekun r\u0259y haz\u0131rlamal\u0131d\u0131r. M\u0259n \u0130r\u0259vanda olanda v\u0259 daha sonra h\u0259mkar\u0131mla telefon dan\u0131\u015f\u0131\u011f\u0131 zaman\u0131, el\u0259c\u0259 d\u0259 aprel hadis\u0259l\u0259rind\u0259n sonra o Moskvaya g\u0259l\u0259rk\u0259n ayd\u0131n \u015f\u0259kild\u0259 bildirdil\u0259r ki, Erm\u0259nistan m\u00fcnaqi\u015f\u0259nin s\u00fclh yolu il\u0259 h\u0259llin\u0259 sadiqdir. Bu, o dem\u0259kdir ki, Da\u011fl\u0131q Qaraba\u011f\u0131n statusu birt\u0259r\u0259fli qaydada deyil, \u00fcmumi raz\u0131l\u0131q \u0259sas\u0131nda m\u00fc\u0259yy\u0259nl\u0259\u015fdiril\u0259c\u0259k\u201d.\n<\/p>\n<p>\n  <i><br \/>\n    <b><br \/>\n      APA<br \/>\n    <\/b><br \/>\n  <\/i><\/p>\n","protected":false},"excerpt":{"rendered":"<p>&#8221;Erm\u0259nistan h\u00f6kum\u0259ti d\u0259 \u00f6z qanunlar\u0131na \u0259sas\u0259n bu qanun layih\u0259si \u00fc\u00e7\u00fcn yekun r\u0259y haz\u0131rlamal\u0131d\u0131r&#8221;<\/p>\n","protected":false},"author":11,"featured_media":56703,"comment_status":"closed","ping_status":"open","sticky":false,"template":"","format":"standard","meta":{"_acf_changed":false,"_sitemap_exclude":false,"_sitemap_priority":"","_sitemap_frequency":"","footnotes":""},"categories":[51],"tags":[],"class_list":["post-175709","post","type-post","status-publish","format-standard","has-post-thumbnail","hentry","category-analitika","infinite-scroll-item","generate-columns","tablet-grid-50","mobile-grid-100","grid-parent","grid-33","no-featured-image-padding"],"acf":[],"yoast_head":"<!-- This site is optimized with the Yoast SEO plugin v27.5 - https:\/\/yoast.com\/product\/yoast-seo-wordpress\/ -->\n<title>Sergey Lavrov: &#039;&#039;Erm\u0259nistan bu m\u0259s\u0259l\u0259ni m\u00fczakir\u0259 etmir&#039;&#039; - MEYDAN.TV<\/title>\n<meta name=\"robots\" content=\"index, follow, max-snippet:-1, max-image-preview:large, max-video-preview:-1\" \/>\n<link rel=\"canonical\" href=\"https:\/\/www.meydan.tv\/az\/article\/sergey-lavrov-ermenistan-bu-meseleni-muzakire-etmir\/\" \/>\n<meta property=\"og:locale\" content=\"az_AZ\" \/>\n<meta property=\"og:type\" content=\"article\" \/>\n<meta property=\"og:title\" content=\"Sergey Lavrov: &#039;&#039;Erm\u0259nistan bu m\u0259s\u0259l\u0259ni m\u00fczakir\u0259 etmir&#039;&#039; - MEYDAN.TV\" \/>\n<meta property=\"og:description\" content=\"&#039;&#039;Erm\u0259nistan h\u00f6kum\u0259ti d\u0259 \u00f6z qanunlar\u0131na \u0259sas\u0259n bu qanun layih\u0259si \u00fc\u00e7\u00fcn yekun r\u0259y haz\u0131rlamal\u0131d\u0131r&#039;&#039;\" \/>\n<meta property=\"og:url\" content=\"https:\/\/www.meydan.tv\/az\/article\/sergey-lavrov-ermenistan-bu-meseleni-muzakire-etmir\/\" \/>\n<meta property=\"og:site_name\" content=\"MEYDAN.TV\" \/>\n<meta property=\"article:published_time\" content=\"2016-05-04T23:47:22+00:00\" \/>\n<meta property=\"og:image\" content=\"https:\/\/www.meydan.tv\/wp-content\/uploads\/21456.jpg\" \/>\n\t<meta property=\"og:image:width\" content=\"750\" \/>\n\t<meta property=\"og:image:height\" content=\"499\" \/>\n\t<meta property=\"og:image:type\" content=\"image\/jpeg\" \/>\n<meta name=\"author\" content=\"user-manager\" \/>\n<meta name=\"twitter:card\" content=\"summary_large_image\" \/>\n<script type=\"application\/ld+json\" class=\"yoast-schema-graph\">{\"@context\":\"https:\\\/\\\/schema.org\",\"@graph\":[{\"@type\":\"Article\",\"@id\":\"https:\\\/\\\/www.meydan.tv\\\/az\\\/article\\\/sergey-lavrov-ermenistan-bu-meseleni-muzakire-etmir\\\/#article\",\"isPartOf\":{\"@id\":\"https:\\\/\\\/www.meydan.tv\\\/az\\\/article\\\/sergey-lavrov-ermenistan-bu-meseleni-muzakire-etmir\\\/\"},\"author\":{\"name\":\"user-manager\",\"@id\":\"https:\\\/\\\/www.meydan.tv\\\/az\\\/#\\\/schema\\\/person\\\/10d11eccf6da3662cf5fdab9806ea91a\"},\"headline\":\"Sergey Lavrov: &#8221;Erm\u0259nistan bu m\u0259s\u0259l\u0259ni m\u00fczakir\u0259 etmir&#8221;\",\"datePublished\":\"2016-05-04T23:47:22+00:00\",\"mainEntityOfPage\":{\"@id\":\"https:\\\/\\\/www.meydan.tv\\\/az\\\/article\\\/sergey-lavrov-ermenistan-bu-meseleni-muzakire-etmir\\\/\"},\"wordCount\":232,\"publisher\":{\"@id\":\"https:\\\/\\\/www.meydan.tv\\\/az\\\/#organization\"},\"image\":{\"@id\":\"https:\\\/\\\/www.meydan.tv\\\/az\\\/article\\\/sergey-lavrov-ermenistan-bu-meseleni-muzakire-etmir\\\/#primaryimage\"},\"thumbnailUrl\":\"https:\\\/\\\/www.meydan.tv\\\/wp-content\\\/uploads\\\/21456.jpg\",\"articleSection\":[\"Analitika\"],\"inLanguage\":\"az\"},{\"@type\":\"WebPage\",\"@id\":\"https:\\\/\\\/www.meydan.tv\\\/az\\\/article\\\/sergey-lavrov-ermenistan-bu-meseleni-muzakire-etmir\\\/\",\"url\":\"https:\\\/\\\/www.meydan.tv\\\/az\\\/article\\\/sergey-lavrov-ermenistan-bu-meseleni-muzakire-etmir\\\/\",\"name\":\"Sergey Lavrov: ''Erm\u0259nistan bu m\u0259s\u0259l\u0259ni m\u00fczakir\u0259 etmir'' - MEYDAN.TV\",\"isPartOf\":{\"@id\":\"https:\\\/\\\/www.meydan.tv\\\/az\\\/#website\"},\"primaryImageOfPage\":{\"@id\":\"https:\\\/\\\/www.meydan.tv\\\/az\\\/article\\\/sergey-lavrov-ermenistan-bu-meseleni-muzakire-etmir\\\/#primaryimage\"},\"image\":{\"@id\":\"https:\\\/\\\/www.meydan.tv\\\/az\\\/article\\\/sergey-lavrov-ermenistan-bu-meseleni-muzakire-etmir\\\/#primaryimage\"},\"thumbnailUrl\":\"https:\\\/\\\/www.meydan.tv\\\/wp-content\\\/uploads\\\/21456.jpg\",\"datePublished\":\"2016-05-04T23:47:22+00:00\",\"breadcrumb\":{\"@id\":\"https:\\\/\\\/www.meydan.tv\\\/az\\\/article\\\/sergey-lavrov-ermenistan-bu-meseleni-muzakire-etmir\\\/#breadcrumb\"},\"inLanguage\":\"az\",\"potentialAction\":[{\"@type\":\"ReadAction\",\"target\":[\"https:\\\/\\\/www.meydan.tv\\\/az\\\/article\\\/sergey-lavrov-ermenistan-bu-meseleni-muzakire-etmir\\\/\"]}]},{\"@type\":\"ImageObject\",\"inLanguage\":\"az\",\"@id\":\"https:\\\/\\\/www.meydan.tv\\\/az\\\/article\\\/sergey-lavrov-ermenistan-bu-meseleni-muzakire-etmir\\\/#primaryimage\",\"url\":\"https:\\\/\\\/www.meydan.tv\\\/wp-content\\\/uploads\\\/21456.jpg\",\"contentUrl\":\"https:\\\/\\\/www.meydan.tv\\\/wp-content\\\/uploads\\\/21456.jpg\",\"width\":750,\"height\":499,\"caption\":\"Source:\"},{\"@type\":\"BreadcrumbList\",\"@id\":\"https:\\\/\\\/www.meydan.tv\\\/az\\\/article\\\/sergey-lavrov-ermenistan-bu-meseleni-muzakire-etmir\\\/#breadcrumb\",\"itemListElement\":[{\"@type\":\"ListItem\",\"position\":1,\"name\":\"Ana s\u0259hif\u0259\",\"item\":\"https:\\\/\\\/www.meydan.tv\\\/az\\\/\"},{\"@type\":\"ListItem\",\"position\":2,\"name\":\"Analitika\",\"item\":\"https:\\\/\\\/www.meydan.tv\\\/az\\\/section\\\/analitika\\\/\"},{\"@type\":\"ListItem\",\"position\":3,\"name\":\"Sergey Lavrov: &#8221;Erm\u0259nistan bu m\u0259s\u0259l\u0259ni m\u00fczakir\u0259 etmir&#8221;\"}]},{\"@type\":\"WebSite\",\"@id\":\"https:\\\/\\\/www.meydan.tv\\\/az\\\/#website\",\"url\":\"https:\\\/\\\/www.meydan.tv\\\/az\\\/\",\"name\":\"MEYDAN.TV\",\"description\":\"Meydan TV Az\u0259rbaycan\u0131n media m\u0259kan\u0131ndak\u0131 alternativ s\u0259sidir\",\"publisher\":{\"@id\":\"https:\\\/\\\/www.meydan.tv\\\/az\\\/#organization\"},\"potentialAction\":[{\"@type\":\"SearchAction\",\"target\":{\"@type\":\"EntryPoint\",\"urlTemplate\":\"https:\\\/\\\/www.meydan.tv\\\/az\\\/?s={search_term_string}\"},\"query-input\":{\"@type\":\"PropertyValueSpecification\",\"valueRequired\":true,\"valueName\":\"search_term_string\"}}],\"inLanguage\":\"az\"},{\"@type\":\"Organization\",\"@id\":\"https:\\\/\\\/www.meydan.tv\\\/az\\\/#organization\",\"name\":\"Meydan TV\",\"url\":\"https:\\\/\\\/www.meydan.tv\\\/az\\\/\",\"logo\":{\"@type\":\"ImageObject\",\"inLanguage\":\"az\",\"@id\":\"https:\\\/\\\/www.meydan.tv\\\/az\\\/#\\\/schema\\\/logo\\\/image\\\/\",\"url\":\"https:\\\/\\\/www.meydan.tv\\\/wp-content\\\/uploads\\\/2021\\\/07\\\/meydan-logo.svg\",\"contentUrl\":\"https:\\\/\\\/www.meydan.tv\\\/wp-content\\\/uploads\\\/2021\\\/07\\\/meydan-logo.svg\",\"width\":195,\"height\":46,\"caption\":\"Meydan TV\"},\"image\":{\"@id\":\"https:\\\/\\\/www.meydan.tv\\\/az\\\/#\\\/schema\\\/logo\\\/image\\\/\"}},{\"@type\":\"Person\",\"@id\":\"https:\\\/\\\/www.meydan.tv\\\/az\\\/#\\\/schema\\\/person\\\/10d11eccf6da3662cf5fdab9806ea91a\",\"name\":\"user-manager\"}]}<\/script>\n<!-- \/ Yoast SEO plugin. -->","yoast_head_json":{"title":"Sergey Lavrov: ''Erm\u0259nistan bu m\u0259s\u0259l\u0259ni m\u00fczakir\u0259 etmir'' - MEYDAN.TV","robots":{"index":"index","follow":"follow","max-snippet":"max-snippet:-1","max-image-preview":"max-image-preview:large","max-video-preview":"max-video-preview:-1"},"canonical":"https:\/\/www.meydan.tv\/az\/article\/sergey-lavrov-ermenistan-bu-meseleni-muzakire-etmir\/","og_locale":"az_AZ","og_type":"article","og_title":"Sergey Lavrov: ''Erm\u0259nistan bu m\u0259s\u0259l\u0259ni m\u00fczakir\u0259 etmir'' - MEYDAN.TV","og_description":"''Erm\u0259nistan h\u00f6kum\u0259ti d\u0259 \u00f6z qanunlar\u0131na \u0259sas\u0259n bu qanun layih\u0259si \u00fc\u00e7\u00fcn yekun r\u0259y haz\u0131rlamal\u0131d\u0131r''","og_url":"https:\/\/www.meydan.tv\/az\/article\/sergey-lavrov-ermenistan-bu-meseleni-muzakire-etmir\/","og_site_name":"MEYDAN.TV","article_published_time":"2016-05-04T23:47:22+00:00","og_image":[{"width":750,"height":499,"url":"https:\/\/www.meydan.tv\/wp-content\/uploads\/21456.jpg","type":"image\/jpeg"}],"author":"user-manager","twitter_card":"summary_large_image","schema":{"@context":"https:\/\/schema.org","@graph":[{"@type":"Article","@id":"https:\/\/www.meydan.tv\/az\/article\/sergey-lavrov-ermenistan-bu-meseleni-muzakire-etmir\/#article","isPartOf":{"@id":"https:\/\/www.meydan.tv\/az\/article\/sergey-lavrov-ermenistan-bu-meseleni-muzakire-etmir\/"},"author":{"name":"user-manager","@id":"https:\/\/www.meydan.tv\/az\/#\/schema\/person\/10d11eccf6da3662cf5fdab9806ea91a"},"headline":"Sergey Lavrov: &#8221;Erm\u0259nistan bu m\u0259s\u0259l\u0259ni m\u00fczakir\u0259 etmir&#8221;","datePublished":"2016-05-04T23:47:22+00:00","mainEntityOfPage":{"@id":"https:\/\/www.meydan.tv\/az\/article\/sergey-lavrov-ermenistan-bu-meseleni-muzakire-etmir\/"},"wordCount":232,"publisher":{"@id":"https:\/\/www.meydan.tv\/az\/#organization"},"image":{"@id":"https:\/\/www.meydan.tv\/az\/article\/sergey-lavrov-ermenistan-bu-meseleni-muzakire-etmir\/#primaryimage"},"thumbnailUrl":"https:\/\/www.meydan.tv\/wp-content\/uploads\/21456.jpg","articleSection":["Analitika"],"inLanguage":"az"},{"@type":"WebPage","@id":"https:\/\/www.meydan.tv\/az\/article\/sergey-lavrov-ermenistan-bu-meseleni-muzakire-etmir\/","url":"https:\/\/www.meydan.tv\/az\/article\/sergey-lavrov-ermenistan-bu-meseleni-muzakire-etmir\/","name":"Sergey Lavrov: ''Erm\u0259nistan bu m\u0259s\u0259l\u0259ni m\u00fczakir\u0259 etmir'' - MEYDAN.TV","isPartOf":{"@id":"https:\/\/www.meydan.tv\/az\/#website"},"primaryImageOfPage":{"@id":"https:\/\/www.meydan.tv\/az\/article\/sergey-lavrov-ermenistan-bu-meseleni-muzakire-etmir\/#primaryimage"},"image":{"@id":"https:\/\/www.meydan.tv\/az\/article\/sergey-lavrov-ermenistan-bu-meseleni-muzakire-etmir\/#primaryimage"},"thumbnailUrl":"https:\/\/www.meydan.tv\/wp-content\/uploads\/21456.jpg","datePublished":"2016-05-04T23:47:22+00:00","breadcrumb":{"@id":"https:\/\/www.meydan.tv\/az\/article\/sergey-lavrov-ermenistan-bu-meseleni-muzakire-etmir\/#breadcrumb"},"inLanguage":"az","potentialAction":[{"@type":"ReadAction","target":["https:\/\/www.meydan.tv\/az\/article\/sergey-lavrov-ermenistan-bu-meseleni-muzakire-etmir\/"]}]},{"@type":"ImageObject","inLanguage":"az","@id":"https:\/\/www.meydan.tv\/az\/article\/sergey-lavrov-ermenistan-bu-meseleni-muzakire-etmir\/#primaryimage","url":"https:\/\/www.meydan.tv\/wp-content\/uploads\/21456.jpg","contentUrl":"https:\/\/www.meydan.tv\/wp-content\/uploads\/21456.jpg","width":750,"height":499,"caption":"Source:"},{"@type":"BreadcrumbList","@id":"https:\/\/www.meydan.tv\/az\/article\/sergey-lavrov-ermenistan-bu-meseleni-muzakire-etmir\/#breadcrumb","itemListElement":[{"@type":"ListItem","position":1,"name":"Ana s\u0259hif\u0259","item":"https:\/\/www.meydan.tv\/az\/"},{"@type":"ListItem","position":2,"name":"Analitika","item":"https:\/\/www.meydan.tv\/az\/section\/analitika\/"},{"@type":"ListItem","position":3,"name":"Sergey Lavrov: &#8221;Erm\u0259nistan bu m\u0259s\u0259l\u0259ni m\u00fczakir\u0259 etmir&#8221;"}]},{"@type":"WebSite","@id":"https:\/\/www.meydan.tv\/az\/#website","url":"https:\/\/www.meydan.tv\/az\/","name":"MEYDAN.TV","description":"Meydan TV Az\u0259rbaycan\u0131n media m\u0259kan\u0131ndak\u0131 alternativ s\u0259sidir","publisher":{"@id":"https:\/\/www.meydan.tv\/az\/#organization"},"potentialAction":[{"@type":"SearchAction","target":{"@type":"EntryPoint","urlTemplate":"https:\/\/www.meydan.tv\/az\/?s={search_term_string}"},"query-input":{"@type":"PropertyValueSpecification","valueRequired":true,"valueName":"search_term_string"}}],"inLanguage":"az"},{"@type":"Organization","@id":"https:\/\/www.meydan.tv\/az\/#organization","name":"Meydan TV","url":"https:\/\/www.meydan.tv\/az\/","logo":{"@type":"ImageObject","inLanguage":"az","@id":"https:\/\/www.meydan.tv\/az\/#\/schema\/logo\/image\/","url":"https:\/\/www.meydan.tv\/wp-content\/uploads\/2021\/07\/meydan-logo.svg","contentUrl":"https:\/\/www.meydan.tv\/wp-content\/uploads\/2021\/07\/meydan-logo.svg","width":195,"height":46,"caption":"Meydan TV"},"image":{"@id":"https:\/\/www.meydan.tv\/az\/#\/schema\/logo\/image\/"}},{"@type":"Person","@id":"https:\/\/www.meydan.tv\/az\/#\/schema\/person\/10d11eccf6da3662cf5fdab9806ea91a","name":"user-manager"}]}},"_links":{"self":[{"href":"https:\/\/www.meydan.tv\/az\/wp-json\/wp\/v2\/posts\/175709","targetHints":{"allow":["GET"]}}],"collection":[{"href":"https:\/\/www.meydan.tv\/az\/wp-json\/wp\/v2\/posts"}],"about":[{"href":"https:\/\/www.meydan.tv\/az\/wp-json\/wp\/v2\/types\/post"}],"author":[{"embeddable":true,"href":"https:\/\/www.meydan.tv\/az\/wp-json\/wp\/v2\/users\/11"}],"replies":[{"embeddable":true,"href":"https:\/\/www.meydan.tv\/az\/wp-json\/wp\/v2\/comments?post=175709"}],"version-history":[{"count":0,"href":"https:\/\/www.meydan.tv\/az\/wp-json\/wp\/v2\/posts\/175709\/revisions"}],"wp:featuredmedia":[{"embeddable":true,"href":"https:\/\/www.meydan.tv\/az\/wp-json\/wp\/v2\/media\/56703"}],"wp:attachment":[{"href":"https:\/\/www.meydan.tv\/az\/wp-json\/wp\/v2\/media?parent=175709"}],"wp:term":[{"taxonomy":"category","embeddable":true,"href":"https:\/\/www.meydan.tv\/az\/wp-json\/wp\/v2\/categories?post=175709"},{"taxonomy":"post_tag","embeddable":true,"href":"https:\/\/www.meydan.tv\/az\/wp-json\/wp\/v2\/tags?post=175709"}],"curies":[{"name":"wp","href":"https:\/\/api.w.org\/{rel}","templated":true}]}}