{"id":175688,"date":"2016-05-04T15:01:56","date_gmt":"2016-05-04T15:01:56","guid":{"rendered":"https:\/\/www.meydan.tv\/article\/balalarim-var\/"},"modified":"2016-05-04T15:01:56","modified_gmt":"2016-05-04T15:01:56","slug":"balalarim-var","status":"publish","type":"post","link":"https:\/\/www.meydan.tv\/az\/article\/balalarim-var\/","title":{"rendered":"Balalar\u0131m var"},"content":{"rendered":"<figure class=\"wp-block-image size-large\">\n  <img decoding=\"async\" src=\"https:\/\/www.meydan.tv\/az\/56067\/\" alt=\"\" class=\"wp-image-56067\"\/><figcaption><\/figcaption><\/figure>\n<figure class=\"wp-block-image size-large\">\n  <img decoding=\"async\" src=\"https:\/\/www.meydan.tv\/az\/56073\/\" alt=\"\" class=\"wp-image-56073\"\/><figcaption><\/figcaption><\/figure>\n<p>\n  M\u0259h\u0259ll\u0259 futbolunun qaydalar\u0131n\u0131 bilirsiniz, y\u0259qin. Penalda qap\u0131\u00e7\u0131 d\u0259yi\u015f\u0259nd\u0259 2 d\u0259f\u0259 vurmaqdan tutmu\u015f &#8220;qap\u0131\u00e7\u0131-oyun\u00e7u&#8221; statusunun x\u00fcsusi verilm\u0259 \u015f\u0259rtl\u0259rin\u0259 q\u0259d\u0259r. Bu qaydalar d\u00fcnyan\u0131n h\u0259r yerind\u0259 t\u0259xmin\u0259n eyni v\u0259 ya \u00e7ox ox\u015fard\u0131r. Biz m\u0259h\u0259ll\u0259d\u0259 futbol oynayanda qayda t\u0259tbiq ed\u0259rk\u0259n, Argentinadan, Avstraliyadan \u00f6yr\u0259nmirdik. N\u0259yi \u0259dal\u0259tli hesab edirdiks\u0259, t\u0259tbiq edirdik.\n<\/p>\n<p>\n  Ax\u0131rda ona g\u00f6r\u0259 ox\u015far v\u0259 ya eyni qaydalar al\u0131n\u0131r ki, insanlar\u0131n \u0259dal\u0259t anlay\u0131\u015f\u0131 eynidir. U\u015faqlar is\u0259 ad\u0259t\u0259n saf olaraq, \u00e7ox az hallarda qeyri-s\u0259mimilik edirl\u0259r. Bel\u0259 qeyri-s\u0259mimilik olanda dava d\u00fc\u015f\u00fcr. D\u00f6y\u00fcl\u0259n a\u011flay\u0131r, h\u0259mi\u015f\u0259 d\u0259 deyir ki,\u201cm\u0259n qorxdu\u011fumdan a\u011flam\u0131ram\u201d. Haql\u0131d\u0131rlar. \u018fdal\u0259tsizlikd\u0259n a\u011flay\u0131rlar. \u018fdal\u0259tsizlik el\u0259 hald\u0131r ki, onun qaba\u011f\u0131nda durma\u011fa m\u00f6hk\u0259m irad\u0259 laz\u0131md\u0131r.\n<\/p>\n<p>\n  &#8220;M\u00f6hk\u0259m olmaq laz\u0131md\u0131r&#8221; deyimi ekstremal fiziki \u015f\u0259raitd\u0259 ya\u015fayanlar istisna olmaqla, daha \u00e7ox m\u0259n\u0259vi m\u00f6hk\u0259mliyi n\u0259z\u0259rd\u0259 tutur. Bir d\u0259 g\u00f6rd\u00fcn, bir dost x\u0259yan\u0259t edir, ya bir q\u0131z (m\u00fcvafiq olaraq, \u0259ks cins d\u0259 ola bil\u0259r) s\u0259ni el\u0259 dolay\u0131r ki, ay\u0131landa m\u00f6hk\u0259m olmasan, alt\u0131ndan \u00e7\u0131xa bilmirs\u0259n. N\u0259 q\u0259d\u0259r adam g\u00f6rm\u00fc\u015f\u0259m, bir q\u0131z\u0131n dal\u0131nca s\u00fcr\u00fcn\u00fcb ill\u0259rini m\u0259hv edib.\n<\/p>\n<p>\n  Bir d\u0259 g\u00f6r\u00fcrs\u0259n, bir \u0259dal\u0259tsizlikd\u0259n h\u0259yat\u0131n darmada\u011f\u0131n olur. Onda intihar yaln\u0131z fiziki a\u011fr\u0131n\u0131 qald\u0131ra bil\u0259c\u0259k q\u0259d\u0259r uzaq olur. M\u0259n\u0259vi m\u00f6hk\u0259m olma\u011f\u0131 t\u0259l\u0259b ed\u0259n v\u0259ziyy\u0259tl\u0259r ad\u0259t\u0259n \u0259dal\u0259tsizlik n\u0259tic\u0259sind\u0259 yaran\u0131r.\n<\/p>\n<p>\n  \u018fdal\u0259t is\u0259, dediyim kimi, bizim fitr\u0259timizd\u0259dir. H\u0259tta \u0259clafl\u0131q ed\u0259n adamlar, m\u0259nc\u0259, daha m\u00f6hk\u0259m irad\u0259y\u0259 malikdirl\u0259r. Bir m\u00fcdd\u0259t \u0259vv\u0259l dostum yazm\u0131\u015fd\u0131 ki, vicdans\u0131zl\u0131q etm\u0259y\u0259 \u00e7al\u0131\u015fanlar vicdanl\u0131 olma\u011fa \u00e7al\u0131\u015fanlardan \u00e7oxdur. \u018flb\u0259tt\u0259. Vicdans\u0131z olmaq, \u0259dal\u0259tsizlik etm\u0259k \u00e7\u0259tindir. Ax\u0131 insan\u0131q. Fitr\u0259t\u0259 zidd \u015feyl\u0259r etm\u0259k \u0259ziyy\u0259tlidir. Bal\u0131q u\u00e7ma\u011fa \u00e7al\u0131\u015fsa, min ill\u0259r\u0259 y\u0259qin ki, hans\u0131sa u\u00e7an bal\u0131q n\u00f6v\u00fc t\u0259kam\u00fcl ed\u0259c\u0259k (h\u0259tta var art\u0131q). \u0130nsan da h\u0259m\u00e7inin \u2013 fitr\u0259tin\u0259 zidd olan\u0131 etm\u0259y\u0259 \u00e7al\u0131\u015fd\u0131qca, ax\u0131rda bir n\u0259sil, bir sosial qrup vicdans\u0131zl\u0131\u011f\u0131, \u0259clafl\u0131\u011f\u0131 \u00f6z fitr\u0259tin\u0259 oturtma\u011fa ba\u015flaya bil\u0259r.\n<\/p>\n<p>\n  T\u0259kam\u00fcl n\u0259 q\u0259d\u0259r uzun \u00e7\u0259ks\u0259 d\u0259, diqq\u0259t ed\u0259nd\u0259 n\u0259tic\u0259l\u0259ri q\u0131sa zaman amplitudas\u0131nda da g\u00f6rm\u0259k olar. Darvin yaz\u0131rd\u0131 ki, on doqquzuncu \u0259srd\u0259 \u0130ngilt\u0259r\u0259d\u0259 ki\u00e7ik \u00e7\u0259n\u0259 zad\u0259ganl\u0131q \u0259lam\u0259ti say\u0131l\u0131rd\u0131. Bunun s\u0259b\u0259bi is\u0259 t\u0259kam\u00fcl\u00fcn erk\u0259n n\u0259tic\u0259sind\u0259 g\u00f6r\u00fcn\u00fcr. Bel\u0259 ki, on doqquzuncu \u0259srd\u0259 zavod v\u0259 fabrikl\u0259rd\u0259 i\u015fl\u0259y\u0259n d\u0259zgahlar, ma\u015f\u0131nlar \u00e7ox s\u0259s-k\u00fcy edirdi, f\u0259hl\u0259l\u0259r bir-biri il\u0259 dan\u0131\u015fmaq \u00fc\u00e7\u00fcn ad\u0259t\u0259n q\u0131\u015fq\u0131r\u0131rd\u0131lar.\n<\/p>\n<p>\n  On doqquzuncu \u0259srin i\u015f \u015f\u0259raiti v\u0259 sosial v\u0259ziyy\u0259ti el\u0259 idi ki, f\u0259hl\u0259 g\u00fcn\u00fcn yar\u0131s\u0131n\u0131 v\u0259 ya daha \u00e7oxunu i\u015fl\u0259yir, dem\u0259li, fiziki sa\u011flam \u00f6mr\u00fcn\u00fcn yar\u0131s\u0131ndan \u00e7oxunu q\u0131\u015fq\u0131raraq ke\u00e7irir, onun \u00f6vladlar\u0131 da valideynl\u0259rinin i\u015fini davam etdirirdil\u0259r. N\u0259tic\u0259d\u0259 atada g\u00fccl\u0259nmi\u015f \u00e7\u0259n\u0259 \u0259z\u0259l\u0259l\u0259ri o\u011fulda art\u0131q anadang\u0259lm\u0259 x\u00fcsusiyy\u0259t\u0259 \u00e7evrilm\u0259y\u0259 ba\u015flay\u0131rd\u0131. G\u00fccl\u00fc \u0259z\u0259l\u0259l\u0259ri b\u00f6y\u00fck s\u00fcm\u00fckl\u0259r saxlay\u0131r. Bel\u0259likl\u0259, bir ne\u00e7\u0259 n\u0259sil davam ed\u0259n f\u0259hl\u0259 ail\u0259sinin u\u015faqlar\u0131 art\u0131q b\u00f6y\u00fck \u00e7\u0259n\u0259 il\u0259 do\u011fulurdular. Darvin yaz\u0131rd\u0131 ki, bu, o q\u0259d\u0259r a\u015fkar idi ki, \u00e7\u0259n\u0259si b\u00f6y\u00fck olanlar\u0131n f\u0259hl\u0259 n\u0259slind\u0259n, \u00e7\u0259n\u0259si inc\u0259 olanlar\u0131n is\u0259 zad\u0259gan n\u0259slind\u0259n oldu\u011fu hesab olunurdu.\n<\/p>\n<p>\n  \u0130ndi xeyli adam m\u00f6hk\u0259m ola bilmir, \u0259dal\u0259tsiz hesab etdiyi bir \u015fey ba\u015f ver\u0259nd\u0259, n\u0259 ed\u0259c\u0259yini bilmir. M\u00fcqavim\u0259t g\u00f6st\u0259rm\u0259y\u0259 c\u0259sar\u0259ti \u00e7atm\u0131r, d\u0259rd d\u0259 \u00e7\u0259km\u0259k ist\u0259mir, ax\u0131 bu da m\u00f6hk\u0259mlik t\u0259l\u0259b edir. O zaman ke\u00e7ir \u0259dal\u0259tsizliy\u0259 haqq qazand\u0131rmaq yoluna. O da \u0259clafl\u0131q edir, bir b\u0259han\u0259 tap\u0131b buna haqq qazand\u0131r\u0131r.\n<\/p>\n<p>\n  Az\u0259rbaycanda \u0259n \u00e7ox yay\u0131lan b\u0259han\u0259 \u201cbalalar\u0131m var\u201d b\u0259han\u0259sidir. \u0130nsan \u00f6z\u00fc-\u00f6z\u00fcn\u00fc inand\u0131r\u0131r ki, balalar\u0131 varsa, h\u0259r \u0259clafl\u0131\u011f\u0131 ed\u0259 bil\u0259r, \u00e7\u00fcnki \u00f6z \u015f\u0259xsiyy\u0259ti \u00f6vladlar\u0131n\u0131n taleyind\u0259n daha \u0259h\u0259miyy\u0259tsizdir. Bu, yaland\u0131r, \u00e7\u00fcnki u\u015fa\u011fa n\u00fcmun\u0259 olan insan\u0131n al\u00e7almas\u0131 u\u015fa\u011f\u0131n taleyini daha \u00e7ox h\u0259ll edir, n\u0259inki onun bir qar\u0131n ac \u2013 bir qar\u0131n tox ya\u015famas\u0131.\n<\/p>\n<p>\n  N\u00f6vb\u0259ti m\u0259rh\u0259l\u0259 bunun yalan olmad\u0131\u011f\u0131n\u0131 \u00f6z\u00fcn\u0259 t\u0259lqinetm\u0259 m\u0259rh\u0259l\u0259sidir. Ax\u0131 yalan dediyini q\u0259bul edib ya\u015famaq rahat deyil. \u0130nsan is\u0259 azadl\u0131qdan daha \u00e7ox rahatl\u0131l\u011fa (xo\u015fb\u0259xtliy\u0259) can at\u0131r. Bir m\u00fcdd\u0259t sonra art\u0131q \u00f6z\u00fc d\u0259 \u00f6z yalan\u0131na inan\u0131r v\u0259 \u00f6vlad\u0131na bunu h\u0259qiq\u0259t kimi t\u0259lqin edir. Bel\u0259likl\u0259, o u\u015faq \u0259n \u00e7ox inand\u0131\u011f\u0131 adam\u0131n s\u00f6zl\u0259rin\u0259 d\u0259rhal inan\u0131r, bu s\u00f6zl\u0259rin c\u0259miyy\u0259td\u0259 i\u015fl\u0259diyini g\u00f6r\u00fcr. Sad\u0259c\u0259 d\u0259rk etmir ki, c\u0259miyy\u0259td\u0259 i\u015fl\u0259y\u0259n h\u0259r \u015fey h\u0259qiq\u0259t deyil. V\u0259 bel\u0259c\u0259 n\u0259sill\u0259r davam edir. F\u0259hl\u0259l\u0259rin \u00e7\u0259n\u0259si kimi onlar\u0131n da \u015f\u0259xsiyy\u0259tinin bir hiss\u0259si deformasiya olunur, n\u0259sild\u0259n-n\u0259sil\u0259 \u00f6t\u00fcr\u00fcl\u0259n xarakter hal\u0131n\u0131 al\u0131r.\n<\/p>\n<p>\n  M\u00f6hk\u0259m olmaq laz\u0131md\u0131r. \u018fdal\u0259tsizliyi t\u0259tbiq ed\u0259r\u0259k, \u00f6z fitr\u0259tinin \u0259leyhin\u0259 ged\u0259c\u0259k q\u0259d\u0259r h\u0259dd\u0259n art\u0131q m\u00f6hk\u0259m yox, sad\u0259c\u0259 \u0259dal\u0259tsiz t\u0259r\u0259f\u0259 ke\u00e7m\u0259y\u0259c\u0259k q\u0259d\u0259r bir az m\u00f6hk\u0259m. X\u00fcsusi xidm\u0259t orqanlar\u0131nda g\u0259tiril\u0259n h\u0259r k\u0259si zorlama\u011fa haz\u0131r insanlar var. Bu n\u0259 psixologiyad\u0131r, bunu he\u00e7 c\u00fcr anlam\u0131ram. Amma o adamlar\u0131n n\u0259 \u0259ziyy\u0259tl\u0259r \u00e7\u0259kdiyi ayd\u0131nd\u0131r. M\u0259s\u0259l\u0259 fiziki \u0259ziyy\u0259td\u0259 deyil, ba\u015fqas\u0131na iyr\u0259nc i\u015fg\u0259nc\u0259 ver\u0259r\u0259k, buna nec\u0259 haqq qazand\u0131rmaq olur?!\n<\/p>\n<p>\n  Bunun \u00fc\u00e7\u00fcn n\u0259 b\u0259han\u0259l\u0259r uydurulur, o yalanlar\u0131n h\u0259qiq\u0259t oldu\u011funa \u00f6zl\u0259rini inand\u0131rmaq \u00fc\u00e7\u00fcn n\u0259 z\u00fclml\u0259r \u00e7\u0259kilir. M\u0259n biz\u0259 h\u00f6km ver\u0259n hakimin \u201cdan\u0131\u015f\u0131lan h\u0259r \u015feyin protokola yaz\u0131ld\u0131\u011f\u0131na\u201d nec\u0259 q\u0131z\u011f\u0131nl\u0131qla and i\u00e7diyi bar\u0259d\u0259 e\u015fid\u0259nd\u0259 anlad\u0131m ki, onlar fitr\u0259tl\u0259rind\u0259ki \u0259dal\u0259tl\u0259, vicdanla nec\u0259 a\u011f\u0131r, ay\u0131b, \u0259ziyy\u0259tli m\u00fcbariz\u0259 apar\u0131rlar. Bir n\u0259zar\u0259tsiz yer g\u00f6r\u00fcb \u2013 m\u0259hk\u0259m\u0259 iclas protokollar\u0131 v\u0259 b\u00fct\u00fcn vicdan\u0131n\u0131 bu balaca d\u0259liy\u0259 y\u00f6n\u0259ldib. Ax\u0131n b\u00f6y\u00fck, d\u0259lik ki\u00e7ik &#8211; \u0259lb\u0259tt\u0259, emosiyalar\u0131n t\u0259zyiqi \u00e7ox olacaq.\n<\/p>\n<p>\n  \u018fdal\u0259tsizlik qaba\u011f\u0131nda t\u0259slim olmaq insan\u0131 valideyn h\u00fcququndan m\u0259hrum etm\u0259lidir dey\u0259 d\u00fc\u015f\u00fcn\u00fcr\u0259m. Balalar ac\u0131ndan \u00f6lm\u0259y\u0259c\u0259k, amma l\u0259yaq\u0259tsizlikd\u0259n \u00f6l\u0259 bil\u0259rl\u0259r.\n<\/p>\n<p>\n  <b><br \/>\n    Yaz\u0131 m\u00fc\u0259llifin \u015f\u0259xsi m\u00f6vqeyini \u0259ks etdirir. M\u00fc\u0259llifin m\u00f6vqeyi Meydan.Tv-nin m\u00f6vqeyi il\u0259 \u00fcst-\u00fcst\u0259 d\u00fc\u015fm\u0259y\u0259 bil\u0259r.<br \/>\n  <\/b><\/p>\n","protected":false},"excerpt":{"rendered":"<p>\u0130nsan ac\u0131ndan deyil, l\u0259yaq\u0259tsizlikd\u0259n \u00f6l\u0259 bil\u0259r&#8230;<\/p>\n","protected":false},"author":11,"featured_media":56067,"comment_status":"closed","ping_status":"open","sticky":false,"template":"","format":"standard","meta":{"_acf_changed":false,"_sitemap_exclude":false,"_sitemap_priority":"","_sitemap_frequency":"","footnotes":""},"categories":[57],"tags":[],"class_list":["post-175688","post","type-post","status-publish","format-standard","has-post-thumbnail","hentry","category-menim-fikrimce","infinite-scroll-item","generate-columns","tablet-grid-50","mobile-grid-100","grid-parent","grid-33","no-featured-image-padding"],"acf":[],"yoast_head":"<!-- This site is optimized with the Yoast SEO plugin v27.5 - https:\/\/yoast.com\/product\/yoast-seo-wordpress\/ -->\n<title>Balalar\u0131m var - MEYDAN.TV<\/title>\n<meta name=\"robots\" content=\"index, follow, max-snippet:-1, max-image-preview:large, max-video-preview:-1\" \/>\n<link rel=\"canonical\" href=\"https:\/\/www.meydan.tv\/az\/article\/balalarim-var\/\" \/>\n<meta property=\"og:locale\" content=\"az_AZ\" \/>\n<meta property=\"og:type\" content=\"article\" \/>\n<meta property=\"og:title\" content=\"Balalar\u0131m var - MEYDAN.TV\" \/>\n<meta property=\"og:description\" content=\"\u0130nsan ac\u0131ndan deyil, l\u0259yaq\u0259tsizlikd\u0259n \u00f6l\u0259 bil\u0259r...\" \/>\n<meta property=\"og:url\" content=\"https:\/\/www.meydan.tv\/az\/article\/balalarim-var\/\" \/>\n<meta property=\"og:site_name\" content=\"MEYDAN.TV\" \/>\n<meta property=\"article:published_time\" content=\"2016-05-04T15:01:56+00:00\" \/>\n<meta property=\"og:image\" content=\"https:\/\/www.meydan.tv\/wp-content\/uploads\/21428.jpg\" \/>\n\t<meta property=\"og:image:width\" content=\"500\" \/>\n\t<meta property=\"og:image:height\" content=\"500\" \/>\n\t<meta property=\"og:image:type\" content=\"image\/jpeg\" \/>\n<meta name=\"author\" content=\"user-manager\" \/>\n<meta name=\"twitter:card\" content=\"summary_large_image\" \/>\n<script type=\"application\/ld+json\" class=\"yoast-schema-graph\">{\"@context\":\"https:\\\/\\\/schema.org\",\"@graph\":[{\"@type\":\"Article\",\"@id\":\"https:\\\/\\\/www.meydan.tv\\\/az\\\/article\\\/balalarim-var\\\/#article\",\"isPartOf\":{\"@id\":\"https:\\\/\\\/www.meydan.tv\\\/az\\\/article\\\/balalarim-var\\\/\"},\"author\":{\"name\":\"user-manager\",\"@id\":\"https:\\\/\\\/www.meydan.tv\\\/az\\\/#\\\/schema\\\/person\\\/10d11eccf6da3662cf5fdab9806ea91a\"},\"headline\":\"Balalar\u0131m var\",\"datePublished\":\"2016-05-04T15:01:56+00:00\",\"mainEntityOfPage\":{\"@id\":\"https:\\\/\\\/www.meydan.tv\\\/az\\\/article\\\/balalarim-var\\\/\"},\"wordCount\":1332,\"publisher\":{\"@id\":\"https:\\\/\\\/www.meydan.tv\\\/az\\\/#organization\"},\"image\":{\"@id\":\"https:\\\/\\\/www.meydan.tv\\\/az\\\/article\\\/balalarim-var\\\/#primaryimage\"},\"thumbnailUrl\":\"https:\\\/\\\/www.meydan.tv\\\/wp-content\\\/uploads\\\/21428.jpg\",\"articleSection\":[\"M\u0259nim Fikrimc\u0259\"],\"inLanguage\":\"az\"},{\"@type\":\"WebPage\",\"@id\":\"https:\\\/\\\/www.meydan.tv\\\/az\\\/article\\\/balalarim-var\\\/\",\"url\":\"https:\\\/\\\/www.meydan.tv\\\/az\\\/article\\\/balalarim-var\\\/\",\"name\":\"Balalar\u0131m var - MEYDAN.TV\",\"isPartOf\":{\"@id\":\"https:\\\/\\\/www.meydan.tv\\\/az\\\/#website\"},\"primaryImageOfPage\":{\"@id\":\"https:\\\/\\\/www.meydan.tv\\\/az\\\/article\\\/balalarim-var\\\/#primaryimage\"},\"image\":{\"@id\":\"https:\\\/\\\/www.meydan.tv\\\/az\\\/article\\\/balalarim-var\\\/#primaryimage\"},\"thumbnailUrl\":\"https:\\\/\\\/www.meydan.tv\\\/wp-content\\\/uploads\\\/21428.jpg\",\"datePublished\":\"2016-05-04T15:01:56+00:00\",\"breadcrumb\":{\"@id\":\"https:\\\/\\\/www.meydan.tv\\\/az\\\/article\\\/balalarim-var\\\/#breadcrumb\"},\"inLanguage\":\"az\",\"potentialAction\":[{\"@type\":\"ReadAction\",\"target\":[\"https:\\\/\\\/www.meydan.tv\\\/az\\\/article\\\/balalarim-var\\\/\"]}]},{\"@type\":\"ImageObject\",\"inLanguage\":\"az\",\"@id\":\"https:\\\/\\\/www.meydan.tv\\\/az\\\/article\\\/balalarim-var\\\/#primaryimage\",\"url\":\"https:\\\/\\\/www.meydan.tv\\\/wp-content\\\/uploads\\\/21428.jpg\",\"contentUrl\":\"https:\\\/\\\/www.meydan.tv\\\/wp-content\\\/uploads\\\/21428.jpg\",\"width\":500,\"height\":500,\"caption\":\"Source:\"},{\"@type\":\"BreadcrumbList\",\"@id\":\"https:\\\/\\\/www.meydan.tv\\\/az\\\/article\\\/balalarim-var\\\/#breadcrumb\",\"itemListElement\":[{\"@type\":\"ListItem\",\"position\":1,\"name\":\"Ana s\u0259hif\u0259\",\"item\":\"https:\\\/\\\/www.meydan.tv\\\/az\\\/\"},{\"@type\":\"ListItem\",\"position\":2,\"name\":\"M\u0259nim Fikrimc\u0259\",\"item\":\"https:\\\/\\\/www.meydan.tv\\\/az\\\/section\\\/menim-fikrimce\\\/\"},{\"@type\":\"ListItem\",\"position\":3,\"name\":\"Balalar\u0131m var\"}]},{\"@type\":\"WebSite\",\"@id\":\"https:\\\/\\\/www.meydan.tv\\\/az\\\/#website\",\"url\":\"https:\\\/\\\/www.meydan.tv\\\/az\\\/\",\"name\":\"MEYDAN.TV\",\"description\":\"Meydan TV Az\u0259rbaycan\u0131n media m\u0259kan\u0131ndak\u0131 alternativ s\u0259sidir\",\"publisher\":{\"@id\":\"https:\\\/\\\/www.meydan.tv\\\/az\\\/#organization\"},\"potentialAction\":[{\"@type\":\"SearchAction\",\"target\":{\"@type\":\"EntryPoint\",\"urlTemplate\":\"https:\\\/\\\/www.meydan.tv\\\/az\\\/?s={search_term_string}\"},\"query-input\":{\"@type\":\"PropertyValueSpecification\",\"valueRequired\":true,\"valueName\":\"search_term_string\"}}],\"inLanguage\":\"az\"},{\"@type\":\"Organization\",\"@id\":\"https:\\\/\\\/www.meydan.tv\\\/az\\\/#organization\",\"name\":\"Meydan TV\",\"url\":\"https:\\\/\\\/www.meydan.tv\\\/az\\\/\",\"logo\":{\"@type\":\"ImageObject\",\"inLanguage\":\"az\",\"@id\":\"https:\\\/\\\/www.meydan.tv\\\/az\\\/#\\\/schema\\\/logo\\\/image\\\/\",\"url\":\"https:\\\/\\\/www.meydan.tv\\\/wp-content\\\/uploads\\\/2021\\\/07\\\/meydan-logo.svg\",\"contentUrl\":\"https:\\\/\\\/www.meydan.tv\\\/wp-content\\\/uploads\\\/2021\\\/07\\\/meydan-logo.svg\",\"width\":195,\"height\":46,\"caption\":\"Meydan TV\"},\"image\":{\"@id\":\"https:\\\/\\\/www.meydan.tv\\\/az\\\/#\\\/schema\\\/logo\\\/image\\\/\"}},{\"@type\":\"Person\",\"@id\":\"https:\\\/\\\/www.meydan.tv\\\/az\\\/#\\\/schema\\\/person\\\/10d11eccf6da3662cf5fdab9806ea91a\",\"name\":\"user-manager\"}]}<\/script>\n<!-- \/ Yoast SEO plugin. -->","yoast_head_json":{"title":"Balalar\u0131m var - MEYDAN.TV","robots":{"index":"index","follow":"follow","max-snippet":"max-snippet:-1","max-image-preview":"max-image-preview:large","max-video-preview":"max-video-preview:-1"},"canonical":"https:\/\/www.meydan.tv\/az\/article\/balalarim-var\/","og_locale":"az_AZ","og_type":"article","og_title":"Balalar\u0131m var - MEYDAN.TV","og_description":"\u0130nsan ac\u0131ndan deyil, l\u0259yaq\u0259tsizlikd\u0259n \u00f6l\u0259 bil\u0259r...","og_url":"https:\/\/www.meydan.tv\/az\/article\/balalarim-var\/","og_site_name":"MEYDAN.TV","article_published_time":"2016-05-04T15:01:56+00:00","og_image":[{"width":500,"height":500,"url":"https:\/\/www.meydan.tv\/wp-content\/uploads\/21428.jpg","type":"image\/jpeg"}],"author":"user-manager","twitter_card":"summary_large_image","schema":{"@context":"https:\/\/schema.org","@graph":[{"@type":"Article","@id":"https:\/\/www.meydan.tv\/az\/article\/balalarim-var\/#article","isPartOf":{"@id":"https:\/\/www.meydan.tv\/az\/article\/balalarim-var\/"},"author":{"name":"user-manager","@id":"https:\/\/www.meydan.tv\/az\/#\/schema\/person\/10d11eccf6da3662cf5fdab9806ea91a"},"headline":"Balalar\u0131m var","datePublished":"2016-05-04T15:01:56+00:00","mainEntityOfPage":{"@id":"https:\/\/www.meydan.tv\/az\/article\/balalarim-var\/"},"wordCount":1332,"publisher":{"@id":"https:\/\/www.meydan.tv\/az\/#organization"},"image":{"@id":"https:\/\/www.meydan.tv\/az\/article\/balalarim-var\/#primaryimage"},"thumbnailUrl":"https:\/\/www.meydan.tv\/wp-content\/uploads\/21428.jpg","articleSection":["M\u0259nim Fikrimc\u0259"],"inLanguage":"az"},{"@type":"WebPage","@id":"https:\/\/www.meydan.tv\/az\/article\/balalarim-var\/","url":"https:\/\/www.meydan.tv\/az\/article\/balalarim-var\/","name":"Balalar\u0131m var - MEYDAN.TV","isPartOf":{"@id":"https:\/\/www.meydan.tv\/az\/#website"},"primaryImageOfPage":{"@id":"https:\/\/www.meydan.tv\/az\/article\/balalarim-var\/#primaryimage"},"image":{"@id":"https:\/\/www.meydan.tv\/az\/article\/balalarim-var\/#primaryimage"},"thumbnailUrl":"https:\/\/www.meydan.tv\/wp-content\/uploads\/21428.jpg","datePublished":"2016-05-04T15:01:56+00:00","breadcrumb":{"@id":"https:\/\/www.meydan.tv\/az\/article\/balalarim-var\/#breadcrumb"},"inLanguage":"az","potentialAction":[{"@type":"ReadAction","target":["https:\/\/www.meydan.tv\/az\/article\/balalarim-var\/"]}]},{"@type":"ImageObject","inLanguage":"az","@id":"https:\/\/www.meydan.tv\/az\/article\/balalarim-var\/#primaryimage","url":"https:\/\/www.meydan.tv\/wp-content\/uploads\/21428.jpg","contentUrl":"https:\/\/www.meydan.tv\/wp-content\/uploads\/21428.jpg","width":500,"height":500,"caption":"Source:"},{"@type":"BreadcrumbList","@id":"https:\/\/www.meydan.tv\/az\/article\/balalarim-var\/#breadcrumb","itemListElement":[{"@type":"ListItem","position":1,"name":"Ana s\u0259hif\u0259","item":"https:\/\/www.meydan.tv\/az\/"},{"@type":"ListItem","position":2,"name":"M\u0259nim Fikrimc\u0259","item":"https:\/\/www.meydan.tv\/az\/section\/menim-fikrimce\/"},{"@type":"ListItem","position":3,"name":"Balalar\u0131m var"}]},{"@type":"WebSite","@id":"https:\/\/www.meydan.tv\/az\/#website","url":"https:\/\/www.meydan.tv\/az\/","name":"MEYDAN.TV","description":"Meydan TV Az\u0259rbaycan\u0131n media m\u0259kan\u0131ndak\u0131 alternativ s\u0259sidir","publisher":{"@id":"https:\/\/www.meydan.tv\/az\/#organization"},"potentialAction":[{"@type":"SearchAction","target":{"@type":"EntryPoint","urlTemplate":"https:\/\/www.meydan.tv\/az\/?s={search_term_string}"},"query-input":{"@type":"PropertyValueSpecification","valueRequired":true,"valueName":"search_term_string"}}],"inLanguage":"az"},{"@type":"Organization","@id":"https:\/\/www.meydan.tv\/az\/#organization","name":"Meydan TV","url":"https:\/\/www.meydan.tv\/az\/","logo":{"@type":"ImageObject","inLanguage":"az","@id":"https:\/\/www.meydan.tv\/az\/#\/schema\/logo\/image\/","url":"https:\/\/www.meydan.tv\/wp-content\/uploads\/2021\/07\/meydan-logo.svg","contentUrl":"https:\/\/www.meydan.tv\/wp-content\/uploads\/2021\/07\/meydan-logo.svg","width":195,"height":46,"caption":"Meydan TV"},"image":{"@id":"https:\/\/www.meydan.tv\/az\/#\/schema\/logo\/image\/"}},{"@type":"Person","@id":"https:\/\/www.meydan.tv\/az\/#\/schema\/person\/10d11eccf6da3662cf5fdab9806ea91a","name":"user-manager"}]}},"_links":{"self":[{"href":"https:\/\/www.meydan.tv\/az\/wp-json\/wp\/v2\/posts\/175688","targetHints":{"allow":["GET"]}}],"collection":[{"href":"https:\/\/www.meydan.tv\/az\/wp-json\/wp\/v2\/posts"}],"about":[{"href":"https:\/\/www.meydan.tv\/az\/wp-json\/wp\/v2\/types\/post"}],"author":[{"embeddable":true,"href":"https:\/\/www.meydan.tv\/az\/wp-json\/wp\/v2\/users\/11"}],"replies":[{"embeddable":true,"href":"https:\/\/www.meydan.tv\/az\/wp-json\/wp\/v2\/comments?post=175688"}],"version-history":[{"count":0,"href":"https:\/\/www.meydan.tv\/az\/wp-json\/wp\/v2\/posts\/175688\/revisions"}],"wp:featuredmedia":[{"embeddable":true,"href":"https:\/\/www.meydan.tv\/az\/wp-json\/wp\/v2\/media\/56067"}],"wp:attachment":[{"href":"https:\/\/www.meydan.tv\/az\/wp-json\/wp\/v2\/media?parent=175688"}],"wp:term":[{"taxonomy":"category","embeddable":true,"href":"https:\/\/www.meydan.tv\/az\/wp-json\/wp\/v2\/categories?post=175688"},{"taxonomy":"post_tag","embeddable":true,"href":"https:\/\/www.meydan.tv\/az\/wp-json\/wp\/v2\/tags?post=175688"}],"curies":[{"name":"wp","href":"https:\/\/api.w.org\/{rel}","templated":true}]}}