{"id":175682,"date":"2016-05-04T01:44:04","date_gmt":"2016-05-04T01:44:04","guid":{"rendered":"https:\/\/www.meydan.tv\/article\/polad-bulbuloglu-kremle-seslendi-rusiya-movqeyini-bildirmelidir\/"},"modified":"2016-05-04T01:44:04","modified_gmt":"2016-05-04T01:44:04","slug":"polad-bulbuloglu-kremle-seslendi-rusiya-movqeyini-bildirmelidir","status":"publish","type":"post","link":"https:\/\/www.meydan.tv\/az\/article\/polad-bulbuloglu-kremle-seslendi-rusiya-movqeyini-bildirmelidir\/","title":{"rendered":"Polad B\u00fclb\u00fclo\u011flu Kreml\u0259 s\u0259sl\u0259ndi: &#8221;Rusiya m\u00f6vqeyini bildirm\u0259lidir&#8221;"},"content":{"rendered":"<figure class=\"wp-block-image size-large\">\n  <img decoding=\"async\" src=\"https:\/\/www.meydan.tv\/az\/56631\/\" alt=\"\" class=\"wp-image-56631\"\/><figcaption><\/figcaption><\/figure>\n<figure class=\"wp-block-image size-large\">\n  <img decoding=\"async\" src=\"https:\/\/www.meydan.tv\/az\/56631\/\" alt=\"\" class=\"wp-image-56631\"\/><figcaption>\n    Hikm\u0259t Hac\u0131yev<br \/>\n  <\/figcaption><\/figure>\n<p>\n  <i><br \/>\n    Rauf Mirq\u0259dirov: &#8221;Erm\u0259nistan\u0131n yana\u015fmas\u0131 beyn\u0259lxalq h\u00fcquqa ziddir&#8221;<br \/>\n  <\/i><\/p>\n<p>  \u201cAz\u0259rbaycan\u0131n i\u015f\u011fal edilmi\u015f \u0259razil\u0259rind\u0259 yarad\u0131lm\u0131\u015f qondarma rejimin Erm\u0259nistan t\u0259r\u0259find\u0259n tan\u0131nmas\u0131 Yerevan\u0131n Minsk qrupu prosesin\u0259 son qoymas\u0131 m\u0259nas\u0131 da\u015f\u0131y\u0131r\u201d.\n<\/p>\n<p>\n  Bunu Trend-\u0259 Erm\u0259nistan\u0131n Da\u011fl\u0131q Qaraba\u011f\u0131 tan\u0131yaca\u011f\u0131 bar\u0259d\u0259 a\u00e7\u0131qlamalara m\u00fcnasib\u0259t bildir\u0259n Az\u0259rbaycan Xarici \u0130\u015fl\u0259r Nazirliyinin (X\u0130N) m\u0259tbuat xidm\u0259tinin r\u0259hb\u0259ri Hikm\u0259t Hac\u0131yev deyib.\n<\/p>\n<p>\n  H.Hac\u0131yev qeyd edib: &#8220;Az\u0259rbaycan\u0131n i\u015f\u011fal edilmi\u015f \u0259razil\u0259rind\u0259 yarad\u0131lm\u0131\u015f qondarma rejimin Erm\u0259nistan t\u0259r\u0259find\u0259n tan\u0131nmas\u0131 r\u0259smi Yerevan\u0131n AT\u018fT-in Minsk qrupu prosesin\u0259 son qoymas\u0131 m\u0259nas\u0131 da\u015f\u0131y\u0131r ki, bu halda Minsk qrupunun dan\u0131\u015f\u0131qlar aparmaq \u00fc\u00e7\u00fcn art\u0131q he\u00e7 bir mandat\u0131 olmayacaq. Bu, Minsk qrupu prosesi, onun h\u0259ms\u0259drl\u0259ri v\u0259 b\u00fct\u00fcn beyn\u0259lxalq ictimaiyy\u0259t\u0259 qar\u015f\u0131 t\u0259hqir v\u0259 \u00f6zba\u015f\u0131nal\u0131\u011f\u0131n ifrat n\u00fcmun\u0259sidir&#8221;.\n<\/p>\n<p>\n  X\u0130N r\u0259smisi \u0259lav\u0259 edib ki, Erm\u0259nistan\u0131n bu kimi t\u0259xribat\u00e7\u0131 \u0259m\u0259ll\u0259rin\u0259 beyn\u0259lxalq ictimaiyy\u0259t t\u0259r\u0259find\u0259n adekvat m\u00fcnasib\u0259t bildirilm\u0259lidir.\n<\/p>\n<p>\n  Az\u0259rbaycan\u0131n Rusiyadak\u0131 s\u0259firi Polad B\u00fclb\u00fclo\u011flu is\u0259 hesab edir ki, \u0259g\u0259r \u201cDQR\u201din m\u00fcst\u0259qilliyi Erm\u0259nistan t\u0259r\u0259find\u0259n tan\u0131nsa, o zaman beyn\u0259lxalq h\u00fcququn b\u00fct\u00fcn prinsipl\u0259ri pozulmu\u015f olacaq. Bu, AT\u018fT-in Minsk qrupunun \u00e7oxsayl\u0131 t\u0259klifl\u0259rinin \u00fcst\u00fcnd\u0259n d\u0259 x\u0259tt \u00e7\u0259k\u0259c\u0259k: \u201cHesab edir\u0259m ki, b\u00fct\u00fcn h\u0259ms\u0259dr \u00f6lk\u0259l\u0259r, o c\u00fcml\u0259d\u0259n Rusiya bu m\u0259s\u0259l\u0259 il\u0259 ba\u011fl\u0131 m\u00f6vqeyini bildirm\u0259lidir\u201d.<\/p>\n<figure class=\"wp-block-image size-large\">\n  <img decoding=\"async\" src=\"https:\/\/www.meydan.tv\/az\/56634\/\" alt=\"\" class=\"wp-image-56634\"\/><figcaption>\n    Polad B\u00fclb\u00fclo\u011flu<br \/>\n  <\/figcaption><\/figure>\n<p>\n  S\u0259fir \u201cQovorit Moskva\u201d radiosuna deyib ki, sa\u011flam m\u0259ntiq qalib g\u0259l\u0259c\u0259k. Bu m\u0259s\u0259l\u0259 bir ne\u00e7\u0259 d\u0259f\u0259 Erm\u0259nistan parlamentind\u0259 qald\u0131r\u0131l\u0131b. H\u0259r d\u0259f\u0259 sa\u011flam m\u0259ntiq qalib g\u0259lib: \u201cQondarma \u201cDa\u011fl\u0131q Qaraba\u011f Respublikas\u0131\u201dn\u0131n tan\u0131nmas\u0131 aprelin 2-d\u0259 Erm\u0259nistan t\u0259r\u0259find\u0259n t\u00f6r\u0259dil\u0259n t\u0259xribatla eynidir. Az\u0259rbaycan bu g\u00fcn d\u0259 s\u00fclh dan\u0131\u015f\u0131qlar\u0131na haz\u0131rd\u0131r, baxmayaraq ki, Az\u0259rbaycan \u0259razisi h\u0259r g\u00fcn Erm\u0259nistan silahl\u0131 q\u00fcvv\u0259l\u0259ri t\u0259r\u0259find\u0259n at\u0259\u015f\u0259 tutulur\u201d.<\/p>\n<p>  P. B\u00fclb\u00fclo\u011flu bu q\u0259rar\u0131n n\u0259tic\u0259l\u0259rin\u0259 g\u00f6r\u0259 b\u00fct\u00fcn m\u0259suliyy\u0259tin Erm\u0259nistan r\u0259hb\u0259rliyinin \u00fcz\u0259rin\u0259 d\u00fc\u015f\u0259c\u0259yini s\u00f6yl\u0259yib: &#8220;\u00c7\u00fcnki bunun n\u0259tic\u0259si \u00e7ox m\u0259nfi olacaq. Az\u0259rbaycan bu g\u00fcn d\u0259 m\u00fcnaqi\u015f\u0259nin s\u00fclh yolu il\u0259 h\u0259llin\u0259 haz\u0131r\u0131d\u0131r. \u018fg\u0259r bu ba\u015f verm\u0259y\u0259c\u0259ks\u0259, biz m\u00fcnaqi\u015f\u0259nin h\u0259rbi yolla h\u0259llin\u0259 haz\u0131r\u0131q. \u018flb\u0259tt\u0259, biz ist\u0259mirik ki, insanlar h\u0259lak olsun. Lakin biz\u0259 ba\u015fqa \u00e7\u0131x\u0131\u015f yolu qoymurlar. M\u00fcnaqi\u015f\u0259nin dondurulmas\u0131 \u00e7\u0131x\u0131\u015f yolu deyil. Problemin h\u0259lli \u00e7ox sad\u0259dir. Beyn\u0259lxalq h\u00fcquq var. \u0130\u015f\u011fal alt\u0131ndak\u0131 torpaqlar geri qaytar\u0131lmal\u0131d\u0131r. Erm\u0259nistan qo\u015funlar\u0131 oradan \u00e7\u0131xar\u0131lmal\u0131d\u0131r. Son hadis\u0259l\u0259r d\u0259 g\u00f6st\u0259rdi ki, h\u0259min \u0259razil\u0259rd\u0259 Erm\u0259nistan silahl\u0131 q\u00fcvv\u0259l\u0259ri vuru\u015fur. \u0130kinci m\u0259s\u0259l\u0259 Da\u011fl\u0131q Qaraba\u011f\u0131n statusu m\u0259s\u0259l\u0259sidir. Amma \u00f6nc\u0259 i\u015f\u011fal alt\u0131ndak\u0131 torpaqlar azad olunmal\u0131d\u0131r. Bu m\u0259s\u0259l\u0259 h\u0259ll olunan m\u0259s\u0259l\u0259dir. 20 ild\u0259n \u00e7oxdur ki, AT\u018fT -in Minsk Qrupunun bu m\u0259s\u0259l\u0259 il\u0259 m\u0259\u015f\u011ful olur. T\u0259klifl\u0259r masa \u00fcz\u0259rind\u0259dir. Lakin Erm\u0259nistan t\u0259r\u0259fi b\u00fct\u00fcn hallarda q\u0259rarlar\u0131n icra edilm\u0259sind\u0259n qa\u00e7\u0131r, BMT T\u0259hl\u00fck\u0259sizlik \u015euras\u0131n\u0131n q\u0259tnam\u0259l\u0259rini icra etmir. Erm\u0259nistan\u0131n son add\u0131m\u0131 is\u0259 dan\u0131\u015f\u0131qlar prosesind\u0259n imtina etm\u0259kdir. O zaman biz n\u0259 etm\u0259liyik? Erm\u0259nistan dan\u0131\u015f\u0131qlar prosesind\u0259n imtina edirs\u0259, biz\u0259 ba\u015fqa yol qoymur\u201d (<br \/>\n  <b><br \/>\n    <i><br \/>\n      APA<br \/>\n    <\/i><br \/>\n  <\/b><br \/>\n  ).<\/p>\n<p>  M\u00f6vcud v\u0259ziyy\u0259ti Meydan TV-y\u0259 \u015f\u0259rh ed\u0259n siyasi \u015f\u0259rh\u00e7i Rauf Mirq\u0259dirov hesab edir ki, Da\u011fl\u0131q Qaraba\u011f\u0131n m\u00fcst\u0259qilliyini tan\u0131maq t\u0259klifini \u00dcmumerm\u0259ni Konqresini t\u0259msil ed\u0259n, sabiq ba\u015f nazir Qrant Baqratyan ir\u0259li s\u00fcr\u00fcb, onlar da m\u00fcnaqi\u015f\u0259y\u0259 yana\u015fmada hakimiyy\u0259tl\u0259 eyni m\u00f6vqed\u0259n \u00e7\u0131x\u0131\u015f edirl\u0259r: \u201cSabiq prezident Ter-Petrosyan\u0131n prezident Sarkisyan\u0131 d\u0259st\u0259kl\u0259diyini ham\u0131m\u0131z g\u00f6rd\u00fck. Ona g\u00f6r\u0259 t\u0259klifin m\u00fcxalif\u0259t t\u0259r\u0259find\u0259n ir\u0259li s\u00fcr\u00fcld\u00fcy\u00fc bar\u0259d\u0259 deyil\u0259nl\u0259ri b\u00f6l\u00fc\u015fm\u00fcr\u0259m. Prinsipc\u0259, h\u00f6kum\u0259t \u00fczvl\u0259ri layih\u0259ni m\u00fcdafi\u0259 edib-etm\u0259y\u0259c\u0259kl\u0259ri bar\u0259d\u0259 he\u00e7 bir b\u0259yanat verm\u0259yibl\u0259r. Halbuki, \u0259vv\u0259ll\u0259r h\u00f6kum\u0259t r\u0259smil\u0259ri deyirdil\u0259r ki, hakim partiya bu tipli t\u0259klifl\u0259ri m\u00fcdafi\u0259 etm\u0259y\u0259c\u0259k. Amma bununla yana\u015f\u0131 onlar paket variant\u0131n\u0131 \u00f6n plana \u00e7\u0259km\u0259k ist\u0259yirl\u0259r. Paket variantda \u0259razil\u0259rin azad olunmas\u0131yla status eyni vaxtda t\u0259sad\u00fcf edir\u201d.\n<\/p>\n<figure class=\"wp-block-image size-large\">\n  <img decoding=\"async\" src=\"https:\/\/www.meydan.tv\/az\/56637\/\" alt=\"\" class=\"wp-image-56637\"\/><figcaption>\n    Rauf Mirq\u0259dirov<br \/>\n  <\/figcaption><\/figure>\n<p>\n  Siyasi \u015f\u0259rh\u00e7i 1-5 aprel h\u0259rbi \u0259m\u0259liyyatlar\u0131ndan sonra Az\u0259rbaycan diplomatiyas\u0131n\u0131n \u00fcz\u0259rin\u0259 \u00e7ox a\u011f\u0131r v\u0259zif\u0259 d\u00fc\u015fd\u00fcy\u00fcn\u00fc hesab edir: \u201cH\u0259rbi u\u011furlar\u0131 siyasi-diplomatik u\u011furlara \u00e7evirm\u0259k \u00fc\u00e7\u00fcn v\u0259ziyy\u0259td\u0259n maksimum istifad\u0259 etm\u0259k laz\u0131md\u0131r. H\u0259r iki \u0259ll\u0259rind\u0259ki vasit\u0259l\u0259rd\u0259n istifad\u0259 etm\u0259k ist\u0259yir v\u0259 h\u0259r iki t\u0259r\u0259fin \u0259lind\u0259 aprel h\u0259rbi \u0259m\u0259liyyatlar\u0131 bir fakt kimi var. Bu fakt Erm\u0259nistanla Az\u0259rbaycan\u0131n aras\u0131nda b\u00f6y\u00fck m\u00fcharib\u0259nin ola bil\u0259c\u0259yind\u0259n ibar\u0259tdir. B\u00f6y\u00fck m\u00fcharib\u0259 t\u0259hl\u00fck\u0259sini h\u0259r iki t\u0259r\u0259f \u00f6z maraqlar\u0131 \u00e7\u0259r\u00e7iv\u0259sind\u0259 istifad\u0259 etm\u0259y\u0259 \u00e7al\u0131\u015f\u0131r. Bak\u0131 b\u00f6y\u00fck m\u00fcharib\u0259ni fakt olaraq g\u00fcnd\u0259m\u0259 g\u0259tir\u0259r\u0259k status-kvonun d\u0259yi\u015fdirilm\u0259sin\u0259 c\u0259hd edir. S\u00f6hb\u0259t i\u015f\u011fal alt\u0131ndak\u0131 \u0259razil\u0259rin he\u00e7 olmasa bir hiss\u0259sinin azad olunmas\u0131ndan gedir. Erm\u0259nil\u0259rin d\u0259 \u0259lind\u0259 variantlar var, onlar da b\u00f6y\u00fck m\u00fcharib\u0259 t\u0259hl\u00fck\u0259sinin m\u00f6vcudlu\u011funu etiraf edirl\u0259r, lakin b\u00fct\u00fcn s\u0259yl\u0259ri status-kvonun dondurulmas\u0131 istiqam\u0259tind\u0259dir. Bir t\u0259r\u0259fd\u0259n Serj Sarkisyan &#8220;Blomberq&#8221; agentliyin\u0259 m\u00fcsahib\u0259sind\u0259 deyir ki, dan\u0131\u015f\u0131qlara qay\u0131tmaq \u00fc\u00e7\u00fcn \u015f\u0259rtl\u0259ri var. Dig\u0259r t\u0259r\u0259f is\u0259 beyn\u0259lxalq ictimaiyy\u0259tin Da\u011fl\u0131q Qaraba\u011f\u0131n m\u00fcst\u0259qilliyi il\u0259 ba\u011fl\u0131 m\u00fcnasib\u0259tidir ki, onlar bunu istisna etmir v\u0259 \u201ciki t\u0259r\u0259f hans\u0131 raz\u0131l\u0131\u011fa g\u0259ls\u0259, q\u0259rar\u0131 d\u0259st\u0259kl\u0259y\u0259c\u0259kl\u0259r\u201d fikirl\u0259rini d\u0259 s\u0259sl\u0259ndirirl\u0259r. Y\u0259ni bu o dem\u0259kdir ki, tan\u0131maq ist\u0259yirsizs\u0259, tan\u0131y\u0131n. S\u00f6zs\u00fcz ki, qapal\u0131 dan\u0131\u015f\u0131qlarda h\u0259r iki t\u0259r\u0259fi statusla ba\u011fl\u0131 q\u0259rar\u0131n q\u0259buluna y\u00f6n\u0259ltm\u0259k ist\u0259yirl\u0259r. Bu, hans\u0131 q\u0259rard\u0131r bilmirik, amma Erm\u0259nistan faktiki olaraq 5 g\u00fcnl\u00fck h\u0259rbi \u0259m\u0259liyyatlar\u0131ndan istifad\u0259 ed\u0259r\u0259k \u0259razil\u0259r \u0259v\u0259zin\u0259 status prinsipini t\u0259qdim etm\u0259y\u0259 \u00e7al\u0131\u015f\u0131r. Art\u0131q r\u0259smi \u015f\u0259xsl\u0259ri d\u0259 deyir ki, \u0259n az\u0131 5 rayonu azad etm\u0259k ist\u0259yirl\u0259r. \u018frazil\u0259r \u0259v\u0259zin\u0259 status Az\u0259rbaycana b\u00f6y\u00fck g\u00fcz\u0259\u015ft kimi t\u0259qdim olunur. Halbuki, Da\u011fl\u0131q Qaraba\u011f \u0259traf\u0131ndak\u0259 rayonlar da Az\u0259rbaycan \u0259razil\u0259ri oldu\u011fundan burda \u0259razi g\u00fcz\u0259\u015ftl\u0259rind\u0259n s\u00f6hb\u0259t ged\u0259 bilm\u0259z. \u0130kinci vacib amil, BMT T\u015e-nin m\u0259lum q\u0259tnam\u0259l\u0259rind\u0259 h\u0259min \u0259razi\u0259rin he\u00e7 bir \u015f\u0259rt ir\u0259li s\u00fcr\u00fclm\u0259d\u0259n azad olunmas\u0131ndan dan\u0131\u015f\u0131l\u0131r. Y\u0259ni \u0259razil\u0259r \u0259v\u0259zin\u0259 status prinsipi t\u0259tbiq oluna bilm\u0259z. Bir daha deyir\u0259m, q\u0259tnam\u0259l\u0259rin preambulunda x\u00fcsusi olaraq qeyd olunur ki, \u0259razil\u0259rin i\u015f\u011fal olunmas\u0131 \u0259razi \u0259ld\u0259 edilm\u0259si v\u0259 s\u0259rh\u0259dl\u0259rin d\u0259yi\u015fdirilm\u0259si \u00fc\u00e7\u00fcn arqument kimi istifad\u0259 edil\u0259 bilm\u0259z. Bu bax\u0131mdan Erm\u0259nistan\u0131n yana\u015fmas\u0131 beyn\u0259lxalq h\u00fcquqa ziddir\u201d.<\/p>\n","protected":false},"excerpt":{"rendered":"<p>Rauf Mirq\u0259dirov: &#8221;Erm\u0259nistan\u0131n yana\u015fmas\u0131 beyn\u0259lxalq h\u00fcquqa ziddir&#8221;<\/p>\n","protected":false},"author":11,"featured_media":56631,"comment_status":"closed","ping_status":"open","sticky":false,"template":"","format":"standard","meta":{"_acf_changed":false,"_sitemap_exclude":false,"_sitemap_priority":"","_sitemap_frequency":"","footnotes":""},"categories":[51],"tags":[],"class_list":["post-175682","post","type-post","status-publish","format-standard","has-post-thumbnail","hentry","category-analitika","infinite-scroll-item","generate-columns","tablet-grid-50","mobile-grid-100","grid-parent","grid-33","no-featured-image-padding"],"acf":[],"yoast_head":"<!-- This site is optimized with the Yoast SEO plugin v27.5 - https:\/\/yoast.com\/product\/yoast-seo-wordpress\/ -->\n<title>Polad B\u00fclb\u00fclo\u011flu Kreml\u0259 s\u0259sl\u0259ndi: &#039;&#039;Rusiya m\u00f6vqeyini bildirm\u0259lidir&#039;&#039; - MEYDAN.TV<\/title>\n<meta name=\"robots\" content=\"index, follow, max-snippet:-1, max-image-preview:large, max-video-preview:-1\" \/>\n<link rel=\"canonical\" href=\"https:\/\/www.meydan.tv\/az\/article\/polad-bulbuloglu-kremle-seslendi-rusiya-movqeyini-bildirmelidir\/\" \/>\n<meta property=\"og:locale\" content=\"az_AZ\" \/>\n<meta property=\"og:type\" content=\"article\" \/>\n<meta property=\"og:title\" content=\"Polad B\u00fclb\u00fclo\u011flu Kreml\u0259 s\u0259sl\u0259ndi: &#039;&#039;Rusiya m\u00f6vqeyini bildirm\u0259lidir&#039;&#039; - MEYDAN.TV\" \/>\n<meta property=\"og:description\" content=\"Rauf Mirq\u0259dirov: &#039;&#039;Erm\u0259nistan\u0131n yana\u015fmas\u0131 beyn\u0259lxalq h\u00fcquqa ziddir&#039;&#039;\" \/>\n<meta property=\"og:url\" content=\"https:\/\/www.meydan.tv\/az\/article\/polad-bulbuloglu-kremle-seslendi-rusiya-movqeyini-bildirmelidir\/\" \/>\n<meta property=\"og:site_name\" content=\"MEYDAN.TV\" \/>\n<meta property=\"article:published_time\" content=\"2016-05-04T01:44:04+00:00\" \/>\n<meta property=\"og:image\" content=\"https:\/\/www.meydan.tv\/wp-content\/uploads\/21417.jpg\" \/>\n\t<meta property=\"og:image:width\" content=\"642\" \/>\n\t<meta property=\"og:image:height\" content=\"432\" \/>\n\t<meta property=\"og:image:type\" content=\"image\/jpeg\" \/>\n<meta name=\"author\" content=\"user-manager\" \/>\n<meta name=\"twitter:card\" content=\"summary_large_image\" \/>\n<script type=\"application\/ld+json\" class=\"yoast-schema-graph\">{\"@context\":\"https:\\\/\\\/schema.org\",\"@graph\":[{\"@type\":\"Article\",\"@id\":\"https:\\\/\\\/www.meydan.tv\\\/az\\\/article\\\/polad-bulbuloglu-kremle-seslendi-rusiya-movqeyini-bildirmelidir\\\/#article\",\"isPartOf\":{\"@id\":\"https:\\\/\\\/www.meydan.tv\\\/az\\\/article\\\/polad-bulbuloglu-kremle-seslendi-rusiya-movqeyini-bildirmelidir\\\/\"},\"author\":{\"name\":\"user-manager\",\"@id\":\"https:\\\/\\\/www.meydan.tv\\\/az\\\/#\\\/schema\\\/person\\\/10d11eccf6da3662cf5fdab9806ea91a\"},\"headline\":\"Polad B\u00fclb\u00fclo\u011flu Kreml\u0259 s\u0259sl\u0259ndi: &#8221;Rusiya m\u00f6vqeyini bildirm\u0259lidir&#8221;\",\"datePublished\":\"2016-05-04T01:44:04+00:00\",\"mainEntityOfPage\":{\"@id\":\"https:\\\/\\\/www.meydan.tv\\\/az\\\/article\\\/polad-bulbuloglu-kremle-seslendi-rusiya-movqeyini-bildirmelidir\\\/\"},\"wordCount\":1413,\"publisher\":{\"@id\":\"https:\\\/\\\/www.meydan.tv\\\/az\\\/#organization\"},\"image\":{\"@id\":\"https:\\\/\\\/www.meydan.tv\\\/az\\\/article\\\/polad-bulbuloglu-kremle-seslendi-rusiya-movqeyini-bildirmelidir\\\/#primaryimage\"},\"thumbnailUrl\":\"https:\\\/\\\/www.meydan.tv\\\/wp-content\\\/uploads\\\/21417.jpg\",\"articleSection\":[\"Analitika\"],\"inLanguage\":\"az\"},{\"@type\":\"WebPage\",\"@id\":\"https:\\\/\\\/www.meydan.tv\\\/az\\\/article\\\/polad-bulbuloglu-kremle-seslendi-rusiya-movqeyini-bildirmelidir\\\/\",\"url\":\"https:\\\/\\\/www.meydan.tv\\\/az\\\/article\\\/polad-bulbuloglu-kremle-seslendi-rusiya-movqeyini-bildirmelidir\\\/\",\"name\":\"Polad B\u00fclb\u00fclo\u011flu Kreml\u0259 s\u0259sl\u0259ndi: ''Rusiya m\u00f6vqeyini bildirm\u0259lidir'' - MEYDAN.TV\",\"isPartOf\":{\"@id\":\"https:\\\/\\\/www.meydan.tv\\\/az\\\/#website\"},\"primaryImageOfPage\":{\"@id\":\"https:\\\/\\\/www.meydan.tv\\\/az\\\/article\\\/polad-bulbuloglu-kremle-seslendi-rusiya-movqeyini-bildirmelidir\\\/#primaryimage\"},\"image\":{\"@id\":\"https:\\\/\\\/www.meydan.tv\\\/az\\\/article\\\/polad-bulbuloglu-kremle-seslendi-rusiya-movqeyini-bildirmelidir\\\/#primaryimage\"},\"thumbnailUrl\":\"https:\\\/\\\/www.meydan.tv\\\/wp-content\\\/uploads\\\/21417.jpg\",\"datePublished\":\"2016-05-04T01:44:04+00:00\",\"breadcrumb\":{\"@id\":\"https:\\\/\\\/www.meydan.tv\\\/az\\\/article\\\/polad-bulbuloglu-kremle-seslendi-rusiya-movqeyini-bildirmelidir\\\/#breadcrumb\"},\"inLanguage\":\"az\",\"potentialAction\":[{\"@type\":\"ReadAction\",\"target\":[\"https:\\\/\\\/www.meydan.tv\\\/az\\\/article\\\/polad-bulbuloglu-kremle-seslendi-rusiya-movqeyini-bildirmelidir\\\/\"]}]},{\"@type\":\"ImageObject\",\"inLanguage\":\"az\",\"@id\":\"https:\\\/\\\/www.meydan.tv\\\/az\\\/article\\\/polad-bulbuloglu-kremle-seslendi-rusiya-movqeyini-bildirmelidir\\\/#primaryimage\",\"url\":\"https:\\\/\\\/www.meydan.tv\\\/wp-content\\\/uploads\\\/21417.jpg\",\"contentUrl\":\"https:\\\/\\\/www.meydan.tv\\\/wp-content\\\/uploads\\\/21417.jpg\",\"width\":642,\"height\":432,\"caption\":\"Source:\"},{\"@type\":\"BreadcrumbList\",\"@id\":\"https:\\\/\\\/www.meydan.tv\\\/az\\\/article\\\/polad-bulbuloglu-kremle-seslendi-rusiya-movqeyini-bildirmelidir\\\/#breadcrumb\",\"itemListElement\":[{\"@type\":\"ListItem\",\"position\":1,\"name\":\"Ana s\u0259hif\u0259\",\"item\":\"https:\\\/\\\/www.meydan.tv\\\/az\\\/\"},{\"@type\":\"ListItem\",\"position\":2,\"name\":\"Analitika\",\"item\":\"https:\\\/\\\/www.meydan.tv\\\/az\\\/section\\\/analitika\\\/\"},{\"@type\":\"ListItem\",\"position\":3,\"name\":\"Polad B\u00fclb\u00fclo\u011flu Kreml\u0259 s\u0259sl\u0259ndi: &#8221;Rusiya m\u00f6vqeyini bildirm\u0259lidir&#8221;\"}]},{\"@type\":\"WebSite\",\"@id\":\"https:\\\/\\\/www.meydan.tv\\\/az\\\/#website\",\"url\":\"https:\\\/\\\/www.meydan.tv\\\/az\\\/\",\"name\":\"MEYDAN.TV\",\"description\":\"Meydan TV Az\u0259rbaycan\u0131n media m\u0259kan\u0131ndak\u0131 alternativ s\u0259sidir\",\"publisher\":{\"@id\":\"https:\\\/\\\/www.meydan.tv\\\/az\\\/#organization\"},\"potentialAction\":[{\"@type\":\"SearchAction\",\"target\":{\"@type\":\"EntryPoint\",\"urlTemplate\":\"https:\\\/\\\/www.meydan.tv\\\/az\\\/?s={search_term_string}\"},\"query-input\":{\"@type\":\"PropertyValueSpecification\",\"valueRequired\":true,\"valueName\":\"search_term_string\"}}],\"inLanguage\":\"az\"},{\"@type\":\"Organization\",\"@id\":\"https:\\\/\\\/www.meydan.tv\\\/az\\\/#organization\",\"name\":\"Meydan TV\",\"url\":\"https:\\\/\\\/www.meydan.tv\\\/az\\\/\",\"logo\":{\"@type\":\"ImageObject\",\"inLanguage\":\"az\",\"@id\":\"https:\\\/\\\/www.meydan.tv\\\/az\\\/#\\\/schema\\\/logo\\\/image\\\/\",\"url\":\"https:\\\/\\\/www.meydan.tv\\\/wp-content\\\/uploads\\\/2021\\\/07\\\/meydan-logo.svg\",\"contentUrl\":\"https:\\\/\\\/www.meydan.tv\\\/wp-content\\\/uploads\\\/2021\\\/07\\\/meydan-logo.svg\",\"width\":195,\"height\":46,\"caption\":\"Meydan TV\"},\"image\":{\"@id\":\"https:\\\/\\\/www.meydan.tv\\\/az\\\/#\\\/schema\\\/logo\\\/image\\\/\"}},{\"@type\":\"Person\",\"@id\":\"https:\\\/\\\/www.meydan.tv\\\/az\\\/#\\\/schema\\\/person\\\/10d11eccf6da3662cf5fdab9806ea91a\",\"name\":\"user-manager\"}]}<\/script>\n<!-- \/ Yoast SEO plugin. -->","yoast_head_json":{"title":"Polad B\u00fclb\u00fclo\u011flu Kreml\u0259 s\u0259sl\u0259ndi: ''Rusiya m\u00f6vqeyini bildirm\u0259lidir'' - MEYDAN.TV","robots":{"index":"index","follow":"follow","max-snippet":"max-snippet:-1","max-image-preview":"max-image-preview:large","max-video-preview":"max-video-preview:-1"},"canonical":"https:\/\/www.meydan.tv\/az\/article\/polad-bulbuloglu-kremle-seslendi-rusiya-movqeyini-bildirmelidir\/","og_locale":"az_AZ","og_type":"article","og_title":"Polad B\u00fclb\u00fclo\u011flu Kreml\u0259 s\u0259sl\u0259ndi: ''Rusiya m\u00f6vqeyini bildirm\u0259lidir'' - MEYDAN.TV","og_description":"Rauf Mirq\u0259dirov: ''Erm\u0259nistan\u0131n yana\u015fmas\u0131 beyn\u0259lxalq h\u00fcquqa ziddir''","og_url":"https:\/\/www.meydan.tv\/az\/article\/polad-bulbuloglu-kremle-seslendi-rusiya-movqeyini-bildirmelidir\/","og_site_name":"MEYDAN.TV","article_published_time":"2016-05-04T01:44:04+00:00","og_image":[{"width":642,"height":432,"url":"https:\/\/www.meydan.tv\/wp-content\/uploads\/21417.jpg","type":"image\/jpeg"}],"author":"user-manager","twitter_card":"summary_large_image","schema":{"@context":"https:\/\/schema.org","@graph":[{"@type":"Article","@id":"https:\/\/www.meydan.tv\/az\/article\/polad-bulbuloglu-kremle-seslendi-rusiya-movqeyini-bildirmelidir\/#article","isPartOf":{"@id":"https:\/\/www.meydan.tv\/az\/article\/polad-bulbuloglu-kremle-seslendi-rusiya-movqeyini-bildirmelidir\/"},"author":{"name":"user-manager","@id":"https:\/\/www.meydan.tv\/az\/#\/schema\/person\/10d11eccf6da3662cf5fdab9806ea91a"},"headline":"Polad B\u00fclb\u00fclo\u011flu Kreml\u0259 s\u0259sl\u0259ndi: &#8221;Rusiya m\u00f6vqeyini bildirm\u0259lidir&#8221;","datePublished":"2016-05-04T01:44:04+00:00","mainEntityOfPage":{"@id":"https:\/\/www.meydan.tv\/az\/article\/polad-bulbuloglu-kremle-seslendi-rusiya-movqeyini-bildirmelidir\/"},"wordCount":1413,"publisher":{"@id":"https:\/\/www.meydan.tv\/az\/#organization"},"image":{"@id":"https:\/\/www.meydan.tv\/az\/article\/polad-bulbuloglu-kremle-seslendi-rusiya-movqeyini-bildirmelidir\/#primaryimage"},"thumbnailUrl":"https:\/\/www.meydan.tv\/wp-content\/uploads\/21417.jpg","articleSection":["Analitika"],"inLanguage":"az"},{"@type":"WebPage","@id":"https:\/\/www.meydan.tv\/az\/article\/polad-bulbuloglu-kremle-seslendi-rusiya-movqeyini-bildirmelidir\/","url":"https:\/\/www.meydan.tv\/az\/article\/polad-bulbuloglu-kremle-seslendi-rusiya-movqeyini-bildirmelidir\/","name":"Polad B\u00fclb\u00fclo\u011flu Kreml\u0259 s\u0259sl\u0259ndi: ''Rusiya m\u00f6vqeyini bildirm\u0259lidir'' - MEYDAN.TV","isPartOf":{"@id":"https:\/\/www.meydan.tv\/az\/#website"},"primaryImageOfPage":{"@id":"https:\/\/www.meydan.tv\/az\/article\/polad-bulbuloglu-kremle-seslendi-rusiya-movqeyini-bildirmelidir\/#primaryimage"},"image":{"@id":"https:\/\/www.meydan.tv\/az\/article\/polad-bulbuloglu-kremle-seslendi-rusiya-movqeyini-bildirmelidir\/#primaryimage"},"thumbnailUrl":"https:\/\/www.meydan.tv\/wp-content\/uploads\/21417.jpg","datePublished":"2016-05-04T01:44:04+00:00","breadcrumb":{"@id":"https:\/\/www.meydan.tv\/az\/article\/polad-bulbuloglu-kremle-seslendi-rusiya-movqeyini-bildirmelidir\/#breadcrumb"},"inLanguage":"az","potentialAction":[{"@type":"ReadAction","target":["https:\/\/www.meydan.tv\/az\/article\/polad-bulbuloglu-kremle-seslendi-rusiya-movqeyini-bildirmelidir\/"]}]},{"@type":"ImageObject","inLanguage":"az","@id":"https:\/\/www.meydan.tv\/az\/article\/polad-bulbuloglu-kremle-seslendi-rusiya-movqeyini-bildirmelidir\/#primaryimage","url":"https:\/\/www.meydan.tv\/wp-content\/uploads\/21417.jpg","contentUrl":"https:\/\/www.meydan.tv\/wp-content\/uploads\/21417.jpg","width":642,"height":432,"caption":"Source:"},{"@type":"BreadcrumbList","@id":"https:\/\/www.meydan.tv\/az\/article\/polad-bulbuloglu-kremle-seslendi-rusiya-movqeyini-bildirmelidir\/#breadcrumb","itemListElement":[{"@type":"ListItem","position":1,"name":"Ana s\u0259hif\u0259","item":"https:\/\/www.meydan.tv\/az\/"},{"@type":"ListItem","position":2,"name":"Analitika","item":"https:\/\/www.meydan.tv\/az\/section\/analitika\/"},{"@type":"ListItem","position":3,"name":"Polad B\u00fclb\u00fclo\u011flu Kreml\u0259 s\u0259sl\u0259ndi: &#8221;Rusiya m\u00f6vqeyini bildirm\u0259lidir&#8221;"}]},{"@type":"WebSite","@id":"https:\/\/www.meydan.tv\/az\/#website","url":"https:\/\/www.meydan.tv\/az\/","name":"MEYDAN.TV","description":"Meydan TV Az\u0259rbaycan\u0131n media m\u0259kan\u0131ndak\u0131 alternativ s\u0259sidir","publisher":{"@id":"https:\/\/www.meydan.tv\/az\/#organization"},"potentialAction":[{"@type":"SearchAction","target":{"@type":"EntryPoint","urlTemplate":"https:\/\/www.meydan.tv\/az\/?s={search_term_string}"},"query-input":{"@type":"PropertyValueSpecification","valueRequired":true,"valueName":"search_term_string"}}],"inLanguage":"az"},{"@type":"Organization","@id":"https:\/\/www.meydan.tv\/az\/#organization","name":"Meydan TV","url":"https:\/\/www.meydan.tv\/az\/","logo":{"@type":"ImageObject","inLanguage":"az","@id":"https:\/\/www.meydan.tv\/az\/#\/schema\/logo\/image\/","url":"https:\/\/www.meydan.tv\/wp-content\/uploads\/2021\/07\/meydan-logo.svg","contentUrl":"https:\/\/www.meydan.tv\/wp-content\/uploads\/2021\/07\/meydan-logo.svg","width":195,"height":46,"caption":"Meydan TV"},"image":{"@id":"https:\/\/www.meydan.tv\/az\/#\/schema\/logo\/image\/"}},{"@type":"Person","@id":"https:\/\/www.meydan.tv\/az\/#\/schema\/person\/10d11eccf6da3662cf5fdab9806ea91a","name":"user-manager"}]}},"_links":{"self":[{"href":"https:\/\/www.meydan.tv\/az\/wp-json\/wp\/v2\/posts\/175682","targetHints":{"allow":["GET"]}}],"collection":[{"href":"https:\/\/www.meydan.tv\/az\/wp-json\/wp\/v2\/posts"}],"about":[{"href":"https:\/\/www.meydan.tv\/az\/wp-json\/wp\/v2\/types\/post"}],"author":[{"embeddable":true,"href":"https:\/\/www.meydan.tv\/az\/wp-json\/wp\/v2\/users\/11"}],"replies":[{"embeddable":true,"href":"https:\/\/www.meydan.tv\/az\/wp-json\/wp\/v2\/comments?post=175682"}],"version-history":[{"count":0,"href":"https:\/\/www.meydan.tv\/az\/wp-json\/wp\/v2\/posts\/175682\/revisions"}],"wp:featuredmedia":[{"embeddable":true,"href":"https:\/\/www.meydan.tv\/az\/wp-json\/wp\/v2\/media\/56631"}],"wp:attachment":[{"href":"https:\/\/www.meydan.tv\/az\/wp-json\/wp\/v2\/media?parent=175682"}],"wp:term":[{"taxonomy":"category","embeddable":true,"href":"https:\/\/www.meydan.tv\/az\/wp-json\/wp\/v2\/categories?post=175682"},{"taxonomy":"post_tag","embeddable":true,"href":"https:\/\/www.meydan.tv\/az\/wp-json\/wp\/v2\/tags?post=175682"}],"curies":[{"name":"wp","href":"https:\/\/api.w.org\/{rel}","templated":true}]}}