{"id":175662,"date":"2016-05-03T16:39:43","date_gmt":"2016-05-03T16:39:43","guid":{"rendered":"https:\/\/www.meydan.tv\/article\/mn-tehvil-verilen-ermeni-meyitlerinin-uzerinde-isgence-fakti-yoxdur\/"},"modified":"2016-05-03T16:39:43","modified_gmt":"2016-05-03T16:39:43","slug":"mn-tehvil-verilen-ermeni-meyitlerinin-uzerinde-isgence-fakti-yoxdur","status":"publish","type":"post","link":"https:\/\/www.meydan.tv\/az\/article\/mn-tehvil-verilen-ermeni-meyitlerinin-uzerinde-isgence-fakti-yoxdur\/","title":{"rendered":"MN: T\u0259hvil veril\u0259n erm\u0259ni meyitl\u0259rinin \u00fcz\u0259rind\u0259 i\u015fg\u0259nc\u0259 fakt\u0131 yoxdur"},"content":{"rendered":"<figure class=\"wp-block-image size-large\">\n  <img decoding=\"async\" src=\"https:\/\/www.meydan.tv\/az\/53421\/\" alt=\"\" class=\"wp-image-53421\"\/><figcaption><\/figcaption><\/figure>\n<p>\n  M\u00fcdafi\u0259 Nazirliyi Az\u0259rbaycan Ordusunun h\u0259rb\u00e7isinin guya erm\u0259ni h\u0259rb\u00e7inin ba\u015f\u0131n\u0131 k\u0259sm\u0259si bar\u0259d\u0259 Erm\u0259nistan m\u0259tbuat\u0131nda yay\u0131lan m\u0259lumatlara m\u00fcnasib\u0259t bildirib.<\/p>\n<p>  Nazirliyin m\u0259tbuat xidm\u0259tind\u0259n APA-ya veril\u0259n m\u0259lumatda qeyd olunur ki, Erm\u0259nistan m\u0259tbuat\u0131nda yer alan foto g\u00f6r\u00fcnt\u00fcl\u0259r tamamil\u0259 saxtad\u0131r v\u0259 d\u00fc\u015fm\u0259n t\u0259r\u0259find\u0259n Silahl\u0131 Q\u00fcvv\u0259l\u0259rimiz\u0259 qar\u015f\u0131 n\u00f6vb\u0259ti t\u0259xribatd\u0131r: \u201c\u015e\u0259kild\u0259 \u0259ks olunan h\u0259rbi qulluq\u00e7u h\u0259qiq\u0259t\u0259n d\u00f6y\u00fc\u015f \u0259m\u0259liyyatlar\u0131nda i\u015ftirak edib. Ancaq top hey\u0259tinin komandiri oldu\u011fundan bilavasit\u0259 \u00f6n x\u0259td\u0259ki h\u0259rbi \u0259m\u0259liyyatlara qat\u0131lmay\u0131b. Qar\u015f\u0131 t\u0259r\u0259f\u0259 t\u0259hvil veril\u0259n b\u00fct\u00fcn erm\u0259ni c\u0259s\u0259dl\u0259ri beyn\u0259lxalq m\u00fc\u015fahid\u0259\u00e7il\u0259rin i\u015ftirak\u0131 il\u0259 h\u0259yata ke\u00e7irilib, ba\u015f k\u0259silm\u0259 v\u0259 meyitl\u0259rin \u00fcz\u0259rind\u0259 h\u0259r hans\u0131 dig\u0259r i\u015fg\u0259nc\u0259 hallar\u0131 qeyd\u0259 al\u0131nmay\u0131b\u201d.<\/p>\n<p>  M\u00fcdafi\u0259 Nazirliyind\u0259n h\u0259m\u00e7inin bildirilib ki, Xocal\u0131 \u015f\u0259h\u0259rind\u0259 63 azya\u015fl\u0131 u\u015fa\u011f\u0131, xeyli sayda qad\u0131n v\u0259 ah\u0131l insan\u0131 amans\u0131zl\u0131qla q\u0259tl\u0259 yetir\u0259n v\u0259 bununla f\u0259xr ed\u0259n erm\u0259ni qatill\u0259rinin \u00f6zl\u0259rini biziml\u0259 m\u00fcqayis\u0259 etm\u0259l\u0259ri g\u00fcl\u00fcncd\u00fcr: \u201c\u0130nsanl\u0131\u011fa qar\u015f\u0131 vandalizm \u0259m\u0259ll\u0259rini t\u00f6r\u0259d\u0259nl\u0259ri q\u0259hr\u0259man etm\u0259k yaln\u0131z erm\u0259nil\u0259r\u0259 xas olan x\u00fcsusiyy\u0259tdir\u201d.<\/p>\n<p>  Erm\u0259nistan m\u0259tbuat\u0131 Az\u0259rbaycan Ordusunun h\u0259rb\u00e7isinin guya erm\u0259ni h\u0259rb\u00e7inin ba\u015f\u0131n\u0131 k\u0259sm\u0259si bar\u0259d\u0259 m\u0259lumat yay\u0131b. Fotolar\u0131 da payla\u015f\u0131lan h\u0259min h\u0259rb\u00e7inin \u00f6lk\u0259 ba\u015f\u00e7\u0131s\u0131 t\u0259r\u0259find\u0259n m\u00fckafatland\u0131r\u0131ld\u0131\u011f\u0131 qeyd olunub.<\/p>\n","protected":false},"excerpt":{"rendered":"<p>M\u00fcdafi\u0259 Nazirliyi Az\u0259rbaycan Ordusunun h\u0259rb\u00e7isinin guya erm\u0259ni h\u0259rb\u00e7inin ba\u015f\u0131n\u0131 k\u0259sm\u0259si bar\u0259d\u0259 Erm\u0259nistan m\u0259tbuat\u0131nda yay\u0131lan m\u0259lumatlara m\u00fcnasib\u0259t bildirib.<\/p>\n","protected":false},"author":11,"featured_media":53421,"comment_status":"closed","ping_status":"open","sticky":false,"template":"","format":"standard","meta":{"_acf_changed":false,"_sitemap_exclude":false,"_sitemap_priority":"","_sitemap_frequency":"","footnotes":""},"categories":[51],"tags":[],"class_list":["post-175662","post","type-post","status-publish","format-standard","has-post-thumbnail","hentry","category-analitika","infinite-scroll-item","generate-columns","tablet-grid-50","mobile-grid-100","grid-parent","grid-33","no-featured-image-padding"],"acf":[],"yoast_head":"<!-- This site is optimized with the Yoast SEO plugin v27.5 - https:\/\/yoast.com\/product\/yoast-seo-wordpress\/ -->\n<title>MN: T\u0259hvil veril\u0259n erm\u0259ni meyitl\u0259rinin \u00fcz\u0259rind\u0259 i\u015fg\u0259nc\u0259 fakt\u0131 yoxdur - MEYDAN.TV<\/title>\n<meta name=\"robots\" content=\"index, follow, max-snippet:-1, max-image-preview:large, max-video-preview:-1\" \/>\n<link rel=\"canonical\" href=\"https:\/\/www.meydan.tv\/az\/article\/mn-tehvil-verilen-ermeni-meyitlerinin-uzerinde-isgence-fakti-yoxdur\/\" \/>\n<meta property=\"og:locale\" content=\"az_AZ\" \/>\n<meta property=\"og:type\" content=\"article\" \/>\n<meta property=\"og:title\" content=\"MN: T\u0259hvil veril\u0259n erm\u0259ni meyitl\u0259rinin \u00fcz\u0259rind\u0259 i\u015fg\u0259nc\u0259 fakt\u0131 yoxdur - MEYDAN.TV\" \/>\n<meta property=\"og:description\" content=\"M\u00fcdafi\u0259 Nazirliyi Az\u0259rbaycan Ordusunun h\u0259rb\u00e7isinin guya erm\u0259ni h\u0259rb\u00e7inin ba\u015f\u0131n\u0131 k\u0259sm\u0259si bar\u0259d\u0259 Erm\u0259nistan m\u0259tbuat\u0131nda yay\u0131lan m\u0259lumatlara m\u00fcnasib\u0259t bildirib.\" \/>\n<meta property=\"og:url\" content=\"https:\/\/www.meydan.tv\/az\/article\/mn-tehvil-verilen-ermeni-meyitlerinin-uzerinde-isgence-fakti-yoxdur\/\" \/>\n<meta property=\"og:site_name\" content=\"MEYDAN.TV\" \/>\n<meta property=\"article:published_time\" content=\"2016-05-03T16:39:43+00:00\" \/>\n<meta property=\"og:image\" content=\"https:\/\/www.meydan.tv\/wp-content\/uploads\/20162.jpg\" \/>\n\t<meta property=\"og:image:width\" content=\"750\" \/>\n\t<meta property=\"og:image:height\" content=\"561\" \/>\n\t<meta property=\"og:image:type\" content=\"image\/jpeg\" \/>\n<meta name=\"author\" content=\"user-manager\" \/>\n<meta name=\"twitter:card\" content=\"summary_large_image\" \/>\n<script type=\"application\/ld+json\" class=\"yoast-schema-graph\">{\"@context\":\"https:\\\/\\\/schema.org\",\"@graph\":[{\"@type\":\"Article\",\"@id\":\"https:\\\/\\\/www.meydan.tv\\\/az\\\/article\\\/mn-tehvil-verilen-ermeni-meyitlerinin-uzerinde-isgence-fakti-yoxdur\\\/#article\",\"isPartOf\":{\"@id\":\"https:\\\/\\\/www.meydan.tv\\\/az\\\/article\\\/mn-tehvil-verilen-ermeni-meyitlerinin-uzerinde-isgence-fakti-yoxdur\\\/\"},\"author\":{\"name\":\"user-manager\",\"@id\":\"https:\\\/\\\/www.meydan.tv\\\/az\\\/#\\\/schema\\\/person\\\/10d11eccf6da3662cf5fdab9806ea91a\"},\"headline\":\"MN: T\u0259hvil veril\u0259n erm\u0259ni meyitl\u0259rinin \u00fcz\u0259rind\u0259 i\u015fg\u0259nc\u0259 fakt\u0131 yoxdur\",\"datePublished\":\"2016-05-03T16:39:43+00:00\",\"mainEntityOfPage\":{\"@id\":\"https:\\\/\\\/www.meydan.tv\\\/az\\\/article\\\/mn-tehvil-verilen-ermeni-meyitlerinin-uzerinde-isgence-fakti-yoxdur\\\/\"},\"wordCount\":319,\"publisher\":{\"@id\":\"https:\\\/\\\/www.meydan.tv\\\/az\\\/#organization\"},\"image\":{\"@id\":\"https:\\\/\\\/www.meydan.tv\\\/az\\\/article\\\/mn-tehvil-verilen-ermeni-meyitlerinin-uzerinde-isgence-fakti-yoxdur\\\/#primaryimage\"},\"thumbnailUrl\":\"https:\\\/\\\/www.meydan.tv\\\/wp-content\\\/uploads\\\/20162.jpg\",\"articleSection\":[\"Analitika\"],\"inLanguage\":\"az\"},{\"@type\":\"WebPage\",\"@id\":\"https:\\\/\\\/www.meydan.tv\\\/az\\\/article\\\/mn-tehvil-verilen-ermeni-meyitlerinin-uzerinde-isgence-fakti-yoxdur\\\/\",\"url\":\"https:\\\/\\\/www.meydan.tv\\\/az\\\/article\\\/mn-tehvil-verilen-ermeni-meyitlerinin-uzerinde-isgence-fakti-yoxdur\\\/\",\"name\":\"MN: T\u0259hvil veril\u0259n erm\u0259ni meyitl\u0259rinin \u00fcz\u0259rind\u0259 i\u015fg\u0259nc\u0259 fakt\u0131 yoxdur - MEYDAN.TV\",\"isPartOf\":{\"@id\":\"https:\\\/\\\/www.meydan.tv\\\/az\\\/#website\"},\"primaryImageOfPage\":{\"@id\":\"https:\\\/\\\/www.meydan.tv\\\/az\\\/article\\\/mn-tehvil-verilen-ermeni-meyitlerinin-uzerinde-isgence-fakti-yoxdur\\\/#primaryimage\"},\"image\":{\"@id\":\"https:\\\/\\\/www.meydan.tv\\\/az\\\/article\\\/mn-tehvil-verilen-ermeni-meyitlerinin-uzerinde-isgence-fakti-yoxdur\\\/#primaryimage\"},\"thumbnailUrl\":\"https:\\\/\\\/www.meydan.tv\\\/wp-content\\\/uploads\\\/20162.jpg\",\"datePublished\":\"2016-05-03T16:39:43+00:00\",\"breadcrumb\":{\"@id\":\"https:\\\/\\\/www.meydan.tv\\\/az\\\/article\\\/mn-tehvil-verilen-ermeni-meyitlerinin-uzerinde-isgence-fakti-yoxdur\\\/#breadcrumb\"},\"inLanguage\":\"az\",\"potentialAction\":[{\"@type\":\"ReadAction\",\"target\":[\"https:\\\/\\\/www.meydan.tv\\\/az\\\/article\\\/mn-tehvil-verilen-ermeni-meyitlerinin-uzerinde-isgence-fakti-yoxdur\\\/\"]}]},{\"@type\":\"ImageObject\",\"inLanguage\":\"az\",\"@id\":\"https:\\\/\\\/www.meydan.tv\\\/az\\\/article\\\/mn-tehvil-verilen-ermeni-meyitlerinin-uzerinde-isgence-fakti-yoxdur\\\/#primaryimage\",\"url\":\"https:\\\/\\\/www.meydan.tv\\\/wp-content\\\/uploads\\\/20162.jpg\",\"contentUrl\":\"https:\\\/\\\/www.meydan.tv\\\/wp-content\\\/uploads\\\/20162.jpg\",\"width\":750,\"height\":561,\"caption\":\"Source:\"},{\"@type\":\"BreadcrumbList\",\"@id\":\"https:\\\/\\\/www.meydan.tv\\\/az\\\/article\\\/mn-tehvil-verilen-ermeni-meyitlerinin-uzerinde-isgence-fakti-yoxdur\\\/#breadcrumb\",\"itemListElement\":[{\"@type\":\"ListItem\",\"position\":1,\"name\":\"Ana s\u0259hif\u0259\",\"item\":\"https:\\\/\\\/www.meydan.tv\\\/az\\\/\"},{\"@type\":\"ListItem\",\"position\":2,\"name\":\"Analitika\",\"item\":\"https:\\\/\\\/www.meydan.tv\\\/az\\\/section\\\/analitika\\\/\"},{\"@type\":\"ListItem\",\"position\":3,\"name\":\"MN: T\u0259hvil veril\u0259n erm\u0259ni meyitl\u0259rinin \u00fcz\u0259rind\u0259 i\u015fg\u0259nc\u0259 fakt\u0131 yoxdur\"}]},{\"@type\":\"WebSite\",\"@id\":\"https:\\\/\\\/www.meydan.tv\\\/az\\\/#website\",\"url\":\"https:\\\/\\\/www.meydan.tv\\\/az\\\/\",\"name\":\"MEYDAN.TV\",\"description\":\"Meydan TV Az\u0259rbaycan\u0131n media m\u0259kan\u0131ndak\u0131 alternativ s\u0259sidir\",\"publisher\":{\"@id\":\"https:\\\/\\\/www.meydan.tv\\\/az\\\/#organization\"},\"potentialAction\":[{\"@type\":\"SearchAction\",\"target\":{\"@type\":\"EntryPoint\",\"urlTemplate\":\"https:\\\/\\\/www.meydan.tv\\\/az\\\/?s={search_term_string}\"},\"query-input\":{\"@type\":\"PropertyValueSpecification\",\"valueRequired\":true,\"valueName\":\"search_term_string\"}}],\"inLanguage\":\"az\"},{\"@type\":\"Organization\",\"@id\":\"https:\\\/\\\/www.meydan.tv\\\/az\\\/#organization\",\"name\":\"Meydan TV\",\"url\":\"https:\\\/\\\/www.meydan.tv\\\/az\\\/\",\"logo\":{\"@type\":\"ImageObject\",\"inLanguage\":\"az\",\"@id\":\"https:\\\/\\\/www.meydan.tv\\\/az\\\/#\\\/schema\\\/logo\\\/image\\\/\",\"url\":\"https:\\\/\\\/www.meydan.tv\\\/wp-content\\\/uploads\\\/2021\\\/07\\\/meydan-logo.svg\",\"contentUrl\":\"https:\\\/\\\/www.meydan.tv\\\/wp-content\\\/uploads\\\/2021\\\/07\\\/meydan-logo.svg\",\"width\":195,\"height\":46,\"caption\":\"Meydan TV\"},\"image\":{\"@id\":\"https:\\\/\\\/www.meydan.tv\\\/az\\\/#\\\/schema\\\/logo\\\/image\\\/\"}},{\"@type\":\"Person\",\"@id\":\"https:\\\/\\\/www.meydan.tv\\\/az\\\/#\\\/schema\\\/person\\\/10d11eccf6da3662cf5fdab9806ea91a\",\"name\":\"user-manager\"}]}<\/script>\n<!-- \/ Yoast SEO plugin. -->","yoast_head_json":{"title":"MN: T\u0259hvil veril\u0259n erm\u0259ni meyitl\u0259rinin \u00fcz\u0259rind\u0259 i\u015fg\u0259nc\u0259 fakt\u0131 yoxdur - MEYDAN.TV","robots":{"index":"index","follow":"follow","max-snippet":"max-snippet:-1","max-image-preview":"max-image-preview:large","max-video-preview":"max-video-preview:-1"},"canonical":"https:\/\/www.meydan.tv\/az\/article\/mn-tehvil-verilen-ermeni-meyitlerinin-uzerinde-isgence-fakti-yoxdur\/","og_locale":"az_AZ","og_type":"article","og_title":"MN: T\u0259hvil veril\u0259n erm\u0259ni meyitl\u0259rinin \u00fcz\u0259rind\u0259 i\u015fg\u0259nc\u0259 fakt\u0131 yoxdur - MEYDAN.TV","og_description":"M\u00fcdafi\u0259 Nazirliyi Az\u0259rbaycan Ordusunun h\u0259rb\u00e7isinin guya erm\u0259ni h\u0259rb\u00e7inin ba\u015f\u0131n\u0131 k\u0259sm\u0259si bar\u0259d\u0259 Erm\u0259nistan m\u0259tbuat\u0131nda yay\u0131lan m\u0259lumatlara m\u00fcnasib\u0259t bildirib.","og_url":"https:\/\/www.meydan.tv\/az\/article\/mn-tehvil-verilen-ermeni-meyitlerinin-uzerinde-isgence-fakti-yoxdur\/","og_site_name":"MEYDAN.TV","article_published_time":"2016-05-03T16:39:43+00:00","og_image":[{"width":750,"height":561,"url":"https:\/\/www.meydan.tv\/wp-content\/uploads\/20162.jpg","type":"image\/jpeg"}],"author":"user-manager","twitter_card":"summary_large_image","schema":{"@context":"https:\/\/schema.org","@graph":[{"@type":"Article","@id":"https:\/\/www.meydan.tv\/az\/article\/mn-tehvil-verilen-ermeni-meyitlerinin-uzerinde-isgence-fakti-yoxdur\/#article","isPartOf":{"@id":"https:\/\/www.meydan.tv\/az\/article\/mn-tehvil-verilen-ermeni-meyitlerinin-uzerinde-isgence-fakti-yoxdur\/"},"author":{"name":"user-manager","@id":"https:\/\/www.meydan.tv\/az\/#\/schema\/person\/10d11eccf6da3662cf5fdab9806ea91a"},"headline":"MN: T\u0259hvil veril\u0259n erm\u0259ni meyitl\u0259rinin \u00fcz\u0259rind\u0259 i\u015fg\u0259nc\u0259 fakt\u0131 yoxdur","datePublished":"2016-05-03T16:39:43+00:00","mainEntityOfPage":{"@id":"https:\/\/www.meydan.tv\/az\/article\/mn-tehvil-verilen-ermeni-meyitlerinin-uzerinde-isgence-fakti-yoxdur\/"},"wordCount":319,"publisher":{"@id":"https:\/\/www.meydan.tv\/az\/#organization"},"image":{"@id":"https:\/\/www.meydan.tv\/az\/article\/mn-tehvil-verilen-ermeni-meyitlerinin-uzerinde-isgence-fakti-yoxdur\/#primaryimage"},"thumbnailUrl":"https:\/\/www.meydan.tv\/wp-content\/uploads\/20162.jpg","articleSection":["Analitika"],"inLanguage":"az"},{"@type":"WebPage","@id":"https:\/\/www.meydan.tv\/az\/article\/mn-tehvil-verilen-ermeni-meyitlerinin-uzerinde-isgence-fakti-yoxdur\/","url":"https:\/\/www.meydan.tv\/az\/article\/mn-tehvil-verilen-ermeni-meyitlerinin-uzerinde-isgence-fakti-yoxdur\/","name":"MN: T\u0259hvil veril\u0259n erm\u0259ni meyitl\u0259rinin \u00fcz\u0259rind\u0259 i\u015fg\u0259nc\u0259 fakt\u0131 yoxdur - MEYDAN.TV","isPartOf":{"@id":"https:\/\/www.meydan.tv\/az\/#website"},"primaryImageOfPage":{"@id":"https:\/\/www.meydan.tv\/az\/article\/mn-tehvil-verilen-ermeni-meyitlerinin-uzerinde-isgence-fakti-yoxdur\/#primaryimage"},"image":{"@id":"https:\/\/www.meydan.tv\/az\/article\/mn-tehvil-verilen-ermeni-meyitlerinin-uzerinde-isgence-fakti-yoxdur\/#primaryimage"},"thumbnailUrl":"https:\/\/www.meydan.tv\/wp-content\/uploads\/20162.jpg","datePublished":"2016-05-03T16:39:43+00:00","breadcrumb":{"@id":"https:\/\/www.meydan.tv\/az\/article\/mn-tehvil-verilen-ermeni-meyitlerinin-uzerinde-isgence-fakti-yoxdur\/#breadcrumb"},"inLanguage":"az","potentialAction":[{"@type":"ReadAction","target":["https:\/\/www.meydan.tv\/az\/article\/mn-tehvil-verilen-ermeni-meyitlerinin-uzerinde-isgence-fakti-yoxdur\/"]}]},{"@type":"ImageObject","inLanguage":"az","@id":"https:\/\/www.meydan.tv\/az\/article\/mn-tehvil-verilen-ermeni-meyitlerinin-uzerinde-isgence-fakti-yoxdur\/#primaryimage","url":"https:\/\/www.meydan.tv\/wp-content\/uploads\/20162.jpg","contentUrl":"https:\/\/www.meydan.tv\/wp-content\/uploads\/20162.jpg","width":750,"height":561,"caption":"Source:"},{"@type":"BreadcrumbList","@id":"https:\/\/www.meydan.tv\/az\/article\/mn-tehvil-verilen-ermeni-meyitlerinin-uzerinde-isgence-fakti-yoxdur\/#breadcrumb","itemListElement":[{"@type":"ListItem","position":1,"name":"Ana s\u0259hif\u0259","item":"https:\/\/www.meydan.tv\/az\/"},{"@type":"ListItem","position":2,"name":"Analitika","item":"https:\/\/www.meydan.tv\/az\/section\/analitika\/"},{"@type":"ListItem","position":3,"name":"MN: T\u0259hvil veril\u0259n erm\u0259ni meyitl\u0259rinin \u00fcz\u0259rind\u0259 i\u015fg\u0259nc\u0259 fakt\u0131 yoxdur"}]},{"@type":"WebSite","@id":"https:\/\/www.meydan.tv\/az\/#website","url":"https:\/\/www.meydan.tv\/az\/","name":"MEYDAN.TV","description":"Meydan TV Az\u0259rbaycan\u0131n media m\u0259kan\u0131ndak\u0131 alternativ s\u0259sidir","publisher":{"@id":"https:\/\/www.meydan.tv\/az\/#organization"},"potentialAction":[{"@type":"SearchAction","target":{"@type":"EntryPoint","urlTemplate":"https:\/\/www.meydan.tv\/az\/?s={search_term_string}"},"query-input":{"@type":"PropertyValueSpecification","valueRequired":true,"valueName":"search_term_string"}}],"inLanguage":"az"},{"@type":"Organization","@id":"https:\/\/www.meydan.tv\/az\/#organization","name":"Meydan TV","url":"https:\/\/www.meydan.tv\/az\/","logo":{"@type":"ImageObject","inLanguage":"az","@id":"https:\/\/www.meydan.tv\/az\/#\/schema\/logo\/image\/","url":"https:\/\/www.meydan.tv\/wp-content\/uploads\/2021\/07\/meydan-logo.svg","contentUrl":"https:\/\/www.meydan.tv\/wp-content\/uploads\/2021\/07\/meydan-logo.svg","width":195,"height":46,"caption":"Meydan TV"},"image":{"@id":"https:\/\/www.meydan.tv\/az\/#\/schema\/logo\/image\/"}},{"@type":"Person","@id":"https:\/\/www.meydan.tv\/az\/#\/schema\/person\/10d11eccf6da3662cf5fdab9806ea91a","name":"user-manager"}]}},"_links":{"self":[{"href":"https:\/\/www.meydan.tv\/az\/wp-json\/wp\/v2\/posts\/175662","targetHints":{"allow":["GET"]}}],"collection":[{"href":"https:\/\/www.meydan.tv\/az\/wp-json\/wp\/v2\/posts"}],"about":[{"href":"https:\/\/www.meydan.tv\/az\/wp-json\/wp\/v2\/types\/post"}],"author":[{"embeddable":true,"href":"https:\/\/www.meydan.tv\/az\/wp-json\/wp\/v2\/users\/11"}],"replies":[{"embeddable":true,"href":"https:\/\/www.meydan.tv\/az\/wp-json\/wp\/v2\/comments?post=175662"}],"version-history":[{"count":0,"href":"https:\/\/www.meydan.tv\/az\/wp-json\/wp\/v2\/posts\/175662\/revisions"}],"wp:featuredmedia":[{"embeddable":true,"href":"https:\/\/www.meydan.tv\/az\/wp-json\/wp\/v2\/media\/53421"}],"wp:attachment":[{"href":"https:\/\/www.meydan.tv\/az\/wp-json\/wp\/v2\/media?parent=175662"}],"wp:term":[{"taxonomy":"category","embeddable":true,"href":"https:\/\/www.meydan.tv\/az\/wp-json\/wp\/v2\/categories?post=175662"},{"taxonomy":"post_tag","embeddable":true,"href":"https:\/\/www.meydan.tv\/az\/wp-json\/wp\/v2\/tags?post=175662"}],"curies":[{"name":"wp","href":"https:\/\/api.w.org\/{rel}","templated":true}]}}