{"id":175648,"date":"2016-05-03T01:03:42","date_gmt":"2016-05-03T01:03:42","guid":{"rendered":"https:\/\/www.meydan.tv\/article\/dusmen-ehatesinde\/"},"modified":"2016-05-03T01:03:42","modified_gmt":"2016-05-03T01:03:42","slug":"dusmen-ehatesinde","status":"publish","type":"post","link":"https:\/\/www.meydan.tv\/az\/article\/dusmen-ehatesinde\/","title":{"rendered":"D\u00fc\u015fm\u0259n \u0259hat\u0259sind\u0259"},"content":{"rendered":"<figure class=\"wp-block-image size-large\">\n  <img decoding=\"async\" src=\"https:\/\/www.meydan.tv\/az\/56538\/\" alt=\"\" class=\"wp-image-56538\"\/><figcaption><\/figcaption><\/figure>\n<figure class=\"wp-block-image size-large\">\n  <img decoding=\"async\" src=\"https:\/\/www.meydan.tv\/az\/56535\/\" alt=\"\" class=\"wp-image-56535\"\/><figcaption><\/figcaption><\/figure>\n<p>\n  (Yaz\u0131da m\u00fc\u0259llifin kinay\u0259li-satirik \u00fcslubu oldu\u011fu kimi saxlan\u0131b&#8230;)\n<\/p>\n<p>\n  Bizim Birinci Respublika c\u0259mi 23 ay ya\u015faya bildi. \u00c7\u00fcnki d\u00fc\u015fm\u0259n \u0259hat\u0259sind\u0259 idi. Ha \u0259ll\u0259\u015fdi, ha vuru\u015fdu, bacarmad\u0131. M\u0259cbur olub \u00f6mr\u00fcn\u00fc \u0130kinci Respublikaya ba\u011f\u0131\u015flad\u0131.<br \/>\n  <br \/>\n  \u0130kinci Respublika 70 il ya\u015faya bildi. Niy\u0259? \u00c7\u00fcnki d\u00fc\u015fm\u0259n onu n\u0259inki \u0259hat\u0259y\u0259 alm\u0131\u015fd\u0131, h\u0259tta udmu\u015fdu. Y\u0259ni d\u00fc\u015fm\u0259nin i\u00e7ind\u0259 idi. N\u0259 q\u0259d\u0259r q\u0259rib\u0259 olsa da, d\u00fc\u015fm\u0259nin i\u00e7ind\u0259 olmas\u0131na r\u0259\u011fm\u0259n xeyli inki\u015faf edib qon\u015fular\u0131n\u0131 gerid\u0259 qoya bildi. Lakin \u0130kinci Respublika da \u00e7\u00f6kd\u00fc. Niy\u0259? D\u00fc\u015fm\u0259n \u0130kinci Respublikan\u0131n i\u00e7ind\u0259 oldu\u011fu d\u00fc\u015fm\u0259nin i\u00e7ind\u0259 idi. Y\u0259ni h\u0259tta d\u00fc\u015fm\u0259nin i\u00e7ind\u0259 ola-ola Az\u0259rbaycan d\u00fc\u015fm\u0259n \u0259hat\u0259sind\u0259 idi.<br \/>\n  <br \/>\n  \u0130ndi 25 ildir ki, \u00dc\u00e7\u00fcnc\u00fc Respublikada ya\u015fay\u0131r\u0131q. Ma\u015fallah-namxuda, bel\u0259 gets\u0259, \u0130kinci Respublikan\u0131n rekordunu vura bil\u0259c\u0259yik. Niy\u0259? \u00c7\u00fcnki hakimiyy\u0259timiz art\u0131q p\u00fcxt\u0259l\u0259\u015fib, \u0259hat\u0259sind\u0259 ya\u015fad\u0131\u011f\u0131 d\u00fc\u015fm\u0259nl\u0259rin \u00f6hd\u0259sind\u0259n g\u0259lm\u0259k strategiyas\u0131na v\u0259 taktikas\u0131na yiy\u0259l\u0259nib.<br \/>\n  <br \/>\n  \u018fsas strategiyad\u0131r. Bu strategiyan\u0131n can\u0131 n\u0259d\u0259dir? D\u00fc\u015fm\u0259ni aldatmaq. Y\u0259ni d\u00fc\u015fm\u0259n bilm\u0259m\u0259lidir ki, Az\u0259rbaycan m\u00fcst\u0259qildir. El\u0259 bilm\u0259lidir ki, h\u0259l\u0259 d\u0259 onun i\u00e7ind\u0259yik. M\u0259s\u0259l\u0259n, d\u00fc\u015fm\u0259n deyir Erm\u0259nistan qoy s\u0259nin torpa\u011f\u0131nda otursun. Az\u0259rbaycan\u0131n bacar\u0131ql\u0131, \u00e7oxbilmi\u015f v\u0259 hiyl\u0259g\u0259r hakimiyy\u0259ti deyir: \u201cSlu\u015fayus!\u201d Sonra sa\u011fa bax\u0131r, deyir: \u201cB\u0259\u00e7e\u015fm!\u201d Sonra sola bax\u0131r v\u0259 deyir: \u201cYes!\u201d Sonra yuxar\u0131 bax\u0131r v\u0259 deyir: \u201cYavol!\u201d Sonra a\u015fa\u011f\u0131 bax\u0131r v\u0259 deyir: \u201cHaz\u0131r \u0259f\u0259ndim!\u201d<br \/>\n  <br \/>\n  Dem\u0259yin\u0259 deyir, amma taktikan\u0131 da unutmur, el\u0259 f\u0259ndl\u0259r i\u015fl\u0259dir ki, Erm\u0259nistan \u00f6z\u00fc \u00e7\u0131x\u0131b getsin. Y\u0259ni a\u00e7\u0131q m\u00fcharib\u0259-zad aparm\u0131r, he\u00e7 k\u0259sin \u00fcr\u0259yin\u0259 he\u00e7 bir pis fikir g\u0259lm\u0259sin, amma yen\u0259 altdan-altdan at\u0131r, vurur. B\u00f6y\u00fck d\u00fc\u015fm\u0259nl\u0259r e\u015fidib g\u0259l\u0259nd\u0259 deyir ki: \u201cKim at\u0131rd\u0131, x\u0259b\u0259rimiz yoxdur, amma g\u00f6st\u0259ri\u015f vermi\u015fik, tap\u015f\u0131rm\u0131\u015f\u0131q, t\u0259dbir g\u00f6r\u0259c\u0259yik, qar\u015f\u0131s\u0131n\u0131 alaca\u011f\u0131q, la-la-la, tryu-lya-lya.\u201d<br \/>\n  <br \/>\n  Onlar da bax\u0131b g\u00f6r\u00fcrl\u0259r ki, Erm\u0259nistan tutdu\u011fu \u0259razid\u0259 m\u00f6hk\u0259m oturub, deyirl\u0259r ona ki: \u201cYax\u015f\u0131, kiri, b\u0259sdir zar\u0131d\u0131n, otur oturdu\u011fun yerd\u0259, \u015fadl\u0131\u011f\u0131na \u015fitlik etm\u0259. Fikir verm\u0259, at\u0131r, qoy ats\u0131n. S\u0259n d\u0259 at! Onlar\u0131 da ba\u015fa d\u00fc\u015fm\u0259k laz\u0131md\u0131r. Laz\u0131m a\u011fan\u0131 g\u00f6zl\u0259y\u0259n \u0259haliy\u0259 n\u0259s\u0259 g\u00f6st\u0259rm\u0259k laz\u0131md\u0131r ki, d\u00f6zs\u00fcn.\u201d<br \/>\n  <br \/>\n  B\u0259li, strategiyam\u0131z \u0259lad\u0131r. Bu strategiyaya g\u00f6r\u0259 biz g\u0259r\u0259k daxili bazar\u0131m\u0131z\u0131 a\u00e7aq xarici \u015firk\u0259tl\u0259r\u0259. Bazar gen osun dey\u0259 daxili istehsal\u0131 \u00f6ld\u00fcrm\u0259liyik. Ba\u015f \u00fcst\u0259! \u00d6ld\u00fcrd\u00fck. S\u0259nayemizi, k\u0259nd t\u0259s\u0259rr\u00fcfat\u0131m\u0131z\u0131, t\u0259hsilimizi, s\u0259hyiyy\u0259mizi, elmimizi&#8230;<br \/>\n  <br \/>\n  D\u00fc\u015fm\u0259nl\u0259r bax\u0131b g\u00f6rd\u00fcl\u0259r ki, hakimiyy\u0259timiz xeyli m\u0259rif\u0259tlidir, dedil\u0259r :\u201dYes! Good boy!\u201d<br \/>\n  <br \/>\n  Amma bizimkil\u0259r taktikan\u0131 da unutmurlar. D\u00f6vl\u0259tin g\u0259l\u0259c\u0259yi \u00fc\u00e7\u00fcn biz\u0259 varl\u0131 t\u0259b\u0259q\u0259 laz\u0131md\u0131r. Ona g\u00f6r\u0259 hakimiyy\u0259timiz Mi\u00e7urin kimi milli kapitalist sortunu yeti\u015fdirir. Bu sortu yeti\u015fdirm\u0259k \u00fc\u00e7\u00fcn yax\u015f\u0131lar\u0131n seleksiyas\u0131, y\u0259ni se\u00e7im, sonra is\u0259 kultivasiya, y\u0259ni onlar\u0131n yeti\u015fm\u0259si \u00fc\u00e7\u00fcn \u0259lveri\u015fli \u015f\u0259raitin yarad\u0131lmas\u0131 g\u0259r\u0259kdir.<br \/>\n  <br \/>\n  Yax\u015f\u0131lar haradad\u0131r? Yax\u015f\u0131 harada ola bil\u0259r ki? Ha budu, a\u011fz\u0131m\u0131z\u0131n i\u00e7ind\u0259. Dem\u0259li, onlar\u0131 se\u00e7irik v\u0259 yaz\u0131r\u0131q adlar\u0131n\u0131 d\u0259ft\u0259r\u0259. Hans\u0131 d\u0259ft\u0259r\u0259? \u0130t d\u0259ft\u0259rin\u0259? Xeyr! Yax\u015f\u0131lar\u0131n d\u0259ft\u0259rin\u0259! Yek\u0259 ambar d\u0259ft\u0259rin\u0259 v\u0259 veririk bu d\u0259ft\u0259ri b\u0259nd\u0259rgahlar\u0131 qoruyan bizimkil\u0259r\u0259. Onlar da, g\u00f6zl\u0259rin\u0259 d\u00f6nd\u00fckl\u0259rimiz, bu ambar d\u0259ft\u0259rini, \u0259st\u0259\u011ffiru-l-lah, Qurani-K\u0259rimd\u0259n \u0259ziz tutub, h\u0259r b\u0259nd\u0259rgah\u0131 ke\u00e7\u0259ni bu d\u0259ft\u0259rl\u0259 tutu\u015fdururlar.<br \/>\n  <br \/>\n  \u201cS\u0259n kims\u0259n? H\u0259s\u0259n? N\u0259 g\u0259tirirs\u0259n? Armatur? T\u0259l\u0259sm\u0259, indi baxar\u0131q d\u0259ft\u0259r\u0259. Dem\u0259k bel\u0259, H\u0259s\u0259n, H\u0259s\u0259n, armatur, armatur,.. S\u0259nin ad\u0131n yoxdur. Sa\u011f ol, g\u00fcl\u0259-g\u00fcl\u0259. Olmaz! S\u0259n\u0259 adam balas\u0131 kimi dedil\u0259r, olmaz! Get, z\u0259hl\u0259mizi t\u00f6km\u0259! Kim\u0259 ist\u0259yirs\u0259n, get, \u015fikay\u0259t el\u0259! M\u0259hk\u0259m\u0259? Ha-ha-ha-ha! Nazirlik? Hi-hi-hi-hi! M\u0259tbuat? \u00d6z\u00fcn\u0259 d\u0259, ail\u0259n\u0259 d\u0259 yaz\u0131\u011f\u0131n g\u0259lsin. \u0130st\u0259yirs\u0259n, s\u0259nd\u0259n narkotik tapaq, o\u011flun xuliqanl\u0131q el\u0259sin? N\u0259 ed\u0259s\u0259n? G\u00f6r\u00fcr\u0259m, m\u0259tl\u0259bi tez tutursan, armaturu yar\u0131 qiym\u0259tin\u0259 sat H\u00fcseyn m\u00fc\u0259llim\u0259, get, salamat qald\u0131\u011f\u0131na dua et.\u201d<br \/>\n  <br \/>\n  Bel\u0259likl\u0259, ambar d\u0259ft\u0259ri taktikas\u0131n\u0131n k\u00f6m\u0259yi il\u0259 hakimiyy\u0259t d\u00f6vl\u0259timizin \u00f6mr\u00fcn\u00fc uzun ed\u0259 bil\u0259c\u0259k varl\u0131lar t\u0259b\u0259q\u0259sini formala\u015fd\u0131r\u0131r. \u00c7al\u0131\u015f\u0131r ki, \u00dc\u00e7\u00fcnc\u00fc respublikan\u0131n \u00f6mr\u00fc uzun olsun.<br \/>\n  <br \/>\n  Lakin varl\u0131larla yana\u015f\u0131 d\u00f6vl\u0259td\u0259 g\u0259r\u0259k kas\u0131b-kusub da olsun. Onlar\u0131 da t\u0259rbiy\u0259 etm\u0259k laz\u0131md\u0131r. T\u0259rbiy\u0259 \u00fcsuli-c\u0259didind\u0259 yaz\u0131l\u0131b ki, xalq arvad kimi \u015feydir. Siyasi n\u0259z\u0259riyy\u0259\u00e7i M\u0259\u015f\u0259di \u0130bad is\u0259 demi\u015fdi ki, \u201carvad\u0131 d\u00f6ym\u0259k laz\u0131md\u0131r.\u201d Bax burada h\u0259m strategiya, h\u0259m d\u0259 taktika g\u0259r\u0259kdir. Strategiya ondan ibar\u0259tdir ki, kas\u0131b-kusub \u00f6z kas\u0131bl\u0131\u011f\u0131n\u0131 hiss etm\u0259m\u0259lidir. B\u0259s n\u0259 etm\u0259lidir? F\u0259xr etm\u0259lidir! \u015e\u0259h\u0259ri b\u0259z\u0259y\u0259n g\u00f6z\u0259l imar\u0259tl\u0259rl\u0259, idman yar\u0131\u015flar\u0131n\u0131n sonunda g\u00f6y\u0259 qovzanan \u00fc\u00e7r\u0259ngli bayraqla, c\u0259bh\u0259d\u0259 q\u0259hr\u0259naml\u0131qla \u015f\u0259hid olan \u0259sk\u0259rl\u0259rimizl\u0259, \u00f6lk\u0259d\u0259 arams\u0131z ke\u00e7iril\u0259n yar\u0131\u015flarla, sammitl\u0259rl\u0259, konfranslarla, konsertl\u0259rl\u0259, y\u00fcks\u0259k qonaqlarla. F\u0259xr etm\u0259lidir !<br \/>\n  <br \/>\n  F\u0259xr etm\u0259y\u0259nd\u0259 taktika i\u015f\u0259 sal\u0131nmal\u0131d\u0131r. F\u0259xr etm\u0259y\u0259nin cibind\u0259n narkotik, evind\u0259n Molotov kokteyli \u00e7\u0131xmal\u0131d\u0131r. B\u00fct\u00fcn qohumlar\u0131 i\u015fd\u0259n qovulmal\u0131 v\u0259 yaln\u0131z g\u0259lib onun evinin q\u0259n\u015f\u0259rind\u0259 etiraz mitinqi ke\u00e7ir\u0259nd\u0259n v\u0259, yax\u015f\u0131 olar ki, \u00fcz\u00fcn\u0259 t\u00fcp\u00fcr\u0259nd\u0259n sonra, i\u015fin\u0259 b\u0259rpa olmal\u0131d\u0131r.<br \/>\n  <br \/>\n  H\u0259l\u0259lik i\u015fl\u0259r yax\u015f\u0131 gedir. Bel\u0259 gets\u0259, \u00dc\u00e7\u00fcnc\u00fc Respublika vurub \u0130kincini d\u0259 ke\u00e7\u0259c\u0259k. Y\u0259ni D\u00f6rd\u00fcnc\u00fc he\u00e7 vaxt olmaya bil\u0259r.<br \/>\n  <br \/>\n  D\u0259rind\u0259n fikirl\u0259\u015f\u0259nd\u0259 D\u00f6rd\u00fcnc\u00fc Respublika he\u00e7 laz\u0131m da deyil. \u0130ndikind\u0259n yax\u015f\u0131 n\u0259 ola bil\u0259r ki? \u00c7im ya\u011f, bal-qaymaq&#8230;\n<\/p>\n<p>\n  <b><br \/>\n    Yaz\u0131 m\u00fc\u0259llifin \u015f\u0259xsi m\u00f6vqeyini \u0259ks etdirir. M\u00fc\u0259llifin m\u00f6vqeyi Meydan.Tv-nin m\u00f6vqeyi il\u0259 \u00fcst-\u00fcst\u0259 d\u00fc\u015fm\u0259y\u0259 bil\u0259r.<br \/>\n  <\/b><\/p>\n","protected":false},"excerpt":{"rendered":"<p>H\u0259s\u0259n&#8230;H\u0259s\u0259n&#8230;armatur&#8230;<\/p>\n","protected":false},"author":11,"featured_media":56538,"comment_status":"closed","ping_status":"open","sticky":false,"template":"","format":"standard","meta":{"_acf_changed":false,"_sitemap_exclude":false,"_sitemap_priority":"","_sitemap_frequency":"","footnotes":""},"categories":[57],"tags":[],"class_list":["post-175648","post","type-post","status-publish","format-standard","has-post-thumbnail","hentry","category-menim-fikrimce","infinite-scroll-item","generate-columns","tablet-grid-50","mobile-grid-100","grid-parent","grid-33","no-featured-image-padding"],"acf":[],"yoast_head":"<!-- This site is optimized with the Yoast SEO plugin v27.5 - https:\/\/yoast.com\/product\/yoast-seo-wordpress\/ -->\n<title>D\u00fc\u015fm\u0259n \u0259hat\u0259sind\u0259 - MEYDAN.TV<\/title>\n<meta name=\"robots\" content=\"index, follow, max-snippet:-1, max-image-preview:large, max-video-preview:-1\" \/>\n<link rel=\"canonical\" href=\"https:\/\/www.meydan.tv\/az\/article\/dusmen-ehatesinde\/\" \/>\n<meta property=\"og:locale\" content=\"az_AZ\" \/>\n<meta property=\"og:type\" content=\"article\" \/>\n<meta property=\"og:title\" content=\"D\u00fc\u015fm\u0259n \u0259hat\u0259sind\u0259 - MEYDAN.TV\" \/>\n<meta property=\"og:description\" content=\"H\u0259s\u0259n...H\u0259s\u0259n...armatur...\" \/>\n<meta property=\"og:url\" content=\"https:\/\/www.meydan.tv\/az\/article\/dusmen-ehatesinde\/\" \/>\n<meta property=\"og:site_name\" content=\"MEYDAN.TV\" \/>\n<meta property=\"article:published_time\" content=\"2016-05-03T01:03:42+00:00\" \/>\n<meta property=\"og:image\" content=\"https:\/\/www.meydan.tv\/wp-content\/uploads\/21380.jpg\" \/>\n\t<meta property=\"og:image:width\" content=\"500\" \/>\n\t<meta property=\"og:image:height\" content=\"500\" \/>\n\t<meta property=\"og:image:type\" content=\"image\/jpeg\" \/>\n<meta name=\"author\" content=\"user-manager\" \/>\n<meta name=\"twitter:card\" content=\"summary_large_image\" \/>\n<script type=\"application\/ld+json\" class=\"yoast-schema-graph\">{\"@context\":\"https:\\\/\\\/schema.org\",\"@graph\":[{\"@type\":\"Article\",\"@id\":\"https:\\\/\\\/www.meydan.tv\\\/az\\\/article\\\/dusmen-ehatesinde\\\/#article\",\"isPartOf\":{\"@id\":\"https:\\\/\\\/www.meydan.tv\\\/az\\\/article\\\/dusmen-ehatesinde\\\/\"},\"author\":{\"name\":\"user-manager\",\"@id\":\"https:\\\/\\\/www.meydan.tv\\\/az\\\/#\\\/schema\\\/person\\\/10d11eccf6da3662cf5fdab9806ea91a\"},\"headline\":\"D\u00fc\u015fm\u0259n \u0259hat\u0259sind\u0259\",\"datePublished\":\"2016-05-03T01:03:42+00:00\",\"mainEntityOfPage\":{\"@id\":\"https:\\\/\\\/www.meydan.tv\\\/az\\\/article\\\/dusmen-ehatesinde\\\/\"},\"wordCount\":1182,\"publisher\":{\"@id\":\"https:\\\/\\\/www.meydan.tv\\\/az\\\/#organization\"},\"image\":{\"@id\":\"https:\\\/\\\/www.meydan.tv\\\/az\\\/article\\\/dusmen-ehatesinde\\\/#primaryimage\"},\"thumbnailUrl\":\"https:\\\/\\\/www.meydan.tv\\\/wp-content\\\/uploads\\\/21380.jpg\",\"articleSection\":[\"M\u0259nim Fikrimc\u0259\"],\"inLanguage\":\"az\"},{\"@type\":\"WebPage\",\"@id\":\"https:\\\/\\\/www.meydan.tv\\\/az\\\/article\\\/dusmen-ehatesinde\\\/\",\"url\":\"https:\\\/\\\/www.meydan.tv\\\/az\\\/article\\\/dusmen-ehatesinde\\\/\",\"name\":\"D\u00fc\u015fm\u0259n \u0259hat\u0259sind\u0259 - MEYDAN.TV\",\"isPartOf\":{\"@id\":\"https:\\\/\\\/www.meydan.tv\\\/az\\\/#website\"},\"primaryImageOfPage\":{\"@id\":\"https:\\\/\\\/www.meydan.tv\\\/az\\\/article\\\/dusmen-ehatesinde\\\/#primaryimage\"},\"image\":{\"@id\":\"https:\\\/\\\/www.meydan.tv\\\/az\\\/article\\\/dusmen-ehatesinde\\\/#primaryimage\"},\"thumbnailUrl\":\"https:\\\/\\\/www.meydan.tv\\\/wp-content\\\/uploads\\\/21380.jpg\",\"datePublished\":\"2016-05-03T01:03:42+00:00\",\"breadcrumb\":{\"@id\":\"https:\\\/\\\/www.meydan.tv\\\/az\\\/article\\\/dusmen-ehatesinde\\\/#breadcrumb\"},\"inLanguage\":\"az\",\"potentialAction\":[{\"@type\":\"ReadAction\",\"target\":[\"https:\\\/\\\/www.meydan.tv\\\/az\\\/article\\\/dusmen-ehatesinde\\\/\"]}]},{\"@type\":\"ImageObject\",\"inLanguage\":\"az\",\"@id\":\"https:\\\/\\\/www.meydan.tv\\\/az\\\/article\\\/dusmen-ehatesinde\\\/#primaryimage\",\"url\":\"https:\\\/\\\/www.meydan.tv\\\/wp-content\\\/uploads\\\/21380.jpg\",\"contentUrl\":\"https:\\\/\\\/www.meydan.tv\\\/wp-content\\\/uploads\\\/21380.jpg\",\"width\":500,\"height\":500,\"caption\":\"Source:\"},{\"@type\":\"BreadcrumbList\",\"@id\":\"https:\\\/\\\/www.meydan.tv\\\/az\\\/article\\\/dusmen-ehatesinde\\\/#breadcrumb\",\"itemListElement\":[{\"@type\":\"ListItem\",\"position\":1,\"name\":\"Ana s\u0259hif\u0259\",\"item\":\"https:\\\/\\\/www.meydan.tv\\\/az\\\/\"},{\"@type\":\"ListItem\",\"position\":2,\"name\":\"M\u0259nim Fikrimc\u0259\",\"item\":\"https:\\\/\\\/www.meydan.tv\\\/az\\\/section\\\/menim-fikrimce\\\/\"},{\"@type\":\"ListItem\",\"position\":3,\"name\":\"D\u00fc\u015fm\u0259n \u0259hat\u0259sind\u0259\"}]},{\"@type\":\"WebSite\",\"@id\":\"https:\\\/\\\/www.meydan.tv\\\/az\\\/#website\",\"url\":\"https:\\\/\\\/www.meydan.tv\\\/az\\\/\",\"name\":\"MEYDAN.TV\",\"description\":\"Meydan TV Az\u0259rbaycan\u0131n media m\u0259kan\u0131ndak\u0131 alternativ s\u0259sidir\",\"publisher\":{\"@id\":\"https:\\\/\\\/www.meydan.tv\\\/az\\\/#organization\"},\"potentialAction\":[{\"@type\":\"SearchAction\",\"target\":{\"@type\":\"EntryPoint\",\"urlTemplate\":\"https:\\\/\\\/www.meydan.tv\\\/az\\\/?s={search_term_string}\"},\"query-input\":{\"@type\":\"PropertyValueSpecification\",\"valueRequired\":true,\"valueName\":\"search_term_string\"}}],\"inLanguage\":\"az\"},{\"@type\":\"Organization\",\"@id\":\"https:\\\/\\\/www.meydan.tv\\\/az\\\/#organization\",\"name\":\"Meydan TV\",\"url\":\"https:\\\/\\\/www.meydan.tv\\\/az\\\/\",\"logo\":{\"@type\":\"ImageObject\",\"inLanguage\":\"az\",\"@id\":\"https:\\\/\\\/www.meydan.tv\\\/az\\\/#\\\/schema\\\/logo\\\/image\\\/\",\"url\":\"https:\\\/\\\/www.meydan.tv\\\/wp-content\\\/uploads\\\/2021\\\/07\\\/meydan-logo.svg\",\"contentUrl\":\"https:\\\/\\\/www.meydan.tv\\\/wp-content\\\/uploads\\\/2021\\\/07\\\/meydan-logo.svg\",\"width\":195,\"height\":46,\"caption\":\"Meydan TV\"},\"image\":{\"@id\":\"https:\\\/\\\/www.meydan.tv\\\/az\\\/#\\\/schema\\\/logo\\\/image\\\/\"}},{\"@type\":\"Person\",\"@id\":\"https:\\\/\\\/www.meydan.tv\\\/az\\\/#\\\/schema\\\/person\\\/10d11eccf6da3662cf5fdab9806ea91a\",\"name\":\"user-manager\"}]}<\/script>\n<!-- \/ Yoast SEO plugin. -->","yoast_head_json":{"title":"D\u00fc\u015fm\u0259n \u0259hat\u0259sind\u0259 - MEYDAN.TV","robots":{"index":"index","follow":"follow","max-snippet":"max-snippet:-1","max-image-preview":"max-image-preview:large","max-video-preview":"max-video-preview:-1"},"canonical":"https:\/\/www.meydan.tv\/az\/article\/dusmen-ehatesinde\/","og_locale":"az_AZ","og_type":"article","og_title":"D\u00fc\u015fm\u0259n \u0259hat\u0259sind\u0259 - MEYDAN.TV","og_description":"H\u0259s\u0259n...H\u0259s\u0259n...armatur...","og_url":"https:\/\/www.meydan.tv\/az\/article\/dusmen-ehatesinde\/","og_site_name":"MEYDAN.TV","article_published_time":"2016-05-03T01:03:42+00:00","og_image":[{"width":500,"height":500,"url":"https:\/\/www.meydan.tv\/wp-content\/uploads\/21380.jpg","type":"image\/jpeg"}],"author":"user-manager","twitter_card":"summary_large_image","schema":{"@context":"https:\/\/schema.org","@graph":[{"@type":"Article","@id":"https:\/\/www.meydan.tv\/az\/article\/dusmen-ehatesinde\/#article","isPartOf":{"@id":"https:\/\/www.meydan.tv\/az\/article\/dusmen-ehatesinde\/"},"author":{"name":"user-manager","@id":"https:\/\/www.meydan.tv\/az\/#\/schema\/person\/10d11eccf6da3662cf5fdab9806ea91a"},"headline":"D\u00fc\u015fm\u0259n \u0259hat\u0259sind\u0259","datePublished":"2016-05-03T01:03:42+00:00","mainEntityOfPage":{"@id":"https:\/\/www.meydan.tv\/az\/article\/dusmen-ehatesinde\/"},"wordCount":1182,"publisher":{"@id":"https:\/\/www.meydan.tv\/az\/#organization"},"image":{"@id":"https:\/\/www.meydan.tv\/az\/article\/dusmen-ehatesinde\/#primaryimage"},"thumbnailUrl":"https:\/\/www.meydan.tv\/wp-content\/uploads\/21380.jpg","articleSection":["M\u0259nim Fikrimc\u0259"],"inLanguage":"az"},{"@type":"WebPage","@id":"https:\/\/www.meydan.tv\/az\/article\/dusmen-ehatesinde\/","url":"https:\/\/www.meydan.tv\/az\/article\/dusmen-ehatesinde\/","name":"D\u00fc\u015fm\u0259n \u0259hat\u0259sind\u0259 - MEYDAN.TV","isPartOf":{"@id":"https:\/\/www.meydan.tv\/az\/#website"},"primaryImageOfPage":{"@id":"https:\/\/www.meydan.tv\/az\/article\/dusmen-ehatesinde\/#primaryimage"},"image":{"@id":"https:\/\/www.meydan.tv\/az\/article\/dusmen-ehatesinde\/#primaryimage"},"thumbnailUrl":"https:\/\/www.meydan.tv\/wp-content\/uploads\/21380.jpg","datePublished":"2016-05-03T01:03:42+00:00","breadcrumb":{"@id":"https:\/\/www.meydan.tv\/az\/article\/dusmen-ehatesinde\/#breadcrumb"},"inLanguage":"az","potentialAction":[{"@type":"ReadAction","target":["https:\/\/www.meydan.tv\/az\/article\/dusmen-ehatesinde\/"]}]},{"@type":"ImageObject","inLanguage":"az","@id":"https:\/\/www.meydan.tv\/az\/article\/dusmen-ehatesinde\/#primaryimage","url":"https:\/\/www.meydan.tv\/wp-content\/uploads\/21380.jpg","contentUrl":"https:\/\/www.meydan.tv\/wp-content\/uploads\/21380.jpg","width":500,"height":500,"caption":"Source:"},{"@type":"BreadcrumbList","@id":"https:\/\/www.meydan.tv\/az\/article\/dusmen-ehatesinde\/#breadcrumb","itemListElement":[{"@type":"ListItem","position":1,"name":"Ana s\u0259hif\u0259","item":"https:\/\/www.meydan.tv\/az\/"},{"@type":"ListItem","position":2,"name":"M\u0259nim Fikrimc\u0259","item":"https:\/\/www.meydan.tv\/az\/section\/menim-fikrimce\/"},{"@type":"ListItem","position":3,"name":"D\u00fc\u015fm\u0259n \u0259hat\u0259sind\u0259"}]},{"@type":"WebSite","@id":"https:\/\/www.meydan.tv\/az\/#website","url":"https:\/\/www.meydan.tv\/az\/","name":"MEYDAN.TV","description":"Meydan TV Az\u0259rbaycan\u0131n media m\u0259kan\u0131ndak\u0131 alternativ s\u0259sidir","publisher":{"@id":"https:\/\/www.meydan.tv\/az\/#organization"},"potentialAction":[{"@type":"SearchAction","target":{"@type":"EntryPoint","urlTemplate":"https:\/\/www.meydan.tv\/az\/?s={search_term_string}"},"query-input":{"@type":"PropertyValueSpecification","valueRequired":true,"valueName":"search_term_string"}}],"inLanguage":"az"},{"@type":"Organization","@id":"https:\/\/www.meydan.tv\/az\/#organization","name":"Meydan TV","url":"https:\/\/www.meydan.tv\/az\/","logo":{"@type":"ImageObject","inLanguage":"az","@id":"https:\/\/www.meydan.tv\/az\/#\/schema\/logo\/image\/","url":"https:\/\/www.meydan.tv\/wp-content\/uploads\/2021\/07\/meydan-logo.svg","contentUrl":"https:\/\/www.meydan.tv\/wp-content\/uploads\/2021\/07\/meydan-logo.svg","width":195,"height":46,"caption":"Meydan TV"},"image":{"@id":"https:\/\/www.meydan.tv\/az\/#\/schema\/logo\/image\/"}},{"@type":"Person","@id":"https:\/\/www.meydan.tv\/az\/#\/schema\/person\/10d11eccf6da3662cf5fdab9806ea91a","name":"user-manager"}]}},"_links":{"self":[{"href":"https:\/\/www.meydan.tv\/az\/wp-json\/wp\/v2\/posts\/175648","targetHints":{"allow":["GET"]}}],"collection":[{"href":"https:\/\/www.meydan.tv\/az\/wp-json\/wp\/v2\/posts"}],"about":[{"href":"https:\/\/www.meydan.tv\/az\/wp-json\/wp\/v2\/types\/post"}],"author":[{"embeddable":true,"href":"https:\/\/www.meydan.tv\/az\/wp-json\/wp\/v2\/users\/11"}],"replies":[{"embeddable":true,"href":"https:\/\/www.meydan.tv\/az\/wp-json\/wp\/v2\/comments?post=175648"}],"version-history":[{"count":0,"href":"https:\/\/www.meydan.tv\/az\/wp-json\/wp\/v2\/posts\/175648\/revisions"}],"wp:featuredmedia":[{"embeddable":true,"href":"https:\/\/www.meydan.tv\/az\/wp-json\/wp\/v2\/media\/56538"}],"wp:attachment":[{"href":"https:\/\/www.meydan.tv\/az\/wp-json\/wp\/v2\/media?parent=175648"}],"wp:term":[{"taxonomy":"category","embeddable":true,"href":"https:\/\/www.meydan.tv\/az\/wp-json\/wp\/v2\/categories?post=175648"},{"taxonomy":"post_tag","embeddable":true,"href":"https:\/\/www.meydan.tv\/az\/wp-json\/wp\/v2\/tags?post=175648"}],"curies":[{"name":"wp","href":"https:\/\/api.w.org\/{rel}","templated":true}]}}