{"id":175645,"date":"2016-05-02T23:06:30","date_gmt":"2016-05-02T23:06:30","guid":{"rendered":"https:\/\/www.meydan.tv\/article\/cebhe-bolgesinde-ziyanin-aradan-qaldirilmasi-ucun-6-milyon-manat-ayrilib\/"},"modified":"2016-05-02T23:06:30","modified_gmt":"2016-05-02T23:06:30","slug":"cebhe-bolgesinde-ziyanin-aradan-qaldirilmasi-ucun-6-milyon-manat-ayrilib","status":"publish","type":"post","link":"https:\/\/www.meydan.tv\/az\/article\/cebhe-bolgesinde-ziyanin-aradan-qaldirilmasi-ucun-6-milyon-manat-ayrilib\/","title":{"rendered":"C\u0259bh\u0259 b\u00f6lg\u0259sind\u0259 ziyan\u0131n aradan qald\u0131r\u0131lmas\u0131 \u00fc\u00e7\u00fcn 6 milyon manat ayr\u0131l\u0131b"},"content":{"rendered":"<figure class=\"wp-block-image size-large\">\n  <img decoding=\"async\" src=\"https:\/\/www.meydan.tv\/az\/56352\/\" alt=\"\" class=\"wp-image-56352\"\/><figcaption><\/figcaption><\/figure>\n<p>\n  Prezident \u0130lham \u018fliyev erm\u0259ni silahl\u0131 q\u00fcvv\u0259l\u0259rinin A\u011fdam v\u0259 T\u0259rt\u0259r rayonlar\u0131n\u0131 intensiv at\u0259\u015f\u0259 tutmas\u0131 n\u0259tic\u0259sind\u0259 m\u00fclki \u0259haliy\u0259 d\u0259ymi\u015f ziyan\u0131n aradan qald\u0131r\u0131lmas\u0131 il\u0259 ba\u011fl\u0131 t\u0259dbirl\u0259r haqq\u0131nda s\u0259r\u0259ncam imzalay\u0131b.<\/p>\n<p>  APA-n\u0131n m\u0259lumat\u0131na g\u00f6r\u0259, s\u0259r\u0259ncamda bildirilir ki, 2016-c\u0131 ilin aprel ay\u0131n\u0131n ilk g\u00fcnl\u0259rind\u0259n ba\u015flayaraq erm\u0259ni silahl\u0131 q\u00fcvv\u0259l\u0259ri A\u011fdam v\u0259 T\u0259rt\u0259r rayonlar\u0131n\u0131n t\u0259mas x\u0259ttin\u0259 yax\u0131n olan ya\u015fay\u0131\u015f m\u0259nt\u0259q\u0259l\u0259rini iri \u00e7apl\u0131 silahlardan v\u0259 artilleriya qur\u011fular\u0131ndan intensiv at\u0259\u015f\u0259 tutublar.<\/p>\n<p>  N\u0259tic\u0259d\u0259 6 m\u00fclki \u015f\u0259xs h\u0259lak olub, 26 n\u0259f\u0259r yaralan\u0131b, 445 ev\u0259, 5 m\u0259kt\u0259b\u0259, 2 tibb m\u0259nt\u0259q\u0259sin\u0259, 2 u\u015faq ba\u011f\u00e7as\u0131na, dig\u0259r sosial v\u0259 inzibati binalara ciddi ziyan d\u0259yib.<\/p>\n<p>  Haz\u0131rda d\u00fc\u015fm\u0259n g\u00fcll\u0259l\u0259rinin v\u0259 m\u0259rmil\u0259rinin t\u00f6r\u0259tdiyi f\u0259sadlar\u0131n aradan qald\u0131r\u0131lmas\u0131 il\u0259 ba\u011fl\u0131 m\u00fcvafiq t\u0259dbirl\u0259r g\u00f6r\u00fcl\u00fcr.<\/p>\n<p>  Erm\u0259ni silahl\u0131 q\u00fcvv\u0259l\u0259rinin A\u011fdam v\u0259 T\u0259rt\u0259r rayonlar\u0131n\u0131 intensiv at\u0259\u015f\u0259 tutmas\u0131 n\u0259tic\u0259sind\u0259 m\u00fclki \u0259haliy\u0259 d\u0259ymi\u015f ziyan\u0131n aradan qald\u0131r\u0131lmas\u0131 \u00fc\u00e7\u00fcn 2016-c\u0131 il d\u00f6vl\u0259t b\u00fcdc\u0259sind\u0259 n\u0259z\u0259rd\u0259 tutulmu\u015f Az\u0259rbaycan Respublikas\u0131 Prezidentinin ehtiyat fondundan A\u011fdam v\u0259 T\u0259rt\u0259r Rayon \u0130cra Hakimiyy\u0259tl\u0259rinin h\u0259r birin\u0259 3,0 (\u00fc\u00e7) milyon manat olmaqla c\u0259mi 6,0 (alt\u0131) milyon manat ayr\u0131l\u0131b.<\/p>\n","protected":false},"excerpt":{"rendered":"<p>Prezident \u0130lham \u018fliyev erm\u0259ni silahl\u0131 q\u00fcvv\u0259l\u0259rinin A\u011fdam v\u0259 T\u0259rt\u0259r rayonlar\u0131n\u0131 intensiv at\u0259\u015f\u0259 tutmas\u0131 n\u0259tic\u0259sind\u0259 m\u00fclki \u0259haliy\u0259 d\u0259ymi\u015f ziyan\u0131n aradan qald\u0131r\u0131lmas\u0131 il\u0259 ba\u011fl\u0131 t\u0259dbirl\u0259r haqq\u0131nda s\u0259r\u0259ncam imzalay\u0131b.<\/p>\n","protected":false},"author":11,"featured_media":56352,"comment_status":"closed","ping_status":"open","sticky":false,"template":"","format":"standard","meta":{"_acf_changed":false,"_sitemap_exclude":false,"_sitemap_priority":"","_sitemap_frequency":"","footnotes":""},"categories":[51],"tags":[],"class_list":["post-175645","post","type-post","status-publish","format-standard","has-post-thumbnail","hentry","category-analitika","infinite-scroll-item","generate-columns","tablet-grid-50","mobile-grid-100","grid-parent","grid-33","no-featured-image-padding"],"acf":[],"yoast_head":"<!-- This site is optimized with the Yoast SEO plugin v27.5 - https:\/\/yoast.com\/product\/yoast-seo-wordpress\/ -->\n<title>C\u0259bh\u0259 b\u00f6lg\u0259sind\u0259 ziyan\u0131n aradan qald\u0131r\u0131lmas\u0131 \u00fc\u00e7\u00fcn 6 milyon manat ayr\u0131l\u0131b - MEYDAN.TV<\/title>\n<meta name=\"robots\" content=\"index, follow, max-snippet:-1, max-image-preview:large, max-video-preview:-1\" \/>\n<link rel=\"canonical\" href=\"https:\/\/www.meydan.tv\/az\/article\/cebhe-bolgesinde-ziyanin-aradan-qaldirilmasi-ucun-6-milyon-manat-ayrilib\/\" \/>\n<meta property=\"og:locale\" content=\"az_AZ\" \/>\n<meta property=\"og:type\" content=\"article\" \/>\n<meta property=\"og:title\" content=\"C\u0259bh\u0259 b\u00f6lg\u0259sind\u0259 ziyan\u0131n aradan qald\u0131r\u0131lmas\u0131 \u00fc\u00e7\u00fcn 6 milyon manat ayr\u0131l\u0131b - MEYDAN.TV\" \/>\n<meta property=\"og:description\" content=\"Prezident \u0130lham \u018fliyev erm\u0259ni silahl\u0131 q\u00fcvv\u0259l\u0259rinin A\u011fdam v\u0259 T\u0259rt\u0259r rayonlar\u0131n\u0131 intensiv at\u0259\u015f\u0259 tutmas\u0131 n\u0259tic\u0259sind\u0259 m\u00fclki \u0259haliy\u0259 d\u0259ymi\u015f ziyan\u0131n aradan qald\u0131r\u0131lmas\u0131 il\u0259 ba\u011fl\u0131 t\u0259dbirl\u0259r haqq\u0131nda s\u0259r\u0259ncam imzalay\u0131b.\" \/>\n<meta property=\"og:url\" content=\"https:\/\/www.meydan.tv\/az\/article\/cebhe-bolgesinde-ziyanin-aradan-qaldirilmasi-ucun-6-milyon-manat-ayrilib\/\" \/>\n<meta property=\"og:site_name\" content=\"MEYDAN.TV\" \/>\n<meta property=\"article:published_time\" content=\"2016-05-02T23:06:30+00:00\" \/>\n<meta property=\"og:image\" content=\"https:\/\/www.meydan.tv\/wp-content\/uploads\/21345.jpg\" \/>\n\t<meta property=\"og:image:width\" content=\"884\" \/>\n\t<meta property=\"og:image:height\" content=\"669\" \/>\n\t<meta property=\"og:image:type\" content=\"image\/jpeg\" \/>\n<meta name=\"author\" content=\"user-manager\" \/>\n<meta name=\"twitter:card\" content=\"summary_large_image\" \/>\n<script type=\"application\/ld+json\" class=\"yoast-schema-graph\">{\"@context\":\"https:\\\/\\\/schema.org\",\"@graph\":[{\"@type\":\"Article\",\"@id\":\"https:\\\/\\\/www.meydan.tv\\\/az\\\/article\\\/cebhe-bolgesinde-ziyanin-aradan-qaldirilmasi-ucun-6-milyon-manat-ayrilib\\\/#article\",\"isPartOf\":{\"@id\":\"https:\\\/\\\/www.meydan.tv\\\/az\\\/article\\\/cebhe-bolgesinde-ziyanin-aradan-qaldirilmasi-ucun-6-milyon-manat-ayrilib\\\/\"},\"author\":{\"name\":\"user-manager\",\"@id\":\"https:\\\/\\\/www.meydan.tv\\\/az\\\/#\\\/schema\\\/person\\\/10d11eccf6da3662cf5fdab9806ea91a\"},\"headline\":\"C\u0259bh\u0259 b\u00f6lg\u0259sind\u0259 ziyan\u0131n aradan qald\u0131r\u0131lmas\u0131 \u00fc\u00e7\u00fcn 6 milyon manat ayr\u0131l\u0131b\",\"datePublished\":\"2016-05-02T23:06:30+00:00\",\"mainEntityOfPage\":{\"@id\":\"https:\\\/\\\/www.meydan.tv\\\/az\\\/article\\\/cebhe-bolgesinde-ziyanin-aradan-qaldirilmasi-ucun-6-milyon-manat-ayrilib\\\/\"},\"wordCount\":280,\"publisher\":{\"@id\":\"https:\\\/\\\/www.meydan.tv\\\/az\\\/#organization\"},\"image\":{\"@id\":\"https:\\\/\\\/www.meydan.tv\\\/az\\\/article\\\/cebhe-bolgesinde-ziyanin-aradan-qaldirilmasi-ucun-6-milyon-manat-ayrilib\\\/#primaryimage\"},\"thumbnailUrl\":\"https:\\\/\\\/www.meydan.tv\\\/wp-content\\\/uploads\\\/21345.jpg\",\"articleSection\":[\"Analitika\"],\"inLanguage\":\"az\"},{\"@type\":\"WebPage\",\"@id\":\"https:\\\/\\\/www.meydan.tv\\\/az\\\/article\\\/cebhe-bolgesinde-ziyanin-aradan-qaldirilmasi-ucun-6-milyon-manat-ayrilib\\\/\",\"url\":\"https:\\\/\\\/www.meydan.tv\\\/az\\\/article\\\/cebhe-bolgesinde-ziyanin-aradan-qaldirilmasi-ucun-6-milyon-manat-ayrilib\\\/\",\"name\":\"C\u0259bh\u0259 b\u00f6lg\u0259sind\u0259 ziyan\u0131n aradan qald\u0131r\u0131lmas\u0131 \u00fc\u00e7\u00fcn 6 milyon manat ayr\u0131l\u0131b - MEYDAN.TV\",\"isPartOf\":{\"@id\":\"https:\\\/\\\/www.meydan.tv\\\/az\\\/#website\"},\"primaryImageOfPage\":{\"@id\":\"https:\\\/\\\/www.meydan.tv\\\/az\\\/article\\\/cebhe-bolgesinde-ziyanin-aradan-qaldirilmasi-ucun-6-milyon-manat-ayrilib\\\/#primaryimage\"},\"image\":{\"@id\":\"https:\\\/\\\/www.meydan.tv\\\/az\\\/article\\\/cebhe-bolgesinde-ziyanin-aradan-qaldirilmasi-ucun-6-milyon-manat-ayrilib\\\/#primaryimage\"},\"thumbnailUrl\":\"https:\\\/\\\/www.meydan.tv\\\/wp-content\\\/uploads\\\/21345.jpg\",\"datePublished\":\"2016-05-02T23:06:30+00:00\",\"breadcrumb\":{\"@id\":\"https:\\\/\\\/www.meydan.tv\\\/az\\\/article\\\/cebhe-bolgesinde-ziyanin-aradan-qaldirilmasi-ucun-6-milyon-manat-ayrilib\\\/#breadcrumb\"},\"inLanguage\":\"az\",\"potentialAction\":[{\"@type\":\"ReadAction\",\"target\":[\"https:\\\/\\\/www.meydan.tv\\\/az\\\/article\\\/cebhe-bolgesinde-ziyanin-aradan-qaldirilmasi-ucun-6-milyon-manat-ayrilib\\\/\"]}]},{\"@type\":\"ImageObject\",\"inLanguage\":\"az\",\"@id\":\"https:\\\/\\\/www.meydan.tv\\\/az\\\/article\\\/cebhe-bolgesinde-ziyanin-aradan-qaldirilmasi-ucun-6-milyon-manat-ayrilib\\\/#primaryimage\",\"url\":\"https:\\\/\\\/www.meydan.tv\\\/wp-content\\\/uploads\\\/21345.jpg\",\"contentUrl\":\"https:\\\/\\\/www.meydan.tv\\\/wp-content\\\/uploads\\\/21345.jpg\",\"width\":884,\"height\":669,\"caption\":\"Source:\"},{\"@type\":\"BreadcrumbList\",\"@id\":\"https:\\\/\\\/www.meydan.tv\\\/az\\\/article\\\/cebhe-bolgesinde-ziyanin-aradan-qaldirilmasi-ucun-6-milyon-manat-ayrilib\\\/#breadcrumb\",\"itemListElement\":[{\"@type\":\"ListItem\",\"position\":1,\"name\":\"Ana s\u0259hif\u0259\",\"item\":\"https:\\\/\\\/www.meydan.tv\\\/az\\\/\"},{\"@type\":\"ListItem\",\"position\":2,\"name\":\"Analitika\",\"item\":\"https:\\\/\\\/www.meydan.tv\\\/az\\\/section\\\/analitika\\\/\"},{\"@type\":\"ListItem\",\"position\":3,\"name\":\"C\u0259bh\u0259 b\u00f6lg\u0259sind\u0259 ziyan\u0131n aradan qald\u0131r\u0131lmas\u0131 \u00fc\u00e7\u00fcn 6 milyon manat ayr\u0131l\u0131b\"}]},{\"@type\":\"WebSite\",\"@id\":\"https:\\\/\\\/www.meydan.tv\\\/az\\\/#website\",\"url\":\"https:\\\/\\\/www.meydan.tv\\\/az\\\/\",\"name\":\"MEYDAN.TV\",\"description\":\"Meydan TV Az\u0259rbaycan\u0131n media m\u0259kan\u0131ndak\u0131 alternativ s\u0259sidir\",\"publisher\":{\"@id\":\"https:\\\/\\\/www.meydan.tv\\\/az\\\/#organization\"},\"potentialAction\":[{\"@type\":\"SearchAction\",\"target\":{\"@type\":\"EntryPoint\",\"urlTemplate\":\"https:\\\/\\\/www.meydan.tv\\\/az\\\/?s={search_term_string}\"},\"query-input\":{\"@type\":\"PropertyValueSpecification\",\"valueRequired\":true,\"valueName\":\"search_term_string\"}}],\"inLanguage\":\"az\"},{\"@type\":\"Organization\",\"@id\":\"https:\\\/\\\/www.meydan.tv\\\/az\\\/#organization\",\"name\":\"Meydan TV\",\"url\":\"https:\\\/\\\/www.meydan.tv\\\/az\\\/\",\"logo\":{\"@type\":\"ImageObject\",\"inLanguage\":\"az\",\"@id\":\"https:\\\/\\\/www.meydan.tv\\\/az\\\/#\\\/schema\\\/logo\\\/image\\\/\",\"url\":\"https:\\\/\\\/www.meydan.tv\\\/wp-content\\\/uploads\\\/2021\\\/07\\\/meydan-logo.svg\",\"contentUrl\":\"https:\\\/\\\/www.meydan.tv\\\/wp-content\\\/uploads\\\/2021\\\/07\\\/meydan-logo.svg\",\"width\":195,\"height\":46,\"caption\":\"Meydan TV\"},\"image\":{\"@id\":\"https:\\\/\\\/www.meydan.tv\\\/az\\\/#\\\/schema\\\/logo\\\/image\\\/\"}},{\"@type\":\"Person\",\"@id\":\"https:\\\/\\\/www.meydan.tv\\\/az\\\/#\\\/schema\\\/person\\\/10d11eccf6da3662cf5fdab9806ea91a\",\"name\":\"user-manager\"}]}<\/script>\n<!-- \/ Yoast SEO plugin. -->","yoast_head_json":{"title":"C\u0259bh\u0259 b\u00f6lg\u0259sind\u0259 ziyan\u0131n aradan qald\u0131r\u0131lmas\u0131 \u00fc\u00e7\u00fcn 6 milyon manat ayr\u0131l\u0131b - MEYDAN.TV","robots":{"index":"index","follow":"follow","max-snippet":"max-snippet:-1","max-image-preview":"max-image-preview:large","max-video-preview":"max-video-preview:-1"},"canonical":"https:\/\/www.meydan.tv\/az\/article\/cebhe-bolgesinde-ziyanin-aradan-qaldirilmasi-ucun-6-milyon-manat-ayrilib\/","og_locale":"az_AZ","og_type":"article","og_title":"C\u0259bh\u0259 b\u00f6lg\u0259sind\u0259 ziyan\u0131n aradan qald\u0131r\u0131lmas\u0131 \u00fc\u00e7\u00fcn 6 milyon manat ayr\u0131l\u0131b - MEYDAN.TV","og_description":"Prezident \u0130lham \u018fliyev erm\u0259ni silahl\u0131 q\u00fcvv\u0259l\u0259rinin A\u011fdam v\u0259 T\u0259rt\u0259r rayonlar\u0131n\u0131 intensiv at\u0259\u015f\u0259 tutmas\u0131 n\u0259tic\u0259sind\u0259 m\u00fclki \u0259haliy\u0259 d\u0259ymi\u015f ziyan\u0131n aradan qald\u0131r\u0131lmas\u0131 il\u0259 ba\u011fl\u0131 t\u0259dbirl\u0259r haqq\u0131nda s\u0259r\u0259ncam imzalay\u0131b.","og_url":"https:\/\/www.meydan.tv\/az\/article\/cebhe-bolgesinde-ziyanin-aradan-qaldirilmasi-ucun-6-milyon-manat-ayrilib\/","og_site_name":"MEYDAN.TV","article_published_time":"2016-05-02T23:06:30+00:00","og_image":[{"width":884,"height":669,"url":"https:\/\/www.meydan.tv\/wp-content\/uploads\/21345.jpg","type":"image\/jpeg"}],"author":"user-manager","twitter_card":"summary_large_image","schema":{"@context":"https:\/\/schema.org","@graph":[{"@type":"Article","@id":"https:\/\/www.meydan.tv\/az\/article\/cebhe-bolgesinde-ziyanin-aradan-qaldirilmasi-ucun-6-milyon-manat-ayrilib\/#article","isPartOf":{"@id":"https:\/\/www.meydan.tv\/az\/article\/cebhe-bolgesinde-ziyanin-aradan-qaldirilmasi-ucun-6-milyon-manat-ayrilib\/"},"author":{"name":"user-manager","@id":"https:\/\/www.meydan.tv\/az\/#\/schema\/person\/10d11eccf6da3662cf5fdab9806ea91a"},"headline":"C\u0259bh\u0259 b\u00f6lg\u0259sind\u0259 ziyan\u0131n aradan qald\u0131r\u0131lmas\u0131 \u00fc\u00e7\u00fcn 6 milyon manat ayr\u0131l\u0131b","datePublished":"2016-05-02T23:06:30+00:00","mainEntityOfPage":{"@id":"https:\/\/www.meydan.tv\/az\/article\/cebhe-bolgesinde-ziyanin-aradan-qaldirilmasi-ucun-6-milyon-manat-ayrilib\/"},"wordCount":280,"publisher":{"@id":"https:\/\/www.meydan.tv\/az\/#organization"},"image":{"@id":"https:\/\/www.meydan.tv\/az\/article\/cebhe-bolgesinde-ziyanin-aradan-qaldirilmasi-ucun-6-milyon-manat-ayrilib\/#primaryimage"},"thumbnailUrl":"https:\/\/www.meydan.tv\/wp-content\/uploads\/21345.jpg","articleSection":["Analitika"],"inLanguage":"az"},{"@type":"WebPage","@id":"https:\/\/www.meydan.tv\/az\/article\/cebhe-bolgesinde-ziyanin-aradan-qaldirilmasi-ucun-6-milyon-manat-ayrilib\/","url":"https:\/\/www.meydan.tv\/az\/article\/cebhe-bolgesinde-ziyanin-aradan-qaldirilmasi-ucun-6-milyon-manat-ayrilib\/","name":"C\u0259bh\u0259 b\u00f6lg\u0259sind\u0259 ziyan\u0131n aradan qald\u0131r\u0131lmas\u0131 \u00fc\u00e7\u00fcn 6 milyon manat ayr\u0131l\u0131b - MEYDAN.TV","isPartOf":{"@id":"https:\/\/www.meydan.tv\/az\/#website"},"primaryImageOfPage":{"@id":"https:\/\/www.meydan.tv\/az\/article\/cebhe-bolgesinde-ziyanin-aradan-qaldirilmasi-ucun-6-milyon-manat-ayrilib\/#primaryimage"},"image":{"@id":"https:\/\/www.meydan.tv\/az\/article\/cebhe-bolgesinde-ziyanin-aradan-qaldirilmasi-ucun-6-milyon-manat-ayrilib\/#primaryimage"},"thumbnailUrl":"https:\/\/www.meydan.tv\/wp-content\/uploads\/21345.jpg","datePublished":"2016-05-02T23:06:30+00:00","breadcrumb":{"@id":"https:\/\/www.meydan.tv\/az\/article\/cebhe-bolgesinde-ziyanin-aradan-qaldirilmasi-ucun-6-milyon-manat-ayrilib\/#breadcrumb"},"inLanguage":"az","potentialAction":[{"@type":"ReadAction","target":["https:\/\/www.meydan.tv\/az\/article\/cebhe-bolgesinde-ziyanin-aradan-qaldirilmasi-ucun-6-milyon-manat-ayrilib\/"]}]},{"@type":"ImageObject","inLanguage":"az","@id":"https:\/\/www.meydan.tv\/az\/article\/cebhe-bolgesinde-ziyanin-aradan-qaldirilmasi-ucun-6-milyon-manat-ayrilib\/#primaryimage","url":"https:\/\/www.meydan.tv\/wp-content\/uploads\/21345.jpg","contentUrl":"https:\/\/www.meydan.tv\/wp-content\/uploads\/21345.jpg","width":884,"height":669,"caption":"Source:"},{"@type":"BreadcrumbList","@id":"https:\/\/www.meydan.tv\/az\/article\/cebhe-bolgesinde-ziyanin-aradan-qaldirilmasi-ucun-6-milyon-manat-ayrilib\/#breadcrumb","itemListElement":[{"@type":"ListItem","position":1,"name":"Ana s\u0259hif\u0259","item":"https:\/\/www.meydan.tv\/az\/"},{"@type":"ListItem","position":2,"name":"Analitika","item":"https:\/\/www.meydan.tv\/az\/section\/analitika\/"},{"@type":"ListItem","position":3,"name":"C\u0259bh\u0259 b\u00f6lg\u0259sind\u0259 ziyan\u0131n aradan qald\u0131r\u0131lmas\u0131 \u00fc\u00e7\u00fcn 6 milyon manat ayr\u0131l\u0131b"}]},{"@type":"WebSite","@id":"https:\/\/www.meydan.tv\/az\/#website","url":"https:\/\/www.meydan.tv\/az\/","name":"MEYDAN.TV","description":"Meydan TV Az\u0259rbaycan\u0131n media m\u0259kan\u0131ndak\u0131 alternativ s\u0259sidir","publisher":{"@id":"https:\/\/www.meydan.tv\/az\/#organization"},"potentialAction":[{"@type":"SearchAction","target":{"@type":"EntryPoint","urlTemplate":"https:\/\/www.meydan.tv\/az\/?s={search_term_string}"},"query-input":{"@type":"PropertyValueSpecification","valueRequired":true,"valueName":"search_term_string"}}],"inLanguage":"az"},{"@type":"Organization","@id":"https:\/\/www.meydan.tv\/az\/#organization","name":"Meydan TV","url":"https:\/\/www.meydan.tv\/az\/","logo":{"@type":"ImageObject","inLanguage":"az","@id":"https:\/\/www.meydan.tv\/az\/#\/schema\/logo\/image\/","url":"https:\/\/www.meydan.tv\/wp-content\/uploads\/2021\/07\/meydan-logo.svg","contentUrl":"https:\/\/www.meydan.tv\/wp-content\/uploads\/2021\/07\/meydan-logo.svg","width":195,"height":46,"caption":"Meydan TV"},"image":{"@id":"https:\/\/www.meydan.tv\/az\/#\/schema\/logo\/image\/"}},{"@type":"Person","@id":"https:\/\/www.meydan.tv\/az\/#\/schema\/person\/10d11eccf6da3662cf5fdab9806ea91a","name":"user-manager"}]}},"_links":{"self":[{"href":"https:\/\/www.meydan.tv\/az\/wp-json\/wp\/v2\/posts\/175645","targetHints":{"allow":["GET"]}}],"collection":[{"href":"https:\/\/www.meydan.tv\/az\/wp-json\/wp\/v2\/posts"}],"about":[{"href":"https:\/\/www.meydan.tv\/az\/wp-json\/wp\/v2\/types\/post"}],"author":[{"embeddable":true,"href":"https:\/\/www.meydan.tv\/az\/wp-json\/wp\/v2\/users\/11"}],"replies":[{"embeddable":true,"href":"https:\/\/www.meydan.tv\/az\/wp-json\/wp\/v2\/comments?post=175645"}],"version-history":[{"count":0,"href":"https:\/\/www.meydan.tv\/az\/wp-json\/wp\/v2\/posts\/175645\/revisions"}],"wp:featuredmedia":[{"embeddable":true,"href":"https:\/\/www.meydan.tv\/az\/wp-json\/wp\/v2\/media\/56352"}],"wp:attachment":[{"href":"https:\/\/www.meydan.tv\/az\/wp-json\/wp\/v2\/media?parent=175645"}],"wp:term":[{"taxonomy":"category","embeddable":true,"href":"https:\/\/www.meydan.tv\/az\/wp-json\/wp\/v2\/categories?post=175645"},{"taxonomy":"post_tag","embeddable":true,"href":"https:\/\/www.meydan.tv\/az\/wp-json\/wp\/v2\/tags?post=175645"}],"curies":[{"name":"wp","href":"https:\/\/api.w.org\/{rel}","templated":true}]}}