{"id":175643,"date":"2016-05-02T20:03:37","date_gmt":"2016-05-02T20:03:37","guid":{"rendered":"https:\/\/www.meydan.tv\/article\/azerbaycanin-qeyri-situativ-muttefiqi-israil\/"},"modified":"2016-05-02T20:03:37","modified_gmt":"2016-05-02T20:03:37","slug":"azerbaycanin-qeyri-situativ-muttefiqi-israil","status":"publish","type":"post","link":"https:\/\/www.meydan.tv\/az\/article\/azerbaycanin-qeyri-situativ-muttefiqi-israil\/","title":{"rendered":"Az\u0259rbaycan\u0131n qeyri-situativ m\u00fctt\u0259fiqi \u2013 \u0130srail"},"content":{"rendered":"<p>\n  <b><br \/>\n    Bizim Q\u0259rb d\u00fcnyas\u0131nda \u015f\u0259ksiz m\u00fctt\u0259fiqimiz olan d\u00f6vl\u0259t varm\u0131?<br \/>\n  <\/b>\n<\/p>\n<p>\n  Apreld\u0259n etibar\u0259n \u00f6lk\u0259d\u0259 ictimai v\u0259 siyasi v\u0259ziyy\u0259t q\u0259ti olaraq d\u0259yi\u015fdi. Ay\u0131n \u0259vv\u0259lind\u0259n ba\u015flanan h\u0259rbi \u0259m\u0259liyyatlar, sonradan \u0259ld\u0259 olunmu\u015f at\u0259\u015fk\u0259s\u0259 r\u0259\u011fm\u0259n, ay\u0131n sonunda yenid\u0259n canland\u0131. Ordumuzun \u0259lad\u0259 etdiyi u\u011furlar, verilmi\u015f itkil\u0259r, regionda bizim xeyrimiz\u0259 olmayan<br \/>\n  <i><br \/>\n    status-quo<br \/>\n  <\/i><br \/>\n  v\u0259 onun d\u0259yi\u015film\u0259sin\u0259 olan \u0259h\u0259miyy\u0259tli c\u0259hdl\u0259r, \u00f6lk\u0259mizin haz\u0131rk\u0131 durumda hans\u0131 geosiyasi \u015f\u0259raitd\u0259 bunu etdiyin\u0259, a\u011f\u0131r v\u0259ziyy\u0259td\u0259 hans\u0131 m\u00fctt\u0259fiql\u0259r\u0259 arxalana bil\u0259c\u0259yin\u0259 bir daha g\u00f6z atma\u011f\u0131 g\u0259r\u0259kli edir.\n<\/p>\n<p>\n  Az\u0259rbaycan geosiyasi m\u0259nada \u00e7ox b\u00f6y\u00fck maraq do\u011furan bir m\u0259kanda yerl\u0259\u015fir, bu, bir aksiomad\u0131r. \u00c7ox zaman bu geosiyas\u0259t bizim \u00f6lk\u0259nin z\u0259r\u0259rin\u0259 d\u0259 i\u015fl\u0259yib, bu da ham\u0131ya ayd\u0131nd\u0131r. \u00c7\u00fcnki \u00f6lk\u0259mizin yaranma tarixin\u0259, b\u00f6lg\u0259 qon\u015fular\u0131m\u0131z\u0131n biz\u0259 m\u00fcnasib\u0259tin\u0259 ki\u00e7icik bir n\u0259z\u0259r d\u0259 kifay\u0259t ed\u0259r ki, bir \u00e7ox m\u0259tl\u0259b\u0259 ayd\u0131nl\u0131q g\u0259tirilsin. B\u00f6lg\u0259d\u0259ki, biziml\u0259 s\u0259rh\u0259ddi olan \u00f6lk\u0259l\u0259r: \u0130ran (biziml\u0259 \u0259n b\u00f6y\u00fck s\u0259rh\u0259ddi olan \u00f6lk\u0259), T\u00fcrkiy\u0259 (biziml\u0259 \u0259n ki\u00e7ik s\u0259rh\u0259ddi olan \u00f6lk\u0259), Rusiya, Erm\u0259nistan, G\u00fcrc\u00fcstan, Qazax\u0131stan v\u0259 T\u00fcrkm\u0259nistand\u0131r.\n<\/p>\n<p>\n  Bunlar aras\u0131ndan \u015f\u00fcbh\u0259siz ki, biz\u0259 m\u00fctt\u0259fiq olan \u00f6lk\u0259<br \/>\n  <b><br \/>\n    T\u00fcrkiy\u0259 C\u00fcmhuriyy\u0259ti<br \/>\n  <\/b><br \/>\n  dir, ist\u0259r orada \u018frdo\u011fan hakimiyy\u0259ti olsun, ist\u0259r ba\u015fqa iqtidar, burda f\u0259rq etm\u0259z &#8211; \u00e7\u00fcnki biz situativ m\u00fctt\u0259fiq deyilik, haz\u0131rda bizim m\u00fctt\u0259fiqliyimiz d\u0259rin qar\u015f\u0131l\u0131ql\u0131 maraqlardan ke\u00e7ir. Amma T\u00fcrkiy\u0259 \u00f6z\u00fc, m\u0259s\u0259l\u0259n, Rusiya il\u0259 1920-ci, \u0130stiqlal sava\u015f\u0131 ill\u0259rind\u0259 situativ m\u00fctt\u0259fiq idi, onlara Antanta (T\u00fcrkiy\u0259nin milli q\u00fcrurunu a\u015fa\u011f\u0131layacaq Sevr m\u00fcqavil\u0259sinin \u015f\u0259rtl\u0259rinin d\u0259yi\u015film\u0259si u\u011frunda) v\u0259 yunan i\u015f\u011fal\u00e7\u0131lar\u0131 il\u0259 m\u00fcbariz\u0259d\u0259 Rusiyadan b\u00f6y\u00fck miqdarda k\u00f6m\u0259k g\u0259lmi\u015fdi. Qar\u015f\u0131l\u0131\u011f\u0131nda T\u00fcrkiy\u0259 Qafqazda ruslara bir \u00e7ox b\u00f6lg\u0259ni g\u00fcz\u0259\u015ft\u0259 getm\u0259li oldu, lakin sonradan bu m\u00fctt\u0259fiqlik t\u0259bii ki, pozuldu, \u00e7\u00fcnki qar\u015f\u0131l\u0131ql\u0131 maraqlar t\u0259min edilmirdi v\u0259 edil\u0259 d\u0259 bilm\u0259zdi.\n<\/p>\n<p>\n  T\u00fcrkiy\u0259 bizim \u00f6lk\u0259nin m\u00fcst\u0259qilliyini tan\u0131yan ilk d\u00f6vl\u0259tdir, bu m\u0259nada bizim bir n\u00f6mr\u0259li m\u00fctt\u0259fiqimiz m\u0259hz T\u00fcrkiy\u0259dir, bu da aksiomad\u0131r. T\u0259\u0259ss\u00fcf ki, biz\u0259 \u0259ziz olan bu d\u00f6vl\u0259td\u0259, son ill\u0259rd\u0259 qondarma &#8220;Ergenekon&#8221; kimi m\u0259nfi prosesl\u0259rin getm\u0259si, b\u00f6y\u00fck Atat\u00fcrk\u00fcn qurdu\u011fu toplumun \u0259saslar\u0131n\u0131 sars\u0131dacaq m\u0259s\u0259l\u0259l\u0259r\u0259 g\u00f6r\u0259, \u00f6z c\u0259lbediciliyini t\u0259dric\u0259n itirm\u0259kd\u0259dir, lakin bu, tamam ba\u015fqa bir m\u00f6vzudur v\u0259 bizim strateji m\u00fctt\u0259fiqliyimiz\u0259 aidiyyat\u0131 yoxdur.\n<\/p>\n<p>\n  Ba\u015fqa bir iri, \u00e7ox b\u00f6y\u00fck potensial\u0131 olan regional d\u00f6vl\u0259t,<br \/>\n  <b><br \/>\n    \u0130slam Respublikas\u0131 \u0130ran<br \/>\n  <\/b><br \/>\n  \u00fc\u00e7\u00fcn, \u0259slind\u0259, bizim \u00f6lk\u0259nin varl\u0131\u011f\u0131 bel\u0259 q\u0259buledilm\u0259zdir. \u0130ran, tarixi az\u0131ndan 2500 il (antik d\u00fcnya il\u0259 qar\u015f\u0131durmas\u0131ndan hesablasaq) sayan q\u0259dim sivilizasiyad\u0131r v\u0259 onun \u015fimal \u0259razisind\u0259 Az\u0259rbaycan ad\u0131n\u0131 da\u015f\u0131yan iki inzibati b\u00f6lg\u0259 &#8211; ostan (paytaxt\u0131 Urmiy\u0259 olmaqla Q\u0259rbi Az\u0259rbaycan ostan\u0131 v\u0259 paytaxt\u0131 T\u0259briz olmaqla \u015e\u0259rqi Az\u0259rbaycan ostan\u0131) vard\u0131r. V\u0259 t\u0259bii ki, \u0130ran d\u00f6vl\u0259tini \u00f6z\u00fcn\u0259 v\u0259t\u0259n, vacib hesab ed\u0259n, bu d\u00f6vl\u0259t ona \u0259zizdirs\u0259, t\u0259bii ki, \u015fimalda Az\u0259rbaycan adl\u0131 yeni, sekulyar, bu m\u0259nada \u0130randan xeyli c\u0259lbedici bir d\u00f6vl\u0259tin yaranmas\u0131, \u0259slind\u0259 onun \u00fc\u00e7\u00fcn q\u0259buledilm\u0259zdir. Ba\u015fqa faktorlar\u0131 art\u0131q burada he\u00e7 qeyd etmir\u0259m, bunlar art\u0131q kifay\u0259tdir ki, m\u0259s\u0259l\u0259nin ciddiyy\u0259tini anlayaq. \u0130ran biz\u0259 m\u00fctt\u0259fiq olacaq d\u00f6vl\u0259t deyil v\u0259 he\u00e7 bir din faktoru, &#8220;\u015fi\u0259 t\u0259\u0259ss\u00fcbke\u015fliyi&#8221; burada i\u015fl\u0259m\u0259y\u0259c\u0259k &#8211; maraqlar \u00fcst-\u00fcst\u0259 d\u00fc\u015fm\u00fcr. B\u00fct\u00fcn bunlara ilk Qaraba\u011f m\u00fcharib\u0259si zaman\u0131 tamamil\u0259 \u0259min olduq, d\u00fc\u015f\u00fcn\u00fcr\u0259m ki, burada sual qalm\u0131r. Bu m\u0259nada \u0130ranla \u00e7ox-\u00e7ox ehtiyatl\u0131 davranmal\u0131 v\u0259 bu faktoru bird\u0259f\u0259lik yadda\u015f\u0131m\u0131za qeyd etm\u0259liyik.\n<\/p>\n<p>\n  Yeri g\u0259lmi\u015fk\u0259n s\u0131rf islam t\u0259\u0259ss\u00fcbke\u015fliyi m\u0259nas\u0131nda, islam d\u00fcnyas\u0131nda bizim tamamil\u0259 sadiq v\u0259 etibar ed\u0259c\u0259yimiz m\u00fctt\u0259fiqimiz var, o da<br \/>\n  <b><br \/>\n    Pakistan<br \/>\n  <\/b><br \/>\n  d\u00f6vl\u0259tidir. Pakistan Az\u0259rbaycan\u0131 r\u0259smi olaraq tan\u0131yan 3-c\u00fc d\u00f6vl\u0259tdir v\u0259 b\u00fct\u00fcn m\u00fcnasib\u0259tl\u0259rimiz d\u00f6vr\u00fcnd\u0259 onlara tam s\u0259daq\u0259tini h\u0259tta Erm\u0259nistan\u0131 d\u00f6vl\u0259t kimi tan\u0131mamaqla s\u00fcbut etmi\u015fdir. Pakistan Az\u0259rbaycan \u00fc\u00e7\u00fcn \u00e7ox vacib v\u0259 strateji m\u00fctt\u0259fiqdir.\n<\/p>\n<p>\n  Regiona d\u00f6n\u0259k:<br \/>\n  <b><br \/>\n    Erm\u0259nistan<br \/>\n  <\/b><br \/>\n  la h\u0259r \u015fey ayd\u0131nd\u0131r, n\u0259yis\u0259 t\u0259krar etm\u0259yin\u0259 d\u0259ym\u0259z. Lakin \u00f6lk\u0259mizl\u0259 25 illik qar\u015f\u0131durmada olan bu d\u00f6vl\u0259t geosiyasi vahid kimi yaln\u0131z regiondak\u0131 ba\u015fqa faktorlarla birlikd\u0259 i\u015fl\u0259kdir, bunlardan da \u0259n vacib faktor<br \/>\n  <b><br \/>\n    Rusiya Federasiyas\u0131<br \/>\n  <\/b><br \/>\n  d\u0131r, bunu da bird\u0259f\u0259lik yadda\u015f\u0131m\u0131za qeyd etm\u0259k g\u0259r\u0259kdir. Do\u011frudur, Rusiya \u00f6z\u00fcn\u00fc h\u0259r zaman regional deyil, f\u00f6vq\u0259ld\u00f6vl\u0259t kimi m\u00f6vqel\u0259ndirir v\u0259 bu m\u0259nada &#8220;\u00f6z\u00fcn\u00fcnk\u00fc&#8221; hesab etdiyi bu regiona el\u0259 \u00f6z\u00fcn\u0259m\u0259xsus &#8220;balans&#8221; edir &#8211; kas\u0131b m\u00fctt\u0259fiqi Erm\u0259nistana paras\u0131z silah yard\u0131m\u0131 edir, biz\u0259 is\u0259 banal olaraq sat\u0131r. V\u0259 Rusiya faktoru Qaraba\u011f probleminin uzun ill\u0259r h\u0259ll olunmadan qalmas\u0131nda ba\u015fl\u0131ca amildir &#8211; bunu da bird\u0259f\u0259lik anlama\u011f\u0131m\u0131z v\u0259 q\u0259bul etm\u0259yimiz g\u0259r\u0259kdir. Rusiyan\u0131n da bizim d\u00f6vl\u0259tin varl\u0131\u011f\u0131na m\u00fcnasib\u0259ti \u0259slind\u0259 \u0130ran q\u0259d\u0259r ayd\u0131nd\u0131r &#8211; ke\u00e7mi\u015f metropoliya bizim real olaraq varl\u0131\u011f\u0131m\u0131z\u0131 \u00e7ox a\u011f\u0131r q\u0259bul edir v\u0259 bu faktor \u00e7\u0259tin ki, n\u0259 zamansa d\u0259yi\u015filsin.\n<\/p>\n<p>\n  B\u00fct\u00fcn bu fonda<br \/>\n  <b><br \/>\n    G\u00fcrc\u00fcstan<br \/>\n  <\/b><br \/>\n  d\u00f6vl\u0259ti bizim \u00fc\u00e7\u00fcn regional \u00e7\u0131x\u0131\u015f, tranzit koridor kimi strateji bir \u0259h\u0259miyy\u0259t da\u015f\u0131y\u0131r. Bu anlamda G\u00fcrc\u00fcstan d\u00f6vl\u0259tinin ayaqda olmas\u0131 Az\u0259rbaycan \u00fc\u00e7\u00fcn \u00e7ox vacibdir. Qar\u015f\u0131l\u0131ql\u0131 maraqlar \u00fcst-\u00fcst\u0259 d\u00fc\u015f\u00fcr, o c\u00fcml\u0259d\u0259n ke\u00e7mi\u015f metropoliyaya m\u00fcnasib\u0259td\u0259 d\u0259. Bunlar is\u0259 \u00e7ox vacib faktorlard\u0131r.\n<\/p>\n<p>\n  B\u0259s Q\u0259rb d\u00fcnyas\u0131nda, beyn\u0259lxalq arenada bizim \u015f\u0259ksiz m\u00fctt\u0259fiqimiz kimdir? AB\u015e, Avropa Birliyi, t\u00fcrk d\u00fcnyas\u0131, islam d\u00f6vl\u0259tl\u0259ri, yoxsa hans\u0131sa ayr\u0131ca bir d\u00f6vl\u0259t? \u018flb\u0259tt\u0259 ki, burada m\u0259s\u0259l\u0259 bir q\u0259d\u0259r q\u0259lizl\u0259\u015fir. F\u00f6vq\u0259ld\u00f6vl\u0259t AB\u015e-\u0131n regiona m\u00fcdaxil\u0259si son ill\u0259r kifay\u0259t q\u0259d\u0259r m\u0259hduddur, g\u00f6r\u00fcn\u00fcr, bu, Rusiyan\u0131n &#8220;h\u0259yati maraqlar sferas\u0131na&#8221; m\u00fcdaxil\u0259 etm\u0259m\u0259k \u00fc\u00e7\u00fcnd\u00fcr. Avropa Birliyi anlay\u0131\u015f\u0131 da (s\u0131rf geosiyasi t\u0259r\u0259f kimi) kifay\u0259t q\u0259d\u0259r m\u00fcc\u0259rr\u0259d xarakter da\u015f\u0131y\u0131r. Avropa Birliyind\u0259 apar\u0131c\u0131 v\u0259 m\u0259rk\u0259zi d\u00f6vl\u0259t Almaniyad\u0131r. Zat\u0259n bu birliyin ba\u015fl\u0131ca memar\u0131 da Almaniya olmu\u015f v\u0259 haz\u0131rda da onu \u00f6z iqtisadiyyat\u0131 il\u0259 ayaqda saxlayan m\u0259hz bu d\u00f6vl\u0259tdir. Sual oluna bil\u0259r ki, bu Almaniyan\u0131n n\u0259yin\u0259 g\u0259r\u0259kdir? Almaniya II D\u00fcnya M\u00fcharib\u0259sind\u0259 v\u0259 Holokost zaman\u0131 edilmi\u015f cinay\u0259tl\u0259r\u0259 g\u00f6r\u0259 daima g\u00fcnah kompleksi alt\u0131ndad\u0131r v\u0259 indiy\u0259 kim \u00f6z iqtisadi, k\u00fclt\u00fcr v\u0259 ba\u015fqa potensial\u0131n\u0131 siyas\u0259t\u0259 ekstrapolyasiya ed\u0259 bilmir. Nec\u0259 ki, m\u0259\u015fhur politoloq Zbigniew Brzezi\u0144ski &#8220;B\u00f6y\u00fck \u015eahmat taxtas\u0131&#8221; (Zbigniew Brzezi\u0144ski,<br \/>\n  <i><br \/>\n    &#8220;The Grand Chessboard&#8221;<br \/>\n  <\/i><br \/>\n  , 1997) \u0259s\u0259rind\u0259 yaz\u0131rd\u0131: &#8220;Berlinin indiy\u0259 kimi dan\u0131\u015fmaq haqq\u0131 yoxdur&#8221;. V\u0259 Berlin bu haqq\u0131 haz\u0131rda Br\u00fcsselin a\u011fz\u0131 il\u0259 realla\u015fd\u0131rmaqdad\u0131r.\n<\/p>\n<p>\n  Bug\u00fcnl\u0259rd\u0259, konkret 24 apreld\u0259, Yerevandak\u0131 m\u0259lum m\u0259rasiml\u0259r zaman\u0131, sonuncu alman kayzeri II Wilhelm&#8217;in k\u00f6t\u00fcc\u0259si Prince Philip, Duke of Edinburgh, bir kils\u0259d\u0259, 1915-ci il hadis\u0259l\u0259rind\u0259 Almaniyan\u0131n Osmanl\u0131n\u0131n m\u00fctt\u0259fiqi oldu\u011fu v\u0259 ulu babas\u0131 Wilhelm II Kayzerin o zamanlar erm\u0259nil\u0259ri xilas etm\u0259k \u00fc\u00e7\u00fcn he\u00e7 bir \u015fey etm\u0259diyid\u0259n \u00e7ox p\u0259rt oldu\u011funu b\u0259yan etdi, \u00fczr ist\u0259y\u0259r\u0259k diz \u00e7\u00f6kd\u00fc. Onunla bir yerd\u0259 o m\u0259rasim\u0259 g\u0259lmi\u015f qad\u0131nlar da diz \u00e7okd\u00fc. \u018flb\u0259tt\u0259 ki, bu hadis\u0259ni individual bir i\u015f d\u0259 hesab etm\u0259k olar, lakin bu adam\u0131n haz\u0131rda Wilhelm II Kayzerin yegan\u0259 v\u0259li\u0259hdi oldu\u011funu n\u0259z\u0259r\u0259 al\u0131b f\u0259rz etm\u0259k olar ki, bu d\u00f6vl\u0259ti i\u015fdir. \u00c7\u00fcnki haz\u0131rda alman d\u00f6vl\u0259ti \u00fc\u00e7\u00fcn Holokost faci\u0259sinin k\u0259skinliyini bir q\u0259d\u0259r azaltmaq v\u0259 b\u0259\u015f\u0259ri cinay\u0259tkar obraz\u0131ndan \u00e7\u0131xmaq \u00fc\u00e7\u00fcn &#8220;erm\u0259ni genosidi&#8221;nin tan\u0131nmas\u0131 h\u0259yati i\u015fdir. Bu da bir aksiomad\u0131r. Bu m\u0259nada alman d\u00f6vl\u0259tinin m\u00f6vqeyini d\u0259yi\u015fm\u0259k m\u00fcmk\u00fcn olmayacaq v\u0259 he\u00e7 bir t\u00fcrk lobbisi d\u0259 bunu ed\u0259 bilm\u0259y\u0259c\u0259k, buna art\u0131q illuziyas\u0131z yana\u015fmaq g\u0259r\u0259kdir. Qeyd etdiyimiz kimi, maraqlar \u00fcst-\u00fcst\u0259 d\u00fc\u015fm\u00fcr.\n<\/p>\n<p>\n  Yax\u015f\u0131 b\u0259s bizim Q\u0259rb d\u00fcnyas\u0131nda \u015f\u0259ksiz m\u00fctt\u0259fiqimiz olan d\u00f6vl\u0259t varm\u0131?\n<\/p>\n<p>\n  Bunun cavab\u0131 \u0259lb\u0259tt\u0259 ki, var, o da<br \/>\n  <b><br \/>\n    \u0130srail<br \/>\n  <\/b><br \/>\n  d\u00f6vl\u0259tidir &#8211; olacaq. \u0130srail Az\u0259rbaycan\u0131n m\u00fcst\u0259qilliyini tan\u0131yan ilk 10 d\u00f6vl\u0259td\u0259n biri olub v\u0259 b\u00fct\u00fcn m\u00fcnasib\u0259tl\u0259rimiz boyu onlar\u0131n geni\u015fl\u0259ndirm\u0259y\u0259 can at\u0131b. Bu d\u00f6vl\u0259t ist\u0259nil\u0259n sah\u0259d\u0259 (o c\u00fcml\u0259d\u0259n yeni h\u0259rbi texnologiyalarda) biz\u0259 yard\u0131m etm\u0259y\u0259 h\u0259r zaman haz\u0131r oldu\u011funu bildirib. Bunun s\u0259b\u0259bini yen\u0259 d\u0259 yaln\u0131z qar\u015f\u0131l\u0131ql\u0131 maraqlarda axtarmaq g\u0259r\u0259kdir.\n<\/p>\n<p>\n  \u0130srail d\u00f6vl\u0259tin\u0259, qar\u015f\u0131durmada oldu\u011fu d\u00f6vl\u0259tl\u0259rin kimliyini n\u0259z\u0259r\u0259 alsaq, regionda spesifik m\u00fctt\u0259fiql\u0259r g\u0259r\u0259kdir.\u00a0 Az\u0259rbaycan bu m\u0259nada \u0259la d\u00f6vl\u0259tdir, qurulu\u015fu d\u00fcny\u0259vi olsa da, \u015fi\u0259 m\u00fcs\u0259lmanlar\u0131n \u00e7oxluq t\u0259\u015fkil etdiyi d\u00f6vl\u0259tin m\u00fctt\u0259fiqliyi \u0130srail\u0259 \u00e7ox g\u0259r\u0259kdir. Bundan ba\u015fqa, \u0130srailin \u0130ranla haz\u0131rk\u0131 bar\u0131\u015fmaz m\u00fcnasib\u0259tl\u0259ri, bizim d\u0259 maraqlar\u0131m\u0131z bax\u0131m\u0131ndan bu d\u00f6vl\u0259ti biz\u0259 m\u00fctt\u0259fiq edir. Ba\u015fqa t\u0259r\u0259fd\u0259n, \u0259g\u0259r erm\u0259ni terror h\u0259r\u0259kat\u0131n\u0131n tarixin\u0259 diqq\u0259tl\u0259 n\u0259z\u0259r salsaq, o zaman g\u00f6r\u0259rik ki, bu, F\u0259l\u0259stin Azadl\u0131q t\u0259\u015fkilat\u0131 il\u0259 s\u0131x \u0259m\u0259kda\u015fl\u0131qdan, h\u0259tta onlar\u0131n s\u0131ralar\u0131nda \u0130srail Silahl\u0131 Q\u00fcvv\u0259l\u0259ri il\u0259 toqqu\u015fmalardan ke\u00e7ir. A\u011fdamda 1992-ci ilin yay h\u0259rbi kampaniyas\u0131nda peyda olmu\u015f v\u0259 ordumuz t\u0259r\u0259find\u0259n tamamil\u0259 m\u0259hv edilmi\u015f erm\u0259ni terror\u00e7ulardan ibar\u0259t &#8220;Arabo&#8221; (y\u0259ni \u018fr\u0259b) batalyonunun tarix\u00e7\u0259si bu m\u0259nada ibar\u0259tamizdir. Orada vuru\u015fan adamlar\u0131n 90 faizd\u0259n \u00e7oxu \u0259r\u0259b \u00f6lk\u0259l\u0259rind\u0259 boya \u00e7atm\u0131\u015f v\u0259 m\u0259hz F\u0259l\u0259stin Azadl\u0131q H\u0259r\u0259kat\u0131 s\u0131ralar\u0131nda d\u00f6y\u00fc\u015f\u00e7\u00fc kimi yetkinl\u0259\u015fmi\u015f terror\u00e7ular idi. Bu anlamda da \u0130sraill\u0259 qar\u015f\u0131 durdu\u011fumuz t\u0259r\u0259f eynidir.\n<\/p>\n<p>\n  Eyni zamanda &#8220;erm\u0259ni genosidi&#8221; m\u0259s\u0259l\u0259sind\u0259 d\u0259 \u0130srail d\u00f6vl\u0259tinin m\u00fcnasib\u0259ti identikdir. \u0130srailin yaranma s\u0259b\u0259bi m\u0259hz Holokost oldu\u011fu \u00fc\u00e7\u00fcn (y\u0259ni y\u0259hudi xalq\u0131n\u0131n q\u0131r\u011f\u0131n\u0131n\u0131n tarixd\u0259 bir daha t\u0259krar edilm\u0259m\u0259si \u00fc\u00e7\u00fcn), bu m\u0259s\u0259l\u0259y\u0259 onlar\u0131n m\u00fcnasib\u0259ti \u00e7ox prinsipiald\u0131r. Nasizmin t\u00f6r\u0259tdiyi Holokost kimi \u00e7ox d\u0259rin b\u0259\u015f\u0259ri faci\u0259nin m\u00fcqayis\u0259siz olmas\u0131 \u0259slind\u0259 \u00e7oxuna \u015f\u0259ksiz olaraq b\u0259llidir. Bu anlamda tarixd\u0259, cinay\u0259tkar d\u00f6vl\u0259t t\u0259r\u0259find\u0259n soyq\u0131r\u0131ma m\u0259ruz qalm\u0131\u015f yegan\u0259 bir xalq &#8211; y\u0259hudil\u0259rdir.\n<\/p>\n<p>\n  B\u00fct\u00fcn bu faktorlardan ba\u015fqa \u0259n ciddisi, Az\u0259rbaycanda xalq\u0131m\u0131z\u0131n bir hiss\u0259si olan y\u0259hudi m\u0259n\u015f\u0259li insanlar, bu d\u00f6vl\u0259t\u0259, \u00f6lk\u0259y\u0259 daimi sadiqliyini qan\u0131 il\u0259 s\u00fcbut etmi\u015f v\u0259t\u0259nda\u015flar var ki, onlar he\u00e7 zaman unudulmayacaq, milli q\u0259hr\u0259man Albert Aqarunov kimi.\n<\/p>\n<p>\n  Yuxar\u0131da sadalanan faktorlar s\u0259b\u0259bind\u0259n, Az\u0259rbaycanda ist\u0259nil\u0259n hakimiyy\u0259t d\u0259yi\u015fikliyi olsa da, \u0130srail bizim d\u00f6vl\u0259t\u0259 m\u00fcnasib\u0259tini d\u0259yi\u015fm\u0259y\u0259c\u0259k. Bu m\u0259nada \u0130srail d\u00f6vl\u0259ti bizim Q\u0259rb d\u00fcnyas\u0131nda situativ deyil, daimi v\u0259 etibarl\u0131 m\u00fctt\u0259fiqimizdir v\u0259 ikit\u0259r\u0259fli m\u00fcnasib\u0259tl\u0259rd\u0259n maksimum yararlanmaq g\u0259r\u0259kdir.<\/p>\n","protected":false},"excerpt":{"rendered":"<p>Bizim Q\u0259rb d\u00fcnyas\u0131nda \u015f\u0259ksiz m\u00fctt\u0259fiqimiz olan d\u00f6vl\u0259t varm\u0131?<\/p>\n","protected":false},"author":11,"featured_media":56523,"comment_status":"closed","ping_status":"open","sticky":false,"template":"","format":"standard","meta":{"_acf_changed":false,"_sitemap_exclude":false,"_sitemap_priority":"","_sitemap_frequency":"","footnotes":""},"categories":[51],"tags":[],"class_list":["post-175643","post","type-post","status-publish","format-standard","has-post-thumbnail","hentry","category-analitika","infinite-scroll-item","generate-columns","tablet-grid-50","mobile-grid-100","grid-parent","grid-33","no-featured-image-padding"],"acf":[],"yoast_head":"<!-- This site is optimized with the Yoast SEO plugin v27.5 - https:\/\/yoast.com\/product\/yoast-seo-wordpress\/ -->\n<title>Az\u0259rbaycan\u0131n qeyri-situativ m\u00fctt\u0259fiqi \u2013 \u0130srail - MEYDAN.TV<\/title>\n<meta name=\"robots\" content=\"index, follow, max-snippet:-1, max-image-preview:large, max-video-preview:-1\" \/>\n<link rel=\"canonical\" href=\"https:\/\/www.meydan.tv\/az\/article\/azerbaycanin-qeyri-situativ-muttefiqi-israil\/\" \/>\n<meta property=\"og:locale\" content=\"az_AZ\" \/>\n<meta property=\"og:type\" content=\"article\" \/>\n<meta property=\"og:title\" content=\"Az\u0259rbaycan\u0131n qeyri-situativ m\u00fctt\u0259fiqi \u2013 \u0130srail - MEYDAN.TV\" \/>\n<meta property=\"og:description\" content=\"Bizim Q\u0259rb d\u00fcnyas\u0131nda \u015f\u0259ksiz m\u00fctt\u0259fiqimiz olan d\u00f6vl\u0259t varm\u0131?\" \/>\n<meta property=\"og:url\" content=\"https:\/\/www.meydan.tv\/az\/article\/azerbaycanin-qeyri-situativ-muttefiqi-israil\/\" \/>\n<meta property=\"og:site_name\" content=\"MEYDAN.TV\" \/>\n<meta property=\"article:published_time\" content=\"2016-05-02T20:03:37+00:00\" \/>\n<meta property=\"og:image\" content=\"https:\/\/www.meydan.tv\/wp-content\/uploads\/21373.jpg\" \/>\n\t<meta property=\"og:image:width\" content=\"1861\" \/>\n\t<meta property=\"og:image:height\" content=\"898\" \/>\n\t<meta property=\"og:image:type\" content=\"image\/jpeg\" \/>\n<meta name=\"author\" content=\"user-manager\" \/>\n<meta name=\"twitter:card\" content=\"summary_large_image\" \/>\n<script type=\"application\/ld+json\" class=\"yoast-schema-graph\">{\"@context\":\"https:\\\/\\\/schema.org\",\"@graph\":[{\"@type\":\"Article\",\"@id\":\"https:\\\/\\\/www.meydan.tv\\\/az\\\/article\\\/azerbaycanin-qeyri-situativ-muttefiqi-israil\\\/#article\",\"isPartOf\":{\"@id\":\"https:\\\/\\\/www.meydan.tv\\\/az\\\/article\\\/azerbaycanin-qeyri-situativ-muttefiqi-israil\\\/\"},\"author\":{\"name\":\"user-manager\",\"@id\":\"https:\\\/\\\/www.meydan.tv\\\/az\\\/#\\\/schema\\\/person\\\/10d11eccf6da3662cf5fdab9806ea91a\"},\"headline\":\"Az\u0259rbaycan\u0131n qeyri-situativ m\u00fctt\u0259fiqi \u2013 \u0130srail\",\"datePublished\":\"2016-05-02T20:03:37+00:00\",\"mainEntityOfPage\":{\"@id\":\"https:\\\/\\\/www.meydan.tv\\\/az\\\/article\\\/azerbaycanin-qeyri-situativ-muttefiqi-israil\\\/\"},\"wordCount\":2186,\"publisher\":{\"@id\":\"https:\\\/\\\/www.meydan.tv\\\/az\\\/#organization\"},\"image\":{\"@id\":\"https:\\\/\\\/www.meydan.tv\\\/az\\\/article\\\/azerbaycanin-qeyri-situativ-muttefiqi-israil\\\/#primaryimage\"},\"thumbnailUrl\":\"https:\\\/\\\/www.meydan.tv\\\/wp-content\\\/uploads\\\/21373.jpg\",\"articleSection\":[\"Analitika\"],\"inLanguage\":\"az\"},{\"@type\":\"WebPage\",\"@id\":\"https:\\\/\\\/www.meydan.tv\\\/az\\\/article\\\/azerbaycanin-qeyri-situativ-muttefiqi-israil\\\/\",\"url\":\"https:\\\/\\\/www.meydan.tv\\\/az\\\/article\\\/azerbaycanin-qeyri-situativ-muttefiqi-israil\\\/\",\"name\":\"Az\u0259rbaycan\u0131n qeyri-situativ m\u00fctt\u0259fiqi \u2013 \u0130srail - MEYDAN.TV\",\"isPartOf\":{\"@id\":\"https:\\\/\\\/www.meydan.tv\\\/az\\\/#website\"},\"primaryImageOfPage\":{\"@id\":\"https:\\\/\\\/www.meydan.tv\\\/az\\\/article\\\/azerbaycanin-qeyri-situativ-muttefiqi-israil\\\/#primaryimage\"},\"image\":{\"@id\":\"https:\\\/\\\/www.meydan.tv\\\/az\\\/article\\\/azerbaycanin-qeyri-situativ-muttefiqi-israil\\\/#primaryimage\"},\"thumbnailUrl\":\"https:\\\/\\\/www.meydan.tv\\\/wp-content\\\/uploads\\\/21373.jpg\",\"datePublished\":\"2016-05-02T20:03:37+00:00\",\"breadcrumb\":{\"@id\":\"https:\\\/\\\/www.meydan.tv\\\/az\\\/article\\\/azerbaycanin-qeyri-situativ-muttefiqi-israil\\\/#breadcrumb\"},\"inLanguage\":\"az\",\"potentialAction\":[{\"@type\":\"ReadAction\",\"target\":[\"https:\\\/\\\/www.meydan.tv\\\/az\\\/article\\\/azerbaycanin-qeyri-situativ-muttefiqi-israil\\\/\"]}]},{\"@type\":\"ImageObject\",\"inLanguage\":\"az\",\"@id\":\"https:\\\/\\\/www.meydan.tv\\\/az\\\/article\\\/azerbaycanin-qeyri-situativ-muttefiqi-israil\\\/#primaryimage\",\"url\":\"https:\\\/\\\/www.meydan.tv\\\/wp-content\\\/uploads\\\/21373.jpg\",\"contentUrl\":\"https:\\\/\\\/www.meydan.tv\\\/wp-content\\\/uploads\\\/21373.jpg\",\"width\":1861,\"height\":898,\"caption\":\"Source:\"},{\"@type\":\"BreadcrumbList\",\"@id\":\"https:\\\/\\\/www.meydan.tv\\\/az\\\/article\\\/azerbaycanin-qeyri-situativ-muttefiqi-israil\\\/#breadcrumb\",\"itemListElement\":[{\"@type\":\"ListItem\",\"position\":1,\"name\":\"Ana s\u0259hif\u0259\",\"item\":\"https:\\\/\\\/www.meydan.tv\\\/az\\\/\"},{\"@type\":\"ListItem\",\"position\":2,\"name\":\"Analitika\",\"item\":\"https:\\\/\\\/www.meydan.tv\\\/az\\\/section\\\/analitika\\\/\"},{\"@type\":\"ListItem\",\"position\":3,\"name\":\"Az\u0259rbaycan\u0131n qeyri-situativ m\u00fctt\u0259fiqi \u2013 \u0130srail\"}]},{\"@type\":\"WebSite\",\"@id\":\"https:\\\/\\\/www.meydan.tv\\\/az\\\/#website\",\"url\":\"https:\\\/\\\/www.meydan.tv\\\/az\\\/\",\"name\":\"MEYDAN.TV\",\"description\":\"Meydan TV Az\u0259rbaycan\u0131n media m\u0259kan\u0131ndak\u0131 alternativ s\u0259sidir\",\"publisher\":{\"@id\":\"https:\\\/\\\/www.meydan.tv\\\/az\\\/#organization\"},\"potentialAction\":[{\"@type\":\"SearchAction\",\"target\":{\"@type\":\"EntryPoint\",\"urlTemplate\":\"https:\\\/\\\/www.meydan.tv\\\/az\\\/?s={search_term_string}\"},\"query-input\":{\"@type\":\"PropertyValueSpecification\",\"valueRequired\":true,\"valueName\":\"search_term_string\"}}],\"inLanguage\":\"az\"},{\"@type\":\"Organization\",\"@id\":\"https:\\\/\\\/www.meydan.tv\\\/az\\\/#organization\",\"name\":\"Meydan TV\",\"url\":\"https:\\\/\\\/www.meydan.tv\\\/az\\\/\",\"logo\":{\"@type\":\"ImageObject\",\"inLanguage\":\"az\",\"@id\":\"https:\\\/\\\/www.meydan.tv\\\/az\\\/#\\\/schema\\\/logo\\\/image\\\/\",\"url\":\"https:\\\/\\\/www.meydan.tv\\\/wp-content\\\/uploads\\\/2021\\\/07\\\/meydan-logo.svg\",\"contentUrl\":\"https:\\\/\\\/www.meydan.tv\\\/wp-content\\\/uploads\\\/2021\\\/07\\\/meydan-logo.svg\",\"width\":195,\"height\":46,\"caption\":\"Meydan TV\"},\"image\":{\"@id\":\"https:\\\/\\\/www.meydan.tv\\\/az\\\/#\\\/schema\\\/logo\\\/image\\\/\"}},{\"@type\":\"Person\",\"@id\":\"https:\\\/\\\/www.meydan.tv\\\/az\\\/#\\\/schema\\\/person\\\/10d11eccf6da3662cf5fdab9806ea91a\",\"name\":\"user-manager\"}]}<\/script>\n<!-- \/ Yoast SEO plugin. -->","yoast_head_json":{"title":"Az\u0259rbaycan\u0131n qeyri-situativ m\u00fctt\u0259fiqi \u2013 \u0130srail - MEYDAN.TV","robots":{"index":"index","follow":"follow","max-snippet":"max-snippet:-1","max-image-preview":"max-image-preview:large","max-video-preview":"max-video-preview:-1"},"canonical":"https:\/\/www.meydan.tv\/az\/article\/azerbaycanin-qeyri-situativ-muttefiqi-israil\/","og_locale":"az_AZ","og_type":"article","og_title":"Az\u0259rbaycan\u0131n qeyri-situativ m\u00fctt\u0259fiqi \u2013 \u0130srail - MEYDAN.TV","og_description":"Bizim Q\u0259rb d\u00fcnyas\u0131nda \u015f\u0259ksiz m\u00fctt\u0259fiqimiz olan d\u00f6vl\u0259t varm\u0131?","og_url":"https:\/\/www.meydan.tv\/az\/article\/azerbaycanin-qeyri-situativ-muttefiqi-israil\/","og_site_name":"MEYDAN.TV","article_published_time":"2016-05-02T20:03:37+00:00","og_image":[{"width":1861,"height":898,"url":"https:\/\/www.meydan.tv\/wp-content\/uploads\/21373.jpg","type":"image\/jpeg"}],"author":"user-manager","twitter_card":"summary_large_image","schema":{"@context":"https:\/\/schema.org","@graph":[{"@type":"Article","@id":"https:\/\/www.meydan.tv\/az\/article\/azerbaycanin-qeyri-situativ-muttefiqi-israil\/#article","isPartOf":{"@id":"https:\/\/www.meydan.tv\/az\/article\/azerbaycanin-qeyri-situativ-muttefiqi-israil\/"},"author":{"name":"user-manager","@id":"https:\/\/www.meydan.tv\/az\/#\/schema\/person\/10d11eccf6da3662cf5fdab9806ea91a"},"headline":"Az\u0259rbaycan\u0131n qeyri-situativ m\u00fctt\u0259fiqi \u2013 \u0130srail","datePublished":"2016-05-02T20:03:37+00:00","mainEntityOfPage":{"@id":"https:\/\/www.meydan.tv\/az\/article\/azerbaycanin-qeyri-situativ-muttefiqi-israil\/"},"wordCount":2186,"publisher":{"@id":"https:\/\/www.meydan.tv\/az\/#organization"},"image":{"@id":"https:\/\/www.meydan.tv\/az\/article\/azerbaycanin-qeyri-situativ-muttefiqi-israil\/#primaryimage"},"thumbnailUrl":"https:\/\/www.meydan.tv\/wp-content\/uploads\/21373.jpg","articleSection":["Analitika"],"inLanguage":"az"},{"@type":"WebPage","@id":"https:\/\/www.meydan.tv\/az\/article\/azerbaycanin-qeyri-situativ-muttefiqi-israil\/","url":"https:\/\/www.meydan.tv\/az\/article\/azerbaycanin-qeyri-situativ-muttefiqi-israil\/","name":"Az\u0259rbaycan\u0131n qeyri-situativ m\u00fctt\u0259fiqi \u2013 \u0130srail - MEYDAN.TV","isPartOf":{"@id":"https:\/\/www.meydan.tv\/az\/#website"},"primaryImageOfPage":{"@id":"https:\/\/www.meydan.tv\/az\/article\/azerbaycanin-qeyri-situativ-muttefiqi-israil\/#primaryimage"},"image":{"@id":"https:\/\/www.meydan.tv\/az\/article\/azerbaycanin-qeyri-situativ-muttefiqi-israil\/#primaryimage"},"thumbnailUrl":"https:\/\/www.meydan.tv\/wp-content\/uploads\/21373.jpg","datePublished":"2016-05-02T20:03:37+00:00","breadcrumb":{"@id":"https:\/\/www.meydan.tv\/az\/article\/azerbaycanin-qeyri-situativ-muttefiqi-israil\/#breadcrumb"},"inLanguage":"az","potentialAction":[{"@type":"ReadAction","target":["https:\/\/www.meydan.tv\/az\/article\/azerbaycanin-qeyri-situativ-muttefiqi-israil\/"]}]},{"@type":"ImageObject","inLanguage":"az","@id":"https:\/\/www.meydan.tv\/az\/article\/azerbaycanin-qeyri-situativ-muttefiqi-israil\/#primaryimage","url":"https:\/\/www.meydan.tv\/wp-content\/uploads\/21373.jpg","contentUrl":"https:\/\/www.meydan.tv\/wp-content\/uploads\/21373.jpg","width":1861,"height":898,"caption":"Source:"},{"@type":"BreadcrumbList","@id":"https:\/\/www.meydan.tv\/az\/article\/azerbaycanin-qeyri-situativ-muttefiqi-israil\/#breadcrumb","itemListElement":[{"@type":"ListItem","position":1,"name":"Ana s\u0259hif\u0259","item":"https:\/\/www.meydan.tv\/az\/"},{"@type":"ListItem","position":2,"name":"Analitika","item":"https:\/\/www.meydan.tv\/az\/section\/analitika\/"},{"@type":"ListItem","position":3,"name":"Az\u0259rbaycan\u0131n qeyri-situativ m\u00fctt\u0259fiqi \u2013 \u0130srail"}]},{"@type":"WebSite","@id":"https:\/\/www.meydan.tv\/az\/#website","url":"https:\/\/www.meydan.tv\/az\/","name":"MEYDAN.TV","description":"Meydan TV Az\u0259rbaycan\u0131n media m\u0259kan\u0131ndak\u0131 alternativ s\u0259sidir","publisher":{"@id":"https:\/\/www.meydan.tv\/az\/#organization"},"potentialAction":[{"@type":"SearchAction","target":{"@type":"EntryPoint","urlTemplate":"https:\/\/www.meydan.tv\/az\/?s={search_term_string}"},"query-input":{"@type":"PropertyValueSpecification","valueRequired":true,"valueName":"search_term_string"}}],"inLanguage":"az"},{"@type":"Organization","@id":"https:\/\/www.meydan.tv\/az\/#organization","name":"Meydan TV","url":"https:\/\/www.meydan.tv\/az\/","logo":{"@type":"ImageObject","inLanguage":"az","@id":"https:\/\/www.meydan.tv\/az\/#\/schema\/logo\/image\/","url":"https:\/\/www.meydan.tv\/wp-content\/uploads\/2021\/07\/meydan-logo.svg","contentUrl":"https:\/\/www.meydan.tv\/wp-content\/uploads\/2021\/07\/meydan-logo.svg","width":195,"height":46,"caption":"Meydan TV"},"image":{"@id":"https:\/\/www.meydan.tv\/az\/#\/schema\/logo\/image\/"}},{"@type":"Person","@id":"https:\/\/www.meydan.tv\/az\/#\/schema\/person\/10d11eccf6da3662cf5fdab9806ea91a","name":"user-manager"}]}},"_links":{"self":[{"href":"https:\/\/www.meydan.tv\/az\/wp-json\/wp\/v2\/posts\/175643","targetHints":{"allow":["GET"]}}],"collection":[{"href":"https:\/\/www.meydan.tv\/az\/wp-json\/wp\/v2\/posts"}],"about":[{"href":"https:\/\/www.meydan.tv\/az\/wp-json\/wp\/v2\/types\/post"}],"author":[{"embeddable":true,"href":"https:\/\/www.meydan.tv\/az\/wp-json\/wp\/v2\/users\/11"}],"replies":[{"embeddable":true,"href":"https:\/\/www.meydan.tv\/az\/wp-json\/wp\/v2\/comments?post=175643"}],"version-history":[{"count":0,"href":"https:\/\/www.meydan.tv\/az\/wp-json\/wp\/v2\/posts\/175643\/revisions"}],"wp:featuredmedia":[{"embeddable":true,"href":"https:\/\/www.meydan.tv\/az\/wp-json\/wp\/v2\/media\/56523"}],"wp:attachment":[{"href":"https:\/\/www.meydan.tv\/az\/wp-json\/wp\/v2\/media?parent=175643"}],"wp:term":[{"taxonomy":"category","embeddable":true,"href":"https:\/\/www.meydan.tv\/az\/wp-json\/wp\/v2\/categories?post=175643"},{"taxonomy":"post_tag","embeddable":true,"href":"https:\/\/www.meydan.tv\/az\/wp-json\/wp\/v2\/tags?post=175643"}],"curies":[{"name":"wp","href":"https:\/\/api.w.org\/{rel}","templated":true}]}}