{"id":175638,"date":"2016-05-02T19:02:04","date_gmt":"2016-05-02T19:02:04","guid":{"rendered":"https:\/\/www.meydan.tv\/article\/qerb-bunu-bilmelidir-demokratiya-gedecekse-yerini-radikal-dini-qruplar-tutacaq\/"},"modified":"2016-05-02T19:02:04","modified_gmt":"2016-05-02T19:02:04","slug":"qerb-bunu-bilmelidir-demokratiya-gedecekse-yerini-radikal-dini-qruplar-tutacaq","status":"publish","type":"post","link":"https:\/\/www.meydan.tv\/az\/article\/qerb-bunu-bilmelidir-demokratiya-gedecekse-yerini-radikal-dini-qruplar-tutacaq\/","title":{"rendered":"Q\u0259rb bunu bilm\u0259lidir: Demokratiya ged\u0259c\u0259ks\u0259, yerini radikal dini qruplar tutacaq"},"content":{"rendered":"<figure class=\"wp-block-image size-large\">\n  <img decoding=\"async\" src=\"https:\/\/www.meydan.tv\/az\/56490\/\" alt=\"\" class=\"wp-image-56490\"\/><figcaption><\/figcaption><\/figure>\n<figure class=\"wp-block-image size-large\">\n  <img decoding=\"async\" src=\"https:\/\/www.meydan.tv\/az\/56499\/\" alt=\"\" class=\"wp-image-56499\"\/><figcaption><\/figcaption><\/figure>\n<p>\n  <i><br \/>\n    \u0130lqar M\u0259mm\u0259dov,\u00a0 \u018fli K\u0259rimli, \u0130sa Q\u0259mb\u0259r v\u0259 dig\u0259r demokratiya car\u00e7\u0131lar\u0131 Q\u0259rbin susqun raz\u0131l\u0131\u011f\u0131 il\u0259 b\u00fct\u00fcn resurslardan m\u0259hrum edildil\u0259r<br \/>\n  <\/i>\n<\/p>\n<p>\n  REAL s\u0259dri \u0130lqar M\u0259mm\u0259dovun h\u0259bsd\u0259n azad edilm\u0259m\u0259si Q\u0259rbmeylli d\u00fc\u015f\u0259rg\u0259ni m\u0259yus etdi. Q\u0259rb birm\u0259nal\u0131 \u015f\u0259kild\u0259 avro-inteqrasiya t\u0259r\u0259fdar\u0131 olan bir t\u0259\u015fkilat\u0131 faktiki olaraq Rusiyaya yax\u0131nla\u015fan hakimiyy\u0259tin \u201cedam k\u00f6t\u00fcy\u00fc\u201dn\u0259 \u00e7\u0131xard\u0131. Bu, ilk m\u0259yusluq da deyil. \u018fn h\u0259lledici m\u0259qamlarda Q\u0259rb Az\u0259rbaycan demokratiyas\u0131na ciddi z\u0259rb\u0259l\u0259r endirib.\n<\/p>\n<p>\n  Son 30 ild\u0259 Az\u0259rbaycan Rusiyan\u0131n v\u0259 \u0130ran\u0131n t\u0259hdidl\u0259rini, AB\u015e v\u0259 Avropa \u00f6lk\u0259l\u0259rinin demokratiyan\u0131 d\u0259fn etm\u0259sinin \u015fahidi olub. Bu fonda T\u00fcrkiy\u0259 d\u0259 m\u00fcst\u0259qil siyas\u0259t apara bilm\u0259yib. Ankaran\u0131n Az\u0259rbaycana m\u00fcnasib\u0259ti Va\u015finqtonun \u00e7\u0131xaraca\u011f\u0131 q\u0259rardan as\u0131l\u0131 olub. \u00c7\u00fcnki T\u00fcrkiy\u0259 \u00f6z\u00fc tam m\u0259nada m\u00fcst\u0259qil olmay\u0131b. Siyasi kursu AB\u015e-dan as\u0131l\u0131 olub. Rusiya 1960-80-ci ill\u0259r \u0259rzind\u0259 T\u00fcrkiy\u0259 kommunistl\u0259rin\u0259 h\u0259rt\u0259r\u0259fli yard\u0131m g\u00f6st\u0259rm\u0259kl\u0259 Ankaran\u0131 q\u0131rm\u0131z\u0131 r\u0259ng\u0259 boyamaq ist\u0259yib. \u018fv\u0259zind\u0259 AB\u015e T\u00fcrkiy\u0259d\u0259ki dig\u0259r siyasi v\u0259 ideoloji cinahlara h\u0259r c\u00fcr yard\u0131m edib v\u0259 bunun qar\u015f\u0131s\u0131n\u0131 al\u0131b. Rusiya v\u0259 AB\u015e T\u00fcrkiy\u0259d\u0259 n\u00fcfuz sava\u015f\u0131 apar\u0131b, bunun qurban\u0131 kimi is\u0259 sad\u0259 t\u00fcrkl\u0259r se\u00e7ilib. 20 il \u0259rzind\u0259 sol\u00e7u v\u0259 sa\u011f\u00e7\u0131 t\u0259l\u0259b\u0259l\u0259r oynan\u0131lan oyunun mahiyy\u0259tini anlamadan bir-birl\u0259rinin qan\u0131n\u0131 t\u00f6k\u00fcbl\u0259r. Bunu izah etm\u0259k ist\u0259y\u0259nl\u0259rin is\u0259 s\u0259si k\u0259silib. B\u00f6y\u00fck siyasi oyunlara k\u0259nar bax\u0131\u015fla baxmaq, m\u00fcdaxil\u0259 etm\u0259k, insanlar\u0131 azad d\u00fc\u015f\u00fcnm\u0259y\u0259 s\u0259sl\u0259m\u0259k olmaz. Bunun c\u0259zas\u0131 a\u011f\u0131r ola bil\u0259rdi. T\u00fcrkiy\u0259 indi AB\u015e-\u0131n bir \u015ftat\u0131 olmaq ist\u0259m\u0259diyini n\u00fcmayi\u015f etdirir. Bunun is\u0259 c\u0259zas\u0131n\u0131 \u00e7\u0259kir.\n<\/p>\n<p>\n  Bu g\u00fcn Az\u0259rbaycanda ayr\u0131-ayr\u0131 \u00f6lk\u0259l\u0259r\u0259 s\u0259cd\u0259 ed\u0259nl\u0259r sabah\u0131n iqtidar\u0131, nazirl\u0259ri, m\u00fcxalif\u0259t liderl\u0259ridirl\u0259r. \u00d6lk\u0259d\u0259 yeni, azad d\u00fc\u015f\u00fcnc\u0259li, s\u0131rf \u00f6lk\u0259nin g\u0259l\u0259c\u0259yini d\u00fc\u015f\u00fcn\u0259n sosial qruplar\u0131n formala\u015fd\u0131r\u0131lmas\u0131 z\u0259rur\u0259ti yaran\u0131b. F\u0259rqli d\u00fc\u015f\u00fcnm\u0259k, alternativ paradiqmalar t\u0259klif etm\u0259k, b\u00fctl\u0259ri s\u0131nd\u0131rmaq el\u0259 bu m\u0259qs\u0259d\u0259 xidm\u0259t edir. Lakin f\u0259rqli d\u00fc\u015f\u00fcnc\u0259 d\u0259 demokratiyan\u0131n inki\u015faf\u0131na s\u0259b\u0259b olmur. Unutmaq olmaz ki, bu g\u00fcn d\u00fcnyan\u0131 vahim\u0259 alt\u0131nda saxlayan \u0130\u015e\u0130D-\u0131n bu d\u0259r\u0259c\u0259d\u0259 maraq do\u011furmas\u0131 yaln\u0131z onun q\u0259ddarl\u0131\u011f\u0131 v\u0259 terrora meylli olmas\u0131 il\u0259 ba\u011fl\u0131 deyil. \u0130\u015e\u0130D alternativ paradiqma il\u0259 \u00e7\u0131x\u0131\u015f edir.\n<\/p>\n<p>\n  Normal Avropa c\u0259miyy\u0259tind\u0259 t\u0259rbiy\u0259 alan, formala\u015fan insanlar\u0131n \u0130\u015e\u0130D-a qo\u015fulmas\u0131n\u0131n s\u0259b\u0259bi he\u00e7 d\u0259 yaln\u0131z natamaml\u0131q kompleksind\u0259n \u0259ziyy\u0259t \u00e7\u0259k\u0259n genetik m\u00fcs\u0259lmanlar\u0131n revan\u015f arzusu il\u0259 ba\u011fl\u0131 deyil. Bu terror\u00e7u t\u0259\u015fkilata qo\u015fulanlar aras\u0131nda genetik xristian olanlar da var. Dem\u0259li, s\u00f6hb\u0259t qisasdan deyil, bezdirici eyniliy\u0259 alternativ axtar\u0131\u015f\u0131ndan gedir.\n<\/p>\n<p>\n  Q\u0259rb insan\u0131 uzun ill\u0259rdir alternativ axtar\u0131r. O\u015fonun, dig\u0259r mistik filosoflar\u0131n Q\u0259rbd\u0259 bu d\u0259r\u0259c\u0259d\u0259 populyar olmas\u0131n\u0131n ba\u015fl\u0131ca s\u0259b\u0259bi d\u0259 el\u0259 alternativ paradiqman\u0131n tap\u0131lmas\u0131ndad\u0131r. \u0130\u015e\u0130D cinay\u0259t t\u00f6r\u0259dir, terror edir, lakin m\u00f6vcud dini v\u0259 sekulyar sisteml\u0259r\u0259 alternativl\u0259 \u00e7\u0131x\u0131\u015f edir. Onu c\u0259lbedici ed\u0259n d\u0259 el\u0259 budur.\n<\/p>\n<p>\n  \u018fg\u0259r, sivil, demokratik \u00f6lk\u0259l\u0259rd\u0259 \u0130\u015e\u0130D-a qo\u015fulanlar durmadan art\u0131rsa, Az\u0259rbaycan kimi demokratiyan\u0131n astanas\u0131na bel\u0259 \u00e7atmayan \u00f6lk\u0259l\u0259rin sonu nec\u0259 ola bil\u0259r? Demokratik m\u00fcbariz\u0259nin s\u0259m\u0259r\u0259 verm\u0259diyini anlayan y\u00fcz minl\u0259rl\u0259 insan alternativ axtar\u0131\u015f\u0131na \u00e7\u0131xa bil\u0259r. Bel\u0259 bir alternativ is\u0259 \u0130\u015e\u0130D v\u0259 ya ona b\u0259nz\u0259r t\u0259\u015fkilatlar ola bil\u0259r. N\u0259 m\u00f6t\u0259dil \u015fi\u0259, n\u0259 m\u00f6t\u0259dil \u0259hli s\u00fcnn\u0259 c\u0259r\u0259yanlar\u0131 alternativ t\u0259qdimat\u0131nda \u0130\u015e\u0130D q\u0259d\u0259r populyar deyil. Amans\u0131zl\u0131\u011f\u0131 v\u0259 q\u0259ddarl\u0131\u011f\u0131 il\u0259 yana\u015f\u0131 \u0130\u015e\u0130D v\u0259 ona b\u0259nz\u0259r t\u0259\u015fkilatlar tamamil\u0259 yeni d\u00fcz\u0259n v\u0259 yeni m\u00fcbariz\u0259 metodlar\u0131 \u00a0t\u0259klif edir. Bu, onu daha da c\u0259lbedici edir. Demokratiyan\u0131n tam v\u0259 q\u0259ti m\u0259\u011flubiyy\u0259ti el\u0259 \u0130\u015e\u0130D-a yol a\u00e7\u0131r. Unutmaq olmaz ki, bu g\u00fcn \u0130\u015e\u0130D bayra\u011f\u0131 alt\u0131nda c\u0259m olan Az\u0259rbaycan v\u0259t\u0259nda\u015flar\u0131n\u0131n say\u0131 y\u00fczl\u0259rl\u0259dir. He\u00e7 \u015f\u00fcbh\u0259siz ki, onlar\u0131n Az\u0259rbaycanda da t\u0259r\u0259fdarlar\u0131 var. \u00d6lk\u0259d\u0259 dini maarifl\u0259nm\u0259 apar\u0131lmad\u0131\u011f\u0131ndan v\u0259 demokratik d\u0259y\u0259rl\u0259r fiaskoya u\u011frad\u0131\u011f\u0131ndan radikal v\u0259 t\u0259kfir\u00e7i qruplar\u0131n revan\u015f g\u00f6t\u00fcr\u0259 bil\u0259c\u0259yi ehtimal\u0131 da yaran\u0131r. T\u0259qdim olunan \u015f\u0259ri\u0259t d\u00f6vl\u0259ti ideyas\u0131 m\u00fcnasib\u0259timizd\u0259n as\u0131l\u0131 olmayaraq alternativ paradiqmad\u0131r. Bu paradiqman\u0131n da\u015f\u0131y\u0131c\u0131lar\u0131 is\u0259 q\u0259ddar sava\u015f\u00e7\u0131lard\u0131. S\u00f6hb\u0259t t\u0259k sava\u015f\u00e7\u0131dan da getmir, beyinl\u0259ri yuyulan insanlar\u0131n t\u00f6r\u0259d\u0259 bil\u0259c\u0259yi f\u0259sadlar narahat\u00e7\u0131l\u0131q do\u011furur. Zombil\u0259\u015fmi\u015f, az qala ham\u0131n\u0131 inkar ed\u0259n dini qruplar\u0131n m\u0259qs\u0259dl\u0259ri he\u00e7 d\u0259 v\u0259t\u0259ni azad etm\u0259k deyil. T\u0259kfir\u00e7i qruplar azad etdikl\u0259ri \u0259razil\u0259rd\u0259 \u015f\u0259ri\u0259t d\u00f6vl\u0259ti yaratmaq m\u0259qs\u0259dl\u0259rini gizl\u0259tmirl\u0259r.\n<\/p>\n<p>\n  Bu g\u00fcn Yax\u0131n \u015e\u0259rqd\u0259 vuru\u015fan v\u0259 \u0130\u015e\u0130D kimi radikal, t\u0259kfir\u00e7i qruplar\u0131n t\u0259sirind\u0259 olan g\u0259ncl\u0259r oralarda t\u0259cr\u00fcb\u0259 y\u0131\u011fd\u0131qdan sonra Az\u0259rbaycana d\u00f6n\u0259 bil\u0259rl\u0259r. V\u0259t\u0259n\u0259 d\u00f6nd\u00fckd\u0259n sonra onlar\u0131n ham\u0131s\u0131n\u0131 n\u0259zar\u0259td\u0259 saxlamaq m\u00fcmk\u00fcn olacaqm\u0131?\u00a0Yax\u0131n \u015e\u0259rqd\u0259ki sava\u015fda 400 n\u0259f\u0259r v\u0259t\u0259nda\u015f\u0131m\u0131z\u0131n d\u00f6y\u00fc\u015fm\u0259si bar\u0259d\u0259ki m\u0259lumatlar da son deyil. B\u0259zi iddialara g\u00f6r\u0259 bu r\u0259q\u0259m daha y\u00fcks\u0259kdir. Onlar\u0131n Az\u0259rbaycandak\u0131 t\u0259r\u0259fdarlar\u0131n\u0131n say\u0131 is\u0259 minl\u0259rl\u0259 \u00f6l\u00e7\u00fcl\u00fcr.\n<\/p>\n<p>\n  Bu g\u00fcn \u0130\u015e\u0130D v\u0259 bu kimi radikal t\u0259\u015fkilatlar\u0131n \u201cAllahu \u018fkb\u0259r\u201d hayq\u0131rt\u0131lar\u0131 kiml\u0259r\u0259s\u0259 xo\u015f g\u0259l\u0259 bil\u0259r. Lakin tarixi t\u0259cr\u00fcb\u0259 g\u00f6st\u0259rir ki, bel\u0259 qurumlar ad\u0259t\u0259n Q\u0259rb x\u00fcsusi xidm\u0259t orqanlar\u0131 il\u0259 ba\u011fl\u0131 olurlar. \u0130\u015e\u0130D-\u0131n bu q\u0259d\u0259r geni\u015f \u0259laq\u0259l\u0259r\u0259 malik olmas\u0131nda da AB\u015e maraql\u0131 idi. Bu, idar\u0259 olunan xaos n\u0259z\u0259riyy\u0259sin\u0259 uy\u011fun g\u00f6r\u00fcn\u00fcr. Diktatorlar\u0131 y\u0131xan \u0259r\u0259b \u00f6lk\u0259l\u0259ri Yax\u0131n \u015e\u0259rqd\u0259 demokratik t\u0259sisatlar yaratmaq bar\u0259d\u0259 d\u00fc\u015f\u00fcnm\u0259y\u0259 ba\u015flam\u0131\u015fd\u0131lar. \u0130\u015e\u0130D kimi radikal qruplar\u0131n say\u0259sind\u0259 is\u0259 on ill\u0259r boyunca davam ed\u0259c\u0259k v\u0259t\u0259nda\u015f m\u00fcharib\u0259l\u0259rinin \u0259sas\u0131 qoyuldu. Bel\u0259 durum yenid\u0259n enerji da\u015f\u0131y\u0131c\u0131lar\u0131na sahib olmaq ist\u0259y\u0259n Q\u0259rb\u0259 s\u0259rf edir. B\u0259lk\u0259 d\u0259, Q\u0259rb el\u0259 buna g\u00f6r\u0259 Az\u0259rbaycanda demokratiyan\u0131 m\u0259hv el\u0259di. \u0130lqar M\u0259mm\u0259dov,\u00a0 \u018fli K\u0259rimli, \u0130sa Q\u0259mb\u0259r v\u0259 dig\u0259r demokratiya car\u00e7\u0131lar\u0131 Q\u0259rbin susqun raz\u0131l\u0131\u011f\u0131 il\u0259 b\u00fct\u00fcn resurslardan m\u0259hrum edildil\u0259r.\n<\/p>\n<p>\n  Q\u0259rb liberal-demokratik d\u00fc\u015f\u00fcnc\u0259ni m\u0259hv etm\u0259kl\u0259 Az\u0259rbaycan\u0131 \u018ffqan\u0131stana \u00e7evirir. Yolumuz hans\u0131 t\u0259r\u0259f\u0259dir- \u018ffqan\u0131stan, \u015eimali Koreya, yoxsa Avropaya? Q\u0259rb anlamal\u0131d\u0131r ki, demokratiya m\u0259hv olanda onun yerini \u018ffqan\u0131stan v\u0259 \u015eimali Koreya modeli tutur. Az\u0259rbaycanda siyasi v\u0259 ictimai institutlar\u0131n m\u0259hv edilm\u0259si Q\u0259rbin hakimiyy\u0259tin el\u0259dikl\u0259rin\u0259 g\u00f6z yummas\u0131 il\u0259 ba\u015f verib. Bu \u0259n\u0259n\u0259l\u0259rin m\u0259hv edilm\u0259si Q\u0259rbin Az\u0259rbaycana m\u0259suliyy\u0259tisiz yana\u015fmas\u0131 olsa, v\u0259t\u0259nda\u015flar bir \u015feyi anlay\u0131r ki, Avropan\u0131n demokratik d\u0259y\u0259rl\u0259ri \u018ffqan\u0131stan\u0131n h\u0259r \u015feyin da\u011f\u0131d\u0131ld\u0131\u011f\u0131 v\u0259 televizorun da\u015fqalaq edildiyi modelind\u0259n daha yax\u015f\u0131d\u0131&#8230;<\/p>\n","protected":false},"excerpt":{"rendered":"<p>\u0130lqar M\u0259mm\u0259dov,  \u018fli K\u0259rimli, \u0130sa Q\u0259mb\u0259r v\u0259 dig\u0259r demokratiya car\u00e7\u0131lar\u0131 Q\u0259rbin susqun raz\u0131l\u0131\u011f\u0131 il\u0259 b\u00fct\u00fcn resurslardan m\u0259hrum edildil\u0259r<\/p>\n","protected":false},"author":11,"featured_media":56490,"comment_status":"closed","ping_status":"open","sticky":false,"template":"","format":"standard","meta":{"_acf_changed":false,"_sitemap_exclude":false,"_sitemap_priority":"","_sitemap_frequency":"","footnotes":""},"categories":[51],"tags":[],"class_list":["post-175638","post","type-post","status-publish","format-standard","has-post-thumbnail","hentry","category-analitika","infinite-scroll-item","generate-columns","tablet-grid-50","mobile-grid-100","grid-parent","grid-33","no-featured-image-padding"],"acf":[],"yoast_head":"<!-- This site is optimized with the Yoast SEO plugin v27.5 - https:\/\/yoast.com\/product\/yoast-seo-wordpress\/ -->\n<title>Q\u0259rb bunu bilm\u0259lidir: Demokratiya ged\u0259c\u0259ks\u0259, yerini radikal dini qruplar tutacaq - MEYDAN.TV<\/title>\n<meta name=\"robots\" content=\"index, follow, max-snippet:-1, max-image-preview:large, max-video-preview:-1\" \/>\n<link rel=\"canonical\" href=\"https:\/\/www.meydan.tv\/az\/article\/qerb-bunu-bilmelidir-demokratiya-gedecekse-yerini-radikal-dini-qruplar-tutacaq\/\" \/>\n<meta property=\"og:locale\" content=\"az_AZ\" \/>\n<meta property=\"og:type\" content=\"article\" \/>\n<meta property=\"og:title\" content=\"Q\u0259rb bunu bilm\u0259lidir: Demokratiya ged\u0259c\u0259ks\u0259, yerini radikal dini qruplar tutacaq - MEYDAN.TV\" \/>\n<meta property=\"og:description\" content=\"\u0130lqar M\u0259mm\u0259dov, \u018fli K\u0259rimli, \u0130sa Q\u0259mb\u0259r v\u0259 dig\u0259r demokratiya car\u00e7\u0131lar\u0131 Q\u0259rbin susqun raz\u0131l\u0131\u011f\u0131 il\u0259 b\u00fct\u00fcn resurslardan m\u0259hrum edildil\u0259r\" \/>\n<meta property=\"og:url\" content=\"https:\/\/www.meydan.tv\/az\/article\/qerb-bunu-bilmelidir-demokratiya-gedecekse-yerini-radikal-dini-qruplar-tutacaq\/\" \/>\n<meta property=\"og:site_name\" content=\"MEYDAN.TV\" \/>\n<meta property=\"article:published_time\" content=\"2016-05-02T19:02:04+00:00\" \/>\n<meta property=\"og:image\" content=\"https:\/\/www.meydan.tv\/wp-content\/uploads\/21367.jpg\" \/>\n\t<meta property=\"og:image:width\" content=\"500\" \/>\n\t<meta property=\"og:image:height\" content=\"304\" \/>\n\t<meta property=\"og:image:type\" content=\"image\/jpeg\" \/>\n<meta name=\"author\" content=\"user-manager\" \/>\n<meta name=\"twitter:card\" content=\"summary_large_image\" \/>\n<script type=\"application\/ld+json\" class=\"yoast-schema-graph\">{\"@context\":\"https:\\\/\\\/schema.org\",\"@graph\":[{\"@type\":\"Article\",\"@id\":\"https:\\\/\\\/www.meydan.tv\\\/az\\\/article\\\/qerb-bunu-bilmelidir-demokratiya-gedecekse-yerini-radikal-dini-qruplar-tutacaq\\\/#article\",\"isPartOf\":{\"@id\":\"https:\\\/\\\/www.meydan.tv\\\/az\\\/article\\\/qerb-bunu-bilmelidir-demokratiya-gedecekse-yerini-radikal-dini-qruplar-tutacaq\\\/\"},\"author\":{\"name\":\"user-manager\",\"@id\":\"https:\\\/\\\/www.meydan.tv\\\/az\\\/#\\\/schema\\\/person\\\/10d11eccf6da3662cf5fdab9806ea91a\"},\"headline\":\"Q\u0259rb bunu bilm\u0259lidir: Demokratiya ged\u0259c\u0259ks\u0259, yerini radikal dini qruplar tutacaq\",\"datePublished\":\"2016-05-02T19:02:04+00:00\",\"mainEntityOfPage\":{\"@id\":\"https:\\\/\\\/www.meydan.tv\\\/az\\\/article\\\/qerb-bunu-bilmelidir-demokratiya-gedecekse-yerini-radikal-dini-qruplar-tutacaq\\\/\"},\"wordCount\":1390,\"publisher\":{\"@id\":\"https:\\\/\\\/www.meydan.tv\\\/az\\\/#organization\"},\"image\":{\"@id\":\"https:\\\/\\\/www.meydan.tv\\\/az\\\/article\\\/qerb-bunu-bilmelidir-demokratiya-gedecekse-yerini-radikal-dini-qruplar-tutacaq\\\/#primaryimage\"},\"thumbnailUrl\":\"https:\\\/\\\/www.meydan.tv\\\/wp-content\\\/uploads\\\/21367.jpg\",\"articleSection\":[\"Analitika\"],\"inLanguage\":\"az\"},{\"@type\":\"WebPage\",\"@id\":\"https:\\\/\\\/www.meydan.tv\\\/az\\\/article\\\/qerb-bunu-bilmelidir-demokratiya-gedecekse-yerini-radikal-dini-qruplar-tutacaq\\\/\",\"url\":\"https:\\\/\\\/www.meydan.tv\\\/az\\\/article\\\/qerb-bunu-bilmelidir-demokratiya-gedecekse-yerini-radikal-dini-qruplar-tutacaq\\\/\",\"name\":\"Q\u0259rb bunu bilm\u0259lidir: Demokratiya ged\u0259c\u0259ks\u0259, yerini radikal dini qruplar tutacaq - MEYDAN.TV\",\"isPartOf\":{\"@id\":\"https:\\\/\\\/www.meydan.tv\\\/az\\\/#website\"},\"primaryImageOfPage\":{\"@id\":\"https:\\\/\\\/www.meydan.tv\\\/az\\\/article\\\/qerb-bunu-bilmelidir-demokratiya-gedecekse-yerini-radikal-dini-qruplar-tutacaq\\\/#primaryimage\"},\"image\":{\"@id\":\"https:\\\/\\\/www.meydan.tv\\\/az\\\/article\\\/qerb-bunu-bilmelidir-demokratiya-gedecekse-yerini-radikal-dini-qruplar-tutacaq\\\/#primaryimage\"},\"thumbnailUrl\":\"https:\\\/\\\/www.meydan.tv\\\/wp-content\\\/uploads\\\/21367.jpg\",\"datePublished\":\"2016-05-02T19:02:04+00:00\",\"breadcrumb\":{\"@id\":\"https:\\\/\\\/www.meydan.tv\\\/az\\\/article\\\/qerb-bunu-bilmelidir-demokratiya-gedecekse-yerini-radikal-dini-qruplar-tutacaq\\\/#breadcrumb\"},\"inLanguage\":\"az\",\"potentialAction\":[{\"@type\":\"ReadAction\",\"target\":[\"https:\\\/\\\/www.meydan.tv\\\/az\\\/article\\\/qerb-bunu-bilmelidir-demokratiya-gedecekse-yerini-radikal-dini-qruplar-tutacaq\\\/\"]}]},{\"@type\":\"ImageObject\",\"inLanguage\":\"az\",\"@id\":\"https:\\\/\\\/www.meydan.tv\\\/az\\\/article\\\/qerb-bunu-bilmelidir-demokratiya-gedecekse-yerini-radikal-dini-qruplar-tutacaq\\\/#primaryimage\",\"url\":\"https:\\\/\\\/www.meydan.tv\\\/wp-content\\\/uploads\\\/21367.jpg\",\"contentUrl\":\"https:\\\/\\\/www.meydan.tv\\\/wp-content\\\/uploads\\\/21367.jpg\",\"width\":500,\"height\":304,\"caption\":\"Source:\"},{\"@type\":\"BreadcrumbList\",\"@id\":\"https:\\\/\\\/www.meydan.tv\\\/az\\\/article\\\/qerb-bunu-bilmelidir-demokratiya-gedecekse-yerini-radikal-dini-qruplar-tutacaq\\\/#breadcrumb\",\"itemListElement\":[{\"@type\":\"ListItem\",\"position\":1,\"name\":\"Ana s\u0259hif\u0259\",\"item\":\"https:\\\/\\\/www.meydan.tv\\\/az\\\/\"},{\"@type\":\"ListItem\",\"position\":2,\"name\":\"Analitika\",\"item\":\"https:\\\/\\\/www.meydan.tv\\\/az\\\/section\\\/analitika\\\/\"},{\"@type\":\"ListItem\",\"position\":3,\"name\":\"Q\u0259rb bunu bilm\u0259lidir: Demokratiya ged\u0259c\u0259ks\u0259, yerini radikal dini qruplar tutacaq\"}]},{\"@type\":\"WebSite\",\"@id\":\"https:\\\/\\\/www.meydan.tv\\\/az\\\/#website\",\"url\":\"https:\\\/\\\/www.meydan.tv\\\/az\\\/\",\"name\":\"MEYDAN.TV\",\"description\":\"Meydan TV Az\u0259rbaycan\u0131n media m\u0259kan\u0131ndak\u0131 alternativ s\u0259sidir\",\"publisher\":{\"@id\":\"https:\\\/\\\/www.meydan.tv\\\/az\\\/#organization\"},\"potentialAction\":[{\"@type\":\"SearchAction\",\"target\":{\"@type\":\"EntryPoint\",\"urlTemplate\":\"https:\\\/\\\/www.meydan.tv\\\/az\\\/?s={search_term_string}\"},\"query-input\":{\"@type\":\"PropertyValueSpecification\",\"valueRequired\":true,\"valueName\":\"search_term_string\"}}],\"inLanguage\":\"az\"},{\"@type\":\"Organization\",\"@id\":\"https:\\\/\\\/www.meydan.tv\\\/az\\\/#organization\",\"name\":\"Meydan TV\",\"url\":\"https:\\\/\\\/www.meydan.tv\\\/az\\\/\",\"logo\":{\"@type\":\"ImageObject\",\"inLanguage\":\"az\",\"@id\":\"https:\\\/\\\/www.meydan.tv\\\/az\\\/#\\\/schema\\\/logo\\\/image\\\/\",\"url\":\"https:\\\/\\\/www.meydan.tv\\\/wp-content\\\/uploads\\\/2021\\\/07\\\/meydan-logo.svg\",\"contentUrl\":\"https:\\\/\\\/www.meydan.tv\\\/wp-content\\\/uploads\\\/2021\\\/07\\\/meydan-logo.svg\",\"width\":195,\"height\":46,\"caption\":\"Meydan TV\"},\"image\":{\"@id\":\"https:\\\/\\\/www.meydan.tv\\\/az\\\/#\\\/schema\\\/logo\\\/image\\\/\"}},{\"@type\":\"Person\",\"@id\":\"https:\\\/\\\/www.meydan.tv\\\/az\\\/#\\\/schema\\\/person\\\/10d11eccf6da3662cf5fdab9806ea91a\",\"name\":\"user-manager\"}]}<\/script>\n<!-- \/ Yoast SEO plugin. -->","yoast_head_json":{"title":"Q\u0259rb bunu bilm\u0259lidir: Demokratiya ged\u0259c\u0259ks\u0259, yerini radikal dini qruplar tutacaq - MEYDAN.TV","robots":{"index":"index","follow":"follow","max-snippet":"max-snippet:-1","max-image-preview":"max-image-preview:large","max-video-preview":"max-video-preview:-1"},"canonical":"https:\/\/www.meydan.tv\/az\/article\/qerb-bunu-bilmelidir-demokratiya-gedecekse-yerini-radikal-dini-qruplar-tutacaq\/","og_locale":"az_AZ","og_type":"article","og_title":"Q\u0259rb bunu bilm\u0259lidir: Demokratiya ged\u0259c\u0259ks\u0259, yerini radikal dini qruplar tutacaq - MEYDAN.TV","og_description":"\u0130lqar M\u0259mm\u0259dov, \u018fli K\u0259rimli, \u0130sa Q\u0259mb\u0259r v\u0259 dig\u0259r demokratiya car\u00e7\u0131lar\u0131 Q\u0259rbin susqun raz\u0131l\u0131\u011f\u0131 il\u0259 b\u00fct\u00fcn resurslardan m\u0259hrum edildil\u0259r","og_url":"https:\/\/www.meydan.tv\/az\/article\/qerb-bunu-bilmelidir-demokratiya-gedecekse-yerini-radikal-dini-qruplar-tutacaq\/","og_site_name":"MEYDAN.TV","article_published_time":"2016-05-02T19:02:04+00:00","og_image":[{"width":500,"height":304,"url":"https:\/\/www.meydan.tv\/wp-content\/uploads\/21367.jpg","type":"image\/jpeg"}],"author":"user-manager","twitter_card":"summary_large_image","schema":{"@context":"https:\/\/schema.org","@graph":[{"@type":"Article","@id":"https:\/\/www.meydan.tv\/az\/article\/qerb-bunu-bilmelidir-demokratiya-gedecekse-yerini-radikal-dini-qruplar-tutacaq\/#article","isPartOf":{"@id":"https:\/\/www.meydan.tv\/az\/article\/qerb-bunu-bilmelidir-demokratiya-gedecekse-yerini-radikal-dini-qruplar-tutacaq\/"},"author":{"name":"user-manager","@id":"https:\/\/www.meydan.tv\/az\/#\/schema\/person\/10d11eccf6da3662cf5fdab9806ea91a"},"headline":"Q\u0259rb bunu bilm\u0259lidir: Demokratiya ged\u0259c\u0259ks\u0259, yerini radikal dini qruplar tutacaq","datePublished":"2016-05-02T19:02:04+00:00","mainEntityOfPage":{"@id":"https:\/\/www.meydan.tv\/az\/article\/qerb-bunu-bilmelidir-demokratiya-gedecekse-yerini-radikal-dini-qruplar-tutacaq\/"},"wordCount":1390,"publisher":{"@id":"https:\/\/www.meydan.tv\/az\/#organization"},"image":{"@id":"https:\/\/www.meydan.tv\/az\/article\/qerb-bunu-bilmelidir-demokratiya-gedecekse-yerini-radikal-dini-qruplar-tutacaq\/#primaryimage"},"thumbnailUrl":"https:\/\/www.meydan.tv\/wp-content\/uploads\/21367.jpg","articleSection":["Analitika"],"inLanguage":"az"},{"@type":"WebPage","@id":"https:\/\/www.meydan.tv\/az\/article\/qerb-bunu-bilmelidir-demokratiya-gedecekse-yerini-radikal-dini-qruplar-tutacaq\/","url":"https:\/\/www.meydan.tv\/az\/article\/qerb-bunu-bilmelidir-demokratiya-gedecekse-yerini-radikal-dini-qruplar-tutacaq\/","name":"Q\u0259rb bunu bilm\u0259lidir: Demokratiya ged\u0259c\u0259ks\u0259, yerini radikal dini qruplar tutacaq - MEYDAN.TV","isPartOf":{"@id":"https:\/\/www.meydan.tv\/az\/#website"},"primaryImageOfPage":{"@id":"https:\/\/www.meydan.tv\/az\/article\/qerb-bunu-bilmelidir-demokratiya-gedecekse-yerini-radikal-dini-qruplar-tutacaq\/#primaryimage"},"image":{"@id":"https:\/\/www.meydan.tv\/az\/article\/qerb-bunu-bilmelidir-demokratiya-gedecekse-yerini-radikal-dini-qruplar-tutacaq\/#primaryimage"},"thumbnailUrl":"https:\/\/www.meydan.tv\/wp-content\/uploads\/21367.jpg","datePublished":"2016-05-02T19:02:04+00:00","breadcrumb":{"@id":"https:\/\/www.meydan.tv\/az\/article\/qerb-bunu-bilmelidir-demokratiya-gedecekse-yerini-radikal-dini-qruplar-tutacaq\/#breadcrumb"},"inLanguage":"az","potentialAction":[{"@type":"ReadAction","target":["https:\/\/www.meydan.tv\/az\/article\/qerb-bunu-bilmelidir-demokratiya-gedecekse-yerini-radikal-dini-qruplar-tutacaq\/"]}]},{"@type":"ImageObject","inLanguage":"az","@id":"https:\/\/www.meydan.tv\/az\/article\/qerb-bunu-bilmelidir-demokratiya-gedecekse-yerini-radikal-dini-qruplar-tutacaq\/#primaryimage","url":"https:\/\/www.meydan.tv\/wp-content\/uploads\/21367.jpg","contentUrl":"https:\/\/www.meydan.tv\/wp-content\/uploads\/21367.jpg","width":500,"height":304,"caption":"Source:"},{"@type":"BreadcrumbList","@id":"https:\/\/www.meydan.tv\/az\/article\/qerb-bunu-bilmelidir-demokratiya-gedecekse-yerini-radikal-dini-qruplar-tutacaq\/#breadcrumb","itemListElement":[{"@type":"ListItem","position":1,"name":"Ana s\u0259hif\u0259","item":"https:\/\/www.meydan.tv\/az\/"},{"@type":"ListItem","position":2,"name":"Analitika","item":"https:\/\/www.meydan.tv\/az\/section\/analitika\/"},{"@type":"ListItem","position":3,"name":"Q\u0259rb bunu bilm\u0259lidir: Demokratiya ged\u0259c\u0259ks\u0259, yerini radikal dini qruplar tutacaq"}]},{"@type":"WebSite","@id":"https:\/\/www.meydan.tv\/az\/#website","url":"https:\/\/www.meydan.tv\/az\/","name":"MEYDAN.TV","description":"Meydan TV Az\u0259rbaycan\u0131n media m\u0259kan\u0131ndak\u0131 alternativ s\u0259sidir","publisher":{"@id":"https:\/\/www.meydan.tv\/az\/#organization"},"potentialAction":[{"@type":"SearchAction","target":{"@type":"EntryPoint","urlTemplate":"https:\/\/www.meydan.tv\/az\/?s={search_term_string}"},"query-input":{"@type":"PropertyValueSpecification","valueRequired":true,"valueName":"search_term_string"}}],"inLanguage":"az"},{"@type":"Organization","@id":"https:\/\/www.meydan.tv\/az\/#organization","name":"Meydan TV","url":"https:\/\/www.meydan.tv\/az\/","logo":{"@type":"ImageObject","inLanguage":"az","@id":"https:\/\/www.meydan.tv\/az\/#\/schema\/logo\/image\/","url":"https:\/\/www.meydan.tv\/wp-content\/uploads\/2021\/07\/meydan-logo.svg","contentUrl":"https:\/\/www.meydan.tv\/wp-content\/uploads\/2021\/07\/meydan-logo.svg","width":195,"height":46,"caption":"Meydan TV"},"image":{"@id":"https:\/\/www.meydan.tv\/az\/#\/schema\/logo\/image\/"}},{"@type":"Person","@id":"https:\/\/www.meydan.tv\/az\/#\/schema\/person\/10d11eccf6da3662cf5fdab9806ea91a","name":"user-manager"}]}},"_links":{"self":[{"href":"https:\/\/www.meydan.tv\/az\/wp-json\/wp\/v2\/posts\/175638","targetHints":{"allow":["GET"]}}],"collection":[{"href":"https:\/\/www.meydan.tv\/az\/wp-json\/wp\/v2\/posts"}],"about":[{"href":"https:\/\/www.meydan.tv\/az\/wp-json\/wp\/v2\/types\/post"}],"author":[{"embeddable":true,"href":"https:\/\/www.meydan.tv\/az\/wp-json\/wp\/v2\/users\/11"}],"replies":[{"embeddable":true,"href":"https:\/\/www.meydan.tv\/az\/wp-json\/wp\/v2\/comments?post=175638"}],"version-history":[{"count":0,"href":"https:\/\/www.meydan.tv\/az\/wp-json\/wp\/v2\/posts\/175638\/revisions"}],"wp:featuredmedia":[{"embeddable":true,"href":"https:\/\/www.meydan.tv\/az\/wp-json\/wp\/v2\/media\/56490"}],"wp:attachment":[{"href":"https:\/\/www.meydan.tv\/az\/wp-json\/wp\/v2\/media?parent=175638"}],"wp:term":[{"taxonomy":"category","embeddable":true,"href":"https:\/\/www.meydan.tv\/az\/wp-json\/wp\/v2\/categories?post=175638"},{"taxonomy":"post_tag","embeddable":true,"href":"https:\/\/www.meydan.tv\/az\/wp-json\/wp\/v2\/tags?post=175638"}],"curies":[{"name":"wp","href":"https:\/\/api.w.org\/{rel}","templated":true}]}}