{"id":175592,"date":"2016-04-30T01:26:36","date_gmt":"2016-04-30T01:26:36","guid":{"rendered":"https:\/\/www.meydan.tv\/article\/elmar-memmedyarovun-beyanati-suallar-yaratdi\/"},"modified":"2016-04-30T01:26:36","modified_gmt":"2016-04-30T01:26:36","slug":"elmar-memmedyarovun-beyanati-suallar-yaratdi","status":"publish","type":"post","link":"https:\/\/www.meydan.tv\/az\/article\/elmar-memmedyarovun-beyanati-suallar-yaratdi\/","title":{"rendered":"&#8221;Elmar M\u0259mm\u0259dyarovun b\u0259yanat\u0131 suallar yaratd\u0131&#8221;"},"content":{"rendered":"<figure class=\"wp-block-image size-large\">\n  <img decoding=\"async\" src=\"https:\/\/www.meydan.tv\/az\/erestun-oruclu-ve-rauf-mirqedirov\/\" alt=\"\u018fr\u0259stun Oruclu v\u0259 Rauf Mirq\u0259dirov\" class=\"wp-image-56229\"\/><figcaption>\n    \u018fr\u0259stun Oruclu v\u0259 Rauf Mirq\u0259dirov<br \/>\n  <\/figcaption><\/figure>\n<p>\n  <i><br \/>\n    \u018fr\u0259stun Oruclu: &#8221;\u018fg\u0259r bu, Moskvan\u0131n planld\u0131rsa, niy\u0259 bu plan haqq\u0131nda Lavrov yox, M\u0259mm\u0259dyarov dan\u0131\u015f\u0131r?&#8221;<br \/>\n  <\/i>\n<\/p>\n<p>\n  <br \/>\n  Az\u0259rbaycan X\u0130N r\u0259hb\u0259ri Elmar M\u0259mm\u0259dyarovun bug\u00fcnk\u00fc b\u0259yanat\u0131 ekspertl\u0259rin v\u0259 m\u00fc\u015fahid\u0259\u00e7il\u0259rin reaksiyas\u0131na s\u0259b\u0259b olub v\u0259 eyni zamanda xeyli sual ortaya qoyub.\n<\/p>\n<p>\n  Siyasi \u015f\u0259rh\u00e7i \u018fr\u0259stun Oruclu qeyd edib ki, nazirin b\u0259yanat\u0131 bir s\u0131ra suallar do\u011furub v\u0259 m\u00fch\u00fcm d\u0259qiql\u0259\u015fm\u0259l\u0259r t\u0259l\u0259b edir. Bel\u0259 ki, \u0259g\u0259r bu, Moskvan\u0131n planld\u0131rsa, niy\u0259 bu plan haqq\u0131nda Lavrov yox, M\u0259mm\u0259dyarov dan\u0131\u015f\u0131r?\n<\/p>\n<p>\n  Sonra nazir erm\u0259ni qo\u015funlar\u0131n Az\u0259rbaycan \u0259razil\u0259rind\u0259n \u00e7\u0131xar\u0131lmas\u0131n\u0131n vacibliyind\u0259n dan\u0131\u015fanda hans\u0131 rayonlar\u0131 n\u0259z\u0259rd\u0259 tutub? S\u00f6hb\u0259t Qaraba\u011f \u0259traf\u0131ndak\u0131 rayonlardan, yoxsa Da\u011fl\u0131q Qaraba\u011f\u0131n \u00f6z\u00fcnd\u0259n gedir?\n<\/p>\n<p>\n  Eyni zamanda bu m\u0259s\u0259l\u0259d\u0259 AT\u018fT-in rolu ayd\u0131n deyil. Niy\u0259 m\u0259rh\u0259l\u0259li plan\u0131 Minsk Qrupunun ancaq bir \u00fczv\u00fc ir\u0259li s\u00fcr\u00fcr, qalanlar\u0131 yox?\n<\/p>\n<p>\n  Rusiyan\u0131n t\u0259klifl\u0259rind\u0259 aysberqin \u00fcst t\u0259r\u0259finin olmas\u0131 bar\u0259d\u0259 M\u0259mm\u0259dyarovun s\u00f6zl\u0259ri n\u0259yi anlad\u0131r? \u201cZ\u0259nnimc\u0259, nazir plan\u0131n \u00f6z\u00fcn\u0259 loyall\u0131q g\u00f6st\u0259rm\u0259k ist\u0259yib, lakin burada Bak\u0131n\u0131 qane etm\u0259y\u0259n m\u0259qamlar\u0131n oldu\u011funa i\u015far\u0259 edib.\n<\/p>\n<p>\n  G\u00f6r\u00fcnm\u0259y\u0259n hiss\u0259- Az\u0259rbaycan\u0131 qane etm\u0259y\u0259n detallard\u0131r, m\u0259hz: KTMT v\u0259 Avrasiya \u0130ttifaq\u0131na d\u0259v\u0259tdir. Sergey Lavrov Bak\u0131da olark\u0259n buna a\u00e7\u0131q eyham vurdu.\n<\/p>\n<p>\n  V\u0259 n\u0259hay\u0259t, bu, s\u00fclhm\u0259raml\u0131lar m\u0259s\u0259l\u0259sidir. Rusiyan\u0131n nizamlanma plan\u0131n\u0131 bu \u00f6lk\u0259nin s\u00fclhm\u0259raml\u0131 qo\u015funlar\u0131n\u0131n i\u015ftirak\u0131 olmadan t\u0259s\u0259vv\u00fcr etm\u0259k \u00e7\u0259tindir, bu is\u0259 \u00e7ox t\u0259hl\u00fck\u0259li m\u0259qamd\u0131r\u201d, &#8211; \u018f.Oruclu vur\u011fulay\u0131b.\n<\/p>\n<p>\n  \u201cBu, Az\u0259rbaycan \u00fc\u00e7\u00fcn n\u0259 d\u0259r\u0259c\u0259d\u0259 t\u0259hl\u00fck\u0259lidir v\u0259 ya Q\u0259rb, ilk n\u00f6vb\u0259d\u0259, AB\u015e regionda yaln\u0131z rusiyal\u0131 s\u00fclhm\u0259raml\u0131lar\u0131n yerl\u0259\u015fdirilm\u0259sin\u0259 imkan ver\u0259rmi?\u201d sual\u0131n\u0131n cavab\u0131nda ekspert deyib ki, Q\u0259rb \u00e7\u0259tin ki, buna raz\u0131l\u0131q versin.\n<\/p>\n<p>\n  Az\u0259rbaycana Abxaziya v\u0259 C\u0259nubi Osetiya t\u0259cr\u00fcb\u0259sini xat\u0131rlamaq yet\u0259r. Bel\u0259 ki, Rusiyan\u0131n birt\u0259r\u0259fli add\u0131mlar\u0131 orada monopoloiya v\u0259 h\u00f6kmranl\u0131\u011fa g\u0259tirib \u00e7\u0131xard\u0131.\n<\/p>\n<p>\n  \u00d6z n\u00f6vb\u0259sind\u0259 tan\u0131nm\u0131\u015f siyasi icmal\u00e7\u0131 Rauf Mirq\u0259dirov hesab edir ki, nazir Rusiyan\u0131n t\u0259klifl\u0259rini aysberql\u0259 m\u00fcqayis\u0259 etm\u0259kl\u0259 \u00e7ox g\u00fcman ki, bu t\u0259klifl\u0259rd\u0259ki b\u0259zi natamaml\u0131qlara i\u015far\u0259 edib.\n<\/p>\n<p>\n  Ola bilsin ki, Rusiyan\u0131n t\u0259klifl\u0259rind\u0259 Da\u011fl\u0131q Qaraba\u011f \u0259traf\u0131nda i\u015f\u011fal edilmi\u015f \u0259razil\u0259rin azad olunmas\u0131n\u0131 n\u0259z\u0259rd\u0259 tutan hans\u0131sa \u00fcmumi prinsipl\u0259r var v\u0259 bu m\u0259nada Az\u0259rbaycan\u0131n maraqlar\u0131na cavab verir.\n<\/p>\n<p>\n  Eyni zamanda t\u0259klifl\u0259rin h\u0259rt\u0259r\u0259fli i\u015fl\u0259nm\u0259si yoxdur, \u0259sas\u0259n referendumun (\u0259g\u0259r bu, plan\u0131n bir hiss\u0259sidirs\u0259) formas\u0131 v\u0259 ke\u00e7irilm\u0259 vaxt\u0131, s\u00fclhm\u0259raml\u0131lar\u0131n yerl\u0259\u015fdirilm\u0259si, onlar\u0131n t\u0259rkibi il ba\u011fl\u0131 m\u0259s\u0259l\u0259l\u0259r m\u0259lum deyil.\n<\/p>\n<p>\n  Bir fakt da diqq\u0259ti \u00e7\u0259kir ki, Erm\u0259nistan Lavrovun plan\u0131n\u0131 d\u0259rhal r\u0259dd etdi. \u00c7\u0259tin ki Sarkisyan Yerevan\u0131n Moskvadan tam as\u0131l\u0131l\u0131\u011f\u0131n\u0131 bildiyi halda bu demar\u015f\u0131 \u00f6z\u00fcn\u0259 r\u0259va g\u00f6r\u0259rdi, &#8211; R.Mirq\u0259dirov qeyd edib (<br \/>\n  <b><br \/>\n    <i><br \/>\n      &#8220;Turan&#8221; \u0130A<br \/>\n    <\/i><br \/>\n  <\/b><br \/>\n  ).<\/p>\n","protected":false},"excerpt":{"rendered":"<p>\u018fr\u0259stun Oruclu: &#8221;\u018fg\u0259r bu, Moskvan\u0131n planld\u0131rsa, niy\u0259 bu plan haqq\u0131nda Lavrov yox, M\u0259mm\u0259dyarov dan\u0131\u015f\u0131r?&#8221;<\/p>\n","protected":false},"author":11,"featured_media":56229,"comment_status":"closed","ping_status":"open","sticky":false,"template":"","format":"standard","meta":{"_acf_changed":false,"_sitemap_exclude":false,"_sitemap_priority":"","_sitemap_frequency":"","footnotes":""},"categories":[51],"tags":[],"class_list":["post-175592","post","type-post","status-publish","format-standard","has-post-thumbnail","hentry","category-analitika","infinite-scroll-item","generate-columns","tablet-grid-50","mobile-grid-100","grid-parent","grid-33","no-featured-image-padding"],"acf":[],"yoast_head":"<!-- This site is optimized with the Yoast SEO plugin v27.5 - https:\/\/yoast.com\/product\/yoast-seo-wordpress\/ -->\n<title>&#039;&#039;Elmar M\u0259mm\u0259dyarovun b\u0259yanat\u0131 suallar yaratd\u0131&#039;&#039; - MEYDAN.TV<\/title>\n<meta name=\"robots\" content=\"index, follow, max-snippet:-1, max-image-preview:large, max-video-preview:-1\" \/>\n<link rel=\"canonical\" href=\"https:\/\/www.meydan.tv\/az\/article\/elmar-memmedyarovun-beyanati-suallar-yaratdi\/\" \/>\n<meta property=\"og:locale\" content=\"az_AZ\" \/>\n<meta property=\"og:type\" content=\"article\" \/>\n<meta property=\"og:title\" content=\"&#039;&#039;Elmar M\u0259mm\u0259dyarovun b\u0259yanat\u0131 suallar yaratd\u0131&#039;&#039; - MEYDAN.TV\" \/>\n<meta property=\"og:description\" content=\"\u018fr\u0259stun Oruclu: &#039;&#039;\u018fg\u0259r bu, Moskvan\u0131n planld\u0131rsa, niy\u0259 bu plan haqq\u0131nda Lavrov yox, M\u0259mm\u0259dyarov dan\u0131\u015f\u0131r?&#039;&#039;\" \/>\n<meta property=\"og:url\" content=\"https:\/\/www.meydan.tv\/az\/article\/elmar-memmedyarovun-beyanati-suallar-yaratdi\/\" \/>\n<meta property=\"og:site_name\" content=\"MEYDAN.TV\" \/>\n<meta property=\"article:published_time\" content=\"2016-04-30T01:26:36+00:00\" \/>\n<meta property=\"og:image\" content=\"https:\/\/www.meydan.tv\/wp-content\/uploads\/21280.jpg\" \/>\n\t<meta property=\"og:image:width\" content=\"768\" \/>\n\t<meta property=\"og:image:height\" content=\"417\" \/>\n\t<meta property=\"og:image:type\" content=\"image\/jpeg\" \/>\n<meta name=\"author\" content=\"user-manager\" \/>\n<meta name=\"twitter:card\" content=\"summary_large_image\" \/>\n<script type=\"application\/ld+json\" class=\"yoast-schema-graph\">{\"@context\":\"https:\\\/\\\/schema.org\",\"@graph\":[{\"@type\":\"Article\",\"@id\":\"https:\\\/\\\/www.meydan.tv\\\/az\\\/article\\\/elmar-memmedyarovun-beyanati-suallar-yaratdi\\\/#article\",\"isPartOf\":{\"@id\":\"https:\\\/\\\/www.meydan.tv\\\/az\\\/article\\\/elmar-memmedyarovun-beyanati-suallar-yaratdi\\\/\"},\"author\":{\"name\":\"user-manager\",\"@id\":\"https:\\\/\\\/www.meydan.tv\\\/az\\\/#\\\/schema\\\/person\\\/10d11eccf6da3662cf5fdab9806ea91a\"},\"headline\":\"&#8221;Elmar M\u0259mm\u0259dyarovun b\u0259yanat\u0131 suallar yaratd\u0131&#8221;\",\"datePublished\":\"2016-04-30T01:26:36+00:00\",\"mainEntityOfPage\":{\"@id\":\"https:\\\/\\\/www.meydan.tv\\\/az\\\/article\\\/elmar-memmedyarovun-beyanati-suallar-yaratdi\\\/\"},\"wordCount\":612,\"publisher\":{\"@id\":\"https:\\\/\\\/www.meydan.tv\\\/az\\\/#organization\"},\"image\":{\"@id\":\"https:\\\/\\\/www.meydan.tv\\\/az\\\/article\\\/elmar-memmedyarovun-beyanati-suallar-yaratdi\\\/#primaryimage\"},\"thumbnailUrl\":\"https:\\\/\\\/www.meydan.tv\\\/wp-content\\\/uploads\\\/21280.jpg\",\"articleSection\":[\"Analitika\"],\"inLanguage\":\"az\"},{\"@type\":\"WebPage\",\"@id\":\"https:\\\/\\\/www.meydan.tv\\\/az\\\/article\\\/elmar-memmedyarovun-beyanati-suallar-yaratdi\\\/\",\"url\":\"https:\\\/\\\/www.meydan.tv\\\/az\\\/article\\\/elmar-memmedyarovun-beyanati-suallar-yaratdi\\\/\",\"name\":\"''Elmar M\u0259mm\u0259dyarovun b\u0259yanat\u0131 suallar yaratd\u0131'' - MEYDAN.TV\",\"isPartOf\":{\"@id\":\"https:\\\/\\\/www.meydan.tv\\\/az\\\/#website\"},\"primaryImageOfPage\":{\"@id\":\"https:\\\/\\\/www.meydan.tv\\\/az\\\/article\\\/elmar-memmedyarovun-beyanati-suallar-yaratdi\\\/#primaryimage\"},\"image\":{\"@id\":\"https:\\\/\\\/www.meydan.tv\\\/az\\\/article\\\/elmar-memmedyarovun-beyanati-suallar-yaratdi\\\/#primaryimage\"},\"thumbnailUrl\":\"https:\\\/\\\/www.meydan.tv\\\/wp-content\\\/uploads\\\/21280.jpg\",\"datePublished\":\"2016-04-30T01:26:36+00:00\",\"breadcrumb\":{\"@id\":\"https:\\\/\\\/www.meydan.tv\\\/az\\\/article\\\/elmar-memmedyarovun-beyanati-suallar-yaratdi\\\/#breadcrumb\"},\"inLanguage\":\"az\",\"potentialAction\":[{\"@type\":\"ReadAction\",\"target\":[\"https:\\\/\\\/www.meydan.tv\\\/az\\\/article\\\/elmar-memmedyarovun-beyanati-suallar-yaratdi\\\/\"]}]},{\"@type\":\"ImageObject\",\"inLanguage\":\"az\",\"@id\":\"https:\\\/\\\/www.meydan.tv\\\/az\\\/article\\\/elmar-memmedyarovun-beyanati-suallar-yaratdi\\\/#primaryimage\",\"url\":\"https:\\\/\\\/www.meydan.tv\\\/wp-content\\\/uploads\\\/21280.jpg\",\"contentUrl\":\"https:\\\/\\\/www.meydan.tv\\\/wp-content\\\/uploads\\\/21280.jpg\",\"width\":768,\"height\":417,\"caption\":\"Source:\"},{\"@type\":\"BreadcrumbList\",\"@id\":\"https:\\\/\\\/www.meydan.tv\\\/az\\\/article\\\/elmar-memmedyarovun-beyanati-suallar-yaratdi\\\/#breadcrumb\",\"itemListElement\":[{\"@type\":\"ListItem\",\"position\":1,\"name\":\"Ana s\u0259hif\u0259\",\"item\":\"https:\\\/\\\/www.meydan.tv\\\/az\\\/\"},{\"@type\":\"ListItem\",\"position\":2,\"name\":\"Analitika\",\"item\":\"https:\\\/\\\/www.meydan.tv\\\/az\\\/section\\\/analitika\\\/\"},{\"@type\":\"ListItem\",\"position\":3,\"name\":\"&#8221;Elmar M\u0259mm\u0259dyarovun b\u0259yanat\u0131 suallar yaratd\u0131&#8221;\"}]},{\"@type\":\"WebSite\",\"@id\":\"https:\\\/\\\/www.meydan.tv\\\/az\\\/#website\",\"url\":\"https:\\\/\\\/www.meydan.tv\\\/az\\\/\",\"name\":\"MEYDAN.TV\",\"description\":\"Meydan TV Az\u0259rbaycan\u0131n media m\u0259kan\u0131ndak\u0131 alternativ s\u0259sidir\",\"publisher\":{\"@id\":\"https:\\\/\\\/www.meydan.tv\\\/az\\\/#organization\"},\"potentialAction\":[{\"@type\":\"SearchAction\",\"target\":{\"@type\":\"EntryPoint\",\"urlTemplate\":\"https:\\\/\\\/www.meydan.tv\\\/az\\\/?s={search_term_string}\"},\"query-input\":{\"@type\":\"PropertyValueSpecification\",\"valueRequired\":true,\"valueName\":\"search_term_string\"}}],\"inLanguage\":\"az\"},{\"@type\":\"Organization\",\"@id\":\"https:\\\/\\\/www.meydan.tv\\\/az\\\/#organization\",\"name\":\"Meydan TV\",\"url\":\"https:\\\/\\\/www.meydan.tv\\\/az\\\/\",\"logo\":{\"@type\":\"ImageObject\",\"inLanguage\":\"az\",\"@id\":\"https:\\\/\\\/www.meydan.tv\\\/az\\\/#\\\/schema\\\/logo\\\/image\\\/\",\"url\":\"https:\\\/\\\/www.meydan.tv\\\/wp-content\\\/uploads\\\/2021\\\/07\\\/meydan-logo.svg\",\"contentUrl\":\"https:\\\/\\\/www.meydan.tv\\\/wp-content\\\/uploads\\\/2021\\\/07\\\/meydan-logo.svg\",\"width\":195,\"height\":46,\"caption\":\"Meydan TV\"},\"image\":{\"@id\":\"https:\\\/\\\/www.meydan.tv\\\/az\\\/#\\\/schema\\\/logo\\\/image\\\/\"}},{\"@type\":\"Person\",\"@id\":\"https:\\\/\\\/www.meydan.tv\\\/az\\\/#\\\/schema\\\/person\\\/10d11eccf6da3662cf5fdab9806ea91a\",\"name\":\"user-manager\"}]}<\/script>\n<!-- \/ Yoast SEO plugin. -->","yoast_head_json":{"title":"''Elmar M\u0259mm\u0259dyarovun b\u0259yanat\u0131 suallar yaratd\u0131'' - MEYDAN.TV","robots":{"index":"index","follow":"follow","max-snippet":"max-snippet:-1","max-image-preview":"max-image-preview:large","max-video-preview":"max-video-preview:-1"},"canonical":"https:\/\/www.meydan.tv\/az\/article\/elmar-memmedyarovun-beyanati-suallar-yaratdi\/","og_locale":"az_AZ","og_type":"article","og_title":"''Elmar M\u0259mm\u0259dyarovun b\u0259yanat\u0131 suallar yaratd\u0131'' - MEYDAN.TV","og_description":"\u018fr\u0259stun Oruclu: ''\u018fg\u0259r bu, Moskvan\u0131n planld\u0131rsa, niy\u0259 bu plan haqq\u0131nda Lavrov yox, M\u0259mm\u0259dyarov dan\u0131\u015f\u0131r?''","og_url":"https:\/\/www.meydan.tv\/az\/article\/elmar-memmedyarovun-beyanati-suallar-yaratdi\/","og_site_name":"MEYDAN.TV","article_published_time":"2016-04-30T01:26:36+00:00","og_image":[{"width":768,"height":417,"url":"https:\/\/www.meydan.tv\/wp-content\/uploads\/21280.jpg","type":"image\/jpeg"}],"author":"user-manager","twitter_card":"summary_large_image","schema":{"@context":"https:\/\/schema.org","@graph":[{"@type":"Article","@id":"https:\/\/www.meydan.tv\/az\/article\/elmar-memmedyarovun-beyanati-suallar-yaratdi\/#article","isPartOf":{"@id":"https:\/\/www.meydan.tv\/az\/article\/elmar-memmedyarovun-beyanati-suallar-yaratdi\/"},"author":{"name":"user-manager","@id":"https:\/\/www.meydan.tv\/az\/#\/schema\/person\/10d11eccf6da3662cf5fdab9806ea91a"},"headline":"&#8221;Elmar M\u0259mm\u0259dyarovun b\u0259yanat\u0131 suallar yaratd\u0131&#8221;","datePublished":"2016-04-30T01:26:36+00:00","mainEntityOfPage":{"@id":"https:\/\/www.meydan.tv\/az\/article\/elmar-memmedyarovun-beyanati-suallar-yaratdi\/"},"wordCount":612,"publisher":{"@id":"https:\/\/www.meydan.tv\/az\/#organization"},"image":{"@id":"https:\/\/www.meydan.tv\/az\/article\/elmar-memmedyarovun-beyanati-suallar-yaratdi\/#primaryimage"},"thumbnailUrl":"https:\/\/www.meydan.tv\/wp-content\/uploads\/21280.jpg","articleSection":["Analitika"],"inLanguage":"az"},{"@type":"WebPage","@id":"https:\/\/www.meydan.tv\/az\/article\/elmar-memmedyarovun-beyanati-suallar-yaratdi\/","url":"https:\/\/www.meydan.tv\/az\/article\/elmar-memmedyarovun-beyanati-suallar-yaratdi\/","name":"''Elmar M\u0259mm\u0259dyarovun b\u0259yanat\u0131 suallar yaratd\u0131'' - MEYDAN.TV","isPartOf":{"@id":"https:\/\/www.meydan.tv\/az\/#website"},"primaryImageOfPage":{"@id":"https:\/\/www.meydan.tv\/az\/article\/elmar-memmedyarovun-beyanati-suallar-yaratdi\/#primaryimage"},"image":{"@id":"https:\/\/www.meydan.tv\/az\/article\/elmar-memmedyarovun-beyanati-suallar-yaratdi\/#primaryimage"},"thumbnailUrl":"https:\/\/www.meydan.tv\/wp-content\/uploads\/21280.jpg","datePublished":"2016-04-30T01:26:36+00:00","breadcrumb":{"@id":"https:\/\/www.meydan.tv\/az\/article\/elmar-memmedyarovun-beyanati-suallar-yaratdi\/#breadcrumb"},"inLanguage":"az","potentialAction":[{"@type":"ReadAction","target":["https:\/\/www.meydan.tv\/az\/article\/elmar-memmedyarovun-beyanati-suallar-yaratdi\/"]}]},{"@type":"ImageObject","inLanguage":"az","@id":"https:\/\/www.meydan.tv\/az\/article\/elmar-memmedyarovun-beyanati-suallar-yaratdi\/#primaryimage","url":"https:\/\/www.meydan.tv\/wp-content\/uploads\/21280.jpg","contentUrl":"https:\/\/www.meydan.tv\/wp-content\/uploads\/21280.jpg","width":768,"height":417,"caption":"Source:"},{"@type":"BreadcrumbList","@id":"https:\/\/www.meydan.tv\/az\/article\/elmar-memmedyarovun-beyanati-suallar-yaratdi\/#breadcrumb","itemListElement":[{"@type":"ListItem","position":1,"name":"Ana s\u0259hif\u0259","item":"https:\/\/www.meydan.tv\/az\/"},{"@type":"ListItem","position":2,"name":"Analitika","item":"https:\/\/www.meydan.tv\/az\/section\/analitika\/"},{"@type":"ListItem","position":3,"name":"&#8221;Elmar M\u0259mm\u0259dyarovun b\u0259yanat\u0131 suallar yaratd\u0131&#8221;"}]},{"@type":"WebSite","@id":"https:\/\/www.meydan.tv\/az\/#website","url":"https:\/\/www.meydan.tv\/az\/","name":"MEYDAN.TV","description":"Meydan TV Az\u0259rbaycan\u0131n media m\u0259kan\u0131ndak\u0131 alternativ s\u0259sidir","publisher":{"@id":"https:\/\/www.meydan.tv\/az\/#organization"},"potentialAction":[{"@type":"SearchAction","target":{"@type":"EntryPoint","urlTemplate":"https:\/\/www.meydan.tv\/az\/?s={search_term_string}"},"query-input":{"@type":"PropertyValueSpecification","valueRequired":true,"valueName":"search_term_string"}}],"inLanguage":"az"},{"@type":"Organization","@id":"https:\/\/www.meydan.tv\/az\/#organization","name":"Meydan TV","url":"https:\/\/www.meydan.tv\/az\/","logo":{"@type":"ImageObject","inLanguage":"az","@id":"https:\/\/www.meydan.tv\/az\/#\/schema\/logo\/image\/","url":"https:\/\/www.meydan.tv\/wp-content\/uploads\/2021\/07\/meydan-logo.svg","contentUrl":"https:\/\/www.meydan.tv\/wp-content\/uploads\/2021\/07\/meydan-logo.svg","width":195,"height":46,"caption":"Meydan TV"},"image":{"@id":"https:\/\/www.meydan.tv\/az\/#\/schema\/logo\/image\/"}},{"@type":"Person","@id":"https:\/\/www.meydan.tv\/az\/#\/schema\/person\/10d11eccf6da3662cf5fdab9806ea91a","name":"user-manager"}]}},"_links":{"self":[{"href":"https:\/\/www.meydan.tv\/az\/wp-json\/wp\/v2\/posts\/175592","targetHints":{"allow":["GET"]}}],"collection":[{"href":"https:\/\/www.meydan.tv\/az\/wp-json\/wp\/v2\/posts"}],"about":[{"href":"https:\/\/www.meydan.tv\/az\/wp-json\/wp\/v2\/types\/post"}],"author":[{"embeddable":true,"href":"https:\/\/www.meydan.tv\/az\/wp-json\/wp\/v2\/users\/11"}],"replies":[{"embeddable":true,"href":"https:\/\/www.meydan.tv\/az\/wp-json\/wp\/v2\/comments?post=175592"}],"version-history":[{"count":0,"href":"https:\/\/www.meydan.tv\/az\/wp-json\/wp\/v2\/posts\/175592\/revisions"}],"wp:featuredmedia":[{"embeddable":true,"href":"https:\/\/www.meydan.tv\/az\/wp-json\/wp\/v2\/media\/56229"}],"wp:attachment":[{"href":"https:\/\/www.meydan.tv\/az\/wp-json\/wp\/v2\/media?parent=175592"}],"wp:term":[{"taxonomy":"category","embeddable":true,"href":"https:\/\/www.meydan.tv\/az\/wp-json\/wp\/v2\/categories?post=175592"},{"taxonomy":"post_tag","embeddable":true,"href":"https:\/\/www.meydan.tv\/az\/wp-json\/wp\/v2\/tags?post=175592"}],"curies":[{"name":"wp","href":"https:\/\/api.w.org\/{rel}","templated":true}]}}