{"id":175590,"date":"2016-04-29T22:47:23","date_gmt":"2016-04-29T22:47:23","guid":{"rendered":"https:\/\/www.meydan.tv\/article\/menim-ermeni-refiqem\/"},"modified":"2016-04-29T22:47:23","modified_gmt":"2016-04-29T22:47:23","slug":"menim-ermeni-refiqem","status":"publish","type":"post","link":"https:\/\/www.meydan.tv\/az\/article\/menim-ermeni-refiqem\/","title":{"rendered":"M\u0259nim erm\u0259ni r\u0259fiq\u0259m"},"content":{"rendered":"<figure class=\"wp-block-image size-large\">\n  <img decoding=\"async\" src=\"https:\/\/www.meydan.tv\/az\/gunel-movlud\/\" alt=\"G\u00fcnel M\u00f6vlud\" class=\"wp-image-56241\"\/><figcaption>\n    G\u00fcnel M\u00f6vlud<br \/>\n  <\/figcaption><\/figure>\n<p>\n  Edita il\u0259 bir il \u0259vv\u0259l tan\u0131\u015f oldum. Qat\u0131ld\u0131\u011f\u0131m\u0131z t\u0259dbird\u0259 \u00f6z v\u0259t\u0259nini, y\u0259ni G\u00fcrc\u00fcstan\u0131 t\u0259msil edirdi. Ona el\u0259 ilk d\u0259qiq\u0259d\u0259n qan\u0131m qaynad\u0131. Rahat ovqat\u0131, intellekti olan bu g\u00f6z\u0259l q\u0131z, 4-5 dild\u0259 s\u0259rb\u0259st dan\u0131\u015fmas\u0131, i\u015fg\u00fczarl\u0131\u011f\u0131, diriba\u015fl\u0131\u011f\u0131, tez v\u0259 rahat \u00fcnsiyy\u0259t qurma\u011f\u0131 b\u00fct\u00fcn i\u015ftirak\u00e7\u0131lar kimi m\u0259n\u0259 d\u0259 xo\u015f g\u0259ldi.\n<\/p>\n<p>\n  Ad\u0259t\u0259n insanlarla tan\u0131\u015f olanda, m\u00fcnasib\u0259t yaradanda, milliyy\u0259ti m\u0259n\u0259 maraql\u0131 olmur. T\u0259kc\u0259 erm\u0259nil\u0259rd\u0259n ba\u015fqa. Onlarla tan\u0131\u015f olanda bir az g\u0259rgin oluram. \u00d6z\u00fcmd\u0259 m\u0259suliyy\u0259t hiss edir\u0259m. Obyektiv olma\u011fa, onlar\u0131n da g\u0259rginliyini n\u0259z\u0259r\u0259 alma\u011fa \u00e7al\u0131\u015f\u0131ram. Buna g\u00f6r\u0259 d\u0259, onlarla \u00fcnsiyy\u0259tim rahat al\u0131nm\u0131r. N\u0259 q\u0259d\u0259r pasifist, n\u0259 q\u0259d\u0259r obyektv, n\u0259 q\u0259d\u0259r soyuqqanl\u0131 olursan, ol, bilirs\u0259n ki, bu adamla aranda iki d\u00fc\u015fm\u0259n edilmi\u015f xalq, \u0259razi problemi, tarixi inciklikl\u0259r dayan\u0131r. V\u0259 he\u00e7 kim iddia ed\u0259 bilm\u0259z ki, o bunu he\u00e7 vaxt n\u0259z\u0259r\u0259 alm\u0131r v\u0259 ya vecin\u0259 deyil.\n<\/p>\n<p>\n  Edita il\u0259 dostlu\u011fum ona g\u00f6r\u0259 tez, rahat v\u0259 he\u00e7 bir g\u0259rginlik ya\u015famadan al\u0131nd\u0131 ki, onun etnik erm\u0259ni oldu\u011funu xeyli sonra \u00f6yr\u0259ndim. Biz dostlu\u011fumuza, ikimiz\u0259 d\u0259 xo\u015f olan, ikimizin d\u0259 eynini a\u00e7an, probleml\u0259rimizi unutduran s\u00f6hb\u0259tl\u0259rimiz\u0259, zarafatlar\u0131m\u0131za bir-birimizin milliyy\u0259tini bilm\u0259d\u0259n ba\u015flad\u0131q. Milliyy\u0259timizi \u00f6yr\u0259n\u0259nd\u0259 is\u0259, he\u00e7 n\u0259 d\u0259yi\u015fm\u0259di&#8230;Y\u0259qin ki, bunu \u0259vv\u0259ld\u0259n bils\u0259ydik d\u0259, dost olacaqd\u0131q. Amma y\u0259qin ki, bu q\u0259d\u0259r rahat olmayacaqd\u0131&#8230;\n<\/p>\n<p>\n  Onunla dostlu\u011fumu he\u00e7 vaxt gizl\u0259tm\u0259k ehtiyac\u0131 hiss etm\u0259mi\u015f\u0259m. Niy\u0259 hiss edim? Soyad\u0131na g\u00f6r\u0259? Damar\u0131nda axan qana g\u00f6r\u0259? He\u00e7 bir insan bunlar\u0131 \u015f\u00fcurlu olaraq se\u00e7mir. G\u00fcrc\u00fcstan v\u0259t\u0259nda\u015f\u0131, \u00f6z\u00fcn\u00fc g\u00fcrc\u00fc kimi hiss ed\u0259n, g\u00fcrc\u00fc dilind\u0259 dan\u0131\u015fan, G\u00fcrc\u00fcstan\u0131n probleml\u0259rind\u0259n yazan bir jurnalist niy\u0259 kimis\u0259 q\u0131c\u0131qland\u0131rmal\u0131d\u0131r. He\u00e7 vaxt anlamam\u0131\u015fam. \u0130ndi d\u0259 anlam\u0131ram.\n<\/p>\n<p>\n  Biz ham\u0131m\u0131z bir g\u00fcn \u00f6yr\u0259n\u0259 bil\u0259rik ki, atam\u0131z ya anam\u0131z, ya da h\u0259r ikisi ba\u015fqa adamd\u0131r. Ba\u015fqa mill\u0259td\u0259ndir. Damarlar\u0131m\u0131zda da ba\u015fqa mill\u0259tin qan\u0131 ax\u0131r. Bu n\u0259yi d\u0259yi\u015fir? Hissl\u0259rimiz\u0259, m\u00fcnasib\u0259timiz\u0259, intellektimiz\u0259, d\u00fcnyag\u00f6r\u00fc\u015f\u00fcm\u00fcz\u0259 nec\u0259 t\u0259sir ed\u0259 bil\u0259r. Ax\u0131 normal insan hadis\u0259l\u0259r\u0259 bax\u0131\u015f\u0131nda, m\u00fcnasib\u0259tind\u0259 damar\u0131ndak\u0131 qana g\u00f6r\u0259 yox, informasiyas\u0131na, d\u00fcnyag\u00f6r\u00fc\u015f\u00fcn\u0259, d\u0259y\u0259rl\u0259rin\u0259 g\u00f6r\u0259 idar\u0259 olunur.\n<\/p>\n<p>\n  Ona g\u00f6r\u0259 d\u0259, he\u00e7 bir epataj-q\u0131c\u0131qland\u0131rma bar\u0259d\u0259 d\u00fc\u015f\u00fcnm\u0259d\u0259n Edita il\u0259 \u015f\u0259kill\u0259r payla\u015fanda, m\u0259s\u0259l\u0259nin bu q\u0259d\u0259r \u015fi\u015f\u0259c\u0259yini a\u011fl\u0131ma g\u0259tirm\u0259zdim. Niy\u0259 g\u0259tir\u0259ydim ki? Kimi q\u0131c\u0131qland\u0131ra bil\u0259rdi bu dostluq, bu \u015f\u0259kill\u0259r? Kimi \u0259s\u0259bil\u0259\u015fir\u0259 bil\u0259rdi ki?\n<\/p>\n<p>\n  \u201cBizim erm\u0259ni kils\u0259si, erm\u0259ni xalq\u0131 il\u0259 he\u00e7 bir problemimiz yoxdur\u201d c\u00fcml\u0259sini SOCAR r\u0259hb\u0259rind\u0259n e\u015fidib, dinm\u0259y\u0259nl\u0259ri? Erm\u0259ni idman\u00e7\u0131lar\u0131na Bak\u0131n\u0131 m\u0259rk\u0259zind\u0259 \u0259l \u00e7alanlar\u0131? Erm\u0259nistan r\u0259smil\u0259ri il\u0259 qucaq-quca\u011fa, dey\u0259-g\u00fcl\u0259 \u015f\u0259kil \u00e7\u0259kdir\u0259n r\u0259smil\u0259rimiz\u0259 sakit baxan v\u0259t\u0259nda\u015flar\u0131? Nec\u0259 olur, yuxar\u0131lar yuxar\u0131larla dost olur, \u0259l s\u0131x\u0131r, deyib-g\u00fcl\u00fcr, problem olmur, amma he\u00e7 n\u0259yi h\u0259ll etm\u0259 g\u00fcc\u00fc, yetkisi, imkan\u0131 olmayan iki q\u0131za, onlar\u0131n dostlu\u011funa, \u015f\u0259kill\u0259rin\u0259\u00a0 \u0259s\u0259bil\u0259\u015firl\u0259r? Bu n\u0259 maraql\u0131, n\u0259 yerini-h\u0259ddini bil\u0259n q\u0259z\u0259bdir bel\u0259? Bu n\u0259 t\u0259hl\u00fck\u0259sizlik t\u0259dbirl\u0259ri g\u00f6rm\u00fc\u015f, icaz\u0259li, \u00fct\u00fcl\u00fc-s\u0131\u011fall\u0131 q\u0259z\u0259bdir?\n<\/p>\n<p>\n  M\u0259n sizin hirsl\u0259nm\u0259yiniz\u0259 inanm\u0131ram. Q\u0259z\u0259biniz\u0259 inanm\u0131ram.\n<\/p>\n<p>\n  M\u0259n h\u0259r zaman \u00fcnsiyy\u0259ti, davran\u0131\u015f\u0131 rahat olan adamlarla dostluq ed\u0259c\u0259m. Erm\u0259ni, alman, frans\u0131z, az\u0259rbaycanl\u0131, uy\u011fur, \u00f6zb\u0259k, k\u00fcrd olmas\u0131ndan as\u0131l\u0131 olmayaraq.\n<\/p>\n<p>\n  Bu g\u00fcn Bak\u0131n\u0131n ortas\u0131nda do\u011fum evinin qar\u015f\u0131s\u0131nda hamil\u0259 qad\u0131n u\u015faq do\u011fub. Pulu olmad\u0131\u011f\u0131na g\u00f6r\u0259 do\u011fum evin\u0259 buraxmay\u0131blar. U\u015faq k\u00fc\u00e7\u0259d\u0259 h\u0259kimsiz do\u011fulub v\u0259 \u00f6l\u00fcb. O qad\u0131n\u0131n i\u015fk\u0259nc\u0259l\u0259rin\u0259, k\u00f6rp\u0259nin \u00f6l\u00fcm\u00fcn\u0259 sakit baxan h\u0259kiml\u0259r, tibb bac\u0131lar\u0131 az\u0259rbaycanl\u0131d\u0131r. Dem\u0259li, q\u0259ddarl\u0131q, \u0259clafl\u0131q, qans\u0131zl\u0131q milliyy\u0259tl\u0259 deyil.\n<\/p>\n<p>\n  Xeyirin mill\u0259ti olmad\u0131\u011f\u0131 kimi, \u015f\u0259rin d\u0259 mill\u0259ti olmur.\n<\/p>\n<p>\n  Rahat olun.<\/p>\n","protected":false},"excerpt":{"rendered":"<p>Sizin q\u0259z\u0259biniz\u0259 inanm\u0131ram&#8230;<\/p>\n<p>Edita il\u0259 bir il \u0259vv\u0259l tan\u0131\u015f oldum. Qat\u0131ld\u0131\u011f\u0131m\u0131z t\u0259dbird\u0259 \u00f6z v\u0259t\u0259nini, y\u0259ni G\u00fcrc\u00fcstan\u0131 t\u0259msil edirdi. Ona el\u0259 ilk d\u0259qiq\u0259d\u0259n qan\u0131m qaynad\u0131. Rahat ovqat\u0131, intellekti olan bu g\u00f6z\u0259l q\u0131z, 4-5 dild\u0259 s\u0259rb\u0259st dan\u0131\u015fmas\u0131, i\u015fg\u00fczarl\u0131\u011f\u0131, diriba\u015fl\u0131\u011f\u0131, tez v\u0259 rahat \u00fcnsiyy\u0259t qurma\u011f\u0131 b\u00fct\u00fcn i\u015ftirak\u00e7\u0131lar kimi m\u0259n\u0259 d\u0259 xo\u015f g\u0259ldi.<\/p>\n","protected":false},"author":11,"featured_media":56241,"comment_status":"closed","ping_status":"open","sticky":false,"template":"","format":"standard","meta":{"_acf_changed":false,"_sitemap_exclude":false,"_sitemap_priority":"","_sitemap_frequency":"","footnotes":""},"categories":[57],"tags":[],"class_list":["post-175590","post","type-post","status-publish","format-standard","has-post-thumbnail","hentry","category-menim-fikrimce","infinite-scroll-item","generate-columns","tablet-grid-50","mobile-grid-100","grid-parent","grid-33","no-featured-image-padding"],"acf":[],"yoast_head":"<!-- This site is optimized with the Yoast SEO plugin v27.5 - https:\/\/yoast.com\/product\/yoast-seo-wordpress\/ -->\n<title>M\u0259nim erm\u0259ni r\u0259fiq\u0259m - MEYDAN.TV<\/title>\n<meta name=\"robots\" content=\"index, follow, max-snippet:-1, max-image-preview:large, max-video-preview:-1\" \/>\n<link rel=\"canonical\" href=\"https:\/\/www.meydan.tv\/az\/article\/menim-ermeni-refiqem\/\" \/>\n<meta property=\"og:locale\" content=\"az_AZ\" \/>\n<meta property=\"og:type\" content=\"article\" \/>\n<meta property=\"og:title\" content=\"M\u0259nim erm\u0259ni r\u0259fiq\u0259m - MEYDAN.TV\" \/>\n<meta property=\"og:description\" content=\"Sizin q\u0259z\u0259biniz\u0259 inanm\u0131ram...  Edita il\u0259 bir il \u0259vv\u0259l tan\u0131\u015f oldum. Qat\u0131ld\u0131\u011f\u0131m\u0131z t\u0259dbird\u0259 \u00f6z v\u0259t\u0259nini, y\u0259ni G\u00fcrc\u00fcstan\u0131 t\u0259msil edirdi. Ona el\u0259 ilk d\u0259qiq\u0259d\u0259n qan\u0131m qaynad\u0131. Rahat ovqat\u0131, intellekti olan bu g\u00f6z\u0259l q\u0131z, 4-5 dild\u0259 s\u0259rb\u0259st dan\u0131\u015fmas\u0131, i\u015fg\u00fczarl\u0131\u011f\u0131, diriba\u015fl\u0131\u011f\u0131, tez v\u0259 rahat \u00fcnsiyy\u0259t qurma\u011f\u0131 b\u00fct\u00fcn i\u015ftirak\u00e7\u0131lar kimi m\u0259n\u0259 d\u0259 xo\u015f g\u0259ldi.\" \/>\n<meta property=\"og:url\" content=\"https:\/\/www.meydan.tv\/az\/article\/menim-ermeni-refiqem\/\" \/>\n<meta property=\"og:site_name\" content=\"MEYDAN.TV\" \/>\n<meta property=\"article:published_time\" content=\"2016-04-29T22:47:23+00:00\" \/>\n<meta property=\"og:image\" content=\"https:\/\/www.meydan.tv\/wp-content\/uploads\/21267.jpg\" \/>\n\t<meta property=\"og:image:width\" content=\"700\" \/>\n\t<meta property=\"og:image:height\" content=\"700\" \/>\n\t<meta property=\"og:image:type\" content=\"image\/jpeg\" \/>\n<meta name=\"author\" content=\"user-manager\" \/>\n<meta name=\"twitter:card\" content=\"summary_large_image\" \/>\n<script type=\"application\/ld+json\" class=\"yoast-schema-graph\">{\"@context\":\"https:\\\/\\\/schema.org\",\"@graph\":[{\"@type\":\"Article\",\"@id\":\"https:\\\/\\\/www.meydan.tv\\\/az\\\/article\\\/menim-ermeni-refiqem\\\/#article\",\"isPartOf\":{\"@id\":\"https:\\\/\\\/www.meydan.tv\\\/az\\\/article\\\/menim-ermeni-refiqem\\\/\"},\"author\":{\"name\":\"user-manager\",\"@id\":\"https:\\\/\\\/www.meydan.tv\\\/az\\\/#\\\/schema\\\/person\\\/10d11eccf6da3662cf5fdab9806ea91a\"},\"headline\":\"M\u0259nim erm\u0259ni r\u0259fiq\u0259m\",\"datePublished\":\"2016-04-29T22:47:23+00:00\",\"mainEntityOfPage\":{\"@id\":\"https:\\\/\\\/www.meydan.tv\\\/az\\\/article\\\/menim-ermeni-refiqem\\\/\"},\"wordCount\":820,\"publisher\":{\"@id\":\"https:\\\/\\\/www.meydan.tv\\\/az\\\/#organization\"},\"image\":{\"@id\":\"https:\\\/\\\/www.meydan.tv\\\/az\\\/article\\\/menim-ermeni-refiqem\\\/#primaryimage\"},\"thumbnailUrl\":\"https:\\\/\\\/www.meydan.tv\\\/wp-content\\\/uploads\\\/21267.jpg\",\"articleSection\":[\"M\u0259nim Fikrimc\u0259\"],\"inLanguage\":\"az\"},{\"@type\":\"WebPage\",\"@id\":\"https:\\\/\\\/www.meydan.tv\\\/az\\\/article\\\/menim-ermeni-refiqem\\\/\",\"url\":\"https:\\\/\\\/www.meydan.tv\\\/az\\\/article\\\/menim-ermeni-refiqem\\\/\",\"name\":\"M\u0259nim erm\u0259ni r\u0259fiq\u0259m - MEYDAN.TV\",\"isPartOf\":{\"@id\":\"https:\\\/\\\/www.meydan.tv\\\/az\\\/#website\"},\"primaryImageOfPage\":{\"@id\":\"https:\\\/\\\/www.meydan.tv\\\/az\\\/article\\\/menim-ermeni-refiqem\\\/#primaryimage\"},\"image\":{\"@id\":\"https:\\\/\\\/www.meydan.tv\\\/az\\\/article\\\/menim-ermeni-refiqem\\\/#primaryimage\"},\"thumbnailUrl\":\"https:\\\/\\\/www.meydan.tv\\\/wp-content\\\/uploads\\\/21267.jpg\",\"datePublished\":\"2016-04-29T22:47:23+00:00\",\"breadcrumb\":{\"@id\":\"https:\\\/\\\/www.meydan.tv\\\/az\\\/article\\\/menim-ermeni-refiqem\\\/#breadcrumb\"},\"inLanguage\":\"az\",\"potentialAction\":[{\"@type\":\"ReadAction\",\"target\":[\"https:\\\/\\\/www.meydan.tv\\\/az\\\/article\\\/menim-ermeni-refiqem\\\/\"]}]},{\"@type\":\"ImageObject\",\"inLanguage\":\"az\",\"@id\":\"https:\\\/\\\/www.meydan.tv\\\/az\\\/article\\\/menim-ermeni-refiqem\\\/#primaryimage\",\"url\":\"https:\\\/\\\/www.meydan.tv\\\/wp-content\\\/uploads\\\/21267.jpg\",\"contentUrl\":\"https:\\\/\\\/www.meydan.tv\\\/wp-content\\\/uploads\\\/21267.jpg\",\"width\":700,\"height\":700,\"caption\":\"Source:\"},{\"@type\":\"BreadcrumbList\",\"@id\":\"https:\\\/\\\/www.meydan.tv\\\/az\\\/article\\\/menim-ermeni-refiqem\\\/#breadcrumb\",\"itemListElement\":[{\"@type\":\"ListItem\",\"position\":1,\"name\":\"Ana s\u0259hif\u0259\",\"item\":\"https:\\\/\\\/www.meydan.tv\\\/az\\\/\"},{\"@type\":\"ListItem\",\"position\":2,\"name\":\"M\u0259nim Fikrimc\u0259\",\"item\":\"https:\\\/\\\/www.meydan.tv\\\/az\\\/section\\\/menim-fikrimce\\\/\"},{\"@type\":\"ListItem\",\"position\":3,\"name\":\"M\u0259nim erm\u0259ni r\u0259fiq\u0259m\"}]},{\"@type\":\"WebSite\",\"@id\":\"https:\\\/\\\/www.meydan.tv\\\/az\\\/#website\",\"url\":\"https:\\\/\\\/www.meydan.tv\\\/az\\\/\",\"name\":\"MEYDAN.TV\",\"description\":\"Meydan TV Az\u0259rbaycan\u0131n media m\u0259kan\u0131ndak\u0131 alternativ s\u0259sidir\",\"publisher\":{\"@id\":\"https:\\\/\\\/www.meydan.tv\\\/az\\\/#organization\"},\"potentialAction\":[{\"@type\":\"SearchAction\",\"target\":{\"@type\":\"EntryPoint\",\"urlTemplate\":\"https:\\\/\\\/www.meydan.tv\\\/az\\\/?s={search_term_string}\"},\"query-input\":{\"@type\":\"PropertyValueSpecification\",\"valueRequired\":true,\"valueName\":\"search_term_string\"}}],\"inLanguage\":\"az\"},{\"@type\":\"Organization\",\"@id\":\"https:\\\/\\\/www.meydan.tv\\\/az\\\/#organization\",\"name\":\"Meydan TV\",\"url\":\"https:\\\/\\\/www.meydan.tv\\\/az\\\/\",\"logo\":{\"@type\":\"ImageObject\",\"inLanguage\":\"az\",\"@id\":\"https:\\\/\\\/www.meydan.tv\\\/az\\\/#\\\/schema\\\/logo\\\/image\\\/\",\"url\":\"https:\\\/\\\/www.meydan.tv\\\/wp-content\\\/uploads\\\/2021\\\/07\\\/meydan-logo.svg\",\"contentUrl\":\"https:\\\/\\\/www.meydan.tv\\\/wp-content\\\/uploads\\\/2021\\\/07\\\/meydan-logo.svg\",\"width\":195,\"height\":46,\"caption\":\"Meydan TV\"},\"image\":{\"@id\":\"https:\\\/\\\/www.meydan.tv\\\/az\\\/#\\\/schema\\\/logo\\\/image\\\/\"}},{\"@type\":\"Person\",\"@id\":\"https:\\\/\\\/www.meydan.tv\\\/az\\\/#\\\/schema\\\/person\\\/10d11eccf6da3662cf5fdab9806ea91a\",\"name\":\"user-manager\"}]}<\/script>\n<!-- \/ Yoast SEO plugin. -->","yoast_head_json":{"title":"M\u0259nim erm\u0259ni r\u0259fiq\u0259m - MEYDAN.TV","robots":{"index":"index","follow":"follow","max-snippet":"max-snippet:-1","max-image-preview":"max-image-preview:large","max-video-preview":"max-video-preview:-1"},"canonical":"https:\/\/www.meydan.tv\/az\/article\/menim-ermeni-refiqem\/","og_locale":"az_AZ","og_type":"article","og_title":"M\u0259nim erm\u0259ni r\u0259fiq\u0259m - MEYDAN.TV","og_description":"Sizin q\u0259z\u0259biniz\u0259 inanm\u0131ram...  Edita il\u0259 bir il \u0259vv\u0259l tan\u0131\u015f oldum. Qat\u0131ld\u0131\u011f\u0131m\u0131z t\u0259dbird\u0259 \u00f6z v\u0259t\u0259nini, y\u0259ni G\u00fcrc\u00fcstan\u0131 t\u0259msil edirdi. Ona el\u0259 ilk d\u0259qiq\u0259d\u0259n qan\u0131m qaynad\u0131. Rahat ovqat\u0131, intellekti olan bu g\u00f6z\u0259l q\u0131z, 4-5 dild\u0259 s\u0259rb\u0259st dan\u0131\u015fmas\u0131, i\u015fg\u00fczarl\u0131\u011f\u0131, diriba\u015fl\u0131\u011f\u0131, tez v\u0259 rahat \u00fcnsiyy\u0259t qurma\u011f\u0131 b\u00fct\u00fcn i\u015ftirak\u00e7\u0131lar kimi m\u0259n\u0259 d\u0259 xo\u015f g\u0259ldi.","og_url":"https:\/\/www.meydan.tv\/az\/article\/menim-ermeni-refiqem\/","og_site_name":"MEYDAN.TV","article_published_time":"2016-04-29T22:47:23+00:00","og_image":[{"width":700,"height":700,"url":"https:\/\/www.meydan.tv\/wp-content\/uploads\/21267.jpg","type":"image\/jpeg"}],"author":"user-manager","twitter_card":"summary_large_image","schema":{"@context":"https:\/\/schema.org","@graph":[{"@type":"Article","@id":"https:\/\/www.meydan.tv\/az\/article\/menim-ermeni-refiqem\/#article","isPartOf":{"@id":"https:\/\/www.meydan.tv\/az\/article\/menim-ermeni-refiqem\/"},"author":{"name":"user-manager","@id":"https:\/\/www.meydan.tv\/az\/#\/schema\/person\/10d11eccf6da3662cf5fdab9806ea91a"},"headline":"M\u0259nim erm\u0259ni r\u0259fiq\u0259m","datePublished":"2016-04-29T22:47:23+00:00","mainEntityOfPage":{"@id":"https:\/\/www.meydan.tv\/az\/article\/menim-ermeni-refiqem\/"},"wordCount":820,"publisher":{"@id":"https:\/\/www.meydan.tv\/az\/#organization"},"image":{"@id":"https:\/\/www.meydan.tv\/az\/article\/menim-ermeni-refiqem\/#primaryimage"},"thumbnailUrl":"https:\/\/www.meydan.tv\/wp-content\/uploads\/21267.jpg","articleSection":["M\u0259nim Fikrimc\u0259"],"inLanguage":"az"},{"@type":"WebPage","@id":"https:\/\/www.meydan.tv\/az\/article\/menim-ermeni-refiqem\/","url":"https:\/\/www.meydan.tv\/az\/article\/menim-ermeni-refiqem\/","name":"M\u0259nim erm\u0259ni r\u0259fiq\u0259m - MEYDAN.TV","isPartOf":{"@id":"https:\/\/www.meydan.tv\/az\/#website"},"primaryImageOfPage":{"@id":"https:\/\/www.meydan.tv\/az\/article\/menim-ermeni-refiqem\/#primaryimage"},"image":{"@id":"https:\/\/www.meydan.tv\/az\/article\/menim-ermeni-refiqem\/#primaryimage"},"thumbnailUrl":"https:\/\/www.meydan.tv\/wp-content\/uploads\/21267.jpg","datePublished":"2016-04-29T22:47:23+00:00","breadcrumb":{"@id":"https:\/\/www.meydan.tv\/az\/article\/menim-ermeni-refiqem\/#breadcrumb"},"inLanguage":"az","potentialAction":[{"@type":"ReadAction","target":["https:\/\/www.meydan.tv\/az\/article\/menim-ermeni-refiqem\/"]}]},{"@type":"ImageObject","inLanguage":"az","@id":"https:\/\/www.meydan.tv\/az\/article\/menim-ermeni-refiqem\/#primaryimage","url":"https:\/\/www.meydan.tv\/wp-content\/uploads\/21267.jpg","contentUrl":"https:\/\/www.meydan.tv\/wp-content\/uploads\/21267.jpg","width":700,"height":700,"caption":"Source:"},{"@type":"BreadcrumbList","@id":"https:\/\/www.meydan.tv\/az\/article\/menim-ermeni-refiqem\/#breadcrumb","itemListElement":[{"@type":"ListItem","position":1,"name":"Ana s\u0259hif\u0259","item":"https:\/\/www.meydan.tv\/az\/"},{"@type":"ListItem","position":2,"name":"M\u0259nim Fikrimc\u0259","item":"https:\/\/www.meydan.tv\/az\/section\/menim-fikrimce\/"},{"@type":"ListItem","position":3,"name":"M\u0259nim erm\u0259ni r\u0259fiq\u0259m"}]},{"@type":"WebSite","@id":"https:\/\/www.meydan.tv\/az\/#website","url":"https:\/\/www.meydan.tv\/az\/","name":"MEYDAN.TV","description":"Meydan TV Az\u0259rbaycan\u0131n media m\u0259kan\u0131ndak\u0131 alternativ s\u0259sidir","publisher":{"@id":"https:\/\/www.meydan.tv\/az\/#organization"},"potentialAction":[{"@type":"SearchAction","target":{"@type":"EntryPoint","urlTemplate":"https:\/\/www.meydan.tv\/az\/?s={search_term_string}"},"query-input":{"@type":"PropertyValueSpecification","valueRequired":true,"valueName":"search_term_string"}}],"inLanguage":"az"},{"@type":"Organization","@id":"https:\/\/www.meydan.tv\/az\/#organization","name":"Meydan TV","url":"https:\/\/www.meydan.tv\/az\/","logo":{"@type":"ImageObject","inLanguage":"az","@id":"https:\/\/www.meydan.tv\/az\/#\/schema\/logo\/image\/","url":"https:\/\/www.meydan.tv\/wp-content\/uploads\/2021\/07\/meydan-logo.svg","contentUrl":"https:\/\/www.meydan.tv\/wp-content\/uploads\/2021\/07\/meydan-logo.svg","width":195,"height":46,"caption":"Meydan TV"},"image":{"@id":"https:\/\/www.meydan.tv\/az\/#\/schema\/logo\/image\/"}},{"@type":"Person","@id":"https:\/\/www.meydan.tv\/az\/#\/schema\/person\/10d11eccf6da3662cf5fdab9806ea91a","name":"user-manager"}]}},"_links":{"self":[{"href":"https:\/\/www.meydan.tv\/az\/wp-json\/wp\/v2\/posts\/175590","targetHints":{"allow":["GET"]}}],"collection":[{"href":"https:\/\/www.meydan.tv\/az\/wp-json\/wp\/v2\/posts"}],"about":[{"href":"https:\/\/www.meydan.tv\/az\/wp-json\/wp\/v2\/types\/post"}],"author":[{"embeddable":true,"href":"https:\/\/www.meydan.tv\/az\/wp-json\/wp\/v2\/users\/11"}],"replies":[{"embeddable":true,"href":"https:\/\/www.meydan.tv\/az\/wp-json\/wp\/v2\/comments?post=175590"}],"version-history":[{"count":0,"href":"https:\/\/www.meydan.tv\/az\/wp-json\/wp\/v2\/posts\/175590\/revisions"}],"wp:featuredmedia":[{"embeddable":true,"href":"https:\/\/www.meydan.tv\/az\/wp-json\/wp\/v2\/media\/56241"}],"wp:attachment":[{"href":"https:\/\/www.meydan.tv\/az\/wp-json\/wp\/v2\/media?parent=175590"}],"wp:term":[{"taxonomy":"category","embeddable":true,"href":"https:\/\/www.meydan.tv\/az\/wp-json\/wp\/v2\/categories?post=175590"},{"taxonomy":"post_tag","embeddable":true,"href":"https:\/\/www.meydan.tv\/az\/wp-json\/wp\/v2\/tags?post=175590"}],"curies":[{"name":"wp","href":"https:\/\/api.w.org\/{rel}","templated":true}]}}