{"id":175583,"date":"2016-04-29T19:06:27","date_gmt":"2016-04-29T19:06:27","guid":{"rendered":"https:\/\/www.meydan.tv\/article\/vaqif-dergahli-dinc-ehaliye-ates-acmamaq-emri-verilib\/"},"modified":"2016-04-29T19:06:27","modified_gmt":"2016-04-29T19:06:27","slug":"vaqif-dergahli-dinc-ehaliye-ates-acmamaq-emri-verilib","status":"publish","type":"post","link":"https:\/\/www.meydan.tv\/az\/article\/vaqif-dergahli-dinc-ehaliye-ates-acmamaq-emri-verilib\/","title":{"rendered":"Vaqif D\u0259rgahl\u0131: &#8221;Dinc \u0259haliy\u0259 at\u0259\u015f a\u00e7mamaq \u0259mri verilib&#8221;"},"content":{"rendered":"<figure class=\"wp-block-image size-large\">\n  <img decoding=\"async\" src=\"https:\/\/www.meydan.tv\/az\/vaqif-dergahli\/\" alt=\"Vaqif D\u0259rgahl\u0131\" class=\"wp-image-55197\"\/><figcaption>\n    Vaqif D\u0259rgahl\u0131<br \/>\n  <\/figcaption><\/figure>\n<p>\n  <i><br \/>\n    &#8221;Nazirliyin r\u0259hb\u0259rliyinin tap\u015f\u0131r\u0131\u011f\u0131na uy\u011fun olaraq silahl\u0131 b\u00f6lm\u0259l\u0259rimiz d\u00fc\u015fm\u0259n\u0259 layiqli cavab z\u0259rb\u0259l\u0259ri endirib&#8221;<br \/>\n  <\/i>\n<\/p>\n<p>\n  \u201cD\u00fc\u015fm\u0259nin gec\u0259 saatlar\u0131nda at\u0259\u015fk\u0259si pozmas\u0131n\u0131n \u0259sas m\u0259qs\u0259di ya\u015fay\u0131\u015f m\u0259nt\u0259q\u0259l\u0259rini h\u0259d\u0259f\u0259 almaqd\u0131r\u201d.<\/p>\n<p>  APA-n\u0131n m\u0259lumat\u0131na g\u00f6r\u0259, bunu jurnalistl\u0259r\u0259 a\u00e7\u0131qlamas\u0131nda M\u00fcdafi\u0259 Nazirliyinin m\u0259tbuat katibi Vaqif D\u0259rgahl\u0131 bildirib.<\/p>\n<p>  O qeyd edib ki, aprelin 26-dan ba\u015flayaraq Erm\u0259nistan silahl\u0131 b\u00f6lm\u0259l\u0259ri s\u0131rf m\u00fclki \u0259hali aras\u0131nda itki olsun dey\u0259, gec\u0259 saatlar\u0131nda at\u0259\u015fk\u0259si kobud sur\u0259td\u0259 pozurlar: \u201cBu bir daha erm\u0259ni barbarl\u0131\u011f\u0131n\u0131 n\u00fcmayi\u015f etdir\u0259n faktd\u0131r. M\u00fcdafi\u0259 Nazirliyinin r\u0259hb\u0259rliyi t\u0259r\u0259find\u0259n erm\u0259nil\u0259rin bu c\u00fcr aqressiv add\u0131mlar\u0131n\u0131n qar\u015f\u0131s\u0131n\u0131n al\u0131nmas\u0131 \u00fc\u00e7\u00fcn adekvat t\u0259dbirl\u0259rin g\u00f6r\u00fclm\u0259si m\u0259qs\u0259dil\u0259 t\u0259mas x\u0259ttin\u0259 yax\u0131n olan b\u00f6lm\u0259l\u0259rimiz\u0259 birm\u0259nal\u0131 \u015f\u0259kild\u0259 tap\u015f\u0131r\u0131q verilib ki, d\u00fc\u015fm\u0259nin at\u0259\u015f n\u00f6qt\u0259l\u0259ri susdurulsun. H\u0259m\u00e7inin M\u00fcdafi\u0259 Nazirliyinin r\u0259hb\u0259rliyi t\u0259r\u0259find\u0259n tap\u015f\u0131r\u0131q verilib ki, Az\u0259rbaycan silahl\u0131 b\u00f6lm\u0259l\u0259ri i\u015f\u011fal alt\u0131nda olan \u0259razil\u0259rd\u0259 m\u0259skunla\u015fan dinc \u0259haliy\u0259 at\u0259\u015f a\u00e7\u0131lmas\u0131n. Bizim m\u0259qs\u0259dimiz d\u00fc\u015fm\u0259nin at\u0259\u015f n\u00f6qt\u0259l\u0259rin\u0259 adekvat cavab z\u0259rb\u0259l\u0259ri endirm\u0259kd\u0259n ibar\u0259tdir. Bu da d\u00fc\u015fm\u0259nin at\u0259\u015fini susdurmaq m\u0259qs\u0259di da\u015f\u0131y\u0131r. Nazirliyin r\u0259hb\u0259rliyinin tap\u015f\u0131r\u0131\u011f\u0131na uy\u011fun olaraq silahl\u0131 b\u00f6lm\u0259l\u0259rimiz d\u00fc\u015fm\u0259n\u0259 layiqli cavab z\u0259rb\u0259l\u0259ri endirib\u201d.<\/p>\n<p>  V. D\u0259rgahl\u0131 h\u0259m\u00e7inin erm\u0259nil\u0259rin qada\u011fan olunmu\u015f silahlardan istifad\u0259 edilm\u0259si m\u0259s\u0259l\u0259sind\u0259 d\u0259 toxunub. O qeyd edib ki, bel\u0259 faktlar var v\u0259 ictimaiyy\u0259t\u0259 bu bar\u0259d\u0259 m\u0259lumat verilib: \u201cHaz\u0131rda h\u0259min qada\u011fan olunmu\u015f silahlar\u0131n m\u0259n\u015f\u0259yi ara\u015fd\u0131r\u0131l\u0131r. Erm\u0259nil\u0259rin bu silahlardan istifad\u0259 etm\u0259si beyn\u0259lxalq konvensiyalara ziddir, erm\u0259nil\u0259r \u0259hali aras\u0131nda \u00e7oxsayl\u0131 itki olmas\u0131 \u00fc\u00e7\u00fcn b\u00fct\u00fcn vasit\u0259l\u0259rd\u0259n istifad\u0259 etm\u0259y\u0259 \u00e7al\u0131\u015f\u0131r\u201d.<\/p>\n<p>  V. D\u0259rgahl\u0131 \u0259lav\u0259 edib ki, son g\u00fcnl\u0259r \u0259rzind\u0259 Az\u0259rbaycan ordusu he\u00e7 bir itki verm\u0259yib, h\u0259r hans\u0131 h\u0259rbi texnika s\u0131radan \u00e7\u0131xar\u0131lmay\u0131b.<\/p>\n","protected":false},"excerpt":{"rendered":"<p>&#8221;Nazirliyin r\u0259hb\u0259rliyinin tap\u015f\u0131r\u0131\u011f\u0131na uy\u011fun olaraq silahl\u0131 b\u00f6lm\u0259l\u0259rimiz d\u00fc\u015fm\u0259n\u0259 layiqli cavab z\u0259rb\u0259l\u0259ri endirib&#8221;<\/p>\n","protected":false},"author":11,"featured_media":55197,"comment_status":"closed","ping_status":"open","sticky":false,"template":"","format":"standard","meta":{"_acf_changed":false,"_sitemap_exclude":false,"_sitemap_priority":"","_sitemap_frequency":"","footnotes":""},"categories":[51],"tags":[],"class_list":["post-175583","post","type-post","status-publish","format-standard","has-post-thumbnail","hentry","category-analitika","infinite-scroll-item","generate-columns","tablet-grid-50","mobile-grid-100","grid-parent","grid-33","no-featured-image-padding"],"acf":[],"yoast_head":"<!-- This site is optimized with the Yoast SEO plugin v27.5 - https:\/\/yoast.com\/product\/yoast-seo-wordpress\/ -->\n<title>Vaqif D\u0259rgahl\u0131: &#039;&#039;Dinc \u0259haliy\u0259 at\u0259\u015f a\u00e7mamaq \u0259mri verilib&#039;&#039; - MEYDAN.TV<\/title>\n<meta name=\"robots\" content=\"index, follow, max-snippet:-1, max-image-preview:large, max-video-preview:-1\" \/>\n<link rel=\"canonical\" href=\"https:\/\/www.meydan.tv\/az\/article\/vaqif-dergahli-dinc-ehaliye-ates-acmamaq-emri-verilib\/\" \/>\n<meta property=\"og:locale\" content=\"az_AZ\" \/>\n<meta property=\"og:type\" content=\"article\" \/>\n<meta property=\"og:title\" content=\"Vaqif D\u0259rgahl\u0131: &#039;&#039;Dinc \u0259haliy\u0259 at\u0259\u015f a\u00e7mamaq \u0259mri verilib&#039;&#039; - MEYDAN.TV\" \/>\n<meta property=\"og:description\" content=\"&#039;&#039;Nazirliyin r\u0259hb\u0259rliyinin tap\u015f\u0131r\u0131\u011f\u0131na uy\u011fun olaraq silahl\u0131 b\u00f6lm\u0259l\u0259rimiz d\u00fc\u015fm\u0259n\u0259 layiqli cavab z\u0259rb\u0259l\u0259ri endirib&#039;&#039;\" \/>\n<meta property=\"og:url\" content=\"https:\/\/www.meydan.tv\/az\/article\/vaqif-dergahli-dinc-ehaliye-ates-acmamaq-emri-verilib\/\" \/>\n<meta property=\"og:site_name\" content=\"MEYDAN.TV\" \/>\n<meta property=\"article:published_time\" content=\"2016-04-29T19:06:27+00:00\" \/>\n<meta property=\"og:image\" content=\"https:\/\/www.meydan.tv\/wp-content\/uploads\/21265.jpg\" \/>\n\t<meta property=\"og:image:width\" content=\"750\" \/>\n\t<meta property=\"og:image:height\" content=\"500\" \/>\n\t<meta property=\"og:image:type\" content=\"image\/jpeg\" \/>\n<meta name=\"author\" content=\"user-manager\" \/>\n<meta name=\"twitter:card\" content=\"summary_large_image\" \/>\n<script type=\"application\/ld+json\" class=\"yoast-schema-graph\">{\"@context\":\"https:\\\/\\\/schema.org\",\"@graph\":[{\"@type\":\"Article\",\"@id\":\"https:\\\/\\\/www.meydan.tv\\\/az\\\/article\\\/vaqif-dergahli-dinc-ehaliye-ates-acmamaq-emri-verilib\\\/#article\",\"isPartOf\":{\"@id\":\"https:\\\/\\\/www.meydan.tv\\\/az\\\/article\\\/vaqif-dergahli-dinc-ehaliye-ates-acmamaq-emri-verilib\\\/\"},\"author\":{\"name\":\"user-manager\",\"@id\":\"https:\\\/\\\/www.meydan.tv\\\/az\\\/#\\\/schema\\\/person\\\/10d11eccf6da3662cf5fdab9806ea91a\"},\"headline\":\"Vaqif D\u0259rgahl\u0131: &#8221;Dinc \u0259haliy\u0259 at\u0259\u015f a\u00e7mamaq \u0259mri verilib&#8221;\",\"datePublished\":\"2016-04-29T19:06:27+00:00\",\"mainEntityOfPage\":{\"@id\":\"https:\\\/\\\/www.meydan.tv\\\/az\\\/article\\\/vaqif-dergahli-dinc-ehaliye-ates-acmamaq-emri-verilib\\\/\"},\"wordCount\":426,\"publisher\":{\"@id\":\"https:\\\/\\\/www.meydan.tv\\\/az\\\/#organization\"},\"image\":{\"@id\":\"https:\\\/\\\/www.meydan.tv\\\/az\\\/article\\\/vaqif-dergahli-dinc-ehaliye-ates-acmamaq-emri-verilib\\\/#primaryimage\"},\"thumbnailUrl\":\"https:\\\/\\\/www.meydan.tv\\\/wp-content\\\/uploads\\\/21265.jpg\",\"articleSection\":[\"Analitika\"],\"inLanguage\":\"az\"},{\"@type\":\"WebPage\",\"@id\":\"https:\\\/\\\/www.meydan.tv\\\/az\\\/article\\\/vaqif-dergahli-dinc-ehaliye-ates-acmamaq-emri-verilib\\\/\",\"url\":\"https:\\\/\\\/www.meydan.tv\\\/az\\\/article\\\/vaqif-dergahli-dinc-ehaliye-ates-acmamaq-emri-verilib\\\/\",\"name\":\"Vaqif D\u0259rgahl\u0131: ''Dinc \u0259haliy\u0259 at\u0259\u015f a\u00e7mamaq \u0259mri verilib'' - MEYDAN.TV\",\"isPartOf\":{\"@id\":\"https:\\\/\\\/www.meydan.tv\\\/az\\\/#website\"},\"primaryImageOfPage\":{\"@id\":\"https:\\\/\\\/www.meydan.tv\\\/az\\\/article\\\/vaqif-dergahli-dinc-ehaliye-ates-acmamaq-emri-verilib\\\/#primaryimage\"},\"image\":{\"@id\":\"https:\\\/\\\/www.meydan.tv\\\/az\\\/article\\\/vaqif-dergahli-dinc-ehaliye-ates-acmamaq-emri-verilib\\\/#primaryimage\"},\"thumbnailUrl\":\"https:\\\/\\\/www.meydan.tv\\\/wp-content\\\/uploads\\\/21265.jpg\",\"datePublished\":\"2016-04-29T19:06:27+00:00\",\"breadcrumb\":{\"@id\":\"https:\\\/\\\/www.meydan.tv\\\/az\\\/article\\\/vaqif-dergahli-dinc-ehaliye-ates-acmamaq-emri-verilib\\\/#breadcrumb\"},\"inLanguage\":\"az\",\"potentialAction\":[{\"@type\":\"ReadAction\",\"target\":[\"https:\\\/\\\/www.meydan.tv\\\/az\\\/article\\\/vaqif-dergahli-dinc-ehaliye-ates-acmamaq-emri-verilib\\\/\"]}]},{\"@type\":\"ImageObject\",\"inLanguage\":\"az\",\"@id\":\"https:\\\/\\\/www.meydan.tv\\\/az\\\/article\\\/vaqif-dergahli-dinc-ehaliye-ates-acmamaq-emri-verilib\\\/#primaryimage\",\"url\":\"https:\\\/\\\/www.meydan.tv\\\/wp-content\\\/uploads\\\/21265.jpg\",\"contentUrl\":\"https:\\\/\\\/www.meydan.tv\\\/wp-content\\\/uploads\\\/21265.jpg\",\"width\":750,\"height\":500,\"caption\":\"Source:\"},{\"@type\":\"BreadcrumbList\",\"@id\":\"https:\\\/\\\/www.meydan.tv\\\/az\\\/article\\\/vaqif-dergahli-dinc-ehaliye-ates-acmamaq-emri-verilib\\\/#breadcrumb\",\"itemListElement\":[{\"@type\":\"ListItem\",\"position\":1,\"name\":\"Ana s\u0259hif\u0259\",\"item\":\"https:\\\/\\\/www.meydan.tv\\\/az\\\/\"},{\"@type\":\"ListItem\",\"position\":2,\"name\":\"Analitika\",\"item\":\"https:\\\/\\\/www.meydan.tv\\\/az\\\/section\\\/analitika\\\/\"},{\"@type\":\"ListItem\",\"position\":3,\"name\":\"Vaqif D\u0259rgahl\u0131: &#8221;Dinc \u0259haliy\u0259 at\u0259\u015f a\u00e7mamaq \u0259mri verilib&#8221;\"}]},{\"@type\":\"WebSite\",\"@id\":\"https:\\\/\\\/www.meydan.tv\\\/az\\\/#website\",\"url\":\"https:\\\/\\\/www.meydan.tv\\\/az\\\/\",\"name\":\"MEYDAN.TV\",\"description\":\"Meydan TV Az\u0259rbaycan\u0131n media m\u0259kan\u0131ndak\u0131 alternativ s\u0259sidir\",\"publisher\":{\"@id\":\"https:\\\/\\\/www.meydan.tv\\\/az\\\/#organization\"},\"potentialAction\":[{\"@type\":\"SearchAction\",\"target\":{\"@type\":\"EntryPoint\",\"urlTemplate\":\"https:\\\/\\\/www.meydan.tv\\\/az\\\/?s={search_term_string}\"},\"query-input\":{\"@type\":\"PropertyValueSpecification\",\"valueRequired\":true,\"valueName\":\"search_term_string\"}}],\"inLanguage\":\"az\"},{\"@type\":\"Organization\",\"@id\":\"https:\\\/\\\/www.meydan.tv\\\/az\\\/#organization\",\"name\":\"Meydan TV\",\"url\":\"https:\\\/\\\/www.meydan.tv\\\/az\\\/\",\"logo\":{\"@type\":\"ImageObject\",\"inLanguage\":\"az\",\"@id\":\"https:\\\/\\\/www.meydan.tv\\\/az\\\/#\\\/schema\\\/logo\\\/image\\\/\",\"url\":\"https:\\\/\\\/www.meydan.tv\\\/wp-content\\\/uploads\\\/2021\\\/07\\\/meydan-logo.svg\",\"contentUrl\":\"https:\\\/\\\/www.meydan.tv\\\/wp-content\\\/uploads\\\/2021\\\/07\\\/meydan-logo.svg\",\"width\":195,\"height\":46,\"caption\":\"Meydan TV\"},\"image\":{\"@id\":\"https:\\\/\\\/www.meydan.tv\\\/az\\\/#\\\/schema\\\/logo\\\/image\\\/\"}},{\"@type\":\"Person\",\"@id\":\"https:\\\/\\\/www.meydan.tv\\\/az\\\/#\\\/schema\\\/person\\\/10d11eccf6da3662cf5fdab9806ea91a\",\"name\":\"user-manager\"}]}<\/script>\n<!-- \/ Yoast SEO plugin. -->","yoast_head_json":{"title":"Vaqif D\u0259rgahl\u0131: ''Dinc \u0259haliy\u0259 at\u0259\u015f a\u00e7mamaq \u0259mri verilib'' - MEYDAN.TV","robots":{"index":"index","follow":"follow","max-snippet":"max-snippet:-1","max-image-preview":"max-image-preview:large","max-video-preview":"max-video-preview:-1"},"canonical":"https:\/\/www.meydan.tv\/az\/article\/vaqif-dergahli-dinc-ehaliye-ates-acmamaq-emri-verilib\/","og_locale":"az_AZ","og_type":"article","og_title":"Vaqif D\u0259rgahl\u0131: ''Dinc \u0259haliy\u0259 at\u0259\u015f a\u00e7mamaq \u0259mri verilib'' - MEYDAN.TV","og_description":"''Nazirliyin r\u0259hb\u0259rliyinin tap\u015f\u0131r\u0131\u011f\u0131na uy\u011fun olaraq silahl\u0131 b\u00f6lm\u0259l\u0259rimiz d\u00fc\u015fm\u0259n\u0259 layiqli cavab z\u0259rb\u0259l\u0259ri endirib''","og_url":"https:\/\/www.meydan.tv\/az\/article\/vaqif-dergahli-dinc-ehaliye-ates-acmamaq-emri-verilib\/","og_site_name":"MEYDAN.TV","article_published_time":"2016-04-29T19:06:27+00:00","og_image":[{"width":750,"height":500,"url":"https:\/\/www.meydan.tv\/wp-content\/uploads\/21265.jpg","type":"image\/jpeg"}],"author":"user-manager","twitter_card":"summary_large_image","schema":{"@context":"https:\/\/schema.org","@graph":[{"@type":"Article","@id":"https:\/\/www.meydan.tv\/az\/article\/vaqif-dergahli-dinc-ehaliye-ates-acmamaq-emri-verilib\/#article","isPartOf":{"@id":"https:\/\/www.meydan.tv\/az\/article\/vaqif-dergahli-dinc-ehaliye-ates-acmamaq-emri-verilib\/"},"author":{"name":"user-manager","@id":"https:\/\/www.meydan.tv\/az\/#\/schema\/person\/10d11eccf6da3662cf5fdab9806ea91a"},"headline":"Vaqif D\u0259rgahl\u0131: &#8221;Dinc \u0259haliy\u0259 at\u0259\u015f a\u00e7mamaq \u0259mri verilib&#8221;","datePublished":"2016-04-29T19:06:27+00:00","mainEntityOfPage":{"@id":"https:\/\/www.meydan.tv\/az\/article\/vaqif-dergahli-dinc-ehaliye-ates-acmamaq-emri-verilib\/"},"wordCount":426,"publisher":{"@id":"https:\/\/www.meydan.tv\/az\/#organization"},"image":{"@id":"https:\/\/www.meydan.tv\/az\/article\/vaqif-dergahli-dinc-ehaliye-ates-acmamaq-emri-verilib\/#primaryimage"},"thumbnailUrl":"https:\/\/www.meydan.tv\/wp-content\/uploads\/21265.jpg","articleSection":["Analitika"],"inLanguage":"az"},{"@type":"WebPage","@id":"https:\/\/www.meydan.tv\/az\/article\/vaqif-dergahli-dinc-ehaliye-ates-acmamaq-emri-verilib\/","url":"https:\/\/www.meydan.tv\/az\/article\/vaqif-dergahli-dinc-ehaliye-ates-acmamaq-emri-verilib\/","name":"Vaqif D\u0259rgahl\u0131: ''Dinc \u0259haliy\u0259 at\u0259\u015f a\u00e7mamaq \u0259mri verilib'' - MEYDAN.TV","isPartOf":{"@id":"https:\/\/www.meydan.tv\/az\/#website"},"primaryImageOfPage":{"@id":"https:\/\/www.meydan.tv\/az\/article\/vaqif-dergahli-dinc-ehaliye-ates-acmamaq-emri-verilib\/#primaryimage"},"image":{"@id":"https:\/\/www.meydan.tv\/az\/article\/vaqif-dergahli-dinc-ehaliye-ates-acmamaq-emri-verilib\/#primaryimage"},"thumbnailUrl":"https:\/\/www.meydan.tv\/wp-content\/uploads\/21265.jpg","datePublished":"2016-04-29T19:06:27+00:00","breadcrumb":{"@id":"https:\/\/www.meydan.tv\/az\/article\/vaqif-dergahli-dinc-ehaliye-ates-acmamaq-emri-verilib\/#breadcrumb"},"inLanguage":"az","potentialAction":[{"@type":"ReadAction","target":["https:\/\/www.meydan.tv\/az\/article\/vaqif-dergahli-dinc-ehaliye-ates-acmamaq-emri-verilib\/"]}]},{"@type":"ImageObject","inLanguage":"az","@id":"https:\/\/www.meydan.tv\/az\/article\/vaqif-dergahli-dinc-ehaliye-ates-acmamaq-emri-verilib\/#primaryimage","url":"https:\/\/www.meydan.tv\/wp-content\/uploads\/21265.jpg","contentUrl":"https:\/\/www.meydan.tv\/wp-content\/uploads\/21265.jpg","width":750,"height":500,"caption":"Source:"},{"@type":"BreadcrumbList","@id":"https:\/\/www.meydan.tv\/az\/article\/vaqif-dergahli-dinc-ehaliye-ates-acmamaq-emri-verilib\/#breadcrumb","itemListElement":[{"@type":"ListItem","position":1,"name":"Ana s\u0259hif\u0259","item":"https:\/\/www.meydan.tv\/az\/"},{"@type":"ListItem","position":2,"name":"Analitika","item":"https:\/\/www.meydan.tv\/az\/section\/analitika\/"},{"@type":"ListItem","position":3,"name":"Vaqif D\u0259rgahl\u0131: &#8221;Dinc \u0259haliy\u0259 at\u0259\u015f a\u00e7mamaq \u0259mri verilib&#8221;"}]},{"@type":"WebSite","@id":"https:\/\/www.meydan.tv\/az\/#website","url":"https:\/\/www.meydan.tv\/az\/","name":"MEYDAN.TV","description":"Meydan TV Az\u0259rbaycan\u0131n media m\u0259kan\u0131ndak\u0131 alternativ s\u0259sidir","publisher":{"@id":"https:\/\/www.meydan.tv\/az\/#organization"},"potentialAction":[{"@type":"SearchAction","target":{"@type":"EntryPoint","urlTemplate":"https:\/\/www.meydan.tv\/az\/?s={search_term_string}"},"query-input":{"@type":"PropertyValueSpecification","valueRequired":true,"valueName":"search_term_string"}}],"inLanguage":"az"},{"@type":"Organization","@id":"https:\/\/www.meydan.tv\/az\/#organization","name":"Meydan TV","url":"https:\/\/www.meydan.tv\/az\/","logo":{"@type":"ImageObject","inLanguage":"az","@id":"https:\/\/www.meydan.tv\/az\/#\/schema\/logo\/image\/","url":"https:\/\/www.meydan.tv\/wp-content\/uploads\/2021\/07\/meydan-logo.svg","contentUrl":"https:\/\/www.meydan.tv\/wp-content\/uploads\/2021\/07\/meydan-logo.svg","width":195,"height":46,"caption":"Meydan TV"},"image":{"@id":"https:\/\/www.meydan.tv\/az\/#\/schema\/logo\/image\/"}},{"@type":"Person","@id":"https:\/\/www.meydan.tv\/az\/#\/schema\/person\/10d11eccf6da3662cf5fdab9806ea91a","name":"user-manager"}]}},"_links":{"self":[{"href":"https:\/\/www.meydan.tv\/az\/wp-json\/wp\/v2\/posts\/175583","targetHints":{"allow":["GET"]}}],"collection":[{"href":"https:\/\/www.meydan.tv\/az\/wp-json\/wp\/v2\/posts"}],"about":[{"href":"https:\/\/www.meydan.tv\/az\/wp-json\/wp\/v2\/types\/post"}],"author":[{"embeddable":true,"href":"https:\/\/www.meydan.tv\/az\/wp-json\/wp\/v2\/users\/11"}],"replies":[{"embeddable":true,"href":"https:\/\/www.meydan.tv\/az\/wp-json\/wp\/v2\/comments?post=175583"}],"version-history":[{"count":0,"href":"https:\/\/www.meydan.tv\/az\/wp-json\/wp\/v2\/posts\/175583\/revisions"}],"wp:featuredmedia":[{"embeddable":true,"href":"https:\/\/www.meydan.tv\/az\/wp-json\/wp\/v2\/media\/55197"}],"wp:attachment":[{"href":"https:\/\/www.meydan.tv\/az\/wp-json\/wp\/v2\/media?parent=175583"}],"wp:term":[{"taxonomy":"category","embeddable":true,"href":"https:\/\/www.meydan.tv\/az\/wp-json\/wp\/v2\/categories?post=175583"},{"taxonomy":"post_tag","embeddable":true,"href":"https:\/\/www.meydan.tv\/az\/wp-json\/wp\/v2\/tags?post=175583"}],"curies":[{"name":"wp","href":"https:\/\/api.w.org\/{rel}","templated":true}]}}