{"id":175582,"date":"2016-04-29T18:49:35","date_gmt":"2016-04-29T18:49:35","guid":{"rendered":"https:\/\/www.meydan.tv\/article\/elmar-memmedyarov-moskvanin-tekliflerinin-tehlukeliliyine-isare-vurub\/"},"modified":"2016-04-29T18:49:35","modified_gmt":"2016-04-29T18:49:35","slug":"elmar-memmedyarov-moskvanin-tekliflerinin-tehlukeliliyine-isare-vurub","status":"publish","type":"post","link":"https:\/\/www.meydan.tv\/az\/article\/elmar-memmedyarov-moskvanin-tekliflerinin-tehlukeliliyine-isare-vurub\/","title":{"rendered":"&#8221;Elmar M\u0259mm\u0259dyarov Moskvan\u0131n t\u0259klifl\u0259rinin t\u0259hl\u00fck\u0259liliyin\u0259 i\u015far\u0259 vurub&#8221;"},"content":{"rendered":"<figure class=\"wp-block-image size-large\">\n  <img decoding=\"async\" src=\"https:\/\/www.meydan.tv\/az\/ilqar-velizade-4\/\" alt=\"\u0130lqar V\u0259lizad\u0259\" class=\"wp-image-56232\"\/><figcaption>\n    \u0130lqar V\u0259lizad\u0259<br \/>\n  <\/figcaption><\/figure>\n<p>\n  <i><br \/>\n    \u0130lqar V\u0259lizad\u0259: &#8221;C\u0259nab nazir a\u00e7\u0131q dan\u0131\u015fa bilm\u0259zdi&#8221;<br \/>\n  <\/i>\n<\/p>\n<p>\n  \u201cRusiyan\u0131n Da\u011fl\u0131q Qaraba\u011f m\u00fcnaqi\u015f\u0259sinin h\u0259lli il\u0259 ba\u011fl\u0131 aktivliyi aysberq kimidir\u201d.\n<\/p>\n<p>\n  Bu s\u00f6zl\u0259ri Az\u0259rbaycan\u0131n xarici i\u015fl\u0259r naziri\u00a0Elmar M\u0259mm\u0259dyarov maltal\u0131 h\u0259mkar\u0131 Corc Vella il\u0259 g\u00f6r\u00fc\u015fd\u0259n sonra ke\u00e7iril\u0259n m\u0259tbuat konfrans\u0131nda deyib.\n<\/p>\n<p>\n  Nazir bildirib ki, h\u0259r k\u0259s aysberqin \u00fcst t\u0259r\u0259fini g\u00f6r\u00fcr: \u201cAmma bunun a\u015fa\u011f\u0131 t\u0259r\u0259fi d\u0259 var. M\u0259s\u0259l\u0259ni a\u00e7\u0131qlamaq tezdir. B\u0259zi maraql\u0131 fikirl\u0259r s\u00f6yl\u0259yibl\u0259r. Yen\u0259 d\u0259 ham\u0131s\u0131 yenil\u0259nmi\u015f Madrid prinsipl\u0259ri \u0259sas\u0131ndad\u0131r. Rusiyan\u0131n t\u0259klifl\u0259r ir\u0259li s\u00fcrm\u0259si bizim \u00fc\u00e7\u00fcn d\u0259 maraql\u0131d\u0131r. Rusiya biz\u0259 m\u0259rh\u0259l\u0259li \u015f\u0259kild\u0259 h\u0259ll t\u0259klif edib. Amma ilk n\u00f6vb\u0259d\u0259 erm\u0259nil\u0259r i\u015f\u011fal olunmu\u015f Az\u0259rbaycan torpaqlar\u0131ndan \u00e7\u0259kilm\u0259lidir\u201d.\n<\/p>\n<p>\n  APA-n\u0131n m\u0259lumat\u0131na g\u00f6r\u0259, nazir Rusiyan\u0131n\u00a0AT\u018fT-d\u0259ki n\u00fcmay\u0259nd\u0259liyinin Az\u0259rbaycan\u0131n\u00a0AT\u018fT -d\u0259ki n\u00fcmay\u0259nd\u0259liyin\u0259 aprelin 12-d\u0259 nota verm\u0259si m\u0259s\u0259l\u0259sin\u0259 d\u0259 ayd\u0131nl\u0131q g\u0259tirib: \u201c1994-1995-ci ill\u0259rd\u0259 at\u0259\u015fk\u0259sl\u0259 ba\u011fl\u0131 anla\u015fmalar var idi. At\u0259\u015fk\u0259s apreld\u0259 pozulanda Az\u0259rbaycan b\u0259yan etdi ki, Erm\u0259nistan\u0131n h\u0259r\u0259k\u0259ti bu anla\u015fmalar\u0131 sual alt\u0131nda qoyur. Rusiya t\u0259r\u0259fi v\u0259 h\u0259ms\u0259drl\u0259r d\u0259 biz\u0259 bildirdil\u0259r ki, 1994-1995 at\u0259\u015fk\u0259s anla\u015fmalar\u0131n\u0131 tam d\u0259st\u0259kl\u0259yirl\u0259r. Bildiyiniz kimi, at\u0259\u015fk\u0259sin yeni m\u0259rh\u0259l\u0259si Moskvada raz\u0131la\u015fd\u0131r\u0131l\u0131b. Biz d\u0259 d\u00fc\u015f\u00fcn\u00fcr\u00fck ki at\u0259\u015fk\u0259sin g\u00fccl\u0259ndirilm\u0259si m\u00fch\u00fcm m\u0259s\u0259l\u0259dir. M\u00fcharib\u0259 yolu il\u0259 m\u0259s\u0259l\u0259ni h\u0259ll etm\u0259k olmaz. Biz h\u0259mi\u015f\u0259 deyirik ki, s\u00fclh dan\u0131\u015f\u0131qlar\u0131n\u0131n t\u0259r\u0259fdar\u0131y\u0131q. Amma n\u0259tic\u0259 olmal\u0131d\u0131r. Bu, o dem\u0259k deyil ki, daha 25 il dan\u0131\u015f\u0131qlar aparmal\u0131y\u0131q. Biz deyirik ki, hans\u0131 yolla olur olsun, amma ir\u0259li ged\u0259k\u201d.\n<\/p>\n<p>\n  Az\u0259rbaycan xarici i\u015fl\u0259r naziri Elmar M\u0259mm\u0259dyarovun fikirl\u0259rini Meydan TV-y\u0259 \u015f\u0259rh ed\u0259n siyasi \u015f\u0259rh\u00e7i \u0130lqar V\u0259lizad\u0259 bildirir ki, aysberqin g\u00f6r\u00fcnm\u0259y\u0259n t\u0259r\u0259fi 5 rayonun qaytar\u0131lmas\u0131, Rusiyan\u0131n s\u00fclhm\u0259raml\u0131lar\u0131n\u0131n b\u00f6lg\u0259y\u0259 yerl\u0259\u015fdirilm\u0259si, s\u0259rh\u0259dl\u0259rin a\u00e7\u0131lmas\u0131 v\u0259 dig\u0259r m\u0259s\u0259l\u0259l\u0259r n\u0259z\u0259rd\u0259 tutulur: &#8220;Bunlar\u0131n b\u0259zil\u0259ri m\u0259lumdur, qalanlar\u0131n\u0131 ehtimal ed\u0259 bil\u0259rik. \u018fslind\u0259, nazir M\u0259mm\u0259dyarov &#8220;h\u0259r k\u0259s aysberqin \u00fcst&#8221; dey\u0259nd\u0259, Moskvan\u0131n t\u0259klifl\u0259rinin t\u0259hl\u00fck\u0259liliyin\u0259 d\u0259 i\u015far\u0259 vurub. C\u0259nab nazir a\u00e7\u0131q dan\u0131\u015fa bilm\u0259zdi, s\u00fclhm\u0259raml\u0131lar\u0131n b\u00f6lg\u0259y\u0259 yerl\u0259\u015fdirilm\u0259si \u00e7ox m\u00fc\u0259mmal\u0131 v\u0259 m\u00fc\u0259yy\u0259n m\u0259qamlar\u0131 \u00f6z\u00fcnd\u0259 ehtiva ed\u0259n m\u0259s\u0259l\u0259dir. Bunlar Rusiyan\u0131 qane ets\u0259 d\u0259, Az\u0259rbaycan\u0131 qane etmirdi. Ona g\u00f6r\u0259 d\u0259 Kazan dan\u0131\u015fqlar\u0131 ba\u015f tutmad\u0131, h\u0259tta Lavrov da Az\u0259rbaycan t\u0259klifl\u0259ri b\u0259y\u0259nm\u0259diyini bildirdi. V\u0259 Erm\u0259nistan Kazan t\u0259klifl\u0259rini q\u0259bul etmi\u015fdi. \u00c7\u00fcnki Kazan t\u0259klifl\u0259rind\u0259 Rusiya s\u00fclhm\u0259raml\u0131lar\u0131ndan \u0259lav\u0259 t\u0259r\u0259fl\u0259rin g\u00fccd\u0259n istifad\u0259 etm\u0259y\u0259c\u0259yi bar\u0259d\u0259 d\u0259 b\u0259ndl\u0259r vard\u0131&#8221;.<\/p>\n","protected":false},"excerpt":{"rendered":"<p>\u0130lqar V\u0259lizad\u0259: &#8221;C\u0259nab nazir a\u00e7\u0131q dan\u0131\u015fa bilm\u0259zdi&#8221;<\/p>\n","protected":false},"author":11,"featured_media":56232,"comment_status":"closed","ping_status":"open","sticky":false,"template":"","format":"standard","meta":{"_acf_changed":false,"_sitemap_exclude":false,"_sitemap_priority":"","_sitemap_frequency":"","footnotes":""},"categories":[51],"tags":[],"class_list":["post-175582","post","type-post","status-publish","format-standard","has-post-thumbnail","hentry","category-analitika","infinite-scroll-item","generate-columns","tablet-grid-50","mobile-grid-100","grid-parent","grid-33","no-featured-image-padding"],"acf":[],"yoast_head":"<!-- This site is optimized with the Yoast SEO plugin v27.5 - https:\/\/yoast.com\/product\/yoast-seo-wordpress\/ -->\n<title>&#039;&#039;Elmar M\u0259mm\u0259dyarov Moskvan\u0131n t\u0259klifl\u0259rinin t\u0259hl\u00fck\u0259liliyin\u0259 i\u015far\u0259 vurub&#039;&#039; - MEYDAN.TV<\/title>\n<meta name=\"robots\" content=\"index, follow, max-snippet:-1, max-image-preview:large, max-video-preview:-1\" \/>\n<link rel=\"canonical\" href=\"https:\/\/www.meydan.tv\/az\/article\/elmar-memmedyarov-moskvanin-tekliflerinin-tehlukeliliyine-isare-vurub\/\" \/>\n<meta property=\"og:locale\" content=\"az_AZ\" \/>\n<meta property=\"og:type\" content=\"article\" \/>\n<meta property=\"og:title\" content=\"&#039;&#039;Elmar M\u0259mm\u0259dyarov Moskvan\u0131n t\u0259klifl\u0259rinin t\u0259hl\u00fck\u0259liliyin\u0259 i\u015far\u0259 vurub&#039;&#039; - MEYDAN.TV\" \/>\n<meta property=\"og:description\" content=\"\u0130lqar V\u0259lizad\u0259: &#039;&#039;C\u0259nab nazir a\u00e7\u0131q dan\u0131\u015fa bilm\u0259zdi&#039;&#039;\" \/>\n<meta property=\"og:url\" content=\"https:\/\/www.meydan.tv\/az\/article\/elmar-memmedyarov-moskvanin-tekliflerinin-tehlukeliliyine-isare-vurub\/\" \/>\n<meta property=\"og:site_name\" content=\"MEYDAN.TV\" \/>\n<meta property=\"article:published_time\" content=\"2016-04-29T18:49:35+00:00\" \/>\n<meta property=\"og:image\" content=\"https:\/\/www.meydan.tv\/wp-content\/uploads\/21264.jpg\" \/>\n\t<meta property=\"og:image:width\" content=\"768\" \/>\n\t<meta property=\"og:image:height\" content=\"415\" \/>\n\t<meta property=\"og:image:type\" content=\"image\/jpeg\" \/>\n<meta name=\"author\" content=\"user-manager\" \/>\n<meta name=\"twitter:card\" content=\"summary_large_image\" \/>\n<script type=\"application\/ld+json\" class=\"yoast-schema-graph\">{\"@context\":\"https:\\\/\\\/schema.org\",\"@graph\":[{\"@type\":\"Article\",\"@id\":\"https:\\\/\\\/www.meydan.tv\\\/az\\\/article\\\/elmar-memmedyarov-moskvanin-tekliflerinin-tehlukeliliyine-isare-vurub\\\/#article\",\"isPartOf\":{\"@id\":\"https:\\\/\\\/www.meydan.tv\\\/az\\\/article\\\/elmar-memmedyarov-moskvanin-tekliflerinin-tehlukeliliyine-isare-vurub\\\/\"},\"author\":{\"name\":\"user-manager\",\"@id\":\"https:\\\/\\\/www.meydan.tv\\\/az\\\/#\\\/schema\\\/person\\\/10d11eccf6da3662cf5fdab9806ea91a\"},\"headline\":\"&#8221;Elmar M\u0259mm\u0259dyarov Moskvan\u0131n t\u0259klifl\u0259rinin t\u0259hl\u00fck\u0259liliyin\u0259 i\u015far\u0259 vurub&#8221;\",\"datePublished\":\"2016-04-29T18:49:35+00:00\",\"mainEntityOfPage\":{\"@id\":\"https:\\\/\\\/www.meydan.tv\\\/az\\\/article\\\/elmar-memmedyarov-moskvanin-tekliflerinin-tehlukeliliyine-isare-vurub\\\/\"},\"wordCount\":607,\"publisher\":{\"@id\":\"https:\\\/\\\/www.meydan.tv\\\/az\\\/#organization\"},\"image\":{\"@id\":\"https:\\\/\\\/www.meydan.tv\\\/az\\\/article\\\/elmar-memmedyarov-moskvanin-tekliflerinin-tehlukeliliyine-isare-vurub\\\/#primaryimage\"},\"thumbnailUrl\":\"https:\\\/\\\/www.meydan.tv\\\/wp-content\\\/uploads\\\/21264.jpg\",\"articleSection\":[\"Analitika\"],\"inLanguage\":\"az\"},{\"@type\":\"WebPage\",\"@id\":\"https:\\\/\\\/www.meydan.tv\\\/az\\\/article\\\/elmar-memmedyarov-moskvanin-tekliflerinin-tehlukeliliyine-isare-vurub\\\/\",\"url\":\"https:\\\/\\\/www.meydan.tv\\\/az\\\/article\\\/elmar-memmedyarov-moskvanin-tekliflerinin-tehlukeliliyine-isare-vurub\\\/\",\"name\":\"''Elmar M\u0259mm\u0259dyarov Moskvan\u0131n t\u0259klifl\u0259rinin t\u0259hl\u00fck\u0259liliyin\u0259 i\u015far\u0259 vurub'' - MEYDAN.TV\",\"isPartOf\":{\"@id\":\"https:\\\/\\\/www.meydan.tv\\\/az\\\/#website\"},\"primaryImageOfPage\":{\"@id\":\"https:\\\/\\\/www.meydan.tv\\\/az\\\/article\\\/elmar-memmedyarov-moskvanin-tekliflerinin-tehlukeliliyine-isare-vurub\\\/#primaryimage\"},\"image\":{\"@id\":\"https:\\\/\\\/www.meydan.tv\\\/az\\\/article\\\/elmar-memmedyarov-moskvanin-tekliflerinin-tehlukeliliyine-isare-vurub\\\/#primaryimage\"},\"thumbnailUrl\":\"https:\\\/\\\/www.meydan.tv\\\/wp-content\\\/uploads\\\/21264.jpg\",\"datePublished\":\"2016-04-29T18:49:35+00:00\",\"breadcrumb\":{\"@id\":\"https:\\\/\\\/www.meydan.tv\\\/az\\\/article\\\/elmar-memmedyarov-moskvanin-tekliflerinin-tehlukeliliyine-isare-vurub\\\/#breadcrumb\"},\"inLanguage\":\"az\",\"potentialAction\":[{\"@type\":\"ReadAction\",\"target\":[\"https:\\\/\\\/www.meydan.tv\\\/az\\\/article\\\/elmar-memmedyarov-moskvanin-tekliflerinin-tehlukeliliyine-isare-vurub\\\/\"]}]},{\"@type\":\"ImageObject\",\"inLanguage\":\"az\",\"@id\":\"https:\\\/\\\/www.meydan.tv\\\/az\\\/article\\\/elmar-memmedyarov-moskvanin-tekliflerinin-tehlukeliliyine-isare-vurub\\\/#primaryimage\",\"url\":\"https:\\\/\\\/www.meydan.tv\\\/wp-content\\\/uploads\\\/21264.jpg\",\"contentUrl\":\"https:\\\/\\\/www.meydan.tv\\\/wp-content\\\/uploads\\\/21264.jpg\",\"width\":768,\"height\":415,\"caption\":\"Source:\"},{\"@type\":\"BreadcrumbList\",\"@id\":\"https:\\\/\\\/www.meydan.tv\\\/az\\\/article\\\/elmar-memmedyarov-moskvanin-tekliflerinin-tehlukeliliyine-isare-vurub\\\/#breadcrumb\",\"itemListElement\":[{\"@type\":\"ListItem\",\"position\":1,\"name\":\"Ana s\u0259hif\u0259\",\"item\":\"https:\\\/\\\/www.meydan.tv\\\/az\\\/\"},{\"@type\":\"ListItem\",\"position\":2,\"name\":\"Analitika\",\"item\":\"https:\\\/\\\/www.meydan.tv\\\/az\\\/section\\\/analitika\\\/\"},{\"@type\":\"ListItem\",\"position\":3,\"name\":\"&#8221;Elmar M\u0259mm\u0259dyarov Moskvan\u0131n t\u0259klifl\u0259rinin t\u0259hl\u00fck\u0259liliyin\u0259 i\u015far\u0259 vurub&#8221;\"}]},{\"@type\":\"WebSite\",\"@id\":\"https:\\\/\\\/www.meydan.tv\\\/az\\\/#website\",\"url\":\"https:\\\/\\\/www.meydan.tv\\\/az\\\/\",\"name\":\"MEYDAN.TV\",\"description\":\"Meydan TV Az\u0259rbaycan\u0131n media m\u0259kan\u0131ndak\u0131 alternativ s\u0259sidir\",\"publisher\":{\"@id\":\"https:\\\/\\\/www.meydan.tv\\\/az\\\/#organization\"},\"potentialAction\":[{\"@type\":\"SearchAction\",\"target\":{\"@type\":\"EntryPoint\",\"urlTemplate\":\"https:\\\/\\\/www.meydan.tv\\\/az\\\/?s={search_term_string}\"},\"query-input\":{\"@type\":\"PropertyValueSpecification\",\"valueRequired\":true,\"valueName\":\"search_term_string\"}}],\"inLanguage\":\"az\"},{\"@type\":\"Organization\",\"@id\":\"https:\\\/\\\/www.meydan.tv\\\/az\\\/#organization\",\"name\":\"Meydan TV\",\"url\":\"https:\\\/\\\/www.meydan.tv\\\/az\\\/\",\"logo\":{\"@type\":\"ImageObject\",\"inLanguage\":\"az\",\"@id\":\"https:\\\/\\\/www.meydan.tv\\\/az\\\/#\\\/schema\\\/logo\\\/image\\\/\",\"url\":\"https:\\\/\\\/www.meydan.tv\\\/wp-content\\\/uploads\\\/2021\\\/07\\\/meydan-logo.svg\",\"contentUrl\":\"https:\\\/\\\/www.meydan.tv\\\/wp-content\\\/uploads\\\/2021\\\/07\\\/meydan-logo.svg\",\"width\":195,\"height\":46,\"caption\":\"Meydan TV\"},\"image\":{\"@id\":\"https:\\\/\\\/www.meydan.tv\\\/az\\\/#\\\/schema\\\/logo\\\/image\\\/\"}},{\"@type\":\"Person\",\"@id\":\"https:\\\/\\\/www.meydan.tv\\\/az\\\/#\\\/schema\\\/person\\\/10d11eccf6da3662cf5fdab9806ea91a\",\"name\":\"user-manager\"}]}<\/script>\n<!-- \/ Yoast SEO plugin. -->","yoast_head_json":{"title":"''Elmar M\u0259mm\u0259dyarov Moskvan\u0131n t\u0259klifl\u0259rinin t\u0259hl\u00fck\u0259liliyin\u0259 i\u015far\u0259 vurub'' - MEYDAN.TV","robots":{"index":"index","follow":"follow","max-snippet":"max-snippet:-1","max-image-preview":"max-image-preview:large","max-video-preview":"max-video-preview:-1"},"canonical":"https:\/\/www.meydan.tv\/az\/article\/elmar-memmedyarov-moskvanin-tekliflerinin-tehlukeliliyine-isare-vurub\/","og_locale":"az_AZ","og_type":"article","og_title":"''Elmar M\u0259mm\u0259dyarov Moskvan\u0131n t\u0259klifl\u0259rinin t\u0259hl\u00fck\u0259liliyin\u0259 i\u015far\u0259 vurub'' - MEYDAN.TV","og_description":"\u0130lqar V\u0259lizad\u0259: ''C\u0259nab nazir a\u00e7\u0131q dan\u0131\u015fa bilm\u0259zdi''","og_url":"https:\/\/www.meydan.tv\/az\/article\/elmar-memmedyarov-moskvanin-tekliflerinin-tehlukeliliyine-isare-vurub\/","og_site_name":"MEYDAN.TV","article_published_time":"2016-04-29T18:49:35+00:00","og_image":[{"width":768,"height":415,"url":"https:\/\/www.meydan.tv\/wp-content\/uploads\/21264.jpg","type":"image\/jpeg"}],"author":"user-manager","twitter_card":"summary_large_image","schema":{"@context":"https:\/\/schema.org","@graph":[{"@type":"Article","@id":"https:\/\/www.meydan.tv\/az\/article\/elmar-memmedyarov-moskvanin-tekliflerinin-tehlukeliliyine-isare-vurub\/#article","isPartOf":{"@id":"https:\/\/www.meydan.tv\/az\/article\/elmar-memmedyarov-moskvanin-tekliflerinin-tehlukeliliyine-isare-vurub\/"},"author":{"name":"user-manager","@id":"https:\/\/www.meydan.tv\/az\/#\/schema\/person\/10d11eccf6da3662cf5fdab9806ea91a"},"headline":"&#8221;Elmar M\u0259mm\u0259dyarov Moskvan\u0131n t\u0259klifl\u0259rinin t\u0259hl\u00fck\u0259liliyin\u0259 i\u015far\u0259 vurub&#8221;","datePublished":"2016-04-29T18:49:35+00:00","mainEntityOfPage":{"@id":"https:\/\/www.meydan.tv\/az\/article\/elmar-memmedyarov-moskvanin-tekliflerinin-tehlukeliliyine-isare-vurub\/"},"wordCount":607,"publisher":{"@id":"https:\/\/www.meydan.tv\/az\/#organization"},"image":{"@id":"https:\/\/www.meydan.tv\/az\/article\/elmar-memmedyarov-moskvanin-tekliflerinin-tehlukeliliyine-isare-vurub\/#primaryimage"},"thumbnailUrl":"https:\/\/www.meydan.tv\/wp-content\/uploads\/21264.jpg","articleSection":["Analitika"],"inLanguage":"az"},{"@type":"WebPage","@id":"https:\/\/www.meydan.tv\/az\/article\/elmar-memmedyarov-moskvanin-tekliflerinin-tehlukeliliyine-isare-vurub\/","url":"https:\/\/www.meydan.tv\/az\/article\/elmar-memmedyarov-moskvanin-tekliflerinin-tehlukeliliyine-isare-vurub\/","name":"''Elmar M\u0259mm\u0259dyarov Moskvan\u0131n t\u0259klifl\u0259rinin t\u0259hl\u00fck\u0259liliyin\u0259 i\u015far\u0259 vurub'' - MEYDAN.TV","isPartOf":{"@id":"https:\/\/www.meydan.tv\/az\/#website"},"primaryImageOfPage":{"@id":"https:\/\/www.meydan.tv\/az\/article\/elmar-memmedyarov-moskvanin-tekliflerinin-tehlukeliliyine-isare-vurub\/#primaryimage"},"image":{"@id":"https:\/\/www.meydan.tv\/az\/article\/elmar-memmedyarov-moskvanin-tekliflerinin-tehlukeliliyine-isare-vurub\/#primaryimage"},"thumbnailUrl":"https:\/\/www.meydan.tv\/wp-content\/uploads\/21264.jpg","datePublished":"2016-04-29T18:49:35+00:00","breadcrumb":{"@id":"https:\/\/www.meydan.tv\/az\/article\/elmar-memmedyarov-moskvanin-tekliflerinin-tehlukeliliyine-isare-vurub\/#breadcrumb"},"inLanguage":"az","potentialAction":[{"@type":"ReadAction","target":["https:\/\/www.meydan.tv\/az\/article\/elmar-memmedyarov-moskvanin-tekliflerinin-tehlukeliliyine-isare-vurub\/"]}]},{"@type":"ImageObject","inLanguage":"az","@id":"https:\/\/www.meydan.tv\/az\/article\/elmar-memmedyarov-moskvanin-tekliflerinin-tehlukeliliyine-isare-vurub\/#primaryimage","url":"https:\/\/www.meydan.tv\/wp-content\/uploads\/21264.jpg","contentUrl":"https:\/\/www.meydan.tv\/wp-content\/uploads\/21264.jpg","width":768,"height":415,"caption":"Source:"},{"@type":"BreadcrumbList","@id":"https:\/\/www.meydan.tv\/az\/article\/elmar-memmedyarov-moskvanin-tekliflerinin-tehlukeliliyine-isare-vurub\/#breadcrumb","itemListElement":[{"@type":"ListItem","position":1,"name":"Ana s\u0259hif\u0259","item":"https:\/\/www.meydan.tv\/az\/"},{"@type":"ListItem","position":2,"name":"Analitika","item":"https:\/\/www.meydan.tv\/az\/section\/analitika\/"},{"@type":"ListItem","position":3,"name":"&#8221;Elmar M\u0259mm\u0259dyarov Moskvan\u0131n t\u0259klifl\u0259rinin t\u0259hl\u00fck\u0259liliyin\u0259 i\u015far\u0259 vurub&#8221;"}]},{"@type":"WebSite","@id":"https:\/\/www.meydan.tv\/az\/#website","url":"https:\/\/www.meydan.tv\/az\/","name":"MEYDAN.TV","description":"Meydan TV Az\u0259rbaycan\u0131n media m\u0259kan\u0131ndak\u0131 alternativ s\u0259sidir","publisher":{"@id":"https:\/\/www.meydan.tv\/az\/#organization"},"potentialAction":[{"@type":"SearchAction","target":{"@type":"EntryPoint","urlTemplate":"https:\/\/www.meydan.tv\/az\/?s={search_term_string}"},"query-input":{"@type":"PropertyValueSpecification","valueRequired":true,"valueName":"search_term_string"}}],"inLanguage":"az"},{"@type":"Organization","@id":"https:\/\/www.meydan.tv\/az\/#organization","name":"Meydan TV","url":"https:\/\/www.meydan.tv\/az\/","logo":{"@type":"ImageObject","inLanguage":"az","@id":"https:\/\/www.meydan.tv\/az\/#\/schema\/logo\/image\/","url":"https:\/\/www.meydan.tv\/wp-content\/uploads\/2021\/07\/meydan-logo.svg","contentUrl":"https:\/\/www.meydan.tv\/wp-content\/uploads\/2021\/07\/meydan-logo.svg","width":195,"height":46,"caption":"Meydan TV"},"image":{"@id":"https:\/\/www.meydan.tv\/az\/#\/schema\/logo\/image\/"}},{"@type":"Person","@id":"https:\/\/www.meydan.tv\/az\/#\/schema\/person\/10d11eccf6da3662cf5fdab9806ea91a","name":"user-manager"}]}},"_links":{"self":[{"href":"https:\/\/www.meydan.tv\/az\/wp-json\/wp\/v2\/posts\/175582","targetHints":{"allow":["GET"]}}],"collection":[{"href":"https:\/\/www.meydan.tv\/az\/wp-json\/wp\/v2\/posts"}],"about":[{"href":"https:\/\/www.meydan.tv\/az\/wp-json\/wp\/v2\/types\/post"}],"author":[{"embeddable":true,"href":"https:\/\/www.meydan.tv\/az\/wp-json\/wp\/v2\/users\/11"}],"replies":[{"embeddable":true,"href":"https:\/\/www.meydan.tv\/az\/wp-json\/wp\/v2\/comments?post=175582"}],"version-history":[{"count":0,"href":"https:\/\/www.meydan.tv\/az\/wp-json\/wp\/v2\/posts\/175582\/revisions"}],"wp:featuredmedia":[{"embeddable":true,"href":"https:\/\/www.meydan.tv\/az\/wp-json\/wp\/v2\/media\/56232"}],"wp:attachment":[{"href":"https:\/\/www.meydan.tv\/az\/wp-json\/wp\/v2\/media?parent=175582"}],"wp:term":[{"taxonomy":"category","embeddable":true,"href":"https:\/\/www.meydan.tv\/az\/wp-json\/wp\/v2\/categories?post=175582"},{"taxonomy":"post_tag","embeddable":true,"href":"https:\/\/www.meydan.tv\/az\/wp-json\/wp\/v2\/tags?post=175582"}],"curies":[{"name":"wp","href":"https:\/\/api.w.org\/{rel}","templated":true}]}}