{"id":175572,"date":"2016-04-29T16:11:44","date_gmt":"2016-04-29T16:11:44","guid":{"rendered":"https:\/\/www.meydan.tv\/article\/elmar-memmedyarov-serj-sarkisyanin-sertlerinden-danisdi\/"},"modified":"2016-04-29T16:11:44","modified_gmt":"2016-04-29T16:11:44","slug":"elmar-memmedyarov-serj-sarkisyanin-sertlerinden-danisdi","status":"publish","type":"post","link":"https:\/\/www.meydan.tv\/az\/article\/elmar-memmedyarov-serj-sarkisyanin-sertlerinden-danisdi\/","title":{"rendered":"Elmar M\u0259mm\u0259dyarov Serj Sarkisyan\u0131n \u015f\u0259rtl\u0259rind\u0259n dan\u0131\u015fd\u0131"},"content":{"rendered":"<figure class=\"wp-block-image size-large\">\n  <img decoding=\"async\" src=\"https:\/\/www.meydan.tv\/az\/56217\/\" alt=\"\" class=\"wp-image-56217\"\/><figcaption><\/figcaption><\/figure>\n<p>\n  <i><br \/>\n    &#8221;\u015e\u0259rtl\u0259rl\u0259 s\u00fclh prosesin\u0259 k\u00f6m\u0259k etm\u0259k olmaz, bu, s\u00fclh prosesini \u00f6ld\u00fcrm\u0259kdir&#8221;<br \/>\n  <\/i>\n<\/p>\n<p>\n  \u201cAz\u0259rbaycan dan\u0131\u015f\u0131qlardan \u00e7\u0131xmay\u0131b v\u0259 biz\u0259 dan\u0131\u015f\u0131qlar\u0131n n\u0259tic\u0259sinin olmas\u0131 laz\u0131md\u0131r\u201d.<\/p>\n<p>  APA-n\u0131n m\u0259lumat\u0131na g\u00f6r\u0259, bunu xarici i\u015fl\u0259r naziri Elmar M\u0259mm\u0259dyarov maltal\u0131 h\u0259mkar\u0131 Corc Vella il\u0259 g\u00f6r\u00fc\u015fd\u0259n sonra ke\u00e7iril\u0259n m\u0259tbuat konfrans\u0131nda deyib.<\/p>\n<p>  O, bir ne\u00e7\u0259 g\u00fcn \u0259vv\u0259l Erm\u0259nistan\u0131n dan\u0131\u015f\u0131qlardan \u00e7\u0131xmas\u0131 bar\u0259d\u0259 prezident Sarkisyan\u0131n, daha sonra is\u0259 Erm\u0259nistan\u0131n dan\u0131\u015f\u0131qlar\u0131 davam etdirm\u0259k niyy\u0259tind\u0259 oldu\u011fu bar\u0259d\u0259 xarici i\u015fl\u0259r nazirinin b\u0259yanat\u0131n\u0131 xat\u0131rlad\u0131b: \u201c\u0130ndi is\u0259 Sarkisyan dan\u0131\u015f\u0131qlar\u0131 b\u0259rpa etm\u0259k \u00fc\u00e7\u00fcn 3 \u015f\u0259rt ir\u0259li s\u00fcr\u00fcb. \u015e\u0259rtl\u0259 m\u0259s\u0259l\u0259ni h\u0259ll etm\u0259k m\u00fcmk\u00fcn deyil.<\/p>\n<p>  Erm\u0259nistanda ciddi m\u00fczakir\u0259l\u0259r gedir v\u0259 t\u0259hlil edirl\u0259r. Ham\u0131 \u00fc\u00e7\u00fcn b\u0259llidir ki, status-kvo q\u0259buledilm\u0259zdir. Status-kvonun saxlanmas\u0131 n\u0259 dan\u0131\u015f\u0131qlara, n\u0259 d\u0259 s\u00fclh\u0259 k\u00f6m\u0259k edir.<\/p>\n<p>  Dan\u0131\u015f\u0131qlara is\u0259 hans\u0131sa \u015f\u0259rtl\u0259rl\u0259 g\u0259lm\u0259k olmaz. \u0130r\u0259vanda d\u00fc\u015f\u00fcn\u00fcrl\u0259rs\u0259 ki, \u015f\u0259rtl\u0259rl\u0259 prosesi uzada bil\u0259rl\u0259r, bu, \u00e7ox sad\u0259l\u00f6vh d\u00fc\u015f\u00fcnc\u0259dir. Proses yerind\u0259n t\u0259rp\u0259nm\u0259lidir. \u018fn b\u00f6y\u00fck t\u0259hl\u00fck\u0259 Erm\u0259nistan qo\u015funlar\u0131n i\u015f\u011fal olunmu\u015f Az\u0259rbaycan \u0259razil\u0259rind\u0259 olmas\u0131d\u0131r. Bu m\u0259s\u0259l\u0259ni n\u0259 q\u0259d\u0259r tez h\u0259ll ets\u0259k, o q\u0259d\u0259r imkan yaranacaq. \u015e\u0259rtl\u0259rl\u0259 s\u00fclh prosesin\u0259 k\u00f6m\u0259k etm\u0259k olmaz, bu, s\u00fclh prosesini \u00f6ld\u00fcrm\u0259kdir&#8221;.\n<\/p><\/p>\n","protected":false},"excerpt":{"rendered":"<p>&#8221;\u015e\u0259rtl\u0259rl\u0259 s\u00fclh prosesin\u0259 k\u00f6m\u0259k etm\u0259k olmaz, bu, s\u00fclh prosesini \u00f6ld\u00fcrm\u0259kdir&#8221;<\/p>\n","protected":false},"author":11,"featured_media":56217,"comment_status":"closed","ping_status":"open","sticky":false,"template":"","format":"standard","meta":{"_acf_changed":false,"_sitemap_exclude":false,"_sitemap_priority":"","_sitemap_frequency":"","footnotes":""},"categories":[51],"tags":[],"class_list":["post-175572","post","type-post","status-publish","format-standard","has-post-thumbnail","hentry","category-analitika","infinite-scroll-item","generate-columns","tablet-grid-50","mobile-grid-100","grid-parent","grid-33","no-featured-image-padding"],"acf":[],"yoast_head":"<!-- This site is optimized with the Yoast SEO plugin v27.5 - https:\/\/yoast.com\/product\/yoast-seo-wordpress\/ -->\n<title>Elmar M\u0259mm\u0259dyarov Serj Sarkisyan\u0131n \u015f\u0259rtl\u0259rind\u0259n dan\u0131\u015fd\u0131 - MEYDAN.TV<\/title>\n<meta name=\"robots\" content=\"index, follow, max-snippet:-1, max-image-preview:large, max-video-preview:-1\" \/>\n<link rel=\"canonical\" href=\"https:\/\/www.meydan.tv\/az\/article\/elmar-memmedyarov-serj-sarkisyanin-sertlerinden-danisdi\/\" \/>\n<meta property=\"og:locale\" content=\"az_AZ\" \/>\n<meta property=\"og:type\" content=\"article\" \/>\n<meta property=\"og:title\" content=\"Elmar M\u0259mm\u0259dyarov Serj Sarkisyan\u0131n \u015f\u0259rtl\u0259rind\u0259n dan\u0131\u015fd\u0131 - MEYDAN.TV\" \/>\n<meta property=\"og:description\" content=\"&#039;&#039;\u015e\u0259rtl\u0259rl\u0259 s\u00fclh prosesin\u0259 k\u00f6m\u0259k etm\u0259k olmaz, bu, s\u00fclh prosesini \u00f6ld\u00fcrm\u0259kdir&#039;&#039;\" \/>\n<meta property=\"og:url\" content=\"https:\/\/www.meydan.tv\/az\/article\/elmar-memmedyarov-serj-sarkisyanin-sertlerinden-danisdi\/\" \/>\n<meta property=\"og:site_name\" content=\"MEYDAN.TV\" \/>\n<meta property=\"article:published_time\" content=\"2016-04-29T16:11:44+00:00\" \/>\n<meta property=\"og:image\" content=\"https:\/\/www.meydan.tv\/wp-content\/uploads\/21252.jpg\" \/>\n\t<meta property=\"og:image:width\" content=\"800\" \/>\n\t<meta property=\"og:image:height\" content=\"382\" \/>\n\t<meta property=\"og:image:type\" content=\"image\/jpeg\" \/>\n<meta name=\"author\" content=\"user-manager\" \/>\n<meta name=\"twitter:card\" content=\"summary_large_image\" \/>\n<script type=\"application\/ld+json\" class=\"yoast-schema-graph\">{\"@context\":\"https:\\\/\\\/schema.org\",\"@graph\":[{\"@type\":\"Article\",\"@id\":\"https:\\\/\\\/www.meydan.tv\\\/az\\\/article\\\/elmar-memmedyarov-serj-sarkisyanin-sertlerinden-danisdi\\\/#article\",\"isPartOf\":{\"@id\":\"https:\\\/\\\/www.meydan.tv\\\/az\\\/article\\\/elmar-memmedyarov-serj-sarkisyanin-sertlerinden-danisdi\\\/\"},\"author\":{\"name\":\"user-manager\",\"@id\":\"https:\\\/\\\/www.meydan.tv\\\/az\\\/#\\\/schema\\\/person\\\/10d11eccf6da3662cf5fdab9806ea91a\"},\"headline\":\"Elmar M\u0259mm\u0259dyarov Serj Sarkisyan\u0131n \u015f\u0259rtl\u0259rind\u0259n dan\u0131\u015fd\u0131\",\"datePublished\":\"2016-04-29T16:11:44+00:00\",\"mainEntityOfPage\":{\"@id\":\"https:\\\/\\\/www.meydan.tv\\\/az\\\/article\\\/elmar-memmedyarov-serj-sarkisyanin-sertlerinden-danisdi\\\/\"},\"wordCount\":294,\"publisher\":{\"@id\":\"https:\\\/\\\/www.meydan.tv\\\/az\\\/#organization\"},\"image\":{\"@id\":\"https:\\\/\\\/www.meydan.tv\\\/az\\\/article\\\/elmar-memmedyarov-serj-sarkisyanin-sertlerinden-danisdi\\\/#primaryimage\"},\"thumbnailUrl\":\"https:\\\/\\\/www.meydan.tv\\\/wp-content\\\/uploads\\\/21252.jpg\",\"articleSection\":[\"Analitika\"],\"inLanguage\":\"az\"},{\"@type\":\"WebPage\",\"@id\":\"https:\\\/\\\/www.meydan.tv\\\/az\\\/article\\\/elmar-memmedyarov-serj-sarkisyanin-sertlerinden-danisdi\\\/\",\"url\":\"https:\\\/\\\/www.meydan.tv\\\/az\\\/article\\\/elmar-memmedyarov-serj-sarkisyanin-sertlerinden-danisdi\\\/\",\"name\":\"Elmar M\u0259mm\u0259dyarov Serj Sarkisyan\u0131n \u015f\u0259rtl\u0259rind\u0259n dan\u0131\u015fd\u0131 - MEYDAN.TV\",\"isPartOf\":{\"@id\":\"https:\\\/\\\/www.meydan.tv\\\/az\\\/#website\"},\"primaryImageOfPage\":{\"@id\":\"https:\\\/\\\/www.meydan.tv\\\/az\\\/article\\\/elmar-memmedyarov-serj-sarkisyanin-sertlerinden-danisdi\\\/#primaryimage\"},\"image\":{\"@id\":\"https:\\\/\\\/www.meydan.tv\\\/az\\\/article\\\/elmar-memmedyarov-serj-sarkisyanin-sertlerinden-danisdi\\\/#primaryimage\"},\"thumbnailUrl\":\"https:\\\/\\\/www.meydan.tv\\\/wp-content\\\/uploads\\\/21252.jpg\",\"datePublished\":\"2016-04-29T16:11:44+00:00\",\"breadcrumb\":{\"@id\":\"https:\\\/\\\/www.meydan.tv\\\/az\\\/article\\\/elmar-memmedyarov-serj-sarkisyanin-sertlerinden-danisdi\\\/#breadcrumb\"},\"inLanguage\":\"az\",\"potentialAction\":[{\"@type\":\"ReadAction\",\"target\":[\"https:\\\/\\\/www.meydan.tv\\\/az\\\/article\\\/elmar-memmedyarov-serj-sarkisyanin-sertlerinden-danisdi\\\/\"]}]},{\"@type\":\"ImageObject\",\"inLanguage\":\"az\",\"@id\":\"https:\\\/\\\/www.meydan.tv\\\/az\\\/article\\\/elmar-memmedyarov-serj-sarkisyanin-sertlerinden-danisdi\\\/#primaryimage\",\"url\":\"https:\\\/\\\/www.meydan.tv\\\/wp-content\\\/uploads\\\/21252.jpg\",\"contentUrl\":\"https:\\\/\\\/www.meydan.tv\\\/wp-content\\\/uploads\\\/21252.jpg\",\"width\":800,\"height\":382,\"caption\":\"Source:\"},{\"@type\":\"BreadcrumbList\",\"@id\":\"https:\\\/\\\/www.meydan.tv\\\/az\\\/article\\\/elmar-memmedyarov-serj-sarkisyanin-sertlerinden-danisdi\\\/#breadcrumb\",\"itemListElement\":[{\"@type\":\"ListItem\",\"position\":1,\"name\":\"Ana s\u0259hif\u0259\",\"item\":\"https:\\\/\\\/www.meydan.tv\\\/az\\\/\"},{\"@type\":\"ListItem\",\"position\":2,\"name\":\"Analitika\",\"item\":\"https:\\\/\\\/www.meydan.tv\\\/az\\\/section\\\/analitika\\\/\"},{\"@type\":\"ListItem\",\"position\":3,\"name\":\"Elmar M\u0259mm\u0259dyarov Serj Sarkisyan\u0131n \u015f\u0259rtl\u0259rind\u0259n dan\u0131\u015fd\u0131\"}]},{\"@type\":\"WebSite\",\"@id\":\"https:\\\/\\\/www.meydan.tv\\\/az\\\/#website\",\"url\":\"https:\\\/\\\/www.meydan.tv\\\/az\\\/\",\"name\":\"MEYDAN.TV\",\"description\":\"Meydan TV Az\u0259rbaycan\u0131n media m\u0259kan\u0131ndak\u0131 alternativ s\u0259sidir\",\"publisher\":{\"@id\":\"https:\\\/\\\/www.meydan.tv\\\/az\\\/#organization\"},\"potentialAction\":[{\"@type\":\"SearchAction\",\"target\":{\"@type\":\"EntryPoint\",\"urlTemplate\":\"https:\\\/\\\/www.meydan.tv\\\/az\\\/?s={search_term_string}\"},\"query-input\":{\"@type\":\"PropertyValueSpecification\",\"valueRequired\":true,\"valueName\":\"search_term_string\"}}],\"inLanguage\":\"az\"},{\"@type\":\"Organization\",\"@id\":\"https:\\\/\\\/www.meydan.tv\\\/az\\\/#organization\",\"name\":\"Meydan TV\",\"url\":\"https:\\\/\\\/www.meydan.tv\\\/az\\\/\",\"logo\":{\"@type\":\"ImageObject\",\"inLanguage\":\"az\",\"@id\":\"https:\\\/\\\/www.meydan.tv\\\/az\\\/#\\\/schema\\\/logo\\\/image\\\/\",\"url\":\"https:\\\/\\\/www.meydan.tv\\\/wp-content\\\/uploads\\\/2021\\\/07\\\/meydan-logo.svg\",\"contentUrl\":\"https:\\\/\\\/www.meydan.tv\\\/wp-content\\\/uploads\\\/2021\\\/07\\\/meydan-logo.svg\",\"width\":195,\"height\":46,\"caption\":\"Meydan TV\"},\"image\":{\"@id\":\"https:\\\/\\\/www.meydan.tv\\\/az\\\/#\\\/schema\\\/logo\\\/image\\\/\"}},{\"@type\":\"Person\",\"@id\":\"https:\\\/\\\/www.meydan.tv\\\/az\\\/#\\\/schema\\\/person\\\/10d11eccf6da3662cf5fdab9806ea91a\",\"name\":\"user-manager\"}]}<\/script>\n<!-- \/ Yoast SEO plugin. -->","yoast_head_json":{"title":"Elmar M\u0259mm\u0259dyarov Serj Sarkisyan\u0131n \u015f\u0259rtl\u0259rind\u0259n dan\u0131\u015fd\u0131 - MEYDAN.TV","robots":{"index":"index","follow":"follow","max-snippet":"max-snippet:-1","max-image-preview":"max-image-preview:large","max-video-preview":"max-video-preview:-1"},"canonical":"https:\/\/www.meydan.tv\/az\/article\/elmar-memmedyarov-serj-sarkisyanin-sertlerinden-danisdi\/","og_locale":"az_AZ","og_type":"article","og_title":"Elmar M\u0259mm\u0259dyarov Serj Sarkisyan\u0131n \u015f\u0259rtl\u0259rind\u0259n dan\u0131\u015fd\u0131 - MEYDAN.TV","og_description":"''\u015e\u0259rtl\u0259rl\u0259 s\u00fclh prosesin\u0259 k\u00f6m\u0259k etm\u0259k olmaz, bu, s\u00fclh prosesini \u00f6ld\u00fcrm\u0259kdir''","og_url":"https:\/\/www.meydan.tv\/az\/article\/elmar-memmedyarov-serj-sarkisyanin-sertlerinden-danisdi\/","og_site_name":"MEYDAN.TV","article_published_time":"2016-04-29T16:11:44+00:00","og_image":[{"width":800,"height":382,"url":"https:\/\/www.meydan.tv\/wp-content\/uploads\/21252.jpg","type":"image\/jpeg"}],"author":"user-manager","twitter_card":"summary_large_image","schema":{"@context":"https:\/\/schema.org","@graph":[{"@type":"Article","@id":"https:\/\/www.meydan.tv\/az\/article\/elmar-memmedyarov-serj-sarkisyanin-sertlerinden-danisdi\/#article","isPartOf":{"@id":"https:\/\/www.meydan.tv\/az\/article\/elmar-memmedyarov-serj-sarkisyanin-sertlerinden-danisdi\/"},"author":{"name":"user-manager","@id":"https:\/\/www.meydan.tv\/az\/#\/schema\/person\/10d11eccf6da3662cf5fdab9806ea91a"},"headline":"Elmar M\u0259mm\u0259dyarov Serj Sarkisyan\u0131n \u015f\u0259rtl\u0259rind\u0259n dan\u0131\u015fd\u0131","datePublished":"2016-04-29T16:11:44+00:00","mainEntityOfPage":{"@id":"https:\/\/www.meydan.tv\/az\/article\/elmar-memmedyarov-serj-sarkisyanin-sertlerinden-danisdi\/"},"wordCount":294,"publisher":{"@id":"https:\/\/www.meydan.tv\/az\/#organization"},"image":{"@id":"https:\/\/www.meydan.tv\/az\/article\/elmar-memmedyarov-serj-sarkisyanin-sertlerinden-danisdi\/#primaryimage"},"thumbnailUrl":"https:\/\/www.meydan.tv\/wp-content\/uploads\/21252.jpg","articleSection":["Analitika"],"inLanguage":"az"},{"@type":"WebPage","@id":"https:\/\/www.meydan.tv\/az\/article\/elmar-memmedyarov-serj-sarkisyanin-sertlerinden-danisdi\/","url":"https:\/\/www.meydan.tv\/az\/article\/elmar-memmedyarov-serj-sarkisyanin-sertlerinden-danisdi\/","name":"Elmar M\u0259mm\u0259dyarov Serj Sarkisyan\u0131n \u015f\u0259rtl\u0259rind\u0259n dan\u0131\u015fd\u0131 - MEYDAN.TV","isPartOf":{"@id":"https:\/\/www.meydan.tv\/az\/#website"},"primaryImageOfPage":{"@id":"https:\/\/www.meydan.tv\/az\/article\/elmar-memmedyarov-serj-sarkisyanin-sertlerinden-danisdi\/#primaryimage"},"image":{"@id":"https:\/\/www.meydan.tv\/az\/article\/elmar-memmedyarov-serj-sarkisyanin-sertlerinden-danisdi\/#primaryimage"},"thumbnailUrl":"https:\/\/www.meydan.tv\/wp-content\/uploads\/21252.jpg","datePublished":"2016-04-29T16:11:44+00:00","breadcrumb":{"@id":"https:\/\/www.meydan.tv\/az\/article\/elmar-memmedyarov-serj-sarkisyanin-sertlerinden-danisdi\/#breadcrumb"},"inLanguage":"az","potentialAction":[{"@type":"ReadAction","target":["https:\/\/www.meydan.tv\/az\/article\/elmar-memmedyarov-serj-sarkisyanin-sertlerinden-danisdi\/"]}]},{"@type":"ImageObject","inLanguage":"az","@id":"https:\/\/www.meydan.tv\/az\/article\/elmar-memmedyarov-serj-sarkisyanin-sertlerinden-danisdi\/#primaryimage","url":"https:\/\/www.meydan.tv\/wp-content\/uploads\/21252.jpg","contentUrl":"https:\/\/www.meydan.tv\/wp-content\/uploads\/21252.jpg","width":800,"height":382,"caption":"Source:"},{"@type":"BreadcrumbList","@id":"https:\/\/www.meydan.tv\/az\/article\/elmar-memmedyarov-serj-sarkisyanin-sertlerinden-danisdi\/#breadcrumb","itemListElement":[{"@type":"ListItem","position":1,"name":"Ana s\u0259hif\u0259","item":"https:\/\/www.meydan.tv\/az\/"},{"@type":"ListItem","position":2,"name":"Analitika","item":"https:\/\/www.meydan.tv\/az\/section\/analitika\/"},{"@type":"ListItem","position":3,"name":"Elmar M\u0259mm\u0259dyarov Serj Sarkisyan\u0131n \u015f\u0259rtl\u0259rind\u0259n dan\u0131\u015fd\u0131"}]},{"@type":"WebSite","@id":"https:\/\/www.meydan.tv\/az\/#website","url":"https:\/\/www.meydan.tv\/az\/","name":"MEYDAN.TV","description":"Meydan TV Az\u0259rbaycan\u0131n media m\u0259kan\u0131ndak\u0131 alternativ s\u0259sidir","publisher":{"@id":"https:\/\/www.meydan.tv\/az\/#organization"},"potentialAction":[{"@type":"SearchAction","target":{"@type":"EntryPoint","urlTemplate":"https:\/\/www.meydan.tv\/az\/?s={search_term_string}"},"query-input":{"@type":"PropertyValueSpecification","valueRequired":true,"valueName":"search_term_string"}}],"inLanguage":"az"},{"@type":"Organization","@id":"https:\/\/www.meydan.tv\/az\/#organization","name":"Meydan TV","url":"https:\/\/www.meydan.tv\/az\/","logo":{"@type":"ImageObject","inLanguage":"az","@id":"https:\/\/www.meydan.tv\/az\/#\/schema\/logo\/image\/","url":"https:\/\/www.meydan.tv\/wp-content\/uploads\/2021\/07\/meydan-logo.svg","contentUrl":"https:\/\/www.meydan.tv\/wp-content\/uploads\/2021\/07\/meydan-logo.svg","width":195,"height":46,"caption":"Meydan TV"},"image":{"@id":"https:\/\/www.meydan.tv\/az\/#\/schema\/logo\/image\/"}},{"@type":"Person","@id":"https:\/\/www.meydan.tv\/az\/#\/schema\/person\/10d11eccf6da3662cf5fdab9806ea91a","name":"user-manager"}]}},"_links":{"self":[{"href":"https:\/\/www.meydan.tv\/az\/wp-json\/wp\/v2\/posts\/175572","targetHints":{"allow":["GET"]}}],"collection":[{"href":"https:\/\/www.meydan.tv\/az\/wp-json\/wp\/v2\/posts"}],"about":[{"href":"https:\/\/www.meydan.tv\/az\/wp-json\/wp\/v2\/types\/post"}],"author":[{"embeddable":true,"href":"https:\/\/www.meydan.tv\/az\/wp-json\/wp\/v2\/users\/11"}],"replies":[{"embeddable":true,"href":"https:\/\/www.meydan.tv\/az\/wp-json\/wp\/v2\/comments?post=175572"}],"version-history":[{"count":0,"href":"https:\/\/www.meydan.tv\/az\/wp-json\/wp\/v2\/posts\/175572\/revisions"}],"wp:featuredmedia":[{"embeddable":true,"href":"https:\/\/www.meydan.tv\/az\/wp-json\/wp\/v2\/media\/56217"}],"wp:attachment":[{"href":"https:\/\/www.meydan.tv\/az\/wp-json\/wp\/v2\/media?parent=175572"}],"wp:term":[{"taxonomy":"category","embeddable":true,"href":"https:\/\/www.meydan.tv\/az\/wp-json\/wp\/v2\/categories?post=175572"},{"taxonomy":"post_tag","embeddable":true,"href":"https:\/\/www.meydan.tv\/az\/wp-json\/wp\/v2\/tags?post=175572"}],"curies":[{"name":"wp","href":"https:\/\/api.w.org\/{rel}","templated":true}]}}