{"id":175568,"date":"2016-04-29T14:52:30","date_gmt":"2016-04-29T14:52:30","guid":{"rendered":"https:\/\/www.meydan.tv\/article\/oqtay-esedov-ferec-quliyevin-cixisina-irad-tutdu\/"},"modified":"2016-04-29T14:52:30","modified_gmt":"2016-04-29T14:52:30","slug":"oqtay-esedov-ferec-quliyevin-cixisina-irad-tutdu","status":"publish","type":"post","link":"https:\/\/www.meydan.tv\/az\/article\/oqtay-esedov-ferec-quliyevin-cixisina-irad-tutdu\/","title":{"rendered":"Oqtay \u018fs\u0259dov F\u0259r\u0259c Quliyevin \u00e7\u0131x\u0131\u015f\u0131na irad tutdu"},"content":{"rendered":"<figure class=\"wp-block-image size-large\">\n  <img decoding=\"async\" src=\"https:\/\/www.meydan.tv\/az\/56193\/\" alt=\"\" class=\"wp-image-56193\"\/><figcaption><\/figcaption><\/figure>\n<p>\n  <i><br \/>\n    &#8221;Sarkisyandan tez-tez sitat g\u0259tirirsiniz, bu, d\u00fczg\u00fcn deyil&#8221;<br \/>\n  <\/i>\n<\/p>\n<p>\n  Milli M\u0259clisin s\u0259dri Oqtay \u018fs\u0259dov c\u0259bh\u0259d\u0259 ba\u015f ver\u0259n g\u0259rginlikl\u0259 ba\u011fl\u0131 deputatlara x\u0259b\u0259rdarl\u0131q edib.<\/p>\n<p>  APA-n\u0131n m\u0259lumat\u0131na g\u00f6r\u0259, O. \u018fs\u0259dov deputatlara c\u0259bh\u0259d\u0259 ba\u015f ver\u0259nl\u0259rl\u0259 ba\u011fl\u0131 \u00e7\u0131x\u0131\u015flar\u0131nda diqq\u0259tli olma\u011f\u0131 m\u0259sl\u0259h\u0259t g\u00f6r\u00fcb. O deyib ki, deputatlar\u0131n b\u0259yanatlar\u0131 v\u0259 \u00e7\u0131x\u0131\u015flar\u0131ndak\u0131 yanl\u0131\u015fl\u0131qlar pis n\u0259tic\u0259l\u0259r ver\u0259 bil\u0259r: \u201cBundan ba\u015fqa, m\u0259n dostluq qruplar\u0131n\u0131n r\u0259hb\u0259rl\u0259rin\u0259 tap\u015f\u0131r\u0131ram ki, \u0259m\u0259kda\u015fl\u0131q etdikl\u0259ri \u00f6lk\u0259l\u0259rd\u0259ki h\u0259mkarlar\u0131na m\u0259ktublar g\u00f6nd\u0259rsinl\u0259r, h\u0259qiq\u0259ti onlara \u00e7atd\u0131rs\u0131nlar. Ad \u00e7\u0259km\u0259y\u0259c\u0259y\u0259m, bu yax\u0131nlarda bir \u00f6lk\u0259nin n\u00fcmay\u0259nd\u0259 hey\u0259tinin r\u0259hb\u0259ri x\u0259rit\u0259ni qaba\u011f\u0131na qoyub soru\u015fur ki, Da\u011fl\u0131q Qaraba\u011f hans\u0131 \u00f6lk\u0259nindir, Erm\u0259nistan\u0131nd\u0131r? Bel\u0259 biab\u0131r\u00e7\u0131l\u0131qlar olmamal\u0131d\u0131r. Biz aktiv \u00e7al\u0131\u015fmal\u0131y\u0131q\u201d.<\/p>\n<p>  O. \u018fs\u0259dov x\u0259b\u0259r saytlar\u0131 v\u0259 sosial \u015f\u0259b\u0259k\u0259 istifad\u0259\u00e7il\u0259rini d\u0259 c\u0259bh\u0259 x\u0259b\u0259rl\u0259ri il\u0259 ba\u011fl\u0131 payla\u015f\u0131mlar\u0131nda diqq\u0259tli olma\u011fa \u00e7a\u011f\u0131r\u0131b.<\/p>\n<p>  F\u0259r\u0259c Quliyevin Serj S\u0259rkisyan\u0131n \u00e7\u0131x\u0131\u015f\u0131ndan bir ne\u00e7\u0259 d\u0259f\u0259 sitat g\u0259tir\u0259r\u0259k Erm\u0259nistan hakimiyy\u0259tin\u0259 qar\u015f\u0131 kampaniya qurulmas\u0131 t\u0259klfin\u0259 Milli M\u0259clisin s\u0259dri m\u0259nfi cavab verib: &#8220;Sarkisyandan tez-tez sitat g\u0259tirirsiniz, bu, d\u00fczg\u00fcn deyil. Erm\u0259nistan hakimiyy\u0259ti ba\u015f\u0131n\u0131 itirib. \u0130ki g\u00fcn qabaq Sarkisyan b\u0259yanat verir ki, dan\u0131\u015f\u0131qlar\u0131 dayand\u0131r\u0131r. D\u00fcn\u0259n is\u0259 onun xarici i\u015fl\u0259r naziri a\u00e7\u0131qlama verir ki, dan\u0131\u015f\u0131qlara sadiqdirl\u0259r. Bel\u0259 ba\u015f\u0131n\u0131 itirmi\u015f adamdan n\u0259 \u00e7ox sitat g\u0259tirirsiniz?..\u201d<\/p>\n","protected":false},"excerpt":{"rendered":"<p>&#8221;Sarkisyandan tez-tez sitat g\u0259tirirsiniz, bu, d\u00fczg\u00fcn deyil&#8221;<\/p>\n","protected":false},"author":11,"featured_media":56193,"comment_status":"closed","ping_status":"open","sticky":false,"template":"","format":"standard","meta":{"_acf_changed":false,"_sitemap_exclude":false,"_sitemap_priority":"","_sitemap_frequency":"","footnotes":""},"categories":[51],"tags":[],"class_list":["post-175568","post","type-post","status-publish","format-standard","has-post-thumbnail","hentry","category-analitika","infinite-scroll-item","generate-columns","tablet-grid-50","mobile-grid-100","grid-parent","grid-33","no-featured-image-padding"],"acf":[],"yoast_head":"<!-- This site is optimized with the Yoast SEO plugin v27.5 - https:\/\/yoast.com\/product\/yoast-seo-wordpress\/ -->\n<title>Oqtay \u018fs\u0259dov F\u0259r\u0259c Quliyevin \u00e7\u0131x\u0131\u015f\u0131na irad tutdu - MEYDAN.TV<\/title>\n<meta name=\"robots\" content=\"index, follow, max-snippet:-1, max-image-preview:large, max-video-preview:-1\" \/>\n<link rel=\"canonical\" href=\"https:\/\/www.meydan.tv\/az\/article\/oqtay-esedov-ferec-quliyevin-cixisina-irad-tutdu\/\" \/>\n<meta property=\"og:locale\" content=\"az_AZ\" \/>\n<meta property=\"og:type\" content=\"article\" \/>\n<meta property=\"og:title\" content=\"Oqtay \u018fs\u0259dov F\u0259r\u0259c Quliyevin \u00e7\u0131x\u0131\u015f\u0131na irad tutdu - MEYDAN.TV\" \/>\n<meta property=\"og:description\" content=\"&#039;&#039;Sarkisyandan tez-tez sitat g\u0259tirirsiniz, bu, d\u00fczg\u00fcn deyil&#039;&#039;\" \/>\n<meta property=\"og:url\" content=\"https:\/\/www.meydan.tv\/az\/article\/oqtay-esedov-ferec-quliyevin-cixisina-irad-tutdu\/\" \/>\n<meta property=\"og:site_name\" content=\"MEYDAN.TV\" \/>\n<meta property=\"article:published_time\" content=\"2016-04-29T14:52:30+00:00\" \/>\n<meta property=\"og:image\" content=\"https:\/\/www.meydan.tv\/wp-content\/uploads\/21248.jpg\" \/>\n\t<meta property=\"og:image:width\" content=\"750\" \/>\n\t<meta property=\"og:image:height\" content=\"561\" \/>\n\t<meta property=\"og:image:type\" content=\"image\/jpeg\" \/>\n<meta name=\"author\" content=\"user-manager\" \/>\n<meta name=\"twitter:card\" content=\"summary_large_image\" \/>\n<script type=\"application\/ld+json\" class=\"yoast-schema-graph\">{\"@context\":\"https:\\\/\\\/schema.org\",\"@graph\":[{\"@type\":\"Article\",\"@id\":\"https:\\\/\\\/www.meydan.tv\\\/az\\\/article\\\/oqtay-esedov-ferec-quliyevin-cixisina-irad-tutdu\\\/#article\",\"isPartOf\":{\"@id\":\"https:\\\/\\\/www.meydan.tv\\\/az\\\/article\\\/oqtay-esedov-ferec-quliyevin-cixisina-irad-tutdu\\\/\"},\"author\":{\"name\":\"user-manager\",\"@id\":\"https:\\\/\\\/www.meydan.tv\\\/az\\\/#\\\/schema\\\/person\\\/10d11eccf6da3662cf5fdab9806ea91a\"},\"headline\":\"Oqtay \u018fs\u0259dov F\u0259r\u0259c Quliyevin \u00e7\u0131x\u0131\u015f\u0131na irad tutdu\",\"datePublished\":\"2016-04-29T14:52:30+00:00\",\"mainEntityOfPage\":{\"@id\":\"https:\\\/\\\/www.meydan.tv\\\/az\\\/article\\\/oqtay-esedov-ferec-quliyevin-cixisina-irad-tutdu\\\/\"},\"wordCount\":327,\"publisher\":{\"@id\":\"https:\\\/\\\/www.meydan.tv\\\/az\\\/#organization\"},\"image\":{\"@id\":\"https:\\\/\\\/www.meydan.tv\\\/az\\\/article\\\/oqtay-esedov-ferec-quliyevin-cixisina-irad-tutdu\\\/#primaryimage\"},\"thumbnailUrl\":\"https:\\\/\\\/www.meydan.tv\\\/wp-content\\\/uploads\\\/21248.jpg\",\"articleSection\":[\"Analitika\"],\"inLanguage\":\"az\"},{\"@type\":\"WebPage\",\"@id\":\"https:\\\/\\\/www.meydan.tv\\\/az\\\/article\\\/oqtay-esedov-ferec-quliyevin-cixisina-irad-tutdu\\\/\",\"url\":\"https:\\\/\\\/www.meydan.tv\\\/az\\\/article\\\/oqtay-esedov-ferec-quliyevin-cixisina-irad-tutdu\\\/\",\"name\":\"Oqtay \u018fs\u0259dov F\u0259r\u0259c Quliyevin \u00e7\u0131x\u0131\u015f\u0131na irad tutdu - MEYDAN.TV\",\"isPartOf\":{\"@id\":\"https:\\\/\\\/www.meydan.tv\\\/az\\\/#website\"},\"primaryImageOfPage\":{\"@id\":\"https:\\\/\\\/www.meydan.tv\\\/az\\\/article\\\/oqtay-esedov-ferec-quliyevin-cixisina-irad-tutdu\\\/#primaryimage\"},\"image\":{\"@id\":\"https:\\\/\\\/www.meydan.tv\\\/az\\\/article\\\/oqtay-esedov-ferec-quliyevin-cixisina-irad-tutdu\\\/#primaryimage\"},\"thumbnailUrl\":\"https:\\\/\\\/www.meydan.tv\\\/wp-content\\\/uploads\\\/21248.jpg\",\"datePublished\":\"2016-04-29T14:52:30+00:00\",\"breadcrumb\":{\"@id\":\"https:\\\/\\\/www.meydan.tv\\\/az\\\/article\\\/oqtay-esedov-ferec-quliyevin-cixisina-irad-tutdu\\\/#breadcrumb\"},\"inLanguage\":\"az\",\"potentialAction\":[{\"@type\":\"ReadAction\",\"target\":[\"https:\\\/\\\/www.meydan.tv\\\/az\\\/article\\\/oqtay-esedov-ferec-quliyevin-cixisina-irad-tutdu\\\/\"]}]},{\"@type\":\"ImageObject\",\"inLanguage\":\"az\",\"@id\":\"https:\\\/\\\/www.meydan.tv\\\/az\\\/article\\\/oqtay-esedov-ferec-quliyevin-cixisina-irad-tutdu\\\/#primaryimage\",\"url\":\"https:\\\/\\\/www.meydan.tv\\\/wp-content\\\/uploads\\\/21248.jpg\",\"contentUrl\":\"https:\\\/\\\/www.meydan.tv\\\/wp-content\\\/uploads\\\/21248.jpg\",\"width\":750,\"height\":561,\"caption\":\"Source:\"},{\"@type\":\"BreadcrumbList\",\"@id\":\"https:\\\/\\\/www.meydan.tv\\\/az\\\/article\\\/oqtay-esedov-ferec-quliyevin-cixisina-irad-tutdu\\\/#breadcrumb\",\"itemListElement\":[{\"@type\":\"ListItem\",\"position\":1,\"name\":\"Ana s\u0259hif\u0259\",\"item\":\"https:\\\/\\\/www.meydan.tv\\\/az\\\/\"},{\"@type\":\"ListItem\",\"position\":2,\"name\":\"Analitika\",\"item\":\"https:\\\/\\\/www.meydan.tv\\\/az\\\/section\\\/analitika\\\/\"},{\"@type\":\"ListItem\",\"position\":3,\"name\":\"Oqtay \u018fs\u0259dov F\u0259r\u0259c Quliyevin \u00e7\u0131x\u0131\u015f\u0131na irad tutdu\"}]},{\"@type\":\"WebSite\",\"@id\":\"https:\\\/\\\/www.meydan.tv\\\/az\\\/#website\",\"url\":\"https:\\\/\\\/www.meydan.tv\\\/az\\\/\",\"name\":\"MEYDAN.TV\",\"description\":\"Meydan TV Az\u0259rbaycan\u0131n media m\u0259kan\u0131ndak\u0131 alternativ s\u0259sidir\",\"publisher\":{\"@id\":\"https:\\\/\\\/www.meydan.tv\\\/az\\\/#organization\"},\"potentialAction\":[{\"@type\":\"SearchAction\",\"target\":{\"@type\":\"EntryPoint\",\"urlTemplate\":\"https:\\\/\\\/www.meydan.tv\\\/az\\\/?s={search_term_string}\"},\"query-input\":{\"@type\":\"PropertyValueSpecification\",\"valueRequired\":true,\"valueName\":\"search_term_string\"}}],\"inLanguage\":\"az\"},{\"@type\":\"Organization\",\"@id\":\"https:\\\/\\\/www.meydan.tv\\\/az\\\/#organization\",\"name\":\"Meydan TV\",\"url\":\"https:\\\/\\\/www.meydan.tv\\\/az\\\/\",\"logo\":{\"@type\":\"ImageObject\",\"inLanguage\":\"az\",\"@id\":\"https:\\\/\\\/www.meydan.tv\\\/az\\\/#\\\/schema\\\/logo\\\/image\\\/\",\"url\":\"https:\\\/\\\/www.meydan.tv\\\/wp-content\\\/uploads\\\/2021\\\/07\\\/meydan-logo.svg\",\"contentUrl\":\"https:\\\/\\\/www.meydan.tv\\\/wp-content\\\/uploads\\\/2021\\\/07\\\/meydan-logo.svg\",\"width\":195,\"height\":46,\"caption\":\"Meydan TV\"},\"image\":{\"@id\":\"https:\\\/\\\/www.meydan.tv\\\/az\\\/#\\\/schema\\\/logo\\\/image\\\/\"}},{\"@type\":\"Person\",\"@id\":\"https:\\\/\\\/www.meydan.tv\\\/az\\\/#\\\/schema\\\/person\\\/10d11eccf6da3662cf5fdab9806ea91a\",\"name\":\"user-manager\"}]}<\/script>\n<!-- \/ Yoast SEO plugin. -->","yoast_head_json":{"title":"Oqtay \u018fs\u0259dov F\u0259r\u0259c Quliyevin \u00e7\u0131x\u0131\u015f\u0131na irad tutdu - MEYDAN.TV","robots":{"index":"index","follow":"follow","max-snippet":"max-snippet:-1","max-image-preview":"max-image-preview:large","max-video-preview":"max-video-preview:-1"},"canonical":"https:\/\/www.meydan.tv\/az\/article\/oqtay-esedov-ferec-quliyevin-cixisina-irad-tutdu\/","og_locale":"az_AZ","og_type":"article","og_title":"Oqtay \u018fs\u0259dov F\u0259r\u0259c Quliyevin \u00e7\u0131x\u0131\u015f\u0131na irad tutdu - MEYDAN.TV","og_description":"''Sarkisyandan tez-tez sitat g\u0259tirirsiniz, bu, d\u00fczg\u00fcn deyil''","og_url":"https:\/\/www.meydan.tv\/az\/article\/oqtay-esedov-ferec-quliyevin-cixisina-irad-tutdu\/","og_site_name":"MEYDAN.TV","article_published_time":"2016-04-29T14:52:30+00:00","og_image":[{"width":750,"height":561,"url":"https:\/\/www.meydan.tv\/wp-content\/uploads\/21248.jpg","type":"image\/jpeg"}],"author":"user-manager","twitter_card":"summary_large_image","schema":{"@context":"https:\/\/schema.org","@graph":[{"@type":"Article","@id":"https:\/\/www.meydan.tv\/az\/article\/oqtay-esedov-ferec-quliyevin-cixisina-irad-tutdu\/#article","isPartOf":{"@id":"https:\/\/www.meydan.tv\/az\/article\/oqtay-esedov-ferec-quliyevin-cixisina-irad-tutdu\/"},"author":{"name":"user-manager","@id":"https:\/\/www.meydan.tv\/az\/#\/schema\/person\/10d11eccf6da3662cf5fdab9806ea91a"},"headline":"Oqtay \u018fs\u0259dov F\u0259r\u0259c Quliyevin \u00e7\u0131x\u0131\u015f\u0131na irad tutdu","datePublished":"2016-04-29T14:52:30+00:00","mainEntityOfPage":{"@id":"https:\/\/www.meydan.tv\/az\/article\/oqtay-esedov-ferec-quliyevin-cixisina-irad-tutdu\/"},"wordCount":327,"publisher":{"@id":"https:\/\/www.meydan.tv\/az\/#organization"},"image":{"@id":"https:\/\/www.meydan.tv\/az\/article\/oqtay-esedov-ferec-quliyevin-cixisina-irad-tutdu\/#primaryimage"},"thumbnailUrl":"https:\/\/www.meydan.tv\/wp-content\/uploads\/21248.jpg","articleSection":["Analitika"],"inLanguage":"az"},{"@type":"WebPage","@id":"https:\/\/www.meydan.tv\/az\/article\/oqtay-esedov-ferec-quliyevin-cixisina-irad-tutdu\/","url":"https:\/\/www.meydan.tv\/az\/article\/oqtay-esedov-ferec-quliyevin-cixisina-irad-tutdu\/","name":"Oqtay \u018fs\u0259dov F\u0259r\u0259c Quliyevin \u00e7\u0131x\u0131\u015f\u0131na irad tutdu - MEYDAN.TV","isPartOf":{"@id":"https:\/\/www.meydan.tv\/az\/#website"},"primaryImageOfPage":{"@id":"https:\/\/www.meydan.tv\/az\/article\/oqtay-esedov-ferec-quliyevin-cixisina-irad-tutdu\/#primaryimage"},"image":{"@id":"https:\/\/www.meydan.tv\/az\/article\/oqtay-esedov-ferec-quliyevin-cixisina-irad-tutdu\/#primaryimage"},"thumbnailUrl":"https:\/\/www.meydan.tv\/wp-content\/uploads\/21248.jpg","datePublished":"2016-04-29T14:52:30+00:00","breadcrumb":{"@id":"https:\/\/www.meydan.tv\/az\/article\/oqtay-esedov-ferec-quliyevin-cixisina-irad-tutdu\/#breadcrumb"},"inLanguage":"az","potentialAction":[{"@type":"ReadAction","target":["https:\/\/www.meydan.tv\/az\/article\/oqtay-esedov-ferec-quliyevin-cixisina-irad-tutdu\/"]}]},{"@type":"ImageObject","inLanguage":"az","@id":"https:\/\/www.meydan.tv\/az\/article\/oqtay-esedov-ferec-quliyevin-cixisina-irad-tutdu\/#primaryimage","url":"https:\/\/www.meydan.tv\/wp-content\/uploads\/21248.jpg","contentUrl":"https:\/\/www.meydan.tv\/wp-content\/uploads\/21248.jpg","width":750,"height":561,"caption":"Source:"},{"@type":"BreadcrumbList","@id":"https:\/\/www.meydan.tv\/az\/article\/oqtay-esedov-ferec-quliyevin-cixisina-irad-tutdu\/#breadcrumb","itemListElement":[{"@type":"ListItem","position":1,"name":"Ana s\u0259hif\u0259","item":"https:\/\/www.meydan.tv\/az\/"},{"@type":"ListItem","position":2,"name":"Analitika","item":"https:\/\/www.meydan.tv\/az\/section\/analitika\/"},{"@type":"ListItem","position":3,"name":"Oqtay \u018fs\u0259dov F\u0259r\u0259c Quliyevin \u00e7\u0131x\u0131\u015f\u0131na irad tutdu"}]},{"@type":"WebSite","@id":"https:\/\/www.meydan.tv\/az\/#website","url":"https:\/\/www.meydan.tv\/az\/","name":"MEYDAN.TV","description":"Meydan TV Az\u0259rbaycan\u0131n media m\u0259kan\u0131ndak\u0131 alternativ s\u0259sidir","publisher":{"@id":"https:\/\/www.meydan.tv\/az\/#organization"},"potentialAction":[{"@type":"SearchAction","target":{"@type":"EntryPoint","urlTemplate":"https:\/\/www.meydan.tv\/az\/?s={search_term_string}"},"query-input":{"@type":"PropertyValueSpecification","valueRequired":true,"valueName":"search_term_string"}}],"inLanguage":"az"},{"@type":"Organization","@id":"https:\/\/www.meydan.tv\/az\/#organization","name":"Meydan TV","url":"https:\/\/www.meydan.tv\/az\/","logo":{"@type":"ImageObject","inLanguage":"az","@id":"https:\/\/www.meydan.tv\/az\/#\/schema\/logo\/image\/","url":"https:\/\/www.meydan.tv\/wp-content\/uploads\/2021\/07\/meydan-logo.svg","contentUrl":"https:\/\/www.meydan.tv\/wp-content\/uploads\/2021\/07\/meydan-logo.svg","width":195,"height":46,"caption":"Meydan TV"},"image":{"@id":"https:\/\/www.meydan.tv\/az\/#\/schema\/logo\/image\/"}},{"@type":"Person","@id":"https:\/\/www.meydan.tv\/az\/#\/schema\/person\/10d11eccf6da3662cf5fdab9806ea91a","name":"user-manager"}]}},"_links":{"self":[{"href":"https:\/\/www.meydan.tv\/az\/wp-json\/wp\/v2\/posts\/175568","targetHints":{"allow":["GET"]}}],"collection":[{"href":"https:\/\/www.meydan.tv\/az\/wp-json\/wp\/v2\/posts"}],"about":[{"href":"https:\/\/www.meydan.tv\/az\/wp-json\/wp\/v2\/types\/post"}],"author":[{"embeddable":true,"href":"https:\/\/www.meydan.tv\/az\/wp-json\/wp\/v2\/users\/11"}],"replies":[{"embeddable":true,"href":"https:\/\/www.meydan.tv\/az\/wp-json\/wp\/v2\/comments?post=175568"}],"version-history":[{"count":0,"href":"https:\/\/www.meydan.tv\/az\/wp-json\/wp\/v2\/posts\/175568\/revisions"}],"wp:featuredmedia":[{"embeddable":true,"href":"https:\/\/www.meydan.tv\/az\/wp-json\/wp\/v2\/media\/56193"}],"wp:attachment":[{"href":"https:\/\/www.meydan.tv\/az\/wp-json\/wp\/v2\/media?parent=175568"}],"wp:term":[{"taxonomy":"category","embeddable":true,"href":"https:\/\/www.meydan.tv\/az\/wp-json\/wp\/v2\/categories?post=175568"},{"taxonomy":"post_tag","embeddable":true,"href":"https:\/\/www.meydan.tv\/az\/wp-json\/wp\/v2\/tags?post=175568"}],"curies":[{"name":"wp","href":"https:\/\/api.w.org\/{rel}","templated":true}]}}