{"id":175560,"date":"2016-04-29T12:55:49","date_gmt":"2016-04-29T12:55:49","guid":{"rendered":"https:\/\/www.meydan.tv\/article\/xin-resmi-yerevanin-beyanatlari-ziddiyyetlidir\/"},"modified":"2016-04-29T12:55:49","modified_gmt":"2016-04-29T12:55:49","slug":"xin-resmi-yerevanin-beyanatlari-ziddiyyetlidir","status":"publish","type":"post","link":"https:\/\/www.meydan.tv\/az\/article\/xin-resmi-yerevanin-beyanatlari-ziddiyyetlidir\/","title":{"rendered":"X\u0130N: R\u0259smi Yerevan\u0131n b\u0259yanatlar\u0131 ziddiyy\u0259tlidir"},"content":{"rendered":"<figure class=\"wp-block-image size-large\">\n  <img decoding=\"async\" src=\"https:\/\/www.meydan.tv\/az\/56166\/\" alt=\"\" class=\"wp-image-56166\"\/><figcaption><\/figcaption><\/figure>\n<p>\n  <i><br \/>\n    Hikm\u0259t Hac\u0131yev: &#8220;Erm\u0259nistan\u0131n xarici i\u015fl\u0259r naziri \u00f6z prezidentinin dedikl\u0259rini inkar edir&#8221;<br \/>\n  <\/i>\n<\/p>\n<p>\n  &#8220;R\u0259smi Yerevan\u0131n b\u0259yanatlar\u0131 ziddiyy\u0259tli, m\u0259ntiqsiz v\u0259 biri dig\u0259rini inkar ed\u0259n xarakterd\u0259dir\u201d.<br \/>\n  <br \/>\n  Bunu APA-ya Erm\u0259nistan prezidenti Serj Sarkisyan\u0131n Da\u011fl\u0131q Qaraba\u011f m\u00fcnaqi\u015f\u0259si \u00fczr\u0259 dan\u0131\u015f\u0131qlara haz\u0131r olmas\u0131 il\u0259 ba\u011fl\u0131 s\u0259sl\u0259ndiril\u0259n fikirl\u0259r\u0259 m\u00fcnasib\u0259t bildir\u0259n Xarici \u0130\u015fl\u0259r Nazirliyinin m\u0259tbuat katibi Hikm\u0259t Hac\u0131yev deyib. O bildirib ki, Erm\u0259nistan prezidenti dan\u0131\u015f\u0131qlardan imtina etdiyini, xarici i\u015fl\u0259r naziri is\u0259 guya \u00f6lk\u0259sinin m\u00fcnaqi\u015f\u0259nin s\u00fclh yolu il\u0259 h\u0259llin\u0259 haz\u0131r oldu\u011funu bildirir: \u201cBu iki fikir bir-birin\u0259 tamamil\u0259 ziddir. Bunlar\u0131n aras\u0131nda m\u0259ntiq tapmaq da \u00e7ox \u00e7\u0259tindir. Bel\u0259 bir t\u0259\u0259ss\u00fcrat yaran\u0131r ki, Erm\u0259nistan\u0131n hakim dair\u0259l\u0259rind\u0259 ziddiyy\u0259tli m\u00f6vqel\u0259r var. Erm\u0259nistan\u0131n xarici i\u015fl\u0259r naziri d\u0259 \u00f6z prezidentinin dedikl\u0259rini inkar edir. Bunlar da \u0259slind\u0259 Yerevan rejiminin t\u0259\u015fvi\u015f v\u0259 \u00e7a\u015fq\u0131nl\u0131q i\u00e7\u0259risind\u0259 olmas\u0131n\u0131n g\u00f6st\u0259ricisidir. Bu, bir daha ona d\u0259lal\u0259t edir ki, Erm\u0259nistan\u0131n \u0259sl m\u0259qs\u0259di beyn\u0259lxalq ictimaiyy\u0259ti aldatmaq v\u0259 h\u0259r bir v\u0259chl\u0259 i\u015f\u011fal v\u0259 t\u0259cav\u00fcz\u00fc davam etdirm\u0259kdir. Qo\u015funlar\u0131n t\u0259mas x\u0259ttind\u0259 Erm\u0259nistan\u0131n h\u0259yata ke\u00e7irdiyi t\u0259xribat\u00e7\u0131 \u0259m\u0259ll\u0259r d\u0259 \u0259slind\u0259 Erm\u0259nistan\u0131n \u0259sl simas\u0131n\u0131 g\u00f6st\u0259rir. Bu t\u0259xribat\u00e7\u0131 \u0259m\u0259ll\u0259rin h\u0259d\u0259fi m\u0259hz m\u00fclki Az\u0259rbaycan \u0259halisidir\u201d.\n<\/p><\/p>\n","protected":false},"excerpt":{"rendered":"<p>Hikm\u0259t Hac\u0131yev: &#8220;Erm\u0259nistan\u0131n xarici i\u015fl\u0259r naziri \u00f6z prezidentinin dedikl\u0259rini inkar edir&#8221;<\/p>\n","protected":false},"author":11,"featured_media":56166,"comment_status":"closed","ping_status":"open","sticky":false,"template":"","format":"standard","meta":{"_acf_changed":false,"_sitemap_exclude":false,"_sitemap_priority":"","_sitemap_frequency":"","footnotes":""},"categories":[51],"tags":[],"class_list":["post-175560","post","type-post","status-publish","format-standard","has-post-thumbnail","hentry","category-analitika","infinite-scroll-item","generate-columns","tablet-grid-50","mobile-grid-100","grid-parent","grid-33","no-featured-image-padding"],"acf":[],"yoast_head":"<!-- This site is optimized with the Yoast SEO plugin v27.5 - https:\/\/yoast.com\/product\/yoast-seo-wordpress\/ -->\n<title>X\u0130N: R\u0259smi Yerevan\u0131n b\u0259yanatlar\u0131 ziddiyy\u0259tlidir - MEYDAN.TV<\/title>\n<meta name=\"robots\" content=\"index, follow, max-snippet:-1, max-image-preview:large, max-video-preview:-1\" \/>\n<link rel=\"canonical\" href=\"https:\/\/www.meydan.tv\/az\/article\/xin-resmi-yerevanin-beyanatlari-ziddiyyetlidir\/\" \/>\n<meta property=\"og:locale\" content=\"az_AZ\" \/>\n<meta property=\"og:type\" content=\"article\" \/>\n<meta property=\"og:title\" content=\"X\u0130N: R\u0259smi Yerevan\u0131n b\u0259yanatlar\u0131 ziddiyy\u0259tlidir - MEYDAN.TV\" \/>\n<meta property=\"og:description\" content=\"Hikm\u0259t Hac\u0131yev: &quot;Erm\u0259nistan\u0131n xarici i\u015fl\u0259r naziri \u00f6z prezidentinin dedikl\u0259rini inkar edir&quot;\" \/>\n<meta property=\"og:url\" content=\"https:\/\/www.meydan.tv\/az\/article\/xin-resmi-yerevanin-beyanatlari-ziddiyyetlidir\/\" \/>\n<meta property=\"og:site_name\" content=\"MEYDAN.TV\" \/>\n<meta property=\"article:published_time\" content=\"2016-04-29T12:55:49+00:00\" \/>\n<meta property=\"og:image\" content=\"https:\/\/www.meydan.tv\/wp-content\/uploads\/21239.jpg\" \/>\n\t<meta property=\"og:image:width\" content=\"768\" \/>\n\t<meta property=\"og:image:height\" content=\"576\" \/>\n\t<meta property=\"og:image:type\" content=\"image\/jpeg\" \/>\n<meta name=\"author\" content=\"user-manager\" \/>\n<meta name=\"twitter:card\" content=\"summary_large_image\" \/>\n<script type=\"application\/ld+json\" class=\"yoast-schema-graph\">{\"@context\":\"https:\\\/\\\/schema.org\",\"@graph\":[{\"@type\":\"Article\",\"@id\":\"https:\\\/\\\/www.meydan.tv\\\/az\\\/article\\\/xin-resmi-yerevanin-beyanatlari-ziddiyyetlidir\\\/#article\",\"isPartOf\":{\"@id\":\"https:\\\/\\\/www.meydan.tv\\\/az\\\/article\\\/xin-resmi-yerevanin-beyanatlari-ziddiyyetlidir\\\/\"},\"author\":{\"name\":\"user-manager\",\"@id\":\"https:\\\/\\\/www.meydan.tv\\\/az\\\/#\\\/schema\\\/person\\\/10d11eccf6da3662cf5fdab9806ea91a\"},\"headline\":\"X\u0130N: R\u0259smi Yerevan\u0131n b\u0259yanatlar\u0131 ziddiyy\u0259tlidir\",\"datePublished\":\"2016-04-29T12:55:49+00:00\",\"mainEntityOfPage\":{\"@id\":\"https:\\\/\\\/www.meydan.tv\\\/az\\\/article\\\/xin-resmi-yerevanin-beyanatlari-ziddiyyetlidir\\\/\"},\"wordCount\":281,\"publisher\":{\"@id\":\"https:\\\/\\\/www.meydan.tv\\\/az\\\/#organization\"},\"image\":{\"@id\":\"https:\\\/\\\/www.meydan.tv\\\/az\\\/article\\\/xin-resmi-yerevanin-beyanatlari-ziddiyyetlidir\\\/#primaryimage\"},\"thumbnailUrl\":\"https:\\\/\\\/www.meydan.tv\\\/wp-content\\\/uploads\\\/21239.jpg\",\"articleSection\":[\"Analitika\"],\"inLanguage\":\"az\"},{\"@type\":\"WebPage\",\"@id\":\"https:\\\/\\\/www.meydan.tv\\\/az\\\/article\\\/xin-resmi-yerevanin-beyanatlari-ziddiyyetlidir\\\/\",\"url\":\"https:\\\/\\\/www.meydan.tv\\\/az\\\/article\\\/xin-resmi-yerevanin-beyanatlari-ziddiyyetlidir\\\/\",\"name\":\"X\u0130N: R\u0259smi Yerevan\u0131n b\u0259yanatlar\u0131 ziddiyy\u0259tlidir - MEYDAN.TV\",\"isPartOf\":{\"@id\":\"https:\\\/\\\/www.meydan.tv\\\/az\\\/#website\"},\"primaryImageOfPage\":{\"@id\":\"https:\\\/\\\/www.meydan.tv\\\/az\\\/article\\\/xin-resmi-yerevanin-beyanatlari-ziddiyyetlidir\\\/#primaryimage\"},\"image\":{\"@id\":\"https:\\\/\\\/www.meydan.tv\\\/az\\\/article\\\/xin-resmi-yerevanin-beyanatlari-ziddiyyetlidir\\\/#primaryimage\"},\"thumbnailUrl\":\"https:\\\/\\\/www.meydan.tv\\\/wp-content\\\/uploads\\\/21239.jpg\",\"datePublished\":\"2016-04-29T12:55:49+00:00\",\"breadcrumb\":{\"@id\":\"https:\\\/\\\/www.meydan.tv\\\/az\\\/article\\\/xin-resmi-yerevanin-beyanatlari-ziddiyyetlidir\\\/#breadcrumb\"},\"inLanguage\":\"az\",\"potentialAction\":[{\"@type\":\"ReadAction\",\"target\":[\"https:\\\/\\\/www.meydan.tv\\\/az\\\/article\\\/xin-resmi-yerevanin-beyanatlari-ziddiyyetlidir\\\/\"]}]},{\"@type\":\"ImageObject\",\"inLanguage\":\"az\",\"@id\":\"https:\\\/\\\/www.meydan.tv\\\/az\\\/article\\\/xin-resmi-yerevanin-beyanatlari-ziddiyyetlidir\\\/#primaryimage\",\"url\":\"https:\\\/\\\/www.meydan.tv\\\/wp-content\\\/uploads\\\/21239.jpg\",\"contentUrl\":\"https:\\\/\\\/www.meydan.tv\\\/wp-content\\\/uploads\\\/21239.jpg\",\"width\":768,\"height\":576,\"caption\":\"Source:\"},{\"@type\":\"BreadcrumbList\",\"@id\":\"https:\\\/\\\/www.meydan.tv\\\/az\\\/article\\\/xin-resmi-yerevanin-beyanatlari-ziddiyyetlidir\\\/#breadcrumb\",\"itemListElement\":[{\"@type\":\"ListItem\",\"position\":1,\"name\":\"Ana s\u0259hif\u0259\",\"item\":\"https:\\\/\\\/www.meydan.tv\\\/az\\\/\"},{\"@type\":\"ListItem\",\"position\":2,\"name\":\"Analitika\",\"item\":\"https:\\\/\\\/www.meydan.tv\\\/az\\\/section\\\/analitika\\\/\"},{\"@type\":\"ListItem\",\"position\":3,\"name\":\"X\u0130N: R\u0259smi Yerevan\u0131n b\u0259yanatlar\u0131 ziddiyy\u0259tlidir\"}]},{\"@type\":\"WebSite\",\"@id\":\"https:\\\/\\\/www.meydan.tv\\\/az\\\/#website\",\"url\":\"https:\\\/\\\/www.meydan.tv\\\/az\\\/\",\"name\":\"MEYDAN.TV\",\"description\":\"Meydan TV Az\u0259rbaycan\u0131n media m\u0259kan\u0131ndak\u0131 alternativ s\u0259sidir\",\"publisher\":{\"@id\":\"https:\\\/\\\/www.meydan.tv\\\/az\\\/#organization\"},\"potentialAction\":[{\"@type\":\"SearchAction\",\"target\":{\"@type\":\"EntryPoint\",\"urlTemplate\":\"https:\\\/\\\/www.meydan.tv\\\/az\\\/?s={search_term_string}\"},\"query-input\":{\"@type\":\"PropertyValueSpecification\",\"valueRequired\":true,\"valueName\":\"search_term_string\"}}],\"inLanguage\":\"az\"},{\"@type\":\"Organization\",\"@id\":\"https:\\\/\\\/www.meydan.tv\\\/az\\\/#organization\",\"name\":\"Meydan TV\",\"url\":\"https:\\\/\\\/www.meydan.tv\\\/az\\\/\",\"logo\":{\"@type\":\"ImageObject\",\"inLanguage\":\"az\",\"@id\":\"https:\\\/\\\/www.meydan.tv\\\/az\\\/#\\\/schema\\\/logo\\\/image\\\/\",\"url\":\"https:\\\/\\\/www.meydan.tv\\\/wp-content\\\/uploads\\\/2021\\\/07\\\/meydan-logo.svg\",\"contentUrl\":\"https:\\\/\\\/www.meydan.tv\\\/wp-content\\\/uploads\\\/2021\\\/07\\\/meydan-logo.svg\",\"width\":195,\"height\":46,\"caption\":\"Meydan TV\"},\"image\":{\"@id\":\"https:\\\/\\\/www.meydan.tv\\\/az\\\/#\\\/schema\\\/logo\\\/image\\\/\"}},{\"@type\":\"Person\",\"@id\":\"https:\\\/\\\/www.meydan.tv\\\/az\\\/#\\\/schema\\\/person\\\/10d11eccf6da3662cf5fdab9806ea91a\",\"name\":\"user-manager\"}]}<\/script>\n<!-- \/ Yoast SEO plugin. -->","yoast_head_json":{"title":"X\u0130N: R\u0259smi Yerevan\u0131n b\u0259yanatlar\u0131 ziddiyy\u0259tlidir - MEYDAN.TV","robots":{"index":"index","follow":"follow","max-snippet":"max-snippet:-1","max-image-preview":"max-image-preview:large","max-video-preview":"max-video-preview:-1"},"canonical":"https:\/\/www.meydan.tv\/az\/article\/xin-resmi-yerevanin-beyanatlari-ziddiyyetlidir\/","og_locale":"az_AZ","og_type":"article","og_title":"X\u0130N: R\u0259smi Yerevan\u0131n b\u0259yanatlar\u0131 ziddiyy\u0259tlidir - MEYDAN.TV","og_description":"Hikm\u0259t Hac\u0131yev: \"Erm\u0259nistan\u0131n xarici i\u015fl\u0259r naziri \u00f6z prezidentinin dedikl\u0259rini inkar edir\"","og_url":"https:\/\/www.meydan.tv\/az\/article\/xin-resmi-yerevanin-beyanatlari-ziddiyyetlidir\/","og_site_name":"MEYDAN.TV","article_published_time":"2016-04-29T12:55:49+00:00","og_image":[{"width":768,"height":576,"url":"https:\/\/www.meydan.tv\/wp-content\/uploads\/21239.jpg","type":"image\/jpeg"}],"author":"user-manager","twitter_card":"summary_large_image","schema":{"@context":"https:\/\/schema.org","@graph":[{"@type":"Article","@id":"https:\/\/www.meydan.tv\/az\/article\/xin-resmi-yerevanin-beyanatlari-ziddiyyetlidir\/#article","isPartOf":{"@id":"https:\/\/www.meydan.tv\/az\/article\/xin-resmi-yerevanin-beyanatlari-ziddiyyetlidir\/"},"author":{"name":"user-manager","@id":"https:\/\/www.meydan.tv\/az\/#\/schema\/person\/10d11eccf6da3662cf5fdab9806ea91a"},"headline":"X\u0130N: R\u0259smi Yerevan\u0131n b\u0259yanatlar\u0131 ziddiyy\u0259tlidir","datePublished":"2016-04-29T12:55:49+00:00","mainEntityOfPage":{"@id":"https:\/\/www.meydan.tv\/az\/article\/xin-resmi-yerevanin-beyanatlari-ziddiyyetlidir\/"},"wordCount":281,"publisher":{"@id":"https:\/\/www.meydan.tv\/az\/#organization"},"image":{"@id":"https:\/\/www.meydan.tv\/az\/article\/xin-resmi-yerevanin-beyanatlari-ziddiyyetlidir\/#primaryimage"},"thumbnailUrl":"https:\/\/www.meydan.tv\/wp-content\/uploads\/21239.jpg","articleSection":["Analitika"],"inLanguage":"az"},{"@type":"WebPage","@id":"https:\/\/www.meydan.tv\/az\/article\/xin-resmi-yerevanin-beyanatlari-ziddiyyetlidir\/","url":"https:\/\/www.meydan.tv\/az\/article\/xin-resmi-yerevanin-beyanatlari-ziddiyyetlidir\/","name":"X\u0130N: R\u0259smi Yerevan\u0131n b\u0259yanatlar\u0131 ziddiyy\u0259tlidir - MEYDAN.TV","isPartOf":{"@id":"https:\/\/www.meydan.tv\/az\/#website"},"primaryImageOfPage":{"@id":"https:\/\/www.meydan.tv\/az\/article\/xin-resmi-yerevanin-beyanatlari-ziddiyyetlidir\/#primaryimage"},"image":{"@id":"https:\/\/www.meydan.tv\/az\/article\/xin-resmi-yerevanin-beyanatlari-ziddiyyetlidir\/#primaryimage"},"thumbnailUrl":"https:\/\/www.meydan.tv\/wp-content\/uploads\/21239.jpg","datePublished":"2016-04-29T12:55:49+00:00","breadcrumb":{"@id":"https:\/\/www.meydan.tv\/az\/article\/xin-resmi-yerevanin-beyanatlari-ziddiyyetlidir\/#breadcrumb"},"inLanguage":"az","potentialAction":[{"@type":"ReadAction","target":["https:\/\/www.meydan.tv\/az\/article\/xin-resmi-yerevanin-beyanatlari-ziddiyyetlidir\/"]}]},{"@type":"ImageObject","inLanguage":"az","@id":"https:\/\/www.meydan.tv\/az\/article\/xin-resmi-yerevanin-beyanatlari-ziddiyyetlidir\/#primaryimage","url":"https:\/\/www.meydan.tv\/wp-content\/uploads\/21239.jpg","contentUrl":"https:\/\/www.meydan.tv\/wp-content\/uploads\/21239.jpg","width":768,"height":576,"caption":"Source:"},{"@type":"BreadcrumbList","@id":"https:\/\/www.meydan.tv\/az\/article\/xin-resmi-yerevanin-beyanatlari-ziddiyyetlidir\/#breadcrumb","itemListElement":[{"@type":"ListItem","position":1,"name":"Ana s\u0259hif\u0259","item":"https:\/\/www.meydan.tv\/az\/"},{"@type":"ListItem","position":2,"name":"Analitika","item":"https:\/\/www.meydan.tv\/az\/section\/analitika\/"},{"@type":"ListItem","position":3,"name":"X\u0130N: R\u0259smi Yerevan\u0131n b\u0259yanatlar\u0131 ziddiyy\u0259tlidir"}]},{"@type":"WebSite","@id":"https:\/\/www.meydan.tv\/az\/#website","url":"https:\/\/www.meydan.tv\/az\/","name":"MEYDAN.TV","description":"Meydan TV Az\u0259rbaycan\u0131n media m\u0259kan\u0131ndak\u0131 alternativ s\u0259sidir","publisher":{"@id":"https:\/\/www.meydan.tv\/az\/#organization"},"potentialAction":[{"@type":"SearchAction","target":{"@type":"EntryPoint","urlTemplate":"https:\/\/www.meydan.tv\/az\/?s={search_term_string}"},"query-input":{"@type":"PropertyValueSpecification","valueRequired":true,"valueName":"search_term_string"}}],"inLanguage":"az"},{"@type":"Organization","@id":"https:\/\/www.meydan.tv\/az\/#organization","name":"Meydan TV","url":"https:\/\/www.meydan.tv\/az\/","logo":{"@type":"ImageObject","inLanguage":"az","@id":"https:\/\/www.meydan.tv\/az\/#\/schema\/logo\/image\/","url":"https:\/\/www.meydan.tv\/wp-content\/uploads\/2021\/07\/meydan-logo.svg","contentUrl":"https:\/\/www.meydan.tv\/wp-content\/uploads\/2021\/07\/meydan-logo.svg","width":195,"height":46,"caption":"Meydan TV"},"image":{"@id":"https:\/\/www.meydan.tv\/az\/#\/schema\/logo\/image\/"}},{"@type":"Person","@id":"https:\/\/www.meydan.tv\/az\/#\/schema\/person\/10d11eccf6da3662cf5fdab9806ea91a","name":"user-manager"}]}},"_links":{"self":[{"href":"https:\/\/www.meydan.tv\/az\/wp-json\/wp\/v2\/posts\/175560","targetHints":{"allow":["GET"]}}],"collection":[{"href":"https:\/\/www.meydan.tv\/az\/wp-json\/wp\/v2\/posts"}],"about":[{"href":"https:\/\/www.meydan.tv\/az\/wp-json\/wp\/v2\/types\/post"}],"author":[{"embeddable":true,"href":"https:\/\/www.meydan.tv\/az\/wp-json\/wp\/v2\/users\/11"}],"replies":[{"embeddable":true,"href":"https:\/\/www.meydan.tv\/az\/wp-json\/wp\/v2\/comments?post=175560"}],"version-history":[{"count":0,"href":"https:\/\/www.meydan.tv\/az\/wp-json\/wp\/v2\/posts\/175560\/revisions"}],"wp:featuredmedia":[{"embeddable":true,"href":"https:\/\/www.meydan.tv\/az\/wp-json\/wp\/v2\/media\/56166"}],"wp:attachment":[{"href":"https:\/\/www.meydan.tv\/az\/wp-json\/wp\/v2\/media?parent=175560"}],"wp:term":[{"taxonomy":"category","embeddable":true,"href":"https:\/\/www.meydan.tv\/az\/wp-json\/wp\/v2\/categories?post=175560"},{"taxonomy":"post_tag","embeddable":true,"href":"https:\/\/www.meydan.tv\/az\/wp-json\/wp\/v2\/tags?post=175560"}],"curies":[{"name":"wp","href":"https:\/\/api.w.org\/{rel}","templated":true}]}}