{"id":175552,"date":"2016-04-28T21:55:18","date_gmt":"2016-04-28T21:55:18","guid":{"rendered":"https:\/\/www.meydan.tv\/article\/dagilan-idman-infrastrukturu-ii-yazi\/"},"modified":"2016-04-28T21:55:18","modified_gmt":"2016-04-28T21:55:18","slug":"dagilan-idman-infrastrukturu-ii-yazi","status":"publish","type":"post","link":"https:\/\/www.meydan.tv\/az\/article\/dagilan-idman-infrastrukturu-ii-yazi\/","title":{"rendered":"Da\u011f\u0131lan idman infrastrukturu &#8211; II yaz\u0131"},"content":{"rendered":"<figure class=\"wp-block-image size-large\">\n  <img decoding=\"async\" src=\"https:\/\/www.meydan.tv\/az\/56121\/\" alt=\"\" class=\"wp-image-56121\"\/><figcaption><\/figcaption><\/figure>\n<p>\n  <b><br \/>\n    Regionlardak\u0131 stadionlar\u0131n \u0259sasl\u0131 t\u0259mir\u0259 ehtiyac\u0131 var<br \/>\n  <\/b>\n<\/p>\n<p>\n  Az\u0259rbaycan hakimiyy\u0259ti idman b\u00f6y\u00fck qay\u011f\u0131 g\u00f6st\u0259rdiyini, \u00f6lk\u0259 idman\u0131n\u0131n s\u00fcr\u0259tl\u0259 inki\u015faf etdiyini vur\u011fulay\u0131r. Amma h\u0259r bir \u00f6lk\u0259d\u0259 idman\u0131n inki\u015faf\u0131 infrastrukturun varl\u0131\u011f\u0131na ba\u011fl\u0131d\u0131. Y\u0259ni idman\u0131n inki\u015faf\u0131na nail olmaq \u00fc\u00e7\u00fcn \u0259vv\u0259lc\u0259 standartlara cavab ver\u0259n infrastruktur qurulmal\u0131, sonra da idman\u00e7\u0131lar yeti\u015fdirilm\u0259lidi.\n<\/p>\n<p>\n  Meydan TV Az\u0259rbaycan\u0131n idman strukturunun real durumunu ara\u015fd\u0131r\u0131b.\n<\/p>\n<p>\n  <a href=\"\/az\/article\/dagilan-idman-infrastrukturu\/\" target=\"_blank\" rel=\"noopener\"><br \/>\n    Birinci yaz\u0131da<br \/>\n  <\/a><br \/>\n  \u00a0Bak\u0131\u0259traf\u0131 q\u0259s\u0259b\u0259l\u0259rd\u0259 v\u0259 Sumqay\u0131t \u015f\u0259h\u0259rind\u0259ki idman qur\u011fular\u0131 bar\u0259d\u0259 m\u0259lumat verilmi\u015fdi. Bu d\u0259f\u0259 is\u0259 b\u00f6lg\u0259l\u0259rd\u0259 da\u011f\u0131lm\u0131\u015f v\u0259ziyy\u0259td\u0259 olan arenalar\u0131n b\u0259zisi bar\u0259d\u0259 m\u0259lumat haz\u0131rlan\u0131b.\n<\/p>\n<figure class=\"wp-block-image size-large\">\n  <img decoding=\"async\" src=\"https:\/\/www.meydan.tv\/az\/56118\/\" alt=\"\" class=\"wp-image-56118\"\/><figcaption><\/figcaption><\/figure>\n<p>\n  <b><br \/>\n    G\u0259nc\u0259d\u0259 tribunalar\u0131n \u00e7\u00f6km\u0259 ehtimal\u0131 b\u00f6y\u00fckd\u00fcr<br \/>\n  <\/b>\n<\/p>\n<p>\n  \u00d6lk\u0259nin ikinci \u0259n b\u00f6y\u00fck \u015f\u0259h\u0259ri G\u0259nc\u0259nin d\u0259 b\u0259xti bu sar\u0131dan g\u0259tirm\u0259yib. G\u0259nc\u0259nin b\u00f6y\u00fck idman \u0259n\u0259n\u0259si var. Bu \u015f\u0259h\u0259r Az\u0259rbaycan\u0131 beyn\u0259lxalq arenada t\u0259msil ed\u0259n ne\u00e7\u0259-nec\u0259 adl\u0131-sanl\u0131 idman\u00e7\u0131 yeti\u015fdirib. SSR\u0130 vaxt\u0131 G\u0259nc\u0259d\u0259 27 min yerlik b\u00f6y\u00fck arena in\u015fa edilib. Arenan\u0131n t\u0259m\u0259li 1960-c\u0131 ild\u0259 qoyulub, 1963-c\u00fc ild\u0259 istifad\u0259y\u0259 verilib. Bu arena b\u00f6y\u00fckl\u00fcy\u00fcn\u0259 g\u00f6r\u0259 yaln\u0131z Tofiq B\u0259hram ad\u0131na stadiondan geri qal\u0131b. G\u0259nc\u0259ni t\u0259msil ed\u0259n \u201cDinamo\u201d futbol klubu h\u0259tta SSR\u0130 \u00e7empionat\u0131n\u0131n g\u00fccl\u00fcl\u0259r d\u0259st\u0259sind\u0259 d\u0259 \u00e7\u0131x\u0131\u015f edib. \u201cK\u0259p\u0259z\u201d is\u0259 m\u00fct\u0259madi olaraq SSR\u0130 \u00e7empionat\u0131n\u0131n 2-ci divizionunda iddial\u0131lardan say\u0131l\u0131b. El\u0259 Az\u0259rbaycan m\u00fcst\u0259qillik qazanandan sonra da \u201cK\u0259p\u0259z\u201d daxili \u00e7empionatda s\u00f6z sahibi olan komandalardan birin\u0259 \u00e7evrildi. Bu klub \u00f6lk\u0259nin \u0259n titullu komandalar\u0131ndan hesab olunur. Ancaq haz\u0131rda \u201cK\u0259p\u0259z\u201din ev oyunlar\u0131n\u0131 ke\u00e7irdiyi G\u0259nc\u0259 \u015f\u0259h\u0259r stadionu q\u0259zal\u0131 v\u0259ziyy\u0259td\u0259dir. \u00c7empionat oyunlar\u0131 zaman\u0131 stadionun b\u0259zi tribunalar\u0131na azarke\u015fl\u0259ri buraxm\u0131rlar. \u00c7\u00fcnki tribunalar\u0131n \u00e7\u00f6km\u0259 ehtimal\u0131 b\u00f6y\u00fckd\u00fcr. \u00c7empionat oyunlar\u0131n\u0131 ke\u00e7irm\u0259k \u00fc\u00e7\u00fcn stadionda kosmetik t\u0259mir i\u015fl\u0259ri apar\u0131lsa da, \u0259slind\u0259 arena tamamil\u0259 yenid\u0259n qurulmal\u0131d\u0131r. Amma bunun \u00fc\u00e7\u00fcn v\u0259sait tapmaq m\u00fcmk\u00fcn deyil. Stadion G\u0259nc\u0259 \u015e\u0259h\u0259r, K\u0259p\u0259z Rayon B\u0259l\u0259diyy\u0259sinin balans\u0131ndad\u0131r.\n<\/p>\n<p>\n  Ming\u0259\u00e7evir \u015f\u0259h\u0259r stadionu m\u00fcasir t\u0259l\u0259bl\u0259r\u0259 cavab vermir\n<\/p>\n<p>\n  \u00d6lk\u0259nin b\u00f6y\u00fck \u015f\u0259h\u0259rl\u0259rind\u0259n olan Ming\u0259\u00e7evird\u0259ki R.M\u0259mm\u0259dzad\u0259 ad\u0131na stadion 1953-c\u00fc ild\u0259 in\u015fa edilib. T\u0259xmin\u0259n 7 min azarke\u015f tutumuna malik olub. Sovetl\u0259r vaxt\u0131 Ming\u0259\u00e7evirin \u201cAvtomobil\u00e7i\u201d komandas\u0131 SSR\u0130 \u00e7empionat\u0131n\u0131n 2-ci d\u0259st\u0259sind\u0259 Az\u0259rbaycan\u0131 t\u0259msil edib. Az\u0259rbaycan \u00e7empionat\u0131n\u0131n ilk ill\u0259rind\u0259 Ming\u0259\u00e7evirin \u201cKur-Nur\u201d komandas\u0131 elitada \u00e7\u0131x\u0131\u015f edib v\u0259 iddial\u0131 klublardan say\u0131l\u0131b. \u0130ndi \u201cMing\u0259\u00e7evir\u201din \u201cEnergetik\u201d komandas\u0131 birinci divizionda \u00e7\u0131x\u0131\u015f edir v\u0259 sonuncu pill\u0259d\u0259 q\u0259rarla\u015f\u0131b.\n<\/p>\n<p>\n  Haz\u0131rda da\u011f\u0131n\u0131q durumda olan Ming\u0259\u00e7evir stadionu 2 d\u0259f\u0259 kosmetik t\u0259mir edilib. 2003-c\u00fc ild\u0259 Az\u0259rbaycan D\u00f6vl\u0259t \u0130nformasiya Agentliyinin (Az\u0259rtac) yayd\u0131\u011f\u0131 m\u0259lumatda bildirilirdi ki, stadion 50 illik yubileyi m\u00fcnasib\u0259til\u0259<br \/>\n  <a href=\"http:\/\/azertag.az\/xeber\/MINGACHEVIR_STADIONU_YENIDAN_QURULUR-296831\" target=\"_blank\" rel=\"noopener\"><br \/>\n    \u0259sasl\u0131 t\u0259mir edilir<br \/>\n  <\/a><br \/>\n  . Amma 2009-cu ild\u0259 bu agentlik stadionun yenid\u0259n qurulmas\u0131 il\u0259 ba\u011fl\u0131 daha bir x\u0259b\u0259r yay\u0131b. X\u0259b\u0259rd\u0259 qeyd olunur ki, Prezident \u0130lham \u018fliyev Ming\u0259\u00e7evir\u0259 s\u0259f\u0259ri \u00e7\u0259r\u00e7iv\u0259sind\u0259 R\u0259\u015fad M\u0259mm\u0259dzad\u0259 ad\u0131na<br \/>\n  <a href=\"http:\/\/azertag.az\/xeber\/MINGACHEVIR_SAHAR_STADIONU_YENIDAN_QURULUR-434801\" target=\"_blank\" rel=\"noopener\"><br \/>\n    \u015f\u0259h\u0259r stadionunda<br \/>\n  <\/a><br \/>\n  \u00a0apar\u0131lan yenid\u0259nqurma i\u015fl\u0259ri il\u0259 d\u0259 tan\u0131\u015f olub. X\u00fcsusi olaraq vur\u011fulan\u0131r ki, 1953-c\u00fc ild\u0259 tikil\u0259n stadion m\u00fcasir t\u0259l\u0259bl\u0259r cavab vermir. Maraql\u0131d\u0131r, 2003-c\u00fc ild\u0259 \u0259sasl\u0131 t\u0259mir olunan arena 2009-c\u00fc ild\u0259 t\u0259l\u0259bl\u0259r\u0259 niy\u0259 cavab verm\u0259sin? Bu da Ming\u0259\u00e7evir stadionunda \u00e7\u0259kilmi\u015f son \u015f\u0259kil. Arena indi d\u0259 m\u00fcasir t\u0259l\u0259bl\u0259r\u0259 cavab vermir, da\u011f\u0131n\u0131q v\u0259ziyy\u0259td\u0259dir. B\u0259s, iki d\u0259f\u0259 \u0259sasl\u0131 t\u0259mir edil\u0259n arena bu durumda niy\u0259 olsun? Bax, bu suala cavab tapmaq olmur. \u0130dman m\u0259tbuat\u0131nda yer alan x\u0259b\u0259rl\u0259rd\u0259 bildirilirdi ki, 2016-c\u0131 ilin \u0259vv\u0259ll\u0259rind\u0259 stadionda \u0259sasl\u0131 t\u0259mir i\u015fl\u0259rin\u0259 ba\u015flan\u0131lacaq. Art\u0131q aprel bitir, amma Ming\u0259\u00e7evir stadionundan h\u0259l\u0259 t\u0259mir s\u0259si g\u0259lmir.\n<\/p>\n<\/p>\n<figure class=\"wp-block-image size-large\">\n  <img decoding=\"async\" src=\"https:\/\/www.meydan.tv\/az\/56130\/\" alt=\"\" class=\"wp-image-56130\"\/><figcaption><\/figcaption><\/figure>\n<\/p>\n<p>\n  <b><br \/>\n    Qaza\u011f\u0131n \u015f\u00f6hr\u0259tli stadionu<br \/>\n  <\/b>\n<\/p>\n<p>\n  SSR\u0130 vaxt\u0131 Az\u0259rbaycan\u0131n Q\u0259rb b\u00f6lg\u0259sind\u0259 &#8211; Qazax \u015f\u0259h\u0259rind\u0259 d\u0259 b\u00f6y\u00fck stadion in\u015fa edilib. Qazax \u015f\u0259h\u0259r stadionu 12 min azarke\u015f tutub. Qazax\u0131n \u201cG\u00f6y\u0259z\u0259n\u201d futbol klubu is\u0259 SSR\u0130 \u00e7empionat\u0131n\u0131n 2-ci d\u0259st\u0259sind\u0259 Az\u0259rbaycan\u0131 t\u0259msil edib. Haz\u0131rda Qazax\u0131n \u201cG\u00f6y\u0259z\u0259n\u201d klubu \u0259vv\u0259lki \u015f\u00f6hr\u0259tini itirib. Bu \u015f\u0259h\u0259rin t\u0259msil\u00e7isi \u201cG\u00f6y\u0259z\u0259n\u201d Az\u0259rbaycan \u00e7empionat\u0131n\u0131n birinci divizionunda autsayderl\u0259rd\u0259n say\u0131l\u0131r. El\u0259 Qazax stadionunun da \u0259vv\u0259lki \u015f\u00f6hr\u0259ti yoxdur. \u0130ndi bu arenaya 12 min yox, 200-300 azarke\u015f g\u0259lir. Stadion dem\u0259k olar ki, q\u0259zal\u0131 v\u0259ziyy\u0259td\u0259dir, yenid\u0259nqurmaya ehtiyac\u0131 var. Amma maliyy\u0259 v\u0259saiti olmad\u0131\u011f\u0131 \u00fc\u00e7\u00fcn bu arenan\u0131n da \u00fcz\u00fcn\u0259 g\u00fcn d\u00fc\u015fm\u00fcr. T\u0259qdim etdiyimiz<br \/>\n  <a href=\"https:\/\/www.youtube.com\/watch?v=_SC3-Ykz-vE\" target=\"_blank\" rel=\"noopener\"><br \/>\n    bu linkd\u0259<br \/>\n  <\/a><br \/>\n  \u00a0\u201cG\u00f6y\u0259z\u0259n\u201dl\u0259 \u201cA\u011fsu\u201d futbol klublar\u0131 aras\u0131nda ke\u00e7iril\u0259n oyundan fraqmentl\u0259r yer al\u0131b. El\u0259 bu fraqmentl\u0259r\u0259 baxmaqla Qaza\u011f\u0131n \u015f\u00f6hr\u0259tli stadionunun indi hans\u0131 durumda oldu\u011fu g\u00f6r\u00fcn\u00fcr.\n<\/p>\n<\/p>\n<figure class=\"wp-block-image size-large\">\n  <img decoding=\"async\" src=\"https:\/\/www.meydan.tv\/az\/56127\/\" alt=\"\" class=\"wp-image-56127\"\/><figcaption><\/figcaption><\/figure>\n<p>\n  <b><br \/>\n    Masall\u0131 \u015f\u0259h\u0259r stadionu \u2013 g\u00f6z da\u011f\u0131<br \/>\n  <\/b>\n<\/p>\n<\/p>\n<p>\n  Az\u0259rbaycan\u0131n m\u0259\u015fhur futbol\u00e7usu Anatoli Bani\u015fevskinin ad\u0131n\u0131 da\u015f\u0131yan Masall\u0131 \u015f\u0259h\u0259r stadionu il\u0259 ba\u011fl\u0131<br \/>\n  <a href=\"\/az\/article\/kepez-azarkesleri-etiraz-edir\/\" target=\"_blank\" rel=\"noopener\"><br \/>\n    Meydan TV-d\u0259 reportaj<br \/>\n  <\/a><br \/>\n  \u00a0i\u015f\u0131q \u00fcz\u00fc g\u00f6r\u00fcb.\n<\/p>\n<p>\n  Daha do\u011frusu, Masall\u0131 sakinl\u0259rinin ac\u0131nacaql\u0131 durumda olan arena il\u0259 ba\u011fl\u0131 \u015fikay\u0259tin\u0259 yer ayr\u0131l\u0131b. Bu arena t\u0259xmin\u0259n 10 min azarke\u015f tutumuna sahib olub. Stadiondan Az\u0259rbaycan \u00e7empionat\u0131nda i\u015ftirak etmi\u015f \u201cVil\u0259\u015f\u201d futbol klubu yararlan\u0131b. Bu klub Az\u0259rbaycan \u00e7empionat\u0131nda b\u00fcr\u00fcnc medal qazan\u0131b, 2 m\u00f6vs\u00fcm \u00f6lk\u0259ni avrokuboklarda t\u0259msil edib. 2003-c\u00fc ild\u0259 \u201cVil\u0259\u015f\u201d maliyy\u0259 probleml\u0259rin\u0259 g\u00f6r\u0259 f\u0259aliyy\u0259tini dayand\u0131r\u0131b. Stadionun da d\u0259rdli g\u00fcnl\u0259ri el\u0259 o d\u00f6vrd\u0259n ba\u015flay\u0131b. G\u0259ncl\u0259r v\u0259 \u0130dman Nazirliyinin balans\u0131nda olan arena 2003-c\u00fc ild\u0259 imzalanm\u0131\u015f \u201cRegionlar\u0131n sosial-iqtisadi inki\u015faf\u0131 D\u00f6vl\u0259t Proqram\u0131\u201d \u00e7\u0259r\u00e7iv\u0259sind\u0259 yenid\u0259n qurulmal\u0131 v\u0259 2007-ci ilin sonunda t\u0259hvil verilm\u0259liydi. Ancaq buna \u0259m\u0259l edilm\u0259di. Masall\u0131 stadionu sonradan \u201cPalmali\u201d \u015eirk\u0259tl\u0259r Qrupunun sahibi M\u00fcbariz M\u0259nsimova verildi. \u0130\u015f adam\u0131 burda Futbol Akademiyas\u0131 a\u00e7ma\u011f\u0131 planla\u015fd\u0131r\u0131rd\u0131. Amma M\u0259nsimovun da i\u015fi stadionu hasara ald\u0131rmaqla yekunla\u015fd\u0131. \u0130ndi tamamil\u0259 xarabazarl\u0131\u011f\u0131 xat\u0131rladan Masall\u0131 stadionu yerli \u0259hali \u00fc\u00e7\u00fcn g\u00f6z da\u011f\u0131ndan ba\u015fqa bir \u015fey deyil.\n<\/p>\n<\/p>\n<figure class=\"wp-block-image size-large\">\n  <img decoding=\"async\" src=\"https:\/\/www.meydan.tv\/az\/56133\/\" alt=\"\" class=\"wp-image-56133\"\/><figcaption><\/figcaption><\/figure>\n<p>\n  <b><br \/>\n    \u015e\u00f6vk\u0259t Orduxanov ad\u0131na Qusar \u015f\u0259h\u0259r stadionu<br \/>\n  <\/b>\n<\/p>\n<\/p>\n<p>\n  Qusardak\u0131 stadion 6 min azarke\u015f tutumuna sahib olub. Bu arenadan m\u00fcxt\u0259lif ill\u0259rd\u0259 Az\u0259rbaycan \u00e7empionat\u0131n\u0131n elitas\u0131nda oynam\u0131\u015f, haz\u0131rda birinci divizionda m\u00fcbariz\u0259 aparan \u201c\u015eahda\u011f\u201d futbol klubu yararlan\u0131r. Stadion \u0259vv\u0259ll\u0259r Az\u0259rbaycan H\u0259mkarlar \u0130ttifaqlar\u0131 Konfederasiyalar\u0131n\u0131n balans\u0131nda olub. \u201c2005-2015-ci ill\u0259rd\u0259 Az\u0259rbaycan Respublikas\u0131nda futbolun inki\u015faf\u0131na dair D\u00f6vl\u0259t Proqram\u0131\u201dna \u0259sas\u0259n, rayonlardak\u0131 stadionlar h\u0259min rayonu t\u0259msil ed\u0259n klublar\u0131n m\u00fclkiyy\u0259tin\u0259 verilib. Art\u0131q stadion \u201c\u015eahda\u011f\u201d\u0131n m\u00fclkiyy\u0259tind\u0259dir. Ancaq klubun maliyy\u0259 imkanlar\u0131 yet\u0259rsiz oldu\u011funa g\u00f6r\u0259, arenan\u0131 t\u0259mir etm\u0259k m\u00fc\u015fk\u00fcl\u0259 \u00e7evrilib. Klub r\u0259hb\u0259rliyi stadionun ot \u00f6rt\u00fcy\u00fcn\u00fc m\u00fc\u0259yy\u0259n vasit\u0259l\u0259rl\u0259 qism\u0259n d\u0259 olsa normal v\u0259ziyy\u0259td\u0259 saxlaya bilibs\u0259, tribunalar, yard\u0131m\u00e7\u0131 tikilil\u0259r ac\u0131nacaql\u0131 durumdad\u0131r. T\u0259qdim etdiyimiz bu videog\u00f6r\u00fcnt\u00fcl\u0259r 2015\/2016 m\u00f6vs\u00fcm\u00fcnd\u0259 ke\u00e7iril\u0259n \u201c\u015eahda\u011f\u201d &#8211; \u201cZaqatala\u201d g\u00f6r\u00fc\u015f\u00fcnd\u0259ndir.<br \/>\n  <a href=\"https:\/\/www.youtube.com\/watch?v=EbfxojbqW0\" target=\"_blank\" rel=\"noopener\"><br \/>\n    Bu videoda<br \/>\n  <\/a><br \/>\n  \u00a0stadionun haz\u0131rk\u0131 durumu ayd\u0131n g\u00f6r\u00fcn\u00fcr.\n<\/p>\n<\/p>\n<figure class=\"wp-block-image size-large\">\n  <img decoding=\"async\" src=\"https:\/\/www.meydan.tv\/az\/56136\/\" alt=\"\" class=\"wp-image-56136\"\/><figcaption><\/figcaption><\/figure>\n<p>\n  <b><br \/>\n    B\u0259rd\u0259 \u015f\u0259h\u0259r stadionu xarabazarl\u0131\u011f\u0131 xat\u0131rlad\u0131r<br \/>\n  <\/b>\n<\/p>\n<\/p>\n<p>\n  B\u0259rd\u0259 \u015f\u0259h\u0259r stadionu 10 min azarke\u015f tutumuna malik olub. Bu stadiondan Az\u0259rbaycan \u00e7empionat\u0131n\u0131n elitas\u0131nda i\u015ftirak etmi\u015f \u201cABN B\u0259rd\u0259\u201d klubu yararlan\u0131b. Komanda 2010-cu ild\u0259 f\u0259aliyy\u0259tini dayand\u0131r\u0131b. Stadionda \u201cABN B\u0259rd\u0259\u201dnin f\u0259aliyy\u0259t g\u00f6st\u0259rdiyi ill\u0259rd\u0259 kosmetik t\u0259mir i\u015fl\u0259ri apar\u0131l\u0131b. Ondan sonra bax\u0131ms\u0131z qalan arena indi xarabazarl\u0131\u011f\u0131 xat\u0131rlad\u0131r.\n<\/p>\n<p>\n  <b><br \/>\n    Nazirlik deyir ki&#8230;<br \/>\n  <\/b>\n<\/p>\n<p>\n  <br \/>\n  Meydan TV G\u0259ncl\u0259r v\u0259 \u0130dman Nazirliyinin m\u00f6vqeyini \u00f6yr\u0259nm\u0259k \u00fc\u00e7\u00fcn quruma sor\u011fu \u00fcnvanlay\u0131b. Nazirlikd\u0259n sor\u011fuya cavab olaraq bildirilib ki, Yeni G\u00fcn\u0259\u015fli q\u0259s\u0259b\u0259sind\u0259ki \u00a0\u015fahmat m\u0259kt\u0259binin tikintisi \u00fc\u00e7\u00fcn m\u0259rh\u0259l\u0259li \u015f\u0259kild\u0259\u00a0 d\u00f6vl\u0259t t\u0259r\u0259find\u0259n ill\u0259r \u00fczr\u0259 m\u00fc\u0259yy\u0259n hiss\u0259 v\u0259sait ayr\u0131l\u0131b v\u0259 h\u0259min v\u0259sait m\u00fcqabilind\u0259 i\u015fl\u0259r yerin\u0259 yetirilib. Qal\u0131q v\u0259sait ayr\u0131ld\u0131qdan sonra obyektin tikintisi tam ba\u015fa \u00e7atd\u0131r\u0131lacaq.\n<\/p>\n<p>\n  Buzovnadak\u0131 &#8220;G\u0259nclik&#8221; stadionuna g\u0259linc\u0259, nazirlikd\u0259n deyilir ki, \u0259sasl\u0131 t\u0259miri m\u0259s\u0259l\u0259si &#8220;Bak\u0131 \u015f\u0259h\u0259rinin v\u0259 onun q\u0259s\u0259b\u0259l\u0259rinin sosial-iqtisadi inka\u015faf\u0131 D\u00f6vl\u0259t Proqram\u0131&#8221;n\u0131n h\u0259yata ke\u00e7irilm\u0259si \u00fczr\u0259 t\u0259dbirl\u0259r plan\u0131na daxil edilib v\u0259 bu m\u0259qs\u0259dl\u0259 nazirliy\u0259 maliyy\u0259 v\u0259saiti ayr\u0131ld\u0131qdan sonra i\u015fl\u0259r\u0259 ba\u015flanacaq.\n<\/p>\n<p>\n  &#8220;Sumqay\u0131t \u015f\u0259h\u0259rind\u0259 &#8220;\u0130n\u015faat\u00e7\u0131&#8221; T\u0259lim-m\u0259\u015fq bazas\u0131n\u0131n (stadion) m\u00fcasir s\u0259viyy\u0259d\u0259 yenid\u0259n qurulmas\u0131 2017-2020-ci illl\u0259rin D\u00f6vl\u0259t \u0130nvestisiya Proqram\u0131n\u0131n layih\u0259sin\u0259 daxil edil\u0259r\u0259k, aidiyyat\u0131 qurumlara t\u0259qdim edilib. Nazirliy\u0259 h\u0259min ill\u0259rd\u0259 bu m\u0259qs\u0259dl\u0259 maliyy\u0259 v\u0259saiti ayr\u0131laca\u011f\u0131 t\u0259qdird\u0259 i\u015fl\u0259r\u0259 ba\u015flanacaqd\u0131r.\n<\/p>\n<p>\n  Y.M\u0259mm\u0259dzad\u0259 ad\u0131na Ming\u0259\u015fevir \u015f\u0259h\u0259r Stadionu 2009-c\u00fc ild\u0259 (7-il \u00f6nc\u0259) nazirlik t\u0259r\u0259find\u0259n t\u0259mir olunub. \u00a0Eyni zamanda bildirirk ki, stadionun m\u00fcasir s\u0259viyy\u0259d\u0259 yenid\u0259n qurulmas\u0131 m\u0259s\u0259l\u0259si 2017-2020-ci illl\u0259rin D\u00f6vl\u0259t \u0130nvestisiya Proqram\u0131n\u0131n layih\u0259sin\u0259 daxil edil\u0259r\u0259k, aidiyyat\u0131 qurumlara t\u0259qdim edilib&#8221;.\n<\/p>\n<\/p>\n<figure class=\"wp-block-image size-large\">\n  <img decoding=\"async\" src=\"https:\/\/www.meydan.tv\/az\/56139\/\" alt=\"\" class=\"wp-image-56139\"\/><figcaption><\/figcaption><\/figure>\n","protected":false},"excerpt":{"rendered":"<p>Regionlardak\u0131 stadionlar\u0131n \u0259sasl\u0131 t\u0259mir\u0259 ehtiyac\u0131 var<\/p>\n","protected":false},"author":11,"featured_media":56121,"comment_status":"closed","ping_status":"open","sticky":false,"template":"","format":"standard","meta":{"_acf_changed":false,"_sitemap_exclude":false,"_sitemap_priority":"","_sitemap_frequency":"","footnotes":""},"categories":[51],"tags":[],"class_list":["post-175552","post","type-post","status-publish","format-standard","has-post-thumbnail","hentry","category-analitika","infinite-scroll-item","generate-columns","tablet-grid-50","mobile-grid-100","grid-parent","grid-33","no-featured-image-padding"],"acf":[],"yoast_head":"<!-- This site is optimized with the Yoast SEO plugin v27.5 - https:\/\/yoast.com\/product\/yoast-seo-wordpress\/ -->\n<title>Da\u011f\u0131lan idman infrastrukturu - II yaz\u0131 - MEYDAN.TV<\/title>\n<meta name=\"robots\" content=\"index, follow, max-snippet:-1, max-image-preview:large, max-video-preview:-1\" \/>\n<link rel=\"canonical\" href=\"https:\/\/www.meydan.tv\/az\/article\/dagilan-idman-infrastrukturu-ii-yazi\/\" \/>\n<meta property=\"og:locale\" content=\"az_AZ\" \/>\n<meta property=\"og:type\" content=\"article\" \/>\n<meta property=\"og:title\" content=\"Da\u011f\u0131lan idman infrastrukturu - II yaz\u0131 - MEYDAN.TV\" \/>\n<meta property=\"og:description\" content=\"Regionlardak\u0131 stadionlar\u0131n \u0259sasl\u0131 t\u0259mir\u0259 ehtiyac\u0131 var\" \/>\n<meta property=\"og:url\" content=\"https:\/\/www.meydan.tv\/az\/article\/dagilan-idman-infrastrukturu-ii-yazi\/\" \/>\n<meta property=\"og:site_name\" content=\"MEYDAN.TV\" \/>\n<meta property=\"article:published_time\" content=\"2016-04-28T21:55:18+00:00\" \/>\n<meta property=\"og:image\" content=\"https:\/\/www.meydan.tv\/wp-content\/uploads\/21213.jpg\" \/>\n\t<meta property=\"og:image:width\" content=\"852\" \/>\n\t<meta property=\"og:image:height\" content=\"479\" \/>\n\t<meta property=\"og:image:type\" content=\"image\/jpeg\" \/>\n<meta name=\"author\" content=\"user-manager\" \/>\n<meta name=\"twitter:card\" content=\"summary_large_image\" \/>\n<script type=\"application\/ld+json\" class=\"yoast-schema-graph\">{\"@context\":\"https:\\\/\\\/schema.org\",\"@graph\":[{\"@type\":\"Article\",\"@id\":\"https:\\\/\\\/www.meydan.tv\\\/az\\\/article\\\/dagilan-idman-infrastrukturu-ii-yazi\\\/#article\",\"isPartOf\":{\"@id\":\"https:\\\/\\\/www.meydan.tv\\\/az\\\/article\\\/dagilan-idman-infrastrukturu-ii-yazi\\\/\"},\"author\":{\"name\":\"user-manager\",\"@id\":\"https:\\\/\\\/www.meydan.tv\\\/az\\\/#\\\/schema\\\/person\\\/10d11eccf6da3662cf5fdab9806ea91a\"},\"headline\":\"Da\u011f\u0131lan idman infrastrukturu &#8211; II yaz\u0131\",\"datePublished\":\"2016-04-28T21:55:18+00:00\",\"mainEntityOfPage\":{\"@id\":\"https:\\\/\\\/www.meydan.tv\\\/az\\\/article\\\/dagilan-idman-infrastrukturu-ii-yazi\\\/\"},\"wordCount\":1734,\"publisher\":{\"@id\":\"https:\\\/\\\/www.meydan.tv\\\/az\\\/#organization\"},\"image\":{\"@id\":\"https:\\\/\\\/www.meydan.tv\\\/az\\\/article\\\/dagilan-idman-infrastrukturu-ii-yazi\\\/#primaryimage\"},\"thumbnailUrl\":\"https:\\\/\\\/www.meydan.tv\\\/wp-content\\\/uploads\\\/21213.jpg\",\"articleSection\":[\"Analitika\"],\"inLanguage\":\"az\"},{\"@type\":\"WebPage\",\"@id\":\"https:\\\/\\\/www.meydan.tv\\\/az\\\/article\\\/dagilan-idman-infrastrukturu-ii-yazi\\\/\",\"url\":\"https:\\\/\\\/www.meydan.tv\\\/az\\\/article\\\/dagilan-idman-infrastrukturu-ii-yazi\\\/\",\"name\":\"Da\u011f\u0131lan idman infrastrukturu - II yaz\u0131 - MEYDAN.TV\",\"isPartOf\":{\"@id\":\"https:\\\/\\\/www.meydan.tv\\\/az\\\/#website\"},\"primaryImageOfPage\":{\"@id\":\"https:\\\/\\\/www.meydan.tv\\\/az\\\/article\\\/dagilan-idman-infrastrukturu-ii-yazi\\\/#primaryimage\"},\"image\":{\"@id\":\"https:\\\/\\\/www.meydan.tv\\\/az\\\/article\\\/dagilan-idman-infrastrukturu-ii-yazi\\\/#primaryimage\"},\"thumbnailUrl\":\"https:\\\/\\\/www.meydan.tv\\\/wp-content\\\/uploads\\\/21213.jpg\",\"datePublished\":\"2016-04-28T21:55:18+00:00\",\"breadcrumb\":{\"@id\":\"https:\\\/\\\/www.meydan.tv\\\/az\\\/article\\\/dagilan-idman-infrastrukturu-ii-yazi\\\/#breadcrumb\"},\"inLanguage\":\"az\",\"potentialAction\":[{\"@type\":\"ReadAction\",\"target\":[\"https:\\\/\\\/www.meydan.tv\\\/az\\\/article\\\/dagilan-idman-infrastrukturu-ii-yazi\\\/\"]}]},{\"@type\":\"ImageObject\",\"inLanguage\":\"az\",\"@id\":\"https:\\\/\\\/www.meydan.tv\\\/az\\\/article\\\/dagilan-idman-infrastrukturu-ii-yazi\\\/#primaryimage\",\"url\":\"https:\\\/\\\/www.meydan.tv\\\/wp-content\\\/uploads\\\/21213.jpg\",\"contentUrl\":\"https:\\\/\\\/www.meydan.tv\\\/wp-content\\\/uploads\\\/21213.jpg\",\"width\":852,\"height\":479,\"caption\":\"Source:\"},{\"@type\":\"BreadcrumbList\",\"@id\":\"https:\\\/\\\/www.meydan.tv\\\/az\\\/article\\\/dagilan-idman-infrastrukturu-ii-yazi\\\/#breadcrumb\",\"itemListElement\":[{\"@type\":\"ListItem\",\"position\":1,\"name\":\"Ana s\u0259hif\u0259\",\"item\":\"https:\\\/\\\/www.meydan.tv\\\/az\\\/\"},{\"@type\":\"ListItem\",\"position\":2,\"name\":\"Analitika\",\"item\":\"https:\\\/\\\/www.meydan.tv\\\/az\\\/section\\\/analitika\\\/\"},{\"@type\":\"ListItem\",\"position\":3,\"name\":\"Da\u011f\u0131lan idman infrastrukturu &#8211; II yaz\u0131\"}]},{\"@type\":\"WebSite\",\"@id\":\"https:\\\/\\\/www.meydan.tv\\\/az\\\/#website\",\"url\":\"https:\\\/\\\/www.meydan.tv\\\/az\\\/\",\"name\":\"MEYDAN.TV\",\"description\":\"Meydan TV Az\u0259rbaycan\u0131n media m\u0259kan\u0131ndak\u0131 alternativ s\u0259sidir\",\"publisher\":{\"@id\":\"https:\\\/\\\/www.meydan.tv\\\/az\\\/#organization\"},\"potentialAction\":[{\"@type\":\"SearchAction\",\"target\":{\"@type\":\"EntryPoint\",\"urlTemplate\":\"https:\\\/\\\/www.meydan.tv\\\/az\\\/?s={search_term_string}\"},\"query-input\":{\"@type\":\"PropertyValueSpecification\",\"valueRequired\":true,\"valueName\":\"search_term_string\"}}],\"inLanguage\":\"az\"},{\"@type\":\"Organization\",\"@id\":\"https:\\\/\\\/www.meydan.tv\\\/az\\\/#organization\",\"name\":\"Meydan TV\",\"url\":\"https:\\\/\\\/www.meydan.tv\\\/az\\\/\",\"logo\":{\"@type\":\"ImageObject\",\"inLanguage\":\"az\",\"@id\":\"https:\\\/\\\/www.meydan.tv\\\/az\\\/#\\\/schema\\\/logo\\\/image\\\/\",\"url\":\"https:\\\/\\\/www.meydan.tv\\\/wp-content\\\/uploads\\\/2021\\\/07\\\/meydan-logo.svg\",\"contentUrl\":\"https:\\\/\\\/www.meydan.tv\\\/wp-content\\\/uploads\\\/2021\\\/07\\\/meydan-logo.svg\",\"width\":195,\"height\":46,\"caption\":\"Meydan TV\"},\"image\":{\"@id\":\"https:\\\/\\\/www.meydan.tv\\\/az\\\/#\\\/schema\\\/logo\\\/image\\\/\"}},{\"@type\":\"Person\",\"@id\":\"https:\\\/\\\/www.meydan.tv\\\/az\\\/#\\\/schema\\\/person\\\/10d11eccf6da3662cf5fdab9806ea91a\",\"name\":\"user-manager\"}]}<\/script>\n<!-- \/ Yoast SEO plugin. -->","yoast_head_json":{"title":"Da\u011f\u0131lan idman infrastrukturu - II yaz\u0131 - MEYDAN.TV","robots":{"index":"index","follow":"follow","max-snippet":"max-snippet:-1","max-image-preview":"max-image-preview:large","max-video-preview":"max-video-preview:-1"},"canonical":"https:\/\/www.meydan.tv\/az\/article\/dagilan-idman-infrastrukturu-ii-yazi\/","og_locale":"az_AZ","og_type":"article","og_title":"Da\u011f\u0131lan idman infrastrukturu - II yaz\u0131 - MEYDAN.TV","og_description":"Regionlardak\u0131 stadionlar\u0131n \u0259sasl\u0131 t\u0259mir\u0259 ehtiyac\u0131 var","og_url":"https:\/\/www.meydan.tv\/az\/article\/dagilan-idman-infrastrukturu-ii-yazi\/","og_site_name":"MEYDAN.TV","article_published_time":"2016-04-28T21:55:18+00:00","og_image":[{"width":852,"height":479,"url":"https:\/\/www.meydan.tv\/wp-content\/uploads\/21213.jpg","type":"image\/jpeg"}],"author":"user-manager","twitter_card":"summary_large_image","schema":{"@context":"https:\/\/schema.org","@graph":[{"@type":"Article","@id":"https:\/\/www.meydan.tv\/az\/article\/dagilan-idman-infrastrukturu-ii-yazi\/#article","isPartOf":{"@id":"https:\/\/www.meydan.tv\/az\/article\/dagilan-idman-infrastrukturu-ii-yazi\/"},"author":{"name":"user-manager","@id":"https:\/\/www.meydan.tv\/az\/#\/schema\/person\/10d11eccf6da3662cf5fdab9806ea91a"},"headline":"Da\u011f\u0131lan idman infrastrukturu &#8211; II yaz\u0131","datePublished":"2016-04-28T21:55:18+00:00","mainEntityOfPage":{"@id":"https:\/\/www.meydan.tv\/az\/article\/dagilan-idman-infrastrukturu-ii-yazi\/"},"wordCount":1734,"publisher":{"@id":"https:\/\/www.meydan.tv\/az\/#organization"},"image":{"@id":"https:\/\/www.meydan.tv\/az\/article\/dagilan-idman-infrastrukturu-ii-yazi\/#primaryimage"},"thumbnailUrl":"https:\/\/www.meydan.tv\/wp-content\/uploads\/21213.jpg","articleSection":["Analitika"],"inLanguage":"az"},{"@type":"WebPage","@id":"https:\/\/www.meydan.tv\/az\/article\/dagilan-idman-infrastrukturu-ii-yazi\/","url":"https:\/\/www.meydan.tv\/az\/article\/dagilan-idman-infrastrukturu-ii-yazi\/","name":"Da\u011f\u0131lan idman infrastrukturu - II yaz\u0131 - MEYDAN.TV","isPartOf":{"@id":"https:\/\/www.meydan.tv\/az\/#website"},"primaryImageOfPage":{"@id":"https:\/\/www.meydan.tv\/az\/article\/dagilan-idman-infrastrukturu-ii-yazi\/#primaryimage"},"image":{"@id":"https:\/\/www.meydan.tv\/az\/article\/dagilan-idman-infrastrukturu-ii-yazi\/#primaryimage"},"thumbnailUrl":"https:\/\/www.meydan.tv\/wp-content\/uploads\/21213.jpg","datePublished":"2016-04-28T21:55:18+00:00","breadcrumb":{"@id":"https:\/\/www.meydan.tv\/az\/article\/dagilan-idman-infrastrukturu-ii-yazi\/#breadcrumb"},"inLanguage":"az","potentialAction":[{"@type":"ReadAction","target":["https:\/\/www.meydan.tv\/az\/article\/dagilan-idman-infrastrukturu-ii-yazi\/"]}]},{"@type":"ImageObject","inLanguage":"az","@id":"https:\/\/www.meydan.tv\/az\/article\/dagilan-idman-infrastrukturu-ii-yazi\/#primaryimage","url":"https:\/\/www.meydan.tv\/wp-content\/uploads\/21213.jpg","contentUrl":"https:\/\/www.meydan.tv\/wp-content\/uploads\/21213.jpg","width":852,"height":479,"caption":"Source:"},{"@type":"BreadcrumbList","@id":"https:\/\/www.meydan.tv\/az\/article\/dagilan-idman-infrastrukturu-ii-yazi\/#breadcrumb","itemListElement":[{"@type":"ListItem","position":1,"name":"Ana s\u0259hif\u0259","item":"https:\/\/www.meydan.tv\/az\/"},{"@type":"ListItem","position":2,"name":"Analitika","item":"https:\/\/www.meydan.tv\/az\/section\/analitika\/"},{"@type":"ListItem","position":3,"name":"Da\u011f\u0131lan idman infrastrukturu &#8211; II yaz\u0131"}]},{"@type":"WebSite","@id":"https:\/\/www.meydan.tv\/az\/#website","url":"https:\/\/www.meydan.tv\/az\/","name":"MEYDAN.TV","description":"Meydan TV Az\u0259rbaycan\u0131n media m\u0259kan\u0131ndak\u0131 alternativ s\u0259sidir","publisher":{"@id":"https:\/\/www.meydan.tv\/az\/#organization"},"potentialAction":[{"@type":"SearchAction","target":{"@type":"EntryPoint","urlTemplate":"https:\/\/www.meydan.tv\/az\/?s={search_term_string}"},"query-input":{"@type":"PropertyValueSpecification","valueRequired":true,"valueName":"search_term_string"}}],"inLanguage":"az"},{"@type":"Organization","@id":"https:\/\/www.meydan.tv\/az\/#organization","name":"Meydan TV","url":"https:\/\/www.meydan.tv\/az\/","logo":{"@type":"ImageObject","inLanguage":"az","@id":"https:\/\/www.meydan.tv\/az\/#\/schema\/logo\/image\/","url":"https:\/\/www.meydan.tv\/wp-content\/uploads\/2021\/07\/meydan-logo.svg","contentUrl":"https:\/\/www.meydan.tv\/wp-content\/uploads\/2021\/07\/meydan-logo.svg","width":195,"height":46,"caption":"Meydan TV"},"image":{"@id":"https:\/\/www.meydan.tv\/az\/#\/schema\/logo\/image\/"}},{"@type":"Person","@id":"https:\/\/www.meydan.tv\/az\/#\/schema\/person\/10d11eccf6da3662cf5fdab9806ea91a","name":"user-manager"}]}},"_links":{"self":[{"href":"https:\/\/www.meydan.tv\/az\/wp-json\/wp\/v2\/posts\/175552","targetHints":{"allow":["GET"]}}],"collection":[{"href":"https:\/\/www.meydan.tv\/az\/wp-json\/wp\/v2\/posts"}],"about":[{"href":"https:\/\/www.meydan.tv\/az\/wp-json\/wp\/v2\/types\/post"}],"author":[{"embeddable":true,"href":"https:\/\/www.meydan.tv\/az\/wp-json\/wp\/v2\/users\/11"}],"replies":[{"embeddable":true,"href":"https:\/\/www.meydan.tv\/az\/wp-json\/wp\/v2\/comments?post=175552"}],"version-history":[{"count":0,"href":"https:\/\/www.meydan.tv\/az\/wp-json\/wp\/v2\/posts\/175552\/revisions"}],"wp:featuredmedia":[{"embeddable":true,"href":"https:\/\/www.meydan.tv\/az\/wp-json\/wp\/v2\/media\/56121"}],"wp:attachment":[{"href":"https:\/\/www.meydan.tv\/az\/wp-json\/wp\/v2\/media?parent=175552"}],"wp:term":[{"taxonomy":"category","embeddable":true,"href":"https:\/\/www.meydan.tv\/az\/wp-json\/wp\/v2\/categories?post=175552"},{"taxonomy":"post_tag","embeddable":true,"href":"https:\/\/www.meydan.tv\/az\/wp-json\/wp\/v2\/tags?post=175552"}],"curies":[{"name":"wp","href":"https:\/\/api.w.org\/{rel}","templated":true}]}}