{"id":175541,"date":"2016-04-28T17:39:59","date_gmt":"2016-04-28T17:39:59","guid":{"rendered":"https:\/\/www.meydan.tv\/article\/atan-kazaklardir-siyaseti-yeniden-gundemde\/"},"modified":"2016-04-28T17:39:59","modified_gmt":"2016-04-28T17:39:59","slug":"atan-kazaklardir-siyaseti-yeniden-gundemde","status":"publish","type":"post","link":"https:\/\/www.meydan.tv\/az\/article\/atan-kazaklardir-siyaseti-yeniden-gundemde\/","title":{"rendered":"&#8221;Atan kazaklard\u0131r&#8221; siyas\u0259ti yenid\u0259n g\u00fcnd\u0259md\u0259"},"content":{"rendered":"<figure class=\"wp-block-image size-large\">\n  <img decoding=\"async\" src=\"https:\/\/www.meydan.tv\/az\/56082\/\" alt=\"\" class=\"wp-image-56082\"\/><figcaption><\/figcaption><\/figure>\n<figure class=\"wp-block-image size-large\">\n  <img decoding=\"async\" src=\"https:\/\/www.meydan.tv\/az\/56085\/\" alt=\"\" class=\"wp-image-56085\"\/><figcaption><\/figcaption><\/figure>\n<p>\n  <i><br \/>\n    Qaraba\u011fda prosesl\u0259ri ruslar idar\u0259 edir<br \/>\n  <\/i>\n<\/p>\n<p>\n  Da\u011fl\u0131q Qaraba\u011fda at\u0259\u015fk\u0259s n\u00f6vb\u0259ti d\u0259f\u0259 pozuldu. T\u0259r\u0259fl\u0259r yeni sava\u015fa haz\u0131r v\u0259ziyy\u0259t\u0259 g\u0259tirilib. Lakin unutmaq olmaz ki, q\u0131sa m\u00fcdd\u0259td\u0259n sonra Az\u0259rbaycan 2016-c\u0131 ild\u0259 \u201cFormula 1 Avropa Qrand pri\u201d yar\u0131\u015f\u0131na ev sahibliyi ed\u0259c\u0259k v\u0259 Bak\u0131 m\u00fcharib\u0259nin ba\u015flamas\u0131nda maraql\u0131 ola bilm\u0259z.\n<\/p>\n<p>\n  Erm\u0259nistan\u0131n m\u00f6vcud hakimiyy\u0259ti d\u0259 sava\u015fda maraql\u0131 deyil v\u0259 status-kvonun saxlanmas\u0131na s\u0259y g\u00f6st\u0259rir. 2017-ci ild\u0259 \u0130slam \u00d6lk\u0259l\u0259rinin H\u0259mr\u0259ylik oyunlar\u0131 ke\u00e7iril\u0259c\u0259k v\u0259 Az\u0259rbaycana m\u00fcnaqi\u015f\u0259nin h\u0259rbi yolunda maraql\u0131 deyil. Odur ki, son g\u00fcnl\u0259r ba\u015f ver\u0259nl\u0259rd\u0259 Rusiya amilini n\u0259z\u0259r\u0259 almaq laz\u0131m g\u0259lir. Rusiya m\u0259tbuat\u0131n\u0131n Az\u0259rbaycana qar\u015f\u0131 qara piar apard\u0131\u011f\u0131n\u0131 n\u0259z\u0259r\u0259 alsaq, ehtimal ed\u0259 bil\u0259rik ki, Bak\u0131 Moskvan\u0131n maraqlar\u0131n\u0131 n\u0259z\u0259r\u0259 almaqdan imtina edir. Q\u0259rb \u00f6lk\u0259l\u0259ri v\u0259 beyn\u0259lxalq qurumlar da yeni sava\u015f\u0131n olmamas\u0131 \u00fc\u00e7\u00fcn s\u0259yl\u0259rini birl\u0259\u015fdirir.\n<\/p>\n<p>\n  \u018fslind\u0259, yeni sava\u015f\u0131n alovlanmas\u0131 Az\u0259rbaycan\u0131n h\u0259yata ke\u00e7irdiyi enerji layih\u0259l\u0259rin\u0259 ziddir. G\u00f6r\u00fcnd\u00fcy\u00fc kimi, Qaraba\u011f c\u0259bh\u0259sind\u0259 yeni sava\u015f\u0131 Kreml ist\u0259yir v\u0259 n\u0259 q\u0259d\u0259r ki, Rusiyan\u0131n \u00e7\u00f6k\u00fc\u015f\u00fc realla\u015fmay\u0131b, Az\u0259rbaycan torpaqlar\u0131n\u0131n i\u015f\u011faldan azad olunmas\u0131 il\u0259 ba\u011fl\u0131 nikbin b\u0259yanatlar s\u0259sl\u0259ndirm\u0259k d\u0259 m\u00fcmk\u00fcn olmayacaq. Rusiya b\u00f6lg\u0259d\u0259 s\u00f6z sahibin\u0259 \u00e7evrilm\u0259k ist\u0259yir v\u0259 odur ki, m\u00fcharib\u0259 t\u0259hl\u00fck\u0259si g\u00fcnd\u0259md\u0259dir. Lakin s\u00f6hb\u0259t irimiqyasl\u0131 h\u0259rbi \u0259m\u0259liyyatlardan deyil, aral\u0131q sava\u015fdan gedir. Unutmaq olmaz ki, AB\u015e Qaraba\u011fda yeni sava\u015f\u0131n alovlanmas\u0131na imkan verm\u0259k ist\u0259m\u0259y\u0259c\u0259k v\u0259 h\u0259tta irimiqyasl\u0131 h\u0259rbi \u0259m\u0259liyyatlar ba\u015flayarsa, t\u0259r\u0259fl\u0259ri s\u00fclh\u0259 vadar etm\u0259 plan\u0131na \u0259l ata bil\u0259r. Bu m\u00fcst\u0259vid\u0259 yaln\u0131z lokal d\u00f6y\u00fc\u015fl\u0259rd\u0259n s\u00f6hb\u0259t ged\u0259 bil\u0259r. M\u00fcnqi\u015f\u0259nin bu \u015f\u0259kild\u0259 davam etdirilm\u0259sini Rusiya ist\u0259yir. Rusiya erm\u0259nil\u0259rin \u0259li il\u0259 yeni \u0259razil\u0259rimizi i\u015f\u011fal etm\u0259k niyy\u0259tind\u0259dir v\u0259 lokal sava\u015f bunun t\u0259rkib hiss\u0259sidir.<br \/>\n  <br \/>\n  Be\u015f rayonun qaytar\u0131lmas\u0131 Az\u0259rbaycana veril\u0259n cavabd\u0131r. Dig\u0259r t\u0259r\u0259fd\u0259n n\u0259z\u0259r\u0259 almaq laz\u0131md\u0131r ki, be\u015f rayonun i\u015f\u011fal\u0131 Rusiyan\u0131n strategiyas\u0131d\u0131r v\u0259 h\u0259m d\u0259 ona hesablan\u0131b ki, g\u0259l\u0259c\u0259kd\u0259 bu \u0259razil\u0259r qaytar\u0131larsa, Az\u0259rbaycana daha a\u011f\u0131r \u015f\u0259rtl\u0259r ir\u0259li s\u00fcr\u00fcls\u00fcn.\n<\/p>\n<p>\n  \u0130ctimai r\u0259yd\u0259 be\u015f rayonun qaytar\u0131lmas\u0131 il\u0259 ba\u011fl\u0131 yarad\u0131lan ajiotaj \u0259sass\u0131zd\u0131r. Bak\u0131n\u0131n Kremlin \u201cs\u00fclh plan\u0131\u201dn\u0131 q\u0259bul etm\u0259si Az\u0259rbaycan\u0131n Rusiyan\u0131n forpostu olaca\u011f\u0131 t\u0259qdird\u0259 realla\u015fa bil\u0259r. Moskvan\u0131n niyy\u0259ti d\u0259 b\u0259llidir &#8211; Erm\u0259nistan \u2013 Az\u0259rbaycan s\u0259rh\u0259dl\u0259rinin a\u00e7\u0131lmas\u0131, s\u00fclhm\u0259raml\u0131lar ad\u0131 alt\u0131nda Rusiya qo\u015funlar\u0131n\u0131n Az\u0259rbaycan \u0259razil\u0259rind\u0259 yerl\u0259\u015fdirilm\u0259si. Bel\u0259 \u015f\u0259rtl\u0259rl\u0259 raz\u0131la\u015fmaq faktiki olaraq d\u00f6vl\u0259t m\u00fcst\u0259qiliyinin itirilm\u0259si anlam\u0131na g\u0259l\u0259 bil\u0259r. Lakin unutmaq olmaz ki, Rusiyan\u0131n Az\u0259rbaycana da kifay\u0259t q\u0259d\u0259r iqtisadi, siyasi v\u0259 k\u0259\u015ffiyyat t\u0259siri imkanlar\u0131 var. \u018fsas problem ondan ibar\u0259tdir ki, h\u0259l\u0259lik b\u00f6y\u00fck d\u00f6vl\u0259tl\u0259rin regionda maraq dair\u0259l\u0259rinin b\u00f6l\u00fcnm\u0259si il\u0259 ba\u011fl\u0131 he\u00e7 bir raz\u0131l\u0131\u011f\u0131 yoxdur. M\u0259hz bu, s\u00fclh\u00fcn yarad\u0131lmas\u0131na kifay\u0259t q\u0259d\u0259r ciddi mane\u00e7ilik g\u00f6st\u0259rir. Onu da n\u0259z\u0259r\u0259 almaq laz\u0131m g\u0259lir ki, b\u00f6lg\u0259d\u0259 Rusiyan\u0131n g\u00fccl\u00fc h\u0259rbi-siyasi t\u0259msil\u00e7iliyi var. H\u0259m G\u00fcrc\u00fcstan\u0131n i\u015f\u011fal olunmu\u015f \u0259razil\u0259rind\u0259, h\u0259m d\u0259 Erm\u0259nistanda Rusiyan\u0131n g\u00fccl\u00fc h\u0259rbi-siyasi t\u0259msil\u00e7iliyi m\u00f6vcuddur. Regionda Q\u0259rbin, yaxud da AB\u015e-\u0131n ona balans yarada bil\u0259c\u0259k t\u0259msil\u00e7iliyi yoxdur. El\u0259 problem d\u0259 ondan ibar\u0259tdir ki, Q\u0259rbin Az\u0259rbaycanda situasiyan\u0131 idar\u0259 ed\u0259 bil\u0259c\u0259k h\u0259rbi q\u00fcvv\u0259si m\u00f6vcud deyil. Odur ki, prosesl\u0259ri Rusiya idar\u0259 ed\u0259 bil\u0259r.\n<\/p>\n<p>\n  \u018fg\u0259r hans\u0131sa anda m\u00fcnaqi\u015f\u0259nin yenid\u0259n q\u0131z\u0131\u015fd\u0131r\u0131lmas\u0131 Rusiyan\u0131n mara\u011f\u0131nda olacaqsa, Qaraba\u011fda bir daha qan ax\u0131d\u0131lacaq. Erm\u0259nistan\u0131n h\u0259rbi \u0259m\u0259liyyatlara ba\u015flamas\u0131n\u0131n da, arxas\u0131nda m\u0259hz \u201cRusiya amili\u201d dayan\u0131r. Bir s\u00f6zl\u0259, prosesl\u0259ri yenid\u0259n Rusiya idar\u0259 edir. Rusiya t\u0259sirini azaltmaq \u00fc\u00e7\u00fcn is\u0259 konkret plan m\u00f6vcud olmal\u0131d\u0131r. Bak\u0131 Rusiyan\u0131n t\u0259sirind\u0259n azad olmaq ist\u0259yirmi? Sual a\u00e7\u0131q qal\u0131r&#8230;<\/p>\n","protected":false},"excerpt":{"rendered":"<p>Qaraba\u011fda prosesl\u0259ri ruslar idar\u0259 edir<\/p>\n","protected":false},"author":11,"featured_media":56082,"comment_status":"closed","ping_status":"open","sticky":false,"template":"","format":"standard","meta":{"_acf_changed":false,"_sitemap_exclude":false,"_sitemap_priority":"","_sitemap_frequency":"","footnotes":""},"categories":[51],"tags":[],"class_list":["post-175541","post","type-post","status-publish","format-standard","has-post-thumbnail","hentry","category-analitika","infinite-scroll-item","generate-columns","tablet-grid-50","mobile-grid-100","grid-parent","grid-33","no-featured-image-padding"],"acf":[],"yoast_head":"<!-- This site is optimized with the Yoast SEO plugin v27.5 - https:\/\/yoast.com\/product\/yoast-seo-wordpress\/ -->\n<title>&#039;&#039;Atan kazaklard\u0131r&#039;&#039; siyas\u0259ti yenid\u0259n g\u00fcnd\u0259md\u0259 - MEYDAN.TV<\/title>\n<meta name=\"robots\" content=\"index, follow, max-snippet:-1, max-image-preview:large, max-video-preview:-1\" \/>\n<link rel=\"canonical\" href=\"https:\/\/www.meydan.tv\/az\/article\/atan-kazaklardir-siyaseti-yeniden-gundemde\/\" \/>\n<meta property=\"og:locale\" content=\"az_AZ\" \/>\n<meta property=\"og:type\" content=\"article\" \/>\n<meta property=\"og:title\" content=\"&#039;&#039;Atan kazaklard\u0131r&#039;&#039; siyas\u0259ti yenid\u0259n g\u00fcnd\u0259md\u0259 - MEYDAN.TV\" \/>\n<meta property=\"og:description\" content=\"Qaraba\u011fda prosesl\u0259ri ruslar idar\u0259 edir\" \/>\n<meta property=\"og:url\" content=\"https:\/\/www.meydan.tv\/az\/article\/atan-kazaklardir-siyaseti-yeniden-gundemde\/\" \/>\n<meta property=\"og:site_name\" content=\"MEYDAN.TV\" \/>\n<meta property=\"article:published_time\" content=\"2016-04-28T17:39:59+00:00\" \/>\n<meta property=\"og:image\" content=\"https:\/\/www.meydan.tv\/wp-content\/uploads\/21194.jpg\" \/>\n\t<meta property=\"og:image:width\" content=\"500\" \/>\n\t<meta property=\"og:image:height\" content=\"304\" \/>\n\t<meta property=\"og:image:type\" content=\"image\/jpeg\" \/>\n<meta name=\"author\" content=\"user-manager\" \/>\n<meta name=\"twitter:card\" content=\"summary_large_image\" \/>\n<script type=\"application\/ld+json\" class=\"yoast-schema-graph\">{\"@context\":\"https:\\\/\\\/schema.org\",\"@graph\":[{\"@type\":\"Article\",\"@id\":\"https:\\\/\\\/www.meydan.tv\\\/az\\\/article\\\/atan-kazaklardir-siyaseti-yeniden-gundemde\\\/#article\",\"isPartOf\":{\"@id\":\"https:\\\/\\\/www.meydan.tv\\\/az\\\/article\\\/atan-kazaklardir-siyaseti-yeniden-gundemde\\\/\"},\"author\":{\"name\":\"user-manager\",\"@id\":\"https:\\\/\\\/www.meydan.tv\\\/az\\\/#\\\/schema\\\/person\\\/10d11eccf6da3662cf5fdab9806ea91a\"},\"headline\":\"&#8221;Atan kazaklard\u0131r&#8221; siyas\u0259ti yenid\u0259n g\u00fcnd\u0259md\u0259\",\"datePublished\":\"2016-04-28T17:39:59+00:00\",\"mainEntityOfPage\":{\"@id\":\"https:\\\/\\\/www.meydan.tv\\\/az\\\/article\\\/atan-kazaklardir-siyaseti-yeniden-gundemde\\\/\"},\"wordCount\":831,\"publisher\":{\"@id\":\"https:\\\/\\\/www.meydan.tv\\\/az\\\/#organization\"},\"image\":{\"@id\":\"https:\\\/\\\/www.meydan.tv\\\/az\\\/article\\\/atan-kazaklardir-siyaseti-yeniden-gundemde\\\/#primaryimage\"},\"thumbnailUrl\":\"https:\\\/\\\/www.meydan.tv\\\/wp-content\\\/uploads\\\/21194.jpg\",\"articleSection\":[\"Analitika\"],\"inLanguage\":\"az\"},{\"@type\":\"WebPage\",\"@id\":\"https:\\\/\\\/www.meydan.tv\\\/az\\\/article\\\/atan-kazaklardir-siyaseti-yeniden-gundemde\\\/\",\"url\":\"https:\\\/\\\/www.meydan.tv\\\/az\\\/article\\\/atan-kazaklardir-siyaseti-yeniden-gundemde\\\/\",\"name\":\"''Atan kazaklard\u0131r'' siyas\u0259ti yenid\u0259n g\u00fcnd\u0259md\u0259 - MEYDAN.TV\",\"isPartOf\":{\"@id\":\"https:\\\/\\\/www.meydan.tv\\\/az\\\/#website\"},\"primaryImageOfPage\":{\"@id\":\"https:\\\/\\\/www.meydan.tv\\\/az\\\/article\\\/atan-kazaklardir-siyaseti-yeniden-gundemde\\\/#primaryimage\"},\"image\":{\"@id\":\"https:\\\/\\\/www.meydan.tv\\\/az\\\/article\\\/atan-kazaklardir-siyaseti-yeniden-gundemde\\\/#primaryimage\"},\"thumbnailUrl\":\"https:\\\/\\\/www.meydan.tv\\\/wp-content\\\/uploads\\\/21194.jpg\",\"datePublished\":\"2016-04-28T17:39:59+00:00\",\"breadcrumb\":{\"@id\":\"https:\\\/\\\/www.meydan.tv\\\/az\\\/article\\\/atan-kazaklardir-siyaseti-yeniden-gundemde\\\/#breadcrumb\"},\"inLanguage\":\"az\",\"potentialAction\":[{\"@type\":\"ReadAction\",\"target\":[\"https:\\\/\\\/www.meydan.tv\\\/az\\\/article\\\/atan-kazaklardir-siyaseti-yeniden-gundemde\\\/\"]}]},{\"@type\":\"ImageObject\",\"inLanguage\":\"az\",\"@id\":\"https:\\\/\\\/www.meydan.tv\\\/az\\\/article\\\/atan-kazaklardir-siyaseti-yeniden-gundemde\\\/#primaryimage\",\"url\":\"https:\\\/\\\/www.meydan.tv\\\/wp-content\\\/uploads\\\/21194.jpg\",\"contentUrl\":\"https:\\\/\\\/www.meydan.tv\\\/wp-content\\\/uploads\\\/21194.jpg\",\"width\":500,\"height\":304,\"caption\":\"Source:\"},{\"@type\":\"BreadcrumbList\",\"@id\":\"https:\\\/\\\/www.meydan.tv\\\/az\\\/article\\\/atan-kazaklardir-siyaseti-yeniden-gundemde\\\/#breadcrumb\",\"itemListElement\":[{\"@type\":\"ListItem\",\"position\":1,\"name\":\"Ana s\u0259hif\u0259\",\"item\":\"https:\\\/\\\/www.meydan.tv\\\/az\\\/\"},{\"@type\":\"ListItem\",\"position\":2,\"name\":\"Analitika\",\"item\":\"https:\\\/\\\/www.meydan.tv\\\/az\\\/section\\\/analitika\\\/\"},{\"@type\":\"ListItem\",\"position\":3,\"name\":\"&#8221;Atan kazaklard\u0131r&#8221; siyas\u0259ti yenid\u0259n g\u00fcnd\u0259md\u0259\"}]},{\"@type\":\"WebSite\",\"@id\":\"https:\\\/\\\/www.meydan.tv\\\/az\\\/#website\",\"url\":\"https:\\\/\\\/www.meydan.tv\\\/az\\\/\",\"name\":\"MEYDAN.TV\",\"description\":\"Meydan TV Az\u0259rbaycan\u0131n media m\u0259kan\u0131ndak\u0131 alternativ s\u0259sidir\",\"publisher\":{\"@id\":\"https:\\\/\\\/www.meydan.tv\\\/az\\\/#organization\"},\"potentialAction\":[{\"@type\":\"SearchAction\",\"target\":{\"@type\":\"EntryPoint\",\"urlTemplate\":\"https:\\\/\\\/www.meydan.tv\\\/az\\\/?s={search_term_string}\"},\"query-input\":{\"@type\":\"PropertyValueSpecification\",\"valueRequired\":true,\"valueName\":\"search_term_string\"}}],\"inLanguage\":\"az\"},{\"@type\":\"Organization\",\"@id\":\"https:\\\/\\\/www.meydan.tv\\\/az\\\/#organization\",\"name\":\"Meydan TV\",\"url\":\"https:\\\/\\\/www.meydan.tv\\\/az\\\/\",\"logo\":{\"@type\":\"ImageObject\",\"inLanguage\":\"az\",\"@id\":\"https:\\\/\\\/www.meydan.tv\\\/az\\\/#\\\/schema\\\/logo\\\/image\\\/\",\"url\":\"https:\\\/\\\/www.meydan.tv\\\/wp-content\\\/uploads\\\/2021\\\/07\\\/meydan-logo.svg\",\"contentUrl\":\"https:\\\/\\\/www.meydan.tv\\\/wp-content\\\/uploads\\\/2021\\\/07\\\/meydan-logo.svg\",\"width\":195,\"height\":46,\"caption\":\"Meydan TV\"},\"image\":{\"@id\":\"https:\\\/\\\/www.meydan.tv\\\/az\\\/#\\\/schema\\\/logo\\\/image\\\/\"}},{\"@type\":\"Person\",\"@id\":\"https:\\\/\\\/www.meydan.tv\\\/az\\\/#\\\/schema\\\/person\\\/10d11eccf6da3662cf5fdab9806ea91a\",\"name\":\"user-manager\"}]}<\/script>\n<!-- \/ Yoast SEO plugin. -->","yoast_head_json":{"title":"''Atan kazaklard\u0131r'' siyas\u0259ti yenid\u0259n g\u00fcnd\u0259md\u0259 - MEYDAN.TV","robots":{"index":"index","follow":"follow","max-snippet":"max-snippet:-1","max-image-preview":"max-image-preview:large","max-video-preview":"max-video-preview:-1"},"canonical":"https:\/\/www.meydan.tv\/az\/article\/atan-kazaklardir-siyaseti-yeniden-gundemde\/","og_locale":"az_AZ","og_type":"article","og_title":"''Atan kazaklard\u0131r'' siyas\u0259ti yenid\u0259n g\u00fcnd\u0259md\u0259 - MEYDAN.TV","og_description":"Qaraba\u011fda prosesl\u0259ri ruslar idar\u0259 edir","og_url":"https:\/\/www.meydan.tv\/az\/article\/atan-kazaklardir-siyaseti-yeniden-gundemde\/","og_site_name":"MEYDAN.TV","article_published_time":"2016-04-28T17:39:59+00:00","og_image":[{"width":500,"height":304,"url":"https:\/\/www.meydan.tv\/wp-content\/uploads\/21194.jpg","type":"image\/jpeg"}],"author":"user-manager","twitter_card":"summary_large_image","schema":{"@context":"https:\/\/schema.org","@graph":[{"@type":"Article","@id":"https:\/\/www.meydan.tv\/az\/article\/atan-kazaklardir-siyaseti-yeniden-gundemde\/#article","isPartOf":{"@id":"https:\/\/www.meydan.tv\/az\/article\/atan-kazaklardir-siyaseti-yeniden-gundemde\/"},"author":{"name":"user-manager","@id":"https:\/\/www.meydan.tv\/az\/#\/schema\/person\/10d11eccf6da3662cf5fdab9806ea91a"},"headline":"&#8221;Atan kazaklard\u0131r&#8221; siyas\u0259ti yenid\u0259n g\u00fcnd\u0259md\u0259","datePublished":"2016-04-28T17:39:59+00:00","mainEntityOfPage":{"@id":"https:\/\/www.meydan.tv\/az\/article\/atan-kazaklardir-siyaseti-yeniden-gundemde\/"},"wordCount":831,"publisher":{"@id":"https:\/\/www.meydan.tv\/az\/#organization"},"image":{"@id":"https:\/\/www.meydan.tv\/az\/article\/atan-kazaklardir-siyaseti-yeniden-gundemde\/#primaryimage"},"thumbnailUrl":"https:\/\/www.meydan.tv\/wp-content\/uploads\/21194.jpg","articleSection":["Analitika"],"inLanguage":"az"},{"@type":"WebPage","@id":"https:\/\/www.meydan.tv\/az\/article\/atan-kazaklardir-siyaseti-yeniden-gundemde\/","url":"https:\/\/www.meydan.tv\/az\/article\/atan-kazaklardir-siyaseti-yeniden-gundemde\/","name":"''Atan kazaklard\u0131r'' siyas\u0259ti yenid\u0259n g\u00fcnd\u0259md\u0259 - MEYDAN.TV","isPartOf":{"@id":"https:\/\/www.meydan.tv\/az\/#website"},"primaryImageOfPage":{"@id":"https:\/\/www.meydan.tv\/az\/article\/atan-kazaklardir-siyaseti-yeniden-gundemde\/#primaryimage"},"image":{"@id":"https:\/\/www.meydan.tv\/az\/article\/atan-kazaklardir-siyaseti-yeniden-gundemde\/#primaryimage"},"thumbnailUrl":"https:\/\/www.meydan.tv\/wp-content\/uploads\/21194.jpg","datePublished":"2016-04-28T17:39:59+00:00","breadcrumb":{"@id":"https:\/\/www.meydan.tv\/az\/article\/atan-kazaklardir-siyaseti-yeniden-gundemde\/#breadcrumb"},"inLanguage":"az","potentialAction":[{"@type":"ReadAction","target":["https:\/\/www.meydan.tv\/az\/article\/atan-kazaklardir-siyaseti-yeniden-gundemde\/"]}]},{"@type":"ImageObject","inLanguage":"az","@id":"https:\/\/www.meydan.tv\/az\/article\/atan-kazaklardir-siyaseti-yeniden-gundemde\/#primaryimage","url":"https:\/\/www.meydan.tv\/wp-content\/uploads\/21194.jpg","contentUrl":"https:\/\/www.meydan.tv\/wp-content\/uploads\/21194.jpg","width":500,"height":304,"caption":"Source:"},{"@type":"BreadcrumbList","@id":"https:\/\/www.meydan.tv\/az\/article\/atan-kazaklardir-siyaseti-yeniden-gundemde\/#breadcrumb","itemListElement":[{"@type":"ListItem","position":1,"name":"Ana s\u0259hif\u0259","item":"https:\/\/www.meydan.tv\/az\/"},{"@type":"ListItem","position":2,"name":"Analitika","item":"https:\/\/www.meydan.tv\/az\/section\/analitika\/"},{"@type":"ListItem","position":3,"name":"&#8221;Atan kazaklard\u0131r&#8221; siyas\u0259ti yenid\u0259n g\u00fcnd\u0259md\u0259"}]},{"@type":"WebSite","@id":"https:\/\/www.meydan.tv\/az\/#website","url":"https:\/\/www.meydan.tv\/az\/","name":"MEYDAN.TV","description":"Meydan TV Az\u0259rbaycan\u0131n media m\u0259kan\u0131ndak\u0131 alternativ s\u0259sidir","publisher":{"@id":"https:\/\/www.meydan.tv\/az\/#organization"},"potentialAction":[{"@type":"SearchAction","target":{"@type":"EntryPoint","urlTemplate":"https:\/\/www.meydan.tv\/az\/?s={search_term_string}"},"query-input":{"@type":"PropertyValueSpecification","valueRequired":true,"valueName":"search_term_string"}}],"inLanguage":"az"},{"@type":"Organization","@id":"https:\/\/www.meydan.tv\/az\/#organization","name":"Meydan TV","url":"https:\/\/www.meydan.tv\/az\/","logo":{"@type":"ImageObject","inLanguage":"az","@id":"https:\/\/www.meydan.tv\/az\/#\/schema\/logo\/image\/","url":"https:\/\/www.meydan.tv\/wp-content\/uploads\/2021\/07\/meydan-logo.svg","contentUrl":"https:\/\/www.meydan.tv\/wp-content\/uploads\/2021\/07\/meydan-logo.svg","width":195,"height":46,"caption":"Meydan TV"},"image":{"@id":"https:\/\/www.meydan.tv\/az\/#\/schema\/logo\/image\/"}},{"@type":"Person","@id":"https:\/\/www.meydan.tv\/az\/#\/schema\/person\/10d11eccf6da3662cf5fdab9806ea91a","name":"user-manager"}]}},"_links":{"self":[{"href":"https:\/\/www.meydan.tv\/az\/wp-json\/wp\/v2\/posts\/175541","targetHints":{"allow":["GET"]}}],"collection":[{"href":"https:\/\/www.meydan.tv\/az\/wp-json\/wp\/v2\/posts"}],"about":[{"href":"https:\/\/www.meydan.tv\/az\/wp-json\/wp\/v2\/types\/post"}],"author":[{"embeddable":true,"href":"https:\/\/www.meydan.tv\/az\/wp-json\/wp\/v2\/users\/11"}],"replies":[{"embeddable":true,"href":"https:\/\/www.meydan.tv\/az\/wp-json\/wp\/v2\/comments?post=175541"}],"version-history":[{"count":0,"href":"https:\/\/www.meydan.tv\/az\/wp-json\/wp\/v2\/posts\/175541\/revisions"}],"wp:featuredmedia":[{"embeddable":true,"href":"https:\/\/www.meydan.tv\/az\/wp-json\/wp\/v2\/media\/56082"}],"wp:attachment":[{"href":"https:\/\/www.meydan.tv\/az\/wp-json\/wp\/v2\/media?parent=175541"}],"wp:term":[{"taxonomy":"category","embeddable":true,"href":"https:\/\/www.meydan.tv\/az\/wp-json\/wp\/v2\/categories?post=175541"},{"taxonomy":"post_tag","embeddable":true,"href":"https:\/\/www.meydan.tv\/az\/wp-json\/wp\/v2\/tags?post=175541"}],"curies":[{"name":"wp","href":"https:\/\/api.w.org\/{rel}","templated":true}]}}