{"id":175524,"date":"2016-04-28T14:19:22","date_gmt":"2016-04-28T14:19:22","guid":{"rendered":"https:\/\/www.meydan.tv\/article\/xin-beynelxalq-alem-ermenistanin-yeni-texribatlari-haqda-melumatlandirilib\/"},"modified":"2016-04-28T14:19:22","modified_gmt":"2016-04-28T14:19:22","slug":"xin-beynelxalq-alem-ermenistanin-yeni-texribatlari-haqda-melumatlandirilib","status":"publish","type":"post","link":"https:\/\/www.meydan.tv\/az\/article\/xin-beynelxalq-alem-ermenistanin-yeni-texribatlari-haqda-melumatlandirilib\/","title":{"rendered":"X\u0130N: Beyn\u0259lxalq al\u0259m Erm\u0259nistan\u0131n yeni t\u0259xribatlar\u0131 haqda m\u0259lumatland\u0131r\u0131l\u0131b"},"content":{"rendered":"<figure class=\"wp-block-image size-large\">\n  <img decoding=\"async\" src=\"https:\/\/www.meydan.tv\/az\/55935\/\" alt=\"\" class=\"wp-image-55935\"\/><figcaption><\/figcaption><\/figure>\n<p>\n  Amerika Birl\u0259\u015fmi\u015f \u015etatlar\u0131 D\u00f6vl\u0259t Departamenti v\u0259 Rusiya Federasiyas\u0131n\u0131n Xarici \u0130\u015fl\u0259r Nazirliyinin Erm\u0259nistan-Az\u0259rbaycan qo\u015funlar\u0131n\u0131n t\u0259mas x\u0259ttind\u0259 v\u0259ziyy\u0259tin g\u0259rginl\u0259\u015fm\u0259si il\u0259 \u0259laq\u0259dar ifad\u0259 etdikl\u0259ri narahatl\u0131qlar\u0131n\u0131 b\u00f6l\u00fc\u015f\u00fcr\u00fck.\n<\/p>\n<p>\n  Bunu Trend-\u0259 X\u0130N-nin M\u0259tbuat xidm\u0259tinin r\u0259hb\u0259ri Hikm\u0259t Hac\u0131yev bildirib.\n<\/p>\n<p>\n  X\u0130N r\u0259smisi qeyd edib: &#8220;27 aprel tarixind\u0259 ax\u015fam saatlar\u0131ndan ba\u015flayaraq 28 aprel tarixin\u0259d\u0259k Erm\u0259nistan silahl\u0131 q\u00fcvv\u0259l\u0259ri qo\u015funlar\u0131n t\u0259mas x\u0259tti boyunca iri \u00e7apl\u0131 minaatanlar v\u0259 toplardan istifad\u0259 etm\u0259kl\u0259 \u0259sas\u0259n A\u011fdam v\u0259 T\u0259rt\u0259r rayonlar\u0131nda s\u0131x \u015f\u0259kild\u0259 ya\u015fayan m\u00fclki Az\u0259rbaycan \u0259halisi, f\u0259rdi v\u0259 d\u00f6vl\u0259t m\u00fclkiyy\u0259tind\u0259 olan obyektl\u0259r v\u0259 Az\u0259rbaycan ordusunun m\u00f6vqel\u0259rini intensiv at\u0259\u015f\u0259 tutub. Erm\u0259nistan t\u0259r\u0259finin beyn\u0259lxalq humanitar h\u00fcququ kobud \u015f\u0259kild\u0259 pozaraq, m\u00fclki Az\u0259rbaycan \u0259halisini m\u0259suliyy\u0259tsiz v\u0259 h\u0259d\u0259fl\u0259nmi\u015f \u015f\u0259kild\u0259 a\u011f\u0131r silahlardan at\u0259\u015f\u0259 tutmas\u0131 n\u0259tic\u0259sind\u0259 A\u011fdam rayonunda bir n\u0259f\u0259r m\u00fclki \u015f\u0259xs h\u0259lak olub, 7 n\u0259f\u0259r is\u0259 yaralan\u0131b. Bunun n\u0259tic\u0259sind\u0259 yaln\u0131z 27 apreld\u0259n 28-n\u0259 ke\u00e7\u0259n gec\u0259 T\u0259r-T\u0259r v\u0259 A\u011fdam rayonlar\u0131nda 20-d\u0259n art\u0131q m\u00fclkiyy\u0259t\u0259 v\u0259 sosial obyekt\u0259 ciddi z\u0259r\u0259r d\u0259yib. \u00dcmumiyy\u0259tl\u0259, 2 aprel tarixind\u0259n ba\u015flayaraq Erm\u0259nistan\u0131n bu kimi \u0259m\u0259ll\u0259rin\u0259 g\u00f6r\u0259 t\u0259mas x\u0259ttin\u0259 yax\u0131n ya\u015fay\u0131\u015f m\u0259nt\u0259q\u0259l\u0259rind\u0259 d\u00f6vl\u0259t v\u0259 \u00f6z\u0259l m\u00fclkiyy\u0259t\u0259 ciddi ziyan vurulub&#8221;.\n<\/p>\n<p>\n  H.Hac\u0131yev bildirib ki, Erm\u0259nistan\u0131n qo\u015funlar\u0131n t\u0259mas x\u0259tti boyunca s\u0131x \u015f\u0259kild\u0259 ya\u015fayan m\u00fclki Az\u0259rbaycan \u0259halisin\u0259 qar\u015f\u0131 q\u0259sd\u0259n canl\u0131 q\u00fcvv\u0259nin m\u0259hv edilm\u0259si \u00fc\u00e7\u00fcn n\u0259z\u0259rd\u0259 tutulan kasetli m\u0259rmil\u0259rd\u0259n istifad\u0259 etm\u0259si he\u00e7 bir h\u0259rbi t\u0259yinat da\u015f\u0131m\u0131r, yaln\u0131z m\u00fclki insanlar aras\u0131nda k\u00fctl\u0259vi q\u0131r\u011f\u0131n t\u00f6r\u0259dilm\u0259sin\u0259 xidm\u0259t edir: &#8220;Bir hiss\u0259si partlamayan kasetli m\u0259rmil\u0259rin hiss\u0259cikl\u0259ri uzun m\u00fcdd\u0259t \u0259rzind\u0259 m\u00fclki insanlar\u0131n h\u0259yat\u0131 v\u0259 m\u00fclkiyy\u0259ti \u00fc\u00e7\u00fcn t\u0259hl\u00fck\u0259 m\u0259nb\u0259yidir. Erm\u0259nistan silahl\u0131 q\u00fcvv\u0259l\u0259rinin qeyri-insani vasit\u0259l\u0259r\u0259 \u0259l ataraq, m\u00fclki insanlar\u0131n q\u0131r\u011f\u0131n\u0131n\u0131n t\u0259krar h\u0259yata ke\u00e7irilm\u0259si c\u0259hdl\u0259ri s\u0131radan olan adi hal deyil, Erm\u0259nistan Respublikas\u0131n\u0131n d\u00f6vl\u0259t s\u0259viyy\u0259sind\u0259 Az\u0259rbaycana qar\u015f\u0131 h\u0259yata ke\u00e7irdiyi planl\u0131 v\u0259 sistematik terror siyas\u0259tinin t\u0259rkib hiss\u0259dir&#8221;.\n<\/p>\n<p>\n  X\u0130N r\u0259smisi deyib ki, qo\u015funlar\u0131n t\u0259mas x\u0259tti boyunca Erm\u0259nistan\u0131n n\u0259zar\u0259tind\u0259 olan i\u015f\u011fal edilmi\u015f \u0259razil\u0259rd\u0259 m\u00fclki insanlara v\u0259 obyektl\u0259r\u0259 z\u0259r\u0259rin d\u0259ym\u0259si bar\u0259sind\u0259 r\u0259smi Yerevan\u0131n iddialar\u0131 yaland\u0131r: &#8220;Erm\u0259nistan t\u0259r\u0259finin i\u015f\u011fal edilmi\u015f \u0259razil\u0259rd\u0259 m\u00fclki Az\u0259rbaycan \u0259halisin\u0259 qar\u015f\u0131 h\u0259yata ke\u00e7irdiyi etnik t\u0259mizl\u0259m\u0259 n\u0259tic\u0259sind\u0259 t\u0259mas x\u0259ttinin Erm\u0259nistan\u0131n n\u0259zar\u0259tind\u0259 olan hiss\u0259l\u0259rind\u0259 m\u00fclki insanlar yoxdur. 5 aprel tarixind\u0259 Az\u0259rbaycan v\u0259 Erm\u0259nistan silahl\u0131 q\u00fcvv\u0259l\u0259rinin ba\u015f q\u0259rargah r\u0259isl\u0259ri s\u0259viyy\u0259sind\u0259 \u0259ld\u0259 olunmu\u015f at\u0259\u015fk\u0259s\u0259 m\u0259h\u0259l qoymayaraq, Erm\u0259nistan t\u0259r\u0259find\u0259n v\u0259ziyy\u0259tin g\u0259rginl\u0259\u015fdirilm\u0259si, m\u00fclki insanlar\u0131n v\u0259 sosial obyektl\u0259rin q\u0259sd\u0259n h\u0259d\u0259f\u0259 al\u0131nmas\u0131 v\u0259 m\u00fcnaqi\u015f\u0259nin h\u0259lli \u00fczr\u0259 dan\u0131\u015f\u0131qlardan imtina etm\u0259si kimi t\u0259xribat\u00e7\u0131 \u0259m\u0259ll\u0259ri beyn\u0259lxalq ictimaiyy\u0259t t\u0259r\u0259find\u0259n q\u0259ti \u015f\u0259kild\u0259 q\u0131nanmal\u0131 v\u0259 pisl\u0259nilm\u0259lidir&#8221;.\n<\/p>\n<p>\n  H.Hac\u0131yev qeyd edib ki, Az\u0259rbaycan t\u0259r\u0259fi beyn\u0259lxalq ictimaiyy\u0259ti Erm\u0259nistan\u0131n yeni t\u0259xribatlara haz\u0131rla\u015fmas\u0131 bar\u0259sind\u0259 h\u0259rt\u0259r\u0259fli \u015f\u0259kild\u0259 m\u0259lumatland\u0131r\u0131b v\u0259 x\u0259b\u0259rdar edib: &#8220;Qo\u015funlar\u0131n t\u0259mas x\u0259tti boyunca ya\u015fayan m\u00fclki \u0259halinin t\u0259hl\u00fck\u0259sizliyini t\u0259min etm\u0259k \u00fc\u00e7\u00fcn Az\u0259rbaycan silahl\u0131 q\u00fcvv\u0259l\u0259rinin Erm\u0259nistan\u0131n h\u0259rbi obyektl\u0259rin\u0259 qar\u015f\u0131 atmal\u0131 olaca\u011f\u0131 cavab t\u0259dbirl\u0259rinin m\u0259suliyy\u0259ti tam \u015f\u0259kild\u0259 Erm\u0259nistan\u0131n \u00fcz\u0259rin\u0259 d\u00fc\u015f\u0259c\u0259kdir&#8221;.<\/p>\n","protected":false},"excerpt":{"rendered":"<p>Amerika Birl\u0259\u015fmi\u015f \u015etatlar\u0131 D\u00f6vl\u0259t Departamenti v\u0259 Rusiya Federasiyas\u0131n\u0131n Xarici \u0130\u015fl\u0259r &#8230; <\/p>\n<p class=\"read-more-container\"><a title=\"X\u0130N: Beyn\u0259lxalq al\u0259m Erm\u0259nistan\u0131n yeni t\u0259xribatlar\u0131 haqda m\u0259lumatland\u0131r\u0131l\u0131b\" class=\"read-more button\" href=\"https:\/\/www.meydan.tv\/az\/article\/xin-beynelxalq-alem-ermenistanin-yeni-texribatlari-haqda-melumatlandirilib\/#more-175524\" aria-label=\"Read more about X\u0130N: Beyn\u0259lxalq al\u0259m Erm\u0259nistan\u0131n yeni t\u0259xribatlar\u0131 haqda m\u0259lumatland\u0131r\u0131l\u0131b\">Davam\u0131<\/a><\/p>\n","protected":false},"author":11,"featured_media":55935,"comment_status":"closed","ping_status":"open","sticky":false,"template":"","format":"standard","meta":{"_acf_changed":false,"_sitemap_exclude":false,"_sitemap_priority":"","_sitemap_frequency":"","footnotes":""},"categories":[51],"tags":[],"class_list":["post-175524","post","type-post","status-publish","format-standard","has-post-thumbnail","hentry","category-analitika","infinite-scroll-item","generate-columns","tablet-grid-50","mobile-grid-100","grid-parent","grid-33","no-featured-image-padding"],"acf":[],"yoast_head":"<!-- This site is optimized with the Yoast SEO plugin v27.5 - https:\/\/yoast.com\/product\/yoast-seo-wordpress\/ -->\n<title>X\u0130N: Beyn\u0259lxalq al\u0259m Erm\u0259nistan\u0131n yeni t\u0259xribatlar\u0131 haqda m\u0259lumatland\u0131r\u0131l\u0131b - MEYDAN.TV<\/title>\n<meta name=\"robots\" content=\"index, follow, max-snippet:-1, max-image-preview:large, max-video-preview:-1\" \/>\n<link rel=\"canonical\" href=\"https:\/\/www.meydan.tv\/az\/article\/xin-beynelxalq-alem-ermenistanin-yeni-texribatlari-haqda-melumatlandirilib\/\" \/>\n<meta property=\"og:locale\" content=\"az_AZ\" \/>\n<meta property=\"og:type\" content=\"article\" \/>\n<meta property=\"og:title\" content=\"X\u0130N: Beyn\u0259lxalq al\u0259m Erm\u0259nistan\u0131n yeni t\u0259xribatlar\u0131 haqda m\u0259lumatland\u0131r\u0131l\u0131b - MEYDAN.TV\" \/>\n<meta property=\"og:description\" content=\"Amerika Birl\u0259\u015fmi\u015f \u015etatlar\u0131 D\u00f6vl\u0259t Departamenti v\u0259 Rusiya Federasiyas\u0131n\u0131n Xarici \u0130\u015fl\u0259r ... Davam\u0131\" \/>\n<meta property=\"og:url\" content=\"https:\/\/www.meydan.tv\/az\/article\/xin-beynelxalq-alem-ermenistanin-yeni-texribatlari-haqda-melumatlandirilib\/\" \/>\n<meta property=\"og:site_name\" content=\"MEYDAN.TV\" \/>\n<meta property=\"article:published_time\" content=\"2016-04-28T14:19:22+00:00\" \/>\n<meta property=\"og:image\" content=\"https:\/\/www.meydan.tv\/wp-content\/uploads\/21179.jpg\" \/>\n\t<meta property=\"og:image:width\" content=\"1200\" \/>\n\t<meta property=\"og:image:height\" content=\"900\" \/>\n\t<meta property=\"og:image:type\" content=\"image\/jpeg\" \/>\n<meta name=\"author\" content=\"user-manager\" \/>\n<meta name=\"twitter:card\" content=\"summary_large_image\" \/>\n<script type=\"application\/ld+json\" class=\"yoast-schema-graph\">{\"@context\":\"https:\\\/\\\/schema.org\",\"@graph\":[{\"@type\":\"Article\",\"@id\":\"https:\\\/\\\/www.meydan.tv\\\/az\\\/article\\\/xin-beynelxalq-alem-ermenistanin-yeni-texribatlari-haqda-melumatlandirilib\\\/#article\",\"isPartOf\":{\"@id\":\"https:\\\/\\\/www.meydan.tv\\\/az\\\/article\\\/xin-beynelxalq-alem-ermenistanin-yeni-texribatlari-haqda-melumatlandirilib\\\/\"},\"author\":{\"name\":\"user-manager\",\"@id\":\"https:\\\/\\\/www.meydan.tv\\\/az\\\/#\\\/schema\\\/person\\\/10d11eccf6da3662cf5fdab9806ea91a\"},\"headline\":\"X\u0130N: Beyn\u0259lxalq al\u0259m Erm\u0259nistan\u0131n yeni t\u0259xribatlar\u0131 haqda m\u0259lumatland\u0131r\u0131l\u0131b\",\"datePublished\":\"2016-04-28T14:19:22+00:00\",\"mainEntityOfPage\":{\"@id\":\"https:\\\/\\\/www.meydan.tv\\\/az\\\/article\\\/xin-beynelxalq-alem-ermenistanin-yeni-texribatlari-haqda-melumatlandirilib\\\/\"},\"wordCount\":758,\"publisher\":{\"@id\":\"https:\\\/\\\/www.meydan.tv\\\/az\\\/#organization\"},\"image\":{\"@id\":\"https:\\\/\\\/www.meydan.tv\\\/az\\\/article\\\/xin-beynelxalq-alem-ermenistanin-yeni-texribatlari-haqda-melumatlandirilib\\\/#primaryimage\"},\"thumbnailUrl\":\"https:\\\/\\\/www.meydan.tv\\\/wp-content\\\/uploads\\\/21179.jpg\",\"articleSection\":[\"Analitika\"],\"inLanguage\":\"az\"},{\"@type\":\"WebPage\",\"@id\":\"https:\\\/\\\/www.meydan.tv\\\/az\\\/article\\\/xin-beynelxalq-alem-ermenistanin-yeni-texribatlari-haqda-melumatlandirilib\\\/\",\"url\":\"https:\\\/\\\/www.meydan.tv\\\/az\\\/article\\\/xin-beynelxalq-alem-ermenistanin-yeni-texribatlari-haqda-melumatlandirilib\\\/\",\"name\":\"X\u0130N: Beyn\u0259lxalq al\u0259m Erm\u0259nistan\u0131n yeni t\u0259xribatlar\u0131 haqda m\u0259lumatland\u0131r\u0131l\u0131b - MEYDAN.TV\",\"isPartOf\":{\"@id\":\"https:\\\/\\\/www.meydan.tv\\\/az\\\/#website\"},\"primaryImageOfPage\":{\"@id\":\"https:\\\/\\\/www.meydan.tv\\\/az\\\/article\\\/xin-beynelxalq-alem-ermenistanin-yeni-texribatlari-haqda-melumatlandirilib\\\/#primaryimage\"},\"image\":{\"@id\":\"https:\\\/\\\/www.meydan.tv\\\/az\\\/article\\\/xin-beynelxalq-alem-ermenistanin-yeni-texribatlari-haqda-melumatlandirilib\\\/#primaryimage\"},\"thumbnailUrl\":\"https:\\\/\\\/www.meydan.tv\\\/wp-content\\\/uploads\\\/21179.jpg\",\"datePublished\":\"2016-04-28T14:19:22+00:00\",\"breadcrumb\":{\"@id\":\"https:\\\/\\\/www.meydan.tv\\\/az\\\/article\\\/xin-beynelxalq-alem-ermenistanin-yeni-texribatlari-haqda-melumatlandirilib\\\/#breadcrumb\"},\"inLanguage\":\"az\",\"potentialAction\":[{\"@type\":\"ReadAction\",\"target\":[\"https:\\\/\\\/www.meydan.tv\\\/az\\\/article\\\/xin-beynelxalq-alem-ermenistanin-yeni-texribatlari-haqda-melumatlandirilib\\\/\"]}]},{\"@type\":\"ImageObject\",\"inLanguage\":\"az\",\"@id\":\"https:\\\/\\\/www.meydan.tv\\\/az\\\/article\\\/xin-beynelxalq-alem-ermenistanin-yeni-texribatlari-haqda-melumatlandirilib\\\/#primaryimage\",\"url\":\"https:\\\/\\\/www.meydan.tv\\\/wp-content\\\/uploads\\\/21179.jpg\",\"contentUrl\":\"https:\\\/\\\/www.meydan.tv\\\/wp-content\\\/uploads\\\/21179.jpg\",\"width\":1200,\"height\":900,\"caption\":\"Source:\"},{\"@type\":\"BreadcrumbList\",\"@id\":\"https:\\\/\\\/www.meydan.tv\\\/az\\\/article\\\/xin-beynelxalq-alem-ermenistanin-yeni-texribatlari-haqda-melumatlandirilib\\\/#breadcrumb\",\"itemListElement\":[{\"@type\":\"ListItem\",\"position\":1,\"name\":\"Ana s\u0259hif\u0259\",\"item\":\"https:\\\/\\\/www.meydan.tv\\\/az\\\/\"},{\"@type\":\"ListItem\",\"position\":2,\"name\":\"Analitika\",\"item\":\"https:\\\/\\\/www.meydan.tv\\\/az\\\/section\\\/analitika\\\/\"},{\"@type\":\"ListItem\",\"position\":3,\"name\":\"X\u0130N: Beyn\u0259lxalq al\u0259m Erm\u0259nistan\u0131n yeni t\u0259xribatlar\u0131 haqda m\u0259lumatland\u0131r\u0131l\u0131b\"}]},{\"@type\":\"WebSite\",\"@id\":\"https:\\\/\\\/www.meydan.tv\\\/az\\\/#website\",\"url\":\"https:\\\/\\\/www.meydan.tv\\\/az\\\/\",\"name\":\"MEYDAN.TV\",\"description\":\"Meydan TV Az\u0259rbaycan\u0131n media m\u0259kan\u0131ndak\u0131 alternativ s\u0259sidir\",\"publisher\":{\"@id\":\"https:\\\/\\\/www.meydan.tv\\\/az\\\/#organization\"},\"potentialAction\":[{\"@type\":\"SearchAction\",\"target\":{\"@type\":\"EntryPoint\",\"urlTemplate\":\"https:\\\/\\\/www.meydan.tv\\\/az\\\/?s={search_term_string}\"},\"query-input\":{\"@type\":\"PropertyValueSpecification\",\"valueRequired\":true,\"valueName\":\"search_term_string\"}}],\"inLanguage\":\"az\"},{\"@type\":\"Organization\",\"@id\":\"https:\\\/\\\/www.meydan.tv\\\/az\\\/#organization\",\"name\":\"Meydan TV\",\"url\":\"https:\\\/\\\/www.meydan.tv\\\/az\\\/\",\"logo\":{\"@type\":\"ImageObject\",\"inLanguage\":\"az\",\"@id\":\"https:\\\/\\\/www.meydan.tv\\\/az\\\/#\\\/schema\\\/logo\\\/image\\\/\",\"url\":\"https:\\\/\\\/www.meydan.tv\\\/wp-content\\\/uploads\\\/2021\\\/07\\\/meydan-logo.svg\",\"contentUrl\":\"https:\\\/\\\/www.meydan.tv\\\/wp-content\\\/uploads\\\/2021\\\/07\\\/meydan-logo.svg\",\"width\":195,\"height\":46,\"caption\":\"Meydan TV\"},\"image\":{\"@id\":\"https:\\\/\\\/www.meydan.tv\\\/az\\\/#\\\/schema\\\/logo\\\/image\\\/\"}},{\"@type\":\"Person\",\"@id\":\"https:\\\/\\\/www.meydan.tv\\\/az\\\/#\\\/schema\\\/person\\\/10d11eccf6da3662cf5fdab9806ea91a\",\"name\":\"user-manager\"}]}<\/script>\n<!-- \/ Yoast SEO plugin. -->","yoast_head_json":{"title":"X\u0130N: Beyn\u0259lxalq al\u0259m Erm\u0259nistan\u0131n yeni t\u0259xribatlar\u0131 haqda m\u0259lumatland\u0131r\u0131l\u0131b - MEYDAN.TV","robots":{"index":"index","follow":"follow","max-snippet":"max-snippet:-1","max-image-preview":"max-image-preview:large","max-video-preview":"max-video-preview:-1"},"canonical":"https:\/\/www.meydan.tv\/az\/article\/xin-beynelxalq-alem-ermenistanin-yeni-texribatlari-haqda-melumatlandirilib\/","og_locale":"az_AZ","og_type":"article","og_title":"X\u0130N: Beyn\u0259lxalq al\u0259m Erm\u0259nistan\u0131n yeni t\u0259xribatlar\u0131 haqda m\u0259lumatland\u0131r\u0131l\u0131b - MEYDAN.TV","og_description":"Amerika Birl\u0259\u015fmi\u015f \u015etatlar\u0131 D\u00f6vl\u0259t Departamenti v\u0259 Rusiya Federasiyas\u0131n\u0131n Xarici \u0130\u015fl\u0259r ... Davam\u0131","og_url":"https:\/\/www.meydan.tv\/az\/article\/xin-beynelxalq-alem-ermenistanin-yeni-texribatlari-haqda-melumatlandirilib\/","og_site_name":"MEYDAN.TV","article_published_time":"2016-04-28T14:19:22+00:00","og_image":[{"width":1200,"height":900,"url":"https:\/\/www.meydan.tv\/wp-content\/uploads\/21179.jpg","type":"image\/jpeg"}],"author":"user-manager","twitter_card":"summary_large_image","schema":{"@context":"https:\/\/schema.org","@graph":[{"@type":"Article","@id":"https:\/\/www.meydan.tv\/az\/article\/xin-beynelxalq-alem-ermenistanin-yeni-texribatlari-haqda-melumatlandirilib\/#article","isPartOf":{"@id":"https:\/\/www.meydan.tv\/az\/article\/xin-beynelxalq-alem-ermenistanin-yeni-texribatlari-haqda-melumatlandirilib\/"},"author":{"name":"user-manager","@id":"https:\/\/www.meydan.tv\/az\/#\/schema\/person\/10d11eccf6da3662cf5fdab9806ea91a"},"headline":"X\u0130N: Beyn\u0259lxalq al\u0259m Erm\u0259nistan\u0131n yeni t\u0259xribatlar\u0131 haqda m\u0259lumatland\u0131r\u0131l\u0131b","datePublished":"2016-04-28T14:19:22+00:00","mainEntityOfPage":{"@id":"https:\/\/www.meydan.tv\/az\/article\/xin-beynelxalq-alem-ermenistanin-yeni-texribatlari-haqda-melumatlandirilib\/"},"wordCount":758,"publisher":{"@id":"https:\/\/www.meydan.tv\/az\/#organization"},"image":{"@id":"https:\/\/www.meydan.tv\/az\/article\/xin-beynelxalq-alem-ermenistanin-yeni-texribatlari-haqda-melumatlandirilib\/#primaryimage"},"thumbnailUrl":"https:\/\/www.meydan.tv\/wp-content\/uploads\/21179.jpg","articleSection":["Analitika"],"inLanguage":"az"},{"@type":"WebPage","@id":"https:\/\/www.meydan.tv\/az\/article\/xin-beynelxalq-alem-ermenistanin-yeni-texribatlari-haqda-melumatlandirilib\/","url":"https:\/\/www.meydan.tv\/az\/article\/xin-beynelxalq-alem-ermenistanin-yeni-texribatlari-haqda-melumatlandirilib\/","name":"X\u0130N: Beyn\u0259lxalq al\u0259m Erm\u0259nistan\u0131n yeni t\u0259xribatlar\u0131 haqda m\u0259lumatland\u0131r\u0131l\u0131b - MEYDAN.TV","isPartOf":{"@id":"https:\/\/www.meydan.tv\/az\/#website"},"primaryImageOfPage":{"@id":"https:\/\/www.meydan.tv\/az\/article\/xin-beynelxalq-alem-ermenistanin-yeni-texribatlari-haqda-melumatlandirilib\/#primaryimage"},"image":{"@id":"https:\/\/www.meydan.tv\/az\/article\/xin-beynelxalq-alem-ermenistanin-yeni-texribatlari-haqda-melumatlandirilib\/#primaryimage"},"thumbnailUrl":"https:\/\/www.meydan.tv\/wp-content\/uploads\/21179.jpg","datePublished":"2016-04-28T14:19:22+00:00","breadcrumb":{"@id":"https:\/\/www.meydan.tv\/az\/article\/xin-beynelxalq-alem-ermenistanin-yeni-texribatlari-haqda-melumatlandirilib\/#breadcrumb"},"inLanguage":"az","potentialAction":[{"@type":"ReadAction","target":["https:\/\/www.meydan.tv\/az\/article\/xin-beynelxalq-alem-ermenistanin-yeni-texribatlari-haqda-melumatlandirilib\/"]}]},{"@type":"ImageObject","inLanguage":"az","@id":"https:\/\/www.meydan.tv\/az\/article\/xin-beynelxalq-alem-ermenistanin-yeni-texribatlari-haqda-melumatlandirilib\/#primaryimage","url":"https:\/\/www.meydan.tv\/wp-content\/uploads\/21179.jpg","contentUrl":"https:\/\/www.meydan.tv\/wp-content\/uploads\/21179.jpg","width":1200,"height":900,"caption":"Source:"},{"@type":"BreadcrumbList","@id":"https:\/\/www.meydan.tv\/az\/article\/xin-beynelxalq-alem-ermenistanin-yeni-texribatlari-haqda-melumatlandirilib\/#breadcrumb","itemListElement":[{"@type":"ListItem","position":1,"name":"Ana s\u0259hif\u0259","item":"https:\/\/www.meydan.tv\/az\/"},{"@type":"ListItem","position":2,"name":"Analitika","item":"https:\/\/www.meydan.tv\/az\/section\/analitika\/"},{"@type":"ListItem","position":3,"name":"X\u0130N: Beyn\u0259lxalq al\u0259m Erm\u0259nistan\u0131n yeni t\u0259xribatlar\u0131 haqda m\u0259lumatland\u0131r\u0131l\u0131b"}]},{"@type":"WebSite","@id":"https:\/\/www.meydan.tv\/az\/#website","url":"https:\/\/www.meydan.tv\/az\/","name":"MEYDAN.TV","description":"Meydan TV Az\u0259rbaycan\u0131n media m\u0259kan\u0131ndak\u0131 alternativ s\u0259sidir","publisher":{"@id":"https:\/\/www.meydan.tv\/az\/#organization"},"potentialAction":[{"@type":"SearchAction","target":{"@type":"EntryPoint","urlTemplate":"https:\/\/www.meydan.tv\/az\/?s={search_term_string}"},"query-input":{"@type":"PropertyValueSpecification","valueRequired":true,"valueName":"search_term_string"}}],"inLanguage":"az"},{"@type":"Organization","@id":"https:\/\/www.meydan.tv\/az\/#organization","name":"Meydan TV","url":"https:\/\/www.meydan.tv\/az\/","logo":{"@type":"ImageObject","inLanguage":"az","@id":"https:\/\/www.meydan.tv\/az\/#\/schema\/logo\/image\/","url":"https:\/\/www.meydan.tv\/wp-content\/uploads\/2021\/07\/meydan-logo.svg","contentUrl":"https:\/\/www.meydan.tv\/wp-content\/uploads\/2021\/07\/meydan-logo.svg","width":195,"height":46,"caption":"Meydan TV"},"image":{"@id":"https:\/\/www.meydan.tv\/az\/#\/schema\/logo\/image\/"}},{"@type":"Person","@id":"https:\/\/www.meydan.tv\/az\/#\/schema\/person\/10d11eccf6da3662cf5fdab9806ea91a","name":"user-manager"}]}},"_links":{"self":[{"href":"https:\/\/www.meydan.tv\/az\/wp-json\/wp\/v2\/posts\/175524","targetHints":{"allow":["GET"]}}],"collection":[{"href":"https:\/\/www.meydan.tv\/az\/wp-json\/wp\/v2\/posts"}],"about":[{"href":"https:\/\/www.meydan.tv\/az\/wp-json\/wp\/v2\/types\/post"}],"author":[{"embeddable":true,"href":"https:\/\/www.meydan.tv\/az\/wp-json\/wp\/v2\/users\/11"}],"replies":[{"embeddable":true,"href":"https:\/\/www.meydan.tv\/az\/wp-json\/wp\/v2\/comments?post=175524"}],"version-history":[{"count":0,"href":"https:\/\/www.meydan.tv\/az\/wp-json\/wp\/v2\/posts\/175524\/revisions"}],"wp:featuredmedia":[{"embeddable":true,"href":"https:\/\/www.meydan.tv\/az\/wp-json\/wp\/v2\/media\/55935"}],"wp:attachment":[{"href":"https:\/\/www.meydan.tv\/az\/wp-json\/wp\/v2\/media?parent=175524"}],"wp:term":[{"taxonomy":"category","embeddable":true,"href":"https:\/\/www.meydan.tv\/az\/wp-json\/wp\/v2\/categories?post=175524"},{"taxonomy":"post_tag","embeddable":true,"href":"https:\/\/www.meydan.tv\/az\/wp-json\/wp\/v2\/tags?post=175524"}],"curies":[{"name":"wp","href":"https:\/\/api.w.org\/{rel}","templated":true}]}}