{"id":175520,"date":"2016-04-28T13:31:03","date_gmt":"2016-04-28T13:31:03","guid":{"rendered":"https:\/\/www.meydan.tv\/article\/erestun-oruclu-eger-herbi-qarsidurma-qacilmaz-olarsa\/"},"modified":"2016-04-28T13:31:03","modified_gmt":"2016-04-28T13:31:03","slug":"erestun-oruclu-eger-herbi-qarsidurma-qacilmaz-olarsa","status":"publish","type":"post","link":"https:\/\/www.meydan.tv\/az\/article\/erestun-oruclu-eger-herbi-qarsidurma-qacilmaz-olarsa\/","title":{"rendered":"\u018fr\u0259stun Oruclu: &#8221;\u018fg\u0259r h\u0259rbi qar\u015f\u0131durma qa\u00e7\u0131lmaz olarsa&#8230;&#8221;"},"content":{"rendered":"<figure class=\"wp-block-image size-large\">\n  <img decoding=\"async\" src=\"https:\/\/www.meydan.tv\/az\/arastun-oruclu\/\" alt=\"Arastun Oruclu\" class=\"wp-image-56022\"\/><figcaption>\n    Arastun Oruclu<br \/>\n  <\/figcaption><\/figure>\n<p>\n  <i><br \/>\n    &#8221;Hakimiyy\u0259t xalq\u0131n qal\u0131b ruhda olmas\u0131ndan qorxmamal\u0131d\u0131r&#8221;<br \/>\n  <\/i>\n<\/p>\n<p>\n  \u201cM\u00fc\u015fahid\u0259l\u0259rd\u0259n bel\u0259 g\u00f6r\u00fcn\u00fcr ki, Erm\u0259nistan h\u00fccuma haz\u0131rla\u015f\u0131r v\u0259 h\u0259m d\u0259 bu d\u0259f\u0259 \u00f6z m\u00fctt\u0259fiqinin d\u0259st\u0259yi il\u0259\u201d.\n<\/p>\n<p>\n  Bu s\u00f6zl\u0259ri siyasi \u015f\u0259rh\u00e7i \u018fr\u0259stun Oruclu \u00f6z\u00fcn\u00fcn Facebook s\u0259hif\u0259sind\u0259 yaz\u0131b. O, bu v\u0259ziyy\u0259t yaranarsa v\u0259 n\u00f6vb\u0259ti h\u0259rbi qar\u015f\u0131durma qa\u00e7\u0131lmaz olarsa, hans\u0131 add\u0131mlar\u0131n at\u0131lmas\u0131n\u0131n vacibliyini d\u0259 vur\u011fulay\u0131b:\n<\/p>\n<p>\n  \u201cH\u0259r \u015feyd\u0259n \u0259vv\u0259l, el\u0259 indid\u0259n \u00e7ox \u00e7evik informasiya siyas\u0259ti y\u00fcr\u00fcd\u0259r\u0259k, b\u00fct\u00fcn d\u00fcnyan\u0131n diqq\u0259tin\u0259 \u00e7atd\u0131rmaq laz\u0131md\u0131r ki, Erm\u0259nistan h\u00fccuma haz\u0131rla\u015f\u0131r. B\u00fct\u00fcn beyn\u0259lxalq t\u0259\u015fkilatlara, s\u00fclh prosesind\u0259ki vasit\u0259\u00e7il\u0259r\u0259, diplomatik missiyalara r\u0259smi m\u00fcraci\u0259t ed\u0259r\u0259k, bunu s\u0259n\u0259dl\u0259rl\u0259 ortaya qoymaq;\n<\/p>\n<p>\n  &#8211; Ayr\u0131ca BMT-y\u0259 m\u00fcraci\u0259t etm\u0259k;\n<\/p>\n<p>\n  &#8211; Erm\u0259nistana qar\u015f\u0131 onun i\u015f\u011fal etmi\u015f oldu\u011fu \u0259razil\u0259rimizd\u0259 b\u00fct\u00fcn vasit\u0259l\u0259rd\u0259n (terror xaric, b\u00fct\u00fcn!) istifad\u0259 ed\u0259r\u0259k, onun daxilind\u0259 panika v\u0259 qorxu yaratmaq;\n<\/p>\n<p>\n  &#8211; Canl\u0131 q\u00fcvv\u0259d\u0259n minimum, arsenal\u0131m\u0131zda olan m\u00fcasir silahlardan maksimum v\u0259 d\u0259qiq istifad\u0259 etm\u0259kl\u0259 i\u015f\u011fal\u00e7\u0131n\u0131n h\u0259rbi infrastrukturuna v\u0259 kommunikasiyalara (yollar, h\u0259rbi hava limanlar\u0131, komanda-q\u0259ragah binalar\u0131, radar qur\u011fular\u0131, k\u00f6rp\u00fcl\u0259r, rabit\u0259 qur\u011fular\u0131 v\u0259 stansiyalar\u0131 v\u0259 s.) q\u0131sa m\u00fcdd\u0259t \u0259rzind\u0259 fasil\u0259siz da\u011f\u0131d\u0131c\u0131 z\u0259rb\u0259l\u0259r endirm\u0259k;\n<\/p>\n<p>\n  &#8211; B\u00fct\u00fcn prosesin gedi\u015fat\u0131 boyu beyn\u0259lxalq al\u0259min n\u0259z\u0259rin\u0259 \u00e7atd\u0131rmaq ki, \u0259m\u0259liyyat\u0131n m\u0259qs\u0259di yaln\u0131z i\u015f\u011fal\u00e7\u0131n\u0131n h\u0259rbi-texniki v\u0259 s. resurslar\u0131n\u0131 s\u0131radan \u00e7\u0131xarmaq, at\u0259\u015f n\u00f6qt\u0259l\u0259rini susdurmaq v\u0259 h\u00fccum imkanlar\u0131n\u0131 minimuma endirm\u0259kdir;\n<\/p>\n<p>\n  &#8211; \u0259sg\u0259r, gizir v\u0259 zabirl\u0259rimizi d\u00fc\u015fm\u0259nin b\u00fct\u00fcn m\u00fcmk\u00fcn h\u0259ml\u0259l\u0259rind\u0259n maksimum qorumaq v\u0259 bu m\u0259qs\u0259dl\u0259 he\u00e7 bir halda \u0259razil\u0259ri azad etm\u0259k \u00fc\u00e7\u00fcn ora canl\u0131 q\u00fcvv\u0259 yeritm\u0259m\u0259k. Bu, sonran\u0131n i\u015fidir.\n<\/p>\n<p>\n  Bu halda, Az\u0259rbaycan \u00e7ox ciddi \u00fcst\u00fcnl\u00fck v\u0259 h\u0259tta siyasi-diplomatik q\u0259l\u0259b\u0259 qazanm\u0131\u015f olacaq ki, sonras\u0131 da art\u0131q s\u00fclh dan\u0131\u015f\u0131qlar\u0131n\u0131n predmetidir. \u018fmin\u0259m ki, bel\u0259 bir \u0259m\u0259liyyat ba\u015f tutarsa, ilk n\u00f6vb\u0259d\u0259, Rusiya Erm\u0259nistan\u0131 s\u00fclh dan\u0131\u015f\u0131qlar\u0131 masas\u0131 arxas\u0131na oturma\u011fa m\u0259cbur ed\u0259c\u0259k, \u00e7\u00fcnki \u0259ks halda Rusiya \u00f6z\u00fc proses\u0259 h\u0259rbi m\u00fcdaxil\u0259 etm\u0259lidir ki, bu halda yeni sanksayalar qa\u00e7\u0131lmaz ola bil\u0259r.\n<\/p>\n<p>\n  Biz\u0259 is\u0259 bu g\u00fcn q\u0259l\u0259b\u0259 laz\u0131md\u0131r. Az\u0259rbaycan insan\u0131 m\u0259\u011flub durumdan \u00e7\u0131xmal\u0131d\u0131r v\u0259 onda o, b\u00fct\u00fcn sah\u0259l\u0259rd\u0259 u\u011furlu add\u0131mlar ata bil\u0259c\u0259k. Hakimiyy\u0259t d\u0259 xalq\u0131n qal\u0131b ruhda olmas\u0131ndan qorxmamal\u0131d\u0131r, \u00e7\u00fcnki m\u0259\u011flub xalq\u0131n kini d\u0259, nifr\u0259ti d\u0259, da\u011f\u0131d\u0131c\u0131 potensial\u0131 da qalibl\u0259 m\u00fcqayis\u0259 edilm\u0259z d\u0259r\u0259c\u0259d\u0259 \u00e7ox olur\u201d.<\/p>\n","protected":false},"excerpt":{"rendered":"<p>&#8221;Hakimiyy\u0259t xalq\u0131n qal\u0131b ruhda olmas\u0131ndan qorxmamal\u0131d\u0131r&#8221;<\/p>\n","protected":false},"author":11,"featured_media":56022,"comment_status":"closed","ping_status":"open","sticky":false,"template":"","format":"standard","meta":{"_acf_changed":false,"_sitemap_exclude":false,"_sitemap_priority":"","_sitemap_frequency":"","footnotes":""},"categories":[51],"tags":[],"class_list":["post-175520","post","type-post","status-publish","format-standard","has-post-thumbnail","hentry","category-analitika","infinite-scroll-item","generate-columns","tablet-grid-50","mobile-grid-100","grid-parent","grid-33","no-featured-image-padding"],"acf":[],"yoast_head":"<!-- This site is optimized with the Yoast SEO plugin v27.5 - https:\/\/yoast.com\/product\/yoast-seo-wordpress\/ -->\n<title>\u018fr\u0259stun Oruclu: &#039;&#039;\u018fg\u0259r h\u0259rbi qar\u015f\u0131durma qa\u00e7\u0131lmaz olarsa...&#039;&#039; - MEYDAN.TV<\/title>\n<meta name=\"robots\" content=\"index, follow, max-snippet:-1, max-image-preview:large, max-video-preview:-1\" \/>\n<link rel=\"canonical\" href=\"https:\/\/www.meydan.tv\/az\/article\/erestun-oruclu-eger-herbi-qarsidurma-qacilmaz-olarsa\/\" \/>\n<meta property=\"og:locale\" content=\"az_AZ\" \/>\n<meta property=\"og:type\" content=\"article\" \/>\n<meta property=\"og:title\" content=\"\u018fr\u0259stun Oruclu: &#039;&#039;\u018fg\u0259r h\u0259rbi qar\u015f\u0131durma qa\u00e7\u0131lmaz olarsa...&#039;&#039; - MEYDAN.TV\" \/>\n<meta property=\"og:description\" content=\"&#039;&#039;Hakimiyy\u0259t xalq\u0131n qal\u0131b ruhda olmas\u0131ndan qorxmamal\u0131d\u0131r&#039;&#039;\" \/>\n<meta property=\"og:url\" content=\"https:\/\/www.meydan.tv\/az\/article\/erestun-oruclu-eger-herbi-qarsidurma-qacilmaz-olarsa\/\" \/>\n<meta property=\"og:site_name\" content=\"MEYDAN.TV\" \/>\n<meta property=\"article:published_time\" content=\"2016-04-28T13:31:03+00:00\" \/>\n<meta property=\"og:image\" content=\"https:\/\/www.meydan.tv\/wp-content\/uploads\/21175.jpg\" \/>\n\t<meta property=\"og:image:width\" content=\"1024\" \/>\n\t<meta property=\"og:image:height\" content=\"576\" \/>\n\t<meta property=\"og:image:type\" content=\"image\/jpeg\" \/>\n<meta name=\"author\" content=\"user-manager\" \/>\n<meta name=\"twitter:card\" content=\"summary_large_image\" \/>\n<script type=\"application\/ld+json\" class=\"yoast-schema-graph\">{\"@context\":\"https:\\\/\\\/schema.org\",\"@graph\":[{\"@type\":\"Article\",\"@id\":\"https:\\\/\\\/www.meydan.tv\\\/az\\\/article\\\/erestun-oruclu-eger-herbi-qarsidurma-qacilmaz-olarsa\\\/#article\",\"isPartOf\":{\"@id\":\"https:\\\/\\\/www.meydan.tv\\\/az\\\/article\\\/erestun-oruclu-eger-herbi-qarsidurma-qacilmaz-olarsa\\\/\"},\"author\":{\"name\":\"user-manager\",\"@id\":\"https:\\\/\\\/www.meydan.tv\\\/az\\\/#\\\/schema\\\/person\\\/10d11eccf6da3662cf5fdab9806ea91a\"},\"headline\":\"\u018fr\u0259stun Oruclu: &#8221;\u018fg\u0259r h\u0259rbi qar\u015f\u0131durma qa\u00e7\u0131lmaz olarsa&#8230;&#8221;\",\"datePublished\":\"2016-04-28T13:31:03+00:00\",\"mainEntityOfPage\":{\"@id\":\"https:\\\/\\\/www.meydan.tv\\\/az\\\/article\\\/erestun-oruclu-eger-herbi-qarsidurma-qacilmaz-olarsa\\\/\"},\"wordCount\":551,\"publisher\":{\"@id\":\"https:\\\/\\\/www.meydan.tv\\\/az\\\/#organization\"},\"image\":{\"@id\":\"https:\\\/\\\/www.meydan.tv\\\/az\\\/article\\\/erestun-oruclu-eger-herbi-qarsidurma-qacilmaz-olarsa\\\/#primaryimage\"},\"thumbnailUrl\":\"https:\\\/\\\/www.meydan.tv\\\/wp-content\\\/uploads\\\/21175.jpg\",\"articleSection\":[\"Analitika\"],\"inLanguage\":\"az\"},{\"@type\":\"WebPage\",\"@id\":\"https:\\\/\\\/www.meydan.tv\\\/az\\\/article\\\/erestun-oruclu-eger-herbi-qarsidurma-qacilmaz-olarsa\\\/\",\"url\":\"https:\\\/\\\/www.meydan.tv\\\/az\\\/article\\\/erestun-oruclu-eger-herbi-qarsidurma-qacilmaz-olarsa\\\/\",\"name\":\"\u018fr\u0259stun Oruclu: ''\u018fg\u0259r h\u0259rbi qar\u015f\u0131durma qa\u00e7\u0131lmaz olarsa...'' - MEYDAN.TV\",\"isPartOf\":{\"@id\":\"https:\\\/\\\/www.meydan.tv\\\/az\\\/#website\"},\"primaryImageOfPage\":{\"@id\":\"https:\\\/\\\/www.meydan.tv\\\/az\\\/article\\\/erestun-oruclu-eger-herbi-qarsidurma-qacilmaz-olarsa\\\/#primaryimage\"},\"image\":{\"@id\":\"https:\\\/\\\/www.meydan.tv\\\/az\\\/article\\\/erestun-oruclu-eger-herbi-qarsidurma-qacilmaz-olarsa\\\/#primaryimage\"},\"thumbnailUrl\":\"https:\\\/\\\/www.meydan.tv\\\/wp-content\\\/uploads\\\/21175.jpg\",\"datePublished\":\"2016-04-28T13:31:03+00:00\",\"breadcrumb\":{\"@id\":\"https:\\\/\\\/www.meydan.tv\\\/az\\\/article\\\/erestun-oruclu-eger-herbi-qarsidurma-qacilmaz-olarsa\\\/#breadcrumb\"},\"inLanguage\":\"az\",\"potentialAction\":[{\"@type\":\"ReadAction\",\"target\":[\"https:\\\/\\\/www.meydan.tv\\\/az\\\/article\\\/erestun-oruclu-eger-herbi-qarsidurma-qacilmaz-olarsa\\\/\"]}]},{\"@type\":\"ImageObject\",\"inLanguage\":\"az\",\"@id\":\"https:\\\/\\\/www.meydan.tv\\\/az\\\/article\\\/erestun-oruclu-eger-herbi-qarsidurma-qacilmaz-olarsa\\\/#primaryimage\",\"url\":\"https:\\\/\\\/www.meydan.tv\\\/wp-content\\\/uploads\\\/21175.jpg\",\"contentUrl\":\"https:\\\/\\\/www.meydan.tv\\\/wp-content\\\/uploads\\\/21175.jpg\",\"width\":1024,\"height\":576,\"caption\":\"Source:\"},{\"@type\":\"BreadcrumbList\",\"@id\":\"https:\\\/\\\/www.meydan.tv\\\/az\\\/article\\\/erestun-oruclu-eger-herbi-qarsidurma-qacilmaz-olarsa\\\/#breadcrumb\",\"itemListElement\":[{\"@type\":\"ListItem\",\"position\":1,\"name\":\"Ana s\u0259hif\u0259\",\"item\":\"https:\\\/\\\/www.meydan.tv\\\/az\\\/\"},{\"@type\":\"ListItem\",\"position\":2,\"name\":\"Analitika\",\"item\":\"https:\\\/\\\/www.meydan.tv\\\/az\\\/section\\\/analitika\\\/\"},{\"@type\":\"ListItem\",\"position\":3,\"name\":\"\u018fr\u0259stun Oruclu: &#8221;\u018fg\u0259r h\u0259rbi qar\u015f\u0131durma qa\u00e7\u0131lmaz olarsa&#8230;&#8221;\"}]},{\"@type\":\"WebSite\",\"@id\":\"https:\\\/\\\/www.meydan.tv\\\/az\\\/#website\",\"url\":\"https:\\\/\\\/www.meydan.tv\\\/az\\\/\",\"name\":\"MEYDAN.TV\",\"description\":\"Meydan TV Az\u0259rbaycan\u0131n media m\u0259kan\u0131ndak\u0131 alternativ s\u0259sidir\",\"publisher\":{\"@id\":\"https:\\\/\\\/www.meydan.tv\\\/az\\\/#organization\"},\"potentialAction\":[{\"@type\":\"SearchAction\",\"target\":{\"@type\":\"EntryPoint\",\"urlTemplate\":\"https:\\\/\\\/www.meydan.tv\\\/az\\\/?s={search_term_string}\"},\"query-input\":{\"@type\":\"PropertyValueSpecification\",\"valueRequired\":true,\"valueName\":\"search_term_string\"}}],\"inLanguage\":\"az\"},{\"@type\":\"Organization\",\"@id\":\"https:\\\/\\\/www.meydan.tv\\\/az\\\/#organization\",\"name\":\"Meydan TV\",\"url\":\"https:\\\/\\\/www.meydan.tv\\\/az\\\/\",\"logo\":{\"@type\":\"ImageObject\",\"inLanguage\":\"az\",\"@id\":\"https:\\\/\\\/www.meydan.tv\\\/az\\\/#\\\/schema\\\/logo\\\/image\\\/\",\"url\":\"https:\\\/\\\/www.meydan.tv\\\/wp-content\\\/uploads\\\/2021\\\/07\\\/meydan-logo.svg\",\"contentUrl\":\"https:\\\/\\\/www.meydan.tv\\\/wp-content\\\/uploads\\\/2021\\\/07\\\/meydan-logo.svg\",\"width\":195,\"height\":46,\"caption\":\"Meydan TV\"},\"image\":{\"@id\":\"https:\\\/\\\/www.meydan.tv\\\/az\\\/#\\\/schema\\\/logo\\\/image\\\/\"}},{\"@type\":\"Person\",\"@id\":\"https:\\\/\\\/www.meydan.tv\\\/az\\\/#\\\/schema\\\/person\\\/10d11eccf6da3662cf5fdab9806ea91a\",\"name\":\"user-manager\"}]}<\/script>\n<!-- \/ Yoast SEO plugin. -->","yoast_head_json":{"title":"\u018fr\u0259stun Oruclu: ''\u018fg\u0259r h\u0259rbi qar\u015f\u0131durma qa\u00e7\u0131lmaz olarsa...'' - MEYDAN.TV","robots":{"index":"index","follow":"follow","max-snippet":"max-snippet:-1","max-image-preview":"max-image-preview:large","max-video-preview":"max-video-preview:-1"},"canonical":"https:\/\/www.meydan.tv\/az\/article\/erestun-oruclu-eger-herbi-qarsidurma-qacilmaz-olarsa\/","og_locale":"az_AZ","og_type":"article","og_title":"\u018fr\u0259stun Oruclu: ''\u018fg\u0259r h\u0259rbi qar\u015f\u0131durma qa\u00e7\u0131lmaz olarsa...'' - MEYDAN.TV","og_description":"''Hakimiyy\u0259t xalq\u0131n qal\u0131b ruhda olmas\u0131ndan qorxmamal\u0131d\u0131r''","og_url":"https:\/\/www.meydan.tv\/az\/article\/erestun-oruclu-eger-herbi-qarsidurma-qacilmaz-olarsa\/","og_site_name":"MEYDAN.TV","article_published_time":"2016-04-28T13:31:03+00:00","og_image":[{"width":1024,"height":576,"url":"https:\/\/www.meydan.tv\/wp-content\/uploads\/21175.jpg","type":"image\/jpeg"}],"author":"user-manager","twitter_card":"summary_large_image","schema":{"@context":"https:\/\/schema.org","@graph":[{"@type":"Article","@id":"https:\/\/www.meydan.tv\/az\/article\/erestun-oruclu-eger-herbi-qarsidurma-qacilmaz-olarsa\/#article","isPartOf":{"@id":"https:\/\/www.meydan.tv\/az\/article\/erestun-oruclu-eger-herbi-qarsidurma-qacilmaz-olarsa\/"},"author":{"name":"user-manager","@id":"https:\/\/www.meydan.tv\/az\/#\/schema\/person\/10d11eccf6da3662cf5fdab9806ea91a"},"headline":"\u018fr\u0259stun Oruclu: &#8221;\u018fg\u0259r h\u0259rbi qar\u015f\u0131durma qa\u00e7\u0131lmaz olarsa&#8230;&#8221;","datePublished":"2016-04-28T13:31:03+00:00","mainEntityOfPage":{"@id":"https:\/\/www.meydan.tv\/az\/article\/erestun-oruclu-eger-herbi-qarsidurma-qacilmaz-olarsa\/"},"wordCount":551,"publisher":{"@id":"https:\/\/www.meydan.tv\/az\/#organization"},"image":{"@id":"https:\/\/www.meydan.tv\/az\/article\/erestun-oruclu-eger-herbi-qarsidurma-qacilmaz-olarsa\/#primaryimage"},"thumbnailUrl":"https:\/\/www.meydan.tv\/wp-content\/uploads\/21175.jpg","articleSection":["Analitika"],"inLanguage":"az"},{"@type":"WebPage","@id":"https:\/\/www.meydan.tv\/az\/article\/erestun-oruclu-eger-herbi-qarsidurma-qacilmaz-olarsa\/","url":"https:\/\/www.meydan.tv\/az\/article\/erestun-oruclu-eger-herbi-qarsidurma-qacilmaz-olarsa\/","name":"\u018fr\u0259stun Oruclu: ''\u018fg\u0259r h\u0259rbi qar\u015f\u0131durma qa\u00e7\u0131lmaz olarsa...'' - MEYDAN.TV","isPartOf":{"@id":"https:\/\/www.meydan.tv\/az\/#website"},"primaryImageOfPage":{"@id":"https:\/\/www.meydan.tv\/az\/article\/erestun-oruclu-eger-herbi-qarsidurma-qacilmaz-olarsa\/#primaryimage"},"image":{"@id":"https:\/\/www.meydan.tv\/az\/article\/erestun-oruclu-eger-herbi-qarsidurma-qacilmaz-olarsa\/#primaryimage"},"thumbnailUrl":"https:\/\/www.meydan.tv\/wp-content\/uploads\/21175.jpg","datePublished":"2016-04-28T13:31:03+00:00","breadcrumb":{"@id":"https:\/\/www.meydan.tv\/az\/article\/erestun-oruclu-eger-herbi-qarsidurma-qacilmaz-olarsa\/#breadcrumb"},"inLanguage":"az","potentialAction":[{"@type":"ReadAction","target":["https:\/\/www.meydan.tv\/az\/article\/erestun-oruclu-eger-herbi-qarsidurma-qacilmaz-olarsa\/"]}]},{"@type":"ImageObject","inLanguage":"az","@id":"https:\/\/www.meydan.tv\/az\/article\/erestun-oruclu-eger-herbi-qarsidurma-qacilmaz-olarsa\/#primaryimage","url":"https:\/\/www.meydan.tv\/wp-content\/uploads\/21175.jpg","contentUrl":"https:\/\/www.meydan.tv\/wp-content\/uploads\/21175.jpg","width":1024,"height":576,"caption":"Source:"},{"@type":"BreadcrumbList","@id":"https:\/\/www.meydan.tv\/az\/article\/erestun-oruclu-eger-herbi-qarsidurma-qacilmaz-olarsa\/#breadcrumb","itemListElement":[{"@type":"ListItem","position":1,"name":"Ana s\u0259hif\u0259","item":"https:\/\/www.meydan.tv\/az\/"},{"@type":"ListItem","position":2,"name":"Analitika","item":"https:\/\/www.meydan.tv\/az\/section\/analitika\/"},{"@type":"ListItem","position":3,"name":"\u018fr\u0259stun Oruclu: &#8221;\u018fg\u0259r h\u0259rbi qar\u015f\u0131durma qa\u00e7\u0131lmaz olarsa&#8230;&#8221;"}]},{"@type":"WebSite","@id":"https:\/\/www.meydan.tv\/az\/#website","url":"https:\/\/www.meydan.tv\/az\/","name":"MEYDAN.TV","description":"Meydan TV Az\u0259rbaycan\u0131n media m\u0259kan\u0131ndak\u0131 alternativ s\u0259sidir","publisher":{"@id":"https:\/\/www.meydan.tv\/az\/#organization"},"potentialAction":[{"@type":"SearchAction","target":{"@type":"EntryPoint","urlTemplate":"https:\/\/www.meydan.tv\/az\/?s={search_term_string}"},"query-input":{"@type":"PropertyValueSpecification","valueRequired":true,"valueName":"search_term_string"}}],"inLanguage":"az"},{"@type":"Organization","@id":"https:\/\/www.meydan.tv\/az\/#organization","name":"Meydan TV","url":"https:\/\/www.meydan.tv\/az\/","logo":{"@type":"ImageObject","inLanguage":"az","@id":"https:\/\/www.meydan.tv\/az\/#\/schema\/logo\/image\/","url":"https:\/\/www.meydan.tv\/wp-content\/uploads\/2021\/07\/meydan-logo.svg","contentUrl":"https:\/\/www.meydan.tv\/wp-content\/uploads\/2021\/07\/meydan-logo.svg","width":195,"height":46,"caption":"Meydan TV"},"image":{"@id":"https:\/\/www.meydan.tv\/az\/#\/schema\/logo\/image\/"}},{"@type":"Person","@id":"https:\/\/www.meydan.tv\/az\/#\/schema\/person\/10d11eccf6da3662cf5fdab9806ea91a","name":"user-manager"}]}},"_links":{"self":[{"href":"https:\/\/www.meydan.tv\/az\/wp-json\/wp\/v2\/posts\/175520","targetHints":{"allow":["GET"]}}],"collection":[{"href":"https:\/\/www.meydan.tv\/az\/wp-json\/wp\/v2\/posts"}],"about":[{"href":"https:\/\/www.meydan.tv\/az\/wp-json\/wp\/v2\/types\/post"}],"author":[{"embeddable":true,"href":"https:\/\/www.meydan.tv\/az\/wp-json\/wp\/v2\/users\/11"}],"replies":[{"embeddable":true,"href":"https:\/\/www.meydan.tv\/az\/wp-json\/wp\/v2\/comments?post=175520"}],"version-history":[{"count":0,"href":"https:\/\/www.meydan.tv\/az\/wp-json\/wp\/v2\/posts\/175520\/revisions"}],"wp:featuredmedia":[{"embeddable":true,"href":"https:\/\/www.meydan.tv\/az\/wp-json\/wp\/v2\/media\/56022"}],"wp:attachment":[{"href":"https:\/\/www.meydan.tv\/az\/wp-json\/wp\/v2\/media?parent=175520"}],"wp:term":[{"taxonomy":"category","embeddable":true,"href":"https:\/\/www.meydan.tv\/az\/wp-json\/wp\/v2\/categories?post=175520"},{"taxonomy":"post_tag","embeddable":true,"href":"https:\/\/www.meydan.tv\/az\/wp-json\/wp\/v2\/tags?post=175520"}],"curies":[{"name":"wp","href":"https:\/\/api.w.org\/{rel}","templated":true}]}}