{"id":175519,"date":"2016-04-28T13:24:04","date_gmt":"2016-04-28T13:24:04","guid":{"rendered":"https:\/\/www.meydan.tv\/article\/vaqif-dergahli-ermenistan-ordusu-birmenali-olaraq-mulki-ehalini-hedef-alib\/"},"modified":"2016-04-28T13:24:04","modified_gmt":"2016-04-28T13:24:04","slug":"vaqif-dergahli-ermenistan-ordusu-birmenali-olaraq-mulki-ehalini-hedef-alib","status":"publish","type":"post","link":"https:\/\/www.meydan.tv\/az\/article\/vaqif-dergahli-ermenistan-ordusu-birmenali-olaraq-mulki-ehalini-hedef-alib\/","title":{"rendered":"Vaqif D\u0259rgahl\u0131: &#8221;Erm\u0259nistan ordusu birm\u0259nal\u0131 olaraq m\u00fclki \u0259halini h\u0259d\u0259f al\u0131b&#8221;"},"content":{"rendered":"<figure class=\"wp-block-image size-large\">\n  <img decoding=\"async\" src=\"https:\/\/www.meydan.tv\/az\/vaqif-dergahli-2\/\" alt=\"Vaqif D\u0259rgahl\u0131\" class=\"wp-image-56010\"\/><figcaption>\n    Vaqif D\u0259rgahl\u0131<br \/>\n  <\/figcaption><\/figure>\n<p>\n  <i><br \/>\n    &#8221;A\u011fdam rayonunda 59 ev\u0259 ziyan d\u0259yib, 12 ev tamamil\u0259 da\u011f\u0131d\u0131l\u0131b, 1 ev yanaraq k\u00fcl olub&#8221;<br \/>\n  <\/i>\n<\/p>\n<p>\n  Haz\u0131rda t\u0259mas x\u0259ttind\u0259 v\u0259ziyy\u0259t stabildir.<\/p>\n<p>  Bu bar\u0259d\u0259 M\u00fcdafi\u0259 Nazirliyinin m\u0259tbuat xidm\u0259tinin r\u0259hb\u0259ri Vaqif D\u0259rgahl\u0131 bildirib.<\/p>\n<p>  O qeyd edib ki, erm\u0259nil\u0259r birm\u0259nal\u0131 olaraq m\u00fclki \u0259halini h\u0259d\u0259f al\u0131b: \u201c\u00d6t\u0259n g\u00fcn ax\u015fam saatlar\u0131ndan ba\u015flayaraq gec\u0259 saatlar\u0131nad\u0259k erm\u0259ni silahl\u0131 b\u00f6lm\u0259l\u0259ri T\u0259rt\u0259r v\u0259 A\u011fdam rayonlar\u0131 \u0259razisind\u0259 yerl\u0259\u015f\u0259n ya\u015fay\u0131\u015f m\u0259nt\u0259q\u0259l\u0259rini iri\u00e7apl\u0131 minaatanlardan, h\u0259m\u00e7inin D-30 haubitsalar\u0131ndan at\u0259\u015f\u0259 tutub. Az\u0259rbaycan Silahl\u0131 Q\u00fcvv\u0259l\u0259ri \u0259m\u0259liyyat \u015f\u0259raitin\u0259 uy\u011fun olaraq qar\u015f\u0131 t\u0259r\u0259fin ancaq h\u0259rbi obyektl\u0259rin\u0259 adekvat cavab z\u0259rb\u0259l\u0259ri endirib\u201d.<\/p>\n<p>  V. D\u0259rgahl\u0131 qeyd edib ki, haz\u0131rda t\u0259mas x\u0259ttind\u0259 v\u0259ziyy\u0259t stabildir, Silahl\u0131 Q\u00fcvv\u0259l\u0259rimiz \u0259m\u0259liyyat \u015f\u0259raitin\u0259 tam n\u0259zar\u0259t edir.\n<\/p>\n<p>\n  \u00a0A\u011fdam Rayon \u0130cra Hakimiyy\u0259tinin (R\u0130H) ba\u015f\u00e7\u0131s\u0131 Raqub M\u0259mm\u0259dov is\u0259 bildirib ki,\u00a0Erm\u0259nil\u0259rin a\u011f\u0131r silahlardan at\u0259\u015fi n\u0259tic\u0259sind\u0259 A\u011fdam rayonunda 59 ev\u0259 ziyan d\u0259yib, 12 ev tamamil\u0259 da\u011f\u0131d\u0131l\u0131b, 1 ev yanaraq k\u00fcl olub.\n<\/p>\n<figure class=\"wp-block-image size-large\">\n  <img decoding=\"async\" src=\"https:\/\/www.meydan.tv\/az\/56013\/\" alt=\"\" class=\"wp-image-56013\"\/><figcaption><\/figcaption><\/figure>\n<p>\n  \u0130cra ba\u015f\u00e7\u0131s\u0131 deyib ki, aprelin 1-d\u0259n bug\u00fcn\u0259d\u0259k olan hadis\u0259l\u0259rin \u0259n a\u011f\u0131r\u0131 ay\u0131n 27-d\u0259n 28-\u0259 ke\u00e7\u0259n gec\u0259 olub: &#8220;Bu gec\u0259 at\u0131lan m\u0259rmil\u0259rin say\u0131n\u0131 konkret olaraq dem\u0259k m\u00fcmk\u00fcn deyil. Rayon \u0259razisin\u0259 y\u00fczl\u0259rl\u0259 m\u0259rmi d\u00fc\u015f\u00fcb. Gec\u0259 at\u0259\u015fk\u0259sin pozulmas\u0131 n\u0259tic\u0259sind\u0259 1 n\u0259f\u0259r h\u0259lak olub, 7 n\u0259f\u0259r yaralan\u0131b. A\u011fdam rayon \u0130cra Hakimiyy\u0259ti n\u00fcmay\u0259nd\u0259liyinin m\u00fchasibi is\u0259 kontuziya al\u0131b. Onlarla evl\u0259r da\u011f\u0131l\u0131b, y\u00fczl\u0259rl\u0259 mal-qara q\u0131r\u0131l\u0131b&#8221;.\n<\/p>\n<figure class=\"wp-block-image size-large\">\n  <img decoding=\"async\" src=\"https:\/\/www.meydan.tv\/az\/56004\/\" alt=\"\" class=\"wp-image-56004\"\/><figcaption><\/figcaption><\/figure>\n<p>\n  Onun s\u00f6zl\u0259rin\u0259 g\u00f6r\u0259, aprelin \u0259vv\u0259lind\u0259n rayonun Qarada\u011fl\u0131 k\u0259ndind\u0259 27, Z\u0259ngi\u015fal\u0131-Mahr\u0131zl\u0131da 5 ev, \u00c7\u0259m\u0259nlid\u0259 3 ev, \u018ff\u0259dlid\u0259 7 ev da\u011f\u0131d\u0131l\u0131b: &#8220;Haz\u0131rda ara\u015fd\u0131rma gedir, ola bilsin ki bu r\u0259q\u0259ml\u0259r arts\u0131n. Bu gec\u0259d\u0259n s\u0259h\u0259r saat 5-\u0259 q\u0259d\u0259r k\u0259ndl\u0259r artilleriyadan at\u0259\u015f\u0259 tutulub, k\u0259ndd\u0259 n\u0259yis\u0259 n\u0259zar\u0259td\u0259 saxlamaq m\u00fcmk\u00fcn olmay\u0131b. Saat 5-d\u0259n etibar\u0259n is\u0259 bizim n\u00fcmay\u0259nd\u0259l\u0259r, Rayon F\u00f6vq\u0259lad\u0259 Hallar Komissiyas\u0131n\u0131n n\u00fcmay\u0259nd\u0259l\u0259ri k\u0259ndl\u0259r\u0259 g\u00f6nd\u0259rilib. Haz\u0131rda k\u0259ndl\u0259r\u0259 n\u0259 q\u0259d\u0259r ziyan d\u0259ym\u0259si il\u0259 ba\u011fl\u0131 son m\u0259lumatlar toplan\u0131r, r\u0259q\u0259ml\u0259r d\u0259qiql\u0259\u015fdirilir&#8221;.\n<\/p>\n<figure class=\"wp-block-image size-large\">\n  <img decoding=\"async\" src=\"https:\/\/www.meydan.tv\/az\/56019\/\" alt=\"\" class=\"wp-image-56019\"\/><figcaption><\/figcaption><\/figure>\n<\/p>\n<p>\n  <b><br \/>\n    <i><br \/>\n      APA, report.az<br \/>\n    <\/i><br \/>\n  <\/b>\n<\/p><\/p>\n","protected":false},"excerpt":{"rendered":"<p>&#8221;A\u011fdam rayonunda 59 ev\u0259 ziyan d\u0259yib, 12 ev tamamil\u0259 da\u011f\u0131d\u0131l\u0131b, 1 ev yanaraq k\u00fcl olub&#8221;<\/p>\n","protected":false},"author":11,"featured_media":56010,"comment_status":"closed","ping_status":"open","sticky":false,"template":"","format":"standard","meta":{"_acf_changed":false,"_sitemap_exclude":false,"_sitemap_priority":"","_sitemap_frequency":"","footnotes":""},"categories":[51],"tags":[],"class_list":["post-175519","post","type-post","status-publish","format-standard","has-post-thumbnail","hentry","category-analitika","infinite-scroll-item","generate-columns","tablet-grid-50","mobile-grid-100","grid-parent","grid-33","no-featured-image-padding"],"acf":[],"yoast_head":"<!-- This site is optimized with the Yoast SEO plugin v27.5 - https:\/\/yoast.com\/product\/yoast-seo-wordpress\/ -->\n<title>Vaqif D\u0259rgahl\u0131: &#039;&#039;Erm\u0259nistan ordusu birm\u0259nal\u0131 olaraq m\u00fclki \u0259halini h\u0259d\u0259f al\u0131b&#039;&#039; - MEYDAN.TV<\/title>\n<meta name=\"robots\" content=\"index, follow, max-snippet:-1, max-image-preview:large, max-video-preview:-1\" \/>\n<link rel=\"canonical\" href=\"https:\/\/www.meydan.tv\/az\/article\/vaqif-dergahli-ermenistan-ordusu-birmenali-olaraq-mulki-ehalini-hedef-alib\/\" \/>\n<meta property=\"og:locale\" content=\"az_AZ\" \/>\n<meta property=\"og:type\" content=\"article\" \/>\n<meta property=\"og:title\" content=\"Vaqif D\u0259rgahl\u0131: &#039;&#039;Erm\u0259nistan ordusu birm\u0259nal\u0131 olaraq m\u00fclki \u0259halini h\u0259d\u0259f al\u0131b&#039;&#039; - MEYDAN.TV\" \/>\n<meta property=\"og:description\" content=\"&#039;&#039;A\u011fdam rayonunda 59 ev\u0259 ziyan d\u0259yib, 12 ev tamamil\u0259 da\u011f\u0131d\u0131l\u0131b, 1 ev yanaraq k\u00fcl olub&#039;&#039;\" \/>\n<meta property=\"og:url\" content=\"https:\/\/www.meydan.tv\/az\/article\/vaqif-dergahli-ermenistan-ordusu-birmenali-olaraq-mulki-ehalini-hedef-alib\/\" \/>\n<meta property=\"og:site_name\" content=\"MEYDAN.TV\" \/>\n<meta property=\"article:published_time\" content=\"2016-04-28T13:24:04+00:00\" \/>\n<meta property=\"og:image\" content=\"https:\/\/www.meydan.tv\/wp-content\/uploads\/21170.jpg\" \/>\n\t<meta property=\"og:image:width\" content=\"750\" \/>\n\t<meta property=\"og:image:height\" content=\"500\" \/>\n\t<meta property=\"og:image:type\" content=\"image\/jpeg\" \/>\n<meta name=\"author\" content=\"user-manager\" \/>\n<meta name=\"twitter:card\" content=\"summary_large_image\" \/>\n<script type=\"application\/ld+json\" class=\"yoast-schema-graph\">{\"@context\":\"https:\\\/\\\/schema.org\",\"@graph\":[{\"@type\":\"Article\",\"@id\":\"https:\\\/\\\/www.meydan.tv\\\/az\\\/article\\\/vaqif-dergahli-ermenistan-ordusu-birmenali-olaraq-mulki-ehalini-hedef-alib\\\/#article\",\"isPartOf\":{\"@id\":\"https:\\\/\\\/www.meydan.tv\\\/az\\\/article\\\/vaqif-dergahli-ermenistan-ordusu-birmenali-olaraq-mulki-ehalini-hedef-alib\\\/\"},\"author\":{\"name\":\"user-manager\",\"@id\":\"https:\\\/\\\/www.meydan.tv\\\/az\\\/#\\\/schema\\\/person\\\/10d11eccf6da3662cf5fdab9806ea91a\"},\"headline\":\"Vaqif D\u0259rgahl\u0131: &#8221;Erm\u0259nistan ordusu birm\u0259nal\u0131 olaraq m\u00fclki \u0259halini h\u0259d\u0259f al\u0131b&#8221;\",\"datePublished\":\"2016-04-28T13:24:04+00:00\",\"mainEntityOfPage\":{\"@id\":\"https:\\\/\\\/www.meydan.tv\\\/az\\\/article\\\/vaqif-dergahli-ermenistan-ordusu-birmenali-olaraq-mulki-ehalini-hedef-alib\\\/\"},\"wordCount\":480,\"publisher\":{\"@id\":\"https:\\\/\\\/www.meydan.tv\\\/az\\\/#organization\"},\"image\":{\"@id\":\"https:\\\/\\\/www.meydan.tv\\\/az\\\/article\\\/vaqif-dergahli-ermenistan-ordusu-birmenali-olaraq-mulki-ehalini-hedef-alib\\\/#primaryimage\"},\"thumbnailUrl\":\"https:\\\/\\\/www.meydan.tv\\\/wp-content\\\/uploads\\\/21170.jpg\",\"articleSection\":[\"Analitika\"],\"inLanguage\":\"az\"},{\"@type\":\"WebPage\",\"@id\":\"https:\\\/\\\/www.meydan.tv\\\/az\\\/article\\\/vaqif-dergahli-ermenistan-ordusu-birmenali-olaraq-mulki-ehalini-hedef-alib\\\/\",\"url\":\"https:\\\/\\\/www.meydan.tv\\\/az\\\/article\\\/vaqif-dergahli-ermenistan-ordusu-birmenali-olaraq-mulki-ehalini-hedef-alib\\\/\",\"name\":\"Vaqif D\u0259rgahl\u0131: ''Erm\u0259nistan ordusu birm\u0259nal\u0131 olaraq m\u00fclki \u0259halini h\u0259d\u0259f al\u0131b'' - MEYDAN.TV\",\"isPartOf\":{\"@id\":\"https:\\\/\\\/www.meydan.tv\\\/az\\\/#website\"},\"primaryImageOfPage\":{\"@id\":\"https:\\\/\\\/www.meydan.tv\\\/az\\\/article\\\/vaqif-dergahli-ermenistan-ordusu-birmenali-olaraq-mulki-ehalini-hedef-alib\\\/#primaryimage\"},\"image\":{\"@id\":\"https:\\\/\\\/www.meydan.tv\\\/az\\\/article\\\/vaqif-dergahli-ermenistan-ordusu-birmenali-olaraq-mulki-ehalini-hedef-alib\\\/#primaryimage\"},\"thumbnailUrl\":\"https:\\\/\\\/www.meydan.tv\\\/wp-content\\\/uploads\\\/21170.jpg\",\"datePublished\":\"2016-04-28T13:24:04+00:00\",\"breadcrumb\":{\"@id\":\"https:\\\/\\\/www.meydan.tv\\\/az\\\/article\\\/vaqif-dergahli-ermenistan-ordusu-birmenali-olaraq-mulki-ehalini-hedef-alib\\\/#breadcrumb\"},\"inLanguage\":\"az\",\"potentialAction\":[{\"@type\":\"ReadAction\",\"target\":[\"https:\\\/\\\/www.meydan.tv\\\/az\\\/article\\\/vaqif-dergahli-ermenistan-ordusu-birmenali-olaraq-mulki-ehalini-hedef-alib\\\/\"]}]},{\"@type\":\"ImageObject\",\"inLanguage\":\"az\",\"@id\":\"https:\\\/\\\/www.meydan.tv\\\/az\\\/article\\\/vaqif-dergahli-ermenistan-ordusu-birmenali-olaraq-mulki-ehalini-hedef-alib\\\/#primaryimage\",\"url\":\"https:\\\/\\\/www.meydan.tv\\\/wp-content\\\/uploads\\\/21170.jpg\",\"contentUrl\":\"https:\\\/\\\/www.meydan.tv\\\/wp-content\\\/uploads\\\/21170.jpg\",\"width\":750,\"height\":500,\"caption\":\"Source:\"},{\"@type\":\"BreadcrumbList\",\"@id\":\"https:\\\/\\\/www.meydan.tv\\\/az\\\/article\\\/vaqif-dergahli-ermenistan-ordusu-birmenali-olaraq-mulki-ehalini-hedef-alib\\\/#breadcrumb\",\"itemListElement\":[{\"@type\":\"ListItem\",\"position\":1,\"name\":\"Ana s\u0259hif\u0259\",\"item\":\"https:\\\/\\\/www.meydan.tv\\\/az\\\/\"},{\"@type\":\"ListItem\",\"position\":2,\"name\":\"Analitika\",\"item\":\"https:\\\/\\\/www.meydan.tv\\\/az\\\/section\\\/analitika\\\/\"},{\"@type\":\"ListItem\",\"position\":3,\"name\":\"Vaqif D\u0259rgahl\u0131: &#8221;Erm\u0259nistan ordusu birm\u0259nal\u0131 olaraq m\u00fclki \u0259halini h\u0259d\u0259f al\u0131b&#8221;\"}]},{\"@type\":\"WebSite\",\"@id\":\"https:\\\/\\\/www.meydan.tv\\\/az\\\/#website\",\"url\":\"https:\\\/\\\/www.meydan.tv\\\/az\\\/\",\"name\":\"MEYDAN.TV\",\"description\":\"Meydan TV Az\u0259rbaycan\u0131n media m\u0259kan\u0131ndak\u0131 alternativ s\u0259sidir\",\"publisher\":{\"@id\":\"https:\\\/\\\/www.meydan.tv\\\/az\\\/#organization\"},\"potentialAction\":[{\"@type\":\"SearchAction\",\"target\":{\"@type\":\"EntryPoint\",\"urlTemplate\":\"https:\\\/\\\/www.meydan.tv\\\/az\\\/?s={search_term_string}\"},\"query-input\":{\"@type\":\"PropertyValueSpecification\",\"valueRequired\":true,\"valueName\":\"search_term_string\"}}],\"inLanguage\":\"az\"},{\"@type\":\"Organization\",\"@id\":\"https:\\\/\\\/www.meydan.tv\\\/az\\\/#organization\",\"name\":\"Meydan TV\",\"url\":\"https:\\\/\\\/www.meydan.tv\\\/az\\\/\",\"logo\":{\"@type\":\"ImageObject\",\"inLanguage\":\"az\",\"@id\":\"https:\\\/\\\/www.meydan.tv\\\/az\\\/#\\\/schema\\\/logo\\\/image\\\/\",\"url\":\"https:\\\/\\\/www.meydan.tv\\\/wp-content\\\/uploads\\\/2021\\\/07\\\/meydan-logo.svg\",\"contentUrl\":\"https:\\\/\\\/www.meydan.tv\\\/wp-content\\\/uploads\\\/2021\\\/07\\\/meydan-logo.svg\",\"width\":195,\"height\":46,\"caption\":\"Meydan TV\"},\"image\":{\"@id\":\"https:\\\/\\\/www.meydan.tv\\\/az\\\/#\\\/schema\\\/logo\\\/image\\\/\"}},{\"@type\":\"Person\",\"@id\":\"https:\\\/\\\/www.meydan.tv\\\/az\\\/#\\\/schema\\\/person\\\/10d11eccf6da3662cf5fdab9806ea91a\",\"name\":\"user-manager\"}]}<\/script>\n<!-- \/ Yoast SEO plugin. -->","yoast_head_json":{"title":"Vaqif D\u0259rgahl\u0131: ''Erm\u0259nistan ordusu birm\u0259nal\u0131 olaraq m\u00fclki \u0259halini h\u0259d\u0259f al\u0131b'' - MEYDAN.TV","robots":{"index":"index","follow":"follow","max-snippet":"max-snippet:-1","max-image-preview":"max-image-preview:large","max-video-preview":"max-video-preview:-1"},"canonical":"https:\/\/www.meydan.tv\/az\/article\/vaqif-dergahli-ermenistan-ordusu-birmenali-olaraq-mulki-ehalini-hedef-alib\/","og_locale":"az_AZ","og_type":"article","og_title":"Vaqif D\u0259rgahl\u0131: ''Erm\u0259nistan ordusu birm\u0259nal\u0131 olaraq m\u00fclki \u0259halini h\u0259d\u0259f al\u0131b'' - MEYDAN.TV","og_description":"''A\u011fdam rayonunda 59 ev\u0259 ziyan d\u0259yib, 12 ev tamamil\u0259 da\u011f\u0131d\u0131l\u0131b, 1 ev yanaraq k\u00fcl olub''","og_url":"https:\/\/www.meydan.tv\/az\/article\/vaqif-dergahli-ermenistan-ordusu-birmenali-olaraq-mulki-ehalini-hedef-alib\/","og_site_name":"MEYDAN.TV","article_published_time":"2016-04-28T13:24:04+00:00","og_image":[{"width":750,"height":500,"url":"https:\/\/www.meydan.tv\/wp-content\/uploads\/21170.jpg","type":"image\/jpeg"}],"author":"user-manager","twitter_card":"summary_large_image","schema":{"@context":"https:\/\/schema.org","@graph":[{"@type":"Article","@id":"https:\/\/www.meydan.tv\/az\/article\/vaqif-dergahli-ermenistan-ordusu-birmenali-olaraq-mulki-ehalini-hedef-alib\/#article","isPartOf":{"@id":"https:\/\/www.meydan.tv\/az\/article\/vaqif-dergahli-ermenistan-ordusu-birmenali-olaraq-mulki-ehalini-hedef-alib\/"},"author":{"name":"user-manager","@id":"https:\/\/www.meydan.tv\/az\/#\/schema\/person\/10d11eccf6da3662cf5fdab9806ea91a"},"headline":"Vaqif D\u0259rgahl\u0131: &#8221;Erm\u0259nistan ordusu birm\u0259nal\u0131 olaraq m\u00fclki \u0259halini h\u0259d\u0259f al\u0131b&#8221;","datePublished":"2016-04-28T13:24:04+00:00","mainEntityOfPage":{"@id":"https:\/\/www.meydan.tv\/az\/article\/vaqif-dergahli-ermenistan-ordusu-birmenali-olaraq-mulki-ehalini-hedef-alib\/"},"wordCount":480,"publisher":{"@id":"https:\/\/www.meydan.tv\/az\/#organization"},"image":{"@id":"https:\/\/www.meydan.tv\/az\/article\/vaqif-dergahli-ermenistan-ordusu-birmenali-olaraq-mulki-ehalini-hedef-alib\/#primaryimage"},"thumbnailUrl":"https:\/\/www.meydan.tv\/wp-content\/uploads\/21170.jpg","articleSection":["Analitika"],"inLanguage":"az"},{"@type":"WebPage","@id":"https:\/\/www.meydan.tv\/az\/article\/vaqif-dergahli-ermenistan-ordusu-birmenali-olaraq-mulki-ehalini-hedef-alib\/","url":"https:\/\/www.meydan.tv\/az\/article\/vaqif-dergahli-ermenistan-ordusu-birmenali-olaraq-mulki-ehalini-hedef-alib\/","name":"Vaqif D\u0259rgahl\u0131: ''Erm\u0259nistan ordusu birm\u0259nal\u0131 olaraq m\u00fclki \u0259halini h\u0259d\u0259f al\u0131b'' - MEYDAN.TV","isPartOf":{"@id":"https:\/\/www.meydan.tv\/az\/#website"},"primaryImageOfPage":{"@id":"https:\/\/www.meydan.tv\/az\/article\/vaqif-dergahli-ermenistan-ordusu-birmenali-olaraq-mulki-ehalini-hedef-alib\/#primaryimage"},"image":{"@id":"https:\/\/www.meydan.tv\/az\/article\/vaqif-dergahli-ermenistan-ordusu-birmenali-olaraq-mulki-ehalini-hedef-alib\/#primaryimage"},"thumbnailUrl":"https:\/\/www.meydan.tv\/wp-content\/uploads\/21170.jpg","datePublished":"2016-04-28T13:24:04+00:00","breadcrumb":{"@id":"https:\/\/www.meydan.tv\/az\/article\/vaqif-dergahli-ermenistan-ordusu-birmenali-olaraq-mulki-ehalini-hedef-alib\/#breadcrumb"},"inLanguage":"az","potentialAction":[{"@type":"ReadAction","target":["https:\/\/www.meydan.tv\/az\/article\/vaqif-dergahli-ermenistan-ordusu-birmenali-olaraq-mulki-ehalini-hedef-alib\/"]}]},{"@type":"ImageObject","inLanguage":"az","@id":"https:\/\/www.meydan.tv\/az\/article\/vaqif-dergahli-ermenistan-ordusu-birmenali-olaraq-mulki-ehalini-hedef-alib\/#primaryimage","url":"https:\/\/www.meydan.tv\/wp-content\/uploads\/21170.jpg","contentUrl":"https:\/\/www.meydan.tv\/wp-content\/uploads\/21170.jpg","width":750,"height":500,"caption":"Source:"},{"@type":"BreadcrumbList","@id":"https:\/\/www.meydan.tv\/az\/article\/vaqif-dergahli-ermenistan-ordusu-birmenali-olaraq-mulki-ehalini-hedef-alib\/#breadcrumb","itemListElement":[{"@type":"ListItem","position":1,"name":"Ana s\u0259hif\u0259","item":"https:\/\/www.meydan.tv\/az\/"},{"@type":"ListItem","position":2,"name":"Analitika","item":"https:\/\/www.meydan.tv\/az\/section\/analitika\/"},{"@type":"ListItem","position":3,"name":"Vaqif D\u0259rgahl\u0131: &#8221;Erm\u0259nistan ordusu birm\u0259nal\u0131 olaraq m\u00fclki \u0259halini h\u0259d\u0259f al\u0131b&#8221;"}]},{"@type":"WebSite","@id":"https:\/\/www.meydan.tv\/az\/#website","url":"https:\/\/www.meydan.tv\/az\/","name":"MEYDAN.TV","description":"Meydan TV Az\u0259rbaycan\u0131n media m\u0259kan\u0131ndak\u0131 alternativ s\u0259sidir","publisher":{"@id":"https:\/\/www.meydan.tv\/az\/#organization"},"potentialAction":[{"@type":"SearchAction","target":{"@type":"EntryPoint","urlTemplate":"https:\/\/www.meydan.tv\/az\/?s={search_term_string}"},"query-input":{"@type":"PropertyValueSpecification","valueRequired":true,"valueName":"search_term_string"}}],"inLanguage":"az"},{"@type":"Organization","@id":"https:\/\/www.meydan.tv\/az\/#organization","name":"Meydan TV","url":"https:\/\/www.meydan.tv\/az\/","logo":{"@type":"ImageObject","inLanguage":"az","@id":"https:\/\/www.meydan.tv\/az\/#\/schema\/logo\/image\/","url":"https:\/\/www.meydan.tv\/wp-content\/uploads\/2021\/07\/meydan-logo.svg","contentUrl":"https:\/\/www.meydan.tv\/wp-content\/uploads\/2021\/07\/meydan-logo.svg","width":195,"height":46,"caption":"Meydan TV"},"image":{"@id":"https:\/\/www.meydan.tv\/az\/#\/schema\/logo\/image\/"}},{"@type":"Person","@id":"https:\/\/www.meydan.tv\/az\/#\/schema\/person\/10d11eccf6da3662cf5fdab9806ea91a","name":"user-manager"}]}},"_links":{"self":[{"href":"https:\/\/www.meydan.tv\/az\/wp-json\/wp\/v2\/posts\/175519","targetHints":{"allow":["GET"]}}],"collection":[{"href":"https:\/\/www.meydan.tv\/az\/wp-json\/wp\/v2\/posts"}],"about":[{"href":"https:\/\/www.meydan.tv\/az\/wp-json\/wp\/v2\/types\/post"}],"author":[{"embeddable":true,"href":"https:\/\/www.meydan.tv\/az\/wp-json\/wp\/v2\/users\/11"}],"replies":[{"embeddable":true,"href":"https:\/\/www.meydan.tv\/az\/wp-json\/wp\/v2\/comments?post=175519"}],"version-history":[{"count":0,"href":"https:\/\/www.meydan.tv\/az\/wp-json\/wp\/v2\/posts\/175519\/revisions"}],"wp:featuredmedia":[{"embeddable":true,"href":"https:\/\/www.meydan.tv\/az\/wp-json\/wp\/v2\/media\/56010"}],"wp:attachment":[{"href":"https:\/\/www.meydan.tv\/az\/wp-json\/wp\/v2\/media?parent=175519"}],"wp:term":[{"taxonomy":"category","embeddable":true,"href":"https:\/\/www.meydan.tv\/az\/wp-json\/wp\/v2\/categories?post=175519"},{"taxonomy":"post_tag","embeddable":true,"href":"https:\/\/www.meydan.tv\/az\/wp-json\/wp\/v2\/tags?post=175519"}],"curies":[{"name":"wp","href":"https:\/\/api.w.org\/{rel}","templated":true}]}}