{"id":175515,"date":"2016-04-28T02:04:30","date_gmt":"2016-04-28T02:04:30","guid":{"rendered":"https:\/\/www.meydan.tv\/article\/kreml-daim-sulhmeramlilar-meselesini-gundemde-saxlayir\/"},"modified":"2016-04-28T02:04:30","modified_gmt":"2016-04-28T02:04:30","slug":"kreml-daim-sulhmeramlilar-meselesini-gundemde-saxlayir","status":"publish","type":"post","link":"https:\/\/www.meydan.tv\/az\/article\/kreml-daim-sulhmeramlilar-meselesini-gundemde-saxlayir\/","title":{"rendered":"&#8221;Kreml daim s\u00fclhm\u0259raml\u0131lar m\u0259s\u0259l\u0259sini g\u00fcnd\u0259md\u0259 saxlay\u0131r&#8221;"},"content":{"rendered":"<figure class=\"wp-block-image size-large\">\n  <img decoding=\"async\" src=\"https:\/\/www.meydan.tv\/az\/55977\/\" alt=\"\" class=\"wp-image-55977\"\/><figcaption><\/figcaption><\/figure>\n<p>\n  <i><br \/>\n    Madrid Prinsipl\u0259rin\u0259 \u0259sas\u0259n, s\u00fclhm\u0259raml\u0131lar Minsk Qrupunun h\u0259ms\u0259dr \u00f6lk\u0259l\u0259rinin qo\u015funlar\u0131ndan ibar\u0259t ola bilm\u0259z<br \/>\n  <\/i>\n<\/p>\n<p>\n  Erm\u0259nistan\u0131n Az\u0259rbaycana \u0259razi iddias\u0131 \u0259sas\u0131nda yaranan Da\u011fl\u0131q Qaraba\u011f m\u00fcnaqi\u015f\u0259si 22 illik at\u0259\u015fk\u0259sd\u0259n sonra yenid\u0259n h\u0259rbi m\u00fcst\u0259viy\u0259 ke\u00e7ib. Bu prosesd\u0259 daha \u00e7ox m\u00fczakir\u0259 olunan m\u0259qam b\u00f6lg\u0259y\u0259 s\u00fclhm\u0259raml\u0131lar\u0131n, \u0259sas\u0259n d\u0259 Rusiya h\u0259rbi birlikl\u0259rinin g\u0259tirilm\u0259sidir. Az\u0259rbaycan r\u0259smil\u0259rinin bu bar\u0259d\u0259 bir-birin\u0259 zidd a\u00e7\u0131qlamalar\u0131 suallar\u0131n say\u0131n\u0131 art\u0131r\u0131r.\n<\/p>\n<p>\n  <b><br \/>\n    \u201cRusiya b\u00f6lg\u0259y\u0259 n\u0259zar\u0259t etm\u0259k ist\u0259yir\u201d<br \/>\n  <\/b>\n<\/p>\n<p>\n  Prezident Administrasiyas\u0131n\u0131n r\u0259smisi Novruz M\u0259mm\u0259dov Rusiya s\u00fclhm\u0259raml\u0131lar\u0131n\u0131n b\u00f6lg\u0259d\u0259 yerl\u0259\u015fdirilm\u0259si il\u0259 ba\u011fl\u0131 ortada konkret m\u0259s\u0259l\u0259 olmad\u0131\u011f\u0131n\u0131 s\u00f6yl\u0259s\u0259 d\u0259, xarici i\u015fl\u0259r naziri Elmar M\u0259mm\u0259dyarov f\u0259rqli a\u00e7\u0131qlama verib. Nazir bildirib ki, erm\u0259ni h\u0259rb\u00e7il\u0259r\u00a0i\u015f\u011fal alt\u0131ndak\u0131 torpaqlardan \u00e7\u0131xar\u0131landan sonra s\u00fclhm\u0259raml\u0131lar da olacaq, yollar da a\u00e7\u0131lacaq, qa\u00e7q\u0131nlar da qay\u0131dacaq.\n<\/p>\n<figure class=\"wp-block-image size-large\">\n  <img decoding=\"async\" src=\"https:\/\/www.meydan.tv\/az\/novruz-memmedov\/\" alt=\"Novruz M\u0259mm\u0259dov\" class=\"wp-image-55980\"\/><figcaption>\n    Novruz M\u0259mm\u0259dov<br \/>\n  <\/figcaption><\/figure>\n<p>\n  Rusiyal\u0131 publisist v\u0259 siyasi analitik Andrey Piontkovskiy is\u0259 \u00f6lk\u0259sinin b\u00f6lg\u0259y\u0259 \u00f6z s\u00fclhm\u0259raml\u0131lar\u0131n\u0131 yerl\u0259\u015fdirm\u0259k ist\u0259diyini gizl\u0259tm\u0259yib: &#8220;Moskva qollar\u0131n\u0131 \u00e7\u0131rmalay\u0131b s\u00fclhm\u0259raml\u0131 m\u0259s\u0259l\u0259si il\u0259 m\u0259\u015f\u011ful olmaq ist\u0259yir. Bu b\u0259han\u0259 il\u0259 m\u00fcnaqi\u015f\u0259 zonas\u0131na qo\u015funlar\u0131 daxil etm\u0259k, ehtiyac oldu\u011fu t\u0259qdird\u0259 is\u0259 Az\u0259rbaycan v\u0259 Erm\u0259nistanla yana\u015f\u0131, G\u00fcrc\u00fcstana t\u0259sir etm\u0259k ist\u0259yir. Lavrov\u00a0Erm\u0259nistana v\u0259 Az\u0259rbaycana m\u00fcnaqi\u015f\u0259nin davam\u0131ndan ba\u015fqa bir \u015fey g\u0259tir\u0259 bilm\u0259z. M\u0259n \u0259min\u0259m ki, yeni s\u0259n\u0259dd\u0259 s\u00fclhm\u0259raml\u0131 qo\u015funlar haqq\u0131nda m\u00fctl\u0259q b\u0259nd olacaq. \u00c7\u00fcnki bu, Moskvan\u0131 \u0259n \u00e7ox maraqland\u0131ran m\u0259s\u0259l\u0259dir\u201d.\n<\/p>\n<p>\n  <b><br \/>\n    \u201cS\u00fclhm\u0259raml\u0131lar h\u0259ms\u0259dr \u00f6lk\u0259l\u0259rd\u0259n olmayacaq\u201d<br \/>\n  <\/b>\n<\/p>\n<p>\n  Deyil\u0259nl\u0259ri Meydan TV-y\u0259 \u015f\u0259rh ed\u0259n konfliktoloq Elxan Mehdiyev hesab edir ki, Novruz M\u0259mm\u0259dov do\u011fru dan\u0131\u015fm\u0131r. Konfliktoloq AT\u018fT-in Budape\u015ft Sammitinin 1994-c\u00fc ild\u0259 q\u0259bul olunan q\u0259rar\u0131nda b\u00f6lg\u0259y\u0259 s\u00fclhm\u0259raml\u0131lar\u0131n yerl\u0259\u015fdirilm\u0259si bar\u0259d\u0259 b\u0259ndini xat\u0131rlad\u0131r: &#8220;H\u0259min s\u0259n\u0259dd\u0259 Rusiya h\u0259rb\u00e7il\u0259rinin s\u00fclhm\u0259raml\u0131larda \u00fc\u00e7d\u0259 bird\u0259n art\u0131q olmas\u0131n\u0131n m\u00fcmk\u00fcns\u00fczl\u00fcy\u00fc qoyulub. Sonrak\u0131 dan\u0131\u015f\u0131qlarda is\u0259 s\u00fclhm\u0259raml\u0131lar\u0131n h\u0259ms\u0259dr \u00f6lk\u0259l\u0259rd\u0259n olmayaca\u011f\u0131 raz\u0131la\u015fd\u0131r\u0131ld\u0131&#8221;.\n<\/p>\n<p>\n  Elxan Mehdiyev deyir ki, s\u00fclhm\u0259raml\u0131lar s\u00fclh m\u00fcqavil\u0259si imzalanandan sonra b\u00f6lg\u0259y\u0259 yerl\u0259\u015fdirilir: &#8220;T\u0259r\u0259fl\u0259r 6 madd\u0259d\u0259n ibar\u0259t Madrid Prinsipl\u0259rini yerin\u0259 yetir\u0259n zaman bunlar olur. Y\u0259ni erm\u0259ni qo\u015funlar\u0131 \u00e7\u0131x\u0131r, kommunikasiya qurulur v\u0259 sair\u0259. Amma m\u0259n s\u00fclhm\u0259raml\u0131lar\u0131n b\u00f6lg\u0259y\u0259 g\u0259tirilm\u0259sin\u0259 ehtiyac g\u00f6rm\u00fcr\u0259m. \u018fg\u0259r t\u0259r\u0259fl\u0259r 22 il at\u0259\u015fk\u0259s\u0259 riay\u0259t edibs\u0259, s\u00fclh sazi\u015fi imzalanandan sonra onlar\u0131n \u0259raziy\u0259 g\u0259tirilm\u0259sin\u0259 ehtiyac yoxdur&#8221;.\n<\/p>\n<figure class=\"wp-block-image size-large\">\n  <img decoding=\"async\" src=\"https:\/\/www.meydan.tv\/az\/55983\/\" alt=\"\" class=\"wp-image-55983\"\/><figcaption>\n    Elxan Mehdiyev<br \/>\n  <\/figcaption><\/figure>\n<p>\n  O, Fransa d\u00f6vl\u0259t nazirinin Madrid Prinsipl\u0259rinin yerin\u0259 yetirilm\u0259sinin vacibliyi bar\u0259d\u0259 bildirdi ki, art\u0131q h\u0259min s\u0259n\u0259din n\u0259d\u0259n ibar\u0259t olmas\u0131 ham\u0131ya m\u0259lumdur: &#8220;Birinci m\u0259qam odur ki, Erm\u0259nistan ordusu Da\u011fl\u0131q Qaraba\u011f \u0259traf\u0131ndak\u0131 7 rayonu bo\u015faltmal\u0131, ard\u0131nca m\u0259cburi k\u00f6\u00e7k\u00fcnl\u0259r yurdlar\u0131na qay\u0131tmal\u0131, kommunikasiyalar qurulmal\u0131 v\u0259 konkret m\u0259s\u0259l\u0259l\u0259r bundan sonra dan\u0131\u015f\u0131qlar\u0131n m\u00f6vzusu olur. Y\u0259ni \u00a0Da\u011fl\u0131q Qaraba\u011fa m\u00fcv\u0259qq\u0259ti status verilir, bu status onlar\u0131n Az\u0259rbaycan v\u0259 Erm\u0259nistandan ba\u015fqa xarici \u00f6lk\u0259l\u0259rl\u0259 d\u0259 iqtisadi \u0259laq\u0259l\u0259r qurmas\u0131n\u0131 \u00f6z\u00fcnd\u0259 ehtiva edir. Sonda is\u0259 \u0259razinin\u00a0 statusunu m\u00fc\u0259yy\u0259n ed\u0259n h\u00fcquqi-m\u0259cburi referendum ke\u00e7irilir. Bu, bir n\u00f6v koloniyalardan azad olan \u00f6lk\u0259l\u0259rin yenid\u0259n qurulmas\u0131na b\u0259nz\u0259yir&#8221;.\n<\/p>\n<p>\n  Elxan Mehdiyev hesab edir ki, apar\u0131lan dan\u0131\u015f\u0131qlarda m\u0259s\u0259l\u0259 referendum m\u00f6vzusunda t\u0131xan\u0131b: &#8220;Az\u0259rbaycan \u0259vv\u0259l referenduma raz\u0131l\u0131q vermi\u015fdi, sonra bunun m\u00fcst\u0259qillik hal\u0131n\u0131 ald\u0131\u011f\u0131n\u0131 g\u00f6r\u0259nd\u0259 yaln\u0131z \u0259razi b\u00fct\u00f6vl\u00fcy\u00fc \u00e7\u0259r\u00e7iv\u0259sind\u0259 y\u00fcks\u0259k statusdan s\u00f6hb\u0259t getdiyini dedi. Y\u0259ni referendumun g\u00fcnd\u0259liyi m\u0259s\u0259l\u0259sind\u0259 raz\u0131la\u015fma al\u0131nm\u0131r. Erm\u0259nil\u0259r prosesin uzanmas\u0131nda maraql\u0131d\u0131r&#8221;.\n<\/p>\n<p>\n  <b><br \/>\n    \u201cDan\u0131\u015f\u0131qlar qrafik \u00fczr\u0259 gedir\u201d<br \/>\n  <\/b>\n<\/p>\n<p>\n  Siyasi \u015f\u0259rh\u00e7i Z\u0259rd\u00fc\u015ft \u018flizad\u0259 is\u0259 hesab edir ki, dan\u0131\u015f\u0131qlar gizli apar\u0131ld\u0131\u011f\u0131ndan ictimaiyy\u0259t m\u0259lumats\u0131zd\u0131r: &#8220;Bu da \u0259sas verir ki, adamlar \u00f6z t\u0259x\u0259yy\u00fcl\u00fc v\u0259 \u0259xlaq\u0131 \u00e7\u0259r\u00e7iv\u0259sind\u0259 ehtimallar s\u0259sl\u0259ndirsin. Amma vaxta\u015f\u0131r\u0131 dan\u0131\u015f\u0131qlar hans\u0131sa bir dalana dir\u0259n\u0259nd\u0259 m\u00fc\u0259yy\u0259n hiss\u0259si a\u00e7\u0131l\u0131r. Qaraba\u011f \u0130ctimai \u015euras\u0131n\u0131n \u00fczv\u00fc kimi qurumun \u00fczvl\u0259ri kifay\u0259t q\u0259d\u0259r dan\u0131\u015f\u0131qlardan m\u0259lumatl\u0131d\u0131r&#8221;.\n<\/p>\n<p>\n  Ancaq Z\u0259rd\u00fc\u015f \u018flizad\u0259 Novruz M\u0259mm\u0259dovun do\u011fru s\u00f6yl\u0259diyi q\u0259na\u0259tind\u0259dir: &#8220;Y\u0259ni indiki m\u0259rh\u0259l\u0259d\u0259 dan\u0131\u015f\u0131q masas\u0131nda rus s\u00fclhm\u0259raml\u0131lar\u0131 m\u0259s\u0259l\u0259si yoxdur. Rusiya dan\u0131\u015f\u0131qlar\u0131n tarixini yax\u015f\u0131 bildiyind\u0259n bu m\u0259s\u0259l\u0259ni qoymur. 1994-c\u00fc ild\u0259 imzalanan at\u0259\u015fk\u0259s s\u0259n\u0259dinin m\u0259tnind\u0259 olmasa da, Heyd\u0259r \u018fliyev \u015fifahi \u015f\u0259kild\u0259 rus s\u00fclhm\u0259raml\u0131lar\u0131n\u0131n Abxaziya v\u0259 Osetiyada oldu\u011fu kimi b\u00f6lg\u0259y\u0259 yerl\u0259\u015fdirilm\u0259sin\u0259 raz\u0131la\u015fm\u0131\u015fd\u0131. Ancaq h\u0259min vaxt m\u00f6vqeyi z\u0259if olsa da, Heyd\u0259r \u018fliyev uzaqg\u00f6r\u0259n siyas\u0259t\u00e7iydi, at\u0259\u015fk\u0259sd\u0259n sonra neft m\u00fcqavil\u0259l\u0259rini imzalad\u0131, h\u0259rbi m\u00fcxalif\u0259ti s\u0131radan \u00e7\u0131xard\u0131, hakimiyy\u0259tini m\u00f6hk\u0259ml\u0259tdi. Ard\u0131nca Heyd\u0259r \u018fliyev T\u00fcrkiy\u0259 prezidenti S\u00fcleyman D\u0259mir\u0259l vasit\u0259sil\u0259 \u0130stanbulda NATO xarici i\u015fl\u0259r nazirl\u0259rinin toplant\u0131s\u0131nda AB\u015e d\u00f6vl\u0259t katibi Uliyam Kristoferl\u0259 g\u00f6r\u00fc\u015fd\u00fc v\u0259 iki qocaman siyas\u0259t\u00e7i bir-birini yax\u015f\u0131 ba\u015fa d\u00fc\u015fd\u00fc. \u00c7\u00fcnki Kristofer d\u0259 bilirdi ki, rus qo\u015funun yenid\u0259n Az\u0259rbaycana qay\u0131d\u0131\u015f\u0131 he\u00e7 n\u0259 v\u0259d etmir. Xat\u0131rlay\u0131rs\u0131n\u0131z, 90-c\u0131 ill\u0259rin ikinci yar\u0131s\u0131nda Yeltsin Rusiyas\u0131n\u0131n Az\u0259rbaycana t\u0259zyiql\u0259ri g\u00fccl\u0259nmi\u015fdi, amma \u018fliyev buna getm\u0259di. Y\u0259ni Az\u0259rbaycan z\u0259if zaman\u0131nda Rusiya s\u00fclhm\u0259raml\u0131lar\u0131n\u0131n \u00f6lk\u0259y\u0259 g\u0259lm\u0259sin\u0259 raz\u0131la\u015fmam\u0131\u015fd\u0131rsa, haz\u0131rda xeyli g\u00fccl\u00fc d\u00f6vr\u00fcnd\u0259 buna ged\u0259rmi? Ona g\u00f6r\u0259 Rusiya \u00f6z s\u00fclhm\u0259raml\u0131lar\u0131ndan dan\u0131\u015fm\u0131r,\u00a0 \u00fcmumi s\u00fclhm\u0259raml\u0131lar m\u0259s\u0259l\u0259sini qabard\u0131r.Bu bax\u0131mdan Novruz M\u0259mm\u0259dov haql\u0131d\u0131r. Amma nazir Elmar M\u0259mm\u0259dyarov da i\u015fin i\u00e7ind\u0259 oldu\u011fundan bilir ki, m\u00fc\u0259yy\u0259n dan\u0131\u015f\u0131qlardan sonra s\u00fclhm\u0259raml\u0131lar\u0131n b\u00f6lg\u0259y\u0259 g\u0259lm\u0259si n\u0259z\u0259rd\u0259 tutulub&#8221;.\n<\/p>\n<p>\n  \u201cB\u0259s s\u00fclhm\u0259raml\u0131lar n\u0259 zaman b\u00f6lg\u0259y\u0259 g\u0259l\u0259 bil\u0259r\u201d sual\u0131na Z\u0259rd\u00fc\u015ft \u018flizad\u0259 bel\u0259 cavab verdi: &#8220;Dan\u0131\u015f\u0131qlar qrafik \u00fcz\u0259rind\u0259 getdiyind\u0259n s\u00fclh sazi\u015fi imzalanandan sonra da h\u0259r bir proses qrafik \u0259sas\u0131nda ger\u00e7\u0259kl\u0259\u015f\u0259c\u0259k. \u0130\u015f\u011fal alt\u0131ndak\u0131 rayonlar bo\u015fald\u0131l\u0131r, m\u0259cburi k\u00f6\u00e7k\u00fcnl\u0259r qay\u0131d\u0131r, kommunikasiya a\u00e7\u0131l\u0131r, bundan sonra Madrid Prinsipl\u0259rin\u0259 \u0259sas\u0259n, s\u00fclhm\u0259raml\u0131lar g\u0259lib asayi\u015f\u0259 n\u0259zar\u0259t ed\u0259c\u0259k polis funksiyas\u0131n\u0131 yerin\u0259 yetirir. Amma s\u00fclhm\u0259raml\u0131lar Minsk Qrupunun h\u0259ms\u0259dr \u00f6lk\u0259l\u0259rinin qo\u015funlar\u0131ndan ibar\u0259t ola bilm\u0259z. Bax, Elmar M\u0259mm\u0259dyarov bu m\u0259qama g\u00f6r\u0259 haql\u0131d\u0131r. H\u0259r\u00e7\u0259nd, m\u0259n kommunikasiya a\u00e7\u0131landan sonra inanm\u0131ram ki, iki xalq aras\u0131nda yenid\u0259n m\u00fcharib\u0259 ba\u015flas\u0131n&#8221;.\n<\/p>\n<figure class=\"wp-block-image size-large\">\n  <img decoding=\"async\" src=\"https:\/\/www.meydan.tv\/az\/zerdust-elizade-8\/\" alt=\"Z\u0259rd\u00fc\u015ft \u018flizad\u0259\" class=\"wp-image-55989\"\/><figcaption>\n    Z\u0259rd\u00fc\u015ft \u018flizad\u0259<br \/>\n  <\/figcaption><\/figure>\n<p>\n  O, Andrey Piontkovskinin d\u0259 haql\u0131 oldu\u011funu deyib: &#8220;\u00c7\u00fcnki rusiyal\u0131 analitik Putini yax\u015f\u0131 tan\u0131y\u0131r. Bu m\u00fcnaqi\u015f\u0259d\u0259 Rusiyan\u0131n, Q\u0259rbin, Erm\u0259nistan v\u0259 Az\u0259rbaycan hakimiyy\u0259tl\u0259rinin \u00f6z maraqlar\u0131 var, b\u00fct\u00fcn bunlardan iki xalq \u0259ziyy\u0259t \u00e7\u0259kir v\u0259 \u00f6zl\u0259ri d\u0259 bilm\u0259d\u0259n bir-birl\u0259rin\u0259 nifr\u0259t edirl\u0259r. Ki, bu da Rusiyan\u0131n xeyrin\u0259dir. \u018fslind\u0259, Kreml respublikalardak\u0131 agentura vasit\u0259sil\u0259 daim s\u00fclhm\u0259raml\u0131lar m\u0259s\u0259l\u0259sini g\u00fcnd\u0259md\u0259 saxlay\u0131r, bir il \u0259vv\u0259l Zori Balayan\u0131n bu bar\u0259d\u0259 yazmas\u0131 t\u0259sad\u00fcf\u00fc deyildi. Erm\u0259nistan\u0131n raz\u0131 olmad\u0131\u011f\u0131n\u0131 g\u00f6rd\u00fckd\u0259, 1-5 aprel h\u0259rbi \u0259m\u0259liyyatlar\u0131yla \u0130r\u0259vana z\u0259rb\u0259 vurdu. Ondan sonra Serj Sarkisyan dedi ki, onlar s\u00fclhm\u0259raml\u0131lar\u0131n \u0259leyhin\u0259 deyil, amma \u00f6zl\u0259ri \u00e7a\u011f\u0131rm\u0131rlar. Az\u0259rbaycan is\u0259 s\u00fclhm\u0259raml\u0131lara \u201cyox\u201d deyir. Ona g\u00f6r\u0259 Erm\u0259nistan Moskvan\u0131n g\u00f6st\u0259ri\u015fil\u0259 h\u0259r g\u00fcn at\u0259\u015fk\u0259si pozur. Amma bunlar anlam\u0131r ki, Bak\u0131 NATO v\u0259 T\u00fcrkiy\u0259yl\u0259 dan\u0131\u015f\u0131qlar apar\u0131r. Haz\u0131rda \u0259sas m\u0259s\u0259l\u0259 Az\u0259rbaycan\u0131n n\u0259 d\u0259r\u0259c\u0259d\u0259 Rusiyan\u0131n h\u0259yas\u0131z\u00a0 t\u0259l\u0259bl\u0259ri qar\u015f\u0131nda dayanmas\u0131d\u0131r. Moskva Az\u0259rbaycana qar\u015f\u0131 h\u0259r hans\u0131 add\u0131m atsa, Ankaran\u0131n m\u00f6vqeyinin n\u0259 olaca\u011f\u0131n\u0131 bilir. Nec\u0259 ki, Donetski v\u0259 Luqanskid\u0259 Rusiya k\u00f6n\u00fcll\u00fcl\u0259ri i\u015ftirak edir, sabah T\u00fcrkiy\u0259 k\u00f6n\u00fcll\u00fcl\u0259ri d\u0259 Qaraba\u011fda biz\u0259 d\u0259st\u0259k ola bil\u0259rl\u0259r&#8221;.\n<\/p>\n<p>\n  Z.\u018flizad\u0259 Rusiya m\u00fcdafi\u0259 naziri \u015eoyqunun Kollektiv T\u0259hl\u00fck\u0259sizlik M\u00fcqavil\u0259si T\u0259\u015fkilat\u0131n\u0131n (KTMT) s\u00fclhm\u0259raml\u0131lar\u0131 bar\u0259d\u0259 dedikl\u0259rini m\u0259nas\u0131z adland\u0131rd\u0131: &#8220;\u00c7\u00fcnki Qazax\u0131stan v\u0259 Belarus Az\u0259rbaycana qar\u015f\u0131 m\u00fcharib\u0259d\u0259 i\u015ftirak etm\u0259z v\u0259 1-5 aprel h\u0259rbi \u0259m\u0259liyyatlar\u0131nda bu \u00f6z\u00fcn\u00fc b\u00fcruz\u0259 verdi. \u00dcmumiyy\u0259tl\u0259, Rusiya Az\u0259rbaycana h\u0259rbi bax\u0131mdan n\u0259s\u0259 etm\u0259k ist\u0259s\u0259, Orta Asiyan\u0131 itirir, ard\u0131nca Q\u0259rb\u0259 ona qar\u015f\u0131 sanksiya qoymaq imkan\u0131 verir. Ona g\u00f6r\u0259 yox ki, Q\u0259rb Az\u0259rbaycan\u0131 sevir, ona g\u00f6r\u0259 ki, Q\u0259rbin Risiyadan z\u0259hl\u0259si gedir. N\u0259hay\u0259t, Rusiyan\u0131n s\u0259nayesi, ticar\u0259t d\u00f6vriyy\u0259si m\u0259nfid\u0259dir. M\u0259s\u0259l\u0259n, Rusiya iqtisad\u00e7\u0131s\u0131 Valentin Katasonov yaz\u0131r ki, 10 il \u0259vv\u0259l \u00f6lk\u0259sinin \u00c7in\u0259 satd\u0131\u011f\u0131 mallar\u0131n 14 faizi ma\u015f\u0131n v\u0259 avadanl\u0131q idis\u0259, haz\u0131rda bu r\u0259q\u0259m 1 faiz\u0259 d\u00fc\u015f\u00fcb. \u00d6lk\u0259 \u00e7\u00f6k\u00fcr, bununla b\u0259rab\u0259r Putin \u00f6z\u00fcn\u00fc regionun a\u011fas\u0131 kimi apar\u0131r&#8221;.\n<\/p><\/p>\n","protected":false},"excerpt":{"rendered":"<p>cn\u0259 \u0259sas\u0259n, s\u00fclhm\u0259raml\u0131lar Minsk Qrupunun h\u0259ms\u0259dr \u00f6lk\u0259l\u0259rinin qo\u015funlar\u0131ndan ibar\u0259t ola bilm\u0259z<\/p>\n","protected":false},"author":11,"featured_media":55977,"comment_status":"closed","ping_status":"open","sticky":false,"template":"","format":"standard","meta":{"_acf_changed":false,"_sitemap_exclude":false,"_sitemap_priority":"","_sitemap_frequency":"","footnotes":""},"categories":[51],"tags":[],"class_list":["post-175515","post","type-post","status-publish","format-standard","has-post-thumbnail","hentry","category-analitika","infinite-scroll-item","generate-columns","tablet-grid-50","mobile-grid-100","grid-parent","grid-33","no-featured-image-padding"],"acf":[],"yoast_head":"<!-- This site is optimized with the Yoast SEO plugin v27.5 - https:\/\/yoast.com\/product\/yoast-seo-wordpress\/ -->\n<title>&#039;&#039;Kreml daim s\u00fclhm\u0259raml\u0131lar m\u0259s\u0259l\u0259sini g\u00fcnd\u0259md\u0259 saxlay\u0131r&#039;&#039; - MEYDAN.TV<\/title>\n<meta name=\"robots\" content=\"index, follow, max-snippet:-1, max-image-preview:large, max-video-preview:-1\" \/>\n<link rel=\"canonical\" href=\"https:\/\/www.meydan.tv\/az\/article\/kreml-daim-sulhmeramlilar-meselesini-gundemde-saxlayir\/\" \/>\n<meta property=\"og:locale\" content=\"az_AZ\" \/>\n<meta property=\"og:type\" content=\"article\" \/>\n<meta property=\"og:title\" content=\"&#039;&#039;Kreml daim s\u00fclhm\u0259raml\u0131lar m\u0259s\u0259l\u0259sini g\u00fcnd\u0259md\u0259 saxlay\u0131r&#039;&#039; - MEYDAN.TV\" \/>\n<meta property=\"og:description\" content=\"cn\u0259 \u0259sas\u0259n, s\u00fclhm\u0259raml\u0131lar Minsk Qrupunun h\u0259ms\u0259dr \u00f6lk\u0259l\u0259rinin qo\u015funlar\u0131ndan ibar\u0259t ola bilm\u0259z\" \/>\n<meta property=\"og:url\" content=\"https:\/\/www.meydan.tv\/az\/article\/kreml-daim-sulhmeramlilar-meselesini-gundemde-saxlayir\/\" \/>\n<meta property=\"og:site_name\" content=\"MEYDAN.TV\" \/>\n<meta property=\"article:published_time\" content=\"2016-04-28T02:04:30+00:00\" \/>\n<meta property=\"og:image\" content=\"https:\/\/www.meydan.tv\/wp-content\/uploads\/21157.jpg\" \/>\n\t<meta property=\"og:image:width\" content=\"758\" \/>\n\t<meta property=\"og:image:height\" content=\"533\" \/>\n\t<meta property=\"og:image:type\" content=\"image\/jpeg\" \/>\n<meta name=\"author\" content=\"user-manager\" \/>\n<meta name=\"twitter:card\" content=\"summary_large_image\" \/>\n<script type=\"application\/ld+json\" class=\"yoast-schema-graph\">{\"@context\":\"https:\\\/\\\/schema.org\",\"@graph\":[{\"@type\":\"Article\",\"@id\":\"https:\\\/\\\/www.meydan.tv\\\/az\\\/article\\\/kreml-daim-sulhmeramlilar-meselesini-gundemde-saxlayir\\\/#article\",\"isPartOf\":{\"@id\":\"https:\\\/\\\/www.meydan.tv\\\/az\\\/article\\\/kreml-daim-sulhmeramlilar-meselesini-gundemde-saxlayir\\\/\"},\"author\":{\"name\":\"user-manager\",\"@id\":\"https:\\\/\\\/www.meydan.tv\\\/az\\\/#\\\/schema\\\/person\\\/10d11eccf6da3662cf5fdab9806ea91a\"},\"headline\":\"&#8221;Kreml daim s\u00fclhm\u0259raml\u0131lar m\u0259s\u0259l\u0259sini g\u00fcnd\u0259md\u0259 saxlay\u0131r&#8221;\",\"datePublished\":\"2016-04-28T02:04:30+00:00\",\"mainEntityOfPage\":{\"@id\":\"https:\\\/\\\/www.meydan.tv\\\/az\\\/article\\\/kreml-daim-sulhmeramlilar-meselesini-gundemde-saxlayir\\\/\"},\"wordCount\":1825,\"publisher\":{\"@id\":\"https:\\\/\\\/www.meydan.tv\\\/az\\\/#organization\"},\"image\":{\"@id\":\"https:\\\/\\\/www.meydan.tv\\\/az\\\/article\\\/kreml-daim-sulhmeramlilar-meselesini-gundemde-saxlayir\\\/#primaryimage\"},\"thumbnailUrl\":\"https:\\\/\\\/www.meydan.tv\\\/wp-content\\\/uploads\\\/21157.jpg\",\"articleSection\":[\"Analitika\"],\"inLanguage\":\"az\"},{\"@type\":\"WebPage\",\"@id\":\"https:\\\/\\\/www.meydan.tv\\\/az\\\/article\\\/kreml-daim-sulhmeramlilar-meselesini-gundemde-saxlayir\\\/\",\"url\":\"https:\\\/\\\/www.meydan.tv\\\/az\\\/article\\\/kreml-daim-sulhmeramlilar-meselesini-gundemde-saxlayir\\\/\",\"name\":\"''Kreml daim s\u00fclhm\u0259raml\u0131lar m\u0259s\u0259l\u0259sini g\u00fcnd\u0259md\u0259 saxlay\u0131r'' - MEYDAN.TV\",\"isPartOf\":{\"@id\":\"https:\\\/\\\/www.meydan.tv\\\/az\\\/#website\"},\"primaryImageOfPage\":{\"@id\":\"https:\\\/\\\/www.meydan.tv\\\/az\\\/article\\\/kreml-daim-sulhmeramlilar-meselesini-gundemde-saxlayir\\\/#primaryimage\"},\"image\":{\"@id\":\"https:\\\/\\\/www.meydan.tv\\\/az\\\/article\\\/kreml-daim-sulhmeramlilar-meselesini-gundemde-saxlayir\\\/#primaryimage\"},\"thumbnailUrl\":\"https:\\\/\\\/www.meydan.tv\\\/wp-content\\\/uploads\\\/21157.jpg\",\"datePublished\":\"2016-04-28T02:04:30+00:00\",\"breadcrumb\":{\"@id\":\"https:\\\/\\\/www.meydan.tv\\\/az\\\/article\\\/kreml-daim-sulhmeramlilar-meselesini-gundemde-saxlayir\\\/#breadcrumb\"},\"inLanguage\":\"az\",\"potentialAction\":[{\"@type\":\"ReadAction\",\"target\":[\"https:\\\/\\\/www.meydan.tv\\\/az\\\/article\\\/kreml-daim-sulhmeramlilar-meselesini-gundemde-saxlayir\\\/\"]}]},{\"@type\":\"ImageObject\",\"inLanguage\":\"az\",\"@id\":\"https:\\\/\\\/www.meydan.tv\\\/az\\\/article\\\/kreml-daim-sulhmeramlilar-meselesini-gundemde-saxlayir\\\/#primaryimage\",\"url\":\"https:\\\/\\\/www.meydan.tv\\\/wp-content\\\/uploads\\\/21157.jpg\",\"contentUrl\":\"https:\\\/\\\/www.meydan.tv\\\/wp-content\\\/uploads\\\/21157.jpg\",\"width\":758,\"height\":533,\"caption\":\"Source:\"},{\"@type\":\"BreadcrumbList\",\"@id\":\"https:\\\/\\\/www.meydan.tv\\\/az\\\/article\\\/kreml-daim-sulhmeramlilar-meselesini-gundemde-saxlayir\\\/#breadcrumb\",\"itemListElement\":[{\"@type\":\"ListItem\",\"position\":1,\"name\":\"Ana s\u0259hif\u0259\",\"item\":\"https:\\\/\\\/www.meydan.tv\\\/az\\\/\"},{\"@type\":\"ListItem\",\"position\":2,\"name\":\"Analitika\",\"item\":\"https:\\\/\\\/www.meydan.tv\\\/az\\\/section\\\/analitika\\\/\"},{\"@type\":\"ListItem\",\"position\":3,\"name\":\"&#8221;Kreml daim s\u00fclhm\u0259raml\u0131lar m\u0259s\u0259l\u0259sini g\u00fcnd\u0259md\u0259 saxlay\u0131r&#8221;\"}]},{\"@type\":\"WebSite\",\"@id\":\"https:\\\/\\\/www.meydan.tv\\\/az\\\/#website\",\"url\":\"https:\\\/\\\/www.meydan.tv\\\/az\\\/\",\"name\":\"MEYDAN.TV\",\"description\":\"Meydan TV Az\u0259rbaycan\u0131n media m\u0259kan\u0131ndak\u0131 alternativ s\u0259sidir\",\"publisher\":{\"@id\":\"https:\\\/\\\/www.meydan.tv\\\/az\\\/#organization\"},\"potentialAction\":[{\"@type\":\"SearchAction\",\"target\":{\"@type\":\"EntryPoint\",\"urlTemplate\":\"https:\\\/\\\/www.meydan.tv\\\/az\\\/?s={search_term_string}\"},\"query-input\":{\"@type\":\"PropertyValueSpecification\",\"valueRequired\":true,\"valueName\":\"search_term_string\"}}],\"inLanguage\":\"az\"},{\"@type\":\"Organization\",\"@id\":\"https:\\\/\\\/www.meydan.tv\\\/az\\\/#organization\",\"name\":\"Meydan TV\",\"url\":\"https:\\\/\\\/www.meydan.tv\\\/az\\\/\",\"logo\":{\"@type\":\"ImageObject\",\"inLanguage\":\"az\",\"@id\":\"https:\\\/\\\/www.meydan.tv\\\/az\\\/#\\\/schema\\\/logo\\\/image\\\/\",\"url\":\"https:\\\/\\\/www.meydan.tv\\\/wp-content\\\/uploads\\\/2021\\\/07\\\/meydan-logo.svg\",\"contentUrl\":\"https:\\\/\\\/www.meydan.tv\\\/wp-content\\\/uploads\\\/2021\\\/07\\\/meydan-logo.svg\",\"width\":195,\"height\":46,\"caption\":\"Meydan TV\"},\"image\":{\"@id\":\"https:\\\/\\\/www.meydan.tv\\\/az\\\/#\\\/schema\\\/logo\\\/image\\\/\"}},{\"@type\":\"Person\",\"@id\":\"https:\\\/\\\/www.meydan.tv\\\/az\\\/#\\\/schema\\\/person\\\/10d11eccf6da3662cf5fdab9806ea91a\",\"name\":\"user-manager\"}]}<\/script>\n<!-- \/ Yoast SEO plugin. -->","yoast_head_json":{"title":"''Kreml daim s\u00fclhm\u0259raml\u0131lar m\u0259s\u0259l\u0259sini g\u00fcnd\u0259md\u0259 saxlay\u0131r'' - MEYDAN.TV","robots":{"index":"index","follow":"follow","max-snippet":"max-snippet:-1","max-image-preview":"max-image-preview:large","max-video-preview":"max-video-preview:-1"},"canonical":"https:\/\/www.meydan.tv\/az\/article\/kreml-daim-sulhmeramlilar-meselesini-gundemde-saxlayir\/","og_locale":"az_AZ","og_type":"article","og_title":"''Kreml daim s\u00fclhm\u0259raml\u0131lar m\u0259s\u0259l\u0259sini g\u00fcnd\u0259md\u0259 saxlay\u0131r'' - MEYDAN.TV","og_description":"cn\u0259 \u0259sas\u0259n, s\u00fclhm\u0259raml\u0131lar Minsk Qrupunun h\u0259ms\u0259dr \u00f6lk\u0259l\u0259rinin qo\u015funlar\u0131ndan ibar\u0259t ola bilm\u0259z","og_url":"https:\/\/www.meydan.tv\/az\/article\/kreml-daim-sulhmeramlilar-meselesini-gundemde-saxlayir\/","og_site_name":"MEYDAN.TV","article_published_time":"2016-04-28T02:04:30+00:00","og_image":[{"width":758,"height":533,"url":"https:\/\/www.meydan.tv\/wp-content\/uploads\/21157.jpg","type":"image\/jpeg"}],"author":"user-manager","twitter_card":"summary_large_image","schema":{"@context":"https:\/\/schema.org","@graph":[{"@type":"Article","@id":"https:\/\/www.meydan.tv\/az\/article\/kreml-daim-sulhmeramlilar-meselesini-gundemde-saxlayir\/#article","isPartOf":{"@id":"https:\/\/www.meydan.tv\/az\/article\/kreml-daim-sulhmeramlilar-meselesini-gundemde-saxlayir\/"},"author":{"name":"user-manager","@id":"https:\/\/www.meydan.tv\/az\/#\/schema\/person\/10d11eccf6da3662cf5fdab9806ea91a"},"headline":"&#8221;Kreml daim s\u00fclhm\u0259raml\u0131lar m\u0259s\u0259l\u0259sini g\u00fcnd\u0259md\u0259 saxlay\u0131r&#8221;","datePublished":"2016-04-28T02:04:30+00:00","mainEntityOfPage":{"@id":"https:\/\/www.meydan.tv\/az\/article\/kreml-daim-sulhmeramlilar-meselesini-gundemde-saxlayir\/"},"wordCount":1825,"publisher":{"@id":"https:\/\/www.meydan.tv\/az\/#organization"},"image":{"@id":"https:\/\/www.meydan.tv\/az\/article\/kreml-daim-sulhmeramlilar-meselesini-gundemde-saxlayir\/#primaryimage"},"thumbnailUrl":"https:\/\/www.meydan.tv\/wp-content\/uploads\/21157.jpg","articleSection":["Analitika"],"inLanguage":"az"},{"@type":"WebPage","@id":"https:\/\/www.meydan.tv\/az\/article\/kreml-daim-sulhmeramlilar-meselesini-gundemde-saxlayir\/","url":"https:\/\/www.meydan.tv\/az\/article\/kreml-daim-sulhmeramlilar-meselesini-gundemde-saxlayir\/","name":"''Kreml daim s\u00fclhm\u0259raml\u0131lar m\u0259s\u0259l\u0259sini g\u00fcnd\u0259md\u0259 saxlay\u0131r'' - MEYDAN.TV","isPartOf":{"@id":"https:\/\/www.meydan.tv\/az\/#website"},"primaryImageOfPage":{"@id":"https:\/\/www.meydan.tv\/az\/article\/kreml-daim-sulhmeramlilar-meselesini-gundemde-saxlayir\/#primaryimage"},"image":{"@id":"https:\/\/www.meydan.tv\/az\/article\/kreml-daim-sulhmeramlilar-meselesini-gundemde-saxlayir\/#primaryimage"},"thumbnailUrl":"https:\/\/www.meydan.tv\/wp-content\/uploads\/21157.jpg","datePublished":"2016-04-28T02:04:30+00:00","breadcrumb":{"@id":"https:\/\/www.meydan.tv\/az\/article\/kreml-daim-sulhmeramlilar-meselesini-gundemde-saxlayir\/#breadcrumb"},"inLanguage":"az","potentialAction":[{"@type":"ReadAction","target":["https:\/\/www.meydan.tv\/az\/article\/kreml-daim-sulhmeramlilar-meselesini-gundemde-saxlayir\/"]}]},{"@type":"ImageObject","inLanguage":"az","@id":"https:\/\/www.meydan.tv\/az\/article\/kreml-daim-sulhmeramlilar-meselesini-gundemde-saxlayir\/#primaryimage","url":"https:\/\/www.meydan.tv\/wp-content\/uploads\/21157.jpg","contentUrl":"https:\/\/www.meydan.tv\/wp-content\/uploads\/21157.jpg","width":758,"height":533,"caption":"Source:"},{"@type":"BreadcrumbList","@id":"https:\/\/www.meydan.tv\/az\/article\/kreml-daim-sulhmeramlilar-meselesini-gundemde-saxlayir\/#breadcrumb","itemListElement":[{"@type":"ListItem","position":1,"name":"Ana s\u0259hif\u0259","item":"https:\/\/www.meydan.tv\/az\/"},{"@type":"ListItem","position":2,"name":"Analitika","item":"https:\/\/www.meydan.tv\/az\/section\/analitika\/"},{"@type":"ListItem","position":3,"name":"&#8221;Kreml daim s\u00fclhm\u0259raml\u0131lar m\u0259s\u0259l\u0259sini g\u00fcnd\u0259md\u0259 saxlay\u0131r&#8221;"}]},{"@type":"WebSite","@id":"https:\/\/www.meydan.tv\/az\/#website","url":"https:\/\/www.meydan.tv\/az\/","name":"MEYDAN.TV","description":"Meydan TV Az\u0259rbaycan\u0131n media m\u0259kan\u0131ndak\u0131 alternativ s\u0259sidir","publisher":{"@id":"https:\/\/www.meydan.tv\/az\/#organization"},"potentialAction":[{"@type":"SearchAction","target":{"@type":"EntryPoint","urlTemplate":"https:\/\/www.meydan.tv\/az\/?s={search_term_string}"},"query-input":{"@type":"PropertyValueSpecification","valueRequired":true,"valueName":"search_term_string"}}],"inLanguage":"az"},{"@type":"Organization","@id":"https:\/\/www.meydan.tv\/az\/#organization","name":"Meydan TV","url":"https:\/\/www.meydan.tv\/az\/","logo":{"@type":"ImageObject","inLanguage":"az","@id":"https:\/\/www.meydan.tv\/az\/#\/schema\/logo\/image\/","url":"https:\/\/www.meydan.tv\/wp-content\/uploads\/2021\/07\/meydan-logo.svg","contentUrl":"https:\/\/www.meydan.tv\/wp-content\/uploads\/2021\/07\/meydan-logo.svg","width":195,"height":46,"caption":"Meydan TV"},"image":{"@id":"https:\/\/www.meydan.tv\/az\/#\/schema\/logo\/image\/"}},{"@type":"Person","@id":"https:\/\/www.meydan.tv\/az\/#\/schema\/person\/10d11eccf6da3662cf5fdab9806ea91a","name":"user-manager"}]}},"_links":{"self":[{"href":"https:\/\/www.meydan.tv\/az\/wp-json\/wp\/v2\/posts\/175515","targetHints":{"allow":["GET"]}}],"collection":[{"href":"https:\/\/www.meydan.tv\/az\/wp-json\/wp\/v2\/posts"}],"about":[{"href":"https:\/\/www.meydan.tv\/az\/wp-json\/wp\/v2\/types\/post"}],"author":[{"embeddable":true,"href":"https:\/\/www.meydan.tv\/az\/wp-json\/wp\/v2\/users\/11"}],"replies":[{"embeddable":true,"href":"https:\/\/www.meydan.tv\/az\/wp-json\/wp\/v2\/comments?post=175515"}],"version-history":[{"count":0,"href":"https:\/\/www.meydan.tv\/az\/wp-json\/wp\/v2\/posts\/175515\/revisions"}],"wp:featuredmedia":[{"embeddable":true,"href":"https:\/\/www.meydan.tv\/az\/wp-json\/wp\/v2\/media\/55977"}],"wp:attachment":[{"href":"https:\/\/www.meydan.tv\/az\/wp-json\/wp\/v2\/media?parent=175515"}],"wp:term":[{"taxonomy":"category","embeddable":true,"href":"https:\/\/www.meydan.tv\/az\/wp-json\/wp\/v2\/categories?post=175515"},{"taxonomy":"post_tag","embeddable":true,"href":"https:\/\/www.meydan.tv\/az\/wp-json\/wp\/v2\/tags?post=175515"}],"curies":[{"name":"wp","href":"https:\/\/api.w.org\/{rel}","templated":true}]}}