{"id":175513,"date":"2016-04-28T05:17:36","date_gmt":"2016-04-28T05:17:36","guid":{"rendered":"https:\/\/www.meydan.tv\/article\/ermeniler-ferdi-yasayis-evlerini-artilleriya-atesine-tutur-yenilenir\/"},"modified":"2016-04-28T05:17:36","modified_gmt":"2016-04-28T05:17:36","slug":"ermeniler-ferdi-yasayis-evlerini-artilleriya-atesine-tutur-yenilenir","status":"publish","type":"post","link":"https:\/\/www.meydan.tv\/az\/article\/ermeniler-ferdi-yasayis-evlerini-artilleriya-atesine-tutur-yenilenir\/","title":{"rendered":"Erm\u0259nil\u0259r f\u0259rdi ya\u015fay\u0131\u015f evl\u0259rini artilleriya at\u0259\u015fin\u0259 tutur (Yenil\u0259nir)"},"content":{"rendered":"<figure class=\"wp-block-image size-large\">\n  <img decoding=\"async\" src=\"https:\/\/www.meydan.tv\/az\/55998\/\" alt=\"\" class=\"wp-image-55998\"\/><figcaption><\/figcaption><\/figure>\n<div>\n<p>\n      A\u011fdam rayon F\u00f6vq\u0259lad\u0259 Hallar Komissiyas\u0131ndan veril\u0259n m\u0259lumata g\u00f6r\u0259, Erm\u0259nistan silahl\u0131 q\u00fcvv\u0259l\u0259rinin at\u0259\u015fk\u0259si pozmas\u0131 n\u0259tic\u0259sind\u0259 rayonun 12 k\u0259ndin elektrik t\u0259s\u0259rr\u00fcfat\u0131na ciddi ziyan d\u0259yib.\n    <\/p>\n<p>\n      Bu s\u0259b\u0259bd\u0259n d\u0259 h\u0259min k\u0259ndl\u0259rin elektrik enerjisi il\u0259 t\u0259chizat\u0131nda fas\u0259l\u0259l\u0259r yaran\u0131b.\n    <\/p>\n<p>\n      H\u0259m\u00e7inin, at\u0259\u015fk\u0259sin pozulmas\u0131 n\u0259tic\u0259sind\u0259 A\u011fdam\u0131n Sar\u0131cal\u0131, \u018ff\u0259tli, \u00c7\u0259m\u0259nli, Hac\u0131m\u0259mm\u0259dli v\u0259 Qarada\u011fl\u0131 k\u0259ndl\u0259rin\u0259 ciddi ziyan d\u0259yib.\n    <\/p>\n<p>\n      <b><br \/>\n        &#8212;&#8212;&#8212;&#8212;&#8212;&#8212;&#8212;&#8212;&#8212;&#8212;-<br \/>\n      <\/b>\n    <\/p>\n<p>\n      <b><br \/>\n        Erm\u0259nistan silahl\u0131 q\u00fcvv\u0259l\u0259rinin c\u0259bh\u0259d\u0259\u00a0at\u0259\u015fk\u0259si pozmas\u0131 n\u0259tic\u0259sind\u0259 m\u00fclki \u015f\u0259xsl\u0259r aras\u0131nda yaralananlar\u0131n say\u0131 art\u0131b.<br \/>\n      <\/b>\n    <\/p>\n<p>\n      ANS PRESS-in b\u00f6lg\u0259 m\u00fcxbirinin verdiyi m\u0259lumata g\u00f6r\u0259, A\u011fdamda qar\u015f\u0131 t\u0259r\u0259fin a\u00e7d\u0131\u011f\u0131 at\u0259\u015f n\u0259tic\u0259sind\u0259 daha \u00fc\u00e7 dinc sakin yaralan\u0131b.\n    <\/p>\n<p>\n      A\u011fdam\u0131n \u00c7\u0259m\u0259nli k\u0259nd sakini,\u00a01984-c\u00fc il t\u0259v\u0259ll\u00fcdl\u00fc Anar Abdullayev k\u00fcr\u0259k nahiy\u0259sind\u0259n, Qarada\u011fl\u0131 k\u0259nd sakini 1985-ci il t\u0259v\u0259ll\u00fcdl\u00fc Elgiz Qarayev ba\u015f nahiy\u0259sind\u0259n yaralan\u0131b. V\u0259\u00a038 ya\u015fl\u0131 Elnur M\u0259mm\u0259dov yaralan\u0131b.\n    <\/p>\n<p>\n      H\u0259r \u00fc\u00e7 yaral\u0131\u00a0A\u011fdam rayon m\u0259rk\u0259zi x\u0259st\u0259xanas\u0131na \u00e7atd\u0131r\u0131l\u0131b.\n    <\/p>\n<p>\n      &#8212;&#8212;&#8212;&#8212;&#8212;&#8212;&#8212;&#8212;&#8212;&#8212;&#8212;\n    <\/p>\n<\/p>\n<p>\n      Dinc sakinl\u0259rd\u0259n bir n\u0259f\u0259r yaralan\u0131b\n    <\/p>\n<p>\n      C\u0259bh\u0259d\u0259 Erm\u0259nistan silahl\u0131 q\u00fcvv\u0259l\u0259rinin artilleriya h\u00fccumu davam edir. Erm\u0259nil\u0259r f\u0259rdi ya\u015fay\u0131\u015f evl\u0259rini artilleriya at\u0259\u015fin\u0259 tutur.\n    <\/p>\n<p>\n      M\u0259rmil\u0259rd\u0259n birinin ya\u015fay\u0131\u015f evl\u0259rind\u0259n birin\u0259 d\u00fc\u015fm\u0259si n\u0259tic\u0259sind\u0259 1 n\u0259f\u0259r yaralan\u0131b. A\u011fdam\u0131n \u018ff\u0259tli k\u0259nd sakini, 38 ya\u015fl\u0131 Elnur M\u0259mm\u0259dov yaralan\u0131b.\n    <\/p>\n<p>\n      Yaral\u0131 A\u011fdam rayon m\u0259rk\u0259zi x\u0259st\u0259xanas\u0131na yerl\u0259\u015fdirilib.\n    <\/p>\n<p>\n      ANS PRESS-in b\u00f6lg\u0259 m\u00fcxbirinin verdiyi m\u0259lumata g\u00f6r\u0259, artilleriya m\u0259rmil\u0259rind\u0259n biri T\u0259rt\u0259r \u015f\u0259h\u0259rinin H\u00fcs\u00fc Hac\u0131yev k\u00fc\u00e7\u0259sin\u0259 d\u00fc\u015f\u00fcb.\n    <\/p>\n<p>\n      Bundan ba\u015fqa, m\u0259rmil\u0259rd\u0259n biri \u018fskipara k\u0259ndind\u0259 f\u0259rdi ya\u015fay\u0131\u015f evl\u0259rind\u0259n birin\u0259 d\u00fc\u015f\u0259r\u0259k ev\u0259 cidd\u0259 ziyan vurub. Xo\u015fb\u0259xtlikd\u0259n \u00f6l\u0259n v\u0259 yaralanan olmay\u0131b.\n    <\/p>\n<p>\n      Sar\u0131call\u0131 k\u0259nd icra n\u00fcmay\u0259nd\u0259si\u00a0ANS PRESS-in b\u00f6lg\u0259 m\u00fcxbirin\u0259 x\u0259b\u0259r verib ki, erm\u0259nil\u0259rin atd\u0131\u011f\u0131 artilleriya m\u0259rmisi ya\u015fay\u0131\u015f evl\u0259rind\u0259n birin\u0259 d\u00fc\u015f\u00fcb.\n    <\/p>\n<\/p><\/div><\/p>\n","protected":false},"excerpt":{"rendered":"<p>Yaral\u0131 var<\/p>\n","protected":false},"author":11,"featured_media":55998,"comment_status":"closed","ping_status":"open","sticky":false,"template":"","format":"standard","meta":{"_acf_changed":false,"_sitemap_exclude":false,"_sitemap_priority":"","_sitemap_frequency":"","footnotes":""},"categories":[51],"tags":[],"class_list":["post-175513","post","type-post","status-publish","format-standard","has-post-thumbnail","hentry","category-analitika","infinite-scroll-item","generate-columns","tablet-grid-50","mobile-grid-100","grid-parent","grid-33","no-featured-image-padding"],"acf":[],"yoast_head":"<!-- This site is optimized with the Yoast SEO plugin v27.5 - https:\/\/yoast.com\/product\/yoast-seo-wordpress\/ -->\n<title>Erm\u0259nil\u0259r f\u0259rdi ya\u015fay\u0131\u015f evl\u0259rini artilleriya at\u0259\u015fin\u0259 tutur (Yenil\u0259nir) - MEYDAN.TV<\/title>\n<meta name=\"robots\" content=\"index, follow, max-snippet:-1, max-image-preview:large, max-video-preview:-1\" \/>\n<link rel=\"canonical\" href=\"https:\/\/www.meydan.tv\/az\/article\/ermeniler-ferdi-yasayis-evlerini-artilleriya-atesine-tutur-yenilenir\/\" \/>\n<meta property=\"og:locale\" content=\"az_AZ\" \/>\n<meta property=\"og:type\" content=\"article\" \/>\n<meta property=\"og:title\" content=\"Erm\u0259nil\u0259r f\u0259rdi ya\u015fay\u0131\u015f evl\u0259rini artilleriya at\u0259\u015fin\u0259 tutur (Yenil\u0259nir) - MEYDAN.TV\" \/>\n<meta property=\"og:description\" content=\"Yaral\u0131 var\" \/>\n<meta property=\"og:url\" content=\"https:\/\/www.meydan.tv\/az\/article\/ermeniler-ferdi-yasayis-evlerini-artilleriya-atesine-tutur-yenilenir\/\" \/>\n<meta property=\"og:site_name\" content=\"MEYDAN.TV\" \/>\n<meta property=\"article:published_time\" content=\"2016-04-28T05:17:36+00:00\" \/>\n<meta property=\"og:image\" content=\"https:\/\/www.meydan.tv\/wp-content\/uploads\/21164.png\" \/>\n\t<meta property=\"og:image:width\" content=\"810\" \/>\n\t<meta property=\"og:image:height\" content=\"450\" \/>\n\t<meta property=\"og:image:type\" content=\"image\/png\" \/>\n<meta name=\"author\" content=\"user-manager\" \/>\n<meta name=\"twitter:card\" content=\"summary_large_image\" \/>\n<script type=\"application\/ld+json\" class=\"yoast-schema-graph\">{\"@context\":\"https:\\\/\\\/schema.org\",\"@graph\":[{\"@type\":\"Article\",\"@id\":\"https:\\\/\\\/www.meydan.tv\\\/az\\\/article\\\/ermeniler-ferdi-yasayis-evlerini-artilleriya-atesine-tutur-yenilenir\\\/#article\",\"isPartOf\":{\"@id\":\"https:\\\/\\\/www.meydan.tv\\\/az\\\/article\\\/ermeniler-ferdi-yasayis-evlerini-artilleriya-atesine-tutur-yenilenir\\\/\"},\"author\":{\"name\":\"user-manager\",\"@id\":\"https:\\\/\\\/www.meydan.tv\\\/az\\\/#\\\/schema\\\/person\\\/10d11eccf6da3662cf5fdab9806ea91a\"},\"headline\":\"Erm\u0259nil\u0259r f\u0259rdi ya\u015fay\u0131\u015f evl\u0259rini artilleriya at\u0259\u015fin\u0259 tutur (Yenil\u0259nir)\",\"datePublished\":\"2016-04-28T05:17:36+00:00\",\"mainEntityOfPage\":{\"@id\":\"https:\\\/\\\/www.meydan.tv\\\/az\\\/article\\\/ermeniler-ferdi-yasayis-evlerini-artilleriya-atesine-tutur-yenilenir\\\/\"},\"wordCount\":428,\"publisher\":{\"@id\":\"https:\\\/\\\/www.meydan.tv\\\/az\\\/#organization\"},\"image\":{\"@id\":\"https:\\\/\\\/www.meydan.tv\\\/az\\\/article\\\/ermeniler-ferdi-yasayis-evlerini-artilleriya-atesine-tutur-yenilenir\\\/#primaryimage\"},\"thumbnailUrl\":\"https:\\\/\\\/www.meydan.tv\\\/wp-content\\\/uploads\\\/21164.png\",\"articleSection\":[\"Analitika\"],\"inLanguage\":\"az\"},{\"@type\":\"WebPage\",\"@id\":\"https:\\\/\\\/www.meydan.tv\\\/az\\\/article\\\/ermeniler-ferdi-yasayis-evlerini-artilleriya-atesine-tutur-yenilenir\\\/\",\"url\":\"https:\\\/\\\/www.meydan.tv\\\/az\\\/article\\\/ermeniler-ferdi-yasayis-evlerini-artilleriya-atesine-tutur-yenilenir\\\/\",\"name\":\"Erm\u0259nil\u0259r f\u0259rdi ya\u015fay\u0131\u015f evl\u0259rini artilleriya at\u0259\u015fin\u0259 tutur (Yenil\u0259nir) - MEYDAN.TV\",\"isPartOf\":{\"@id\":\"https:\\\/\\\/www.meydan.tv\\\/az\\\/#website\"},\"primaryImageOfPage\":{\"@id\":\"https:\\\/\\\/www.meydan.tv\\\/az\\\/article\\\/ermeniler-ferdi-yasayis-evlerini-artilleriya-atesine-tutur-yenilenir\\\/#primaryimage\"},\"image\":{\"@id\":\"https:\\\/\\\/www.meydan.tv\\\/az\\\/article\\\/ermeniler-ferdi-yasayis-evlerini-artilleriya-atesine-tutur-yenilenir\\\/#primaryimage\"},\"thumbnailUrl\":\"https:\\\/\\\/www.meydan.tv\\\/wp-content\\\/uploads\\\/21164.png\",\"datePublished\":\"2016-04-28T05:17:36+00:00\",\"breadcrumb\":{\"@id\":\"https:\\\/\\\/www.meydan.tv\\\/az\\\/article\\\/ermeniler-ferdi-yasayis-evlerini-artilleriya-atesine-tutur-yenilenir\\\/#breadcrumb\"},\"inLanguage\":\"az\",\"potentialAction\":[{\"@type\":\"ReadAction\",\"target\":[\"https:\\\/\\\/www.meydan.tv\\\/az\\\/article\\\/ermeniler-ferdi-yasayis-evlerini-artilleriya-atesine-tutur-yenilenir\\\/\"]}]},{\"@type\":\"ImageObject\",\"inLanguage\":\"az\",\"@id\":\"https:\\\/\\\/www.meydan.tv\\\/az\\\/article\\\/ermeniler-ferdi-yasayis-evlerini-artilleriya-atesine-tutur-yenilenir\\\/#primaryimage\",\"url\":\"https:\\\/\\\/www.meydan.tv\\\/wp-content\\\/uploads\\\/21164.png\",\"contentUrl\":\"https:\\\/\\\/www.meydan.tv\\\/wp-content\\\/uploads\\\/21164.png\",\"width\":810,\"height\":450,\"caption\":\"Source:\"},{\"@type\":\"BreadcrumbList\",\"@id\":\"https:\\\/\\\/www.meydan.tv\\\/az\\\/article\\\/ermeniler-ferdi-yasayis-evlerini-artilleriya-atesine-tutur-yenilenir\\\/#breadcrumb\",\"itemListElement\":[{\"@type\":\"ListItem\",\"position\":1,\"name\":\"Ana s\u0259hif\u0259\",\"item\":\"https:\\\/\\\/www.meydan.tv\\\/az\\\/\"},{\"@type\":\"ListItem\",\"position\":2,\"name\":\"Analitika\",\"item\":\"https:\\\/\\\/www.meydan.tv\\\/az\\\/section\\\/analitika\\\/\"},{\"@type\":\"ListItem\",\"position\":3,\"name\":\"Erm\u0259nil\u0259r f\u0259rdi ya\u015fay\u0131\u015f evl\u0259rini artilleriya at\u0259\u015fin\u0259 tutur (Yenil\u0259nir)\"}]},{\"@type\":\"WebSite\",\"@id\":\"https:\\\/\\\/www.meydan.tv\\\/az\\\/#website\",\"url\":\"https:\\\/\\\/www.meydan.tv\\\/az\\\/\",\"name\":\"MEYDAN.TV\",\"description\":\"Meydan TV Az\u0259rbaycan\u0131n media m\u0259kan\u0131ndak\u0131 alternativ s\u0259sidir\",\"publisher\":{\"@id\":\"https:\\\/\\\/www.meydan.tv\\\/az\\\/#organization\"},\"potentialAction\":[{\"@type\":\"SearchAction\",\"target\":{\"@type\":\"EntryPoint\",\"urlTemplate\":\"https:\\\/\\\/www.meydan.tv\\\/az\\\/?s={search_term_string}\"},\"query-input\":{\"@type\":\"PropertyValueSpecification\",\"valueRequired\":true,\"valueName\":\"search_term_string\"}}],\"inLanguage\":\"az\"},{\"@type\":\"Organization\",\"@id\":\"https:\\\/\\\/www.meydan.tv\\\/az\\\/#organization\",\"name\":\"Meydan TV\",\"url\":\"https:\\\/\\\/www.meydan.tv\\\/az\\\/\",\"logo\":{\"@type\":\"ImageObject\",\"inLanguage\":\"az\",\"@id\":\"https:\\\/\\\/www.meydan.tv\\\/az\\\/#\\\/schema\\\/logo\\\/image\\\/\",\"url\":\"https:\\\/\\\/www.meydan.tv\\\/wp-content\\\/uploads\\\/2021\\\/07\\\/meydan-logo.svg\",\"contentUrl\":\"https:\\\/\\\/www.meydan.tv\\\/wp-content\\\/uploads\\\/2021\\\/07\\\/meydan-logo.svg\",\"width\":195,\"height\":46,\"caption\":\"Meydan TV\"},\"image\":{\"@id\":\"https:\\\/\\\/www.meydan.tv\\\/az\\\/#\\\/schema\\\/logo\\\/image\\\/\"}},{\"@type\":\"Person\",\"@id\":\"https:\\\/\\\/www.meydan.tv\\\/az\\\/#\\\/schema\\\/person\\\/10d11eccf6da3662cf5fdab9806ea91a\",\"name\":\"user-manager\"}]}<\/script>\n<!-- \/ Yoast SEO plugin. -->","yoast_head_json":{"title":"Erm\u0259nil\u0259r f\u0259rdi ya\u015fay\u0131\u015f evl\u0259rini artilleriya at\u0259\u015fin\u0259 tutur (Yenil\u0259nir) - MEYDAN.TV","robots":{"index":"index","follow":"follow","max-snippet":"max-snippet:-1","max-image-preview":"max-image-preview:large","max-video-preview":"max-video-preview:-1"},"canonical":"https:\/\/www.meydan.tv\/az\/article\/ermeniler-ferdi-yasayis-evlerini-artilleriya-atesine-tutur-yenilenir\/","og_locale":"az_AZ","og_type":"article","og_title":"Erm\u0259nil\u0259r f\u0259rdi ya\u015fay\u0131\u015f evl\u0259rini artilleriya at\u0259\u015fin\u0259 tutur (Yenil\u0259nir) - MEYDAN.TV","og_description":"Yaral\u0131 var","og_url":"https:\/\/www.meydan.tv\/az\/article\/ermeniler-ferdi-yasayis-evlerini-artilleriya-atesine-tutur-yenilenir\/","og_site_name":"MEYDAN.TV","article_published_time":"2016-04-28T05:17:36+00:00","og_image":[{"width":810,"height":450,"url":"https:\/\/www.meydan.tv\/wp-content\/uploads\/21164.png","type":"image\/png"}],"author":"user-manager","twitter_card":"summary_large_image","schema":{"@context":"https:\/\/schema.org","@graph":[{"@type":"Article","@id":"https:\/\/www.meydan.tv\/az\/article\/ermeniler-ferdi-yasayis-evlerini-artilleriya-atesine-tutur-yenilenir\/#article","isPartOf":{"@id":"https:\/\/www.meydan.tv\/az\/article\/ermeniler-ferdi-yasayis-evlerini-artilleriya-atesine-tutur-yenilenir\/"},"author":{"name":"user-manager","@id":"https:\/\/www.meydan.tv\/az\/#\/schema\/person\/10d11eccf6da3662cf5fdab9806ea91a"},"headline":"Erm\u0259nil\u0259r f\u0259rdi ya\u015fay\u0131\u015f evl\u0259rini artilleriya at\u0259\u015fin\u0259 tutur (Yenil\u0259nir)","datePublished":"2016-04-28T05:17:36+00:00","mainEntityOfPage":{"@id":"https:\/\/www.meydan.tv\/az\/article\/ermeniler-ferdi-yasayis-evlerini-artilleriya-atesine-tutur-yenilenir\/"},"wordCount":428,"publisher":{"@id":"https:\/\/www.meydan.tv\/az\/#organization"},"image":{"@id":"https:\/\/www.meydan.tv\/az\/article\/ermeniler-ferdi-yasayis-evlerini-artilleriya-atesine-tutur-yenilenir\/#primaryimage"},"thumbnailUrl":"https:\/\/www.meydan.tv\/wp-content\/uploads\/21164.png","articleSection":["Analitika"],"inLanguage":"az"},{"@type":"WebPage","@id":"https:\/\/www.meydan.tv\/az\/article\/ermeniler-ferdi-yasayis-evlerini-artilleriya-atesine-tutur-yenilenir\/","url":"https:\/\/www.meydan.tv\/az\/article\/ermeniler-ferdi-yasayis-evlerini-artilleriya-atesine-tutur-yenilenir\/","name":"Erm\u0259nil\u0259r f\u0259rdi ya\u015fay\u0131\u015f evl\u0259rini artilleriya at\u0259\u015fin\u0259 tutur (Yenil\u0259nir) - MEYDAN.TV","isPartOf":{"@id":"https:\/\/www.meydan.tv\/az\/#website"},"primaryImageOfPage":{"@id":"https:\/\/www.meydan.tv\/az\/article\/ermeniler-ferdi-yasayis-evlerini-artilleriya-atesine-tutur-yenilenir\/#primaryimage"},"image":{"@id":"https:\/\/www.meydan.tv\/az\/article\/ermeniler-ferdi-yasayis-evlerini-artilleriya-atesine-tutur-yenilenir\/#primaryimage"},"thumbnailUrl":"https:\/\/www.meydan.tv\/wp-content\/uploads\/21164.png","datePublished":"2016-04-28T05:17:36+00:00","breadcrumb":{"@id":"https:\/\/www.meydan.tv\/az\/article\/ermeniler-ferdi-yasayis-evlerini-artilleriya-atesine-tutur-yenilenir\/#breadcrumb"},"inLanguage":"az","potentialAction":[{"@type":"ReadAction","target":["https:\/\/www.meydan.tv\/az\/article\/ermeniler-ferdi-yasayis-evlerini-artilleriya-atesine-tutur-yenilenir\/"]}]},{"@type":"ImageObject","inLanguage":"az","@id":"https:\/\/www.meydan.tv\/az\/article\/ermeniler-ferdi-yasayis-evlerini-artilleriya-atesine-tutur-yenilenir\/#primaryimage","url":"https:\/\/www.meydan.tv\/wp-content\/uploads\/21164.png","contentUrl":"https:\/\/www.meydan.tv\/wp-content\/uploads\/21164.png","width":810,"height":450,"caption":"Source:"},{"@type":"BreadcrumbList","@id":"https:\/\/www.meydan.tv\/az\/article\/ermeniler-ferdi-yasayis-evlerini-artilleriya-atesine-tutur-yenilenir\/#breadcrumb","itemListElement":[{"@type":"ListItem","position":1,"name":"Ana s\u0259hif\u0259","item":"https:\/\/www.meydan.tv\/az\/"},{"@type":"ListItem","position":2,"name":"Analitika","item":"https:\/\/www.meydan.tv\/az\/section\/analitika\/"},{"@type":"ListItem","position":3,"name":"Erm\u0259nil\u0259r f\u0259rdi ya\u015fay\u0131\u015f evl\u0259rini artilleriya at\u0259\u015fin\u0259 tutur (Yenil\u0259nir)"}]},{"@type":"WebSite","@id":"https:\/\/www.meydan.tv\/az\/#website","url":"https:\/\/www.meydan.tv\/az\/","name":"MEYDAN.TV","description":"Meydan TV Az\u0259rbaycan\u0131n media m\u0259kan\u0131ndak\u0131 alternativ s\u0259sidir","publisher":{"@id":"https:\/\/www.meydan.tv\/az\/#organization"},"potentialAction":[{"@type":"SearchAction","target":{"@type":"EntryPoint","urlTemplate":"https:\/\/www.meydan.tv\/az\/?s={search_term_string}"},"query-input":{"@type":"PropertyValueSpecification","valueRequired":true,"valueName":"search_term_string"}}],"inLanguage":"az"},{"@type":"Organization","@id":"https:\/\/www.meydan.tv\/az\/#organization","name":"Meydan TV","url":"https:\/\/www.meydan.tv\/az\/","logo":{"@type":"ImageObject","inLanguage":"az","@id":"https:\/\/www.meydan.tv\/az\/#\/schema\/logo\/image\/","url":"https:\/\/www.meydan.tv\/wp-content\/uploads\/2021\/07\/meydan-logo.svg","contentUrl":"https:\/\/www.meydan.tv\/wp-content\/uploads\/2021\/07\/meydan-logo.svg","width":195,"height":46,"caption":"Meydan TV"},"image":{"@id":"https:\/\/www.meydan.tv\/az\/#\/schema\/logo\/image\/"}},{"@type":"Person","@id":"https:\/\/www.meydan.tv\/az\/#\/schema\/person\/10d11eccf6da3662cf5fdab9806ea91a","name":"user-manager"}]}},"_links":{"self":[{"href":"https:\/\/www.meydan.tv\/az\/wp-json\/wp\/v2\/posts\/175513","targetHints":{"allow":["GET"]}}],"collection":[{"href":"https:\/\/www.meydan.tv\/az\/wp-json\/wp\/v2\/posts"}],"about":[{"href":"https:\/\/www.meydan.tv\/az\/wp-json\/wp\/v2\/types\/post"}],"author":[{"embeddable":true,"href":"https:\/\/www.meydan.tv\/az\/wp-json\/wp\/v2\/users\/11"}],"replies":[{"embeddable":true,"href":"https:\/\/www.meydan.tv\/az\/wp-json\/wp\/v2\/comments?post=175513"}],"version-history":[{"count":0,"href":"https:\/\/www.meydan.tv\/az\/wp-json\/wp\/v2\/posts\/175513\/revisions"}],"wp:featuredmedia":[{"embeddable":true,"href":"https:\/\/www.meydan.tv\/az\/wp-json\/wp\/v2\/media\/55998"}],"wp:attachment":[{"href":"https:\/\/www.meydan.tv\/az\/wp-json\/wp\/v2\/media?parent=175513"}],"wp:term":[{"taxonomy":"category","embeddable":true,"href":"https:\/\/www.meydan.tv\/az\/wp-json\/wp\/v2\/categories?post=175513"},{"taxonomy":"post_tag","embeddable":true,"href":"https:\/\/www.meydan.tv\/az\/wp-json\/wp\/v2\/tags?post=175513"}],"curies":[{"name":"wp","href":"https:\/\/api.w.org\/{rel}","templated":true}]}}