{"id":175490,"date":"2016-04-27T14:55:12","date_gmt":"2016-04-27T14:55:12","guid":{"rendered":"https:\/\/www.meydan.tv\/article\/multikulturalizm-sovet-kecmisi-ve-bu-gun-arasinda\/"},"modified":"2016-04-27T14:55:12","modified_gmt":"2016-04-27T14:55:12","slug":"multikulturalizm-sovet-kecmisi-ve-bu-gun-arasinda","status":"publish","type":"post","link":"https:\/\/www.meydan.tv\/az\/article\/multikulturalizm-sovet-kecmisi-ve-bu-gun-arasinda\/","title":{"rendered":"Multikulturalizm: sovet ke\u00e7mi\u015fi v\u0259 bu g\u00fcn aras\u0131nda"},"content":{"rendered":"<figure class=\"wp-block-image size-large\">\n  <img decoding=\"async\" src=\"https:\/\/www.meydan.tv\/az\/55901\/\" alt=\"\" class=\"wp-image-55901\"\/><figcaption><\/figcaption><\/figure>\n<p>\n  <i><br \/>\n    Haz\u0131rki Az\u0259rbaycan multikulturalizmi \u0259ks\u0259r\u0259n sovet ke\u00e7mi\u015fin\u0259, sovet t\u0259cr\u00fcb\u0259sin\u0259 v\u0259 da\u015f\u0131y\u0131c\u0131lar\u0131 d\u00fcnya g\u00f6r\u00fc\u015f\u00fcn\u00fc sovet \u201ckommunal m\u0259nzilind\u0259\u201d formala\u015fd\u0131rm\u0131\u015f ya\u015fl\u0131 n\u0259sil olan mill\u0259tl\u0259rin v\u0259 m\u0259d\u0259niyy\u0259tl\u0259rin birg\u0259 ya\u015famas\u0131 \u0259n\u0259n\u0259l\u0259rin\u0259 s\u00f6yk\u0259nir<br \/>\n  <\/i>\n<\/p>\n<p>\n  Aprelin 25-27-d\u0259 Bak\u0131da BMT-nin Sivilizasiyalar Alyans\u0131n\u0131n VII Qlobal Forumu ke\u00e7irilib. Forumun \u015f\u00fcar\u0131 kimi \u201c\u00c7oxq\u00fctbl\u00fc s\u00fclh\u0259 do\u011fru\u201d m\u00f6vzusu se\u00e7ilmi\u015fdi.\n<\/p>\n<p>\n  T\u0259sad\u00fcfi deyil ki, Az\u0259rbaycan ilk d\u0259f\u0259 2004-c\u00fc ild\u0259 katolik \u0130spaniya t\u0259r\u0259find\u0259n t\u0259klif edilmi\u015f v\u0259 m\u00fcs\u0259lman T\u00fcrkiy\u0259 t\u0259r\u0259find\u0259n d\u0259st\u0259kl\u0259nmi\u015f sivilizasiyalar\u0131n n\u00f6vb\u0259ti forumunun t\u0259\u015fkilini \u00f6z \u00fcz\u0259rin\u0259 g\u00f6t\u00fcr\u00fcb. Son ill\u0259r d\u00fcnyada artan dini, etnik ziddiyy\u0259tl\u0259r fonunda v\u0259 bu t\u0259may\u00fcll\u0259r\u0259 qar\u015f\u0131 m\u00fcbariz\u0259 kimi prezident \u0130lham \u018fliyev administrasiyas\u0131, dem\u0259k olar ki, r\u0259smi ideologiya kimi multikulturalizm siyas\u0259ti se\u00e7ib. Prezident yan\u0131nda multikulturan\u0131 t\u0259bli\u011f ed\u0259n \u00e7ox\u015fax\u0259li m\u00fc\u0259ssis\u0259l\u0259r \u015f\u0259b\u0259k\u0259si il\u0259 x\u00fcsusi m\u00fc\u015favir institutu yarad\u0131l\u0131b, 2016-c\u0131 il is\u0259 Multikulturalizm \u0130li elan olunub.\n<\/p>\n<p>\n  Tarix\u0259n Az\u0259rbaycan\u0131n etnik m\u0259d\u0259niyy\u0259ti v\u0259 dini kimliyi at\u0259\u015fp\u0259r\u0259stliyin, z\u0259rd\u00fc\u015ftl\u00fcy\u00fcn, erk\u0259n xristianl\u0131\u011f\u0131n, islam\u0131n t\u0259siri alt\u0131nda formala\u015f\u0131b. Son 200 ild\u0259 v\u0259 x\u00fcsus\u0259n 19 \u0259srin sonlar\u0131nda neft bumu d\u00f6vr\u00fcnd\u0259 v\u0259 sovet d\u00f6vr\u00fcnd\u0259 haz\u0131rki Az\u0259rbaycan\u0131n \u0259razisi buraya ba\u015fqa \u00f6lk\u0259l\u0259rd\u0259n k\u00f6\u00e7m\u00fc\u015f xristianlar, m\u00fcs\u0259lmanlar, y\u0259hudil\u0259r \u00fc\u00e7\u00fcn \u201coca\u011fa\u201d \u00e7evrilib ki, bu da multikulturalist c\u0259r\u0259yanlar\u0131 v\u0259 sivilizasiyalar\u0131n qar\u015f\u0131l\u0131ql\u0131 n\u00fcfuzunu g\u00fccl\u0259ndirib. Bu, x\u00fcsus\u0259n SSR\u0130 ill\u0259rind\u0259 \u00f6z\u00fcn\u00fc g\u00f6st\u0259rib, SSR\u0130-nin r\u0259smi ideologiyas\u0131 proletar internasionalizm oldu, amma mahiyy\u0259tc\u0259 f\u0259hl\u0259 sinfin s\u0259rh\u0259dl\u0259rini a\u015f\u0131b c\u0259miyy\u0259tin b\u00fct\u00fcn t\u0259b\u0259q\u0259l\u0259rin\u0259 yay\u0131ld\u0131.\n<\/p>\n<p>\n  SSR\u0130 da\u011f\u0131ld\u0131qdan sonra g\u0259lm\u0259 \u0259halinin tarixi v\u0259t\u0259nl\u0259r\u0259 qay\u0131tmas\u0131 g\u00fccl\u0259ndi. Ona g\u00f6r\u0259 ki, t\u0259kc\u0259 Az\u0259rbaycandilli m\u00fchitd\u0259 deyil, dig\u0259r respublikalarda v\u0259 etnik qruplara da eynil\u0259\u015fm\u0259 ba\u015f verirdi. Rus dilinin v\u0259 m\u0259d\u0259niyy\u0259tinin ba\u015f roluna \u0259saslanan sovet \u015f\u0259xsiyy\u0259tl\u0259raras\u0131 m\u00fcnasib\u0259tl\u0259r sistemi milli v\u0259 dini qruplar\u0131n eynil\u0259\u015fm\u0259si \u015f\u0259raitind\u0259 art\u0131q m\u0259d\u0259ni maraqlar\u0131n balans\u0131n\u0131 t\u0259min ed\u0259 bilmirdi. \u0130lk n\u00f6vb\u0259d\u0259 buna rus m\u0259siha \u00f6z\u00fcn\u00fcd\u0259rkinin Rusiyan\u0131n haz\u0131rki s\u0259rh\u0259dl\u0259ri il\u0259 m\u0259hdudla\u015fan \u00fcmumil\u0259\u015f\u0259n \u00f6z\u00fcn\u00fcd\u0259rk\u0259 ke\u00e7m\u0259si s\u0259b\u0259b olurdu. Maraql\u0131d\u0131r ki, Rusiya prezidenti Vladimir Putin \u201cSovet \u0130ttifaq\u0131n\u0131n da\u011f\u0131lmas\u0131n\u0131n \u0259srin \u0259n b\u00f6y\u00fck q\u0259zas\u0131 oldu\u011fu\u201d haqq\u0131nda etiraf\u0131n\u0131 Rusiyan\u0131n h\u00fcdudlar\u0131ndan k\u0259narda 25 mln. rusun qalmas\u0131 il\u0259 izah edib. D\u00f6vl\u0259ti t\u0259\u015fkil ed\u0259n mill\u0259tin liderinin bu etiraf\u0131 milli eynil\u0259\u015fm\u0259 probleminin h\u0259tta ruslar \u00fc\u00e7\u00fcn d\u0259 bu g\u00fcn\u0259 q\u0259d\u0259r k\u0259skinliyini n\u0259 d\u0259r\u0259c\u0259d\u0259 qoruyub saxlad\u0131\u011f\u0131n\u0131 g\u00f6st\u0259rir.\n<\/p>\n<p>\n  Amma Putinin b\u0259yanat\u0131 v\u0259 bax\u0131\u015f\u0131 Rusiya Federasiyas\u0131n\u0131n s\u0259rh\u0259dl\u0259ri \u00fc\u00e7\u00fcn bel\u0259 \u00e7ox dar qald\u0131, bel\u0259 ki, \u00e7oxmill\u0259tli Rusiya xalq\u0131n\u0131n deyil, yaln\u0131z ruslar\u0131n problemini \u0259hat\u0259 edir.\n<\/p>\n<p>\n  Sovet q\u0259zas\u0131n\u0131n \u0259sl s\u0259b\u0259bini etnik f\u0259rdl\u0259r aras\u0131ndak\u0131 m\u00fcnasib\u0259tl\u0259ri \u015f\u0259xsiyy\u0259tl\u0259r s\u0259viyy\u0259sind\u0259 da\u011f\u0131lmas\u0131nda, multikuluralizm d\u0259y\u0259rl\u0259ri \u2013 etnik, dini, irqi d\u00f6z\u00fcml\u00fcl\u00fcy\u00fcn, m\u0259d\u0259niyy\u0259tl\u0259rin qar\u015f\u0131l\u0131ql\u0131 n\u00fcfuzu sisteminin da\u011f\u0131lmas\u0131nda axtarmaq daha do\u011fru olard\u0131. Bu m\u0259nada bu, sovet ideologiyas\u0131 \u00e7\u0259r\u00e7iv\u0259l\u0259rind\u0259n k\u0259narda insanlar\u0131n faci\u0259si oldu. \u0130deologiyalar insanlar\u0131 \u00e7ox az \u015feyd\u0259 birl\u0259\u015fdirirdi. Sovet multikulturalizmini daha \u00e7ox tarixi hadis\u0259l\u0259r (B\u00f6y\u00fck V\u0259t\u0259n M\u00fcharib\u0259si, kosmosa u\u00e7u\u015f, xam torpaq, BAM), adi m\u0259i\u015f\u0259t, i\u015fg\u00fczar, m\u0259d\u0259ni maraqlar formala\u015fd\u0131r\u0131rd\u0131.\n<\/p>\n<p>\n  Haz\u0131rki Az\u0259rbaycan multikulturalizmi \u0259ks\u0259r\u0259n sovet ke\u00e7mi\u015fin\u0259, sovet t\u0259cr\u00fcb\u0259sin\u0259 v\u0259 da\u015f\u0131y\u0131c\u0131lar\u0131 d\u00fcnya g\u00f6r\u00fc\u015f\u00fcn\u00fc sovet \u201ckommunal m\u0259nzilind\u0259\u201d formala\u015fd\u0131rm\u0131\u015f ya\u015fl\u0131 n\u0259sil olan mill\u0259tl\u0259rin v\u0259 m\u0259d\u0259niyy\u0259tl\u0259rin birg\u0259 ya\u015famas\u0131 \u0259n\u0259n\u0259l\u0259rin\u0259 s\u00f6yk\u0259nir. Faktiki olaraq, h\u0259l\u0259lik hakimiyy\u0259t bu tarixi qal\u0131\u011f\u0131 d\u00fcny\u0259vi Q\u0259rbin v\u0259 m\u00fcs\u0259lman \u015e\u0259rqin ideyalar\u0131 il\u0259 z\u0259nginl\u0259\u015fdir\u0259r\u0259k istismar edir.\n<\/p>\n<p>\n  Hakimiyy\u0259tin t\u0259z\u0259c\u0259 bir q\u0259d\u0259r zorak\u0131 \u201c\u0259ritm\u0259 qazan\u0131\u201d sovet t\u0259cr\u00fcb\u0259sind\u0259n \u0259n y\u00fcks\u0259k n\u00f6qt\u0259si kimi konsensuns c\u0259miyy\u0259ti \u2013 m\u00fcxt\u0259liflik birliyi g\u00f6r\u00fcn\u0259n etnik-dini-m\u0259d\u0259ni pl\u00fcralizm\u0259 ke\u00e7idi a\u015fkar etdiyi hissi var. Amma n\u0259 q\u0259d\u0259r q\u0259rib\u0259 d\u0259 olsa, konsensuns c\u0259miyy\u0259tin\u0259 ged\u0259n yolda mane\u0259 kimi multikulturalizmi milli doktrina elan etmi\u015f hakimiyy\u0259tin \u00f6z\u00fc qal\u0131r. Etnik, dini v\u0259 dig\u0259r pl\u00fcralizmin birl\u0259\u015fm\u0259si \u00e7eyn\u0259nmi\u015f aksiomalar\u0131 \u2013 b\u00fct\u00fcn m\u0259nalarda v\u0259 sah\u0259l\u0259rd\u0259 insan h\u00fcquq v\u0259 azadl\u0131qlar\u0131na h\u00f6rm\u0259tin aliliyini n\u0259z\u0259rd\u0259 tutan demokratiya b\u0259rq\u0259rar olmadan m\u00fcmk\u00fcn deyil. \u018fks halda multikulturalizm Az\u0259rbaycan c\u0259miyy\u0259tind\u0259 demokratiya kimi s\u00f6y\u00fc\u015f s\u00f6z\u00fcn\u0259 \u00e7evril\u0259c\u0259k. Hakimiyy\u0259t azad d\u00fcnyan\u0131n d\u0259y\u0259rl\u0259rini v\u0259 postulatlar\u0131n\u0131 sistemli \u015f\u0259kild\u0259 devir\u0259r\u0259k, demokratiya anlay\u0131\u015f\u0131n\u0131 devalvasiyaya m\u0259ruz qoyub.<\/p>\n","protected":false},"excerpt":{"rendered":"<p>Haz\u0131rki Az\u0259rbaycan multikulturalizmi \u0259ks\u0259r\u0259n sovet ke\u00e7mi\u015fin\u0259, sovet t\u0259cr\u00fcb\u0259sin\u0259 v\u0259 da\u015f\u0131y\u0131c\u0131lar\u0131 d\u00fcnya g\u00f6r\u00fc\u015f\u00fcn\u00fc sovet \u201ckommunal m\u0259nzilind\u0259\u201d formala\u015fd\u0131rm\u0131\u015f ya\u015fl\u0131 n\u0259sil olan mill\u0259tl\u0259rin v\u0259 m\u0259d\u0259niyy\u0259tl\u0259rin birg\u0259 ya\u015famas\u0131 \u0259n\u0259n\u0259l\u0259rin\u0259 s\u00f6yk\u0259nir<\/p>\n","protected":false},"author":11,"featured_media":55901,"comment_status":"closed","ping_status":"open","sticky":false,"template":"","format":"standard","meta":{"_acf_changed":false,"_sitemap_exclude":false,"_sitemap_priority":"","_sitemap_frequency":"","footnotes":""},"categories":[51],"tags":[],"class_list":["post-175490","post","type-post","status-publish","format-standard","has-post-thumbnail","hentry","category-analitika","infinite-scroll-item","generate-columns","tablet-grid-50","mobile-grid-100","grid-parent","grid-33","no-featured-image-padding"],"acf":[],"yoast_head":"<!-- This site is optimized with the Yoast SEO plugin v27.5 - https:\/\/yoast.com\/product\/yoast-seo-wordpress\/ -->\n<title>Multikulturalizm: sovet ke\u00e7mi\u015fi v\u0259 bu g\u00fcn aras\u0131nda - MEYDAN.TV<\/title>\n<meta name=\"robots\" content=\"index, follow, max-snippet:-1, max-image-preview:large, max-video-preview:-1\" \/>\n<link rel=\"canonical\" href=\"https:\/\/www.meydan.tv\/az\/article\/multikulturalizm-sovet-kecmisi-ve-bu-gun-arasinda\/\" \/>\n<meta property=\"og:locale\" content=\"az_AZ\" \/>\n<meta property=\"og:type\" content=\"article\" \/>\n<meta property=\"og:title\" content=\"Multikulturalizm: sovet ke\u00e7mi\u015fi v\u0259 bu g\u00fcn aras\u0131nda - MEYDAN.TV\" \/>\n<meta property=\"og:description\" content=\"Haz\u0131rki Az\u0259rbaycan multikulturalizmi \u0259ks\u0259r\u0259n sovet ke\u00e7mi\u015fin\u0259, sovet t\u0259cr\u00fcb\u0259sin\u0259 v\u0259 da\u015f\u0131y\u0131c\u0131lar\u0131 d\u00fcnya g\u00f6r\u00fc\u015f\u00fcn\u00fc sovet \u201ckommunal m\u0259nzilind\u0259\u201d formala\u015fd\u0131rm\u0131\u015f ya\u015fl\u0131 n\u0259sil olan mill\u0259tl\u0259rin v\u0259 m\u0259d\u0259niyy\u0259tl\u0259rin birg\u0259 ya\u015famas\u0131 \u0259n\u0259n\u0259l\u0259rin\u0259 s\u00f6yk\u0259nir\" \/>\n<meta property=\"og:url\" content=\"https:\/\/www.meydan.tv\/az\/article\/multikulturalizm-sovet-kecmisi-ve-bu-gun-arasinda\/\" \/>\n<meta property=\"og:site_name\" content=\"MEYDAN.TV\" \/>\n<meta property=\"article:published_time\" content=\"2016-04-27T14:55:12+00:00\" \/>\n<meta property=\"og:image\" content=\"https:\/\/www.meydan.tv\/wp-content\/uploads\/21115.jpg\" \/>\n\t<meta property=\"og:image:width\" content=\"674\" \/>\n\t<meta property=\"og:image:height\" content=\"500\" \/>\n\t<meta property=\"og:image:type\" content=\"image\/jpeg\" \/>\n<meta name=\"author\" content=\"user-manager\" \/>\n<meta name=\"twitter:card\" content=\"summary_large_image\" \/>\n<script type=\"application\/ld+json\" class=\"yoast-schema-graph\">{\"@context\":\"https:\\\/\\\/schema.org\",\"@graph\":[{\"@type\":\"Article\",\"@id\":\"https:\\\/\\\/www.meydan.tv\\\/az\\\/article\\\/multikulturalizm-sovet-kecmisi-ve-bu-gun-arasinda\\\/#article\",\"isPartOf\":{\"@id\":\"https:\\\/\\\/www.meydan.tv\\\/az\\\/article\\\/multikulturalizm-sovet-kecmisi-ve-bu-gun-arasinda\\\/\"},\"author\":{\"name\":\"user-manager\",\"@id\":\"https:\\\/\\\/www.meydan.tv\\\/az\\\/#\\\/schema\\\/person\\\/10d11eccf6da3662cf5fdab9806ea91a\"},\"headline\":\"Multikulturalizm: sovet ke\u00e7mi\u015fi v\u0259 bu g\u00fcn aras\u0131nda\",\"datePublished\":\"2016-04-27T14:55:12+00:00\",\"mainEntityOfPage\":{\"@id\":\"https:\\\/\\\/www.meydan.tv\\\/az\\\/article\\\/multikulturalizm-sovet-kecmisi-ve-bu-gun-arasinda\\\/\"},\"wordCount\":976,\"publisher\":{\"@id\":\"https:\\\/\\\/www.meydan.tv\\\/az\\\/#organization\"},\"image\":{\"@id\":\"https:\\\/\\\/www.meydan.tv\\\/az\\\/article\\\/multikulturalizm-sovet-kecmisi-ve-bu-gun-arasinda\\\/#primaryimage\"},\"thumbnailUrl\":\"https:\\\/\\\/www.meydan.tv\\\/wp-content\\\/uploads\\\/21115.jpg\",\"articleSection\":[\"Analitika\"],\"inLanguage\":\"az\"},{\"@type\":\"WebPage\",\"@id\":\"https:\\\/\\\/www.meydan.tv\\\/az\\\/article\\\/multikulturalizm-sovet-kecmisi-ve-bu-gun-arasinda\\\/\",\"url\":\"https:\\\/\\\/www.meydan.tv\\\/az\\\/article\\\/multikulturalizm-sovet-kecmisi-ve-bu-gun-arasinda\\\/\",\"name\":\"Multikulturalizm: sovet ke\u00e7mi\u015fi v\u0259 bu g\u00fcn aras\u0131nda - MEYDAN.TV\",\"isPartOf\":{\"@id\":\"https:\\\/\\\/www.meydan.tv\\\/az\\\/#website\"},\"primaryImageOfPage\":{\"@id\":\"https:\\\/\\\/www.meydan.tv\\\/az\\\/article\\\/multikulturalizm-sovet-kecmisi-ve-bu-gun-arasinda\\\/#primaryimage\"},\"image\":{\"@id\":\"https:\\\/\\\/www.meydan.tv\\\/az\\\/article\\\/multikulturalizm-sovet-kecmisi-ve-bu-gun-arasinda\\\/#primaryimage\"},\"thumbnailUrl\":\"https:\\\/\\\/www.meydan.tv\\\/wp-content\\\/uploads\\\/21115.jpg\",\"datePublished\":\"2016-04-27T14:55:12+00:00\",\"breadcrumb\":{\"@id\":\"https:\\\/\\\/www.meydan.tv\\\/az\\\/article\\\/multikulturalizm-sovet-kecmisi-ve-bu-gun-arasinda\\\/#breadcrumb\"},\"inLanguage\":\"az\",\"potentialAction\":[{\"@type\":\"ReadAction\",\"target\":[\"https:\\\/\\\/www.meydan.tv\\\/az\\\/article\\\/multikulturalizm-sovet-kecmisi-ve-bu-gun-arasinda\\\/\"]}]},{\"@type\":\"ImageObject\",\"inLanguage\":\"az\",\"@id\":\"https:\\\/\\\/www.meydan.tv\\\/az\\\/article\\\/multikulturalizm-sovet-kecmisi-ve-bu-gun-arasinda\\\/#primaryimage\",\"url\":\"https:\\\/\\\/www.meydan.tv\\\/wp-content\\\/uploads\\\/21115.jpg\",\"contentUrl\":\"https:\\\/\\\/www.meydan.tv\\\/wp-content\\\/uploads\\\/21115.jpg\",\"width\":674,\"height\":500,\"caption\":\"Source:\"},{\"@type\":\"BreadcrumbList\",\"@id\":\"https:\\\/\\\/www.meydan.tv\\\/az\\\/article\\\/multikulturalizm-sovet-kecmisi-ve-bu-gun-arasinda\\\/#breadcrumb\",\"itemListElement\":[{\"@type\":\"ListItem\",\"position\":1,\"name\":\"Ana s\u0259hif\u0259\",\"item\":\"https:\\\/\\\/www.meydan.tv\\\/az\\\/\"},{\"@type\":\"ListItem\",\"position\":2,\"name\":\"Analitika\",\"item\":\"https:\\\/\\\/www.meydan.tv\\\/az\\\/section\\\/analitika\\\/\"},{\"@type\":\"ListItem\",\"position\":3,\"name\":\"Multikulturalizm: sovet ke\u00e7mi\u015fi v\u0259 bu g\u00fcn aras\u0131nda\"}]},{\"@type\":\"WebSite\",\"@id\":\"https:\\\/\\\/www.meydan.tv\\\/az\\\/#website\",\"url\":\"https:\\\/\\\/www.meydan.tv\\\/az\\\/\",\"name\":\"MEYDAN.TV\",\"description\":\"Meydan TV Az\u0259rbaycan\u0131n media m\u0259kan\u0131ndak\u0131 alternativ s\u0259sidir\",\"publisher\":{\"@id\":\"https:\\\/\\\/www.meydan.tv\\\/az\\\/#organization\"},\"potentialAction\":[{\"@type\":\"SearchAction\",\"target\":{\"@type\":\"EntryPoint\",\"urlTemplate\":\"https:\\\/\\\/www.meydan.tv\\\/az\\\/?s={search_term_string}\"},\"query-input\":{\"@type\":\"PropertyValueSpecification\",\"valueRequired\":true,\"valueName\":\"search_term_string\"}}],\"inLanguage\":\"az\"},{\"@type\":\"Organization\",\"@id\":\"https:\\\/\\\/www.meydan.tv\\\/az\\\/#organization\",\"name\":\"Meydan TV\",\"url\":\"https:\\\/\\\/www.meydan.tv\\\/az\\\/\",\"logo\":{\"@type\":\"ImageObject\",\"inLanguage\":\"az\",\"@id\":\"https:\\\/\\\/www.meydan.tv\\\/az\\\/#\\\/schema\\\/logo\\\/image\\\/\",\"url\":\"https:\\\/\\\/www.meydan.tv\\\/wp-content\\\/uploads\\\/2021\\\/07\\\/meydan-logo.svg\",\"contentUrl\":\"https:\\\/\\\/www.meydan.tv\\\/wp-content\\\/uploads\\\/2021\\\/07\\\/meydan-logo.svg\",\"width\":195,\"height\":46,\"caption\":\"Meydan TV\"},\"image\":{\"@id\":\"https:\\\/\\\/www.meydan.tv\\\/az\\\/#\\\/schema\\\/logo\\\/image\\\/\"}},{\"@type\":\"Person\",\"@id\":\"https:\\\/\\\/www.meydan.tv\\\/az\\\/#\\\/schema\\\/person\\\/10d11eccf6da3662cf5fdab9806ea91a\",\"name\":\"user-manager\"}]}<\/script>\n<!-- \/ Yoast SEO plugin. -->","yoast_head_json":{"title":"Multikulturalizm: sovet ke\u00e7mi\u015fi v\u0259 bu g\u00fcn aras\u0131nda - MEYDAN.TV","robots":{"index":"index","follow":"follow","max-snippet":"max-snippet:-1","max-image-preview":"max-image-preview:large","max-video-preview":"max-video-preview:-1"},"canonical":"https:\/\/www.meydan.tv\/az\/article\/multikulturalizm-sovet-kecmisi-ve-bu-gun-arasinda\/","og_locale":"az_AZ","og_type":"article","og_title":"Multikulturalizm: sovet ke\u00e7mi\u015fi v\u0259 bu g\u00fcn aras\u0131nda - MEYDAN.TV","og_description":"Haz\u0131rki Az\u0259rbaycan multikulturalizmi \u0259ks\u0259r\u0259n sovet ke\u00e7mi\u015fin\u0259, sovet t\u0259cr\u00fcb\u0259sin\u0259 v\u0259 da\u015f\u0131y\u0131c\u0131lar\u0131 d\u00fcnya g\u00f6r\u00fc\u015f\u00fcn\u00fc sovet \u201ckommunal m\u0259nzilind\u0259\u201d formala\u015fd\u0131rm\u0131\u015f ya\u015fl\u0131 n\u0259sil olan mill\u0259tl\u0259rin v\u0259 m\u0259d\u0259niyy\u0259tl\u0259rin birg\u0259 ya\u015famas\u0131 \u0259n\u0259n\u0259l\u0259rin\u0259 s\u00f6yk\u0259nir","og_url":"https:\/\/www.meydan.tv\/az\/article\/multikulturalizm-sovet-kecmisi-ve-bu-gun-arasinda\/","og_site_name":"MEYDAN.TV","article_published_time":"2016-04-27T14:55:12+00:00","og_image":[{"width":674,"height":500,"url":"https:\/\/www.meydan.tv\/wp-content\/uploads\/21115.jpg","type":"image\/jpeg"}],"author":"user-manager","twitter_card":"summary_large_image","schema":{"@context":"https:\/\/schema.org","@graph":[{"@type":"Article","@id":"https:\/\/www.meydan.tv\/az\/article\/multikulturalizm-sovet-kecmisi-ve-bu-gun-arasinda\/#article","isPartOf":{"@id":"https:\/\/www.meydan.tv\/az\/article\/multikulturalizm-sovet-kecmisi-ve-bu-gun-arasinda\/"},"author":{"name":"user-manager","@id":"https:\/\/www.meydan.tv\/az\/#\/schema\/person\/10d11eccf6da3662cf5fdab9806ea91a"},"headline":"Multikulturalizm: sovet ke\u00e7mi\u015fi v\u0259 bu g\u00fcn aras\u0131nda","datePublished":"2016-04-27T14:55:12+00:00","mainEntityOfPage":{"@id":"https:\/\/www.meydan.tv\/az\/article\/multikulturalizm-sovet-kecmisi-ve-bu-gun-arasinda\/"},"wordCount":976,"publisher":{"@id":"https:\/\/www.meydan.tv\/az\/#organization"},"image":{"@id":"https:\/\/www.meydan.tv\/az\/article\/multikulturalizm-sovet-kecmisi-ve-bu-gun-arasinda\/#primaryimage"},"thumbnailUrl":"https:\/\/www.meydan.tv\/wp-content\/uploads\/21115.jpg","articleSection":["Analitika"],"inLanguage":"az"},{"@type":"WebPage","@id":"https:\/\/www.meydan.tv\/az\/article\/multikulturalizm-sovet-kecmisi-ve-bu-gun-arasinda\/","url":"https:\/\/www.meydan.tv\/az\/article\/multikulturalizm-sovet-kecmisi-ve-bu-gun-arasinda\/","name":"Multikulturalizm: sovet ke\u00e7mi\u015fi v\u0259 bu g\u00fcn aras\u0131nda - MEYDAN.TV","isPartOf":{"@id":"https:\/\/www.meydan.tv\/az\/#website"},"primaryImageOfPage":{"@id":"https:\/\/www.meydan.tv\/az\/article\/multikulturalizm-sovet-kecmisi-ve-bu-gun-arasinda\/#primaryimage"},"image":{"@id":"https:\/\/www.meydan.tv\/az\/article\/multikulturalizm-sovet-kecmisi-ve-bu-gun-arasinda\/#primaryimage"},"thumbnailUrl":"https:\/\/www.meydan.tv\/wp-content\/uploads\/21115.jpg","datePublished":"2016-04-27T14:55:12+00:00","breadcrumb":{"@id":"https:\/\/www.meydan.tv\/az\/article\/multikulturalizm-sovet-kecmisi-ve-bu-gun-arasinda\/#breadcrumb"},"inLanguage":"az","potentialAction":[{"@type":"ReadAction","target":["https:\/\/www.meydan.tv\/az\/article\/multikulturalizm-sovet-kecmisi-ve-bu-gun-arasinda\/"]}]},{"@type":"ImageObject","inLanguage":"az","@id":"https:\/\/www.meydan.tv\/az\/article\/multikulturalizm-sovet-kecmisi-ve-bu-gun-arasinda\/#primaryimage","url":"https:\/\/www.meydan.tv\/wp-content\/uploads\/21115.jpg","contentUrl":"https:\/\/www.meydan.tv\/wp-content\/uploads\/21115.jpg","width":674,"height":500,"caption":"Source:"},{"@type":"BreadcrumbList","@id":"https:\/\/www.meydan.tv\/az\/article\/multikulturalizm-sovet-kecmisi-ve-bu-gun-arasinda\/#breadcrumb","itemListElement":[{"@type":"ListItem","position":1,"name":"Ana s\u0259hif\u0259","item":"https:\/\/www.meydan.tv\/az\/"},{"@type":"ListItem","position":2,"name":"Analitika","item":"https:\/\/www.meydan.tv\/az\/section\/analitika\/"},{"@type":"ListItem","position":3,"name":"Multikulturalizm: sovet ke\u00e7mi\u015fi v\u0259 bu g\u00fcn aras\u0131nda"}]},{"@type":"WebSite","@id":"https:\/\/www.meydan.tv\/az\/#website","url":"https:\/\/www.meydan.tv\/az\/","name":"MEYDAN.TV","description":"Meydan TV Az\u0259rbaycan\u0131n media m\u0259kan\u0131ndak\u0131 alternativ s\u0259sidir","publisher":{"@id":"https:\/\/www.meydan.tv\/az\/#organization"},"potentialAction":[{"@type":"SearchAction","target":{"@type":"EntryPoint","urlTemplate":"https:\/\/www.meydan.tv\/az\/?s={search_term_string}"},"query-input":{"@type":"PropertyValueSpecification","valueRequired":true,"valueName":"search_term_string"}}],"inLanguage":"az"},{"@type":"Organization","@id":"https:\/\/www.meydan.tv\/az\/#organization","name":"Meydan TV","url":"https:\/\/www.meydan.tv\/az\/","logo":{"@type":"ImageObject","inLanguage":"az","@id":"https:\/\/www.meydan.tv\/az\/#\/schema\/logo\/image\/","url":"https:\/\/www.meydan.tv\/wp-content\/uploads\/2021\/07\/meydan-logo.svg","contentUrl":"https:\/\/www.meydan.tv\/wp-content\/uploads\/2021\/07\/meydan-logo.svg","width":195,"height":46,"caption":"Meydan TV"},"image":{"@id":"https:\/\/www.meydan.tv\/az\/#\/schema\/logo\/image\/"}},{"@type":"Person","@id":"https:\/\/www.meydan.tv\/az\/#\/schema\/person\/10d11eccf6da3662cf5fdab9806ea91a","name":"user-manager"}]}},"_links":{"self":[{"href":"https:\/\/www.meydan.tv\/az\/wp-json\/wp\/v2\/posts\/175490","targetHints":{"allow":["GET"]}}],"collection":[{"href":"https:\/\/www.meydan.tv\/az\/wp-json\/wp\/v2\/posts"}],"about":[{"href":"https:\/\/www.meydan.tv\/az\/wp-json\/wp\/v2\/types\/post"}],"author":[{"embeddable":true,"href":"https:\/\/www.meydan.tv\/az\/wp-json\/wp\/v2\/users\/11"}],"replies":[{"embeddable":true,"href":"https:\/\/www.meydan.tv\/az\/wp-json\/wp\/v2\/comments?post=175490"}],"version-history":[{"count":0,"href":"https:\/\/www.meydan.tv\/az\/wp-json\/wp\/v2\/posts\/175490\/revisions"}],"wp:featuredmedia":[{"embeddable":true,"href":"https:\/\/www.meydan.tv\/az\/wp-json\/wp\/v2\/media\/55901"}],"wp:attachment":[{"href":"https:\/\/www.meydan.tv\/az\/wp-json\/wp\/v2\/media?parent=175490"}],"wp:term":[{"taxonomy":"category","embeddable":true,"href":"https:\/\/www.meydan.tv\/az\/wp-json\/wp\/v2\/categories?post=175490"},{"taxonomy":"post_tag","embeddable":true,"href":"https:\/\/www.meydan.tv\/az\/wp-json\/wp\/v2\/tags?post=175490"}],"curies":[{"name":"wp","href":"https:\/\/api.w.org\/{rel}","templated":true}]}}