{"id":175488,"date":"2016-04-27T14:43:34","date_gmt":"2016-04-27T14:43:34","guid":{"rendered":"https:\/\/www.meydan.tv\/article\/vaqif-dergahli-azerbaycan-ordusu-itki-vermeyib\/"},"modified":"2016-04-27T14:43:34","modified_gmt":"2016-04-27T14:43:34","slug":"vaqif-dergahli-azerbaycan-ordusu-itki-vermeyib","status":"publish","type":"post","link":"https:\/\/www.meydan.tv\/az\/article\/vaqif-dergahli-azerbaycan-ordusu-itki-vermeyib\/","title":{"rendered":"Vaqif D\u0259rgahl\u0131: &#8221;Az\u0259rbaycan Ordusu itki verm\u0259yib&#8221;"},"content":{"rendered":"<figure class=\"wp-block-image size-large\">\n  <img decoding=\"async\" src=\"https:\/\/www.meydan.tv\/az\/55896\/\" alt=\"\" class=\"wp-image-55896\"\/><figcaption><\/figcaption><\/figure>\n<p>\n  <i><br \/>\n    &#8221;Haz\u0131rda t\u0259mas x\u0259ttind\u0259 v\u0259ziyy\u0259t stabildir v\u0259 Az\u0259rbaycan Ordusu \u0259m\u0259liyyat \u015f\u0259raitin\u0259 tam n\u0259zar\u0259t edir&#8221;<br \/>\n  <\/i>\n<\/p>\n<p>\n  Az\u0259rbaycan M\u00fcdafi\u0259 Nazirliyi erm\u0259nil\u0259rin yayd\u0131\u011f\u0131 telefon dan\u0131\u015f\u0131qlar\u0131n\u0131 \u00f6z\u00fcnd\u0259 \u0259ks etdir\u0259n audio yaz\u0131ya m\u00fcnasib\u0259t bildirib.<\/p>\n<p>  Nazirliyin m\u0259tbuat xidm\u0259tinin r\u0259hb\u0259ri Vaqif D\u0259rgahl\u0131 APA-ya bildirib ki, erm\u0259nil\u0259rin yayd\u0131\u011f\u0131 guya bizim itki verm\u0259yimizl\u0259 ba\u011fl\u0131 telefon dan\u0131\u015f\u0131qlar\u0131ndan ibar\u0259t s\u0259s yaz\u0131s\u0131 saxtad\u0131r: \u201cOnlar h\u0259min saxta s\u0259s yaz\u0131lar\u0131n\u0131 art\u0131q ne\u00e7\u0259nci d\u0259f\u0259dir d\u00f6vriyy\u0259y\u0259 burax\u0131rlar. Bu s\u0259s yaz\u0131lar\u0131 Erm\u0259nistan\u0131n h\u0259rbi kriminal r\u0259hb\u0259rliyinin x\u0259st\u0259 t\u0259x\u0259yy\u00fcl\u00fcn\u00fcn m\u0259hsuludur. Az\u0259rbaycan t\u0259r\u0259fi he\u00e7 bir itki verm\u0259yib v\u0259 bu bar\u0259d\u0259 qar\u015f\u0131 t\u0259r\u0259fin yayd\u0131\u011f\u0131 m\u0259lumatlar k\u00f6k\u00fcnd\u0259n yaland\u0131r\u201d.<\/p>\n<p>  V. D\u0259rgahl\u0131 haz\u0131rda c\u0259bh\u0259 x\u0259ttind\u0259 v\u0259ziyy\u0259tin stabil oldu\u011funu bildirib: \u201cHaz\u0131rda t\u0259mas x\u0259ttind\u0259 v\u0259ziyy\u0259t stabildir v\u0259 Az\u0259rbaycan Ordusu \u0259m\u0259liyyat \u015f\u0259raitin\u0259 tam n\u0259zar\u0259t edir\u201d.<\/p>\n<p>  Erm\u0259nistan m\u0259tbuat\u0131 Az\u0259rbaycan t\u0259r\u0259finin guya itki verm\u0259si bar\u0259d\u0259 telefon dan\u0131\u015f\u0131qlar\u0131ndan ibar\u0259t s\u0259s yaz\u0131s\u0131 yay\u0131b.<\/p>\n","protected":false},"excerpt":{"rendered":"<p>&#8221;Haz\u0131rda t\u0259mas x\u0259ttind\u0259 v\u0259ziyy\u0259t stabildir v\u0259 Az\u0259rbaycan Ordusu \u0259m\u0259liyyat \u015f\u0259raitin\u0259 tam n\u0259zar\u0259t edir&#8221;<\/p>\n","protected":false},"author":11,"featured_media":55896,"comment_status":"closed","ping_status":"open","sticky":false,"template":"","format":"standard","meta":{"_acf_changed":false,"_sitemap_exclude":false,"_sitemap_priority":"","_sitemap_frequency":"","footnotes":""},"categories":[51],"tags":[],"class_list":["post-175488","post","type-post","status-publish","format-standard","has-post-thumbnail","hentry","category-analitika","infinite-scroll-item","generate-columns","tablet-grid-50","mobile-grid-100","grid-parent","grid-33","no-featured-image-padding"],"acf":[],"yoast_head":"<!-- This site is optimized with the Yoast SEO plugin v27.5 - https:\/\/yoast.com\/product\/yoast-seo-wordpress\/ -->\n<title>Vaqif D\u0259rgahl\u0131: &#039;&#039;Az\u0259rbaycan Ordusu itki verm\u0259yib&#039;&#039; - MEYDAN.TV<\/title>\n<meta name=\"robots\" content=\"index, follow, max-snippet:-1, max-image-preview:large, max-video-preview:-1\" \/>\n<link rel=\"canonical\" href=\"https:\/\/www.meydan.tv\/az\/article\/vaqif-dergahli-azerbaycan-ordusu-itki-vermeyib\/\" \/>\n<meta property=\"og:locale\" content=\"az_AZ\" \/>\n<meta property=\"og:type\" content=\"article\" \/>\n<meta property=\"og:title\" content=\"Vaqif D\u0259rgahl\u0131: &#039;&#039;Az\u0259rbaycan Ordusu itki verm\u0259yib&#039;&#039; - MEYDAN.TV\" \/>\n<meta property=\"og:description\" content=\"&#039;&#039;Haz\u0131rda t\u0259mas x\u0259ttind\u0259 v\u0259ziyy\u0259t stabildir v\u0259 Az\u0259rbaycan Ordusu \u0259m\u0259liyyat \u015f\u0259raitin\u0259 tam n\u0259zar\u0259t edir&#039;&#039;\" \/>\n<meta property=\"og:url\" content=\"https:\/\/www.meydan.tv\/az\/article\/vaqif-dergahli-azerbaycan-ordusu-itki-vermeyib\/\" \/>\n<meta property=\"og:site_name\" content=\"MEYDAN.TV\" \/>\n<meta property=\"article:published_time\" content=\"2016-04-27T14:43:34+00:00\" \/>\n<meta property=\"og:image\" content=\"https:\/\/www.meydan.tv\/wp-content\/uploads\/21116.png\" \/>\n\t<meta property=\"og:image:width\" content=\"810\" \/>\n\t<meta property=\"og:image:height\" content=\"450\" \/>\n\t<meta property=\"og:image:type\" content=\"image\/png\" \/>\n<meta name=\"author\" content=\"user-manager\" \/>\n<meta name=\"twitter:card\" content=\"summary_large_image\" \/>\n<script type=\"application\/ld+json\" class=\"yoast-schema-graph\">{\"@context\":\"https:\\\/\\\/schema.org\",\"@graph\":[{\"@type\":\"Article\",\"@id\":\"https:\\\/\\\/www.meydan.tv\\\/az\\\/article\\\/vaqif-dergahli-azerbaycan-ordusu-itki-vermeyib\\\/#article\",\"isPartOf\":{\"@id\":\"https:\\\/\\\/www.meydan.tv\\\/az\\\/article\\\/vaqif-dergahli-azerbaycan-ordusu-itki-vermeyib\\\/\"},\"author\":{\"name\":\"user-manager\",\"@id\":\"https:\\\/\\\/www.meydan.tv\\\/az\\\/#\\\/schema\\\/person\\\/10d11eccf6da3662cf5fdab9806ea91a\"},\"headline\":\"Vaqif D\u0259rgahl\u0131: &#8221;Az\u0259rbaycan Ordusu itki verm\u0259yib&#8221;\",\"datePublished\":\"2016-04-27T14:43:34+00:00\",\"mainEntityOfPage\":{\"@id\":\"https:\\\/\\\/www.meydan.tv\\\/az\\\/article\\\/vaqif-dergahli-azerbaycan-ordusu-itki-vermeyib\\\/\"},\"wordCount\":230,\"publisher\":{\"@id\":\"https:\\\/\\\/www.meydan.tv\\\/az\\\/#organization\"},\"image\":{\"@id\":\"https:\\\/\\\/www.meydan.tv\\\/az\\\/article\\\/vaqif-dergahli-azerbaycan-ordusu-itki-vermeyib\\\/#primaryimage\"},\"thumbnailUrl\":\"https:\\\/\\\/www.meydan.tv\\\/wp-content\\\/uploads\\\/21116.png\",\"articleSection\":[\"Analitika\"],\"inLanguage\":\"az\"},{\"@type\":\"WebPage\",\"@id\":\"https:\\\/\\\/www.meydan.tv\\\/az\\\/article\\\/vaqif-dergahli-azerbaycan-ordusu-itki-vermeyib\\\/\",\"url\":\"https:\\\/\\\/www.meydan.tv\\\/az\\\/article\\\/vaqif-dergahli-azerbaycan-ordusu-itki-vermeyib\\\/\",\"name\":\"Vaqif D\u0259rgahl\u0131: ''Az\u0259rbaycan Ordusu itki verm\u0259yib'' - MEYDAN.TV\",\"isPartOf\":{\"@id\":\"https:\\\/\\\/www.meydan.tv\\\/az\\\/#website\"},\"primaryImageOfPage\":{\"@id\":\"https:\\\/\\\/www.meydan.tv\\\/az\\\/article\\\/vaqif-dergahli-azerbaycan-ordusu-itki-vermeyib\\\/#primaryimage\"},\"image\":{\"@id\":\"https:\\\/\\\/www.meydan.tv\\\/az\\\/article\\\/vaqif-dergahli-azerbaycan-ordusu-itki-vermeyib\\\/#primaryimage\"},\"thumbnailUrl\":\"https:\\\/\\\/www.meydan.tv\\\/wp-content\\\/uploads\\\/21116.png\",\"datePublished\":\"2016-04-27T14:43:34+00:00\",\"breadcrumb\":{\"@id\":\"https:\\\/\\\/www.meydan.tv\\\/az\\\/article\\\/vaqif-dergahli-azerbaycan-ordusu-itki-vermeyib\\\/#breadcrumb\"},\"inLanguage\":\"az\",\"potentialAction\":[{\"@type\":\"ReadAction\",\"target\":[\"https:\\\/\\\/www.meydan.tv\\\/az\\\/article\\\/vaqif-dergahli-azerbaycan-ordusu-itki-vermeyib\\\/\"]}]},{\"@type\":\"ImageObject\",\"inLanguage\":\"az\",\"@id\":\"https:\\\/\\\/www.meydan.tv\\\/az\\\/article\\\/vaqif-dergahli-azerbaycan-ordusu-itki-vermeyib\\\/#primaryimage\",\"url\":\"https:\\\/\\\/www.meydan.tv\\\/wp-content\\\/uploads\\\/21116.png\",\"contentUrl\":\"https:\\\/\\\/www.meydan.tv\\\/wp-content\\\/uploads\\\/21116.png\",\"width\":810,\"height\":450,\"caption\":\"Source:\"},{\"@type\":\"BreadcrumbList\",\"@id\":\"https:\\\/\\\/www.meydan.tv\\\/az\\\/article\\\/vaqif-dergahli-azerbaycan-ordusu-itki-vermeyib\\\/#breadcrumb\",\"itemListElement\":[{\"@type\":\"ListItem\",\"position\":1,\"name\":\"Ana s\u0259hif\u0259\",\"item\":\"https:\\\/\\\/www.meydan.tv\\\/az\\\/\"},{\"@type\":\"ListItem\",\"position\":2,\"name\":\"Analitika\",\"item\":\"https:\\\/\\\/www.meydan.tv\\\/az\\\/section\\\/analitika\\\/\"},{\"@type\":\"ListItem\",\"position\":3,\"name\":\"Vaqif D\u0259rgahl\u0131: &#8221;Az\u0259rbaycan Ordusu itki verm\u0259yib&#8221;\"}]},{\"@type\":\"WebSite\",\"@id\":\"https:\\\/\\\/www.meydan.tv\\\/az\\\/#website\",\"url\":\"https:\\\/\\\/www.meydan.tv\\\/az\\\/\",\"name\":\"MEYDAN.TV\",\"description\":\"Meydan TV Az\u0259rbaycan\u0131n media m\u0259kan\u0131ndak\u0131 alternativ s\u0259sidir\",\"publisher\":{\"@id\":\"https:\\\/\\\/www.meydan.tv\\\/az\\\/#organization\"},\"potentialAction\":[{\"@type\":\"SearchAction\",\"target\":{\"@type\":\"EntryPoint\",\"urlTemplate\":\"https:\\\/\\\/www.meydan.tv\\\/az\\\/?s={search_term_string}\"},\"query-input\":{\"@type\":\"PropertyValueSpecification\",\"valueRequired\":true,\"valueName\":\"search_term_string\"}}],\"inLanguage\":\"az\"},{\"@type\":\"Organization\",\"@id\":\"https:\\\/\\\/www.meydan.tv\\\/az\\\/#organization\",\"name\":\"Meydan TV\",\"url\":\"https:\\\/\\\/www.meydan.tv\\\/az\\\/\",\"logo\":{\"@type\":\"ImageObject\",\"inLanguage\":\"az\",\"@id\":\"https:\\\/\\\/www.meydan.tv\\\/az\\\/#\\\/schema\\\/logo\\\/image\\\/\",\"url\":\"https:\\\/\\\/www.meydan.tv\\\/wp-content\\\/uploads\\\/2021\\\/07\\\/meydan-logo.svg\",\"contentUrl\":\"https:\\\/\\\/www.meydan.tv\\\/wp-content\\\/uploads\\\/2021\\\/07\\\/meydan-logo.svg\",\"width\":195,\"height\":46,\"caption\":\"Meydan TV\"},\"image\":{\"@id\":\"https:\\\/\\\/www.meydan.tv\\\/az\\\/#\\\/schema\\\/logo\\\/image\\\/\"}},{\"@type\":\"Person\",\"@id\":\"https:\\\/\\\/www.meydan.tv\\\/az\\\/#\\\/schema\\\/person\\\/10d11eccf6da3662cf5fdab9806ea91a\",\"name\":\"user-manager\"}]}<\/script>\n<!-- \/ Yoast SEO plugin. -->","yoast_head_json":{"title":"Vaqif D\u0259rgahl\u0131: ''Az\u0259rbaycan Ordusu itki verm\u0259yib'' - MEYDAN.TV","robots":{"index":"index","follow":"follow","max-snippet":"max-snippet:-1","max-image-preview":"max-image-preview:large","max-video-preview":"max-video-preview:-1"},"canonical":"https:\/\/www.meydan.tv\/az\/article\/vaqif-dergahli-azerbaycan-ordusu-itki-vermeyib\/","og_locale":"az_AZ","og_type":"article","og_title":"Vaqif D\u0259rgahl\u0131: ''Az\u0259rbaycan Ordusu itki verm\u0259yib'' - MEYDAN.TV","og_description":"''Haz\u0131rda t\u0259mas x\u0259ttind\u0259 v\u0259ziyy\u0259t stabildir v\u0259 Az\u0259rbaycan Ordusu \u0259m\u0259liyyat \u015f\u0259raitin\u0259 tam n\u0259zar\u0259t edir''","og_url":"https:\/\/www.meydan.tv\/az\/article\/vaqif-dergahli-azerbaycan-ordusu-itki-vermeyib\/","og_site_name":"MEYDAN.TV","article_published_time":"2016-04-27T14:43:34+00:00","og_image":[{"width":810,"height":450,"url":"https:\/\/www.meydan.tv\/wp-content\/uploads\/21116.png","type":"image\/png"}],"author":"user-manager","twitter_card":"summary_large_image","schema":{"@context":"https:\/\/schema.org","@graph":[{"@type":"Article","@id":"https:\/\/www.meydan.tv\/az\/article\/vaqif-dergahli-azerbaycan-ordusu-itki-vermeyib\/#article","isPartOf":{"@id":"https:\/\/www.meydan.tv\/az\/article\/vaqif-dergahli-azerbaycan-ordusu-itki-vermeyib\/"},"author":{"name":"user-manager","@id":"https:\/\/www.meydan.tv\/az\/#\/schema\/person\/10d11eccf6da3662cf5fdab9806ea91a"},"headline":"Vaqif D\u0259rgahl\u0131: &#8221;Az\u0259rbaycan Ordusu itki verm\u0259yib&#8221;","datePublished":"2016-04-27T14:43:34+00:00","mainEntityOfPage":{"@id":"https:\/\/www.meydan.tv\/az\/article\/vaqif-dergahli-azerbaycan-ordusu-itki-vermeyib\/"},"wordCount":230,"publisher":{"@id":"https:\/\/www.meydan.tv\/az\/#organization"},"image":{"@id":"https:\/\/www.meydan.tv\/az\/article\/vaqif-dergahli-azerbaycan-ordusu-itki-vermeyib\/#primaryimage"},"thumbnailUrl":"https:\/\/www.meydan.tv\/wp-content\/uploads\/21116.png","articleSection":["Analitika"],"inLanguage":"az"},{"@type":"WebPage","@id":"https:\/\/www.meydan.tv\/az\/article\/vaqif-dergahli-azerbaycan-ordusu-itki-vermeyib\/","url":"https:\/\/www.meydan.tv\/az\/article\/vaqif-dergahli-azerbaycan-ordusu-itki-vermeyib\/","name":"Vaqif D\u0259rgahl\u0131: ''Az\u0259rbaycan Ordusu itki verm\u0259yib'' - MEYDAN.TV","isPartOf":{"@id":"https:\/\/www.meydan.tv\/az\/#website"},"primaryImageOfPage":{"@id":"https:\/\/www.meydan.tv\/az\/article\/vaqif-dergahli-azerbaycan-ordusu-itki-vermeyib\/#primaryimage"},"image":{"@id":"https:\/\/www.meydan.tv\/az\/article\/vaqif-dergahli-azerbaycan-ordusu-itki-vermeyib\/#primaryimage"},"thumbnailUrl":"https:\/\/www.meydan.tv\/wp-content\/uploads\/21116.png","datePublished":"2016-04-27T14:43:34+00:00","breadcrumb":{"@id":"https:\/\/www.meydan.tv\/az\/article\/vaqif-dergahli-azerbaycan-ordusu-itki-vermeyib\/#breadcrumb"},"inLanguage":"az","potentialAction":[{"@type":"ReadAction","target":["https:\/\/www.meydan.tv\/az\/article\/vaqif-dergahli-azerbaycan-ordusu-itki-vermeyib\/"]}]},{"@type":"ImageObject","inLanguage":"az","@id":"https:\/\/www.meydan.tv\/az\/article\/vaqif-dergahli-azerbaycan-ordusu-itki-vermeyib\/#primaryimage","url":"https:\/\/www.meydan.tv\/wp-content\/uploads\/21116.png","contentUrl":"https:\/\/www.meydan.tv\/wp-content\/uploads\/21116.png","width":810,"height":450,"caption":"Source:"},{"@type":"BreadcrumbList","@id":"https:\/\/www.meydan.tv\/az\/article\/vaqif-dergahli-azerbaycan-ordusu-itki-vermeyib\/#breadcrumb","itemListElement":[{"@type":"ListItem","position":1,"name":"Ana s\u0259hif\u0259","item":"https:\/\/www.meydan.tv\/az\/"},{"@type":"ListItem","position":2,"name":"Analitika","item":"https:\/\/www.meydan.tv\/az\/section\/analitika\/"},{"@type":"ListItem","position":3,"name":"Vaqif D\u0259rgahl\u0131: &#8221;Az\u0259rbaycan Ordusu itki verm\u0259yib&#8221;"}]},{"@type":"WebSite","@id":"https:\/\/www.meydan.tv\/az\/#website","url":"https:\/\/www.meydan.tv\/az\/","name":"MEYDAN.TV","description":"Meydan TV Az\u0259rbaycan\u0131n media m\u0259kan\u0131ndak\u0131 alternativ s\u0259sidir","publisher":{"@id":"https:\/\/www.meydan.tv\/az\/#organization"},"potentialAction":[{"@type":"SearchAction","target":{"@type":"EntryPoint","urlTemplate":"https:\/\/www.meydan.tv\/az\/?s={search_term_string}"},"query-input":{"@type":"PropertyValueSpecification","valueRequired":true,"valueName":"search_term_string"}}],"inLanguage":"az"},{"@type":"Organization","@id":"https:\/\/www.meydan.tv\/az\/#organization","name":"Meydan TV","url":"https:\/\/www.meydan.tv\/az\/","logo":{"@type":"ImageObject","inLanguage":"az","@id":"https:\/\/www.meydan.tv\/az\/#\/schema\/logo\/image\/","url":"https:\/\/www.meydan.tv\/wp-content\/uploads\/2021\/07\/meydan-logo.svg","contentUrl":"https:\/\/www.meydan.tv\/wp-content\/uploads\/2021\/07\/meydan-logo.svg","width":195,"height":46,"caption":"Meydan TV"},"image":{"@id":"https:\/\/www.meydan.tv\/az\/#\/schema\/logo\/image\/"}},{"@type":"Person","@id":"https:\/\/www.meydan.tv\/az\/#\/schema\/person\/10d11eccf6da3662cf5fdab9806ea91a","name":"user-manager"}]}},"_links":{"self":[{"href":"https:\/\/www.meydan.tv\/az\/wp-json\/wp\/v2\/posts\/175488","targetHints":{"allow":["GET"]}}],"collection":[{"href":"https:\/\/www.meydan.tv\/az\/wp-json\/wp\/v2\/posts"}],"about":[{"href":"https:\/\/www.meydan.tv\/az\/wp-json\/wp\/v2\/types\/post"}],"author":[{"embeddable":true,"href":"https:\/\/www.meydan.tv\/az\/wp-json\/wp\/v2\/users\/11"}],"replies":[{"embeddable":true,"href":"https:\/\/www.meydan.tv\/az\/wp-json\/wp\/v2\/comments?post=175488"}],"version-history":[{"count":0,"href":"https:\/\/www.meydan.tv\/az\/wp-json\/wp\/v2\/posts\/175488\/revisions"}],"wp:featuredmedia":[{"embeddable":true,"href":"https:\/\/www.meydan.tv\/az\/wp-json\/wp\/v2\/media\/55896"}],"wp:attachment":[{"href":"https:\/\/www.meydan.tv\/az\/wp-json\/wp\/v2\/media?parent=175488"}],"wp:term":[{"taxonomy":"category","embeddable":true,"href":"https:\/\/www.meydan.tv\/az\/wp-json\/wp\/v2\/categories?post=175488"},{"taxonomy":"post_tag","embeddable":true,"href":"https:\/\/www.meydan.tv\/az\/wp-json\/wp\/v2\/tags?post=175488"}],"curies":[{"name":"wp","href":"https:\/\/api.w.org\/{rel}","templated":true}]}}