{"id":175482,"date":"2016-04-27T00:36:33","date_gmt":"2016-04-27T00:36:33","guid":{"rendered":"https:\/\/www.meydan.tv\/article\/elmar-memmedyarov-ermenistanin-mentiqini-anlamaq-mumkun-deyil\/"},"modified":"2016-04-27T00:36:33","modified_gmt":"2016-04-27T00:36:33","slug":"elmar-memmedyarov-ermenistanin-mentiqini-anlamaq-mumkun-deyil","status":"publish","type":"post","link":"https:\/\/www.meydan.tv\/az\/article\/elmar-memmedyarov-ermenistanin-mentiqini-anlamaq-mumkun-deyil\/","title":{"rendered":"Elmar M\u0259mm\u0259dyarov: &#8221;Erm\u0259nistan\u0131n m\u0259ntiqini anlamaq m\u00fcmk\u00fcn deyil&#8221;"},"content":{"rendered":"<figure class=\"wp-block-image size-large\">\n  <img decoding=\"async\" src=\"https:\/\/www.meydan.tv\/az\/55869\/\" alt=\"\" class=\"wp-image-55869\"\/><figcaption><\/figcaption><\/figure>\n<p>\n  <i><br \/>\n    &#8221;\u0130st\u0259r Madrid prinsipl\u0259ri, ist\u0259r Kazan formulu, ist\u0259rs\u0259 d\u0259 Lavrovun t\u0259klifl\u0259ri olsun, bunlar bir-birin\u0259 mane olmur&#8221;<br \/>\n  <\/i>\n<\/p>\n<p>\n  &#8220;Biz m\u0259ntiqi ba\u015fa d\u00fc\u015f\u0259 bilmirik. Erm\u0259nistanda bir t\u0259r\u0259fd\u0259n h\u0259r d\u0259f\u0259 b\u0259yanat verirl\u0259r ki, m\u00fcnaqi\u015f\u0259 yaln\u0131z s\u00fclh yolu il\u0259, dan\u0131\u015f\u0131qlar yolu il\u0259 h\u0259ll olunmal\u0131d\u0131r. O biri t\u0259r\u0259fd\u0259n d\u0259 deyirl\u0259r ki, dan\u0131\u015f\u0131qlardan \u00e7\u0131x\u0131rlar. Dan\u0131\u015f\u0131qlardan \u00e7\u0131x\u0131rs\u0131n\u0131zsa, onda m\u00fcharib\u0259 elan edirsiniz? M\u00fcnaqi\u015f\u0259ni m\u00fcharib\u0259 yolu il\u0259 h\u0259ll etm\u0259k ist\u0259yirsiniz? Y\u0259ni m\u0259ntiq anla\u015f\u0131lan deyil&#8221;.<\/p>\n<p>  APA-n\u0131n m\u0259lumat\u0131na g\u00f6r\u0259, bunu xarici i\u015fl\u0259r naziri Elmar M\u0259mm\u0259dyarov Erm\u0259nistan prezidenti Serj Sarkisyan\u0131n t\u0259hl\u00fck\u0259sizliy\u0259 t\u0259minat verilm\u0259y\u0259c\u0259yi t\u0259qdird\u0259 Az\u0259rbaycanla dan\u0131\u015f\u0131qlar\u0131n m\u0259nas\u0131n\u0131n olmad\u0131\u011f\u0131 bar\u0259d\u0259 b\u0259yanat\u0131n\u0131 \u015f\u0259rh ed\u0259rk\u0259n deyib.<\/p>\n<p>  Nazir son d\u00f6rd ild\u0259 Qaraba\u011f dan\u0131\u015f\u0131qlar\u0131nda normal m\u00fczakir\u0259l\u0259r olmad\u0131\u011f\u0131n\u0131 bildirib: &#8220;Az\u0259rbaycan h\u0259r d\u0259f\u0259 b\u0259yan edir ki, i\u015f\u011fal olmu\u015f torpaqlarda erm\u0259ni h\u0259rbi birl\u0259\u015fm\u0259l\u0259ri var. Bu birl\u0259\u015fm\u0259l\u0259r h\u0259min \u0259razil\u0259rd\u0259n \u00e7\u0131xmal\u0131d\u0131r. M\u00fcnaqi\u015f\u0259nin h\u0259lli istiqm\u0259tind\u0259 ir\u0259lil\u0259yi\u015f \u00fc\u00e7\u00fcn m\u00fc\u0259yy\u0259n m\u0259qamlar olduqda is\u0259 h\u0259r d\u0259f\u0259 v\u0259ziyy\u0259t g\u0259rginl\u0259\u015fdirilir, c\u0259bh\u0259d\u0259 toqqu\u015fmalar ba\u015f verir. Biz do\u011frudan da anlaya bilmirik ki, erm\u0259ni t\u0259r\u0259fi n\u0259 ist\u0259yir, hans\u0131 yolu se\u00e7ir? Dan\u0131\u015f\u0131qlar aparanda da qar\u015f\u0131 t\u0259r\u0259f\u0259 sual verilir ki, s\u0259nin &#8220;q\u0131rm\u0131z\u0131 x\u0259tt&#8221;in haradad\u0131r, s\u0259n n\u0259 ist\u0259yirs\u0259n? Biz bunu ba\u015fa d\u00fc\u015f\u0259k ki, buna uy\u011fun da dan\u0131\u015f\u0131qlar aparaq. \u018fvv\u0259ll\u0259r yen\u0259 d\u0259 dan\u0131\u015f\u0131qlar\u0131n m\u00fcst\u0259visi b\u0259lli idi. \u018fvv\u0259l &#8220;Madrid prinsipl\u0259ri&#8221; vard\u0131, dan\u0131\u015f\u0131qlar apar\u0131l\u0131rd\u0131, sonra Rusiya t\u0259klif verdi, dan\u0131\u015f\u0131qlar davam etdi. \u0130ndi is\u0259 he\u00e7 n\u0259 b\u0259lli deyil&#8221;.<\/p>\n<p>  Rusiya xarici i\u015fl\u0259r naziri Sergey Lavrovun \u00f6t\u0259n ilin yay\u0131nda bir s\u0131ra t\u0259klifl\u0259rl\u0259 \u00e7\u0131x\u0131\u015f etdiyini qeyd ed\u0259n E. M\u0259mm\u0259dyarovun s\u00f6zl\u0259rin\u0259 g\u00f6r\u0259, t\u0259klifl\u0259rd\u0259 qeyd olunub ki, hans\u0131 m\u0259s\u0259l\u0259l\u0259rd\u0259 raz\u0131l\u0131\u011fa g\u0259lm\u0259k m\u00fcmk\u00fcn deyils\u0259, onlar bir k\u0259nara qoyulsun, he\u00e7 olmasa, h\u0259rbi v\u0259 t\u0259hl\u00fck\u0259sizlik probleml\u0259ri h\u0259ll edilsin: &#8220;\u00c7\u00fcnki he\u00e7 kim ist\u0259mir ki, g\u0259ncl\u0259r c\u0259bh\u0259d\u0259 h\u0259lak olsunlar. Bunun \u00fc\u00e7\u00fcn d\u0259 erm\u0259nil\u0259r h\u0259rb\u00e7il\u0259ri \u00e7\u0131xarmal\u0131d\u0131rlar. Erm\u0259nistan \u0259sg\u0259rinin Az\u0259rbaycan \u0259razisind\u0259 n\u0259 i\u015fi var? Erm\u0259ni h\u0259rb\u00e7il\u0259r i\u015f\u011fal alt\u0131ndak\u0131 torpaqlardan \u00e7\u0131xar\u0131landan sonra s\u00fclhm\u0259raml\u0131 da olacaq, yollar da a\u00e7\u0131lacaq, qa\u00e7q\u0131nlar da qay\u0131dacaq, etimad m\u00fchiti d\u0259 yaranacaq v\u0259 yava\u015f-yava\u015f s\u00fclh\u0259 nail olaca\u011f\u0131q. Yoxsa bu v\u0259ziyy\u0259tin ax\u0131r\u0131 yoxdur. Biz qon\u015fu \u00f6lk\u0259l\u0259rik, Az\u0259rbaycan torpa\u011f\u0131n\u0131 g\u00f6t\u00fcr\u00fcb Kaliforniyaya, yoxsa Marsel\u0259 k\u00f6\u00e7\u0259c\u0259ks\u0259n? \u0130st\u0259r-ist\u0259m\u0259z qon\u015fularla dil tapmal\u0131san. Erm\u0259nistan deyir ki, m\u00fcnaqi\u015f\u0259 h\u0259ms\u0259drl\u0259rin, prezidentl\u0259rin b\u0259yanatlar\u0131 \u0259sas\u0131nda h\u0259ll olunsun. Lap yax\u015f\u0131. Muskokda q\u0259bul edilmi\u015f alt\u0131 b\u0259ndlik b\u0259yanat\u0131n birinci b\u0259ndind\u0259 bildirilir ki, erm\u0259ni h\u0259rbi birl\u0259\u015fm\u0259l\u0259ri i\u015f\u011fal olunmu\u015f torpaqlardan \u00e7\u0131xar\u0131lmal\u0131d\u0131r. Bunu q\u0259bul edirs\u0259ns\u0259, qo\u015funlar\u0131 \u00e7\u0131xarma\u011fa ba\u015fla d\u0259. \u00d6z v\u0259t\u0259nda\u015flar\u0131na de ki, v\u0259ziyy\u0259t budur, qo\u015funlar\u0131 gec-tez \u00e7\u0131xarmal\u0131y\u0131q&#8221;.<\/p>\n<p>  E. M\u0259mm\u0259dyarov Az\u0259rbaycan v\u0259 Erm\u0259nistan xarici i\u015fl\u0259r nazirl\u0259ri s\u0259viyy\u0259sind\u0259 yax\u0131n vaxtlarda g\u00f6r\u00fc\u015f planla\u015fd\u0131r\u0131lmad\u0131\u011f\u0131n\u0131 da deyib: &#8220;B\u0259lk\u0259 h\u0259ms\u0259drl\u0259rl\u0259 g\u00f6r\u00fc\u015fd\u00fck&#8221;.<\/p>\n<p>  &#8220;Madrid prinsipl\u0259ri&#8221;nin Kazan formulu v\u0259 Lavrovun t\u0259klifl\u0259ri il\u0259 ziddiyy\u0259t t\u0259\u015fkil edib-etm\u0259m\u0259si m\u0259s\u0259l\u0259sin\u0259 ayd\u0131nl\u0131q g\u0259tir\u0259n nazir qeyd edib ki, bunlar bir-birin\u0259 mane olmur: &#8220;\u0130st\u0259r Madrid prinsipl\u0259ri, ist\u0259r Kazan formulu, ist\u0259rs\u0259 d\u0259 Lavrovun t\u0259klifl\u0259ri olsun, bunlar bir-birin\u0259 mane olmur. Sonuncu t\u0259klifl\u0259r 2009-cu ilin dekabr ay\u0131nda Afinada biz\u0259 t\u0259qdim olunmu\u015f r\u0259smi t\u0259klifl\u0259rdir. Erm\u0259nil\u0259r o s\u0259n\u0259di q\u0259bul etm\u0259kd\u0259n imtina etdil\u0259r. H\u0259ms\u0259drl\u0259r ondan 2-3 ay sonra Erm\u0259nistana s\u0259f\u0259r ed\u0259r\u0259k bu s\u0259n\u0259di Erm\u0259nistan prezidentin\u0259 t\u0259qdim etdil\u0259r. M\u0259s\u0259l\u0259 ondad\u0131r ki, ham\u0131 problemin nec\u0259 h\u0259ll olunaca\u011f\u0131n\u0131 bilir. &#8220;Yenil\u0259nmi\u015f Madrid prinsipl\u0259ri&#8221; alt\u0131 b\u0259ndd\u0259n ibar\u0259t olan t\u0259klifl\u0259rdir. O s\u0259n\u0259dd\u0259 d\u0259 \u0259ksini tap\u0131b, ham\u0131 da bilir ki, ilkin olaraq erm\u0259ni h\u0259rbi birl\u0259\u015fm\u0259l\u0259ri i\u015f\u011fal olunan \u0259razil\u0259rd\u0259n \u00e7\u0131xar\u0131lmal\u0131d\u0131r&#8221;.<\/p>\n<p>  Nazir sonda Az\u0259rbaycan\u0131n dan\u0131\u015f\u0131qlar\u0131n davam etdirilm\u0259sinin t\u0259r\u0259fdar\u0131 oldu\u011funu vur\u011fulay\u0131b.<\/p>\n","protected":false},"excerpt":{"rendered":"<p>&#8221;\u0130st\u0259r Madrid prinsipl\u0259ri, ist\u0259r Kazan formulu, ist\u0259rs\u0259 d\u0259 Lavrovun t\u0259klifl\u0259ri olsun, bunlar bir-birin\u0259 mane olmur&#8221;<\/p>\n","protected":false},"author":11,"featured_media":55869,"comment_status":"closed","ping_status":"open","sticky":false,"template":"","format":"standard","meta":{"_acf_changed":false,"_sitemap_exclude":false,"_sitemap_priority":"","_sitemap_frequency":"","footnotes":""},"categories":[51],"tags":[],"class_list":["post-175482","post","type-post","status-publish","format-standard","has-post-thumbnail","hentry","category-analitika","infinite-scroll-item","generate-columns","tablet-grid-50","mobile-grid-100","grid-parent","grid-33","no-featured-image-padding"],"acf":[],"yoast_head":"<!-- This site is optimized with the Yoast SEO plugin v27.5 - https:\/\/yoast.com\/product\/yoast-seo-wordpress\/ -->\n<title>Elmar M\u0259mm\u0259dyarov: &#039;&#039;Erm\u0259nistan\u0131n m\u0259ntiqini anlamaq m\u00fcmk\u00fcn deyil&#039;&#039; - MEYDAN.TV<\/title>\n<meta name=\"robots\" content=\"index, follow, max-snippet:-1, max-image-preview:large, max-video-preview:-1\" \/>\n<link rel=\"canonical\" href=\"https:\/\/www.meydan.tv\/az\/article\/elmar-memmedyarov-ermenistanin-mentiqini-anlamaq-mumkun-deyil\/\" \/>\n<meta property=\"og:locale\" content=\"az_AZ\" \/>\n<meta property=\"og:type\" content=\"article\" \/>\n<meta property=\"og:title\" content=\"Elmar M\u0259mm\u0259dyarov: &#039;&#039;Erm\u0259nistan\u0131n m\u0259ntiqini anlamaq m\u00fcmk\u00fcn deyil&#039;&#039; - MEYDAN.TV\" \/>\n<meta property=\"og:description\" content=\"&#039;&#039;\u0130st\u0259r Madrid prinsipl\u0259ri, ist\u0259r Kazan formulu, ist\u0259rs\u0259 d\u0259 Lavrovun t\u0259klifl\u0259ri olsun, bunlar bir-birin\u0259 mane olmur&#039;&#039;\" \/>\n<meta property=\"og:url\" content=\"https:\/\/www.meydan.tv\/az\/article\/elmar-memmedyarov-ermenistanin-mentiqini-anlamaq-mumkun-deyil\/\" \/>\n<meta property=\"og:site_name\" content=\"MEYDAN.TV\" \/>\n<meta property=\"article:published_time\" content=\"2016-04-27T00:36:33+00:00\" \/>\n<meta property=\"og:image\" content=\"https:\/\/www.meydan.tv\/wp-content\/uploads\/21106.jpg\" \/>\n\t<meta property=\"og:image:width\" content=\"750\" \/>\n\t<meta property=\"og:image:height\" content=\"500\" \/>\n\t<meta property=\"og:image:type\" content=\"image\/jpeg\" \/>\n<meta name=\"author\" content=\"user-manager\" \/>\n<meta name=\"twitter:card\" content=\"summary_large_image\" \/>\n<script type=\"application\/ld+json\" class=\"yoast-schema-graph\">{\"@context\":\"https:\\\/\\\/schema.org\",\"@graph\":[{\"@type\":\"Article\",\"@id\":\"https:\\\/\\\/www.meydan.tv\\\/az\\\/article\\\/elmar-memmedyarov-ermenistanin-mentiqini-anlamaq-mumkun-deyil\\\/#article\",\"isPartOf\":{\"@id\":\"https:\\\/\\\/www.meydan.tv\\\/az\\\/article\\\/elmar-memmedyarov-ermenistanin-mentiqini-anlamaq-mumkun-deyil\\\/\"},\"author\":{\"name\":\"user-manager\",\"@id\":\"https:\\\/\\\/www.meydan.tv\\\/az\\\/#\\\/schema\\\/person\\\/10d11eccf6da3662cf5fdab9806ea91a\"},\"headline\":\"Elmar M\u0259mm\u0259dyarov: &#8221;Erm\u0259nistan\u0131n m\u0259ntiqini anlamaq m\u00fcmk\u00fcn deyil&#8221;\",\"datePublished\":\"2016-04-27T00:36:33+00:00\",\"mainEntityOfPage\":{\"@id\":\"https:\\\/\\\/www.meydan.tv\\\/az\\\/article\\\/elmar-memmedyarov-ermenistanin-mentiqini-anlamaq-mumkun-deyil\\\/\"},\"wordCount\":878,\"publisher\":{\"@id\":\"https:\\\/\\\/www.meydan.tv\\\/az\\\/#organization\"},\"image\":{\"@id\":\"https:\\\/\\\/www.meydan.tv\\\/az\\\/article\\\/elmar-memmedyarov-ermenistanin-mentiqini-anlamaq-mumkun-deyil\\\/#primaryimage\"},\"thumbnailUrl\":\"https:\\\/\\\/www.meydan.tv\\\/wp-content\\\/uploads\\\/21106.jpg\",\"articleSection\":[\"Analitika\"],\"inLanguage\":\"az\"},{\"@type\":\"WebPage\",\"@id\":\"https:\\\/\\\/www.meydan.tv\\\/az\\\/article\\\/elmar-memmedyarov-ermenistanin-mentiqini-anlamaq-mumkun-deyil\\\/\",\"url\":\"https:\\\/\\\/www.meydan.tv\\\/az\\\/article\\\/elmar-memmedyarov-ermenistanin-mentiqini-anlamaq-mumkun-deyil\\\/\",\"name\":\"Elmar M\u0259mm\u0259dyarov: ''Erm\u0259nistan\u0131n m\u0259ntiqini anlamaq m\u00fcmk\u00fcn deyil'' - MEYDAN.TV\",\"isPartOf\":{\"@id\":\"https:\\\/\\\/www.meydan.tv\\\/az\\\/#website\"},\"primaryImageOfPage\":{\"@id\":\"https:\\\/\\\/www.meydan.tv\\\/az\\\/article\\\/elmar-memmedyarov-ermenistanin-mentiqini-anlamaq-mumkun-deyil\\\/#primaryimage\"},\"image\":{\"@id\":\"https:\\\/\\\/www.meydan.tv\\\/az\\\/article\\\/elmar-memmedyarov-ermenistanin-mentiqini-anlamaq-mumkun-deyil\\\/#primaryimage\"},\"thumbnailUrl\":\"https:\\\/\\\/www.meydan.tv\\\/wp-content\\\/uploads\\\/21106.jpg\",\"datePublished\":\"2016-04-27T00:36:33+00:00\",\"breadcrumb\":{\"@id\":\"https:\\\/\\\/www.meydan.tv\\\/az\\\/article\\\/elmar-memmedyarov-ermenistanin-mentiqini-anlamaq-mumkun-deyil\\\/#breadcrumb\"},\"inLanguage\":\"az\",\"potentialAction\":[{\"@type\":\"ReadAction\",\"target\":[\"https:\\\/\\\/www.meydan.tv\\\/az\\\/article\\\/elmar-memmedyarov-ermenistanin-mentiqini-anlamaq-mumkun-deyil\\\/\"]}]},{\"@type\":\"ImageObject\",\"inLanguage\":\"az\",\"@id\":\"https:\\\/\\\/www.meydan.tv\\\/az\\\/article\\\/elmar-memmedyarov-ermenistanin-mentiqini-anlamaq-mumkun-deyil\\\/#primaryimage\",\"url\":\"https:\\\/\\\/www.meydan.tv\\\/wp-content\\\/uploads\\\/21106.jpg\",\"contentUrl\":\"https:\\\/\\\/www.meydan.tv\\\/wp-content\\\/uploads\\\/21106.jpg\",\"width\":750,\"height\":500,\"caption\":\"Source:\"},{\"@type\":\"BreadcrumbList\",\"@id\":\"https:\\\/\\\/www.meydan.tv\\\/az\\\/article\\\/elmar-memmedyarov-ermenistanin-mentiqini-anlamaq-mumkun-deyil\\\/#breadcrumb\",\"itemListElement\":[{\"@type\":\"ListItem\",\"position\":1,\"name\":\"Ana s\u0259hif\u0259\",\"item\":\"https:\\\/\\\/www.meydan.tv\\\/az\\\/\"},{\"@type\":\"ListItem\",\"position\":2,\"name\":\"Analitika\",\"item\":\"https:\\\/\\\/www.meydan.tv\\\/az\\\/section\\\/analitika\\\/\"},{\"@type\":\"ListItem\",\"position\":3,\"name\":\"Elmar M\u0259mm\u0259dyarov: &#8221;Erm\u0259nistan\u0131n m\u0259ntiqini anlamaq m\u00fcmk\u00fcn deyil&#8221;\"}]},{\"@type\":\"WebSite\",\"@id\":\"https:\\\/\\\/www.meydan.tv\\\/az\\\/#website\",\"url\":\"https:\\\/\\\/www.meydan.tv\\\/az\\\/\",\"name\":\"MEYDAN.TV\",\"description\":\"Meydan TV Az\u0259rbaycan\u0131n media m\u0259kan\u0131ndak\u0131 alternativ s\u0259sidir\",\"publisher\":{\"@id\":\"https:\\\/\\\/www.meydan.tv\\\/az\\\/#organization\"},\"potentialAction\":[{\"@type\":\"SearchAction\",\"target\":{\"@type\":\"EntryPoint\",\"urlTemplate\":\"https:\\\/\\\/www.meydan.tv\\\/az\\\/?s={search_term_string}\"},\"query-input\":{\"@type\":\"PropertyValueSpecification\",\"valueRequired\":true,\"valueName\":\"search_term_string\"}}],\"inLanguage\":\"az\"},{\"@type\":\"Organization\",\"@id\":\"https:\\\/\\\/www.meydan.tv\\\/az\\\/#organization\",\"name\":\"Meydan TV\",\"url\":\"https:\\\/\\\/www.meydan.tv\\\/az\\\/\",\"logo\":{\"@type\":\"ImageObject\",\"inLanguage\":\"az\",\"@id\":\"https:\\\/\\\/www.meydan.tv\\\/az\\\/#\\\/schema\\\/logo\\\/image\\\/\",\"url\":\"https:\\\/\\\/www.meydan.tv\\\/wp-content\\\/uploads\\\/2021\\\/07\\\/meydan-logo.svg\",\"contentUrl\":\"https:\\\/\\\/www.meydan.tv\\\/wp-content\\\/uploads\\\/2021\\\/07\\\/meydan-logo.svg\",\"width\":195,\"height\":46,\"caption\":\"Meydan TV\"},\"image\":{\"@id\":\"https:\\\/\\\/www.meydan.tv\\\/az\\\/#\\\/schema\\\/logo\\\/image\\\/\"}},{\"@type\":\"Person\",\"@id\":\"https:\\\/\\\/www.meydan.tv\\\/az\\\/#\\\/schema\\\/person\\\/10d11eccf6da3662cf5fdab9806ea91a\",\"name\":\"user-manager\"}]}<\/script>\n<!-- \/ Yoast SEO plugin. -->","yoast_head_json":{"title":"Elmar M\u0259mm\u0259dyarov: ''Erm\u0259nistan\u0131n m\u0259ntiqini anlamaq m\u00fcmk\u00fcn deyil'' - MEYDAN.TV","robots":{"index":"index","follow":"follow","max-snippet":"max-snippet:-1","max-image-preview":"max-image-preview:large","max-video-preview":"max-video-preview:-1"},"canonical":"https:\/\/www.meydan.tv\/az\/article\/elmar-memmedyarov-ermenistanin-mentiqini-anlamaq-mumkun-deyil\/","og_locale":"az_AZ","og_type":"article","og_title":"Elmar M\u0259mm\u0259dyarov: ''Erm\u0259nistan\u0131n m\u0259ntiqini anlamaq m\u00fcmk\u00fcn deyil'' - MEYDAN.TV","og_description":"''\u0130st\u0259r Madrid prinsipl\u0259ri, ist\u0259r Kazan formulu, ist\u0259rs\u0259 d\u0259 Lavrovun t\u0259klifl\u0259ri olsun, bunlar bir-birin\u0259 mane olmur''","og_url":"https:\/\/www.meydan.tv\/az\/article\/elmar-memmedyarov-ermenistanin-mentiqini-anlamaq-mumkun-deyil\/","og_site_name":"MEYDAN.TV","article_published_time":"2016-04-27T00:36:33+00:00","og_image":[{"width":750,"height":500,"url":"https:\/\/www.meydan.tv\/wp-content\/uploads\/21106.jpg","type":"image\/jpeg"}],"author":"user-manager","twitter_card":"summary_large_image","schema":{"@context":"https:\/\/schema.org","@graph":[{"@type":"Article","@id":"https:\/\/www.meydan.tv\/az\/article\/elmar-memmedyarov-ermenistanin-mentiqini-anlamaq-mumkun-deyil\/#article","isPartOf":{"@id":"https:\/\/www.meydan.tv\/az\/article\/elmar-memmedyarov-ermenistanin-mentiqini-anlamaq-mumkun-deyil\/"},"author":{"name":"user-manager","@id":"https:\/\/www.meydan.tv\/az\/#\/schema\/person\/10d11eccf6da3662cf5fdab9806ea91a"},"headline":"Elmar M\u0259mm\u0259dyarov: &#8221;Erm\u0259nistan\u0131n m\u0259ntiqini anlamaq m\u00fcmk\u00fcn deyil&#8221;","datePublished":"2016-04-27T00:36:33+00:00","mainEntityOfPage":{"@id":"https:\/\/www.meydan.tv\/az\/article\/elmar-memmedyarov-ermenistanin-mentiqini-anlamaq-mumkun-deyil\/"},"wordCount":878,"publisher":{"@id":"https:\/\/www.meydan.tv\/az\/#organization"},"image":{"@id":"https:\/\/www.meydan.tv\/az\/article\/elmar-memmedyarov-ermenistanin-mentiqini-anlamaq-mumkun-deyil\/#primaryimage"},"thumbnailUrl":"https:\/\/www.meydan.tv\/wp-content\/uploads\/21106.jpg","articleSection":["Analitika"],"inLanguage":"az"},{"@type":"WebPage","@id":"https:\/\/www.meydan.tv\/az\/article\/elmar-memmedyarov-ermenistanin-mentiqini-anlamaq-mumkun-deyil\/","url":"https:\/\/www.meydan.tv\/az\/article\/elmar-memmedyarov-ermenistanin-mentiqini-anlamaq-mumkun-deyil\/","name":"Elmar M\u0259mm\u0259dyarov: ''Erm\u0259nistan\u0131n m\u0259ntiqini anlamaq m\u00fcmk\u00fcn deyil'' - MEYDAN.TV","isPartOf":{"@id":"https:\/\/www.meydan.tv\/az\/#website"},"primaryImageOfPage":{"@id":"https:\/\/www.meydan.tv\/az\/article\/elmar-memmedyarov-ermenistanin-mentiqini-anlamaq-mumkun-deyil\/#primaryimage"},"image":{"@id":"https:\/\/www.meydan.tv\/az\/article\/elmar-memmedyarov-ermenistanin-mentiqini-anlamaq-mumkun-deyil\/#primaryimage"},"thumbnailUrl":"https:\/\/www.meydan.tv\/wp-content\/uploads\/21106.jpg","datePublished":"2016-04-27T00:36:33+00:00","breadcrumb":{"@id":"https:\/\/www.meydan.tv\/az\/article\/elmar-memmedyarov-ermenistanin-mentiqini-anlamaq-mumkun-deyil\/#breadcrumb"},"inLanguage":"az","potentialAction":[{"@type":"ReadAction","target":["https:\/\/www.meydan.tv\/az\/article\/elmar-memmedyarov-ermenistanin-mentiqini-anlamaq-mumkun-deyil\/"]}]},{"@type":"ImageObject","inLanguage":"az","@id":"https:\/\/www.meydan.tv\/az\/article\/elmar-memmedyarov-ermenistanin-mentiqini-anlamaq-mumkun-deyil\/#primaryimage","url":"https:\/\/www.meydan.tv\/wp-content\/uploads\/21106.jpg","contentUrl":"https:\/\/www.meydan.tv\/wp-content\/uploads\/21106.jpg","width":750,"height":500,"caption":"Source:"},{"@type":"BreadcrumbList","@id":"https:\/\/www.meydan.tv\/az\/article\/elmar-memmedyarov-ermenistanin-mentiqini-anlamaq-mumkun-deyil\/#breadcrumb","itemListElement":[{"@type":"ListItem","position":1,"name":"Ana s\u0259hif\u0259","item":"https:\/\/www.meydan.tv\/az\/"},{"@type":"ListItem","position":2,"name":"Analitika","item":"https:\/\/www.meydan.tv\/az\/section\/analitika\/"},{"@type":"ListItem","position":3,"name":"Elmar M\u0259mm\u0259dyarov: &#8221;Erm\u0259nistan\u0131n m\u0259ntiqini anlamaq m\u00fcmk\u00fcn deyil&#8221;"}]},{"@type":"WebSite","@id":"https:\/\/www.meydan.tv\/az\/#website","url":"https:\/\/www.meydan.tv\/az\/","name":"MEYDAN.TV","description":"Meydan TV Az\u0259rbaycan\u0131n media m\u0259kan\u0131ndak\u0131 alternativ s\u0259sidir","publisher":{"@id":"https:\/\/www.meydan.tv\/az\/#organization"},"potentialAction":[{"@type":"SearchAction","target":{"@type":"EntryPoint","urlTemplate":"https:\/\/www.meydan.tv\/az\/?s={search_term_string}"},"query-input":{"@type":"PropertyValueSpecification","valueRequired":true,"valueName":"search_term_string"}}],"inLanguage":"az"},{"@type":"Organization","@id":"https:\/\/www.meydan.tv\/az\/#organization","name":"Meydan TV","url":"https:\/\/www.meydan.tv\/az\/","logo":{"@type":"ImageObject","inLanguage":"az","@id":"https:\/\/www.meydan.tv\/az\/#\/schema\/logo\/image\/","url":"https:\/\/www.meydan.tv\/wp-content\/uploads\/2021\/07\/meydan-logo.svg","contentUrl":"https:\/\/www.meydan.tv\/wp-content\/uploads\/2021\/07\/meydan-logo.svg","width":195,"height":46,"caption":"Meydan TV"},"image":{"@id":"https:\/\/www.meydan.tv\/az\/#\/schema\/logo\/image\/"}},{"@type":"Person","@id":"https:\/\/www.meydan.tv\/az\/#\/schema\/person\/10d11eccf6da3662cf5fdab9806ea91a","name":"user-manager"}]}},"_links":{"self":[{"href":"https:\/\/www.meydan.tv\/az\/wp-json\/wp\/v2\/posts\/175482","targetHints":{"allow":["GET"]}}],"collection":[{"href":"https:\/\/www.meydan.tv\/az\/wp-json\/wp\/v2\/posts"}],"about":[{"href":"https:\/\/www.meydan.tv\/az\/wp-json\/wp\/v2\/types\/post"}],"author":[{"embeddable":true,"href":"https:\/\/www.meydan.tv\/az\/wp-json\/wp\/v2\/users\/11"}],"replies":[{"embeddable":true,"href":"https:\/\/www.meydan.tv\/az\/wp-json\/wp\/v2\/comments?post=175482"}],"version-history":[{"count":0,"href":"https:\/\/www.meydan.tv\/az\/wp-json\/wp\/v2\/posts\/175482\/revisions"}],"wp:featuredmedia":[{"embeddable":true,"href":"https:\/\/www.meydan.tv\/az\/wp-json\/wp\/v2\/media\/55869"}],"wp:attachment":[{"href":"https:\/\/www.meydan.tv\/az\/wp-json\/wp\/v2\/media?parent=175482"}],"wp:term":[{"taxonomy":"category","embeddable":true,"href":"https:\/\/www.meydan.tv\/az\/wp-json\/wp\/v2\/categories?post=175482"},{"taxonomy":"post_tag","embeddable":true,"href":"https:\/\/www.meydan.tv\/az\/wp-json\/wp\/v2\/tags?post=175482"}],"curies":[{"name":"wp","href":"https:\/\/api.w.org\/{rel}","templated":true}]}}