{"id":175474,"date":"2016-04-26T18:59:29","date_gmt":"2016-04-26T18:59:29","guid":{"rendered":"https:\/\/www.meydan.tv\/article\/ermenistan-mudafie-nazirliyi-3-istiqametde-bohran-yasanir-tehlil\/"},"modified":"2016-04-26T18:59:29","modified_gmt":"2016-04-26T18:59:29","slug":"ermenistan-mudafie-nazirliyi-3-istiqametde-bohran-yasanir-tehlil","status":"publish","type":"post","link":"https:\/\/www.meydan.tv\/az\/article\/ermenistan-mudafie-nazirliyi-3-istiqametde-bohran-yasanir-tehlil\/","title":{"rendered":"Erm\u0259nistan M\u00fcdafi\u0259 Nazirliyi: 3 istiqam\u0259td\u0259 b\u00f6hran ya\u015fan\u0131r-T\u0259hlil"},"content":{"rendered":"<figure class=\"wp-block-image size-large\">\n  <img decoding=\"async\" src=\"https:\/\/www.meydan.tv\/az\/55842\/\" alt=\"\" class=\"wp-image-55842\"\/><figcaption><\/figcaption><\/figure>\n<p>\n  Aprelin 25-d\u0259 Erm\u0259nistan prezidenti Serj Sarkisyan\u0131n f\u0259rman\u0131 il\u0259 m\u00fcdafi\u0259 nazirinin maddi-texniki t\u0259chizat \u00fczr\u0259 m\u00fcavini Alik Mirzabekian, Ba\u015f q\u0259rargah\u0131n k\u0259\u015ffyyat idar\u0259sinin r\u0259isi \u00a0general-mayor Arshak Karapetian, rabit\u0259 qo\u015funlar\u0131n\u0131n \u2013 rabit\u0259 v\u0259 avtomatik idar\u0259etm\u0259 sisteml\u0259ri idar\u0259sinin r\u0259isi, general-mayor Komitas Muradian i\u015fd\u0259n azad edilibl\u0259r.\n<\/p>\n<p>\n  \u201cX\u0259z\u0259r\u201d H\u0259rbi T\u0259dqiqatlar \u0130nstitutunun Meydan TV-y\u0259 daxil olan t\u0259hlilind\u0259 bildirilir ki, prezident Sarkisyan\u0131n f\u0259rman\u0131 Erm\u0259nistan Silahl\u0131 Q\u00fcvv\u0259l\u0259rinin haz\u0131rda 3 istiqam\u0259td\u0259 b\u00f6hran ya\u015fad\u0131\u011f\u0131n\u0131 g\u00f6st\u0259rir. Bel\u0259likl\u0259, aprelin 2-5-d\u0259 c\u0259bh\u0259 x\u0259ttind\u0259 ba\u015f ver\u0259n h\u0259rbi \u0259m\u0259liyyatlar Erm\u0259nistan Silahl\u0131 Q\u00fcvv\u0259l\u0259rinin a\u015fa\u011f\u0131dak\u0131 \u0259sas \u00e7at\u0131\u015fmazl\u0131qlar\u0131n\u0131 ortaya \u00e7\u0131xar\u0131b:\n<\/p>\n<ul>\n<li>\n      <i><br \/>\n        Silahl\u0131 Q\u00fcvv\u0259l\u0259rin maddi-texniki t\u0259chizat\u0131;<br \/>\n      <\/i>\n    <\/li>\n<li>\n      <i><br \/>\n        K\u0259\u015ffiyyat f\u0259aliyy\u0259ti;<br \/>\n      <\/i>\n    <\/li>\n<li>\n      <i><br \/>\n        Rabit\u0259 v\u0259 avtomatik idar\u0259etm\u0259.<br \/>\n      <\/i>\n    <\/li>\n<\/ul>\n<p>\n  Ara\u015fd\u0131rmalara g\u00f6r\u0259, h\u0259r il Erm\u0259nistan Silahl\u0131 Q\u00fcvv\u0259l\u0259rin\u0259 ayr\u0131lan b\u00fcdc\u0259nin (Erm\u0259nistan\u0131n illik h\u0259rbi b\u00fcdc\u0259si 400-600 milyon dollar aras\u0131nda d\u0259yi\u015fir) \u0259sas hiss\u0259si \u2013 t\u0259xmin\u0259n 80 faizi m\u0259hz maddi-texniki t\u0259chizata ayr\u0131l\u0131r. Buraya dem\u0259k olar ki, ordunun ayaqda qalmas\u0131 \u00fc\u00e7\u00fcn h\u0259r \u015fey \u2013 silahlanma v\u0259 dig\u0259r h\u0259rbi-texniki t\u0259chizat, h\u0259rbi xarakterli binalar, s\u0131\u011f\u0131nacaqlar, m\u00fch\u0259ndis-istehkam qur\u011fular\u0131, m\u00fcxt\u0259lif obyektl\u0259r, qidalanma, geyim, m\u0259vacib v\u0259 s. daxildir.\n<\/p>\n<p>\n  <b><br \/>\n    Ciddi yeyinti hallar\u0131 ortaya \u00e7\u0131x\u0131b<br \/>\n  <\/b>\n<\/p>\n<p>\n  Erm\u0259ni m\u0259nb\u0259l\u0259rind\u0259n veril\u0259n m\u0259lumata g\u00f6r\u0259, aprelin 2-5-d\u0259 ba\u015f ver\u0259n \u0259m\u0259liyyatlar zaman\u0131 Erm\u0259nistan Silahl\u0131 Q\u00fcvv\u0259l\u0259rinin Da\u011fl\u0131q Qaraba\u011fdak\u0131 h\u0259rbi birl\u0259\u015fm\u0259l\u0259rinin silahlanmas\u0131nda, qidalanmas\u0131nda, geyimind\u0259 v\u0259 eyni zamanda m\u00fcxt\u0259lif h\u0259rbi obyektl\u0259rin (x\u00fcsusil\u0259 d\u0259 tibbi b\u00f6lm\u0259l\u0259r, hospitallar v\u0259 s.) durumunda v\u0259 el\u0259c\u0259 d\u0259 h\u0259rb\u00e7il\u0259rin xidm\u0259t \u015f\u0259raitind\u0259 ciddi probleml\u0259r ortaya \u00e7\u0131x\u0131b. Bir s\u0131ra h\u0259rbi hiss\u0259l\u0259rin maddi-texniki t\u0259minat\u0131n\u0131n \u00fcmumiyy\u0259tl\u0259, yolverilm\u0259z v\u0259ziyy\u0259td\u0259 oldu\u011fu qeyd olunub. B\u00fct\u00fcn bu s\u0259b\u0259bl\u0259rd\u0259n h\u0259rbi \u0259m\u0259liyyatlardan d\u0259rhal sonra Erm\u0259nistan M\u00fcdafi\u0259 Nazirliyinin maddi-texniki t\u0259chizat\u0131n\u0131 h\u0259yata ke\u00e7ir\u0259n m\u00fcxt\u0259lif idar\u0259, struktur v\u0259 birl\u0259\u015fm\u0259l\u0259rind\u0259 anti-korrup\n<\/p>\n<figure class=\"wp-block-image size-large\">\n  <img decoding=\"async\" src=\"https:\/\/www.meydan.tv\/az\/alik-mirzabekyan\/\" alt=\"Alik Mirzabekyan\" class=\"wp-image-55845\"\/><figcaption>\n    Alik Mirzabekyan<br \/>\n  <\/figcaption><\/figure>\n<\/p>\n<p>\n  siya xarakterli yoxlamalara ba\u015flan\u0131l\u0131b. Ciddi yeyinti hallar\u0131n\u0131n m\u00f6vcudlu\u011fu bar\u0259d\u0259 m\u0259lumatlar var. \u0130lkin m\u0259lumata g\u00f6r\u0259, qeyd edil\u0259n strukturlarda 30-dan art\u0131q h\u0259rbi qulluq\u00e7u v\u0259zif\u0259sind\u0259n \u00e7\u0131xar\u0131l\u0131b v\u0259 b\u0259zil\u0259ri art\u0131q cinay\u0259t m\u0259suliyy\u0259tin\u0259 c\u0259lb olunub. M\u00fcdafi\u0259 nazirinin maddi-texniki t\u0259chizat \u00fczr\u0259 art\u0131q ke\u00e7mi\u015f m\u00fcavini Alik Mirzabekian\u0131n sor\u011fuland\u0131\u011f\u0131, ona v\u0259 ail\u0259sin\u0259 \u00f6lk\u0259ni t\u0259rk etm\u0259k qada\u011fas\u0131 qoyuldu\u011fu bildirilir.\n<\/p>\n<p>\n  <b><br \/>\n    Az\u0259rbaycana m\u0259lumat \u00f6t\u00fcr\u00fclm\u0259si?<br \/>\n  <\/b>\n<\/p>\n<figure class=\"wp-block-image size-large\">\n  <img decoding=\"async\" src=\"https:\/\/www.meydan.tv\/az\/arsak-karapetyan\/\" alt=\"Ar\u015fak Karapetyan\" class=\"wp-image-55860\"\/><figcaption>\n    Ar\u015fak Karapetyan<br \/>\n  <\/figcaption><\/figure>\n<p>\n  Bununla bel\u0259, k\u0259\u015ffiyyat v\u0259 rabit\u0259, eyni zamanda avtomatik idar\u0259etm\u0259 sah\u0259l\u0259rind\u0259 d\u0259 ara\u015fd\u0131rmalar\u0131n ba\u015fland\u0131\u011f\u0131 bildirilir. Veril\u0259n m\u0259lumatlarda qeyd olunur ki, \u0259sas \u201cnarahatl\u0131q yarad\u0131c\u0131 m\u0259qam\u201d h\u0259rbi \u0259m\u0259liyyatlar zaman\u0131 erm\u0259ni t\u0259r\u0259finin itkil\u0259rinin (h\u0259m hey\u0259t, h\u0259m d\u0259 texniki) \u00e7ox olmas\u0131d\u0131r. Bel\u0259 g\u00f6r\u00fcn\u00fcr ki, c\u0259bh\u0259 x\u0259ttind\u0259 ba\u015f ver\u0259n h\u0259rbi \u0259m\u0259liyyatlar zaman\u0131 k\u0259\u015ffiyyat qruplar\u0131n\u0131n f\u0259aliyy\u0259tind\u0259 ciddi probleml\u0259r ortaya \u00e7\u0131x\u0131b. Az\u0259rbaycan t\u0259r\u0259finin h\u0259yata ke\u00e7irdiyi b\u0259zi h\u0259r\u0259k\u0259tl\u0259rl\u0259 ba\u011fl\u0131 vaxt\u0131nda x\u0259b\u0259r tutulmay\u0131b v\u0259 bu s\u0259b\u0259bd\u0259n Az\u0259rbaycan t\u0259r\u0259finin z\u0259r\u0259rsizl\u0259\u015fdirilm\u0259si ba\u015f verm\u0259yib. C\u0259bh\u0259 x\u0259ttinin \u015fimal hiss\u0259sind\u0259 \u2013 Tal\u0131\u015f k\u0259ndi yax\u0131nl\u0131\u011f\u0131nda ba\u015f ver\u0259n \u0259m\u0259liyyatlar zaman\u0131 Erm\u0259nistan silahl\u0131 birl\u0259\u015fm\u0259l\u0259rinin rabit\u0259 \u0259laq\u0259sind\u0259 ciddi probleml\u0259r ortaya \u00e7\u0131x\u0131b. \u201cTal\u0131\u015f k\u0259ndi \u0259traf\u0131nda b\u0259zi y\u00fcks\u0259klikl\u0259rin itirilm\u0259sinin \u0259sas s\u0259b\u0259bi m\u0259hz qo\u015funlar\u0131n rabit\u0259 \u0259laq\u0259sind\u0259 ortaya \u00e7\u0131xan probleml\u0259rl\u0259 \u0259laq\u0259li idi\u201d, \u2013 dey\u0259 m\u0259nb\u0259 bildirib.\n<\/p>\n<p>\n  Eyni zamanda Erm\u0259nistan Silahl\u0131 Q\u00fcvv\u0259l\u0259ri Ba\u015f Q\u0259rargah\u0131n\u0131n k\u0259\u015ffiyyat idar\u0259sinin f\u0259aliyy\u0259ti il\u0259 ba\u011fl\u0131 m\u00fc\u0259yy\u0259n n\u00fcanslar ortaya \u00e7\u0131x\u0131b. M\u0259lumata g\u00f6r\u0259, erm\u0259ni x\u00fcsusi xidm\u0259t orqanlar\u0131 Erm\u0259nistan M\u00fcdafi\u0259 Nazirliyind\u0259n Az\u0259rbaycana \u201cinformasiya s\u0131z\u0131nt\u0131s\u0131\u201dn\u0131n m\u00fcmk\u00fcnl\u00fcy\u00fc ehtimal\u0131 \u00fczr\u0259 ara\u015fd\u0131rmalara ba\u015flay\u0131b.\n<\/p>\n<p>\n  <b><br \/>\n    Erm\u0259ni ordusu yenid\u0259n qurulacaq?<br \/>\n  <\/b>\n<\/p>\n<figure class=\"wp-block-image size-large\">\n  <img decoding=\"async\" src=\"https:\/\/www.meydan.tv\/az\/komitas-muradyan\/\" alt=\"Komitas Muradyan\" class=\"wp-image-55848\"\/><figcaption>\n    Komitas Muradyan<br \/>\n  <\/figcaption><\/figure>\n<p>\n  \u00dcmumilikd\u0259 ara\u015fd\u0131rmalar onu g\u00f6st\u0259rir ki, ordunun vacib qollar\u0131 olan \u2013maddi-texniki t\u0259chizat, k\u0259\u015ffiyyat v\u0259 rabit\u0259 qurumlar\u0131n\u0131n r\u0259hb\u0259rl\u0259rinin v\u0259zif\u0259d\u0259n \u00e7\u0131xar\u0131lmas\u0131 Erm\u0259nistan M\u00fcdafi\u0259 Nazirliyinin r\u0259hb\u0259rliyinin yenid\u0259n formala\u015fd\u0131r\u0131lmas\u0131 istiqam\u0259tind\u0259 verilmi\u015f q\u0259rard\u0131r. Bu is\u0259 dolay\u0131s\u0131 il\u0259, erm\u0259ni ordusunun idar\u0259etm\u0259sinin v\u0259 b\u00fct\u00f6vl\u00fckd\u0259 ordunun \u00f6z\u00fcn\u00fcn yenid\u0259n qurulmas\u0131 anlam\u0131na g\u0259l\u0259 bil\u0259r. Bununla da yax\u0131n bir ay \u0259rzind\u0259 Erm\u0259nistan M\u00fcdafi\u0259 Nazirliyind\u0259 onlarla y\u00fcks\u0259k r\u00fctb\u0259li zabitin v\u0259zif\u0259sini itir\u0259c\u0259yini, xeyli sayda zabitl\u0259rin m\u0259suliyy\u0259t\u0259 al\u0131naca\u011f\u0131n\u0131 g\u00f6zl\u0259m\u0259k olar.<\/p>\n","protected":false},"excerpt":{"rendered":"<p>Aprelin 25-d\u0259 Erm\u0259nistan prezidenti Serj Sarkisyan\u0131n f\u0259rman\u0131 il\u0259 m\u00fcdafi\u0259 nazirinin &#8230; <\/p>\n<p class=\"read-more-container\"><a title=\"Erm\u0259nistan M\u00fcdafi\u0259 Nazirliyi: 3 istiqam\u0259td\u0259 b\u00f6hran ya\u015fan\u0131r-T\u0259hlil\" class=\"read-more button\" href=\"https:\/\/www.meydan.tv\/az\/article\/ermenistan-mudafie-nazirliyi-3-istiqametde-bohran-yasanir-tehlil\/#more-175474\" aria-label=\"Read more about Erm\u0259nistan M\u00fcdafi\u0259 Nazirliyi: 3 istiqam\u0259td\u0259 b\u00f6hran ya\u015fan\u0131r-T\u0259hlil\">Davam\u0131<\/a><\/p>\n","protected":false},"author":11,"featured_media":55842,"comment_status":"closed","ping_status":"open","sticky":false,"template":"","format":"standard","meta":{"_acf_changed":false,"_sitemap_exclude":false,"_sitemap_priority":"","_sitemap_frequency":"","footnotes":""},"categories":[51],"tags":[],"class_list":["post-175474","post","type-post","status-publish","format-standard","has-post-thumbnail","hentry","category-analitika","infinite-scroll-item","generate-columns","tablet-grid-50","mobile-grid-100","grid-parent","grid-33","no-featured-image-padding"],"acf":[],"yoast_head":"<!-- This site is optimized with the Yoast SEO plugin v27.5 - https:\/\/yoast.com\/product\/yoast-seo-wordpress\/ -->\n<title>Erm\u0259nistan M\u00fcdafi\u0259 Nazirliyi: 3 istiqam\u0259td\u0259 b\u00f6hran ya\u015fan\u0131r-T\u0259hlil - MEYDAN.TV<\/title>\n<meta name=\"robots\" content=\"index, follow, max-snippet:-1, max-image-preview:large, max-video-preview:-1\" \/>\n<link rel=\"canonical\" href=\"https:\/\/www.meydan.tv\/az\/article\/ermenistan-mudafie-nazirliyi-3-istiqametde-bohran-yasanir-tehlil\/\" \/>\n<meta property=\"og:locale\" content=\"az_AZ\" \/>\n<meta property=\"og:type\" content=\"article\" \/>\n<meta property=\"og:title\" content=\"Erm\u0259nistan M\u00fcdafi\u0259 Nazirliyi: 3 istiqam\u0259td\u0259 b\u00f6hran ya\u015fan\u0131r-T\u0259hlil - MEYDAN.TV\" \/>\n<meta property=\"og:description\" content=\"Aprelin 25-d\u0259 Erm\u0259nistan prezidenti Serj Sarkisyan\u0131n f\u0259rman\u0131 il\u0259 m\u00fcdafi\u0259 nazirinin ... Davam\u0131\" \/>\n<meta property=\"og:url\" content=\"https:\/\/www.meydan.tv\/az\/article\/ermenistan-mudafie-nazirliyi-3-istiqametde-bohran-yasanir-tehlil\/\" \/>\n<meta property=\"og:site_name\" content=\"MEYDAN.TV\" \/>\n<meta property=\"article:published_time\" content=\"2016-04-26T18:59:29+00:00\" \/>\n<meta property=\"og:image\" content=\"https:\/\/www.meydan.tv\/wp-content\/uploads\/21091.jpg\" \/>\n\t<meta property=\"og:image:width\" content=\"900\" \/>\n\t<meta property=\"og:image:height\" content=\"504\" \/>\n\t<meta property=\"og:image:type\" content=\"image\/jpeg\" \/>\n<meta name=\"author\" content=\"user-manager\" \/>\n<meta name=\"twitter:card\" content=\"summary_large_image\" \/>\n<script type=\"application\/ld+json\" class=\"yoast-schema-graph\">{\"@context\":\"https:\\\/\\\/schema.org\",\"@graph\":[{\"@type\":\"Article\",\"@id\":\"https:\\\/\\\/www.meydan.tv\\\/az\\\/article\\\/ermenistan-mudafie-nazirliyi-3-istiqametde-bohran-yasanir-tehlil\\\/#article\",\"isPartOf\":{\"@id\":\"https:\\\/\\\/www.meydan.tv\\\/az\\\/article\\\/ermenistan-mudafie-nazirliyi-3-istiqametde-bohran-yasanir-tehlil\\\/\"},\"author\":{\"name\":\"user-manager\",\"@id\":\"https:\\\/\\\/www.meydan.tv\\\/az\\\/#\\\/schema\\\/person\\\/10d11eccf6da3662cf5fdab9806ea91a\"},\"headline\":\"Erm\u0259nistan M\u00fcdafi\u0259 Nazirliyi: 3 istiqam\u0259td\u0259 b\u00f6hran ya\u015fan\u0131r-T\u0259hlil\",\"datePublished\":\"2016-04-26T18:59:29+00:00\",\"mainEntityOfPage\":{\"@id\":\"https:\\\/\\\/www.meydan.tv\\\/az\\\/article\\\/ermenistan-mudafie-nazirliyi-3-istiqametde-bohran-yasanir-tehlil\\\/\"},\"wordCount\":926,\"publisher\":{\"@id\":\"https:\\\/\\\/www.meydan.tv\\\/az\\\/#organization\"},\"image\":{\"@id\":\"https:\\\/\\\/www.meydan.tv\\\/az\\\/article\\\/ermenistan-mudafie-nazirliyi-3-istiqametde-bohran-yasanir-tehlil\\\/#primaryimage\"},\"thumbnailUrl\":\"https:\\\/\\\/www.meydan.tv\\\/wp-content\\\/uploads\\\/21091.jpg\",\"articleSection\":[\"Analitika\"],\"inLanguage\":\"az\"},{\"@type\":\"WebPage\",\"@id\":\"https:\\\/\\\/www.meydan.tv\\\/az\\\/article\\\/ermenistan-mudafie-nazirliyi-3-istiqametde-bohran-yasanir-tehlil\\\/\",\"url\":\"https:\\\/\\\/www.meydan.tv\\\/az\\\/article\\\/ermenistan-mudafie-nazirliyi-3-istiqametde-bohran-yasanir-tehlil\\\/\",\"name\":\"Erm\u0259nistan M\u00fcdafi\u0259 Nazirliyi: 3 istiqam\u0259td\u0259 b\u00f6hran ya\u015fan\u0131r-T\u0259hlil - MEYDAN.TV\",\"isPartOf\":{\"@id\":\"https:\\\/\\\/www.meydan.tv\\\/az\\\/#website\"},\"primaryImageOfPage\":{\"@id\":\"https:\\\/\\\/www.meydan.tv\\\/az\\\/article\\\/ermenistan-mudafie-nazirliyi-3-istiqametde-bohran-yasanir-tehlil\\\/#primaryimage\"},\"image\":{\"@id\":\"https:\\\/\\\/www.meydan.tv\\\/az\\\/article\\\/ermenistan-mudafie-nazirliyi-3-istiqametde-bohran-yasanir-tehlil\\\/#primaryimage\"},\"thumbnailUrl\":\"https:\\\/\\\/www.meydan.tv\\\/wp-content\\\/uploads\\\/21091.jpg\",\"datePublished\":\"2016-04-26T18:59:29+00:00\",\"breadcrumb\":{\"@id\":\"https:\\\/\\\/www.meydan.tv\\\/az\\\/article\\\/ermenistan-mudafie-nazirliyi-3-istiqametde-bohran-yasanir-tehlil\\\/#breadcrumb\"},\"inLanguage\":\"az\",\"potentialAction\":[{\"@type\":\"ReadAction\",\"target\":[\"https:\\\/\\\/www.meydan.tv\\\/az\\\/article\\\/ermenistan-mudafie-nazirliyi-3-istiqametde-bohran-yasanir-tehlil\\\/\"]}]},{\"@type\":\"ImageObject\",\"inLanguage\":\"az\",\"@id\":\"https:\\\/\\\/www.meydan.tv\\\/az\\\/article\\\/ermenistan-mudafie-nazirliyi-3-istiqametde-bohran-yasanir-tehlil\\\/#primaryimage\",\"url\":\"https:\\\/\\\/www.meydan.tv\\\/wp-content\\\/uploads\\\/21091.jpg\",\"contentUrl\":\"https:\\\/\\\/www.meydan.tv\\\/wp-content\\\/uploads\\\/21091.jpg\",\"width\":900,\"height\":504,\"caption\":\"Source:\"},{\"@type\":\"BreadcrumbList\",\"@id\":\"https:\\\/\\\/www.meydan.tv\\\/az\\\/article\\\/ermenistan-mudafie-nazirliyi-3-istiqametde-bohran-yasanir-tehlil\\\/#breadcrumb\",\"itemListElement\":[{\"@type\":\"ListItem\",\"position\":1,\"name\":\"Ana s\u0259hif\u0259\",\"item\":\"https:\\\/\\\/www.meydan.tv\\\/az\\\/\"},{\"@type\":\"ListItem\",\"position\":2,\"name\":\"Analitika\",\"item\":\"https:\\\/\\\/www.meydan.tv\\\/az\\\/section\\\/analitika\\\/\"},{\"@type\":\"ListItem\",\"position\":3,\"name\":\"Erm\u0259nistan M\u00fcdafi\u0259 Nazirliyi: 3 istiqam\u0259td\u0259 b\u00f6hran ya\u015fan\u0131r-T\u0259hlil\"}]},{\"@type\":\"WebSite\",\"@id\":\"https:\\\/\\\/www.meydan.tv\\\/az\\\/#website\",\"url\":\"https:\\\/\\\/www.meydan.tv\\\/az\\\/\",\"name\":\"MEYDAN.TV\",\"description\":\"Meydan TV Az\u0259rbaycan\u0131n media m\u0259kan\u0131ndak\u0131 alternativ s\u0259sidir\",\"publisher\":{\"@id\":\"https:\\\/\\\/www.meydan.tv\\\/az\\\/#organization\"},\"potentialAction\":[{\"@type\":\"SearchAction\",\"target\":{\"@type\":\"EntryPoint\",\"urlTemplate\":\"https:\\\/\\\/www.meydan.tv\\\/az\\\/?s={search_term_string}\"},\"query-input\":{\"@type\":\"PropertyValueSpecification\",\"valueRequired\":true,\"valueName\":\"search_term_string\"}}],\"inLanguage\":\"az\"},{\"@type\":\"Organization\",\"@id\":\"https:\\\/\\\/www.meydan.tv\\\/az\\\/#organization\",\"name\":\"Meydan TV\",\"url\":\"https:\\\/\\\/www.meydan.tv\\\/az\\\/\",\"logo\":{\"@type\":\"ImageObject\",\"inLanguage\":\"az\",\"@id\":\"https:\\\/\\\/www.meydan.tv\\\/az\\\/#\\\/schema\\\/logo\\\/image\\\/\",\"url\":\"https:\\\/\\\/www.meydan.tv\\\/wp-content\\\/uploads\\\/2021\\\/07\\\/meydan-logo.svg\",\"contentUrl\":\"https:\\\/\\\/www.meydan.tv\\\/wp-content\\\/uploads\\\/2021\\\/07\\\/meydan-logo.svg\",\"width\":195,\"height\":46,\"caption\":\"Meydan TV\"},\"image\":{\"@id\":\"https:\\\/\\\/www.meydan.tv\\\/az\\\/#\\\/schema\\\/logo\\\/image\\\/\"}},{\"@type\":\"Person\",\"@id\":\"https:\\\/\\\/www.meydan.tv\\\/az\\\/#\\\/schema\\\/person\\\/10d11eccf6da3662cf5fdab9806ea91a\",\"name\":\"user-manager\"}]}<\/script>\n<!-- \/ Yoast SEO plugin. -->","yoast_head_json":{"title":"Erm\u0259nistan M\u00fcdafi\u0259 Nazirliyi: 3 istiqam\u0259td\u0259 b\u00f6hran ya\u015fan\u0131r-T\u0259hlil - MEYDAN.TV","robots":{"index":"index","follow":"follow","max-snippet":"max-snippet:-1","max-image-preview":"max-image-preview:large","max-video-preview":"max-video-preview:-1"},"canonical":"https:\/\/www.meydan.tv\/az\/article\/ermenistan-mudafie-nazirliyi-3-istiqametde-bohran-yasanir-tehlil\/","og_locale":"az_AZ","og_type":"article","og_title":"Erm\u0259nistan M\u00fcdafi\u0259 Nazirliyi: 3 istiqam\u0259td\u0259 b\u00f6hran ya\u015fan\u0131r-T\u0259hlil - MEYDAN.TV","og_description":"Aprelin 25-d\u0259 Erm\u0259nistan prezidenti Serj Sarkisyan\u0131n f\u0259rman\u0131 il\u0259 m\u00fcdafi\u0259 nazirinin ... Davam\u0131","og_url":"https:\/\/www.meydan.tv\/az\/article\/ermenistan-mudafie-nazirliyi-3-istiqametde-bohran-yasanir-tehlil\/","og_site_name":"MEYDAN.TV","article_published_time":"2016-04-26T18:59:29+00:00","og_image":[{"width":900,"height":504,"url":"https:\/\/www.meydan.tv\/wp-content\/uploads\/21091.jpg","type":"image\/jpeg"}],"author":"user-manager","twitter_card":"summary_large_image","schema":{"@context":"https:\/\/schema.org","@graph":[{"@type":"Article","@id":"https:\/\/www.meydan.tv\/az\/article\/ermenistan-mudafie-nazirliyi-3-istiqametde-bohran-yasanir-tehlil\/#article","isPartOf":{"@id":"https:\/\/www.meydan.tv\/az\/article\/ermenistan-mudafie-nazirliyi-3-istiqametde-bohran-yasanir-tehlil\/"},"author":{"name":"user-manager","@id":"https:\/\/www.meydan.tv\/az\/#\/schema\/person\/10d11eccf6da3662cf5fdab9806ea91a"},"headline":"Erm\u0259nistan M\u00fcdafi\u0259 Nazirliyi: 3 istiqam\u0259td\u0259 b\u00f6hran ya\u015fan\u0131r-T\u0259hlil","datePublished":"2016-04-26T18:59:29+00:00","mainEntityOfPage":{"@id":"https:\/\/www.meydan.tv\/az\/article\/ermenistan-mudafie-nazirliyi-3-istiqametde-bohran-yasanir-tehlil\/"},"wordCount":926,"publisher":{"@id":"https:\/\/www.meydan.tv\/az\/#organization"},"image":{"@id":"https:\/\/www.meydan.tv\/az\/article\/ermenistan-mudafie-nazirliyi-3-istiqametde-bohran-yasanir-tehlil\/#primaryimage"},"thumbnailUrl":"https:\/\/www.meydan.tv\/wp-content\/uploads\/21091.jpg","articleSection":["Analitika"],"inLanguage":"az"},{"@type":"WebPage","@id":"https:\/\/www.meydan.tv\/az\/article\/ermenistan-mudafie-nazirliyi-3-istiqametde-bohran-yasanir-tehlil\/","url":"https:\/\/www.meydan.tv\/az\/article\/ermenistan-mudafie-nazirliyi-3-istiqametde-bohran-yasanir-tehlil\/","name":"Erm\u0259nistan M\u00fcdafi\u0259 Nazirliyi: 3 istiqam\u0259td\u0259 b\u00f6hran ya\u015fan\u0131r-T\u0259hlil - MEYDAN.TV","isPartOf":{"@id":"https:\/\/www.meydan.tv\/az\/#website"},"primaryImageOfPage":{"@id":"https:\/\/www.meydan.tv\/az\/article\/ermenistan-mudafie-nazirliyi-3-istiqametde-bohran-yasanir-tehlil\/#primaryimage"},"image":{"@id":"https:\/\/www.meydan.tv\/az\/article\/ermenistan-mudafie-nazirliyi-3-istiqametde-bohran-yasanir-tehlil\/#primaryimage"},"thumbnailUrl":"https:\/\/www.meydan.tv\/wp-content\/uploads\/21091.jpg","datePublished":"2016-04-26T18:59:29+00:00","breadcrumb":{"@id":"https:\/\/www.meydan.tv\/az\/article\/ermenistan-mudafie-nazirliyi-3-istiqametde-bohran-yasanir-tehlil\/#breadcrumb"},"inLanguage":"az","potentialAction":[{"@type":"ReadAction","target":["https:\/\/www.meydan.tv\/az\/article\/ermenistan-mudafie-nazirliyi-3-istiqametde-bohran-yasanir-tehlil\/"]}]},{"@type":"ImageObject","inLanguage":"az","@id":"https:\/\/www.meydan.tv\/az\/article\/ermenistan-mudafie-nazirliyi-3-istiqametde-bohran-yasanir-tehlil\/#primaryimage","url":"https:\/\/www.meydan.tv\/wp-content\/uploads\/21091.jpg","contentUrl":"https:\/\/www.meydan.tv\/wp-content\/uploads\/21091.jpg","width":900,"height":504,"caption":"Source:"},{"@type":"BreadcrumbList","@id":"https:\/\/www.meydan.tv\/az\/article\/ermenistan-mudafie-nazirliyi-3-istiqametde-bohran-yasanir-tehlil\/#breadcrumb","itemListElement":[{"@type":"ListItem","position":1,"name":"Ana s\u0259hif\u0259","item":"https:\/\/www.meydan.tv\/az\/"},{"@type":"ListItem","position":2,"name":"Analitika","item":"https:\/\/www.meydan.tv\/az\/section\/analitika\/"},{"@type":"ListItem","position":3,"name":"Erm\u0259nistan M\u00fcdafi\u0259 Nazirliyi: 3 istiqam\u0259td\u0259 b\u00f6hran ya\u015fan\u0131r-T\u0259hlil"}]},{"@type":"WebSite","@id":"https:\/\/www.meydan.tv\/az\/#website","url":"https:\/\/www.meydan.tv\/az\/","name":"MEYDAN.TV","description":"Meydan TV Az\u0259rbaycan\u0131n media m\u0259kan\u0131ndak\u0131 alternativ s\u0259sidir","publisher":{"@id":"https:\/\/www.meydan.tv\/az\/#organization"},"potentialAction":[{"@type":"SearchAction","target":{"@type":"EntryPoint","urlTemplate":"https:\/\/www.meydan.tv\/az\/?s={search_term_string}"},"query-input":{"@type":"PropertyValueSpecification","valueRequired":true,"valueName":"search_term_string"}}],"inLanguage":"az"},{"@type":"Organization","@id":"https:\/\/www.meydan.tv\/az\/#organization","name":"Meydan TV","url":"https:\/\/www.meydan.tv\/az\/","logo":{"@type":"ImageObject","inLanguage":"az","@id":"https:\/\/www.meydan.tv\/az\/#\/schema\/logo\/image\/","url":"https:\/\/www.meydan.tv\/wp-content\/uploads\/2021\/07\/meydan-logo.svg","contentUrl":"https:\/\/www.meydan.tv\/wp-content\/uploads\/2021\/07\/meydan-logo.svg","width":195,"height":46,"caption":"Meydan TV"},"image":{"@id":"https:\/\/www.meydan.tv\/az\/#\/schema\/logo\/image\/"}},{"@type":"Person","@id":"https:\/\/www.meydan.tv\/az\/#\/schema\/person\/10d11eccf6da3662cf5fdab9806ea91a","name":"user-manager"}]}},"_links":{"self":[{"href":"https:\/\/www.meydan.tv\/az\/wp-json\/wp\/v2\/posts\/175474","targetHints":{"allow":["GET"]}}],"collection":[{"href":"https:\/\/www.meydan.tv\/az\/wp-json\/wp\/v2\/posts"}],"about":[{"href":"https:\/\/www.meydan.tv\/az\/wp-json\/wp\/v2\/types\/post"}],"author":[{"embeddable":true,"href":"https:\/\/www.meydan.tv\/az\/wp-json\/wp\/v2\/users\/11"}],"replies":[{"embeddable":true,"href":"https:\/\/www.meydan.tv\/az\/wp-json\/wp\/v2\/comments?post=175474"}],"version-history":[{"count":0,"href":"https:\/\/www.meydan.tv\/az\/wp-json\/wp\/v2\/posts\/175474\/revisions"}],"wp:featuredmedia":[{"embeddable":true,"href":"https:\/\/www.meydan.tv\/az\/wp-json\/wp\/v2\/media\/55842"}],"wp:attachment":[{"href":"https:\/\/www.meydan.tv\/az\/wp-json\/wp\/v2\/media?parent=175474"}],"wp:term":[{"taxonomy":"category","embeddable":true,"href":"https:\/\/www.meydan.tv\/az\/wp-json\/wp\/v2\/categories?post=175474"},{"taxonomy":"post_tag","embeddable":true,"href":"https:\/\/www.meydan.tv\/az\/wp-json\/wp\/v2\/tags?post=175474"}],"curies":[{"name":"wp","href":"https:\/\/api.w.org\/{rel}","templated":true}]}}