{"id":175457,"date":"2016-04-26T14:17:40","date_gmt":"2016-04-26T14:17:40","guid":{"rendered":"https:\/\/www.meydan.tv\/article\/mudafie-naziri-ermenistan-ordusunun-movqeyinde-yerlesen-postlar-dagidilib\/"},"modified":"2016-04-26T14:17:40","modified_gmt":"2016-04-26T14:17:40","slug":"mudafie-naziri-ermenistan-ordusunun-movqeyinde-yerlesen-postlar-dagidilib","status":"publish","type":"post","link":"https:\/\/www.meydan.tv\/az\/article\/mudafie-naziri-ermenistan-ordusunun-movqeyinde-yerlesen-postlar-dagidilib\/","title":{"rendered":"M\u00fcdafi\u0259 naziri: &#8221;Erm\u0259nistan ordusunun m\u00f6vqeyind\u0259 yerl\u0259\u015f\u0259n postlar da\u011f\u0131d\u0131l\u0131b&#8221;"},"content":{"rendered":"<figure class=\"wp-block-image size-large\">\n  <img decoding=\"async\" src=\"https:\/\/www.meydan.tv\/az\/55774\/\" alt=\"\" class=\"wp-image-55774\"\/><figcaption><\/figcaption><\/figure>\n<p>\n  <i><br \/>\n    General-polkovnik Zakir H\u0259s\u0259nov T\u0259rt\u0259r rayonundad\u0131r<br \/>\n  <\/i>\n<\/p>\n<p>\n  &#8220;Az\u0259rbaycan ordusu erm\u0259nil\u0259rin t\u0259xribatlar\u0131na cavab olaraq n\u00f6vb\u0259ti d\u0259f\u0259 Erm\u0259nistan ordusuna sars\u0131d\u0131c\u0131 z\u0259rb\u0259 endirib&#8221;.\n<\/p>\n<p>\n  &#8220;Report&#8221; x\u0259b\u0259r verir ki, bunu m\u00fcdafi\u0259 naziri general-polkovnik Zakir H\u0259s\u0259nov T\u0259rt\u0259r rayon sakinl\u0259ri il\u0259 g\u00f6r\u00fc\u015f\u00fcnd\u0259 deyib.\n<\/p>\n<p>\n  M\u00fcdafi\u0259 naziri qeyd edib ki, \u00f6t\u0259n gec\u0259 erm\u0259nil\u0259r yenid\u0259n at\u0259\u015fk\u0259s rejimini pozaraq c\u0259bh\u0259boyu ya\u015fay\u0131\u015f m\u0259nt\u0259q\u0259l\u0259rini at\u0259\u015f\u0259 tutub: &#8220;C\u0259bh\u0259d\u0259 erm\u0259ni h\u0259rbi birl\u0259\u015fm\u0259l\u0259rinin n\u00f6vb\u0259ti t\u0259xribatlar\u0131n\u0131n qar\u015f\u0131s\u0131n\u0131 Az\u0259rbaycan ordusu layiqinc\u0259 ala bilib v\u0259 qar\u015f\u0131 t\u0259r\u0259f\u0259 sars\u0131d\u0131c\u0131 z\u0259rb\u0259l\u0259r endirib. Erm\u0259nistan ordusunun m\u00f6vqeyind\u0259 yerl\u0259\u015f\u0259n postlar da\u011f\u0131d\u0131l\u0131b&#8221;.\n<\/p>\n<p>\n  \u00d6t\u0259n gec\u0259 c\u0259bh\u0259 x\u0259ttind\u0259 ba\u015f ver\u0259n hadis\u0259l\u0259rl\u0259 ba\u011fl\u0131 m\u00fcdafi\u0259 naziri general-polkovnik Zakir H\u0259s\u0259nov T\u0259rt\u0259r rayonunda olub.\n<\/p>\n<p>\n  Daha sonra Z.H\u0259s\u0259nov T\u0259rt\u0259r rayon sakinl\u0259ri il\u0259 g\u00f6r\u00fc\u015f\u00fcb.\n<\/p>\n<p>\n  G\u00f6r\u00fc\u015fd\u0259 sakinl\u0259r y\u00fcks\u0259k \u0259hval-ruhiyy\u0259d\u0259 olduqlar\u0131n\u0131, V\u0259t\u0259ninin m\u00fcdafi\u0259si v\u0259 erm\u0259nil\u0259rin i\u015f\u011fal etdiyi torpaqlar\u0131n azad olunmas\u0131 \u00fc\u00e7\u00fcn h\u0259r zaman Az\u0259rbaycan Silahl\u0131 Q\u00fcvv\u0259l\u0259rin\u0259 d\u0259st\u0259k olduqlar\u0131n\u0131 bildiribl\u0259r.<\/p>\n","protected":false},"excerpt":{"rendered":"<p>General-polkovnik Zakir H\u0259s\u0259nov T\u0259rt\u0259r rayonundad\u0131r<\/p>\n","protected":false},"author":11,"featured_media":55774,"comment_status":"closed","ping_status":"open","sticky":false,"template":"","format":"standard","meta":{"_acf_changed":false,"_sitemap_exclude":false,"_sitemap_priority":"","_sitemap_frequency":"","footnotes":""},"categories":[51],"tags":[],"class_list":["post-175457","post","type-post","status-publish","format-standard","has-post-thumbnail","hentry","category-analitika","infinite-scroll-item","generate-columns","tablet-grid-50","mobile-grid-100","grid-parent","grid-33","no-featured-image-padding"],"acf":[],"yoast_head":"<!-- This site is optimized with the Yoast SEO plugin v27.5 - https:\/\/yoast.com\/product\/yoast-seo-wordpress\/ -->\n<title>M\u00fcdafi\u0259 naziri: &#039;&#039;Erm\u0259nistan ordusunun m\u00f6vqeyind\u0259 yerl\u0259\u015f\u0259n postlar da\u011f\u0131d\u0131l\u0131b&#039;&#039; - MEYDAN.TV<\/title>\n<meta name=\"robots\" content=\"index, follow, max-snippet:-1, max-image-preview:large, max-video-preview:-1\" \/>\n<link rel=\"canonical\" href=\"https:\/\/www.meydan.tv\/az\/article\/mudafie-naziri-ermenistan-ordusunun-movqeyinde-yerlesen-postlar-dagidilib\/\" \/>\n<meta property=\"og:locale\" content=\"az_AZ\" \/>\n<meta property=\"og:type\" content=\"article\" \/>\n<meta property=\"og:title\" content=\"M\u00fcdafi\u0259 naziri: &#039;&#039;Erm\u0259nistan ordusunun m\u00f6vqeyind\u0259 yerl\u0259\u015f\u0259n postlar da\u011f\u0131d\u0131l\u0131b&#039;&#039; - MEYDAN.TV\" \/>\n<meta property=\"og:description\" content=\"General-polkovnik Zakir H\u0259s\u0259nov T\u0259rt\u0259r rayonundad\u0131r\" \/>\n<meta property=\"og:url\" content=\"https:\/\/www.meydan.tv\/az\/article\/mudafie-naziri-ermenistan-ordusunun-movqeyinde-yerlesen-postlar-dagidilib\/\" \/>\n<meta property=\"og:site_name\" content=\"MEYDAN.TV\" \/>\n<meta property=\"article:published_time\" content=\"2016-04-26T14:17:40+00:00\" \/>\n<meta property=\"og:image\" content=\"https:\/\/www.meydan.tv\/wp-content\/uploads\/21069.jpg\" \/>\n\t<meta property=\"og:image:width\" content=\"768\" \/>\n\t<meta property=\"og:image:height\" content=\"432\" \/>\n\t<meta property=\"og:image:type\" content=\"image\/jpeg\" \/>\n<meta name=\"author\" content=\"user-manager\" \/>\n<meta name=\"twitter:card\" content=\"summary_large_image\" \/>\n<script type=\"application\/ld+json\" class=\"yoast-schema-graph\">{\"@context\":\"https:\\\/\\\/schema.org\",\"@graph\":[{\"@type\":\"Article\",\"@id\":\"https:\\\/\\\/www.meydan.tv\\\/az\\\/article\\\/mudafie-naziri-ermenistan-ordusunun-movqeyinde-yerlesen-postlar-dagidilib\\\/#article\",\"isPartOf\":{\"@id\":\"https:\\\/\\\/www.meydan.tv\\\/az\\\/article\\\/mudafie-naziri-ermenistan-ordusunun-movqeyinde-yerlesen-postlar-dagidilib\\\/\"},\"author\":{\"name\":\"user-manager\",\"@id\":\"https:\\\/\\\/www.meydan.tv\\\/az\\\/#\\\/schema\\\/person\\\/10d11eccf6da3662cf5fdab9806ea91a\"},\"headline\":\"M\u00fcdafi\u0259 naziri: &#8221;Erm\u0259nistan ordusunun m\u00f6vqeyind\u0259 yerl\u0259\u015f\u0259n postlar da\u011f\u0131d\u0131l\u0131b&#8221;\",\"datePublished\":\"2016-04-26T14:17:40+00:00\",\"mainEntityOfPage\":{\"@id\":\"https:\\\/\\\/www.meydan.tv\\\/az\\\/article\\\/mudafie-naziri-ermenistan-ordusunun-movqeyinde-yerlesen-postlar-dagidilib\\\/\"},\"wordCount\":250,\"publisher\":{\"@id\":\"https:\\\/\\\/www.meydan.tv\\\/az\\\/#organization\"},\"image\":{\"@id\":\"https:\\\/\\\/www.meydan.tv\\\/az\\\/article\\\/mudafie-naziri-ermenistan-ordusunun-movqeyinde-yerlesen-postlar-dagidilib\\\/#primaryimage\"},\"thumbnailUrl\":\"https:\\\/\\\/www.meydan.tv\\\/wp-content\\\/uploads\\\/21069.jpg\",\"articleSection\":[\"Analitika\"],\"inLanguage\":\"az\"},{\"@type\":\"WebPage\",\"@id\":\"https:\\\/\\\/www.meydan.tv\\\/az\\\/article\\\/mudafie-naziri-ermenistan-ordusunun-movqeyinde-yerlesen-postlar-dagidilib\\\/\",\"url\":\"https:\\\/\\\/www.meydan.tv\\\/az\\\/article\\\/mudafie-naziri-ermenistan-ordusunun-movqeyinde-yerlesen-postlar-dagidilib\\\/\",\"name\":\"M\u00fcdafi\u0259 naziri: ''Erm\u0259nistan ordusunun m\u00f6vqeyind\u0259 yerl\u0259\u015f\u0259n postlar da\u011f\u0131d\u0131l\u0131b'' - MEYDAN.TV\",\"isPartOf\":{\"@id\":\"https:\\\/\\\/www.meydan.tv\\\/az\\\/#website\"},\"primaryImageOfPage\":{\"@id\":\"https:\\\/\\\/www.meydan.tv\\\/az\\\/article\\\/mudafie-naziri-ermenistan-ordusunun-movqeyinde-yerlesen-postlar-dagidilib\\\/#primaryimage\"},\"image\":{\"@id\":\"https:\\\/\\\/www.meydan.tv\\\/az\\\/article\\\/mudafie-naziri-ermenistan-ordusunun-movqeyinde-yerlesen-postlar-dagidilib\\\/#primaryimage\"},\"thumbnailUrl\":\"https:\\\/\\\/www.meydan.tv\\\/wp-content\\\/uploads\\\/21069.jpg\",\"datePublished\":\"2016-04-26T14:17:40+00:00\",\"breadcrumb\":{\"@id\":\"https:\\\/\\\/www.meydan.tv\\\/az\\\/article\\\/mudafie-naziri-ermenistan-ordusunun-movqeyinde-yerlesen-postlar-dagidilib\\\/#breadcrumb\"},\"inLanguage\":\"az\",\"potentialAction\":[{\"@type\":\"ReadAction\",\"target\":[\"https:\\\/\\\/www.meydan.tv\\\/az\\\/article\\\/mudafie-naziri-ermenistan-ordusunun-movqeyinde-yerlesen-postlar-dagidilib\\\/\"]}]},{\"@type\":\"ImageObject\",\"inLanguage\":\"az\",\"@id\":\"https:\\\/\\\/www.meydan.tv\\\/az\\\/article\\\/mudafie-naziri-ermenistan-ordusunun-movqeyinde-yerlesen-postlar-dagidilib\\\/#primaryimage\",\"url\":\"https:\\\/\\\/www.meydan.tv\\\/wp-content\\\/uploads\\\/21069.jpg\",\"contentUrl\":\"https:\\\/\\\/www.meydan.tv\\\/wp-content\\\/uploads\\\/21069.jpg\",\"width\":768,\"height\":432,\"caption\":\"Source:\"},{\"@type\":\"BreadcrumbList\",\"@id\":\"https:\\\/\\\/www.meydan.tv\\\/az\\\/article\\\/mudafie-naziri-ermenistan-ordusunun-movqeyinde-yerlesen-postlar-dagidilib\\\/#breadcrumb\",\"itemListElement\":[{\"@type\":\"ListItem\",\"position\":1,\"name\":\"Ana s\u0259hif\u0259\",\"item\":\"https:\\\/\\\/www.meydan.tv\\\/az\\\/\"},{\"@type\":\"ListItem\",\"position\":2,\"name\":\"Analitika\",\"item\":\"https:\\\/\\\/www.meydan.tv\\\/az\\\/section\\\/analitika\\\/\"},{\"@type\":\"ListItem\",\"position\":3,\"name\":\"M\u00fcdafi\u0259 naziri: &#8221;Erm\u0259nistan ordusunun m\u00f6vqeyind\u0259 yerl\u0259\u015f\u0259n postlar da\u011f\u0131d\u0131l\u0131b&#8221;\"}]},{\"@type\":\"WebSite\",\"@id\":\"https:\\\/\\\/www.meydan.tv\\\/az\\\/#website\",\"url\":\"https:\\\/\\\/www.meydan.tv\\\/az\\\/\",\"name\":\"MEYDAN.TV\",\"description\":\"Meydan TV Az\u0259rbaycan\u0131n media m\u0259kan\u0131ndak\u0131 alternativ s\u0259sidir\",\"publisher\":{\"@id\":\"https:\\\/\\\/www.meydan.tv\\\/az\\\/#organization\"},\"potentialAction\":[{\"@type\":\"SearchAction\",\"target\":{\"@type\":\"EntryPoint\",\"urlTemplate\":\"https:\\\/\\\/www.meydan.tv\\\/az\\\/?s={search_term_string}\"},\"query-input\":{\"@type\":\"PropertyValueSpecification\",\"valueRequired\":true,\"valueName\":\"search_term_string\"}}],\"inLanguage\":\"az\"},{\"@type\":\"Organization\",\"@id\":\"https:\\\/\\\/www.meydan.tv\\\/az\\\/#organization\",\"name\":\"Meydan TV\",\"url\":\"https:\\\/\\\/www.meydan.tv\\\/az\\\/\",\"logo\":{\"@type\":\"ImageObject\",\"inLanguage\":\"az\",\"@id\":\"https:\\\/\\\/www.meydan.tv\\\/az\\\/#\\\/schema\\\/logo\\\/image\\\/\",\"url\":\"https:\\\/\\\/www.meydan.tv\\\/wp-content\\\/uploads\\\/2021\\\/07\\\/meydan-logo.svg\",\"contentUrl\":\"https:\\\/\\\/www.meydan.tv\\\/wp-content\\\/uploads\\\/2021\\\/07\\\/meydan-logo.svg\",\"width\":195,\"height\":46,\"caption\":\"Meydan TV\"},\"image\":{\"@id\":\"https:\\\/\\\/www.meydan.tv\\\/az\\\/#\\\/schema\\\/logo\\\/image\\\/\"}},{\"@type\":\"Person\",\"@id\":\"https:\\\/\\\/www.meydan.tv\\\/az\\\/#\\\/schema\\\/person\\\/10d11eccf6da3662cf5fdab9806ea91a\",\"name\":\"user-manager\"}]}<\/script>\n<!-- \/ Yoast SEO plugin. -->","yoast_head_json":{"title":"M\u00fcdafi\u0259 naziri: ''Erm\u0259nistan ordusunun m\u00f6vqeyind\u0259 yerl\u0259\u015f\u0259n postlar da\u011f\u0131d\u0131l\u0131b'' - MEYDAN.TV","robots":{"index":"index","follow":"follow","max-snippet":"max-snippet:-1","max-image-preview":"max-image-preview:large","max-video-preview":"max-video-preview:-1"},"canonical":"https:\/\/www.meydan.tv\/az\/article\/mudafie-naziri-ermenistan-ordusunun-movqeyinde-yerlesen-postlar-dagidilib\/","og_locale":"az_AZ","og_type":"article","og_title":"M\u00fcdafi\u0259 naziri: ''Erm\u0259nistan ordusunun m\u00f6vqeyind\u0259 yerl\u0259\u015f\u0259n postlar da\u011f\u0131d\u0131l\u0131b'' - MEYDAN.TV","og_description":"General-polkovnik Zakir H\u0259s\u0259nov T\u0259rt\u0259r rayonundad\u0131r","og_url":"https:\/\/www.meydan.tv\/az\/article\/mudafie-naziri-ermenistan-ordusunun-movqeyinde-yerlesen-postlar-dagidilib\/","og_site_name":"MEYDAN.TV","article_published_time":"2016-04-26T14:17:40+00:00","og_image":[{"width":768,"height":432,"url":"https:\/\/www.meydan.tv\/wp-content\/uploads\/21069.jpg","type":"image\/jpeg"}],"author":"user-manager","twitter_card":"summary_large_image","schema":{"@context":"https:\/\/schema.org","@graph":[{"@type":"Article","@id":"https:\/\/www.meydan.tv\/az\/article\/mudafie-naziri-ermenistan-ordusunun-movqeyinde-yerlesen-postlar-dagidilib\/#article","isPartOf":{"@id":"https:\/\/www.meydan.tv\/az\/article\/mudafie-naziri-ermenistan-ordusunun-movqeyinde-yerlesen-postlar-dagidilib\/"},"author":{"name":"user-manager","@id":"https:\/\/www.meydan.tv\/az\/#\/schema\/person\/10d11eccf6da3662cf5fdab9806ea91a"},"headline":"M\u00fcdafi\u0259 naziri: &#8221;Erm\u0259nistan ordusunun m\u00f6vqeyind\u0259 yerl\u0259\u015f\u0259n postlar da\u011f\u0131d\u0131l\u0131b&#8221;","datePublished":"2016-04-26T14:17:40+00:00","mainEntityOfPage":{"@id":"https:\/\/www.meydan.tv\/az\/article\/mudafie-naziri-ermenistan-ordusunun-movqeyinde-yerlesen-postlar-dagidilib\/"},"wordCount":250,"publisher":{"@id":"https:\/\/www.meydan.tv\/az\/#organization"},"image":{"@id":"https:\/\/www.meydan.tv\/az\/article\/mudafie-naziri-ermenistan-ordusunun-movqeyinde-yerlesen-postlar-dagidilib\/#primaryimage"},"thumbnailUrl":"https:\/\/www.meydan.tv\/wp-content\/uploads\/21069.jpg","articleSection":["Analitika"],"inLanguage":"az"},{"@type":"WebPage","@id":"https:\/\/www.meydan.tv\/az\/article\/mudafie-naziri-ermenistan-ordusunun-movqeyinde-yerlesen-postlar-dagidilib\/","url":"https:\/\/www.meydan.tv\/az\/article\/mudafie-naziri-ermenistan-ordusunun-movqeyinde-yerlesen-postlar-dagidilib\/","name":"M\u00fcdafi\u0259 naziri: ''Erm\u0259nistan ordusunun m\u00f6vqeyind\u0259 yerl\u0259\u015f\u0259n postlar da\u011f\u0131d\u0131l\u0131b'' - MEYDAN.TV","isPartOf":{"@id":"https:\/\/www.meydan.tv\/az\/#website"},"primaryImageOfPage":{"@id":"https:\/\/www.meydan.tv\/az\/article\/mudafie-naziri-ermenistan-ordusunun-movqeyinde-yerlesen-postlar-dagidilib\/#primaryimage"},"image":{"@id":"https:\/\/www.meydan.tv\/az\/article\/mudafie-naziri-ermenistan-ordusunun-movqeyinde-yerlesen-postlar-dagidilib\/#primaryimage"},"thumbnailUrl":"https:\/\/www.meydan.tv\/wp-content\/uploads\/21069.jpg","datePublished":"2016-04-26T14:17:40+00:00","breadcrumb":{"@id":"https:\/\/www.meydan.tv\/az\/article\/mudafie-naziri-ermenistan-ordusunun-movqeyinde-yerlesen-postlar-dagidilib\/#breadcrumb"},"inLanguage":"az","potentialAction":[{"@type":"ReadAction","target":["https:\/\/www.meydan.tv\/az\/article\/mudafie-naziri-ermenistan-ordusunun-movqeyinde-yerlesen-postlar-dagidilib\/"]}]},{"@type":"ImageObject","inLanguage":"az","@id":"https:\/\/www.meydan.tv\/az\/article\/mudafie-naziri-ermenistan-ordusunun-movqeyinde-yerlesen-postlar-dagidilib\/#primaryimage","url":"https:\/\/www.meydan.tv\/wp-content\/uploads\/21069.jpg","contentUrl":"https:\/\/www.meydan.tv\/wp-content\/uploads\/21069.jpg","width":768,"height":432,"caption":"Source:"},{"@type":"BreadcrumbList","@id":"https:\/\/www.meydan.tv\/az\/article\/mudafie-naziri-ermenistan-ordusunun-movqeyinde-yerlesen-postlar-dagidilib\/#breadcrumb","itemListElement":[{"@type":"ListItem","position":1,"name":"Ana s\u0259hif\u0259","item":"https:\/\/www.meydan.tv\/az\/"},{"@type":"ListItem","position":2,"name":"Analitika","item":"https:\/\/www.meydan.tv\/az\/section\/analitika\/"},{"@type":"ListItem","position":3,"name":"M\u00fcdafi\u0259 naziri: &#8221;Erm\u0259nistan ordusunun m\u00f6vqeyind\u0259 yerl\u0259\u015f\u0259n postlar da\u011f\u0131d\u0131l\u0131b&#8221;"}]},{"@type":"WebSite","@id":"https:\/\/www.meydan.tv\/az\/#website","url":"https:\/\/www.meydan.tv\/az\/","name":"MEYDAN.TV","description":"Meydan TV Az\u0259rbaycan\u0131n media m\u0259kan\u0131ndak\u0131 alternativ s\u0259sidir","publisher":{"@id":"https:\/\/www.meydan.tv\/az\/#organization"},"potentialAction":[{"@type":"SearchAction","target":{"@type":"EntryPoint","urlTemplate":"https:\/\/www.meydan.tv\/az\/?s={search_term_string}"},"query-input":{"@type":"PropertyValueSpecification","valueRequired":true,"valueName":"search_term_string"}}],"inLanguage":"az"},{"@type":"Organization","@id":"https:\/\/www.meydan.tv\/az\/#organization","name":"Meydan TV","url":"https:\/\/www.meydan.tv\/az\/","logo":{"@type":"ImageObject","inLanguage":"az","@id":"https:\/\/www.meydan.tv\/az\/#\/schema\/logo\/image\/","url":"https:\/\/www.meydan.tv\/wp-content\/uploads\/2021\/07\/meydan-logo.svg","contentUrl":"https:\/\/www.meydan.tv\/wp-content\/uploads\/2021\/07\/meydan-logo.svg","width":195,"height":46,"caption":"Meydan TV"},"image":{"@id":"https:\/\/www.meydan.tv\/az\/#\/schema\/logo\/image\/"}},{"@type":"Person","@id":"https:\/\/www.meydan.tv\/az\/#\/schema\/person\/10d11eccf6da3662cf5fdab9806ea91a","name":"user-manager"}]}},"_links":{"self":[{"href":"https:\/\/www.meydan.tv\/az\/wp-json\/wp\/v2\/posts\/175457","targetHints":{"allow":["GET"]}}],"collection":[{"href":"https:\/\/www.meydan.tv\/az\/wp-json\/wp\/v2\/posts"}],"about":[{"href":"https:\/\/www.meydan.tv\/az\/wp-json\/wp\/v2\/types\/post"}],"author":[{"embeddable":true,"href":"https:\/\/www.meydan.tv\/az\/wp-json\/wp\/v2\/users\/11"}],"replies":[{"embeddable":true,"href":"https:\/\/www.meydan.tv\/az\/wp-json\/wp\/v2\/comments?post=175457"}],"version-history":[{"count":0,"href":"https:\/\/www.meydan.tv\/az\/wp-json\/wp\/v2\/posts\/175457\/revisions"}],"wp:featuredmedia":[{"embeddable":true,"href":"https:\/\/www.meydan.tv\/az\/wp-json\/wp\/v2\/media\/55774"}],"wp:attachment":[{"href":"https:\/\/www.meydan.tv\/az\/wp-json\/wp\/v2\/media?parent=175457"}],"wp:term":[{"taxonomy":"category","embeddable":true,"href":"https:\/\/www.meydan.tv\/az\/wp-json\/wp\/v2\/categories?post=175457"},{"taxonomy":"post_tag","embeddable":true,"href":"https:\/\/www.meydan.tv\/az\/wp-json\/wp\/v2\/tags?post=175457"}],"curies":[{"name":"wp","href":"https:\/\/api.w.org\/{rel}","templated":true}]}}