{"id":175454,"date":"2016-04-26T13:10:27","date_gmt":"2016-04-26T13:10:27","guid":{"rendered":"https:\/\/www.meydan.tv\/article\/vaqif-dergahli-terterin-atese-tutulmasi-neticesinde-20-yasayis-evine-ziyan-deyib\/"},"modified":"2016-04-26T13:10:27","modified_gmt":"2016-04-26T13:10:27","slug":"vaqif-dergahli-terterin-atese-tutulmasi-neticesinde-20-yasayis-evine-ziyan-deyib","status":"publish","type":"post","link":"https:\/\/www.meydan.tv\/az\/article\/vaqif-dergahli-terterin-atese-tutulmasi-neticesinde-20-yasayis-evine-ziyan-deyib\/","title":{"rendered":"Vaqif D\u0259rgahl\u0131: &#8216;T\u0259rt\u0259rin at\u0259\u015f\u0259 tutulmas\u0131 n\u0259tic\u0259sind\u0259 20 ya\u015fay\u0131\u015f evin\u0259 ziyan d\u0259yib&#8221;"},"content":{"rendered":"<figure class=\"wp-block-image size-large\">\n  <img decoding=\"async\" src=\"https:\/\/www.meydan.tv\/az\/55722\/\" alt=\"\" class=\"wp-image-55722\"\/><figcaption><\/figcaption><\/figure>\n<p>\n  <i><br \/>\n    &#8221;Az\u0259rbaycan silahl\u0131 b\u00f6lm\u0259l\u0259ri d\u00fc\u015fm\u0259nin at\u0259\u015f n\u00f6qt\u0259l\u0259rin\u0259 v\u0259 h\u0259rbi obyektl\u0259rin\u0259 cavab z\u0259rb\u0259l\u0259ri endirib&#8221;<br \/>\n  <\/i>\n<\/p>\n<p>\n  &#8212;&#8212;&#8212;&#8212;&#8212;&#8212;&#8212;&#8212;&#8212;&#8212;&#8212;&#8212;&#8212;&#8212;&#8212;&#8212;&#8212;&#8212;&#8212;&#8212;&#8212;&#8212;&#8212;&#8212;&#8211;\n<\/p>\n<p>\n  <i><br \/>\n    Erm\u0259nistan\u0131n d\u0259st\u0259kl\u0259diyi Da\u011fl\u0131q Qaraba\u011f separat\u00e7\u0131 q\u00fcvv\u0259l\u0259rinin s\u00f6z\u00e7\u00fcs\u00fc aprelin 26-da iki separat\u00e7\u0131 h\u0259rb\u00e7inin \u00f6ld\u00fcy\u00fcn\u00fc deyib. Onlar\u0131n \u201cAz\u0259rbaycan t\u0259r\u0259fin a\u00e7d\u0131\u011f\u0131 at\u0259\u015fd\u0259n \u00f6ld\u00fcy\u00fc\u201d bildirilir.<br \/>\n  <\/i>\n<\/p>\n<p>\n  <i><br \/>\n    Az\u0259rbaycan\u0131n M\u00fcdafi\u0259 Nazirliyi aprelin 26-da bildirib ki, Erm\u0259nistan silahl\u0131 b\u00f6lm\u0259l\u0259ri sutka \u0259rzind\u0259 at\u0259\u015fk\u0259si 113 d\u0259f\u0259 pozublar. Separat\u00e7\u0131lar\u0131n m\u00f6vqel\u0259rin\u0259 is\u0259 114 d\u0259f\u0259 at\u0259\u015f z\u0259rb\u0259si endirilib.<br \/>\n  <\/i>\n<\/p>\n<p>\n  <b><br \/>\n    <i><br \/>\n      azadliq.org<br \/>\n    <\/i><br \/>\n  <\/b>\n<\/p>\n<p>\n  &#8212;&#8212;&#8212;&#8212;&#8212;&#8212;&#8212;&#8212;&#8212;&#8212;&#8212;&#8212;&#8212;&#8212;&#8212;&#8212;&#8212;&#8212;&#8212;&#8212;&#8212;&#8212;&#8212;&#8212;&#8212;-\n<\/p>\n<\/p>\n<p>\n  Haz\u0131rda c\u0259bh\u0259nin T\u0259rt\u0259r istiqam\u0259tind\u0259 v\u0259ziyy\u0259t stabildir v\u0259 Az\u0259rbaycan silahl\u0131 b\u00f6lm\u0259l\u0259ri \u0259m\u0259liyyat \u015f\u0259raitin\u0259 n\u0259zar\u0259t edir.<\/p>\n<p>  Bu bar\u0259d\u0259 APA-ya a\u00e7\u0131qlamas\u0131nda M\u00fcdafi\u0259 Nazirliyinin m\u0259tbuat xidm\u0259tinin r\u0259hb\u0259ri Vaqif D\u0259rgahl\u0131 bildirib.<\/p>\n<p>  O qeyd edib ki, erm\u0259nil\u0259r \u00f6t\u0259n gec\u0259 T\u0259rt\u0259r \u015f\u0259h\u0259rini minaatanlardan v\u0259 iri \u00e7apl\u0131 silahlardan at\u0259\u015f\u0259 tutublar. N\u0259tic\u0259d\u0259 rayon \u0259razisind\u0259 20 ya\u015fay\u0131\u015f evin\u0259 ziyan d\u0259yib. \u00d6l\u0259n v\u0259 yaralananlar yoxdur.<\/p>\n<figure class=\"wp-block-image size-large\">\n  <img decoding=\"async\" src=\"https:\/\/www.meydan.tv\/az\/55725\/\" alt=\"\" class=\"wp-image-55725\"\/><figcaption><\/figcaption><\/figure>\n<p>\n  V. D\u0259rgahl\u0131 h\u0259m\u00e7inin qeyd edib ki, Az\u0259rbaycan silahl\u0131 b\u00f6lm\u0259l\u0259ri Erm\u0259nistan ordusunun at\u0259\u015f n\u00f6qt\u0259l\u0259rin\u0259 v\u0259 h\u0259rbi obyektl\u0259rin\u0259 cavab z\u0259rb\u0259l\u0259ri endirib.\n<\/p>\n<p>\n  T\u0259rt\u0259r Rayon \u0130cra Hakimiyy\u0259tinin (R\u0130H) ba\u015f\u00e7\u0131s\u0131 M\u00fcst\u0259qim M\u0259mm\u0259dov is\u0259 &#8220;Report&#8221;a bildirib ki, t\u0259mas x\u0259ttin\u0259 yax\u0131n yerl\u0259\u015f\u0259n 20-\u0259 q\u0259d\u0259r f\u0259rdi ya\u015fay\u0131\u015f evin\u0259 m\u0259rmi d\u00fc\u015f\u00fcb: &#8220;Erm\u0259nil\u0259r at\u0259\u015fk\u0259s rejimini n\u00f6vb\u0259ti d\u0259f\u0259 pozaraq, rayonun c\u0259bh\u0259boyu ya\u015fay\u0131\u015f m\u0259nt\u0259q\u0259l\u0259rini at\u0259\u015f\u0259 tutublar. N\u0259tic\u0259d\u0259 h\u0259min ya\u015fay\u0131\u015f m\u0259nt\u0259q\u0259l\u0259rind\u0259 qaz, elektrik v\u0259 rabit\u0259 x\u0259tl\u0259rin\u0259 ciddi ziyan d\u0259yib, m\u0259rmi d\u00fc\u015f\u0259n 20 evd\u0259n 8-i tamamil\u0259 yarars\u0131z hala d\u00fc\u015f\u00fcb&#8221;.\n<\/p>\n<figure class=\"wp-block-image size-large\">\n  <img decoding=\"async\" src=\"https:\/\/www.meydan.tv\/az\/55728\/\" alt=\"\" class=\"wp-image-55728\"\/><figcaption><\/figcaption><\/figure>\n<p>\n  M.M\u0259mm\u0259dov \u0259lav\u0259 edib ki, haz\u0131rda T\u0259rt\u0259r rayon F\u00f6vq\u0259lad\u0259 Hallar Komissiyas\u0131 (FHK) d\u0259ymi\u015f ziyanla ba\u011fl\u0131 ara\u015fd\u0131rmalara ba\u015flay\u0131b.<\/p>\n","protected":false},"excerpt":{"rendered":"<p>&#8221;Az\u0259rbaycan silahl\u0131 b\u00f6lm\u0259l\u0259ri d\u00fc\u015fm\u0259nin at\u0259\u015f n\u00f6qt\u0259l\u0259rin\u0259 v\u0259 h\u0259rbi obyektl\u0259rin\u0259 cavab z\u0259rb\u0259l\u0259ri endirib&#8221;<\/p>\n","protected":false},"author":11,"featured_media":55722,"comment_status":"closed","ping_status":"open","sticky":false,"template":"","format":"standard","meta":{"_acf_changed":false,"_sitemap_exclude":false,"_sitemap_priority":"","_sitemap_frequency":"","footnotes":""},"categories":[51],"tags":[],"class_list":["post-175454","post","type-post","status-publish","format-standard","has-post-thumbnail","hentry","category-analitika","infinite-scroll-item","generate-columns","tablet-grid-50","mobile-grid-100","grid-parent","grid-33","no-featured-image-padding"],"acf":[],"yoast_head":"<!-- This site is optimized with the Yoast SEO plugin v27.5 - https:\/\/yoast.com\/product\/yoast-seo-wordpress\/ -->\n<title>Vaqif D\u0259rgahl\u0131: &#039;T\u0259rt\u0259rin at\u0259\u015f\u0259 tutulmas\u0131 n\u0259tic\u0259sind\u0259 20 ya\u015fay\u0131\u015f evin\u0259 ziyan d\u0259yib&#039;&#039; - MEYDAN.TV<\/title>\n<meta name=\"robots\" content=\"index, follow, max-snippet:-1, max-image-preview:large, max-video-preview:-1\" \/>\n<link rel=\"canonical\" href=\"https:\/\/www.meydan.tv\/az\/article\/vaqif-dergahli-terterin-atese-tutulmasi-neticesinde-20-yasayis-evine-ziyan-deyib\/\" \/>\n<meta property=\"og:locale\" content=\"az_AZ\" \/>\n<meta property=\"og:type\" content=\"article\" \/>\n<meta property=\"og:title\" content=\"Vaqif D\u0259rgahl\u0131: &#039;T\u0259rt\u0259rin at\u0259\u015f\u0259 tutulmas\u0131 n\u0259tic\u0259sind\u0259 20 ya\u015fay\u0131\u015f evin\u0259 ziyan d\u0259yib&#039;&#039; - MEYDAN.TV\" \/>\n<meta property=\"og:description\" content=\"&#039;&#039;Az\u0259rbaycan silahl\u0131 b\u00f6lm\u0259l\u0259ri d\u00fc\u015fm\u0259nin at\u0259\u015f n\u00f6qt\u0259l\u0259rin\u0259 v\u0259 h\u0259rbi obyektl\u0259rin\u0259 cavab z\u0259rb\u0259l\u0259ri endirib&#039;&#039;\" \/>\n<meta property=\"og:url\" content=\"https:\/\/www.meydan.tv\/az\/article\/vaqif-dergahli-terterin-atese-tutulmasi-neticesinde-20-yasayis-evine-ziyan-deyib\/\" \/>\n<meta property=\"og:site_name\" content=\"MEYDAN.TV\" \/>\n<meta property=\"article:published_time\" content=\"2016-04-26T13:10:27+00:00\" \/>\n<meta property=\"og:image\" content=\"https:\/\/www.meydan.tv\/wp-content\/uploads\/21062.jpg\" \/>\n\t<meta property=\"og:image:width\" content=\"800\" \/>\n\t<meta property=\"og:image:height\" content=\"450\" \/>\n\t<meta property=\"og:image:type\" content=\"image\/jpeg\" \/>\n<meta name=\"author\" content=\"user-manager\" \/>\n<meta name=\"twitter:card\" content=\"summary_large_image\" \/>\n<script type=\"application\/ld+json\" class=\"yoast-schema-graph\">{\"@context\":\"https:\\\/\\\/schema.org\",\"@graph\":[{\"@type\":\"Article\",\"@id\":\"https:\\\/\\\/www.meydan.tv\\\/az\\\/article\\\/vaqif-dergahli-terterin-atese-tutulmasi-neticesinde-20-yasayis-evine-ziyan-deyib\\\/#article\",\"isPartOf\":{\"@id\":\"https:\\\/\\\/www.meydan.tv\\\/az\\\/article\\\/vaqif-dergahli-terterin-atese-tutulmasi-neticesinde-20-yasayis-evine-ziyan-deyib\\\/\"},\"author\":{\"name\":\"user-manager\",\"@id\":\"https:\\\/\\\/www.meydan.tv\\\/az\\\/#\\\/schema\\\/person\\\/10d11eccf6da3662cf5fdab9806ea91a\"},\"headline\":\"Vaqif D\u0259rgahl\u0131: &#8216;T\u0259rt\u0259rin at\u0259\u015f\u0259 tutulmas\u0131 n\u0259tic\u0259sind\u0259 20 ya\u015fay\u0131\u015f evin\u0259 ziyan d\u0259yib&#8221;\",\"datePublished\":\"2016-04-26T13:10:27+00:00\",\"mainEntityOfPage\":{\"@id\":\"https:\\\/\\\/www.meydan.tv\\\/az\\\/article\\\/vaqif-dergahli-terterin-atese-tutulmasi-neticesinde-20-yasayis-evine-ziyan-deyib\\\/\"},\"wordCount\":389,\"publisher\":{\"@id\":\"https:\\\/\\\/www.meydan.tv\\\/az\\\/#organization\"},\"image\":{\"@id\":\"https:\\\/\\\/www.meydan.tv\\\/az\\\/article\\\/vaqif-dergahli-terterin-atese-tutulmasi-neticesinde-20-yasayis-evine-ziyan-deyib\\\/#primaryimage\"},\"thumbnailUrl\":\"https:\\\/\\\/www.meydan.tv\\\/wp-content\\\/uploads\\\/21062.jpg\",\"articleSection\":[\"Analitika\"],\"inLanguage\":\"az\"},{\"@type\":\"WebPage\",\"@id\":\"https:\\\/\\\/www.meydan.tv\\\/az\\\/article\\\/vaqif-dergahli-terterin-atese-tutulmasi-neticesinde-20-yasayis-evine-ziyan-deyib\\\/\",\"url\":\"https:\\\/\\\/www.meydan.tv\\\/az\\\/article\\\/vaqif-dergahli-terterin-atese-tutulmasi-neticesinde-20-yasayis-evine-ziyan-deyib\\\/\",\"name\":\"Vaqif D\u0259rgahl\u0131: 'T\u0259rt\u0259rin at\u0259\u015f\u0259 tutulmas\u0131 n\u0259tic\u0259sind\u0259 20 ya\u015fay\u0131\u015f evin\u0259 ziyan d\u0259yib'' - MEYDAN.TV\",\"isPartOf\":{\"@id\":\"https:\\\/\\\/www.meydan.tv\\\/az\\\/#website\"},\"primaryImageOfPage\":{\"@id\":\"https:\\\/\\\/www.meydan.tv\\\/az\\\/article\\\/vaqif-dergahli-terterin-atese-tutulmasi-neticesinde-20-yasayis-evine-ziyan-deyib\\\/#primaryimage\"},\"image\":{\"@id\":\"https:\\\/\\\/www.meydan.tv\\\/az\\\/article\\\/vaqif-dergahli-terterin-atese-tutulmasi-neticesinde-20-yasayis-evine-ziyan-deyib\\\/#primaryimage\"},\"thumbnailUrl\":\"https:\\\/\\\/www.meydan.tv\\\/wp-content\\\/uploads\\\/21062.jpg\",\"datePublished\":\"2016-04-26T13:10:27+00:00\",\"breadcrumb\":{\"@id\":\"https:\\\/\\\/www.meydan.tv\\\/az\\\/article\\\/vaqif-dergahli-terterin-atese-tutulmasi-neticesinde-20-yasayis-evine-ziyan-deyib\\\/#breadcrumb\"},\"inLanguage\":\"az\",\"potentialAction\":[{\"@type\":\"ReadAction\",\"target\":[\"https:\\\/\\\/www.meydan.tv\\\/az\\\/article\\\/vaqif-dergahli-terterin-atese-tutulmasi-neticesinde-20-yasayis-evine-ziyan-deyib\\\/\"]}]},{\"@type\":\"ImageObject\",\"inLanguage\":\"az\",\"@id\":\"https:\\\/\\\/www.meydan.tv\\\/az\\\/article\\\/vaqif-dergahli-terterin-atese-tutulmasi-neticesinde-20-yasayis-evine-ziyan-deyib\\\/#primaryimage\",\"url\":\"https:\\\/\\\/www.meydan.tv\\\/wp-content\\\/uploads\\\/21062.jpg\",\"contentUrl\":\"https:\\\/\\\/www.meydan.tv\\\/wp-content\\\/uploads\\\/21062.jpg\",\"width\":800,\"height\":450,\"caption\":\"Source:\"},{\"@type\":\"BreadcrumbList\",\"@id\":\"https:\\\/\\\/www.meydan.tv\\\/az\\\/article\\\/vaqif-dergahli-terterin-atese-tutulmasi-neticesinde-20-yasayis-evine-ziyan-deyib\\\/#breadcrumb\",\"itemListElement\":[{\"@type\":\"ListItem\",\"position\":1,\"name\":\"Ana s\u0259hif\u0259\",\"item\":\"https:\\\/\\\/www.meydan.tv\\\/az\\\/\"},{\"@type\":\"ListItem\",\"position\":2,\"name\":\"Analitika\",\"item\":\"https:\\\/\\\/www.meydan.tv\\\/az\\\/section\\\/analitika\\\/\"},{\"@type\":\"ListItem\",\"position\":3,\"name\":\"Vaqif D\u0259rgahl\u0131: &#8216;T\u0259rt\u0259rin at\u0259\u015f\u0259 tutulmas\u0131 n\u0259tic\u0259sind\u0259 20 ya\u015fay\u0131\u015f evin\u0259 ziyan d\u0259yib&#8221;\"}]},{\"@type\":\"WebSite\",\"@id\":\"https:\\\/\\\/www.meydan.tv\\\/az\\\/#website\",\"url\":\"https:\\\/\\\/www.meydan.tv\\\/az\\\/\",\"name\":\"MEYDAN.TV\",\"description\":\"Meydan TV Az\u0259rbaycan\u0131n media m\u0259kan\u0131ndak\u0131 alternativ s\u0259sidir\",\"publisher\":{\"@id\":\"https:\\\/\\\/www.meydan.tv\\\/az\\\/#organization\"},\"potentialAction\":[{\"@type\":\"SearchAction\",\"target\":{\"@type\":\"EntryPoint\",\"urlTemplate\":\"https:\\\/\\\/www.meydan.tv\\\/az\\\/?s={search_term_string}\"},\"query-input\":{\"@type\":\"PropertyValueSpecification\",\"valueRequired\":true,\"valueName\":\"search_term_string\"}}],\"inLanguage\":\"az\"},{\"@type\":\"Organization\",\"@id\":\"https:\\\/\\\/www.meydan.tv\\\/az\\\/#organization\",\"name\":\"Meydan TV\",\"url\":\"https:\\\/\\\/www.meydan.tv\\\/az\\\/\",\"logo\":{\"@type\":\"ImageObject\",\"inLanguage\":\"az\",\"@id\":\"https:\\\/\\\/www.meydan.tv\\\/az\\\/#\\\/schema\\\/logo\\\/image\\\/\",\"url\":\"https:\\\/\\\/www.meydan.tv\\\/wp-content\\\/uploads\\\/2021\\\/07\\\/meydan-logo.svg\",\"contentUrl\":\"https:\\\/\\\/www.meydan.tv\\\/wp-content\\\/uploads\\\/2021\\\/07\\\/meydan-logo.svg\",\"width\":195,\"height\":46,\"caption\":\"Meydan TV\"},\"image\":{\"@id\":\"https:\\\/\\\/www.meydan.tv\\\/az\\\/#\\\/schema\\\/logo\\\/image\\\/\"}},{\"@type\":\"Person\",\"@id\":\"https:\\\/\\\/www.meydan.tv\\\/az\\\/#\\\/schema\\\/person\\\/10d11eccf6da3662cf5fdab9806ea91a\",\"name\":\"user-manager\"}]}<\/script>\n<!-- \/ Yoast SEO plugin. -->","yoast_head_json":{"title":"Vaqif D\u0259rgahl\u0131: 'T\u0259rt\u0259rin at\u0259\u015f\u0259 tutulmas\u0131 n\u0259tic\u0259sind\u0259 20 ya\u015fay\u0131\u015f evin\u0259 ziyan d\u0259yib'' - MEYDAN.TV","robots":{"index":"index","follow":"follow","max-snippet":"max-snippet:-1","max-image-preview":"max-image-preview:large","max-video-preview":"max-video-preview:-1"},"canonical":"https:\/\/www.meydan.tv\/az\/article\/vaqif-dergahli-terterin-atese-tutulmasi-neticesinde-20-yasayis-evine-ziyan-deyib\/","og_locale":"az_AZ","og_type":"article","og_title":"Vaqif D\u0259rgahl\u0131: 'T\u0259rt\u0259rin at\u0259\u015f\u0259 tutulmas\u0131 n\u0259tic\u0259sind\u0259 20 ya\u015fay\u0131\u015f evin\u0259 ziyan d\u0259yib'' - MEYDAN.TV","og_description":"''Az\u0259rbaycan silahl\u0131 b\u00f6lm\u0259l\u0259ri d\u00fc\u015fm\u0259nin at\u0259\u015f n\u00f6qt\u0259l\u0259rin\u0259 v\u0259 h\u0259rbi obyektl\u0259rin\u0259 cavab z\u0259rb\u0259l\u0259ri endirib''","og_url":"https:\/\/www.meydan.tv\/az\/article\/vaqif-dergahli-terterin-atese-tutulmasi-neticesinde-20-yasayis-evine-ziyan-deyib\/","og_site_name":"MEYDAN.TV","article_published_time":"2016-04-26T13:10:27+00:00","og_image":[{"width":800,"height":450,"url":"https:\/\/www.meydan.tv\/wp-content\/uploads\/21062.jpg","type":"image\/jpeg"}],"author":"user-manager","twitter_card":"summary_large_image","schema":{"@context":"https:\/\/schema.org","@graph":[{"@type":"Article","@id":"https:\/\/www.meydan.tv\/az\/article\/vaqif-dergahli-terterin-atese-tutulmasi-neticesinde-20-yasayis-evine-ziyan-deyib\/#article","isPartOf":{"@id":"https:\/\/www.meydan.tv\/az\/article\/vaqif-dergahli-terterin-atese-tutulmasi-neticesinde-20-yasayis-evine-ziyan-deyib\/"},"author":{"name":"user-manager","@id":"https:\/\/www.meydan.tv\/az\/#\/schema\/person\/10d11eccf6da3662cf5fdab9806ea91a"},"headline":"Vaqif D\u0259rgahl\u0131: &#8216;T\u0259rt\u0259rin at\u0259\u015f\u0259 tutulmas\u0131 n\u0259tic\u0259sind\u0259 20 ya\u015fay\u0131\u015f evin\u0259 ziyan d\u0259yib&#8221;","datePublished":"2016-04-26T13:10:27+00:00","mainEntityOfPage":{"@id":"https:\/\/www.meydan.tv\/az\/article\/vaqif-dergahli-terterin-atese-tutulmasi-neticesinde-20-yasayis-evine-ziyan-deyib\/"},"wordCount":389,"publisher":{"@id":"https:\/\/www.meydan.tv\/az\/#organization"},"image":{"@id":"https:\/\/www.meydan.tv\/az\/article\/vaqif-dergahli-terterin-atese-tutulmasi-neticesinde-20-yasayis-evine-ziyan-deyib\/#primaryimage"},"thumbnailUrl":"https:\/\/www.meydan.tv\/wp-content\/uploads\/21062.jpg","articleSection":["Analitika"],"inLanguage":"az"},{"@type":"WebPage","@id":"https:\/\/www.meydan.tv\/az\/article\/vaqif-dergahli-terterin-atese-tutulmasi-neticesinde-20-yasayis-evine-ziyan-deyib\/","url":"https:\/\/www.meydan.tv\/az\/article\/vaqif-dergahli-terterin-atese-tutulmasi-neticesinde-20-yasayis-evine-ziyan-deyib\/","name":"Vaqif D\u0259rgahl\u0131: 'T\u0259rt\u0259rin at\u0259\u015f\u0259 tutulmas\u0131 n\u0259tic\u0259sind\u0259 20 ya\u015fay\u0131\u015f evin\u0259 ziyan d\u0259yib'' - MEYDAN.TV","isPartOf":{"@id":"https:\/\/www.meydan.tv\/az\/#website"},"primaryImageOfPage":{"@id":"https:\/\/www.meydan.tv\/az\/article\/vaqif-dergahli-terterin-atese-tutulmasi-neticesinde-20-yasayis-evine-ziyan-deyib\/#primaryimage"},"image":{"@id":"https:\/\/www.meydan.tv\/az\/article\/vaqif-dergahli-terterin-atese-tutulmasi-neticesinde-20-yasayis-evine-ziyan-deyib\/#primaryimage"},"thumbnailUrl":"https:\/\/www.meydan.tv\/wp-content\/uploads\/21062.jpg","datePublished":"2016-04-26T13:10:27+00:00","breadcrumb":{"@id":"https:\/\/www.meydan.tv\/az\/article\/vaqif-dergahli-terterin-atese-tutulmasi-neticesinde-20-yasayis-evine-ziyan-deyib\/#breadcrumb"},"inLanguage":"az","potentialAction":[{"@type":"ReadAction","target":["https:\/\/www.meydan.tv\/az\/article\/vaqif-dergahli-terterin-atese-tutulmasi-neticesinde-20-yasayis-evine-ziyan-deyib\/"]}]},{"@type":"ImageObject","inLanguage":"az","@id":"https:\/\/www.meydan.tv\/az\/article\/vaqif-dergahli-terterin-atese-tutulmasi-neticesinde-20-yasayis-evine-ziyan-deyib\/#primaryimage","url":"https:\/\/www.meydan.tv\/wp-content\/uploads\/21062.jpg","contentUrl":"https:\/\/www.meydan.tv\/wp-content\/uploads\/21062.jpg","width":800,"height":450,"caption":"Source:"},{"@type":"BreadcrumbList","@id":"https:\/\/www.meydan.tv\/az\/article\/vaqif-dergahli-terterin-atese-tutulmasi-neticesinde-20-yasayis-evine-ziyan-deyib\/#breadcrumb","itemListElement":[{"@type":"ListItem","position":1,"name":"Ana s\u0259hif\u0259","item":"https:\/\/www.meydan.tv\/az\/"},{"@type":"ListItem","position":2,"name":"Analitika","item":"https:\/\/www.meydan.tv\/az\/section\/analitika\/"},{"@type":"ListItem","position":3,"name":"Vaqif D\u0259rgahl\u0131: &#8216;T\u0259rt\u0259rin at\u0259\u015f\u0259 tutulmas\u0131 n\u0259tic\u0259sind\u0259 20 ya\u015fay\u0131\u015f evin\u0259 ziyan d\u0259yib&#8221;"}]},{"@type":"WebSite","@id":"https:\/\/www.meydan.tv\/az\/#website","url":"https:\/\/www.meydan.tv\/az\/","name":"MEYDAN.TV","description":"Meydan TV Az\u0259rbaycan\u0131n media m\u0259kan\u0131ndak\u0131 alternativ s\u0259sidir","publisher":{"@id":"https:\/\/www.meydan.tv\/az\/#organization"},"potentialAction":[{"@type":"SearchAction","target":{"@type":"EntryPoint","urlTemplate":"https:\/\/www.meydan.tv\/az\/?s={search_term_string}"},"query-input":{"@type":"PropertyValueSpecification","valueRequired":true,"valueName":"search_term_string"}}],"inLanguage":"az"},{"@type":"Organization","@id":"https:\/\/www.meydan.tv\/az\/#organization","name":"Meydan TV","url":"https:\/\/www.meydan.tv\/az\/","logo":{"@type":"ImageObject","inLanguage":"az","@id":"https:\/\/www.meydan.tv\/az\/#\/schema\/logo\/image\/","url":"https:\/\/www.meydan.tv\/wp-content\/uploads\/2021\/07\/meydan-logo.svg","contentUrl":"https:\/\/www.meydan.tv\/wp-content\/uploads\/2021\/07\/meydan-logo.svg","width":195,"height":46,"caption":"Meydan TV"},"image":{"@id":"https:\/\/www.meydan.tv\/az\/#\/schema\/logo\/image\/"}},{"@type":"Person","@id":"https:\/\/www.meydan.tv\/az\/#\/schema\/person\/10d11eccf6da3662cf5fdab9806ea91a","name":"user-manager"}]}},"_links":{"self":[{"href":"https:\/\/www.meydan.tv\/az\/wp-json\/wp\/v2\/posts\/175454","targetHints":{"allow":["GET"]}}],"collection":[{"href":"https:\/\/www.meydan.tv\/az\/wp-json\/wp\/v2\/posts"}],"about":[{"href":"https:\/\/www.meydan.tv\/az\/wp-json\/wp\/v2\/types\/post"}],"author":[{"embeddable":true,"href":"https:\/\/www.meydan.tv\/az\/wp-json\/wp\/v2\/users\/11"}],"replies":[{"embeddable":true,"href":"https:\/\/www.meydan.tv\/az\/wp-json\/wp\/v2\/comments?post=175454"}],"version-history":[{"count":0,"href":"https:\/\/www.meydan.tv\/az\/wp-json\/wp\/v2\/posts\/175454\/revisions"}],"wp:featuredmedia":[{"embeddable":true,"href":"https:\/\/www.meydan.tv\/az\/wp-json\/wp\/v2\/media\/55722"}],"wp:attachment":[{"href":"https:\/\/www.meydan.tv\/az\/wp-json\/wp\/v2\/media?parent=175454"}],"wp:term":[{"taxonomy":"category","embeddable":true,"href":"https:\/\/www.meydan.tv\/az\/wp-json\/wp\/v2\/categories?post=175454"},{"taxonomy":"post_tag","embeddable":true,"href":"https:\/\/www.meydan.tv\/az\/wp-json\/wp\/v2\/tags?post=175454"}],"curies":[{"name":"wp","href":"https:\/\/api.w.org\/{rel}","templated":true}]}}