{"id":175438,"date":"2016-04-25T20:09:55","date_gmt":"2016-04-25T20:09:55","guid":{"rendered":"https:\/\/www.meydan.tv\/article\/qarabag-tenzimlenmesinde-alman-faktoru\/"},"modified":"2016-04-25T20:09:55","modified_gmt":"2016-04-25T20:09:55","slug":"qarabag-tenzimlenmesinde-alman-faktoru","status":"publish","type":"post","link":"https:\/\/www.meydan.tv\/az\/article\/qarabag-tenzimlenmesinde-alman-faktoru\/","title":{"rendered":"Qaraba\u011f t\u0259nziml\u0259nm\u0259sind\u0259 alman faktoru"},"content":{"rendered":"<figure class=\"wp-block-image size-large\">\n  <img decoding=\"async\" src=\"https:\/\/www.meydan.tv\/az\/frank-valter-staynmayer-ve-sergey-lavrov\/\" alt=\"Frank-Valter \u015etaynmayer v\u0259 Sergey Lavrov\" class=\"wp-image-55686\"\/><figcaption>\n    Frank-Valter \u015etaynmayer v\u0259 Sergey Lavrov<br \/>\n  <\/figcaption><\/figure>\n<p>\n  <i><br \/>\n    Kazan u\u011fursuzlu\u011fundan c\u0259mi iki g\u00fcn sonra, iyunun 26-da Bak\u0131da m\u00f6ht\u0259\u015f\u0259m h\u0259rbi parad ke\u00e7ir\u0259n \u018fliyev Qaraba\u011f m\u00fcnaqi\u015f\u0259sinin h\u0259rbi t\u0259rkib hiss\u0259sinin tarazla\u015fd\u0131r\u0131lmas\u0131 prosesin\u0259 start verib<br \/>\n  <\/i>\n<\/p>\n<p>\n  Rusiya xarici i\u015fl\u0259r naziri Sergey Lavrovun aprelin 22-d\u0259 Yerevana q\u0131sam\u00fcdd\u0259tli s\u0259f\u0259ri v\u0259 orada Qaraba\u011f t\u0259nziml\u0259nm\u0259sinin \u201cyol x\u0259rit\u0259sinin\u201d h\u0259yata ke\u00e7irilm\u0259si z\u0259rur\u0259ti haqq\u0131nda s\u0259sl\u0259ndirdiyi b\u0259yanatlar Az\u0259rbaycan ekspertl\u0259ri aras\u0131nda Moskvan\u0131n m\u00fcnaqi\u015f\u0259y\u0259 Rusiya s\u00fclhm\u0259raml\u0131lar\u0131n\u0131n Qaraba\u011fa yerl\u0259\u015fdirilm\u0259sini, i\u015f\u011fal edilmi\u015f be\u015f Az\u0259rbaycan rayonunun qaytar\u0131lmas\u0131n\u0131 v\u0259 DQ-nin g\u0259l\u0259c\u0259k statusunun m\u00fc\u0259yy\u0259n edilm\u0259sini \u2013 m\u00fcst\u0259qillik verilm\u0259sini n\u0259z\u0259rd\u0259 tutan birba\u015fa birt\u0259r\u0259fli m\u00fcdaxil\u0259si haqq\u0131nda m\u00fc\u0259yy\u0259n bir siqnal kimi q\u0259bul edilib.\n<\/p>\n<p>\n  Amma Lavrovun Yerevandak\u0131 ictimai b\u0259yanatlar\u0131n\u0131n diqq\u0259tl\u0259 ara\u015fd\u0131r\u0131lmas\u0131 t\u0259nziml\u0259nm\u0259nin haz\u0131rki m\u0259rh\u0259l\u0259sind\u0259 Rusiyan\u0131n m\u00f6vqeyin\u0259 i\u015f\u0131q sal\u0131r:\n<\/p>\n<p>\n  <b><br \/>\n    <i><br \/>\n      1. Rusiyan\u0131n vasit\u0259\u00e7iliyi AT\u018fT-in Minsk Qrupunun iki dig\u0259r h\u0259ms\u0259drinin \u2013 AB\u015e v\u0259 Fransan\u0131n raz\u0131l\u0131\u011f\u0131 il\u0259 h\u0259yata ke\u00e7irilir.<br \/>\n    <\/i><br \/>\n  <\/b>\n<\/p>\n<p>\n  <b><br \/>\n    <i><br \/>\n      2. At\u0259\u015fk\u0259s rejiminin davam etdirilm\u0259si v\u0259 t\u0259r\u0259fl\u0259rin h\u0259l\u0259 1994-95-ci ill\u0259rd\u0259 \u0259ld\u0259 etdiyi at\u0259\u015fk\u0259s haqq\u0131nda m\u00f6vcud m\u00fcdd\u0259tsiz raz\u0131la\u015fmalar\u0131n\u0131n pozulmas\u0131na yol verilm\u0259m\u0259si.<br \/>\n    <\/i><br \/>\n  <\/b>\n<\/p>\n<p>\n  <b><br \/>\n    <i><br \/>\n      3. 2011-ci il tarixli Qaraba\u011f m\u00fcnaqi\u015f\u0259sinin dinc yolla t\u0259nziml\u0259nm\u0259sinin yol x\u0259rit\u0259sinin h\u0259yata ke\u00e7irilm\u0259si.<br \/>\n    <\/i><br \/>\n  <\/b>\n<\/p>\n<p>\n  Rusiya v\u0259 Erm\u0259nistan Da\u011fl\u0131q Qaraba\u011fda t\u0259nziml\u0259nm\u0259nin \u0259laq\u0259l\u0259ndiricisi kimi AT\u018fT-in Minsk Qrupuna alternativ yaratmaq c\u0259hdl\u0259rin\u0259 qar\u015f\u0131 \u00e7\u0131x\u0131r, dey\u0259 Lavrov Yerevanda bildirib. Sitat\u0131n davam\u0131nda deyilir: \u201cBiz paralel kanallar axtarmaq, b\u00fct\u00fcn t\u0259r\u0259fl\u0259rin etibar\u0131na malik olmayan mexanizml\u0259r yaratmaq c\u0259hdl\u0259rini d\u0259st\u0259kl\u0259mirik. Bu, yaln\u0131z \u0259sas v\u0259zif\u0259d\u0259n \u2013 t\u0259hl\u00fck\u0259sizliyi t\u0259min etm\u0259k, yeni qurbanlara yol verm\u0259m\u0259k v\u0259 siyasi prosesin b\u0259rpas\u0131 \u00fc\u00e7\u00fcn \u015f\u0259rait yaratmaq v\u0259zif\u0259sind\u0259n yay\u0131nd\u0131racaq\u201d&#8230; \u201cBizim vahid m\u00f6vqeyimiz var v\u0259 bel\u0259 ba\u015fa d\u00fc\u015f\u00fcr\u0259m ki, Erm\u0259nistan h\u0259ms\u0259drl\u0259r \u00fc\u00e7l\u00fcy\u00fcn\u00fcn t\u0259r\u0259fl\u0259rin raz\u0131la\u015fd\u0131\u011f\u0131 mandata uy\u011fun \u0259sas \u0259laq\u0259l\u0259ndirici funksiyas\u0131n\u0131 yerin\u0259 yetirm\u0259li oldu\u011funu d\u0259st\u0259kl\u0259yir\u201d.\n<\/p>\n<p>\n  RF X\u0130N r\u0259hb\u0259ri AT\u018fT-in haz\u0131rki s\u0259drin\u0259 &#8211; Almaniyaya 2011-ci ild\u0259 bu t\u0259\u015fkilat\u0131n t\u0259klif etdiyi Qaraba\u011f \u00fczr\u0259 yol x\u0259rit\u0259sinin h\u0259yata ke\u00e7irilm\u0259sin\u0259 \u015f\u0259rait yaratmaq \u00e7a\u011f\u0131r\u0131\u015f\u0131 il\u0259 m\u00fcraci\u0259t edib. Bu is\u0259 o dem\u0259kdir ki, bu il Qaraba\u011f t\u0259nziml\u0259nm\u0259sinin \u0259sas m\u00f6vzusu at\u0259\u015fk\u0259s rejiminin v\u0259 siyasi m\u0259sl\u0259h\u0259tl\u0259\u015fm\u0259l\u0259rin davam etdirilm\u0259si m\u0259s\u0259l\u0259si olaraq qalacaq. \u0130\u015f ondad\u0131r ki, Almaniya AT\u018fT-in yeni t\u0259yin edilmi\u015f s\u0259dri kimi bu ilin yanvar\u0131nda Vyanadak\u0131 Daimi \u015euraya 2016-c\u0131 ild\u0259 s\u0259drlik strategiyas\u0131n\u0131 t\u0259qdim edib. Strategiyaya \u0259sas\u0259n a\u015fa\u011f\u0131dak\u0131 m\u0259s\u0259l\u0259l\u0259r daxildir:\n<\/p>\n<p>\n  <b><br \/>\n    <i><br \/>\n      1) terrorizm\u0259 qar\u015f\u0131 m\u00fcbariz\u0259<br \/>\n    <\/i><br \/>\n  <\/b>\n<\/p>\n<p>\n  <b><br \/>\n    <i><br \/>\n      2) m\u0259hvedici ideologiyalar<br \/>\n    <\/i><br \/>\n  <\/b>\n<\/p>\n<p>\n  <b><br \/>\n    <i><br \/>\n      3) Ukrayna b\u00f6hran\u0131n\u0131n t\u0259nziml\u0259nm\u0259si<br \/>\n    <\/i><br \/>\n  <\/b>\n<\/p>\n<p>\n  <b><br \/>\n    <i><br \/>\n      4) AT\u018fT m\u0259kan\u0131nda h\u0259ll edilm\u0259mi\u015f m\u00fcnaqi\u015f\u0259l\u0259rin aradan qald\u0131r\u0131lmas\u0131 \u00fczr\u0259 s\u0259yl\u0259r.<br \/>\n    <\/i><br \/>\n  <\/b>\n<\/p>\n<p>\n  Onlar aras\u0131nda Dnestryan\u0131, Da\u011fl\u0131q Qaraba\u011f v\u0259 C\u0259nubi Qafqazdak\u0131 m\u00fcnaqi\u015f\u0259l\u0259rin ad\u0131 \u00e7\u0259kilib. \u018fg\u0259r Dnestryan\u0131 il\u0259 ba\u011fl\u0131 m\u00fcnaqi\u015f\u0259nin Moldaviyan\u0131n suverenliyinin v\u0259 \u0259razi b\u00fct\u00f6vl\u00fcy\u00fcn\u00fcn qorunub saxlanmas\u0131 v\u0259 Dnestryan\u0131na x\u00fcsusi status verilm\u0259si \u0259sas\u0131nda h\u0259lli m\u0259qs\u0259di qoyulursa, Qaraba\u011f \u00fczr\u0259 m\u00fcnaqi\u015f\u0259d\u0259 g\u0259rginliyin azald\u0131lmas\u0131 birinci n\u00f6vb\u0259li v\u0259zif\u0259 olaraq qal\u0131r. Bu is\u0259 o dem\u0259kdir ki, yax\u0131n g\u0259l\u0259c\u0259kd\u0259, Almaniyan\u0131n s\u0259drliyi d\u00f6vr\u00fcnd\u0259 t\u0259r\u0259fl\u0259rin yola g\u0259tirilm\u0259si m\u00f6vzusu prioritet olaraq qalacaq. M\u0259s\u0259l\u0259nin bu t\u0259r\u0259finin \u0259h\u0259miyy\u0259ti Az\u0259rbaycan\u0131 g\u00fccl\u0259ndirib, aprelin \u0259vv\u0259ll\u0259rind\u0259 \u00f6lk\u0259 Erm\u0259nistan t\u0259r\u0259find\u0259n i\u015f\u011fal edilmi\u015f \u0259razil\u0259rin bir hiss\u0259sinin azad edilm\u0259si \u00fczr\u0259 lokal h\u0259rbi \u0259m\u0259liyyat h\u0259yata ke\u00e7irib.\n<\/p>\n<p>\n  V\u0259 n\u0259hay\u0259t, Lavrovun g\u00fcnd\u0259liyind\u0259ki \u00fc\u00e7\u00fcnc\u00fc m\u0259s\u0259l\u0259 &#8211; yol x\u0259rit\u0259si. Mahiyy\u0259tc\u0259, onun Almaniya il\u0259 birba\u015fa \u0259laq\u0259si yoxdur, bel\u0259 ki, Minsk \u00fc\u00e7l\u00fcy\u00fc t\u0259r\u0259find\u0259n haz\u0131rlan\u0131b v\u0259 2011-ci ild\u0259 Moskva t\u0259r\u0259find\u0259n prezident s\u0259viyy\u0259sind\u0259 t\u0259\u015fviq edilib. Amma AT\u018fT-in Madrid prinsipl\u0259rin\u0259 \u0259saslanan v\u0259 \u00fc\u00e7 \u0259sas komponentd\u0259n \u2013 Az\u0259rbaycan\u0131n \u0259razi b\u00fct\u00f6vl\u00fcy\u00fc, Da\u011fl\u0131q Qaraba\u011f\u0131n erm\u0259ni \u0259halisinin \u00f6z m\u00fcq\u0259dd\u0259rat\u0131n\u0131 h\u0259ll etm\u0259k h\u00fcququ, g\u00fcc t\u0259tbiqind\u0259n imtinadan ibar\u0259t olan yol x\u0259rit\u0259si haz\u0131rlanark\u0259n prezident \u018fliyev yeni g\u00fcz\u0259\u015ft t\u0259klifi \u2013 m\u00fcnaqi\u015f\u0259nin h\u0259llinin Tirol modelinin t\u0259tbiqi haqq\u0131nda t\u0259klif ir\u0259li s\u00fcr\u00fcb.\n<\/p>\n<p>\n  Tirola ba\u015f \u00e7\u0259k\u0259n \u018fliyev \u015f\u0259xs\u0259n C\u0259nubi Tirol probleminin h\u0259lli m\u0259s\u0259l\u0259sini v\u0259 almandilli \u0259ks\u0259riyy\u0259tin v\u0259 italyandilli azl\u0131\u011f\u0131n birg\u0259 dinc ya\u015famas\u0131 t\u0259cr\u00fcb\u0259sini ara\u015fd\u0131r\u0131b. C\u0259nubi Tirol v\u0259 Da\u011fl\u0131q Qaraba\u011f m\u00fcnaqi\u015f\u0259l\u0259ri b\u0259nz\u0259rdir. Birinci halda Avstriya il\u0259 h\u0259ms\u0259rh\u0259d olan \u0130taliyan\u0131n \u015fimal\u0131nda C\u0259nubi Tirolda \u0259ks\u0259riyy\u0259t \u2013 almandilli \u0259hali, Az\u0259rbaycan\u0131n t\u0259rkib hiss\u0259si olan Da\u011fl\u0131q Qaraba\u011fda is\u0259 \u0259halinin \u0259ks\u0259riyy\u0259ti erm\u0259nil\u0259rdir. \u0130kinci D\u00fcnya M\u00fcharib\u0259sind\u0259n sonra \u0130taliya v\u0259 Avstriya aras\u0131nda C\u0259nubi Tirol u\u011frunda m\u00fcnaqi\u015f\u0259 y\u00fcks\u0259k muxtariyy\u0259t statusunun, yerli \u00f6z\u00fcn\u00fcidar\u0259nin verilm\u0259si v\u0259 muxtariyy\u0259t \u00e7\u0259r\u00e7iv\u0259sind\u0259 b\u00fct\u00fcn q\u0259rarlar\u0131n, h\u0259r birinin say\u0131ndan as\u0131l\u0131 olmayaraq, yerli icmalar\u0131n konsensusu \u015f\u0259rti il\u0259 q\u0259bul edilm\u0259si yolu il\u0259 h\u0259ll olunub. Region sabitlik v\u0259 \u00e7i\u00e7\u0259kl\u0259nm\u0259 \u0259ld\u0259 edib ki, bu da sonradan \u0130taliya v\u0259 Avstriyan\u0131n Avropa \u0130ttifaq\u0131na \u00fczvl\u00fcy\u00fc il\u0259 g\u00fccl\u0259ndirilib.\n<\/p>\n<p>\n  2011-ci il iyunun 24-d\u0259 Rusiya, Az\u0259rbaycan v\u0259 Erm\u0259nistan prezidentl\u0259rinin Kazan g\u00f6r\u00fc\u015f\u00fc \u0259r\u0259f\u0259sind\u0259 \u0130lham \u018fliyev Euronews telekanal\u0131na m\u00fcsahib\u0259sind\u0259 t\u0259nziml\u0259nm\u0259nin Tirol modeli m\u00f6vzusunu birlikd\u0259 dinc ya\u015famaq haqq\u0131nda avropal\u0131lar \u00fc\u00e7\u00fcn tamamil\u0259 ayd\u0131n assosiasiyalar dilind\u0259 s\u0259sl\u0259ndirib. H\u0259min vaxt \u00e7ox \u015fey v\u0259d ed\u0259n dan\u0131\u015f\u0131qlar, \u0259sas\u0259n, Da\u011fl\u0131q Qaraba\u011f\u0131n d\u0259yi\u015fm\u0259z m\u00fcst\u0259qilliyini t\u0259l\u0259b ed\u0259n Erm\u0259nistan\u0131n maksimalist m\u00f6vqeyi il\u0259 \u0259laq\u0259dar u\u011fursuzlu\u011fa d\u00fc\u00e7ar olub. Erm\u0259nistan prezidenti Serj Sarkisyan, Qaraba\u011f m\u00fcharib\u0259sinin f\u0259al i\u015ftirak\u00e7\u0131s\u0131 dan\u0131\u015f\u0131qlardak\u0131 m\u00f6vqeyini qalib m\u00f6vqeyi il\u0259 \u0259sasland\u0131r\u0131rd\u0131, bel\u0259likl\u0259 t\u0259r\u0259fl\u0259rin yana\u015fmas\u0131nda disbalans yarad\u0131rd\u0131.\n<\/p>\n<p>\n  Sonradan \u018fliyev Tirol t\u0259\u015f\u0259bb\u00fcs\u00fcn\u0259, dem\u0259k olar ki, he\u00e7 qay\u0131tmay\u0131b. Kazan u\u011fursuzlu\u011fundan c\u0259mi iki g\u00fcn sonra, iyunun 26-da Bak\u0131da m\u00f6ht\u0259\u015f\u0259m h\u0259rbi parad ke\u00e7ir\u0259n \u018fliyev Qaraba\u011f m\u00fcnaqi\u015f\u0259sinin h\u0259rbi t\u0259rkib hiss\u0259sinin tarazla\u015fd\u0131r\u0131lmas\u0131 prosesin\u0259 start verib. Son n\u0259tic\u0259d\u0259, be\u015f il sonra bu, b\u00f6y\u00fck \u0259h\u0259miyy\u0259tli ki\u00e7ik aprel q\u0259l\u0259b\u0259sin\u0259 d\u00f6nd\u00fc &#8211; Qaraba\u011f problemind\u0259 Erm\u0259nistan\u0131n h\u0259rbi arqumenti xeyli z\u0259ifl\u0259di.\n<\/p>\n<p>\n  Deyil\u0259nl\u0259r he\u00e7 c\u00fcr Erm\u0259nistan\u0131n art\u0131q m\u00fcnaqi\u015f\u0259nin h\u0259llinin Tirol v\u0259 ya h\u0259r-hans\u0131 ba\u015fqa g\u00fcz\u0259\u015ftli modelini m\u00fczakir\u0259 etm\u0259y\u0259 haz\u0131r oldu\u011fu dem\u0259k deyil. Amma aprelin ilk g\u00fcnl\u0259rind\u0259ki hadis\u0259l\u0259rin Erm\u0259nistan c\u0259miyy\u0259tind\u0259 yenid\u0259n d\u00fc\u015f\u00fcnm\u0259y\u0259 s\u0259b\u0259b oldu\u011fu art\u0131q he\u00e7 kim \u00fc\u00e7\u00fcn sirr deyil. Bu halda Almaniyan\u0131n h\u0259m t\u0259r\u0259fl\u0259rin yola g\u0259tirilm\u0259si, h\u0259m d\u0259 g\u00fcz\u0259\u015ft \u0259ld\u0259 edilm\u0259si \u00fczr\u0259 s\u0259yl\u0259ri he\u00e7 vaxt olmad\u0131\u011f\u0131 q\u0259d\u0259r yerin\u0259 d\u00fc\u015f\u0259 bil\u0259r. \u00d6z\u00fc d\u0259 t\u0259r\u0259fl\u0259r buna he\u00e7 vaxt olmad\u0131\u011f\u0131 q\u0259d\u0259r yax\u0131nd\u0131rlar.<\/p>\n","protected":false},"excerpt":{"rendered":"<p>Kazan u\u011fursuzlu\u011fundan c\u0259mi iki g\u00fcn sonra, iyunun 26-da Bak\u0131da m\u00f6ht\u0259\u015f\u0259m h\u0259rbi parad ke\u00e7ir\u0259n \u018fliyev Qaraba\u011f m\u00fcnaqi\u015f\u0259sinin h\u0259rbi t\u0259rkib hiss\u0259sinin tarazla\u015fd\u0131r\u0131lmas\u0131 prosesin\u0259 start verib<\/p>\n","protected":false},"author":11,"featured_media":55686,"comment_status":"closed","ping_status":"open","sticky":false,"template":"","format":"standard","meta":{"_acf_changed":false,"_sitemap_exclude":false,"_sitemap_priority":"","_sitemap_frequency":"","footnotes":""},"categories":[51],"tags":[],"class_list":["post-175438","post","type-post","status-publish","format-standard","has-post-thumbnail","hentry","category-analitika","infinite-scroll-item","generate-columns","tablet-grid-50","mobile-grid-100","grid-parent","grid-33","no-featured-image-padding"],"acf":[],"yoast_head":"<!-- This site is optimized with the Yoast SEO plugin v27.5 - https:\/\/yoast.com\/product\/yoast-seo-wordpress\/ -->\n<title>Qaraba\u011f t\u0259nziml\u0259nm\u0259sind\u0259 alman faktoru - MEYDAN.TV<\/title>\n<meta name=\"robots\" content=\"index, follow, max-snippet:-1, max-image-preview:large, max-video-preview:-1\" \/>\n<link rel=\"canonical\" href=\"https:\/\/www.meydan.tv\/az\/article\/qarabag-tenzimlenmesinde-alman-faktoru\/\" \/>\n<meta property=\"og:locale\" content=\"az_AZ\" \/>\n<meta property=\"og:type\" content=\"article\" \/>\n<meta property=\"og:title\" content=\"Qaraba\u011f t\u0259nziml\u0259nm\u0259sind\u0259 alman faktoru - MEYDAN.TV\" \/>\n<meta property=\"og:description\" content=\"Kazan u\u011fursuzlu\u011fundan c\u0259mi iki g\u00fcn sonra, iyunun 26-da Bak\u0131da m\u00f6ht\u0259\u015f\u0259m h\u0259rbi parad ke\u00e7ir\u0259n \u018fliyev Qaraba\u011f m\u00fcnaqi\u015f\u0259sinin h\u0259rbi t\u0259rkib hiss\u0259sinin tarazla\u015fd\u0131r\u0131lmas\u0131 prosesin\u0259 start verib\" \/>\n<meta property=\"og:url\" content=\"https:\/\/www.meydan.tv\/az\/article\/qarabag-tenzimlenmesinde-alman-faktoru\/\" \/>\n<meta property=\"og:site_name\" content=\"MEYDAN.TV\" \/>\n<meta property=\"article:published_time\" content=\"2016-04-25T20:09:55+00:00\" \/>\n<meta property=\"og:image\" content=\"https:\/\/www.meydan.tv\/wp-content\/uploads\/21022.jpg\" \/>\n\t<meta property=\"og:image:width\" content=\"768\" \/>\n\t<meta property=\"og:image:height\" content=\"545\" \/>\n\t<meta property=\"og:image:type\" content=\"image\/jpeg\" \/>\n<meta name=\"author\" content=\"user-manager\" \/>\n<meta name=\"twitter:card\" content=\"summary_large_image\" \/>\n<script type=\"application\/ld+json\" class=\"yoast-schema-graph\">{\"@context\":\"https:\\\/\\\/schema.org\",\"@graph\":[{\"@type\":\"Article\",\"@id\":\"https:\\\/\\\/www.meydan.tv\\\/az\\\/article\\\/qarabag-tenzimlenmesinde-alman-faktoru\\\/#article\",\"isPartOf\":{\"@id\":\"https:\\\/\\\/www.meydan.tv\\\/az\\\/article\\\/qarabag-tenzimlenmesinde-alman-faktoru\\\/\"},\"author\":{\"name\":\"user-manager\",\"@id\":\"https:\\\/\\\/www.meydan.tv\\\/az\\\/#\\\/schema\\\/person\\\/10d11eccf6da3662cf5fdab9806ea91a\"},\"headline\":\"Qaraba\u011f t\u0259nziml\u0259nm\u0259sind\u0259 alman faktoru\",\"datePublished\":\"2016-04-25T20:09:55+00:00\",\"mainEntityOfPage\":{\"@id\":\"https:\\\/\\\/www.meydan.tv\\\/az\\\/article\\\/qarabag-tenzimlenmesinde-alman-faktoru\\\/\"},\"wordCount\":1423,\"publisher\":{\"@id\":\"https:\\\/\\\/www.meydan.tv\\\/az\\\/#organization\"},\"image\":{\"@id\":\"https:\\\/\\\/www.meydan.tv\\\/az\\\/article\\\/qarabag-tenzimlenmesinde-alman-faktoru\\\/#primaryimage\"},\"thumbnailUrl\":\"https:\\\/\\\/www.meydan.tv\\\/wp-content\\\/uploads\\\/21022.jpg\",\"articleSection\":[\"Analitika\"],\"inLanguage\":\"az\"},{\"@type\":\"WebPage\",\"@id\":\"https:\\\/\\\/www.meydan.tv\\\/az\\\/article\\\/qarabag-tenzimlenmesinde-alman-faktoru\\\/\",\"url\":\"https:\\\/\\\/www.meydan.tv\\\/az\\\/article\\\/qarabag-tenzimlenmesinde-alman-faktoru\\\/\",\"name\":\"Qaraba\u011f t\u0259nziml\u0259nm\u0259sind\u0259 alman faktoru - MEYDAN.TV\",\"isPartOf\":{\"@id\":\"https:\\\/\\\/www.meydan.tv\\\/az\\\/#website\"},\"primaryImageOfPage\":{\"@id\":\"https:\\\/\\\/www.meydan.tv\\\/az\\\/article\\\/qarabag-tenzimlenmesinde-alman-faktoru\\\/#primaryimage\"},\"image\":{\"@id\":\"https:\\\/\\\/www.meydan.tv\\\/az\\\/article\\\/qarabag-tenzimlenmesinde-alman-faktoru\\\/#primaryimage\"},\"thumbnailUrl\":\"https:\\\/\\\/www.meydan.tv\\\/wp-content\\\/uploads\\\/21022.jpg\",\"datePublished\":\"2016-04-25T20:09:55+00:00\",\"breadcrumb\":{\"@id\":\"https:\\\/\\\/www.meydan.tv\\\/az\\\/article\\\/qarabag-tenzimlenmesinde-alman-faktoru\\\/#breadcrumb\"},\"inLanguage\":\"az\",\"potentialAction\":[{\"@type\":\"ReadAction\",\"target\":[\"https:\\\/\\\/www.meydan.tv\\\/az\\\/article\\\/qarabag-tenzimlenmesinde-alman-faktoru\\\/\"]}]},{\"@type\":\"ImageObject\",\"inLanguage\":\"az\",\"@id\":\"https:\\\/\\\/www.meydan.tv\\\/az\\\/article\\\/qarabag-tenzimlenmesinde-alman-faktoru\\\/#primaryimage\",\"url\":\"https:\\\/\\\/www.meydan.tv\\\/wp-content\\\/uploads\\\/21022.jpg\",\"contentUrl\":\"https:\\\/\\\/www.meydan.tv\\\/wp-content\\\/uploads\\\/21022.jpg\",\"width\":768,\"height\":545,\"caption\":\"Source:\"},{\"@type\":\"BreadcrumbList\",\"@id\":\"https:\\\/\\\/www.meydan.tv\\\/az\\\/article\\\/qarabag-tenzimlenmesinde-alman-faktoru\\\/#breadcrumb\",\"itemListElement\":[{\"@type\":\"ListItem\",\"position\":1,\"name\":\"Ana s\u0259hif\u0259\",\"item\":\"https:\\\/\\\/www.meydan.tv\\\/az\\\/\"},{\"@type\":\"ListItem\",\"position\":2,\"name\":\"Analitika\",\"item\":\"https:\\\/\\\/www.meydan.tv\\\/az\\\/section\\\/analitika\\\/\"},{\"@type\":\"ListItem\",\"position\":3,\"name\":\"Qaraba\u011f t\u0259nziml\u0259nm\u0259sind\u0259 alman faktoru\"}]},{\"@type\":\"WebSite\",\"@id\":\"https:\\\/\\\/www.meydan.tv\\\/az\\\/#website\",\"url\":\"https:\\\/\\\/www.meydan.tv\\\/az\\\/\",\"name\":\"MEYDAN.TV\",\"description\":\"Meydan TV Az\u0259rbaycan\u0131n media m\u0259kan\u0131ndak\u0131 alternativ s\u0259sidir\",\"publisher\":{\"@id\":\"https:\\\/\\\/www.meydan.tv\\\/az\\\/#organization\"},\"potentialAction\":[{\"@type\":\"SearchAction\",\"target\":{\"@type\":\"EntryPoint\",\"urlTemplate\":\"https:\\\/\\\/www.meydan.tv\\\/az\\\/?s={search_term_string}\"},\"query-input\":{\"@type\":\"PropertyValueSpecification\",\"valueRequired\":true,\"valueName\":\"search_term_string\"}}],\"inLanguage\":\"az\"},{\"@type\":\"Organization\",\"@id\":\"https:\\\/\\\/www.meydan.tv\\\/az\\\/#organization\",\"name\":\"Meydan TV\",\"url\":\"https:\\\/\\\/www.meydan.tv\\\/az\\\/\",\"logo\":{\"@type\":\"ImageObject\",\"inLanguage\":\"az\",\"@id\":\"https:\\\/\\\/www.meydan.tv\\\/az\\\/#\\\/schema\\\/logo\\\/image\\\/\",\"url\":\"https:\\\/\\\/www.meydan.tv\\\/wp-content\\\/uploads\\\/2021\\\/07\\\/meydan-logo.svg\",\"contentUrl\":\"https:\\\/\\\/www.meydan.tv\\\/wp-content\\\/uploads\\\/2021\\\/07\\\/meydan-logo.svg\",\"width\":195,\"height\":46,\"caption\":\"Meydan TV\"},\"image\":{\"@id\":\"https:\\\/\\\/www.meydan.tv\\\/az\\\/#\\\/schema\\\/logo\\\/image\\\/\"}},{\"@type\":\"Person\",\"@id\":\"https:\\\/\\\/www.meydan.tv\\\/az\\\/#\\\/schema\\\/person\\\/10d11eccf6da3662cf5fdab9806ea91a\",\"name\":\"user-manager\"}]}<\/script>\n<!-- \/ Yoast SEO plugin. -->","yoast_head_json":{"title":"Qaraba\u011f t\u0259nziml\u0259nm\u0259sind\u0259 alman faktoru - MEYDAN.TV","robots":{"index":"index","follow":"follow","max-snippet":"max-snippet:-1","max-image-preview":"max-image-preview:large","max-video-preview":"max-video-preview:-1"},"canonical":"https:\/\/www.meydan.tv\/az\/article\/qarabag-tenzimlenmesinde-alman-faktoru\/","og_locale":"az_AZ","og_type":"article","og_title":"Qaraba\u011f t\u0259nziml\u0259nm\u0259sind\u0259 alman faktoru - MEYDAN.TV","og_description":"Kazan u\u011fursuzlu\u011fundan c\u0259mi iki g\u00fcn sonra, iyunun 26-da Bak\u0131da m\u00f6ht\u0259\u015f\u0259m h\u0259rbi parad ke\u00e7ir\u0259n \u018fliyev Qaraba\u011f m\u00fcnaqi\u015f\u0259sinin h\u0259rbi t\u0259rkib hiss\u0259sinin tarazla\u015fd\u0131r\u0131lmas\u0131 prosesin\u0259 start verib","og_url":"https:\/\/www.meydan.tv\/az\/article\/qarabag-tenzimlenmesinde-alman-faktoru\/","og_site_name":"MEYDAN.TV","article_published_time":"2016-04-25T20:09:55+00:00","og_image":[{"width":768,"height":545,"url":"https:\/\/www.meydan.tv\/wp-content\/uploads\/21022.jpg","type":"image\/jpeg"}],"author":"user-manager","twitter_card":"summary_large_image","schema":{"@context":"https:\/\/schema.org","@graph":[{"@type":"Article","@id":"https:\/\/www.meydan.tv\/az\/article\/qarabag-tenzimlenmesinde-alman-faktoru\/#article","isPartOf":{"@id":"https:\/\/www.meydan.tv\/az\/article\/qarabag-tenzimlenmesinde-alman-faktoru\/"},"author":{"name":"user-manager","@id":"https:\/\/www.meydan.tv\/az\/#\/schema\/person\/10d11eccf6da3662cf5fdab9806ea91a"},"headline":"Qaraba\u011f t\u0259nziml\u0259nm\u0259sind\u0259 alman faktoru","datePublished":"2016-04-25T20:09:55+00:00","mainEntityOfPage":{"@id":"https:\/\/www.meydan.tv\/az\/article\/qarabag-tenzimlenmesinde-alman-faktoru\/"},"wordCount":1423,"publisher":{"@id":"https:\/\/www.meydan.tv\/az\/#organization"},"image":{"@id":"https:\/\/www.meydan.tv\/az\/article\/qarabag-tenzimlenmesinde-alman-faktoru\/#primaryimage"},"thumbnailUrl":"https:\/\/www.meydan.tv\/wp-content\/uploads\/21022.jpg","articleSection":["Analitika"],"inLanguage":"az"},{"@type":"WebPage","@id":"https:\/\/www.meydan.tv\/az\/article\/qarabag-tenzimlenmesinde-alman-faktoru\/","url":"https:\/\/www.meydan.tv\/az\/article\/qarabag-tenzimlenmesinde-alman-faktoru\/","name":"Qaraba\u011f t\u0259nziml\u0259nm\u0259sind\u0259 alman faktoru - MEYDAN.TV","isPartOf":{"@id":"https:\/\/www.meydan.tv\/az\/#website"},"primaryImageOfPage":{"@id":"https:\/\/www.meydan.tv\/az\/article\/qarabag-tenzimlenmesinde-alman-faktoru\/#primaryimage"},"image":{"@id":"https:\/\/www.meydan.tv\/az\/article\/qarabag-tenzimlenmesinde-alman-faktoru\/#primaryimage"},"thumbnailUrl":"https:\/\/www.meydan.tv\/wp-content\/uploads\/21022.jpg","datePublished":"2016-04-25T20:09:55+00:00","breadcrumb":{"@id":"https:\/\/www.meydan.tv\/az\/article\/qarabag-tenzimlenmesinde-alman-faktoru\/#breadcrumb"},"inLanguage":"az","potentialAction":[{"@type":"ReadAction","target":["https:\/\/www.meydan.tv\/az\/article\/qarabag-tenzimlenmesinde-alman-faktoru\/"]}]},{"@type":"ImageObject","inLanguage":"az","@id":"https:\/\/www.meydan.tv\/az\/article\/qarabag-tenzimlenmesinde-alman-faktoru\/#primaryimage","url":"https:\/\/www.meydan.tv\/wp-content\/uploads\/21022.jpg","contentUrl":"https:\/\/www.meydan.tv\/wp-content\/uploads\/21022.jpg","width":768,"height":545,"caption":"Source:"},{"@type":"BreadcrumbList","@id":"https:\/\/www.meydan.tv\/az\/article\/qarabag-tenzimlenmesinde-alman-faktoru\/#breadcrumb","itemListElement":[{"@type":"ListItem","position":1,"name":"Ana s\u0259hif\u0259","item":"https:\/\/www.meydan.tv\/az\/"},{"@type":"ListItem","position":2,"name":"Analitika","item":"https:\/\/www.meydan.tv\/az\/section\/analitika\/"},{"@type":"ListItem","position":3,"name":"Qaraba\u011f t\u0259nziml\u0259nm\u0259sind\u0259 alman faktoru"}]},{"@type":"WebSite","@id":"https:\/\/www.meydan.tv\/az\/#website","url":"https:\/\/www.meydan.tv\/az\/","name":"MEYDAN.TV","description":"Meydan TV Az\u0259rbaycan\u0131n media m\u0259kan\u0131ndak\u0131 alternativ s\u0259sidir","publisher":{"@id":"https:\/\/www.meydan.tv\/az\/#organization"},"potentialAction":[{"@type":"SearchAction","target":{"@type":"EntryPoint","urlTemplate":"https:\/\/www.meydan.tv\/az\/?s={search_term_string}"},"query-input":{"@type":"PropertyValueSpecification","valueRequired":true,"valueName":"search_term_string"}}],"inLanguage":"az"},{"@type":"Organization","@id":"https:\/\/www.meydan.tv\/az\/#organization","name":"Meydan TV","url":"https:\/\/www.meydan.tv\/az\/","logo":{"@type":"ImageObject","inLanguage":"az","@id":"https:\/\/www.meydan.tv\/az\/#\/schema\/logo\/image\/","url":"https:\/\/www.meydan.tv\/wp-content\/uploads\/2021\/07\/meydan-logo.svg","contentUrl":"https:\/\/www.meydan.tv\/wp-content\/uploads\/2021\/07\/meydan-logo.svg","width":195,"height":46,"caption":"Meydan TV"},"image":{"@id":"https:\/\/www.meydan.tv\/az\/#\/schema\/logo\/image\/"}},{"@type":"Person","@id":"https:\/\/www.meydan.tv\/az\/#\/schema\/person\/10d11eccf6da3662cf5fdab9806ea91a","name":"user-manager"}]}},"_links":{"self":[{"href":"https:\/\/www.meydan.tv\/az\/wp-json\/wp\/v2\/posts\/175438","targetHints":{"allow":["GET"]}}],"collection":[{"href":"https:\/\/www.meydan.tv\/az\/wp-json\/wp\/v2\/posts"}],"about":[{"href":"https:\/\/www.meydan.tv\/az\/wp-json\/wp\/v2\/types\/post"}],"author":[{"embeddable":true,"href":"https:\/\/www.meydan.tv\/az\/wp-json\/wp\/v2\/users\/11"}],"replies":[{"embeddable":true,"href":"https:\/\/www.meydan.tv\/az\/wp-json\/wp\/v2\/comments?post=175438"}],"version-history":[{"count":0,"href":"https:\/\/www.meydan.tv\/az\/wp-json\/wp\/v2\/posts\/175438\/revisions"}],"wp:featuredmedia":[{"embeddable":true,"href":"https:\/\/www.meydan.tv\/az\/wp-json\/wp\/v2\/media\/55686"}],"wp:attachment":[{"href":"https:\/\/www.meydan.tv\/az\/wp-json\/wp\/v2\/media?parent=175438"}],"wp:term":[{"taxonomy":"category","embeddable":true,"href":"https:\/\/www.meydan.tv\/az\/wp-json\/wp\/v2\/categories?post=175438"},{"taxonomy":"post_tag","embeddable":true,"href":"https:\/\/www.meydan.tv\/az\/wp-json\/wp\/v2\/tags?post=175438"}],"curies":[{"name":"wp","href":"https:\/\/api.w.org\/{rel}","templated":true}]}}