{"id":175436,"date":"2016-04-25T18:20:20","date_gmt":"2016-04-25T18:20:20","guid":{"rendered":"https:\/\/www.meydan.tv\/article\/azerbaycan-huquqa-soykenen-dovlet-deyil\/"},"modified":"2016-04-25T18:20:20","modified_gmt":"2016-04-25T18:20:20","slug":"azerbaycan-huquqa-soykenen-dovlet-deyil","status":"publish","type":"post","link":"https:\/\/www.meydan.tv\/az\/article\/azerbaycan-huquqa-soykenen-dovlet-deyil\/","title":{"rendered":"&#8221;Az\u0259rbaycan h\u00fcquqa s\u00f6yk\u0259n\u0259n d\u00f6vl\u0259t deyil&#8221;"},"content":{"rendered":"<figure class=\"wp-block-image size-large\">\n  <img decoding=\"async\" src=\"https:\/\/www.meydan.tv\/az\/dunya-media-azadligi-xeritesi\/\" alt=\"D\u00fcnya Media Azadl\u0131\u011f\u0131 x\u0259rit\u0259si\" class=\"wp-image-55662\"\/><figcaption>\n    D\u00fcnya Media Azadl\u0131\u011f\u0131 x\u0259rit\u0259si<br \/>\n  <\/figcaption><\/figure>\n<p>\n  <b><br \/>\n    \u201cG\u00f6st\u0259ri\u015fl\u0259rin qanundan y\u00fcks\u0259k oldu\u011fu \u00f6lk\u0259nin h\u00fcquq sistemi \u00e7\u00f6km\u00fc\u015f dem\u0259kdir\u201d<br \/>\n  <\/b>\n<\/p>\n<p>\n  S\u0259rh\u0259dsiz Reportyorlar T\u0259\u015fkilat\u0131 d\u00fcnyada m\u0259tbuat azadl\u0131\u011f\u0131 indeksini a\u00e7\u0131qlay\u0131b. Siyah\u0131da Az\u0259rbaycan 180 \u00f6lk\u0259 aras\u0131nda 163-c\u00fc yerd\u0259 q\u0259rarla\u015f\u0131b. Erm\u0259nistan 74, G\u00fcrc\u00fcstan is\u0259 64-c\u00fc yerd\u0259dir. Diqq\u0259t \u00e7\u0259k\u0259n m\u0259qam T\u00fcrkiy\u0259nin 151-ci yerd\u0259 q\u0259rarla\u015faraq Tacikistan v\u0259 Konqoyla yana\u015f\u0131 olmas\u0131d\u0131r. Rusiya is\u0259 148-ci yerd\u0259 q\u0259rarla\u015fmaqla T\u00fcrkiy\u0259 v\u0259 Az\u0259rbaycan\u0131 qabaqlay\u0131b.\n<\/p>\n<p>\n  <b><br \/>\n    Az\u0259rbaycan\u0131n sonuncu s\u0131ralarda olmas\u0131na s\u0259b\u0259b n\u0259dir?<br \/>\n  <\/b>\n<\/p>\n<p>\n  Media \u00fczr\u0259 ekspert, h\u00fcquq\u015f\u00fcnas \u018fl\u0259sg\u0259r M\u0259mm\u0259dli Az\u0259rbaycan\u0131n n\u0259 s\u0259b\u0259b\u0259 ax\u0131r\u0131nc\u0131 s\u0131ralarda olmas\u0131na ayd\u0131nl\u0131q g\u0259tirdi. Bildirdi ki, 163-c\u00fc yer v\u0259ziyy\u0259tin h\u0259qiq\u0259t\u0259n d\u0259 a\u011f\u0131r olmas\u0131ndan x\u0259b\u0259r verir:\n<\/p>\n<p>\n  \u201cSonuncu \u0259fv f\u0259rman\u0131na q\u0259d\u0259r 15 jurnalist v\u0259 blogger h\u0259bsd\u0259 idi. Onlardan 4 n\u0259f\u0259r azad edildi. 11 n\u0259f\u0259r h\u0259l\u0259 d\u0259 h\u0259bsd\u0259dir. M\u00fcst\u0259qil jurnalistl\u0259r\u0259 \u00f6lk\u0259d\u0259n \u00e7\u0131xma qada\u011fas\u0131 qoyulub, media qurumlar qapad\u0131l\u0131b. M\u0259tbuat azadl\u0131\u011f\u0131 reytinqin\u0259 g\u00f6r\u0259 Az\u0259rbaycan Belorusdan da a\u015fa\u011f\u0131 yerd\u0259dir. Belarusu ona g\u00f6r\u0259 misal \u00e7\u0259kir\u0259m ki, h\u0259min \u00f6lk\u0259 media bax\u0131m\u0131ndan \u00e7ox a\u015fa\u011f\u0131 s\u0259viyy\u0259d\u0259dir\u201d.\n<\/p>\n<p>\n  <b><br \/>\n    Qapad\u0131lan media qurumlar\u0131, h\u0259bs edil\u0259n, qada\u011fa qoyulan jurnalistl\u0259r<br \/>\n  <\/b>\n<\/p>\n<p>\n  Media H\u00fcququ \u0130nstitutu, Reportyorlar\u0131n Azadl\u0131\u011f\u0131 v\u0259 T\u0259hl\u00fck\u0259sizliyi \u0130nstitutu qapad\u0131l\u0131b, Azadl\u0131q Radiosunun Bak\u0131 b\u00fcrosunun ofisi m\u00f6h\u00fcrl\u0259nib, Ba\u015f Prokurorlu\u011fun A\u011f\u0131r Cinay\u0259tl\u0259r\u0259 dair \u0130\u015fl\u0259r \u0130dar\u0259sind\u0259 Meydan TV-nin \u201cv\u0259zif\u0259li \u015f\u0259xsl\u0259ri\u201dn\u0259 qar\u015f\u0131 CM-in 192.2.2. (k\u00fclli miqdarda g\u0259lir \u0259ld\u0259 etm\u0259kl\u0259 qanunsuz sahibkalk\u0131q), 213.2.2 (k\u00fclli miqdarda vergid\u0259n yay\u0131nma) v\u0259 308.2 (v\u0259zif\u0259 s\u0259lahiyy\u0259tind\u0259n sui-istifad\u0259) madd\u0259l\u0259ri \u00fczr\u0259 cinay\u0259t i\u015fi apar\u0131l\u0131r. M\u00fcst\u0259qil jurnalistl\u0259rd\u0259n Natiq Cavadl\u0131, Aynur Elg\u00fcn\u0259\u015f, Sevinc Vaqifq\u0131z\u0131, \u015eirin Tire, Elnur Muxtar, Ayt\u0259n F\u0259rhadova, G\u00fcl\u0259r Mehdizad\u0259, \u0130zolda A\u011fayeva v\u0259 ba\u015fqalar\u0131n\u0131n \u00f6lk\u0259d\u0259n \u00e7\u0131x\u0131\u015f\u0131na m\u0259hdudiyy\u0259t qoyulub.\n<\/p>\n<figure class=\"wp-block-image size-large\">\n  <img decoding=\"async\" src=\"https:\/\/www.meydan.tv\/az\/55668\/\" alt=\"\" class=\"wp-image-55668\"\/><figcaption><\/figcaption><\/figure>\n<p>\n  <b><br \/>\n    \u201cBa\u015flanan cinay\u0259t i\u015fl\u0259ri, h\u0259bsl\u0259r, qada\u011falar \u2013 bunlar ham\u0131s\u0131 mahiyy\u0259t etibaril\u0259 h\u00fcquqdank\u0259nar yana\u015fmalard\u0131r\u201d<br \/>\n  <\/b>\n<\/p>\n<p>\n  \u018fl\u0259sg\u0259r M\u0259mm\u0259dli deyir ki, 2014-c\u00fc ild\u0259 v\u0259t\u0259nda\u015f c\u0259miyy\u0259tin\u0259 qar\u015f\u0131 ba\u015flad\u0131lan cinay\u0259t i\u015fi h\u0259m beyn\u0259lxalq t\u0259\u015fkilatlar\u0131n Az\u0259rbaycandak\u0131 n\u00fcmay\u0259nd\u0259likl\u0259rin\u0259, h\u0259m QHT-l\u0259r\u0259, h\u0259m d\u0259 mediaya aid idi: \u201cBundan sonra maraql\u0131 bir tendensiya yarand\u0131. H\u00fcquqi \u0259sas, m\u0259hk\u0259m\u0259 q\u0259rar\u0131 olmadan insanlar\u0131n \u00f6lk\u0259d\u0259n \u00e7\u0131x\u0131\u015f\u0131na qada\u011falar qoyuldu, jurnalistl\u0259ri g\u00f6mr\u00fckd\u0259 saxlay\u0131b x\u00fcsusi yoxlama\u011fa ba\u015flad\u0131lar. Bunlar x\u00fcsus\u0259n 2014-c\u00fc ilin aprel ay\u0131nda a\u00e7\u0131lan cinay\u0259t i\u015find\u0259n sonra ba\u015f verdi. 2014-c\u00fc il\u0259 q\u0259d\u0259r bel\u0259 olaylar olmam\u0131\u015fd\u0131. T\u0259\u0259ss\u00fcf ki, bu proses h\u0259l\u0259 d\u0259 davam edir. Yen\u0259 d\u0259 bu c\u00fcr diskriminasiyaya m\u0259ruz qalan jurnalistl\u0259rimiz var. B\u00fct\u00fcn bunlar qanun \u00e7\u0259r\u00e7iv\u0259sind\u0259 ba\u015f vermir. Ba\u015flanan cinay\u0259t i\u015fl\u0259ri, h\u0259bsl\u0259r, qada\u011falar \u2013 bunlar ham\u0131s\u0131 mahiyy\u0259t etibaril\u0259 h\u00fcquqdan k\u0259nar yana\u015fmalard\u0131r. Art\u0131q bu kimi \u015feyl\u0259r adil\u0259\u015fib. Bizd\u0259 g\u00f6st\u0259ri\u015fl\u0259r qanundan y\u00fcks\u0259kd\u0259dir. Bel\u0259 bir \u00f6lk\u0259nin h\u00fcquq sistemi art\u0131q \u00e7\u00f6km\u00fc\u015f dem\u0259kdir\u201d.\n<\/p>\n<figure class=\"wp-block-image size-large\">\n  <img decoding=\"async\" src=\"https:\/\/www.meydan.tv\/az\/muzeffer-baxisov\/\" alt=\"M\u00fcz\u0259ff\u0259r Bax\u0131\u015fov\" class=\"wp-image-55671\"\/><figcaption>\n    M\u00fcz\u0259ff\u0259r Bax\u0131\u015fov<br \/>\n  <\/figcaption><\/figure>\n<p>\n  <b><br \/>\n    \u201cJurnalistl\u0259rd\u0259 Miqrasiya M\u0259c\u0259ll\u0259sind\u0259 g\u00f6st\u0259ril\u0259n m\u0259hdudiyy\u0259t hallar\u0131n\u0131n he\u00e7 biri yoxdur\u201d<br \/>\n  <\/b>\n<\/p>\n<p>\n  D\u00f6vl\u0259t qurumlar\u0131 ilk vaxtlar jurnalistl\u0259rin \u00f6lk\u0259d\u0259n \u00e7\u0131x\u0131\u015f\u0131na qada\u011fa qoyulmas\u0131n\u0131 boyunlar\u0131na alm\u0131rd\u0131lar. G\u00f6nd\u0259ril\u0259n sor\u011fulara cavab g\u0259lmirdi. Son bir ayda qoyulan qada\u011falar d\u00f6vl\u0259t t\u0259r\u0259find\u0259n inkar edilmir. M\u0259s\u0259l\u0259n, jurnalistl\u0259rd\u0259n birinin sor\u011fusuna A\u011f\u0131r Cinay\u0259tl\u0259r\u0259 dair \u0130\u015fl\u0259r \u00fczr\u0259 \u0130stintaq \u0130dar\u0259sinin r\u0259isi Eldar \u018fhm\u0259dovun yazd\u0131\u011f\u0131 cavabda deyilir ki, Ba\u015f Prokurorlu\u011fun A\u011f\u0131r Cinay\u0259tl\u0259r\u0259 dair \u0130\u015fl\u0259r \u00fczr\u0259 \u0130stintaq \u0130dar\u0259sind\u0259 ibtidai istintaq\u0131 apar\u0131lan 152006048 \u2116-li cinay\u0259t i\u015fi \u00fczr\u0259 yaranm\u0131\u015f istintaq z\u0259rur\u0259ti il\u0259 \u0259laq\u0259dar siz\u0259 \u201cQada\u011fand\u0131r\u201d statusu il\u0259 \u201cGiri\u015f-\u00c7\u0131x\u0131\u015f\u201d, \u201cS\u0259rh\u0259dke\u00e7m\u0259y\u0259 m\u0259hdudiyy\u0259t\u201d altsistemin\u0259 f\u0259alla\u015fd\u0131r\u0131laraq daxil edilib.\n<\/p>\n<p>\n  H\u00fcquq\u015f\u00fcnas M\u00fcz\u0259ff\u0259r Bax\u0131\u015fov deyir ki, bu m\u0259s\u0259l\u0259l\u0259r Az\u0259rbaycan Respublikas\u0131n\u0131n Miqrasiya M\u0259c\u0259ll\u0259si il\u0259 t\u0259nziml\u0259nir. Yaln\u0131z Miqrasiya M\u0259c\u0259ll\u0259sinin 9.3-c\u00fc madd\u0259sinin t\u0259l\u0259bl\u0259rin\u0259 g\u00f6r\u0259, b\u0259zi istisna hallarda v\u0259t\u0259nda\u015f\u0131n \u00f6lk\u0259ni t\u0259rk etm\u0259k h\u00fcququ m\u00fcv\u0259qq\u0259ti m\u0259hdudla\u015fd\u0131r\u0131la bil\u0259r:\n<\/p>\n<p>\n  \u201cMiqrasiya M\u0259c\u0259ll\u0259sinin 9.3-c\u00fc madd\u0259sin\u0259 g\u00f6r\u0259 v\u0259t\u0259nda\u015f\u0131n \u00f6lk\u0259d\u0259n getm\u0259k h\u00fcququ yaln\u0131z bar\u0259sind\u0259 h\u0259r hans\u0131 q\u0259timkan t\u0259dbiri olarsa, m\u0259hkum edildikd\u0259, bar\u0259sind\u0259 tibbi xarakterli m\u0259cburi t\u0259dbirl\u0259r t\u0259tbiq edildikd\u0259, \u015f\u0259rti m\u0259hkum edildikd\u0259, h\u0259rbi xidm\u0259t\u0259 \u00e7a\u011f\u0131r\u0131ld\u0131qda, m\u0259hk\u0259m\u0259 q\u0259rar\u0131 \u0259sas\u0131nda verilmi\u015f icra s\u0259n\u0259dinin k\u00f6n\u00fcll\u00fc icra etm\u0259diyi halda, profilaktik peyv\u0259ndl\u0259r t\u0259l\u0259b olunan \u00f6lk\u0259l\u0259r\u0259 gedi\u015f-g\u0259li\u015f zaman\u0131, d\u00f6vl\u0259t sirri il\u0259 i\u015fl\u0259m\u0259y\u0259 burax\u0131lm\u0131\u015f \u015f\u0259xsl\u0259rin tan\u0131\u015f olma\u011fa burax\u0131ld\u0131\u011f\u0131 m\u0259lumat\u0131n m\u0259xfilik m\u00fcdd\u0259ti bit\u0259n\u0259d\u0259k \u00f6lk\u0259d\u0259n getm\u0259sin\u0259 m\u00fcv\u0259qq\u0259ti m\u0259hdudiyy\u0259t qoyula bil\u0259r\u201d.\n<\/p>\n<p>\n  <b><br \/>\n    \u201cAz\u0259rbaycan h\u00fcquqa s\u00f6yk\u0259n\u0259n d\u00f6vl\u0259t deyil\u201d<br \/>\n  <\/b>\n<\/p>\n<p>\n  H\u00fcquq\u015f\u00fcnas son zamanlar jurnalistl\u0259r\u0259 qoyulan qada\u011fa il\u0259 ba\u011fl\u0131 oxuyub. Deyir, h\u0259min qada\u011falar\u0131n \u0259ks\u0259riyy\u0259ti qanunsuzdur. \u0130stintaqa \u015fahid qismind\u0259 c\u0259lb edil\u0259n birin\u0259 qada\u011fa qoyula bilm\u0259z: \u201cH\u0259min jurnalistl\u0259rin i\u00e7ind\u0259, \u00fcmumiyy\u0259tl\u0259, istintaqa c\u0259lb edilm\u0259y\u0259nl\u0259r d\u0259 var. Onlarla ba\u011fl\u0131 Miqrasiya M\u0259c\u0259ll\u0259sind\u0259 g\u00f6st\u0259ril\u0259n m\u0259hdudiyy\u0259t hallar\u0131n\u0131n he\u00e7 biri yoxdur. Ona g\u00f6r\u0259 d\u0259 m\u0259lumat-axtar\u0131\u015f sisteml\u0259rin\u0259 daxil edil\u0259n bu qada\u011falar qanunsuzdur. B\u00fct\u00fcn bunlar Az\u0259rbaycan\u0131n h\u00fcquqa s\u00f6yk\u0259n\u0259n d\u00f6vl\u0259t olmad\u0131\u011f\u0131n\u0131 bir daha t\u0259sdiql\u0259yir. N\u0259tic\u0259d\u0259, h\u00fcquq-m\u00fchafiz\u0259 orqanlar\u0131 ist\u0259dikl\u0259ri kimi qanunsuz h\u0259r\u0259k\u0259tl\u0259r\u0259 yol verirl\u0259r\u201d.\n<\/p>\n<p>\n  <i><br \/>\n    <b><br \/>\n      Meydan TV \u0130nternet-resursa qar\u015f\u0131 cinay\u0259t i\u015fi ba\u015flan\u0131b v\u0259 bu i\u015f \u00fczr\u0259 15 jurnalistin ad\u0131 ke\u00e7ir.<br \/>\n    <\/b><br \/>\n  <\/i><\/p>\n","protected":false},"excerpt":{"rendered":"<p>\u201cG\u00f6st\u0259ri\u015fl\u0259rin qanundan y\u00fcks\u0259k oldu\u011fu \u00f6lk\u0259nin h\u00fcquq sistemi \u00e7\u00f6km\u00fc\u015f dem\u0259kdir\u201d<\/p>\n","protected":false},"author":11,"featured_media":55662,"comment_status":"closed","ping_status":"open","sticky":false,"template":"","format":"standard","meta":{"_acf_changed":false,"_sitemap_exclude":false,"_sitemap_priority":"","_sitemap_frequency":"","footnotes":""},"categories":[51],"tags":[],"class_list":["post-175436","post","type-post","status-publish","format-standard","has-post-thumbnail","hentry","category-analitika","infinite-scroll-item","generate-columns","tablet-grid-50","mobile-grid-100","grid-parent","grid-33","no-featured-image-padding"],"acf":[],"yoast_head":"<!-- This site is optimized with the Yoast SEO plugin v27.5 - https:\/\/yoast.com\/product\/yoast-seo-wordpress\/ -->\n<title>&#039;&#039;Az\u0259rbaycan h\u00fcquqa s\u00f6yk\u0259n\u0259n d\u00f6vl\u0259t deyil&#039;&#039; - MEYDAN.TV<\/title>\n<meta name=\"robots\" content=\"index, follow, max-snippet:-1, max-image-preview:large, max-video-preview:-1\" \/>\n<link rel=\"canonical\" href=\"https:\/\/www.meydan.tv\/az\/article\/azerbaycan-huquqa-soykenen-dovlet-deyil\/\" \/>\n<meta property=\"og:locale\" content=\"az_AZ\" \/>\n<meta property=\"og:type\" content=\"article\" \/>\n<meta property=\"og:title\" content=\"&#039;&#039;Az\u0259rbaycan h\u00fcquqa s\u00f6yk\u0259n\u0259n d\u00f6vl\u0259t deyil&#039;&#039; - MEYDAN.TV\" \/>\n<meta property=\"og:description\" content=\"\u201cG\u00f6st\u0259ri\u015fl\u0259rin qanundan y\u00fcks\u0259k oldu\u011fu \u00f6lk\u0259nin h\u00fcquq sistemi \u00e7\u00f6km\u00fc\u015f dem\u0259kdir\u201d\" \/>\n<meta property=\"og:url\" content=\"https:\/\/www.meydan.tv\/az\/article\/azerbaycan-huquqa-soykenen-dovlet-deyil\/\" \/>\n<meta property=\"og:site_name\" content=\"MEYDAN.TV\" \/>\n<meta property=\"article:published_time\" content=\"2016-04-25T18:20:20+00:00\" \/>\n<meta property=\"og:image\" content=\"https:\/\/www.meydan.tv\/wp-content\/uploads\/21014.jpg\" \/>\n\t<meta property=\"og:image:width\" content=\"647\" \/>\n\t<meta property=\"og:image:height\" content=\"370\" \/>\n\t<meta property=\"og:image:type\" content=\"image\/jpeg\" \/>\n<meta name=\"author\" content=\"user-manager\" \/>\n<meta name=\"twitter:card\" content=\"summary_large_image\" \/>\n<script type=\"application\/ld+json\" class=\"yoast-schema-graph\">{\"@context\":\"https:\\\/\\\/schema.org\",\"@graph\":[{\"@type\":\"Article\",\"@id\":\"https:\\\/\\\/www.meydan.tv\\\/az\\\/article\\\/azerbaycan-huquqa-soykenen-dovlet-deyil\\\/#article\",\"isPartOf\":{\"@id\":\"https:\\\/\\\/www.meydan.tv\\\/az\\\/article\\\/azerbaycan-huquqa-soykenen-dovlet-deyil\\\/\"},\"author\":{\"name\":\"user-manager\",\"@id\":\"https:\\\/\\\/www.meydan.tv\\\/az\\\/#\\\/schema\\\/person\\\/10d11eccf6da3662cf5fdab9806ea91a\"},\"headline\":\"&#8221;Az\u0259rbaycan h\u00fcquqa s\u00f6yk\u0259n\u0259n d\u00f6vl\u0259t deyil&#8221;\",\"datePublished\":\"2016-04-25T18:20:20+00:00\",\"mainEntityOfPage\":{\"@id\":\"https:\\\/\\\/www.meydan.tv\\\/az\\\/article\\\/azerbaycan-huquqa-soykenen-dovlet-deyil\\\/\"},\"wordCount\":1164,\"publisher\":{\"@id\":\"https:\\\/\\\/www.meydan.tv\\\/az\\\/#organization\"},\"image\":{\"@id\":\"https:\\\/\\\/www.meydan.tv\\\/az\\\/article\\\/azerbaycan-huquqa-soykenen-dovlet-deyil\\\/#primaryimage\"},\"thumbnailUrl\":\"https:\\\/\\\/www.meydan.tv\\\/wp-content\\\/uploads\\\/21014.jpg\",\"articleSection\":[\"Analitika\"],\"inLanguage\":\"az\"},{\"@type\":\"WebPage\",\"@id\":\"https:\\\/\\\/www.meydan.tv\\\/az\\\/article\\\/azerbaycan-huquqa-soykenen-dovlet-deyil\\\/\",\"url\":\"https:\\\/\\\/www.meydan.tv\\\/az\\\/article\\\/azerbaycan-huquqa-soykenen-dovlet-deyil\\\/\",\"name\":\"''Az\u0259rbaycan h\u00fcquqa s\u00f6yk\u0259n\u0259n d\u00f6vl\u0259t deyil'' - MEYDAN.TV\",\"isPartOf\":{\"@id\":\"https:\\\/\\\/www.meydan.tv\\\/az\\\/#website\"},\"primaryImageOfPage\":{\"@id\":\"https:\\\/\\\/www.meydan.tv\\\/az\\\/article\\\/azerbaycan-huquqa-soykenen-dovlet-deyil\\\/#primaryimage\"},\"image\":{\"@id\":\"https:\\\/\\\/www.meydan.tv\\\/az\\\/article\\\/azerbaycan-huquqa-soykenen-dovlet-deyil\\\/#primaryimage\"},\"thumbnailUrl\":\"https:\\\/\\\/www.meydan.tv\\\/wp-content\\\/uploads\\\/21014.jpg\",\"datePublished\":\"2016-04-25T18:20:20+00:00\",\"breadcrumb\":{\"@id\":\"https:\\\/\\\/www.meydan.tv\\\/az\\\/article\\\/azerbaycan-huquqa-soykenen-dovlet-deyil\\\/#breadcrumb\"},\"inLanguage\":\"az\",\"potentialAction\":[{\"@type\":\"ReadAction\",\"target\":[\"https:\\\/\\\/www.meydan.tv\\\/az\\\/article\\\/azerbaycan-huquqa-soykenen-dovlet-deyil\\\/\"]}]},{\"@type\":\"ImageObject\",\"inLanguage\":\"az\",\"@id\":\"https:\\\/\\\/www.meydan.tv\\\/az\\\/article\\\/azerbaycan-huquqa-soykenen-dovlet-deyil\\\/#primaryimage\",\"url\":\"https:\\\/\\\/www.meydan.tv\\\/wp-content\\\/uploads\\\/21014.jpg\",\"contentUrl\":\"https:\\\/\\\/www.meydan.tv\\\/wp-content\\\/uploads\\\/21014.jpg\",\"width\":647,\"height\":370,\"caption\":\"Source:\"},{\"@type\":\"BreadcrumbList\",\"@id\":\"https:\\\/\\\/www.meydan.tv\\\/az\\\/article\\\/azerbaycan-huquqa-soykenen-dovlet-deyil\\\/#breadcrumb\",\"itemListElement\":[{\"@type\":\"ListItem\",\"position\":1,\"name\":\"Ana s\u0259hif\u0259\",\"item\":\"https:\\\/\\\/www.meydan.tv\\\/az\\\/\"},{\"@type\":\"ListItem\",\"position\":2,\"name\":\"Analitika\",\"item\":\"https:\\\/\\\/www.meydan.tv\\\/az\\\/section\\\/analitika\\\/\"},{\"@type\":\"ListItem\",\"position\":3,\"name\":\"&#8221;Az\u0259rbaycan h\u00fcquqa s\u00f6yk\u0259n\u0259n d\u00f6vl\u0259t deyil&#8221;\"}]},{\"@type\":\"WebSite\",\"@id\":\"https:\\\/\\\/www.meydan.tv\\\/az\\\/#website\",\"url\":\"https:\\\/\\\/www.meydan.tv\\\/az\\\/\",\"name\":\"MEYDAN.TV\",\"description\":\"Meydan TV Az\u0259rbaycan\u0131n media m\u0259kan\u0131ndak\u0131 alternativ s\u0259sidir\",\"publisher\":{\"@id\":\"https:\\\/\\\/www.meydan.tv\\\/az\\\/#organization\"},\"potentialAction\":[{\"@type\":\"SearchAction\",\"target\":{\"@type\":\"EntryPoint\",\"urlTemplate\":\"https:\\\/\\\/www.meydan.tv\\\/az\\\/?s={search_term_string}\"},\"query-input\":{\"@type\":\"PropertyValueSpecification\",\"valueRequired\":true,\"valueName\":\"search_term_string\"}}],\"inLanguage\":\"az\"},{\"@type\":\"Organization\",\"@id\":\"https:\\\/\\\/www.meydan.tv\\\/az\\\/#organization\",\"name\":\"Meydan TV\",\"url\":\"https:\\\/\\\/www.meydan.tv\\\/az\\\/\",\"logo\":{\"@type\":\"ImageObject\",\"inLanguage\":\"az\",\"@id\":\"https:\\\/\\\/www.meydan.tv\\\/az\\\/#\\\/schema\\\/logo\\\/image\\\/\",\"url\":\"https:\\\/\\\/www.meydan.tv\\\/wp-content\\\/uploads\\\/2021\\\/07\\\/meydan-logo.svg\",\"contentUrl\":\"https:\\\/\\\/www.meydan.tv\\\/wp-content\\\/uploads\\\/2021\\\/07\\\/meydan-logo.svg\",\"width\":195,\"height\":46,\"caption\":\"Meydan TV\"},\"image\":{\"@id\":\"https:\\\/\\\/www.meydan.tv\\\/az\\\/#\\\/schema\\\/logo\\\/image\\\/\"}},{\"@type\":\"Person\",\"@id\":\"https:\\\/\\\/www.meydan.tv\\\/az\\\/#\\\/schema\\\/person\\\/10d11eccf6da3662cf5fdab9806ea91a\",\"name\":\"user-manager\"}]}<\/script>\n<!-- \/ Yoast SEO plugin. -->","yoast_head_json":{"title":"''Az\u0259rbaycan h\u00fcquqa s\u00f6yk\u0259n\u0259n d\u00f6vl\u0259t deyil'' - MEYDAN.TV","robots":{"index":"index","follow":"follow","max-snippet":"max-snippet:-1","max-image-preview":"max-image-preview:large","max-video-preview":"max-video-preview:-1"},"canonical":"https:\/\/www.meydan.tv\/az\/article\/azerbaycan-huquqa-soykenen-dovlet-deyil\/","og_locale":"az_AZ","og_type":"article","og_title":"''Az\u0259rbaycan h\u00fcquqa s\u00f6yk\u0259n\u0259n d\u00f6vl\u0259t deyil'' - MEYDAN.TV","og_description":"\u201cG\u00f6st\u0259ri\u015fl\u0259rin qanundan y\u00fcks\u0259k oldu\u011fu \u00f6lk\u0259nin h\u00fcquq sistemi \u00e7\u00f6km\u00fc\u015f dem\u0259kdir\u201d","og_url":"https:\/\/www.meydan.tv\/az\/article\/azerbaycan-huquqa-soykenen-dovlet-deyil\/","og_site_name":"MEYDAN.TV","article_published_time":"2016-04-25T18:20:20+00:00","og_image":[{"width":647,"height":370,"url":"https:\/\/www.meydan.tv\/wp-content\/uploads\/21014.jpg","type":"image\/jpeg"}],"author":"user-manager","twitter_card":"summary_large_image","schema":{"@context":"https:\/\/schema.org","@graph":[{"@type":"Article","@id":"https:\/\/www.meydan.tv\/az\/article\/azerbaycan-huquqa-soykenen-dovlet-deyil\/#article","isPartOf":{"@id":"https:\/\/www.meydan.tv\/az\/article\/azerbaycan-huquqa-soykenen-dovlet-deyil\/"},"author":{"name":"user-manager","@id":"https:\/\/www.meydan.tv\/az\/#\/schema\/person\/10d11eccf6da3662cf5fdab9806ea91a"},"headline":"&#8221;Az\u0259rbaycan h\u00fcquqa s\u00f6yk\u0259n\u0259n d\u00f6vl\u0259t deyil&#8221;","datePublished":"2016-04-25T18:20:20+00:00","mainEntityOfPage":{"@id":"https:\/\/www.meydan.tv\/az\/article\/azerbaycan-huquqa-soykenen-dovlet-deyil\/"},"wordCount":1164,"publisher":{"@id":"https:\/\/www.meydan.tv\/az\/#organization"},"image":{"@id":"https:\/\/www.meydan.tv\/az\/article\/azerbaycan-huquqa-soykenen-dovlet-deyil\/#primaryimage"},"thumbnailUrl":"https:\/\/www.meydan.tv\/wp-content\/uploads\/21014.jpg","articleSection":["Analitika"],"inLanguage":"az"},{"@type":"WebPage","@id":"https:\/\/www.meydan.tv\/az\/article\/azerbaycan-huquqa-soykenen-dovlet-deyil\/","url":"https:\/\/www.meydan.tv\/az\/article\/azerbaycan-huquqa-soykenen-dovlet-deyil\/","name":"''Az\u0259rbaycan h\u00fcquqa s\u00f6yk\u0259n\u0259n d\u00f6vl\u0259t deyil'' - MEYDAN.TV","isPartOf":{"@id":"https:\/\/www.meydan.tv\/az\/#website"},"primaryImageOfPage":{"@id":"https:\/\/www.meydan.tv\/az\/article\/azerbaycan-huquqa-soykenen-dovlet-deyil\/#primaryimage"},"image":{"@id":"https:\/\/www.meydan.tv\/az\/article\/azerbaycan-huquqa-soykenen-dovlet-deyil\/#primaryimage"},"thumbnailUrl":"https:\/\/www.meydan.tv\/wp-content\/uploads\/21014.jpg","datePublished":"2016-04-25T18:20:20+00:00","breadcrumb":{"@id":"https:\/\/www.meydan.tv\/az\/article\/azerbaycan-huquqa-soykenen-dovlet-deyil\/#breadcrumb"},"inLanguage":"az","potentialAction":[{"@type":"ReadAction","target":["https:\/\/www.meydan.tv\/az\/article\/azerbaycan-huquqa-soykenen-dovlet-deyil\/"]}]},{"@type":"ImageObject","inLanguage":"az","@id":"https:\/\/www.meydan.tv\/az\/article\/azerbaycan-huquqa-soykenen-dovlet-deyil\/#primaryimage","url":"https:\/\/www.meydan.tv\/wp-content\/uploads\/21014.jpg","contentUrl":"https:\/\/www.meydan.tv\/wp-content\/uploads\/21014.jpg","width":647,"height":370,"caption":"Source:"},{"@type":"BreadcrumbList","@id":"https:\/\/www.meydan.tv\/az\/article\/azerbaycan-huquqa-soykenen-dovlet-deyil\/#breadcrumb","itemListElement":[{"@type":"ListItem","position":1,"name":"Ana s\u0259hif\u0259","item":"https:\/\/www.meydan.tv\/az\/"},{"@type":"ListItem","position":2,"name":"Analitika","item":"https:\/\/www.meydan.tv\/az\/section\/analitika\/"},{"@type":"ListItem","position":3,"name":"&#8221;Az\u0259rbaycan h\u00fcquqa s\u00f6yk\u0259n\u0259n d\u00f6vl\u0259t deyil&#8221;"}]},{"@type":"WebSite","@id":"https:\/\/www.meydan.tv\/az\/#website","url":"https:\/\/www.meydan.tv\/az\/","name":"MEYDAN.TV","description":"Meydan TV Az\u0259rbaycan\u0131n media m\u0259kan\u0131ndak\u0131 alternativ s\u0259sidir","publisher":{"@id":"https:\/\/www.meydan.tv\/az\/#organization"},"potentialAction":[{"@type":"SearchAction","target":{"@type":"EntryPoint","urlTemplate":"https:\/\/www.meydan.tv\/az\/?s={search_term_string}"},"query-input":{"@type":"PropertyValueSpecification","valueRequired":true,"valueName":"search_term_string"}}],"inLanguage":"az"},{"@type":"Organization","@id":"https:\/\/www.meydan.tv\/az\/#organization","name":"Meydan TV","url":"https:\/\/www.meydan.tv\/az\/","logo":{"@type":"ImageObject","inLanguage":"az","@id":"https:\/\/www.meydan.tv\/az\/#\/schema\/logo\/image\/","url":"https:\/\/www.meydan.tv\/wp-content\/uploads\/2021\/07\/meydan-logo.svg","contentUrl":"https:\/\/www.meydan.tv\/wp-content\/uploads\/2021\/07\/meydan-logo.svg","width":195,"height":46,"caption":"Meydan TV"},"image":{"@id":"https:\/\/www.meydan.tv\/az\/#\/schema\/logo\/image\/"}},{"@type":"Person","@id":"https:\/\/www.meydan.tv\/az\/#\/schema\/person\/10d11eccf6da3662cf5fdab9806ea91a","name":"user-manager"}]}},"_links":{"self":[{"href":"https:\/\/www.meydan.tv\/az\/wp-json\/wp\/v2\/posts\/175436","targetHints":{"allow":["GET"]}}],"collection":[{"href":"https:\/\/www.meydan.tv\/az\/wp-json\/wp\/v2\/posts"}],"about":[{"href":"https:\/\/www.meydan.tv\/az\/wp-json\/wp\/v2\/types\/post"}],"author":[{"embeddable":true,"href":"https:\/\/www.meydan.tv\/az\/wp-json\/wp\/v2\/users\/11"}],"replies":[{"embeddable":true,"href":"https:\/\/www.meydan.tv\/az\/wp-json\/wp\/v2\/comments?post=175436"}],"version-history":[{"count":0,"href":"https:\/\/www.meydan.tv\/az\/wp-json\/wp\/v2\/posts\/175436\/revisions"}],"wp:featuredmedia":[{"embeddable":true,"href":"https:\/\/www.meydan.tv\/az\/wp-json\/wp\/v2\/media\/55662"}],"wp:attachment":[{"href":"https:\/\/www.meydan.tv\/az\/wp-json\/wp\/v2\/media?parent=175436"}],"wp:term":[{"taxonomy":"category","embeddable":true,"href":"https:\/\/www.meydan.tv\/az\/wp-json\/wp\/v2\/categories?post=175436"},{"taxonomy":"post_tag","embeddable":true,"href":"https:\/\/www.meydan.tv\/az\/wp-json\/wp\/v2\/tags?post=175436"}],"curies":[{"name":"wp","href":"https:\/\/api.w.org\/{rel}","templated":true}]}}