{"id":175420,"date":"2016-04-25T01:49:23","date_gmt":"2016-04-25T01:49:23","guid":{"rendered":"https:\/\/www.meydan.tv\/article\/soyqirim-iddiasi-ermenilerin-milli-seferberlik-dusturudur\/"},"modified":"2016-04-25T01:49:23","modified_gmt":"2016-04-25T01:49:23","slug":"soyqirim-iddiasi-ermenilerin-milli-seferberlik-dusturudur","status":"publish","type":"post","link":"https:\/\/www.meydan.tv\/az\/article\/soyqirim-iddiasi-ermenilerin-milli-seferberlik-dusturudur\/","title":{"rendered":"&#8221;Soyq\u0131r\u0131m&#8221; iddias\u0131 erm\u0259nil\u0259rin milli s\u0259f\u0259rb\u0259rlik d\u00fcsturudur!"},"content":{"rendered":"<figure class=\"wp-block-image size-large\">\n  <img decoding=\"async\" src=\"https:\/\/www.meydan.tv\/az\/nesimi-memmedli\/\" alt=\"N\u0259simi M\u0259mm\u0259dli\" class=\"wp-image-55611\"\/><figcaption>\n    N\u0259simi M\u0259mm\u0259dli<br \/>\n  <\/figcaption><\/figure>\n<figure class=\"wp-block-image size-large\">\n  <img decoding=\"async\" src=\"https:\/\/www.meydan.tv\/az\/nesimi-memmedli-banner\/\" alt=\"N\u0259simi M\u0259mm\u0259dli &#8211; banner\" class=\"wp-image-55084\"\/><figcaption><\/figcaption><\/figure>\n<p>\n  <b><br \/>\n    T\u0259\u0259ss\u00fcf ki, biz h\u0259l\u0259 d\u0259 \u00e7oxlu\u011fun k\u00f6n\u00fcll\u00fc q\u0259bul edil\u0259c\u0259yi bu ortaq d\u00fcsturu t\u0259tbiq ed\u0259 bilmirik<br \/>\n  <\/b>\n<\/p>\n<p>\n  Art\u0131q xeyli m\u00fcdd\u0259tdir ki, erm\u0259nil\u0259rin qondarma soyq\u0131r\u0131m iddialar\u0131 regional siyas\u0259tin s\u0259rh\u0259dl\u0259rini a\u015faraq, qlobal siyas\u0259tin al\u0259tin\u0259 \u00e7evrilib. Bu siyas\u0259tin T\u00fcrkiy\u0259 v\u0259 t\u00fcrkl\u0259r \u00fcz\u0259rind\u0259 t\u0259sirl\u0259rini, qar\u015f\u0131da bizi g\u00f6zl\u0259y\u0259n n\u0259tic\u0259l\u0259rini geni\u015f analiz etm\u0259kl\u0259 d\u00f6vl\u0259t s\u0259viyy\u0259sind\u0259 konseptual yana\u015fma ortaya qoyma\u011fa ciddi z\u0259rur\u0259t var. Bunun \u00fc\u00e7\u00fcn regionun son y\u00fcz illik tarixini sosial-iqtisadi v\u0259 h\u0259rbi-siyasi m\u00fcnasib\u0259tl\u0259r bax\u0131m\u0131ndan ciddi inc\u0259l\u0259y\u0259r\u0259k, x\u00fcsusil\u0259 d\u0259 Osmanl\u0131, Rusiya, \u0130ran v\u0259 q\u0259rbin regionda rolundan v\u0259 maraqlar\u0131ndan do\u011fan geosiyasi prosesl\u0259ri elmi bax\u0131mdan d\u0259qiq \u00f6yr\u0259n\u0259r\u0259k, geni\u015f d\u00f6vl\u0259t proqram\u0131 haz\u0131rlama\u011fa z\u0259rur\u0259t var.\n<\/p>\n<p>\n  Bu yaz\u0131 il\u0259 erm\u0259ni \u201csoyq\u0131r\u0131m\u0131\u201d m\u0259s\u0259l\u0259sin\u0259 deyil, bizim tarix\u0259n ya\u015fad\u0131\u011f\u0131m\u0131z faci\u0259l\u0259r\u0259 v\u0259 itkil\u0259r\u0259 yana\u015fmam\u0131zdan do\u011fan m\u00f6vcud durumumuza \u00f6t\u0259ri fikir bildirm\u0259k ist\u0259yir\u0259m. B\u0259zi suallar var ki, onlar\u0131 konkret cavabland\u0131rmaq, h\u0259llin\u0259 y\u00f6n\u0259lik t\u0259klifl\u0259r verm\u0259k v\u0259 h\u0259llin\u0259 nail olmaq vacibdir. Faci\u0259li tarixl\u0259rimizd\u0259n ibr\u0259t g\u00f6t\u00fcrm\u0259yimiz\u0259 \u0259ng\u0259l olan s\u0259b\u0259bl\u0259r n\u0259dir? D\u00fc\u015f\u00fcnc\u0259l\u0259rimizin \u00f6n\u00fcnd\u0259 dayanan bu g\u00f6r\u00fcnm\u0259z s\u0259ddi a\u015fmaq m\u00fcmk\u00fcnd\u00fcrm\u00fc? Toplumu d\u00fc\u015fd\u00fcy\u00fc durumdan xilas olma\u011fa istiqam\u0259tl\u0259ndirm\u0259k m\u00fcmk\u00fcn olacaqm\u0131? \u018flb\u0259tt\u0259, bu suallara ba\u015fqa yaz\u0131lar\u0131m\u0131zda \u0259trafl\u0131 cavab tapma\u011fa, sosial-siyasi aspektd\u0259n analiz etm\u0259y\u0259 \u00e7al\u0131\u015faca\u011f\u0131q.\n<\/p>\n<p>\n  H\u0259r k\u0259s\u0259 b\u0259llidir ki, erm\u0259nil\u0259rin v\u0259 havadarlar\u0131n\u0131n bu qondarma \u201csoyq\u0131r\u0131m\u201d iddialar\u0131 hans\u0131sa tarixi faci\u0259nin ac\u0131s\u0131ndan, yaralar\u0131ndan deyil, siyasi m\u0259qs\u0259dl\u0259rind\u0259n qaynaqlan\u0131r. Tarix\u00e7il\u0259r, politoloqlar v\u0259 siyas\u0259t\u00e7il\u0259r zaman-zaman bu siyasi s\u0259b\u0259bl\u0259ri a\u00e7ma\u011fa, \u0259sl ger\u00e7\u0259kl\u0259ri d\u00fcnyaya \u00e7atd\u0131rma\u011fa \u00e7al\u0131\u015f\u0131blar. Bu 100 illik tarix\u0259 n\u0259z\u0259r salsaq g\u00f6r\u0259rik ki, \u201cB\u00f6y\u00fck Erm\u0259nistan\u201d ideyas\u0131n\u0131n ger\u00e7\u0259kl\u0259\u015fdirilm\u0259si y\u00f6n\u00fcnd\u0259 \u201csoyq\u0131r\u0131m\u201d iddias\u0131 v\u0259 onun tan\u0131d\u0131lmas\u0131 siyas\u0259ti b\u00fct\u00fcn d\u00fcnya erm\u0259nil\u0259rini birl\u0259\u015fdir\u0259n, h\u0259mr\u0259y v\u0259 s\u0259f\u0259rb\u0259r ed\u0259n \u0259sas paradiqmaya \u00e7evrilib. Erm\u0259ni milli varl\u0131\u011f\u0131n\u0131 v\u0259 m\u00fcasir erm\u0259ni d\u00f6vl\u0259t\u00e7iliyinin siyasi-ideoloji s\u00fctununu bu yana\u015fma t\u0259\u015fkil edir. G\u00f6r\u00fcn\u0259n budur ki, qondarma \u201csoyq\u0131r\u0131m\u201d iddias\u0131 erm\u0259nil\u0259rin milli \u00f6z\u00fcn\u00fcqoruma d\u00fcsturudur.\n<\/p>\n<p>\n  \u018fsrl\u0259r boyu t\u00fcrk torpaqlar\u0131 kimi m\u00f6vcud olmu\u015f \u0259razil\u0259rd\u0259 \u00f6z d\u00f6vl\u0259tini yaratma\u011fa nail olmu\u015f erm\u0259nil\u0259r, h\u0259r tarixi f\u00fcrs\u0259td\u0259n maksimum istifad\u0259 ed\u0259r\u0259k, \u0259razil\u0259rini bizim torpaqlar hesab\u0131na daha da geni\u015fl\u0259ndirm\u0259y\u0259 \u00e7al\u0131\u015f\u0131blar. Bu qon\u015fumuz, m\u00fcst\u0259qilliyimizi yenid\u0259n b\u0259rpa etdikd\u0259n sonra da \u0259razil\u0259rimizin bir hiss\u0259sini Rusiya ordusunun birba\u015fa d\u0259st\u0259yi v\u0259 i\u015ftirak\u0131 il\u0259 i\u015f\u011fal etm\u0259y\u0259 nail olub. H\u0259rbi-siyasi haz\u0131rl\u0131\u011f\u0131m\u0131z yet\u0259rli olmad\u0131\u011f\u0131 \u00fc\u00e7\u00fcn \u0259razil\u0259rimiz i\u015f\u011fal olunub, \u015f\u0259h\u0259rl\u0259rimiz v\u0259 k\u0259ndl\u0259rimiz tamamil\u0259 yerl\u0259-yeksan edilib, minl\u0259rl\u0259 soyda\u015f\u0131m\u0131z q\u0259tl\u0259 yetirilib, insanlar\u0131m\u0131z \u00f6z yurd-yuvas\u0131ndan did\u0259rgin d\u00fc\u015f\u00fcb. S\u00fclh t\u0259\u015f\u0259bb\u00fcsl\u0259ri, diplomatik c\u0259hdl\u0259r s\u0259m\u0259r\u0259 verm\u0259diyi \u00fc\u00e7\u00fcn erm\u0259nil\u0259r h\u0259l\u0259 d\u0259 \u0259razil\u0259rimizi i\u015f\u011fal at\u0131inda saxlama\u011fa v\u0259 milli heysiyyat\u0131m\u0131zla oynama\u011fa davam edir.\n<\/p>\n<p>\n  <b><br \/>\n    \u00a0S\u0259b\u0259bl\u0259ri aradan qald\u0131rma\u011fa deyil, b\u0259han\u0259l\u0259r axtarma\u011fa meylliyik<br \/>\n  <\/b>\n<\/p>\n<p>\n  \u018fn yax\u0131n qon\u015fular\u0131m\u0131z Rusiya v\u0259 \u0130ran\u0131n Erm\u0259nistana h\u0259rt\u0259r\u0259fli h\u0259rbi-siyasi d\u0259st\u0259yi h\u0259mi\u015f\u0259 olub v\u0259 y\u0259qin ki, bundan sonra da davam ed\u0259c\u0259k. Biz, bu durumu oldu\u011fu kimi q\u0259bul etm\u0259li v\u0259 toplumu bu ger\u00e7\u0259kl\u0259ri d\u0259rk ed\u0259r\u0259k ya\u015fama\u011fa haz\u0131rlamal\u0131y\u0131q. Erm\u0259nil\u0259rin h\u0259r tarixi f\u00fcrs\u0259td\u0259 niy\u0259 h\u0259mi\u015f\u0259 bizi h\u0259d\u0259f se\u00e7diyinin, torpaqlar\u0131m\u0131za g\u00f6z dikdiyinin s\u0259b\u0259bl\u0259rini t\u0259kc\u0259 d\u00fc\u015fm\u0259n\u00e7ilikd\u0259 v\u0259 m\u0259krli qon\u015fular\u0131m\u0131z\u0131n d\u0259st\u0259yind\u0259 deyil, h\u0259m d\u0259 daha \u00e7ox \u00f6z\u00fcm\u00fcz\u00fcn-\u00f6z\u00fcm\u00fcz\u0259 olan m\u00fcnasib\u0259timizd\u0259 axtarmal\u0131y\u0131q. G\u00f6r\u00fcn\u0259n budur ki, erm\u0259nil\u0259r bizim z\u0259if yerimizi d\u0259qiq tap\u0131b v\u0259 \u00f6z\u00fc \u00fc\u00e7\u00fcn asan h\u0259d\u0259f se\u00e7ib.\n<\/p>\n<p>\n  T\u00fcrk\u00fcn ke\u00e7mi\u015fi, tarix\u0259 h\u00f6km ed\u0259n rolu, \u00e7oxsayl\u0131 imperiyalar yaratmas\u0131 v\u0259 f\u0259rdi q\u0259hr\u0259manl\u0131qlar\u0131 haqq\u0131nda oxudu\u011fumuz, e\u015fitdiyimiz faktlar\u0131n he\u00e7 biri bizi bu b\u0259lalardan qorunma\u011fa haz\u0131rlaya bilm\u0259yib. H\u0259m \u0259razic\u0259, h\u0259m sayca, h\u0259m d\u0259 tarixi naliyy\u0259tl\u0259ri v\u0259 t\u0259bii s\u0259rv\u0259tl\u0259ri il\u0259 qat-qat bizd\u0259n a\u015fa\u011f\u0131 olan, z\u0259if qon\u015fumuza \u00fcst\u00fcn g\u0259l\u0259 bilm\u0259mi\u015fik. Erm\u0259nil\u0259r d\u0259d\u0259-baba torpaqlar\u0131m\u0131zda \u00f6zl\u0259rin\u0259 d\u00f6vl\u0259t qurub v\u0259 n\u0259yin say\u0259sind\u0259 olmas\u0131na baxmayaraq biz\u0259 meydan oxumaqda davam edir.\n<\/p>\n<p>\n  F\u0259rdl\u0259r \u00f6z acizliyini, savads\u0131zl\u0131\u011f\u0131n\u0131, bacar\u0131qs\u0131zl\u0131\u011f\u0131n\u0131 \u00f6rt basd\u0131r etm\u0259k \u00fc\u00e7\u00fcn m\u00fcxt\u0259lif b\u0259han\u0259l\u0259r axtar\u0131b g\u00fcnah\u0131 ba\u015fqalar\u0131n\u0131n \u00fcst\u00fcn\u0259 atd\u0131\u011f\u0131 kimi, t\u0259\u0259ss\u00fcf ki, bizim toplum da \u00f6z m\u0259\u011flubiyy\u0259tinin \u0259sas s\u0259b\u0259bl\u0259rini p\u0259rd\u0259l\u0259m\u0259k \u00fc\u00e7\u00fcn beyn\u0259lxalq g\u00fccl\u0259ri, g\u00fccl\u00fc qon\u015fular\u0131m\u0131z\u0131 g\u00fcnahland\u0131rmaqla \u00f6z\u00fcn\u0259 t\u0259s\u0259lli verib. \u00dcmummilli irad\u0259nin azad v\u0259 \u015f\u0259ffaf \u015f\u0259kild\u0259 idar\u0259etm\u0259y\u0259 da\u015f\u0131nmas\u0131na \u0259ng\u0259l olan b\u00fct\u00fcn a\u00e7\u0131q v\u0259 gizli t\u0259\u015f\u0259bb\u00fcsl\u0259r\u0259 toplumun seyri\u00e7i qalmas\u0131 \u00f6lk\u0259nin inki\u015faf\u0131na, t\u0259hl\u00fck\u0259sizliyin\u0259 problem olaraq qal\u0131r. H\u00f6kum\u0259tin \u00e7oxsayl\u0131 istedadl\u0131 v\u0259 bacar\u0131ql\u0131 insanlar\u0131m\u0131z\u0131n \u00f6n\u00fcn\u0259 \u00e7\u0259kdiyi n\u0259h\u0259ng s\u00fcni s\u0259ddin qald\u0131r\u0131lmas\u0131na toplumun reaksiyas\u0131 yox s\u0259viyy\u0259sind\u0259dir. Halbuki, probleml\u0259rimizin, m\u0259\u011flubiyy\u0259timizin k\u00f6kl\u00fc s\u0259b\u0259bl\u0259ri daha \u00e7ox toplumun t\u0259bii yolla \u0259l\u0259kd\u0259n ke\u00e7m\u0259sin\u0259 imkan verilm\u0259m\u0259si v\u0259 toplumun buna m\u00fcqavim\u0259t g\u00f6st\u0259rm\u0259m\u0259sidir.\n<\/p>\n<p>\n  Erm\u0259nil\u0259r \u0259z\u0259li t\u00fcrk torpaqlar\u0131nda \u00f6zl\u0259rin\u0259 d\u00f6vl\u0259t qurma\u011fa nail olsalar da, demokratik idar\u0259etm\u0259 v\u0259 t\u0259r\u0259qqi istiqam\u0259tind\u0259 el\u0259 d\u0259 b\u00f6y\u00fck nailiyy\u0259tl\u0259r\u0259 imza atmay\u0131blar ki, onlara h\u0259s\u0259d aparaq. Onlarda da i\u015fsizlik, yoxsulluq, korrupsiya v\u0259 r\u00fc\u015fv\u0259txorluq ba\u015f al\u0131b gedir, \u0259dal\u0259tli c\u0259miyy\u0259t, \u015f\u0259ffaf idar\u0259\u00e7ilik, azad se\u00e7ki v\u0259 insan haqlar\u0131 sah\u0259sind\u0259 probleml\u0259r h\u00f6km s\u00fcr\u00fcr. Probleml\u0259rin ox\u015farl\u0131\u011f\u0131 bax\u0131m\u0131ndan el\u0259 d\u0259 ciddi f\u0259rqimiz olmasa da, d\u00f6vl\u0259t\u00e7ilik \u00fc\u00e7\u00fcn \u00e7ox vacib bir m\u0259s\u0259l\u0259d\u0259 onlar bizd\u0259n xeyli \u00f6nd\u0259dirl\u0259r.\n<\/p>\n<p>\n  Erm\u0259ni c\u0259miyy\u0259tinin vahid birlik d\u00fcsturu var v\u0259 b\u00fct\u00fcn c\u0259miyy\u0259t bu d\u00fcsturu k\u00f6n\u00fcll\u00fc q\u0259bul edib. Erm\u0259ni xalq\u0131 \u00f6z m\u00f6vcudlu\u011funu, t\u0259hl\u00fck\u0259sizliyini v\u0259 h\u0259mr\u0259yliyini bu d\u00fcsturla h\u0259ll ed\u0259 bilir. Daxili siyas\u0259td\u0259 milli maraqlar\u0131n\u0131n b\u00fct\u00fcn elementl\u0259rini kollektiv d\u0259rk ed\u0259r\u0259k qoruyan erm\u0259nil\u0259r, xarici siyas\u0259td\u0259 d\u0259 \u00f6z milli m\u00f6vcudlu\u011funu, d\u00f6vl\u0259t maraqlar\u0131n\u0131 ard\u0131c\u0131l, sistemli, kon\u00fcll\u00fc lobbi\u00e7ilikl\u0259 h\u0259yata ke\u00e7irirl\u0259r. Erm\u0259nil\u0259rin milli irad\u0259si Erm\u0259nistan\u0131n m\u00fcst\u0259qilliyind\u0259n as\u0131l\u0131 olmayaraq v\u0259 m\u00f6vcud s\u0259rh\u0259dl\u0259rind\u0259n \u00e7ox uzaqda da \u00fcst\u00fcn q\u00fcvv\u0259y\u0259 malikdir.\n<\/p>\n<p>\n  T\u0259\u0259ss\u00fcf ki, biz h\u0259l\u0259 d\u0259 \u00e7oxlu\u011fun k\u00f6n\u00fcll\u00fc q\u0259bul edil\u0259c\u0259yi bu ortaq d\u00fcsturu t\u0259tbiq ed\u0259 bilmirik. H\u00f6kum\u0259t toplumu yaln\u0131z \u00f6z ideoloji atributlar\u0131 \u0259traf\u0131nda birl\u0259\u015fdirm\u0259k \u00fc\u00e7\u00fcn s\u0259m\u0259r\u0259siz c\u0259hdl\u0259rini davam etdirir. Faktiki olaraq h\u00f6kum\u0259tin d\u00f6vl\u0259t mara\u011f\u0131na s\u0259ri\u015ft\u0259siz v\u0259 m\u00f6vs\u00fcmi yana\u015fmas\u0131 s\u0259b\u0259bind\u0259n d\u00f6vl\u0259tin t\u0259m\u0259lli v\u0259 qal\u0131c\u0131 ideoloji birlik d\u00fcsturu yoxdur. Bu g\u00fcn toplumu \u00f6z \u0259traf\u0131nda birl\u0259\u015fdir\u0259 bil\u0259n t\u0259bii d\u0259y\u0259rl\u0259rin m\u00f6hk\u0259ml\u0259ndirilm\u0259sin\u0259 deyil, da\u011f\u0131d\u0131lmas\u0131na y\u00f6n\u0259lik sistemli \u00e7al\u0131\u015fmalar m\u00f6vcuddur.\n<\/p><\/p>\n","protected":false},"excerpt":{"rendered":"<p>T\u0259\u0259ss\u00fcf ki, biz h\u0259l\u0259 d\u0259 \u00e7oxlu\u011fun k\u00f6n\u00fcll\u00fc q\u0259bul edil\u0259c\u0259yi bu ortaq d\u00fcsturu t\u0259tbiq ed\u0259 bilmirik<\/p>\n","protected":false},"author":11,"featured_media":55611,"comment_status":"closed","ping_status":"open","sticky":false,"template":"","format":"standard","meta":{"_acf_changed":false,"_sitemap_exclude":false,"_sitemap_priority":"","_sitemap_frequency":"","footnotes":""},"categories":[51],"tags":[],"class_list":["post-175420","post","type-post","status-publish","format-standard","has-post-thumbnail","hentry","category-analitika","infinite-scroll-item","generate-columns","tablet-grid-50","mobile-grid-100","grid-parent","grid-33","no-featured-image-padding"],"acf":[],"yoast_head":"<!-- This site is optimized with the Yoast SEO plugin v27.5 - https:\/\/yoast.com\/product\/yoast-seo-wordpress\/ -->\n<title>&#039;&#039;Soyq\u0131r\u0131m&#039;&#039; iddias\u0131 erm\u0259nil\u0259rin milli s\u0259f\u0259rb\u0259rlik d\u00fcsturudur! - MEYDAN.TV<\/title>\n<meta name=\"robots\" content=\"index, follow, max-snippet:-1, max-image-preview:large, max-video-preview:-1\" \/>\n<link rel=\"canonical\" href=\"https:\/\/www.meydan.tv\/az\/article\/soyqirim-iddiasi-ermenilerin-milli-seferberlik-dusturudur\/\" \/>\n<meta property=\"og:locale\" content=\"az_AZ\" \/>\n<meta property=\"og:type\" content=\"article\" \/>\n<meta property=\"og:title\" content=\"&#039;&#039;Soyq\u0131r\u0131m&#039;&#039; iddias\u0131 erm\u0259nil\u0259rin milli s\u0259f\u0259rb\u0259rlik d\u00fcsturudur! - MEYDAN.TV\" \/>\n<meta property=\"og:description\" content=\"T\u0259\u0259ss\u00fcf ki, biz h\u0259l\u0259 d\u0259 \u00e7oxlu\u011fun k\u00f6n\u00fcll\u00fc q\u0259bul edil\u0259c\u0259yi bu ortaq d\u00fcsturu t\u0259tbiq ed\u0259 bilmirik\" \/>\n<meta property=\"og:url\" content=\"https:\/\/www.meydan.tv\/az\/article\/soyqirim-iddiasi-ermenilerin-milli-seferberlik-dusturudur\/\" \/>\n<meta property=\"og:site_name\" content=\"MEYDAN.TV\" \/>\n<meta property=\"article:published_time\" content=\"2016-04-25T01:49:23+00:00\" \/>\n<meta property=\"og:image\" content=\"https:\/\/www.meydan.tv\/wp-content\/uploads\/21007.jpg\" \/>\n\t<meta property=\"og:image:width\" content=\"700\" \/>\n\t<meta property=\"og:image:height\" content=\"425\" \/>\n\t<meta property=\"og:image:type\" content=\"image\/jpeg\" \/>\n<meta name=\"author\" content=\"user-manager\" \/>\n<meta name=\"twitter:card\" content=\"summary_large_image\" \/>\n<script type=\"application\/ld+json\" class=\"yoast-schema-graph\">{\"@context\":\"https:\\\/\\\/schema.org\",\"@graph\":[{\"@type\":\"Article\",\"@id\":\"https:\\\/\\\/www.meydan.tv\\\/az\\\/article\\\/soyqirim-iddiasi-ermenilerin-milli-seferberlik-dusturudur\\\/#article\",\"isPartOf\":{\"@id\":\"https:\\\/\\\/www.meydan.tv\\\/az\\\/article\\\/soyqirim-iddiasi-ermenilerin-milli-seferberlik-dusturudur\\\/\"},\"author\":{\"name\":\"user-manager\",\"@id\":\"https:\\\/\\\/www.meydan.tv\\\/az\\\/#\\\/schema\\\/person\\\/10d11eccf6da3662cf5fdab9806ea91a\"},\"headline\":\"&#8221;Soyq\u0131r\u0131m&#8221; iddias\u0131 erm\u0259nil\u0259rin milli s\u0259f\u0259rb\u0259rlik d\u00fcsturudur!\",\"datePublished\":\"2016-04-25T01:49:23+00:00\",\"mainEntityOfPage\":{\"@id\":\"https:\\\/\\\/www.meydan.tv\\\/az\\\/article\\\/soyqirim-iddiasi-ermenilerin-milli-seferberlik-dusturudur\\\/\"},\"wordCount\":1515,\"publisher\":{\"@id\":\"https:\\\/\\\/www.meydan.tv\\\/az\\\/#organization\"},\"image\":{\"@id\":\"https:\\\/\\\/www.meydan.tv\\\/az\\\/article\\\/soyqirim-iddiasi-ermenilerin-milli-seferberlik-dusturudur\\\/#primaryimage\"},\"thumbnailUrl\":\"https:\\\/\\\/www.meydan.tv\\\/wp-content\\\/uploads\\\/21007.jpg\",\"articleSection\":[\"Analitika\"],\"inLanguage\":\"az\"},{\"@type\":\"WebPage\",\"@id\":\"https:\\\/\\\/www.meydan.tv\\\/az\\\/article\\\/soyqirim-iddiasi-ermenilerin-milli-seferberlik-dusturudur\\\/\",\"url\":\"https:\\\/\\\/www.meydan.tv\\\/az\\\/article\\\/soyqirim-iddiasi-ermenilerin-milli-seferberlik-dusturudur\\\/\",\"name\":\"''Soyq\u0131r\u0131m'' iddias\u0131 erm\u0259nil\u0259rin milli s\u0259f\u0259rb\u0259rlik d\u00fcsturudur! - MEYDAN.TV\",\"isPartOf\":{\"@id\":\"https:\\\/\\\/www.meydan.tv\\\/az\\\/#website\"},\"primaryImageOfPage\":{\"@id\":\"https:\\\/\\\/www.meydan.tv\\\/az\\\/article\\\/soyqirim-iddiasi-ermenilerin-milli-seferberlik-dusturudur\\\/#primaryimage\"},\"image\":{\"@id\":\"https:\\\/\\\/www.meydan.tv\\\/az\\\/article\\\/soyqirim-iddiasi-ermenilerin-milli-seferberlik-dusturudur\\\/#primaryimage\"},\"thumbnailUrl\":\"https:\\\/\\\/www.meydan.tv\\\/wp-content\\\/uploads\\\/21007.jpg\",\"datePublished\":\"2016-04-25T01:49:23+00:00\",\"breadcrumb\":{\"@id\":\"https:\\\/\\\/www.meydan.tv\\\/az\\\/article\\\/soyqirim-iddiasi-ermenilerin-milli-seferberlik-dusturudur\\\/#breadcrumb\"},\"inLanguage\":\"az\",\"potentialAction\":[{\"@type\":\"ReadAction\",\"target\":[\"https:\\\/\\\/www.meydan.tv\\\/az\\\/article\\\/soyqirim-iddiasi-ermenilerin-milli-seferberlik-dusturudur\\\/\"]}]},{\"@type\":\"ImageObject\",\"inLanguage\":\"az\",\"@id\":\"https:\\\/\\\/www.meydan.tv\\\/az\\\/article\\\/soyqirim-iddiasi-ermenilerin-milli-seferberlik-dusturudur\\\/#primaryimage\",\"url\":\"https:\\\/\\\/www.meydan.tv\\\/wp-content\\\/uploads\\\/21007.jpg\",\"contentUrl\":\"https:\\\/\\\/www.meydan.tv\\\/wp-content\\\/uploads\\\/21007.jpg\",\"width\":700,\"height\":425,\"caption\":\"Source:\"},{\"@type\":\"BreadcrumbList\",\"@id\":\"https:\\\/\\\/www.meydan.tv\\\/az\\\/article\\\/soyqirim-iddiasi-ermenilerin-milli-seferberlik-dusturudur\\\/#breadcrumb\",\"itemListElement\":[{\"@type\":\"ListItem\",\"position\":1,\"name\":\"Ana s\u0259hif\u0259\",\"item\":\"https:\\\/\\\/www.meydan.tv\\\/az\\\/\"},{\"@type\":\"ListItem\",\"position\":2,\"name\":\"Analitika\",\"item\":\"https:\\\/\\\/www.meydan.tv\\\/az\\\/section\\\/analitika\\\/\"},{\"@type\":\"ListItem\",\"position\":3,\"name\":\"&#8221;Soyq\u0131r\u0131m&#8221; iddias\u0131 erm\u0259nil\u0259rin milli s\u0259f\u0259rb\u0259rlik d\u00fcsturudur!\"}]},{\"@type\":\"WebSite\",\"@id\":\"https:\\\/\\\/www.meydan.tv\\\/az\\\/#website\",\"url\":\"https:\\\/\\\/www.meydan.tv\\\/az\\\/\",\"name\":\"MEYDAN.TV\",\"description\":\"Meydan TV Az\u0259rbaycan\u0131n media m\u0259kan\u0131ndak\u0131 alternativ s\u0259sidir\",\"publisher\":{\"@id\":\"https:\\\/\\\/www.meydan.tv\\\/az\\\/#organization\"},\"potentialAction\":[{\"@type\":\"SearchAction\",\"target\":{\"@type\":\"EntryPoint\",\"urlTemplate\":\"https:\\\/\\\/www.meydan.tv\\\/az\\\/?s={search_term_string}\"},\"query-input\":{\"@type\":\"PropertyValueSpecification\",\"valueRequired\":true,\"valueName\":\"search_term_string\"}}],\"inLanguage\":\"az\"},{\"@type\":\"Organization\",\"@id\":\"https:\\\/\\\/www.meydan.tv\\\/az\\\/#organization\",\"name\":\"Meydan TV\",\"url\":\"https:\\\/\\\/www.meydan.tv\\\/az\\\/\",\"logo\":{\"@type\":\"ImageObject\",\"inLanguage\":\"az\",\"@id\":\"https:\\\/\\\/www.meydan.tv\\\/az\\\/#\\\/schema\\\/logo\\\/image\\\/\",\"url\":\"https:\\\/\\\/www.meydan.tv\\\/wp-content\\\/uploads\\\/2021\\\/07\\\/meydan-logo.svg\",\"contentUrl\":\"https:\\\/\\\/www.meydan.tv\\\/wp-content\\\/uploads\\\/2021\\\/07\\\/meydan-logo.svg\",\"width\":195,\"height\":46,\"caption\":\"Meydan TV\"},\"image\":{\"@id\":\"https:\\\/\\\/www.meydan.tv\\\/az\\\/#\\\/schema\\\/logo\\\/image\\\/\"}},{\"@type\":\"Person\",\"@id\":\"https:\\\/\\\/www.meydan.tv\\\/az\\\/#\\\/schema\\\/person\\\/10d11eccf6da3662cf5fdab9806ea91a\",\"name\":\"user-manager\"}]}<\/script>\n<!-- \/ Yoast SEO plugin. -->","yoast_head_json":{"title":"''Soyq\u0131r\u0131m'' iddias\u0131 erm\u0259nil\u0259rin milli s\u0259f\u0259rb\u0259rlik d\u00fcsturudur! - MEYDAN.TV","robots":{"index":"index","follow":"follow","max-snippet":"max-snippet:-1","max-image-preview":"max-image-preview:large","max-video-preview":"max-video-preview:-1"},"canonical":"https:\/\/www.meydan.tv\/az\/article\/soyqirim-iddiasi-ermenilerin-milli-seferberlik-dusturudur\/","og_locale":"az_AZ","og_type":"article","og_title":"''Soyq\u0131r\u0131m'' iddias\u0131 erm\u0259nil\u0259rin milli s\u0259f\u0259rb\u0259rlik d\u00fcsturudur! - MEYDAN.TV","og_description":"T\u0259\u0259ss\u00fcf ki, biz h\u0259l\u0259 d\u0259 \u00e7oxlu\u011fun k\u00f6n\u00fcll\u00fc q\u0259bul edil\u0259c\u0259yi bu ortaq d\u00fcsturu t\u0259tbiq ed\u0259 bilmirik","og_url":"https:\/\/www.meydan.tv\/az\/article\/soyqirim-iddiasi-ermenilerin-milli-seferberlik-dusturudur\/","og_site_name":"MEYDAN.TV","article_published_time":"2016-04-25T01:49:23+00:00","og_image":[{"width":700,"height":425,"url":"https:\/\/www.meydan.tv\/wp-content\/uploads\/21007.jpg","type":"image\/jpeg"}],"author":"user-manager","twitter_card":"summary_large_image","schema":{"@context":"https:\/\/schema.org","@graph":[{"@type":"Article","@id":"https:\/\/www.meydan.tv\/az\/article\/soyqirim-iddiasi-ermenilerin-milli-seferberlik-dusturudur\/#article","isPartOf":{"@id":"https:\/\/www.meydan.tv\/az\/article\/soyqirim-iddiasi-ermenilerin-milli-seferberlik-dusturudur\/"},"author":{"name":"user-manager","@id":"https:\/\/www.meydan.tv\/az\/#\/schema\/person\/10d11eccf6da3662cf5fdab9806ea91a"},"headline":"&#8221;Soyq\u0131r\u0131m&#8221; iddias\u0131 erm\u0259nil\u0259rin milli s\u0259f\u0259rb\u0259rlik d\u00fcsturudur!","datePublished":"2016-04-25T01:49:23+00:00","mainEntityOfPage":{"@id":"https:\/\/www.meydan.tv\/az\/article\/soyqirim-iddiasi-ermenilerin-milli-seferberlik-dusturudur\/"},"wordCount":1515,"publisher":{"@id":"https:\/\/www.meydan.tv\/az\/#organization"},"image":{"@id":"https:\/\/www.meydan.tv\/az\/article\/soyqirim-iddiasi-ermenilerin-milli-seferberlik-dusturudur\/#primaryimage"},"thumbnailUrl":"https:\/\/www.meydan.tv\/wp-content\/uploads\/21007.jpg","articleSection":["Analitika"],"inLanguage":"az"},{"@type":"WebPage","@id":"https:\/\/www.meydan.tv\/az\/article\/soyqirim-iddiasi-ermenilerin-milli-seferberlik-dusturudur\/","url":"https:\/\/www.meydan.tv\/az\/article\/soyqirim-iddiasi-ermenilerin-milli-seferberlik-dusturudur\/","name":"''Soyq\u0131r\u0131m'' iddias\u0131 erm\u0259nil\u0259rin milli s\u0259f\u0259rb\u0259rlik d\u00fcsturudur! - MEYDAN.TV","isPartOf":{"@id":"https:\/\/www.meydan.tv\/az\/#website"},"primaryImageOfPage":{"@id":"https:\/\/www.meydan.tv\/az\/article\/soyqirim-iddiasi-ermenilerin-milli-seferberlik-dusturudur\/#primaryimage"},"image":{"@id":"https:\/\/www.meydan.tv\/az\/article\/soyqirim-iddiasi-ermenilerin-milli-seferberlik-dusturudur\/#primaryimage"},"thumbnailUrl":"https:\/\/www.meydan.tv\/wp-content\/uploads\/21007.jpg","datePublished":"2016-04-25T01:49:23+00:00","breadcrumb":{"@id":"https:\/\/www.meydan.tv\/az\/article\/soyqirim-iddiasi-ermenilerin-milli-seferberlik-dusturudur\/#breadcrumb"},"inLanguage":"az","potentialAction":[{"@type":"ReadAction","target":["https:\/\/www.meydan.tv\/az\/article\/soyqirim-iddiasi-ermenilerin-milli-seferberlik-dusturudur\/"]}]},{"@type":"ImageObject","inLanguage":"az","@id":"https:\/\/www.meydan.tv\/az\/article\/soyqirim-iddiasi-ermenilerin-milli-seferberlik-dusturudur\/#primaryimage","url":"https:\/\/www.meydan.tv\/wp-content\/uploads\/21007.jpg","contentUrl":"https:\/\/www.meydan.tv\/wp-content\/uploads\/21007.jpg","width":700,"height":425,"caption":"Source:"},{"@type":"BreadcrumbList","@id":"https:\/\/www.meydan.tv\/az\/article\/soyqirim-iddiasi-ermenilerin-milli-seferberlik-dusturudur\/#breadcrumb","itemListElement":[{"@type":"ListItem","position":1,"name":"Ana s\u0259hif\u0259","item":"https:\/\/www.meydan.tv\/az\/"},{"@type":"ListItem","position":2,"name":"Analitika","item":"https:\/\/www.meydan.tv\/az\/section\/analitika\/"},{"@type":"ListItem","position":3,"name":"&#8221;Soyq\u0131r\u0131m&#8221; iddias\u0131 erm\u0259nil\u0259rin milli s\u0259f\u0259rb\u0259rlik d\u00fcsturudur!"}]},{"@type":"WebSite","@id":"https:\/\/www.meydan.tv\/az\/#website","url":"https:\/\/www.meydan.tv\/az\/","name":"MEYDAN.TV","description":"Meydan TV Az\u0259rbaycan\u0131n media m\u0259kan\u0131ndak\u0131 alternativ s\u0259sidir","publisher":{"@id":"https:\/\/www.meydan.tv\/az\/#organization"},"potentialAction":[{"@type":"SearchAction","target":{"@type":"EntryPoint","urlTemplate":"https:\/\/www.meydan.tv\/az\/?s={search_term_string}"},"query-input":{"@type":"PropertyValueSpecification","valueRequired":true,"valueName":"search_term_string"}}],"inLanguage":"az"},{"@type":"Organization","@id":"https:\/\/www.meydan.tv\/az\/#organization","name":"Meydan TV","url":"https:\/\/www.meydan.tv\/az\/","logo":{"@type":"ImageObject","inLanguage":"az","@id":"https:\/\/www.meydan.tv\/az\/#\/schema\/logo\/image\/","url":"https:\/\/www.meydan.tv\/wp-content\/uploads\/2021\/07\/meydan-logo.svg","contentUrl":"https:\/\/www.meydan.tv\/wp-content\/uploads\/2021\/07\/meydan-logo.svg","width":195,"height":46,"caption":"Meydan TV"},"image":{"@id":"https:\/\/www.meydan.tv\/az\/#\/schema\/logo\/image\/"}},{"@type":"Person","@id":"https:\/\/www.meydan.tv\/az\/#\/schema\/person\/10d11eccf6da3662cf5fdab9806ea91a","name":"user-manager"}]}},"_links":{"self":[{"href":"https:\/\/www.meydan.tv\/az\/wp-json\/wp\/v2\/posts\/175420","targetHints":{"allow":["GET"]}}],"collection":[{"href":"https:\/\/www.meydan.tv\/az\/wp-json\/wp\/v2\/posts"}],"about":[{"href":"https:\/\/www.meydan.tv\/az\/wp-json\/wp\/v2\/types\/post"}],"author":[{"embeddable":true,"href":"https:\/\/www.meydan.tv\/az\/wp-json\/wp\/v2\/users\/11"}],"replies":[{"embeddable":true,"href":"https:\/\/www.meydan.tv\/az\/wp-json\/wp\/v2\/comments?post=175420"}],"version-history":[{"count":0,"href":"https:\/\/www.meydan.tv\/az\/wp-json\/wp\/v2\/posts\/175420\/revisions"}],"wp:featuredmedia":[{"embeddable":true,"href":"https:\/\/www.meydan.tv\/az\/wp-json\/wp\/v2\/media\/55611"}],"wp:attachment":[{"href":"https:\/\/www.meydan.tv\/az\/wp-json\/wp\/v2\/media?parent=175420"}],"wp:term":[{"taxonomy":"category","embeddable":true,"href":"https:\/\/www.meydan.tv\/az\/wp-json\/wp\/v2\/categories?post=175420"},{"taxonomy":"post_tag","embeddable":true,"href":"https:\/\/www.meydan.tv\/az\/wp-json\/wp\/v2\/tags?post=175420"}],"curies":[{"name":"wp","href":"https:\/\/api.w.org\/{rel}","templated":true}]}}