{"id":175419,"date":"2016-04-24T19:36:23","date_gmt":"2016-04-24T19:36:23","guid":{"rendered":"https:\/\/www.meydan.tv\/article\/emin-millinin-villalari-hebib-muntezirin-sirketleri\/"},"modified":"2016-04-24T19:36:23","modified_gmt":"2016-04-24T19:36:23","slug":"emin-millinin-villalari-hebib-muntezirin-sirketleri","status":"publish","type":"post","link":"https:\/\/www.meydan.tv\/az\/article\/emin-millinin-villalari-hebib-muntezirin-sirketleri\/","title":{"rendered":"Emin Millinin villalar\u0131, H\u0259bib M\u00fcnt\u0259zirin \u015firk\u0259tl\u0259ri"},"content":{"rendered":"<figure class=\"wp-block-image size-large\">\n  <img decoding=\"async\" src=\"https:\/\/www.meydan.tv\/az\/55608\/\" alt=\"\" class=\"wp-image-55608\"\/><figcaption><\/figcaption><\/figure>\n<p>\n  Ax\u0131r ki, r\u0259smi x\u0259b\u0259r g\u0259ldi. \u018fslind\u0259 bir ne\u00e7\u0259 g\u00fcn \u00f6nc\u0259 m\u0259hk\u0259m\u0259d\u0259 i\u015fl\u0259y\u0259n bibimo\u011flu bu sevindirici x\u0259b\u0259ri vermi\u015fdi m\u0259n\u0259. Sevincimd\u0259n tir-tir \u0259sirdim, h\u0259l\u0259 d\u0259 \u0259sir\u0259m. O vaxtdan sizinl\u0259 bu x\u0259b\u0259ri b\u00f6l\u00fc\u015fm\u0259m\u0259k \u00fc\u00e7\u00fcn \u00f6z\u00fcm\u00fc g\u00fccl\u0259 saxlay\u0131ram. H\u0259tta bir ne\u00e7\u0259 g\u00fcnl\u00fck facebooku da ba\u011flad\u0131m ki, bird\u0259n \u00f6z\u00fcm\u00fc saxlaya bilm\u0259yib, yazaram siz\u0259. \u015eanl\u0131, canl\u0131, imkanl\u0131 (d\u00fczd\u00fc 2 ildi bir az kas\u0131blay\u0131b, amma h\u0259l\u0259 d\u0259 pulu var) h\u00f6k\u00fcm\u0259timiz u\u011furuna u\u011fur qatma\u011fa davam edir.\n<\/p>\n<p>\n  \u018fvv\u0259lc\u0259 Nardarana, daha sonra L\u0259l\u0259-t\u0259p\u0259y\u0259 bayra\u011f\u0131m\u0131z\u0131 sancandan sonra, uzunm\u00fcdd\u0259tdi muharib\u0259 apard\u0131\u011f\u0131 Meydan tv \u00fcz\u0259rind\u0259 q\u0259l\u0259b\u0259 qazanma\u011f\u0131na da az qal\u0131b. Hal-haz\u0131rda d\u00f6y\u00fc\u015fl\u0259r davam edir v\u0259 Meydan tv-nin 15-d\u0259n art\u0131q \u0259m\u0259kda\u015f\u0131na cinay\u0259t i\u015fi a\u00e7\u0131l\u0131b. Biz h\u0259r zaman oldu\u011fu kimi, bu m\u00f6vzuda da d\u00f6vl\u0259timizin v\u0259 h\u00f6k\u00fcm\u0259timizin yan\u0131nda olmal\u0131 v\u0259 arzu etm\u0259liyik ki, Meydan tvnin Berlind\u0259ki ofisi i\u015f\u011fal olunacaq v\u0259 ofisin p\u0259nc\u0259r\u0259sind\u0259n Az\u0259rbaycan bayra\u011f\u0131 dal\u011falanacaq.\n<\/p>\n<p>\n  Bizl\u0259r is\u0259 bu anlar\u0131 Aztv-d\u0259n canl\u0131 izl\u0259y\u0259c\u0259k, q\u00fcrurdan g\u00f6z ya\u015flar\u0131m\u0131za sahib \u00e7\u0131xa bilm\u0259y\u0259c\u0259yik. Q\u00fcrurdan g\u00f6zl\u0259ri ya\u015farmayanlar\u0131 qanlar\u0131n\u0131 yoxlatd\u0131rma\u011fa d\u0259v\u0259t etm\u0259liyik! Bu s\u0259trl\u0259ri yazd\u0131qca t\u00fckl\u0259rim biz-biz olur. Bilir\u0259m, x\u0259b\u0259riniz var, amma Meydan tv-nin t\u0259qsirli bilindiyi madd\u0259l\u0259ri bir daha yazmaq ist\u0259yir\u0259m.\n<\/p>\n<p>\n  Az\u0259rbaycan Respublikas\u0131 Cinay\u0259t M\u0259c\u0259ll\u0259sinin 192.2.2.(qanunsuz sahibkarl\u0131q-k\u00fclli miqdarda g\u0259lir \u0259ld\u0259 etm\u0259kl\u0259), 213.2.2 (k\u00fclli miqdarda vergil\u0259ri \u00f6d\u0259m\u0259kd\u0259n yay\u0131nma) v\u0259 308.2-ci (v\u0259zif\u0259 s\u0259lahiyy\u0259tl\u0259rind\u0259n sui-istifad\u0259 etm\u0259-se\u00e7kil\u0259rin v\u0259 ya referendumun n\u0259tic\u0259l\u0259ri saxtala\u015fd\u0131rmaqla v\u0259 ya a\u011f\u0131r n\u0259tic\u0259l\u0259r\u0259 s\u0259b\u0259b olduqda) madd\u0259l\u0259ri. M\u00f6ht\u0259\u015f\u0259m!\n<\/p>\n<p>\n  H\u0259l\u0259 bu haras\u0131d\u0131r? Az\u0259rbaycan\u0131n m\u00fcst\u0259qil medias\u0131 da Meydan tv haqq\u0131nda ger\u00e7\u0259kl\u0259ri yazmal\u0131d\u0131. \u00c7\u00fcnki qanunsuz k\u00fclli miqdarda g\u0259lir \u0259ld\u0259 ed\u0259n, vergi \u00f6d\u0259m\u0259kd\u0259n yay\u0131nan, v\u0259zif\u0259 s\u0259lahiyy\u0259tl\u0259rind\u0259n sui-istifad\u0259 ed\u0259n, se\u00e7ki v\u0259 ya referendum n\u0259tic\u0259l\u0259rini saxtala\u015fd\u0131ran insan daha n\u0259l\u0259r etm\u0259z? M\u0259s\u0259l\u0259n: Emin Milli Meydan Tv-d\u0259 2 d\u0259f\u0259d\u0259n art\u0131q prezidentliy\u0259 namiz\u0259dliyini verm\u0259k \u00fc\u00e7\u00fcn referendum ke\u00e7irtdi, bel\u0259 bir b\u0259nd \u0259lav\u0259 el\u0259di ki, \u0259g\u0259r Meydan Tv-y\u0259 qar\u015f\u0131 h\u0259r hans\u0131 t\u0259zyiq olarsa, o zaman he\u00e7 se\u00e7kil\u0259r\u0259 d\u0259 ehtiyac yoxdu, Emin Milli prezident kimi qal\u0131r.\n<\/p>\n<p>\n  Meydan tv-d\u0259 redaktorlar, muxbirl\u0259r 120 avro maa\u015f al\u0131r. \u018fg\u0259r kims\u0259 buna etiraz ets\u0259, H\u0259bib M\u00fcnt\u0259zir (Emin Millinin g\u00fcc strukturu) d\u0259rhal h\u0259min adam\u0131n yaz\u0131s\u0131nda \u00f6z\u00fc s\u0259hvl\u0259r edir, adam\u0131 \u015f\u0259rl\u0259yib i\u015fd\u0259n \u00e7\u0131xard\u0131rlar. H\u0259min adam yenid\u0259n i\u015f\u0259 qay\u0131tmaq \u00fc\u00e7\u00fcn Emin Milliy\u0259 \u0259fv \u0259riz\u0259si yazmal\u0131d\u0131r.Meydan tv-d\u0259 i\u015fl\u0259yib, sonra pensiyaya \u00e7\u0131xanlar is\u0259 85 avro pensiya al\u0131r. Bu yax\u0131nlarda Meydan tv-y\u0259 g\u0259l\u0259n grantlar\u0131n say\u0131 azal\u0131b, ona g\u00f6r\u0259 Emin Milli borc almaq \u00fc\u00e7\u00fcn getm\u0259diyi \u00f6lk\u0259, qap\u0131s\u0131n\u0131 d\u00f6ym\u0259diyi media, yalvarmad\u0131\u011f\u0131 yer qalmay\u0131b.\n<\/p>\n<p>\n  \u018fvv\u0259lc\u0259 \u018fl-C\u0259zir\u0259 kanal\u0131n\u0131n prezidenti il\u0259 g\u00f6r\u00fc\u015fd\u00fc, sonra is\u0259 Nyu-York Tayms q\u0259zetinin ba\u015f redaktoru il\u0259 g\u00f6r\u00fc\u015fm\u0259k \u00fc\u00e7\u00fcn aylarla yalvard\u0131, h\u0259tta arada Meydan tv-d\u0259 hakimiyy\u0259ti t\u0259rifl\u0259y\u0259n yaz\u0131lar da yazd\u0131. Qoy desinl\u0259r ki, bunlar m\u00fcst\u0259qil, t\u0259r\u0259fsiz mediad\u0131r. Emin Millinin of\u015forlar\u0131ndan, h\u0259r \u00f6lk\u0259d\u0259 bir villas\u0131n\u0131n olmas\u0131ndan, H\u0259bib M\u00fcnt\u0259zirin \u015firk\u0259tl\u0259rind\u0259n dan\u0131\u015fma\u011fa ehtiyac yoxdur y\u0259qin ki. Az\u0259rbaycan m\u00fcst\u0259qil medias\u0131 bunlar\u0131 da ara\u015fd\u0131rmal\u0131d\u0131r.\n<\/p>\n<p>\n  Bu Meydan Tv \u00f6z\u00fcn\u0259 t\u0259r\u0259fsiz v\u0259 pe\u015f\u0259kar media deyir. Bu m\u0259ni daha \u00e7ox q\u0131c\u0131qland\u0131r\u0131r. \u00dc\u00e7 g\u00fcnl\u00fck muharib\u0259 d\u00f6vr\u00fcnd\u0259 \u015f\u0259hid olan 87 \u0259sg\u0259rimizin ad\u0131n\u0131 a\u00e7\u0131qlamas\u0131 \u0259sl v\u0259t\u0259n xainliyi idi. M\u00fcdafi\u0259 Nazirliyi 31 deyirs\u0259, dem\u0259li 31-dir. Niy\u0259 b\u00fct\u00fcn \u015f\u0259hidl\u0259rin ad\u0131n\u0131 deyib, d\u00fc\u015fm\u0259ni sevindirirsiz ax\u0131? Niy\u0259 xalq\u0131 h\u0259r \u015feyd\u0259n m\u0259lumatl\u0131 edirsiz? Niy\u0259 bizi yaz\u0131\u011f eliyirsiz?! B\u0259lk\u0259 M\u00fcdafi\u0259 Nazirliyi daha az \u015f\u0259hid g\u00f6st\u0259rib, \u015f\u0259hid ail\u0259l\u0259rin\u0259 11 min manat \u00f6d\u0259m\u0259yib, d\u00f6vl\u0259t b\u00fcdc\u0259miz\u0259 xeyir verm\u0259k ist\u0259yirdil\u0259r?\n<\/p>\n<p>\n  Bu \u00e7\u0259tin g\u00fcnl\u0259rd\u0259, neft pullar\u0131n\u0131n azald\u0131\u011f\u0131 bir vaxtda \u00f6lk\u0259mizin b\u00fcdc\u0259sin\u0259 niy\u0259 ziyan vurursuz ax\u0131? Meydan tv t\u0259kc\u0259 bununla kifay\u0259tl\u0259nm\u0259di, m\u00fcharib\u0259 d\u00f6vr\u00fcnd\u0259 xarici q\u00fcvv\u0259l\u0259r t\u0259r\u0259find\u0259n ara\u015fd\u0131r\u0131lan Panama Papersi d\u0259 tirajlad\u0131. N\u0259 var, n\u0259 var, prezidentimiz v\u0259 onun ail\u0259sinin Panamada \u015firk\u0259tl\u0259ri var. Ax\u0131, bunun yeri deyildi. \u00d6lk\u0259miz m\u00fcharib\u0259 \u015f\u0259raitind\u0259 idi, prezidentimiz 2 milyardc\u0131q pul silib dey\u0259, bunu tirajlama\u011f\u0131n vaxt\u0131 deyildi ax\u0131.\n<\/p>\n<p>\n  M\u0259n Meydan tv-y\u0259 qar\u015f\u0131 y\u00fcr\u00fcd\u00fcl\u0259n bu h\u00fccumu tamamil\u0259 d\u0259st\u0259kl\u0259yir\u0259m. Meydan tv tamamil\u0259 d\u00fc\u015fm\u0259nl\u0259rd\u0259n t\u0259mizl\u0259nm\u0259lidir. Bo\u011fulsun Azad s\u00f6z! Ura!\n<\/p>\n<p>\n  <b><br \/>\n    Yaz\u0131 m\u00fc\u0259llifin \u015f\u0259xsi m\u00f6vqeyini \u0259ks etdirir. M\u00fc\u0259llifin m\u00f6vqeyi Meydan.Tv-nin m\u00f6vqeyi il\u0259 \u00fcst-\u00fcst\u0259 d\u00fc\u015fm\u0259y\u0259 bil\u0259r.<br \/>\n  <\/b><\/p>\n","protected":false},"excerpt":{"rendered":"<p>Bo\u011fulsun Azad s\u00f6z!<\/p>\n","protected":false},"author":11,"featured_media":55608,"comment_status":"closed","ping_status":"open","sticky":false,"template":"","format":"standard","meta":{"_acf_changed":false,"_sitemap_exclude":false,"_sitemap_priority":"","_sitemap_frequency":"","footnotes":""},"categories":[57],"tags":[],"class_list":["post-175419","post","type-post","status-publish","format-standard","has-post-thumbnail","hentry","category-menim-fikrimce","infinite-scroll-item","generate-columns","tablet-grid-50","mobile-grid-100","grid-parent","grid-33","no-featured-image-padding"],"acf":[],"yoast_head":"<!-- This site is optimized with the Yoast SEO plugin v27.5 - https:\/\/yoast.com\/product\/yoast-seo-wordpress\/ -->\n<title>Emin Millinin villalar\u0131, H\u0259bib M\u00fcnt\u0259zirin \u015firk\u0259tl\u0259ri - MEYDAN.TV<\/title>\n<meta name=\"robots\" content=\"index, follow, max-snippet:-1, max-image-preview:large, max-video-preview:-1\" \/>\n<link rel=\"canonical\" href=\"https:\/\/www.meydan.tv\/az\/article\/emin-millinin-villalari-hebib-muntezirin-sirketleri\/\" \/>\n<meta property=\"og:locale\" content=\"az_AZ\" \/>\n<meta property=\"og:type\" content=\"article\" \/>\n<meta property=\"og:title\" content=\"Emin Millinin villalar\u0131, H\u0259bib M\u00fcnt\u0259zirin \u015firk\u0259tl\u0259ri - MEYDAN.TV\" \/>\n<meta property=\"og:description\" content=\"Bo\u011fulsun Azad s\u00f6z!\" \/>\n<meta property=\"og:url\" content=\"https:\/\/www.meydan.tv\/az\/article\/emin-millinin-villalari-hebib-muntezirin-sirketleri\/\" \/>\n<meta property=\"og:site_name\" content=\"MEYDAN.TV\" \/>\n<meta property=\"article:published_time\" content=\"2016-04-24T19:36:23+00:00\" \/>\n<meta property=\"og:image\" content=\"https:\/\/www.meydan.tv\/wp-content\/uploads\/20992.jpg\" \/>\n\t<meta property=\"og:image:width\" content=\"480\" \/>\n\t<meta property=\"og:image:height\" content=\"480\" \/>\n\t<meta property=\"og:image:type\" content=\"image\/jpeg\" \/>\n<meta name=\"author\" content=\"user-manager\" \/>\n<meta name=\"twitter:card\" content=\"summary_large_image\" \/>\n<script type=\"application\/ld+json\" class=\"yoast-schema-graph\">{\"@context\":\"https:\\\/\\\/schema.org\",\"@graph\":[{\"@type\":\"Article\",\"@id\":\"https:\\\/\\\/www.meydan.tv\\\/az\\\/article\\\/emin-millinin-villalari-hebib-muntezirin-sirketleri\\\/#article\",\"isPartOf\":{\"@id\":\"https:\\\/\\\/www.meydan.tv\\\/az\\\/article\\\/emin-millinin-villalari-hebib-muntezirin-sirketleri\\\/\"},\"author\":{\"name\":\"user-manager\",\"@id\":\"https:\\\/\\\/www.meydan.tv\\\/az\\\/#\\\/schema\\\/person\\\/10d11eccf6da3662cf5fdab9806ea91a\"},\"headline\":\"Emin Millinin villalar\u0131, H\u0259bib M\u00fcnt\u0259zirin \u015firk\u0259tl\u0259ri\",\"datePublished\":\"2016-04-24T19:36:23+00:00\",\"mainEntityOfPage\":{\"@id\":\"https:\\\/\\\/www.meydan.tv\\\/az\\\/article\\\/emin-millinin-villalari-hebib-muntezirin-sirketleri\\\/\"},\"wordCount\":975,\"publisher\":{\"@id\":\"https:\\\/\\\/www.meydan.tv\\\/az\\\/#organization\"},\"image\":{\"@id\":\"https:\\\/\\\/www.meydan.tv\\\/az\\\/article\\\/emin-millinin-villalari-hebib-muntezirin-sirketleri\\\/#primaryimage\"},\"thumbnailUrl\":\"https:\\\/\\\/www.meydan.tv\\\/wp-content\\\/uploads\\\/20992.jpg\",\"articleSection\":[\"M\u0259nim Fikrimc\u0259\"],\"inLanguage\":\"az\"},{\"@type\":\"WebPage\",\"@id\":\"https:\\\/\\\/www.meydan.tv\\\/az\\\/article\\\/emin-millinin-villalari-hebib-muntezirin-sirketleri\\\/\",\"url\":\"https:\\\/\\\/www.meydan.tv\\\/az\\\/article\\\/emin-millinin-villalari-hebib-muntezirin-sirketleri\\\/\",\"name\":\"Emin Millinin villalar\u0131, H\u0259bib M\u00fcnt\u0259zirin \u015firk\u0259tl\u0259ri - MEYDAN.TV\",\"isPartOf\":{\"@id\":\"https:\\\/\\\/www.meydan.tv\\\/az\\\/#website\"},\"primaryImageOfPage\":{\"@id\":\"https:\\\/\\\/www.meydan.tv\\\/az\\\/article\\\/emin-millinin-villalari-hebib-muntezirin-sirketleri\\\/#primaryimage\"},\"image\":{\"@id\":\"https:\\\/\\\/www.meydan.tv\\\/az\\\/article\\\/emin-millinin-villalari-hebib-muntezirin-sirketleri\\\/#primaryimage\"},\"thumbnailUrl\":\"https:\\\/\\\/www.meydan.tv\\\/wp-content\\\/uploads\\\/20992.jpg\",\"datePublished\":\"2016-04-24T19:36:23+00:00\",\"breadcrumb\":{\"@id\":\"https:\\\/\\\/www.meydan.tv\\\/az\\\/article\\\/emin-millinin-villalari-hebib-muntezirin-sirketleri\\\/#breadcrumb\"},\"inLanguage\":\"az\",\"potentialAction\":[{\"@type\":\"ReadAction\",\"target\":[\"https:\\\/\\\/www.meydan.tv\\\/az\\\/article\\\/emin-millinin-villalari-hebib-muntezirin-sirketleri\\\/\"]}]},{\"@type\":\"ImageObject\",\"inLanguage\":\"az\",\"@id\":\"https:\\\/\\\/www.meydan.tv\\\/az\\\/article\\\/emin-millinin-villalari-hebib-muntezirin-sirketleri\\\/#primaryimage\",\"url\":\"https:\\\/\\\/www.meydan.tv\\\/wp-content\\\/uploads\\\/20992.jpg\",\"contentUrl\":\"https:\\\/\\\/www.meydan.tv\\\/wp-content\\\/uploads\\\/20992.jpg\",\"width\":480,\"height\":480,\"caption\":\"Source:\"},{\"@type\":\"BreadcrumbList\",\"@id\":\"https:\\\/\\\/www.meydan.tv\\\/az\\\/article\\\/emin-millinin-villalari-hebib-muntezirin-sirketleri\\\/#breadcrumb\",\"itemListElement\":[{\"@type\":\"ListItem\",\"position\":1,\"name\":\"Ana s\u0259hif\u0259\",\"item\":\"https:\\\/\\\/www.meydan.tv\\\/az\\\/\"},{\"@type\":\"ListItem\",\"position\":2,\"name\":\"M\u0259nim Fikrimc\u0259\",\"item\":\"https:\\\/\\\/www.meydan.tv\\\/az\\\/section\\\/menim-fikrimce\\\/\"},{\"@type\":\"ListItem\",\"position\":3,\"name\":\"Emin Millinin villalar\u0131, H\u0259bib M\u00fcnt\u0259zirin \u015firk\u0259tl\u0259ri\"}]},{\"@type\":\"WebSite\",\"@id\":\"https:\\\/\\\/www.meydan.tv\\\/az\\\/#website\",\"url\":\"https:\\\/\\\/www.meydan.tv\\\/az\\\/\",\"name\":\"MEYDAN.TV\",\"description\":\"Meydan TV Az\u0259rbaycan\u0131n media m\u0259kan\u0131ndak\u0131 alternativ s\u0259sidir\",\"publisher\":{\"@id\":\"https:\\\/\\\/www.meydan.tv\\\/az\\\/#organization\"},\"potentialAction\":[{\"@type\":\"SearchAction\",\"target\":{\"@type\":\"EntryPoint\",\"urlTemplate\":\"https:\\\/\\\/www.meydan.tv\\\/az\\\/?s={search_term_string}\"},\"query-input\":{\"@type\":\"PropertyValueSpecification\",\"valueRequired\":true,\"valueName\":\"search_term_string\"}}],\"inLanguage\":\"az\"},{\"@type\":\"Organization\",\"@id\":\"https:\\\/\\\/www.meydan.tv\\\/az\\\/#organization\",\"name\":\"Meydan TV\",\"url\":\"https:\\\/\\\/www.meydan.tv\\\/az\\\/\",\"logo\":{\"@type\":\"ImageObject\",\"inLanguage\":\"az\",\"@id\":\"https:\\\/\\\/www.meydan.tv\\\/az\\\/#\\\/schema\\\/logo\\\/image\\\/\",\"url\":\"https:\\\/\\\/www.meydan.tv\\\/wp-content\\\/uploads\\\/2021\\\/07\\\/meydan-logo.svg\",\"contentUrl\":\"https:\\\/\\\/www.meydan.tv\\\/wp-content\\\/uploads\\\/2021\\\/07\\\/meydan-logo.svg\",\"width\":195,\"height\":46,\"caption\":\"Meydan TV\"},\"image\":{\"@id\":\"https:\\\/\\\/www.meydan.tv\\\/az\\\/#\\\/schema\\\/logo\\\/image\\\/\"}},{\"@type\":\"Person\",\"@id\":\"https:\\\/\\\/www.meydan.tv\\\/az\\\/#\\\/schema\\\/person\\\/10d11eccf6da3662cf5fdab9806ea91a\",\"name\":\"user-manager\"}]}<\/script>\n<!-- \/ Yoast SEO plugin. -->","yoast_head_json":{"title":"Emin Millinin villalar\u0131, H\u0259bib M\u00fcnt\u0259zirin \u015firk\u0259tl\u0259ri - MEYDAN.TV","robots":{"index":"index","follow":"follow","max-snippet":"max-snippet:-1","max-image-preview":"max-image-preview:large","max-video-preview":"max-video-preview:-1"},"canonical":"https:\/\/www.meydan.tv\/az\/article\/emin-millinin-villalari-hebib-muntezirin-sirketleri\/","og_locale":"az_AZ","og_type":"article","og_title":"Emin Millinin villalar\u0131, H\u0259bib M\u00fcnt\u0259zirin \u015firk\u0259tl\u0259ri - MEYDAN.TV","og_description":"Bo\u011fulsun Azad s\u00f6z!","og_url":"https:\/\/www.meydan.tv\/az\/article\/emin-millinin-villalari-hebib-muntezirin-sirketleri\/","og_site_name":"MEYDAN.TV","article_published_time":"2016-04-24T19:36:23+00:00","og_image":[{"width":480,"height":480,"url":"https:\/\/www.meydan.tv\/wp-content\/uploads\/20992.jpg","type":"image\/jpeg"}],"author":"user-manager","twitter_card":"summary_large_image","schema":{"@context":"https:\/\/schema.org","@graph":[{"@type":"Article","@id":"https:\/\/www.meydan.tv\/az\/article\/emin-millinin-villalari-hebib-muntezirin-sirketleri\/#article","isPartOf":{"@id":"https:\/\/www.meydan.tv\/az\/article\/emin-millinin-villalari-hebib-muntezirin-sirketleri\/"},"author":{"name":"user-manager","@id":"https:\/\/www.meydan.tv\/az\/#\/schema\/person\/10d11eccf6da3662cf5fdab9806ea91a"},"headline":"Emin Millinin villalar\u0131, H\u0259bib M\u00fcnt\u0259zirin \u015firk\u0259tl\u0259ri","datePublished":"2016-04-24T19:36:23+00:00","mainEntityOfPage":{"@id":"https:\/\/www.meydan.tv\/az\/article\/emin-millinin-villalari-hebib-muntezirin-sirketleri\/"},"wordCount":975,"publisher":{"@id":"https:\/\/www.meydan.tv\/az\/#organization"},"image":{"@id":"https:\/\/www.meydan.tv\/az\/article\/emin-millinin-villalari-hebib-muntezirin-sirketleri\/#primaryimage"},"thumbnailUrl":"https:\/\/www.meydan.tv\/wp-content\/uploads\/20992.jpg","articleSection":["M\u0259nim Fikrimc\u0259"],"inLanguage":"az"},{"@type":"WebPage","@id":"https:\/\/www.meydan.tv\/az\/article\/emin-millinin-villalari-hebib-muntezirin-sirketleri\/","url":"https:\/\/www.meydan.tv\/az\/article\/emin-millinin-villalari-hebib-muntezirin-sirketleri\/","name":"Emin Millinin villalar\u0131, H\u0259bib M\u00fcnt\u0259zirin \u015firk\u0259tl\u0259ri - MEYDAN.TV","isPartOf":{"@id":"https:\/\/www.meydan.tv\/az\/#website"},"primaryImageOfPage":{"@id":"https:\/\/www.meydan.tv\/az\/article\/emin-millinin-villalari-hebib-muntezirin-sirketleri\/#primaryimage"},"image":{"@id":"https:\/\/www.meydan.tv\/az\/article\/emin-millinin-villalari-hebib-muntezirin-sirketleri\/#primaryimage"},"thumbnailUrl":"https:\/\/www.meydan.tv\/wp-content\/uploads\/20992.jpg","datePublished":"2016-04-24T19:36:23+00:00","breadcrumb":{"@id":"https:\/\/www.meydan.tv\/az\/article\/emin-millinin-villalari-hebib-muntezirin-sirketleri\/#breadcrumb"},"inLanguage":"az","potentialAction":[{"@type":"ReadAction","target":["https:\/\/www.meydan.tv\/az\/article\/emin-millinin-villalari-hebib-muntezirin-sirketleri\/"]}]},{"@type":"ImageObject","inLanguage":"az","@id":"https:\/\/www.meydan.tv\/az\/article\/emin-millinin-villalari-hebib-muntezirin-sirketleri\/#primaryimage","url":"https:\/\/www.meydan.tv\/wp-content\/uploads\/20992.jpg","contentUrl":"https:\/\/www.meydan.tv\/wp-content\/uploads\/20992.jpg","width":480,"height":480,"caption":"Source:"},{"@type":"BreadcrumbList","@id":"https:\/\/www.meydan.tv\/az\/article\/emin-millinin-villalari-hebib-muntezirin-sirketleri\/#breadcrumb","itemListElement":[{"@type":"ListItem","position":1,"name":"Ana s\u0259hif\u0259","item":"https:\/\/www.meydan.tv\/az\/"},{"@type":"ListItem","position":2,"name":"M\u0259nim Fikrimc\u0259","item":"https:\/\/www.meydan.tv\/az\/section\/menim-fikrimce\/"},{"@type":"ListItem","position":3,"name":"Emin Millinin villalar\u0131, H\u0259bib M\u00fcnt\u0259zirin \u015firk\u0259tl\u0259ri"}]},{"@type":"WebSite","@id":"https:\/\/www.meydan.tv\/az\/#website","url":"https:\/\/www.meydan.tv\/az\/","name":"MEYDAN.TV","description":"Meydan TV Az\u0259rbaycan\u0131n media m\u0259kan\u0131ndak\u0131 alternativ s\u0259sidir","publisher":{"@id":"https:\/\/www.meydan.tv\/az\/#organization"},"potentialAction":[{"@type":"SearchAction","target":{"@type":"EntryPoint","urlTemplate":"https:\/\/www.meydan.tv\/az\/?s={search_term_string}"},"query-input":{"@type":"PropertyValueSpecification","valueRequired":true,"valueName":"search_term_string"}}],"inLanguage":"az"},{"@type":"Organization","@id":"https:\/\/www.meydan.tv\/az\/#organization","name":"Meydan TV","url":"https:\/\/www.meydan.tv\/az\/","logo":{"@type":"ImageObject","inLanguage":"az","@id":"https:\/\/www.meydan.tv\/az\/#\/schema\/logo\/image\/","url":"https:\/\/www.meydan.tv\/wp-content\/uploads\/2021\/07\/meydan-logo.svg","contentUrl":"https:\/\/www.meydan.tv\/wp-content\/uploads\/2021\/07\/meydan-logo.svg","width":195,"height":46,"caption":"Meydan TV"},"image":{"@id":"https:\/\/www.meydan.tv\/az\/#\/schema\/logo\/image\/"}},{"@type":"Person","@id":"https:\/\/www.meydan.tv\/az\/#\/schema\/person\/10d11eccf6da3662cf5fdab9806ea91a","name":"user-manager"}]}},"_links":{"self":[{"href":"https:\/\/www.meydan.tv\/az\/wp-json\/wp\/v2\/posts\/175419","targetHints":{"allow":["GET"]}}],"collection":[{"href":"https:\/\/www.meydan.tv\/az\/wp-json\/wp\/v2\/posts"}],"about":[{"href":"https:\/\/www.meydan.tv\/az\/wp-json\/wp\/v2\/types\/post"}],"author":[{"embeddable":true,"href":"https:\/\/www.meydan.tv\/az\/wp-json\/wp\/v2\/users\/11"}],"replies":[{"embeddable":true,"href":"https:\/\/www.meydan.tv\/az\/wp-json\/wp\/v2\/comments?post=175419"}],"version-history":[{"count":0,"href":"https:\/\/www.meydan.tv\/az\/wp-json\/wp\/v2\/posts\/175419\/revisions"}],"wp:featuredmedia":[{"embeddable":true,"href":"https:\/\/www.meydan.tv\/az\/wp-json\/wp\/v2\/media\/55608"}],"wp:attachment":[{"href":"https:\/\/www.meydan.tv\/az\/wp-json\/wp\/v2\/media?parent=175419"}],"wp:term":[{"taxonomy":"category","embeddable":true,"href":"https:\/\/www.meydan.tv\/az\/wp-json\/wp\/v2\/categories?post=175419"},{"taxonomy":"post_tag","embeddable":true,"href":"https:\/\/www.meydan.tv\/az\/wp-json\/wp\/v2\/tags?post=175419"}],"curies":[{"name":"wp","href":"https:\/\/api.w.org\/{rel}","templated":true}]}}