{"id":175415,"date":"2016-04-24T19:25:15","date_gmt":"2016-04-24T19:25:15","guid":{"rendered":"https:\/\/www.meydan.tv\/article\/en-umidsiz-anin-en-umidsiz-qiyami\/"},"modified":"2016-04-24T19:25:15","modified_gmt":"2016-04-24T19:25:15","slug":"en-umidsiz-anin-en-umidsiz-qiyami","status":"publish","type":"post","link":"https:\/\/www.meydan.tv\/az\/article\/en-umidsiz-anin-en-umidsiz-qiyami\/","title":{"rendered":"\u018fn \u00fcmidsiz an\u0131n \u0259n \u00fcmidsiz qiyam\u0131"},"content":{"rendered":"<p>\n  <i><br \/>\n    100 illik tarixi olan irland pasxa \u00fcsyan\u0131<br \/>\n  <\/i>\n<\/p>\n<p>\n  Tarixin dolambaclar\u0131nda b\u0259z\u0259n ilginc m\u00fcbariz\u0259 hekay\u0259l\u0259rin\u0259 rastlan\u0131l\u0131r. Xalqlar\u0131n istiqlaliyy\u0259tin\u0259 qovu\u015fmas\u0131, d\u00f6vl\u0259tl\u0259rin yaranmas\u0131 b\u0259z\u0259n inan\u0131lmaz bir tarixl\u0259 m\u00fc\u015fayi\u0259t edilir.\n<\/p>\n<p>\n  Haz\u0131rda b\u00fct\u00fcn d\u00fcnyada 100 illik tarixi qeyd v\u0259 t\u0259hlil edil\u0259n Birinci D\u00fcnya M\u00fcharib\u0259si, onmilyonlarla insan\u0131n q\u0259tlin\u0259 s\u0259b\u0259b olmu\u015f d\u0259h\u015f\u0259tli b\u0259\u015f\u0259ri faci\u0259 olmaqla yana\u015f\u0131, tarixin m\u00fch\u0259riri rolunu oynad\u0131. Birinci D\u00fcnya M\u00fcharib\u0259si d\u00f6rd imperiyan\u0131n (Bismark\u0131n 1871-ci ild\u0259 yaratd\u0131\u011f\u0131 Alman \u0130mperiyas\u0131 (II Reich), Avstriya-Macar\u0131stan, Rusiya v\u0259 Osmanl\u0131 \u0130mperatorlu\u011fu) da\u011f\u0131lmas\u0131na s\u0259b\u0259b oldu v\u0259 o zaman\u0131n \u0259n b\u00f6y\u00fck (d\u00fcnyan\u0131n az qala 3\/2-sini \u0259hat\u0259 ed\u0259n) v\u0259 q\u0259dim imperiyas\u0131 olan B\u00f6y\u00fck Britaniyan\u0131n da d\u00fcnya a\u011fal\u0131\u011f\u0131na son qoydu. T\u0259bii ki, bunlar \u00e7ox b\u00f6y\u00fck qan v\u0259 v\u0259t\u0259nda\u015f m\u00fcharib\u0259si il\u0259 m\u00fc\u015fayi\u0259t edilirdi.\n<\/p>\n<p>\n  Lakin bunlarla yana\u015f\u0131, b\u0259\u015f\u0259r tarixind\u0259 he\u00e7 bir zaman g\u00f6r\u00fcnm\u0259mi\u015f bir miqyasda t\u00fc\u011fyan ed\u0259n bu m\u00fcharib\u0259 siyasi, ictimai v\u0259 m\u0259d\u0259ni h\u0259yatda \u0259n paradoksal hadis\u0259l\u0259r\u0259 v\u0259 d\u0259yi\u015fm\u0259l\u0259r\u0259 g\u0259tirib \u00e7\u0131xard\u0131. Fortepiano musiqisind\u0259 t\u0259k \u0259ll\u0259 ifa edil\u0259n konsertl\u0259rin (bunlar x\u00fcsusi olaraq m\u00fcharib\u0259d\u0259 sa\u011f \u0259lini itirmi\u015f avstriyal\u0131 piano\u00e7u, XX \u0259srin \u0259n m\u0259\u015fhur filosoflar\u0131ndan biri olan Ludwig Wittgenstein&#8217;nin qarda\u015f\u0131 Paul Wittgenstein\u00fc\u00e7\u00fcn yaz\u0131lm\u0131\u015fd\u0131) yaz\u0131lmas\u0131ndan ba\u015flayaraq elmi-texniki v\u0259 tibbi sah\u0259d\u0259 m\u00fcst\u0259sna a\u00e7\u0131l\u0131\u015flar\u0131 burada qeyd etm\u0259k olar.\n<\/p>\n<p>\n  Bunlarla yana\u015f\u0131, bu m\u00fcharib\u0259 eyni zamanda bir \u00e7ox yeni d\u00f6vl\u0259tin yaranmas\u0131na r\u0259vac verdi, m\u00fcharib\u0259nin n\u0259tic\u0259sind\u0259 ba\u015f vermi\u015f par\u00e7alanmalar, geosiyasi kolliziyalar bu yeni d\u00f6vl\u0259tl\u0259rin yaran\u0131\u015f\u0131na s\u0259b\u0259b oldu &#8211; dem\u0259k olar ki, o zamank\u0131 b\u00fct\u00fcn \u015e\u0259rqi Avropa d\u00f6vl\u0259tl\u0259ri (Pol\u015fa, Macar\u0131stan, \u00c7exoslovakiya, Yuqoslaviya, bundan ba\u015fqa, Finlandiya v\u0259 Baltikyan\u0131 \u00f6lk\u0259l\u0259ri) bel\u0259 yarand\u0131. Bu d\u00f6vl\u0259tl\u0259rd\u0259n b\u0259zil\u0259ri \u00f6nc\u0259l\u0259r m\u00f6vcud olmu\u015f, lakin sonradan b\u00f6y\u00fck imperiyalar t\u0259r\u0259find\u0259n i\u015f\u011fal edilmi\u015fdi, ba\u015fqalar\u0131 is\u0259 s\u0131rf bu m\u00fcharib\u0259nin s\u0259b\u0259bind\u0259n yoxluqdan var olmu\u015fdular. T\u0259sad\u00fcfi deyil ki, Az\u0259rbaycan\u0131n da d\u00f6vl\u0259t kimi inti\u015far\u0131 m\u0259hz bu tarixd\u0259, 1918-ci ild\u0259 ba\u015f verdi.\n<\/p>\n<p>\n  Bu prosesl\u0259r zaman\u0131 co\u011frafiyan\u0131n tam \u0259ks t\u0259r\u0259find\u0259, Q\u0259rbi Avropada yeg\u0259n\u0259 yeni bir d\u00f6vl\u0259t yarand\u0131, o da \u00e7ox uzun m\u00fcdd\u0259t istiqlal\u0131 \u00fc\u00e7\u00fcn m\u00fccadil\u0259 etmi\u015f \u0130rlandiya idi. \u00c7ox uzun ill\u0259r metropoliya t\u0259r\u0259find\u0259n B\u00f6y\u00fck Britaniyan\u0131n b\u0259rab\u0259rh\u00fcquqlu bir hiss\u0259si kimi q\u0259bul edil\u0259n, Britaniya \u0130mperiyas\u0131n\u0131n b\u00fct\u00fcn kolonial sava\u015flar\u0131nda \u015fotlandlarla b\u0259rab\u0259r ilk s\u0131ralarda ged\u0259n irlandlar, b\u00fct\u00fcn bunlara r\u0259\u011fm\u0259n, \u00f6zl\u0259rini sad\u0259c\u0259 imperiyan\u0131n q\u0259rb koloniyas\u0131 kimi hiss etm\u0259kd\u0259 idil\u0259r.\n<\/p>\n<p>\n  Bunun \u0259n g\u00fccl\u00fc t\u0259zah\u00fcr\u00fc \u00f6z\u00fcn\u00fc dil faktorunda g\u00f6st\u0259rm\u0259kd\u0259 idi. Yerli kelt dill\u0259ri qrupuna daxil olan \u0130rland dili, ingilis dilinin uzun\u0259srlik assimlyativ t\u0259siri n\u0259tic\u0259sind\u0259 XX \u0259srin \u0259vv\u0259lind\u0259 art\u0131q dem\u0259k olar ki, tamamil\u0259 yoxa c\u0131xmaqda idi, yaln\u0131z adan\u0131n q\u0259rb sahill\u0259rind\u0259ki ki\u00e7ik bal\u0131q\u00e7\u0131 q\u0259s\u0259b\u0259l\u0259rind\u0259 bu dil ya\u015famaqda davam edirdi. Bu haqda bir avropal\u0131 linqvistin m\u00fcsahib\u0259sini dinl\u0259y\u0259rk\u0259n faci\u0259nin n\u0259 q\u0259d\u0259r d\u0259rin oldu\u011funu anlad\u0131m. H\u0259tta XX \u0259srin sonunda bel\u0259 \u0130rland dili \u00f6z t\u0259sirini b\u0259rpa ed\u0259 bilm\u0259mi\u015fdi, onlar\u0131 bu m\u0259nada b\u0259lk\u0259 d\u0259 yaln\u0131z biziml\u0259 m\u00fcqayis\u0259 etm\u0259k olard\u0131. Az\u0259rbaycanda, m\u00fcst\u0259qilliyinin 25-ci ilini qeyd ed\u0259c\u0259k \u00f6lk\u0259d\u0259, h\u0259l\u0259 indi d\u0259 bu problem h\u0259llini tapmay\u0131b v\u0259 \u00e7\u0259tin ki, yax\u0131n zamanlarda tapa. Avropada is\u0259 \u0130rlandiya bu m\u0259nada faci\u0259ni ya\u015fayan yegan\u0259 \u00f6lk\u0259dir.\n<\/p>\n<p>\n  \u0130rlandiyada \u0259srl\u0259r \u0259rzind\u0259 d\u0259f\u0259l\u0259rl\u0259 m\u00fcxt\u0259lif \u00fcsyanlar olmas\u0131na r\u0259\u011fm\u0259n, bunlar\u0131n ham\u0131s\u0131 u\u011fursuzlu\u011fa m\u0259ruz qalm\u0131\u015f, ist\u0259r kort\u0259bii xalq \u00e7\u0131x\u0131\u015flar\u0131, ist\u0259r d\u0259 uzun zaman planlanan \u00fcsyanlar qos-qocaman imperiyan\u0131n z\u0259rb\u0259l\u0259ri alt\u0131nda yat\u0131r\u0131lm\u0131\u015fd\u0131. V\u0259 24 aprel 1916-c\u0131 ild\u0259, Birinci D\u00fcnya M\u00fcharib\u0259sinin Britaniya imperiyas\u0131 \u00fc\u00e7\u00fcn ke\u00e7\u0259n \u0259n a\u011fr\u0131l\u0131 ilind\u0259, Dublinin m\u0259rk\u0259zind\u0259 \u00fcsyan\u00e7\u0131lar\u0131n po\u00e7t idar\u0259sini tutaraq qald\u0131rd\u0131qlar\u0131 Pasxa \u00fcsyan\u0131 (24 Aibre\u00e1n \u00c9ir\u00ed Amach na C\u00e1sca) bu m\u0259nada tamamil\u0259 \u00fcmidsiz idi.\n<\/p>\n<p>\n  \u00c7ox a\u011f\u0131r bir m\u00fcharib\u0259nin getdiyi \u015f\u0259raitd\u0259 yeri \u0259hali, x\u00fcsusil\u0259 dublinlil\u0259r bu \u00fcsyan\u0131 \u0259sla d\u0259st\u0259kl\u0259mirdi, q\u0131saca des\u0259k &#8220;indi yeri deyil&#8221; fikri c\u0259miyy\u0259td\u0259 hakim idi. Bu m\u0259nada \u015f\u0259rait tamamil\u0259 \u00fcmidsiz idi v\u0259 he\u00e7 bir u\u011furlu n\u0259tic\u0259d\u0259n s\u00f6hb\u0259t ged\u0259 bilm\u0259zdi.\n<\/p>\n<p>\n  Lakin b\u00fct\u00fcn bu obyektiv faktorlara r\u0259\u011fm\u0259n, tam \u00fcmidsiz bir \u015f\u0259raitd\u0259 irlandiyal\u0131 respublika\u00e7\u0131lar 1916-c\u0131 ilin 24 aprel g\u00fcn\u00fc s\u0259h\u0259r tezd\u0259n \u00f6z 1200 t\u0259r\u0259fdarlar\u0131 il\u0259 \u015f\u0259h\u0259r m\u0259rk\u0259zini \u0259l\u0259 ke\u00e7irir v\u0259 \u015f\u0259h\u0259r po\u00e7t idar\u0259sini m\u0259rk\u0259zi q\u0259r\u0259rgaha \u00e7evirirl\u0259r. Burada \u0130ralandiya tarixind\u0259 ilk d\u0259f\u0259 respublika bayra\u011f\u0131 qald\u0131r\u0131l\u0131r v\u0259 \u00fcsyan\u0131n r\u0259hb\u0259rl\u0259rind\u0259n biri olar \u015fair Patrick Pearse, Respublikan\u0131n yaranmas\u0131 haqda B\u0259yannam\u0259ni oxuyur.\n<\/p>\n<p>\n  Sonrak\u0131 hadis\u0259l\u0259r qanunauy\u011fun olaraq ba\u015f verir &#8211; \u00fcsyandan b\u0259rk q\u0259z\u0259bl\u0259nmi\u015f Britaniya r\u0259hb\u0259rliyi h\u0259m\u0259n Dublin\u0259 a\u011f\u0131r silahlarla silahlanm\u0131\u015f ordu hiss\u0259l\u0259ri yeridir, onlar ki\u00e7ik bir zamanda \u00fcsyan\u00e7\u0131lar\u0131n m\u00fcqavim\u0259tini q\u0131r\u0131r v\u0259 \u00fcsyan\u0131 \u00e7ox b\u00f6y\u00fck bir amans\u0131zl\u0131qla yat\u0131r\u0131rlar. M\u00fcqavim\u0259tin \u0259b\u0259s oldu\u011funu v\u0259 yaln\u0131z \u015f\u0259h\u0259r \u0259halisinin m\u0259nas\u0131z q\u0131r\u011f\u0131n\u0131na s\u0259b\u0259b olaca\u011f\u0131n\u0131 anlayan \u00fcsyan r\u0259hb\u0259rl\u0259ri t\u0259slim olmaq q\u0259rar\u0131na g\u0259lirl\u0259r v\u0259 Patrick Pearse ingilisl\u0259r\u0259 \u015f\u0259rtsiz t\u0259slim olmaq q\u0259rar\u0131n\u0131 verir.\n<\/p>\n<p>\n  H\u0259bs edil\u0259n \u00fcsyan r\u0259hb\u0259rl\u0259ri &#8211; S\u00e9amas \u00d3 Conghaile (o i\u011fti\u015fa\u015flar zaman\u0131 aya\u011f\u0131ndan a\u011f\u0131r yaraland\u0131\u011f\u0131 \u00fc\u00e7\u00fcn g\u0259z\u0259 bilmirdi, ona g\u00f6r\u0259 onun g\u00fcll\u0259l\u0259nm\u0259 h\u00f6km\u00fc stul \u00fcz\u0259rind\u0259 oturulmu\u015f halda yerin\u0259 yetirildi), b\u0259yannam\u0259ni oxumu\u015f Patrick Pearse, po\u00e7t idar\u0259sind\u0259 \u00fcsyan\u00e7\u0131lar\u0131n ba\u015fl\u0131ca q\u00fcvv\u0259l\u0259rin\u0259 r\u0259hb\u0259rlik etmi\u015f Tom\u00e1s \u00d3 Cl\u00e9irigh v\u0259 ba\u015fqalar\u0131, bunlarla yana\u015f\u0131 bir \u00e7ox ba\u015fqalar\u0131, h\u0259tta \u00fcsyanda i\u015ftirak etm\u0259mi\u015f respublika t\u0259r\u0259fdarlar\u0131 bel\u0259 m\u00fcharib\u0259 d\u00f6vr\u00fcn\u00fcn qanunlar\u0131na g\u00f6r\u0259 h\u0259rbi cinay\u0259tkar kimi h\u0259rbi tribunala veril\u0259r\u0259k g\u00fcll\u0259l\u0259ndi.\n<\/p>\n<p>\n  B\u00fct\u00fcn bunlar tamamil\u0259 \u0259ks effekt verdi. \u00dcsyan\u0131n ilk g\u00fcnl\u0259rind\u0259 ona kifay\u0259t q\u0259d\u0259r bigan\u0259 v\u0259 h\u0259tta neqativ hissl\u0259r b\u0259sl\u0259y\u0259n m\u00fclki \u015f\u0259h\u0259r \u0259halisi, ba\u015f vermi\u015f i\u011fti\u015fa\u015flar, k\u00fc\u00e7\u0259 d\u00f6y\u00fc\u015fl\u0259rind\u0259n sonra m\u0259ntiqi olaraq \u00fcsyan\u00e7\u0131lara daha m\u0259nfi hissl\u0259r\u0259 y\u00fckl\u0259nm\u0259li idil\u0259r. Lakin tarixd\u0259 bir \u00e7ox zaman oldu\u011fu kimi, paradoksal t\u0259rzd\u0259 bunun \u0259ksi ba\u015f verdi &#8211; \u00f6z ideallar\u0131 u\u011frunda tam \u00fcmidsiz bir qiyama ba\u015flam\u0131\u015f \u00fcsyan\u00e7\u0131lar amans\u0131zl\u0131qla edam edil\u0259n kimi \u0259fsan\u0259y\u0259, onlar\u0131n i\u015fi is\u0259 h\u0259qiqi xalq h\u0259r\u0259kat\u0131na \u00e7evrildi. Az qala min il \u0259rzind\u0259 h\u0259r bir zaman m\u00fcmk\u00fcns\u00fcz g\u00f6r\u00fcn\u0259n bir i\u015f ba\u015f verdi. Geni\u015f xalq h\u0259r\u0259kat\u0131n\u0131n n\u0259tic\u0259sind\u0259, 1919-cu ild\u0259 \u0130rlandiya parlamenti m\u00fcst\u0259qillik haqda akt\u0131 q\u0259bul edir, bundan sonrak\u0131 2 il \u0259rzind\u0259 is\u0259, \u0130rlandiya iki yer\u0259 b\u00f6l\u00fcn\u00fcr v\u0259 adan\u0131n c\u0259nubunda D\u00fcnya M\u00fcharib\u0259si n\u0259tic\u0259sind\u0259 art\u0131q z\u0259ifl\u0259mi\u015f Britaniya \u0130mperiyas\u0131 il\u0259 m\u00fcst\u0259qillik u\u011frunda partizan m\u00fcharib\u0259si apar\u0131l\u0131r. N\u0259tic\u0259d\u0259 1921-ci ilin dekabr\u0131nda Britaniya \u0130rlandiyan\u0131n m\u00fcst\u0259qilliyini tan\u0131d\u0131 v\u0259 xalq x\u0259yallar\u0131nda arzulad\u0131\u011f\u0131 m\u00fcst\u0259qilliyin\u0259 qovu\u015fdu.\n<\/p>\n<p>\n  1916-c\u0131 il \u00fcsyan\u0131n\u0131n r\u0259hb\u0259rl\u0259ri is\u0259 h\u0259qiqi xalq q\u0259hr\u0259manlar\u0131 kimi \u0259fsan\u0259l\u0259\u015fdi, onlar haqda bir \u00e7ox roman yaz\u0131ld\u0131, \u0259n g\u00f6z\u0259l film \u2014 &#8220;Michael Collins&#8221; is\u0259 irlandiyal\u0131 rejissor Neil Jordan t\u0259r\u0259find\u0259n 1996-c\u0131 ild\u0259 lent\u0259 al\u0131nd\u0131. Onlar haqda h\u0259l\u0259 1919-ci ild\u0259 yaz\u0131lm\u0131\u015f ballada, Foggy Dew, irland m\u0259n\u015f\u0259li \u0259n m\u0259\u015fhur pop ulduzu Sin\u00e9ad O&#8217;Connor t\u0259r\u0259find\u0259n ifa edildi v\u0259 b\u00fct\u00fcn d\u00fcnyada m\u0259\u015fhurla\u015fd\u0131.\n<\/p>\n<figure class=\"wp-block-embed is-type-video is-provider-youtube wp-block-embed-youtube wp-embed-aspect-16-9 wp-has-aspect-ratio\">\n<div class=\"wp-block-embed__wrapper\">\n    <iframe\ttitle=\"\" width=\"1200\" height=\"675\" data-src=\"https:\/\/www.youtube.com\/embed\/watch?v=yaS3vaNUYgs\"\tframeborder=\"0\"\tallow=\"accelerometer; autoplay; clipboard-write; encrypted-media; gyroscope; picture-in-picture\" allowfullscreen src=\"data:image\/svg+xml;base64,PHN2ZyB3aWR0aD0iMSIgaGVpZ2h0PSIxIiB4bWxucz0iaHR0cDovL3d3dy53My5vcmcvMjAwMC9zdmciPjwvc3ZnPg==\" class=\"lazyload\" data-load-mode=\"1\"><\/iframe>\n  <\/div><figcaption><\/figcaption><\/figure>\n<p>\n  Az\u0259rbaycan\u0131n is\u0259 m\u00fcst\u0259qilliyin\u0259 qovu\u015fmas\u0131ndan \u0259srin d\u00f6rdd\u0259 biri q\u0259d\u0259r zaman ke\u00e7m\u0259sin\u0259 r\u0259\u011fm\u0259n, bu haqda n\u0259inki s\u0259viyy\u0259li, h\u0259tta ortabab bir film d\u0259 t\u0259\u0259ss\u00fcf ki, \u00e7\u0259kilm\u0259yib&#8230;\n<\/p>\n<p>\n  B\u0259lk\u0259 x\u0259yallar\u0131m\u0131zda ya\u015fatd\u0131\u011f\u0131m\u0131z arzular\u0131n ger\u00e7\u0259kl\u0259\u015fm\u0259si \u00fc\u00e7\u00fcn \u0259n \u00fcmidsiz anlarda \u0259n \u00fcmidsiz h\u0259r\u0259k\u0259t\u0259 ke\u00e7m\u0259k g\u0259r\u0259kdir? Tarix buna birm\u0259nal\u0131 cavab verm\u0259s\u0259 d\u0259, \u0259fasan\u0259l\u0259r biz\u0259 yaln\u0131z bunu deyir.\n<\/p><\/p>\n","protected":false},"excerpt":{"rendered":"<p>100 illik tarixi olan irland pasxa \u00fcsyan\u0131<\/p>\n","protected":false},"author":11,"featured_media":55614,"comment_status":"closed","ping_status":"open","sticky":false,"template":"","format":"standard","meta":{"_acf_changed":false,"_sitemap_exclude":false,"_sitemap_priority":"","_sitemap_frequency":"","footnotes":""},"categories":[51],"tags":[],"class_list":["post-175415","post","type-post","status-publish","format-standard","has-post-thumbnail","hentry","category-analitika","infinite-scroll-item","generate-columns","tablet-grid-50","mobile-grid-100","grid-parent","grid-33","no-featured-image-padding"],"acf":[],"yoast_head":"<!-- This site is optimized with the Yoast SEO plugin v27.5 - https:\/\/yoast.com\/product\/yoast-seo-wordpress\/ -->\n<title>\u018fn \u00fcmidsiz an\u0131n \u0259n \u00fcmidsiz qiyam\u0131 - MEYDAN.TV<\/title>\n<meta name=\"robots\" content=\"index, follow, max-snippet:-1, max-image-preview:large, max-video-preview:-1\" \/>\n<link rel=\"canonical\" href=\"https:\/\/www.meydan.tv\/az\/article\/en-umidsiz-anin-en-umidsiz-qiyami\/\" \/>\n<meta property=\"og:locale\" content=\"az_AZ\" \/>\n<meta property=\"og:type\" content=\"article\" \/>\n<meta property=\"og:title\" content=\"\u018fn \u00fcmidsiz an\u0131n \u0259n \u00fcmidsiz qiyam\u0131 - MEYDAN.TV\" \/>\n<meta property=\"og:description\" content=\"100 illik tarixi olan irland pasxa \u00fcsyan\u0131\" \/>\n<meta property=\"og:url\" content=\"https:\/\/www.meydan.tv\/az\/article\/en-umidsiz-anin-en-umidsiz-qiyami\/\" \/>\n<meta property=\"og:site_name\" content=\"MEYDAN.TV\" \/>\n<meta property=\"article:published_time\" content=\"2016-04-24T19:25:15+00:00\" \/>\n<meta property=\"og:image\" content=\"https:\/\/www.meydan.tv\/wp-content\/uploads\/20991.jpg\" \/>\n\t<meta property=\"og:image:width\" content=\"1700\" \/>\n\t<meta property=\"og:image:height\" content=\"1193\" \/>\n\t<meta property=\"og:image:type\" content=\"image\/jpeg\" \/>\n<meta name=\"author\" content=\"user-manager\" \/>\n<meta name=\"twitter:card\" content=\"summary_large_image\" \/>\n<script type=\"application\/ld+json\" class=\"yoast-schema-graph\">{\"@context\":\"https:\\\/\\\/schema.org\",\"@graph\":[{\"@type\":\"Article\",\"@id\":\"https:\\\/\\\/www.meydan.tv\\\/az\\\/article\\\/en-umidsiz-anin-en-umidsiz-qiyami\\\/#article\",\"isPartOf\":{\"@id\":\"https:\\\/\\\/www.meydan.tv\\\/az\\\/article\\\/en-umidsiz-anin-en-umidsiz-qiyami\\\/\"},\"author\":{\"name\":\"user-manager\",\"@id\":\"https:\\\/\\\/www.meydan.tv\\\/az\\\/#\\\/schema\\\/person\\\/10d11eccf6da3662cf5fdab9806ea91a\"},\"headline\":\"\u018fn \u00fcmidsiz an\u0131n \u0259n \u00fcmidsiz qiyam\u0131\",\"datePublished\":\"2016-04-24T19:25:15+00:00\",\"mainEntityOfPage\":{\"@id\":\"https:\\\/\\\/www.meydan.tv\\\/az\\\/article\\\/en-umidsiz-anin-en-umidsiz-qiyami\\\/\"},\"wordCount\":1602,\"publisher\":{\"@id\":\"https:\\\/\\\/www.meydan.tv\\\/az\\\/#organization\"},\"image\":{\"@id\":\"https:\\\/\\\/www.meydan.tv\\\/az\\\/article\\\/en-umidsiz-anin-en-umidsiz-qiyami\\\/#primaryimage\"},\"thumbnailUrl\":\"https:\\\/\\\/www.meydan.tv\\\/wp-content\\\/uploads\\\/20991.jpg\",\"articleSection\":[\"Analitika\"],\"inLanguage\":\"az\"},{\"@type\":\"WebPage\",\"@id\":\"https:\\\/\\\/www.meydan.tv\\\/az\\\/article\\\/en-umidsiz-anin-en-umidsiz-qiyami\\\/\",\"url\":\"https:\\\/\\\/www.meydan.tv\\\/az\\\/article\\\/en-umidsiz-anin-en-umidsiz-qiyami\\\/\",\"name\":\"\u018fn \u00fcmidsiz an\u0131n \u0259n \u00fcmidsiz qiyam\u0131 - MEYDAN.TV\",\"isPartOf\":{\"@id\":\"https:\\\/\\\/www.meydan.tv\\\/az\\\/#website\"},\"primaryImageOfPage\":{\"@id\":\"https:\\\/\\\/www.meydan.tv\\\/az\\\/article\\\/en-umidsiz-anin-en-umidsiz-qiyami\\\/#primaryimage\"},\"image\":{\"@id\":\"https:\\\/\\\/www.meydan.tv\\\/az\\\/article\\\/en-umidsiz-anin-en-umidsiz-qiyami\\\/#primaryimage\"},\"thumbnailUrl\":\"https:\\\/\\\/www.meydan.tv\\\/wp-content\\\/uploads\\\/20991.jpg\",\"datePublished\":\"2016-04-24T19:25:15+00:00\",\"breadcrumb\":{\"@id\":\"https:\\\/\\\/www.meydan.tv\\\/az\\\/article\\\/en-umidsiz-anin-en-umidsiz-qiyami\\\/#breadcrumb\"},\"inLanguage\":\"az\",\"potentialAction\":[{\"@type\":\"ReadAction\",\"target\":[\"https:\\\/\\\/www.meydan.tv\\\/az\\\/article\\\/en-umidsiz-anin-en-umidsiz-qiyami\\\/\"]}]},{\"@type\":\"ImageObject\",\"inLanguage\":\"az\",\"@id\":\"https:\\\/\\\/www.meydan.tv\\\/az\\\/article\\\/en-umidsiz-anin-en-umidsiz-qiyami\\\/#primaryimage\",\"url\":\"https:\\\/\\\/www.meydan.tv\\\/wp-content\\\/uploads\\\/20991.jpg\",\"contentUrl\":\"https:\\\/\\\/www.meydan.tv\\\/wp-content\\\/uploads\\\/20991.jpg\",\"width\":1700,\"height\":1193,\"caption\":\"Source:\"},{\"@type\":\"BreadcrumbList\",\"@id\":\"https:\\\/\\\/www.meydan.tv\\\/az\\\/article\\\/en-umidsiz-anin-en-umidsiz-qiyami\\\/#breadcrumb\",\"itemListElement\":[{\"@type\":\"ListItem\",\"position\":1,\"name\":\"Ana s\u0259hif\u0259\",\"item\":\"https:\\\/\\\/www.meydan.tv\\\/az\\\/\"},{\"@type\":\"ListItem\",\"position\":2,\"name\":\"Analitika\",\"item\":\"https:\\\/\\\/www.meydan.tv\\\/az\\\/section\\\/analitika\\\/\"},{\"@type\":\"ListItem\",\"position\":3,\"name\":\"\u018fn \u00fcmidsiz an\u0131n \u0259n \u00fcmidsiz qiyam\u0131\"}]},{\"@type\":\"WebSite\",\"@id\":\"https:\\\/\\\/www.meydan.tv\\\/az\\\/#website\",\"url\":\"https:\\\/\\\/www.meydan.tv\\\/az\\\/\",\"name\":\"MEYDAN.TV\",\"description\":\"Meydan TV Az\u0259rbaycan\u0131n media m\u0259kan\u0131ndak\u0131 alternativ s\u0259sidir\",\"publisher\":{\"@id\":\"https:\\\/\\\/www.meydan.tv\\\/az\\\/#organization\"},\"potentialAction\":[{\"@type\":\"SearchAction\",\"target\":{\"@type\":\"EntryPoint\",\"urlTemplate\":\"https:\\\/\\\/www.meydan.tv\\\/az\\\/?s={search_term_string}\"},\"query-input\":{\"@type\":\"PropertyValueSpecification\",\"valueRequired\":true,\"valueName\":\"search_term_string\"}}],\"inLanguage\":\"az\"},{\"@type\":\"Organization\",\"@id\":\"https:\\\/\\\/www.meydan.tv\\\/az\\\/#organization\",\"name\":\"Meydan TV\",\"url\":\"https:\\\/\\\/www.meydan.tv\\\/az\\\/\",\"logo\":{\"@type\":\"ImageObject\",\"inLanguage\":\"az\",\"@id\":\"https:\\\/\\\/www.meydan.tv\\\/az\\\/#\\\/schema\\\/logo\\\/image\\\/\",\"url\":\"https:\\\/\\\/www.meydan.tv\\\/wp-content\\\/uploads\\\/2021\\\/07\\\/meydan-logo.svg\",\"contentUrl\":\"https:\\\/\\\/www.meydan.tv\\\/wp-content\\\/uploads\\\/2021\\\/07\\\/meydan-logo.svg\",\"width\":195,\"height\":46,\"caption\":\"Meydan TV\"},\"image\":{\"@id\":\"https:\\\/\\\/www.meydan.tv\\\/az\\\/#\\\/schema\\\/logo\\\/image\\\/\"}},{\"@type\":\"Person\",\"@id\":\"https:\\\/\\\/www.meydan.tv\\\/az\\\/#\\\/schema\\\/person\\\/10d11eccf6da3662cf5fdab9806ea91a\",\"name\":\"user-manager\"}]}<\/script>\n<!-- \/ Yoast SEO plugin. -->","yoast_head_json":{"title":"\u018fn \u00fcmidsiz an\u0131n \u0259n \u00fcmidsiz qiyam\u0131 - MEYDAN.TV","robots":{"index":"index","follow":"follow","max-snippet":"max-snippet:-1","max-image-preview":"max-image-preview:large","max-video-preview":"max-video-preview:-1"},"canonical":"https:\/\/www.meydan.tv\/az\/article\/en-umidsiz-anin-en-umidsiz-qiyami\/","og_locale":"az_AZ","og_type":"article","og_title":"\u018fn \u00fcmidsiz an\u0131n \u0259n \u00fcmidsiz qiyam\u0131 - MEYDAN.TV","og_description":"100 illik tarixi olan irland pasxa \u00fcsyan\u0131","og_url":"https:\/\/www.meydan.tv\/az\/article\/en-umidsiz-anin-en-umidsiz-qiyami\/","og_site_name":"MEYDAN.TV","article_published_time":"2016-04-24T19:25:15+00:00","og_image":[{"width":1700,"height":1193,"url":"https:\/\/www.meydan.tv\/wp-content\/uploads\/20991.jpg","type":"image\/jpeg"}],"author":"user-manager","twitter_card":"summary_large_image","schema":{"@context":"https:\/\/schema.org","@graph":[{"@type":"Article","@id":"https:\/\/www.meydan.tv\/az\/article\/en-umidsiz-anin-en-umidsiz-qiyami\/#article","isPartOf":{"@id":"https:\/\/www.meydan.tv\/az\/article\/en-umidsiz-anin-en-umidsiz-qiyami\/"},"author":{"name":"user-manager","@id":"https:\/\/www.meydan.tv\/az\/#\/schema\/person\/10d11eccf6da3662cf5fdab9806ea91a"},"headline":"\u018fn \u00fcmidsiz an\u0131n \u0259n \u00fcmidsiz qiyam\u0131","datePublished":"2016-04-24T19:25:15+00:00","mainEntityOfPage":{"@id":"https:\/\/www.meydan.tv\/az\/article\/en-umidsiz-anin-en-umidsiz-qiyami\/"},"wordCount":1602,"publisher":{"@id":"https:\/\/www.meydan.tv\/az\/#organization"},"image":{"@id":"https:\/\/www.meydan.tv\/az\/article\/en-umidsiz-anin-en-umidsiz-qiyami\/#primaryimage"},"thumbnailUrl":"https:\/\/www.meydan.tv\/wp-content\/uploads\/20991.jpg","articleSection":["Analitika"],"inLanguage":"az"},{"@type":"WebPage","@id":"https:\/\/www.meydan.tv\/az\/article\/en-umidsiz-anin-en-umidsiz-qiyami\/","url":"https:\/\/www.meydan.tv\/az\/article\/en-umidsiz-anin-en-umidsiz-qiyami\/","name":"\u018fn \u00fcmidsiz an\u0131n \u0259n \u00fcmidsiz qiyam\u0131 - MEYDAN.TV","isPartOf":{"@id":"https:\/\/www.meydan.tv\/az\/#website"},"primaryImageOfPage":{"@id":"https:\/\/www.meydan.tv\/az\/article\/en-umidsiz-anin-en-umidsiz-qiyami\/#primaryimage"},"image":{"@id":"https:\/\/www.meydan.tv\/az\/article\/en-umidsiz-anin-en-umidsiz-qiyami\/#primaryimage"},"thumbnailUrl":"https:\/\/www.meydan.tv\/wp-content\/uploads\/20991.jpg","datePublished":"2016-04-24T19:25:15+00:00","breadcrumb":{"@id":"https:\/\/www.meydan.tv\/az\/article\/en-umidsiz-anin-en-umidsiz-qiyami\/#breadcrumb"},"inLanguage":"az","potentialAction":[{"@type":"ReadAction","target":["https:\/\/www.meydan.tv\/az\/article\/en-umidsiz-anin-en-umidsiz-qiyami\/"]}]},{"@type":"ImageObject","inLanguage":"az","@id":"https:\/\/www.meydan.tv\/az\/article\/en-umidsiz-anin-en-umidsiz-qiyami\/#primaryimage","url":"https:\/\/www.meydan.tv\/wp-content\/uploads\/20991.jpg","contentUrl":"https:\/\/www.meydan.tv\/wp-content\/uploads\/20991.jpg","width":1700,"height":1193,"caption":"Source:"},{"@type":"BreadcrumbList","@id":"https:\/\/www.meydan.tv\/az\/article\/en-umidsiz-anin-en-umidsiz-qiyami\/#breadcrumb","itemListElement":[{"@type":"ListItem","position":1,"name":"Ana s\u0259hif\u0259","item":"https:\/\/www.meydan.tv\/az\/"},{"@type":"ListItem","position":2,"name":"Analitika","item":"https:\/\/www.meydan.tv\/az\/section\/analitika\/"},{"@type":"ListItem","position":3,"name":"\u018fn \u00fcmidsiz an\u0131n \u0259n \u00fcmidsiz qiyam\u0131"}]},{"@type":"WebSite","@id":"https:\/\/www.meydan.tv\/az\/#website","url":"https:\/\/www.meydan.tv\/az\/","name":"MEYDAN.TV","description":"Meydan TV Az\u0259rbaycan\u0131n media m\u0259kan\u0131ndak\u0131 alternativ s\u0259sidir","publisher":{"@id":"https:\/\/www.meydan.tv\/az\/#organization"},"potentialAction":[{"@type":"SearchAction","target":{"@type":"EntryPoint","urlTemplate":"https:\/\/www.meydan.tv\/az\/?s={search_term_string}"},"query-input":{"@type":"PropertyValueSpecification","valueRequired":true,"valueName":"search_term_string"}}],"inLanguage":"az"},{"@type":"Organization","@id":"https:\/\/www.meydan.tv\/az\/#organization","name":"Meydan TV","url":"https:\/\/www.meydan.tv\/az\/","logo":{"@type":"ImageObject","inLanguage":"az","@id":"https:\/\/www.meydan.tv\/az\/#\/schema\/logo\/image\/","url":"https:\/\/www.meydan.tv\/wp-content\/uploads\/2021\/07\/meydan-logo.svg","contentUrl":"https:\/\/www.meydan.tv\/wp-content\/uploads\/2021\/07\/meydan-logo.svg","width":195,"height":46,"caption":"Meydan TV"},"image":{"@id":"https:\/\/www.meydan.tv\/az\/#\/schema\/logo\/image\/"}},{"@type":"Person","@id":"https:\/\/www.meydan.tv\/az\/#\/schema\/person\/10d11eccf6da3662cf5fdab9806ea91a","name":"user-manager"}]}},"_links":{"self":[{"href":"https:\/\/www.meydan.tv\/az\/wp-json\/wp\/v2\/posts\/175415","targetHints":{"allow":["GET"]}}],"collection":[{"href":"https:\/\/www.meydan.tv\/az\/wp-json\/wp\/v2\/posts"}],"about":[{"href":"https:\/\/www.meydan.tv\/az\/wp-json\/wp\/v2\/types\/post"}],"author":[{"embeddable":true,"href":"https:\/\/www.meydan.tv\/az\/wp-json\/wp\/v2\/users\/11"}],"replies":[{"embeddable":true,"href":"https:\/\/www.meydan.tv\/az\/wp-json\/wp\/v2\/comments?post=175415"}],"version-history":[{"count":0,"href":"https:\/\/www.meydan.tv\/az\/wp-json\/wp\/v2\/posts\/175415\/revisions"}],"wp:featuredmedia":[{"embeddable":true,"href":"https:\/\/www.meydan.tv\/az\/wp-json\/wp\/v2\/media\/55614"}],"wp:attachment":[{"href":"https:\/\/www.meydan.tv\/az\/wp-json\/wp\/v2\/media?parent=175415"}],"wp:term":[{"taxonomy":"category","embeddable":true,"href":"https:\/\/www.meydan.tv\/az\/wp-json\/wp\/v2\/categories?post=175415"},{"taxonomy":"post_tag","embeddable":true,"href":"https:\/\/www.meydan.tv\/az\/wp-json\/wp\/v2\/tags?post=175415"}],"curies":[{"name":"wp","href":"https:\/\/api.w.org\/{rel}","templated":true}]}}